{"id":9936,"date":"2019-07-10T07:36:02","date_gmt":"2019-07-10T03:36:02","guid":{"rendered":"https:\/\/www.cidademarketing.com.br\/marketing\/?p=9936"},"modified":"2019-07-10T07:36:04","modified_gmt":"2019-07-10T03:36:04","slug":"canon-e-digipix-trazem-fotografos-renomados-para-palestras-treinamentos-e-consultoria-em-sao-paulo","status":"publish","type":"post","link":"https:\/\/www.cidademarketing.com.br\/marketing\/2019\/07\/10\/canon-e-digipix-trazem-fotografos-renomados-para-palestras-treinamentos-e-consultoria-em-sao-paulo\/","title":{"rendered":"Canon e Digipix trazem fot\u00f3grafos renomados para palestras, treinamentos e consultoria em S\u00e3o Paulo"},"content":{"rendered":"\n<p>Grandes nomes da fotografia nacional \u00e0 disposi\u00e7\u00e3o para treinar, ministrar palestras e oferecer consultoria sobre o mundo da imagem. Esse \u00e9 o principal objetivo do Digipix Canon Photo Experience, evento promovido pela Canon, l\u00edder em imagem digital, e a Digipix, moderno laborat\u00f3rio de impress\u00e3o fotogr\u00e1fica, que acontece dias 10 e 11 de agosto, no Hotel Tivoli Mofarrej, em S\u00e3o Paulo, das 9h \u00e0s 18h. O evento ter\u00e1 programa\u00e7\u00e3o e aberta e um congresso.<\/p>\n\n\n\n<p> Na programa\u00e7\u00e3o aberta, gratuita mediante pr\u00e9-credenciamento, o foco ser\u00e1 o aprimoramento em t\u00e9cnicas diversas. Treinamentos em diagrama\u00e7\u00e3o, softwares, aulas na pr\u00e1tica de fotografia, palestras e muito mais. Entre os palestrantes, est\u00e3o Luciano Finotti, que falar\u00e1 sobre fotos infantis, Carla Durante, Silvia Martins, Ana Laura Gomes, Daniela Moraes e muitos outros. A entrada ser\u00e1 realizada por ordem de chegada em cada apresenta\u00e7\u00e3o. A inscri\u00e7\u00e3o garante o acesso ao evento, mas n\u00e3o reserva o lugar na sala, que est\u00e1 sujeita a lota\u00e7\u00e3o m\u00e1xima do local.<\/p>\n\n\n\n<p> J\u00e1 o congresso, cujo investimento ser\u00e1 revertido em compras no site da Digipix (www.digipixpro.com.br), abordar\u00e1 temos como gest\u00e3o e empreendedorismo, al\u00e9m de t\u00e9cnicas como newsborn e impress\u00e3o de fotolivros. Ministrar\u00e3o palestras Araqu\u00e9m Alc\u00e2ntara, Daniela Picoral, Tyto Neves, Cl\u00edcio Barroso, entre outros.Todos dar\u00e3o dicas preciosas aos participantes sobre inova\u00e7\u00e3o na fotografia, t\u00e9cnicas, m\u00eddias digitais, inspira\u00e7\u00e3o e outros assuntos que v\u00e3o transformar o trabalho do profissional. <\/p>\n\n\n\n<p>A equipe do CPS (Canon Professional Services) tamb\u00e9m estar\u00e1 presente oferecendo o servi\u00e7o de verifica\u00e7\u00e3o e limpeza de uma c\u00e2mera e uma lente pelo pre\u00e7o promocional de R$ 100. Os equipamentos da empresa ser\u00e3o expostos para o p\u00fablico, com destaque para as novas c\u00e2meras EOS 5DS, EOS 5DSR, EOS 7D Mark II e lentes rec\u00e9m-lan\u00e7adas. <\/p>\n\n\n\n<p>Outra iniciativa inovadora ser\u00e1 a Leitura de Portf\u00f3lio &#8211; Bouquet de Fotos, onde o participante que se inscrever na a\u00e7\u00e3o, poder\u00e1 apresentar seus trabalhos para uma das fot\u00f3grafas do grupo Bouquet de Fotos: C\u00e9lia Thom\u00e9, Fernanda Scott, Irit Tommasini, Lan Rodrigues e Luciana Cattani. Cada participante inscrito ter\u00e1 25 minutos de bate-papo individual com uma das profissionais para troca de experi\u00eancias, dicas e sugest\u00f5es. A inscri\u00e7\u00e3o custa R$ 50, revertido em cupom para uso no site amostra.digipix.com.br. A Digipix tamb\u00e9m exibir\u00e1 seus produtos, especialmente os lan\u00e7amentos.<\/p>\n\n\n\n<p>A inscri\u00e7\u00e3o para o congresso pode ser feita pelo site direto.digipix.com.br\/photoexperience. As vagas s\u00e3o limitadas e poder\u00e3o ser feitas at\u00e9 05 de agosto ou at\u00e9 se encerrarem as vagas. A inscri\u00e7\u00e3o para os dois dias do congresso custa R$ 100. Tamb\u00e9m existe a possibilidade de se inscrever em apenas um dos dias do congresso, por R$ 60. <\/p>\n\n\n\n<p>A a\u00e7\u00e3o faz parte dos Encontros Canon Digipix, que passar\u00e1 ainda por Curitiba, S\u00e3o Jos\u00e9 do Rio Preto, Bras\u00edlia, Belo Horizonte, Fortaleza e Rio de Janeiro.<\/p>\n\n\n\n<p><strong>Encontro Digipix Canon Photo Experience: <\/strong><\/p>\n\n\n\n<p>Dias 10 e 11 de agosto <\/p>\n\n\n\n<p>Hotel Tivoli Mofarrej <\/p>\n\n\n\n<p>Endere\u00e7o: Alameda Santos, 1437 &#8211; Cerqueira C\u00e9sar &#8211; S\u00e3o Paulo <\/p>\n\n\n\n<p>Inscri\u00e7\u00f5es: http:\/\/direto.digipix.com.br\/photoexperience<\/p>\n","protected":false},"excerpt":{"rendered":"<p>Grandes nomes da fotografia nacional \u00e0 disposi\u00e7\u00e3o para treinar, ministrar palestras e oferecer consultoria sobre o mundo da imagem. Esse \u00e9 o principal objetivo do Digipix Canon Photo Experience, evento promovido pela Canon, l\u00edder em imagem digital, e a Digipix, moderno laborat\u00f3rio de impress\u00e3o fotogr\u00e1fica, que acontece dias 10 e 11 de agosto, no Hotel [&hellip;]<\/p>\n","protected":false},"author":1,"featured_media":9937,"comment_status":"open","ping_status":"open","sticky":false,"template":"","format":"standard","meta":{"tdm_status":"","tdm_grid_status":"","footnotes":""},"categories":[13],"tags":[790,1962,33,179],"class_list":["post-9936","post","type-post","status-publish","format-standard","has-post-thumbnail","hentry","category-eventos","tag-canon","tag-digipix","tag-estrategia","tag-evento"],"yoast_head":"<!-- This site is optimized with the Yoast SEO plugin v27.5 - https:\/\/yoast.com\/product\/yoast-seo-wordpress\/ -->\n<title>Canon e Digipix trazem fot\u00f3grafos renomados para palestras, treinamentos e consultoria em S\u00e3o Paulo - CidadeMarketing<\/title>\n<meta name=\"robots\" content=\"index, follow, max-snippet:-1, max-image-preview:large, max-video-preview:-1\" \/>\n<link rel=\"canonical\" href=\"https:\/\/www.cidademarketing.com.br\/marketing\/2019\/07\/10\/canon-e-digipix-trazem-fotografos-renomados-para-palestras-treinamentos-e-consultoria-em-sao-paulo\/\" \/>\n<meta property=\"og:locale\" content=\"pt_BR\" \/>\n<meta property=\"og:type\" content=\"article\" \/>\n<meta property=\"og:title\" content=\"Canon e Digipix trazem fot\u00f3grafos renomados para palestras, treinamentos e consultoria em S\u00e3o Paulo - CidadeMarketing\" \/>\n<meta property=\"og:description\" content=\"Grandes nomes da fotografia nacional \u00e0 disposi\u00e7\u00e3o para treinar, ministrar palestras e oferecer consultoria sobre o mundo da imagem. Esse \u00e9 o principal objetivo do Digipix Canon Photo Experience, evento promovido pela Canon, l\u00edder em imagem digital, e a Digipix, moderno laborat\u00f3rio de impress\u00e3o fotogr\u00e1fica, que acontece dias 10 e 11 de agosto, no Hotel [&hellip;]\" \/>\n<meta property=\"og:url\" content=\"https:\/\/www.cidademarketing.com.br\/marketing\/2019\/07\/10\/canon-e-digipix-trazem-fotografos-renomados-para-palestras-treinamentos-e-consultoria-em-sao-paulo\/\" \/>\n<meta property=\"og:site_name\" content=\"CidadeMarketing\" \/>\n<meta property=\"article:publisher\" content=\"https:\/\/www.facebook.com\/portalcidademarketing\" \/>\n<meta property=\"article:author\" content=\"https:\/\/www.facebook.com\/thalesbrandao\" \/>\n<meta property=\"article:published_time\" content=\"2019-07-10T03:36:02+00:00\" \/>\n<meta property=\"article:modified_time\" content=\"2019-07-10T03:36:04+00:00\" \/>\n<meta property=\"og:image\" content=\"https:\/\/www.cidademarketing.com.br\/marketing\/wp-content\/uploads\/2019\/07\/canon_evento.jpg\" \/>\n\t<meta property=\"og:image:width\" content=\"1478\" \/>\n\t<meta property=\"og:image:height\" content=\"533\" \/>\n\t<meta property=\"og:image:type\" content=\"image\/jpeg\" \/>\n<meta name=\"author\" content=\"Thales Brand\u00e3o\" \/>\n<meta name=\"twitter:card\" content=\"summary_large_image\" \/>\n<meta name=\"twitter:creator\" content=\"@http:\/\/www.twitter.com\/thalesbrandao\" \/>\n<meta name=\"twitter:site\" content=\"@CidadeMarketing\" \/>\n<meta name=\"twitter:label1\" content=\"Escrito por\" \/>\n\t<meta name=\"twitter:data1\" content=\"Thales Brand\u00e3o\" \/>\n\t<meta name=\"twitter:label2\" content=\"Est. tempo de leitura\" \/>\n\t<meta name=\"twitter:data2\" content=\"3 minutos\" \/>\n<script type=\"application\/ld+json\" class=\"yoast-schema-graph\">{\"@context\":\"https:\\\/\\\/schema.org\",\"@graph\":[{\"@type\":\"Article\",\"@id\":\"https:\\\/\\\/www.cidademarketing.com.br\\\/marketing\\\/2019\\\/07\\\/10\\\/canon-e-digipix-trazem-fotografos-renomados-para-palestras-treinamentos-e-consultoria-em-sao-paulo\\\/#article\",\"isPartOf\":{\"@id\":\"https:\\\/\\\/www.cidademarketing.com.br\\\/marketing\\\/2019\\\/07\\\/10\\\/canon-e-digipix-trazem-fotografos-renomados-para-palestras-treinamentos-e-consultoria-em-sao-paulo\\\/\"},\"author\":{\"name\":\"Thales Brand\u00e3o\",\"@id\":\"https:\\\/\\\/www.cidademarketing.com.br\\\/marketing\\\/#\\\/schema\\\/person\\\/02daff9f18bd9378c9e01eb6b2db155f\"},\"headline\":\"Canon e Digipix trazem fot\u00f3grafos renomados para palestras, treinamentos e consultoria em S\u00e3o Paulo\",\"datePublished\":\"2019-07-10T03:36:02+00:00\",\"dateModified\":\"2019-07-10T03:36:04+00:00\",\"mainEntityOfPage\":{\"@id\":\"https:\\\/\\\/www.cidademarketing.com.br\\\/marketing\\\/2019\\\/07\\\/10\\\/canon-e-digipix-trazem-fotografos-renomados-para-palestras-treinamentos-e-consultoria-em-sao-paulo\\\/\"},\"wordCount\":552,\"commentCount\":0,\"publisher\":{\"@id\":\"https:\\\/\\\/www.cidademarketing.com.br\\\/marketing\\\/#organization\"},\"image\":{\"@id\":\"https:\\\/\\\/www.cidademarketing.com.br\\\/marketing\\\/2019\\\/07\\\/10\\\/canon-e-digipix-trazem-fotografos-renomados-para-palestras-treinamentos-e-consultoria-em-sao-paulo\\\/#primaryimage\"},\"thumbnailUrl\":\"https:\\\/\\\/www.cidademarketing.com.br\\\/marketing\\\/wp-content\\\/uploads\\\/2019\\\/07\\\/canon_evento.jpg\",\"keywords\":[\"Canon\",\"Digipix\",\"estrat\u00e9gia\",\"evento\"],\"articleSection\":[\"Eventos\"],\"inLanguage\":\"pt-BR\",\"potentialAction\":[{\"@type\":\"CommentAction\",\"name\":\"Comment\",\"target\":[\"https:\\\/\\\/www.cidademarketing.com.br\\\/marketing\\\/2019\\\/07\\\/10\\\/canon-e-digipix-trazem-fotografos-renomados-para-palestras-treinamentos-e-consultoria-em-sao-paulo\\\/#respond\"]}]},{\"@type\":\"WebPage\",\"@id\":\"https:\\\/\\\/www.cidademarketing.com.br\\\/marketing\\\/2019\\\/07\\\/10\\\/canon-e-digipix-trazem-fotografos-renomados-para-palestras-treinamentos-e-consultoria-em-sao-paulo\\\/\",\"url\":\"https:\\\/\\\/www.cidademarketing.com.br\\\/marketing\\\/2019\\\/07\\\/10\\\/canon-e-digipix-trazem-fotografos-renomados-para-palestras-treinamentos-e-consultoria-em-sao-paulo\\\/\",\"name\":\"Canon e Digipix trazem fot\u00f3grafos renomados para palestras, treinamentos e consultoria em S\u00e3o Paulo - CidadeMarketing\",\"isPartOf\":{\"@id\":\"https:\\\/\\\/www.cidademarketing.com.br\\\/marketing\\\/#website\"},\"primaryImageOfPage\":{\"@id\":\"https:\\\/\\\/www.cidademarketing.com.br\\\/marketing\\\/2019\\\/07\\\/10\\\/canon-e-digipix-trazem-fotografos-renomados-para-palestras-treinamentos-e-consultoria-em-sao-paulo\\\/#primaryimage\"},\"image\":{\"@id\":\"https:\\\/\\\/www.cidademarketing.com.br\\\/marketing\\\/2019\\\/07\\\/10\\\/canon-e-digipix-trazem-fotografos-renomados-para-palestras-treinamentos-e-consultoria-em-sao-paulo\\\/#primaryimage\"},\"thumbnailUrl\":\"https:\\\/\\\/www.cidademarketing.com.br\\\/marketing\\\/wp-content\\\/uploads\\\/2019\\\/07\\\/canon_evento.jpg\",\"datePublished\":\"2019-07-10T03:36:02+00:00\",\"dateModified\":\"2019-07-10T03:36:04+00:00\",\"breadcrumb\":{\"@id\":\"https:\\\/\\\/www.cidademarketing.com.br\\\/marketing\\\/2019\\\/07\\\/10\\\/canon-e-digipix-trazem-fotografos-renomados-para-palestras-treinamentos-e-consultoria-em-sao-paulo\\\/#breadcrumb\"},\"inLanguage\":\"pt-BR\",\"potentialAction\":[{\"@type\":\"ReadAction\",\"target\":[\"https:\\\/\\\/www.cidademarketing.com.br\\\/marketing\\\/2019\\\/07\\\/10\\\/canon-e-digipix-trazem-fotografos-renomados-para-palestras-treinamentos-e-consultoria-em-sao-paulo\\\/\"]}]},{\"@type\":\"ImageObject\",\"inLanguage\":\"pt-BR\",\"@id\":\"https:\\\/\\\/www.cidademarketing.com.br\\\/marketing\\\/2019\\\/07\\\/10\\\/canon-e-digipix-trazem-fotografos-renomados-para-palestras-treinamentos-e-consultoria-em-sao-paulo\\\/#primaryimage\",\"url\":\"https:\\\/\\\/www.cidademarketing.com.br\\\/marketing\\\/wp-content\\\/uploads\\\/2019\\\/07\\\/canon_evento.jpg\",\"contentUrl\":\"https:\\\/\\\/www.cidademarketing.com.br\\\/marketing\\\/wp-content\\\/uploads\\\/2019\\\/07\\\/canon_evento.jpg\",\"width\":1478,\"height\":533},{\"@type\":\"BreadcrumbList\",\"@id\":\"https:\\\/\\\/www.cidademarketing.com.br\\\/marketing\\\/2019\\\/07\\\/10\\\/canon-e-digipix-trazem-fotografos-renomados-para-palestras-treinamentos-e-consultoria-em-sao-paulo\\\/#breadcrumb\",\"itemListElement\":[{\"@type\":\"ListItem\",\"position\":1,\"name\":\"In\u00edcio\",\"item\":\"https:\\\/\\\/www.cidademarketing.com.br\\\/marketing\\\/\"},{\"@type\":\"ListItem\",\"position\":2,\"name\":\"Canon e Digipix trazem fot\u00f3grafos renomados para palestras, treinamentos e consultoria em S\u00e3o Paulo\"}]},{\"@type\":\"WebSite\",\"@id\":\"https:\\\/\\\/www.cidademarketing.com.br\\\/marketing\\\/#website\",\"url\":\"https:\\\/\\\/www.cidademarketing.com.br\\\/marketing\\\/\",\"name\":\"CidadeMarketing\",\"description\":\"Somos um ve\u00edculo de comunica\u00e7\u00e3o de destaque no Brasil, reconhecido por conte\u00fados nos segmentos de marketing, empreendedorismo e inova\u00e7\u00e3o.\",\"publisher\":{\"@id\":\"https:\\\/\\\/www.cidademarketing.com.br\\\/marketing\\\/#organization\"},\"alternateName\":\"CidadeMarketing\",\"potentialAction\":[{\"@type\":\"SearchAction\",\"target\":{\"@type\":\"EntryPoint\",\"urlTemplate\":\"https:\\\/\\\/www.cidademarketing.com.br\\\/marketing\\\/?s={search_term_string}\"},\"query-input\":{\"@type\":\"PropertyValueSpecification\",\"valueRequired\":true,\"valueName\":\"search_term_string\"}}],\"inLanguage\":\"pt-BR\"},{\"@type\":\"Organization\",\"@id\":\"https:\\\/\\\/www.cidademarketing.com.br\\\/marketing\\\/#organization\",\"name\":\"CidadeMarketing\",\"alternateName\":\"CidadeMarketing\",\"url\":\"https:\\\/\\\/www.cidademarketing.com.br\\\/marketing\\\/\",\"logo\":{\"@type\":\"ImageObject\",\"inLanguage\":\"pt-BR\",\"@id\":\"https:\\\/\\\/www.cidademarketing.com.br\\\/marketing\\\/#\\\/schema\\\/logo\\\/image\\\/\",\"url\":\"https:\\\/\\\/www.cidademarketing.com.br\\\/marketing\\\/wp-content\\\/uploads\\\/2020\\\/01\\\/cidademarketing_marca_mobile.png\",\"contentUrl\":\"https:\\\/\\\/www.cidademarketing.com.br\\\/marketing\\\/wp-content\\\/uploads\\\/2020\\\/01\\\/cidademarketing_marca_mobile.png\",\"width\":230,\"height\":92,\"caption\":\"CidadeMarketing\"},\"image\":{\"@id\":\"https:\\\/\\\/www.cidademarketing.com.br\\\/marketing\\\/#\\\/schema\\\/logo\\\/image\\\/\"},\"sameAs\":[\"https:\\\/\\\/www.facebook.com\\\/portalcidademarketing\",\"https:\\\/\\\/x.com\\\/CidadeMarketing\",\"https:\\\/\\\/www.instagram.com\\\/cidademarketing\\\/\"]},{\"@type\":\"Person\",\"@id\":\"https:\\\/\\\/www.cidademarketing.com.br\\\/marketing\\\/#\\\/schema\\\/person\\\/02daff9f18bd9378c9e01eb6b2db155f\",\"name\":\"Thales Brand\u00e3o\",\"image\":{\"@type\":\"ImageObject\",\"inLanguage\":\"pt-BR\",\"@id\":\"https:\\\/\\\/secure.gravatar.com\\\/avatar\\\/7ca3206950207cc3cb48feec56a8a7898741ab725c368d99d5d7a5a50aab80c6?s=96&d=mm&r=g\",\"url\":\"https:\\\/\\\/secure.gravatar.com\\\/avatar\\\/7ca3206950207cc3cb48feec56a8a7898741ab725c368d99d5d7a5a50aab80c6?s=96&d=mm&r=g\",\"contentUrl\":\"https:\\\/\\\/secure.gravatar.com\\\/avatar\\\/7ca3206950207cc3cb48feec56a8a7898741ab725c368d99d5d7a5a50aab80c6?s=96&d=mm&r=g\",\"caption\":\"Thales Brand\u00e3o\"},\"description\":\"Editor Executivo do Portal CidadeMarketing.com.br &gt; Mestre em Comunica\u00e7\u00e3o e Sociedade pela Universidade Federal de Sergipe. Possui MBA Executivo em Administra\u00e7\u00e3o com \u00eanfase em Marketing pela Funda\u00e7\u00e3o Get\u00falio Vargas - Rio de Janeiro. Consultor, Palestrante e Pesquisador sobre Empreendedorismo, Marketing, Redes Sociais e Neg\u00f3cios Digitais. Professor, Palestrante TedxTalks e Campus Party. Twitter: @ThalesBrandao\",\"sameAs\":[\"http:\\\/\\\/www.mandacaru.com.br\",\"https:\\\/\\\/www.facebook.com\\\/thalesbrandao\",\"http:\\\/\\\/www.instagram.com.br\\\/thalesbrandaoferreira\",\"https:\\\/\\\/www.linkedin.com\\\/in\\\/thales-brand\u00e3o-3948609\\\/\",\"https:\\\/\\\/x.com\\\/http:\\\/\\\/www.twitter.com\\\/thalesbrandao\"],\"url\":\"https:\\\/\\\/www.cidademarketing.com.br\\\/marketing\\\/author\\\/thalesbrandao\\\/\"}]}<\/script>\n<!-- \/ Yoast SEO plugin. -->","yoast_head_json":{"title":"Canon e Digipix trazem fot\u00f3grafos renomados para palestras, treinamentos e consultoria em S\u00e3o Paulo - CidadeMarketing","robots":{"index":"index","follow":"follow","max-snippet":"max-snippet:-1","max-image-preview":"max-image-preview:large","max-video-preview":"max-video-preview:-1"},"canonical":"https:\/\/www.cidademarketing.com.br\/marketing\/2019\/07\/10\/canon-e-digipix-trazem-fotografos-renomados-para-palestras-treinamentos-e-consultoria-em-sao-paulo\/","og_locale":"pt_BR","og_type":"article","og_title":"Canon e Digipix trazem fot\u00f3grafos renomados para palestras, treinamentos e consultoria em S\u00e3o Paulo - CidadeMarketing","og_description":"Grandes nomes da fotografia nacional \u00e0 disposi\u00e7\u00e3o para treinar, ministrar palestras e oferecer consultoria sobre o mundo da imagem. Esse \u00e9 o principal objetivo do Digipix Canon Photo Experience, evento promovido pela Canon, l\u00edder em imagem digital, e a Digipix, moderno laborat\u00f3rio de impress\u00e3o fotogr\u00e1fica, que acontece dias 10 e 11 de agosto, no Hotel [&hellip;]","og_url":"https:\/\/www.cidademarketing.com.br\/marketing\/2019\/07\/10\/canon-e-digipix-trazem-fotografos-renomados-para-palestras-treinamentos-e-consultoria-em-sao-paulo\/","og_site_name":"CidadeMarketing","article_publisher":"https:\/\/www.facebook.com\/portalcidademarketing","article_author":"https:\/\/www.facebook.com\/thalesbrandao","article_published_time":"2019-07-10T03:36:02+00:00","article_modified_time":"2019-07-10T03:36:04+00:00","og_image":[{"width":1478,"height":533,"url":"https:\/\/www.cidademarketing.com.br\/marketing\/wp-content\/uploads\/2019\/07\/canon_evento.jpg","type":"image\/jpeg"}],"author":"Thales Brand\u00e3o","twitter_card":"summary_large_image","twitter_creator":"@http:\/\/www.twitter.com\/thalesbrandao","twitter_site":"@CidadeMarketing","twitter_misc":{"Escrito por":"Thales Brand\u00e3o","Est. tempo de leitura":"3 minutos"},"schema":{"@context":"https:\/\/schema.org","@graph":[{"@type":"Article","@id":"https:\/\/www.cidademarketing.com.br\/marketing\/2019\/07\/10\/canon-e-digipix-trazem-fotografos-renomados-para-palestras-treinamentos-e-consultoria-em-sao-paulo\/#article","isPartOf":{"@id":"https:\/\/www.cidademarketing.com.br\/marketing\/2019\/07\/10\/canon-e-digipix-trazem-fotografos-renomados-para-palestras-treinamentos-e-consultoria-em-sao-paulo\/"},"author":{"name":"Thales Brand\u00e3o","@id":"https:\/\/www.cidademarketing.com.br\/marketing\/#\/schema\/person\/02daff9f18bd9378c9e01eb6b2db155f"},"headline":"Canon e Digipix trazem fot\u00f3grafos renomados para palestras, treinamentos e consultoria em S\u00e3o Paulo","datePublished":"2019-07-10T03:36:02+00:00","dateModified":"2019-07-10T03:36:04+00:00","mainEntityOfPage":{"@id":"https:\/\/www.cidademarketing.com.br\/marketing\/2019\/07\/10\/canon-e-digipix-trazem-fotografos-renomados-para-palestras-treinamentos-e-consultoria-em-sao-paulo\/"},"wordCount":552,"commentCount":0,"publisher":{"@id":"https:\/\/www.cidademarketing.com.br\/marketing\/#organization"},"image":{"@id":"https:\/\/www.cidademarketing.com.br\/marketing\/2019\/07\/10\/canon-e-digipix-trazem-fotografos-renomados-para-palestras-treinamentos-e-consultoria-em-sao-paulo\/#primaryimage"},"thumbnailUrl":"https:\/\/www.cidademarketing.com.br\/marketing\/wp-content\/uploads\/2019\/07\/canon_evento.jpg","keywords":["Canon","Digipix","estrat\u00e9gia","evento"],"articleSection":["Eventos"],"inLanguage":"pt-BR","potentialAction":[{"@type":"CommentAction","name":"Comment","target":["https:\/\/www.cidademarketing.com.br\/marketing\/2019\/07\/10\/canon-e-digipix-trazem-fotografos-renomados-para-palestras-treinamentos-e-consultoria-em-sao-paulo\/#respond"]}]},{"@type":"WebPage","@id":"https:\/\/www.cidademarketing.com.br\/marketing\/2019\/07\/10\/canon-e-digipix-trazem-fotografos-renomados-para-palestras-treinamentos-e-consultoria-em-sao-paulo\/","url":"https:\/\/www.cidademarketing.com.br\/marketing\/2019\/07\/10\/canon-e-digipix-trazem-fotografos-renomados-para-palestras-treinamentos-e-consultoria-em-sao-paulo\/","name":"Canon e Digipix trazem fot\u00f3grafos renomados para palestras, treinamentos e consultoria em S\u00e3o Paulo - CidadeMarketing","isPartOf":{"@id":"https:\/\/www.cidademarketing.com.br\/marketing\/#website"},"primaryImageOfPage":{"@id":"https:\/\/www.cidademarketing.com.br\/marketing\/2019\/07\/10\/canon-e-digipix-trazem-fotografos-renomados-para-palestras-treinamentos-e-consultoria-em-sao-paulo\/#primaryimage"},"image":{"@id":"https:\/\/www.cidademarketing.com.br\/marketing\/2019\/07\/10\/canon-e-digipix-trazem-fotografos-renomados-para-palestras-treinamentos-e-consultoria-em-sao-paulo\/#primaryimage"},"thumbnailUrl":"https:\/\/www.cidademarketing.com.br\/marketing\/wp-content\/uploads\/2019\/07\/canon_evento.jpg","datePublished":"2019-07-10T03:36:02+00:00","dateModified":"2019-07-10T03:36:04+00:00","breadcrumb":{"@id":"https:\/\/www.cidademarketing.com.br\/marketing\/2019\/07\/10\/canon-e-digipix-trazem-fotografos-renomados-para-palestras-treinamentos-e-consultoria-em-sao-paulo\/#breadcrumb"},"inLanguage":"pt-BR","potentialAction":[{"@type":"ReadAction","target":["https:\/\/www.cidademarketing.com.br\/marketing\/2019\/07\/10\/canon-e-digipix-trazem-fotografos-renomados-para-palestras-treinamentos-e-consultoria-em-sao-paulo\/"]}]},{"@type":"ImageObject","inLanguage":"pt-BR","@id":"https:\/\/www.cidademarketing.com.br\/marketing\/2019\/07\/10\/canon-e-digipix-trazem-fotografos-renomados-para-palestras-treinamentos-e-consultoria-em-sao-paulo\/#primaryimage","url":"https:\/\/www.cidademarketing.com.br\/marketing\/wp-content\/uploads\/2019\/07\/canon_evento.jpg","contentUrl":"https:\/\/www.cidademarketing.com.br\/marketing\/wp-content\/uploads\/2019\/07\/canon_evento.jpg","width":1478,"height":533},{"@type":"BreadcrumbList","@id":"https:\/\/www.cidademarketing.com.br\/marketing\/2019\/07\/10\/canon-e-digipix-trazem-fotografos-renomados-para-palestras-treinamentos-e-consultoria-em-sao-paulo\/#breadcrumb","itemListElement":[{"@type":"ListItem","position":1,"name":"In\u00edcio","item":"https:\/\/www.cidademarketing.com.br\/marketing\/"},{"@type":"ListItem","position":2,"name":"Canon e Digipix trazem fot\u00f3grafos renomados para palestras, treinamentos e consultoria em S\u00e3o Paulo"}]},{"@type":"WebSite","@id":"https:\/\/www.cidademarketing.com.br\/marketing\/#website","url":"https:\/\/www.cidademarketing.com.br\/marketing\/","name":"CidadeMarketing","description":"Somos um ve\u00edculo de comunica\u00e7\u00e3o de destaque no Brasil, reconhecido por conte\u00fados nos segmentos de marketing, empreendedorismo e inova\u00e7\u00e3o.","publisher":{"@id":"https:\/\/www.cidademarketing.com.br\/marketing\/#organization"},"alternateName":"CidadeMarketing","potentialAction":[{"@type":"SearchAction","target":{"@type":"EntryPoint","urlTemplate":"https:\/\/www.cidademarketing.com.br\/marketing\/?s={search_term_string}"},"query-input":{"@type":"PropertyValueSpecification","valueRequired":true,"valueName":"search_term_string"}}],"inLanguage":"pt-BR"},{"@type":"Organization","@id":"https:\/\/www.cidademarketing.com.br\/marketing\/#organization","name":"CidadeMarketing","alternateName":"CidadeMarketing","url":"https:\/\/www.cidademarketing.com.br\/marketing\/","logo":{"@type":"ImageObject","inLanguage":"pt-BR","@id":"https:\/\/www.cidademarketing.com.br\/marketing\/#\/schema\/logo\/image\/","url":"https:\/\/www.cidademarketing.com.br\/marketing\/wp-content\/uploads\/2020\/01\/cidademarketing_marca_mobile.png","contentUrl":"https:\/\/www.cidademarketing.com.br\/marketing\/wp-content\/uploads\/2020\/01\/cidademarketing_marca_mobile.png","width":230,"height":92,"caption":"CidadeMarketing"},"image":{"@id":"https:\/\/www.cidademarketing.com.br\/marketing\/#\/schema\/logo\/image\/"},"sameAs":["https:\/\/www.facebook.com\/portalcidademarketing","https:\/\/x.com\/CidadeMarketing","https:\/\/www.instagram.com\/cidademarketing\/"]},{"@type":"Person","@id":"https:\/\/www.cidademarketing.com.br\/marketing\/#\/schema\/person\/02daff9f18bd9378c9e01eb6b2db155f","name":"Thales Brand\u00e3o","image":{"@type":"ImageObject","inLanguage":"pt-BR","@id":"https:\/\/secure.gravatar.com\/avatar\/7ca3206950207cc3cb48feec56a8a7898741ab725c368d99d5d7a5a50aab80c6?s=96&d=mm&r=g","url":"https:\/\/secure.gravatar.com\/avatar\/7ca3206950207cc3cb48feec56a8a7898741ab725c368d99d5d7a5a50aab80c6?s=96&d=mm&r=g","contentUrl":"https:\/\/secure.gravatar.com\/avatar\/7ca3206950207cc3cb48feec56a8a7898741ab725c368d99d5d7a5a50aab80c6?s=96&d=mm&r=g","caption":"Thales Brand\u00e3o"},"description":"Editor Executivo do Portal CidadeMarketing.com.br &gt; Mestre em Comunica\u00e7\u00e3o e Sociedade pela Universidade Federal de Sergipe. Possui MBA Executivo em Administra\u00e7\u00e3o com \u00eanfase em Marketing pela Funda\u00e7\u00e3o Get\u00falio Vargas - Rio de Janeiro. Consultor, Palestrante e Pesquisador sobre Empreendedorismo, Marketing, Redes Sociais e Neg\u00f3cios Digitais. Professor, Palestrante TedxTalks e Campus Party. Twitter: @ThalesBrandao","sameAs":["http:\/\/www.mandacaru.com.br","https:\/\/www.facebook.com\/thalesbrandao","http:\/\/www.instagram.com.br\/thalesbrandaoferreira","https:\/\/www.linkedin.com\/in\/thales-brand\u00e3o-3948609\/","https:\/\/x.com\/http:\/\/www.twitter.com\/thalesbrandao"],"url":"https:\/\/www.cidademarketing.com.br\/marketing\/author\/thalesbrandao\/"}]}},"amp_enabled":true,"_links":{"self":[{"href":"https:\/\/www.cidademarketing.com.br\/marketing\/wp-json\/wp\/v2\/posts\/9936","targetHints":{"allow":["GET"]}}],"collection":[{"href":"https:\/\/www.cidademarketing.com.br\/marketing\/wp-json\/wp\/v2\/posts"}],"about":[{"href":"https:\/\/www.cidademarketing.com.br\/marketing\/wp-json\/wp\/v2\/types\/post"}],"author":[{"embeddable":true,"href":"https:\/\/www.cidademarketing.com.br\/marketing\/wp-json\/wp\/v2\/users\/1"}],"replies":[{"embeddable":true,"href":"https:\/\/www.cidademarketing.com.br\/marketing\/wp-json\/wp\/v2\/comments?post=9936"}],"version-history":[{"count":1,"href":"https:\/\/www.cidademarketing.com.br\/marketing\/wp-json\/wp\/v2\/posts\/9936\/revisions"}],"predecessor-version":[{"id":9938,"href":"https:\/\/www.cidademarketing.com.br\/marketing\/wp-json\/wp\/v2\/posts\/9936\/revisions\/9938"}],"wp:featuredmedia":[{"embeddable":true,"href":"https:\/\/www.cidademarketing.com.br\/marketing\/wp-json\/wp\/v2\/media\/9937"}],"wp:attachment":[{"href":"https:\/\/www.cidademarketing.com.br\/marketing\/wp-json\/wp\/v2\/media?parent=9936"}],"wp:term":[{"taxonomy":"category","embeddable":true,"href":"https:\/\/www.cidademarketing.com.br\/marketing\/wp-json\/wp\/v2\/categories?post=9936"},{"taxonomy":"post_tag","embeddable":true,"href":"https:\/\/www.cidademarketing.com.br\/marketing\/wp-json\/wp\/v2\/tags?post=9936"}],"curies":[{"name":"wp","href":"https:\/\/api.w.org\/{rel}","templated":true}]}}