{"id":9921,"date":"2019-07-09T02:18:19","date_gmt":"2019-07-08T22:18:19","guid":{"rendered":"https:\/\/www.cidademarketing.com.br\/marketing\/?p=9921"},"modified":"2019-07-09T02:18:21","modified_gmt":"2019-07-08T22:18:21","slug":"edificios-com-fachadas-de-vidro-geram-alto-impacto-ambiental","status":"publish","type":"post","link":"https:\/\/www.cidademarketing.com.br\/marketing\/2019\/07\/09\/edificios-com-fachadas-de-vidro-geram-alto-impacto-ambiental\/","title":{"rendered":"Edif\u00edcios com fachadas de vidro geram alto impacto ambiental"},"content":{"rendered":"\n<p>Por fora, bela viola. Por dentro, p\u00e3o bolorento.\u201d O famoso ditado popular encaixa-se quase que perfeitamente aos edif\u00edcios corporativos envidra\u00e7ados que vemos com frequ\u00eancia em metr\u00f3poles, como S\u00e3o Paulo e Rio de Janeiro, e mesmo em cidades de menor porte, como S\u00e3o Carlos, no interior paulista.<\/p>\n\n\n\n<p>Esses edif\u00edcios, que normalmente s\u00e3o constru\u00eddos para abrigar escrit\u00f3rios de grandes empresas, t\u00eam alt\u00edssimo impacto ambiental antes e durante o seu uso. Foi isso que descobriu Rosilene Regol\u00e3o Brugnera em sua pesquisa de doutorado realizada no Instituto de Arquitetura e Urbanismo (IAU) da USP, sob a orienta\u00e7\u00e3o da docente Karin Maria S. Chvatal, do IAU, e co-orienta\u00e7\u00e3o de Jo\u00e3o Adriano Rossignolo, da Faculdade de Zootecnia e Engenharia de Alimentos (FZEA) da USP. \u201cEsses edif\u00edcios normalmente t\u00eam plantas maiores que 900 metros quadrados (m\u00b2), sem paredes internas, chamados de edif\u00edcios de planta livre, do ingl\u00eas open plan offices, com janelas totalmente seladas e sistemas de condicionamento artificial funcionando em todo o per\u00edodo de ocupa\u00e7\u00e3o do edif\u00edcio. Analisamos suas fachadas e como suas caracter\u00edsticas influenciam no consumo de energia, nos impactos ambientais e no custo. A ideia do projeto foi trabalhar essas tr\u00eas vari\u00e1veis de forma integrada ao longo de toda a vida \u00fatil do edif\u00edcio\u201d, explica Rosilene.<\/p>\n\n\n\n<p>\u201cRosilene fez uma avalia\u00e7\u00e3o do ciclo de vida (ACV) dessas constru\u00e7\u00f5es e, para isso, parte de seu doutorado foi feita na Universidade do Minho, Portugal, sob orienta\u00e7\u00e3o do pesquisador Ricardo Mateus, especialista em an\u00e1lise do ciclo de vida para constru\u00e7\u00e3o civil\u201d, complementa Karin.<\/p>\n\n\n\n<p>Rosilene fez um estudo comparativo entre dois modelos de fachadas: fachada cortina (totalmente envidra\u00e7ada) e a tradicional (parede em alvenaria e esquadria com vidro ). Em sua an\u00e1lise, ela considerou os materiais utilizados, o tamanho da janela, o tipo de vidro utilizado, aus\u00eancia ou presen\u00e7a de dispositivo de sombreamento e como a combina\u00e7\u00e3o de tais caracter\u00edsticas influenciou o consumo de energia do edif\u00edcio, avaliado para tr\u00eas climas brasileiros, totalizando uma an\u00e1lise com 144 cen\u00e1rios diferentes. E, ainda em rela\u00e7\u00e3o ao clima, tr\u00eas cidades foram analisadas: S\u00e3o Paulo (clima m\u00e9dio), Manaus (clima quente) e Curitiba (clima frio).<\/p>\n\n\n\n<p>Em rela\u00e7\u00e3o ao consumo de energia durante o uso ao longo de 60 anos de vida \u00fatil do edif\u00edcio, alguns itens fazem toda a diferen\u00e7a, como a inser\u00e7\u00e3o de sombreamento na fachada. \u201cFoi verificado que contribuem para o aumento do consumo de energia usar a fachada cortina, em vez da tradicional, n\u00e3o utilizar sombreamento, utilizar vidro incolor em vez das outras op\u00e7\u00f5es, e aumentar a \u00e1rea de janela. Tamb\u00e9m foi observado que no clima de Manaus, onde \u00e9 muito mais quente, o impacto de medidas para reduzir o consumo de energia \u00e9 menor\u201d, explica Karin. \u201cOu seja, s\u00e3o diversas as vari\u00e1veis que influenciar\u00e3o no consumo de energia. Mas, na realidade, \u00e9 o equil\u00edbrio entre todas essas vari\u00e1veis que realmente far\u00e1 a diferen\u00e7a.\u201d<\/p>\n\n\n\n<p>Ainda de acordo com a pesquisadora, na fase de pr\u00e9-uso, o alum\u00ednio foi o material que apresentou o maior impacto ambiental, mas como a fase de uso tem maiores impactos, visto que considera 60 anos de vida \u00fatil do edif\u00edcio, ela \u00e9 que contribui mais como o impacto. \u201cVerificamos que, no Brasil, os resultados s\u00e3o similares aos resultados encontrados em outros pa\u00edses\u201d, elucida Karin.<\/p>\n\n\n\n<p><strong>O grande vil\u00e3o<\/strong><\/p>\n\n\n\n<p>Mas, mesmo que diversos elementos colaborem para tornar esses edif\u00edcios grande inimigos do meio ambiente, o maior respons\u00e1vel por isso ainda continua sendo seu principal material: o vidro. \u201cQuando tamb\u00e9m consideramos o custo, as solu\u00e7\u00f5es que j\u00e1 apresentavam maior impacto ambiental tamb\u00e9m s\u00e3o as mais caras. Inclusive, gerando uma diferen\u00e7a muito clara entre a fachada tradicional e a fachada cortina\u201d, explica Karin.<\/p>\n\n\n\n<p>Na an\u00e1lise de Rosilene, edif\u00edcios totalmente envidra\u00e7ados chegam a consumir cerca de 25% a mais de energia do que aqueles com as fachadas tradicionais. \u201cNos Estados Unidos, esses edif\u00edcios s\u00e3o muito comuns, e o Brasil adotou como modelo esse estilo internacional de arquitetura. E os edif\u00edcios corporativos normalmente s\u00e3o desse estilo, bem fechados e, por isso, n\u00e3o utilizam ventila\u00e7\u00e3o natural\u201d, descreve a docente. Mas por que ent\u00e3o os grandes edif\u00edcios corporativos ainda optam por esse tipo de fachada \u201cantiecol\u00f3gica\u201d? A raz\u00e3o tamb\u00e9m \u00e9 desconhecida pelas duas pesquisadoras, mas especula\u00e7\u00e3o mobili\u00e1ria \u00e9 um dos palpites. \u201cPensamos que seja necess\u00e1rio buscar outras alternativas de constru\u00e7\u00e3o e de projeto arquitet\u00f4nico que explorem diferentes possibilidades para esse tipo de edif\u00edcio.\u201d E diante da an\u00e1lise e dos dados coletados por Rosilene, parece que outro ditado se encaixa perfeitamente aos pomposos edif\u00edcios: \u201cnem tudo que reluz \u00e9 ouro\u201d. Artigo sobre o assunto foi publicado na revista Ambiente constru\u00eddo. A pesquisa de Rosilene foi financiada pela Coordena\u00e7\u00e3o de Aperfei\u00e7oamento de Pessoal de N\u00edvel Superior (Capes).<\/p>\n","protected":false},"excerpt":{"rendered":"<p>Por fora, bela viola. Por dentro, p\u00e3o bolorento.\u201d O famoso ditado popular encaixa-se quase que perfeitamente aos edif\u00edcios corporativos envidra\u00e7ados que vemos com frequ\u00eancia em metr\u00f3poles, como S\u00e3o Paulo e Rio de Janeiro, e mesmo em cidades de menor porte, como S\u00e3o Carlos, no interior paulista. Esses edif\u00edcios, que normalmente s\u00e3o constru\u00eddos para abrigar escrit\u00f3rios [&hellip;]<\/p>\n","protected":false},"author":1,"featured_media":9922,"comment_status":"open","ping_status":"open","sticky":false,"template":"","format":"standard","meta":{"tdm_status":"","tdm_grid_status":"","footnotes":""},"categories":[6],"tags":[33,28,2111],"class_list":["post-9921","post","type-post","status-publish","format-standard","has-post-thumbnail","hentry","category-noticias","tag-estrategia","tag-marketing","tag-usp"],"yoast_head":"<!-- This site is optimized with the Yoast SEO plugin v27.4 - https:\/\/yoast.com\/product\/yoast-seo-wordpress\/ -->\n<title>Edif\u00edcios com fachadas de vidro geram alto impacto ambiental - CidadeMarketing<\/title>\n<meta name=\"robots\" content=\"index, follow, max-snippet:-1, max-image-preview:large, max-video-preview:-1\" \/>\n<link rel=\"canonical\" href=\"https:\/\/www.cidademarketing.com.br\/marketing\/2019\/07\/09\/edificios-com-fachadas-de-vidro-geram-alto-impacto-ambiental\/\" \/>\n<meta property=\"og:locale\" content=\"pt_BR\" \/>\n<meta property=\"og:type\" content=\"article\" \/>\n<meta property=\"og:title\" content=\"Edif\u00edcios com fachadas de vidro geram alto impacto ambiental - CidadeMarketing\" \/>\n<meta property=\"og:description\" content=\"Por fora, bela viola. Por dentro, p\u00e3o bolorento.\u201d O famoso ditado popular encaixa-se quase que perfeitamente aos edif\u00edcios corporativos envidra\u00e7ados que vemos com frequ\u00eancia em metr\u00f3poles, como S\u00e3o Paulo e Rio de Janeiro, e mesmo em cidades de menor porte, como S\u00e3o Carlos, no interior paulista. Esses edif\u00edcios, que normalmente s\u00e3o constru\u00eddos para abrigar escrit\u00f3rios [&hellip;]\" \/>\n<meta property=\"og:url\" content=\"https:\/\/www.cidademarketing.com.br\/marketing\/2019\/07\/09\/edificios-com-fachadas-de-vidro-geram-alto-impacto-ambiental\/\" \/>\n<meta property=\"og:site_name\" content=\"CidadeMarketing\" \/>\n<meta property=\"article:publisher\" content=\"https:\/\/www.facebook.com\/portalcidademarketing\" \/>\n<meta property=\"article:author\" content=\"https:\/\/www.facebook.com\/thalesbrandao\" \/>\n<meta property=\"article:published_time\" content=\"2019-07-08T22:18:19+00:00\" \/>\n<meta property=\"article:modified_time\" content=\"2019-07-08T22:18:21+00:00\" \/>\n<meta property=\"og:image\" content=\"https:\/\/www.cidademarketing.com.br\/marketing\/wp-content\/uploads\/2019\/07\/fachadavidro_paulista.jpg\" \/>\n\t<meta property=\"og:image:width\" content=\"599\" \/>\n\t<meta property=\"og:image:height\" content=\"884\" \/>\n\t<meta property=\"og:image:type\" content=\"image\/jpeg\" \/>\n<meta name=\"author\" content=\"Thales Brand\u00e3o\" \/>\n<meta name=\"twitter:card\" content=\"summary_large_image\" \/>\n<meta name=\"twitter:creator\" content=\"@http:\/\/www.twitter.com\/thalesbrandao\" \/>\n<meta name=\"twitter:site\" content=\"@CidadeMarketing\" \/>\n<meta name=\"twitter:label1\" content=\"Escrito por\" \/>\n\t<meta name=\"twitter:data1\" content=\"Thales Brand\u00e3o\" \/>\n\t<meta name=\"twitter:label2\" content=\"Est. tempo de leitura\" \/>\n\t<meta name=\"twitter:data2\" content=\"4 minutos\" \/>\n<script type=\"application\/ld+json\" class=\"yoast-schema-graph\">{\"@context\":\"https:\\\/\\\/schema.org\",\"@graph\":[{\"@type\":\"Article\",\"@id\":\"https:\\\/\\\/www.cidademarketing.com.br\\\/marketing\\\/2019\\\/07\\\/09\\\/edificios-com-fachadas-de-vidro-geram-alto-impacto-ambiental\\\/#article\",\"isPartOf\":{\"@id\":\"https:\\\/\\\/www.cidademarketing.com.br\\\/marketing\\\/2019\\\/07\\\/09\\\/edificios-com-fachadas-de-vidro-geram-alto-impacto-ambiental\\\/\"},\"author\":{\"name\":\"Thales Brand\u00e3o\",\"@id\":\"https:\\\/\\\/www.cidademarketing.com.br\\\/marketing\\\/#\\\/schema\\\/person\\\/02daff9f18bd9378c9e01eb6b2db155f\"},\"headline\":\"Edif\u00edcios com fachadas de vidro geram alto impacto ambiental\",\"datePublished\":\"2019-07-08T22:18:19+00:00\",\"dateModified\":\"2019-07-08T22:18:21+00:00\",\"mainEntityOfPage\":{\"@id\":\"https:\\\/\\\/www.cidademarketing.com.br\\\/marketing\\\/2019\\\/07\\\/09\\\/edificios-com-fachadas-de-vidro-geram-alto-impacto-ambiental\\\/\"},\"wordCount\":856,\"commentCount\":0,\"publisher\":{\"@id\":\"https:\\\/\\\/www.cidademarketing.com.br\\\/marketing\\\/#organization\"},\"image\":{\"@id\":\"https:\\\/\\\/www.cidademarketing.com.br\\\/marketing\\\/2019\\\/07\\\/09\\\/edificios-com-fachadas-de-vidro-geram-alto-impacto-ambiental\\\/#primaryimage\"},\"thumbnailUrl\":\"https:\\\/\\\/www.cidademarketing.com.br\\\/marketing\\\/wp-content\\\/uploads\\\/2019\\\/07\\\/fachadavidro_paulista.jpg\",\"keywords\":[\"estrat\u00e9gia\",\"marketing\",\"USP\"],\"articleSection\":[\"Not\u00edcias\"],\"inLanguage\":\"pt-BR\",\"potentialAction\":[{\"@type\":\"CommentAction\",\"name\":\"Comment\",\"target\":[\"https:\\\/\\\/www.cidademarketing.com.br\\\/marketing\\\/2019\\\/07\\\/09\\\/edificios-com-fachadas-de-vidro-geram-alto-impacto-ambiental\\\/#respond\"]}]},{\"@type\":\"WebPage\",\"@id\":\"https:\\\/\\\/www.cidademarketing.com.br\\\/marketing\\\/2019\\\/07\\\/09\\\/edificios-com-fachadas-de-vidro-geram-alto-impacto-ambiental\\\/\",\"url\":\"https:\\\/\\\/www.cidademarketing.com.br\\\/marketing\\\/2019\\\/07\\\/09\\\/edificios-com-fachadas-de-vidro-geram-alto-impacto-ambiental\\\/\",\"name\":\"Edif\u00edcios com fachadas de vidro geram alto impacto ambiental - CidadeMarketing\",\"isPartOf\":{\"@id\":\"https:\\\/\\\/www.cidademarketing.com.br\\\/marketing\\\/#website\"},\"primaryImageOfPage\":{\"@id\":\"https:\\\/\\\/www.cidademarketing.com.br\\\/marketing\\\/2019\\\/07\\\/09\\\/edificios-com-fachadas-de-vidro-geram-alto-impacto-ambiental\\\/#primaryimage\"},\"image\":{\"@id\":\"https:\\\/\\\/www.cidademarketing.com.br\\\/marketing\\\/2019\\\/07\\\/09\\\/edificios-com-fachadas-de-vidro-geram-alto-impacto-ambiental\\\/#primaryimage\"},\"thumbnailUrl\":\"https:\\\/\\\/www.cidademarketing.com.br\\\/marketing\\\/wp-content\\\/uploads\\\/2019\\\/07\\\/fachadavidro_paulista.jpg\",\"datePublished\":\"2019-07-08T22:18:19+00:00\",\"dateModified\":\"2019-07-08T22:18:21+00:00\",\"breadcrumb\":{\"@id\":\"https:\\\/\\\/www.cidademarketing.com.br\\\/marketing\\\/2019\\\/07\\\/09\\\/edificios-com-fachadas-de-vidro-geram-alto-impacto-ambiental\\\/#breadcrumb\"},\"inLanguage\":\"pt-BR\",\"potentialAction\":[{\"@type\":\"ReadAction\",\"target\":[\"https:\\\/\\\/www.cidademarketing.com.br\\\/marketing\\\/2019\\\/07\\\/09\\\/edificios-com-fachadas-de-vidro-geram-alto-impacto-ambiental\\\/\"]}]},{\"@type\":\"ImageObject\",\"inLanguage\":\"pt-BR\",\"@id\":\"https:\\\/\\\/www.cidademarketing.com.br\\\/marketing\\\/2019\\\/07\\\/09\\\/edificios-com-fachadas-de-vidro-geram-alto-impacto-ambiental\\\/#primaryimage\",\"url\":\"https:\\\/\\\/www.cidademarketing.com.br\\\/marketing\\\/wp-content\\\/uploads\\\/2019\\\/07\\\/fachadavidro_paulista.jpg\",\"contentUrl\":\"https:\\\/\\\/www.cidademarketing.com.br\\\/marketing\\\/wp-content\\\/uploads\\\/2019\\\/07\\\/fachadavidro_paulista.jpg\",\"width\":599,\"height\":884,\"caption\":\"Fotografia: Thales Brand\u00e3o\"},{\"@type\":\"BreadcrumbList\",\"@id\":\"https:\\\/\\\/www.cidademarketing.com.br\\\/marketing\\\/2019\\\/07\\\/09\\\/edificios-com-fachadas-de-vidro-geram-alto-impacto-ambiental\\\/#breadcrumb\",\"itemListElement\":[{\"@type\":\"ListItem\",\"position\":1,\"name\":\"In\u00edcio\",\"item\":\"https:\\\/\\\/www.cidademarketing.com.br\\\/marketing\\\/\"},{\"@type\":\"ListItem\",\"position\":2,\"name\":\"Edif\u00edcios com fachadas de vidro geram alto impacto ambiental\"}]},{\"@type\":\"WebSite\",\"@id\":\"https:\\\/\\\/www.cidademarketing.com.br\\\/marketing\\\/#website\",\"url\":\"https:\\\/\\\/www.cidademarketing.com.br\\\/marketing\\\/\",\"name\":\"CidadeMarketing\",\"description\":\"Somos um ve\u00edculo de comunica\u00e7\u00e3o de destaque no Brasil, reconhecido por conte\u00fados nos segmentos de marketing, empreendedorismo e inova\u00e7\u00e3o.\",\"publisher\":{\"@id\":\"https:\\\/\\\/www.cidademarketing.com.br\\\/marketing\\\/#organization\"},\"alternateName\":\"CidadeMarketing\",\"potentialAction\":[{\"@type\":\"SearchAction\",\"target\":{\"@type\":\"EntryPoint\",\"urlTemplate\":\"https:\\\/\\\/www.cidademarketing.com.br\\\/marketing\\\/?s={search_term_string}\"},\"query-input\":{\"@type\":\"PropertyValueSpecification\",\"valueRequired\":true,\"valueName\":\"search_term_string\"}}],\"inLanguage\":\"pt-BR\"},{\"@type\":\"Organization\",\"@id\":\"https:\\\/\\\/www.cidademarketing.com.br\\\/marketing\\\/#organization\",\"name\":\"CidadeMarketing\",\"alternateName\":\"CidadeMarketing\",\"url\":\"https:\\\/\\\/www.cidademarketing.com.br\\\/marketing\\\/\",\"logo\":{\"@type\":\"ImageObject\",\"inLanguage\":\"pt-BR\",\"@id\":\"https:\\\/\\\/www.cidademarketing.com.br\\\/marketing\\\/#\\\/schema\\\/logo\\\/image\\\/\",\"url\":\"https:\\\/\\\/www.cidademarketing.com.br\\\/marketing\\\/wp-content\\\/uploads\\\/2020\\\/01\\\/cidademarketing_marca_mobile.png\",\"contentUrl\":\"https:\\\/\\\/www.cidademarketing.com.br\\\/marketing\\\/wp-content\\\/uploads\\\/2020\\\/01\\\/cidademarketing_marca_mobile.png\",\"width\":230,\"height\":92,\"caption\":\"CidadeMarketing\"},\"image\":{\"@id\":\"https:\\\/\\\/www.cidademarketing.com.br\\\/marketing\\\/#\\\/schema\\\/logo\\\/image\\\/\"},\"sameAs\":[\"https:\\\/\\\/www.facebook.com\\\/portalcidademarketing\",\"https:\\\/\\\/x.com\\\/CidadeMarketing\",\"https:\\\/\\\/www.instagram.com\\\/cidademarketing\\\/\"]},{\"@type\":\"Person\",\"@id\":\"https:\\\/\\\/www.cidademarketing.com.br\\\/marketing\\\/#\\\/schema\\\/person\\\/02daff9f18bd9378c9e01eb6b2db155f\",\"name\":\"Thales Brand\u00e3o\",\"image\":{\"@type\":\"ImageObject\",\"inLanguage\":\"pt-BR\",\"@id\":\"https:\\\/\\\/secure.gravatar.com\\\/avatar\\\/7ca3206950207cc3cb48feec56a8a7898741ab725c368d99d5d7a5a50aab80c6?s=96&d=mm&r=g\",\"url\":\"https:\\\/\\\/secure.gravatar.com\\\/avatar\\\/7ca3206950207cc3cb48feec56a8a7898741ab725c368d99d5d7a5a50aab80c6?s=96&d=mm&r=g\",\"contentUrl\":\"https:\\\/\\\/secure.gravatar.com\\\/avatar\\\/7ca3206950207cc3cb48feec56a8a7898741ab725c368d99d5d7a5a50aab80c6?s=96&d=mm&r=g\",\"caption\":\"Thales Brand\u00e3o\"},\"description\":\"Editor Executivo do Portal CidadeMarketing.com.br &gt; Mestre em Comunica\u00e7\u00e3o e Sociedade pela Universidade Federal de Sergipe. Possui MBA Executivo em Administra\u00e7\u00e3o com \u00eanfase em Marketing pela Funda\u00e7\u00e3o Get\u00falio Vargas - Rio de Janeiro. Consultor, Palestrante e Pesquisador sobre Empreendedorismo, Marketing, Redes Sociais e Neg\u00f3cios Digitais. Professor, Palestrante TedxTalks e Campus Party. Twitter: @ThalesBrandao\",\"sameAs\":[\"http:\\\/\\\/www.mandacaru.com.br\",\"https:\\\/\\\/www.facebook.com\\\/thalesbrandao\",\"http:\\\/\\\/www.instagram.com.br\\\/thalesbrandaoferreira\",\"https:\\\/\\\/www.linkedin.com\\\/in\\\/thales-brand\u00e3o-3948609\\\/\",\"https:\\\/\\\/x.com\\\/http:\\\/\\\/www.twitter.com\\\/thalesbrandao\"],\"url\":\"https:\\\/\\\/www.cidademarketing.com.br\\\/marketing\\\/author\\\/thalesbrandao\\\/\"}]}<\/script>\n<!-- \/ Yoast SEO plugin. -->","yoast_head_json":{"title":"Edif\u00edcios com fachadas de vidro geram alto impacto ambiental - CidadeMarketing","robots":{"index":"index","follow":"follow","max-snippet":"max-snippet:-1","max-image-preview":"max-image-preview:large","max-video-preview":"max-video-preview:-1"},"canonical":"https:\/\/www.cidademarketing.com.br\/marketing\/2019\/07\/09\/edificios-com-fachadas-de-vidro-geram-alto-impacto-ambiental\/","og_locale":"pt_BR","og_type":"article","og_title":"Edif\u00edcios com fachadas de vidro geram alto impacto ambiental - CidadeMarketing","og_description":"Por fora, bela viola. Por dentro, p\u00e3o bolorento.\u201d O famoso ditado popular encaixa-se quase que perfeitamente aos edif\u00edcios corporativos envidra\u00e7ados que vemos com frequ\u00eancia em metr\u00f3poles, como S\u00e3o Paulo e Rio de Janeiro, e mesmo em cidades de menor porte, como S\u00e3o Carlos, no interior paulista. Esses edif\u00edcios, que normalmente s\u00e3o constru\u00eddos para abrigar escrit\u00f3rios [&hellip;]","og_url":"https:\/\/www.cidademarketing.com.br\/marketing\/2019\/07\/09\/edificios-com-fachadas-de-vidro-geram-alto-impacto-ambiental\/","og_site_name":"CidadeMarketing","article_publisher":"https:\/\/www.facebook.com\/portalcidademarketing","article_author":"https:\/\/www.facebook.com\/thalesbrandao","article_published_time":"2019-07-08T22:18:19+00:00","article_modified_time":"2019-07-08T22:18:21+00:00","og_image":[{"width":599,"height":884,"url":"https:\/\/www.cidademarketing.com.br\/marketing\/wp-content\/uploads\/2019\/07\/fachadavidro_paulista.jpg","type":"image\/jpeg"}],"author":"Thales Brand\u00e3o","twitter_card":"summary_large_image","twitter_creator":"@http:\/\/www.twitter.com\/thalesbrandao","twitter_site":"@CidadeMarketing","twitter_misc":{"Escrito por":"Thales Brand\u00e3o","Est. tempo de leitura":"4 minutos"},"schema":{"@context":"https:\/\/schema.org","@graph":[{"@type":"Article","@id":"https:\/\/www.cidademarketing.com.br\/marketing\/2019\/07\/09\/edificios-com-fachadas-de-vidro-geram-alto-impacto-ambiental\/#article","isPartOf":{"@id":"https:\/\/www.cidademarketing.com.br\/marketing\/2019\/07\/09\/edificios-com-fachadas-de-vidro-geram-alto-impacto-ambiental\/"},"author":{"name":"Thales Brand\u00e3o","@id":"https:\/\/www.cidademarketing.com.br\/marketing\/#\/schema\/person\/02daff9f18bd9378c9e01eb6b2db155f"},"headline":"Edif\u00edcios com fachadas de vidro geram alto impacto ambiental","datePublished":"2019-07-08T22:18:19+00:00","dateModified":"2019-07-08T22:18:21+00:00","mainEntityOfPage":{"@id":"https:\/\/www.cidademarketing.com.br\/marketing\/2019\/07\/09\/edificios-com-fachadas-de-vidro-geram-alto-impacto-ambiental\/"},"wordCount":856,"commentCount":0,"publisher":{"@id":"https:\/\/www.cidademarketing.com.br\/marketing\/#organization"},"image":{"@id":"https:\/\/www.cidademarketing.com.br\/marketing\/2019\/07\/09\/edificios-com-fachadas-de-vidro-geram-alto-impacto-ambiental\/#primaryimage"},"thumbnailUrl":"https:\/\/www.cidademarketing.com.br\/marketing\/wp-content\/uploads\/2019\/07\/fachadavidro_paulista.jpg","keywords":["estrat\u00e9gia","marketing","USP"],"articleSection":["Not\u00edcias"],"inLanguage":"pt-BR","potentialAction":[{"@type":"CommentAction","name":"Comment","target":["https:\/\/www.cidademarketing.com.br\/marketing\/2019\/07\/09\/edificios-com-fachadas-de-vidro-geram-alto-impacto-ambiental\/#respond"]}]},{"@type":"WebPage","@id":"https:\/\/www.cidademarketing.com.br\/marketing\/2019\/07\/09\/edificios-com-fachadas-de-vidro-geram-alto-impacto-ambiental\/","url":"https:\/\/www.cidademarketing.com.br\/marketing\/2019\/07\/09\/edificios-com-fachadas-de-vidro-geram-alto-impacto-ambiental\/","name":"Edif\u00edcios com fachadas de vidro geram alto impacto ambiental - CidadeMarketing","isPartOf":{"@id":"https:\/\/www.cidademarketing.com.br\/marketing\/#website"},"primaryImageOfPage":{"@id":"https:\/\/www.cidademarketing.com.br\/marketing\/2019\/07\/09\/edificios-com-fachadas-de-vidro-geram-alto-impacto-ambiental\/#primaryimage"},"image":{"@id":"https:\/\/www.cidademarketing.com.br\/marketing\/2019\/07\/09\/edificios-com-fachadas-de-vidro-geram-alto-impacto-ambiental\/#primaryimage"},"thumbnailUrl":"https:\/\/www.cidademarketing.com.br\/marketing\/wp-content\/uploads\/2019\/07\/fachadavidro_paulista.jpg","datePublished":"2019-07-08T22:18:19+00:00","dateModified":"2019-07-08T22:18:21+00:00","breadcrumb":{"@id":"https:\/\/www.cidademarketing.com.br\/marketing\/2019\/07\/09\/edificios-com-fachadas-de-vidro-geram-alto-impacto-ambiental\/#breadcrumb"},"inLanguage":"pt-BR","potentialAction":[{"@type":"ReadAction","target":["https:\/\/www.cidademarketing.com.br\/marketing\/2019\/07\/09\/edificios-com-fachadas-de-vidro-geram-alto-impacto-ambiental\/"]}]},{"@type":"ImageObject","inLanguage":"pt-BR","@id":"https:\/\/www.cidademarketing.com.br\/marketing\/2019\/07\/09\/edificios-com-fachadas-de-vidro-geram-alto-impacto-ambiental\/#primaryimage","url":"https:\/\/www.cidademarketing.com.br\/marketing\/wp-content\/uploads\/2019\/07\/fachadavidro_paulista.jpg","contentUrl":"https:\/\/www.cidademarketing.com.br\/marketing\/wp-content\/uploads\/2019\/07\/fachadavidro_paulista.jpg","width":599,"height":884,"caption":"Fotografia: Thales Brand\u00e3o"},{"@type":"BreadcrumbList","@id":"https:\/\/www.cidademarketing.com.br\/marketing\/2019\/07\/09\/edificios-com-fachadas-de-vidro-geram-alto-impacto-ambiental\/#breadcrumb","itemListElement":[{"@type":"ListItem","position":1,"name":"In\u00edcio","item":"https:\/\/www.cidademarketing.com.br\/marketing\/"},{"@type":"ListItem","position":2,"name":"Edif\u00edcios com fachadas de vidro geram alto impacto ambiental"}]},{"@type":"WebSite","@id":"https:\/\/www.cidademarketing.com.br\/marketing\/#website","url":"https:\/\/www.cidademarketing.com.br\/marketing\/","name":"CidadeMarketing","description":"Somos um ve\u00edculo de comunica\u00e7\u00e3o de destaque no Brasil, reconhecido por conte\u00fados nos segmentos de marketing, empreendedorismo e inova\u00e7\u00e3o.","publisher":{"@id":"https:\/\/www.cidademarketing.com.br\/marketing\/#organization"},"alternateName":"CidadeMarketing","potentialAction":[{"@type":"SearchAction","target":{"@type":"EntryPoint","urlTemplate":"https:\/\/www.cidademarketing.com.br\/marketing\/?s={search_term_string}"},"query-input":{"@type":"PropertyValueSpecification","valueRequired":true,"valueName":"search_term_string"}}],"inLanguage":"pt-BR"},{"@type":"Organization","@id":"https:\/\/www.cidademarketing.com.br\/marketing\/#organization","name":"CidadeMarketing","alternateName":"CidadeMarketing","url":"https:\/\/www.cidademarketing.com.br\/marketing\/","logo":{"@type":"ImageObject","inLanguage":"pt-BR","@id":"https:\/\/www.cidademarketing.com.br\/marketing\/#\/schema\/logo\/image\/","url":"https:\/\/www.cidademarketing.com.br\/marketing\/wp-content\/uploads\/2020\/01\/cidademarketing_marca_mobile.png","contentUrl":"https:\/\/www.cidademarketing.com.br\/marketing\/wp-content\/uploads\/2020\/01\/cidademarketing_marca_mobile.png","width":230,"height":92,"caption":"CidadeMarketing"},"image":{"@id":"https:\/\/www.cidademarketing.com.br\/marketing\/#\/schema\/logo\/image\/"},"sameAs":["https:\/\/www.facebook.com\/portalcidademarketing","https:\/\/x.com\/CidadeMarketing","https:\/\/www.instagram.com\/cidademarketing\/"]},{"@type":"Person","@id":"https:\/\/www.cidademarketing.com.br\/marketing\/#\/schema\/person\/02daff9f18bd9378c9e01eb6b2db155f","name":"Thales Brand\u00e3o","image":{"@type":"ImageObject","inLanguage":"pt-BR","@id":"https:\/\/secure.gravatar.com\/avatar\/7ca3206950207cc3cb48feec56a8a7898741ab725c368d99d5d7a5a50aab80c6?s=96&d=mm&r=g","url":"https:\/\/secure.gravatar.com\/avatar\/7ca3206950207cc3cb48feec56a8a7898741ab725c368d99d5d7a5a50aab80c6?s=96&d=mm&r=g","contentUrl":"https:\/\/secure.gravatar.com\/avatar\/7ca3206950207cc3cb48feec56a8a7898741ab725c368d99d5d7a5a50aab80c6?s=96&d=mm&r=g","caption":"Thales Brand\u00e3o"},"description":"Editor Executivo do Portal CidadeMarketing.com.br &gt; Mestre em Comunica\u00e7\u00e3o e Sociedade pela Universidade Federal de Sergipe. Possui MBA Executivo em Administra\u00e7\u00e3o com \u00eanfase em Marketing pela Funda\u00e7\u00e3o Get\u00falio Vargas - Rio de Janeiro. Consultor, Palestrante e Pesquisador sobre Empreendedorismo, Marketing, Redes Sociais e Neg\u00f3cios Digitais. Professor, Palestrante TedxTalks e Campus Party. Twitter: @ThalesBrandao","sameAs":["http:\/\/www.mandacaru.com.br","https:\/\/www.facebook.com\/thalesbrandao","http:\/\/www.instagram.com.br\/thalesbrandaoferreira","https:\/\/www.linkedin.com\/in\/thales-brand\u00e3o-3948609\/","https:\/\/x.com\/http:\/\/www.twitter.com\/thalesbrandao"],"url":"https:\/\/www.cidademarketing.com.br\/marketing\/author\/thalesbrandao\/"}]}},"amp_enabled":true,"_links":{"self":[{"href":"https:\/\/www.cidademarketing.com.br\/marketing\/wp-json\/wp\/v2\/posts\/9921","targetHints":{"allow":["GET"]}}],"collection":[{"href":"https:\/\/www.cidademarketing.com.br\/marketing\/wp-json\/wp\/v2\/posts"}],"about":[{"href":"https:\/\/www.cidademarketing.com.br\/marketing\/wp-json\/wp\/v2\/types\/post"}],"author":[{"embeddable":true,"href":"https:\/\/www.cidademarketing.com.br\/marketing\/wp-json\/wp\/v2\/users\/1"}],"replies":[{"embeddable":true,"href":"https:\/\/www.cidademarketing.com.br\/marketing\/wp-json\/wp\/v2\/comments?post=9921"}],"version-history":[{"count":1,"href":"https:\/\/www.cidademarketing.com.br\/marketing\/wp-json\/wp\/v2\/posts\/9921\/revisions"}],"predecessor-version":[{"id":9923,"href":"https:\/\/www.cidademarketing.com.br\/marketing\/wp-json\/wp\/v2\/posts\/9921\/revisions\/9923"}],"wp:featuredmedia":[{"embeddable":true,"href":"https:\/\/www.cidademarketing.com.br\/marketing\/wp-json\/wp\/v2\/media\/9922"}],"wp:attachment":[{"href":"https:\/\/www.cidademarketing.com.br\/marketing\/wp-json\/wp\/v2\/media?parent=9921"}],"wp:term":[{"taxonomy":"category","embeddable":true,"href":"https:\/\/www.cidademarketing.com.br\/marketing\/wp-json\/wp\/v2\/categories?post=9921"},{"taxonomy":"post_tag","embeddable":true,"href":"https:\/\/www.cidademarketing.com.br\/marketing\/wp-json\/wp\/v2\/tags?post=9921"}],"curies":[{"name":"wp","href":"https:\/\/api.w.org\/{rel}","templated":true}]}}