{"id":9896,"date":"2019-07-06T14:36:06","date_gmt":"2019-07-06T10:36:06","guid":{"rendered":"https:\/\/www.cidademarketing.com.br\/marketing\/?p=9896"},"modified":"2019-07-06T14:36:08","modified_gmt":"2019-07-06T10:36:08","slug":"abradi-lanca-guia-de-compras-de-comunicacao-digital","status":"publish","type":"post","link":"https:\/\/www.cidademarketing.com.br\/marketing\/2019\/07\/06\/abradi-lanca-guia-de-compras-de-comunicacao-digital\/","title":{"rendered":"ABRADi lan\u00e7a Guia de Compras de Comunica\u00e7\u00e3o Digital"},"content":{"rendered":"\n<p>A ABRADi &#8211; Associa\u00e7\u00e3o Brasileira de Agentes Digitais &#8211;\nacaba de lan\u00e7ar um conte\u00fado in\u00e9dito para o mercado, o <strong>Guia de Compras de\nComunica\u00e7\u00e3o Digital,<\/strong> que busca auxiliar empresas privadas e p\u00fablicas na\ncria\u00e7\u00e3o de concorr\u00eancias eficientes para contratar servi\u00e7os digitais. Acesse\naqui para o<a href=\"https:\/\/rd.abradi.com.br\/guia-de-compras\" target=\"_blank\" rel=\"noreferrer noopener\"> download gratuito do Guia de Compras\nde Comunica\u00e7\u00e3o Digital<\/a>.&nbsp; <\/p>\n\n\n\n<p>\u201cNo setor privado, assim como no\np\u00fablico, \u00e9 comum a exist\u00eancia de processos de concorr\u00eancia fadados ao\ninsucesso. Em alguns casos o escopo n\u00e3o \u00e9 bem definido, em outros falta a\nrela\u00e7\u00e3o detalhada dos entreg\u00e1veis. Em alguns, h\u00e1 problemas de entendimento do\nbriefing, etc. O desperd\u00edcio de tempo e energia dos dois lados, compradores e\nfornecedores de servi\u00e7os, \u00e9 grande. O Guia estabelece passos para um processo\nde concorr\u00eancia mais produtivo e baseado em crit\u00e9rios, transpar\u00eancia e\ncomunica\u00e7\u00e3o constante\u201d, declara Carolina Morales, diretora de relacionamento\ncom clientes na iComunica\u00e7\u00e3o e vice-presidente da ABRADi.<\/p>\n\n\n\n<p>O conte\u00fado do Guia de Compras de\nComunica\u00e7\u00e3o Digital foi desenvolvido pelo Comit\u00ea de <em>Procurement<\/em>&nbsp; da\nABRADi, formado por especialistas em concorr\u00eancias digitais das empresas\nBecabiz, Creative House, E\/OU-MRM,&nbsp; Grupo Digital Business e iComunica\u00e7\u00e3o.\nDurante alguns meses, os especialistas se reuniram para avaliar que crit\u00e9rios e\nmetodologias seriam mais indicados aos processos de concorr\u00eancia.<\/p>\n\n\n\n<p>\u201cO pa\u00eds vive um cen\u00e1rio em que a\ntranspar\u00eancia e estrutura\u00e7\u00e3o dos processos s\u00e3o cruciais para a tomada de\ndecis\u00e3o. E a ABRADi est\u00e1 dando a sua contribui\u00e7\u00e3o\u201d, afirma Beatriz Ayrosa, CEO\nda Becabiz e l\u00edder do Comit\u00ea de <em>Procurement<\/em> da ABRADi.<\/p>\n\n\n\n<p>O Guia traz modelos pr\u00e1ticos de\ncomo definir o escopo do trabalho e entregas esperadas, o que funciona melhor\npara cada tipo de neg\u00f3cios, dicas de como avaliar o agente digital ideal para a\nsua empresa e traz exemplos de processos que geram melhores resultados. Ele\najuda ainda na pr\u00e9-sele\u00e7\u00e3o e mapeamento de poss\u00edveis fornecedores, auxilia na montagem\ndo convite aos participantes e como elaborar um bom briefing.<\/p>\n\n\n\n<p>\u201cAntes de uma empresa sair com um\nprocesso de concorr\u00eancia, a \u00e1rea demandante deve deixar muito clara, qual \u00e9 a\nnecessidade. Muitas vezes isso n\u00e3o acontece. E tudo bem se a empresa n\u00e3o\nsouber, ela precisa dizer qual \u00e9 seu objetivo de neg\u00f3cios e construir o escopo\nem conjunto com o fornecedor.&nbsp; Por isso, dedicamos um cap\u00edtulo para falar\nda constru\u00e7\u00e3o de um escopo, item fundamental do processo\u201d, conta Beatriz.<\/p>\n\n\n\n<p>Para o Setor P\u00fablico, o Guia traz\nduas perspectivas. A primeira traz um modelo que j\u00e1 est\u00e1 em pr\u00e1tica h\u00e1 10 anos\nde aquisi\u00e7\u00e3o de Comunica\u00e7\u00e3o DIgital. O Guia apresenta al\u00e9m deste hist\u00f3rico, os\nac\u00f3rd\u00e3os e decis\u00f5es judiciais que indicam que esse modelo \u00e9 o mais indicado. <\/p>\n\n\n\n<p>A segunda apresenta as principais\nd\u00favidas que um agente digital pode ter ao fornecer servi\u00e7os e produtos de\ncomunica\u00e7\u00e3o digital ao governo. Do ponto de vista do agente digital, o Guia de\nCompras de Comunica\u00e7\u00e3o Digital mostra onde buscar concorr\u00eancias vigentes do setor\np\u00fablico, bem como oferece dicas de como se habilitar para uma disputa no setor\np\u00fablico (cujas concorr\u00eancias s\u00e3o regulamentadas).<\/p>\n","protected":false},"excerpt":{"rendered":"<p>A ABRADi &#8211; Associa\u00e7\u00e3o Brasileira de Agentes Digitais &#8211; acaba de lan\u00e7ar um conte\u00fado in\u00e9dito para o mercado, o Guia de Compras de Comunica\u00e7\u00e3o Digital, que busca auxiliar empresas privadas e p\u00fablicas na cria\u00e7\u00e3o de concorr\u00eancias eficientes para contratar servi\u00e7os digitais. Acesse aqui para o download gratuito do Guia de Compras de Comunica\u00e7\u00e3o Digital.&nbsp; \u201cNo [&hellip;]<\/p>\n","protected":false},"author":1,"featured_media":9897,"comment_status":"open","ping_status":"open","sticky":false,"template":"","format":"standard","meta":{"tdm_status":"","tdm_grid_status":"","footnotes":""},"categories":[6],"tags":[1384,308,33],"class_list":["post-9896","post","type-post","status-publish","format-standard","has-post-thumbnail","hentry","category-noticias","tag-abradi","tag-comunicacao","tag-estrategia"],"yoast_head":"<!-- This site is optimized with the Yoast SEO plugin v27.5 - https:\/\/yoast.com\/product\/yoast-seo-wordpress\/ -->\n<title>ABRADi lan\u00e7a Guia de Compras de Comunica\u00e7\u00e3o Digital - CidadeMarketing<\/title>\n<meta name=\"robots\" content=\"index, follow, max-snippet:-1, max-image-preview:large, max-video-preview:-1\" \/>\n<link rel=\"canonical\" href=\"https:\/\/www.cidademarketing.com.br\/marketing\/2019\/07\/06\/abradi-lanca-guia-de-compras-de-comunicacao-digital\/\" \/>\n<meta property=\"og:locale\" content=\"pt_BR\" \/>\n<meta property=\"og:type\" content=\"article\" \/>\n<meta property=\"og:title\" content=\"ABRADi lan\u00e7a Guia de Compras de Comunica\u00e7\u00e3o Digital - CidadeMarketing\" \/>\n<meta property=\"og:description\" content=\"A ABRADi &#8211; Associa\u00e7\u00e3o Brasileira de Agentes Digitais &#8211; acaba de lan\u00e7ar um conte\u00fado in\u00e9dito para o mercado, o Guia de Compras de Comunica\u00e7\u00e3o Digital, que busca auxiliar empresas privadas e p\u00fablicas na cria\u00e7\u00e3o de concorr\u00eancias eficientes para contratar servi\u00e7os digitais. Acesse aqui para o download gratuito do Guia de Compras de Comunica\u00e7\u00e3o Digital.&nbsp; \u201cNo [&hellip;]\" \/>\n<meta property=\"og:url\" content=\"https:\/\/www.cidademarketing.com.br\/marketing\/2019\/07\/06\/abradi-lanca-guia-de-compras-de-comunicacao-digital\/\" \/>\n<meta property=\"og:site_name\" content=\"CidadeMarketing\" \/>\n<meta property=\"article:publisher\" content=\"https:\/\/www.facebook.com\/portalcidademarketing\" \/>\n<meta property=\"article:author\" content=\"https:\/\/www.facebook.com\/thalesbrandao\" \/>\n<meta property=\"article:published_time\" content=\"2019-07-06T10:36:06+00:00\" \/>\n<meta property=\"article:modified_time\" content=\"2019-07-06T10:36:08+00:00\" \/>\n<meta property=\"og:image\" content=\"https:\/\/www.cidademarketing.com.br\/marketing\/wp-content\/uploads\/2019\/07\/Capa-Guia-ABRADi-de-Compras-de-Comunica\u00e7\u00e3o-Digital-1.jpg\" \/>\n\t<meta property=\"og:image:width\" content=\"800\" \/>\n\t<meta property=\"og:image:height\" content=\"1132\" \/>\n\t<meta property=\"og:image:type\" content=\"image\/jpeg\" \/>\n<meta name=\"author\" content=\"Thales Brand\u00e3o\" \/>\n<meta name=\"twitter:card\" content=\"summary_large_image\" \/>\n<meta name=\"twitter:creator\" content=\"@http:\/\/www.twitter.com\/thalesbrandao\" \/>\n<meta name=\"twitter:site\" content=\"@CidadeMarketing\" \/>\n<meta name=\"twitter:label1\" content=\"Escrito por\" \/>\n\t<meta name=\"twitter:data1\" content=\"Thales Brand\u00e3o\" \/>\n\t<meta name=\"twitter:label2\" content=\"Est. tempo de leitura\" \/>\n\t<meta name=\"twitter:data2\" content=\"3 minutos\" \/>\n<script type=\"application\/ld+json\" class=\"yoast-schema-graph\">{\"@context\":\"https:\\\/\\\/schema.org\",\"@graph\":[{\"@type\":\"Article\",\"@id\":\"https:\\\/\\\/www.cidademarketing.com.br\\\/marketing\\\/2019\\\/07\\\/06\\\/abradi-lanca-guia-de-compras-de-comunicacao-digital\\\/#article\",\"isPartOf\":{\"@id\":\"https:\\\/\\\/www.cidademarketing.com.br\\\/marketing\\\/2019\\\/07\\\/06\\\/abradi-lanca-guia-de-compras-de-comunicacao-digital\\\/\"},\"author\":{\"name\":\"Thales Brand\u00e3o\",\"@id\":\"https:\\\/\\\/www.cidademarketing.com.br\\\/marketing\\\/#\\\/schema\\\/person\\\/02daff9f18bd9378c9e01eb6b2db155f\"},\"headline\":\"ABRADi lan\u00e7a Guia de Compras de Comunica\u00e7\u00e3o Digital\",\"datePublished\":\"2019-07-06T10:36:06+00:00\",\"dateModified\":\"2019-07-06T10:36:08+00:00\",\"mainEntityOfPage\":{\"@id\":\"https:\\\/\\\/www.cidademarketing.com.br\\\/marketing\\\/2019\\\/07\\\/06\\\/abradi-lanca-guia-de-compras-de-comunicacao-digital\\\/\"},\"wordCount\":564,\"commentCount\":0,\"publisher\":{\"@id\":\"https:\\\/\\\/www.cidademarketing.com.br\\\/marketing\\\/#organization\"},\"image\":{\"@id\":\"https:\\\/\\\/www.cidademarketing.com.br\\\/marketing\\\/2019\\\/07\\\/06\\\/abradi-lanca-guia-de-compras-de-comunicacao-digital\\\/#primaryimage\"},\"thumbnailUrl\":\"https:\\\/\\\/www.cidademarketing.com.br\\\/marketing\\\/wp-content\\\/uploads\\\/2019\\\/07\\\/Capa-Guia-ABRADi-de-Compras-de-Comunica\u00e7\u00e3o-Digital-1.jpg\",\"keywords\":[\"ABRADi\",\"comunica\u00e7\u00e3o\",\"estrat\u00e9gia\"],\"articleSection\":[\"Not\u00edcias\"],\"inLanguage\":\"pt-BR\",\"potentialAction\":[{\"@type\":\"CommentAction\",\"name\":\"Comment\",\"target\":[\"https:\\\/\\\/www.cidademarketing.com.br\\\/marketing\\\/2019\\\/07\\\/06\\\/abradi-lanca-guia-de-compras-de-comunicacao-digital\\\/#respond\"]}]},{\"@type\":\"WebPage\",\"@id\":\"https:\\\/\\\/www.cidademarketing.com.br\\\/marketing\\\/2019\\\/07\\\/06\\\/abradi-lanca-guia-de-compras-de-comunicacao-digital\\\/\",\"url\":\"https:\\\/\\\/www.cidademarketing.com.br\\\/marketing\\\/2019\\\/07\\\/06\\\/abradi-lanca-guia-de-compras-de-comunicacao-digital\\\/\",\"name\":\"ABRADi lan\u00e7a Guia de Compras de Comunica\u00e7\u00e3o Digital - CidadeMarketing\",\"isPartOf\":{\"@id\":\"https:\\\/\\\/www.cidademarketing.com.br\\\/marketing\\\/#website\"},\"primaryImageOfPage\":{\"@id\":\"https:\\\/\\\/www.cidademarketing.com.br\\\/marketing\\\/2019\\\/07\\\/06\\\/abradi-lanca-guia-de-compras-de-comunicacao-digital\\\/#primaryimage\"},\"image\":{\"@id\":\"https:\\\/\\\/www.cidademarketing.com.br\\\/marketing\\\/2019\\\/07\\\/06\\\/abradi-lanca-guia-de-compras-de-comunicacao-digital\\\/#primaryimage\"},\"thumbnailUrl\":\"https:\\\/\\\/www.cidademarketing.com.br\\\/marketing\\\/wp-content\\\/uploads\\\/2019\\\/07\\\/Capa-Guia-ABRADi-de-Compras-de-Comunica\u00e7\u00e3o-Digital-1.jpg\",\"datePublished\":\"2019-07-06T10:36:06+00:00\",\"dateModified\":\"2019-07-06T10:36:08+00:00\",\"breadcrumb\":{\"@id\":\"https:\\\/\\\/www.cidademarketing.com.br\\\/marketing\\\/2019\\\/07\\\/06\\\/abradi-lanca-guia-de-compras-de-comunicacao-digital\\\/#breadcrumb\"},\"inLanguage\":\"pt-BR\",\"potentialAction\":[{\"@type\":\"ReadAction\",\"target\":[\"https:\\\/\\\/www.cidademarketing.com.br\\\/marketing\\\/2019\\\/07\\\/06\\\/abradi-lanca-guia-de-compras-de-comunicacao-digital\\\/\"]}]},{\"@type\":\"ImageObject\",\"inLanguage\":\"pt-BR\",\"@id\":\"https:\\\/\\\/www.cidademarketing.com.br\\\/marketing\\\/2019\\\/07\\\/06\\\/abradi-lanca-guia-de-compras-de-comunicacao-digital\\\/#primaryimage\",\"url\":\"https:\\\/\\\/www.cidademarketing.com.br\\\/marketing\\\/wp-content\\\/uploads\\\/2019\\\/07\\\/Capa-Guia-ABRADi-de-Compras-de-Comunica\u00e7\u00e3o-Digital-1.jpg\",\"contentUrl\":\"https:\\\/\\\/www.cidademarketing.com.br\\\/marketing\\\/wp-content\\\/uploads\\\/2019\\\/07\\\/Capa-Guia-ABRADi-de-Compras-de-Comunica\u00e7\u00e3o-Digital-1.jpg\",\"width\":800,\"height\":1132},{\"@type\":\"BreadcrumbList\",\"@id\":\"https:\\\/\\\/www.cidademarketing.com.br\\\/marketing\\\/2019\\\/07\\\/06\\\/abradi-lanca-guia-de-compras-de-comunicacao-digital\\\/#breadcrumb\",\"itemListElement\":[{\"@type\":\"ListItem\",\"position\":1,\"name\":\"In\u00edcio\",\"item\":\"https:\\\/\\\/www.cidademarketing.com.br\\\/marketing\\\/\"},{\"@type\":\"ListItem\",\"position\":2,\"name\":\"ABRADi lan\u00e7a Guia de Compras de Comunica\u00e7\u00e3o Digital\"}]},{\"@type\":\"WebSite\",\"@id\":\"https:\\\/\\\/www.cidademarketing.com.br\\\/marketing\\\/#website\",\"url\":\"https:\\\/\\\/www.cidademarketing.com.br\\\/marketing\\\/\",\"name\":\"CidadeMarketing\",\"description\":\"Somos um ve\u00edculo de comunica\u00e7\u00e3o de destaque no Brasil, reconhecido por conte\u00fados nos segmentos de marketing, empreendedorismo e inova\u00e7\u00e3o.\",\"publisher\":{\"@id\":\"https:\\\/\\\/www.cidademarketing.com.br\\\/marketing\\\/#organization\"},\"alternateName\":\"CidadeMarketing\",\"potentialAction\":[{\"@type\":\"SearchAction\",\"target\":{\"@type\":\"EntryPoint\",\"urlTemplate\":\"https:\\\/\\\/www.cidademarketing.com.br\\\/marketing\\\/?s={search_term_string}\"},\"query-input\":{\"@type\":\"PropertyValueSpecification\",\"valueRequired\":true,\"valueName\":\"search_term_string\"}}],\"inLanguage\":\"pt-BR\"},{\"@type\":\"Organization\",\"@id\":\"https:\\\/\\\/www.cidademarketing.com.br\\\/marketing\\\/#organization\",\"name\":\"CidadeMarketing\",\"alternateName\":\"CidadeMarketing\",\"url\":\"https:\\\/\\\/www.cidademarketing.com.br\\\/marketing\\\/\",\"logo\":{\"@type\":\"ImageObject\",\"inLanguage\":\"pt-BR\",\"@id\":\"https:\\\/\\\/www.cidademarketing.com.br\\\/marketing\\\/#\\\/schema\\\/logo\\\/image\\\/\",\"url\":\"https:\\\/\\\/www.cidademarketing.com.br\\\/marketing\\\/wp-content\\\/uploads\\\/2020\\\/01\\\/cidademarketing_marca_mobile.png\",\"contentUrl\":\"https:\\\/\\\/www.cidademarketing.com.br\\\/marketing\\\/wp-content\\\/uploads\\\/2020\\\/01\\\/cidademarketing_marca_mobile.png\",\"width\":230,\"height\":92,\"caption\":\"CidadeMarketing\"},\"image\":{\"@id\":\"https:\\\/\\\/www.cidademarketing.com.br\\\/marketing\\\/#\\\/schema\\\/logo\\\/image\\\/\"},\"sameAs\":[\"https:\\\/\\\/www.facebook.com\\\/portalcidademarketing\",\"https:\\\/\\\/x.com\\\/CidadeMarketing\",\"https:\\\/\\\/www.instagram.com\\\/cidademarketing\\\/\"]},{\"@type\":\"Person\",\"@id\":\"https:\\\/\\\/www.cidademarketing.com.br\\\/marketing\\\/#\\\/schema\\\/person\\\/02daff9f18bd9378c9e01eb6b2db155f\",\"name\":\"Thales Brand\u00e3o\",\"image\":{\"@type\":\"ImageObject\",\"inLanguage\":\"pt-BR\",\"@id\":\"https:\\\/\\\/secure.gravatar.com\\\/avatar\\\/7ca3206950207cc3cb48feec56a8a7898741ab725c368d99d5d7a5a50aab80c6?s=96&d=mm&r=g\",\"url\":\"https:\\\/\\\/secure.gravatar.com\\\/avatar\\\/7ca3206950207cc3cb48feec56a8a7898741ab725c368d99d5d7a5a50aab80c6?s=96&d=mm&r=g\",\"contentUrl\":\"https:\\\/\\\/secure.gravatar.com\\\/avatar\\\/7ca3206950207cc3cb48feec56a8a7898741ab725c368d99d5d7a5a50aab80c6?s=96&d=mm&r=g\",\"caption\":\"Thales Brand\u00e3o\"},\"description\":\"Editor Executivo do Portal CidadeMarketing.com.br &gt; Mestre em Comunica\u00e7\u00e3o e Sociedade pela Universidade Federal de Sergipe. Possui MBA Executivo em Administra\u00e7\u00e3o com \u00eanfase em Marketing pela Funda\u00e7\u00e3o Get\u00falio Vargas - Rio de Janeiro. Consultor, Palestrante e Pesquisador sobre Empreendedorismo, Marketing, Redes Sociais e Neg\u00f3cios Digitais. Professor, Palestrante TedxTalks e Campus Party. Twitter: @ThalesBrandao\",\"sameAs\":[\"http:\\\/\\\/www.mandacaru.com.br\",\"https:\\\/\\\/www.facebook.com\\\/thalesbrandao\",\"http:\\\/\\\/www.instagram.com.br\\\/thalesbrandaoferreira\",\"https:\\\/\\\/www.linkedin.com\\\/in\\\/thales-brand\u00e3o-3948609\\\/\",\"https:\\\/\\\/x.com\\\/http:\\\/\\\/www.twitter.com\\\/thalesbrandao\"],\"url\":\"https:\\\/\\\/www.cidademarketing.com.br\\\/marketing\\\/author\\\/thalesbrandao\\\/\"}]}<\/script>\n<!-- \/ Yoast SEO plugin. -->","yoast_head_json":{"title":"ABRADi lan\u00e7a Guia de Compras de Comunica\u00e7\u00e3o Digital - CidadeMarketing","robots":{"index":"index","follow":"follow","max-snippet":"max-snippet:-1","max-image-preview":"max-image-preview:large","max-video-preview":"max-video-preview:-1"},"canonical":"https:\/\/www.cidademarketing.com.br\/marketing\/2019\/07\/06\/abradi-lanca-guia-de-compras-de-comunicacao-digital\/","og_locale":"pt_BR","og_type":"article","og_title":"ABRADi lan\u00e7a Guia de Compras de Comunica\u00e7\u00e3o Digital - CidadeMarketing","og_description":"A ABRADi &#8211; Associa\u00e7\u00e3o Brasileira de Agentes Digitais &#8211; acaba de lan\u00e7ar um conte\u00fado in\u00e9dito para o mercado, o Guia de Compras de Comunica\u00e7\u00e3o Digital, que busca auxiliar empresas privadas e p\u00fablicas na cria\u00e7\u00e3o de concorr\u00eancias eficientes para contratar servi\u00e7os digitais. Acesse aqui para o download gratuito do Guia de Compras de Comunica\u00e7\u00e3o Digital.&nbsp; \u201cNo [&hellip;]","og_url":"https:\/\/www.cidademarketing.com.br\/marketing\/2019\/07\/06\/abradi-lanca-guia-de-compras-de-comunicacao-digital\/","og_site_name":"CidadeMarketing","article_publisher":"https:\/\/www.facebook.com\/portalcidademarketing","article_author":"https:\/\/www.facebook.com\/thalesbrandao","article_published_time":"2019-07-06T10:36:06+00:00","article_modified_time":"2019-07-06T10:36:08+00:00","og_image":[{"width":800,"height":1132,"url":"https:\/\/www.cidademarketing.com.br\/marketing\/wp-content\/uploads\/2019\/07\/Capa-Guia-ABRADi-de-Compras-de-Comunica\u00e7\u00e3o-Digital-1.jpg","type":"image\/jpeg"}],"author":"Thales Brand\u00e3o","twitter_card":"summary_large_image","twitter_creator":"@http:\/\/www.twitter.com\/thalesbrandao","twitter_site":"@CidadeMarketing","twitter_misc":{"Escrito por":"Thales Brand\u00e3o","Est. tempo de leitura":"3 minutos"},"schema":{"@context":"https:\/\/schema.org","@graph":[{"@type":"Article","@id":"https:\/\/www.cidademarketing.com.br\/marketing\/2019\/07\/06\/abradi-lanca-guia-de-compras-de-comunicacao-digital\/#article","isPartOf":{"@id":"https:\/\/www.cidademarketing.com.br\/marketing\/2019\/07\/06\/abradi-lanca-guia-de-compras-de-comunicacao-digital\/"},"author":{"name":"Thales Brand\u00e3o","@id":"https:\/\/www.cidademarketing.com.br\/marketing\/#\/schema\/person\/02daff9f18bd9378c9e01eb6b2db155f"},"headline":"ABRADi lan\u00e7a Guia de Compras de Comunica\u00e7\u00e3o Digital","datePublished":"2019-07-06T10:36:06+00:00","dateModified":"2019-07-06T10:36:08+00:00","mainEntityOfPage":{"@id":"https:\/\/www.cidademarketing.com.br\/marketing\/2019\/07\/06\/abradi-lanca-guia-de-compras-de-comunicacao-digital\/"},"wordCount":564,"commentCount":0,"publisher":{"@id":"https:\/\/www.cidademarketing.com.br\/marketing\/#organization"},"image":{"@id":"https:\/\/www.cidademarketing.com.br\/marketing\/2019\/07\/06\/abradi-lanca-guia-de-compras-de-comunicacao-digital\/#primaryimage"},"thumbnailUrl":"https:\/\/www.cidademarketing.com.br\/marketing\/wp-content\/uploads\/2019\/07\/Capa-Guia-ABRADi-de-Compras-de-Comunica\u00e7\u00e3o-Digital-1.jpg","keywords":["ABRADi","comunica\u00e7\u00e3o","estrat\u00e9gia"],"articleSection":["Not\u00edcias"],"inLanguage":"pt-BR","potentialAction":[{"@type":"CommentAction","name":"Comment","target":["https:\/\/www.cidademarketing.com.br\/marketing\/2019\/07\/06\/abradi-lanca-guia-de-compras-de-comunicacao-digital\/#respond"]}]},{"@type":"WebPage","@id":"https:\/\/www.cidademarketing.com.br\/marketing\/2019\/07\/06\/abradi-lanca-guia-de-compras-de-comunicacao-digital\/","url":"https:\/\/www.cidademarketing.com.br\/marketing\/2019\/07\/06\/abradi-lanca-guia-de-compras-de-comunicacao-digital\/","name":"ABRADi lan\u00e7a Guia de Compras de Comunica\u00e7\u00e3o Digital - CidadeMarketing","isPartOf":{"@id":"https:\/\/www.cidademarketing.com.br\/marketing\/#website"},"primaryImageOfPage":{"@id":"https:\/\/www.cidademarketing.com.br\/marketing\/2019\/07\/06\/abradi-lanca-guia-de-compras-de-comunicacao-digital\/#primaryimage"},"image":{"@id":"https:\/\/www.cidademarketing.com.br\/marketing\/2019\/07\/06\/abradi-lanca-guia-de-compras-de-comunicacao-digital\/#primaryimage"},"thumbnailUrl":"https:\/\/www.cidademarketing.com.br\/marketing\/wp-content\/uploads\/2019\/07\/Capa-Guia-ABRADi-de-Compras-de-Comunica\u00e7\u00e3o-Digital-1.jpg","datePublished":"2019-07-06T10:36:06+00:00","dateModified":"2019-07-06T10:36:08+00:00","breadcrumb":{"@id":"https:\/\/www.cidademarketing.com.br\/marketing\/2019\/07\/06\/abradi-lanca-guia-de-compras-de-comunicacao-digital\/#breadcrumb"},"inLanguage":"pt-BR","potentialAction":[{"@type":"ReadAction","target":["https:\/\/www.cidademarketing.com.br\/marketing\/2019\/07\/06\/abradi-lanca-guia-de-compras-de-comunicacao-digital\/"]}]},{"@type":"ImageObject","inLanguage":"pt-BR","@id":"https:\/\/www.cidademarketing.com.br\/marketing\/2019\/07\/06\/abradi-lanca-guia-de-compras-de-comunicacao-digital\/#primaryimage","url":"https:\/\/www.cidademarketing.com.br\/marketing\/wp-content\/uploads\/2019\/07\/Capa-Guia-ABRADi-de-Compras-de-Comunica\u00e7\u00e3o-Digital-1.jpg","contentUrl":"https:\/\/www.cidademarketing.com.br\/marketing\/wp-content\/uploads\/2019\/07\/Capa-Guia-ABRADi-de-Compras-de-Comunica\u00e7\u00e3o-Digital-1.jpg","width":800,"height":1132},{"@type":"BreadcrumbList","@id":"https:\/\/www.cidademarketing.com.br\/marketing\/2019\/07\/06\/abradi-lanca-guia-de-compras-de-comunicacao-digital\/#breadcrumb","itemListElement":[{"@type":"ListItem","position":1,"name":"In\u00edcio","item":"https:\/\/www.cidademarketing.com.br\/marketing\/"},{"@type":"ListItem","position":2,"name":"ABRADi lan\u00e7a Guia de Compras de Comunica\u00e7\u00e3o Digital"}]},{"@type":"WebSite","@id":"https:\/\/www.cidademarketing.com.br\/marketing\/#website","url":"https:\/\/www.cidademarketing.com.br\/marketing\/","name":"CidadeMarketing","description":"Somos um ve\u00edculo de comunica\u00e7\u00e3o de destaque no Brasil, reconhecido por conte\u00fados nos segmentos de marketing, empreendedorismo e inova\u00e7\u00e3o.","publisher":{"@id":"https:\/\/www.cidademarketing.com.br\/marketing\/#organization"},"alternateName":"CidadeMarketing","potentialAction":[{"@type":"SearchAction","target":{"@type":"EntryPoint","urlTemplate":"https:\/\/www.cidademarketing.com.br\/marketing\/?s={search_term_string}"},"query-input":{"@type":"PropertyValueSpecification","valueRequired":true,"valueName":"search_term_string"}}],"inLanguage":"pt-BR"},{"@type":"Organization","@id":"https:\/\/www.cidademarketing.com.br\/marketing\/#organization","name":"CidadeMarketing","alternateName":"CidadeMarketing","url":"https:\/\/www.cidademarketing.com.br\/marketing\/","logo":{"@type":"ImageObject","inLanguage":"pt-BR","@id":"https:\/\/www.cidademarketing.com.br\/marketing\/#\/schema\/logo\/image\/","url":"https:\/\/www.cidademarketing.com.br\/marketing\/wp-content\/uploads\/2020\/01\/cidademarketing_marca_mobile.png","contentUrl":"https:\/\/www.cidademarketing.com.br\/marketing\/wp-content\/uploads\/2020\/01\/cidademarketing_marca_mobile.png","width":230,"height":92,"caption":"CidadeMarketing"},"image":{"@id":"https:\/\/www.cidademarketing.com.br\/marketing\/#\/schema\/logo\/image\/"},"sameAs":["https:\/\/www.facebook.com\/portalcidademarketing","https:\/\/x.com\/CidadeMarketing","https:\/\/www.instagram.com\/cidademarketing\/"]},{"@type":"Person","@id":"https:\/\/www.cidademarketing.com.br\/marketing\/#\/schema\/person\/02daff9f18bd9378c9e01eb6b2db155f","name":"Thales Brand\u00e3o","image":{"@type":"ImageObject","inLanguage":"pt-BR","@id":"https:\/\/secure.gravatar.com\/avatar\/7ca3206950207cc3cb48feec56a8a7898741ab725c368d99d5d7a5a50aab80c6?s=96&d=mm&r=g","url":"https:\/\/secure.gravatar.com\/avatar\/7ca3206950207cc3cb48feec56a8a7898741ab725c368d99d5d7a5a50aab80c6?s=96&d=mm&r=g","contentUrl":"https:\/\/secure.gravatar.com\/avatar\/7ca3206950207cc3cb48feec56a8a7898741ab725c368d99d5d7a5a50aab80c6?s=96&d=mm&r=g","caption":"Thales Brand\u00e3o"},"description":"Editor Executivo do Portal CidadeMarketing.com.br &gt; Mestre em Comunica\u00e7\u00e3o e Sociedade pela Universidade Federal de Sergipe. Possui MBA Executivo em Administra\u00e7\u00e3o com \u00eanfase em Marketing pela Funda\u00e7\u00e3o Get\u00falio Vargas - Rio de Janeiro. Consultor, Palestrante e Pesquisador sobre Empreendedorismo, Marketing, Redes Sociais e Neg\u00f3cios Digitais. Professor, Palestrante TedxTalks e Campus Party. Twitter: @ThalesBrandao","sameAs":["http:\/\/www.mandacaru.com.br","https:\/\/www.facebook.com\/thalesbrandao","http:\/\/www.instagram.com.br\/thalesbrandaoferreira","https:\/\/www.linkedin.com\/in\/thales-brand\u00e3o-3948609\/","https:\/\/x.com\/http:\/\/www.twitter.com\/thalesbrandao"],"url":"https:\/\/www.cidademarketing.com.br\/marketing\/author\/thalesbrandao\/"}]}},"amp_enabled":true,"_links":{"self":[{"href":"https:\/\/www.cidademarketing.com.br\/marketing\/wp-json\/wp\/v2\/posts\/9896","targetHints":{"allow":["GET"]}}],"collection":[{"href":"https:\/\/www.cidademarketing.com.br\/marketing\/wp-json\/wp\/v2\/posts"}],"about":[{"href":"https:\/\/www.cidademarketing.com.br\/marketing\/wp-json\/wp\/v2\/types\/post"}],"author":[{"embeddable":true,"href":"https:\/\/www.cidademarketing.com.br\/marketing\/wp-json\/wp\/v2\/users\/1"}],"replies":[{"embeddable":true,"href":"https:\/\/www.cidademarketing.com.br\/marketing\/wp-json\/wp\/v2\/comments?post=9896"}],"version-history":[{"count":1,"href":"https:\/\/www.cidademarketing.com.br\/marketing\/wp-json\/wp\/v2\/posts\/9896\/revisions"}],"predecessor-version":[{"id":9898,"href":"https:\/\/www.cidademarketing.com.br\/marketing\/wp-json\/wp\/v2\/posts\/9896\/revisions\/9898"}],"wp:featuredmedia":[{"embeddable":true,"href":"https:\/\/www.cidademarketing.com.br\/marketing\/wp-json\/wp\/v2\/media\/9897"}],"wp:attachment":[{"href":"https:\/\/www.cidademarketing.com.br\/marketing\/wp-json\/wp\/v2\/media?parent=9896"}],"wp:term":[{"taxonomy":"category","embeddable":true,"href":"https:\/\/www.cidademarketing.com.br\/marketing\/wp-json\/wp\/v2\/categories?post=9896"},{"taxonomy":"post_tag","embeddable":true,"href":"https:\/\/www.cidademarketing.com.br\/marketing\/wp-json\/wp\/v2\/tags?post=9896"}],"curies":[{"name":"wp","href":"https:\/\/api.w.org\/{rel}","templated":true}]}}