{"id":9828,"date":"2019-07-05T02:23:42","date_gmt":"2019-07-04T22:23:42","guid":{"rendered":"https:\/\/www.cidademarketing.com.br\/marketing\/?p=9828"},"modified":"2019-07-05T02:23:45","modified_gmt":"2019-07-04T22:23:45","slug":"nivea-lanca-campanha-focada-no-nordeste","status":"publish","type":"post","link":"https:\/\/www.cidademarketing.com.br\/marketing\/2019\/07\/05\/nivea-lanca-campanha-focada-no-nordeste\/","title":{"rendered":"NIVEA lan\u00e7a campanha focada no Nordeste"},"content":{"rendered":"\n<p>Com\nfoco exclusivo nas consumidoras do Nordeste, NIVEA BRASIL lan\u00e7a no dia 8 de\njulho, a campanha <em>\u201cSe colocando na sua pele\u201d<\/em>, assinada pela FCB Brasil. &nbsp;<\/p>\n\n\n\n<p>Desenvolvida\ncom base em pesquisas locais, a campanha fala sobre a mulher nordestina e\nempatia. O filme de 30\u201d aborda situa\u00e7\u00f5es vividas por tr\u00eas mulheres em tarefas\ncotidianas que se colocam \u201cna pele\u201d de outras, sempre preocupadas em se\najudarem, como a NIVEA, que h\u00e1 100 anos se coloca na pele das consumidoras. A\npe\u00e7a ser\u00e1 desdobrada em tr\u00eas p\u00edlulas de 15\u201d, cada uma contando uma dessas\nhist\u00f3rias.<\/p>\n\n\n\n<p>\u201cO\nconceito do an\u00fancio \u00e9 a empatia. Queremos que as mulheres do Nordeste se\nreconhe\u00e7am na marca NIVEA, associando-a ao cuidado que sempre demonstramos com\nnossas consumidoras. Nossa inten\u00e7\u00e3o \u00e9 refor\u00e7ar essa conex\u00e3o emocional com a\nmulher nordestina, al\u00e9m de valorizar seu orgulho por sua identidade regional\u201d,\nafirma Andr\u00e9a B\u00f3, diretora de marketing da NIVEA Brasil.<\/p>\n\n\n\n<p>A\nvaloriza\u00e7\u00e3o do orgulho regional foi levada em considera\u00e7\u00e3o durante todo o\ndesenvolvimento da campanha. O filme foi todo feito no Nordeste, com\nprofissionais, elenco e produtora locais \u2013 quem assina o filme \u00e9 a baiana\nMandinga Filmes. <\/p>\n\n\n\n<p>\u201cA\nmulher se ajuda cada vez mais, tem cada vez mais empatia, se coloca no lugar da\noutra, na pele da outra&#8230; e pele \u00e9 NIVEA! Nossa ideia nasceu da\u00ed, da verdade\nainda mais nordestina de que as mulheres, assim como a NIVEA, se colocam na\npele das outras para cuidar e ajudar\u201d, comenta Joanna Monteiro, CCO da FCB\nBrasil.<\/p>\n\n\n\n<p>A\ncampanha <em>\u201cSe colocando na sua pele\u201d<\/em> traz os produtos da Linha Azul\nNIVEA, que expressa o DNA da marca em diversos formatos. Todos os itens da\nlinha s\u00e3o inspirados no creme da latinha e foram criados especificamente para\nas diferentes necessidades de cada parte do corpo, podendo ser usado em\ndiversas situa\u00e7\u00f5es do cotidiano.<\/p>\n\n\n\n<p>A\ncampanha entra na TV aberta (Globo), e contar\u00e1 ainda com a\u00e7\u00f5es de merchandising\nno SBT e na Record; al\u00e9m de spots de r\u00e1dio; e ser\u00e1 veiculada nos estados de\nAlagoas, Bahia, Cear\u00e1, Para\u00edba, Pernambuco, Rio Grande do Norte, Sergipe e nas\ncidades de S\u00e3o Lu\u00eds (MA) e Teresina (PI). <\/p>\n\n\n\n<figure class=\"wp-block-embed-youtube wp-block-embed is-type-video is-provider-youtube wp-embed-aspect-16-9 wp-has-aspect-ratio\"><div class=\"wp-block-embed__wrapper\">\n<iframe title=\"Nivea - Se colocando na sua pele\" width=\"640\" height=\"360\" src=\"https:\/\/www.youtube.com\/embed\/fX1MVuKJXJw?feature=oembed&#038;enablejsapi=1\" frameborder=\"0\" allow=\"accelerometer; autoplay; clipboard-write; encrypted-media; gyroscope; picture-in-picture; web-share\" referrerpolicy=\"strict-origin-when-cross-origin\" allowfullscreen><\/iframe>\n<\/div><\/figure>\n\n\n\n<p>FICHA T\u00c9CNICA:<\/p>\n\n\n\n<p>T\u00edtulo:&nbsp;Se\ncolocando na sua pele<\/p>\n\n\n\n<p>Produto:&nbsp;Blue\nRange<\/p>\n\n\n\n<p>Ag\u00eancia:&nbsp;FCB\nBrasil&nbsp;<br>\nDiretora Geral de Cria\u00e7\u00e3o:&nbsp;Joanna&nbsp;Monteiro<\/p>\n\n\n\n<p>Diretor\nExecutivo de Cria\u00e7\u00e3o:&nbsp;Fabio Sim\u00f5es<\/p>\n\n\n\n<p>Diretores\nde Cria\u00e7\u00e3o:&nbsp;Marco Monteiro, Andr\u00e9 Pall\u00fa<\/p>\n\n\n\n<p>Diretoras&nbsp;de\nArte:&nbsp;Carina Caye,&nbsp;Gabriela Fran\u00e7a<\/p>\n\n\n\n<p>Redatoras:&nbsp;Mariana\nAlbuquerque, J\u00falia Calais<\/p>\n\n\n\n<p>Marcas &amp; Neg\u00f3cios:\nCristiane Pereira, T\u00e2nia Muller, Samya Anjos, Luiza Di Bella, Marina Felippe<\/p>\n\n\n\n<p>Planejamento: Luana\nAzeredo, Bruna Rodriguez, Fernanda Neves, Fl\u00e1via Antoniolli<\/p>\n\n\n\n<p>M\u00eddia: Danilo\nCastro, Leonardo Sousa, Angelo Ferronato, Beatriz Vargas.<\/p>\n\n\n\n<p>RTV: Charles Nobili,\nMurillo Moretti, Pedro Lazzuri, Ricardo Magozo, Mariana Carneiro<\/p>\n\n\n\n<p>Produtora de imagem:\nMandinga Filmes<br>\nDire\u00e7\u00e3o: Gustavo Korontai | Lu Guimar\u00e3es<br>\nAtendimento produtora de imagem: Lu Guimar\u00e3es<br>\nMontagem: Gustavo Korontai<br>\nProdutora de finaliza\u00e7\u00e3o: \u00c1tomo VFX | Zumbi Post<\/p>\n\n\n\n<p>Produtora de\na\u00fadio:&nbsp;Cabaret<\/p>\n\n\n\n<p>Produ\u00e7\u00e3o\nMusical:&nbsp;Guile Oliveira<\/p>\n\n\n\n<p>Compositor:&nbsp;Guilherme\nAzem<\/p>\n\n\n\n<p>Mixagem e\nFinaliza\u00e7\u00e3o:&nbsp;Gab Scatolin<\/p>\n\n\n\n<p>Atendimento\nprodutora de \u00e1udio:&nbsp;Ingrid Lopes\/&nbsp;Fl\u00e1via Caparelli<\/p>\n\n\n\n<p>Coordena\u00e7\u00e3o:&nbsp;Verusca\nGarcia\/ Junior Freitas<\/p>\n\n\n\n<p>Locutor:&nbsp;Jussara&nbsp;Maia<\/p>\n\n\n\n<p>Aprova\u00e7\u00e3o do\ncliente: Andrea B\u00f3, Marcela Faconti, L\u00edgia Annunziato, Thais Pitsch <\/p>\n","protected":false},"excerpt":{"rendered":"<p>Com foco exclusivo nas consumidoras do Nordeste, NIVEA BRASIL lan\u00e7a no dia 8 de julho, a campanha \u201cSe colocando na sua pele\u201d, assinada pela FCB Brasil. &nbsp; Desenvolvida com base em pesquisas locais, a campanha fala sobre a mulher nordestina e empatia. O filme de 30\u201d aborda situa\u00e7\u00f5es vividas por tr\u00eas mulheres em tarefas cotidianas [&hellip;]<\/p>\n","protected":false},"author":1,"featured_media":9829,"comment_status":"open","ping_status":"open","sticky":false,"template":"","format":"standard","meta":{"tdm_status":"","tdm_grid_status":"","footnotes":""},"categories":[14],"tags":[65,28,87],"class_list":["post-9828","post","type-post","status-publish","format-standard","has-post-thumbnail","hentry","category-videos","tag-campanha","tag-marketing","tag-nivea"],"yoast_head":"<!-- This site is optimized with the Yoast SEO plugin v27.4 - https:\/\/yoast.com\/product\/yoast-seo-wordpress\/ -->\n<title>NIVEA lan\u00e7a campanha focada no Nordeste - CidadeMarketing<\/title>\n<meta name=\"robots\" content=\"index, follow, max-snippet:-1, max-image-preview:large, max-video-preview:-1\" \/>\n<link rel=\"canonical\" href=\"https:\/\/www.cidademarketing.com.br\/marketing\/2019\/07\/05\/nivea-lanca-campanha-focada-no-nordeste\/\" \/>\n<meta property=\"og:locale\" content=\"pt_BR\" \/>\n<meta property=\"og:type\" content=\"article\" \/>\n<meta property=\"og:title\" content=\"NIVEA lan\u00e7a campanha focada no Nordeste - CidadeMarketing\" \/>\n<meta property=\"og:description\" content=\"Com foco exclusivo nas consumidoras do Nordeste, NIVEA BRASIL lan\u00e7a no dia 8 de julho, a campanha \u201cSe colocando na sua pele\u201d, assinada pela FCB Brasil. &nbsp; Desenvolvida com base em pesquisas locais, a campanha fala sobre a mulher nordestina e empatia. O filme de 30\u201d aborda situa\u00e7\u00f5es vividas por tr\u00eas mulheres em tarefas cotidianas [&hellip;]\" \/>\n<meta property=\"og:url\" content=\"https:\/\/www.cidademarketing.com.br\/marketing\/2019\/07\/05\/nivea-lanca-campanha-focada-no-nordeste\/\" \/>\n<meta property=\"og:site_name\" content=\"CidadeMarketing\" \/>\n<meta property=\"article:publisher\" content=\"https:\/\/www.facebook.com\/portalcidademarketing\" \/>\n<meta property=\"article:author\" content=\"https:\/\/www.facebook.com\/thalesbrandao\" \/>\n<meta property=\"article:published_time\" content=\"2019-07-04T22:23:42+00:00\" \/>\n<meta property=\"article:modified_time\" content=\"2019-07-04T22:23:45+00:00\" \/>\n<meta property=\"og:image\" content=\"https:\/\/www.cidademarketing.com.br\/marketing\/wp-content\/uploads\/2019\/07\/nivea_milk.jpg\" \/>\n\t<meta property=\"og:image:width\" content=\"1080\" \/>\n\t<meta property=\"og:image:height\" content=\"549\" \/>\n\t<meta property=\"og:image:type\" content=\"image\/jpeg\" \/>\n<meta name=\"author\" content=\"Thales Brand\u00e3o\" \/>\n<meta name=\"twitter:card\" content=\"summary_large_image\" \/>\n<meta name=\"twitter:creator\" content=\"@http:\/\/www.twitter.com\/thalesbrandao\" \/>\n<meta name=\"twitter:site\" content=\"@CidadeMarketing\" \/>\n<meta name=\"twitter:label1\" content=\"Escrito por\" \/>\n\t<meta name=\"twitter:data1\" content=\"Thales Brand\u00e3o\" \/>\n\t<meta name=\"twitter:label2\" content=\"Est. tempo de leitura\" \/>\n\t<meta name=\"twitter:data2\" content=\"3 minutos\" \/>\n<script type=\"application\/ld+json\" class=\"yoast-schema-graph\">{\"@context\":\"https:\\\/\\\/schema.org\",\"@graph\":[{\"@type\":\"Article\",\"@id\":\"https:\\\/\\\/www.cidademarketing.com.br\\\/marketing\\\/2019\\\/07\\\/05\\\/nivea-lanca-campanha-focada-no-nordeste\\\/#article\",\"isPartOf\":{\"@id\":\"https:\\\/\\\/www.cidademarketing.com.br\\\/marketing\\\/2019\\\/07\\\/05\\\/nivea-lanca-campanha-focada-no-nordeste\\\/\"},\"author\":{\"name\":\"Thales Brand\u00e3o\",\"@id\":\"https:\\\/\\\/www.cidademarketing.com.br\\\/marketing\\\/#\\\/schema\\\/person\\\/02daff9f18bd9378c9e01eb6b2db155f\"},\"headline\":\"NIVEA lan\u00e7a campanha focada no Nordeste\",\"datePublished\":\"2019-07-04T22:23:42+00:00\",\"dateModified\":\"2019-07-04T22:23:45+00:00\",\"mainEntityOfPage\":{\"@id\":\"https:\\\/\\\/www.cidademarketing.com.br\\\/marketing\\\/2019\\\/07\\\/05\\\/nivea-lanca-campanha-focada-no-nordeste\\\/\"},\"wordCount\":583,\"commentCount\":0,\"publisher\":{\"@id\":\"https:\\\/\\\/www.cidademarketing.com.br\\\/marketing\\\/#organization\"},\"image\":{\"@id\":\"https:\\\/\\\/www.cidademarketing.com.br\\\/marketing\\\/2019\\\/07\\\/05\\\/nivea-lanca-campanha-focada-no-nordeste\\\/#primaryimage\"},\"thumbnailUrl\":\"https:\\\/\\\/www.cidademarketing.com.br\\\/marketing\\\/wp-content\\\/uploads\\\/2019\\\/07\\\/nivea_milk.jpg\",\"keywords\":[\"campanha\",\"marketing\",\"Nivea\"],\"articleSection\":[\"Videos\"],\"inLanguage\":\"pt-BR\",\"potentialAction\":[{\"@type\":\"CommentAction\",\"name\":\"Comment\",\"target\":[\"https:\\\/\\\/www.cidademarketing.com.br\\\/marketing\\\/2019\\\/07\\\/05\\\/nivea-lanca-campanha-focada-no-nordeste\\\/#respond\"]}]},{\"@type\":\"WebPage\",\"@id\":\"https:\\\/\\\/www.cidademarketing.com.br\\\/marketing\\\/2019\\\/07\\\/05\\\/nivea-lanca-campanha-focada-no-nordeste\\\/\",\"url\":\"https:\\\/\\\/www.cidademarketing.com.br\\\/marketing\\\/2019\\\/07\\\/05\\\/nivea-lanca-campanha-focada-no-nordeste\\\/\",\"name\":\"NIVEA lan\u00e7a campanha focada no Nordeste - CidadeMarketing\",\"isPartOf\":{\"@id\":\"https:\\\/\\\/www.cidademarketing.com.br\\\/marketing\\\/#website\"},\"primaryImageOfPage\":{\"@id\":\"https:\\\/\\\/www.cidademarketing.com.br\\\/marketing\\\/2019\\\/07\\\/05\\\/nivea-lanca-campanha-focada-no-nordeste\\\/#primaryimage\"},\"image\":{\"@id\":\"https:\\\/\\\/www.cidademarketing.com.br\\\/marketing\\\/2019\\\/07\\\/05\\\/nivea-lanca-campanha-focada-no-nordeste\\\/#primaryimage\"},\"thumbnailUrl\":\"https:\\\/\\\/www.cidademarketing.com.br\\\/marketing\\\/wp-content\\\/uploads\\\/2019\\\/07\\\/nivea_milk.jpg\",\"datePublished\":\"2019-07-04T22:23:42+00:00\",\"dateModified\":\"2019-07-04T22:23:45+00:00\",\"breadcrumb\":{\"@id\":\"https:\\\/\\\/www.cidademarketing.com.br\\\/marketing\\\/2019\\\/07\\\/05\\\/nivea-lanca-campanha-focada-no-nordeste\\\/#breadcrumb\"},\"inLanguage\":\"pt-BR\",\"potentialAction\":[{\"@type\":\"ReadAction\",\"target\":[\"https:\\\/\\\/www.cidademarketing.com.br\\\/marketing\\\/2019\\\/07\\\/05\\\/nivea-lanca-campanha-focada-no-nordeste\\\/\"]}]},{\"@type\":\"ImageObject\",\"inLanguage\":\"pt-BR\",\"@id\":\"https:\\\/\\\/www.cidademarketing.com.br\\\/marketing\\\/2019\\\/07\\\/05\\\/nivea-lanca-campanha-focada-no-nordeste\\\/#primaryimage\",\"url\":\"https:\\\/\\\/www.cidademarketing.com.br\\\/marketing\\\/wp-content\\\/uploads\\\/2019\\\/07\\\/nivea_milk.jpg\",\"contentUrl\":\"https:\\\/\\\/www.cidademarketing.com.br\\\/marketing\\\/wp-content\\\/uploads\\\/2019\\\/07\\\/nivea_milk.jpg\",\"width\":1080,\"height\":549,\"caption\":\"Reprodu\u00e7\u00e3o\"},{\"@type\":\"BreadcrumbList\",\"@id\":\"https:\\\/\\\/www.cidademarketing.com.br\\\/marketing\\\/2019\\\/07\\\/05\\\/nivea-lanca-campanha-focada-no-nordeste\\\/#breadcrumb\",\"itemListElement\":[{\"@type\":\"ListItem\",\"position\":1,\"name\":\"In\u00edcio\",\"item\":\"https:\\\/\\\/www.cidademarketing.com.br\\\/marketing\\\/\"},{\"@type\":\"ListItem\",\"position\":2,\"name\":\"NIVEA lan\u00e7a campanha focada no Nordeste\"}]},{\"@type\":\"WebSite\",\"@id\":\"https:\\\/\\\/www.cidademarketing.com.br\\\/marketing\\\/#website\",\"url\":\"https:\\\/\\\/www.cidademarketing.com.br\\\/marketing\\\/\",\"name\":\"CidadeMarketing\",\"description\":\"Somos um ve\u00edculo de comunica\u00e7\u00e3o de destaque no Brasil, reconhecido por conte\u00fados nos segmentos de marketing, empreendedorismo e inova\u00e7\u00e3o.\",\"publisher\":{\"@id\":\"https:\\\/\\\/www.cidademarketing.com.br\\\/marketing\\\/#organization\"},\"alternateName\":\"CidadeMarketing\",\"potentialAction\":[{\"@type\":\"SearchAction\",\"target\":{\"@type\":\"EntryPoint\",\"urlTemplate\":\"https:\\\/\\\/www.cidademarketing.com.br\\\/marketing\\\/?s={search_term_string}\"},\"query-input\":{\"@type\":\"PropertyValueSpecification\",\"valueRequired\":true,\"valueName\":\"search_term_string\"}}],\"inLanguage\":\"pt-BR\"},{\"@type\":\"Organization\",\"@id\":\"https:\\\/\\\/www.cidademarketing.com.br\\\/marketing\\\/#organization\",\"name\":\"CidadeMarketing\",\"alternateName\":\"CidadeMarketing\",\"url\":\"https:\\\/\\\/www.cidademarketing.com.br\\\/marketing\\\/\",\"logo\":{\"@type\":\"ImageObject\",\"inLanguage\":\"pt-BR\",\"@id\":\"https:\\\/\\\/www.cidademarketing.com.br\\\/marketing\\\/#\\\/schema\\\/logo\\\/image\\\/\",\"url\":\"https:\\\/\\\/www.cidademarketing.com.br\\\/marketing\\\/wp-content\\\/uploads\\\/2020\\\/01\\\/cidademarketing_marca_mobile.png\",\"contentUrl\":\"https:\\\/\\\/www.cidademarketing.com.br\\\/marketing\\\/wp-content\\\/uploads\\\/2020\\\/01\\\/cidademarketing_marca_mobile.png\",\"width\":230,\"height\":92,\"caption\":\"CidadeMarketing\"},\"image\":{\"@id\":\"https:\\\/\\\/www.cidademarketing.com.br\\\/marketing\\\/#\\\/schema\\\/logo\\\/image\\\/\"},\"sameAs\":[\"https:\\\/\\\/www.facebook.com\\\/portalcidademarketing\",\"https:\\\/\\\/x.com\\\/CidadeMarketing\",\"https:\\\/\\\/www.instagram.com\\\/cidademarketing\\\/\"]},{\"@type\":\"Person\",\"@id\":\"https:\\\/\\\/www.cidademarketing.com.br\\\/marketing\\\/#\\\/schema\\\/person\\\/02daff9f18bd9378c9e01eb6b2db155f\",\"name\":\"Thales Brand\u00e3o\",\"image\":{\"@type\":\"ImageObject\",\"inLanguage\":\"pt-BR\",\"@id\":\"https:\\\/\\\/secure.gravatar.com\\\/avatar\\\/7ca3206950207cc3cb48feec56a8a7898741ab725c368d99d5d7a5a50aab80c6?s=96&d=mm&r=g\",\"url\":\"https:\\\/\\\/secure.gravatar.com\\\/avatar\\\/7ca3206950207cc3cb48feec56a8a7898741ab725c368d99d5d7a5a50aab80c6?s=96&d=mm&r=g\",\"contentUrl\":\"https:\\\/\\\/secure.gravatar.com\\\/avatar\\\/7ca3206950207cc3cb48feec56a8a7898741ab725c368d99d5d7a5a50aab80c6?s=96&d=mm&r=g\",\"caption\":\"Thales Brand\u00e3o\"},\"description\":\"Editor Executivo do Portal CidadeMarketing.com.br &gt; Mestre em Comunica\u00e7\u00e3o e Sociedade pela Universidade Federal de Sergipe. Possui MBA Executivo em Administra\u00e7\u00e3o com \u00eanfase em Marketing pela Funda\u00e7\u00e3o Get\u00falio Vargas - Rio de Janeiro. Consultor, Palestrante e Pesquisador sobre Empreendedorismo, Marketing, Redes Sociais e Neg\u00f3cios Digitais. Professor, Palestrante TedxTalks e Campus Party. Twitter: @ThalesBrandao\",\"sameAs\":[\"http:\\\/\\\/www.mandacaru.com.br\",\"https:\\\/\\\/www.facebook.com\\\/thalesbrandao\",\"http:\\\/\\\/www.instagram.com.br\\\/thalesbrandaoferreira\",\"https:\\\/\\\/www.linkedin.com\\\/in\\\/thales-brand\u00e3o-3948609\\\/\",\"https:\\\/\\\/x.com\\\/http:\\\/\\\/www.twitter.com\\\/thalesbrandao\"],\"url\":\"https:\\\/\\\/www.cidademarketing.com.br\\\/marketing\\\/author\\\/thalesbrandao\\\/\"}]}<\/script>\n<!-- \/ Yoast SEO plugin. -->","yoast_head_json":{"title":"NIVEA lan\u00e7a campanha focada no Nordeste - CidadeMarketing","robots":{"index":"index","follow":"follow","max-snippet":"max-snippet:-1","max-image-preview":"max-image-preview:large","max-video-preview":"max-video-preview:-1"},"canonical":"https:\/\/www.cidademarketing.com.br\/marketing\/2019\/07\/05\/nivea-lanca-campanha-focada-no-nordeste\/","og_locale":"pt_BR","og_type":"article","og_title":"NIVEA lan\u00e7a campanha focada no Nordeste - CidadeMarketing","og_description":"Com foco exclusivo nas consumidoras do Nordeste, NIVEA BRASIL lan\u00e7a no dia 8 de julho, a campanha \u201cSe colocando na sua pele\u201d, assinada pela FCB Brasil. &nbsp; Desenvolvida com base em pesquisas locais, a campanha fala sobre a mulher nordestina e empatia. O filme de 30\u201d aborda situa\u00e7\u00f5es vividas por tr\u00eas mulheres em tarefas cotidianas [&hellip;]","og_url":"https:\/\/www.cidademarketing.com.br\/marketing\/2019\/07\/05\/nivea-lanca-campanha-focada-no-nordeste\/","og_site_name":"CidadeMarketing","article_publisher":"https:\/\/www.facebook.com\/portalcidademarketing","article_author":"https:\/\/www.facebook.com\/thalesbrandao","article_published_time":"2019-07-04T22:23:42+00:00","article_modified_time":"2019-07-04T22:23:45+00:00","og_image":[{"width":1080,"height":549,"url":"https:\/\/www.cidademarketing.com.br\/marketing\/wp-content\/uploads\/2019\/07\/nivea_milk.jpg","type":"image\/jpeg"}],"author":"Thales Brand\u00e3o","twitter_card":"summary_large_image","twitter_creator":"@http:\/\/www.twitter.com\/thalesbrandao","twitter_site":"@CidadeMarketing","twitter_misc":{"Escrito por":"Thales Brand\u00e3o","Est. tempo de leitura":"3 minutos"},"schema":{"@context":"https:\/\/schema.org","@graph":[{"@type":"Article","@id":"https:\/\/www.cidademarketing.com.br\/marketing\/2019\/07\/05\/nivea-lanca-campanha-focada-no-nordeste\/#article","isPartOf":{"@id":"https:\/\/www.cidademarketing.com.br\/marketing\/2019\/07\/05\/nivea-lanca-campanha-focada-no-nordeste\/"},"author":{"name":"Thales Brand\u00e3o","@id":"https:\/\/www.cidademarketing.com.br\/marketing\/#\/schema\/person\/02daff9f18bd9378c9e01eb6b2db155f"},"headline":"NIVEA lan\u00e7a campanha focada no Nordeste","datePublished":"2019-07-04T22:23:42+00:00","dateModified":"2019-07-04T22:23:45+00:00","mainEntityOfPage":{"@id":"https:\/\/www.cidademarketing.com.br\/marketing\/2019\/07\/05\/nivea-lanca-campanha-focada-no-nordeste\/"},"wordCount":583,"commentCount":0,"publisher":{"@id":"https:\/\/www.cidademarketing.com.br\/marketing\/#organization"},"image":{"@id":"https:\/\/www.cidademarketing.com.br\/marketing\/2019\/07\/05\/nivea-lanca-campanha-focada-no-nordeste\/#primaryimage"},"thumbnailUrl":"https:\/\/www.cidademarketing.com.br\/marketing\/wp-content\/uploads\/2019\/07\/nivea_milk.jpg","keywords":["campanha","marketing","Nivea"],"articleSection":["Videos"],"inLanguage":"pt-BR","potentialAction":[{"@type":"CommentAction","name":"Comment","target":["https:\/\/www.cidademarketing.com.br\/marketing\/2019\/07\/05\/nivea-lanca-campanha-focada-no-nordeste\/#respond"]}]},{"@type":"WebPage","@id":"https:\/\/www.cidademarketing.com.br\/marketing\/2019\/07\/05\/nivea-lanca-campanha-focada-no-nordeste\/","url":"https:\/\/www.cidademarketing.com.br\/marketing\/2019\/07\/05\/nivea-lanca-campanha-focada-no-nordeste\/","name":"NIVEA lan\u00e7a campanha focada no Nordeste - CidadeMarketing","isPartOf":{"@id":"https:\/\/www.cidademarketing.com.br\/marketing\/#website"},"primaryImageOfPage":{"@id":"https:\/\/www.cidademarketing.com.br\/marketing\/2019\/07\/05\/nivea-lanca-campanha-focada-no-nordeste\/#primaryimage"},"image":{"@id":"https:\/\/www.cidademarketing.com.br\/marketing\/2019\/07\/05\/nivea-lanca-campanha-focada-no-nordeste\/#primaryimage"},"thumbnailUrl":"https:\/\/www.cidademarketing.com.br\/marketing\/wp-content\/uploads\/2019\/07\/nivea_milk.jpg","datePublished":"2019-07-04T22:23:42+00:00","dateModified":"2019-07-04T22:23:45+00:00","breadcrumb":{"@id":"https:\/\/www.cidademarketing.com.br\/marketing\/2019\/07\/05\/nivea-lanca-campanha-focada-no-nordeste\/#breadcrumb"},"inLanguage":"pt-BR","potentialAction":[{"@type":"ReadAction","target":["https:\/\/www.cidademarketing.com.br\/marketing\/2019\/07\/05\/nivea-lanca-campanha-focada-no-nordeste\/"]}]},{"@type":"ImageObject","inLanguage":"pt-BR","@id":"https:\/\/www.cidademarketing.com.br\/marketing\/2019\/07\/05\/nivea-lanca-campanha-focada-no-nordeste\/#primaryimage","url":"https:\/\/www.cidademarketing.com.br\/marketing\/wp-content\/uploads\/2019\/07\/nivea_milk.jpg","contentUrl":"https:\/\/www.cidademarketing.com.br\/marketing\/wp-content\/uploads\/2019\/07\/nivea_milk.jpg","width":1080,"height":549,"caption":"Reprodu\u00e7\u00e3o"},{"@type":"BreadcrumbList","@id":"https:\/\/www.cidademarketing.com.br\/marketing\/2019\/07\/05\/nivea-lanca-campanha-focada-no-nordeste\/#breadcrumb","itemListElement":[{"@type":"ListItem","position":1,"name":"In\u00edcio","item":"https:\/\/www.cidademarketing.com.br\/marketing\/"},{"@type":"ListItem","position":2,"name":"NIVEA lan\u00e7a campanha focada no Nordeste"}]},{"@type":"WebSite","@id":"https:\/\/www.cidademarketing.com.br\/marketing\/#website","url":"https:\/\/www.cidademarketing.com.br\/marketing\/","name":"CidadeMarketing","description":"Somos um ve\u00edculo de comunica\u00e7\u00e3o de destaque no Brasil, reconhecido por conte\u00fados nos segmentos de marketing, empreendedorismo e inova\u00e7\u00e3o.","publisher":{"@id":"https:\/\/www.cidademarketing.com.br\/marketing\/#organization"},"alternateName":"CidadeMarketing","potentialAction":[{"@type":"SearchAction","target":{"@type":"EntryPoint","urlTemplate":"https:\/\/www.cidademarketing.com.br\/marketing\/?s={search_term_string}"},"query-input":{"@type":"PropertyValueSpecification","valueRequired":true,"valueName":"search_term_string"}}],"inLanguage":"pt-BR"},{"@type":"Organization","@id":"https:\/\/www.cidademarketing.com.br\/marketing\/#organization","name":"CidadeMarketing","alternateName":"CidadeMarketing","url":"https:\/\/www.cidademarketing.com.br\/marketing\/","logo":{"@type":"ImageObject","inLanguage":"pt-BR","@id":"https:\/\/www.cidademarketing.com.br\/marketing\/#\/schema\/logo\/image\/","url":"https:\/\/www.cidademarketing.com.br\/marketing\/wp-content\/uploads\/2020\/01\/cidademarketing_marca_mobile.png","contentUrl":"https:\/\/www.cidademarketing.com.br\/marketing\/wp-content\/uploads\/2020\/01\/cidademarketing_marca_mobile.png","width":230,"height":92,"caption":"CidadeMarketing"},"image":{"@id":"https:\/\/www.cidademarketing.com.br\/marketing\/#\/schema\/logo\/image\/"},"sameAs":["https:\/\/www.facebook.com\/portalcidademarketing","https:\/\/x.com\/CidadeMarketing","https:\/\/www.instagram.com\/cidademarketing\/"]},{"@type":"Person","@id":"https:\/\/www.cidademarketing.com.br\/marketing\/#\/schema\/person\/02daff9f18bd9378c9e01eb6b2db155f","name":"Thales Brand\u00e3o","image":{"@type":"ImageObject","inLanguage":"pt-BR","@id":"https:\/\/secure.gravatar.com\/avatar\/7ca3206950207cc3cb48feec56a8a7898741ab725c368d99d5d7a5a50aab80c6?s=96&d=mm&r=g","url":"https:\/\/secure.gravatar.com\/avatar\/7ca3206950207cc3cb48feec56a8a7898741ab725c368d99d5d7a5a50aab80c6?s=96&d=mm&r=g","contentUrl":"https:\/\/secure.gravatar.com\/avatar\/7ca3206950207cc3cb48feec56a8a7898741ab725c368d99d5d7a5a50aab80c6?s=96&d=mm&r=g","caption":"Thales Brand\u00e3o"},"description":"Editor Executivo do Portal CidadeMarketing.com.br &gt; Mestre em Comunica\u00e7\u00e3o e Sociedade pela Universidade Federal de Sergipe. Possui MBA Executivo em Administra\u00e7\u00e3o com \u00eanfase em Marketing pela Funda\u00e7\u00e3o Get\u00falio Vargas - Rio de Janeiro. Consultor, Palestrante e Pesquisador sobre Empreendedorismo, Marketing, Redes Sociais e Neg\u00f3cios Digitais. Professor, Palestrante TedxTalks e Campus Party. Twitter: @ThalesBrandao","sameAs":["http:\/\/www.mandacaru.com.br","https:\/\/www.facebook.com\/thalesbrandao","http:\/\/www.instagram.com.br\/thalesbrandaoferreira","https:\/\/www.linkedin.com\/in\/thales-brand\u00e3o-3948609\/","https:\/\/x.com\/http:\/\/www.twitter.com\/thalesbrandao"],"url":"https:\/\/www.cidademarketing.com.br\/marketing\/author\/thalesbrandao\/"}]}},"amp_enabled":true,"_links":{"self":[{"href":"https:\/\/www.cidademarketing.com.br\/marketing\/wp-json\/wp\/v2\/posts\/9828","targetHints":{"allow":["GET"]}}],"collection":[{"href":"https:\/\/www.cidademarketing.com.br\/marketing\/wp-json\/wp\/v2\/posts"}],"about":[{"href":"https:\/\/www.cidademarketing.com.br\/marketing\/wp-json\/wp\/v2\/types\/post"}],"author":[{"embeddable":true,"href":"https:\/\/www.cidademarketing.com.br\/marketing\/wp-json\/wp\/v2\/users\/1"}],"replies":[{"embeddable":true,"href":"https:\/\/www.cidademarketing.com.br\/marketing\/wp-json\/wp\/v2\/comments?post=9828"}],"version-history":[{"count":1,"href":"https:\/\/www.cidademarketing.com.br\/marketing\/wp-json\/wp\/v2\/posts\/9828\/revisions"}],"predecessor-version":[{"id":9830,"href":"https:\/\/www.cidademarketing.com.br\/marketing\/wp-json\/wp\/v2\/posts\/9828\/revisions\/9830"}],"wp:featuredmedia":[{"embeddable":true,"href":"https:\/\/www.cidademarketing.com.br\/marketing\/wp-json\/wp\/v2\/media\/9829"}],"wp:attachment":[{"href":"https:\/\/www.cidademarketing.com.br\/marketing\/wp-json\/wp\/v2\/media?parent=9828"}],"wp:term":[{"taxonomy":"category","embeddable":true,"href":"https:\/\/www.cidademarketing.com.br\/marketing\/wp-json\/wp\/v2\/categories?post=9828"},{"taxonomy":"post_tag","embeddable":true,"href":"https:\/\/www.cidademarketing.com.br\/marketing\/wp-json\/wp\/v2\/tags?post=9828"}],"curies":[{"name":"wp","href":"https:\/\/api.w.org\/{rel}","templated":true}]}}