{"id":9732,"date":"2019-07-02T15:50:06","date_gmt":"2019-07-02T11:50:06","guid":{"rendered":"https:\/\/www.cidademarketing.com.br\/marketing\/?p=9732"},"modified":"2019-07-02T15:50:08","modified_gmt":"2019-07-02T11:50:08","slug":"floratil-lanca-campanha-salve-a-flora-chegadepiriri","status":"publish","type":"post","link":"https:\/\/www.cidademarketing.com.br\/marketing\/2019\/07\/02\/floratil-lanca-campanha-salve-a-flora-chegadepiriri\/","title":{"rendered":"Floratil lan\u00e7a campanha &#8220;Salve a Flora! #ChegaDePiriri&#8221;"},"content":{"rendered":"\n<p>Floratil, regulador intestinal \u00e0 base de probi\u00f3tico, apresenta seu novo posicionamento, sob o conceito \u201cContra a diarreia, pela flora intestinal, o mundo todo pede&nbsp;Floratil\u201c, criado pela ag\u00eancia Santa Clara. Esta \u00e9 a primeira campanha da marca ap\u00f3s ser integrada ao portf\u00f3lio da farmac\u00eautica Natulab&nbsp;e deve nortear toda a estrat\u00e9gia de comunica\u00e7\u00e3o do produto, das campanhas on e off-line aos pontos de venda.<\/p>\n\n\n\n<p>A campanha apresenta um grupo diferente de pessoas: os ativistas \u201cPr\u00f3-Bi\u00f3ticos\u201d. De um jeito l\u00fadico, eles representam a defesa da flora intestinal que o&nbsp;medicamento faz. No filme de lan\u00e7amento, vemos esse grupo em uma passeata de rua,&nbsp;entoando frases como \u201cSalve a Flora\u201d, \u201cJuntos pela flora\u201d, \u201cDiarreia, n\u00e3o!\u201d. Em tom descontra\u00eddo, o filme busca quebrar tabus ao mostrar que todo mundo j\u00e1 teve piriri, mas tamb\u00e9m pode ter uma flora intestinal mais saud\u00e1vel. Por isso, o produto \u00e9 recomendado em qualquer idade. A campanha tamb\u00e9m refor\u00e7a que o medicamento recupera a flora intestinal e age quatro vezes mais r\u00e1pido contra a diarreia do que outros probi\u00f3ticos.<\/p>\n\n\n\n<p>\u201cEsta \u00e9 uma grande conquista que complementa o portf\u00f3lio da Natulab de maneira estrat\u00e9gica, representando um importante investimento que refor\u00e7a nossa posi\u00e7\u00e3o entre as l\u00edderes do mercado\u201d, explica Zeca de Lucca, diretor de marketing da Natulab.<\/p>\n\n\n\n<p>A campanha \u00e9 o fruto mais recente de um Sprint Criativo, uma das ofertas da Santa Clara. Assim, nasceu de uma metodologia que reuniu profissionais de diversas \u00e1reas, pensando de maneira concentrada em formas de criar uma rela\u00e7\u00e3o emocional com a marca Floratil, explica Leo Avila, VP de Cria\u00e7\u00e3o da Santa Clara. \u201c\u00c9 um orgulho ser essa a campanha que inaugura a hist\u00f3ria de Floratil com a Natulab, e tamb\u00e9m a hist\u00f3ria da Santa Clara com a Natulab. Principalmente porque ela nasceu de um Sprint Criativo, que mobilizou boa parte da equipe em torno de um mesmo objetivo: criar uma narrativa que d\u00e1 o papel de grande salvadora para a marca, contra um mal comum a todo mundo\u201d.<\/p>\n\n\n\n<p>O filme pode ser conferido na TV aberta e em canais por assinatura, com desdobramento da campanha nas redes sociais da marca. A produ\u00e7\u00e3o \u00e9 da Sentimental Filme.<\/p>\n\n\n\n<figure class=\"wp-block-embed-youtube wp-block-embed is-type-video is-provider-youtube wp-embed-aspect-16-9 wp-has-aspect-ratio\"><div class=\"wp-block-embed__wrapper\">\nhttps:\/\/www.youtube.com\/watch?v=zZTCSXLKj0k\n<\/div><\/figure>\n\n\n\n<p><strong>Ficha T\u00e9cnica<br>\n<\/strong>Ag\u00eancia:&nbsp;Santa Clara<br>\nAnunciante: Natulab<br>\nProduto:&nbsp;Floratil<br>\nCampanha: Pr\u00f3-bi\u00f3ticos<br>\nCEO:&nbsp;Ulisses Zamboni<br>\nCria\u00e7\u00e3o:&nbsp;Santa Clara<br>\nVP de Planejamento:&nbsp;Lorenzo Mendoza<br>\nPlanejamento:&nbsp;Patr\u00edcia Marco Soares, Luan Urban<br>\nAtendimento:&nbsp;Thamy Ortiz, Gabriela Nogueira, Camila Reis<br>\nVP de M\u00eddia:&nbsp;Flavio de Pauw<br>\nM\u00eddia:&nbsp;Juliana Alsberg, Luis Santana, Ana Julia Crivellaro<br>\nProdu\u00e7\u00e3o de RTV:&nbsp;Camila Ximenes, Fl\u00e1via Afonso, Luciana Donadio<br>\nProdutora: Sentimental Filme<br>\nDire\u00e7\u00e3o de cena:&nbsp;MIG<br>\nProdu\u00e7\u00e3o executiva:&nbsp;Marcos Araujo<br>\nDiretor executivo de publicidade:&nbsp;Felipe Cama<br>\nDiretora operacional e atendimento:&nbsp;Renata Pimenta<br>\nAtendimento:&nbsp;Paula Ferrari, Adriana Putini<br>\nHead de produ\u00e7\u00e3o:&nbsp;Renata Picheco<br>\nCoordena\u00e7\u00e3o de produ\u00e7\u00e3o:&nbsp;Filipe Andrade, Cynthia Gama<br>\nDiretor fotografia:&nbsp;Leonardo Ordog Kawabe<br>\nDiretor de arte:&nbsp;Ot\u00e1vio Texeira Fran\u00e7oso<br>\nP\u00f3s-produ\u00e7\u00e3o: Sentimental Filme<br>\nCoordena\u00e7\u00e3o de p\u00f3s-produ\u00e7\u00e3o:&nbsp;Zeca Daniel<br>\nAtendimento de p\u00f3s-produ\u00e7\u00e3o:&nbsp;Layssa Pascher<br>\nMontador: Rogerio Ferreira Alves<br>\nColor: Bleach<br>\nAprova\u00e7\u00e3o cliente:&nbsp;Wilson Borges, Zeca de Lucca,&nbsp;Luis Faloppa,&nbsp;Mayara Saradie<\/p>\n","protected":false},"excerpt":{"rendered":"<p>Floratil, regulador intestinal \u00e0 base de probi\u00f3tico, apresenta seu novo posicionamento, sob o conceito \u201cContra a diarreia, pela flora intestinal, o mundo todo pede&nbsp;Floratil\u201c, criado pela ag\u00eancia Santa Clara. Esta \u00e9 a primeira campanha da marca ap\u00f3s ser integrada ao portf\u00f3lio da farmac\u00eautica Natulab&nbsp;e deve nortear toda a estrat\u00e9gia de comunica\u00e7\u00e3o do produto, das campanhas [&hellip;]<\/p>\n","protected":false},"author":1,"featured_media":9733,"comment_status":"open","ping_status":"open","sticky":false,"template":"","format":"standard","meta":{"tdm_status":"","tdm_grid_status":"","footnotes":""},"categories":[6],"tags":[65,2082,28],"class_list":["post-9732","post","type-post","status-publish","format-standard","has-post-thumbnail","hentry","category-noticias","tag-campanha","tag-floratil","tag-marketing"],"yoast_head":"<!-- This site is optimized with the Yoast SEO plugin v27.5 - https:\/\/yoast.com\/product\/yoast-seo-wordpress\/ -->\n<title>Floratil lan\u00e7a campanha &quot;Salve a Flora! #ChegaDePiriri&quot; - CidadeMarketing<\/title>\n<meta name=\"robots\" content=\"index, follow, max-snippet:-1, max-image-preview:large, max-video-preview:-1\" \/>\n<link rel=\"canonical\" href=\"https:\/\/www.cidademarketing.com.br\/marketing\/2019\/07\/02\/floratil-lanca-campanha-salve-a-flora-chegadepiriri\/\" \/>\n<meta property=\"og:locale\" content=\"pt_BR\" \/>\n<meta property=\"og:type\" content=\"article\" \/>\n<meta property=\"og:title\" content=\"Floratil lan\u00e7a campanha &quot;Salve a Flora! #ChegaDePiriri&quot; - CidadeMarketing\" \/>\n<meta property=\"og:description\" content=\"Floratil, regulador intestinal \u00e0 base de probi\u00f3tico, apresenta seu novo posicionamento, sob o conceito \u201cContra a diarreia, pela flora intestinal, o mundo todo pede&nbsp;Floratil\u201c, criado pela ag\u00eancia Santa Clara. Esta \u00e9 a primeira campanha da marca ap\u00f3s ser integrada ao portf\u00f3lio da farmac\u00eautica Natulab&nbsp;e deve nortear toda a estrat\u00e9gia de comunica\u00e7\u00e3o do produto, das campanhas [&hellip;]\" \/>\n<meta property=\"og:url\" content=\"https:\/\/www.cidademarketing.com.br\/marketing\/2019\/07\/02\/floratil-lanca-campanha-salve-a-flora-chegadepiriri\/\" \/>\n<meta property=\"og:site_name\" content=\"CidadeMarketing\" \/>\n<meta property=\"article:publisher\" content=\"https:\/\/www.facebook.com\/portalcidademarketing\" \/>\n<meta property=\"article:author\" content=\"https:\/\/www.facebook.com\/thalesbrandao\" \/>\n<meta property=\"article:published_time\" content=\"2019-07-02T11:50:06+00:00\" \/>\n<meta property=\"article:modified_time\" content=\"2019-07-02T11:50:08+00:00\" \/>\n<meta property=\"og:image\" content=\"https:\/\/www.cidademarketing.com.br\/marketing\/wp-content\/uploads\/2019\/07\/floratil.jpg\" \/>\n\t<meta property=\"og:image:width\" content=\"1172\" \/>\n\t<meta property=\"og:image:height\" content=\"601\" \/>\n\t<meta property=\"og:image:type\" content=\"image\/jpeg\" \/>\n<meta name=\"author\" content=\"Thales Brand\u00e3o\" \/>\n<meta name=\"twitter:card\" content=\"summary_large_image\" \/>\n<meta name=\"twitter:creator\" content=\"@http:\/\/www.twitter.com\/thalesbrandao\" \/>\n<meta name=\"twitter:site\" content=\"@CidadeMarketing\" \/>\n<meta name=\"twitter:label1\" content=\"Escrito por\" \/>\n\t<meta name=\"twitter:data1\" content=\"Thales Brand\u00e3o\" \/>\n\t<meta name=\"twitter:label2\" content=\"Est. tempo de leitura\" \/>\n\t<meta name=\"twitter:data2\" content=\"3 minutos\" \/>\n<script type=\"application\/ld+json\" class=\"yoast-schema-graph\">{\"@context\":\"https:\\\/\\\/schema.org\",\"@graph\":[{\"@type\":\"Article\",\"@id\":\"https:\\\/\\\/www.cidademarketing.com.br\\\/marketing\\\/2019\\\/07\\\/02\\\/floratil-lanca-campanha-salve-a-flora-chegadepiriri\\\/#article\",\"isPartOf\":{\"@id\":\"https:\\\/\\\/www.cidademarketing.com.br\\\/marketing\\\/2019\\\/07\\\/02\\\/floratil-lanca-campanha-salve-a-flora-chegadepiriri\\\/\"},\"author\":{\"name\":\"Thales Brand\u00e3o\",\"@id\":\"https:\\\/\\\/www.cidademarketing.com.br\\\/marketing\\\/#\\\/schema\\\/person\\\/02daff9f18bd9378c9e01eb6b2db155f\"},\"headline\":\"Floratil lan\u00e7a campanha &#8220;Salve a Flora! #ChegaDePiriri&#8221;\",\"datePublished\":\"2019-07-02T11:50:06+00:00\",\"dateModified\":\"2019-07-02T11:50:08+00:00\",\"mainEntityOfPage\":{\"@id\":\"https:\\\/\\\/www.cidademarketing.com.br\\\/marketing\\\/2019\\\/07\\\/02\\\/floratil-lanca-campanha-salve-a-flora-chegadepiriri\\\/\"},\"wordCount\":584,\"commentCount\":0,\"publisher\":{\"@id\":\"https:\\\/\\\/www.cidademarketing.com.br\\\/marketing\\\/#organization\"},\"image\":{\"@id\":\"https:\\\/\\\/www.cidademarketing.com.br\\\/marketing\\\/2019\\\/07\\\/02\\\/floratil-lanca-campanha-salve-a-flora-chegadepiriri\\\/#primaryimage\"},\"thumbnailUrl\":\"https:\\\/\\\/www.cidademarketing.com.br\\\/marketing\\\/wp-content\\\/uploads\\\/2019\\\/07\\\/floratil.jpg\",\"keywords\":[\"campanha\",\"Floratil\",\"marketing\"],\"articleSection\":[\"Not\u00edcias\"],\"inLanguage\":\"pt-BR\",\"potentialAction\":[{\"@type\":\"CommentAction\",\"name\":\"Comment\",\"target\":[\"https:\\\/\\\/www.cidademarketing.com.br\\\/marketing\\\/2019\\\/07\\\/02\\\/floratil-lanca-campanha-salve-a-flora-chegadepiriri\\\/#respond\"]}]},{\"@type\":\"WebPage\",\"@id\":\"https:\\\/\\\/www.cidademarketing.com.br\\\/marketing\\\/2019\\\/07\\\/02\\\/floratil-lanca-campanha-salve-a-flora-chegadepiriri\\\/\",\"url\":\"https:\\\/\\\/www.cidademarketing.com.br\\\/marketing\\\/2019\\\/07\\\/02\\\/floratil-lanca-campanha-salve-a-flora-chegadepiriri\\\/\",\"name\":\"Floratil lan\u00e7a campanha \\\"Salve a Flora! #ChegaDePiriri\\\" - CidadeMarketing\",\"isPartOf\":{\"@id\":\"https:\\\/\\\/www.cidademarketing.com.br\\\/marketing\\\/#website\"},\"primaryImageOfPage\":{\"@id\":\"https:\\\/\\\/www.cidademarketing.com.br\\\/marketing\\\/2019\\\/07\\\/02\\\/floratil-lanca-campanha-salve-a-flora-chegadepiriri\\\/#primaryimage\"},\"image\":{\"@id\":\"https:\\\/\\\/www.cidademarketing.com.br\\\/marketing\\\/2019\\\/07\\\/02\\\/floratil-lanca-campanha-salve-a-flora-chegadepiriri\\\/#primaryimage\"},\"thumbnailUrl\":\"https:\\\/\\\/www.cidademarketing.com.br\\\/marketing\\\/wp-content\\\/uploads\\\/2019\\\/07\\\/floratil.jpg\",\"datePublished\":\"2019-07-02T11:50:06+00:00\",\"dateModified\":\"2019-07-02T11:50:08+00:00\",\"breadcrumb\":{\"@id\":\"https:\\\/\\\/www.cidademarketing.com.br\\\/marketing\\\/2019\\\/07\\\/02\\\/floratil-lanca-campanha-salve-a-flora-chegadepiriri\\\/#breadcrumb\"},\"inLanguage\":\"pt-BR\",\"potentialAction\":[{\"@type\":\"ReadAction\",\"target\":[\"https:\\\/\\\/www.cidademarketing.com.br\\\/marketing\\\/2019\\\/07\\\/02\\\/floratil-lanca-campanha-salve-a-flora-chegadepiriri\\\/\"]}]},{\"@type\":\"ImageObject\",\"inLanguage\":\"pt-BR\",\"@id\":\"https:\\\/\\\/www.cidademarketing.com.br\\\/marketing\\\/2019\\\/07\\\/02\\\/floratil-lanca-campanha-salve-a-flora-chegadepiriri\\\/#primaryimage\",\"url\":\"https:\\\/\\\/www.cidademarketing.com.br\\\/marketing\\\/wp-content\\\/uploads\\\/2019\\\/07\\\/floratil.jpg\",\"contentUrl\":\"https:\\\/\\\/www.cidademarketing.com.br\\\/marketing\\\/wp-content\\\/uploads\\\/2019\\\/07\\\/floratil.jpg\",\"width\":1172,\"height\":601,\"caption\":\"Reprodu\u00e7\u00e3o\"},{\"@type\":\"BreadcrumbList\",\"@id\":\"https:\\\/\\\/www.cidademarketing.com.br\\\/marketing\\\/2019\\\/07\\\/02\\\/floratil-lanca-campanha-salve-a-flora-chegadepiriri\\\/#breadcrumb\",\"itemListElement\":[{\"@type\":\"ListItem\",\"position\":1,\"name\":\"In\u00edcio\",\"item\":\"https:\\\/\\\/www.cidademarketing.com.br\\\/marketing\\\/\"},{\"@type\":\"ListItem\",\"position\":2,\"name\":\"Floratil lan\u00e7a campanha &#8220;Salve a Flora! #ChegaDePiriri&#8221;\"}]},{\"@type\":\"WebSite\",\"@id\":\"https:\\\/\\\/www.cidademarketing.com.br\\\/marketing\\\/#website\",\"url\":\"https:\\\/\\\/www.cidademarketing.com.br\\\/marketing\\\/\",\"name\":\"CidadeMarketing\",\"description\":\"Somos um ve\u00edculo de comunica\u00e7\u00e3o de destaque no Brasil, reconhecido por conte\u00fados nos segmentos de marketing, empreendedorismo e inova\u00e7\u00e3o.\",\"publisher\":{\"@id\":\"https:\\\/\\\/www.cidademarketing.com.br\\\/marketing\\\/#organization\"},\"alternateName\":\"CidadeMarketing\",\"potentialAction\":[{\"@type\":\"SearchAction\",\"target\":{\"@type\":\"EntryPoint\",\"urlTemplate\":\"https:\\\/\\\/www.cidademarketing.com.br\\\/marketing\\\/?s={search_term_string}\"},\"query-input\":{\"@type\":\"PropertyValueSpecification\",\"valueRequired\":true,\"valueName\":\"search_term_string\"}}],\"inLanguage\":\"pt-BR\"},{\"@type\":\"Organization\",\"@id\":\"https:\\\/\\\/www.cidademarketing.com.br\\\/marketing\\\/#organization\",\"name\":\"CidadeMarketing\",\"alternateName\":\"CidadeMarketing\",\"url\":\"https:\\\/\\\/www.cidademarketing.com.br\\\/marketing\\\/\",\"logo\":{\"@type\":\"ImageObject\",\"inLanguage\":\"pt-BR\",\"@id\":\"https:\\\/\\\/www.cidademarketing.com.br\\\/marketing\\\/#\\\/schema\\\/logo\\\/image\\\/\",\"url\":\"https:\\\/\\\/www.cidademarketing.com.br\\\/marketing\\\/wp-content\\\/uploads\\\/2020\\\/01\\\/cidademarketing_marca_mobile.png\",\"contentUrl\":\"https:\\\/\\\/www.cidademarketing.com.br\\\/marketing\\\/wp-content\\\/uploads\\\/2020\\\/01\\\/cidademarketing_marca_mobile.png\",\"width\":230,\"height\":92,\"caption\":\"CidadeMarketing\"},\"image\":{\"@id\":\"https:\\\/\\\/www.cidademarketing.com.br\\\/marketing\\\/#\\\/schema\\\/logo\\\/image\\\/\"},\"sameAs\":[\"https:\\\/\\\/www.facebook.com\\\/portalcidademarketing\",\"https:\\\/\\\/x.com\\\/CidadeMarketing\",\"https:\\\/\\\/www.instagram.com\\\/cidademarketing\\\/\"]},{\"@type\":\"Person\",\"@id\":\"https:\\\/\\\/www.cidademarketing.com.br\\\/marketing\\\/#\\\/schema\\\/person\\\/02daff9f18bd9378c9e01eb6b2db155f\",\"name\":\"Thales Brand\u00e3o\",\"image\":{\"@type\":\"ImageObject\",\"inLanguage\":\"pt-BR\",\"@id\":\"https:\\\/\\\/secure.gravatar.com\\\/avatar\\\/7ca3206950207cc3cb48feec56a8a7898741ab725c368d99d5d7a5a50aab80c6?s=96&d=mm&r=g\",\"url\":\"https:\\\/\\\/secure.gravatar.com\\\/avatar\\\/7ca3206950207cc3cb48feec56a8a7898741ab725c368d99d5d7a5a50aab80c6?s=96&d=mm&r=g\",\"contentUrl\":\"https:\\\/\\\/secure.gravatar.com\\\/avatar\\\/7ca3206950207cc3cb48feec56a8a7898741ab725c368d99d5d7a5a50aab80c6?s=96&d=mm&r=g\",\"caption\":\"Thales Brand\u00e3o\"},\"description\":\"Editor Executivo do Portal CidadeMarketing.com.br &gt; Mestre em Comunica\u00e7\u00e3o e Sociedade pela Universidade Federal de Sergipe. Possui MBA Executivo em Administra\u00e7\u00e3o com \u00eanfase em Marketing pela Funda\u00e7\u00e3o Get\u00falio Vargas - Rio de Janeiro. Consultor, Palestrante e Pesquisador sobre Empreendedorismo, Marketing, Redes Sociais e Neg\u00f3cios Digitais. Professor, Palestrante TedxTalks e Campus Party. Twitter: @ThalesBrandao\",\"sameAs\":[\"http:\\\/\\\/www.mandacaru.com.br\",\"https:\\\/\\\/www.facebook.com\\\/thalesbrandao\",\"http:\\\/\\\/www.instagram.com.br\\\/thalesbrandaoferreira\",\"https:\\\/\\\/www.linkedin.com\\\/in\\\/thales-brand\u00e3o-3948609\\\/\",\"https:\\\/\\\/x.com\\\/http:\\\/\\\/www.twitter.com\\\/thalesbrandao\"],\"url\":\"https:\\\/\\\/www.cidademarketing.com.br\\\/marketing\\\/author\\\/thalesbrandao\\\/\"}]}<\/script>\n<!-- \/ Yoast SEO plugin. -->","yoast_head_json":{"title":"Floratil lan\u00e7a campanha \"Salve a Flora! #ChegaDePiriri\" - CidadeMarketing","robots":{"index":"index","follow":"follow","max-snippet":"max-snippet:-1","max-image-preview":"max-image-preview:large","max-video-preview":"max-video-preview:-1"},"canonical":"https:\/\/www.cidademarketing.com.br\/marketing\/2019\/07\/02\/floratil-lanca-campanha-salve-a-flora-chegadepiriri\/","og_locale":"pt_BR","og_type":"article","og_title":"Floratil lan\u00e7a campanha \"Salve a Flora! #ChegaDePiriri\" - CidadeMarketing","og_description":"Floratil, regulador intestinal \u00e0 base de probi\u00f3tico, apresenta seu novo posicionamento, sob o conceito \u201cContra a diarreia, pela flora intestinal, o mundo todo pede&nbsp;Floratil\u201c, criado pela ag\u00eancia Santa Clara. Esta \u00e9 a primeira campanha da marca ap\u00f3s ser integrada ao portf\u00f3lio da farmac\u00eautica Natulab&nbsp;e deve nortear toda a estrat\u00e9gia de comunica\u00e7\u00e3o do produto, das campanhas [&hellip;]","og_url":"https:\/\/www.cidademarketing.com.br\/marketing\/2019\/07\/02\/floratil-lanca-campanha-salve-a-flora-chegadepiriri\/","og_site_name":"CidadeMarketing","article_publisher":"https:\/\/www.facebook.com\/portalcidademarketing","article_author":"https:\/\/www.facebook.com\/thalesbrandao","article_published_time":"2019-07-02T11:50:06+00:00","article_modified_time":"2019-07-02T11:50:08+00:00","og_image":[{"width":1172,"height":601,"url":"https:\/\/www.cidademarketing.com.br\/marketing\/wp-content\/uploads\/2019\/07\/floratil.jpg","type":"image\/jpeg"}],"author":"Thales Brand\u00e3o","twitter_card":"summary_large_image","twitter_creator":"@http:\/\/www.twitter.com\/thalesbrandao","twitter_site":"@CidadeMarketing","twitter_misc":{"Escrito por":"Thales Brand\u00e3o","Est. tempo de leitura":"3 minutos"},"schema":{"@context":"https:\/\/schema.org","@graph":[{"@type":"Article","@id":"https:\/\/www.cidademarketing.com.br\/marketing\/2019\/07\/02\/floratil-lanca-campanha-salve-a-flora-chegadepiriri\/#article","isPartOf":{"@id":"https:\/\/www.cidademarketing.com.br\/marketing\/2019\/07\/02\/floratil-lanca-campanha-salve-a-flora-chegadepiriri\/"},"author":{"name":"Thales Brand\u00e3o","@id":"https:\/\/www.cidademarketing.com.br\/marketing\/#\/schema\/person\/02daff9f18bd9378c9e01eb6b2db155f"},"headline":"Floratil lan\u00e7a campanha &#8220;Salve a Flora! #ChegaDePiriri&#8221;","datePublished":"2019-07-02T11:50:06+00:00","dateModified":"2019-07-02T11:50:08+00:00","mainEntityOfPage":{"@id":"https:\/\/www.cidademarketing.com.br\/marketing\/2019\/07\/02\/floratil-lanca-campanha-salve-a-flora-chegadepiriri\/"},"wordCount":584,"commentCount":0,"publisher":{"@id":"https:\/\/www.cidademarketing.com.br\/marketing\/#organization"},"image":{"@id":"https:\/\/www.cidademarketing.com.br\/marketing\/2019\/07\/02\/floratil-lanca-campanha-salve-a-flora-chegadepiriri\/#primaryimage"},"thumbnailUrl":"https:\/\/www.cidademarketing.com.br\/marketing\/wp-content\/uploads\/2019\/07\/floratil.jpg","keywords":["campanha","Floratil","marketing"],"articleSection":["Not\u00edcias"],"inLanguage":"pt-BR","potentialAction":[{"@type":"CommentAction","name":"Comment","target":["https:\/\/www.cidademarketing.com.br\/marketing\/2019\/07\/02\/floratil-lanca-campanha-salve-a-flora-chegadepiriri\/#respond"]}]},{"@type":"WebPage","@id":"https:\/\/www.cidademarketing.com.br\/marketing\/2019\/07\/02\/floratil-lanca-campanha-salve-a-flora-chegadepiriri\/","url":"https:\/\/www.cidademarketing.com.br\/marketing\/2019\/07\/02\/floratil-lanca-campanha-salve-a-flora-chegadepiriri\/","name":"Floratil lan\u00e7a campanha \"Salve a Flora! #ChegaDePiriri\" - CidadeMarketing","isPartOf":{"@id":"https:\/\/www.cidademarketing.com.br\/marketing\/#website"},"primaryImageOfPage":{"@id":"https:\/\/www.cidademarketing.com.br\/marketing\/2019\/07\/02\/floratil-lanca-campanha-salve-a-flora-chegadepiriri\/#primaryimage"},"image":{"@id":"https:\/\/www.cidademarketing.com.br\/marketing\/2019\/07\/02\/floratil-lanca-campanha-salve-a-flora-chegadepiriri\/#primaryimage"},"thumbnailUrl":"https:\/\/www.cidademarketing.com.br\/marketing\/wp-content\/uploads\/2019\/07\/floratil.jpg","datePublished":"2019-07-02T11:50:06+00:00","dateModified":"2019-07-02T11:50:08+00:00","breadcrumb":{"@id":"https:\/\/www.cidademarketing.com.br\/marketing\/2019\/07\/02\/floratil-lanca-campanha-salve-a-flora-chegadepiriri\/#breadcrumb"},"inLanguage":"pt-BR","potentialAction":[{"@type":"ReadAction","target":["https:\/\/www.cidademarketing.com.br\/marketing\/2019\/07\/02\/floratil-lanca-campanha-salve-a-flora-chegadepiriri\/"]}]},{"@type":"ImageObject","inLanguage":"pt-BR","@id":"https:\/\/www.cidademarketing.com.br\/marketing\/2019\/07\/02\/floratil-lanca-campanha-salve-a-flora-chegadepiriri\/#primaryimage","url":"https:\/\/www.cidademarketing.com.br\/marketing\/wp-content\/uploads\/2019\/07\/floratil.jpg","contentUrl":"https:\/\/www.cidademarketing.com.br\/marketing\/wp-content\/uploads\/2019\/07\/floratil.jpg","width":1172,"height":601,"caption":"Reprodu\u00e7\u00e3o"},{"@type":"BreadcrumbList","@id":"https:\/\/www.cidademarketing.com.br\/marketing\/2019\/07\/02\/floratil-lanca-campanha-salve-a-flora-chegadepiriri\/#breadcrumb","itemListElement":[{"@type":"ListItem","position":1,"name":"In\u00edcio","item":"https:\/\/www.cidademarketing.com.br\/marketing\/"},{"@type":"ListItem","position":2,"name":"Floratil lan\u00e7a campanha &#8220;Salve a Flora! #ChegaDePiriri&#8221;"}]},{"@type":"WebSite","@id":"https:\/\/www.cidademarketing.com.br\/marketing\/#website","url":"https:\/\/www.cidademarketing.com.br\/marketing\/","name":"CidadeMarketing","description":"Somos um ve\u00edculo de comunica\u00e7\u00e3o de destaque no Brasil, reconhecido por conte\u00fados nos segmentos de marketing, empreendedorismo e inova\u00e7\u00e3o.","publisher":{"@id":"https:\/\/www.cidademarketing.com.br\/marketing\/#organization"},"alternateName":"CidadeMarketing","potentialAction":[{"@type":"SearchAction","target":{"@type":"EntryPoint","urlTemplate":"https:\/\/www.cidademarketing.com.br\/marketing\/?s={search_term_string}"},"query-input":{"@type":"PropertyValueSpecification","valueRequired":true,"valueName":"search_term_string"}}],"inLanguage":"pt-BR"},{"@type":"Organization","@id":"https:\/\/www.cidademarketing.com.br\/marketing\/#organization","name":"CidadeMarketing","alternateName":"CidadeMarketing","url":"https:\/\/www.cidademarketing.com.br\/marketing\/","logo":{"@type":"ImageObject","inLanguage":"pt-BR","@id":"https:\/\/www.cidademarketing.com.br\/marketing\/#\/schema\/logo\/image\/","url":"https:\/\/www.cidademarketing.com.br\/marketing\/wp-content\/uploads\/2020\/01\/cidademarketing_marca_mobile.png","contentUrl":"https:\/\/www.cidademarketing.com.br\/marketing\/wp-content\/uploads\/2020\/01\/cidademarketing_marca_mobile.png","width":230,"height":92,"caption":"CidadeMarketing"},"image":{"@id":"https:\/\/www.cidademarketing.com.br\/marketing\/#\/schema\/logo\/image\/"},"sameAs":["https:\/\/www.facebook.com\/portalcidademarketing","https:\/\/x.com\/CidadeMarketing","https:\/\/www.instagram.com\/cidademarketing\/"]},{"@type":"Person","@id":"https:\/\/www.cidademarketing.com.br\/marketing\/#\/schema\/person\/02daff9f18bd9378c9e01eb6b2db155f","name":"Thales Brand\u00e3o","image":{"@type":"ImageObject","inLanguage":"pt-BR","@id":"https:\/\/secure.gravatar.com\/avatar\/7ca3206950207cc3cb48feec56a8a7898741ab725c368d99d5d7a5a50aab80c6?s=96&d=mm&r=g","url":"https:\/\/secure.gravatar.com\/avatar\/7ca3206950207cc3cb48feec56a8a7898741ab725c368d99d5d7a5a50aab80c6?s=96&d=mm&r=g","contentUrl":"https:\/\/secure.gravatar.com\/avatar\/7ca3206950207cc3cb48feec56a8a7898741ab725c368d99d5d7a5a50aab80c6?s=96&d=mm&r=g","caption":"Thales Brand\u00e3o"},"description":"Editor Executivo do Portal CidadeMarketing.com.br &gt; Mestre em Comunica\u00e7\u00e3o e Sociedade pela Universidade Federal de Sergipe. Possui MBA Executivo em Administra\u00e7\u00e3o com \u00eanfase em Marketing pela Funda\u00e7\u00e3o Get\u00falio Vargas - Rio de Janeiro. Consultor, Palestrante e Pesquisador sobre Empreendedorismo, Marketing, Redes Sociais e Neg\u00f3cios Digitais. Professor, Palestrante TedxTalks e Campus Party. Twitter: @ThalesBrandao","sameAs":["http:\/\/www.mandacaru.com.br","https:\/\/www.facebook.com\/thalesbrandao","http:\/\/www.instagram.com.br\/thalesbrandaoferreira","https:\/\/www.linkedin.com\/in\/thales-brand\u00e3o-3948609\/","https:\/\/x.com\/http:\/\/www.twitter.com\/thalesbrandao"],"url":"https:\/\/www.cidademarketing.com.br\/marketing\/author\/thalesbrandao\/"}]}},"amp_enabled":true,"_links":{"self":[{"href":"https:\/\/www.cidademarketing.com.br\/marketing\/wp-json\/wp\/v2\/posts\/9732","targetHints":{"allow":["GET"]}}],"collection":[{"href":"https:\/\/www.cidademarketing.com.br\/marketing\/wp-json\/wp\/v2\/posts"}],"about":[{"href":"https:\/\/www.cidademarketing.com.br\/marketing\/wp-json\/wp\/v2\/types\/post"}],"author":[{"embeddable":true,"href":"https:\/\/www.cidademarketing.com.br\/marketing\/wp-json\/wp\/v2\/users\/1"}],"replies":[{"embeddable":true,"href":"https:\/\/www.cidademarketing.com.br\/marketing\/wp-json\/wp\/v2\/comments?post=9732"}],"version-history":[{"count":1,"href":"https:\/\/www.cidademarketing.com.br\/marketing\/wp-json\/wp\/v2\/posts\/9732\/revisions"}],"predecessor-version":[{"id":9734,"href":"https:\/\/www.cidademarketing.com.br\/marketing\/wp-json\/wp\/v2\/posts\/9732\/revisions\/9734"}],"wp:featuredmedia":[{"embeddable":true,"href":"https:\/\/www.cidademarketing.com.br\/marketing\/wp-json\/wp\/v2\/media\/9733"}],"wp:attachment":[{"href":"https:\/\/www.cidademarketing.com.br\/marketing\/wp-json\/wp\/v2\/media?parent=9732"}],"wp:term":[{"taxonomy":"category","embeddable":true,"href":"https:\/\/www.cidademarketing.com.br\/marketing\/wp-json\/wp\/v2\/categories?post=9732"},{"taxonomy":"post_tag","embeddable":true,"href":"https:\/\/www.cidademarketing.com.br\/marketing\/wp-json\/wp\/v2\/tags?post=9732"}],"curies":[{"name":"wp","href":"https:\/\/api.w.org\/{rel}","templated":true}]}}