{"id":9567,"date":"2019-06-27T06:00:48","date_gmt":"2019-06-27T02:00:48","guid":{"rendered":"https:\/\/www.cidademarketing.com.br\/marketing\/?p=9567"},"modified":"2019-06-27T06:00:51","modified_gmt":"2019-06-27T02:00:51","slug":"como-as-marcas-e-os-negocios-vao-atuar-na-nova-economia-digital-sera-um-dos-principais-enfoques-do-expo-forum-digitalks-2","status":"publish","type":"post","link":"https:\/\/www.cidademarketing.com.br\/marketing\/2019\/06\/27\/como-as-marcas-e-os-negocios-vao-atuar-na-nova-economia-digital-sera-um-dos-principais-enfoques-do-expo-forum-digitalks-2\/","title":{"rendered":"Como as marcas e os neg\u00f3cios v\u00e3o atuar na Nova Economia Digital ser\u00e1 um dos principais enfoques do Expo F\u00f3rum Digitalks"},"content":{"rendered":"\n<p><em>Para falar sobre o assunto, Jo\u00e3o Amo\u00eado, atual presidente\ndo partido Novo, participar\u00e1 da abertura do evento, que acontece nos dias 28 e\n29 de agosto, em S\u00e3o Paulo<\/em><\/p>\n\n\n\n<p>A macroeconomia no\nBrasil, os neg\u00f3cios, os desafios e as oportunidades dentro da sociedade que\nest\u00e1 alinhada \u00e0 economia digital v\u00e3o nortear o Talk Show com Jo\u00e3o Amo\u00eado, na\nabertura do Expo F\u00f3rum Digitalks. Com uma sociedade cada vez mais digital, as\nmarcas e seus gestores precisam mudar seu mindset, se adaptar ao mercado atual\ne se preparar para o futuro, tendo a lideran\u00e7a como um fator primordial para\natingir os objetivos.<\/p>\n\n\n\n<p>Como um exemplo de\ngestor que n\u00e3o teve medo de assumir alguns riscos para obter sucesso no mercado\nempresarial, Jo\u00e3o Amo\u00eado iniciou sua carreira como trainee no Citibank e chegou\n\u00e0 vice-presid\u00eancia do Unibanco. \u00c9 o atual presidente do partido NOVO.<\/p>\n\n\n\n<p>No Talk Show de\nabertura do Expo F\u00f3rum Digitalks, principal evento de neg\u00f3cios digitais do\npa\u00eds, Jo\u00e3o Amo\u00eado abordar\u00e1 o tema A nova economia digital: uma conversa aberta\nsobre a macroeconomia do Brasil e o futuro dos neg\u00f3cios. No palco, ser\u00e1\nsabatinado por Pedro Chiamulera, da ClearSale, no dia 28 de agosto, a partir\ndas 9h.<\/p>\n\n\n\n<p>Na pauta, o mundo\nde neg\u00f3cios e como a lideran\u00e7a guia as mudan\u00e7as. Sabe-se que o processo de\ntransforma\u00e7\u00e3o digital precisa ser liderado ou ter o aval dos gestores e\ndiretores das empresas.<\/p>\n\n\n\n<p>Amo\u00eado j\u00e1 adianta\nalguns poss\u00edveis insights do Talk Show durante entrevista concedida \u00e0 reda\u00e7\u00e3o\ndo Digitalks (<a href=\"https:\/\/digitalks.com.br\/noticias\/spoiler-expo-digitalks-os-desafios-dos-gestores-na-nova-economia-digital\/\">https:\/\/digitalks.com.br\/noticias\/spoiler-expo-digitalks-os-desafios-dos-gestores-na-nova-economia-digital\/<\/a>).\nSobre skills necess\u00e1rias que o executivo precisa ter em mente quando o assunto\n\u00e9 a prosperidade da empresa, Amo\u00eado diz que duas caracter\u00edsticas que considera\nfundamentais s\u00e3o \u201cpensar como dono, com vis\u00e3o a longo prazo, buscando a\nvaloriza\u00e7\u00e3o da empresa e seu crescimento de forma sustent\u00e1vel. O b\u00f4nus\nsemestral deve ser uma consequ\u00eancia disso e n\u00e3o o principal objetivo. A segunda\n\u00e9 trabalhar em equipe, envolver os colaboradores, colocar a m\u00e3o na massa,\nliderando pelo exemplo\u201d, completa.<\/p>\n\n\n\n<p>O executivo deixa\num conselho geral para os gestores se adaptarem \u00e0 nova economia digital. \u201cIncorporar\na tecnologia ao seu neg\u00f3cio, rever processos e a forma de fazer as coisas.\nPensar fora da caixa. A tecnologia permite que projetos que seriam invi\u00e1veis no\npassado, possam existir e ter sucesso. O partido Novo \u00e9 um exemplo disso\u201d,\nencerra na entrevista.<\/p>\n\n\n\n<p>Este ano, o Expo\nF\u00f3rum Digitalks completa 10 anos e pretende bater um novo recorde de p\u00fablico.\nEm 2018 recebeu 4.200 pessoas, este ano a meta \u00e9 superar 6.000 profissionais de\ncomunica\u00e7\u00e3o, marketing e neg\u00f3cios.<\/p>\n\n\n\n<p>O evento acontece nos dias 28 e 29 de agosto, das 9h \u00e0s 18h, no Transamerica Expo, em S\u00e3o Paulo, que fica na Av. Dr. M\u00e1rio Vilas Boas Rodrigues, 387, Santo Amaro. Ter\u00e1 mais de 180 palestrantes, 5 audit\u00f3rios simult\u00e2neos, cerca de 120 expositores, al\u00e9m de 20 atividades diferenciadas que resultam em mais de 110 horas de conte\u00fado. O valor do investimento \u00e9 a partir de R$ 750,00 (at\u00e9 10 de julho). A inscri\u00e7\u00e3o deve ser feita no site do Digitalks, atrav\u00e9s do link<a href=\"https:\/\/digitalks.com.br\/expo\/\"> https:\/\/digitalks.com.br\/expo\/<\/a>. Informa\u00e7\u00f5es atrav\u00e9s do e-mail<a href=\"https:\/\/webmail.uolhost.com.br\/compose?to=forum@digitalks.com.br\"> forum@digitalks.com.br<\/a> ou do telefone (11) 3159-1458.  >>>> <strong>20% Off com nosso cupom: CIDADE2O<\/strong><\/p>\n\n\n\n<p>O evento \u00e9 um oferecimento de Universidade Anhembi\nMorumbi, Dinamize, Etus, Google, HostGator, Marketdata, mLabs, NoBeta, PwC,\nReclame Aqui, Webeleven, Zenvia e Zoho. \u00c9 patrocinado por A\u00b2 Business\nIntelligence, Admitad, Alexandria.ai, Apiki, CRP Mango, Gamned, GhFly, Gogo\nDigital, Hedgehog, Influu, Internet Innovation, Leadlovers, Lima Consulting\nGroup, MediaPost, MobLee, Nuvem Shop, SearchLab, SEO Marketing, SharpSpring,\nSimpleAds, Sinapse, Squid, Swonkie, VideoClick e Xtech. Entre as startups\npatrocinadoras est\u00e3o BRG, Click Space, Codeby, CRM Educacional, Ducovox,\necommerce&amp;varejo.lab, enviou, Flowsense, Iugu, Kipiaii, Lahar, LeadGrid,\nMetlycs, Putz Filmes, ROI Hero, Sales Hackers, Standout, Taking, WSI, Go Hank,\nKontrip, Topfy, WOW e Zeeng.<\/p>\n\n\n\n<p>Tamb\u00e9m conta com o apoio de Abap, Ablec, Abracom, Abradi, ABStartups, APP Brasil, Catraca Livre, Cidade Marketing, Digitais do Marketing, E-Commerce Brasil, Era Transmidia, ESPM, Eventflix, Eventials, Fenapro, IAB Brasil, iMasters, Inside Out, Mestre GP, MMA, Mundo do Marketing, Opinion Box, Siegel Press e Startupi. Parceiros oficiais: Plataforma de inscri\u00e7\u00f5es: Sympla; Transporte: Cabify; Ag\u00eancia: Alpino Turismo; Hospedagem: Transamerica Hospitality Group; Caf\u00e9: Santa Monica; Drink: Bacardi; R\u00e1dio: Band News e R\u00e1dio Bandeirantes. Apoio: Estou Refugiado, Food Finder, Puf Puf, Freeco e Hug.\u00a0\u00a0\u00a0\u00a0 <\/p>\n\n\n\n<div class=\"wp-block-image\"><figure class=\"aligncenter is-resized\"><img fetchpriority=\"high\" decoding=\"async\" src=\"https:\/\/www.cidademarketing.com.br\/marketing\/wp-content\/uploads\/2019\/06\/expo_socialparceiros.png\" alt=\"\" class=\"wp-image-9569\" width=\"573\" height=\"573\" srcset=\"https:\/\/www.cidademarketing.com.br\/marketing\/wp-content\/uploads\/2019\/06\/expo_socialparceiros.png 1001w, https:\/\/www.cidademarketing.com.br\/marketing\/wp-content\/uploads\/2019\/06\/expo_socialparceiros-150x150.png 150w, https:\/\/www.cidademarketing.com.br\/marketing\/wp-content\/uploads\/2019\/06\/expo_socialparceiros-300x300.png 300w, https:\/\/www.cidademarketing.com.br\/marketing\/wp-content\/uploads\/2019\/06\/expo_socialparceiros-768x768.png 768w, https:\/\/www.cidademarketing.com.br\/marketing\/wp-content\/uploads\/2019\/06\/expo_socialparceiros-420x420.png 420w, https:\/\/www.cidademarketing.com.br\/marketing\/wp-content\/uploads\/2019\/06\/expo_socialparceiros-640x640.png 640w, https:\/\/www.cidademarketing.com.br\/marketing\/wp-content\/uploads\/2019\/06\/expo_socialparceiros-681x681.png 681w\" sizes=\"(max-width: 573px) 100vw, 573px\" \/><\/figure><\/div>\n\n\n\n<p><strong>Sobre o\nDigitalks<\/strong><\/p>\n\n\n\n<p>O Digitalks \u00e9 a principal empresa brasileira que\nleva conhecimento e oportunidades de neg\u00f3cios atrav\u00e9s de diversas atividades\nanuais, preparando pessoas e transformando empresas para a nova realidade\ndigital. Em 10 anos, realizou eventos, f\u00f3runs e meetings em todas as capitais\ndo Brasil e contou com a edi\u00e7\u00e3o internacional, o Expo F\u00f3rum Digitalks Portugal\n2019.&nbsp;&nbsp;&nbsp; <\/p>\n\n\n\n<p><strong>Servi\u00e7o \u2013\nExpo F\u00f3rum Digitalks<\/strong><\/p>\n\n\n\n<p>Data: 28 e 29 de agosto (quarta e quinta-feira)<\/p>\n\n\n\n<p>Hor\u00e1rio: das 9h \u00e0s 18h<\/p>\n\n\n\n<p>P\u00fablico: Profissionais de comunica\u00e7\u00e3o, marketing e\nneg\u00f3cios<\/p>\n\n\n\n<p>Local: Transamerica Expo &#8211; Av. Dr. M\u00e1rio Vilas Boas\nRodrigues, 387, Santo Amaro<\/p>\n\n\n\n<p>Investimento: R$ 750,00 por pessoa (lote v\u00e1lido at\u00e9\n10\/07)<\/p>\n\n\n\n<p>N\u02da vagas: 6.000 pessoas<\/p>\n\n\n\n<p>Inscri\u00e7\u00f5es:\u00a0 <a href=\"https:\/\/digitalks.com.br\/expo\/\">https:\/\/digitalks.com.br\/expo\/<\/a>  <strong>>> >> 20% Off com nosso cupom: CIDADE2O<\/strong><\/p>\n\n\n\n<p>Informa\u00e7\u00f5es: forum@digitalks.com.br ou (11) 3159-1458<\/p>\n","protected":false},"excerpt":{"rendered":"<p>Para falar sobre o assunto, Jo\u00e3o Amo\u00eado, atual presidente do partido Novo, participar\u00e1 da abertura do evento, que acontece nos dias 28 e 29 de agosto, em S\u00e3o Paulo A macroeconomia no Brasil, os neg\u00f3cios, os desafios e as oportunidades dentro da sociedade que est\u00e1 alinhada \u00e0 economia digital v\u00e3o nortear o Talk Show com [&hellip;]<\/p>\n","protected":false},"author":1,"featured_media":9572,"comment_status":"open","ping_status":"open","sticky":false,"template":"","format":"standard","meta":{"tdm_status":"","tdm_grid_status":"","footnotes":""},"categories":[13],"tags":[169,179,96,26],"class_list":["post-9567","post","type-post","status-publish","format-standard","has-post-thumbnail","hentry","category-eventos","tag-digitalks","tag-evento","tag-marcas","tag-marketing-digital"],"yoast_head":"<!-- This site is optimized with the Yoast SEO plugin v27.5 - https:\/\/yoast.com\/product\/yoast-seo-wordpress\/ -->\n<title>Como as marcas e os neg\u00f3cios v\u00e3o atuar na Nova Economia Digital ser\u00e1 um dos principais enfoques do Expo F\u00f3rum Digitalks - CidadeMarketing<\/title>\n<meta name=\"robots\" content=\"index, follow, max-snippet:-1, max-image-preview:large, max-video-preview:-1\" \/>\n<link rel=\"canonical\" href=\"https:\/\/www.cidademarketing.com.br\/marketing\/2019\/06\/27\/como-as-marcas-e-os-negocios-vao-atuar-na-nova-economia-digital-sera-um-dos-principais-enfoques-do-expo-forum-digitalks-2\/\" \/>\n<meta property=\"og:locale\" content=\"pt_BR\" \/>\n<meta property=\"og:type\" content=\"article\" \/>\n<meta property=\"og:title\" content=\"Como as marcas e os neg\u00f3cios v\u00e3o atuar na Nova Economia Digital ser\u00e1 um dos principais enfoques do Expo F\u00f3rum Digitalks - CidadeMarketing\" \/>\n<meta property=\"og:description\" content=\"Para falar sobre o assunto, Jo\u00e3o Amo\u00eado, atual presidente do partido Novo, participar\u00e1 da abertura do evento, que acontece nos dias 28 e 29 de agosto, em S\u00e3o Paulo A macroeconomia no Brasil, os neg\u00f3cios, os desafios e as oportunidades dentro da sociedade que est\u00e1 alinhada \u00e0 economia digital v\u00e3o nortear o Talk Show com [&hellip;]\" \/>\n<meta property=\"og:url\" content=\"https:\/\/www.cidademarketing.com.br\/marketing\/2019\/06\/27\/como-as-marcas-e-os-negocios-vao-atuar-na-nova-economia-digital-sera-um-dos-principais-enfoques-do-expo-forum-digitalks-2\/\" \/>\n<meta property=\"og:site_name\" content=\"CidadeMarketing\" \/>\n<meta property=\"article:publisher\" content=\"https:\/\/www.facebook.com\/portalcidademarketing\" \/>\n<meta property=\"article:author\" content=\"https:\/\/www.facebook.com\/thalesbrandao\" \/>\n<meta property=\"article:published_time\" content=\"2019-06-27T02:00:48+00:00\" \/>\n<meta property=\"article:modified_time\" content=\"2019-06-27T02:00:51+00:00\" \/>\n<meta property=\"og:image\" content=\"https:\/\/www.cidademarketing.com.br\/marketing\/wp-content\/uploads\/2019\/06\/cropped-fotos_expoforumdigitalks_2018-2.jpg\" \/>\n\t<meta property=\"og:image:width\" content=\"1894\" \/>\n\t<meta property=\"og:image:height\" content=\"1066\" \/>\n\t<meta property=\"og:image:type\" content=\"image\/jpeg\" \/>\n<meta name=\"author\" content=\"Thales Brand\u00e3o\" \/>\n<meta name=\"twitter:card\" content=\"summary_large_image\" \/>\n<meta name=\"twitter:creator\" content=\"@http:\/\/www.twitter.com\/thalesbrandao\" \/>\n<meta name=\"twitter:site\" content=\"@CidadeMarketing\" \/>\n<meta name=\"twitter:label1\" content=\"Escrito por\" \/>\n\t<meta name=\"twitter:data1\" content=\"Thales Brand\u00e3o\" \/>\n\t<meta name=\"twitter:label2\" content=\"Est. tempo de leitura\" \/>\n\t<meta name=\"twitter:data2\" content=\"4 minutos\" \/>\n<script type=\"application\/ld+json\" class=\"yoast-schema-graph\">{\"@context\":\"https:\\\/\\\/schema.org\",\"@graph\":[{\"@type\":\"Article\",\"@id\":\"https:\\\/\\\/www.cidademarketing.com.br\\\/marketing\\\/2019\\\/06\\\/27\\\/como-as-marcas-e-os-negocios-vao-atuar-na-nova-economia-digital-sera-um-dos-principais-enfoques-do-expo-forum-digitalks-2\\\/#article\",\"isPartOf\":{\"@id\":\"https:\\\/\\\/www.cidademarketing.com.br\\\/marketing\\\/2019\\\/06\\\/27\\\/como-as-marcas-e-os-negocios-vao-atuar-na-nova-economia-digital-sera-um-dos-principais-enfoques-do-expo-forum-digitalks-2\\\/\"},\"author\":{\"name\":\"Thales Brand\u00e3o\",\"@id\":\"https:\\\/\\\/www.cidademarketing.com.br\\\/marketing\\\/#\\\/schema\\\/person\\\/02daff9f18bd9378c9e01eb6b2db155f\"},\"headline\":\"Como as marcas e os neg\u00f3cios v\u00e3o atuar na Nova Economia Digital ser\u00e1 um dos principais enfoques do Expo F\u00f3rum Digitalks\",\"datePublished\":\"2019-06-27T02:00:48+00:00\",\"dateModified\":\"2019-06-27T02:00:51+00:00\",\"mainEntityOfPage\":{\"@id\":\"https:\\\/\\\/www.cidademarketing.com.br\\\/marketing\\\/2019\\\/06\\\/27\\\/como-as-marcas-e-os-negocios-vao-atuar-na-nova-economia-digital-sera-um-dos-principais-enfoques-do-expo-forum-digitalks-2\\\/\"},\"wordCount\":904,\"commentCount\":0,\"publisher\":{\"@id\":\"https:\\\/\\\/www.cidademarketing.com.br\\\/marketing\\\/#organization\"},\"image\":{\"@id\":\"https:\\\/\\\/www.cidademarketing.com.br\\\/marketing\\\/2019\\\/06\\\/27\\\/como-as-marcas-e-os-negocios-vao-atuar-na-nova-economia-digital-sera-um-dos-principais-enfoques-do-expo-forum-digitalks-2\\\/#primaryimage\"},\"thumbnailUrl\":\"https:\\\/\\\/www.cidademarketing.com.br\\\/marketing\\\/wp-content\\\/uploads\\\/2019\\\/06\\\/cropped-fotos_expoforumdigitalks_2018-2.jpg\",\"keywords\":[\"Digitalks\",\"evento\",\"marcas\",\"marketing digital\"],\"articleSection\":[\"Eventos\"],\"inLanguage\":\"pt-BR\",\"potentialAction\":[{\"@type\":\"CommentAction\",\"name\":\"Comment\",\"target\":[\"https:\\\/\\\/www.cidademarketing.com.br\\\/marketing\\\/2019\\\/06\\\/27\\\/como-as-marcas-e-os-negocios-vao-atuar-na-nova-economia-digital-sera-um-dos-principais-enfoques-do-expo-forum-digitalks-2\\\/#respond\"]}]},{\"@type\":\"WebPage\",\"@id\":\"https:\\\/\\\/www.cidademarketing.com.br\\\/marketing\\\/2019\\\/06\\\/27\\\/como-as-marcas-e-os-negocios-vao-atuar-na-nova-economia-digital-sera-um-dos-principais-enfoques-do-expo-forum-digitalks-2\\\/\",\"url\":\"https:\\\/\\\/www.cidademarketing.com.br\\\/marketing\\\/2019\\\/06\\\/27\\\/como-as-marcas-e-os-negocios-vao-atuar-na-nova-economia-digital-sera-um-dos-principais-enfoques-do-expo-forum-digitalks-2\\\/\",\"name\":\"Como as marcas e os neg\u00f3cios v\u00e3o atuar na Nova Economia Digital ser\u00e1 um dos principais enfoques do Expo F\u00f3rum Digitalks - CidadeMarketing\",\"isPartOf\":{\"@id\":\"https:\\\/\\\/www.cidademarketing.com.br\\\/marketing\\\/#website\"},\"primaryImageOfPage\":{\"@id\":\"https:\\\/\\\/www.cidademarketing.com.br\\\/marketing\\\/2019\\\/06\\\/27\\\/como-as-marcas-e-os-negocios-vao-atuar-na-nova-economia-digital-sera-um-dos-principais-enfoques-do-expo-forum-digitalks-2\\\/#primaryimage\"},\"image\":{\"@id\":\"https:\\\/\\\/www.cidademarketing.com.br\\\/marketing\\\/2019\\\/06\\\/27\\\/como-as-marcas-e-os-negocios-vao-atuar-na-nova-economia-digital-sera-um-dos-principais-enfoques-do-expo-forum-digitalks-2\\\/#primaryimage\"},\"thumbnailUrl\":\"https:\\\/\\\/www.cidademarketing.com.br\\\/marketing\\\/wp-content\\\/uploads\\\/2019\\\/06\\\/cropped-fotos_expoforumdigitalks_2018-2.jpg\",\"datePublished\":\"2019-06-27T02:00:48+00:00\",\"dateModified\":\"2019-06-27T02:00:51+00:00\",\"breadcrumb\":{\"@id\":\"https:\\\/\\\/www.cidademarketing.com.br\\\/marketing\\\/2019\\\/06\\\/27\\\/como-as-marcas-e-os-negocios-vao-atuar-na-nova-economia-digital-sera-um-dos-principais-enfoques-do-expo-forum-digitalks-2\\\/#breadcrumb\"},\"inLanguage\":\"pt-BR\",\"potentialAction\":[{\"@type\":\"ReadAction\",\"target\":[\"https:\\\/\\\/www.cidademarketing.com.br\\\/marketing\\\/2019\\\/06\\\/27\\\/como-as-marcas-e-os-negocios-vao-atuar-na-nova-economia-digital-sera-um-dos-principais-enfoques-do-expo-forum-digitalks-2\\\/\"]}]},{\"@type\":\"ImageObject\",\"inLanguage\":\"pt-BR\",\"@id\":\"https:\\\/\\\/www.cidademarketing.com.br\\\/marketing\\\/2019\\\/06\\\/27\\\/como-as-marcas-e-os-negocios-vao-atuar-na-nova-economia-digital-sera-um-dos-principais-enfoques-do-expo-forum-digitalks-2\\\/#primaryimage\",\"url\":\"https:\\\/\\\/www.cidademarketing.com.br\\\/marketing\\\/wp-content\\\/uploads\\\/2019\\\/06\\\/cropped-fotos_expoforumdigitalks_2018-2.jpg\",\"contentUrl\":\"https:\\\/\\\/www.cidademarketing.com.br\\\/marketing\\\/wp-content\\\/uploads\\\/2019\\\/06\\\/cropped-fotos_expoforumdigitalks_2018-2.jpg\",\"width\":1894,\"height\":1066},{\"@type\":\"BreadcrumbList\",\"@id\":\"https:\\\/\\\/www.cidademarketing.com.br\\\/marketing\\\/2019\\\/06\\\/27\\\/como-as-marcas-e-os-negocios-vao-atuar-na-nova-economia-digital-sera-um-dos-principais-enfoques-do-expo-forum-digitalks-2\\\/#breadcrumb\",\"itemListElement\":[{\"@type\":\"ListItem\",\"position\":1,\"name\":\"In\u00edcio\",\"item\":\"https:\\\/\\\/www.cidademarketing.com.br\\\/marketing\\\/\"},{\"@type\":\"ListItem\",\"position\":2,\"name\":\"Como as marcas e os neg\u00f3cios v\u00e3o atuar na Nova Economia Digital ser\u00e1 um dos principais enfoques do Expo F\u00f3rum Digitalks\"}]},{\"@type\":\"WebSite\",\"@id\":\"https:\\\/\\\/www.cidademarketing.com.br\\\/marketing\\\/#website\",\"url\":\"https:\\\/\\\/www.cidademarketing.com.br\\\/marketing\\\/\",\"name\":\"CidadeMarketing\",\"description\":\"Somos um ve\u00edculo de comunica\u00e7\u00e3o de destaque no Brasil, reconhecido por conte\u00fados nos segmentos de marketing, empreendedorismo e inova\u00e7\u00e3o.\",\"publisher\":{\"@id\":\"https:\\\/\\\/www.cidademarketing.com.br\\\/marketing\\\/#organization\"},\"alternateName\":\"CidadeMarketing\",\"potentialAction\":[{\"@type\":\"SearchAction\",\"target\":{\"@type\":\"EntryPoint\",\"urlTemplate\":\"https:\\\/\\\/www.cidademarketing.com.br\\\/marketing\\\/?s={search_term_string}\"},\"query-input\":{\"@type\":\"PropertyValueSpecification\",\"valueRequired\":true,\"valueName\":\"search_term_string\"}}],\"inLanguage\":\"pt-BR\"},{\"@type\":\"Organization\",\"@id\":\"https:\\\/\\\/www.cidademarketing.com.br\\\/marketing\\\/#organization\",\"name\":\"CidadeMarketing\",\"alternateName\":\"CidadeMarketing\",\"url\":\"https:\\\/\\\/www.cidademarketing.com.br\\\/marketing\\\/\",\"logo\":{\"@type\":\"ImageObject\",\"inLanguage\":\"pt-BR\",\"@id\":\"https:\\\/\\\/www.cidademarketing.com.br\\\/marketing\\\/#\\\/schema\\\/logo\\\/image\\\/\",\"url\":\"https:\\\/\\\/www.cidademarketing.com.br\\\/marketing\\\/wp-content\\\/uploads\\\/2020\\\/01\\\/cidademarketing_marca_mobile.png\",\"contentUrl\":\"https:\\\/\\\/www.cidademarketing.com.br\\\/marketing\\\/wp-content\\\/uploads\\\/2020\\\/01\\\/cidademarketing_marca_mobile.png\",\"width\":230,\"height\":92,\"caption\":\"CidadeMarketing\"},\"image\":{\"@id\":\"https:\\\/\\\/www.cidademarketing.com.br\\\/marketing\\\/#\\\/schema\\\/logo\\\/image\\\/\"},\"sameAs\":[\"https:\\\/\\\/www.facebook.com\\\/portalcidademarketing\",\"https:\\\/\\\/x.com\\\/CidadeMarketing\",\"https:\\\/\\\/www.instagram.com\\\/cidademarketing\\\/\"]},{\"@type\":\"Person\",\"@id\":\"https:\\\/\\\/www.cidademarketing.com.br\\\/marketing\\\/#\\\/schema\\\/person\\\/02daff9f18bd9378c9e01eb6b2db155f\",\"name\":\"Thales Brand\u00e3o\",\"image\":{\"@type\":\"ImageObject\",\"inLanguage\":\"pt-BR\",\"@id\":\"https:\\\/\\\/secure.gravatar.com\\\/avatar\\\/7ca3206950207cc3cb48feec56a8a7898741ab725c368d99d5d7a5a50aab80c6?s=96&d=mm&r=g\",\"url\":\"https:\\\/\\\/secure.gravatar.com\\\/avatar\\\/7ca3206950207cc3cb48feec56a8a7898741ab725c368d99d5d7a5a50aab80c6?s=96&d=mm&r=g\",\"contentUrl\":\"https:\\\/\\\/secure.gravatar.com\\\/avatar\\\/7ca3206950207cc3cb48feec56a8a7898741ab725c368d99d5d7a5a50aab80c6?s=96&d=mm&r=g\",\"caption\":\"Thales Brand\u00e3o\"},\"description\":\"Editor Executivo do Portal CidadeMarketing.com.br &gt; Mestre em Comunica\u00e7\u00e3o e Sociedade pela Universidade Federal de Sergipe. Possui MBA Executivo em Administra\u00e7\u00e3o com \u00eanfase em Marketing pela Funda\u00e7\u00e3o Get\u00falio Vargas - Rio de Janeiro. Consultor, Palestrante e Pesquisador sobre Empreendedorismo, Marketing, Redes Sociais e Neg\u00f3cios Digitais. Professor, Palestrante TedxTalks e Campus Party. Twitter: @ThalesBrandao\",\"sameAs\":[\"http:\\\/\\\/www.mandacaru.com.br\",\"https:\\\/\\\/www.facebook.com\\\/thalesbrandao\",\"http:\\\/\\\/www.instagram.com.br\\\/thalesbrandaoferreira\",\"https:\\\/\\\/www.linkedin.com\\\/in\\\/thales-brand\u00e3o-3948609\\\/\",\"https:\\\/\\\/x.com\\\/http:\\\/\\\/www.twitter.com\\\/thalesbrandao\"],\"url\":\"https:\\\/\\\/www.cidademarketing.com.br\\\/marketing\\\/author\\\/thalesbrandao\\\/\"}]}<\/script>\n<!-- \/ Yoast SEO plugin. -->","yoast_head_json":{"title":"Como as marcas e os neg\u00f3cios v\u00e3o atuar na Nova Economia Digital ser\u00e1 um dos principais enfoques do Expo F\u00f3rum Digitalks - CidadeMarketing","robots":{"index":"index","follow":"follow","max-snippet":"max-snippet:-1","max-image-preview":"max-image-preview:large","max-video-preview":"max-video-preview:-1"},"canonical":"https:\/\/www.cidademarketing.com.br\/marketing\/2019\/06\/27\/como-as-marcas-e-os-negocios-vao-atuar-na-nova-economia-digital-sera-um-dos-principais-enfoques-do-expo-forum-digitalks-2\/","og_locale":"pt_BR","og_type":"article","og_title":"Como as marcas e os neg\u00f3cios v\u00e3o atuar na Nova Economia Digital ser\u00e1 um dos principais enfoques do Expo F\u00f3rum Digitalks - CidadeMarketing","og_description":"Para falar sobre o assunto, Jo\u00e3o Amo\u00eado, atual presidente do partido Novo, participar\u00e1 da abertura do evento, que acontece nos dias 28 e 29 de agosto, em S\u00e3o Paulo A macroeconomia no Brasil, os neg\u00f3cios, os desafios e as oportunidades dentro da sociedade que est\u00e1 alinhada \u00e0 economia digital v\u00e3o nortear o Talk Show com [&hellip;]","og_url":"https:\/\/www.cidademarketing.com.br\/marketing\/2019\/06\/27\/como-as-marcas-e-os-negocios-vao-atuar-na-nova-economia-digital-sera-um-dos-principais-enfoques-do-expo-forum-digitalks-2\/","og_site_name":"CidadeMarketing","article_publisher":"https:\/\/www.facebook.com\/portalcidademarketing","article_author":"https:\/\/www.facebook.com\/thalesbrandao","article_published_time":"2019-06-27T02:00:48+00:00","article_modified_time":"2019-06-27T02:00:51+00:00","og_image":[{"width":1894,"height":1066,"url":"https:\/\/www.cidademarketing.com.br\/marketing\/wp-content\/uploads\/2019\/06\/cropped-fotos_expoforumdigitalks_2018-2.jpg","type":"image\/jpeg"}],"author":"Thales Brand\u00e3o","twitter_card":"summary_large_image","twitter_creator":"@http:\/\/www.twitter.com\/thalesbrandao","twitter_site":"@CidadeMarketing","twitter_misc":{"Escrito por":"Thales Brand\u00e3o","Est. tempo de leitura":"4 minutos"},"schema":{"@context":"https:\/\/schema.org","@graph":[{"@type":"Article","@id":"https:\/\/www.cidademarketing.com.br\/marketing\/2019\/06\/27\/como-as-marcas-e-os-negocios-vao-atuar-na-nova-economia-digital-sera-um-dos-principais-enfoques-do-expo-forum-digitalks-2\/#article","isPartOf":{"@id":"https:\/\/www.cidademarketing.com.br\/marketing\/2019\/06\/27\/como-as-marcas-e-os-negocios-vao-atuar-na-nova-economia-digital-sera-um-dos-principais-enfoques-do-expo-forum-digitalks-2\/"},"author":{"name":"Thales Brand\u00e3o","@id":"https:\/\/www.cidademarketing.com.br\/marketing\/#\/schema\/person\/02daff9f18bd9378c9e01eb6b2db155f"},"headline":"Como as marcas e os neg\u00f3cios v\u00e3o atuar na Nova Economia Digital ser\u00e1 um dos principais enfoques do Expo F\u00f3rum Digitalks","datePublished":"2019-06-27T02:00:48+00:00","dateModified":"2019-06-27T02:00:51+00:00","mainEntityOfPage":{"@id":"https:\/\/www.cidademarketing.com.br\/marketing\/2019\/06\/27\/como-as-marcas-e-os-negocios-vao-atuar-na-nova-economia-digital-sera-um-dos-principais-enfoques-do-expo-forum-digitalks-2\/"},"wordCount":904,"commentCount":0,"publisher":{"@id":"https:\/\/www.cidademarketing.com.br\/marketing\/#organization"},"image":{"@id":"https:\/\/www.cidademarketing.com.br\/marketing\/2019\/06\/27\/como-as-marcas-e-os-negocios-vao-atuar-na-nova-economia-digital-sera-um-dos-principais-enfoques-do-expo-forum-digitalks-2\/#primaryimage"},"thumbnailUrl":"https:\/\/www.cidademarketing.com.br\/marketing\/wp-content\/uploads\/2019\/06\/cropped-fotos_expoforumdigitalks_2018-2.jpg","keywords":["Digitalks","evento","marcas","marketing digital"],"articleSection":["Eventos"],"inLanguage":"pt-BR","potentialAction":[{"@type":"CommentAction","name":"Comment","target":["https:\/\/www.cidademarketing.com.br\/marketing\/2019\/06\/27\/como-as-marcas-e-os-negocios-vao-atuar-na-nova-economia-digital-sera-um-dos-principais-enfoques-do-expo-forum-digitalks-2\/#respond"]}]},{"@type":"WebPage","@id":"https:\/\/www.cidademarketing.com.br\/marketing\/2019\/06\/27\/como-as-marcas-e-os-negocios-vao-atuar-na-nova-economia-digital-sera-um-dos-principais-enfoques-do-expo-forum-digitalks-2\/","url":"https:\/\/www.cidademarketing.com.br\/marketing\/2019\/06\/27\/como-as-marcas-e-os-negocios-vao-atuar-na-nova-economia-digital-sera-um-dos-principais-enfoques-do-expo-forum-digitalks-2\/","name":"Como as marcas e os neg\u00f3cios v\u00e3o atuar na Nova Economia Digital ser\u00e1 um dos principais enfoques do Expo F\u00f3rum Digitalks - CidadeMarketing","isPartOf":{"@id":"https:\/\/www.cidademarketing.com.br\/marketing\/#website"},"primaryImageOfPage":{"@id":"https:\/\/www.cidademarketing.com.br\/marketing\/2019\/06\/27\/como-as-marcas-e-os-negocios-vao-atuar-na-nova-economia-digital-sera-um-dos-principais-enfoques-do-expo-forum-digitalks-2\/#primaryimage"},"image":{"@id":"https:\/\/www.cidademarketing.com.br\/marketing\/2019\/06\/27\/como-as-marcas-e-os-negocios-vao-atuar-na-nova-economia-digital-sera-um-dos-principais-enfoques-do-expo-forum-digitalks-2\/#primaryimage"},"thumbnailUrl":"https:\/\/www.cidademarketing.com.br\/marketing\/wp-content\/uploads\/2019\/06\/cropped-fotos_expoforumdigitalks_2018-2.jpg","datePublished":"2019-06-27T02:00:48+00:00","dateModified":"2019-06-27T02:00:51+00:00","breadcrumb":{"@id":"https:\/\/www.cidademarketing.com.br\/marketing\/2019\/06\/27\/como-as-marcas-e-os-negocios-vao-atuar-na-nova-economia-digital-sera-um-dos-principais-enfoques-do-expo-forum-digitalks-2\/#breadcrumb"},"inLanguage":"pt-BR","potentialAction":[{"@type":"ReadAction","target":["https:\/\/www.cidademarketing.com.br\/marketing\/2019\/06\/27\/como-as-marcas-e-os-negocios-vao-atuar-na-nova-economia-digital-sera-um-dos-principais-enfoques-do-expo-forum-digitalks-2\/"]}]},{"@type":"ImageObject","inLanguage":"pt-BR","@id":"https:\/\/www.cidademarketing.com.br\/marketing\/2019\/06\/27\/como-as-marcas-e-os-negocios-vao-atuar-na-nova-economia-digital-sera-um-dos-principais-enfoques-do-expo-forum-digitalks-2\/#primaryimage","url":"https:\/\/www.cidademarketing.com.br\/marketing\/wp-content\/uploads\/2019\/06\/cropped-fotos_expoforumdigitalks_2018-2.jpg","contentUrl":"https:\/\/www.cidademarketing.com.br\/marketing\/wp-content\/uploads\/2019\/06\/cropped-fotos_expoforumdigitalks_2018-2.jpg","width":1894,"height":1066},{"@type":"BreadcrumbList","@id":"https:\/\/www.cidademarketing.com.br\/marketing\/2019\/06\/27\/como-as-marcas-e-os-negocios-vao-atuar-na-nova-economia-digital-sera-um-dos-principais-enfoques-do-expo-forum-digitalks-2\/#breadcrumb","itemListElement":[{"@type":"ListItem","position":1,"name":"In\u00edcio","item":"https:\/\/www.cidademarketing.com.br\/marketing\/"},{"@type":"ListItem","position":2,"name":"Como as marcas e os neg\u00f3cios v\u00e3o atuar na Nova Economia Digital ser\u00e1 um dos principais enfoques do Expo F\u00f3rum Digitalks"}]},{"@type":"WebSite","@id":"https:\/\/www.cidademarketing.com.br\/marketing\/#website","url":"https:\/\/www.cidademarketing.com.br\/marketing\/","name":"CidadeMarketing","description":"Somos um ve\u00edculo de comunica\u00e7\u00e3o de destaque no Brasil, reconhecido por conte\u00fados nos segmentos de marketing, empreendedorismo e inova\u00e7\u00e3o.","publisher":{"@id":"https:\/\/www.cidademarketing.com.br\/marketing\/#organization"},"alternateName":"CidadeMarketing","potentialAction":[{"@type":"SearchAction","target":{"@type":"EntryPoint","urlTemplate":"https:\/\/www.cidademarketing.com.br\/marketing\/?s={search_term_string}"},"query-input":{"@type":"PropertyValueSpecification","valueRequired":true,"valueName":"search_term_string"}}],"inLanguage":"pt-BR"},{"@type":"Organization","@id":"https:\/\/www.cidademarketing.com.br\/marketing\/#organization","name":"CidadeMarketing","alternateName":"CidadeMarketing","url":"https:\/\/www.cidademarketing.com.br\/marketing\/","logo":{"@type":"ImageObject","inLanguage":"pt-BR","@id":"https:\/\/www.cidademarketing.com.br\/marketing\/#\/schema\/logo\/image\/","url":"https:\/\/www.cidademarketing.com.br\/marketing\/wp-content\/uploads\/2020\/01\/cidademarketing_marca_mobile.png","contentUrl":"https:\/\/www.cidademarketing.com.br\/marketing\/wp-content\/uploads\/2020\/01\/cidademarketing_marca_mobile.png","width":230,"height":92,"caption":"CidadeMarketing"},"image":{"@id":"https:\/\/www.cidademarketing.com.br\/marketing\/#\/schema\/logo\/image\/"},"sameAs":["https:\/\/www.facebook.com\/portalcidademarketing","https:\/\/x.com\/CidadeMarketing","https:\/\/www.instagram.com\/cidademarketing\/"]},{"@type":"Person","@id":"https:\/\/www.cidademarketing.com.br\/marketing\/#\/schema\/person\/02daff9f18bd9378c9e01eb6b2db155f","name":"Thales Brand\u00e3o","image":{"@type":"ImageObject","inLanguage":"pt-BR","@id":"https:\/\/secure.gravatar.com\/avatar\/7ca3206950207cc3cb48feec56a8a7898741ab725c368d99d5d7a5a50aab80c6?s=96&d=mm&r=g","url":"https:\/\/secure.gravatar.com\/avatar\/7ca3206950207cc3cb48feec56a8a7898741ab725c368d99d5d7a5a50aab80c6?s=96&d=mm&r=g","contentUrl":"https:\/\/secure.gravatar.com\/avatar\/7ca3206950207cc3cb48feec56a8a7898741ab725c368d99d5d7a5a50aab80c6?s=96&d=mm&r=g","caption":"Thales Brand\u00e3o"},"description":"Editor Executivo do Portal CidadeMarketing.com.br &gt; Mestre em Comunica\u00e7\u00e3o e Sociedade pela Universidade Federal de Sergipe. Possui MBA Executivo em Administra\u00e7\u00e3o com \u00eanfase em Marketing pela Funda\u00e7\u00e3o Get\u00falio Vargas - Rio de Janeiro. Consultor, Palestrante e Pesquisador sobre Empreendedorismo, Marketing, Redes Sociais e Neg\u00f3cios Digitais. Professor, Palestrante TedxTalks e Campus Party. Twitter: @ThalesBrandao","sameAs":["http:\/\/www.mandacaru.com.br","https:\/\/www.facebook.com\/thalesbrandao","http:\/\/www.instagram.com.br\/thalesbrandaoferreira","https:\/\/www.linkedin.com\/in\/thales-brand\u00e3o-3948609\/","https:\/\/x.com\/http:\/\/www.twitter.com\/thalesbrandao"],"url":"https:\/\/www.cidademarketing.com.br\/marketing\/author\/thalesbrandao\/"}]}},"amp_enabled":true,"_links":{"self":[{"href":"https:\/\/www.cidademarketing.com.br\/marketing\/wp-json\/wp\/v2\/posts\/9567","targetHints":{"allow":["GET"]}}],"collection":[{"href":"https:\/\/www.cidademarketing.com.br\/marketing\/wp-json\/wp\/v2\/posts"}],"about":[{"href":"https:\/\/www.cidademarketing.com.br\/marketing\/wp-json\/wp\/v2\/types\/post"}],"author":[{"embeddable":true,"href":"https:\/\/www.cidademarketing.com.br\/marketing\/wp-json\/wp\/v2\/users\/1"}],"replies":[{"embeddable":true,"href":"https:\/\/www.cidademarketing.com.br\/marketing\/wp-json\/wp\/v2\/comments?post=9567"}],"version-history":[{"count":1,"href":"https:\/\/www.cidademarketing.com.br\/marketing\/wp-json\/wp\/v2\/posts\/9567\/revisions"}],"predecessor-version":[{"id":9573,"href":"https:\/\/www.cidademarketing.com.br\/marketing\/wp-json\/wp\/v2\/posts\/9567\/revisions\/9573"}],"wp:featuredmedia":[{"embeddable":true,"href":"https:\/\/www.cidademarketing.com.br\/marketing\/wp-json\/wp\/v2\/media\/9572"}],"wp:attachment":[{"href":"https:\/\/www.cidademarketing.com.br\/marketing\/wp-json\/wp\/v2\/media?parent=9567"}],"wp:term":[{"taxonomy":"category","embeddable":true,"href":"https:\/\/www.cidademarketing.com.br\/marketing\/wp-json\/wp\/v2\/categories?post=9567"},{"taxonomy":"post_tag","embeddable":true,"href":"https:\/\/www.cidademarketing.com.br\/marketing\/wp-json\/wp\/v2\/tags?post=9567"}],"curies":[{"name":"wp","href":"https:\/\/api.w.org\/{rel}","templated":true}]}}