{"id":9528,"date":"2019-06-26T03:38:40","date_gmt":"2019-06-25T23:38:40","guid":{"rendered":"https:\/\/www.cidademarketing.com.br\/marketing\/?p=9528"},"modified":"2019-06-26T03:38:43","modified_gmt":"2019-06-25T23:38:43","slug":"procon-mg-auxilia-vendedores-ambulantes-na-elaboracao-de-cardapio-saudavel","status":"publish","type":"post","link":"https:\/\/www.cidademarketing.com.br\/marketing\/2019\/06\/26\/procon-mg-auxilia-vendedores-ambulantes-na-elaboracao-de-cardapio-saudavel\/","title":{"rendered":"Procon-MG auxilia vendedores ambulantes na elabora\u00e7\u00e3o de card\u00e1pio saud\u00e1vel"},"content":{"rendered":"\n<p>\n\nDentro do escopo do projeto Consumo Saud\u00e1vel Dentro e Fora das Escolas, o Procon-MG, \u00f3rg\u00e3o integrante do Minist\u00e9rio P\u00fablico de Minas Gerais (MPMG), est\u00e1 realizando reuni\u00f5es de trabalho juntamente com outras institui\u00e7\u00f5es para elaborar um card\u00e1pio com sugest\u00f5es de alimentos saud\u00e1veis para serem comercializados nas portas das escolas de Belo Horizonte. A inten\u00e7\u00e3o \u00e9 ajudar os vendedores ambulantes de modo que sejam parceiros dos consumidores e da alimenta\u00e7\u00e3o saud\u00e1vel.<\/p>\n\n\n\n<p>A iniciativa pretende adequar os produtos vendidos pelos ambulantes \u00e0 Lei Estadual 15.072, de 2004, ao Decreto Estadual 47.557, de 2018, e \u00e0 Resolu\u00e7\u00e3o n\u00ba 02, de 2018, da Caisans-MG (C\u00e2mara Governamental Intersetorial de Seguran\u00e7a Alimentar e Nutricional Sustent\u00e1vel de Minas Gerais). A Resolu\u00e7\u00e3o da Caisans-MG lista quais s\u00e3o os alimentos com venda proibida e tamb\u00e9m aqueles que podem ser comercializados no ambiente escolar. Essas legisla\u00e7\u00f5es tratam da promo\u00e7\u00e3o da alimenta\u00e7\u00e3o adequada, saud\u00e1vel e sustent\u00e1vel nas escolas de educa\u00e7\u00e3o b\u00e1sica das redes p\u00fablica e privada no Estado.<\/p>\n\n\n\n<p>As reuni\u00f5es de trabalho foram realizadas com representantes do Procon-MG, da Vigil\u00e2ncia Sanit\u00e1ria de Belo Horizonte, do Sindicato das Escolas Particulares de Minas Gerais (Sinep-MG), da Universidade Federal de Minas Gerais (UFMG), da Subsecretaria de Seguran\u00e7a Alimentar e Nutricional&nbsp; (Susan) de Belo Horizonte, da Subsecretaria de Fiscaliza\u00e7\u00e3o (Sufis) de Belo Horizonte e da Alian\u00e7a Minas Gerais. Dos encontros surgiu a lista com sugest\u00f5es de alimentos para serem comercializados nas portas das escolas.&nbsp;<\/p>\n\n\n\n<p>Al\u00e9m da Resolu\u00e7\u00e3o da Caisans-MG, a lista tamb\u00e9m levou em considera\u00e7\u00e3o o C\u00f3digo de Posturas do munic\u00edpio de Belo Horizonte (Lei Municipal n\u00ba 8616\/2003) e o Guia Alimentar para a popula\u00e7\u00e3o brasileira, do Minist\u00e9rio da Sa\u00fade.<\/p>\n\n\n\n<p>Como canal de di\u00e1logo para orientar os vendedores ambulantes sobre o assunto, a coordena\u00e7\u00e3o do Procon-MG colocou \u00e0 disposi\u00e7\u00e3o deles o e-mail proconcoorden@mpmg.mp.br para receber eventuais d\u00favidas sobre o tema. O objetivo \u00e9 encaminhar essas quest\u00f5es ao \u00f3rg\u00e3o competente para que sejam sanadas.&nbsp;<\/p>\n\n\n\n<p>O Procon-MG, em parceria com as institui\u00e7\u00f5es, ir\u00e1 identificar fornecedores de alimentos mais saud\u00e1veis, em rela\u00e7\u00e3o aos ultraprocessados, que possam ser vendidos pelos vendedores ambulantes.&nbsp;<\/p>\n\n\n\n<p>Veja abaixo a lista com as sugest\u00f5es de alimentos para serem comercializados na porta das escolas:<\/p>\n\n\n\n<p>Milho verde cozido com ou sem sal<\/p>\n\n\n\n<p>\u00c1gua de coco<\/p>\n\n\n\n<p>Doces:&nbsp;<br>Mel<br>Rapadura<br>Doce de leite sem aditivos qu\u00edmicos<br>Doces de amendoim sem aditivos qu\u00edmicos (p\u00e9-de-moleque, pa\u00e7oca)<br>Doces de frutas sem aditivos qu\u00edmicos (goiabada, marmelada, bananada, mangada, cocada)&nbsp;<br>Pralin\u00ea (amendoim caramelizado)<br>Peda\u00e7os de coco caramelizados<br>Frutas cristalizadas&nbsp;<\/p>\n\n\n\n<p>\u00c1gua mineral com ou sem g\u00e1s<\/p>\n\n\n\n<p>Suco de fruta integral pasteurizado ou envasado sem adi\u00e7\u00e3o de a\u00e7\u00facar<\/p>\n\n\n\n<p>Gelados comest\u00edveis:<br>Picol\u00e9 de fruta sem aditivos qu\u00edmicos<br>Sorvete de fruta sem aditivos qu\u00edmicos<br>Chup chup de fruta sem aditivos qu\u00edmicos<\/p>\n\n\n\n<p>Pipoca de milho feita na panela, podendo ser doce ou salgada.<\/p>\n\n\n\n<p>Amendoim torrado, castanha de caju, castanha do Par\u00e1, nozes, am\u00eandoas e sementes oleaginosas com ou sem adi\u00e7\u00e3o de sal ou a\u00e7\u00facar<\/p>\n\n\n\n<p>Frutas:<br>Frutas in natura n\u00e3o manipuladas: laranja (descascada na presen\u00e7a do consumidor), p\u00eara, mexerica, ma\u00e7\u00e3, banana, goiaba<br>Frutas desidratadas (banana passa, uva passa, damasco seco, ameixa seca)<\/p>\n\n\n\n<p>Chips de hortali\u00e7as ou frutas desidratadas com ou sem sal (banana, cenoura, beterraba, baroa)&nbsp;<\/p>\n\n\n\n<p>Biscoito de polvilho n\u00e3o adicionado de gordura vegetal hidrogenada (deve-se fazer a leitura da lista de ingredientes que consta no r\u00f3tulo do produto)<\/p>\n\n\n\n<p>Biscoito de arroz sem aditivos qu\u00edmicos.&nbsp;\n\n<\/p>\n","protected":false},"excerpt":{"rendered":"<p>Dentro do escopo do projeto Consumo Saud\u00e1vel Dentro e Fora das Escolas, o Procon-MG, \u00f3rg\u00e3o integrante do Minist\u00e9rio P\u00fablico de Minas Gerais (MPMG), est\u00e1 realizando reuni\u00f5es de trabalho juntamente com outras institui\u00e7\u00f5es para elaborar um card\u00e1pio com sugest\u00f5es de alimentos saud\u00e1veis para serem comercializados nas portas das escolas de Belo Horizonte. A inten\u00e7\u00e3o \u00e9 ajudar [&hellip;]<\/p>\n","protected":false},"author":1,"featured_media":9529,"comment_status":"open","ping_status":"open","sticky":false,"template":"","format":"standard","meta":{"tdm_status":"","tdm_grid_status":"","footnotes":""},"categories":[9,6],"tags":[51,28,2051],"class_list":["post-9528","post","type-post","status-publish","format-standard","has-post-thumbnail","hentry","category-consumidor","category-noticias","tag-consumidor","tag-marketing","tag-procon-mg"],"yoast_head":"<!-- This site is optimized with the Yoast SEO plugin v27.5 - https:\/\/yoast.com\/product\/yoast-seo-wordpress\/ -->\n<title>Procon-MG auxilia vendedores ambulantes na elabora\u00e7\u00e3o de card\u00e1pio saud\u00e1vel - CidadeMarketing<\/title>\n<meta name=\"robots\" content=\"index, follow, max-snippet:-1, max-image-preview:large, max-video-preview:-1\" \/>\n<link rel=\"canonical\" href=\"https:\/\/www.cidademarketing.com.br\/marketing\/2019\/06\/26\/procon-mg-auxilia-vendedores-ambulantes-na-elaboracao-de-cardapio-saudavel\/\" \/>\n<meta property=\"og:locale\" content=\"pt_BR\" \/>\n<meta property=\"og:type\" content=\"article\" \/>\n<meta property=\"og:title\" content=\"Procon-MG auxilia vendedores ambulantes na elabora\u00e7\u00e3o de card\u00e1pio saud\u00e1vel - CidadeMarketing\" \/>\n<meta property=\"og:description\" content=\"Dentro do escopo do projeto Consumo Saud\u00e1vel Dentro e Fora das Escolas, o Procon-MG, \u00f3rg\u00e3o integrante do Minist\u00e9rio P\u00fablico de Minas Gerais (MPMG), est\u00e1 realizando reuni\u00f5es de trabalho juntamente com outras institui\u00e7\u00f5es para elaborar um card\u00e1pio com sugest\u00f5es de alimentos saud\u00e1veis para serem comercializados nas portas das escolas de Belo Horizonte. A inten\u00e7\u00e3o \u00e9 ajudar [&hellip;]\" \/>\n<meta property=\"og:url\" content=\"https:\/\/www.cidademarketing.com.br\/marketing\/2019\/06\/26\/procon-mg-auxilia-vendedores-ambulantes-na-elaboracao-de-cardapio-saudavel\/\" \/>\n<meta property=\"og:site_name\" content=\"CidadeMarketing\" \/>\n<meta property=\"article:publisher\" content=\"https:\/\/www.facebook.com\/portalcidademarketing\" \/>\n<meta property=\"article:author\" content=\"https:\/\/www.facebook.com\/thalesbrandao\" \/>\n<meta property=\"article:published_time\" content=\"2019-06-25T23:38:40+00:00\" \/>\n<meta property=\"article:modified_time\" content=\"2019-06-25T23:38:43+00:00\" \/>\n<meta property=\"og:image\" content=\"https:\/\/www.cidademarketing.com.br\/marketing\/wp-content\/uploads\/2019\/06\/milhoverde_thalesbrandao.jpg\" \/>\n\t<meta property=\"og:image:width\" content=\"1000\" \/>\n\t<meta property=\"og:image:height\" content=\"667\" \/>\n\t<meta property=\"og:image:type\" content=\"image\/jpeg\" \/>\n<meta name=\"author\" content=\"Thales Brand\u00e3o\" \/>\n<meta name=\"twitter:card\" content=\"summary_large_image\" \/>\n<meta name=\"twitter:creator\" content=\"@http:\/\/www.twitter.com\/thalesbrandao\" \/>\n<meta name=\"twitter:site\" content=\"@CidadeMarketing\" \/>\n<meta name=\"twitter:label1\" content=\"Escrito por\" \/>\n\t<meta name=\"twitter:data1\" content=\"Thales Brand\u00e3o\" \/>\n\t<meta name=\"twitter:label2\" content=\"Est. tempo de leitura\" \/>\n\t<meta name=\"twitter:data2\" content=\"3 minutos\" \/>\n<script type=\"application\/ld+json\" class=\"yoast-schema-graph\">{\"@context\":\"https:\\\/\\\/schema.org\",\"@graph\":[{\"@type\":\"Article\",\"@id\":\"https:\\\/\\\/www.cidademarketing.com.br\\\/marketing\\\/2019\\\/06\\\/26\\\/procon-mg-auxilia-vendedores-ambulantes-na-elaboracao-de-cardapio-saudavel\\\/#article\",\"isPartOf\":{\"@id\":\"https:\\\/\\\/www.cidademarketing.com.br\\\/marketing\\\/2019\\\/06\\\/26\\\/procon-mg-auxilia-vendedores-ambulantes-na-elaboracao-de-cardapio-saudavel\\\/\"},\"author\":{\"name\":\"Thales Brand\u00e3o\",\"@id\":\"https:\\\/\\\/www.cidademarketing.com.br\\\/marketing\\\/#\\\/schema\\\/person\\\/02daff9f18bd9378c9e01eb6b2db155f\"},\"headline\":\"Procon-MG auxilia vendedores ambulantes na elabora\u00e7\u00e3o de card\u00e1pio saud\u00e1vel\",\"datePublished\":\"2019-06-25T23:38:40+00:00\",\"dateModified\":\"2019-06-25T23:38:43+00:00\",\"mainEntityOfPage\":{\"@id\":\"https:\\\/\\\/www.cidademarketing.com.br\\\/marketing\\\/2019\\\/06\\\/26\\\/procon-mg-auxilia-vendedores-ambulantes-na-elaboracao-de-cardapio-saudavel\\\/\"},\"wordCount\":616,\"commentCount\":0,\"publisher\":{\"@id\":\"https:\\\/\\\/www.cidademarketing.com.br\\\/marketing\\\/#organization\"},\"image\":{\"@id\":\"https:\\\/\\\/www.cidademarketing.com.br\\\/marketing\\\/2019\\\/06\\\/26\\\/procon-mg-auxilia-vendedores-ambulantes-na-elaboracao-de-cardapio-saudavel\\\/#primaryimage\"},\"thumbnailUrl\":\"https:\\\/\\\/www.cidademarketing.com.br\\\/marketing\\\/wp-content\\\/uploads\\\/2019\\\/06\\\/milhoverde_thalesbrandao.jpg\",\"keywords\":[\"consumidor\",\"marketing\",\"Procon-MG\"],\"articleSection\":[\"Consumidor\",\"Not\u00edcias\"],\"inLanguage\":\"pt-BR\",\"potentialAction\":[{\"@type\":\"CommentAction\",\"name\":\"Comment\",\"target\":[\"https:\\\/\\\/www.cidademarketing.com.br\\\/marketing\\\/2019\\\/06\\\/26\\\/procon-mg-auxilia-vendedores-ambulantes-na-elaboracao-de-cardapio-saudavel\\\/#respond\"]}]},{\"@type\":\"WebPage\",\"@id\":\"https:\\\/\\\/www.cidademarketing.com.br\\\/marketing\\\/2019\\\/06\\\/26\\\/procon-mg-auxilia-vendedores-ambulantes-na-elaboracao-de-cardapio-saudavel\\\/\",\"url\":\"https:\\\/\\\/www.cidademarketing.com.br\\\/marketing\\\/2019\\\/06\\\/26\\\/procon-mg-auxilia-vendedores-ambulantes-na-elaboracao-de-cardapio-saudavel\\\/\",\"name\":\"Procon-MG auxilia vendedores ambulantes na elabora\u00e7\u00e3o de card\u00e1pio saud\u00e1vel - CidadeMarketing\",\"isPartOf\":{\"@id\":\"https:\\\/\\\/www.cidademarketing.com.br\\\/marketing\\\/#website\"},\"primaryImageOfPage\":{\"@id\":\"https:\\\/\\\/www.cidademarketing.com.br\\\/marketing\\\/2019\\\/06\\\/26\\\/procon-mg-auxilia-vendedores-ambulantes-na-elaboracao-de-cardapio-saudavel\\\/#primaryimage\"},\"image\":{\"@id\":\"https:\\\/\\\/www.cidademarketing.com.br\\\/marketing\\\/2019\\\/06\\\/26\\\/procon-mg-auxilia-vendedores-ambulantes-na-elaboracao-de-cardapio-saudavel\\\/#primaryimage\"},\"thumbnailUrl\":\"https:\\\/\\\/www.cidademarketing.com.br\\\/marketing\\\/wp-content\\\/uploads\\\/2019\\\/06\\\/milhoverde_thalesbrandao.jpg\",\"datePublished\":\"2019-06-25T23:38:40+00:00\",\"dateModified\":\"2019-06-25T23:38:43+00:00\",\"breadcrumb\":{\"@id\":\"https:\\\/\\\/www.cidademarketing.com.br\\\/marketing\\\/2019\\\/06\\\/26\\\/procon-mg-auxilia-vendedores-ambulantes-na-elaboracao-de-cardapio-saudavel\\\/#breadcrumb\"},\"inLanguage\":\"pt-BR\",\"potentialAction\":[{\"@type\":\"ReadAction\",\"target\":[\"https:\\\/\\\/www.cidademarketing.com.br\\\/marketing\\\/2019\\\/06\\\/26\\\/procon-mg-auxilia-vendedores-ambulantes-na-elaboracao-de-cardapio-saudavel\\\/\"]}]},{\"@type\":\"ImageObject\",\"inLanguage\":\"pt-BR\",\"@id\":\"https:\\\/\\\/www.cidademarketing.com.br\\\/marketing\\\/2019\\\/06\\\/26\\\/procon-mg-auxilia-vendedores-ambulantes-na-elaboracao-de-cardapio-saudavel\\\/#primaryimage\",\"url\":\"https:\\\/\\\/www.cidademarketing.com.br\\\/marketing\\\/wp-content\\\/uploads\\\/2019\\\/06\\\/milhoverde_thalesbrandao.jpg\",\"contentUrl\":\"https:\\\/\\\/www.cidademarketing.com.br\\\/marketing\\\/wp-content\\\/uploads\\\/2019\\\/06\\\/milhoverde_thalesbrandao.jpg\",\"width\":1000,\"height\":667,\"caption\":\"Foto; Thales Brand\u00e3o\"},{\"@type\":\"BreadcrumbList\",\"@id\":\"https:\\\/\\\/www.cidademarketing.com.br\\\/marketing\\\/2019\\\/06\\\/26\\\/procon-mg-auxilia-vendedores-ambulantes-na-elaboracao-de-cardapio-saudavel\\\/#breadcrumb\",\"itemListElement\":[{\"@type\":\"ListItem\",\"position\":1,\"name\":\"In\u00edcio\",\"item\":\"https:\\\/\\\/www.cidademarketing.com.br\\\/marketing\\\/\"},{\"@type\":\"ListItem\",\"position\":2,\"name\":\"Procon-MG auxilia vendedores ambulantes na elabora\u00e7\u00e3o de card\u00e1pio saud\u00e1vel\"}]},{\"@type\":\"WebSite\",\"@id\":\"https:\\\/\\\/www.cidademarketing.com.br\\\/marketing\\\/#website\",\"url\":\"https:\\\/\\\/www.cidademarketing.com.br\\\/marketing\\\/\",\"name\":\"CidadeMarketing\",\"description\":\"Somos um ve\u00edculo de comunica\u00e7\u00e3o de destaque no Brasil, reconhecido por conte\u00fados nos segmentos de marketing, empreendedorismo e inova\u00e7\u00e3o.\",\"publisher\":{\"@id\":\"https:\\\/\\\/www.cidademarketing.com.br\\\/marketing\\\/#organization\"},\"alternateName\":\"CidadeMarketing\",\"potentialAction\":[{\"@type\":\"SearchAction\",\"target\":{\"@type\":\"EntryPoint\",\"urlTemplate\":\"https:\\\/\\\/www.cidademarketing.com.br\\\/marketing\\\/?s={search_term_string}\"},\"query-input\":{\"@type\":\"PropertyValueSpecification\",\"valueRequired\":true,\"valueName\":\"search_term_string\"}}],\"inLanguage\":\"pt-BR\"},{\"@type\":\"Organization\",\"@id\":\"https:\\\/\\\/www.cidademarketing.com.br\\\/marketing\\\/#organization\",\"name\":\"CidadeMarketing\",\"alternateName\":\"CidadeMarketing\",\"url\":\"https:\\\/\\\/www.cidademarketing.com.br\\\/marketing\\\/\",\"logo\":{\"@type\":\"ImageObject\",\"inLanguage\":\"pt-BR\",\"@id\":\"https:\\\/\\\/www.cidademarketing.com.br\\\/marketing\\\/#\\\/schema\\\/logo\\\/image\\\/\",\"url\":\"https:\\\/\\\/www.cidademarketing.com.br\\\/marketing\\\/wp-content\\\/uploads\\\/2020\\\/01\\\/cidademarketing_marca_mobile.png\",\"contentUrl\":\"https:\\\/\\\/www.cidademarketing.com.br\\\/marketing\\\/wp-content\\\/uploads\\\/2020\\\/01\\\/cidademarketing_marca_mobile.png\",\"width\":230,\"height\":92,\"caption\":\"CidadeMarketing\"},\"image\":{\"@id\":\"https:\\\/\\\/www.cidademarketing.com.br\\\/marketing\\\/#\\\/schema\\\/logo\\\/image\\\/\"},\"sameAs\":[\"https:\\\/\\\/www.facebook.com\\\/portalcidademarketing\",\"https:\\\/\\\/x.com\\\/CidadeMarketing\",\"https:\\\/\\\/www.instagram.com\\\/cidademarketing\\\/\"]},{\"@type\":\"Person\",\"@id\":\"https:\\\/\\\/www.cidademarketing.com.br\\\/marketing\\\/#\\\/schema\\\/person\\\/02daff9f18bd9378c9e01eb6b2db155f\",\"name\":\"Thales Brand\u00e3o\",\"image\":{\"@type\":\"ImageObject\",\"inLanguage\":\"pt-BR\",\"@id\":\"https:\\\/\\\/secure.gravatar.com\\\/avatar\\\/7ca3206950207cc3cb48feec56a8a7898741ab725c368d99d5d7a5a50aab80c6?s=96&d=mm&r=g\",\"url\":\"https:\\\/\\\/secure.gravatar.com\\\/avatar\\\/7ca3206950207cc3cb48feec56a8a7898741ab725c368d99d5d7a5a50aab80c6?s=96&d=mm&r=g\",\"contentUrl\":\"https:\\\/\\\/secure.gravatar.com\\\/avatar\\\/7ca3206950207cc3cb48feec56a8a7898741ab725c368d99d5d7a5a50aab80c6?s=96&d=mm&r=g\",\"caption\":\"Thales Brand\u00e3o\"},\"description\":\"Editor Executivo do Portal CidadeMarketing.com.br &gt; Mestre em Comunica\u00e7\u00e3o e Sociedade pela Universidade Federal de Sergipe. Possui MBA Executivo em Administra\u00e7\u00e3o com \u00eanfase em Marketing pela Funda\u00e7\u00e3o Get\u00falio Vargas - Rio de Janeiro. Consultor, Palestrante e Pesquisador sobre Empreendedorismo, Marketing, Redes Sociais e Neg\u00f3cios Digitais. Professor, Palestrante TedxTalks e Campus Party. Twitter: @ThalesBrandao\",\"sameAs\":[\"http:\\\/\\\/www.mandacaru.com.br\",\"https:\\\/\\\/www.facebook.com\\\/thalesbrandao\",\"http:\\\/\\\/www.instagram.com.br\\\/thalesbrandaoferreira\",\"https:\\\/\\\/www.linkedin.com\\\/in\\\/thales-brand\u00e3o-3948609\\\/\",\"https:\\\/\\\/x.com\\\/http:\\\/\\\/www.twitter.com\\\/thalesbrandao\"],\"url\":\"https:\\\/\\\/www.cidademarketing.com.br\\\/marketing\\\/author\\\/thalesbrandao\\\/\"}]}<\/script>\n<!-- \/ Yoast SEO plugin. -->","yoast_head_json":{"title":"Procon-MG auxilia vendedores ambulantes na elabora\u00e7\u00e3o de card\u00e1pio saud\u00e1vel - CidadeMarketing","robots":{"index":"index","follow":"follow","max-snippet":"max-snippet:-1","max-image-preview":"max-image-preview:large","max-video-preview":"max-video-preview:-1"},"canonical":"https:\/\/www.cidademarketing.com.br\/marketing\/2019\/06\/26\/procon-mg-auxilia-vendedores-ambulantes-na-elaboracao-de-cardapio-saudavel\/","og_locale":"pt_BR","og_type":"article","og_title":"Procon-MG auxilia vendedores ambulantes na elabora\u00e7\u00e3o de card\u00e1pio saud\u00e1vel - CidadeMarketing","og_description":"Dentro do escopo do projeto Consumo Saud\u00e1vel Dentro e Fora das Escolas, o Procon-MG, \u00f3rg\u00e3o integrante do Minist\u00e9rio P\u00fablico de Minas Gerais (MPMG), est\u00e1 realizando reuni\u00f5es de trabalho juntamente com outras institui\u00e7\u00f5es para elaborar um card\u00e1pio com sugest\u00f5es de alimentos saud\u00e1veis para serem comercializados nas portas das escolas de Belo Horizonte. A inten\u00e7\u00e3o \u00e9 ajudar [&hellip;]","og_url":"https:\/\/www.cidademarketing.com.br\/marketing\/2019\/06\/26\/procon-mg-auxilia-vendedores-ambulantes-na-elaboracao-de-cardapio-saudavel\/","og_site_name":"CidadeMarketing","article_publisher":"https:\/\/www.facebook.com\/portalcidademarketing","article_author":"https:\/\/www.facebook.com\/thalesbrandao","article_published_time":"2019-06-25T23:38:40+00:00","article_modified_time":"2019-06-25T23:38:43+00:00","og_image":[{"width":1000,"height":667,"url":"https:\/\/www.cidademarketing.com.br\/marketing\/wp-content\/uploads\/2019\/06\/milhoverde_thalesbrandao.jpg","type":"image\/jpeg"}],"author":"Thales Brand\u00e3o","twitter_card":"summary_large_image","twitter_creator":"@http:\/\/www.twitter.com\/thalesbrandao","twitter_site":"@CidadeMarketing","twitter_misc":{"Escrito por":"Thales Brand\u00e3o","Est. tempo de leitura":"3 minutos"},"schema":{"@context":"https:\/\/schema.org","@graph":[{"@type":"Article","@id":"https:\/\/www.cidademarketing.com.br\/marketing\/2019\/06\/26\/procon-mg-auxilia-vendedores-ambulantes-na-elaboracao-de-cardapio-saudavel\/#article","isPartOf":{"@id":"https:\/\/www.cidademarketing.com.br\/marketing\/2019\/06\/26\/procon-mg-auxilia-vendedores-ambulantes-na-elaboracao-de-cardapio-saudavel\/"},"author":{"name":"Thales Brand\u00e3o","@id":"https:\/\/www.cidademarketing.com.br\/marketing\/#\/schema\/person\/02daff9f18bd9378c9e01eb6b2db155f"},"headline":"Procon-MG auxilia vendedores ambulantes na elabora\u00e7\u00e3o de card\u00e1pio saud\u00e1vel","datePublished":"2019-06-25T23:38:40+00:00","dateModified":"2019-06-25T23:38:43+00:00","mainEntityOfPage":{"@id":"https:\/\/www.cidademarketing.com.br\/marketing\/2019\/06\/26\/procon-mg-auxilia-vendedores-ambulantes-na-elaboracao-de-cardapio-saudavel\/"},"wordCount":616,"commentCount":0,"publisher":{"@id":"https:\/\/www.cidademarketing.com.br\/marketing\/#organization"},"image":{"@id":"https:\/\/www.cidademarketing.com.br\/marketing\/2019\/06\/26\/procon-mg-auxilia-vendedores-ambulantes-na-elaboracao-de-cardapio-saudavel\/#primaryimage"},"thumbnailUrl":"https:\/\/www.cidademarketing.com.br\/marketing\/wp-content\/uploads\/2019\/06\/milhoverde_thalesbrandao.jpg","keywords":["consumidor","marketing","Procon-MG"],"articleSection":["Consumidor","Not\u00edcias"],"inLanguage":"pt-BR","potentialAction":[{"@type":"CommentAction","name":"Comment","target":["https:\/\/www.cidademarketing.com.br\/marketing\/2019\/06\/26\/procon-mg-auxilia-vendedores-ambulantes-na-elaboracao-de-cardapio-saudavel\/#respond"]}]},{"@type":"WebPage","@id":"https:\/\/www.cidademarketing.com.br\/marketing\/2019\/06\/26\/procon-mg-auxilia-vendedores-ambulantes-na-elaboracao-de-cardapio-saudavel\/","url":"https:\/\/www.cidademarketing.com.br\/marketing\/2019\/06\/26\/procon-mg-auxilia-vendedores-ambulantes-na-elaboracao-de-cardapio-saudavel\/","name":"Procon-MG auxilia vendedores ambulantes na elabora\u00e7\u00e3o de card\u00e1pio saud\u00e1vel - CidadeMarketing","isPartOf":{"@id":"https:\/\/www.cidademarketing.com.br\/marketing\/#website"},"primaryImageOfPage":{"@id":"https:\/\/www.cidademarketing.com.br\/marketing\/2019\/06\/26\/procon-mg-auxilia-vendedores-ambulantes-na-elaboracao-de-cardapio-saudavel\/#primaryimage"},"image":{"@id":"https:\/\/www.cidademarketing.com.br\/marketing\/2019\/06\/26\/procon-mg-auxilia-vendedores-ambulantes-na-elaboracao-de-cardapio-saudavel\/#primaryimage"},"thumbnailUrl":"https:\/\/www.cidademarketing.com.br\/marketing\/wp-content\/uploads\/2019\/06\/milhoverde_thalesbrandao.jpg","datePublished":"2019-06-25T23:38:40+00:00","dateModified":"2019-06-25T23:38:43+00:00","breadcrumb":{"@id":"https:\/\/www.cidademarketing.com.br\/marketing\/2019\/06\/26\/procon-mg-auxilia-vendedores-ambulantes-na-elaboracao-de-cardapio-saudavel\/#breadcrumb"},"inLanguage":"pt-BR","potentialAction":[{"@type":"ReadAction","target":["https:\/\/www.cidademarketing.com.br\/marketing\/2019\/06\/26\/procon-mg-auxilia-vendedores-ambulantes-na-elaboracao-de-cardapio-saudavel\/"]}]},{"@type":"ImageObject","inLanguage":"pt-BR","@id":"https:\/\/www.cidademarketing.com.br\/marketing\/2019\/06\/26\/procon-mg-auxilia-vendedores-ambulantes-na-elaboracao-de-cardapio-saudavel\/#primaryimage","url":"https:\/\/www.cidademarketing.com.br\/marketing\/wp-content\/uploads\/2019\/06\/milhoverde_thalesbrandao.jpg","contentUrl":"https:\/\/www.cidademarketing.com.br\/marketing\/wp-content\/uploads\/2019\/06\/milhoverde_thalesbrandao.jpg","width":1000,"height":667,"caption":"Foto; Thales Brand\u00e3o"},{"@type":"BreadcrumbList","@id":"https:\/\/www.cidademarketing.com.br\/marketing\/2019\/06\/26\/procon-mg-auxilia-vendedores-ambulantes-na-elaboracao-de-cardapio-saudavel\/#breadcrumb","itemListElement":[{"@type":"ListItem","position":1,"name":"In\u00edcio","item":"https:\/\/www.cidademarketing.com.br\/marketing\/"},{"@type":"ListItem","position":2,"name":"Procon-MG auxilia vendedores ambulantes na elabora\u00e7\u00e3o de card\u00e1pio saud\u00e1vel"}]},{"@type":"WebSite","@id":"https:\/\/www.cidademarketing.com.br\/marketing\/#website","url":"https:\/\/www.cidademarketing.com.br\/marketing\/","name":"CidadeMarketing","description":"Somos um ve\u00edculo de comunica\u00e7\u00e3o de destaque no Brasil, reconhecido por conte\u00fados nos segmentos de marketing, empreendedorismo e inova\u00e7\u00e3o.","publisher":{"@id":"https:\/\/www.cidademarketing.com.br\/marketing\/#organization"},"alternateName":"CidadeMarketing","potentialAction":[{"@type":"SearchAction","target":{"@type":"EntryPoint","urlTemplate":"https:\/\/www.cidademarketing.com.br\/marketing\/?s={search_term_string}"},"query-input":{"@type":"PropertyValueSpecification","valueRequired":true,"valueName":"search_term_string"}}],"inLanguage":"pt-BR"},{"@type":"Organization","@id":"https:\/\/www.cidademarketing.com.br\/marketing\/#organization","name":"CidadeMarketing","alternateName":"CidadeMarketing","url":"https:\/\/www.cidademarketing.com.br\/marketing\/","logo":{"@type":"ImageObject","inLanguage":"pt-BR","@id":"https:\/\/www.cidademarketing.com.br\/marketing\/#\/schema\/logo\/image\/","url":"https:\/\/www.cidademarketing.com.br\/marketing\/wp-content\/uploads\/2020\/01\/cidademarketing_marca_mobile.png","contentUrl":"https:\/\/www.cidademarketing.com.br\/marketing\/wp-content\/uploads\/2020\/01\/cidademarketing_marca_mobile.png","width":230,"height":92,"caption":"CidadeMarketing"},"image":{"@id":"https:\/\/www.cidademarketing.com.br\/marketing\/#\/schema\/logo\/image\/"},"sameAs":["https:\/\/www.facebook.com\/portalcidademarketing","https:\/\/x.com\/CidadeMarketing","https:\/\/www.instagram.com\/cidademarketing\/"]},{"@type":"Person","@id":"https:\/\/www.cidademarketing.com.br\/marketing\/#\/schema\/person\/02daff9f18bd9378c9e01eb6b2db155f","name":"Thales Brand\u00e3o","image":{"@type":"ImageObject","inLanguage":"pt-BR","@id":"https:\/\/secure.gravatar.com\/avatar\/7ca3206950207cc3cb48feec56a8a7898741ab725c368d99d5d7a5a50aab80c6?s=96&d=mm&r=g","url":"https:\/\/secure.gravatar.com\/avatar\/7ca3206950207cc3cb48feec56a8a7898741ab725c368d99d5d7a5a50aab80c6?s=96&d=mm&r=g","contentUrl":"https:\/\/secure.gravatar.com\/avatar\/7ca3206950207cc3cb48feec56a8a7898741ab725c368d99d5d7a5a50aab80c6?s=96&d=mm&r=g","caption":"Thales Brand\u00e3o"},"description":"Editor Executivo do Portal CidadeMarketing.com.br &gt; Mestre em Comunica\u00e7\u00e3o e Sociedade pela Universidade Federal de Sergipe. Possui MBA Executivo em Administra\u00e7\u00e3o com \u00eanfase em Marketing pela Funda\u00e7\u00e3o Get\u00falio Vargas - Rio de Janeiro. Consultor, Palestrante e Pesquisador sobre Empreendedorismo, Marketing, Redes Sociais e Neg\u00f3cios Digitais. Professor, Palestrante TedxTalks e Campus Party. Twitter: @ThalesBrandao","sameAs":["http:\/\/www.mandacaru.com.br","https:\/\/www.facebook.com\/thalesbrandao","http:\/\/www.instagram.com.br\/thalesbrandaoferreira","https:\/\/www.linkedin.com\/in\/thales-brand\u00e3o-3948609\/","https:\/\/x.com\/http:\/\/www.twitter.com\/thalesbrandao"],"url":"https:\/\/www.cidademarketing.com.br\/marketing\/author\/thalesbrandao\/"}]}},"amp_enabled":true,"_links":{"self":[{"href":"https:\/\/www.cidademarketing.com.br\/marketing\/wp-json\/wp\/v2\/posts\/9528","targetHints":{"allow":["GET"]}}],"collection":[{"href":"https:\/\/www.cidademarketing.com.br\/marketing\/wp-json\/wp\/v2\/posts"}],"about":[{"href":"https:\/\/www.cidademarketing.com.br\/marketing\/wp-json\/wp\/v2\/types\/post"}],"author":[{"embeddable":true,"href":"https:\/\/www.cidademarketing.com.br\/marketing\/wp-json\/wp\/v2\/users\/1"}],"replies":[{"embeddable":true,"href":"https:\/\/www.cidademarketing.com.br\/marketing\/wp-json\/wp\/v2\/comments?post=9528"}],"version-history":[{"count":1,"href":"https:\/\/www.cidademarketing.com.br\/marketing\/wp-json\/wp\/v2\/posts\/9528\/revisions"}],"predecessor-version":[{"id":9530,"href":"https:\/\/www.cidademarketing.com.br\/marketing\/wp-json\/wp\/v2\/posts\/9528\/revisions\/9530"}],"wp:featuredmedia":[{"embeddable":true,"href":"https:\/\/www.cidademarketing.com.br\/marketing\/wp-json\/wp\/v2\/media\/9529"}],"wp:attachment":[{"href":"https:\/\/www.cidademarketing.com.br\/marketing\/wp-json\/wp\/v2\/media?parent=9528"}],"wp:term":[{"taxonomy":"category","embeddable":true,"href":"https:\/\/www.cidademarketing.com.br\/marketing\/wp-json\/wp\/v2\/categories?post=9528"},{"taxonomy":"post_tag","embeddable":true,"href":"https:\/\/www.cidademarketing.com.br\/marketing\/wp-json\/wp\/v2\/tags?post=9528"}],"curies":[{"name":"wp","href":"https:\/\/api.w.org\/{rel}","templated":true}]}}