{"id":9505,"date":"2019-06-25T04:49:59","date_gmt":"2019-06-25T00:49:59","guid":{"rendered":"https:\/\/www.cidademarketing.com.br\/marketing\/?p=9505"},"modified":"2019-06-25T04:50:02","modified_gmt":"2019-06-25T00:50:02","slug":"oi-rio-pro-supera-numero-de-conexoes-em-saquarema-em-relacao-ao-campeonato-mundial-de-surfe-de-2018","status":"publish","type":"post","link":"https:\/\/www.cidademarketing.com.br\/marketing\/2019\/06\/25\/oi-rio-pro-supera-numero-de-conexoes-em-saquarema-em-relacao-ao-campeonato-mundial-de-surfe-de-2018\/","title":{"rendered":"Oi Rio Pro supera n\u00famero de conex\u00f5es em Saquarema em rela\u00e7\u00e3o ao campeonato mundial de surfe de 2018"},"content":{"rendered":"\n<p>A Oi&nbsp;montou ampla estrutura para fornecer\nrede de telecom e TI para a etapa brasileira do circuito mundial de surfe, o Oi\nRio Pro, em Saquarema, que terminou hoje com a vit\u00f3ria de Filipe Toledo.\nEm&nbsp;4 dias de evento, a companhia registrou um volume de tr\u00e1fego\nde&nbsp;4,27 Terabytes&nbsp;na rede montada no local. O volume equivale a\n1.099.606 fotos de alta resolu\u00e7\u00e3o, volume 20% maior que o n\u00famero transmitido no\nano passado, de 909.042 fotos (3,53 Terabytes). A\nOi disponibilizou Wi-Fi para o p\u00fablico, totalizando 377.980 conex\u00f5es, n\u00famero 45% maior que o da etapa\nrealizada em 2018, quando houve 260.500\nconex\u00f5es. Na praia, a estimativa foi de um p\u00fablico de 36 mil pessoas por dia,\ncom pico no domingo, quando estiveram l\u00e1 43 mil pessoas. <\/p>\n\n\n\n<p>&nbsp;A companhia disponibilizou para a WSL,\nnas duas sedes do Oi Rio Pro (Praia de Ita\u00fana e Barrinha), links de dados\ntotalizando 2,2 Giga de capacidade \u2013 a mesma do evento de 2018\u2013 atendendo diferentes\n\u00e1reas, incluindo cabine de jurados e sala de imprensa. A Oi ainda\ndisponibilizou o servi\u00e7o Oi WiFi, gratuito ao p\u00fablico presente nos dias de\ncompeti\u00e7\u00e3o. Para oferecer toda a infra de telecom e TI ao Oi Rio Pro, a Oi\nmobilizou colaboradores de diversas \u00e1reas no planejamento e implanta\u00e7\u00e3o dos\nservi\u00e7os, um m\u00eas antes do in\u00edcio da competi\u00e7\u00e3o, com o objetivo de garantir alta\ndisponibilidade nos dois sites, durante todo per\u00edodo do evento. Todos os\nservi\u00e7os (Dados, Oi WiFi e M\u00f3vel) foram suportados por 7 Km de cabos de fibra\n\u00f3tica pr\u00f3prios.<\/p>\n\n\n\n<p>A dire\u00e7\u00e3o da WSL (World Surf League) elogiou o\nservi\u00e7o da empresa:<\/p>\n\n\n\n<p>\u201cA Oi mais uma vez nos proporcionou uma\nexperi\u00eancia de n\u00edvel mundial para os f\u00e3s do surfe, tanto para quem estava no\nevento em Saquarema quanto para quem assistiu digitalmente. Os servi\u00e7os foram\nperfeitos e o feedback que tivemos foi o melhor poss\u00edvel com v\u00e1rios elogios. A\nequipe da Oi \u00e9 parte essencial do sucesso operacional do Oi Rio Pro&#8221;\u201d,\ndisse Xandi Fontes, diretor&nbsp; da World Surf League na Am\u00e9rica do Sul.<\/p>\n\n\n\n<p>A cobertura da rede m\u00f3vel (3G e 4G) foi\nrefor\u00e7ada com a instala\u00e7\u00e3o de antenas e equipamentos extras espalhados por toda\na estrutura do evento. A companhia ofereceu internet wi-fi para a \u00e1rea dos\natletas e \u00e1rea vip, bem como internet de alta velocidade para a WSL, e servi\u00e7o\nde suporte ao usu\u00e1rio na sala de imprensa do evento, que incluiu links para\ndemandas de internet, como transmiss\u00e3o de fotos e v\u00eddeos para todo o mundo. A\nrede da Oi operou com 100% de disponibilidade e foi ininterruptamente monitorada\npor t\u00e9cnicos a partir de salas de controle localizadas na sede do Oi Rio Pro e\nno Centro de Ger\u00eancia de Servi\u00e7os da companhia.<\/p>\n\n\n\n<p><strong>A\nOI NA PRAIA DE ITA\u00daNA<\/strong><\/p>\n\n\n\n<p>Durante os quatro dias de campeonato, a Oi fez\ndiversas a\u00e7\u00f5es para o p\u00fablico em seus estandes na sede principal do Oi Rio Pro,\nem Ita\u00fana, e na Barrinha. A prancha do vencedor das categorias feminina e\nmasculina foi customizada para ciar um \u201ctrof\u00e9u\u201d especial, com grafites dos\nartistas gr\u00e1ficos Car\u00f3 Lago e Felipe Mottila, desenvolvidos a partir das\nmelhores manobras do campeonato. O artista Marcello Macarr\u00e3o, que desenha as\npranchas do bicampe\u00e3o Gabriel Medina, customizou pranchas levadas pelo p\u00fablico,\nque come\u00e7ava a fazer fila na areia antes mesmo de o sol nascer. Outro sucesso\nforam os carregadores de celulares e barracas de praia, que eram emprestadas\ndiariamente para os torcedores na areia. No estande da Oi, as pranchas com\nfotos dos atletas apoiados pela companhia &nbsp;&#8211;&nbsp; Gabriel Medina, \u00cdtalo\nFerreira, Filipe Toledo, Silvana Lima, Adriano de Souza, Tatiana Weston-Webb, Tain\u00e1 Hinckel e Davizinho, tamb\u00e9m viraram\natra\u00e7\u00e3o para fotos do p\u00fablico. Clientes Oi participantes do programa de\nrelacionamento Oi Pontos tamb\u00e9m puderam trocar seus pontos por ingressos vips\npara a WSL House em Saquarema. <\/p>\n","protected":false},"excerpt":{"rendered":"<p>A Oi&nbsp;montou ampla estrutura para fornecer rede de telecom e TI para a etapa brasileira do circuito mundial de surfe, o Oi Rio Pro, em Saquarema, que terminou hoje com a vit\u00f3ria de Filipe Toledo. Em&nbsp;4 dias de evento, a companhia registrou um volume de tr\u00e1fego de&nbsp;4,27 Terabytes&nbsp;na rede montada no local. O volume equivale [&hellip;]<\/p>\n","protected":false},"author":1,"featured_media":9507,"comment_status":"open","ping_status":"open","sticky":false,"template":"","format":"standard","meta":{"tdm_status":"","tdm_grid_status":"","footnotes":""},"categories":[6],"tags":[33,28,445,2024],"class_list":["post-9505","post","type-post","status-publish","format-standard","has-post-thumbnail","hentry","category-noticias","tag-estrategia","tag-marketing","tag-oi","tag-surfe"],"yoast_head":"<!-- This site is optimized with the Yoast SEO plugin v27.5 - https:\/\/yoast.com\/product\/yoast-seo-wordpress\/ -->\n<title>Oi Rio Pro supera n\u00famero de conex\u00f5es em Saquarema em rela\u00e7\u00e3o ao campeonato mundial de surfe de 2018 - CidadeMarketing<\/title>\n<meta name=\"robots\" content=\"index, follow, max-snippet:-1, max-image-preview:large, max-video-preview:-1\" \/>\n<link rel=\"canonical\" href=\"https:\/\/www.cidademarketing.com.br\/marketing\/2019\/06\/25\/oi-rio-pro-supera-numero-de-conexoes-em-saquarema-em-relacao-ao-campeonato-mundial-de-surfe-de-2018\/\" \/>\n<meta property=\"og:locale\" content=\"pt_BR\" \/>\n<meta property=\"og:type\" content=\"article\" \/>\n<meta property=\"og:title\" content=\"Oi Rio Pro supera n\u00famero de conex\u00f5es em Saquarema em rela\u00e7\u00e3o ao campeonato mundial de surfe de 2018 - CidadeMarketing\" \/>\n<meta property=\"og:description\" content=\"A Oi&nbsp;montou ampla estrutura para fornecer rede de telecom e TI para a etapa brasileira do circuito mundial de surfe, o Oi Rio Pro, em Saquarema, que terminou hoje com a vit\u00f3ria de Filipe Toledo. Em&nbsp;4 dias de evento, a companhia registrou um volume de tr\u00e1fego de&nbsp;4,27 Terabytes&nbsp;na rede montada no local. O volume equivale [&hellip;]\" \/>\n<meta property=\"og:url\" content=\"https:\/\/www.cidademarketing.com.br\/marketing\/2019\/06\/25\/oi-rio-pro-supera-numero-de-conexoes-em-saquarema-em-relacao-ao-campeonato-mundial-de-surfe-de-2018\/\" \/>\n<meta property=\"og:site_name\" content=\"CidadeMarketing\" \/>\n<meta property=\"article:publisher\" content=\"https:\/\/www.facebook.com\/portalcidademarketing\" \/>\n<meta property=\"article:author\" content=\"https:\/\/www.facebook.com\/thalesbrandao\" \/>\n<meta property=\"article:published_time\" content=\"2019-06-25T00:49:59+00:00\" \/>\n<meta property=\"article:modified_time\" content=\"2019-06-25T00:50:02+00:00\" \/>\n<meta property=\"og:image\" content=\"https:\/\/www.cidademarketing.com.br\/marketing\/wp-content\/uploads\/2019\/06\/cropped-Kado-Rothfelder-WSL_day2_-174_stand.jpg\" \/>\n\t<meta property=\"og:image:width\" content=\"2016\" \/>\n\t<meta property=\"og:image:height\" content=\"1135\" \/>\n\t<meta property=\"og:image:type\" content=\"image\/jpeg\" \/>\n<meta name=\"author\" content=\"Thales Brand\u00e3o\" \/>\n<meta name=\"twitter:card\" content=\"summary_large_image\" \/>\n<meta name=\"twitter:creator\" content=\"@http:\/\/www.twitter.com\/thalesbrandao\" \/>\n<meta name=\"twitter:site\" content=\"@CidadeMarketing\" \/>\n<meta name=\"twitter:label1\" content=\"Escrito por\" \/>\n\t<meta name=\"twitter:data1\" content=\"Thales Brand\u00e3o\" \/>\n\t<meta name=\"twitter:label2\" content=\"Est. tempo de leitura\" \/>\n\t<meta name=\"twitter:data2\" content=\"3 minutos\" \/>\n<script type=\"application\/ld+json\" class=\"yoast-schema-graph\">{\"@context\":\"https:\\\/\\\/schema.org\",\"@graph\":[{\"@type\":\"Article\",\"@id\":\"https:\\\/\\\/www.cidademarketing.com.br\\\/marketing\\\/2019\\\/06\\\/25\\\/oi-rio-pro-supera-numero-de-conexoes-em-saquarema-em-relacao-ao-campeonato-mundial-de-surfe-de-2018\\\/#article\",\"isPartOf\":{\"@id\":\"https:\\\/\\\/www.cidademarketing.com.br\\\/marketing\\\/2019\\\/06\\\/25\\\/oi-rio-pro-supera-numero-de-conexoes-em-saquarema-em-relacao-ao-campeonato-mundial-de-surfe-de-2018\\\/\"},\"author\":{\"name\":\"Thales Brand\u00e3o\",\"@id\":\"https:\\\/\\\/www.cidademarketing.com.br\\\/marketing\\\/#\\\/schema\\\/person\\\/02daff9f18bd9378c9e01eb6b2db155f\"},\"headline\":\"Oi Rio Pro supera n\u00famero de conex\u00f5es em Saquarema em rela\u00e7\u00e3o ao campeonato mundial de surfe de 2018\",\"datePublished\":\"2019-06-25T00:49:59+00:00\",\"dateModified\":\"2019-06-25T00:50:02+00:00\",\"mainEntityOfPage\":{\"@id\":\"https:\\\/\\\/www.cidademarketing.com.br\\\/marketing\\\/2019\\\/06\\\/25\\\/oi-rio-pro-supera-numero-de-conexoes-em-saquarema-em-relacao-ao-campeonato-mundial-de-surfe-de-2018\\\/\"},\"wordCount\":697,\"commentCount\":0,\"publisher\":{\"@id\":\"https:\\\/\\\/www.cidademarketing.com.br\\\/marketing\\\/#organization\"},\"image\":{\"@id\":\"https:\\\/\\\/www.cidademarketing.com.br\\\/marketing\\\/2019\\\/06\\\/25\\\/oi-rio-pro-supera-numero-de-conexoes-em-saquarema-em-relacao-ao-campeonato-mundial-de-surfe-de-2018\\\/#primaryimage\"},\"thumbnailUrl\":\"https:\\\/\\\/www.cidademarketing.com.br\\\/marketing\\\/wp-content\\\/uploads\\\/2019\\\/06\\\/cropped-Kado-Rothfelder-WSL_day2_-174_stand.jpg\",\"keywords\":[\"estrat\u00e9gia\",\"marketing\",\"Oi\",\"surfe\"],\"articleSection\":[\"Not\u00edcias\"],\"inLanguage\":\"pt-BR\",\"potentialAction\":[{\"@type\":\"CommentAction\",\"name\":\"Comment\",\"target\":[\"https:\\\/\\\/www.cidademarketing.com.br\\\/marketing\\\/2019\\\/06\\\/25\\\/oi-rio-pro-supera-numero-de-conexoes-em-saquarema-em-relacao-ao-campeonato-mundial-de-surfe-de-2018\\\/#respond\"]}]},{\"@type\":\"WebPage\",\"@id\":\"https:\\\/\\\/www.cidademarketing.com.br\\\/marketing\\\/2019\\\/06\\\/25\\\/oi-rio-pro-supera-numero-de-conexoes-em-saquarema-em-relacao-ao-campeonato-mundial-de-surfe-de-2018\\\/\",\"url\":\"https:\\\/\\\/www.cidademarketing.com.br\\\/marketing\\\/2019\\\/06\\\/25\\\/oi-rio-pro-supera-numero-de-conexoes-em-saquarema-em-relacao-ao-campeonato-mundial-de-surfe-de-2018\\\/\",\"name\":\"Oi Rio Pro supera n\u00famero de conex\u00f5es em Saquarema em rela\u00e7\u00e3o ao campeonato mundial de surfe de 2018 - CidadeMarketing\",\"isPartOf\":{\"@id\":\"https:\\\/\\\/www.cidademarketing.com.br\\\/marketing\\\/#website\"},\"primaryImageOfPage\":{\"@id\":\"https:\\\/\\\/www.cidademarketing.com.br\\\/marketing\\\/2019\\\/06\\\/25\\\/oi-rio-pro-supera-numero-de-conexoes-em-saquarema-em-relacao-ao-campeonato-mundial-de-surfe-de-2018\\\/#primaryimage\"},\"image\":{\"@id\":\"https:\\\/\\\/www.cidademarketing.com.br\\\/marketing\\\/2019\\\/06\\\/25\\\/oi-rio-pro-supera-numero-de-conexoes-em-saquarema-em-relacao-ao-campeonato-mundial-de-surfe-de-2018\\\/#primaryimage\"},\"thumbnailUrl\":\"https:\\\/\\\/www.cidademarketing.com.br\\\/marketing\\\/wp-content\\\/uploads\\\/2019\\\/06\\\/cropped-Kado-Rothfelder-WSL_day2_-174_stand.jpg\",\"datePublished\":\"2019-06-25T00:49:59+00:00\",\"dateModified\":\"2019-06-25T00:50:02+00:00\",\"breadcrumb\":{\"@id\":\"https:\\\/\\\/www.cidademarketing.com.br\\\/marketing\\\/2019\\\/06\\\/25\\\/oi-rio-pro-supera-numero-de-conexoes-em-saquarema-em-relacao-ao-campeonato-mundial-de-surfe-de-2018\\\/#breadcrumb\"},\"inLanguage\":\"pt-BR\",\"potentialAction\":[{\"@type\":\"ReadAction\",\"target\":[\"https:\\\/\\\/www.cidademarketing.com.br\\\/marketing\\\/2019\\\/06\\\/25\\\/oi-rio-pro-supera-numero-de-conexoes-em-saquarema-em-relacao-ao-campeonato-mundial-de-surfe-de-2018\\\/\"]}]},{\"@type\":\"ImageObject\",\"inLanguage\":\"pt-BR\",\"@id\":\"https:\\\/\\\/www.cidademarketing.com.br\\\/marketing\\\/2019\\\/06\\\/25\\\/oi-rio-pro-supera-numero-de-conexoes-em-saquarema-em-relacao-ao-campeonato-mundial-de-surfe-de-2018\\\/#primaryimage\",\"url\":\"https:\\\/\\\/www.cidademarketing.com.br\\\/marketing\\\/wp-content\\\/uploads\\\/2019\\\/06\\\/cropped-Kado-Rothfelder-WSL_day2_-174_stand.jpg\",\"contentUrl\":\"https:\\\/\\\/www.cidademarketing.com.br\\\/marketing\\\/wp-content\\\/uploads\\\/2019\\\/06\\\/cropped-Kado-Rothfelder-WSL_day2_-174_stand.jpg\",\"width\":2016,\"height\":1135},{\"@type\":\"BreadcrumbList\",\"@id\":\"https:\\\/\\\/www.cidademarketing.com.br\\\/marketing\\\/2019\\\/06\\\/25\\\/oi-rio-pro-supera-numero-de-conexoes-em-saquarema-em-relacao-ao-campeonato-mundial-de-surfe-de-2018\\\/#breadcrumb\",\"itemListElement\":[{\"@type\":\"ListItem\",\"position\":1,\"name\":\"In\u00edcio\",\"item\":\"https:\\\/\\\/www.cidademarketing.com.br\\\/marketing\\\/\"},{\"@type\":\"ListItem\",\"position\":2,\"name\":\"Oi Rio Pro supera n\u00famero de conex\u00f5es em Saquarema em rela\u00e7\u00e3o ao campeonato mundial de surfe de 2018\"}]},{\"@type\":\"WebSite\",\"@id\":\"https:\\\/\\\/www.cidademarketing.com.br\\\/marketing\\\/#website\",\"url\":\"https:\\\/\\\/www.cidademarketing.com.br\\\/marketing\\\/\",\"name\":\"CidadeMarketing\",\"description\":\"Somos um ve\u00edculo de comunica\u00e7\u00e3o de destaque no Brasil, reconhecido por conte\u00fados nos segmentos de marketing, empreendedorismo e inova\u00e7\u00e3o.\",\"publisher\":{\"@id\":\"https:\\\/\\\/www.cidademarketing.com.br\\\/marketing\\\/#organization\"},\"alternateName\":\"CidadeMarketing\",\"potentialAction\":[{\"@type\":\"SearchAction\",\"target\":{\"@type\":\"EntryPoint\",\"urlTemplate\":\"https:\\\/\\\/www.cidademarketing.com.br\\\/marketing\\\/?s={search_term_string}\"},\"query-input\":{\"@type\":\"PropertyValueSpecification\",\"valueRequired\":true,\"valueName\":\"search_term_string\"}}],\"inLanguage\":\"pt-BR\"},{\"@type\":\"Organization\",\"@id\":\"https:\\\/\\\/www.cidademarketing.com.br\\\/marketing\\\/#organization\",\"name\":\"CidadeMarketing\",\"alternateName\":\"CidadeMarketing\",\"url\":\"https:\\\/\\\/www.cidademarketing.com.br\\\/marketing\\\/\",\"logo\":{\"@type\":\"ImageObject\",\"inLanguage\":\"pt-BR\",\"@id\":\"https:\\\/\\\/www.cidademarketing.com.br\\\/marketing\\\/#\\\/schema\\\/logo\\\/image\\\/\",\"url\":\"https:\\\/\\\/www.cidademarketing.com.br\\\/marketing\\\/wp-content\\\/uploads\\\/2020\\\/01\\\/cidademarketing_marca_mobile.png\",\"contentUrl\":\"https:\\\/\\\/www.cidademarketing.com.br\\\/marketing\\\/wp-content\\\/uploads\\\/2020\\\/01\\\/cidademarketing_marca_mobile.png\",\"width\":230,\"height\":92,\"caption\":\"CidadeMarketing\"},\"image\":{\"@id\":\"https:\\\/\\\/www.cidademarketing.com.br\\\/marketing\\\/#\\\/schema\\\/logo\\\/image\\\/\"},\"sameAs\":[\"https:\\\/\\\/www.facebook.com\\\/portalcidademarketing\",\"https:\\\/\\\/x.com\\\/CidadeMarketing\",\"https:\\\/\\\/www.instagram.com\\\/cidademarketing\\\/\"]},{\"@type\":\"Person\",\"@id\":\"https:\\\/\\\/www.cidademarketing.com.br\\\/marketing\\\/#\\\/schema\\\/person\\\/02daff9f18bd9378c9e01eb6b2db155f\",\"name\":\"Thales Brand\u00e3o\",\"image\":{\"@type\":\"ImageObject\",\"inLanguage\":\"pt-BR\",\"@id\":\"https:\\\/\\\/secure.gravatar.com\\\/avatar\\\/7ca3206950207cc3cb48feec56a8a7898741ab725c368d99d5d7a5a50aab80c6?s=96&d=mm&r=g\",\"url\":\"https:\\\/\\\/secure.gravatar.com\\\/avatar\\\/7ca3206950207cc3cb48feec56a8a7898741ab725c368d99d5d7a5a50aab80c6?s=96&d=mm&r=g\",\"contentUrl\":\"https:\\\/\\\/secure.gravatar.com\\\/avatar\\\/7ca3206950207cc3cb48feec56a8a7898741ab725c368d99d5d7a5a50aab80c6?s=96&d=mm&r=g\",\"caption\":\"Thales Brand\u00e3o\"},\"description\":\"Editor Executivo do Portal CidadeMarketing.com.br &gt; Mestre em Comunica\u00e7\u00e3o e Sociedade pela Universidade Federal de Sergipe. Possui MBA Executivo em Administra\u00e7\u00e3o com \u00eanfase em Marketing pela Funda\u00e7\u00e3o Get\u00falio Vargas - Rio de Janeiro. Consultor, Palestrante e Pesquisador sobre Empreendedorismo, Marketing, Redes Sociais e Neg\u00f3cios Digitais. Professor, Palestrante TedxTalks e Campus Party. Twitter: @ThalesBrandao\",\"sameAs\":[\"http:\\\/\\\/www.mandacaru.com.br\",\"https:\\\/\\\/www.facebook.com\\\/thalesbrandao\",\"http:\\\/\\\/www.instagram.com.br\\\/thalesbrandaoferreira\",\"https:\\\/\\\/www.linkedin.com\\\/in\\\/thales-brand\u00e3o-3948609\\\/\",\"https:\\\/\\\/x.com\\\/http:\\\/\\\/www.twitter.com\\\/thalesbrandao\"],\"url\":\"https:\\\/\\\/www.cidademarketing.com.br\\\/marketing\\\/author\\\/thalesbrandao\\\/\"}]}<\/script>\n<!-- \/ Yoast SEO plugin. -->","yoast_head_json":{"title":"Oi Rio Pro supera n\u00famero de conex\u00f5es em Saquarema em rela\u00e7\u00e3o ao campeonato mundial de surfe de 2018 - CidadeMarketing","robots":{"index":"index","follow":"follow","max-snippet":"max-snippet:-1","max-image-preview":"max-image-preview:large","max-video-preview":"max-video-preview:-1"},"canonical":"https:\/\/www.cidademarketing.com.br\/marketing\/2019\/06\/25\/oi-rio-pro-supera-numero-de-conexoes-em-saquarema-em-relacao-ao-campeonato-mundial-de-surfe-de-2018\/","og_locale":"pt_BR","og_type":"article","og_title":"Oi Rio Pro supera n\u00famero de conex\u00f5es em Saquarema em rela\u00e7\u00e3o ao campeonato mundial de surfe de 2018 - CidadeMarketing","og_description":"A Oi&nbsp;montou ampla estrutura para fornecer rede de telecom e TI para a etapa brasileira do circuito mundial de surfe, o Oi Rio Pro, em Saquarema, que terminou hoje com a vit\u00f3ria de Filipe Toledo. Em&nbsp;4 dias de evento, a companhia registrou um volume de tr\u00e1fego de&nbsp;4,27 Terabytes&nbsp;na rede montada no local. O volume equivale [&hellip;]","og_url":"https:\/\/www.cidademarketing.com.br\/marketing\/2019\/06\/25\/oi-rio-pro-supera-numero-de-conexoes-em-saquarema-em-relacao-ao-campeonato-mundial-de-surfe-de-2018\/","og_site_name":"CidadeMarketing","article_publisher":"https:\/\/www.facebook.com\/portalcidademarketing","article_author":"https:\/\/www.facebook.com\/thalesbrandao","article_published_time":"2019-06-25T00:49:59+00:00","article_modified_time":"2019-06-25T00:50:02+00:00","og_image":[{"width":2016,"height":1135,"url":"https:\/\/www.cidademarketing.com.br\/marketing\/wp-content\/uploads\/2019\/06\/cropped-Kado-Rothfelder-WSL_day2_-174_stand.jpg","type":"image\/jpeg"}],"author":"Thales Brand\u00e3o","twitter_card":"summary_large_image","twitter_creator":"@http:\/\/www.twitter.com\/thalesbrandao","twitter_site":"@CidadeMarketing","twitter_misc":{"Escrito por":"Thales Brand\u00e3o","Est. tempo de leitura":"3 minutos"},"schema":{"@context":"https:\/\/schema.org","@graph":[{"@type":"Article","@id":"https:\/\/www.cidademarketing.com.br\/marketing\/2019\/06\/25\/oi-rio-pro-supera-numero-de-conexoes-em-saquarema-em-relacao-ao-campeonato-mundial-de-surfe-de-2018\/#article","isPartOf":{"@id":"https:\/\/www.cidademarketing.com.br\/marketing\/2019\/06\/25\/oi-rio-pro-supera-numero-de-conexoes-em-saquarema-em-relacao-ao-campeonato-mundial-de-surfe-de-2018\/"},"author":{"name":"Thales Brand\u00e3o","@id":"https:\/\/www.cidademarketing.com.br\/marketing\/#\/schema\/person\/02daff9f18bd9378c9e01eb6b2db155f"},"headline":"Oi Rio Pro supera n\u00famero de conex\u00f5es em Saquarema em rela\u00e7\u00e3o ao campeonato mundial de surfe de 2018","datePublished":"2019-06-25T00:49:59+00:00","dateModified":"2019-06-25T00:50:02+00:00","mainEntityOfPage":{"@id":"https:\/\/www.cidademarketing.com.br\/marketing\/2019\/06\/25\/oi-rio-pro-supera-numero-de-conexoes-em-saquarema-em-relacao-ao-campeonato-mundial-de-surfe-de-2018\/"},"wordCount":697,"commentCount":0,"publisher":{"@id":"https:\/\/www.cidademarketing.com.br\/marketing\/#organization"},"image":{"@id":"https:\/\/www.cidademarketing.com.br\/marketing\/2019\/06\/25\/oi-rio-pro-supera-numero-de-conexoes-em-saquarema-em-relacao-ao-campeonato-mundial-de-surfe-de-2018\/#primaryimage"},"thumbnailUrl":"https:\/\/www.cidademarketing.com.br\/marketing\/wp-content\/uploads\/2019\/06\/cropped-Kado-Rothfelder-WSL_day2_-174_stand.jpg","keywords":["estrat\u00e9gia","marketing","Oi","surfe"],"articleSection":["Not\u00edcias"],"inLanguage":"pt-BR","potentialAction":[{"@type":"CommentAction","name":"Comment","target":["https:\/\/www.cidademarketing.com.br\/marketing\/2019\/06\/25\/oi-rio-pro-supera-numero-de-conexoes-em-saquarema-em-relacao-ao-campeonato-mundial-de-surfe-de-2018\/#respond"]}]},{"@type":"WebPage","@id":"https:\/\/www.cidademarketing.com.br\/marketing\/2019\/06\/25\/oi-rio-pro-supera-numero-de-conexoes-em-saquarema-em-relacao-ao-campeonato-mundial-de-surfe-de-2018\/","url":"https:\/\/www.cidademarketing.com.br\/marketing\/2019\/06\/25\/oi-rio-pro-supera-numero-de-conexoes-em-saquarema-em-relacao-ao-campeonato-mundial-de-surfe-de-2018\/","name":"Oi Rio Pro supera n\u00famero de conex\u00f5es em Saquarema em rela\u00e7\u00e3o ao campeonato mundial de surfe de 2018 - CidadeMarketing","isPartOf":{"@id":"https:\/\/www.cidademarketing.com.br\/marketing\/#website"},"primaryImageOfPage":{"@id":"https:\/\/www.cidademarketing.com.br\/marketing\/2019\/06\/25\/oi-rio-pro-supera-numero-de-conexoes-em-saquarema-em-relacao-ao-campeonato-mundial-de-surfe-de-2018\/#primaryimage"},"image":{"@id":"https:\/\/www.cidademarketing.com.br\/marketing\/2019\/06\/25\/oi-rio-pro-supera-numero-de-conexoes-em-saquarema-em-relacao-ao-campeonato-mundial-de-surfe-de-2018\/#primaryimage"},"thumbnailUrl":"https:\/\/www.cidademarketing.com.br\/marketing\/wp-content\/uploads\/2019\/06\/cropped-Kado-Rothfelder-WSL_day2_-174_stand.jpg","datePublished":"2019-06-25T00:49:59+00:00","dateModified":"2019-06-25T00:50:02+00:00","breadcrumb":{"@id":"https:\/\/www.cidademarketing.com.br\/marketing\/2019\/06\/25\/oi-rio-pro-supera-numero-de-conexoes-em-saquarema-em-relacao-ao-campeonato-mundial-de-surfe-de-2018\/#breadcrumb"},"inLanguage":"pt-BR","potentialAction":[{"@type":"ReadAction","target":["https:\/\/www.cidademarketing.com.br\/marketing\/2019\/06\/25\/oi-rio-pro-supera-numero-de-conexoes-em-saquarema-em-relacao-ao-campeonato-mundial-de-surfe-de-2018\/"]}]},{"@type":"ImageObject","inLanguage":"pt-BR","@id":"https:\/\/www.cidademarketing.com.br\/marketing\/2019\/06\/25\/oi-rio-pro-supera-numero-de-conexoes-em-saquarema-em-relacao-ao-campeonato-mundial-de-surfe-de-2018\/#primaryimage","url":"https:\/\/www.cidademarketing.com.br\/marketing\/wp-content\/uploads\/2019\/06\/cropped-Kado-Rothfelder-WSL_day2_-174_stand.jpg","contentUrl":"https:\/\/www.cidademarketing.com.br\/marketing\/wp-content\/uploads\/2019\/06\/cropped-Kado-Rothfelder-WSL_day2_-174_stand.jpg","width":2016,"height":1135},{"@type":"BreadcrumbList","@id":"https:\/\/www.cidademarketing.com.br\/marketing\/2019\/06\/25\/oi-rio-pro-supera-numero-de-conexoes-em-saquarema-em-relacao-ao-campeonato-mundial-de-surfe-de-2018\/#breadcrumb","itemListElement":[{"@type":"ListItem","position":1,"name":"In\u00edcio","item":"https:\/\/www.cidademarketing.com.br\/marketing\/"},{"@type":"ListItem","position":2,"name":"Oi Rio Pro supera n\u00famero de conex\u00f5es em Saquarema em rela\u00e7\u00e3o ao campeonato mundial de surfe de 2018"}]},{"@type":"WebSite","@id":"https:\/\/www.cidademarketing.com.br\/marketing\/#website","url":"https:\/\/www.cidademarketing.com.br\/marketing\/","name":"CidadeMarketing","description":"Somos um ve\u00edculo de comunica\u00e7\u00e3o de destaque no Brasil, reconhecido por conte\u00fados nos segmentos de marketing, empreendedorismo e inova\u00e7\u00e3o.","publisher":{"@id":"https:\/\/www.cidademarketing.com.br\/marketing\/#organization"},"alternateName":"CidadeMarketing","potentialAction":[{"@type":"SearchAction","target":{"@type":"EntryPoint","urlTemplate":"https:\/\/www.cidademarketing.com.br\/marketing\/?s={search_term_string}"},"query-input":{"@type":"PropertyValueSpecification","valueRequired":true,"valueName":"search_term_string"}}],"inLanguage":"pt-BR"},{"@type":"Organization","@id":"https:\/\/www.cidademarketing.com.br\/marketing\/#organization","name":"CidadeMarketing","alternateName":"CidadeMarketing","url":"https:\/\/www.cidademarketing.com.br\/marketing\/","logo":{"@type":"ImageObject","inLanguage":"pt-BR","@id":"https:\/\/www.cidademarketing.com.br\/marketing\/#\/schema\/logo\/image\/","url":"https:\/\/www.cidademarketing.com.br\/marketing\/wp-content\/uploads\/2020\/01\/cidademarketing_marca_mobile.png","contentUrl":"https:\/\/www.cidademarketing.com.br\/marketing\/wp-content\/uploads\/2020\/01\/cidademarketing_marca_mobile.png","width":230,"height":92,"caption":"CidadeMarketing"},"image":{"@id":"https:\/\/www.cidademarketing.com.br\/marketing\/#\/schema\/logo\/image\/"},"sameAs":["https:\/\/www.facebook.com\/portalcidademarketing","https:\/\/x.com\/CidadeMarketing","https:\/\/www.instagram.com\/cidademarketing\/"]},{"@type":"Person","@id":"https:\/\/www.cidademarketing.com.br\/marketing\/#\/schema\/person\/02daff9f18bd9378c9e01eb6b2db155f","name":"Thales Brand\u00e3o","image":{"@type":"ImageObject","inLanguage":"pt-BR","@id":"https:\/\/secure.gravatar.com\/avatar\/7ca3206950207cc3cb48feec56a8a7898741ab725c368d99d5d7a5a50aab80c6?s=96&d=mm&r=g","url":"https:\/\/secure.gravatar.com\/avatar\/7ca3206950207cc3cb48feec56a8a7898741ab725c368d99d5d7a5a50aab80c6?s=96&d=mm&r=g","contentUrl":"https:\/\/secure.gravatar.com\/avatar\/7ca3206950207cc3cb48feec56a8a7898741ab725c368d99d5d7a5a50aab80c6?s=96&d=mm&r=g","caption":"Thales Brand\u00e3o"},"description":"Editor Executivo do Portal CidadeMarketing.com.br &gt; Mestre em Comunica\u00e7\u00e3o e Sociedade pela Universidade Federal de Sergipe. Possui MBA Executivo em Administra\u00e7\u00e3o com \u00eanfase em Marketing pela Funda\u00e7\u00e3o Get\u00falio Vargas - Rio de Janeiro. Consultor, Palestrante e Pesquisador sobre Empreendedorismo, Marketing, Redes Sociais e Neg\u00f3cios Digitais. Professor, Palestrante TedxTalks e Campus Party. Twitter: @ThalesBrandao","sameAs":["http:\/\/www.mandacaru.com.br","https:\/\/www.facebook.com\/thalesbrandao","http:\/\/www.instagram.com.br\/thalesbrandaoferreira","https:\/\/www.linkedin.com\/in\/thales-brand\u00e3o-3948609\/","https:\/\/x.com\/http:\/\/www.twitter.com\/thalesbrandao"],"url":"https:\/\/www.cidademarketing.com.br\/marketing\/author\/thalesbrandao\/"}]}},"amp_enabled":true,"_links":{"self":[{"href":"https:\/\/www.cidademarketing.com.br\/marketing\/wp-json\/wp\/v2\/posts\/9505","targetHints":{"allow":["GET"]}}],"collection":[{"href":"https:\/\/www.cidademarketing.com.br\/marketing\/wp-json\/wp\/v2\/posts"}],"about":[{"href":"https:\/\/www.cidademarketing.com.br\/marketing\/wp-json\/wp\/v2\/types\/post"}],"author":[{"embeddable":true,"href":"https:\/\/www.cidademarketing.com.br\/marketing\/wp-json\/wp\/v2\/users\/1"}],"replies":[{"embeddable":true,"href":"https:\/\/www.cidademarketing.com.br\/marketing\/wp-json\/wp\/v2\/comments?post=9505"}],"version-history":[{"count":1,"href":"https:\/\/www.cidademarketing.com.br\/marketing\/wp-json\/wp\/v2\/posts\/9505\/revisions"}],"predecessor-version":[{"id":9508,"href":"https:\/\/www.cidademarketing.com.br\/marketing\/wp-json\/wp\/v2\/posts\/9505\/revisions\/9508"}],"wp:featuredmedia":[{"embeddable":true,"href":"https:\/\/www.cidademarketing.com.br\/marketing\/wp-json\/wp\/v2\/media\/9507"}],"wp:attachment":[{"href":"https:\/\/www.cidademarketing.com.br\/marketing\/wp-json\/wp\/v2\/media?parent=9505"}],"wp:term":[{"taxonomy":"category","embeddable":true,"href":"https:\/\/www.cidademarketing.com.br\/marketing\/wp-json\/wp\/v2\/categories?post=9505"},{"taxonomy":"post_tag","embeddable":true,"href":"https:\/\/www.cidademarketing.com.br\/marketing\/wp-json\/wp\/v2\/tags?post=9505"}],"curies":[{"name":"wp","href":"https:\/\/api.w.org\/{rel}","templated":true}]}}