{"id":9498,"date":"2019-06-24T17:41:44","date_gmt":"2019-06-24T13:41:44","guid":{"rendered":"https:\/\/www.cidademarketing.com.br\/marketing\/?p=9498"},"modified":"2019-06-24T17:41:46","modified_gmt":"2019-06-24T13:41:46","slug":"dia-em-que-se-comemora-sao-joao-o-brasil-rural-homenageia-cantor-e-sanfoneiro-luiz-gonzaga","status":"publish","type":"post","link":"https:\/\/www.cidademarketing.com.br\/marketing\/2019\/06\/24\/dia-em-que-se-comemora-sao-joao-o-brasil-rural-homenageia-cantor-e-sanfoneiro-luiz-gonzaga\/","title":{"rendered":"Dia em que se comemora S\u00e3o Jo\u00e3o, o Brasil Rural homenageia cantor e sanfoneiro Luiz Gonzaga"},"content":{"rendered":"\n<p>Nesta segunda-feira (24), dia em que se comemora\u00a0<strong>S\u00e3o Jo\u00e3o<\/strong>,o Brasil Rural\u00a0entrevistou Maria Severina do Campos\u00a0Nina,\u00a0<strong>Dona Nina<\/strong>, sobrinha do cantor e sanfoneiro\u00a0<strong>Luiz Gonzaga<\/strong>. O m\u00fasico, famoso por resgatar a cultura dos interiores brasileiros, \u00e9 ainda mais lembrado durante o per\u00edodo de\u00a0<strong>festas juninas<\/strong>. Segundo ela, dentro de uma fam\u00edlia extremamente talentosa, Luiz Gonzaga se sobressaiu pela quest\u00e3o humana. &#8220;Ele era uma pessoa maravilhosa, que pensava no outro. Ele ajudou muitos artistas, \u00e9 o verdadeiro estadista&#8221;, contou.\u00a0<\/p>\n\n\n\n<p>Confira a entrevista:<\/p>\n\n\n\n<figure class=\"wp-block-audio\"><audio controls src=\"https:\/\/www.cidademarketing.com.br\/marketing\/wp-content\/uploads\/2019\/06\/luizgonzaga.mp3\"><\/audio><\/figure>\n\n\n\n<p>\u00a0<\/p>\n\n\n\n<p>O\u00a0Brasil Rural\u00a0vai ao ar\u00a0de segunda a sexta-feira, \u00e0s 5h, pelas r\u00e1dios\u00a0Nacional AM Bras\u00edlia\u00a0e\u00a0Nacional AM Rio; s\u00e1bado, \u00e0s 5h, pela\u00a0R\u00e1dio\u00a0Nacional do Alto Solim\u00f5es\u00a0e, \u00e0s 7h, pelas r\u00e1dios\u00a0Nacional AM Bras\u00edlia\u00a0e\u00a0Nacional da Amaz\u00f4nia.<\/p>\n","protected":false},"excerpt":{"rendered":"<p>Nesta segunda-feira (24), dia em que se comemora\u00a0S\u00e3o Jo\u00e3o,o Brasil Rural\u00a0entrevistou Maria Severina do Campos\u00a0Nina,\u00a0Dona Nina, sobrinha do cantor e sanfoneiro\u00a0Luiz Gonzaga. O m\u00fasico, famoso por resgatar a cultura dos interiores brasileiros, \u00e9 ainda mais lembrado durante o per\u00edodo de\u00a0festas juninas. Segundo ela, dentro de uma fam\u00edlia extremamente talentosa, Luiz Gonzaga se sobressaiu pela quest\u00e3o [&hellip;]<\/p>\n","protected":false},"author":1,"featured_media":9499,"comment_status":"open","ping_status":"open","sticky":false,"template":"","format":"standard","meta":{"tdm_status":"","tdm_grid_status":"","footnotes":""},"categories":[6],"tags":[2047,2048,28],"class_list":["post-9498","post","type-post","status-publish","format-standard","has-post-thumbnail","hentry","category-noticias","tag-brasil-rural","tag-luiz-gonzaga","tag-marketing"],"yoast_head":"<!-- This site is optimized with the Yoast SEO plugin v27.5 - https:\/\/yoast.com\/product\/yoast-seo-wordpress\/ -->\n<title>Dia em que se comemora S\u00e3o Jo\u00e3o, o Brasil Rural homenageia cantor e sanfoneiro Luiz Gonzaga - CidadeMarketing<\/title>\n<meta name=\"robots\" content=\"index, follow, max-snippet:-1, max-image-preview:large, max-video-preview:-1\" \/>\n<link rel=\"canonical\" href=\"https:\/\/www.cidademarketing.com.br\/marketing\/2019\/06\/24\/dia-em-que-se-comemora-sao-joao-o-brasil-rural-homenageia-cantor-e-sanfoneiro-luiz-gonzaga\/\" \/>\n<meta property=\"og:locale\" content=\"pt_BR\" \/>\n<meta property=\"og:type\" content=\"article\" \/>\n<meta property=\"og:title\" content=\"Dia em que se comemora S\u00e3o Jo\u00e3o, o Brasil Rural homenageia cantor e sanfoneiro Luiz Gonzaga - CidadeMarketing\" \/>\n<meta property=\"og:description\" content=\"Nesta segunda-feira (24), dia em que se comemora\u00a0S\u00e3o Jo\u00e3o,o Brasil Rural\u00a0entrevistou Maria Severina do Campos\u00a0Nina,\u00a0Dona Nina, sobrinha do cantor e sanfoneiro\u00a0Luiz Gonzaga. O m\u00fasico, famoso por resgatar a cultura dos interiores brasileiros, \u00e9 ainda mais lembrado durante o per\u00edodo de\u00a0festas juninas. Segundo ela, dentro de uma fam\u00edlia extremamente talentosa, Luiz Gonzaga se sobressaiu pela quest\u00e3o [&hellip;]\" \/>\n<meta property=\"og:url\" content=\"https:\/\/www.cidademarketing.com.br\/marketing\/2019\/06\/24\/dia-em-que-se-comemora-sao-joao-o-brasil-rural-homenageia-cantor-e-sanfoneiro-luiz-gonzaga\/\" \/>\n<meta property=\"og:site_name\" content=\"CidadeMarketing\" \/>\n<meta property=\"article:publisher\" content=\"https:\/\/www.facebook.com\/portalcidademarketing\" \/>\n<meta property=\"article:author\" content=\"https:\/\/www.facebook.com\/thalesbrandao\" \/>\n<meta property=\"article:published_time\" content=\"2019-06-24T13:41:44+00:00\" \/>\n<meta property=\"article:modified_time\" content=\"2019-06-24T13:41:46+00:00\" \/>\n<meta property=\"og:image\" content=\"https:\/\/www.cidademarketing.com.br\/marketing\/wp-content\/uploads\/2019\/06\/luizgonzaga.jpg\" \/>\n\t<meta property=\"og:image:width\" content=\"1200\" \/>\n\t<meta property=\"og:image:height\" content=\"1047\" \/>\n\t<meta property=\"og:image:type\" content=\"image\/jpeg\" \/>\n<meta name=\"author\" content=\"Thales Brand\u00e3o\" \/>\n<meta name=\"twitter:card\" content=\"summary_large_image\" \/>\n<meta name=\"twitter:creator\" content=\"@http:\/\/www.twitter.com\/thalesbrandao\" \/>\n<meta name=\"twitter:site\" content=\"@CidadeMarketing\" \/>\n<meta name=\"twitter:label1\" content=\"Escrito por\" \/>\n\t<meta name=\"twitter:data1\" content=\"Thales Brand\u00e3o\" \/>\n\t<meta name=\"twitter:label2\" content=\"Est. tempo de leitura\" \/>\n\t<meta name=\"twitter:data2\" content=\"1 minuto\" \/>\n<script type=\"application\/ld+json\" class=\"yoast-schema-graph\">{\"@context\":\"https:\\\/\\\/schema.org\",\"@graph\":[{\"@type\":\"Article\",\"@id\":\"https:\\\/\\\/www.cidademarketing.com.br\\\/marketing\\\/2019\\\/06\\\/24\\\/dia-em-que-se-comemora-sao-joao-o-brasil-rural-homenageia-cantor-e-sanfoneiro-luiz-gonzaga\\\/#article\",\"isPartOf\":{\"@id\":\"https:\\\/\\\/www.cidademarketing.com.br\\\/marketing\\\/2019\\\/06\\\/24\\\/dia-em-que-se-comemora-sao-joao-o-brasil-rural-homenageia-cantor-e-sanfoneiro-luiz-gonzaga\\\/\"},\"author\":{\"name\":\"Thales Brand\u00e3o\",\"@id\":\"https:\\\/\\\/www.cidademarketing.com.br\\\/marketing\\\/#\\\/schema\\\/person\\\/02daff9f18bd9378c9e01eb6b2db155f\"},\"headline\":\"Dia em que se comemora S\u00e3o Jo\u00e3o, o Brasil Rural homenageia cantor e sanfoneiro Luiz Gonzaga\",\"datePublished\":\"2019-06-24T13:41:44+00:00\",\"dateModified\":\"2019-06-24T13:41:46+00:00\",\"mainEntityOfPage\":{\"@id\":\"https:\\\/\\\/www.cidademarketing.com.br\\\/marketing\\\/2019\\\/06\\\/24\\\/dia-em-que-se-comemora-sao-joao-o-brasil-rural-homenageia-cantor-e-sanfoneiro-luiz-gonzaga\\\/\"},\"wordCount\":155,\"commentCount\":0,\"publisher\":{\"@id\":\"https:\\\/\\\/www.cidademarketing.com.br\\\/marketing\\\/#organization\"},\"image\":{\"@id\":\"https:\\\/\\\/www.cidademarketing.com.br\\\/marketing\\\/2019\\\/06\\\/24\\\/dia-em-que-se-comemora-sao-joao-o-brasil-rural-homenageia-cantor-e-sanfoneiro-luiz-gonzaga\\\/#primaryimage\"},\"thumbnailUrl\":\"https:\\\/\\\/www.cidademarketing.com.br\\\/marketing\\\/wp-content\\\/uploads\\\/2019\\\/06\\\/luizgonzaga.jpg\",\"keywords\":[\"Brasil Rural\",\"Luiz Gonzaga\",\"marketing\"],\"articleSection\":[\"Not\u00edcias\"],\"inLanguage\":\"pt-BR\",\"potentialAction\":[{\"@type\":\"CommentAction\",\"name\":\"Comment\",\"target\":[\"https:\\\/\\\/www.cidademarketing.com.br\\\/marketing\\\/2019\\\/06\\\/24\\\/dia-em-que-se-comemora-sao-joao-o-brasil-rural-homenageia-cantor-e-sanfoneiro-luiz-gonzaga\\\/#respond\"]}]},{\"@type\":\"WebPage\",\"@id\":\"https:\\\/\\\/www.cidademarketing.com.br\\\/marketing\\\/2019\\\/06\\\/24\\\/dia-em-que-se-comemora-sao-joao-o-brasil-rural-homenageia-cantor-e-sanfoneiro-luiz-gonzaga\\\/\",\"url\":\"https:\\\/\\\/www.cidademarketing.com.br\\\/marketing\\\/2019\\\/06\\\/24\\\/dia-em-que-se-comemora-sao-joao-o-brasil-rural-homenageia-cantor-e-sanfoneiro-luiz-gonzaga\\\/\",\"name\":\"Dia em que se comemora S\u00e3o Jo\u00e3o, o Brasil Rural homenageia cantor e sanfoneiro Luiz Gonzaga - CidadeMarketing\",\"isPartOf\":{\"@id\":\"https:\\\/\\\/www.cidademarketing.com.br\\\/marketing\\\/#website\"},\"primaryImageOfPage\":{\"@id\":\"https:\\\/\\\/www.cidademarketing.com.br\\\/marketing\\\/2019\\\/06\\\/24\\\/dia-em-que-se-comemora-sao-joao-o-brasil-rural-homenageia-cantor-e-sanfoneiro-luiz-gonzaga\\\/#primaryimage\"},\"image\":{\"@id\":\"https:\\\/\\\/www.cidademarketing.com.br\\\/marketing\\\/2019\\\/06\\\/24\\\/dia-em-que-se-comemora-sao-joao-o-brasil-rural-homenageia-cantor-e-sanfoneiro-luiz-gonzaga\\\/#primaryimage\"},\"thumbnailUrl\":\"https:\\\/\\\/www.cidademarketing.com.br\\\/marketing\\\/wp-content\\\/uploads\\\/2019\\\/06\\\/luizgonzaga.jpg\",\"datePublished\":\"2019-06-24T13:41:44+00:00\",\"dateModified\":\"2019-06-24T13:41:46+00:00\",\"breadcrumb\":{\"@id\":\"https:\\\/\\\/www.cidademarketing.com.br\\\/marketing\\\/2019\\\/06\\\/24\\\/dia-em-que-se-comemora-sao-joao-o-brasil-rural-homenageia-cantor-e-sanfoneiro-luiz-gonzaga\\\/#breadcrumb\"},\"inLanguage\":\"pt-BR\",\"potentialAction\":[{\"@type\":\"ReadAction\",\"target\":[\"https:\\\/\\\/www.cidademarketing.com.br\\\/marketing\\\/2019\\\/06\\\/24\\\/dia-em-que-se-comemora-sao-joao-o-brasil-rural-homenageia-cantor-e-sanfoneiro-luiz-gonzaga\\\/\"]}]},{\"@type\":\"ImageObject\",\"inLanguage\":\"pt-BR\",\"@id\":\"https:\\\/\\\/www.cidademarketing.com.br\\\/marketing\\\/2019\\\/06\\\/24\\\/dia-em-que-se-comemora-sao-joao-o-brasil-rural-homenageia-cantor-e-sanfoneiro-luiz-gonzaga\\\/#primaryimage\",\"url\":\"https:\\\/\\\/www.cidademarketing.com.br\\\/marketing\\\/wp-content\\\/uploads\\\/2019\\\/06\\\/luizgonzaga.jpg\",\"contentUrl\":\"https:\\\/\\\/www.cidademarketing.com.br\\\/marketing\\\/wp-content\\\/uploads\\\/2019\\\/06\\\/luizgonzaga.jpg\",\"width\":1200,\"height\":1047,\"caption\":\"Reprodu\u00e7\u00e3o\"},{\"@type\":\"BreadcrumbList\",\"@id\":\"https:\\\/\\\/www.cidademarketing.com.br\\\/marketing\\\/2019\\\/06\\\/24\\\/dia-em-que-se-comemora-sao-joao-o-brasil-rural-homenageia-cantor-e-sanfoneiro-luiz-gonzaga\\\/#breadcrumb\",\"itemListElement\":[{\"@type\":\"ListItem\",\"position\":1,\"name\":\"In\u00edcio\",\"item\":\"https:\\\/\\\/www.cidademarketing.com.br\\\/marketing\\\/\"},{\"@type\":\"ListItem\",\"position\":2,\"name\":\"Dia em que se comemora S\u00e3o Jo\u00e3o, o Brasil Rural homenageia cantor e sanfoneiro Luiz Gonzaga\"}]},{\"@type\":\"WebSite\",\"@id\":\"https:\\\/\\\/www.cidademarketing.com.br\\\/marketing\\\/#website\",\"url\":\"https:\\\/\\\/www.cidademarketing.com.br\\\/marketing\\\/\",\"name\":\"CidadeMarketing\",\"description\":\"Somos um ve\u00edculo de comunica\u00e7\u00e3o de destaque no Brasil, reconhecido por conte\u00fados nos segmentos de marketing, empreendedorismo e inova\u00e7\u00e3o.\",\"publisher\":{\"@id\":\"https:\\\/\\\/www.cidademarketing.com.br\\\/marketing\\\/#organization\"},\"alternateName\":\"CidadeMarketing\",\"potentialAction\":[{\"@type\":\"SearchAction\",\"target\":{\"@type\":\"EntryPoint\",\"urlTemplate\":\"https:\\\/\\\/www.cidademarketing.com.br\\\/marketing\\\/?s={search_term_string}\"},\"query-input\":{\"@type\":\"PropertyValueSpecification\",\"valueRequired\":true,\"valueName\":\"search_term_string\"}}],\"inLanguage\":\"pt-BR\"},{\"@type\":\"Organization\",\"@id\":\"https:\\\/\\\/www.cidademarketing.com.br\\\/marketing\\\/#organization\",\"name\":\"CidadeMarketing\",\"alternateName\":\"CidadeMarketing\",\"url\":\"https:\\\/\\\/www.cidademarketing.com.br\\\/marketing\\\/\",\"logo\":{\"@type\":\"ImageObject\",\"inLanguage\":\"pt-BR\",\"@id\":\"https:\\\/\\\/www.cidademarketing.com.br\\\/marketing\\\/#\\\/schema\\\/logo\\\/image\\\/\",\"url\":\"https:\\\/\\\/www.cidademarketing.com.br\\\/marketing\\\/wp-content\\\/uploads\\\/2020\\\/01\\\/cidademarketing_marca_mobile.png\",\"contentUrl\":\"https:\\\/\\\/www.cidademarketing.com.br\\\/marketing\\\/wp-content\\\/uploads\\\/2020\\\/01\\\/cidademarketing_marca_mobile.png\",\"width\":230,\"height\":92,\"caption\":\"CidadeMarketing\"},\"image\":{\"@id\":\"https:\\\/\\\/www.cidademarketing.com.br\\\/marketing\\\/#\\\/schema\\\/logo\\\/image\\\/\"},\"sameAs\":[\"https:\\\/\\\/www.facebook.com\\\/portalcidademarketing\",\"https:\\\/\\\/x.com\\\/CidadeMarketing\",\"https:\\\/\\\/www.instagram.com\\\/cidademarketing\\\/\"]},{\"@type\":\"Person\",\"@id\":\"https:\\\/\\\/www.cidademarketing.com.br\\\/marketing\\\/#\\\/schema\\\/person\\\/02daff9f18bd9378c9e01eb6b2db155f\",\"name\":\"Thales Brand\u00e3o\",\"image\":{\"@type\":\"ImageObject\",\"inLanguage\":\"pt-BR\",\"@id\":\"https:\\\/\\\/secure.gravatar.com\\\/avatar\\\/7ca3206950207cc3cb48feec56a8a7898741ab725c368d99d5d7a5a50aab80c6?s=96&d=mm&r=g\",\"url\":\"https:\\\/\\\/secure.gravatar.com\\\/avatar\\\/7ca3206950207cc3cb48feec56a8a7898741ab725c368d99d5d7a5a50aab80c6?s=96&d=mm&r=g\",\"contentUrl\":\"https:\\\/\\\/secure.gravatar.com\\\/avatar\\\/7ca3206950207cc3cb48feec56a8a7898741ab725c368d99d5d7a5a50aab80c6?s=96&d=mm&r=g\",\"caption\":\"Thales Brand\u00e3o\"},\"description\":\"Editor Executivo do Portal CidadeMarketing.com.br &gt; Mestre em Comunica\u00e7\u00e3o e Sociedade pela Universidade Federal de Sergipe. Possui MBA Executivo em Administra\u00e7\u00e3o com \u00eanfase em Marketing pela Funda\u00e7\u00e3o Get\u00falio Vargas - Rio de Janeiro. Consultor, Palestrante e Pesquisador sobre Empreendedorismo, Marketing, Redes Sociais e Neg\u00f3cios Digitais. Professor, Palestrante TedxTalks e Campus Party. Twitter: @ThalesBrandao\",\"sameAs\":[\"http:\\\/\\\/www.mandacaru.com.br\",\"https:\\\/\\\/www.facebook.com\\\/thalesbrandao\",\"http:\\\/\\\/www.instagram.com.br\\\/thalesbrandaoferreira\",\"https:\\\/\\\/www.linkedin.com\\\/in\\\/thales-brand\u00e3o-3948609\\\/\",\"https:\\\/\\\/x.com\\\/http:\\\/\\\/www.twitter.com\\\/thalesbrandao\"],\"url\":\"https:\\\/\\\/www.cidademarketing.com.br\\\/marketing\\\/author\\\/thalesbrandao\\\/\"}]}<\/script>\n<!-- \/ Yoast SEO plugin. -->","yoast_head_json":{"title":"Dia em que se comemora S\u00e3o Jo\u00e3o, o Brasil Rural homenageia cantor e sanfoneiro Luiz Gonzaga - CidadeMarketing","robots":{"index":"index","follow":"follow","max-snippet":"max-snippet:-1","max-image-preview":"max-image-preview:large","max-video-preview":"max-video-preview:-1"},"canonical":"https:\/\/www.cidademarketing.com.br\/marketing\/2019\/06\/24\/dia-em-que-se-comemora-sao-joao-o-brasil-rural-homenageia-cantor-e-sanfoneiro-luiz-gonzaga\/","og_locale":"pt_BR","og_type":"article","og_title":"Dia em que se comemora S\u00e3o Jo\u00e3o, o Brasil Rural homenageia cantor e sanfoneiro Luiz Gonzaga - CidadeMarketing","og_description":"Nesta segunda-feira (24), dia em que se comemora\u00a0S\u00e3o Jo\u00e3o,o Brasil Rural\u00a0entrevistou Maria Severina do Campos\u00a0Nina,\u00a0Dona Nina, sobrinha do cantor e sanfoneiro\u00a0Luiz Gonzaga. O m\u00fasico, famoso por resgatar a cultura dos interiores brasileiros, \u00e9 ainda mais lembrado durante o per\u00edodo de\u00a0festas juninas. Segundo ela, dentro de uma fam\u00edlia extremamente talentosa, Luiz Gonzaga se sobressaiu pela quest\u00e3o [&hellip;]","og_url":"https:\/\/www.cidademarketing.com.br\/marketing\/2019\/06\/24\/dia-em-que-se-comemora-sao-joao-o-brasil-rural-homenageia-cantor-e-sanfoneiro-luiz-gonzaga\/","og_site_name":"CidadeMarketing","article_publisher":"https:\/\/www.facebook.com\/portalcidademarketing","article_author":"https:\/\/www.facebook.com\/thalesbrandao","article_published_time":"2019-06-24T13:41:44+00:00","article_modified_time":"2019-06-24T13:41:46+00:00","og_image":[{"width":1200,"height":1047,"url":"https:\/\/www.cidademarketing.com.br\/marketing\/wp-content\/uploads\/2019\/06\/luizgonzaga.jpg","type":"image\/jpeg"}],"author":"Thales Brand\u00e3o","twitter_card":"summary_large_image","twitter_creator":"@http:\/\/www.twitter.com\/thalesbrandao","twitter_site":"@CidadeMarketing","twitter_misc":{"Escrito por":"Thales Brand\u00e3o","Est. tempo de leitura":"1 minuto"},"schema":{"@context":"https:\/\/schema.org","@graph":[{"@type":"Article","@id":"https:\/\/www.cidademarketing.com.br\/marketing\/2019\/06\/24\/dia-em-que-se-comemora-sao-joao-o-brasil-rural-homenageia-cantor-e-sanfoneiro-luiz-gonzaga\/#article","isPartOf":{"@id":"https:\/\/www.cidademarketing.com.br\/marketing\/2019\/06\/24\/dia-em-que-se-comemora-sao-joao-o-brasil-rural-homenageia-cantor-e-sanfoneiro-luiz-gonzaga\/"},"author":{"name":"Thales Brand\u00e3o","@id":"https:\/\/www.cidademarketing.com.br\/marketing\/#\/schema\/person\/02daff9f18bd9378c9e01eb6b2db155f"},"headline":"Dia em que se comemora S\u00e3o Jo\u00e3o, o Brasil Rural homenageia cantor e sanfoneiro Luiz Gonzaga","datePublished":"2019-06-24T13:41:44+00:00","dateModified":"2019-06-24T13:41:46+00:00","mainEntityOfPage":{"@id":"https:\/\/www.cidademarketing.com.br\/marketing\/2019\/06\/24\/dia-em-que-se-comemora-sao-joao-o-brasil-rural-homenageia-cantor-e-sanfoneiro-luiz-gonzaga\/"},"wordCount":155,"commentCount":0,"publisher":{"@id":"https:\/\/www.cidademarketing.com.br\/marketing\/#organization"},"image":{"@id":"https:\/\/www.cidademarketing.com.br\/marketing\/2019\/06\/24\/dia-em-que-se-comemora-sao-joao-o-brasil-rural-homenageia-cantor-e-sanfoneiro-luiz-gonzaga\/#primaryimage"},"thumbnailUrl":"https:\/\/www.cidademarketing.com.br\/marketing\/wp-content\/uploads\/2019\/06\/luizgonzaga.jpg","keywords":["Brasil Rural","Luiz Gonzaga","marketing"],"articleSection":["Not\u00edcias"],"inLanguage":"pt-BR","potentialAction":[{"@type":"CommentAction","name":"Comment","target":["https:\/\/www.cidademarketing.com.br\/marketing\/2019\/06\/24\/dia-em-que-se-comemora-sao-joao-o-brasil-rural-homenageia-cantor-e-sanfoneiro-luiz-gonzaga\/#respond"]}]},{"@type":"WebPage","@id":"https:\/\/www.cidademarketing.com.br\/marketing\/2019\/06\/24\/dia-em-que-se-comemora-sao-joao-o-brasil-rural-homenageia-cantor-e-sanfoneiro-luiz-gonzaga\/","url":"https:\/\/www.cidademarketing.com.br\/marketing\/2019\/06\/24\/dia-em-que-se-comemora-sao-joao-o-brasil-rural-homenageia-cantor-e-sanfoneiro-luiz-gonzaga\/","name":"Dia em que se comemora S\u00e3o Jo\u00e3o, o Brasil Rural homenageia cantor e sanfoneiro Luiz Gonzaga - CidadeMarketing","isPartOf":{"@id":"https:\/\/www.cidademarketing.com.br\/marketing\/#website"},"primaryImageOfPage":{"@id":"https:\/\/www.cidademarketing.com.br\/marketing\/2019\/06\/24\/dia-em-que-se-comemora-sao-joao-o-brasil-rural-homenageia-cantor-e-sanfoneiro-luiz-gonzaga\/#primaryimage"},"image":{"@id":"https:\/\/www.cidademarketing.com.br\/marketing\/2019\/06\/24\/dia-em-que-se-comemora-sao-joao-o-brasil-rural-homenageia-cantor-e-sanfoneiro-luiz-gonzaga\/#primaryimage"},"thumbnailUrl":"https:\/\/www.cidademarketing.com.br\/marketing\/wp-content\/uploads\/2019\/06\/luizgonzaga.jpg","datePublished":"2019-06-24T13:41:44+00:00","dateModified":"2019-06-24T13:41:46+00:00","breadcrumb":{"@id":"https:\/\/www.cidademarketing.com.br\/marketing\/2019\/06\/24\/dia-em-que-se-comemora-sao-joao-o-brasil-rural-homenageia-cantor-e-sanfoneiro-luiz-gonzaga\/#breadcrumb"},"inLanguage":"pt-BR","potentialAction":[{"@type":"ReadAction","target":["https:\/\/www.cidademarketing.com.br\/marketing\/2019\/06\/24\/dia-em-que-se-comemora-sao-joao-o-brasil-rural-homenageia-cantor-e-sanfoneiro-luiz-gonzaga\/"]}]},{"@type":"ImageObject","inLanguage":"pt-BR","@id":"https:\/\/www.cidademarketing.com.br\/marketing\/2019\/06\/24\/dia-em-que-se-comemora-sao-joao-o-brasil-rural-homenageia-cantor-e-sanfoneiro-luiz-gonzaga\/#primaryimage","url":"https:\/\/www.cidademarketing.com.br\/marketing\/wp-content\/uploads\/2019\/06\/luizgonzaga.jpg","contentUrl":"https:\/\/www.cidademarketing.com.br\/marketing\/wp-content\/uploads\/2019\/06\/luizgonzaga.jpg","width":1200,"height":1047,"caption":"Reprodu\u00e7\u00e3o"},{"@type":"BreadcrumbList","@id":"https:\/\/www.cidademarketing.com.br\/marketing\/2019\/06\/24\/dia-em-que-se-comemora-sao-joao-o-brasil-rural-homenageia-cantor-e-sanfoneiro-luiz-gonzaga\/#breadcrumb","itemListElement":[{"@type":"ListItem","position":1,"name":"In\u00edcio","item":"https:\/\/www.cidademarketing.com.br\/marketing\/"},{"@type":"ListItem","position":2,"name":"Dia em que se comemora S\u00e3o Jo\u00e3o, o Brasil Rural homenageia cantor e sanfoneiro Luiz Gonzaga"}]},{"@type":"WebSite","@id":"https:\/\/www.cidademarketing.com.br\/marketing\/#website","url":"https:\/\/www.cidademarketing.com.br\/marketing\/","name":"CidadeMarketing","description":"Somos um ve\u00edculo de comunica\u00e7\u00e3o de destaque no Brasil, reconhecido por conte\u00fados nos segmentos de marketing, empreendedorismo e inova\u00e7\u00e3o.","publisher":{"@id":"https:\/\/www.cidademarketing.com.br\/marketing\/#organization"},"alternateName":"CidadeMarketing","potentialAction":[{"@type":"SearchAction","target":{"@type":"EntryPoint","urlTemplate":"https:\/\/www.cidademarketing.com.br\/marketing\/?s={search_term_string}"},"query-input":{"@type":"PropertyValueSpecification","valueRequired":true,"valueName":"search_term_string"}}],"inLanguage":"pt-BR"},{"@type":"Organization","@id":"https:\/\/www.cidademarketing.com.br\/marketing\/#organization","name":"CidadeMarketing","alternateName":"CidadeMarketing","url":"https:\/\/www.cidademarketing.com.br\/marketing\/","logo":{"@type":"ImageObject","inLanguage":"pt-BR","@id":"https:\/\/www.cidademarketing.com.br\/marketing\/#\/schema\/logo\/image\/","url":"https:\/\/www.cidademarketing.com.br\/marketing\/wp-content\/uploads\/2020\/01\/cidademarketing_marca_mobile.png","contentUrl":"https:\/\/www.cidademarketing.com.br\/marketing\/wp-content\/uploads\/2020\/01\/cidademarketing_marca_mobile.png","width":230,"height":92,"caption":"CidadeMarketing"},"image":{"@id":"https:\/\/www.cidademarketing.com.br\/marketing\/#\/schema\/logo\/image\/"},"sameAs":["https:\/\/www.facebook.com\/portalcidademarketing","https:\/\/x.com\/CidadeMarketing","https:\/\/www.instagram.com\/cidademarketing\/"]},{"@type":"Person","@id":"https:\/\/www.cidademarketing.com.br\/marketing\/#\/schema\/person\/02daff9f18bd9378c9e01eb6b2db155f","name":"Thales Brand\u00e3o","image":{"@type":"ImageObject","inLanguage":"pt-BR","@id":"https:\/\/secure.gravatar.com\/avatar\/7ca3206950207cc3cb48feec56a8a7898741ab725c368d99d5d7a5a50aab80c6?s=96&d=mm&r=g","url":"https:\/\/secure.gravatar.com\/avatar\/7ca3206950207cc3cb48feec56a8a7898741ab725c368d99d5d7a5a50aab80c6?s=96&d=mm&r=g","contentUrl":"https:\/\/secure.gravatar.com\/avatar\/7ca3206950207cc3cb48feec56a8a7898741ab725c368d99d5d7a5a50aab80c6?s=96&d=mm&r=g","caption":"Thales Brand\u00e3o"},"description":"Editor Executivo do Portal CidadeMarketing.com.br &gt; Mestre em Comunica\u00e7\u00e3o e Sociedade pela Universidade Federal de Sergipe. Possui MBA Executivo em Administra\u00e7\u00e3o com \u00eanfase em Marketing pela Funda\u00e7\u00e3o Get\u00falio Vargas - Rio de Janeiro. Consultor, Palestrante e Pesquisador sobre Empreendedorismo, Marketing, Redes Sociais e Neg\u00f3cios Digitais. Professor, Palestrante TedxTalks e Campus Party. Twitter: @ThalesBrandao","sameAs":["http:\/\/www.mandacaru.com.br","https:\/\/www.facebook.com\/thalesbrandao","http:\/\/www.instagram.com.br\/thalesbrandaoferreira","https:\/\/www.linkedin.com\/in\/thales-brand\u00e3o-3948609\/","https:\/\/x.com\/http:\/\/www.twitter.com\/thalesbrandao"],"url":"https:\/\/www.cidademarketing.com.br\/marketing\/author\/thalesbrandao\/"}]}},"amp_enabled":true,"_links":{"self":[{"href":"https:\/\/www.cidademarketing.com.br\/marketing\/wp-json\/wp\/v2\/posts\/9498","targetHints":{"allow":["GET"]}}],"collection":[{"href":"https:\/\/www.cidademarketing.com.br\/marketing\/wp-json\/wp\/v2\/posts"}],"about":[{"href":"https:\/\/www.cidademarketing.com.br\/marketing\/wp-json\/wp\/v2\/types\/post"}],"author":[{"embeddable":true,"href":"https:\/\/www.cidademarketing.com.br\/marketing\/wp-json\/wp\/v2\/users\/1"}],"replies":[{"embeddable":true,"href":"https:\/\/www.cidademarketing.com.br\/marketing\/wp-json\/wp\/v2\/comments?post=9498"}],"version-history":[{"count":1,"href":"https:\/\/www.cidademarketing.com.br\/marketing\/wp-json\/wp\/v2\/posts\/9498\/revisions"}],"predecessor-version":[{"id":9501,"href":"https:\/\/www.cidademarketing.com.br\/marketing\/wp-json\/wp\/v2\/posts\/9498\/revisions\/9501"}],"wp:featuredmedia":[{"embeddable":true,"href":"https:\/\/www.cidademarketing.com.br\/marketing\/wp-json\/wp\/v2\/media\/9499"}],"wp:attachment":[{"href":"https:\/\/www.cidademarketing.com.br\/marketing\/wp-json\/wp\/v2\/media?parent=9498"}],"wp:term":[{"taxonomy":"category","embeddable":true,"href":"https:\/\/www.cidademarketing.com.br\/marketing\/wp-json\/wp\/v2\/categories?post=9498"},{"taxonomy":"post_tag","embeddable":true,"href":"https:\/\/www.cidademarketing.com.br\/marketing\/wp-json\/wp\/v2\/tags?post=9498"}],"curies":[{"name":"wp","href":"https:\/\/api.w.org\/{rel}","templated":true}]}}