{"id":9403,"date":"2019-06-21T15:05:16","date_gmt":"2019-06-21T11:05:16","guid":{"rendered":"https:\/\/www.cidademarketing.com.br\/marketing\/?p=9403"},"modified":"2019-06-21T15:05:18","modified_gmt":"2019-06-21T11:05:18","slug":"mpf-defende-lei-do-ceara-que-proibe-a-pulverizacao-aerea-de-agrotoxicos","status":"publish","type":"post","link":"https:\/\/www.cidademarketing.com.br\/marketing\/2019\/06\/21\/mpf-defende-lei-do-ceara-que-proibe-a-pulverizacao-aerea-de-agrotoxicos\/","title":{"rendered":"MPF defende lei do Cear\u00e1 que pro\u00edbe a pulveriza\u00e7\u00e3o a\u00e9rea de agrot\u00f3xicos"},"content":{"rendered":"\n<p>O Grupo de Trabalho Agroecologia do Minist\u00e9rio P\u00fablico Federal (MPF) elaborou nota t\u00e9cnica em defesa da constitucionalidade da Lei estadual 16.820\/2019, que veda a pulveriza\u00e7\u00e3o a\u00e9rea de agrot\u00f3xicos no Cear\u00e1. A norma \u00e9 alvo de A\u00e7\u00e3o Direta de Inconstitucionalidade (ADI 6137\/CE) no Supremo Tribunal Federal (STF). Autora da a\u00e7\u00e3o, a Confedera\u00e7\u00e3o Nacional da Agricultura e Pecu\u00e1ria do Brasil (CNA) aponta v\u00edcios formal e material na lei estadual, mas a C\u00e2mara t\u00e9cnica do MPF afirma que a lei \u00e9 v\u00e1lida e est\u00e1 de acordo com a Constitui\u00e7\u00e3o.<\/p>\n\n\n\n<p>Um dos argumentos da CNA \u00e9 que norma cearense teria usurpado compet\u00eancia privativa da Uni\u00e3o ao legislar sobre navega\u00e7\u00e3o a\u00e9rea e exerc\u00edcio de trabalho, of\u00edcio ou profiss\u00e3o. A nota t\u00e9cnica demonstra, no entanto, que a exclusividade federal prevista na Constitui\u00e7\u00e3o se limita \u00e0 explora\u00e7\u00e3o e normatiza\u00e7\u00e3o de temas diretamente relacionados ao transporte a\u00e9reo e \u00e0 infraestrutura aeroportu\u00e1ria, o que n\u00e3o \u00e9 o caso. \u201cA avia\u00e7\u00e3o, no caso apontado, se apresenta como meio para a pulveriza\u00e7\u00e3o e n\u00e3o h\u00e1, na Carta Magna, fundamentos para restringir a possibilidade de os estados conferirem maior prote\u00e7\u00e3o ao meio ambiente na regula\u00e7\u00e3o do tema em quest\u00e3o\u201d, aponta o texto.<\/p>\n\n\n\n<p>O MPF tamb\u00e9m esclarece que a lei cearense n\u00e3o estabelece condi\u00e7\u00f5es para o exerc\u00edcio de qualquer profiss\u00e3o, apenas veda a pr\u00e1tica de uma atividade espec\u00edfica do ramo de avia\u00e7\u00e3o agr\u00edcola. De acordo com a Constitui\u00e7\u00e3o, \u201ca lei que n\u00e3o versar especificamente sobre condi\u00e7\u00f5es para o exerc\u00edcio de profiss\u00f5es, que n\u00e3o diga respeito \u00e0s qualifica\u00e7\u00f5es profissionais para aquele exerc\u00edcio, n\u00e3o se enquadra na hip\u00f3tese de compet\u00eancia legislativa da Uni\u00e3o\u201d, explica a nota.<\/p>\n\n\n\n<p>Ainda em rela\u00e7\u00e3o ao aspecto formal, o MPF afirma que a Lei 16.820\/2019 trata fundamentalmente de mat\u00e9ria ambiental, cuja compet\u00eancia para legislar \u00e9 tanto da Uni\u00e3o como dos estados. Ao contr\u00e1rio do que afirma a CNA, o foco da norma n\u00e3o \u00e9 o emprego da avia\u00e7\u00e3o agr\u00edcola no pa\u00eds, mas a prote\u00e7\u00e3o do meio ambiente, da sa\u00fade e da vida, direitos fundamentais amea\u00e7ados pela pulveriza\u00e7\u00e3o a\u00e9rea de agrot\u00f3xicos. Para o MPF, \u201ca op\u00e7\u00e3o legislativa de proibir essa t\u00e9cnica de aplica\u00e7\u00e3o dos agrot\u00f3xicos no estado do Cear\u00e1, al\u00e9m de constitucionalmente v\u00e1lida, \u00e9 politicamente desej\u00e1vel, devendo ser seguida pelos demais entes da Federa\u00e7\u00e3o\u201d.<\/p>\n\n\n\n<p><strong>Concilia\u00e7\u00e3o<\/strong> \u2013 Do ponto de vista material, a CNA alega que a lei cearense viola o princ\u00edpio constitucional da livre iniciativa e prejudica a competitividade do agricultor cearense. Na nota t\u00e9cnica, o MPF defende que \u00e9 preciso harmonizar os interesses econ\u00f4micos com os direitos fundamentais \u00e0 sa\u00fade e ao meio ambiente ecologicamente equilibrado. \u201cA livre iniciativa n\u00e3o goza de qualquer ascend\u00eancia sobre o preceito de prote\u00e7\u00e3o ambiental\u201d, destaca o documento.<\/p>\n\n\n\n<p>Os procuradores citam estudos cient\u00edficos que demonstram que, nas t\u00e9cnicas de aplica\u00e7\u00e3o dos agrot\u00f3xicos, parte do produto \u00e9 desviada do alvo, causando contamina\u00e7\u00e3o do solo, da \u00e1gua e do ar, atingindo trabalhadores, moradores, animais e plantas sens\u00edveis a eles. O fen\u00f4meno, conhecido como deriva, \u00e9 maior na pulveriza\u00e7\u00e3o a\u00e9rea e, devido a ele, a pr\u00e1tica j\u00e1 \u00e9 proibida na Uni\u00e3o Europeia desde 2009.<\/p>\n\n\n\n<p>O MPF afirma ainda que os danos causados pela pulveriza\u00e7\u00e3o a\u00e9rea antes permitida podem ser percebidos no estado do Cear\u00e1. De acordo com a Associa\u00e7\u00e3o Brasileira de Sa\u00fade Coletiva, a dispers\u00e3o de agrot\u00f3xicos por meio de avi\u00f5es tem atingido diversas comunidades de camponeses no estado, provocando intoxica\u00e7\u00f5es agudas e cr\u00f4nicas, produzindo c\u00e2ncer, malforma\u00e7\u00f5es cong\u00eanitas, desregula\u00e7\u00f5es end\u00f3crinas, dentre outros agravos \u00e0 sa\u00fade que podem ser constatados em estudos cient\u00edficos publicados.<\/p>\n\n\n\n<p>A nota t\u00e9cnica ser\u00e1 encaminhada \u00e0 procuradora-geral da Rep\u00fablica a fim de subsidiar sua atua\u00e7\u00e3o na ADI 6137.<\/p>\n\n\n\n<p><strong>Intercameral<\/strong> \u2013 O Grupo de Trabalho Agroecologia \u00e9 formado por membros do MPF vinculados \u00e0s C\u00e2maras Criminal (2CCR), de Meio Ambiente e Patrim\u00f4nio Cultural (4CCR), Popula\u00e7\u00f5es Ind\u00edgenas e Comunidades Tradicionais (6CCR) e \u00e0 Procuradoria Federal dos Direitos do Cidad\u00e3o. O GT existe desde 2007 e tem como objetivo promover discuss\u00f5es e articula\u00e7\u00e3o com Minist\u00e9rio P\u00fablico, CTNBio, Ibama e demais \u00f3rg\u00e3os integrantes do Sistema de Biosseguran\u00e7a para tomada de decis\u00f5es e gera\u00e7\u00e3o de procedimentos tendentes \u00e0 realiza\u00e7\u00e3o dos objetivos constitucionais e legais afetos \u00e0 quest\u00e3o de biosseguran\u00e7a de Organismos Geneticamente Modificados (OGM), seus derivados e sua correla\u00e7\u00e3o com o uso de agrot\u00f3xicos.<\/p>\n\n\n\n<p><strong><a href=\"http:\/\/www.mpf.mp.br\/pgr\/documentos\/nota_tecnica_pulverizacao_agrotoxicos.pdf\" target=\"_blank\" rel=\"noreferrer noopener\" aria-label=\" (abre numa nova aba)\">\u00cdntegra da nota t\u00e9cnica<\/a><\/strong><\/p>\n","protected":false},"excerpt":{"rendered":"<p>O Grupo de Trabalho Agroecologia do Minist\u00e9rio P\u00fablico Federal (MPF) elaborou nota t\u00e9cnica em defesa da constitucionalidade da Lei estadual 16.820\/2019, que veda a pulveriza\u00e7\u00e3o a\u00e9rea de agrot\u00f3xicos no Cear\u00e1. A norma \u00e9 alvo de A\u00e7\u00e3o Direta de Inconstitucionalidade (ADI 6137\/CE) no Supremo Tribunal Federal (STF). Autora da a\u00e7\u00e3o, a Confedera\u00e7\u00e3o Nacional da Agricultura e [&hellip;]<\/p>\n","protected":false},"author":1,"featured_media":9405,"comment_status":"open","ping_status":"open","sticky":false,"template":"","format":"standard","meta":{"tdm_status":"","tdm_grid_status":"","footnotes":""},"categories":[6],"tags":[2032,33,28,1262],"class_list":["post-9403","post","type-post","status-publish","format-standard","has-post-thumbnail","hentry","category-noticias","tag-agrotoxicos","tag-estrategia","tag-marketing","tag-mpf"],"yoast_head":"<!-- This site is optimized with the Yoast SEO plugin v27.5 - https:\/\/yoast.com\/product\/yoast-seo-wordpress\/ -->\n<title>MPF defende lei do Cear\u00e1 que pro\u00edbe a pulveriza\u00e7\u00e3o a\u00e9rea de agrot\u00f3xicos - CidadeMarketing<\/title>\n<meta name=\"robots\" content=\"index, follow, max-snippet:-1, max-image-preview:large, max-video-preview:-1\" \/>\n<link rel=\"canonical\" href=\"https:\/\/www.cidademarketing.com.br\/marketing\/2019\/06\/21\/mpf-defende-lei-do-ceara-que-proibe-a-pulverizacao-aerea-de-agrotoxicos\/\" \/>\n<meta property=\"og:locale\" content=\"pt_BR\" \/>\n<meta property=\"og:type\" content=\"article\" \/>\n<meta property=\"og:title\" content=\"MPF defende lei do Cear\u00e1 que pro\u00edbe a pulveriza\u00e7\u00e3o a\u00e9rea de agrot\u00f3xicos - CidadeMarketing\" \/>\n<meta property=\"og:description\" content=\"O Grupo de Trabalho Agroecologia do Minist\u00e9rio P\u00fablico Federal (MPF) elaborou nota t\u00e9cnica em defesa da constitucionalidade da Lei estadual 16.820\/2019, que veda a pulveriza\u00e7\u00e3o a\u00e9rea de agrot\u00f3xicos no Cear\u00e1. A norma \u00e9 alvo de A\u00e7\u00e3o Direta de Inconstitucionalidade (ADI 6137\/CE) no Supremo Tribunal Federal (STF). Autora da a\u00e7\u00e3o, a Confedera\u00e7\u00e3o Nacional da Agricultura e [&hellip;]\" \/>\n<meta property=\"og:url\" content=\"https:\/\/www.cidademarketing.com.br\/marketing\/2019\/06\/21\/mpf-defende-lei-do-ceara-que-proibe-a-pulverizacao-aerea-de-agrotoxicos\/\" \/>\n<meta property=\"og:site_name\" content=\"CidadeMarketing\" \/>\n<meta property=\"article:publisher\" content=\"https:\/\/www.facebook.com\/portalcidademarketing\" \/>\n<meta property=\"article:author\" content=\"https:\/\/www.facebook.com\/thalesbrandao\" \/>\n<meta property=\"article:published_time\" content=\"2019-06-21T11:05:16+00:00\" \/>\n<meta property=\"article:modified_time\" content=\"2019-06-21T11:05:18+00:00\" \/>\n<meta property=\"og:image\" content=\"https:\/\/www.cidademarketing.com.br\/marketing\/wp-content\/uploads\/2019\/06\/cropped-cenipa_divulgacao.jpg\" \/>\n\t<meta property=\"og:image:width\" content=\"754\" \/>\n\t<meta property=\"og:image:height\" content=\"424\" \/>\n\t<meta property=\"og:image:type\" content=\"image\/jpeg\" \/>\n<meta name=\"author\" content=\"Thales Brand\u00e3o\" \/>\n<meta name=\"twitter:card\" content=\"summary_large_image\" \/>\n<meta name=\"twitter:creator\" content=\"@http:\/\/www.twitter.com\/thalesbrandao\" \/>\n<meta name=\"twitter:site\" content=\"@CidadeMarketing\" \/>\n<meta name=\"twitter:label1\" content=\"Escrito por\" \/>\n\t<meta name=\"twitter:data1\" content=\"Thales Brand\u00e3o\" \/>\n\t<meta name=\"twitter:label2\" content=\"Est. tempo de leitura\" \/>\n\t<meta name=\"twitter:data2\" content=\"4 minutos\" \/>\n<script type=\"application\/ld+json\" class=\"yoast-schema-graph\">{\"@context\":\"https:\\\/\\\/schema.org\",\"@graph\":[{\"@type\":\"Article\",\"@id\":\"https:\\\/\\\/www.cidademarketing.com.br\\\/marketing\\\/2019\\\/06\\\/21\\\/mpf-defende-lei-do-ceara-que-proibe-a-pulverizacao-aerea-de-agrotoxicos\\\/#article\",\"isPartOf\":{\"@id\":\"https:\\\/\\\/www.cidademarketing.com.br\\\/marketing\\\/2019\\\/06\\\/21\\\/mpf-defende-lei-do-ceara-que-proibe-a-pulverizacao-aerea-de-agrotoxicos\\\/\"},\"author\":{\"name\":\"Thales Brand\u00e3o\",\"@id\":\"https:\\\/\\\/www.cidademarketing.com.br\\\/marketing\\\/#\\\/schema\\\/person\\\/02daff9f18bd9378c9e01eb6b2db155f\"},\"headline\":\"MPF defende lei do Cear\u00e1 que pro\u00edbe a pulveriza\u00e7\u00e3o a\u00e9rea de agrot\u00f3xicos\",\"datePublished\":\"2019-06-21T11:05:16+00:00\",\"dateModified\":\"2019-06-21T11:05:18+00:00\",\"mainEntityOfPage\":{\"@id\":\"https:\\\/\\\/www.cidademarketing.com.br\\\/marketing\\\/2019\\\/06\\\/21\\\/mpf-defende-lei-do-ceara-que-proibe-a-pulverizacao-aerea-de-agrotoxicos\\\/\"},\"wordCount\":812,\"commentCount\":0,\"publisher\":{\"@id\":\"https:\\\/\\\/www.cidademarketing.com.br\\\/marketing\\\/#organization\"},\"image\":{\"@id\":\"https:\\\/\\\/www.cidademarketing.com.br\\\/marketing\\\/2019\\\/06\\\/21\\\/mpf-defende-lei-do-ceara-que-proibe-a-pulverizacao-aerea-de-agrotoxicos\\\/#primaryimage\"},\"thumbnailUrl\":\"https:\\\/\\\/www.cidademarketing.com.br\\\/marketing\\\/wp-content\\\/uploads\\\/2019\\\/06\\\/cropped-cenipa_divulgacao.jpg\",\"keywords\":[\"agrot\u00f3xicos\",\"estrat\u00e9gia\",\"marketing\",\"MPF\"],\"articleSection\":[\"Not\u00edcias\"],\"inLanguage\":\"pt-BR\",\"potentialAction\":[{\"@type\":\"CommentAction\",\"name\":\"Comment\",\"target\":[\"https:\\\/\\\/www.cidademarketing.com.br\\\/marketing\\\/2019\\\/06\\\/21\\\/mpf-defende-lei-do-ceara-que-proibe-a-pulverizacao-aerea-de-agrotoxicos\\\/#respond\"]}]},{\"@type\":\"WebPage\",\"@id\":\"https:\\\/\\\/www.cidademarketing.com.br\\\/marketing\\\/2019\\\/06\\\/21\\\/mpf-defende-lei-do-ceara-que-proibe-a-pulverizacao-aerea-de-agrotoxicos\\\/\",\"url\":\"https:\\\/\\\/www.cidademarketing.com.br\\\/marketing\\\/2019\\\/06\\\/21\\\/mpf-defende-lei-do-ceara-que-proibe-a-pulverizacao-aerea-de-agrotoxicos\\\/\",\"name\":\"MPF defende lei do Cear\u00e1 que pro\u00edbe a pulveriza\u00e7\u00e3o a\u00e9rea de agrot\u00f3xicos - CidadeMarketing\",\"isPartOf\":{\"@id\":\"https:\\\/\\\/www.cidademarketing.com.br\\\/marketing\\\/#website\"},\"primaryImageOfPage\":{\"@id\":\"https:\\\/\\\/www.cidademarketing.com.br\\\/marketing\\\/2019\\\/06\\\/21\\\/mpf-defende-lei-do-ceara-que-proibe-a-pulverizacao-aerea-de-agrotoxicos\\\/#primaryimage\"},\"image\":{\"@id\":\"https:\\\/\\\/www.cidademarketing.com.br\\\/marketing\\\/2019\\\/06\\\/21\\\/mpf-defende-lei-do-ceara-que-proibe-a-pulverizacao-aerea-de-agrotoxicos\\\/#primaryimage\"},\"thumbnailUrl\":\"https:\\\/\\\/www.cidademarketing.com.br\\\/marketing\\\/wp-content\\\/uploads\\\/2019\\\/06\\\/cropped-cenipa_divulgacao.jpg\",\"datePublished\":\"2019-06-21T11:05:16+00:00\",\"dateModified\":\"2019-06-21T11:05:18+00:00\",\"breadcrumb\":{\"@id\":\"https:\\\/\\\/www.cidademarketing.com.br\\\/marketing\\\/2019\\\/06\\\/21\\\/mpf-defende-lei-do-ceara-que-proibe-a-pulverizacao-aerea-de-agrotoxicos\\\/#breadcrumb\"},\"inLanguage\":\"pt-BR\",\"potentialAction\":[{\"@type\":\"ReadAction\",\"target\":[\"https:\\\/\\\/www.cidademarketing.com.br\\\/marketing\\\/2019\\\/06\\\/21\\\/mpf-defende-lei-do-ceara-que-proibe-a-pulverizacao-aerea-de-agrotoxicos\\\/\"]}]},{\"@type\":\"ImageObject\",\"inLanguage\":\"pt-BR\",\"@id\":\"https:\\\/\\\/www.cidademarketing.com.br\\\/marketing\\\/2019\\\/06\\\/21\\\/mpf-defende-lei-do-ceara-que-proibe-a-pulverizacao-aerea-de-agrotoxicos\\\/#primaryimage\",\"url\":\"https:\\\/\\\/www.cidademarketing.com.br\\\/marketing\\\/wp-content\\\/uploads\\\/2019\\\/06\\\/cropped-cenipa_divulgacao.jpg\",\"contentUrl\":\"https:\\\/\\\/www.cidademarketing.com.br\\\/marketing\\\/wp-content\\\/uploads\\\/2019\\\/06\\\/cropped-cenipa_divulgacao.jpg\",\"width\":754,\"height\":424},{\"@type\":\"BreadcrumbList\",\"@id\":\"https:\\\/\\\/www.cidademarketing.com.br\\\/marketing\\\/2019\\\/06\\\/21\\\/mpf-defende-lei-do-ceara-que-proibe-a-pulverizacao-aerea-de-agrotoxicos\\\/#breadcrumb\",\"itemListElement\":[{\"@type\":\"ListItem\",\"position\":1,\"name\":\"In\u00edcio\",\"item\":\"https:\\\/\\\/www.cidademarketing.com.br\\\/marketing\\\/\"},{\"@type\":\"ListItem\",\"position\":2,\"name\":\"MPF defende lei do Cear\u00e1 que pro\u00edbe a pulveriza\u00e7\u00e3o a\u00e9rea de agrot\u00f3xicos\"}]},{\"@type\":\"WebSite\",\"@id\":\"https:\\\/\\\/www.cidademarketing.com.br\\\/marketing\\\/#website\",\"url\":\"https:\\\/\\\/www.cidademarketing.com.br\\\/marketing\\\/\",\"name\":\"CidadeMarketing\",\"description\":\"Somos um ve\u00edculo de comunica\u00e7\u00e3o de destaque no Brasil, reconhecido por conte\u00fados nos segmentos de marketing, empreendedorismo e inova\u00e7\u00e3o.\",\"publisher\":{\"@id\":\"https:\\\/\\\/www.cidademarketing.com.br\\\/marketing\\\/#organization\"},\"alternateName\":\"CidadeMarketing\",\"potentialAction\":[{\"@type\":\"SearchAction\",\"target\":{\"@type\":\"EntryPoint\",\"urlTemplate\":\"https:\\\/\\\/www.cidademarketing.com.br\\\/marketing\\\/?s={search_term_string}\"},\"query-input\":{\"@type\":\"PropertyValueSpecification\",\"valueRequired\":true,\"valueName\":\"search_term_string\"}}],\"inLanguage\":\"pt-BR\"},{\"@type\":\"Organization\",\"@id\":\"https:\\\/\\\/www.cidademarketing.com.br\\\/marketing\\\/#organization\",\"name\":\"CidadeMarketing\",\"alternateName\":\"CidadeMarketing\",\"url\":\"https:\\\/\\\/www.cidademarketing.com.br\\\/marketing\\\/\",\"logo\":{\"@type\":\"ImageObject\",\"inLanguage\":\"pt-BR\",\"@id\":\"https:\\\/\\\/www.cidademarketing.com.br\\\/marketing\\\/#\\\/schema\\\/logo\\\/image\\\/\",\"url\":\"https:\\\/\\\/www.cidademarketing.com.br\\\/marketing\\\/wp-content\\\/uploads\\\/2020\\\/01\\\/cidademarketing_marca_mobile.png\",\"contentUrl\":\"https:\\\/\\\/www.cidademarketing.com.br\\\/marketing\\\/wp-content\\\/uploads\\\/2020\\\/01\\\/cidademarketing_marca_mobile.png\",\"width\":230,\"height\":92,\"caption\":\"CidadeMarketing\"},\"image\":{\"@id\":\"https:\\\/\\\/www.cidademarketing.com.br\\\/marketing\\\/#\\\/schema\\\/logo\\\/image\\\/\"},\"sameAs\":[\"https:\\\/\\\/www.facebook.com\\\/portalcidademarketing\",\"https:\\\/\\\/x.com\\\/CidadeMarketing\",\"https:\\\/\\\/www.instagram.com\\\/cidademarketing\\\/\"]},{\"@type\":\"Person\",\"@id\":\"https:\\\/\\\/www.cidademarketing.com.br\\\/marketing\\\/#\\\/schema\\\/person\\\/02daff9f18bd9378c9e01eb6b2db155f\",\"name\":\"Thales Brand\u00e3o\",\"image\":{\"@type\":\"ImageObject\",\"inLanguage\":\"pt-BR\",\"@id\":\"https:\\\/\\\/secure.gravatar.com\\\/avatar\\\/7ca3206950207cc3cb48feec56a8a7898741ab725c368d99d5d7a5a50aab80c6?s=96&d=mm&r=g\",\"url\":\"https:\\\/\\\/secure.gravatar.com\\\/avatar\\\/7ca3206950207cc3cb48feec56a8a7898741ab725c368d99d5d7a5a50aab80c6?s=96&d=mm&r=g\",\"contentUrl\":\"https:\\\/\\\/secure.gravatar.com\\\/avatar\\\/7ca3206950207cc3cb48feec56a8a7898741ab725c368d99d5d7a5a50aab80c6?s=96&d=mm&r=g\",\"caption\":\"Thales Brand\u00e3o\"},\"description\":\"Editor Executivo do Portal CidadeMarketing.com.br &gt; Mestre em Comunica\u00e7\u00e3o e Sociedade pela Universidade Federal de Sergipe. Possui MBA Executivo em Administra\u00e7\u00e3o com \u00eanfase em Marketing pela Funda\u00e7\u00e3o Get\u00falio Vargas - Rio de Janeiro. Consultor, Palestrante e Pesquisador sobre Empreendedorismo, Marketing, Redes Sociais e Neg\u00f3cios Digitais. Professor, Palestrante TedxTalks e Campus Party. Twitter: @ThalesBrandao\",\"sameAs\":[\"http:\\\/\\\/www.mandacaru.com.br\",\"https:\\\/\\\/www.facebook.com\\\/thalesbrandao\",\"http:\\\/\\\/www.instagram.com.br\\\/thalesbrandaoferreira\",\"https:\\\/\\\/www.linkedin.com\\\/in\\\/thales-brand\u00e3o-3948609\\\/\",\"https:\\\/\\\/x.com\\\/http:\\\/\\\/www.twitter.com\\\/thalesbrandao\"],\"url\":\"https:\\\/\\\/www.cidademarketing.com.br\\\/marketing\\\/author\\\/thalesbrandao\\\/\"}]}<\/script>\n<!-- \/ Yoast SEO plugin. -->","yoast_head_json":{"title":"MPF defende lei do Cear\u00e1 que pro\u00edbe a pulveriza\u00e7\u00e3o a\u00e9rea de agrot\u00f3xicos - CidadeMarketing","robots":{"index":"index","follow":"follow","max-snippet":"max-snippet:-1","max-image-preview":"max-image-preview:large","max-video-preview":"max-video-preview:-1"},"canonical":"https:\/\/www.cidademarketing.com.br\/marketing\/2019\/06\/21\/mpf-defende-lei-do-ceara-que-proibe-a-pulverizacao-aerea-de-agrotoxicos\/","og_locale":"pt_BR","og_type":"article","og_title":"MPF defende lei do Cear\u00e1 que pro\u00edbe a pulveriza\u00e7\u00e3o a\u00e9rea de agrot\u00f3xicos - CidadeMarketing","og_description":"O Grupo de Trabalho Agroecologia do Minist\u00e9rio P\u00fablico Federal (MPF) elaborou nota t\u00e9cnica em defesa da constitucionalidade da Lei estadual 16.820\/2019, que veda a pulveriza\u00e7\u00e3o a\u00e9rea de agrot\u00f3xicos no Cear\u00e1. A norma \u00e9 alvo de A\u00e7\u00e3o Direta de Inconstitucionalidade (ADI 6137\/CE) no Supremo Tribunal Federal (STF). Autora da a\u00e7\u00e3o, a Confedera\u00e7\u00e3o Nacional da Agricultura e [&hellip;]","og_url":"https:\/\/www.cidademarketing.com.br\/marketing\/2019\/06\/21\/mpf-defende-lei-do-ceara-que-proibe-a-pulverizacao-aerea-de-agrotoxicos\/","og_site_name":"CidadeMarketing","article_publisher":"https:\/\/www.facebook.com\/portalcidademarketing","article_author":"https:\/\/www.facebook.com\/thalesbrandao","article_published_time":"2019-06-21T11:05:16+00:00","article_modified_time":"2019-06-21T11:05:18+00:00","og_image":[{"width":754,"height":424,"url":"https:\/\/www.cidademarketing.com.br\/marketing\/wp-content\/uploads\/2019\/06\/cropped-cenipa_divulgacao.jpg","type":"image\/jpeg"}],"author":"Thales Brand\u00e3o","twitter_card":"summary_large_image","twitter_creator":"@http:\/\/www.twitter.com\/thalesbrandao","twitter_site":"@CidadeMarketing","twitter_misc":{"Escrito por":"Thales Brand\u00e3o","Est. tempo de leitura":"4 minutos"},"schema":{"@context":"https:\/\/schema.org","@graph":[{"@type":"Article","@id":"https:\/\/www.cidademarketing.com.br\/marketing\/2019\/06\/21\/mpf-defende-lei-do-ceara-que-proibe-a-pulverizacao-aerea-de-agrotoxicos\/#article","isPartOf":{"@id":"https:\/\/www.cidademarketing.com.br\/marketing\/2019\/06\/21\/mpf-defende-lei-do-ceara-que-proibe-a-pulverizacao-aerea-de-agrotoxicos\/"},"author":{"name":"Thales Brand\u00e3o","@id":"https:\/\/www.cidademarketing.com.br\/marketing\/#\/schema\/person\/02daff9f18bd9378c9e01eb6b2db155f"},"headline":"MPF defende lei do Cear\u00e1 que pro\u00edbe a pulveriza\u00e7\u00e3o a\u00e9rea de agrot\u00f3xicos","datePublished":"2019-06-21T11:05:16+00:00","dateModified":"2019-06-21T11:05:18+00:00","mainEntityOfPage":{"@id":"https:\/\/www.cidademarketing.com.br\/marketing\/2019\/06\/21\/mpf-defende-lei-do-ceara-que-proibe-a-pulverizacao-aerea-de-agrotoxicos\/"},"wordCount":812,"commentCount":0,"publisher":{"@id":"https:\/\/www.cidademarketing.com.br\/marketing\/#organization"},"image":{"@id":"https:\/\/www.cidademarketing.com.br\/marketing\/2019\/06\/21\/mpf-defende-lei-do-ceara-que-proibe-a-pulverizacao-aerea-de-agrotoxicos\/#primaryimage"},"thumbnailUrl":"https:\/\/www.cidademarketing.com.br\/marketing\/wp-content\/uploads\/2019\/06\/cropped-cenipa_divulgacao.jpg","keywords":["agrot\u00f3xicos","estrat\u00e9gia","marketing","MPF"],"articleSection":["Not\u00edcias"],"inLanguage":"pt-BR","potentialAction":[{"@type":"CommentAction","name":"Comment","target":["https:\/\/www.cidademarketing.com.br\/marketing\/2019\/06\/21\/mpf-defende-lei-do-ceara-que-proibe-a-pulverizacao-aerea-de-agrotoxicos\/#respond"]}]},{"@type":"WebPage","@id":"https:\/\/www.cidademarketing.com.br\/marketing\/2019\/06\/21\/mpf-defende-lei-do-ceara-que-proibe-a-pulverizacao-aerea-de-agrotoxicos\/","url":"https:\/\/www.cidademarketing.com.br\/marketing\/2019\/06\/21\/mpf-defende-lei-do-ceara-que-proibe-a-pulverizacao-aerea-de-agrotoxicos\/","name":"MPF defende lei do Cear\u00e1 que pro\u00edbe a pulveriza\u00e7\u00e3o a\u00e9rea de agrot\u00f3xicos - CidadeMarketing","isPartOf":{"@id":"https:\/\/www.cidademarketing.com.br\/marketing\/#website"},"primaryImageOfPage":{"@id":"https:\/\/www.cidademarketing.com.br\/marketing\/2019\/06\/21\/mpf-defende-lei-do-ceara-que-proibe-a-pulverizacao-aerea-de-agrotoxicos\/#primaryimage"},"image":{"@id":"https:\/\/www.cidademarketing.com.br\/marketing\/2019\/06\/21\/mpf-defende-lei-do-ceara-que-proibe-a-pulverizacao-aerea-de-agrotoxicos\/#primaryimage"},"thumbnailUrl":"https:\/\/www.cidademarketing.com.br\/marketing\/wp-content\/uploads\/2019\/06\/cropped-cenipa_divulgacao.jpg","datePublished":"2019-06-21T11:05:16+00:00","dateModified":"2019-06-21T11:05:18+00:00","breadcrumb":{"@id":"https:\/\/www.cidademarketing.com.br\/marketing\/2019\/06\/21\/mpf-defende-lei-do-ceara-que-proibe-a-pulverizacao-aerea-de-agrotoxicos\/#breadcrumb"},"inLanguage":"pt-BR","potentialAction":[{"@type":"ReadAction","target":["https:\/\/www.cidademarketing.com.br\/marketing\/2019\/06\/21\/mpf-defende-lei-do-ceara-que-proibe-a-pulverizacao-aerea-de-agrotoxicos\/"]}]},{"@type":"ImageObject","inLanguage":"pt-BR","@id":"https:\/\/www.cidademarketing.com.br\/marketing\/2019\/06\/21\/mpf-defende-lei-do-ceara-que-proibe-a-pulverizacao-aerea-de-agrotoxicos\/#primaryimage","url":"https:\/\/www.cidademarketing.com.br\/marketing\/wp-content\/uploads\/2019\/06\/cropped-cenipa_divulgacao.jpg","contentUrl":"https:\/\/www.cidademarketing.com.br\/marketing\/wp-content\/uploads\/2019\/06\/cropped-cenipa_divulgacao.jpg","width":754,"height":424},{"@type":"BreadcrumbList","@id":"https:\/\/www.cidademarketing.com.br\/marketing\/2019\/06\/21\/mpf-defende-lei-do-ceara-que-proibe-a-pulverizacao-aerea-de-agrotoxicos\/#breadcrumb","itemListElement":[{"@type":"ListItem","position":1,"name":"In\u00edcio","item":"https:\/\/www.cidademarketing.com.br\/marketing\/"},{"@type":"ListItem","position":2,"name":"MPF defende lei do Cear\u00e1 que pro\u00edbe a pulveriza\u00e7\u00e3o a\u00e9rea de agrot\u00f3xicos"}]},{"@type":"WebSite","@id":"https:\/\/www.cidademarketing.com.br\/marketing\/#website","url":"https:\/\/www.cidademarketing.com.br\/marketing\/","name":"CidadeMarketing","description":"Somos um ve\u00edculo de comunica\u00e7\u00e3o de destaque no Brasil, reconhecido por conte\u00fados nos segmentos de marketing, empreendedorismo e inova\u00e7\u00e3o.","publisher":{"@id":"https:\/\/www.cidademarketing.com.br\/marketing\/#organization"},"alternateName":"CidadeMarketing","potentialAction":[{"@type":"SearchAction","target":{"@type":"EntryPoint","urlTemplate":"https:\/\/www.cidademarketing.com.br\/marketing\/?s={search_term_string}"},"query-input":{"@type":"PropertyValueSpecification","valueRequired":true,"valueName":"search_term_string"}}],"inLanguage":"pt-BR"},{"@type":"Organization","@id":"https:\/\/www.cidademarketing.com.br\/marketing\/#organization","name":"CidadeMarketing","alternateName":"CidadeMarketing","url":"https:\/\/www.cidademarketing.com.br\/marketing\/","logo":{"@type":"ImageObject","inLanguage":"pt-BR","@id":"https:\/\/www.cidademarketing.com.br\/marketing\/#\/schema\/logo\/image\/","url":"https:\/\/www.cidademarketing.com.br\/marketing\/wp-content\/uploads\/2020\/01\/cidademarketing_marca_mobile.png","contentUrl":"https:\/\/www.cidademarketing.com.br\/marketing\/wp-content\/uploads\/2020\/01\/cidademarketing_marca_mobile.png","width":230,"height":92,"caption":"CidadeMarketing"},"image":{"@id":"https:\/\/www.cidademarketing.com.br\/marketing\/#\/schema\/logo\/image\/"},"sameAs":["https:\/\/www.facebook.com\/portalcidademarketing","https:\/\/x.com\/CidadeMarketing","https:\/\/www.instagram.com\/cidademarketing\/"]},{"@type":"Person","@id":"https:\/\/www.cidademarketing.com.br\/marketing\/#\/schema\/person\/02daff9f18bd9378c9e01eb6b2db155f","name":"Thales Brand\u00e3o","image":{"@type":"ImageObject","inLanguage":"pt-BR","@id":"https:\/\/secure.gravatar.com\/avatar\/7ca3206950207cc3cb48feec56a8a7898741ab725c368d99d5d7a5a50aab80c6?s=96&d=mm&r=g","url":"https:\/\/secure.gravatar.com\/avatar\/7ca3206950207cc3cb48feec56a8a7898741ab725c368d99d5d7a5a50aab80c6?s=96&d=mm&r=g","contentUrl":"https:\/\/secure.gravatar.com\/avatar\/7ca3206950207cc3cb48feec56a8a7898741ab725c368d99d5d7a5a50aab80c6?s=96&d=mm&r=g","caption":"Thales Brand\u00e3o"},"description":"Editor Executivo do Portal CidadeMarketing.com.br &gt; Mestre em Comunica\u00e7\u00e3o e Sociedade pela Universidade Federal de Sergipe. Possui MBA Executivo em Administra\u00e7\u00e3o com \u00eanfase em Marketing pela Funda\u00e7\u00e3o Get\u00falio Vargas - Rio de Janeiro. Consultor, Palestrante e Pesquisador sobre Empreendedorismo, Marketing, Redes Sociais e Neg\u00f3cios Digitais. Professor, Palestrante TedxTalks e Campus Party. Twitter: @ThalesBrandao","sameAs":["http:\/\/www.mandacaru.com.br","https:\/\/www.facebook.com\/thalesbrandao","http:\/\/www.instagram.com.br\/thalesbrandaoferreira","https:\/\/www.linkedin.com\/in\/thales-brand\u00e3o-3948609\/","https:\/\/x.com\/http:\/\/www.twitter.com\/thalesbrandao"],"url":"https:\/\/www.cidademarketing.com.br\/marketing\/author\/thalesbrandao\/"}]}},"amp_enabled":true,"_links":{"self":[{"href":"https:\/\/www.cidademarketing.com.br\/marketing\/wp-json\/wp\/v2\/posts\/9403","targetHints":{"allow":["GET"]}}],"collection":[{"href":"https:\/\/www.cidademarketing.com.br\/marketing\/wp-json\/wp\/v2\/posts"}],"about":[{"href":"https:\/\/www.cidademarketing.com.br\/marketing\/wp-json\/wp\/v2\/types\/post"}],"author":[{"embeddable":true,"href":"https:\/\/www.cidademarketing.com.br\/marketing\/wp-json\/wp\/v2\/users\/1"}],"replies":[{"embeddable":true,"href":"https:\/\/www.cidademarketing.com.br\/marketing\/wp-json\/wp\/v2\/comments?post=9403"}],"version-history":[{"count":1,"href":"https:\/\/www.cidademarketing.com.br\/marketing\/wp-json\/wp\/v2\/posts\/9403\/revisions"}],"predecessor-version":[{"id":9406,"href":"https:\/\/www.cidademarketing.com.br\/marketing\/wp-json\/wp\/v2\/posts\/9403\/revisions\/9406"}],"wp:featuredmedia":[{"embeddable":true,"href":"https:\/\/www.cidademarketing.com.br\/marketing\/wp-json\/wp\/v2\/media\/9405"}],"wp:attachment":[{"href":"https:\/\/www.cidademarketing.com.br\/marketing\/wp-json\/wp\/v2\/media?parent=9403"}],"wp:term":[{"taxonomy":"category","embeddable":true,"href":"https:\/\/www.cidademarketing.com.br\/marketing\/wp-json\/wp\/v2\/categories?post=9403"},{"taxonomy":"post_tag","embeddable":true,"href":"https:\/\/www.cidademarketing.com.br\/marketing\/wp-json\/wp\/v2\/tags?post=9403"}],"curies":[{"name":"wp","href":"https:\/\/api.w.org\/{rel}","templated":true}]}}