{"id":9302,"date":"2019-06-19T02:50:47","date_gmt":"2019-06-18T22:50:47","guid":{"rendered":"https:\/\/www.cidademarketing.com.br\/marketing\/?p=9302"},"modified":"2019-06-19T02:50:51","modified_gmt":"2019-06-18T22:50:51","slug":"saiba-o-que-a-uber-preparou-para-o-mes-do-orgulho-lgbtqia-2019","status":"publish","type":"post","link":"https:\/\/www.cidademarketing.com.br\/marketing\/2019\/06\/19\/saiba-o-que-a-uber-preparou-para-o-mes-do-orgulho-lgbtqia-2019\/","title":{"rendered":"Saiba o que a Uber preparou para o m\u00eas do Orgulho LGBTQIA+ 2019"},"content":{"rendered":"\n<p>A Uber,\npatrocinadora oficial da 23\u00aa Parada do Orgulho LGBTQIA+, levar\u00e1 13 atra\u00e7\u00f5es \u00e0\nAvenida Paulista durante o evento deste ano. O grande n\u00famero de artistas tem\numa raz\u00e3o: representar todas as bandeiras identit\u00e1rias da Parada. A ideia \u00e9 dar\nvisibilidade aos grupos e causas que formam a bandeira LGBTQIA+. Uber Eats vai\nter uma ativa\u00e7\u00e3o com as bandeiras na frente do Center 3.<\/p>\n\n\n\n<p>As bandeiras\nGay, Trans, L\u00e9sbica, Queer, Ag\u00eanero, G\u00eanero Fl\u00faido, N\u00e3o Bin\u00e1rio, Intersex,\nAssexual, Bissexual, Panssexual, Polissexual estar\u00e3o representadas n\u00e3o apenas\npelos atra\u00e7\u00f5es, mas tamb\u00e9m nas outras a\u00e7\u00f5es da empresa. Promo\u00e7\u00f5es,\ninterven\u00e7\u00f5es, e campanhas v\u00e3o destacar as bandeiras como forma de educar o\np\u00fablico sobre toda a diversidade do movimento LGBTQIA+ e fazer com que as\npessoas atentem para as diferen\u00e7as entre eles.<\/p>\n\n\n\n<p>Para\nrepresentar a causa gay, Mateus Carrillho \u00e9 quem subir\u00e1 ao trio; a causa trans\nestar\u00e1 presente por meio de Candy Mel; as l\u00e9sbicas ser\u00e3o representadas por Bia\nFerreira; o grupo de queer por Lia Clark; as pessoas ag\u00eanero por Triz; g\u00eanero\nfl\u00faido por Dudu Bertholini, que ser\u00e1 o mestre de cerim\u00f4nias ; n\u00e3o-bin\u00e1rio ter\u00e1\ncomo representante Jaloo; interssexual por Dionne Freitas ; assexual por Cup;\nbissexual Karol Conk\u00e1; panssexual Dr\u00edade Aguiar ; e polisexual Mulher Pepita.\nBruna Linzmeyer tamb\u00e9m marcar\u00e1 presen\u00e7a. Como aliada da causa, a cantora Alinne\nRosa tamb\u00e9m vai animar o trio. &nbsp;Fernando Cozendey foi convidado para fazer\no figurino e vai vestir todas as atra\u00e7\u00f5es, cada uma nas cores da bandeira que\nrepresenta.<\/p>\n\n\n\n<p>&#8220;Na Uber,\ncelebramos a diversidade, o respeito e apoiamos essas causas como parte da\nnossa cultura. \u00c9 parte da hist\u00f3ria que estamos construindo. E esse ano queremos\ndar mais visibilidade ao grupos identit\u00e1rios que formam esse grupo de pessoas\nque nomeamos de LGBTQIA+. H\u00e1 12 bandeiras representadas nessa Parada e queremos\najudar as pessoas a reconhec\u00ea-las e identificar suas diferen\u00e7as, suas demandas,\nsuas lutas e desafios&#8221;, explica Ana Pellegrini, l\u00edder de diversidade da\nUber no Brasil.<\/p>\n\n\n\n<p>A visibilidade \u00e0s bandeiras \u00e9 parte da campanha #VamosComOrgulho, que vai permear as a\u00e7\u00f5es das marcas Uber e UberEats nas a\u00e7\u00f5es de suporte e visibilidade \u00e0s causas LGBTQIA+. Com os desdobramentos &#8216;Orgulho em todas as Cores&#8217; e &#8216;delivery em todas as cores&#8217;, a empresa vai entregar as bandeiras ao p\u00fablico da parada, mas tamb\u00e9m ao p\u00fablico da empresa, interno e externo, ao longo de todo o ano.<\/p>\n\n\n\n<figure class=\"wp-block-video\"><video controls src=\"blob:https:\/\/www.cidademarketing.com.br\/e6993c80-ab09-4766-89bd-b4b1b6206ab9\"><\/video><\/figure>\n\n\n\n<p><br>\nOs funcion\u00e1rios da empresa tamb\u00e9m v\u00e3o marcar presen\u00e7a na parada em um dos\ntrios. No Brasil, o UberPride, grupo volunt\u00e1rio que defende a diversidade na\nempresa, j\u00e1 chega a 21% da sua for\u00e7a de trabalho &#8211; e estar\u00e3o bem representados\nna maior parada do Orgulho LGBTQIA+ do mundo.<\/p>\n\n\n\n<p>O aplicativo\nainda usar\u00e1 as rainbow routes que v\u00e3o colorir com as cores do arco-\u00edris todos\nos trajetos de viagens. Motoristas e usu\u00e1rios tamb\u00e9m receber\u00e3o p\u00edlulas de\ninforma\u00e7\u00e3o enviadas pelo pr\u00f3prio app.<\/p>\n\n\n\n<p>Programa de\noportunidades para LGBTQIA+ em situa\u00e7\u00e3o de vulnerabilidade<\/p>\n\n\n\n<p>A empresa\nainda est\u00e1 preparando uma plataforma de assist\u00eancia para pessoas LGBTQIA+ em\nsitua\u00e7\u00e3o de vulnerabilidade no app. A Uber foi uma das primeiras empresas a\npermitir, no Brasil, a inscri\u00e7\u00e3o de transsexuais com o nome social sem\nprocessos jur\u00eddicos ou burocracia. Agora, mais que isso, a empresa vai\ntrabalhar junto com institui\u00e7\u00f5es e ONGs para garantir o ingresso mais tranquilo\nde pessoas LGBTQIA+ seja como motoristas parceiros ou entregadores.<\/p>\n\n\n\n<p><strong>C\u00f3digos\npromocionais para combater o preconceito<\/strong><\/p>\n\n\n\n<p>Esta\u00e7\u00f5es de\nMetr\u00f4 receber\u00e3o interven\u00e7\u00f5es com pain\u00e9is gigantes das 12 bandeiras\nrepresentadas durante a Parada. Com o tema &#8220;Orgulho em todas as\ncores&#8221;, a empresa vai disponibilizar post-its com c\u00f3digos com 15% de\ndesconto para quem usar a Uber como complemento ao trajeto para ir ou voltar da\nParada. Uber Eats tamb\u00e9m contar\u00e1 com uma promo\u00e7\u00e3o semelhante. A ideia \u00e9\nutilizar promocodes que afirmam o orgulho das bandeiras para desafiar o p\u00fablico\nem geral a passar por cima dos seus preconceitos.<\/p>\n\n\n\n<p>No quesito\nmobilidade, a ideia \u00e9 que as pessoas n\u00e3o usem Uber at\u00e9 o local da Parada, mas\nat\u00e9 uma esta\u00e7\u00e3o de metr\u00f4 e, da\u00ed de transporte p\u00fablico at\u00e9 a Avenida Paulista. O\nobjetivo \u00e9 estimular as &nbsp;pessoas a se locomoverem de forma mais\ninteligente pela cidade. A empresa vai aproveitar o dia do evento, que domina\numa \u00e1rea importante e central, para estimular essa cultura por meio de\ndescontos.<\/p>\n\n\n\n<p><strong>Eats\nna Parada<\/strong><\/p>\n\n\n\n<p>A Uber Eats\nvai levar \u00e0 Paulista durante o evento uma instala\u00e7\u00e3o localizada na frente do\nShopping Center 3. A a\u00e7\u00e3o da marca no evento \u00e9 parte da estrat\u00e9gia de\nintegra\u00e7\u00e3o e fortalecimento da Uber como uma plataforma no Brasil.<\/p>\n\n\n\n<p>Dentro, o\np\u00fablico encontrar\u00e1 espelhos gigantes com imagens de todas as 12 bandeiras\nrepresentadas na Parada. E quilos de glitter biodegrad\u00e1vel &nbsp;na cor de cada\numa delas. Os participantes v\u00e3o entrar por um lado da instala\u00e7\u00e3o e sair pelo\noutro: maquiados ou munidos de glitter biodegrad\u00e1vel &nbsp;para fazer suas\npr\u00f3prias maquiagens. A interven\u00e7\u00e3o ser\u00e1 gratuita e n\u00e3o vai precisar de\ninscri\u00e7\u00e3o.<\/p>\n\n\n\n<p>O espa\u00e7o\ntamb\u00e9m contar\u00e1 com promotores vestidos nas cores de cada bandeira e informa\u00e7\u00f5es\neducativas para dar visibilidade a cada um dos grupos.<\/p>\n\n\n\n<p><strong>SOBRE\nO COMPROMISSO DA UBER COM A DIVERSIDADE<\/strong><\/p>\n\n\n\n<p>O respeito e o\napoio \u00e0 diversidade est\u00e3o no DNA da Uber, que nasceu em S\u00e3o Francisco \u2013 ber\u00e7o\nmundial dos movimentos afirmativos. &nbsp;Recrutamento e reten\u00e7\u00e3o de pessoas\nLGBTQ+ \u00e9 uma prioridade que vem dando certo globalmente: de acordo com uma\npesquisa feita com funcion\u00e1rios no mundo todo, em 2017, 15% dos empregados\nespontaneamente se declararam LGBTQ+. &nbsp;A Uber tamb\u00e9m foi eleita pela Human\nRights Campaign Foundation como uma das 100 melhores empresas para trabalhar\npara pessoas da comunidade LGBTQ+.<\/p>\n\n\n\n<p><strong>Dados\ne fatos sobre o apoio da Uber \u00e0 causa LGBTQIA+:<\/strong><\/p>\n\n\n\n<ul class=\"wp-block-list\"><li>A Uber \u00e9 signat\u00e1ria do F\u00f3rum de Empresas e      Direitos LGBT, aderindo aos<a href=\"https:\/\/urldefense.proofpoint.com\/v2\/url?u=http-3A__www.forumempresaslgbt.com_10-2Dcompromissos_&amp;d=DwMGaQ&amp;c=5oszCido4egZ9x-32Pvn-g&amp;r=0MqLPT6sBDt2Ta1A3IbotmOiS5KwlcCQE6_pC9nAEsM&amp;m=yBBPipzhXm7Tso5H8Be7TUVvtUF2N_D7x-N27d5Ac0M&amp;s=7YsuBOcPNSnp7h1f7EyxG0OX82RFgqW8UDbjxDDqLgw&amp;e=\" target=\"_blank\" rel=\"noreferrer noopener\" aria-label=\" (abre numa nova aba)\">      10 Compromissos para promover os Direitos LGBT<\/a>. \u00c9 parte tamb\u00e9m      \u00a0do grupo de empresas que aderiram aos Padr\u00f5es de Conduta da ONU para      Enfrentar a Discrimina\u00e7\u00e3o Contras Pessoas LGBT no Ambiente de Trabalho.<\/li><li>\u00a0Faz      a\u00e7\u00f5es de sensibiliza\u00e7\u00e3o para motoristas parceiros. Nos \u00faltimos anos,      distribuiu 150 mil cartilhas propondo um c\u00f3digo de conduta baseado no      respeito. Pelo aplicativo, continua veiculando para os 600 mil motoristas      ativos e 22 milh\u00f5es de usu\u00e1rios p\u00edlulas de informa\u00e7\u00e3o que t\u00eam esse mesmo      prop\u00f3sito: incentivar o respeito \u00e0 diversidade.\u00a0\u00a0<\/li><li>No Carnaval, veiculou nas redes sociais      campanha contra o ass\u00e9dio e a discrimina\u00e7\u00e3o, com distribui\u00e7\u00e3o de material      educativo para todos os motoristas parceiros ativos no pa\u00eds.<\/li><\/ul>\n","protected":false},"excerpt":{"rendered":"<p>A Uber, patrocinadora oficial da 23\u00aa Parada do Orgulho LGBTQIA+, levar\u00e1 13 atra\u00e7\u00f5es \u00e0 Avenida Paulista durante o evento deste ano. O grande n\u00famero de artistas tem uma raz\u00e3o: representar todas as bandeiras identit\u00e1rias da Parada. A ideia \u00e9 dar visibilidade aos grupos e causas que formam a bandeira LGBTQIA+. Uber Eats vai ter uma [&hellip;]<\/p>\n","protected":false},"author":1,"featured_media":9303,"comment_status":"open","ping_status":"open","sticky":false,"template":"","format":"standard","meta":{"tdm_status":"","tdm_grid_status":"","footnotes":""},"categories":[6],"tags":[2014,28,74],"class_list":["post-9302","post","type-post","status-publish","format-standard","has-post-thumbnail","hentry","category-noticias","tag-lgbtqia","tag-marketing","tag-uber"],"yoast_head":"<!-- This site is optimized with the Yoast SEO plugin v27.5 - https:\/\/yoast.com\/product\/yoast-seo-wordpress\/ -->\n<title>Saiba o que a Uber preparou para o m\u00eas do Orgulho LGBTQIA+ 2019 - CidadeMarketing<\/title>\n<meta name=\"robots\" content=\"index, follow, max-snippet:-1, max-image-preview:large, max-video-preview:-1\" \/>\n<link rel=\"canonical\" href=\"https:\/\/www.cidademarketing.com.br\/marketing\/2019\/06\/19\/saiba-o-que-a-uber-preparou-para-o-mes-do-orgulho-lgbtqia-2019\/\" \/>\n<meta property=\"og:locale\" content=\"pt_BR\" \/>\n<meta property=\"og:type\" content=\"article\" \/>\n<meta property=\"og:title\" content=\"Saiba o que a Uber preparou para o m\u00eas do Orgulho LGBTQIA+ 2019 - CidadeMarketing\" \/>\n<meta property=\"og:description\" content=\"A Uber, patrocinadora oficial da 23\u00aa Parada do Orgulho LGBTQIA+, levar\u00e1 13 atra\u00e7\u00f5es \u00e0 Avenida Paulista durante o evento deste ano. O grande n\u00famero de artistas tem uma raz\u00e3o: representar todas as bandeiras identit\u00e1rias da Parada. A ideia \u00e9 dar visibilidade aos grupos e causas que formam a bandeira LGBTQIA+. Uber Eats vai ter uma [&hellip;]\" \/>\n<meta property=\"og:url\" content=\"https:\/\/www.cidademarketing.com.br\/marketing\/2019\/06\/19\/saiba-o-que-a-uber-preparou-para-o-mes-do-orgulho-lgbtqia-2019\/\" \/>\n<meta property=\"og:site_name\" content=\"CidadeMarketing\" \/>\n<meta property=\"article:publisher\" content=\"https:\/\/www.facebook.com\/portalcidademarketing\" \/>\n<meta property=\"article:author\" content=\"https:\/\/www.facebook.com\/thalesbrandao\" \/>\n<meta property=\"article:published_time\" content=\"2019-06-18T22:50:47+00:00\" \/>\n<meta property=\"article:modified_time\" content=\"2019-06-18T22:50:51+00:00\" \/>\n<meta property=\"og:image\" content=\"https:\/\/www.cidademarketing.com.br\/marketing\/wp-content\/uploads\/2019\/06\/uber_lgbts.jpg\" \/>\n\t<meta property=\"og:image:width\" content=\"1820\" \/>\n\t<meta property=\"og:image:height\" content=\"791\" \/>\n\t<meta property=\"og:image:type\" content=\"image\/jpeg\" \/>\n<meta name=\"author\" content=\"Thales Brand\u00e3o\" \/>\n<meta name=\"twitter:card\" content=\"summary_large_image\" \/>\n<meta name=\"twitter:creator\" content=\"@http:\/\/www.twitter.com\/thalesbrandao\" \/>\n<meta name=\"twitter:site\" content=\"@CidadeMarketing\" \/>\n<meta name=\"twitter:label1\" content=\"Escrito por\" \/>\n\t<meta name=\"twitter:data1\" content=\"Thales Brand\u00e3o\" \/>\n\t<meta name=\"twitter:label2\" content=\"Est. tempo de leitura\" \/>\n\t<meta name=\"twitter:data2\" content=\"6 minutos\" \/>\n<script type=\"application\/ld+json\" class=\"yoast-schema-graph\">{\"@context\":\"https:\\\/\\\/schema.org\",\"@graph\":[{\"@type\":\"Article\",\"@id\":\"https:\\\/\\\/www.cidademarketing.com.br\\\/marketing\\\/2019\\\/06\\\/19\\\/saiba-o-que-a-uber-preparou-para-o-mes-do-orgulho-lgbtqia-2019\\\/#article\",\"isPartOf\":{\"@id\":\"https:\\\/\\\/www.cidademarketing.com.br\\\/marketing\\\/2019\\\/06\\\/19\\\/saiba-o-que-a-uber-preparou-para-o-mes-do-orgulho-lgbtqia-2019\\\/\"},\"author\":{\"name\":\"Thales Brand\u00e3o\",\"@id\":\"https:\\\/\\\/www.cidademarketing.com.br\\\/marketing\\\/#\\\/schema\\\/person\\\/02daff9f18bd9378c9e01eb6b2db155f\"},\"headline\":\"Saiba o que a Uber preparou para o m\u00eas do Orgulho LGBTQIA+ 2019\",\"datePublished\":\"2019-06-18T22:50:47+00:00\",\"dateModified\":\"2019-06-18T22:50:51+00:00\",\"mainEntityOfPage\":{\"@id\":\"https:\\\/\\\/www.cidademarketing.com.br\\\/marketing\\\/2019\\\/06\\\/19\\\/saiba-o-que-a-uber-preparou-para-o-mes-do-orgulho-lgbtqia-2019\\\/\"},\"wordCount\":1150,\"commentCount\":0,\"publisher\":{\"@id\":\"https:\\\/\\\/www.cidademarketing.com.br\\\/marketing\\\/#organization\"},\"image\":{\"@id\":\"https:\\\/\\\/www.cidademarketing.com.br\\\/marketing\\\/2019\\\/06\\\/19\\\/saiba-o-que-a-uber-preparou-para-o-mes-do-orgulho-lgbtqia-2019\\\/#primaryimage\"},\"thumbnailUrl\":\"https:\\\/\\\/www.cidademarketing.com.br\\\/marketing\\\/wp-content\\\/uploads\\\/2019\\\/06\\\/uber_lgbts.jpg\",\"keywords\":[\"LGBTQIA+\",\"marketing\",\"Uber\"],\"articleSection\":[\"Not\u00edcias\"],\"inLanguage\":\"pt-BR\",\"potentialAction\":[{\"@type\":\"CommentAction\",\"name\":\"Comment\",\"target\":[\"https:\\\/\\\/www.cidademarketing.com.br\\\/marketing\\\/2019\\\/06\\\/19\\\/saiba-o-que-a-uber-preparou-para-o-mes-do-orgulho-lgbtqia-2019\\\/#respond\"]}]},{\"@type\":\"WebPage\",\"@id\":\"https:\\\/\\\/www.cidademarketing.com.br\\\/marketing\\\/2019\\\/06\\\/19\\\/saiba-o-que-a-uber-preparou-para-o-mes-do-orgulho-lgbtqia-2019\\\/\",\"url\":\"https:\\\/\\\/www.cidademarketing.com.br\\\/marketing\\\/2019\\\/06\\\/19\\\/saiba-o-que-a-uber-preparou-para-o-mes-do-orgulho-lgbtqia-2019\\\/\",\"name\":\"Saiba o que a Uber preparou para o m\u00eas do Orgulho LGBTQIA+ 2019 - CidadeMarketing\",\"isPartOf\":{\"@id\":\"https:\\\/\\\/www.cidademarketing.com.br\\\/marketing\\\/#website\"},\"primaryImageOfPage\":{\"@id\":\"https:\\\/\\\/www.cidademarketing.com.br\\\/marketing\\\/2019\\\/06\\\/19\\\/saiba-o-que-a-uber-preparou-para-o-mes-do-orgulho-lgbtqia-2019\\\/#primaryimage\"},\"image\":{\"@id\":\"https:\\\/\\\/www.cidademarketing.com.br\\\/marketing\\\/2019\\\/06\\\/19\\\/saiba-o-que-a-uber-preparou-para-o-mes-do-orgulho-lgbtqia-2019\\\/#primaryimage\"},\"thumbnailUrl\":\"https:\\\/\\\/www.cidademarketing.com.br\\\/marketing\\\/wp-content\\\/uploads\\\/2019\\\/06\\\/uber_lgbts.jpg\",\"datePublished\":\"2019-06-18T22:50:47+00:00\",\"dateModified\":\"2019-06-18T22:50:51+00:00\",\"breadcrumb\":{\"@id\":\"https:\\\/\\\/www.cidademarketing.com.br\\\/marketing\\\/2019\\\/06\\\/19\\\/saiba-o-que-a-uber-preparou-para-o-mes-do-orgulho-lgbtqia-2019\\\/#breadcrumb\"},\"inLanguage\":\"pt-BR\",\"potentialAction\":[{\"@type\":\"ReadAction\",\"target\":[\"https:\\\/\\\/www.cidademarketing.com.br\\\/marketing\\\/2019\\\/06\\\/19\\\/saiba-o-que-a-uber-preparou-para-o-mes-do-orgulho-lgbtqia-2019\\\/\"]}]},{\"@type\":\"ImageObject\",\"inLanguage\":\"pt-BR\",\"@id\":\"https:\\\/\\\/www.cidademarketing.com.br\\\/marketing\\\/2019\\\/06\\\/19\\\/saiba-o-que-a-uber-preparou-para-o-mes-do-orgulho-lgbtqia-2019\\\/#primaryimage\",\"url\":\"https:\\\/\\\/www.cidademarketing.com.br\\\/marketing\\\/wp-content\\\/uploads\\\/2019\\\/06\\\/uber_lgbts.jpg\",\"contentUrl\":\"https:\\\/\\\/www.cidademarketing.com.br\\\/marketing\\\/wp-content\\\/uploads\\\/2019\\\/06\\\/uber_lgbts.jpg\",\"width\":1820,\"height\":791,\"caption\":\"Reprodu\u00e7\u00e3o\"},{\"@type\":\"BreadcrumbList\",\"@id\":\"https:\\\/\\\/www.cidademarketing.com.br\\\/marketing\\\/2019\\\/06\\\/19\\\/saiba-o-que-a-uber-preparou-para-o-mes-do-orgulho-lgbtqia-2019\\\/#breadcrumb\",\"itemListElement\":[{\"@type\":\"ListItem\",\"position\":1,\"name\":\"In\u00edcio\",\"item\":\"https:\\\/\\\/www.cidademarketing.com.br\\\/marketing\\\/\"},{\"@type\":\"ListItem\",\"position\":2,\"name\":\"Saiba o que a Uber preparou para o m\u00eas do Orgulho LGBTQIA+ 2019\"}]},{\"@type\":\"WebSite\",\"@id\":\"https:\\\/\\\/www.cidademarketing.com.br\\\/marketing\\\/#website\",\"url\":\"https:\\\/\\\/www.cidademarketing.com.br\\\/marketing\\\/\",\"name\":\"CidadeMarketing\",\"description\":\"Somos um ve\u00edculo de comunica\u00e7\u00e3o de destaque no Brasil, reconhecido por conte\u00fados nos segmentos de marketing, empreendedorismo e inova\u00e7\u00e3o.\",\"publisher\":{\"@id\":\"https:\\\/\\\/www.cidademarketing.com.br\\\/marketing\\\/#organization\"},\"alternateName\":\"CidadeMarketing\",\"potentialAction\":[{\"@type\":\"SearchAction\",\"target\":{\"@type\":\"EntryPoint\",\"urlTemplate\":\"https:\\\/\\\/www.cidademarketing.com.br\\\/marketing\\\/?s={search_term_string}\"},\"query-input\":{\"@type\":\"PropertyValueSpecification\",\"valueRequired\":true,\"valueName\":\"search_term_string\"}}],\"inLanguage\":\"pt-BR\"},{\"@type\":\"Organization\",\"@id\":\"https:\\\/\\\/www.cidademarketing.com.br\\\/marketing\\\/#organization\",\"name\":\"CidadeMarketing\",\"alternateName\":\"CidadeMarketing\",\"url\":\"https:\\\/\\\/www.cidademarketing.com.br\\\/marketing\\\/\",\"logo\":{\"@type\":\"ImageObject\",\"inLanguage\":\"pt-BR\",\"@id\":\"https:\\\/\\\/www.cidademarketing.com.br\\\/marketing\\\/#\\\/schema\\\/logo\\\/image\\\/\",\"url\":\"https:\\\/\\\/www.cidademarketing.com.br\\\/marketing\\\/wp-content\\\/uploads\\\/2020\\\/01\\\/cidademarketing_marca_mobile.png\",\"contentUrl\":\"https:\\\/\\\/www.cidademarketing.com.br\\\/marketing\\\/wp-content\\\/uploads\\\/2020\\\/01\\\/cidademarketing_marca_mobile.png\",\"width\":230,\"height\":92,\"caption\":\"CidadeMarketing\"},\"image\":{\"@id\":\"https:\\\/\\\/www.cidademarketing.com.br\\\/marketing\\\/#\\\/schema\\\/logo\\\/image\\\/\"},\"sameAs\":[\"https:\\\/\\\/www.facebook.com\\\/portalcidademarketing\",\"https:\\\/\\\/x.com\\\/CidadeMarketing\",\"https:\\\/\\\/www.instagram.com\\\/cidademarketing\\\/\"]},{\"@type\":\"Person\",\"@id\":\"https:\\\/\\\/www.cidademarketing.com.br\\\/marketing\\\/#\\\/schema\\\/person\\\/02daff9f18bd9378c9e01eb6b2db155f\",\"name\":\"Thales Brand\u00e3o\",\"image\":{\"@type\":\"ImageObject\",\"inLanguage\":\"pt-BR\",\"@id\":\"https:\\\/\\\/secure.gravatar.com\\\/avatar\\\/7ca3206950207cc3cb48feec56a8a7898741ab725c368d99d5d7a5a50aab80c6?s=96&d=mm&r=g\",\"url\":\"https:\\\/\\\/secure.gravatar.com\\\/avatar\\\/7ca3206950207cc3cb48feec56a8a7898741ab725c368d99d5d7a5a50aab80c6?s=96&d=mm&r=g\",\"contentUrl\":\"https:\\\/\\\/secure.gravatar.com\\\/avatar\\\/7ca3206950207cc3cb48feec56a8a7898741ab725c368d99d5d7a5a50aab80c6?s=96&d=mm&r=g\",\"caption\":\"Thales Brand\u00e3o\"},\"description\":\"Editor Executivo do Portal CidadeMarketing.com.br &gt; Mestre em Comunica\u00e7\u00e3o e Sociedade pela Universidade Federal de Sergipe. Possui MBA Executivo em Administra\u00e7\u00e3o com \u00eanfase em Marketing pela Funda\u00e7\u00e3o Get\u00falio Vargas - Rio de Janeiro. Consultor, Palestrante e Pesquisador sobre Empreendedorismo, Marketing, Redes Sociais e Neg\u00f3cios Digitais. Professor, Palestrante TedxTalks e Campus Party. Twitter: @ThalesBrandao\",\"sameAs\":[\"http:\\\/\\\/www.mandacaru.com.br\",\"https:\\\/\\\/www.facebook.com\\\/thalesbrandao\",\"http:\\\/\\\/www.instagram.com.br\\\/thalesbrandaoferreira\",\"https:\\\/\\\/www.linkedin.com\\\/in\\\/thales-brand\u00e3o-3948609\\\/\",\"https:\\\/\\\/x.com\\\/http:\\\/\\\/www.twitter.com\\\/thalesbrandao\"],\"url\":\"https:\\\/\\\/www.cidademarketing.com.br\\\/marketing\\\/author\\\/thalesbrandao\\\/\"}]}<\/script>\n<!-- \/ Yoast SEO plugin. -->","yoast_head_json":{"title":"Saiba o que a Uber preparou para o m\u00eas do Orgulho LGBTQIA+ 2019 - CidadeMarketing","robots":{"index":"index","follow":"follow","max-snippet":"max-snippet:-1","max-image-preview":"max-image-preview:large","max-video-preview":"max-video-preview:-1"},"canonical":"https:\/\/www.cidademarketing.com.br\/marketing\/2019\/06\/19\/saiba-o-que-a-uber-preparou-para-o-mes-do-orgulho-lgbtqia-2019\/","og_locale":"pt_BR","og_type":"article","og_title":"Saiba o que a Uber preparou para o m\u00eas do Orgulho LGBTQIA+ 2019 - CidadeMarketing","og_description":"A Uber, patrocinadora oficial da 23\u00aa Parada do Orgulho LGBTQIA+, levar\u00e1 13 atra\u00e7\u00f5es \u00e0 Avenida Paulista durante o evento deste ano. O grande n\u00famero de artistas tem uma raz\u00e3o: representar todas as bandeiras identit\u00e1rias da Parada. A ideia \u00e9 dar visibilidade aos grupos e causas que formam a bandeira LGBTQIA+. Uber Eats vai ter uma [&hellip;]","og_url":"https:\/\/www.cidademarketing.com.br\/marketing\/2019\/06\/19\/saiba-o-que-a-uber-preparou-para-o-mes-do-orgulho-lgbtqia-2019\/","og_site_name":"CidadeMarketing","article_publisher":"https:\/\/www.facebook.com\/portalcidademarketing","article_author":"https:\/\/www.facebook.com\/thalesbrandao","article_published_time":"2019-06-18T22:50:47+00:00","article_modified_time":"2019-06-18T22:50:51+00:00","og_image":[{"width":1820,"height":791,"url":"https:\/\/www.cidademarketing.com.br\/marketing\/wp-content\/uploads\/2019\/06\/uber_lgbts.jpg","type":"image\/jpeg"}],"author":"Thales Brand\u00e3o","twitter_card":"summary_large_image","twitter_creator":"@http:\/\/www.twitter.com\/thalesbrandao","twitter_site":"@CidadeMarketing","twitter_misc":{"Escrito por":"Thales Brand\u00e3o","Est. tempo de leitura":"6 minutos"},"schema":{"@context":"https:\/\/schema.org","@graph":[{"@type":"Article","@id":"https:\/\/www.cidademarketing.com.br\/marketing\/2019\/06\/19\/saiba-o-que-a-uber-preparou-para-o-mes-do-orgulho-lgbtqia-2019\/#article","isPartOf":{"@id":"https:\/\/www.cidademarketing.com.br\/marketing\/2019\/06\/19\/saiba-o-que-a-uber-preparou-para-o-mes-do-orgulho-lgbtqia-2019\/"},"author":{"name":"Thales Brand\u00e3o","@id":"https:\/\/www.cidademarketing.com.br\/marketing\/#\/schema\/person\/02daff9f18bd9378c9e01eb6b2db155f"},"headline":"Saiba o que a Uber preparou para o m\u00eas do Orgulho LGBTQIA+ 2019","datePublished":"2019-06-18T22:50:47+00:00","dateModified":"2019-06-18T22:50:51+00:00","mainEntityOfPage":{"@id":"https:\/\/www.cidademarketing.com.br\/marketing\/2019\/06\/19\/saiba-o-que-a-uber-preparou-para-o-mes-do-orgulho-lgbtqia-2019\/"},"wordCount":1150,"commentCount":0,"publisher":{"@id":"https:\/\/www.cidademarketing.com.br\/marketing\/#organization"},"image":{"@id":"https:\/\/www.cidademarketing.com.br\/marketing\/2019\/06\/19\/saiba-o-que-a-uber-preparou-para-o-mes-do-orgulho-lgbtqia-2019\/#primaryimage"},"thumbnailUrl":"https:\/\/www.cidademarketing.com.br\/marketing\/wp-content\/uploads\/2019\/06\/uber_lgbts.jpg","keywords":["LGBTQIA+","marketing","Uber"],"articleSection":["Not\u00edcias"],"inLanguage":"pt-BR","potentialAction":[{"@type":"CommentAction","name":"Comment","target":["https:\/\/www.cidademarketing.com.br\/marketing\/2019\/06\/19\/saiba-o-que-a-uber-preparou-para-o-mes-do-orgulho-lgbtqia-2019\/#respond"]}]},{"@type":"WebPage","@id":"https:\/\/www.cidademarketing.com.br\/marketing\/2019\/06\/19\/saiba-o-que-a-uber-preparou-para-o-mes-do-orgulho-lgbtqia-2019\/","url":"https:\/\/www.cidademarketing.com.br\/marketing\/2019\/06\/19\/saiba-o-que-a-uber-preparou-para-o-mes-do-orgulho-lgbtqia-2019\/","name":"Saiba o que a Uber preparou para o m\u00eas do Orgulho LGBTQIA+ 2019 - CidadeMarketing","isPartOf":{"@id":"https:\/\/www.cidademarketing.com.br\/marketing\/#website"},"primaryImageOfPage":{"@id":"https:\/\/www.cidademarketing.com.br\/marketing\/2019\/06\/19\/saiba-o-que-a-uber-preparou-para-o-mes-do-orgulho-lgbtqia-2019\/#primaryimage"},"image":{"@id":"https:\/\/www.cidademarketing.com.br\/marketing\/2019\/06\/19\/saiba-o-que-a-uber-preparou-para-o-mes-do-orgulho-lgbtqia-2019\/#primaryimage"},"thumbnailUrl":"https:\/\/www.cidademarketing.com.br\/marketing\/wp-content\/uploads\/2019\/06\/uber_lgbts.jpg","datePublished":"2019-06-18T22:50:47+00:00","dateModified":"2019-06-18T22:50:51+00:00","breadcrumb":{"@id":"https:\/\/www.cidademarketing.com.br\/marketing\/2019\/06\/19\/saiba-o-que-a-uber-preparou-para-o-mes-do-orgulho-lgbtqia-2019\/#breadcrumb"},"inLanguage":"pt-BR","potentialAction":[{"@type":"ReadAction","target":["https:\/\/www.cidademarketing.com.br\/marketing\/2019\/06\/19\/saiba-o-que-a-uber-preparou-para-o-mes-do-orgulho-lgbtqia-2019\/"]}]},{"@type":"ImageObject","inLanguage":"pt-BR","@id":"https:\/\/www.cidademarketing.com.br\/marketing\/2019\/06\/19\/saiba-o-que-a-uber-preparou-para-o-mes-do-orgulho-lgbtqia-2019\/#primaryimage","url":"https:\/\/www.cidademarketing.com.br\/marketing\/wp-content\/uploads\/2019\/06\/uber_lgbts.jpg","contentUrl":"https:\/\/www.cidademarketing.com.br\/marketing\/wp-content\/uploads\/2019\/06\/uber_lgbts.jpg","width":1820,"height":791,"caption":"Reprodu\u00e7\u00e3o"},{"@type":"BreadcrumbList","@id":"https:\/\/www.cidademarketing.com.br\/marketing\/2019\/06\/19\/saiba-o-que-a-uber-preparou-para-o-mes-do-orgulho-lgbtqia-2019\/#breadcrumb","itemListElement":[{"@type":"ListItem","position":1,"name":"In\u00edcio","item":"https:\/\/www.cidademarketing.com.br\/marketing\/"},{"@type":"ListItem","position":2,"name":"Saiba o que a Uber preparou para o m\u00eas do Orgulho LGBTQIA+ 2019"}]},{"@type":"WebSite","@id":"https:\/\/www.cidademarketing.com.br\/marketing\/#website","url":"https:\/\/www.cidademarketing.com.br\/marketing\/","name":"CidadeMarketing","description":"Somos um ve\u00edculo de comunica\u00e7\u00e3o de destaque no Brasil, reconhecido por conte\u00fados nos segmentos de marketing, empreendedorismo e inova\u00e7\u00e3o.","publisher":{"@id":"https:\/\/www.cidademarketing.com.br\/marketing\/#organization"},"alternateName":"CidadeMarketing","potentialAction":[{"@type":"SearchAction","target":{"@type":"EntryPoint","urlTemplate":"https:\/\/www.cidademarketing.com.br\/marketing\/?s={search_term_string}"},"query-input":{"@type":"PropertyValueSpecification","valueRequired":true,"valueName":"search_term_string"}}],"inLanguage":"pt-BR"},{"@type":"Organization","@id":"https:\/\/www.cidademarketing.com.br\/marketing\/#organization","name":"CidadeMarketing","alternateName":"CidadeMarketing","url":"https:\/\/www.cidademarketing.com.br\/marketing\/","logo":{"@type":"ImageObject","inLanguage":"pt-BR","@id":"https:\/\/www.cidademarketing.com.br\/marketing\/#\/schema\/logo\/image\/","url":"https:\/\/www.cidademarketing.com.br\/marketing\/wp-content\/uploads\/2020\/01\/cidademarketing_marca_mobile.png","contentUrl":"https:\/\/www.cidademarketing.com.br\/marketing\/wp-content\/uploads\/2020\/01\/cidademarketing_marca_mobile.png","width":230,"height":92,"caption":"CidadeMarketing"},"image":{"@id":"https:\/\/www.cidademarketing.com.br\/marketing\/#\/schema\/logo\/image\/"},"sameAs":["https:\/\/www.facebook.com\/portalcidademarketing","https:\/\/x.com\/CidadeMarketing","https:\/\/www.instagram.com\/cidademarketing\/"]},{"@type":"Person","@id":"https:\/\/www.cidademarketing.com.br\/marketing\/#\/schema\/person\/02daff9f18bd9378c9e01eb6b2db155f","name":"Thales Brand\u00e3o","image":{"@type":"ImageObject","inLanguage":"pt-BR","@id":"https:\/\/secure.gravatar.com\/avatar\/7ca3206950207cc3cb48feec56a8a7898741ab725c368d99d5d7a5a50aab80c6?s=96&d=mm&r=g","url":"https:\/\/secure.gravatar.com\/avatar\/7ca3206950207cc3cb48feec56a8a7898741ab725c368d99d5d7a5a50aab80c6?s=96&d=mm&r=g","contentUrl":"https:\/\/secure.gravatar.com\/avatar\/7ca3206950207cc3cb48feec56a8a7898741ab725c368d99d5d7a5a50aab80c6?s=96&d=mm&r=g","caption":"Thales Brand\u00e3o"},"description":"Editor Executivo do Portal CidadeMarketing.com.br &gt; Mestre em Comunica\u00e7\u00e3o e Sociedade pela Universidade Federal de Sergipe. Possui MBA Executivo em Administra\u00e7\u00e3o com \u00eanfase em Marketing pela Funda\u00e7\u00e3o Get\u00falio Vargas - Rio de Janeiro. Consultor, Palestrante e Pesquisador sobre Empreendedorismo, Marketing, Redes Sociais e Neg\u00f3cios Digitais. Professor, Palestrante TedxTalks e Campus Party. Twitter: @ThalesBrandao","sameAs":["http:\/\/www.mandacaru.com.br","https:\/\/www.facebook.com\/thalesbrandao","http:\/\/www.instagram.com.br\/thalesbrandaoferreira","https:\/\/www.linkedin.com\/in\/thales-brand\u00e3o-3948609\/","https:\/\/x.com\/http:\/\/www.twitter.com\/thalesbrandao"],"url":"https:\/\/www.cidademarketing.com.br\/marketing\/author\/thalesbrandao\/"}]}},"amp_enabled":true,"_links":{"self":[{"href":"https:\/\/www.cidademarketing.com.br\/marketing\/wp-json\/wp\/v2\/posts\/9302","targetHints":{"allow":["GET"]}}],"collection":[{"href":"https:\/\/www.cidademarketing.com.br\/marketing\/wp-json\/wp\/v2\/posts"}],"about":[{"href":"https:\/\/www.cidademarketing.com.br\/marketing\/wp-json\/wp\/v2\/types\/post"}],"author":[{"embeddable":true,"href":"https:\/\/www.cidademarketing.com.br\/marketing\/wp-json\/wp\/v2\/users\/1"}],"replies":[{"embeddable":true,"href":"https:\/\/www.cidademarketing.com.br\/marketing\/wp-json\/wp\/v2\/comments?post=9302"}],"version-history":[{"count":1,"href":"https:\/\/www.cidademarketing.com.br\/marketing\/wp-json\/wp\/v2\/posts\/9302\/revisions"}],"predecessor-version":[{"id":9305,"href":"https:\/\/www.cidademarketing.com.br\/marketing\/wp-json\/wp\/v2\/posts\/9302\/revisions\/9305"}],"wp:featuredmedia":[{"embeddable":true,"href":"https:\/\/www.cidademarketing.com.br\/marketing\/wp-json\/wp\/v2\/media\/9303"}],"wp:attachment":[{"href":"https:\/\/www.cidademarketing.com.br\/marketing\/wp-json\/wp\/v2\/media?parent=9302"}],"wp:term":[{"taxonomy":"category","embeddable":true,"href":"https:\/\/www.cidademarketing.com.br\/marketing\/wp-json\/wp\/v2\/categories?post=9302"},{"taxonomy":"post_tag","embeddable":true,"href":"https:\/\/www.cidademarketing.com.br\/marketing\/wp-json\/wp\/v2\/tags?post=9302"}],"curies":[{"name":"wp","href":"https:\/\/api.w.org\/{rel}","templated":true}]}}