{"id":9246,"date":"2019-06-18T06:32:06","date_gmt":"2019-06-18T02:32:06","guid":{"rendered":"https:\/\/www.cidademarketing.com.br\/marketing\/?p=9246"},"modified":"2019-06-18T06:32:07","modified_gmt":"2019-06-18T02:32:07","slug":"com-lucyana-villar-e-renato-teixeira-basf-e-destaque-na-mostra-de-comunicacao-agro-da-abmra","status":"publish","type":"post","link":"https:\/\/www.cidademarketing.com.br\/marketing\/2019\/06\/18\/com-lucyana-villar-e-renato-teixeira-basf-e-destaque-na-mostra-de-comunicacao-agro-da-abmra\/","title":{"rendered":"Com Lucyana Villar e Renato Teixeira, BASF \u00e9 destaque na Mostra de Comunica\u00e7\u00e3o Agro da ABMRA"},"content":{"rendered":"\n<p>A premia\u00e7\u00e3o mais importante da publicidade e do marketing\ndo agroneg\u00f3cio no pa\u00eds consagrou a BASF como principal anunciante do setor. A\nempresa recebeu o total de 8 pr\u00eamios na XVIII Mostra de Comunica\u00e7\u00e3o Agro, organizada pela\nAssocia\u00e7\u00e3o Brasileira de Marketing Rural e Agroneg\u00f3cio (ABMRA). O evento foi realizado\nna quinta-feira (13) em S\u00e3o Paulo \u2013 SP.&nbsp; <\/p>\n\n\n\n<p>O posicionamento da\nBASF \u201cJuntos pelo seu legado\u201d foi o grande destaque da premia\u00e7\u00e3o, ganhando ouro\nnas categorias Campanha Integrada e \u00c1udio e prata em TV &amp; V\u00eddeo. A BASF\ntamb\u00e9m recebeu o t\u00edtulo de Anunciante do Per\u00edodo. A premia\u00e7\u00e3o \u00e9 o\nreconhecimento por a\u00e7\u00f5es de marketing e publicidade realizadas entre janeiro de\n2017 e fevereiro de 2019.&nbsp; <\/p>\n\n\n\n<p>\u201cJuntos pelo seu\nlegado\u201d reflete a presen\u00e7a da BASF no campo, lado a lado do agricultor,\nacompanhando todas as fases do cultivo e contribuindo para a sustentabilidade\ndo neg\u00f3cio, com os p\u00e9s no presente e o olhar no futuro. <\/p>\n\n\n\n<p>\u201cTer sucesso na\nagricultura \u00e9 um grande desafio e n\u00e3o perpetuar esta conquista \u00e9 um grande\ndesperd\u00edcio. Nosso compromisso com a agricultura e o agricultor brasileiro \u00e9\nestarmos juntos, contribuindo com a produtividade e a perenidade dos negocios.\nEsse \u00e9 o nosso prop\u00f3sito, presente em todas os nossos investimentos de longo\nprazo e nas a\u00e7\u00f5es de todos os dias, come\u00e7ando por nossos colaboradores,\npassando por nossos parceiros de neg\u00f3cios e chegando at\u00e9 os consumidores\u201d,\nenfatiza Marcelo Batistela, diretor de Marketing da&nbsp;BASF.<\/p>\n\n\n\n<p>A empresa tamb\u00e9m\nrecebeu ouro pela Campanha Promocional Troca BASF, sobre barter de caf\u00e9. A BASF\nfoi lembrada com duas pratas nas categorias Meio Impresso com Soldadinhos\n(trigo) e em A\u00e7\u00f5es de Campo e Eventos com o Coffee Conference.&nbsp; <\/p>\n\n\n\n<p>A Mostra de Comunica\u00e7\u00e3o\nAgro analisou 157 campanhas e cases de comunica\u00e7\u00e3o inscritos em dez categorias.\nA Mostra \u00e9 uma iniciativa da ABMRA que valoriza, fomenta e defende a imagem do\nagro nacional, sendo um reconhecimento \u00e0s a\u00e7\u00f5es realizadas em prol do setor. <\/p>\n\n\n\n<p>Premia\u00e7\u00e3o BASF na XVIII Mostra de\nComunica\u00e7\u00e3o Agro:<\/p>\n\n\n\n<p>Categoria Anunciante do Per\u00edodo: BASF <\/p>\n\n\n\n<p>Categoria Campanha Integrada <\/p>\n\n\n\n<p>T\u00edtulo: Legado<\/p>\n\n\n\n<p>Anunciante: BASF<\/p>\n\n\n\n<p>Pr\u00eamio:\nOuro&nbsp;&nbsp;&nbsp;&nbsp;&nbsp;&nbsp;&nbsp;&nbsp;&nbsp; <\/p>\n\n\n\n<p>Ag\u00eancia: Santa Clara<\/p>\n\n\n\n<p>Categoria \u00c1udio<\/p>\n\n\n\n<p>T\u00edtulo: Legado<\/p>\n\n\n\n<p>Anunciante: BASF<\/p>\n\n\n\n<p>Pr\u00eamio:\nOuro&nbsp;&nbsp;&nbsp;&nbsp;&nbsp;&nbsp;&nbsp;&nbsp;&nbsp; <\/p>\n\n\n\n<p>Ag\u00eancia: Santa Clara<\/p>\n\n\n\n<p>Categoria TV &amp; V\u00eddeo<\/p>\n\n\n\n<p>T\u00edtulo: Legado<\/p>\n\n\n\n<p>Anunciante: BASF<\/p>\n\n\n\n<p>Pr\u00eamio: Prata<\/p>\n\n\n\n<p>Ag\u00eancia: Santa Clara<\/p>\n\n\n\n<p>Categoria Campanha Promocional<\/p>\n\n\n\n<p>T\u00edtulo: Troca BASF<\/p>\n\n\n\n<p>Anunciante: BASF<\/p>\n\n\n\n<p>Pr\u00eamio: Ouro<\/p>\n\n\n\n<p>Ag\u00eancia: Santa Clara<\/p>\n\n\n\n<p>Categoria Meio Impresso <\/p>\n\n\n\n<p>T\u00edtulo: Soldadinhos<\/p>\n\n\n\n<p>Anunciante: BASF<\/p>\n\n\n\n<p>Pr\u00eamio: Prata<\/p>\n\n\n\n<p>Ag\u00eancia: E21<\/p>\n\n\n\n<p>Categoria A\u00e7\u00f5es de Campo e Eventos<\/p>\n\n\n\n<p>T\u00edtulo: Coffee Conference<\/p>\n\n\n\n<p>Anunciante: Cooxup\u00e9, BASF, ABAG e OCESP<\/p>\n\n\n\n<p>Pr\u00eamio: Prata <\/p>\n\n\n\n<p>Ag\u00eancia: Finco Ag\u00eancia<\/p>\n\n\n\n<p>Veja o v\u00eddeo do case da BASF vencedor na XVIII Mostra de Comunica\u00e7\u00e3o Agro da ABMRA. <\/p>\n\n\n\n<figure class=\"wp-block-embed-youtube wp-block-embed is-type-video is-provider-youtube wp-embed-aspect-16-9 wp-has-aspect-ratio\"><div class=\"wp-block-embed__wrapper\">\n<div class=\"youtube-embed\" data-video_id=\"l19RChm6Oco\"><iframe title=\"BASF \u00e9 destaque na XVIII Mostra de Comunica\u00e7\u00e3o Agro da ABMRA\" width=\"640\" height=\"360\" src=\"https:\/\/www.youtube.com\/embed\/l19RChm6Oco?feature=oembed&#038;enablejsapi=1&#038;enablejsapi=1\" frameborder=\"0\" allow=\"accelerometer; autoplay; clipboard-write; encrypted-media; gyroscope; picture-in-picture; web-share\" referrerpolicy=\"strict-origin-when-cross-origin\" allowfullscreen><\/iframe><\/div>\n<\/div><\/figure>\n\n\n\n<figure class=\"wp-block-embed-youtube wp-block-embed is-type-video is-provider-youtube wp-embed-aspect-16-9 wp-has-aspect-ratio\"><div class=\"wp-block-embed__wrapper\">\n<div class=\"youtube-embed\" data-video_id=\"5jBmAwC3sAc\"><iframe title=\"Legado - Dueto Lucyana Villar e Renato Teixeira\" width=\"640\" height=\"360\" src=\"https:\/\/www.youtube.com\/embed\/5jBmAwC3sAc?feature=oembed&#038;enablejsapi=1&#038;enablejsapi=1\" frameborder=\"0\" allow=\"accelerometer; autoplay; clipboard-write; encrypted-media; gyroscope; picture-in-picture; web-share\" referrerpolicy=\"strict-origin-when-cross-origin\" allowfullscreen><\/iframe><\/div>\n<\/div><\/figure>\n","protected":false},"excerpt":{"rendered":"<p>A premia\u00e7\u00e3o mais importante da publicidade e do marketing do agroneg\u00f3cio no pa\u00eds consagrou a BASF como principal anunciante do setor. A empresa recebeu o total de 8 pr\u00eamios na XVIII Mostra de Comunica\u00e7\u00e3o Agro, organizada pela Associa\u00e7\u00e3o Brasileira de Marketing Rural e Agroneg\u00f3cio (ABMRA). O evento foi realizado na quinta-feira (13) em S\u00e3o Paulo [&hellip;]<\/p>\n","protected":false},"author":1,"featured_media":9247,"comment_status":"open","ping_status":"open","sticky":false,"template":"","format":"standard","meta":{"tdm_status":"","tdm_grid_status":"","footnotes":""},"categories":[6],"tags":[594,345,28],"class_list":["post-9246","post","type-post","status-publish","format-standard","has-post-thumbnail","hentry","category-noticias","tag-agronegocio","tag-basf","tag-marketing"],"yoast_head":"<!-- This site is optimized with the Yoast SEO plugin v27.5 - https:\/\/yoast.com\/product\/yoast-seo-wordpress\/ -->\n<title>Com Lucyana Villar e Renato Teixeira, BASF \u00e9 destaque na Mostra de Comunica\u00e7\u00e3o Agro da ABMRA - CidadeMarketing<\/title>\n<meta name=\"robots\" content=\"index, follow, max-snippet:-1, max-image-preview:large, max-video-preview:-1\" \/>\n<link rel=\"canonical\" href=\"https:\/\/www.cidademarketing.com.br\/marketing\/2019\/06\/18\/com-lucyana-villar-e-renato-teixeira-basf-e-destaque-na-mostra-de-comunicacao-agro-da-abmra\/\" \/>\n<meta property=\"og:locale\" content=\"pt_BR\" \/>\n<meta property=\"og:type\" content=\"article\" \/>\n<meta property=\"og:title\" content=\"Com Lucyana Villar e Renato Teixeira, BASF \u00e9 destaque na Mostra de Comunica\u00e7\u00e3o Agro da ABMRA - CidadeMarketing\" \/>\n<meta property=\"og:description\" content=\"A premia\u00e7\u00e3o mais importante da publicidade e do marketing do agroneg\u00f3cio no pa\u00eds consagrou a BASF como principal anunciante do setor. A empresa recebeu o total de 8 pr\u00eamios na XVIII Mostra de Comunica\u00e7\u00e3o Agro, organizada pela Associa\u00e7\u00e3o Brasileira de Marketing Rural e Agroneg\u00f3cio (ABMRA). O evento foi realizado na quinta-feira (13) em S\u00e3o Paulo [&hellip;]\" \/>\n<meta property=\"og:url\" content=\"https:\/\/www.cidademarketing.com.br\/marketing\/2019\/06\/18\/com-lucyana-villar-e-renato-teixeira-basf-e-destaque-na-mostra-de-comunicacao-agro-da-abmra\/\" \/>\n<meta property=\"og:site_name\" content=\"CidadeMarketing\" \/>\n<meta property=\"article:publisher\" content=\"https:\/\/www.facebook.com\/portalcidademarketing\" \/>\n<meta property=\"article:author\" content=\"https:\/\/www.facebook.com\/thalesbrandao\" \/>\n<meta property=\"article:published_time\" content=\"2019-06-18T02:32:06+00:00\" \/>\n<meta property=\"article:modified_time\" content=\"2019-06-18T02:32:07+00:00\" \/>\n<meta property=\"og:image\" content=\"https:\/\/www.cidademarketing.com.br\/marketing\/wp-content\/uploads\/2019\/06\/ABMRA_basf.jpg\" \/>\n\t<meta property=\"og:image:width\" content=\"1701\" \/>\n\t<meta property=\"og:image:height\" content=\"957\" \/>\n\t<meta property=\"og:image:type\" content=\"image\/jpeg\" \/>\n<meta name=\"author\" content=\"Thales Brand\u00e3o\" \/>\n<meta name=\"twitter:card\" content=\"summary_large_image\" \/>\n<meta name=\"twitter:creator\" content=\"@http:\/\/www.twitter.com\/thalesbrandao\" \/>\n<meta name=\"twitter:site\" content=\"@CidadeMarketing\" \/>\n<meta name=\"twitter:label1\" content=\"Escrito por\" \/>\n\t<meta name=\"twitter:data1\" content=\"Thales Brand\u00e3o\" \/>\n\t<meta name=\"twitter:label2\" content=\"Est. tempo de leitura\" \/>\n\t<meta name=\"twitter:data2\" content=\"3 minutos\" \/>\n<script type=\"application\/ld+json\" class=\"yoast-schema-graph\">{\"@context\":\"https:\\\/\\\/schema.org\",\"@graph\":[{\"@type\":\"Article\",\"@id\":\"https:\\\/\\\/www.cidademarketing.com.br\\\/marketing\\\/2019\\\/06\\\/18\\\/com-lucyana-villar-e-renato-teixeira-basf-e-destaque-na-mostra-de-comunicacao-agro-da-abmra\\\/#article\",\"isPartOf\":{\"@id\":\"https:\\\/\\\/www.cidademarketing.com.br\\\/marketing\\\/2019\\\/06\\\/18\\\/com-lucyana-villar-e-renato-teixeira-basf-e-destaque-na-mostra-de-comunicacao-agro-da-abmra\\\/\"},\"author\":{\"name\":\"Thales Brand\u00e3o\",\"@id\":\"https:\\\/\\\/www.cidademarketing.com.br\\\/marketing\\\/#\\\/schema\\\/person\\\/02daff9f18bd9378c9e01eb6b2db155f\"},\"headline\":\"Com Lucyana Villar e Renato Teixeira, BASF \u00e9 destaque na Mostra de Comunica\u00e7\u00e3o Agro da ABMRA\",\"datePublished\":\"2019-06-18T02:32:06+00:00\",\"dateModified\":\"2019-06-18T02:32:07+00:00\",\"mainEntityOfPage\":{\"@id\":\"https:\\\/\\\/www.cidademarketing.com.br\\\/marketing\\\/2019\\\/06\\\/18\\\/com-lucyana-villar-e-renato-teixeira-basf-e-destaque-na-mostra-de-comunicacao-agro-da-abmra\\\/\"},\"wordCount\":525,\"commentCount\":0,\"publisher\":{\"@id\":\"https:\\\/\\\/www.cidademarketing.com.br\\\/marketing\\\/#organization\"},\"image\":{\"@id\":\"https:\\\/\\\/www.cidademarketing.com.br\\\/marketing\\\/2019\\\/06\\\/18\\\/com-lucyana-villar-e-renato-teixeira-basf-e-destaque-na-mostra-de-comunicacao-agro-da-abmra\\\/#primaryimage\"},\"thumbnailUrl\":\"https:\\\/\\\/www.cidademarketing.com.br\\\/marketing\\\/wp-content\\\/uploads\\\/2019\\\/06\\\/ABMRA_basf.jpg\",\"keywords\":[\"agroneg\u00f3cio\",\"Basf\",\"marketing\"],\"articleSection\":[\"Not\u00edcias\"],\"inLanguage\":\"pt-BR\",\"potentialAction\":[{\"@type\":\"CommentAction\",\"name\":\"Comment\",\"target\":[\"https:\\\/\\\/www.cidademarketing.com.br\\\/marketing\\\/2019\\\/06\\\/18\\\/com-lucyana-villar-e-renato-teixeira-basf-e-destaque-na-mostra-de-comunicacao-agro-da-abmra\\\/#respond\"]}]},{\"@type\":\"WebPage\",\"@id\":\"https:\\\/\\\/www.cidademarketing.com.br\\\/marketing\\\/2019\\\/06\\\/18\\\/com-lucyana-villar-e-renato-teixeira-basf-e-destaque-na-mostra-de-comunicacao-agro-da-abmra\\\/\",\"url\":\"https:\\\/\\\/www.cidademarketing.com.br\\\/marketing\\\/2019\\\/06\\\/18\\\/com-lucyana-villar-e-renato-teixeira-basf-e-destaque-na-mostra-de-comunicacao-agro-da-abmra\\\/\",\"name\":\"Com Lucyana Villar e Renato Teixeira, BASF \u00e9 destaque na Mostra de Comunica\u00e7\u00e3o Agro da ABMRA - CidadeMarketing\",\"isPartOf\":{\"@id\":\"https:\\\/\\\/www.cidademarketing.com.br\\\/marketing\\\/#website\"},\"primaryImageOfPage\":{\"@id\":\"https:\\\/\\\/www.cidademarketing.com.br\\\/marketing\\\/2019\\\/06\\\/18\\\/com-lucyana-villar-e-renato-teixeira-basf-e-destaque-na-mostra-de-comunicacao-agro-da-abmra\\\/#primaryimage\"},\"image\":{\"@id\":\"https:\\\/\\\/www.cidademarketing.com.br\\\/marketing\\\/2019\\\/06\\\/18\\\/com-lucyana-villar-e-renato-teixeira-basf-e-destaque-na-mostra-de-comunicacao-agro-da-abmra\\\/#primaryimage\"},\"thumbnailUrl\":\"https:\\\/\\\/www.cidademarketing.com.br\\\/marketing\\\/wp-content\\\/uploads\\\/2019\\\/06\\\/ABMRA_basf.jpg\",\"datePublished\":\"2019-06-18T02:32:06+00:00\",\"dateModified\":\"2019-06-18T02:32:07+00:00\",\"breadcrumb\":{\"@id\":\"https:\\\/\\\/www.cidademarketing.com.br\\\/marketing\\\/2019\\\/06\\\/18\\\/com-lucyana-villar-e-renato-teixeira-basf-e-destaque-na-mostra-de-comunicacao-agro-da-abmra\\\/#breadcrumb\"},\"inLanguage\":\"pt-BR\",\"potentialAction\":[{\"@type\":\"ReadAction\",\"target\":[\"https:\\\/\\\/www.cidademarketing.com.br\\\/marketing\\\/2019\\\/06\\\/18\\\/com-lucyana-villar-e-renato-teixeira-basf-e-destaque-na-mostra-de-comunicacao-agro-da-abmra\\\/\"]}]},{\"@type\":\"ImageObject\",\"inLanguage\":\"pt-BR\",\"@id\":\"https:\\\/\\\/www.cidademarketing.com.br\\\/marketing\\\/2019\\\/06\\\/18\\\/com-lucyana-villar-e-renato-teixeira-basf-e-destaque-na-mostra-de-comunicacao-agro-da-abmra\\\/#primaryimage\",\"url\":\"https:\\\/\\\/www.cidademarketing.com.br\\\/marketing\\\/wp-content\\\/uploads\\\/2019\\\/06\\\/ABMRA_basf.jpg\",\"contentUrl\":\"https:\\\/\\\/www.cidademarketing.com.br\\\/marketing\\\/wp-content\\\/uploads\\\/2019\\\/06\\\/ABMRA_basf.jpg\",\"width\":1701,\"height\":957,\"caption\":\"Reprodu\u00e7\u00e3o\"},{\"@type\":\"BreadcrumbList\",\"@id\":\"https:\\\/\\\/www.cidademarketing.com.br\\\/marketing\\\/2019\\\/06\\\/18\\\/com-lucyana-villar-e-renato-teixeira-basf-e-destaque-na-mostra-de-comunicacao-agro-da-abmra\\\/#breadcrumb\",\"itemListElement\":[{\"@type\":\"ListItem\",\"position\":1,\"name\":\"In\u00edcio\",\"item\":\"https:\\\/\\\/www.cidademarketing.com.br\\\/marketing\\\/\"},{\"@type\":\"ListItem\",\"position\":2,\"name\":\"Com Lucyana Villar e Renato Teixeira, BASF \u00e9 destaque na Mostra de Comunica\u00e7\u00e3o Agro da ABMRA\"}]},{\"@type\":\"WebSite\",\"@id\":\"https:\\\/\\\/www.cidademarketing.com.br\\\/marketing\\\/#website\",\"url\":\"https:\\\/\\\/www.cidademarketing.com.br\\\/marketing\\\/\",\"name\":\"CidadeMarketing\",\"description\":\"Somos um ve\u00edculo de comunica\u00e7\u00e3o de destaque no Brasil, reconhecido por conte\u00fados nos segmentos de marketing, empreendedorismo e inova\u00e7\u00e3o.\",\"publisher\":{\"@id\":\"https:\\\/\\\/www.cidademarketing.com.br\\\/marketing\\\/#organization\"},\"alternateName\":\"CidadeMarketing\",\"potentialAction\":[{\"@type\":\"SearchAction\",\"target\":{\"@type\":\"EntryPoint\",\"urlTemplate\":\"https:\\\/\\\/www.cidademarketing.com.br\\\/marketing\\\/?s={search_term_string}\"},\"query-input\":{\"@type\":\"PropertyValueSpecification\",\"valueRequired\":true,\"valueName\":\"search_term_string\"}}],\"inLanguage\":\"pt-BR\"},{\"@type\":\"Organization\",\"@id\":\"https:\\\/\\\/www.cidademarketing.com.br\\\/marketing\\\/#organization\",\"name\":\"CidadeMarketing\",\"alternateName\":\"CidadeMarketing\",\"url\":\"https:\\\/\\\/www.cidademarketing.com.br\\\/marketing\\\/\",\"logo\":{\"@type\":\"ImageObject\",\"inLanguage\":\"pt-BR\",\"@id\":\"https:\\\/\\\/www.cidademarketing.com.br\\\/marketing\\\/#\\\/schema\\\/logo\\\/image\\\/\",\"url\":\"https:\\\/\\\/www.cidademarketing.com.br\\\/marketing\\\/wp-content\\\/uploads\\\/2020\\\/01\\\/cidademarketing_marca_mobile.png\",\"contentUrl\":\"https:\\\/\\\/www.cidademarketing.com.br\\\/marketing\\\/wp-content\\\/uploads\\\/2020\\\/01\\\/cidademarketing_marca_mobile.png\",\"width\":230,\"height\":92,\"caption\":\"CidadeMarketing\"},\"image\":{\"@id\":\"https:\\\/\\\/www.cidademarketing.com.br\\\/marketing\\\/#\\\/schema\\\/logo\\\/image\\\/\"},\"sameAs\":[\"https:\\\/\\\/www.facebook.com\\\/portalcidademarketing\",\"https:\\\/\\\/x.com\\\/CidadeMarketing\",\"https:\\\/\\\/www.instagram.com\\\/cidademarketing\\\/\"]},{\"@type\":\"Person\",\"@id\":\"https:\\\/\\\/www.cidademarketing.com.br\\\/marketing\\\/#\\\/schema\\\/person\\\/02daff9f18bd9378c9e01eb6b2db155f\",\"name\":\"Thales Brand\u00e3o\",\"image\":{\"@type\":\"ImageObject\",\"inLanguage\":\"pt-BR\",\"@id\":\"https:\\\/\\\/secure.gravatar.com\\\/avatar\\\/7ca3206950207cc3cb48feec56a8a7898741ab725c368d99d5d7a5a50aab80c6?s=96&d=mm&r=g\",\"url\":\"https:\\\/\\\/secure.gravatar.com\\\/avatar\\\/7ca3206950207cc3cb48feec56a8a7898741ab725c368d99d5d7a5a50aab80c6?s=96&d=mm&r=g\",\"contentUrl\":\"https:\\\/\\\/secure.gravatar.com\\\/avatar\\\/7ca3206950207cc3cb48feec56a8a7898741ab725c368d99d5d7a5a50aab80c6?s=96&d=mm&r=g\",\"caption\":\"Thales Brand\u00e3o\"},\"description\":\"Editor Executivo do Portal CidadeMarketing.com.br &gt; Mestre em Comunica\u00e7\u00e3o e Sociedade pela Universidade Federal de Sergipe. Possui MBA Executivo em Administra\u00e7\u00e3o com \u00eanfase em Marketing pela Funda\u00e7\u00e3o Get\u00falio Vargas - Rio de Janeiro. Consultor, Palestrante e Pesquisador sobre Empreendedorismo, Marketing, Redes Sociais e Neg\u00f3cios Digitais. Professor, Palestrante TedxTalks e Campus Party. Twitter: @ThalesBrandao\",\"sameAs\":[\"http:\\\/\\\/www.mandacaru.com.br\",\"https:\\\/\\\/www.facebook.com\\\/thalesbrandao\",\"http:\\\/\\\/www.instagram.com.br\\\/thalesbrandaoferreira\",\"https:\\\/\\\/www.linkedin.com\\\/in\\\/thales-brand\u00e3o-3948609\\\/\",\"https:\\\/\\\/x.com\\\/http:\\\/\\\/www.twitter.com\\\/thalesbrandao\"],\"url\":\"https:\\\/\\\/www.cidademarketing.com.br\\\/marketing\\\/author\\\/thalesbrandao\\\/\"}]}<\/script>\n<!-- \/ Yoast SEO plugin. -->","yoast_head_json":{"title":"Com Lucyana Villar e Renato Teixeira, BASF \u00e9 destaque na Mostra de Comunica\u00e7\u00e3o Agro da ABMRA - CidadeMarketing","robots":{"index":"index","follow":"follow","max-snippet":"max-snippet:-1","max-image-preview":"max-image-preview:large","max-video-preview":"max-video-preview:-1"},"canonical":"https:\/\/www.cidademarketing.com.br\/marketing\/2019\/06\/18\/com-lucyana-villar-e-renato-teixeira-basf-e-destaque-na-mostra-de-comunicacao-agro-da-abmra\/","og_locale":"pt_BR","og_type":"article","og_title":"Com Lucyana Villar e Renato Teixeira, BASF \u00e9 destaque na Mostra de Comunica\u00e7\u00e3o Agro da ABMRA - CidadeMarketing","og_description":"A premia\u00e7\u00e3o mais importante da publicidade e do marketing do agroneg\u00f3cio no pa\u00eds consagrou a BASF como principal anunciante do setor. A empresa recebeu o total de 8 pr\u00eamios na XVIII Mostra de Comunica\u00e7\u00e3o Agro, organizada pela Associa\u00e7\u00e3o Brasileira de Marketing Rural e Agroneg\u00f3cio (ABMRA). O evento foi realizado na quinta-feira (13) em S\u00e3o Paulo [&hellip;]","og_url":"https:\/\/www.cidademarketing.com.br\/marketing\/2019\/06\/18\/com-lucyana-villar-e-renato-teixeira-basf-e-destaque-na-mostra-de-comunicacao-agro-da-abmra\/","og_site_name":"CidadeMarketing","article_publisher":"https:\/\/www.facebook.com\/portalcidademarketing","article_author":"https:\/\/www.facebook.com\/thalesbrandao","article_published_time":"2019-06-18T02:32:06+00:00","article_modified_time":"2019-06-18T02:32:07+00:00","og_image":[{"width":1701,"height":957,"url":"https:\/\/www.cidademarketing.com.br\/marketing\/wp-content\/uploads\/2019\/06\/ABMRA_basf.jpg","type":"image\/jpeg"}],"author":"Thales Brand\u00e3o","twitter_card":"summary_large_image","twitter_creator":"@http:\/\/www.twitter.com\/thalesbrandao","twitter_site":"@CidadeMarketing","twitter_misc":{"Escrito por":"Thales Brand\u00e3o","Est. tempo de leitura":"3 minutos"},"schema":{"@context":"https:\/\/schema.org","@graph":[{"@type":"Article","@id":"https:\/\/www.cidademarketing.com.br\/marketing\/2019\/06\/18\/com-lucyana-villar-e-renato-teixeira-basf-e-destaque-na-mostra-de-comunicacao-agro-da-abmra\/#article","isPartOf":{"@id":"https:\/\/www.cidademarketing.com.br\/marketing\/2019\/06\/18\/com-lucyana-villar-e-renato-teixeira-basf-e-destaque-na-mostra-de-comunicacao-agro-da-abmra\/"},"author":{"name":"Thales Brand\u00e3o","@id":"https:\/\/www.cidademarketing.com.br\/marketing\/#\/schema\/person\/02daff9f18bd9378c9e01eb6b2db155f"},"headline":"Com Lucyana Villar e Renato Teixeira, BASF \u00e9 destaque na Mostra de Comunica\u00e7\u00e3o Agro da ABMRA","datePublished":"2019-06-18T02:32:06+00:00","dateModified":"2019-06-18T02:32:07+00:00","mainEntityOfPage":{"@id":"https:\/\/www.cidademarketing.com.br\/marketing\/2019\/06\/18\/com-lucyana-villar-e-renato-teixeira-basf-e-destaque-na-mostra-de-comunicacao-agro-da-abmra\/"},"wordCount":525,"commentCount":0,"publisher":{"@id":"https:\/\/www.cidademarketing.com.br\/marketing\/#organization"},"image":{"@id":"https:\/\/www.cidademarketing.com.br\/marketing\/2019\/06\/18\/com-lucyana-villar-e-renato-teixeira-basf-e-destaque-na-mostra-de-comunicacao-agro-da-abmra\/#primaryimage"},"thumbnailUrl":"https:\/\/www.cidademarketing.com.br\/marketing\/wp-content\/uploads\/2019\/06\/ABMRA_basf.jpg","keywords":["agroneg\u00f3cio","Basf","marketing"],"articleSection":["Not\u00edcias"],"inLanguage":"pt-BR","potentialAction":[{"@type":"CommentAction","name":"Comment","target":["https:\/\/www.cidademarketing.com.br\/marketing\/2019\/06\/18\/com-lucyana-villar-e-renato-teixeira-basf-e-destaque-na-mostra-de-comunicacao-agro-da-abmra\/#respond"]}]},{"@type":"WebPage","@id":"https:\/\/www.cidademarketing.com.br\/marketing\/2019\/06\/18\/com-lucyana-villar-e-renato-teixeira-basf-e-destaque-na-mostra-de-comunicacao-agro-da-abmra\/","url":"https:\/\/www.cidademarketing.com.br\/marketing\/2019\/06\/18\/com-lucyana-villar-e-renato-teixeira-basf-e-destaque-na-mostra-de-comunicacao-agro-da-abmra\/","name":"Com Lucyana Villar e Renato Teixeira, BASF \u00e9 destaque na Mostra de Comunica\u00e7\u00e3o Agro da ABMRA - CidadeMarketing","isPartOf":{"@id":"https:\/\/www.cidademarketing.com.br\/marketing\/#website"},"primaryImageOfPage":{"@id":"https:\/\/www.cidademarketing.com.br\/marketing\/2019\/06\/18\/com-lucyana-villar-e-renato-teixeira-basf-e-destaque-na-mostra-de-comunicacao-agro-da-abmra\/#primaryimage"},"image":{"@id":"https:\/\/www.cidademarketing.com.br\/marketing\/2019\/06\/18\/com-lucyana-villar-e-renato-teixeira-basf-e-destaque-na-mostra-de-comunicacao-agro-da-abmra\/#primaryimage"},"thumbnailUrl":"https:\/\/www.cidademarketing.com.br\/marketing\/wp-content\/uploads\/2019\/06\/ABMRA_basf.jpg","datePublished":"2019-06-18T02:32:06+00:00","dateModified":"2019-06-18T02:32:07+00:00","breadcrumb":{"@id":"https:\/\/www.cidademarketing.com.br\/marketing\/2019\/06\/18\/com-lucyana-villar-e-renato-teixeira-basf-e-destaque-na-mostra-de-comunicacao-agro-da-abmra\/#breadcrumb"},"inLanguage":"pt-BR","potentialAction":[{"@type":"ReadAction","target":["https:\/\/www.cidademarketing.com.br\/marketing\/2019\/06\/18\/com-lucyana-villar-e-renato-teixeira-basf-e-destaque-na-mostra-de-comunicacao-agro-da-abmra\/"]}]},{"@type":"ImageObject","inLanguage":"pt-BR","@id":"https:\/\/www.cidademarketing.com.br\/marketing\/2019\/06\/18\/com-lucyana-villar-e-renato-teixeira-basf-e-destaque-na-mostra-de-comunicacao-agro-da-abmra\/#primaryimage","url":"https:\/\/www.cidademarketing.com.br\/marketing\/wp-content\/uploads\/2019\/06\/ABMRA_basf.jpg","contentUrl":"https:\/\/www.cidademarketing.com.br\/marketing\/wp-content\/uploads\/2019\/06\/ABMRA_basf.jpg","width":1701,"height":957,"caption":"Reprodu\u00e7\u00e3o"},{"@type":"BreadcrumbList","@id":"https:\/\/www.cidademarketing.com.br\/marketing\/2019\/06\/18\/com-lucyana-villar-e-renato-teixeira-basf-e-destaque-na-mostra-de-comunicacao-agro-da-abmra\/#breadcrumb","itemListElement":[{"@type":"ListItem","position":1,"name":"In\u00edcio","item":"https:\/\/www.cidademarketing.com.br\/marketing\/"},{"@type":"ListItem","position":2,"name":"Com Lucyana Villar e Renato Teixeira, BASF \u00e9 destaque na Mostra de Comunica\u00e7\u00e3o Agro da ABMRA"}]},{"@type":"WebSite","@id":"https:\/\/www.cidademarketing.com.br\/marketing\/#website","url":"https:\/\/www.cidademarketing.com.br\/marketing\/","name":"CidadeMarketing","description":"Somos um ve\u00edculo de comunica\u00e7\u00e3o de destaque no Brasil, reconhecido por conte\u00fados nos segmentos de marketing, empreendedorismo e inova\u00e7\u00e3o.","publisher":{"@id":"https:\/\/www.cidademarketing.com.br\/marketing\/#organization"},"alternateName":"CidadeMarketing","potentialAction":[{"@type":"SearchAction","target":{"@type":"EntryPoint","urlTemplate":"https:\/\/www.cidademarketing.com.br\/marketing\/?s={search_term_string}"},"query-input":{"@type":"PropertyValueSpecification","valueRequired":true,"valueName":"search_term_string"}}],"inLanguage":"pt-BR"},{"@type":"Organization","@id":"https:\/\/www.cidademarketing.com.br\/marketing\/#organization","name":"CidadeMarketing","alternateName":"CidadeMarketing","url":"https:\/\/www.cidademarketing.com.br\/marketing\/","logo":{"@type":"ImageObject","inLanguage":"pt-BR","@id":"https:\/\/www.cidademarketing.com.br\/marketing\/#\/schema\/logo\/image\/","url":"https:\/\/www.cidademarketing.com.br\/marketing\/wp-content\/uploads\/2020\/01\/cidademarketing_marca_mobile.png","contentUrl":"https:\/\/www.cidademarketing.com.br\/marketing\/wp-content\/uploads\/2020\/01\/cidademarketing_marca_mobile.png","width":230,"height":92,"caption":"CidadeMarketing"},"image":{"@id":"https:\/\/www.cidademarketing.com.br\/marketing\/#\/schema\/logo\/image\/"},"sameAs":["https:\/\/www.facebook.com\/portalcidademarketing","https:\/\/x.com\/CidadeMarketing","https:\/\/www.instagram.com\/cidademarketing\/"]},{"@type":"Person","@id":"https:\/\/www.cidademarketing.com.br\/marketing\/#\/schema\/person\/02daff9f18bd9378c9e01eb6b2db155f","name":"Thales Brand\u00e3o","image":{"@type":"ImageObject","inLanguage":"pt-BR","@id":"https:\/\/secure.gravatar.com\/avatar\/7ca3206950207cc3cb48feec56a8a7898741ab725c368d99d5d7a5a50aab80c6?s=96&d=mm&r=g","url":"https:\/\/secure.gravatar.com\/avatar\/7ca3206950207cc3cb48feec56a8a7898741ab725c368d99d5d7a5a50aab80c6?s=96&d=mm&r=g","contentUrl":"https:\/\/secure.gravatar.com\/avatar\/7ca3206950207cc3cb48feec56a8a7898741ab725c368d99d5d7a5a50aab80c6?s=96&d=mm&r=g","caption":"Thales Brand\u00e3o"},"description":"Editor Executivo do Portal CidadeMarketing.com.br &gt; Mestre em Comunica\u00e7\u00e3o e Sociedade pela Universidade Federal de Sergipe. Possui MBA Executivo em Administra\u00e7\u00e3o com \u00eanfase em Marketing pela Funda\u00e7\u00e3o Get\u00falio Vargas - Rio de Janeiro. Consultor, Palestrante e Pesquisador sobre Empreendedorismo, Marketing, Redes Sociais e Neg\u00f3cios Digitais. Professor, Palestrante TedxTalks e Campus Party. Twitter: @ThalesBrandao","sameAs":["http:\/\/www.mandacaru.com.br","https:\/\/www.facebook.com\/thalesbrandao","http:\/\/www.instagram.com.br\/thalesbrandaoferreira","https:\/\/www.linkedin.com\/in\/thales-brand\u00e3o-3948609\/","https:\/\/x.com\/http:\/\/www.twitter.com\/thalesbrandao"],"url":"https:\/\/www.cidademarketing.com.br\/marketing\/author\/thalesbrandao\/"}]}},"amp_enabled":true,"_links":{"self":[{"href":"https:\/\/www.cidademarketing.com.br\/marketing\/wp-json\/wp\/v2\/posts\/9246","targetHints":{"allow":["GET"]}}],"collection":[{"href":"https:\/\/www.cidademarketing.com.br\/marketing\/wp-json\/wp\/v2\/posts"}],"about":[{"href":"https:\/\/www.cidademarketing.com.br\/marketing\/wp-json\/wp\/v2\/types\/post"}],"author":[{"embeddable":true,"href":"https:\/\/www.cidademarketing.com.br\/marketing\/wp-json\/wp\/v2\/users\/1"}],"replies":[{"embeddable":true,"href":"https:\/\/www.cidademarketing.com.br\/marketing\/wp-json\/wp\/v2\/comments?post=9246"}],"version-history":[{"count":1,"href":"https:\/\/www.cidademarketing.com.br\/marketing\/wp-json\/wp\/v2\/posts\/9246\/revisions"}],"predecessor-version":[{"id":9248,"href":"https:\/\/www.cidademarketing.com.br\/marketing\/wp-json\/wp\/v2\/posts\/9246\/revisions\/9248"}],"wp:featuredmedia":[{"embeddable":true,"href":"https:\/\/www.cidademarketing.com.br\/marketing\/wp-json\/wp\/v2\/media\/9247"}],"wp:attachment":[{"href":"https:\/\/www.cidademarketing.com.br\/marketing\/wp-json\/wp\/v2\/media?parent=9246"}],"wp:term":[{"taxonomy":"category","embeddable":true,"href":"https:\/\/www.cidademarketing.com.br\/marketing\/wp-json\/wp\/v2\/categories?post=9246"},{"taxonomy":"post_tag","embeddable":true,"href":"https:\/\/www.cidademarketing.com.br\/marketing\/wp-json\/wp\/v2\/tags?post=9246"}],"curies":[{"name":"wp","href":"https:\/\/api.w.org\/{rel}","templated":true}]}}