{"id":9133,"date":"2019-06-13T06:29:06","date_gmt":"2019-06-13T02:29:06","guid":{"rendered":"https:\/\/www.cidademarketing.com.br\/marketing\/?p=9133"},"modified":"2019-06-13T06:29:08","modified_gmt":"2019-06-13T02:29:08","slug":"avon-lanca-novo-batom-em-campanha-com-a-jogadora-marta-craque-do-futebol-feminino","status":"publish","type":"post","link":"https:\/\/www.cidademarketing.com.br\/marketing\/2019\/06\/13\/avon-lanca-novo-batom-em-campanha-com-a-jogadora-marta-craque-do-futebol-feminino\/","title":{"rendered":"Avon lan\u00e7a novo batom em campanha com a jogadora Marta, craque do futebol feminino"},"content":{"rendered":"\n<p>Marta Silva foi a escolhida para estrear campanha para promover o lan\u00e7amento do Batom Power Stay de Avon, o novo batom l\u00edquido matte que promete 16 horas de fixa\u00e7\u00e3o. O conceito \u201cVeio Pra Ficar\u201d desenvolvido pela J. Walter Thompson, teve como prop\u00f3sito criar uma narrativa que gerasse integra\u00e7\u00e3o entre a maior jogadora de futebol do mundo e os atributos do novo produto.<\/p>\n\n\n\n<p>O insight \u201cVeio Pra Ficar\u201d surgiu a partir do benef\u00edcio do pr\u00f3prio produto que oferece 16 horas de fixa\u00e7\u00e3o em uma aplica\u00e7\u00e3o. Na campanha, a ideia criativa teve como objetivo trabalhar intera\u00e7\u00e3o entre a jogadora Marta e o Batom Power Stay por meio de imagens que retratam o dia a dia da jogadora e comprovam a durabilidade do batom.<\/p>\n\n\n\n<p>N\u00e3o \u00e9 a primeira vez que a Avon tem a Marta em suas campanhas. Em 2018, durante o campeonato mundial de futebol masculino, a marca protagonizou a jogadora a fim de homenage\u00e1-la e levantar a bandeira do \u201cempoderamento feminino\u201d, visto a falta de equidade nos sal\u00e1rios e exposi\u00e7\u00e3o do futebol masculino vs feminino. \u201cA Avon mant\u00e9m sua trajet\u00f3ria empoderada na escolha de suas estrelas, a cada campanha uma sele\u00e7\u00e3o criteriosa \u00e9 feita para comunicarmos nosso prop\u00f3sito \u201cBeleza que \u00e9 a sua Cara\u201d e transmitir os benef\u00edcios e tecnologias de nossos produtos. Pr\u00f3ximo ao campeonato mundial feminino e ao lan\u00e7amento do batom l\u00edquido matte Power Stay n\u00e3o poder\u00edamos deixar de apoiar e homenagear nossa maior jogadora. O objetivo \u00e9 mostrar que assim como a Marta veio para ficar, o batom Power Stay, com 16 horas de fixa\u00e7\u00e3o em uma \u00fanica aplica\u00e7\u00e3o, tamb\u00e9m, pois o produto acompanhar\u00e1 o dia a dia da mulher em todas as ocasi\u00f5es, do in\u00edcio ao final de seu dia\u201d, explica Juliana Barros, diretora de marketing da categoria de maquiagem da Avon.<\/p>\n\n\n\n<p>A campanha de publicidade, tem estreia em julho. Al\u00e9m do filme para TV, ela vai contar com vinhetas e pe\u00e7as para o digital. A estrat\u00e9gia de comunica\u00e7\u00e3o ter\u00e1, ainda, ativa\u00e7\u00f5es em PR, desenvolvidas pela ag\u00eancia Zeno Group, e a\u00e7\u00f5es com influenciadores digitais.<\/p>\n","protected":false},"excerpt":{"rendered":"<p>Marta Silva foi a escolhida para estrear campanha para promover o lan\u00e7amento do Batom Power Stay de Avon, o novo batom l\u00edquido matte que promete 16 horas de fixa\u00e7\u00e3o. O conceito \u201cVeio Pra Ficar\u201d desenvolvido pela J. Walter Thompson, teve como prop\u00f3sito criar uma narrativa que gerasse integra\u00e7\u00e3o entre a maior jogadora de futebol do [&hellip;]<\/p>\n","protected":false},"author":1,"featured_media":9134,"comment_status":"open","ping_status":"open","sticky":false,"template":"","format":"standard","meta":{"tdm_status":"","tdm_grid_status":"","footnotes":""},"categories":[6],"tags":[1528,65,33,28],"class_list":["post-9133","post","type-post","status-publish","format-standard","has-post-thumbnail","hentry","category-noticias","tag-avon","tag-campanha","tag-estrategia","tag-marketing"],"yoast_head":"<!-- This site is optimized with the Yoast SEO plugin v27.5 - https:\/\/yoast.com\/product\/yoast-seo-wordpress\/ -->\n<title>Avon lan\u00e7a novo batom em campanha com a jogadora Marta, craque do futebol feminino - CidadeMarketing<\/title>\n<meta name=\"robots\" content=\"index, follow, max-snippet:-1, max-image-preview:large, max-video-preview:-1\" \/>\n<link rel=\"canonical\" href=\"https:\/\/www.cidademarketing.com.br\/marketing\/2019\/06\/13\/avon-lanca-novo-batom-em-campanha-com-a-jogadora-marta-craque-do-futebol-feminino\/\" \/>\n<meta property=\"og:locale\" content=\"pt_BR\" \/>\n<meta property=\"og:type\" content=\"article\" \/>\n<meta property=\"og:title\" content=\"Avon lan\u00e7a novo batom em campanha com a jogadora Marta, craque do futebol feminino - CidadeMarketing\" \/>\n<meta property=\"og:description\" content=\"Marta Silva foi a escolhida para estrear campanha para promover o lan\u00e7amento do Batom Power Stay de Avon, o novo batom l\u00edquido matte que promete 16 horas de fixa\u00e7\u00e3o. O conceito \u201cVeio Pra Ficar\u201d desenvolvido pela J. Walter Thompson, teve como prop\u00f3sito criar uma narrativa que gerasse integra\u00e7\u00e3o entre a maior jogadora de futebol do [&hellip;]\" \/>\n<meta property=\"og:url\" content=\"https:\/\/www.cidademarketing.com.br\/marketing\/2019\/06\/13\/avon-lanca-novo-batom-em-campanha-com-a-jogadora-marta-craque-do-futebol-feminino\/\" \/>\n<meta property=\"og:site_name\" content=\"CidadeMarketing\" \/>\n<meta property=\"article:publisher\" content=\"https:\/\/www.facebook.com\/portalcidademarketing\" \/>\n<meta property=\"article:author\" content=\"https:\/\/www.facebook.com\/thalesbrandao\" \/>\n<meta property=\"article:published_time\" content=\"2019-06-13T02:29:06+00:00\" \/>\n<meta property=\"article:modified_time\" content=\"2019-06-13T02:29:08+00:00\" \/>\n<meta property=\"og:image\" content=\"https:\/\/www.cidademarketing.com.br\/marketing\/wp-content\/uploads\/2019\/06\/marta_avon_futebolfeminino.jpg\" \/>\n\t<meta property=\"og:image:width\" content=\"1280\" \/>\n\t<meta property=\"og:image:height\" content=\"720\" \/>\n\t<meta property=\"og:image:type\" content=\"image\/jpeg\" \/>\n<meta name=\"author\" content=\"Thales Brand\u00e3o\" \/>\n<meta name=\"twitter:card\" content=\"summary_large_image\" \/>\n<meta name=\"twitter:creator\" content=\"@http:\/\/www.twitter.com\/thalesbrandao\" \/>\n<meta name=\"twitter:site\" content=\"@CidadeMarketing\" \/>\n<meta name=\"twitter:label1\" content=\"Escrito por\" \/>\n\t<meta name=\"twitter:data1\" content=\"Thales Brand\u00e3o\" \/>\n\t<meta name=\"twitter:label2\" content=\"Est. tempo de leitura\" \/>\n\t<meta name=\"twitter:data2\" content=\"2 minutos\" \/>\n<script type=\"application\/ld+json\" class=\"yoast-schema-graph\">{\"@context\":\"https:\\\/\\\/schema.org\",\"@graph\":[{\"@type\":\"Article\",\"@id\":\"https:\\\/\\\/www.cidademarketing.com.br\\\/marketing\\\/2019\\\/06\\\/13\\\/avon-lanca-novo-batom-em-campanha-com-a-jogadora-marta-craque-do-futebol-feminino\\\/#article\",\"isPartOf\":{\"@id\":\"https:\\\/\\\/www.cidademarketing.com.br\\\/marketing\\\/2019\\\/06\\\/13\\\/avon-lanca-novo-batom-em-campanha-com-a-jogadora-marta-craque-do-futebol-feminino\\\/\"},\"author\":{\"name\":\"Thales Brand\u00e3o\",\"@id\":\"https:\\\/\\\/www.cidademarketing.com.br\\\/marketing\\\/#\\\/schema\\\/person\\\/02daff9f18bd9378c9e01eb6b2db155f\"},\"headline\":\"Avon lan\u00e7a novo batom em campanha com a jogadora Marta, craque do futebol feminino\",\"datePublished\":\"2019-06-13T02:29:06+00:00\",\"dateModified\":\"2019-06-13T02:29:08+00:00\",\"mainEntityOfPage\":{\"@id\":\"https:\\\/\\\/www.cidademarketing.com.br\\\/marketing\\\/2019\\\/06\\\/13\\\/avon-lanca-novo-batom-em-campanha-com-a-jogadora-marta-craque-do-futebol-feminino\\\/\"},\"wordCount\":380,\"commentCount\":0,\"publisher\":{\"@id\":\"https:\\\/\\\/www.cidademarketing.com.br\\\/marketing\\\/#organization\"},\"image\":{\"@id\":\"https:\\\/\\\/www.cidademarketing.com.br\\\/marketing\\\/2019\\\/06\\\/13\\\/avon-lanca-novo-batom-em-campanha-com-a-jogadora-marta-craque-do-futebol-feminino\\\/#primaryimage\"},\"thumbnailUrl\":\"https:\\\/\\\/www.cidademarketing.com.br\\\/marketing\\\/wp-content\\\/uploads\\\/2019\\\/06\\\/marta_avon_futebolfeminino.jpg\",\"keywords\":[\"Avon\",\"campanha\",\"estrat\u00e9gia\",\"marketing\"],\"articleSection\":[\"Not\u00edcias\"],\"inLanguage\":\"pt-BR\",\"potentialAction\":[{\"@type\":\"CommentAction\",\"name\":\"Comment\",\"target\":[\"https:\\\/\\\/www.cidademarketing.com.br\\\/marketing\\\/2019\\\/06\\\/13\\\/avon-lanca-novo-batom-em-campanha-com-a-jogadora-marta-craque-do-futebol-feminino\\\/#respond\"]}]},{\"@type\":\"WebPage\",\"@id\":\"https:\\\/\\\/www.cidademarketing.com.br\\\/marketing\\\/2019\\\/06\\\/13\\\/avon-lanca-novo-batom-em-campanha-com-a-jogadora-marta-craque-do-futebol-feminino\\\/\",\"url\":\"https:\\\/\\\/www.cidademarketing.com.br\\\/marketing\\\/2019\\\/06\\\/13\\\/avon-lanca-novo-batom-em-campanha-com-a-jogadora-marta-craque-do-futebol-feminino\\\/\",\"name\":\"Avon lan\u00e7a novo batom em campanha com a jogadora Marta, craque do futebol feminino - CidadeMarketing\",\"isPartOf\":{\"@id\":\"https:\\\/\\\/www.cidademarketing.com.br\\\/marketing\\\/#website\"},\"primaryImageOfPage\":{\"@id\":\"https:\\\/\\\/www.cidademarketing.com.br\\\/marketing\\\/2019\\\/06\\\/13\\\/avon-lanca-novo-batom-em-campanha-com-a-jogadora-marta-craque-do-futebol-feminino\\\/#primaryimage\"},\"image\":{\"@id\":\"https:\\\/\\\/www.cidademarketing.com.br\\\/marketing\\\/2019\\\/06\\\/13\\\/avon-lanca-novo-batom-em-campanha-com-a-jogadora-marta-craque-do-futebol-feminino\\\/#primaryimage\"},\"thumbnailUrl\":\"https:\\\/\\\/www.cidademarketing.com.br\\\/marketing\\\/wp-content\\\/uploads\\\/2019\\\/06\\\/marta_avon_futebolfeminino.jpg\",\"datePublished\":\"2019-06-13T02:29:06+00:00\",\"dateModified\":\"2019-06-13T02:29:08+00:00\",\"breadcrumb\":{\"@id\":\"https:\\\/\\\/www.cidademarketing.com.br\\\/marketing\\\/2019\\\/06\\\/13\\\/avon-lanca-novo-batom-em-campanha-com-a-jogadora-marta-craque-do-futebol-feminino\\\/#breadcrumb\"},\"inLanguage\":\"pt-BR\",\"potentialAction\":[{\"@type\":\"ReadAction\",\"target\":[\"https:\\\/\\\/www.cidademarketing.com.br\\\/marketing\\\/2019\\\/06\\\/13\\\/avon-lanca-novo-batom-em-campanha-com-a-jogadora-marta-craque-do-futebol-feminino\\\/\"]}]},{\"@type\":\"ImageObject\",\"inLanguage\":\"pt-BR\",\"@id\":\"https:\\\/\\\/www.cidademarketing.com.br\\\/marketing\\\/2019\\\/06\\\/13\\\/avon-lanca-novo-batom-em-campanha-com-a-jogadora-marta-craque-do-futebol-feminino\\\/#primaryimage\",\"url\":\"https:\\\/\\\/www.cidademarketing.com.br\\\/marketing\\\/wp-content\\\/uploads\\\/2019\\\/06\\\/marta_avon_futebolfeminino.jpg\",\"contentUrl\":\"https:\\\/\\\/www.cidademarketing.com.br\\\/marketing\\\/wp-content\\\/uploads\\\/2019\\\/06\\\/marta_avon_futebolfeminino.jpg\",\"width\":1280,\"height\":720,\"caption\":\"Reprodu\u00e7\u00e3o\"},{\"@type\":\"BreadcrumbList\",\"@id\":\"https:\\\/\\\/www.cidademarketing.com.br\\\/marketing\\\/2019\\\/06\\\/13\\\/avon-lanca-novo-batom-em-campanha-com-a-jogadora-marta-craque-do-futebol-feminino\\\/#breadcrumb\",\"itemListElement\":[{\"@type\":\"ListItem\",\"position\":1,\"name\":\"In\u00edcio\",\"item\":\"https:\\\/\\\/www.cidademarketing.com.br\\\/marketing\\\/\"},{\"@type\":\"ListItem\",\"position\":2,\"name\":\"Avon lan\u00e7a novo batom em campanha com a jogadora Marta, craque do futebol feminino\"}]},{\"@type\":\"WebSite\",\"@id\":\"https:\\\/\\\/www.cidademarketing.com.br\\\/marketing\\\/#website\",\"url\":\"https:\\\/\\\/www.cidademarketing.com.br\\\/marketing\\\/\",\"name\":\"CidadeMarketing\",\"description\":\"Somos um ve\u00edculo de comunica\u00e7\u00e3o de destaque no Brasil, reconhecido por conte\u00fados nos segmentos de marketing, empreendedorismo e inova\u00e7\u00e3o.\",\"publisher\":{\"@id\":\"https:\\\/\\\/www.cidademarketing.com.br\\\/marketing\\\/#organization\"},\"alternateName\":\"CidadeMarketing\",\"potentialAction\":[{\"@type\":\"SearchAction\",\"target\":{\"@type\":\"EntryPoint\",\"urlTemplate\":\"https:\\\/\\\/www.cidademarketing.com.br\\\/marketing\\\/?s={search_term_string}\"},\"query-input\":{\"@type\":\"PropertyValueSpecification\",\"valueRequired\":true,\"valueName\":\"search_term_string\"}}],\"inLanguage\":\"pt-BR\"},{\"@type\":\"Organization\",\"@id\":\"https:\\\/\\\/www.cidademarketing.com.br\\\/marketing\\\/#organization\",\"name\":\"CidadeMarketing\",\"alternateName\":\"CidadeMarketing\",\"url\":\"https:\\\/\\\/www.cidademarketing.com.br\\\/marketing\\\/\",\"logo\":{\"@type\":\"ImageObject\",\"inLanguage\":\"pt-BR\",\"@id\":\"https:\\\/\\\/www.cidademarketing.com.br\\\/marketing\\\/#\\\/schema\\\/logo\\\/image\\\/\",\"url\":\"https:\\\/\\\/www.cidademarketing.com.br\\\/marketing\\\/wp-content\\\/uploads\\\/2020\\\/01\\\/cidademarketing_marca_mobile.png\",\"contentUrl\":\"https:\\\/\\\/www.cidademarketing.com.br\\\/marketing\\\/wp-content\\\/uploads\\\/2020\\\/01\\\/cidademarketing_marca_mobile.png\",\"width\":230,\"height\":92,\"caption\":\"CidadeMarketing\"},\"image\":{\"@id\":\"https:\\\/\\\/www.cidademarketing.com.br\\\/marketing\\\/#\\\/schema\\\/logo\\\/image\\\/\"},\"sameAs\":[\"https:\\\/\\\/www.facebook.com\\\/portalcidademarketing\",\"https:\\\/\\\/x.com\\\/CidadeMarketing\",\"https:\\\/\\\/www.instagram.com\\\/cidademarketing\\\/\"]},{\"@type\":\"Person\",\"@id\":\"https:\\\/\\\/www.cidademarketing.com.br\\\/marketing\\\/#\\\/schema\\\/person\\\/02daff9f18bd9378c9e01eb6b2db155f\",\"name\":\"Thales Brand\u00e3o\",\"image\":{\"@type\":\"ImageObject\",\"inLanguage\":\"pt-BR\",\"@id\":\"https:\\\/\\\/secure.gravatar.com\\\/avatar\\\/7ca3206950207cc3cb48feec56a8a7898741ab725c368d99d5d7a5a50aab80c6?s=96&d=mm&r=g\",\"url\":\"https:\\\/\\\/secure.gravatar.com\\\/avatar\\\/7ca3206950207cc3cb48feec56a8a7898741ab725c368d99d5d7a5a50aab80c6?s=96&d=mm&r=g\",\"contentUrl\":\"https:\\\/\\\/secure.gravatar.com\\\/avatar\\\/7ca3206950207cc3cb48feec56a8a7898741ab725c368d99d5d7a5a50aab80c6?s=96&d=mm&r=g\",\"caption\":\"Thales Brand\u00e3o\"},\"description\":\"Editor Executivo do Portal CidadeMarketing.com.br &gt; Mestre em Comunica\u00e7\u00e3o e Sociedade pela Universidade Federal de Sergipe. Possui MBA Executivo em Administra\u00e7\u00e3o com \u00eanfase em Marketing pela Funda\u00e7\u00e3o Get\u00falio Vargas - Rio de Janeiro. Consultor, Palestrante e Pesquisador sobre Empreendedorismo, Marketing, Redes Sociais e Neg\u00f3cios Digitais. Professor, Palestrante TedxTalks e Campus Party. Twitter: @ThalesBrandao\",\"sameAs\":[\"http:\\\/\\\/www.mandacaru.com.br\",\"https:\\\/\\\/www.facebook.com\\\/thalesbrandao\",\"http:\\\/\\\/www.instagram.com.br\\\/thalesbrandaoferreira\",\"https:\\\/\\\/www.linkedin.com\\\/in\\\/thales-brand\u00e3o-3948609\\\/\",\"https:\\\/\\\/x.com\\\/http:\\\/\\\/www.twitter.com\\\/thalesbrandao\"],\"url\":\"https:\\\/\\\/www.cidademarketing.com.br\\\/marketing\\\/author\\\/thalesbrandao\\\/\"}]}<\/script>\n<!-- \/ Yoast SEO plugin. -->","yoast_head_json":{"title":"Avon lan\u00e7a novo batom em campanha com a jogadora Marta, craque do futebol feminino - CidadeMarketing","robots":{"index":"index","follow":"follow","max-snippet":"max-snippet:-1","max-image-preview":"max-image-preview:large","max-video-preview":"max-video-preview:-1"},"canonical":"https:\/\/www.cidademarketing.com.br\/marketing\/2019\/06\/13\/avon-lanca-novo-batom-em-campanha-com-a-jogadora-marta-craque-do-futebol-feminino\/","og_locale":"pt_BR","og_type":"article","og_title":"Avon lan\u00e7a novo batom em campanha com a jogadora Marta, craque do futebol feminino - CidadeMarketing","og_description":"Marta Silva foi a escolhida para estrear campanha para promover o lan\u00e7amento do Batom Power Stay de Avon, o novo batom l\u00edquido matte que promete 16 horas de fixa\u00e7\u00e3o. O conceito \u201cVeio Pra Ficar\u201d desenvolvido pela J. Walter Thompson, teve como prop\u00f3sito criar uma narrativa que gerasse integra\u00e7\u00e3o entre a maior jogadora de futebol do [&hellip;]","og_url":"https:\/\/www.cidademarketing.com.br\/marketing\/2019\/06\/13\/avon-lanca-novo-batom-em-campanha-com-a-jogadora-marta-craque-do-futebol-feminino\/","og_site_name":"CidadeMarketing","article_publisher":"https:\/\/www.facebook.com\/portalcidademarketing","article_author":"https:\/\/www.facebook.com\/thalesbrandao","article_published_time":"2019-06-13T02:29:06+00:00","article_modified_time":"2019-06-13T02:29:08+00:00","og_image":[{"width":1280,"height":720,"url":"https:\/\/www.cidademarketing.com.br\/marketing\/wp-content\/uploads\/2019\/06\/marta_avon_futebolfeminino.jpg","type":"image\/jpeg"}],"author":"Thales Brand\u00e3o","twitter_card":"summary_large_image","twitter_creator":"@http:\/\/www.twitter.com\/thalesbrandao","twitter_site":"@CidadeMarketing","twitter_misc":{"Escrito por":"Thales Brand\u00e3o","Est. tempo de leitura":"2 minutos"},"schema":{"@context":"https:\/\/schema.org","@graph":[{"@type":"Article","@id":"https:\/\/www.cidademarketing.com.br\/marketing\/2019\/06\/13\/avon-lanca-novo-batom-em-campanha-com-a-jogadora-marta-craque-do-futebol-feminino\/#article","isPartOf":{"@id":"https:\/\/www.cidademarketing.com.br\/marketing\/2019\/06\/13\/avon-lanca-novo-batom-em-campanha-com-a-jogadora-marta-craque-do-futebol-feminino\/"},"author":{"name":"Thales Brand\u00e3o","@id":"https:\/\/www.cidademarketing.com.br\/marketing\/#\/schema\/person\/02daff9f18bd9378c9e01eb6b2db155f"},"headline":"Avon lan\u00e7a novo batom em campanha com a jogadora Marta, craque do futebol feminino","datePublished":"2019-06-13T02:29:06+00:00","dateModified":"2019-06-13T02:29:08+00:00","mainEntityOfPage":{"@id":"https:\/\/www.cidademarketing.com.br\/marketing\/2019\/06\/13\/avon-lanca-novo-batom-em-campanha-com-a-jogadora-marta-craque-do-futebol-feminino\/"},"wordCount":380,"commentCount":0,"publisher":{"@id":"https:\/\/www.cidademarketing.com.br\/marketing\/#organization"},"image":{"@id":"https:\/\/www.cidademarketing.com.br\/marketing\/2019\/06\/13\/avon-lanca-novo-batom-em-campanha-com-a-jogadora-marta-craque-do-futebol-feminino\/#primaryimage"},"thumbnailUrl":"https:\/\/www.cidademarketing.com.br\/marketing\/wp-content\/uploads\/2019\/06\/marta_avon_futebolfeminino.jpg","keywords":["Avon","campanha","estrat\u00e9gia","marketing"],"articleSection":["Not\u00edcias"],"inLanguage":"pt-BR","potentialAction":[{"@type":"CommentAction","name":"Comment","target":["https:\/\/www.cidademarketing.com.br\/marketing\/2019\/06\/13\/avon-lanca-novo-batom-em-campanha-com-a-jogadora-marta-craque-do-futebol-feminino\/#respond"]}]},{"@type":"WebPage","@id":"https:\/\/www.cidademarketing.com.br\/marketing\/2019\/06\/13\/avon-lanca-novo-batom-em-campanha-com-a-jogadora-marta-craque-do-futebol-feminino\/","url":"https:\/\/www.cidademarketing.com.br\/marketing\/2019\/06\/13\/avon-lanca-novo-batom-em-campanha-com-a-jogadora-marta-craque-do-futebol-feminino\/","name":"Avon lan\u00e7a novo batom em campanha com a jogadora Marta, craque do futebol feminino - CidadeMarketing","isPartOf":{"@id":"https:\/\/www.cidademarketing.com.br\/marketing\/#website"},"primaryImageOfPage":{"@id":"https:\/\/www.cidademarketing.com.br\/marketing\/2019\/06\/13\/avon-lanca-novo-batom-em-campanha-com-a-jogadora-marta-craque-do-futebol-feminino\/#primaryimage"},"image":{"@id":"https:\/\/www.cidademarketing.com.br\/marketing\/2019\/06\/13\/avon-lanca-novo-batom-em-campanha-com-a-jogadora-marta-craque-do-futebol-feminino\/#primaryimage"},"thumbnailUrl":"https:\/\/www.cidademarketing.com.br\/marketing\/wp-content\/uploads\/2019\/06\/marta_avon_futebolfeminino.jpg","datePublished":"2019-06-13T02:29:06+00:00","dateModified":"2019-06-13T02:29:08+00:00","breadcrumb":{"@id":"https:\/\/www.cidademarketing.com.br\/marketing\/2019\/06\/13\/avon-lanca-novo-batom-em-campanha-com-a-jogadora-marta-craque-do-futebol-feminino\/#breadcrumb"},"inLanguage":"pt-BR","potentialAction":[{"@type":"ReadAction","target":["https:\/\/www.cidademarketing.com.br\/marketing\/2019\/06\/13\/avon-lanca-novo-batom-em-campanha-com-a-jogadora-marta-craque-do-futebol-feminino\/"]}]},{"@type":"ImageObject","inLanguage":"pt-BR","@id":"https:\/\/www.cidademarketing.com.br\/marketing\/2019\/06\/13\/avon-lanca-novo-batom-em-campanha-com-a-jogadora-marta-craque-do-futebol-feminino\/#primaryimage","url":"https:\/\/www.cidademarketing.com.br\/marketing\/wp-content\/uploads\/2019\/06\/marta_avon_futebolfeminino.jpg","contentUrl":"https:\/\/www.cidademarketing.com.br\/marketing\/wp-content\/uploads\/2019\/06\/marta_avon_futebolfeminino.jpg","width":1280,"height":720,"caption":"Reprodu\u00e7\u00e3o"},{"@type":"BreadcrumbList","@id":"https:\/\/www.cidademarketing.com.br\/marketing\/2019\/06\/13\/avon-lanca-novo-batom-em-campanha-com-a-jogadora-marta-craque-do-futebol-feminino\/#breadcrumb","itemListElement":[{"@type":"ListItem","position":1,"name":"In\u00edcio","item":"https:\/\/www.cidademarketing.com.br\/marketing\/"},{"@type":"ListItem","position":2,"name":"Avon lan\u00e7a novo batom em campanha com a jogadora Marta, craque do futebol feminino"}]},{"@type":"WebSite","@id":"https:\/\/www.cidademarketing.com.br\/marketing\/#website","url":"https:\/\/www.cidademarketing.com.br\/marketing\/","name":"CidadeMarketing","description":"Somos um ve\u00edculo de comunica\u00e7\u00e3o de destaque no Brasil, reconhecido por conte\u00fados nos segmentos de marketing, empreendedorismo e inova\u00e7\u00e3o.","publisher":{"@id":"https:\/\/www.cidademarketing.com.br\/marketing\/#organization"},"alternateName":"CidadeMarketing","potentialAction":[{"@type":"SearchAction","target":{"@type":"EntryPoint","urlTemplate":"https:\/\/www.cidademarketing.com.br\/marketing\/?s={search_term_string}"},"query-input":{"@type":"PropertyValueSpecification","valueRequired":true,"valueName":"search_term_string"}}],"inLanguage":"pt-BR"},{"@type":"Organization","@id":"https:\/\/www.cidademarketing.com.br\/marketing\/#organization","name":"CidadeMarketing","alternateName":"CidadeMarketing","url":"https:\/\/www.cidademarketing.com.br\/marketing\/","logo":{"@type":"ImageObject","inLanguage":"pt-BR","@id":"https:\/\/www.cidademarketing.com.br\/marketing\/#\/schema\/logo\/image\/","url":"https:\/\/www.cidademarketing.com.br\/marketing\/wp-content\/uploads\/2020\/01\/cidademarketing_marca_mobile.png","contentUrl":"https:\/\/www.cidademarketing.com.br\/marketing\/wp-content\/uploads\/2020\/01\/cidademarketing_marca_mobile.png","width":230,"height":92,"caption":"CidadeMarketing"},"image":{"@id":"https:\/\/www.cidademarketing.com.br\/marketing\/#\/schema\/logo\/image\/"},"sameAs":["https:\/\/www.facebook.com\/portalcidademarketing","https:\/\/x.com\/CidadeMarketing","https:\/\/www.instagram.com\/cidademarketing\/"]},{"@type":"Person","@id":"https:\/\/www.cidademarketing.com.br\/marketing\/#\/schema\/person\/02daff9f18bd9378c9e01eb6b2db155f","name":"Thales Brand\u00e3o","image":{"@type":"ImageObject","inLanguage":"pt-BR","@id":"https:\/\/secure.gravatar.com\/avatar\/7ca3206950207cc3cb48feec56a8a7898741ab725c368d99d5d7a5a50aab80c6?s=96&d=mm&r=g","url":"https:\/\/secure.gravatar.com\/avatar\/7ca3206950207cc3cb48feec56a8a7898741ab725c368d99d5d7a5a50aab80c6?s=96&d=mm&r=g","contentUrl":"https:\/\/secure.gravatar.com\/avatar\/7ca3206950207cc3cb48feec56a8a7898741ab725c368d99d5d7a5a50aab80c6?s=96&d=mm&r=g","caption":"Thales Brand\u00e3o"},"description":"Editor Executivo do Portal CidadeMarketing.com.br &gt; Mestre em Comunica\u00e7\u00e3o e Sociedade pela Universidade Federal de Sergipe. Possui MBA Executivo em Administra\u00e7\u00e3o com \u00eanfase em Marketing pela Funda\u00e7\u00e3o Get\u00falio Vargas - Rio de Janeiro. Consultor, Palestrante e Pesquisador sobre Empreendedorismo, Marketing, Redes Sociais e Neg\u00f3cios Digitais. Professor, Palestrante TedxTalks e Campus Party. Twitter: @ThalesBrandao","sameAs":["http:\/\/www.mandacaru.com.br","https:\/\/www.facebook.com\/thalesbrandao","http:\/\/www.instagram.com.br\/thalesbrandaoferreira","https:\/\/www.linkedin.com\/in\/thales-brand\u00e3o-3948609\/","https:\/\/x.com\/http:\/\/www.twitter.com\/thalesbrandao"],"url":"https:\/\/www.cidademarketing.com.br\/marketing\/author\/thalesbrandao\/"}]}},"amp_enabled":true,"_links":{"self":[{"href":"https:\/\/www.cidademarketing.com.br\/marketing\/wp-json\/wp\/v2\/posts\/9133","targetHints":{"allow":["GET"]}}],"collection":[{"href":"https:\/\/www.cidademarketing.com.br\/marketing\/wp-json\/wp\/v2\/posts"}],"about":[{"href":"https:\/\/www.cidademarketing.com.br\/marketing\/wp-json\/wp\/v2\/types\/post"}],"author":[{"embeddable":true,"href":"https:\/\/www.cidademarketing.com.br\/marketing\/wp-json\/wp\/v2\/users\/1"}],"replies":[{"embeddable":true,"href":"https:\/\/www.cidademarketing.com.br\/marketing\/wp-json\/wp\/v2\/comments?post=9133"}],"version-history":[{"count":1,"href":"https:\/\/www.cidademarketing.com.br\/marketing\/wp-json\/wp\/v2\/posts\/9133\/revisions"}],"predecessor-version":[{"id":9135,"href":"https:\/\/www.cidademarketing.com.br\/marketing\/wp-json\/wp\/v2\/posts\/9133\/revisions\/9135"}],"wp:featuredmedia":[{"embeddable":true,"href":"https:\/\/www.cidademarketing.com.br\/marketing\/wp-json\/wp\/v2\/media\/9134"}],"wp:attachment":[{"href":"https:\/\/www.cidademarketing.com.br\/marketing\/wp-json\/wp\/v2\/media?parent=9133"}],"wp:term":[{"taxonomy":"category","embeddable":true,"href":"https:\/\/www.cidademarketing.com.br\/marketing\/wp-json\/wp\/v2\/categories?post=9133"},{"taxonomy":"post_tag","embeddable":true,"href":"https:\/\/www.cidademarketing.com.br\/marketing\/wp-json\/wp\/v2\/tags?post=9133"}],"curies":[{"name":"wp","href":"https:\/\/api.w.org\/{rel}","templated":true}]}}