{"id":9039,"date":"2019-06-09T08:32:17","date_gmt":"2019-06-09T04:32:17","guid":{"rendered":"https:\/\/www.cidademarketing.com.br\/marketing\/?p=9039"},"modified":"2019-06-09T08:32:18","modified_gmt":"2019-06-09T04:32:18","slug":"carrefour-amplia-a-linha-sabor-qualidade-com-oferta-de-bananas-naturais","status":"publish","type":"post","link":"https:\/\/www.cidademarketing.com.br\/marketing\/2019\/06\/09\/carrefour-amplia-a-linha-sabor-qualidade-com-oferta-de-bananas-naturais\/","title":{"rendered":"Carrefour amplia a linha Sabor &#038; Qualidade com oferta de bananas naturais"},"content":{"rendered":"\n<p>A linha Sabor &amp; Qualidade, marca exclusiva do Carrefour que re\u00fane produtos naturais com qualidade superior e garantia desde a origem, acaba de ganhar mais um item selecionado para o consumidor. A rede anunciou nesta quinta-feira (6) uma nova oferta de bananas nanicas e pratas que contam com um processo produtivo pioneiro, inovador e sustent\u00e1vel em parceria com a Fazenda Corr\u00eaa, na regi\u00e3o do Vale do Ribeira.<br>\nLocalizada no munic\u00edpio de Jacupiranga (SP), no interior paulista, a fazenda cultiva um volume m\u00e9dio de 5,5 mil toneladas por ano dos tipos nanica e prata, que abastecer\u00e1 33 lojas do Carrefour em todo o Estado de S\u00e3o Paulo. A empresa j\u00e1 prev\u00ea a expans\u00e3o desta parceria, a partir de outra unidade da Fazenda Corr\u00eaa, no munic\u00edpio de Delfin\u00f3polis (MG), com capacidade para produ\u00e7\u00e3o para o Carrefour de mais 3 mil toneladas de banana prata. Este novo volume cobrir\u00e1 o abastecimento de mais 25 lojas da rede no Estado de S\u00e3o Paulo, totalizando 58.<br>\nA fazenda em Jacupiranga tem capacidade de atender a uma demanda ainda maior pelas bananas Sabor &amp; Qualidade em outro setor \u2013 que, com \u00e1rea de 40 hectares, j\u00e1 est\u00e1 preparado para receber o cultivo de banana nanica.<br>\nPara atender aos requisitos do selo Sabor &amp; Qualidade, o m\u00e9todo utilizado na produ\u00e7\u00e3o envolve um cultivo agroecol\u00f3gico, que tem entre suas principais caracter\u00edsticas a aplica\u00e7\u00e3o terrestre de elementos biol\u00f3gicos que apoiam o plantio. Trata-se de um processo mais sustent\u00e1vel do que o m\u00e9todo convencional utilizado por outras planta\u00e7\u00f5es, que adotam o tratamento qu\u00edmico com pulveriza\u00e7\u00e3o a\u00e9rea para o controle de pragas \u2013 que aumenta os riscos de contamina\u00e7\u00e3o de solos, mananciais e rios, al\u00e9m de n\u00e3o evitar que a fruta permane\u00e7a com um residual dos defensivos agr\u00edcolas.<br>\nA aplica\u00e7\u00e3o terrestre e o controle biol\u00f3gico, associados \u00e0 cobertura dos cachos com uma bolsa de prote\u00e7\u00e3o, ainda contribuem para que a banana atinja um equil\u00edbrio nutricional que ajuda a evitar doen\u00e7as e pragas.<br>\n\u201cA banana Sabor &amp; Qualidade \u00e9 mais um item importante que concretiza o compromisso que assumimos com o movimento global Act For Food, que incentiva e oferta alimentos saud\u00e1veis e sustent\u00e1veis a pre\u00e7os justos. Seguimos expandindo o sortimento baseado nessas premissas, o que \u00e9 fundamental para que todos tenham acesso a esses produtos\u201d, afirma St\u00e9phane Engelhard, Vice-Presidente de Rela\u00e7\u00f5es Institucionais do Grupo Carrefour Brasil. \u201cA parceria com a Fazenda Corr\u00eaa \u00e9 uma refer\u00eancia dentro da mobiliza\u00e7\u00e3o que buscamos impulsionar em toda a cadeia produtiva, buscando garantir uma produ\u00e7\u00e3o sustent\u00e1vel e nos n\u00edveis exigidos pela marca Sabor &amp; Qualidade.\u201d<br>\nO cultivo da banana ocupa 25% ou 60 hectares da \u00e1rea total da fazenda. Depois de um ano de testes desse modelo de produ\u00e7\u00e3o em parceria com o Carrefour, foi poss\u00edvel comercializar a banana a um custo equilibrado em rela\u00e7\u00e3o ao produto convencional, tanto na produ\u00e7\u00e3o como no pre\u00e7o mostrado na g\u00f4ndola \u2013 e mesmo exigindo mais empenho e manejo dos funcion\u00e1rios no processo de plantio e colheita.<br>\nO Carrefour \u00e9 a \u00fanica rede varejista que garante que a banana que sai da fazenda para as lojas contar\u00e1 com rastreabilidade desde a origem at\u00e9 o consumidor, utilizando uma etiqueta com QR Code. O monitoramento come\u00e7a na packing house, uma etapa da produ\u00e7\u00e3o onde as frutas s\u00e3o lavadas e tratadas depois da colheita. \u00c9 l\u00e1 que diversas informa\u00e7\u00f5es sobre o produto s\u00e3o registradas conforme chegam os pedidos.<br>\nNa packing house, a limpeza dos cachos de banana \u00e9 feita em tanques de lavagem com \u00e1gua e sulfato de metal, que n\u00e3o deixa res\u00edduos na fruta. Essa mistura \u00e9 substitu\u00edda todos os dias e tratada antes de ser lan\u00e7ada \u00e0 natureza. Al\u00e9m disso, a regi\u00e3o possui chuvas bem distribu\u00eddas ao longo do ano, o que dispensa a irriga\u00e7\u00e3o.<br>\nEsse acompanhamento segue nas etapas seguintes, incluindo o transporte das caixas de banana at\u00e9 um centro de armazenagem climatizado em S\u00e3o Bernardo do Campo (SP), no ABC paulista, antes de chegar \u00e0s lojas do Carrefour no Estado. Desta forma, o consumidor que usar o celular para fazer a leitura da etiqueta com QR Code na g\u00f4ndola acessar\u00e1 dados sobre o produtor e a proced\u00eancia da banana, incluindo imagens e descri\u00e7\u00e3o da \u00e1rea de cultivo, al\u00e9m das premissas da marca Sabor &amp; Qualidade.<br>\nA Fazenda Corr\u00eaa tem parceria firmada h\u00e1 mais de dez anos com o Carrefour para produtos de Marca Pr\u00f3pria. Hoje, al\u00e9m do cultivo agroecol\u00f3gico, o local possui diversas boas pr\u00e1ticas ambientais. Com \u00e1rea de reserva legal de 67%, bem acima dos 20% exigidos pelo C\u00f3digo Florestal, a fazenda \u00e9 abastecida de \u00e1gua de nascente com capta\u00e7\u00e3o pr\u00f3pria, que passa por tratamento antes de ser devolvida \u00e0 natureza.<\/p>\n","protected":false},"excerpt":{"rendered":"<p>A linha Sabor &amp; Qualidade, marca exclusiva do Carrefour que re\u00fane produtos naturais com qualidade superior e garantia desde a origem, acaba de ganhar mais um item selecionado para o consumidor. A rede anunciou nesta quinta-feira (6) uma nova oferta de bananas nanicas e pratas que contam com um processo produtivo pioneiro, inovador e sustent\u00e1vel [&hellip;]<\/p>\n","protected":false},"author":1,"featured_media":9040,"comment_status":"open","ping_status":"open","sticky":false,"template":"","format":"standard","meta":{"tdm_status":"","tdm_grid_status":"","footnotes":""},"categories":[6],"tags":[746,28,1979],"class_list":["post-9039","post","type-post","status-publish","format-standard","has-post-thumbnail","hentry","category-noticias","tag-carrefour","tag-marketing","tag-sustentavel"],"yoast_head":"<!-- This site is optimized with the Yoast SEO plugin v27.5 - https:\/\/yoast.com\/product\/yoast-seo-wordpress\/ -->\n<title>Carrefour amplia a linha Sabor &amp; Qualidade com oferta de bananas naturais - CidadeMarketing<\/title>\n<meta name=\"robots\" content=\"index, follow, max-snippet:-1, max-image-preview:large, max-video-preview:-1\" \/>\n<link rel=\"canonical\" href=\"https:\/\/www.cidademarketing.com.br\/marketing\/2019\/06\/09\/carrefour-amplia-a-linha-sabor-qualidade-com-oferta-de-bananas-naturais\/\" \/>\n<meta property=\"og:locale\" content=\"pt_BR\" \/>\n<meta property=\"og:type\" content=\"article\" \/>\n<meta property=\"og:title\" content=\"Carrefour amplia a linha Sabor &amp; Qualidade com oferta de bananas naturais - CidadeMarketing\" \/>\n<meta property=\"og:description\" content=\"A linha Sabor &amp; Qualidade, marca exclusiva do Carrefour que re\u00fane produtos naturais com qualidade superior e garantia desde a origem, acaba de ganhar mais um item selecionado para o consumidor. A rede anunciou nesta quinta-feira (6) uma nova oferta de bananas nanicas e pratas que contam com um processo produtivo pioneiro, inovador e sustent\u00e1vel [&hellip;]\" \/>\n<meta property=\"og:url\" content=\"https:\/\/www.cidademarketing.com.br\/marketing\/2019\/06\/09\/carrefour-amplia-a-linha-sabor-qualidade-com-oferta-de-bananas-naturais\/\" \/>\n<meta property=\"og:site_name\" content=\"CidadeMarketing\" \/>\n<meta property=\"article:publisher\" content=\"https:\/\/www.facebook.com\/portalcidademarketing\" \/>\n<meta property=\"article:author\" content=\"https:\/\/www.facebook.com\/thalesbrandao\" \/>\n<meta property=\"article:published_time\" content=\"2019-06-09T04:32:17+00:00\" \/>\n<meta property=\"article:modified_time\" content=\"2019-06-09T04:32:18+00:00\" \/>\n<meta property=\"og:image\" content=\"https:\/\/www.cidademarketing.com.br\/marketing\/wp-content\/uploads\/2019\/06\/banana_carrefour_natural.jpg\" \/>\n\t<meta property=\"og:image:width\" content=\"680\" \/>\n\t<meta property=\"og:image:height\" content=\"485\" \/>\n\t<meta property=\"og:image:type\" content=\"image\/jpeg\" \/>\n<meta name=\"author\" content=\"Thales Brand\u00e3o\" \/>\n<meta name=\"twitter:card\" content=\"summary_large_image\" \/>\n<meta name=\"twitter:creator\" content=\"@http:\/\/www.twitter.com\/thalesbrandao\" \/>\n<meta name=\"twitter:site\" content=\"@CidadeMarketing\" \/>\n<meta name=\"twitter:label1\" content=\"Escrito por\" \/>\n\t<meta name=\"twitter:data1\" content=\"Thales Brand\u00e3o\" \/>\n\t<meta name=\"twitter:label2\" content=\"Est. tempo de leitura\" \/>\n\t<meta name=\"twitter:data2\" content=\"4 minutos\" \/>\n<script type=\"application\/ld+json\" class=\"yoast-schema-graph\">{\"@context\":\"https:\\\/\\\/schema.org\",\"@graph\":[{\"@type\":\"Article\",\"@id\":\"https:\\\/\\\/www.cidademarketing.com.br\\\/marketing\\\/2019\\\/06\\\/09\\\/carrefour-amplia-a-linha-sabor-qualidade-com-oferta-de-bananas-naturais\\\/#article\",\"isPartOf\":{\"@id\":\"https:\\\/\\\/www.cidademarketing.com.br\\\/marketing\\\/2019\\\/06\\\/09\\\/carrefour-amplia-a-linha-sabor-qualidade-com-oferta-de-bananas-naturais\\\/\"},\"author\":{\"name\":\"Thales Brand\u00e3o\",\"@id\":\"https:\\\/\\\/www.cidademarketing.com.br\\\/marketing\\\/#\\\/schema\\\/person\\\/02daff9f18bd9378c9e01eb6b2db155f\"},\"headline\":\"Carrefour amplia a linha Sabor &#038; Qualidade com oferta de bananas naturais\",\"datePublished\":\"2019-06-09T04:32:17+00:00\",\"dateModified\":\"2019-06-09T04:32:18+00:00\",\"mainEntityOfPage\":{\"@id\":\"https:\\\/\\\/www.cidademarketing.com.br\\\/marketing\\\/2019\\\/06\\\/09\\\/carrefour-amplia-a-linha-sabor-qualidade-com-oferta-de-bananas-naturais\\\/\"},\"wordCount\":828,\"commentCount\":1,\"publisher\":{\"@id\":\"https:\\\/\\\/www.cidademarketing.com.br\\\/marketing\\\/#organization\"},\"image\":{\"@id\":\"https:\\\/\\\/www.cidademarketing.com.br\\\/marketing\\\/2019\\\/06\\\/09\\\/carrefour-amplia-a-linha-sabor-qualidade-com-oferta-de-bananas-naturais\\\/#primaryimage\"},\"thumbnailUrl\":\"https:\\\/\\\/www.cidademarketing.com.br\\\/marketing\\\/wp-content\\\/uploads\\\/2019\\\/06\\\/banana_carrefour_natural.jpg\",\"keywords\":[\"Carrefour\",\"marketing\",\"sustent\u00e1vel\"],\"articleSection\":[\"Not\u00edcias\"],\"inLanguage\":\"pt-BR\",\"potentialAction\":[{\"@type\":\"CommentAction\",\"name\":\"Comment\",\"target\":[\"https:\\\/\\\/www.cidademarketing.com.br\\\/marketing\\\/2019\\\/06\\\/09\\\/carrefour-amplia-a-linha-sabor-qualidade-com-oferta-de-bananas-naturais\\\/#respond\"]}]},{\"@type\":\"WebPage\",\"@id\":\"https:\\\/\\\/www.cidademarketing.com.br\\\/marketing\\\/2019\\\/06\\\/09\\\/carrefour-amplia-a-linha-sabor-qualidade-com-oferta-de-bananas-naturais\\\/\",\"url\":\"https:\\\/\\\/www.cidademarketing.com.br\\\/marketing\\\/2019\\\/06\\\/09\\\/carrefour-amplia-a-linha-sabor-qualidade-com-oferta-de-bananas-naturais\\\/\",\"name\":\"Carrefour amplia a linha Sabor & Qualidade com oferta de bananas naturais - CidadeMarketing\",\"isPartOf\":{\"@id\":\"https:\\\/\\\/www.cidademarketing.com.br\\\/marketing\\\/#website\"},\"primaryImageOfPage\":{\"@id\":\"https:\\\/\\\/www.cidademarketing.com.br\\\/marketing\\\/2019\\\/06\\\/09\\\/carrefour-amplia-a-linha-sabor-qualidade-com-oferta-de-bananas-naturais\\\/#primaryimage\"},\"image\":{\"@id\":\"https:\\\/\\\/www.cidademarketing.com.br\\\/marketing\\\/2019\\\/06\\\/09\\\/carrefour-amplia-a-linha-sabor-qualidade-com-oferta-de-bananas-naturais\\\/#primaryimage\"},\"thumbnailUrl\":\"https:\\\/\\\/www.cidademarketing.com.br\\\/marketing\\\/wp-content\\\/uploads\\\/2019\\\/06\\\/banana_carrefour_natural.jpg\",\"datePublished\":\"2019-06-09T04:32:17+00:00\",\"dateModified\":\"2019-06-09T04:32:18+00:00\",\"breadcrumb\":{\"@id\":\"https:\\\/\\\/www.cidademarketing.com.br\\\/marketing\\\/2019\\\/06\\\/09\\\/carrefour-amplia-a-linha-sabor-qualidade-com-oferta-de-bananas-naturais\\\/#breadcrumb\"},\"inLanguage\":\"pt-BR\",\"potentialAction\":[{\"@type\":\"ReadAction\",\"target\":[\"https:\\\/\\\/www.cidademarketing.com.br\\\/marketing\\\/2019\\\/06\\\/09\\\/carrefour-amplia-a-linha-sabor-qualidade-com-oferta-de-bananas-naturais\\\/\"]}]},{\"@type\":\"ImageObject\",\"inLanguage\":\"pt-BR\",\"@id\":\"https:\\\/\\\/www.cidademarketing.com.br\\\/marketing\\\/2019\\\/06\\\/09\\\/carrefour-amplia-a-linha-sabor-qualidade-com-oferta-de-bananas-naturais\\\/#primaryimage\",\"url\":\"https:\\\/\\\/www.cidademarketing.com.br\\\/marketing\\\/wp-content\\\/uploads\\\/2019\\\/06\\\/banana_carrefour_natural.jpg\",\"contentUrl\":\"https:\\\/\\\/www.cidademarketing.com.br\\\/marketing\\\/wp-content\\\/uploads\\\/2019\\\/06\\\/banana_carrefour_natural.jpg\",\"width\":680,\"height\":485},{\"@type\":\"BreadcrumbList\",\"@id\":\"https:\\\/\\\/www.cidademarketing.com.br\\\/marketing\\\/2019\\\/06\\\/09\\\/carrefour-amplia-a-linha-sabor-qualidade-com-oferta-de-bananas-naturais\\\/#breadcrumb\",\"itemListElement\":[{\"@type\":\"ListItem\",\"position\":1,\"name\":\"In\u00edcio\",\"item\":\"https:\\\/\\\/www.cidademarketing.com.br\\\/marketing\\\/\"},{\"@type\":\"ListItem\",\"position\":2,\"name\":\"Carrefour amplia a linha Sabor &#038; Qualidade com oferta de bananas naturais\"}]},{\"@type\":\"WebSite\",\"@id\":\"https:\\\/\\\/www.cidademarketing.com.br\\\/marketing\\\/#website\",\"url\":\"https:\\\/\\\/www.cidademarketing.com.br\\\/marketing\\\/\",\"name\":\"CidadeMarketing\",\"description\":\"Somos um ve\u00edculo de comunica\u00e7\u00e3o de destaque no Brasil, reconhecido por conte\u00fados nos segmentos de marketing, empreendedorismo e inova\u00e7\u00e3o.\",\"publisher\":{\"@id\":\"https:\\\/\\\/www.cidademarketing.com.br\\\/marketing\\\/#organization\"},\"alternateName\":\"CidadeMarketing\",\"potentialAction\":[{\"@type\":\"SearchAction\",\"target\":{\"@type\":\"EntryPoint\",\"urlTemplate\":\"https:\\\/\\\/www.cidademarketing.com.br\\\/marketing\\\/?s={search_term_string}\"},\"query-input\":{\"@type\":\"PropertyValueSpecification\",\"valueRequired\":true,\"valueName\":\"search_term_string\"}}],\"inLanguage\":\"pt-BR\"},{\"@type\":\"Organization\",\"@id\":\"https:\\\/\\\/www.cidademarketing.com.br\\\/marketing\\\/#organization\",\"name\":\"CidadeMarketing\",\"alternateName\":\"CidadeMarketing\",\"url\":\"https:\\\/\\\/www.cidademarketing.com.br\\\/marketing\\\/\",\"logo\":{\"@type\":\"ImageObject\",\"inLanguage\":\"pt-BR\",\"@id\":\"https:\\\/\\\/www.cidademarketing.com.br\\\/marketing\\\/#\\\/schema\\\/logo\\\/image\\\/\",\"url\":\"https:\\\/\\\/www.cidademarketing.com.br\\\/marketing\\\/wp-content\\\/uploads\\\/2020\\\/01\\\/cidademarketing_marca_mobile.png\",\"contentUrl\":\"https:\\\/\\\/www.cidademarketing.com.br\\\/marketing\\\/wp-content\\\/uploads\\\/2020\\\/01\\\/cidademarketing_marca_mobile.png\",\"width\":230,\"height\":92,\"caption\":\"CidadeMarketing\"},\"image\":{\"@id\":\"https:\\\/\\\/www.cidademarketing.com.br\\\/marketing\\\/#\\\/schema\\\/logo\\\/image\\\/\"},\"sameAs\":[\"https:\\\/\\\/www.facebook.com\\\/portalcidademarketing\",\"https:\\\/\\\/x.com\\\/CidadeMarketing\",\"https:\\\/\\\/www.instagram.com\\\/cidademarketing\\\/\"]},{\"@type\":\"Person\",\"@id\":\"https:\\\/\\\/www.cidademarketing.com.br\\\/marketing\\\/#\\\/schema\\\/person\\\/02daff9f18bd9378c9e01eb6b2db155f\",\"name\":\"Thales Brand\u00e3o\",\"image\":{\"@type\":\"ImageObject\",\"inLanguage\":\"pt-BR\",\"@id\":\"https:\\\/\\\/secure.gravatar.com\\\/avatar\\\/7ca3206950207cc3cb48feec56a8a7898741ab725c368d99d5d7a5a50aab80c6?s=96&d=mm&r=g\",\"url\":\"https:\\\/\\\/secure.gravatar.com\\\/avatar\\\/7ca3206950207cc3cb48feec56a8a7898741ab725c368d99d5d7a5a50aab80c6?s=96&d=mm&r=g\",\"contentUrl\":\"https:\\\/\\\/secure.gravatar.com\\\/avatar\\\/7ca3206950207cc3cb48feec56a8a7898741ab725c368d99d5d7a5a50aab80c6?s=96&d=mm&r=g\",\"caption\":\"Thales Brand\u00e3o\"},\"description\":\"Editor Executivo do Portal CidadeMarketing.com.br &gt; Mestre em Comunica\u00e7\u00e3o e Sociedade pela Universidade Federal de Sergipe. Possui MBA Executivo em Administra\u00e7\u00e3o com \u00eanfase em Marketing pela Funda\u00e7\u00e3o Get\u00falio Vargas - Rio de Janeiro. Consultor, Palestrante e Pesquisador sobre Empreendedorismo, Marketing, Redes Sociais e Neg\u00f3cios Digitais. Professor, Palestrante TedxTalks e Campus Party. Twitter: @ThalesBrandao\",\"sameAs\":[\"http:\\\/\\\/www.mandacaru.com.br\",\"https:\\\/\\\/www.facebook.com\\\/thalesbrandao\",\"http:\\\/\\\/www.instagram.com.br\\\/thalesbrandaoferreira\",\"https:\\\/\\\/www.linkedin.com\\\/in\\\/thales-brand\u00e3o-3948609\\\/\",\"https:\\\/\\\/x.com\\\/http:\\\/\\\/www.twitter.com\\\/thalesbrandao\"],\"url\":\"https:\\\/\\\/www.cidademarketing.com.br\\\/marketing\\\/author\\\/thalesbrandao\\\/\"}]}<\/script>\n<!-- \/ Yoast SEO plugin. -->","yoast_head_json":{"title":"Carrefour amplia a linha Sabor & Qualidade com oferta de bananas naturais - CidadeMarketing","robots":{"index":"index","follow":"follow","max-snippet":"max-snippet:-1","max-image-preview":"max-image-preview:large","max-video-preview":"max-video-preview:-1"},"canonical":"https:\/\/www.cidademarketing.com.br\/marketing\/2019\/06\/09\/carrefour-amplia-a-linha-sabor-qualidade-com-oferta-de-bananas-naturais\/","og_locale":"pt_BR","og_type":"article","og_title":"Carrefour amplia a linha Sabor & Qualidade com oferta de bananas naturais - CidadeMarketing","og_description":"A linha Sabor &amp; Qualidade, marca exclusiva do Carrefour que re\u00fane produtos naturais com qualidade superior e garantia desde a origem, acaba de ganhar mais um item selecionado para o consumidor. A rede anunciou nesta quinta-feira (6) uma nova oferta de bananas nanicas e pratas que contam com um processo produtivo pioneiro, inovador e sustent\u00e1vel [&hellip;]","og_url":"https:\/\/www.cidademarketing.com.br\/marketing\/2019\/06\/09\/carrefour-amplia-a-linha-sabor-qualidade-com-oferta-de-bananas-naturais\/","og_site_name":"CidadeMarketing","article_publisher":"https:\/\/www.facebook.com\/portalcidademarketing","article_author":"https:\/\/www.facebook.com\/thalesbrandao","article_published_time":"2019-06-09T04:32:17+00:00","article_modified_time":"2019-06-09T04:32:18+00:00","og_image":[{"width":680,"height":485,"url":"https:\/\/www.cidademarketing.com.br\/marketing\/wp-content\/uploads\/2019\/06\/banana_carrefour_natural.jpg","type":"image\/jpeg"}],"author":"Thales Brand\u00e3o","twitter_card":"summary_large_image","twitter_creator":"@http:\/\/www.twitter.com\/thalesbrandao","twitter_site":"@CidadeMarketing","twitter_misc":{"Escrito por":"Thales Brand\u00e3o","Est. tempo de leitura":"4 minutos"},"schema":{"@context":"https:\/\/schema.org","@graph":[{"@type":"Article","@id":"https:\/\/www.cidademarketing.com.br\/marketing\/2019\/06\/09\/carrefour-amplia-a-linha-sabor-qualidade-com-oferta-de-bananas-naturais\/#article","isPartOf":{"@id":"https:\/\/www.cidademarketing.com.br\/marketing\/2019\/06\/09\/carrefour-amplia-a-linha-sabor-qualidade-com-oferta-de-bananas-naturais\/"},"author":{"name":"Thales Brand\u00e3o","@id":"https:\/\/www.cidademarketing.com.br\/marketing\/#\/schema\/person\/02daff9f18bd9378c9e01eb6b2db155f"},"headline":"Carrefour amplia a linha Sabor &#038; Qualidade com oferta de bananas naturais","datePublished":"2019-06-09T04:32:17+00:00","dateModified":"2019-06-09T04:32:18+00:00","mainEntityOfPage":{"@id":"https:\/\/www.cidademarketing.com.br\/marketing\/2019\/06\/09\/carrefour-amplia-a-linha-sabor-qualidade-com-oferta-de-bananas-naturais\/"},"wordCount":828,"commentCount":1,"publisher":{"@id":"https:\/\/www.cidademarketing.com.br\/marketing\/#organization"},"image":{"@id":"https:\/\/www.cidademarketing.com.br\/marketing\/2019\/06\/09\/carrefour-amplia-a-linha-sabor-qualidade-com-oferta-de-bananas-naturais\/#primaryimage"},"thumbnailUrl":"https:\/\/www.cidademarketing.com.br\/marketing\/wp-content\/uploads\/2019\/06\/banana_carrefour_natural.jpg","keywords":["Carrefour","marketing","sustent\u00e1vel"],"articleSection":["Not\u00edcias"],"inLanguage":"pt-BR","potentialAction":[{"@type":"CommentAction","name":"Comment","target":["https:\/\/www.cidademarketing.com.br\/marketing\/2019\/06\/09\/carrefour-amplia-a-linha-sabor-qualidade-com-oferta-de-bananas-naturais\/#respond"]}]},{"@type":"WebPage","@id":"https:\/\/www.cidademarketing.com.br\/marketing\/2019\/06\/09\/carrefour-amplia-a-linha-sabor-qualidade-com-oferta-de-bananas-naturais\/","url":"https:\/\/www.cidademarketing.com.br\/marketing\/2019\/06\/09\/carrefour-amplia-a-linha-sabor-qualidade-com-oferta-de-bananas-naturais\/","name":"Carrefour amplia a linha Sabor & Qualidade com oferta de bananas naturais - CidadeMarketing","isPartOf":{"@id":"https:\/\/www.cidademarketing.com.br\/marketing\/#website"},"primaryImageOfPage":{"@id":"https:\/\/www.cidademarketing.com.br\/marketing\/2019\/06\/09\/carrefour-amplia-a-linha-sabor-qualidade-com-oferta-de-bananas-naturais\/#primaryimage"},"image":{"@id":"https:\/\/www.cidademarketing.com.br\/marketing\/2019\/06\/09\/carrefour-amplia-a-linha-sabor-qualidade-com-oferta-de-bananas-naturais\/#primaryimage"},"thumbnailUrl":"https:\/\/www.cidademarketing.com.br\/marketing\/wp-content\/uploads\/2019\/06\/banana_carrefour_natural.jpg","datePublished":"2019-06-09T04:32:17+00:00","dateModified":"2019-06-09T04:32:18+00:00","breadcrumb":{"@id":"https:\/\/www.cidademarketing.com.br\/marketing\/2019\/06\/09\/carrefour-amplia-a-linha-sabor-qualidade-com-oferta-de-bananas-naturais\/#breadcrumb"},"inLanguage":"pt-BR","potentialAction":[{"@type":"ReadAction","target":["https:\/\/www.cidademarketing.com.br\/marketing\/2019\/06\/09\/carrefour-amplia-a-linha-sabor-qualidade-com-oferta-de-bananas-naturais\/"]}]},{"@type":"ImageObject","inLanguage":"pt-BR","@id":"https:\/\/www.cidademarketing.com.br\/marketing\/2019\/06\/09\/carrefour-amplia-a-linha-sabor-qualidade-com-oferta-de-bananas-naturais\/#primaryimage","url":"https:\/\/www.cidademarketing.com.br\/marketing\/wp-content\/uploads\/2019\/06\/banana_carrefour_natural.jpg","contentUrl":"https:\/\/www.cidademarketing.com.br\/marketing\/wp-content\/uploads\/2019\/06\/banana_carrefour_natural.jpg","width":680,"height":485},{"@type":"BreadcrumbList","@id":"https:\/\/www.cidademarketing.com.br\/marketing\/2019\/06\/09\/carrefour-amplia-a-linha-sabor-qualidade-com-oferta-de-bananas-naturais\/#breadcrumb","itemListElement":[{"@type":"ListItem","position":1,"name":"In\u00edcio","item":"https:\/\/www.cidademarketing.com.br\/marketing\/"},{"@type":"ListItem","position":2,"name":"Carrefour amplia a linha Sabor &#038; Qualidade com oferta de bananas naturais"}]},{"@type":"WebSite","@id":"https:\/\/www.cidademarketing.com.br\/marketing\/#website","url":"https:\/\/www.cidademarketing.com.br\/marketing\/","name":"CidadeMarketing","description":"Somos um ve\u00edculo de comunica\u00e7\u00e3o de destaque no Brasil, reconhecido por conte\u00fados nos segmentos de marketing, empreendedorismo e inova\u00e7\u00e3o.","publisher":{"@id":"https:\/\/www.cidademarketing.com.br\/marketing\/#organization"},"alternateName":"CidadeMarketing","potentialAction":[{"@type":"SearchAction","target":{"@type":"EntryPoint","urlTemplate":"https:\/\/www.cidademarketing.com.br\/marketing\/?s={search_term_string}"},"query-input":{"@type":"PropertyValueSpecification","valueRequired":true,"valueName":"search_term_string"}}],"inLanguage":"pt-BR"},{"@type":"Organization","@id":"https:\/\/www.cidademarketing.com.br\/marketing\/#organization","name":"CidadeMarketing","alternateName":"CidadeMarketing","url":"https:\/\/www.cidademarketing.com.br\/marketing\/","logo":{"@type":"ImageObject","inLanguage":"pt-BR","@id":"https:\/\/www.cidademarketing.com.br\/marketing\/#\/schema\/logo\/image\/","url":"https:\/\/www.cidademarketing.com.br\/marketing\/wp-content\/uploads\/2020\/01\/cidademarketing_marca_mobile.png","contentUrl":"https:\/\/www.cidademarketing.com.br\/marketing\/wp-content\/uploads\/2020\/01\/cidademarketing_marca_mobile.png","width":230,"height":92,"caption":"CidadeMarketing"},"image":{"@id":"https:\/\/www.cidademarketing.com.br\/marketing\/#\/schema\/logo\/image\/"},"sameAs":["https:\/\/www.facebook.com\/portalcidademarketing","https:\/\/x.com\/CidadeMarketing","https:\/\/www.instagram.com\/cidademarketing\/"]},{"@type":"Person","@id":"https:\/\/www.cidademarketing.com.br\/marketing\/#\/schema\/person\/02daff9f18bd9378c9e01eb6b2db155f","name":"Thales Brand\u00e3o","image":{"@type":"ImageObject","inLanguage":"pt-BR","@id":"https:\/\/secure.gravatar.com\/avatar\/7ca3206950207cc3cb48feec56a8a7898741ab725c368d99d5d7a5a50aab80c6?s=96&d=mm&r=g","url":"https:\/\/secure.gravatar.com\/avatar\/7ca3206950207cc3cb48feec56a8a7898741ab725c368d99d5d7a5a50aab80c6?s=96&d=mm&r=g","contentUrl":"https:\/\/secure.gravatar.com\/avatar\/7ca3206950207cc3cb48feec56a8a7898741ab725c368d99d5d7a5a50aab80c6?s=96&d=mm&r=g","caption":"Thales Brand\u00e3o"},"description":"Editor Executivo do Portal CidadeMarketing.com.br &gt; Mestre em Comunica\u00e7\u00e3o e Sociedade pela Universidade Federal de Sergipe. Possui MBA Executivo em Administra\u00e7\u00e3o com \u00eanfase em Marketing pela Funda\u00e7\u00e3o Get\u00falio Vargas - Rio de Janeiro. Consultor, Palestrante e Pesquisador sobre Empreendedorismo, Marketing, Redes Sociais e Neg\u00f3cios Digitais. Professor, Palestrante TedxTalks e Campus Party. Twitter: @ThalesBrandao","sameAs":["http:\/\/www.mandacaru.com.br","https:\/\/www.facebook.com\/thalesbrandao","http:\/\/www.instagram.com.br\/thalesbrandaoferreira","https:\/\/www.linkedin.com\/in\/thales-brand\u00e3o-3948609\/","https:\/\/x.com\/http:\/\/www.twitter.com\/thalesbrandao"],"url":"https:\/\/www.cidademarketing.com.br\/marketing\/author\/thalesbrandao\/"}]}},"amp_enabled":true,"_links":{"self":[{"href":"https:\/\/www.cidademarketing.com.br\/marketing\/wp-json\/wp\/v2\/posts\/9039","targetHints":{"allow":["GET"]}}],"collection":[{"href":"https:\/\/www.cidademarketing.com.br\/marketing\/wp-json\/wp\/v2\/posts"}],"about":[{"href":"https:\/\/www.cidademarketing.com.br\/marketing\/wp-json\/wp\/v2\/types\/post"}],"author":[{"embeddable":true,"href":"https:\/\/www.cidademarketing.com.br\/marketing\/wp-json\/wp\/v2\/users\/1"}],"replies":[{"embeddable":true,"href":"https:\/\/www.cidademarketing.com.br\/marketing\/wp-json\/wp\/v2\/comments?post=9039"}],"version-history":[{"count":1,"href":"https:\/\/www.cidademarketing.com.br\/marketing\/wp-json\/wp\/v2\/posts\/9039\/revisions"}],"predecessor-version":[{"id":9041,"href":"https:\/\/www.cidademarketing.com.br\/marketing\/wp-json\/wp\/v2\/posts\/9039\/revisions\/9041"}],"wp:featuredmedia":[{"embeddable":true,"href":"https:\/\/www.cidademarketing.com.br\/marketing\/wp-json\/wp\/v2\/media\/9040"}],"wp:attachment":[{"href":"https:\/\/www.cidademarketing.com.br\/marketing\/wp-json\/wp\/v2\/media?parent=9039"}],"wp:term":[{"taxonomy":"category","embeddable":true,"href":"https:\/\/www.cidademarketing.com.br\/marketing\/wp-json\/wp\/v2\/categories?post=9039"},{"taxonomy":"post_tag","embeddable":true,"href":"https:\/\/www.cidademarketing.com.br\/marketing\/wp-json\/wp\/v2\/tags?post=9039"}],"curies":[{"name":"wp","href":"https:\/\/api.w.org\/{rel}","templated":true}]}}