{"id":8992,"date":"2019-06-08T04:52:16","date_gmt":"2019-06-08T00:52:16","guid":{"rendered":"https:\/\/www.cidademarketing.com.br\/marketing\/?p=8992"},"modified":"2019-06-08T04:52:19","modified_gmt":"2019-06-08T00:52:19","slug":"nr-sports-emite-nota-que-neymar-jr-nao-perdeu-nenhum-patrocinio","status":"publish","type":"post","link":"https:\/\/www.cidademarketing.com.br\/marketing\/2019\/06\/08\/nr-sports-emite-nota-que-neymar-jr-nao-perdeu-nenhum-patrocinio\/","title":{"rendered":"NR Sports emite nota que Neymar Jr. n\u00e3o perdeu nenhum patroc\u00ednio"},"content":{"rendered":"\n<p>&#8220;<em>A NR Sports, detentora exclusiva dos direitos de explora\u00e7\u00e3o comercial da imagem, nome e marcas do Atleta Neymar Jr. desde 2006, esclarece:<\/em><\/p>\n\n\n\n<p><em>Em rela\u00e7\u00e3o \u00e0s not\u00edcias veiculadas hoje na imprensa acerca da \u201cperda de patroc\u00ednios do Atleta Neymar Jr\u201d, esclarecemos que n\u00e3o houve rompimento de nenhum contrato atualmente em vigor ap\u00f3s a divulga\u00e7\u00e3o da grave acusa\u00e7\u00e3o contrato o Atleta.<\/em><\/p>\n\n\n\n<p><em>Em conjunto com alguns parceiros e patrocinadores a NR Sports est\u00e1 suspendendo algumas campanhas diante da gravidade das injustas acusa\u00e7\u00f5es e, sobretudo, da categoria de marcas endossadas.<\/em><\/p>\n\n\n\n<p><em>Todos, por quest\u00f5es obvias, est\u00e3o alertas e atentos ao desenrolar dos acontecimentos.<\/em><\/p>\n\n\n\n<p><em>Outros parceiros decidiram n\u00e3o alterar o rumo das campanhas, declararam apoio p\u00fablico ao Atleta Neymar Jr. e seguem firmes em seus projetos de fortalecimento das marcas.<\/em><\/p>\n\n\n\n<p><em>As equipes jur\u00eddicas da NR Sports e do Atleta est\u00e3o com uma for\u00e7a tarefa para abreviar a conclus\u00e3o dos procedimentos policiais e comprovar a sua inoc\u00eancia.<\/em><\/p>\n\n\n\n<p><em>Passados alguns dias da divulga\u00e7\u00e3o das acusa\u00e7\u00f5es, todas as evid\u00eancias divulgadas convergem para a inarred\u00e1vel conclus\u00e3o de que o Atleta Neymar Jr. foi v\u00edtima de \u201cDenuncia\u00e7\u00e3o Caluniosa\u201d, crime que est\u00e1 sendo apurado pelas Autoridades Policiais.<\/em><\/p>\n\n\n\n<p><em>At\u00e9 o presente momento esclarece a defesa do Atleta Neymar Jr. que n\u00e3o h\u00e1 nenhuma \u201cden\u00fancia\u201d da pr\u00e1tica de qualquer crime, como indevidamente veiculado. Foram apenas noticiados (Boletim de Ocorr\u00eancia j\u00e1 divulgado) \u00e0 Autoridade Policial os fatos com \u201cacusa\u00e7\u00f5es\u201d, que est\u00e3o em fase de investiga\u00e7\u00e3o.<\/em><\/p>\n\n\n\n<p><em>Na data de ontem o Atleta Neymar Jr. prestou depoimento no Procedimento Investigat\u00f3rio que apura eventuais consequ\u00eancias pela publica\u00e7\u00e3o do seu v\u00eddeo, elaborado e divulgado, como j\u00e1 exposto exaustivamente, em raz\u00e3o da repercuss\u00e3o mundial das not\u00edcias, das consequ\u00eancias devastadoras pela aus\u00eancia de uma resposta p\u00fablica e direta e, sobretudo, como a \u00fanica forma de se defender das injustas acusa\u00e7\u00f5es.<\/em><\/p>\n\n\n\n<p><em>Estamos seguros que em breve tudo ser\u00e1 esclarecido.<\/em>&#8220;<\/p>\n","protected":false},"excerpt":{"rendered":"<p>&#8220;A NR Sports, detentora exclusiva dos direitos de explora\u00e7\u00e3o comercial da imagem, nome e marcas do Atleta Neymar Jr. desde 2006, esclarece: Em rela\u00e7\u00e3o \u00e0s not\u00edcias veiculadas hoje na imprensa acerca da \u201cperda de patroc\u00ednios do Atleta Neymar Jr\u201d, esclarecemos que n\u00e3o houve rompimento de nenhum contrato atualmente em vigor ap\u00f3s a divulga\u00e7\u00e3o da grave [&hellip;]<\/p>\n","protected":false},"author":1,"featured_media":8993,"comment_status":"open","ping_status":"open","sticky":false,"template":"","format":"standard","meta":{"tdm_status":"","tdm_grid_status":"","footnotes":""},"categories":[6],"tags":[28,1963,1970,447],"class_list":["post-8992","post","type-post","status-publish","format-standard","has-post-thumbnail","hentry","category-noticias","tag-marketing","tag-neymar-jr","tag-nr-sports","tag-patrocinio"],"yoast_head":"<!-- This site is optimized with the Yoast SEO plugin v27.5 - https:\/\/yoast.com\/product\/yoast-seo-wordpress\/ -->\n<title>NR Sports emite nota que Neymar Jr. n\u00e3o perdeu nenhum patroc\u00ednio - CidadeMarketing<\/title>\n<meta name=\"robots\" content=\"index, follow, max-snippet:-1, max-image-preview:large, max-video-preview:-1\" \/>\n<link rel=\"canonical\" href=\"https:\/\/www.cidademarketing.com.br\/marketing\/2019\/06\/08\/nr-sports-emite-nota-que-neymar-jr-nao-perdeu-nenhum-patrocinio\/\" \/>\n<meta property=\"og:locale\" content=\"pt_BR\" \/>\n<meta property=\"og:type\" content=\"article\" \/>\n<meta property=\"og:title\" content=\"NR Sports emite nota que Neymar Jr. n\u00e3o perdeu nenhum patroc\u00ednio - CidadeMarketing\" \/>\n<meta property=\"og:description\" content=\"&#8220;A NR Sports, detentora exclusiva dos direitos de explora\u00e7\u00e3o comercial da imagem, nome e marcas do Atleta Neymar Jr. desde 2006, esclarece: Em rela\u00e7\u00e3o \u00e0s not\u00edcias veiculadas hoje na imprensa acerca da \u201cperda de patroc\u00ednios do Atleta Neymar Jr\u201d, esclarecemos que n\u00e3o houve rompimento de nenhum contrato atualmente em vigor ap\u00f3s a divulga\u00e7\u00e3o da grave [&hellip;]\" \/>\n<meta property=\"og:url\" content=\"https:\/\/www.cidademarketing.com.br\/marketing\/2019\/06\/08\/nr-sports-emite-nota-que-neymar-jr-nao-perdeu-nenhum-patrocinio\/\" \/>\n<meta property=\"og:site_name\" content=\"CidadeMarketing\" \/>\n<meta property=\"article:publisher\" content=\"https:\/\/www.facebook.com\/portalcidademarketing\" \/>\n<meta property=\"article:author\" content=\"https:\/\/www.facebook.com\/thalesbrandao\" \/>\n<meta property=\"article:published_time\" content=\"2019-06-08T00:52:16+00:00\" \/>\n<meta property=\"article:modified_time\" content=\"2019-06-08T00:52:19+00:00\" \/>\n<meta property=\"og:image\" content=\"https:\/\/www.cidademarketing.com.br\/marketing\/wp-content\/uploads\/2019\/06\/neymarjr_.jpg\" \/>\n\t<meta property=\"og:image:width\" content=\"720\" \/>\n\t<meta property=\"og:image:height\" content=\"725\" \/>\n\t<meta property=\"og:image:type\" content=\"image\/jpeg\" \/>\n<meta name=\"author\" content=\"Thales Brand\u00e3o\" \/>\n<meta name=\"twitter:card\" content=\"summary_large_image\" \/>\n<meta name=\"twitter:creator\" content=\"@http:\/\/www.twitter.com\/thalesbrandao\" \/>\n<meta name=\"twitter:site\" content=\"@CidadeMarketing\" \/>\n<meta name=\"twitter:label1\" content=\"Escrito por\" \/>\n\t<meta name=\"twitter:data1\" content=\"Thales Brand\u00e3o\" \/>\n\t<meta name=\"twitter:label2\" content=\"Est. tempo de leitura\" \/>\n\t<meta name=\"twitter:data2\" content=\"2 minutos\" \/>\n<script type=\"application\/ld+json\" class=\"yoast-schema-graph\">{\"@context\":\"https:\\\/\\\/schema.org\",\"@graph\":[{\"@type\":\"Article\",\"@id\":\"https:\\\/\\\/www.cidademarketing.com.br\\\/marketing\\\/2019\\\/06\\\/08\\\/nr-sports-emite-nota-que-neymar-jr-nao-perdeu-nenhum-patrocinio\\\/#article\",\"isPartOf\":{\"@id\":\"https:\\\/\\\/www.cidademarketing.com.br\\\/marketing\\\/2019\\\/06\\\/08\\\/nr-sports-emite-nota-que-neymar-jr-nao-perdeu-nenhum-patrocinio\\\/\"},\"author\":{\"name\":\"Thales Brand\u00e3o\",\"@id\":\"https:\\\/\\\/www.cidademarketing.com.br\\\/marketing\\\/#\\\/schema\\\/person\\\/02daff9f18bd9378c9e01eb6b2db155f\"},\"headline\":\"NR Sports emite nota que Neymar Jr. n\u00e3o perdeu nenhum patroc\u00ednio\",\"datePublished\":\"2019-06-08T00:52:16+00:00\",\"dateModified\":\"2019-06-08T00:52:19+00:00\",\"mainEntityOfPage\":{\"@id\":\"https:\\\/\\\/www.cidademarketing.com.br\\\/marketing\\\/2019\\\/06\\\/08\\\/nr-sports-emite-nota-que-neymar-jr-nao-perdeu-nenhum-patrocinio\\\/\"},\"wordCount\":351,\"commentCount\":0,\"publisher\":{\"@id\":\"https:\\\/\\\/www.cidademarketing.com.br\\\/marketing\\\/#organization\"},\"image\":{\"@id\":\"https:\\\/\\\/www.cidademarketing.com.br\\\/marketing\\\/2019\\\/06\\\/08\\\/nr-sports-emite-nota-que-neymar-jr-nao-perdeu-nenhum-patrocinio\\\/#primaryimage\"},\"thumbnailUrl\":\"https:\\\/\\\/www.cidademarketing.com.br\\\/marketing\\\/wp-content\\\/uploads\\\/2019\\\/06\\\/neymarjr_.jpg\",\"keywords\":[\"marketing\",\"Neymar Jr.\",\"NR Sports\",\"patroc\u00ednio\"],\"articleSection\":[\"Not\u00edcias\"],\"inLanguage\":\"pt-BR\",\"potentialAction\":[{\"@type\":\"CommentAction\",\"name\":\"Comment\",\"target\":[\"https:\\\/\\\/www.cidademarketing.com.br\\\/marketing\\\/2019\\\/06\\\/08\\\/nr-sports-emite-nota-que-neymar-jr-nao-perdeu-nenhum-patrocinio\\\/#respond\"]}]},{\"@type\":\"WebPage\",\"@id\":\"https:\\\/\\\/www.cidademarketing.com.br\\\/marketing\\\/2019\\\/06\\\/08\\\/nr-sports-emite-nota-que-neymar-jr-nao-perdeu-nenhum-patrocinio\\\/\",\"url\":\"https:\\\/\\\/www.cidademarketing.com.br\\\/marketing\\\/2019\\\/06\\\/08\\\/nr-sports-emite-nota-que-neymar-jr-nao-perdeu-nenhum-patrocinio\\\/\",\"name\":\"NR Sports emite nota que Neymar Jr. n\u00e3o perdeu nenhum patroc\u00ednio - CidadeMarketing\",\"isPartOf\":{\"@id\":\"https:\\\/\\\/www.cidademarketing.com.br\\\/marketing\\\/#website\"},\"primaryImageOfPage\":{\"@id\":\"https:\\\/\\\/www.cidademarketing.com.br\\\/marketing\\\/2019\\\/06\\\/08\\\/nr-sports-emite-nota-que-neymar-jr-nao-perdeu-nenhum-patrocinio\\\/#primaryimage\"},\"image\":{\"@id\":\"https:\\\/\\\/www.cidademarketing.com.br\\\/marketing\\\/2019\\\/06\\\/08\\\/nr-sports-emite-nota-que-neymar-jr-nao-perdeu-nenhum-patrocinio\\\/#primaryimage\"},\"thumbnailUrl\":\"https:\\\/\\\/www.cidademarketing.com.br\\\/marketing\\\/wp-content\\\/uploads\\\/2019\\\/06\\\/neymarjr_.jpg\",\"datePublished\":\"2019-06-08T00:52:16+00:00\",\"dateModified\":\"2019-06-08T00:52:19+00:00\",\"breadcrumb\":{\"@id\":\"https:\\\/\\\/www.cidademarketing.com.br\\\/marketing\\\/2019\\\/06\\\/08\\\/nr-sports-emite-nota-que-neymar-jr-nao-perdeu-nenhum-patrocinio\\\/#breadcrumb\"},\"inLanguage\":\"pt-BR\",\"potentialAction\":[{\"@type\":\"ReadAction\",\"target\":[\"https:\\\/\\\/www.cidademarketing.com.br\\\/marketing\\\/2019\\\/06\\\/08\\\/nr-sports-emite-nota-que-neymar-jr-nao-perdeu-nenhum-patrocinio\\\/\"]}]},{\"@type\":\"ImageObject\",\"inLanguage\":\"pt-BR\",\"@id\":\"https:\\\/\\\/www.cidademarketing.com.br\\\/marketing\\\/2019\\\/06\\\/08\\\/nr-sports-emite-nota-que-neymar-jr-nao-perdeu-nenhum-patrocinio\\\/#primaryimage\",\"url\":\"https:\\\/\\\/www.cidademarketing.com.br\\\/marketing\\\/wp-content\\\/uploads\\\/2019\\\/06\\\/neymarjr_.jpg\",\"contentUrl\":\"https:\\\/\\\/www.cidademarketing.com.br\\\/marketing\\\/wp-content\\\/uploads\\\/2019\\\/06\\\/neymarjr_.jpg\",\"width\":720,\"height\":725,\"caption\":\"Reprodu\u00e7\u00e3o\\\/Instagram\"},{\"@type\":\"BreadcrumbList\",\"@id\":\"https:\\\/\\\/www.cidademarketing.com.br\\\/marketing\\\/2019\\\/06\\\/08\\\/nr-sports-emite-nota-que-neymar-jr-nao-perdeu-nenhum-patrocinio\\\/#breadcrumb\",\"itemListElement\":[{\"@type\":\"ListItem\",\"position\":1,\"name\":\"In\u00edcio\",\"item\":\"https:\\\/\\\/www.cidademarketing.com.br\\\/marketing\\\/\"},{\"@type\":\"ListItem\",\"position\":2,\"name\":\"NR Sports emite nota que Neymar Jr. n\u00e3o perdeu nenhum patroc\u00ednio\"}]},{\"@type\":\"WebSite\",\"@id\":\"https:\\\/\\\/www.cidademarketing.com.br\\\/marketing\\\/#website\",\"url\":\"https:\\\/\\\/www.cidademarketing.com.br\\\/marketing\\\/\",\"name\":\"CidadeMarketing\",\"description\":\"Somos um ve\u00edculo de comunica\u00e7\u00e3o de destaque no Brasil, reconhecido por conte\u00fados nos segmentos de marketing, empreendedorismo e inova\u00e7\u00e3o.\",\"publisher\":{\"@id\":\"https:\\\/\\\/www.cidademarketing.com.br\\\/marketing\\\/#organization\"},\"alternateName\":\"CidadeMarketing\",\"potentialAction\":[{\"@type\":\"SearchAction\",\"target\":{\"@type\":\"EntryPoint\",\"urlTemplate\":\"https:\\\/\\\/www.cidademarketing.com.br\\\/marketing\\\/?s={search_term_string}\"},\"query-input\":{\"@type\":\"PropertyValueSpecification\",\"valueRequired\":true,\"valueName\":\"search_term_string\"}}],\"inLanguage\":\"pt-BR\"},{\"@type\":\"Organization\",\"@id\":\"https:\\\/\\\/www.cidademarketing.com.br\\\/marketing\\\/#organization\",\"name\":\"CidadeMarketing\",\"alternateName\":\"CidadeMarketing\",\"url\":\"https:\\\/\\\/www.cidademarketing.com.br\\\/marketing\\\/\",\"logo\":{\"@type\":\"ImageObject\",\"inLanguage\":\"pt-BR\",\"@id\":\"https:\\\/\\\/www.cidademarketing.com.br\\\/marketing\\\/#\\\/schema\\\/logo\\\/image\\\/\",\"url\":\"https:\\\/\\\/www.cidademarketing.com.br\\\/marketing\\\/wp-content\\\/uploads\\\/2020\\\/01\\\/cidademarketing_marca_mobile.png\",\"contentUrl\":\"https:\\\/\\\/www.cidademarketing.com.br\\\/marketing\\\/wp-content\\\/uploads\\\/2020\\\/01\\\/cidademarketing_marca_mobile.png\",\"width\":230,\"height\":92,\"caption\":\"CidadeMarketing\"},\"image\":{\"@id\":\"https:\\\/\\\/www.cidademarketing.com.br\\\/marketing\\\/#\\\/schema\\\/logo\\\/image\\\/\"},\"sameAs\":[\"https:\\\/\\\/www.facebook.com\\\/portalcidademarketing\",\"https:\\\/\\\/x.com\\\/CidadeMarketing\",\"https:\\\/\\\/www.instagram.com\\\/cidademarketing\\\/\"]},{\"@type\":\"Person\",\"@id\":\"https:\\\/\\\/www.cidademarketing.com.br\\\/marketing\\\/#\\\/schema\\\/person\\\/02daff9f18bd9378c9e01eb6b2db155f\",\"name\":\"Thales Brand\u00e3o\",\"image\":{\"@type\":\"ImageObject\",\"inLanguage\":\"pt-BR\",\"@id\":\"https:\\\/\\\/secure.gravatar.com\\\/avatar\\\/7ca3206950207cc3cb48feec56a8a7898741ab725c368d99d5d7a5a50aab80c6?s=96&d=mm&r=g\",\"url\":\"https:\\\/\\\/secure.gravatar.com\\\/avatar\\\/7ca3206950207cc3cb48feec56a8a7898741ab725c368d99d5d7a5a50aab80c6?s=96&d=mm&r=g\",\"contentUrl\":\"https:\\\/\\\/secure.gravatar.com\\\/avatar\\\/7ca3206950207cc3cb48feec56a8a7898741ab725c368d99d5d7a5a50aab80c6?s=96&d=mm&r=g\",\"caption\":\"Thales Brand\u00e3o\"},\"description\":\"Editor Executivo do Portal CidadeMarketing.com.br &gt; Mestre em Comunica\u00e7\u00e3o e Sociedade pela Universidade Federal de Sergipe. Possui MBA Executivo em Administra\u00e7\u00e3o com \u00eanfase em Marketing pela Funda\u00e7\u00e3o Get\u00falio Vargas - Rio de Janeiro. Consultor, Palestrante e Pesquisador sobre Empreendedorismo, Marketing, Redes Sociais e Neg\u00f3cios Digitais. Professor, Palestrante TedxTalks e Campus Party. Twitter: @ThalesBrandao\",\"sameAs\":[\"http:\\\/\\\/www.mandacaru.com.br\",\"https:\\\/\\\/www.facebook.com\\\/thalesbrandao\",\"http:\\\/\\\/www.instagram.com.br\\\/thalesbrandaoferreira\",\"https:\\\/\\\/www.linkedin.com\\\/in\\\/thales-brand\u00e3o-3948609\\\/\",\"https:\\\/\\\/x.com\\\/http:\\\/\\\/www.twitter.com\\\/thalesbrandao\"],\"url\":\"https:\\\/\\\/www.cidademarketing.com.br\\\/marketing\\\/author\\\/thalesbrandao\\\/\"}]}<\/script>\n<!-- \/ Yoast SEO plugin. -->","yoast_head_json":{"title":"NR Sports emite nota que Neymar Jr. n\u00e3o perdeu nenhum patroc\u00ednio - CidadeMarketing","robots":{"index":"index","follow":"follow","max-snippet":"max-snippet:-1","max-image-preview":"max-image-preview:large","max-video-preview":"max-video-preview:-1"},"canonical":"https:\/\/www.cidademarketing.com.br\/marketing\/2019\/06\/08\/nr-sports-emite-nota-que-neymar-jr-nao-perdeu-nenhum-patrocinio\/","og_locale":"pt_BR","og_type":"article","og_title":"NR Sports emite nota que Neymar Jr. n\u00e3o perdeu nenhum patroc\u00ednio - CidadeMarketing","og_description":"&#8220;A NR Sports, detentora exclusiva dos direitos de explora\u00e7\u00e3o comercial da imagem, nome e marcas do Atleta Neymar Jr. desde 2006, esclarece: Em rela\u00e7\u00e3o \u00e0s not\u00edcias veiculadas hoje na imprensa acerca da \u201cperda de patroc\u00ednios do Atleta Neymar Jr\u201d, esclarecemos que n\u00e3o houve rompimento de nenhum contrato atualmente em vigor ap\u00f3s a divulga\u00e7\u00e3o da grave [&hellip;]","og_url":"https:\/\/www.cidademarketing.com.br\/marketing\/2019\/06\/08\/nr-sports-emite-nota-que-neymar-jr-nao-perdeu-nenhum-patrocinio\/","og_site_name":"CidadeMarketing","article_publisher":"https:\/\/www.facebook.com\/portalcidademarketing","article_author":"https:\/\/www.facebook.com\/thalesbrandao","article_published_time":"2019-06-08T00:52:16+00:00","article_modified_time":"2019-06-08T00:52:19+00:00","og_image":[{"width":720,"height":725,"url":"https:\/\/www.cidademarketing.com.br\/marketing\/wp-content\/uploads\/2019\/06\/neymarjr_.jpg","type":"image\/jpeg"}],"author":"Thales Brand\u00e3o","twitter_card":"summary_large_image","twitter_creator":"@http:\/\/www.twitter.com\/thalesbrandao","twitter_site":"@CidadeMarketing","twitter_misc":{"Escrito por":"Thales Brand\u00e3o","Est. tempo de leitura":"2 minutos"},"schema":{"@context":"https:\/\/schema.org","@graph":[{"@type":"Article","@id":"https:\/\/www.cidademarketing.com.br\/marketing\/2019\/06\/08\/nr-sports-emite-nota-que-neymar-jr-nao-perdeu-nenhum-patrocinio\/#article","isPartOf":{"@id":"https:\/\/www.cidademarketing.com.br\/marketing\/2019\/06\/08\/nr-sports-emite-nota-que-neymar-jr-nao-perdeu-nenhum-patrocinio\/"},"author":{"name":"Thales Brand\u00e3o","@id":"https:\/\/www.cidademarketing.com.br\/marketing\/#\/schema\/person\/02daff9f18bd9378c9e01eb6b2db155f"},"headline":"NR Sports emite nota que Neymar Jr. n\u00e3o perdeu nenhum patroc\u00ednio","datePublished":"2019-06-08T00:52:16+00:00","dateModified":"2019-06-08T00:52:19+00:00","mainEntityOfPage":{"@id":"https:\/\/www.cidademarketing.com.br\/marketing\/2019\/06\/08\/nr-sports-emite-nota-que-neymar-jr-nao-perdeu-nenhum-patrocinio\/"},"wordCount":351,"commentCount":0,"publisher":{"@id":"https:\/\/www.cidademarketing.com.br\/marketing\/#organization"},"image":{"@id":"https:\/\/www.cidademarketing.com.br\/marketing\/2019\/06\/08\/nr-sports-emite-nota-que-neymar-jr-nao-perdeu-nenhum-patrocinio\/#primaryimage"},"thumbnailUrl":"https:\/\/www.cidademarketing.com.br\/marketing\/wp-content\/uploads\/2019\/06\/neymarjr_.jpg","keywords":["marketing","Neymar Jr.","NR Sports","patroc\u00ednio"],"articleSection":["Not\u00edcias"],"inLanguage":"pt-BR","potentialAction":[{"@type":"CommentAction","name":"Comment","target":["https:\/\/www.cidademarketing.com.br\/marketing\/2019\/06\/08\/nr-sports-emite-nota-que-neymar-jr-nao-perdeu-nenhum-patrocinio\/#respond"]}]},{"@type":"WebPage","@id":"https:\/\/www.cidademarketing.com.br\/marketing\/2019\/06\/08\/nr-sports-emite-nota-que-neymar-jr-nao-perdeu-nenhum-patrocinio\/","url":"https:\/\/www.cidademarketing.com.br\/marketing\/2019\/06\/08\/nr-sports-emite-nota-que-neymar-jr-nao-perdeu-nenhum-patrocinio\/","name":"NR Sports emite nota que Neymar Jr. n\u00e3o perdeu nenhum patroc\u00ednio - CidadeMarketing","isPartOf":{"@id":"https:\/\/www.cidademarketing.com.br\/marketing\/#website"},"primaryImageOfPage":{"@id":"https:\/\/www.cidademarketing.com.br\/marketing\/2019\/06\/08\/nr-sports-emite-nota-que-neymar-jr-nao-perdeu-nenhum-patrocinio\/#primaryimage"},"image":{"@id":"https:\/\/www.cidademarketing.com.br\/marketing\/2019\/06\/08\/nr-sports-emite-nota-que-neymar-jr-nao-perdeu-nenhum-patrocinio\/#primaryimage"},"thumbnailUrl":"https:\/\/www.cidademarketing.com.br\/marketing\/wp-content\/uploads\/2019\/06\/neymarjr_.jpg","datePublished":"2019-06-08T00:52:16+00:00","dateModified":"2019-06-08T00:52:19+00:00","breadcrumb":{"@id":"https:\/\/www.cidademarketing.com.br\/marketing\/2019\/06\/08\/nr-sports-emite-nota-que-neymar-jr-nao-perdeu-nenhum-patrocinio\/#breadcrumb"},"inLanguage":"pt-BR","potentialAction":[{"@type":"ReadAction","target":["https:\/\/www.cidademarketing.com.br\/marketing\/2019\/06\/08\/nr-sports-emite-nota-que-neymar-jr-nao-perdeu-nenhum-patrocinio\/"]}]},{"@type":"ImageObject","inLanguage":"pt-BR","@id":"https:\/\/www.cidademarketing.com.br\/marketing\/2019\/06\/08\/nr-sports-emite-nota-que-neymar-jr-nao-perdeu-nenhum-patrocinio\/#primaryimage","url":"https:\/\/www.cidademarketing.com.br\/marketing\/wp-content\/uploads\/2019\/06\/neymarjr_.jpg","contentUrl":"https:\/\/www.cidademarketing.com.br\/marketing\/wp-content\/uploads\/2019\/06\/neymarjr_.jpg","width":720,"height":725,"caption":"Reprodu\u00e7\u00e3o\/Instagram"},{"@type":"BreadcrumbList","@id":"https:\/\/www.cidademarketing.com.br\/marketing\/2019\/06\/08\/nr-sports-emite-nota-que-neymar-jr-nao-perdeu-nenhum-patrocinio\/#breadcrumb","itemListElement":[{"@type":"ListItem","position":1,"name":"In\u00edcio","item":"https:\/\/www.cidademarketing.com.br\/marketing\/"},{"@type":"ListItem","position":2,"name":"NR Sports emite nota que Neymar Jr. n\u00e3o perdeu nenhum patroc\u00ednio"}]},{"@type":"WebSite","@id":"https:\/\/www.cidademarketing.com.br\/marketing\/#website","url":"https:\/\/www.cidademarketing.com.br\/marketing\/","name":"CidadeMarketing","description":"Somos um ve\u00edculo de comunica\u00e7\u00e3o de destaque no Brasil, reconhecido por conte\u00fados nos segmentos de marketing, empreendedorismo e inova\u00e7\u00e3o.","publisher":{"@id":"https:\/\/www.cidademarketing.com.br\/marketing\/#organization"},"alternateName":"CidadeMarketing","potentialAction":[{"@type":"SearchAction","target":{"@type":"EntryPoint","urlTemplate":"https:\/\/www.cidademarketing.com.br\/marketing\/?s={search_term_string}"},"query-input":{"@type":"PropertyValueSpecification","valueRequired":true,"valueName":"search_term_string"}}],"inLanguage":"pt-BR"},{"@type":"Organization","@id":"https:\/\/www.cidademarketing.com.br\/marketing\/#organization","name":"CidadeMarketing","alternateName":"CidadeMarketing","url":"https:\/\/www.cidademarketing.com.br\/marketing\/","logo":{"@type":"ImageObject","inLanguage":"pt-BR","@id":"https:\/\/www.cidademarketing.com.br\/marketing\/#\/schema\/logo\/image\/","url":"https:\/\/www.cidademarketing.com.br\/marketing\/wp-content\/uploads\/2020\/01\/cidademarketing_marca_mobile.png","contentUrl":"https:\/\/www.cidademarketing.com.br\/marketing\/wp-content\/uploads\/2020\/01\/cidademarketing_marca_mobile.png","width":230,"height":92,"caption":"CidadeMarketing"},"image":{"@id":"https:\/\/www.cidademarketing.com.br\/marketing\/#\/schema\/logo\/image\/"},"sameAs":["https:\/\/www.facebook.com\/portalcidademarketing","https:\/\/x.com\/CidadeMarketing","https:\/\/www.instagram.com\/cidademarketing\/"]},{"@type":"Person","@id":"https:\/\/www.cidademarketing.com.br\/marketing\/#\/schema\/person\/02daff9f18bd9378c9e01eb6b2db155f","name":"Thales Brand\u00e3o","image":{"@type":"ImageObject","inLanguage":"pt-BR","@id":"https:\/\/secure.gravatar.com\/avatar\/7ca3206950207cc3cb48feec56a8a7898741ab725c368d99d5d7a5a50aab80c6?s=96&d=mm&r=g","url":"https:\/\/secure.gravatar.com\/avatar\/7ca3206950207cc3cb48feec56a8a7898741ab725c368d99d5d7a5a50aab80c6?s=96&d=mm&r=g","contentUrl":"https:\/\/secure.gravatar.com\/avatar\/7ca3206950207cc3cb48feec56a8a7898741ab725c368d99d5d7a5a50aab80c6?s=96&d=mm&r=g","caption":"Thales Brand\u00e3o"},"description":"Editor Executivo do Portal CidadeMarketing.com.br &gt; Mestre em Comunica\u00e7\u00e3o e Sociedade pela Universidade Federal de Sergipe. Possui MBA Executivo em Administra\u00e7\u00e3o com \u00eanfase em Marketing pela Funda\u00e7\u00e3o Get\u00falio Vargas - Rio de Janeiro. Consultor, Palestrante e Pesquisador sobre Empreendedorismo, Marketing, Redes Sociais e Neg\u00f3cios Digitais. Professor, Palestrante TedxTalks e Campus Party. Twitter: @ThalesBrandao","sameAs":["http:\/\/www.mandacaru.com.br","https:\/\/www.facebook.com\/thalesbrandao","http:\/\/www.instagram.com.br\/thalesbrandaoferreira","https:\/\/www.linkedin.com\/in\/thales-brand\u00e3o-3948609\/","https:\/\/x.com\/http:\/\/www.twitter.com\/thalesbrandao"],"url":"https:\/\/www.cidademarketing.com.br\/marketing\/author\/thalesbrandao\/"}]}},"amp_enabled":true,"_links":{"self":[{"href":"https:\/\/www.cidademarketing.com.br\/marketing\/wp-json\/wp\/v2\/posts\/8992","targetHints":{"allow":["GET"]}}],"collection":[{"href":"https:\/\/www.cidademarketing.com.br\/marketing\/wp-json\/wp\/v2\/posts"}],"about":[{"href":"https:\/\/www.cidademarketing.com.br\/marketing\/wp-json\/wp\/v2\/types\/post"}],"author":[{"embeddable":true,"href":"https:\/\/www.cidademarketing.com.br\/marketing\/wp-json\/wp\/v2\/users\/1"}],"replies":[{"embeddable":true,"href":"https:\/\/www.cidademarketing.com.br\/marketing\/wp-json\/wp\/v2\/comments?post=8992"}],"version-history":[{"count":1,"href":"https:\/\/www.cidademarketing.com.br\/marketing\/wp-json\/wp\/v2\/posts\/8992\/revisions"}],"predecessor-version":[{"id":8994,"href":"https:\/\/www.cidademarketing.com.br\/marketing\/wp-json\/wp\/v2\/posts\/8992\/revisions\/8994"}],"wp:featuredmedia":[{"embeddable":true,"href":"https:\/\/www.cidademarketing.com.br\/marketing\/wp-json\/wp\/v2\/media\/8993"}],"wp:attachment":[{"href":"https:\/\/www.cidademarketing.com.br\/marketing\/wp-json\/wp\/v2\/media?parent=8992"}],"wp:term":[{"taxonomy":"category","embeddable":true,"href":"https:\/\/www.cidademarketing.com.br\/marketing\/wp-json\/wp\/v2\/categories?post=8992"},{"taxonomy":"post_tag","embeddable":true,"href":"https:\/\/www.cidademarketing.com.br\/marketing\/wp-json\/wp\/v2\/tags?post=8992"}],"curies":[{"name":"wp","href":"https:\/\/api.w.org\/{rel}","templated":true}]}}