{"id":8867,"date":"2019-06-05T18:22:40","date_gmt":"2019-06-05T14:22:40","guid":{"rendered":"https:\/\/www.cidademarketing.com.br\/marketing\/?p=8867"},"modified":"2019-06-05T18:26:41","modified_gmt":"2019-06-05T14:26:41","slug":"a-morte-do-autor-paulo-leminski-completa-30-anos-e-a-saraiva-prepara-curadoria-especial-com-livros-sobre-o-autor","status":"publish","type":"post","link":"https:\/\/www.cidademarketing.com.br\/marketing\/2019\/06\/05\/a-morte-do-autor-paulo-leminski-completa-30-anos-e-a-saraiva-prepara-curadoria-especial-com-livros-sobre-o-autor\/","title":{"rendered":"A morte do autor Paulo Leminski completa 30 anos e a Saraiva prepara curadoria especial com livros sobre o autor"},"content":{"rendered":"\n<p>Em comemora\u00e7\u00e3o ao 30\u00ba anivers\u00e1rio da morte do renomado escritor e poeta curitibano Paulo Leminski, a Saraiva, rede varejista de educa\u00e7\u00e3o, cultura e entretenimento, preparou uma curadoria especial com os livros do autor, que estar\u00e3o dispon\u00edveis de 3 a 9 de junho no e-commerce da Saraiva &#8211; <a href=\"https:\/\/www.saraiva.com.br\/listas-livros\/leminski-30-anos\" target=\"_blank\" rel=\"noreferrer noopener\" aria-label=\" (abre numa nova aba)\">https:\/\/www.saraiva.com.br\/listas-livros\/leminski-30-anos<\/a>. <\/p>\n\n\n\n<p>Livros\ncomo <em>Toda Poesia<\/em> e <em>Vida \u2013 4 Biografias <\/em>marcaram uma gera\u00e7\u00e3o de\nleitores inspirados pelo movimento po\u00e9tico do autor, que tinha forte liga\u00e7\u00e3o\ncom o mundo da m\u00fasica e com a poesia concretista.<\/p>\n\n\n\n<p>Abaixo,\nalguns dos principais t\u00edtulos de Leminski que est\u00e3o \u00e0 disposi\u00e7\u00e3o no site da\nSaraiva:<\/p>\n\n\n\n<p><strong>Poesia de bolso<\/strong><\/p>\n\n\n\n<p><strong>Caprichos E Relaxos (Companhia Das Letras)<\/strong><\/p>\n\n\n\n<p>Paulo Leminski <\/p>\n\n\n\n<p>Descri\u00e7\u00e3o:\nEm 1983 Paulo Leminski lan\u00e7ava um livro que se tornaria um best-seller na \u00e9poca\ne um cl\u00e1ssico para as futuras gera\u00e7\u00f5es: Caprichos &amp; relaxos. Ali estavam os\nprincipais poemas que o curitibano tinha escrito at\u00e9 ent\u00e3o, muitos in\u00e9ditos e\noutros publicados em edi\u00e7\u00f5es independentes ou na revista de arte e vanguarda\nInven\u00e7\u00e3o, encabe\u00e7ada pelos irm\u00e3os Augusto e Haroldo de Campos e por D\u00e9cio\nPignatari. Os pais da poesia concreta no Brasil haviam adotado aquele jovem\npoeta ilustrado, audacioso e contundente. \u201cEvo\u00e9, Leminski!\u201d, dizia Haroldo na\ncontracapa original. \u201cUma maravilha\u201d, louvava Caetano Veloso. Incluindo uma\ncronologia in\u00e9dita, esta obra t\u00e3o celebrada que integra Toda poesia volta agora\nem sua forma avulsa \u00e0s m\u00e3os do leitor.<\/p>\n\n\n\n<p><strong>Distra\u00eddos Venceremos<\/strong> <strong>(Companhia\nDas Letras)<\/strong><\/p>\n\n\n\n<p>Paulo\nLeminski <\/p>\n\n\n\n<p>Descri\u00e7\u00e3o:\n\u00daltima obra po\u00e9tica publicada em vida, \u201cDistra\u00eddos venceremos\u201d foi lan\u00e7ado em\n1987 e rapidamente se tornou um cl\u00e1ssico contempor\u00e2neo. Para a poeta Alice Ruiz\n\u2014 a quem o livro \u00e9 dedicado \u2014, embora o t\u00edtulo desta seleta escrita ao longo de\nquatro anos remeta ao livro anterior, Caprichos e relaxos, \u201co teor dos poemas\naponta para um maior ceticismo\u201d. Est\u00e3o aqui a experimenta\u00e7\u00e3o, a coloquialidade\ne o constante di\u00e1logo com as poesias concreta e marginal, al\u00e9m do flerte com a\ncultura oriental, que marca a parte final do volume. Inclu\u00eddo em Toda poesia,\n\u201cDistra\u00eddos venceremos\u201d traz Leminski em sua melhor forma: \u201cTudo o que eu fa\u00e7o\/\nalgu\u00e9m em mim que eu desprezo\/ sempre acha o m\u00e1ximo. \/\/ Mal rabisco, \/ n\u00e3o d\u00e1\nmais pra mudar nada. \/ J\u00e1 \u00e9 um cl\u00e1ssico\u201d.<\/p>\n\n\n\n<p><strong>Relan\u00e7amentos<\/strong><\/p>\n\n\n\n<p><strong>Toda Poesia<\/strong> <strong>(Companhia\nDas Letras)<\/strong><\/p>\n\n\n\n<p>Paulo\nLeminski <\/p>\n\n\n\n<p>Descri\u00e7\u00e3o:\nPaulo Leminski foi corajoso o bastante para se equilibrar entre duas enormes\nconstru\u00e7\u00f5es que rivalizavam na d\u00e9cada de 1970, quando publicava seus primeiros\nversos: a poesia concreta, de fei\u00e7\u00e3o mais erudita e superinformada, e a l\u00edrica\nque florescia entre os jovens de vinte e poucos anos da chamada &#8220;gera\u00e7\u00e3o\nmime\u00f3grafo&#8221;. Ao conciliar a rigidez da constru\u00e7\u00e3o formal e o mais genu\u00edno\ncoloquialismo, o autor praticou ao longo de sua vida um jogo de gato e rato com\nleitores e cr\u00edticos. Se por um lado tinha pleno conhecimento do que se\nproduzira de melhor na poesia &#8211; do Ocidente e do Oriente -, por outro parecia\ncomprazer&#8211;se em mostrar um &#8220;\u00e0 vontade&#8221; que n\u00e3o raro beirava o improviso,\ndando um n\u00f3 na cabe\u00e7a dos mais conservadores. Pura artimanha de um poeta\nconsciente e dotado das melhores ferramentas para escrever versos. Entre sua\nestreia na poesia, em 1976, e sua morte, em 1989, a poucos meses de completar\n45 anos, Leminski iria ocupar uma zona fronteiri\u00e7a \u00fanica na poesia\ncontempor\u00e2nea brasileira, pela qual transitariam, de forma leg\u00edtima ou como\ncontrabando, o erudito e o pop, o ultraconcentrado e a mat\u00e9ria mais prosaica.\nN\u00e3o \u00e0 toa, um dos t\u00edtulos mais felizes de sua bibliografia \u00e9 Caprichos &amp;\nrelaxos: uma f\u00f3rmula e um programa po\u00e9tico encapsulados com maestria. Este\nvolume percorre, pela primeira vez, a trajet\u00f3ria po\u00e9tica completa do autor\ncuritibano, mestre do verso lapidar e da ast\u00facia. Livros hoje cl\u00e1ssicos como\nDistra\u00eddos venceremos e La vie en close, al\u00e9m de raridades como Quarenta clics\nem Curitiba e versos j\u00e1 fora de cat\u00e1logo est\u00e3o agora novamente \u00e0 disposi\u00e7\u00e3o dos\nleitores, com in\u00e9dito apuro editorial.<\/p>\n\n\n\n<p><strong>Vida &#8211; 4 Biografias<\/strong> <strong>(Companhia\nDas Letras)<\/strong><\/p>\n\n\n\n<p>Paulo\nLeminski <\/p>\n\n\n\n<p>Descri\u00e7\u00e3o:\nQuando a Companhia das Letras lan\u00e7ou Toda poesia, em fevereiro de 2013, alguns\ndos livros ali reunidos \u2014 como Caprichos &amp; relaxos e Distra\u00eddos venceremos\n\u2014 estavam fora de cat\u00e1logo e vinham sendo procurados pelo amplo p\u00fablico leitor\nde Paulo Leminski h\u00e1 mais de dez anos. Entre diversos fatores que v\u00e3o da\ngenialidade inovadora de sua obra \u00e0 simpatia em torno de sua figura, essa\nlacuna foi determinante para que o volume assumisse rapidamente uma posi\u00e7\u00e3o de\ndestaque em todas as listas de mais vendidos do pa\u00eds, feito in\u00e9dito para um\nlivro de poesia. Fen\u00f4meno semelhante ocorre com as quatro biografias que\nLeminski escreveu para a Cole\u00e7\u00e3o Encanto Radical ao longo da d\u00e9cada de 1980;\nlivros como Bash\u00f4 \u2014 a l\u00e1grima do peixe s\u00e3o hoje raridades nos sebos, e agora\nvoltam ao mercado com a reedi\u00e7\u00e3o de um volume \u00fanico, publicado pela primeira\nvez em 1990 pela Editora Sulina, conforme desejo expresso pelo pr\u00f3prio autor:\n\u201cCom os tr\u00eas livros que publiquei, Cruz e Sousa, Bash\u00f4, Jesus e o que agora\nestou escrevendo sobre Tr\u00f3tski, quero fazer um ciclo de biografias que, um dia,\npretendo publicar num s\u00f3 volume, chamado Vida.\u201d Sob o olhar po\u00e9tico e\napaixonado de um mesmo admirador, essas quatro trajet\u00f3rias aparentemente\ndesconexas ganham novas dimens\u00f5es, criam elos e se complementam, em comunica\u00e7\u00e3o\npermanente com a vida e a obra de seu bi\u00f3grafo. Tr\u00f3tski \u00e9 visto como um homem\nde letras, autor do \u201cmais extraordin\u00e1rio livro sobre literatura\u201d j\u00e1 escrito por\num pol\u00edtico. Cruz e Sousa \u00e9 personagem central de um movimento que Leminski\nchama de \u201cunderground\u201d e que muito o influenciaria: o simbolismo. Bash\u00f4, antes\nde se tornar pai do haikai, foi membro da classe samurai. E Jesus \u00e9 um\n\u201csuperpoeta\u201d. Enquanto traz \u00e0 tona lados surpreendentes de quatro de seus\nher\u00f3is, Leminski revela muito de si mesmo, t\u00e3o m\u00faltiplo e fascinante quanto os\nbiografados, e fornece a seus f\u00e3s, em narrativas aliciantes e cheias de estilo,\numa g\u00eanese de suas principais influ\u00eancias.<\/p>\n\n\n\n<p><strong>Sele\u00e7\u00e3o de poemas<\/strong><\/p>\n\n\n\n<p><strong>O Bicho Alfabeto (Editora Companhia das Letrinhas)<\/strong><\/p>\n\n\n\n<p>Paulo\nLeminski \u2013 Ilustra\u00e7\u00f5es de Ziraldo<\/p>\n\n\n\n<p>Descri\u00e7\u00e3o:\nO bicho alfabeto tem vinte e tr\u00eas patas, ou quase. Por onde ele passa, nascem\npalavras e frases. S\u00f3 que quando ele encontra o Paulo Leminski, das palavras nascem\nversos e poemas, que falam sobre o mar, o vento, a chuva, uma estrela, uma\npedra, um cachorro, um sapo, uma formiga. Coisas que todo mundo conhece do dia\na dia, mas que podem se transformar em outras quando entram na poesia do\nLeminski. Selecionados a partir do livro &#8220;Toda Poesia&#8221; e com\nilustra\u00e7\u00f5es de Ziraldo, os vinte e seis poemas de &#8220;O Bicho Alfabeto&#8221;\nconvidam o pequeno leitor a um passeio surpreendente pela natureza, pelo humor\ne pela linguagem. E quem decidir se aventurar por essas p\u00e1ginas nunca mais vai\nver o mundo do mesmo jeito.<\/p>\n\n\n\n<p><strong>Afrodite &#8211; Quadrinhos Er\u00f3ticos (Veneta)<\/strong><\/p>\n\n\n\n<p>Leminski,\nPaulo; Ruiz,Alice<\/p>\n\n\n\n<p>R$\n54,90<\/p>\n\n\n\n<p>Descri\u00e7\u00e3o:\nEm 1978, em plena Ditadura Militar, um grupo de desenhistas e poetas reuniu-se\nem Curitiba para produzir hist\u00f3rias em quadrinhos er\u00f3ticas. Entre eles, estavam\nquadrinistas veteranos como Fl\u00e1vio Colin, J\u00falio Shimamoto, Claudio Seto e, nos\nroteiros, o casal de poetas Paulo Leminski e Alice Ruiz, que enfrentaram a\ncensura com hist\u00f3rias cheias de um erotismo libert\u00e1rio, feminista e escandaloso.\nEssas hist\u00f3rias em quadrinhos foram um grande sucesso nas bancas de todo o\npa\u00eds, at\u00e9 que a censura apertou o cerco contra sua editora, a Grafipar. Ent\u00e3o\nforam esquecidas. Agora, mais de trinta anos depois, eles s\u00e3o reunidas em um s\u00f3\nlivro para nos surpreender com sua ousadia.<\/p>\n\n\n\n<p><strong>Guerra Dentro da Gente (Scipione)<\/strong><\/p>\n\n\n\n<p>R$ 47,50<\/p>\n\n\n\n<p>Descri\u00e7\u00e3o: Baita era um menino\npobre, filho de lenhadores. Um dia, ele encontrou um velho, que se ofereceu\npara ensinar-lhe a arte da guerra. Sem saber o que o aguardava, o garoto\nresolveu acompanh\u00e1-lo em uma viagem que o ajudaria a compreender melhor a vida\ne descobrir o que havia no cora\u00e7\u00e3o do homem.<\/p>\n","protected":false},"excerpt":{"rendered":"<p>Em comemora\u00e7\u00e3o ao 30\u00ba anivers\u00e1rio da morte do renomado escritor e poeta curitibano Paulo Leminski, a Saraiva, rede varejista de educa\u00e7\u00e3o, cultura e entretenimento, preparou uma curadoria especial com os livros do autor, que estar\u00e3o dispon\u00edveis de 3 a 9 de junho no e-commerce da Saraiva &#8211; https:\/\/www.saraiva.com.br\/listas-livros\/leminski-30-anos. Livros como Toda Poesia e Vida \u2013 [&hellip;]<\/p>\n","protected":false},"author":1,"featured_media":8868,"comment_status":"open","ping_status":"open","sticky":false,"template":"","format":"standard","meta":{"tdm_status":"","tdm_grid_status":"","footnotes":""},"categories":[6],"tags":[214,28,1949],"class_list":["post-8867","post","type-post","status-publish","format-standard","has-post-thumbnail","hentry","category-noticias","tag-e-commerce","tag-marketing","tag-paulo-leminski"],"yoast_head":"<!-- This site is optimized with the Yoast SEO plugin v27.4 - https:\/\/yoast.com\/product\/yoast-seo-wordpress\/ -->\n<title>A morte do autor Paulo Leminski completa 30 anos e a Saraiva prepara curadoria especial com livros sobre o autor - CidadeMarketing<\/title>\n<meta name=\"robots\" content=\"index, follow, max-snippet:-1, max-image-preview:large, max-video-preview:-1\" \/>\n<link rel=\"canonical\" href=\"https:\/\/www.cidademarketing.com.br\/marketing\/2019\/06\/05\/a-morte-do-autor-paulo-leminski-completa-30-anos-e-a-saraiva-prepara-curadoria-especial-com-livros-sobre-o-autor\/\" \/>\n<meta property=\"og:locale\" content=\"pt_BR\" \/>\n<meta property=\"og:type\" content=\"article\" \/>\n<meta property=\"og:title\" content=\"A morte do autor Paulo Leminski completa 30 anos e a Saraiva prepara curadoria especial com livros sobre o autor - CidadeMarketing\" \/>\n<meta property=\"og:description\" content=\"Em comemora\u00e7\u00e3o ao 30\u00ba anivers\u00e1rio da morte do renomado escritor e poeta curitibano Paulo Leminski, a Saraiva, rede varejista de educa\u00e7\u00e3o, cultura e entretenimento, preparou uma curadoria especial com os livros do autor, que estar\u00e3o dispon\u00edveis de 3 a 9 de junho no e-commerce da Saraiva &#8211; https:\/\/www.saraiva.com.br\/listas-livros\/leminski-30-anos. Livros como Toda Poesia e Vida \u2013 [&hellip;]\" \/>\n<meta property=\"og:url\" content=\"https:\/\/www.cidademarketing.com.br\/marketing\/2019\/06\/05\/a-morte-do-autor-paulo-leminski-completa-30-anos-e-a-saraiva-prepara-curadoria-especial-com-livros-sobre-o-autor\/\" \/>\n<meta property=\"og:site_name\" content=\"CidadeMarketing\" \/>\n<meta property=\"article:publisher\" content=\"https:\/\/www.facebook.com\/portalcidademarketing\" \/>\n<meta property=\"article:author\" content=\"https:\/\/www.facebook.com\/thalesbrandao\" \/>\n<meta property=\"article:published_time\" content=\"2019-06-05T14:22:40+00:00\" \/>\n<meta property=\"article:modified_time\" content=\"2019-06-05T14:26:41+00:00\" \/>\n<meta property=\"og:image\" content=\"https:\/\/www.cidademarketing.com.br\/marketing\/wp-content\/uploads\/2019\/06\/paulo_leminski.png\" \/>\n\t<meta property=\"og:image:width\" content=\"937\" \/>\n\t<meta property=\"og:image:height\" content=\"617\" \/>\n\t<meta property=\"og:image:type\" content=\"image\/png\" \/>\n<meta name=\"author\" content=\"Thales Brand\u00e3o\" \/>\n<meta name=\"twitter:card\" content=\"summary_large_image\" \/>\n<meta name=\"twitter:creator\" content=\"@http:\/\/www.twitter.com\/thalesbrandao\" \/>\n<meta name=\"twitter:site\" content=\"@CidadeMarketing\" \/>\n<meta name=\"twitter:label1\" content=\"Escrito por\" \/>\n\t<meta name=\"twitter:data1\" content=\"Thales Brand\u00e3o\" \/>\n\t<meta name=\"twitter:label2\" content=\"Est. tempo de leitura\" \/>\n\t<meta name=\"twitter:data2\" content=\"7 minutos\" \/>\n<script type=\"application\/ld+json\" class=\"yoast-schema-graph\">{\"@context\":\"https:\\\/\\\/schema.org\",\"@graph\":[{\"@type\":\"Article\",\"@id\":\"https:\\\/\\\/www.cidademarketing.com.br\\\/marketing\\\/2019\\\/06\\\/05\\\/a-morte-do-autor-paulo-leminski-completa-30-anos-e-a-saraiva-prepara-curadoria-especial-com-livros-sobre-o-autor\\\/#article\",\"isPartOf\":{\"@id\":\"https:\\\/\\\/www.cidademarketing.com.br\\\/marketing\\\/2019\\\/06\\\/05\\\/a-morte-do-autor-paulo-leminski-completa-30-anos-e-a-saraiva-prepara-curadoria-especial-com-livros-sobre-o-autor\\\/\"},\"author\":{\"name\":\"Thales Brand\u00e3o\",\"@id\":\"https:\\\/\\\/www.cidademarketing.com.br\\\/marketing\\\/#\\\/schema\\\/person\\\/02daff9f18bd9378c9e01eb6b2db155f\"},\"headline\":\"A morte do autor Paulo Leminski completa 30 anos e a Saraiva prepara curadoria especial com livros sobre o autor\",\"datePublished\":\"2019-06-05T14:22:40+00:00\",\"dateModified\":\"2019-06-05T14:26:41+00:00\",\"mainEntityOfPage\":{\"@id\":\"https:\\\/\\\/www.cidademarketing.com.br\\\/marketing\\\/2019\\\/06\\\/05\\\/a-morte-do-autor-paulo-leminski-completa-30-anos-e-a-saraiva-prepara-curadoria-especial-com-livros-sobre-o-autor\\\/\"},\"wordCount\":1416,\"commentCount\":0,\"publisher\":{\"@id\":\"https:\\\/\\\/www.cidademarketing.com.br\\\/marketing\\\/#organization\"},\"image\":{\"@id\":\"https:\\\/\\\/www.cidademarketing.com.br\\\/marketing\\\/2019\\\/06\\\/05\\\/a-morte-do-autor-paulo-leminski-completa-30-anos-e-a-saraiva-prepara-curadoria-especial-com-livros-sobre-o-autor\\\/#primaryimage\"},\"thumbnailUrl\":\"https:\\\/\\\/www.cidademarketing.com.br\\\/marketing\\\/wp-content\\\/uploads\\\/2019\\\/06\\\/paulo_leminski.png\",\"keywords\":[\"e-commerce\",\"marketing\",\"Paulo Leminski\"],\"articleSection\":[\"Not\u00edcias\"],\"inLanguage\":\"pt-BR\",\"potentialAction\":[{\"@type\":\"CommentAction\",\"name\":\"Comment\",\"target\":[\"https:\\\/\\\/www.cidademarketing.com.br\\\/marketing\\\/2019\\\/06\\\/05\\\/a-morte-do-autor-paulo-leminski-completa-30-anos-e-a-saraiva-prepara-curadoria-especial-com-livros-sobre-o-autor\\\/#respond\"]}]},{\"@type\":\"WebPage\",\"@id\":\"https:\\\/\\\/www.cidademarketing.com.br\\\/marketing\\\/2019\\\/06\\\/05\\\/a-morte-do-autor-paulo-leminski-completa-30-anos-e-a-saraiva-prepara-curadoria-especial-com-livros-sobre-o-autor\\\/\",\"url\":\"https:\\\/\\\/www.cidademarketing.com.br\\\/marketing\\\/2019\\\/06\\\/05\\\/a-morte-do-autor-paulo-leminski-completa-30-anos-e-a-saraiva-prepara-curadoria-especial-com-livros-sobre-o-autor\\\/\",\"name\":\"A morte do autor Paulo Leminski completa 30 anos e a Saraiva prepara curadoria especial com livros sobre o autor - CidadeMarketing\",\"isPartOf\":{\"@id\":\"https:\\\/\\\/www.cidademarketing.com.br\\\/marketing\\\/#website\"},\"primaryImageOfPage\":{\"@id\":\"https:\\\/\\\/www.cidademarketing.com.br\\\/marketing\\\/2019\\\/06\\\/05\\\/a-morte-do-autor-paulo-leminski-completa-30-anos-e-a-saraiva-prepara-curadoria-especial-com-livros-sobre-o-autor\\\/#primaryimage\"},\"image\":{\"@id\":\"https:\\\/\\\/www.cidademarketing.com.br\\\/marketing\\\/2019\\\/06\\\/05\\\/a-morte-do-autor-paulo-leminski-completa-30-anos-e-a-saraiva-prepara-curadoria-especial-com-livros-sobre-o-autor\\\/#primaryimage\"},\"thumbnailUrl\":\"https:\\\/\\\/www.cidademarketing.com.br\\\/marketing\\\/wp-content\\\/uploads\\\/2019\\\/06\\\/paulo_leminski.png\",\"datePublished\":\"2019-06-05T14:22:40+00:00\",\"dateModified\":\"2019-06-05T14:26:41+00:00\",\"breadcrumb\":{\"@id\":\"https:\\\/\\\/www.cidademarketing.com.br\\\/marketing\\\/2019\\\/06\\\/05\\\/a-morte-do-autor-paulo-leminski-completa-30-anos-e-a-saraiva-prepara-curadoria-especial-com-livros-sobre-o-autor\\\/#breadcrumb\"},\"inLanguage\":\"pt-BR\",\"potentialAction\":[{\"@type\":\"ReadAction\",\"target\":[\"https:\\\/\\\/www.cidademarketing.com.br\\\/marketing\\\/2019\\\/06\\\/05\\\/a-morte-do-autor-paulo-leminski-completa-30-anos-e-a-saraiva-prepara-curadoria-especial-com-livros-sobre-o-autor\\\/\"]}]},{\"@type\":\"ImageObject\",\"inLanguage\":\"pt-BR\",\"@id\":\"https:\\\/\\\/www.cidademarketing.com.br\\\/marketing\\\/2019\\\/06\\\/05\\\/a-morte-do-autor-paulo-leminski-completa-30-anos-e-a-saraiva-prepara-curadoria-especial-com-livros-sobre-o-autor\\\/#primaryimage\",\"url\":\"https:\\\/\\\/www.cidademarketing.com.br\\\/marketing\\\/wp-content\\\/uploads\\\/2019\\\/06\\\/paulo_leminski.png\",\"contentUrl\":\"https:\\\/\\\/www.cidademarketing.com.br\\\/marketing\\\/wp-content\\\/uploads\\\/2019\\\/06\\\/paulo_leminski.png\",\"width\":937,\"height\":617},{\"@type\":\"BreadcrumbList\",\"@id\":\"https:\\\/\\\/www.cidademarketing.com.br\\\/marketing\\\/2019\\\/06\\\/05\\\/a-morte-do-autor-paulo-leminski-completa-30-anos-e-a-saraiva-prepara-curadoria-especial-com-livros-sobre-o-autor\\\/#breadcrumb\",\"itemListElement\":[{\"@type\":\"ListItem\",\"position\":1,\"name\":\"In\u00edcio\",\"item\":\"https:\\\/\\\/www.cidademarketing.com.br\\\/marketing\\\/\"},{\"@type\":\"ListItem\",\"position\":2,\"name\":\"A morte do autor Paulo Leminski completa 30 anos e a Saraiva prepara curadoria especial com livros sobre o autor\"}]},{\"@type\":\"WebSite\",\"@id\":\"https:\\\/\\\/www.cidademarketing.com.br\\\/marketing\\\/#website\",\"url\":\"https:\\\/\\\/www.cidademarketing.com.br\\\/marketing\\\/\",\"name\":\"CidadeMarketing\",\"description\":\"Somos um ve\u00edculo de comunica\u00e7\u00e3o de destaque no Brasil, reconhecido por conte\u00fados nos segmentos de marketing, empreendedorismo e inova\u00e7\u00e3o.\",\"publisher\":{\"@id\":\"https:\\\/\\\/www.cidademarketing.com.br\\\/marketing\\\/#organization\"},\"alternateName\":\"CidadeMarketing\",\"potentialAction\":[{\"@type\":\"SearchAction\",\"target\":{\"@type\":\"EntryPoint\",\"urlTemplate\":\"https:\\\/\\\/www.cidademarketing.com.br\\\/marketing\\\/?s={search_term_string}\"},\"query-input\":{\"@type\":\"PropertyValueSpecification\",\"valueRequired\":true,\"valueName\":\"search_term_string\"}}],\"inLanguage\":\"pt-BR\"},{\"@type\":\"Organization\",\"@id\":\"https:\\\/\\\/www.cidademarketing.com.br\\\/marketing\\\/#organization\",\"name\":\"CidadeMarketing\",\"alternateName\":\"CidadeMarketing\",\"url\":\"https:\\\/\\\/www.cidademarketing.com.br\\\/marketing\\\/\",\"logo\":{\"@type\":\"ImageObject\",\"inLanguage\":\"pt-BR\",\"@id\":\"https:\\\/\\\/www.cidademarketing.com.br\\\/marketing\\\/#\\\/schema\\\/logo\\\/image\\\/\",\"url\":\"https:\\\/\\\/www.cidademarketing.com.br\\\/marketing\\\/wp-content\\\/uploads\\\/2020\\\/01\\\/cidademarketing_marca_mobile.png\",\"contentUrl\":\"https:\\\/\\\/www.cidademarketing.com.br\\\/marketing\\\/wp-content\\\/uploads\\\/2020\\\/01\\\/cidademarketing_marca_mobile.png\",\"width\":230,\"height\":92,\"caption\":\"CidadeMarketing\"},\"image\":{\"@id\":\"https:\\\/\\\/www.cidademarketing.com.br\\\/marketing\\\/#\\\/schema\\\/logo\\\/image\\\/\"},\"sameAs\":[\"https:\\\/\\\/www.facebook.com\\\/portalcidademarketing\",\"https:\\\/\\\/x.com\\\/CidadeMarketing\",\"https:\\\/\\\/www.instagram.com\\\/cidademarketing\\\/\"]},{\"@type\":\"Person\",\"@id\":\"https:\\\/\\\/www.cidademarketing.com.br\\\/marketing\\\/#\\\/schema\\\/person\\\/02daff9f18bd9378c9e01eb6b2db155f\",\"name\":\"Thales Brand\u00e3o\",\"image\":{\"@type\":\"ImageObject\",\"inLanguage\":\"pt-BR\",\"@id\":\"https:\\\/\\\/secure.gravatar.com\\\/avatar\\\/7ca3206950207cc3cb48feec56a8a7898741ab725c368d99d5d7a5a50aab80c6?s=96&d=mm&r=g\",\"url\":\"https:\\\/\\\/secure.gravatar.com\\\/avatar\\\/7ca3206950207cc3cb48feec56a8a7898741ab725c368d99d5d7a5a50aab80c6?s=96&d=mm&r=g\",\"contentUrl\":\"https:\\\/\\\/secure.gravatar.com\\\/avatar\\\/7ca3206950207cc3cb48feec56a8a7898741ab725c368d99d5d7a5a50aab80c6?s=96&d=mm&r=g\",\"caption\":\"Thales Brand\u00e3o\"},\"description\":\"Editor Executivo do Portal CidadeMarketing.com.br &gt; Mestre em Comunica\u00e7\u00e3o e Sociedade pela Universidade Federal de Sergipe. Possui MBA Executivo em Administra\u00e7\u00e3o com \u00eanfase em Marketing pela Funda\u00e7\u00e3o Get\u00falio Vargas - Rio de Janeiro. Consultor, Palestrante e Pesquisador sobre Empreendedorismo, Marketing, Redes Sociais e Neg\u00f3cios Digitais. Professor, Palestrante TedxTalks e Campus Party. Twitter: @ThalesBrandao\",\"sameAs\":[\"http:\\\/\\\/www.mandacaru.com.br\",\"https:\\\/\\\/www.facebook.com\\\/thalesbrandao\",\"http:\\\/\\\/www.instagram.com.br\\\/thalesbrandaoferreira\",\"https:\\\/\\\/www.linkedin.com\\\/in\\\/thales-brand\u00e3o-3948609\\\/\",\"https:\\\/\\\/x.com\\\/http:\\\/\\\/www.twitter.com\\\/thalesbrandao\"],\"url\":\"https:\\\/\\\/www.cidademarketing.com.br\\\/marketing\\\/author\\\/thalesbrandao\\\/\"}]}<\/script>\n<!-- \/ Yoast SEO plugin. -->","yoast_head_json":{"title":"A morte do autor Paulo Leminski completa 30 anos e a Saraiva prepara curadoria especial com livros sobre o autor - CidadeMarketing","robots":{"index":"index","follow":"follow","max-snippet":"max-snippet:-1","max-image-preview":"max-image-preview:large","max-video-preview":"max-video-preview:-1"},"canonical":"https:\/\/www.cidademarketing.com.br\/marketing\/2019\/06\/05\/a-morte-do-autor-paulo-leminski-completa-30-anos-e-a-saraiva-prepara-curadoria-especial-com-livros-sobre-o-autor\/","og_locale":"pt_BR","og_type":"article","og_title":"A morte do autor Paulo Leminski completa 30 anos e a Saraiva prepara curadoria especial com livros sobre o autor - CidadeMarketing","og_description":"Em comemora\u00e7\u00e3o ao 30\u00ba anivers\u00e1rio da morte do renomado escritor e poeta curitibano Paulo Leminski, a Saraiva, rede varejista de educa\u00e7\u00e3o, cultura e entretenimento, preparou uma curadoria especial com os livros do autor, que estar\u00e3o dispon\u00edveis de 3 a 9 de junho no e-commerce da Saraiva &#8211; https:\/\/www.saraiva.com.br\/listas-livros\/leminski-30-anos. Livros como Toda Poesia e Vida \u2013 [&hellip;]","og_url":"https:\/\/www.cidademarketing.com.br\/marketing\/2019\/06\/05\/a-morte-do-autor-paulo-leminski-completa-30-anos-e-a-saraiva-prepara-curadoria-especial-com-livros-sobre-o-autor\/","og_site_name":"CidadeMarketing","article_publisher":"https:\/\/www.facebook.com\/portalcidademarketing","article_author":"https:\/\/www.facebook.com\/thalesbrandao","article_published_time":"2019-06-05T14:22:40+00:00","article_modified_time":"2019-06-05T14:26:41+00:00","og_image":[{"width":937,"height":617,"url":"https:\/\/www.cidademarketing.com.br\/marketing\/wp-content\/uploads\/2019\/06\/paulo_leminski.png","type":"image\/png"}],"author":"Thales Brand\u00e3o","twitter_card":"summary_large_image","twitter_creator":"@http:\/\/www.twitter.com\/thalesbrandao","twitter_site":"@CidadeMarketing","twitter_misc":{"Escrito por":"Thales Brand\u00e3o","Est. tempo de leitura":"7 minutos"},"schema":{"@context":"https:\/\/schema.org","@graph":[{"@type":"Article","@id":"https:\/\/www.cidademarketing.com.br\/marketing\/2019\/06\/05\/a-morte-do-autor-paulo-leminski-completa-30-anos-e-a-saraiva-prepara-curadoria-especial-com-livros-sobre-o-autor\/#article","isPartOf":{"@id":"https:\/\/www.cidademarketing.com.br\/marketing\/2019\/06\/05\/a-morte-do-autor-paulo-leminski-completa-30-anos-e-a-saraiva-prepara-curadoria-especial-com-livros-sobre-o-autor\/"},"author":{"name":"Thales Brand\u00e3o","@id":"https:\/\/www.cidademarketing.com.br\/marketing\/#\/schema\/person\/02daff9f18bd9378c9e01eb6b2db155f"},"headline":"A morte do autor Paulo Leminski completa 30 anos e a Saraiva prepara curadoria especial com livros sobre o autor","datePublished":"2019-06-05T14:22:40+00:00","dateModified":"2019-06-05T14:26:41+00:00","mainEntityOfPage":{"@id":"https:\/\/www.cidademarketing.com.br\/marketing\/2019\/06\/05\/a-morte-do-autor-paulo-leminski-completa-30-anos-e-a-saraiva-prepara-curadoria-especial-com-livros-sobre-o-autor\/"},"wordCount":1416,"commentCount":0,"publisher":{"@id":"https:\/\/www.cidademarketing.com.br\/marketing\/#organization"},"image":{"@id":"https:\/\/www.cidademarketing.com.br\/marketing\/2019\/06\/05\/a-morte-do-autor-paulo-leminski-completa-30-anos-e-a-saraiva-prepara-curadoria-especial-com-livros-sobre-o-autor\/#primaryimage"},"thumbnailUrl":"https:\/\/www.cidademarketing.com.br\/marketing\/wp-content\/uploads\/2019\/06\/paulo_leminski.png","keywords":["e-commerce","marketing","Paulo Leminski"],"articleSection":["Not\u00edcias"],"inLanguage":"pt-BR","potentialAction":[{"@type":"CommentAction","name":"Comment","target":["https:\/\/www.cidademarketing.com.br\/marketing\/2019\/06\/05\/a-morte-do-autor-paulo-leminski-completa-30-anos-e-a-saraiva-prepara-curadoria-especial-com-livros-sobre-o-autor\/#respond"]}]},{"@type":"WebPage","@id":"https:\/\/www.cidademarketing.com.br\/marketing\/2019\/06\/05\/a-morte-do-autor-paulo-leminski-completa-30-anos-e-a-saraiva-prepara-curadoria-especial-com-livros-sobre-o-autor\/","url":"https:\/\/www.cidademarketing.com.br\/marketing\/2019\/06\/05\/a-morte-do-autor-paulo-leminski-completa-30-anos-e-a-saraiva-prepara-curadoria-especial-com-livros-sobre-o-autor\/","name":"A morte do autor Paulo Leminski completa 30 anos e a Saraiva prepara curadoria especial com livros sobre o autor - CidadeMarketing","isPartOf":{"@id":"https:\/\/www.cidademarketing.com.br\/marketing\/#website"},"primaryImageOfPage":{"@id":"https:\/\/www.cidademarketing.com.br\/marketing\/2019\/06\/05\/a-morte-do-autor-paulo-leminski-completa-30-anos-e-a-saraiva-prepara-curadoria-especial-com-livros-sobre-o-autor\/#primaryimage"},"image":{"@id":"https:\/\/www.cidademarketing.com.br\/marketing\/2019\/06\/05\/a-morte-do-autor-paulo-leminski-completa-30-anos-e-a-saraiva-prepara-curadoria-especial-com-livros-sobre-o-autor\/#primaryimage"},"thumbnailUrl":"https:\/\/www.cidademarketing.com.br\/marketing\/wp-content\/uploads\/2019\/06\/paulo_leminski.png","datePublished":"2019-06-05T14:22:40+00:00","dateModified":"2019-06-05T14:26:41+00:00","breadcrumb":{"@id":"https:\/\/www.cidademarketing.com.br\/marketing\/2019\/06\/05\/a-morte-do-autor-paulo-leminski-completa-30-anos-e-a-saraiva-prepara-curadoria-especial-com-livros-sobre-o-autor\/#breadcrumb"},"inLanguage":"pt-BR","potentialAction":[{"@type":"ReadAction","target":["https:\/\/www.cidademarketing.com.br\/marketing\/2019\/06\/05\/a-morte-do-autor-paulo-leminski-completa-30-anos-e-a-saraiva-prepara-curadoria-especial-com-livros-sobre-o-autor\/"]}]},{"@type":"ImageObject","inLanguage":"pt-BR","@id":"https:\/\/www.cidademarketing.com.br\/marketing\/2019\/06\/05\/a-morte-do-autor-paulo-leminski-completa-30-anos-e-a-saraiva-prepara-curadoria-especial-com-livros-sobre-o-autor\/#primaryimage","url":"https:\/\/www.cidademarketing.com.br\/marketing\/wp-content\/uploads\/2019\/06\/paulo_leminski.png","contentUrl":"https:\/\/www.cidademarketing.com.br\/marketing\/wp-content\/uploads\/2019\/06\/paulo_leminski.png","width":937,"height":617},{"@type":"BreadcrumbList","@id":"https:\/\/www.cidademarketing.com.br\/marketing\/2019\/06\/05\/a-morte-do-autor-paulo-leminski-completa-30-anos-e-a-saraiva-prepara-curadoria-especial-com-livros-sobre-o-autor\/#breadcrumb","itemListElement":[{"@type":"ListItem","position":1,"name":"In\u00edcio","item":"https:\/\/www.cidademarketing.com.br\/marketing\/"},{"@type":"ListItem","position":2,"name":"A morte do autor Paulo Leminski completa 30 anos e a Saraiva prepara curadoria especial com livros sobre o autor"}]},{"@type":"WebSite","@id":"https:\/\/www.cidademarketing.com.br\/marketing\/#website","url":"https:\/\/www.cidademarketing.com.br\/marketing\/","name":"CidadeMarketing","description":"Somos um ve\u00edculo de comunica\u00e7\u00e3o de destaque no Brasil, reconhecido por conte\u00fados nos segmentos de marketing, empreendedorismo e inova\u00e7\u00e3o.","publisher":{"@id":"https:\/\/www.cidademarketing.com.br\/marketing\/#organization"},"alternateName":"CidadeMarketing","potentialAction":[{"@type":"SearchAction","target":{"@type":"EntryPoint","urlTemplate":"https:\/\/www.cidademarketing.com.br\/marketing\/?s={search_term_string}"},"query-input":{"@type":"PropertyValueSpecification","valueRequired":true,"valueName":"search_term_string"}}],"inLanguage":"pt-BR"},{"@type":"Organization","@id":"https:\/\/www.cidademarketing.com.br\/marketing\/#organization","name":"CidadeMarketing","alternateName":"CidadeMarketing","url":"https:\/\/www.cidademarketing.com.br\/marketing\/","logo":{"@type":"ImageObject","inLanguage":"pt-BR","@id":"https:\/\/www.cidademarketing.com.br\/marketing\/#\/schema\/logo\/image\/","url":"https:\/\/www.cidademarketing.com.br\/marketing\/wp-content\/uploads\/2020\/01\/cidademarketing_marca_mobile.png","contentUrl":"https:\/\/www.cidademarketing.com.br\/marketing\/wp-content\/uploads\/2020\/01\/cidademarketing_marca_mobile.png","width":230,"height":92,"caption":"CidadeMarketing"},"image":{"@id":"https:\/\/www.cidademarketing.com.br\/marketing\/#\/schema\/logo\/image\/"},"sameAs":["https:\/\/www.facebook.com\/portalcidademarketing","https:\/\/x.com\/CidadeMarketing","https:\/\/www.instagram.com\/cidademarketing\/"]},{"@type":"Person","@id":"https:\/\/www.cidademarketing.com.br\/marketing\/#\/schema\/person\/02daff9f18bd9378c9e01eb6b2db155f","name":"Thales Brand\u00e3o","image":{"@type":"ImageObject","inLanguage":"pt-BR","@id":"https:\/\/secure.gravatar.com\/avatar\/7ca3206950207cc3cb48feec56a8a7898741ab725c368d99d5d7a5a50aab80c6?s=96&d=mm&r=g","url":"https:\/\/secure.gravatar.com\/avatar\/7ca3206950207cc3cb48feec56a8a7898741ab725c368d99d5d7a5a50aab80c6?s=96&d=mm&r=g","contentUrl":"https:\/\/secure.gravatar.com\/avatar\/7ca3206950207cc3cb48feec56a8a7898741ab725c368d99d5d7a5a50aab80c6?s=96&d=mm&r=g","caption":"Thales Brand\u00e3o"},"description":"Editor Executivo do Portal CidadeMarketing.com.br &gt; Mestre em Comunica\u00e7\u00e3o e Sociedade pela Universidade Federal de Sergipe. Possui MBA Executivo em Administra\u00e7\u00e3o com \u00eanfase em Marketing pela Funda\u00e7\u00e3o Get\u00falio Vargas - Rio de Janeiro. Consultor, Palestrante e Pesquisador sobre Empreendedorismo, Marketing, Redes Sociais e Neg\u00f3cios Digitais. Professor, Palestrante TedxTalks e Campus Party. Twitter: @ThalesBrandao","sameAs":["http:\/\/www.mandacaru.com.br","https:\/\/www.facebook.com\/thalesbrandao","http:\/\/www.instagram.com.br\/thalesbrandaoferreira","https:\/\/www.linkedin.com\/in\/thales-brand\u00e3o-3948609\/","https:\/\/x.com\/http:\/\/www.twitter.com\/thalesbrandao"],"url":"https:\/\/www.cidademarketing.com.br\/marketing\/author\/thalesbrandao\/"}]}},"amp_enabled":true,"_links":{"self":[{"href":"https:\/\/www.cidademarketing.com.br\/marketing\/wp-json\/wp\/v2\/posts\/8867","targetHints":{"allow":["GET"]}}],"collection":[{"href":"https:\/\/www.cidademarketing.com.br\/marketing\/wp-json\/wp\/v2\/posts"}],"about":[{"href":"https:\/\/www.cidademarketing.com.br\/marketing\/wp-json\/wp\/v2\/types\/post"}],"author":[{"embeddable":true,"href":"https:\/\/www.cidademarketing.com.br\/marketing\/wp-json\/wp\/v2\/users\/1"}],"replies":[{"embeddable":true,"href":"https:\/\/www.cidademarketing.com.br\/marketing\/wp-json\/wp\/v2\/comments?post=8867"}],"version-history":[{"count":2,"href":"https:\/\/www.cidademarketing.com.br\/marketing\/wp-json\/wp\/v2\/posts\/8867\/revisions"}],"predecessor-version":[{"id":8870,"href":"https:\/\/www.cidademarketing.com.br\/marketing\/wp-json\/wp\/v2\/posts\/8867\/revisions\/8870"}],"wp:featuredmedia":[{"embeddable":true,"href":"https:\/\/www.cidademarketing.com.br\/marketing\/wp-json\/wp\/v2\/media\/8868"}],"wp:attachment":[{"href":"https:\/\/www.cidademarketing.com.br\/marketing\/wp-json\/wp\/v2\/media?parent=8867"}],"wp:term":[{"taxonomy":"category","embeddable":true,"href":"https:\/\/www.cidademarketing.com.br\/marketing\/wp-json\/wp\/v2\/categories?post=8867"},{"taxonomy":"post_tag","embeddable":true,"href":"https:\/\/www.cidademarketing.com.br\/marketing\/wp-json\/wp\/v2\/tags?post=8867"}],"curies":[{"name":"wp","href":"https:\/\/api.w.org\/{rel}","templated":true}]}}