{"id":8826,"date":"2019-06-05T03:46:20","date_gmt":"2019-06-04T23:46:20","guid":{"rendered":"https:\/\/www.cidademarketing.com.br\/marketing\/?p=8826"},"modified":"2019-06-05T03:46:23","modified_gmt":"2019-06-04T23:46:23","slug":"mpf-defende-restabelecimento-da-franquia-gratuita-de-bagagem-em-voos-domesticos","status":"publish","type":"post","link":"https:\/\/www.cidademarketing.com.br\/marketing\/2019\/06\/05\/mpf-defende-restabelecimento-da-franquia-gratuita-de-bagagem-em-voos-domesticos\/","title":{"rendered":"MPF defende restabelecimento da franquia gratuita de bagagem em voos dom\u00e9sticos"},"content":{"rendered":"\n<p>Diante da sinaliza\u00e7\u00e3o do governo de poss\u00edvel veto ao trecho da Medida Provis\u00f3ria 863\/18 que restabelece franquia de bagagem gratuita para voos dom\u00e9sticos, a C\u00e2mara de Consumidor e Ordem Econ\u00f4mica do MPF (3CCR) emitiu nota t\u00e9cnica com considera\u00e7\u00f5es acerca da necessidade de manter o texto aprovado pelo Congresso Nacional. O documento foi enviado ao ministro-chefe da Casa Civil, Onyx Lorenzoni, como forma de auxiliar na tomada de decis\u00e3o, visando garantir e resguardar o direito do consumidor.<\/p>\n\n\n\n<p>Na nota, o MPF aponta que a Resolu\u00e7\u00e3o n\u00ba 400 da Ag\u00eancia Nacional de Avia\u00e7\u00e3o Civil (Anac), em vigor desde 2016, e que autorizou a cobran\u00e7a da franquia para despacho de bagagem, contrariou tanto o C\u00f3digo Brasileiro de Aeron\u00e1utica, como o C\u00f3digo Civil. Ambos preveem que o contrato de passagem a\u00e9rea \u00e9 \u00fanico e inclui o transporte do passageiro e de sua bagagem. Desse modo, o despacho da bagagem n\u00e3o poderia ser cobrado \u00e0 parte, como contrato acess\u00f3rio.<\/p>\n\n\n\n<p>Para o MPF, o veto do trecho que restabelece a franquia m\u00ednima gratuita representaria retrocesso e afronta ao C\u00f3digo de Defesa do Consumidor. &#8220;Vetar a franquia de bagagem, inserida pelo Congresso Nacional na MP 863\/2018, perpetua a ilegalidade contida na Resolu\u00e7\u00e3o n\u00ba 400 da Anac e equivale, em \u00faltima an\u00e1lise, a vetar ou dificultar o acesso ao transporte a\u00e9reo da camada da popula\u00e7\u00e3o financeiramente menos favorecida. Nada impede que haja uma excepcionalidade da aplica\u00e7\u00e3o do Art. 222-A, da Medida Provis\u00f3ria 863\/18, em rela\u00e7\u00e3o \u00e0s empresas &#8216;Low Cost'&#8221;, diz a nota.&nbsp;<\/p>\n\n\n\n<p>Na nota t\u00e9cnica, o coordenador da 3CCR, o subprocurador-geral da Rep\u00fablica Antonio Augusto Aras, reconhece o esfor\u00e7o do governo em fomentar o crescimento do modal a\u00e9reo, buscando atrair empresas estrangeiras e estimular a concorr\u00eancia e a competi\u00e7\u00e3o saud\u00e1vel no mercado. Por\u00e9m, aponta que se deve buscar um consenso para que nenhuma das partes fique prejudicada. \u201c\u00c9 preciso que a ordem social e a ordem econ\u00f4mica atuem em harmonia para promover o equil\u00edbrio entre os interesses e direitos do mercado e dos consumidores\u201d, ponderou.<\/p>\n","protected":false},"excerpt":{"rendered":"<p>Diante da sinaliza\u00e7\u00e3o do governo de poss\u00edvel veto ao trecho da Medida Provis\u00f3ria 863\/18 que restabelece franquia de bagagem gratuita para voos dom\u00e9sticos, a C\u00e2mara de Consumidor e Ordem Econ\u00f4mica do MPF (3CCR) emitiu nota t\u00e9cnica com considera\u00e7\u00f5es acerca da necessidade de manter o texto aprovado pelo Congresso Nacional. O documento foi enviado ao ministro-chefe [&hellip;]<\/p>\n","protected":false},"author":1,"featured_media":8827,"comment_status":"open","ping_status":"open","sticky":false,"template":"","format":"standard","meta":{"tdm_status":"","tdm_grid_status":"","footnotes":""},"categories":[9,6],"tags":[51,28,1262],"class_list":["post-8826","post","type-post","status-publish","format-standard","has-post-thumbnail","hentry","category-consumidor","category-noticias","tag-consumidor","tag-marketing","tag-mpf"],"yoast_head":"<!-- This site is optimized with the Yoast SEO plugin v27.4 - https:\/\/yoast.com\/product\/yoast-seo-wordpress\/ -->\n<title>MPF defende restabelecimento da franquia gratuita de bagagem em voos dom\u00e9sticos - CidadeMarketing<\/title>\n<meta name=\"robots\" content=\"index, follow, max-snippet:-1, max-image-preview:large, max-video-preview:-1\" \/>\n<link rel=\"canonical\" href=\"https:\/\/www.cidademarketing.com.br\/marketing\/2019\/06\/05\/mpf-defende-restabelecimento-da-franquia-gratuita-de-bagagem-em-voos-domesticos\/\" \/>\n<meta property=\"og:locale\" content=\"pt_BR\" \/>\n<meta property=\"og:type\" content=\"article\" \/>\n<meta property=\"og:title\" content=\"MPF defende restabelecimento da franquia gratuita de bagagem em voos dom\u00e9sticos - CidadeMarketing\" \/>\n<meta property=\"og:description\" content=\"Diante da sinaliza\u00e7\u00e3o do governo de poss\u00edvel veto ao trecho da Medida Provis\u00f3ria 863\/18 que restabelece franquia de bagagem gratuita para voos dom\u00e9sticos, a C\u00e2mara de Consumidor e Ordem Econ\u00f4mica do MPF (3CCR) emitiu nota t\u00e9cnica com considera\u00e7\u00f5es acerca da necessidade de manter o texto aprovado pelo Congresso Nacional. O documento foi enviado ao ministro-chefe [&hellip;]\" \/>\n<meta property=\"og:url\" content=\"https:\/\/www.cidademarketing.com.br\/marketing\/2019\/06\/05\/mpf-defende-restabelecimento-da-franquia-gratuita-de-bagagem-em-voos-domesticos\/\" \/>\n<meta property=\"og:site_name\" content=\"CidadeMarketing\" \/>\n<meta property=\"article:publisher\" content=\"https:\/\/www.facebook.com\/portalcidademarketing\" \/>\n<meta property=\"article:author\" content=\"https:\/\/www.facebook.com\/thalesbrandao\" \/>\n<meta property=\"article:published_time\" content=\"2019-06-04T23:46:20+00:00\" \/>\n<meta property=\"article:modified_time\" content=\"2019-06-04T23:46:23+00:00\" \/>\n<meta property=\"og:image\" content=\"https:\/\/www.cidademarketing.com.br\/marketing\/wp-content\/uploads\/2019\/06\/bagagem.jpg\" \/>\n\t<meta property=\"og:image:width\" content=\"738\" \/>\n\t<meta property=\"og:image:height\" content=\"742\" \/>\n\t<meta property=\"og:image:type\" content=\"image\/jpeg\" \/>\n<meta name=\"author\" content=\"Thales Brand\u00e3o\" \/>\n<meta name=\"twitter:card\" content=\"summary_large_image\" \/>\n<meta name=\"twitter:creator\" content=\"@http:\/\/www.twitter.com\/thalesbrandao\" \/>\n<meta name=\"twitter:site\" content=\"@CidadeMarketing\" \/>\n<meta name=\"twitter:label1\" content=\"Escrito por\" \/>\n\t<meta name=\"twitter:data1\" content=\"Thales Brand\u00e3o\" \/>\n\t<meta name=\"twitter:label2\" content=\"Est. tempo de leitura\" \/>\n\t<meta name=\"twitter:data2\" content=\"2 minutos\" \/>\n<script type=\"application\/ld+json\" class=\"yoast-schema-graph\">{\"@context\":\"https:\\\/\\\/schema.org\",\"@graph\":[{\"@type\":\"Article\",\"@id\":\"https:\\\/\\\/www.cidademarketing.com.br\\\/marketing\\\/2019\\\/06\\\/05\\\/mpf-defende-restabelecimento-da-franquia-gratuita-de-bagagem-em-voos-domesticos\\\/#article\",\"isPartOf\":{\"@id\":\"https:\\\/\\\/www.cidademarketing.com.br\\\/marketing\\\/2019\\\/06\\\/05\\\/mpf-defende-restabelecimento-da-franquia-gratuita-de-bagagem-em-voos-domesticos\\\/\"},\"author\":{\"name\":\"Thales Brand\u00e3o\",\"@id\":\"https:\\\/\\\/www.cidademarketing.com.br\\\/marketing\\\/#\\\/schema\\\/person\\\/02daff9f18bd9378c9e01eb6b2db155f\"},\"headline\":\"MPF defende restabelecimento da franquia gratuita de bagagem em voos dom\u00e9sticos\",\"datePublished\":\"2019-06-04T23:46:20+00:00\",\"dateModified\":\"2019-06-04T23:46:23+00:00\",\"mainEntityOfPage\":{\"@id\":\"https:\\\/\\\/www.cidademarketing.com.br\\\/marketing\\\/2019\\\/06\\\/05\\\/mpf-defende-restabelecimento-da-franquia-gratuita-de-bagagem-em-voos-domesticos\\\/\"},\"wordCount\":369,\"commentCount\":0,\"publisher\":{\"@id\":\"https:\\\/\\\/www.cidademarketing.com.br\\\/marketing\\\/#organization\"},\"image\":{\"@id\":\"https:\\\/\\\/www.cidademarketing.com.br\\\/marketing\\\/2019\\\/06\\\/05\\\/mpf-defende-restabelecimento-da-franquia-gratuita-de-bagagem-em-voos-domesticos\\\/#primaryimage\"},\"thumbnailUrl\":\"https:\\\/\\\/www.cidademarketing.com.br\\\/marketing\\\/wp-content\\\/uploads\\\/2019\\\/06\\\/bagagem.jpg\",\"keywords\":[\"consumidor\",\"marketing\",\"MPF\"],\"articleSection\":[\"Consumidor\",\"Not\u00edcias\"],\"inLanguage\":\"pt-BR\",\"potentialAction\":[{\"@type\":\"CommentAction\",\"name\":\"Comment\",\"target\":[\"https:\\\/\\\/www.cidademarketing.com.br\\\/marketing\\\/2019\\\/06\\\/05\\\/mpf-defende-restabelecimento-da-franquia-gratuita-de-bagagem-em-voos-domesticos\\\/#respond\"]}]},{\"@type\":\"WebPage\",\"@id\":\"https:\\\/\\\/www.cidademarketing.com.br\\\/marketing\\\/2019\\\/06\\\/05\\\/mpf-defende-restabelecimento-da-franquia-gratuita-de-bagagem-em-voos-domesticos\\\/\",\"url\":\"https:\\\/\\\/www.cidademarketing.com.br\\\/marketing\\\/2019\\\/06\\\/05\\\/mpf-defende-restabelecimento-da-franquia-gratuita-de-bagagem-em-voos-domesticos\\\/\",\"name\":\"MPF defende restabelecimento da franquia gratuita de bagagem em voos dom\u00e9sticos - CidadeMarketing\",\"isPartOf\":{\"@id\":\"https:\\\/\\\/www.cidademarketing.com.br\\\/marketing\\\/#website\"},\"primaryImageOfPage\":{\"@id\":\"https:\\\/\\\/www.cidademarketing.com.br\\\/marketing\\\/2019\\\/06\\\/05\\\/mpf-defende-restabelecimento-da-franquia-gratuita-de-bagagem-em-voos-domesticos\\\/#primaryimage\"},\"image\":{\"@id\":\"https:\\\/\\\/www.cidademarketing.com.br\\\/marketing\\\/2019\\\/06\\\/05\\\/mpf-defende-restabelecimento-da-franquia-gratuita-de-bagagem-em-voos-domesticos\\\/#primaryimage\"},\"thumbnailUrl\":\"https:\\\/\\\/www.cidademarketing.com.br\\\/marketing\\\/wp-content\\\/uploads\\\/2019\\\/06\\\/bagagem.jpg\",\"datePublished\":\"2019-06-04T23:46:20+00:00\",\"dateModified\":\"2019-06-04T23:46:23+00:00\",\"breadcrumb\":{\"@id\":\"https:\\\/\\\/www.cidademarketing.com.br\\\/marketing\\\/2019\\\/06\\\/05\\\/mpf-defende-restabelecimento-da-franquia-gratuita-de-bagagem-em-voos-domesticos\\\/#breadcrumb\"},\"inLanguage\":\"pt-BR\",\"potentialAction\":[{\"@type\":\"ReadAction\",\"target\":[\"https:\\\/\\\/www.cidademarketing.com.br\\\/marketing\\\/2019\\\/06\\\/05\\\/mpf-defende-restabelecimento-da-franquia-gratuita-de-bagagem-em-voos-domesticos\\\/\"]}]},{\"@type\":\"ImageObject\",\"inLanguage\":\"pt-BR\",\"@id\":\"https:\\\/\\\/www.cidademarketing.com.br\\\/marketing\\\/2019\\\/06\\\/05\\\/mpf-defende-restabelecimento-da-franquia-gratuita-de-bagagem-em-voos-domesticos\\\/#primaryimage\",\"url\":\"https:\\\/\\\/www.cidademarketing.com.br\\\/marketing\\\/wp-content\\\/uploads\\\/2019\\\/06\\\/bagagem.jpg\",\"contentUrl\":\"https:\\\/\\\/www.cidademarketing.com.br\\\/marketing\\\/wp-content\\\/uploads\\\/2019\\\/06\\\/bagagem.jpg\",\"width\":738,\"height\":742,\"caption\":\"Reprodu\u00e7\u00e3o\"},{\"@type\":\"BreadcrumbList\",\"@id\":\"https:\\\/\\\/www.cidademarketing.com.br\\\/marketing\\\/2019\\\/06\\\/05\\\/mpf-defende-restabelecimento-da-franquia-gratuita-de-bagagem-em-voos-domesticos\\\/#breadcrumb\",\"itemListElement\":[{\"@type\":\"ListItem\",\"position\":1,\"name\":\"In\u00edcio\",\"item\":\"https:\\\/\\\/www.cidademarketing.com.br\\\/marketing\\\/\"},{\"@type\":\"ListItem\",\"position\":2,\"name\":\"MPF defende restabelecimento da franquia gratuita de bagagem em voos dom\u00e9sticos\"}]},{\"@type\":\"WebSite\",\"@id\":\"https:\\\/\\\/www.cidademarketing.com.br\\\/marketing\\\/#website\",\"url\":\"https:\\\/\\\/www.cidademarketing.com.br\\\/marketing\\\/\",\"name\":\"CidadeMarketing\",\"description\":\"Somos um ve\u00edculo de comunica\u00e7\u00e3o de destaque no Brasil, reconhecido por conte\u00fados nos segmentos de marketing, empreendedorismo e inova\u00e7\u00e3o.\",\"publisher\":{\"@id\":\"https:\\\/\\\/www.cidademarketing.com.br\\\/marketing\\\/#organization\"},\"alternateName\":\"CidadeMarketing\",\"potentialAction\":[{\"@type\":\"SearchAction\",\"target\":{\"@type\":\"EntryPoint\",\"urlTemplate\":\"https:\\\/\\\/www.cidademarketing.com.br\\\/marketing\\\/?s={search_term_string}\"},\"query-input\":{\"@type\":\"PropertyValueSpecification\",\"valueRequired\":true,\"valueName\":\"search_term_string\"}}],\"inLanguage\":\"pt-BR\"},{\"@type\":\"Organization\",\"@id\":\"https:\\\/\\\/www.cidademarketing.com.br\\\/marketing\\\/#organization\",\"name\":\"CidadeMarketing\",\"alternateName\":\"CidadeMarketing\",\"url\":\"https:\\\/\\\/www.cidademarketing.com.br\\\/marketing\\\/\",\"logo\":{\"@type\":\"ImageObject\",\"inLanguage\":\"pt-BR\",\"@id\":\"https:\\\/\\\/www.cidademarketing.com.br\\\/marketing\\\/#\\\/schema\\\/logo\\\/image\\\/\",\"url\":\"https:\\\/\\\/www.cidademarketing.com.br\\\/marketing\\\/wp-content\\\/uploads\\\/2020\\\/01\\\/cidademarketing_marca_mobile.png\",\"contentUrl\":\"https:\\\/\\\/www.cidademarketing.com.br\\\/marketing\\\/wp-content\\\/uploads\\\/2020\\\/01\\\/cidademarketing_marca_mobile.png\",\"width\":230,\"height\":92,\"caption\":\"CidadeMarketing\"},\"image\":{\"@id\":\"https:\\\/\\\/www.cidademarketing.com.br\\\/marketing\\\/#\\\/schema\\\/logo\\\/image\\\/\"},\"sameAs\":[\"https:\\\/\\\/www.facebook.com\\\/portalcidademarketing\",\"https:\\\/\\\/x.com\\\/CidadeMarketing\",\"https:\\\/\\\/www.instagram.com\\\/cidademarketing\\\/\"]},{\"@type\":\"Person\",\"@id\":\"https:\\\/\\\/www.cidademarketing.com.br\\\/marketing\\\/#\\\/schema\\\/person\\\/02daff9f18bd9378c9e01eb6b2db155f\",\"name\":\"Thales Brand\u00e3o\",\"image\":{\"@type\":\"ImageObject\",\"inLanguage\":\"pt-BR\",\"@id\":\"https:\\\/\\\/secure.gravatar.com\\\/avatar\\\/7ca3206950207cc3cb48feec56a8a7898741ab725c368d99d5d7a5a50aab80c6?s=96&d=mm&r=g\",\"url\":\"https:\\\/\\\/secure.gravatar.com\\\/avatar\\\/7ca3206950207cc3cb48feec56a8a7898741ab725c368d99d5d7a5a50aab80c6?s=96&d=mm&r=g\",\"contentUrl\":\"https:\\\/\\\/secure.gravatar.com\\\/avatar\\\/7ca3206950207cc3cb48feec56a8a7898741ab725c368d99d5d7a5a50aab80c6?s=96&d=mm&r=g\",\"caption\":\"Thales Brand\u00e3o\"},\"description\":\"Editor Executivo do Portal CidadeMarketing.com.br &gt; Mestre em Comunica\u00e7\u00e3o e Sociedade pela Universidade Federal de Sergipe. Possui MBA Executivo em Administra\u00e7\u00e3o com \u00eanfase em Marketing pela Funda\u00e7\u00e3o Get\u00falio Vargas - Rio de Janeiro. Consultor, Palestrante e Pesquisador sobre Empreendedorismo, Marketing, Redes Sociais e Neg\u00f3cios Digitais. Professor, Palestrante TedxTalks e Campus Party. Twitter: @ThalesBrandao\",\"sameAs\":[\"http:\\\/\\\/www.mandacaru.com.br\",\"https:\\\/\\\/www.facebook.com\\\/thalesbrandao\",\"http:\\\/\\\/www.instagram.com.br\\\/thalesbrandaoferreira\",\"https:\\\/\\\/www.linkedin.com\\\/in\\\/thales-brand\u00e3o-3948609\\\/\",\"https:\\\/\\\/x.com\\\/http:\\\/\\\/www.twitter.com\\\/thalesbrandao\"],\"url\":\"https:\\\/\\\/www.cidademarketing.com.br\\\/marketing\\\/author\\\/thalesbrandao\\\/\"}]}<\/script>\n<!-- \/ Yoast SEO plugin. -->","yoast_head_json":{"title":"MPF defende restabelecimento da franquia gratuita de bagagem em voos dom\u00e9sticos - CidadeMarketing","robots":{"index":"index","follow":"follow","max-snippet":"max-snippet:-1","max-image-preview":"max-image-preview:large","max-video-preview":"max-video-preview:-1"},"canonical":"https:\/\/www.cidademarketing.com.br\/marketing\/2019\/06\/05\/mpf-defende-restabelecimento-da-franquia-gratuita-de-bagagem-em-voos-domesticos\/","og_locale":"pt_BR","og_type":"article","og_title":"MPF defende restabelecimento da franquia gratuita de bagagem em voos dom\u00e9sticos - CidadeMarketing","og_description":"Diante da sinaliza\u00e7\u00e3o do governo de poss\u00edvel veto ao trecho da Medida Provis\u00f3ria 863\/18 que restabelece franquia de bagagem gratuita para voos dom\u00e9sticos, a C\u00e2mara de Consumidor e Ordem Econ\u00f4mica do MPF (3CCR) emitiu nota t\u00e9cnica com considera\u00e7\u00f5es acerca da necessidade de manter o texto aprovado pelo Congresso Nacional. O documento foi enviado ao ministro-chefe [&hellip;]","og_url":"https:\/\/www.cidademarketing.com.br\/marketing\/2019\/06\/05\/mpf-defende-restabelecimento-da-franquia-gratuita-de-bagagem-em-voos-domesticos\/","og_site_name":"CidadeMarketing","article_publisher":"https:\/\/www.facebook.com\/portalcidademarketing","article_author":"https:\/\/www.facebook.com\/thalesbrandao","article_published_time":"2019-06-04T23:46:20+00:00","article_modified_time":"2019-06-04T23:46:23+00:00","og_image":[{"width":738,"height":742,"url":"https:\/\/www.cidademarketing.com.br\/marketing\/wp-content\/uploads\/2019\/06\/bagagem.jpg","type":"image\/jpeg"}],"author":"Thales Brand\u00e3o","twitter_card":"summary_large_image","twitter_creator":"@http:\/\/www.twitter.com\/thalesbrandao","twitter_site":"@CidadeMarketing","twitter_misc":{"Escrito por":"Thales Brand\u00e3o","Est. tempo de leitura":"2 minutos"},"schema":{"@context":"https:\/\/schema.org","@graph":[{"@type":"Article","@id":"https:\/\/www.cidademarketing.com.br\/marketing\/2019\/06\/05\/mpf-defende-restabelecimento-da-franquia-gratuita-de-bagagem-em-voos-domesticos\/#article","isPartOf":{"@id":"https:\/\/www.cidademarketing.com.br\/marketing\/2019\/06\/05\/mpf-defende-restabelecimento-da-franquia-gratuita-de-bagagem-em-voos-domesticos\/"},"author":{"name":"Thales Brand\u00e3o","@id":"https:\/\/www.cidademarketing.com.br\/marketing\/#\/schema\/person\/02daff9f18bd9378c9e01eb6b2db155f"},"headline":"MPF defende restabelecimento da franquia gratuita de bagagem em voos dom\u00e9sticos","datePublished":"2019-06-04T23:46:20+00:00","dateModified":"2019-06-04T23:46:23+00:00","mainEntityOfPage":{"@id":"https:\/\/www.cidademarketing.com.br\/marketing\/2019\/06\/05\/mpf-defende-restabelecimento-da-franquia-gratuita-de-bagagem-em-voos-domesticos\/"},"wordCount":369,"commentCount":0,"publisher":{"@id":"https:\/\/www.cidademarketing.com.br\/marketing\/#organization"},"image":{"@id":"https:\/\/www.cidademarketing.com.br\/marketing\/2019\/06\/05\/mpf-defende-restabelecimento-da-franquia-gratuita-de-bagagem-em-voos-domesticos\/#primaryimage"},"thumbnailUrl":"https:\/\/www.cidademarketing.com.br\/marketing\/wp-content\/uploads\/2019\/06\/bagagem.jpg","keywords":["consumidor","marketing","MPF"],"articleSection":["Consumidor","Not\u00edcias"],"inLanguage":"pt-BR","potentialAction":[{"@type":"CommentAction","name":"Comment","target":["https:\/\/www.cidademarketing.com.br\/marketing\/2019\/06\/05\/mpf-defende-restabelecimento-da-franquia-gratuita-de-bagagem-em-voos-domesticos\/#respond"]}]},{"@type":"WebPage","@id":"https:\/\/www.cidademarketing.com.br\/marketing\/2019\/06\/05\/mpf-defende-restabelecimento-da-franquia-gratuita-de-bagagem-em-voos-domesticos\/","url":"https:\/\/www.cidademarketing.com.br\/marketing\/2019\/06\/05\/mpf-defende-restabelecimento-da-franquia-gratuita-de-bagagem-em-voos-domesticos\/","name":"MPF defende restabelecimento da franquia gratuita de bagagem em voos dom\u00e9sticos - CidadeMarketing","isPartOf":{"@id":"https:\/\/www.cidademarketing.com.br\/marketing\/#website"},"primaryImageOfPage":{"@id":"https:\/\/www.cidademarketing.com.br\/marketing\/2019\/06\/05\/mpf-defende-restabelecimento-da-franquia-gratuita-de-bagagem-em-voos-domesticos\/#primaryimage"},"image":{"@id":"https:\/\/www.cidademarketing.com.br\/marketing\/2019\/06\/05\/mpf-defende-restabelecimento-da-franquia-gratuita-de-bagagem-em-voos-domesticos\/#primaryimage"},"thumbnailUrl":"https:\/\/www.cidademarketing.com.br\/marketing\/wp-content\/uploads\/2019\/06\/bagagem.jpg","datePublished":"2019-06-04T23:46:20+00:00","dateModified":"2019-06-04T23:46:23+00:00","breadcrumb":{"@id":"https:\/\/www.cidademarketing.com.br\/marketing\/2019\/06\/05\/mpf-defende-restabelecimento-da-franquia-gratuita-de-bagagem-em-voos-domesticos\/#breadcrumb"},"inLanguage":"pt-BR","potentialAction":[{"@type":"ReadAction","target":["https:\/\/www.cidademarketing.com.br\/marketing\/2019\/06\/05\/mpf-defende-restabelecimento-da-franquia-gratuita-de-bagagem-em-voos-domesticos\/"]}]},{"@type":"ImageObject","inLanguage":"pt-BR","@id":"https:\/\/www.cidademarketing.com.br\/marketing\/2019\/06\/05\/mpf-defende-restabelecimento-da-franquia-gratuita-de-bagagem-em-voos-domesticos\/#primaryimage","url":"https:\/\/www.cidademarketing.com.br\/marketing\/wp-content\/uploads\/2019\/06\/bagagem.jpg","contentUrl":"https:\/\/www.cidademarketing.com.br\/marketing\/wp-content\/uploads\/2019\/06\/bagagem.jpg","width":738,"height":742,"caption":"Reprodu\u00e7\u00e3o"},{"@type":"BreadcrumbList","@id":"https:\/\/www.cidademarketing.com.br\/marketing\/2019\/06\/05\/mpf-defende-restabelecimento-da-franquia-gratuita-de-bagagem-em-voos-domesticos\/#breadcrumb","itemListElement":[{"@type":"ListItem","position":1,"name":"In\u00edcio","item":"https:\/\/www.cidademarketing.com.br\/marketing\/"},{"@type":"ListItem","position":2,"name":"MPF defende restabelecimento da franquia gratuita de bagagem em voos dom\u00e9sticos"}]},{"@type":"WebSite","@id":"https:\/\/www.cidademarketing.com.br\/marketing\/#website","url":"https:\/\/www.cidademarketing.com.br\/marketing\/","name":"CidadeMarketing","description":"Somos um ve\u00edculo de comunica\u00e7\u00e3o de destaque no Brasil, reconhecido por conte\u00fados nos segmentos de marketing, empreendedorismo e inova\u00e7\u00e3o.","publisher":{"@id":"https:\/\/www.cidademarketing.com.br\/marketing\/#organization"},"alternateName":"CidadeMarketing","potentialAction":[{"@type":"SearchAction","target":{"@type":"EntryPoint","urlTemplate":"https:\/\/www.cidademarketing.com.br\/marketing\/?s={search_term_string}"},"query-input":{"@type":"PropertyValueSpecification","valueRequired":true,"valueName":"search_term_string"}}],"inLanguage":"pt-BR"},{"@type":"Organization","@id":"https:\/\/www.cidademarketing.com.br\/marketing\/#organization","name":"CidadeMarketing","alternateName":"CidadeMarketing","url":"https:\/\/www.cidademarketing.com.br\/marketing\/","logo":{"@type":"ImageObject","inLanguage":"pt-BR","@id":"https:\/\/www.cidademarketing.com.br\/marketing\/#\/schema\/logo\/image\/","url":"https:\/\/www.cidademarketing.com.br\/marketing\/wp-content\/uploads\/2020\/01\/cidademarketing_marca_mobile.png","contentUrl":"https:\/\/www.cidademarketing.com.br\/marketing\/wp-content\/uploads\/2020\/01\/cidademarketing_marca_mobile.png","width":230,"height":92,"caption":"CidadeMarketing"},"image":{"@id":"https:\/\/www.cidademarketing.com.br\/marketing\/#\/schema\/logo\/image\/"},"sameAs":["https:\/\/www.facebook.com\/portalcidademarketing","https:\/\/x.com\/CidadeMarketing","https:\/\/www.instagram.com\/cidademarketing\/"]},{"@type":"Person","@id":"https:\/\/www.cidademarketing.com.br\/marketing\/#\/schema\/person\/02daff9f18bd9378c9e01eb6b2db155f","name":"Thales Brand\u00e3o","image":{"@type":"ImageObject","inLanguage":"pt-BR","@id":"https:\/\/secure.gravatar.com\/avatar\/7ca3206950207cc3cb48feec56a8a7898741ab725c368d99d5d7a5a50aab80c6?s=96&d=mm&r=g","url":"https:\/\/secure.gravatar.com\/avatar\/7ca3206950207cc3cb48feec56a8a7898741ab725c368d99d5d7a5a50aab80c6?s=96&d=mm&r=g","contentUrl":"https:\/\/secure.gravatar.com\/avatar\/7ca3206950207cc3cb48feec56a8a7898741ab725c368d99d5d7a5a50aab80c6?s=96&d=mm&r=g","caption":"Thales Brand\u00e3o"},"description":"Editor Executivo do Portal CidadeMarketing.com.br &gt; Mestre em Comunica\u00e7\u00e3o e Sociedade pela Universidade Federal de Sergipe. Possui MBA Executivo em Administra\u00e7\u00e3o com \u00eanfase em Marketing pela Funda\u00e7\u00e3o Get\u00falio Vargas - Rio de Janeiro. Consultor, Palestrante e Pesquisador sobre Empreendedorismo, Marketing, Redes Sociais e Neg\u00f3cios Digitais. Professor, Palestrante TedxTalks e Campus Party. Twitter: @ThalesBrandao","sameAs":["http:\/\/www.mandacaru.com.br","https:\/\/www.facebook.com\/thalesbrandao","http:\/\/www.instagram.com.br\/thalesbrandaoferreira","https:\/\/www.linkedin.com\/in\/thales-brand\u00e3o-3948609\/","https:\/\/x.com\/http:\/\/www.twitter.com\/thalesbrandao"],"url":"https:\/\/www.cidademarketing.com.br\/marketing\/author\/thalesbrandao\/"}]}},"amp_enabled":true,"_links":{"self":[{"href":"https:\/\/www.cidademarketing.com.br\/marketing\/wp-json\/wp\/v2\/posts\/8826","targetHints":{"allow":["GET"]}}],"collection":[{"href":"https:\/\/www.cidademarketing.com.br\/marketing\/wp-json\/wp\/v2\/posts"}],"about":[{"href":"https:\/\/www.cidademarketing.com.br\/marketing\/wp-json\/wp\/v2\/types\/post"}],"author":[{"embeddable":true,"href":"https:\/\/www.cidademarketing.com.br\/marketing\/wp-json\/wp\/v2\/users\/1"}],"replies":[{"embeddable":true,"href":"https:\/\/www.cidademarketing.com.br\/marketing\/wp-json\/wp\/v2\/comments?post=8826"}],"version-history":[{"count":1,"href":"https:\/\/www.cidademarketing.com.br\/marketing\/wp-json\/wp\/v2\/posts\/8826\/revisions"}],"predecessor-version":[{"id":8828,"href":"https:\/\/www.cidademarketing.com.br\/marketing\/wp-json\/wp\/v2\/posts\/8826\/revisions\/8828"}],"wp:featuredmedia":[{"embeddable":true,"href":"https:\/\/www.cidademarketing.com.br\/marketing\/wp-json\/wp\/v2\/media\/8827"}],"wp:attachment":[{"href":"https:\/\/www.cidademarketing.com.br\/marketing\/wp-json\/wp\/v2\/media?parent=8826"}],"wp:term":[{"taxonomy":"category","embeddable":true,"href":"https:\/\/www.cidademarketing.com.br\/marketing\/wp-json\/wp\/v2\/categories?post=8826"},{"taxonomy":"post_tag","embeddable":true,"href":"https:\/\/www.cidademarketing.com.br\/marketing\/wp-json\/wp\/v2\/tags?post=8826"}],"curies":[{"name":"wp","href":"https:\/\/api.w.org\/{rel}","templated":true}]}}