{"id":8802,"date":"2019-06-04T19:10:35","date_gmt":"2019-06-04T15:10:35","guid":{"rendered":"https:\/\/www.cidademarketing.com.br\/marketing\/?p=8802"},"modified":"2019-06-04T19:10:38","modified_gmt":"2019-06-04T15:10:38","slug":"administracao-e-pedagogia-sao-os-cursos-com-mais-vagas-no-sisu-inscricoes-comecam-hoje-4-6","status":"publish","type":"post","link":"https:\/\/www.cidademarketing.com.br\/marketing\/2019\/06\/04\/administracao-e-pedagogia-sao-os-cursos-com-mais-vagas-no-sisu-inscricoes-comecam-hoje-4-6\/","title":{"rendered":"Administra\u00e7\u00e3o e pedagogia s\u00e3o os cursos com mais vagas no Sisu; Inscri\u00e7\u00f5es come\u00e7am hoje 4\/6"},"content":{"rendered":"\n<p>Administra\u00e7\u00e3o, com 1.996 vagas, pedagogia, com 1.989, e ci\u00eancias biol\u00f3gicas, com 1.748, s\u00e3o os cursos com maior n\u00famero de vagas ofertadas na segunda edi\u00e7\u00e3o do Sistema de Sele\u00e7\u00e3o Unificada (Sisu) 2019, conforme divulgou ontem (3) o Minist\u00e9rio da Educa\u00e7\u00e3o (MEC). As inscri\u00e7\u00f5es come\u00e7am hoje (4) e podem ser feitas at\u00e9 sexta-feira (7),\u00a0<a rel=\"noreferrer noopener\" href=\"http:\/\/saiu.mec.gov.br\/\" target=\"_blank\">na p\u00e1gina do programa<\/a>.<\/p>\n\n\n\n<p>A consulta de vagas est\u00e1 aberta no site do Sisu desde o dia 23. Os participantes podem fazer a busca por curso, por institui\u00e7\u00e3o de ensino ou por munic\u00edpio. \u201c\u00c9 muito importante que o aluno se planeje ao longo do ano para fazer a melhor escolha\u201d, alerta o secret\u00e1rio de Educa\u00e7\u00e3o Superior do Minist\u00e9rio da Educa\u00e7\u00e3o (MEC), Arnaldo Barbosa de Lima.<\/p>\n\n\n\n<p>Est\u00e3o tamb\u00e9m entre os cursos com mais vagas o de qu\u00edmica, com 1.720; matem\u00e1tica (1.619); engenharia el\u00e9trica (1.542); f\u00edsica (1.520); direito (1.459); medicina (1.446); engenharia civil (1.425); e educa\u00e7\u00e3o f\u00edsica (1.215). As vagas s\u00e3o ofertadas em todo o pa\u00eds. Os estados com mais vagas s\u00e3o Rio de Janeiro, com 12.937; Minas Gerais, com 8.479; Bahia, com 6.745, e Para\u00edba, com 5.990.<\/p>\n\n\n\n<p>A oferta de vagas neste segundo semestre \u00e9 recorde para o per\u00edodo. Ao todo, ser\u00e3o ofertadas 59.028 vagas em 76 institui\u00e7\u00f5es p\u00fablicas de ensino em todo o pa\u00eds.<\/p>\n\n\n\n<p>Desse total, 26.535, o equivalente a 50,67%, ser\u00e3o ofertadas no \u00e2mbito da\u00a0Lei de Cotas (Lei 12.711\/12), que estabelece que 50% das vagas das universidades federais e das institui\u00e7\u00f5es federais de ensino t\u00e9cnico de n\u00edvel m\u00e9dio devem ser reservadas a estudantes de escolas p\u00fablicas. Dentro da lei, h\u00e1 a reserva de vagas para pretos, pardos e ind\u00edgenas, de acordo com a porcentagem dessas popula\u00e7\u00f5es nas unidades federativas.<\/p>\n\n\n\n<p>A maior parte das vagas, 30.149 (51,07%) \u00e9 em per\u00edodo integral. Neste semestre, s\u00e3o ofertadas 19.458 (33%) vagas noturnas.<\/p>\n\n\n\n<p><strong>Universidades Federais&nbsp;<\/strong><\/p>\n\n\n\n<p>Cerca de 69% das vagas s\u00e3o ofertadas por universidades federais. De acordo com o secret\u00e1rio Educa\u00e7\u00e3o Superior, o contingenciamento n\u00e3o impactou a oferta do Sisu. \u201cUniversidades t\u00eam autonomia quanto a oferta de cursos e vagas, s\u00e3o eles que se planejam. N\u00e3o se tem not\u00edcia de que [o Sisu] foi prejudicado. O programa est\u00e1 no pico hist\u00f3rico\u201d, disse.<\/p>\n\n\n\n<p><strong>Sisu 2019<\/strong><\/p>\n\n\n\n<p>O Sisu oferece vagas em institui\u00e7\u00f5es p\u00fablicas de ensino superior, entre universidades e institutos federais, institui\u00e7\u00f5es estaduais e municipais. Podem participar do Sisu os estudantes que fizeram prova do Exame Nacional do Ensino M\u00e9dio em 2018 e obtiveram nota na reda\u00e7\u00e3o acima de zero.<\/p>\n\n\n\n<p>O resultado da chamada regular ser\u00e1 divulgado no dia 10 de junho. As matr\u00edculas devem ser realizadas de 12 a 17 de junho. Aqueles que n\u00e3o forem selecionados poder\u00e3o participar da lista de espera de 11 a 17 de junho. A convoca\u00e7\u00e3o desses estudantes ocorrer\u00e1 ap\u00f3s o dia 19 de junho.<\/p>\n\n\n\n<p>CidadeMarketing com informa\u00e7\u00f5es da Ag\u00eancia Brasil.<\/p>\n","protected":false},"excerpt":{"rendered":"<p>Administra\u00e7\u00e3o, com 1.996 vagas, pedagogia, com 1.989, e ci\u00eancias biol\u00f3gicas, com 1.748, s\u00e3o os cursos com maior n\u00famero de vagas ofertadas na segunda edi\u00e7\u00e3o do Sistema de Sele\u00e7\u00e3o Unificada (Sisu) 2019, conforme divulgou ontem (3) o Minist\u00e9rio da Educa\u00e7\u00e3o (MEC). As inscri\u00e7\u00f5es come\u00e7am hoje (4) e podem ser feitas at\u00e9 sexta-feira (7),\u00a0na p\u00e1gina do programa. [&hellip;]<\/p>\n","protected":false},"author":1,"featured_media":8408,"comment_status":"open","ping_status":"open","sticky":false,"template":"","format":"standard","meta":{"tdm_status":"","tdm_grid_status":"","footnotes":""},"categories":[6],"tags":[28,1207,1205],"class_list":["post-8802","post","type-post","status-publish","format-standard","has-post-thumbnail","hentry","category-noticias","tag-marketing","tag-ministerio-da-educacao","tag-sisu"],"yoast_head":"<!-- This site is optimized with the Yoast SEO plugin v27.4 - https:\/\/yoast.com\/product\/yoast-seo-wordpress\/ -->\n<title>Administra\u00e7\u00e3o e pedagogia s\u00e3o os cursos com mais vagas no Sisu; Inscri\u00e7\u00f5es come\u00e7am hoje 4\/6 - CidadeMarketing<\/title>\n<meta name=\"robots\" content=\"index, follow, max-snippet:-1, max-image-preview:large, max-video-preview:-1\" \/>\n<link rel=\"canonical\" href=\"https:\/\/www.cidademarketing.com.br\/marketing\/2019\/06\/04\/administracao-e-pedagogia-sao-os-cursos-com-mais-vagas-no-sisu-inscricoes-comecam-hoje-4-6\/\" \/>\n<meta property=\"og:locale\" content=\"pt_BR\" \/>\n<meta property=\"og:type\" content=\"article\" \/>\n<meta property=\"og:title\" content=\"Administra\u00e7\u00e3o e pedagogia s\u00e3o os cursos com mais vagas no Sisu; Inscri\u00e7\u00f5es come\u00e7am hoje 4\/6 - CidadeMarketing\" \/>\n<meta property=\"og:description\" content=\"Administra\u00e7\u00e3o, com 1.996 vagas, pedagogia, com 1.989, e ci\u00eancias biol\u00f3gicas, com 1.748, s\u00e3o os cursos com maior n\u00famero de vagas ofertadas na segunda edi\u00e7\u00e3o do Sistema de Sele\u00e7\u00e3o Unificada (Sisu) 2019, conforme divulgou ontem (3) o Minist\u00e9rio da Educa\u00e7\u00e3o (MEC). As inscri\u00e7\u00f5es come\u00e7am hoje (4) e podem ser feitas at\u00e9 sexta-feira (7),\u00a0na p\u00e1gina do programa. [&hellip;]\" \/>\n<meta property=\"og:url\" content=\"https:\/\/www.cidademarketing.com.br\/marketing\/2019\/06\/04\/administracao-e-pedagogia-sao-os-cursos-com-mais-vagas-no-sisu-inscricoes-comecam-hoje-4-6\/\" \/>\n<meta property=\"og:site_name\" content=\"CidadeMarketing\" \/>\n<meta property=\"article:publisher\" content=\"https:\/\/www.facebook.com\/portalcidademarketing\" \/>\n<meta property=\"article:author\" content=\"https:\/\/www.facebook.com\/thalesbrandao\" \/>\n<meta property=\"article:published_time\" content=\"2019-06-04T15:10:35+00:00\" \/>\n<meta property=\"article:modified_time\" content=\"2019-06-04T15:10:38+00:00\" \/>\n<meta property=\"og:image\" content=\"https:\/\/www.cidademarketing.com.br\/marketing\/wp-content\/uploads\/2019\/05\/agenciabrasil_enem.jpg\" \/>\n\t<meta property=\"og:image:width\" content=\"1140\" \/>\n\t<meta property=\"og:image:height\" content=\"760\" \/>\n\t<meta property=\"og:image:type\" content=\"image\/jpeg\" \/>\n<meta name=\"author\" content=\"Thales Brand\u00e3o\" \/>\n<meta name=\"twitter:card\" content=\"summary_large_image\" \/>\n<meta name=\"twitter:creator\" content=\"@http:\/\/www.twitter.com\/thalesbrandao\" \/>\n<meta name=\"twitter:site\" content=\"@CidadeMarketing\" \/>\n<meta name=\"twitter:label1\" content=\"Escrito por\" \/>\n\t<meta name=\"twitter:data1\" content=\"Thales Brand\u00e3o\" \/>\n\t<meta name=\"twitter:label2\" content=\"Est. tempo de leitura\" \/>\n\t<meta name=\"twitter:data2\" content=\"2 minutos\" \/>\n<script type=\"application\/ld+json\" class=\"yoast-schema-graph\">{\"@context\":\"https:\\\/\\\/schema.org\",\"@graph\":[{\"@type\":\"Article\",\"@id\":\"https:\\\/\\\/www.cidademarketing.com.br\\\/marketing\\\/2019\\\/06\\\/04\\\/administracao-e-pedagogia-sao-os-cursos-com-mais-vagas-no-sisu-inscricoes-comecam-hoje-4-6\\\/#article\",\"isPartOf\":{\"@id\":\"https:\\\/\\\/www.cidademarketing.com.br\\\/marketing\\\/2019\\\/06\\\/04\\\/administracao-e-pedagogia-sao-os-cursos-com-mais-vagas-no-sisu-inscricoes-comecam-hoje-4-6\\\/\"},\"author\":{\"name\":\"Thales Brand\u00e3o\",\"@id\":\"https:\\\/\\\/www.cidademarketing.com.br\\\/marketing\\\/#\\\/schema\\\/person\\\/02daff9f18bd9378c9e01eb6b2db155f\"},\"headline\":\"Administra\u00e7\u00e3o e pedagogia s\u00e3o os cursos com mais vagas no Sisu; Inscri\u00e7\u00f5es come\u00e7am hoje 4\\\/6\",\"datePublished\":\"2019-06-04T15:10:35+00:00\",\"dateModified\":\"2019-06-04T15:10:38+00:00\",\"mainEntityOfPage\":{\"@id\":\"https:\\\/\\\/www.cidademarketing.com.br\\\/marketing\\\/2019\\\/06\\\/04\\\/administracao-e-pedagogia-sao-os-cursos-com-mais-vagas-no-sisu-inscricoes-comecam-hoje-4-6\\\/\"},\"wordCount\":497,\"commentCount\":0,\"publisher\":{\"@id\":\"https:\\\/\\\/www.cidademarketing.com.br\\\/marketing\\\/#organization\"},\"image\":{\"@id\":\"https:\\\/\\\/www.cidademarketing.com.br\\\/marketing\\\/2019\\\/06\\\/04\\\/administracao-e-pedagogia-sao-os-cursos-com-mais-vagas-no-sisu-inscricoes-comecam-hoje-4-6\\\/#primaryimage\"},\"thumbnailUrl\":\"https:\\\/\\\/www.cidademarketing.com.br\\\/marketing\\\/wp-content\\\/uploads\\\/2019\\\/05\\\/agenciabrasil_enem.jpg\",\"keywords\":[\"marketing\",\"Minist\u00e9rio da Educa\u00e7\u00e3o\",\"Sisu\"],\"articleSection\":[\"Not\u00edcias\"],\"inLanguage\":\"pt-BR\",\"potentialAction\":[{\"@type\":\"CommentAction\",\"name\":\"Comment\",\"target\":[\"https:\\\/\\\/www.cidademarketing.com.br\\\/marketing\\\/2019\\\/06\\\/04\\\/administracao-e-pedagogia-sao-os-cursos-com-mais-vagas-no-sisu-inscricoes-comecam-hoje-4-6\\\/#respond\"]}]},{\"@type\":\"WebPage\",\"@id\":\"https:\\\/\\\/www.cidademarketing.com.br\\\/marketing\\\/2019\\\/06\\\/04\\\/administracao-e-pedagogia-sao-os-cursos-com-mais-vagas-no-sisu-inscricoes-comecam-hoje-4-6\\\/\",\"url\":\"https:\\\/\\\/www.cidademarketing.com.br\\\/marketing\\\/2019\\\/06\\\/04\\\/administracao-e-pedagogia-sao-os-cursos-com-mais-vagas-no-sisu-inscricoes-comecam-hoje-4-6\\\/\",\"name\":\"Administra\u00e7\u00e3o e pedagogia s\u00e3o os cursos com mais vagas no Sisu; Inscri\u00e7\u00f5es come\u00e7am hoje 4\\\/6 - CidadeMarketing\",\"isPartOf\":{\"@id\":\"https:\\\/\\\/www.cidademarketing.com.br\\\/marketing\\\/#website\"},\"primaryImageOfPage\":{\"@id\":\"https:\\\/\\\/www.cidademarketing.com.br\\\/marketing\\\/2019\\\/06\\\/04\\\/administracao-e-pedagogia-sao-os-cursos-com-mais-vagas-no-sisu-inscricoes-comecam-hoje-4-6\\\/#primaryimage\"},\"image\":{\"@id\":\"https:\\\/\\\/www.cidademarketing.com.br\\\/marketing\\\/2019\\\/06\\\/04\\\/administracao-e-pedagogia-sao-os-cursos-com-mais-vagas-no-sisu-inscricoes-comecam-hoje-4-6\\\/#primaryimage\"},\"thumbnailUrl\":\"https:\\\/\\\/www.cidademarketing.com.br\\\/marketing\\\/wp-content\\\/uploads\\\/2019\\\/05\\\/agenciabrasil_enem.jpg\",\"datePublished\":\"2019-06-04T15:10:35+00:00\",\"dateModified\":\"2019-06-04T15:10:38+00:00\",\"breadcrumb\":{\"@id\":\"https:\\\/\\\/www.cidademarketing.com.br\\\/marketing\\\/2019\\\/06\\\/04\\\/administracao-e-pedagogia-sao-os-cursos-com-mais-vagas-no-sisu-inscricoes-comecam-hoje-4-6\\\/#breadcrumb\"},\"inLanguage\":\"pt-BR\",\"potentialAction\":[{\"@type\":\"ReadAction\",\"target\":[\"https:\\\/\\\/www.cidademarketing.com.br\\\/marketing\\\/2019\\\/06\\\/04\\\/administracao-e-pedagogia-sao-os-cursos-com-mais-vagas-no-sisu-inscricoes-comecam-hoje-4-6\\\/\"]}]},{\"@type\":\"ImageObject\",\"inLanguage\":\"pt-BR\",\"@id\":\"https:\\\/\\\/www.cidademarketing.com.br\\\/marketing\\\/2019\\\/06\\\/04\\\/administracao-e-pedagogia-sao-os-cursos-com-mais-vagas-no-sisu-inscricoes-comecam-hoje-4-6\\\/#primaryimage\",\"url\":\"https:\\\/\\\/www.cidademarketing.com.br\\\/marketing\\\/wp-content\\\/uploads\\\/2019\\\/05\\\/agenciabrasil_enem.jpg\",\"contentUrl\":\"https:\\\/\\\/www.cidademarketing.com.br\\\/marketing\\\/wp-content\\\/uploads\\\/2019\\\/05\\\/agenciabrasil_enem.jpg\",\"width\":1140,\"height\":760,\"caption\":\"Ag\u00eancia Brasil\\\/Reprodu\u00e7\u00e3o\"},{\"@type\":\"BreadcrumbList\",\"@id\":\"https:\\\/\\\/www.cidademarketing.com.br\\\/marketing\\\/2019\\\/06\\\/04\\\/administracao-e-pedagogia-sao-os-cursos-com-mais-vagas-no-sisu-inscricoes-comecam-hoje-4-6\\\/#breadcrumb\",\"itemListElement\":[{\"@type\":\"ListItem\",\"position\":1,\"name\":\"In\u00edcio\",\"item\":\"https:\\\/\\\/www.cidademarketing.com.br\\\/marketing\\\/\"},{\"@type\":\"ListItem\",\"position\":2,\"name\":\"Administra\u00e7\u00e3o e pedagogia s\u00e3o os cursos com mais vagas no Sisu; Inscri\u00e7\u00f5es come\u00e7am hoje 4\\\/6\"}]},{\"@type\":\"WebSite\",\"@id\":\"https:\\\/\\\/www.cidademarketing.com.br\\\/marketing\\\/#website\",\"url\":\"https:\\\/\\\/www.cidademarketing.com.br\\\/marketing\\\/\",\"name\":\"CidadeMarketing\",\"description\":\"Somos um ve\u00edculo de comunica\u00e7\u00e3o de destaque no Brasil, reconhecido por conte\u00fados nos segmentos de marketing, empreendedorismo e inova\u00e7\u00e3o.\",\"publisher\":{\"@id\":\"https:\\\/\\\/www.cidademarketing.com.br\\\/marketing\\\/#organization\"},\"alternateName\":\"CidadeMarketing\",\"potentialAction\":[{\"@type\":\"SearchAction\",\"target\":{\"@type\":\"EntryPoint\",\"urlTemplate\":\"https:\\\/\\\/www.cidademarketing.com.br\\\/marketing\\\/?s={search_term_string}\"},\"query-input\":{\"@type\":\"PropertyValueSpecification\",\"valueRequired\":true,\"valueName\":\"search_term_string\"}}],\"inLanguage\":\"pt-BR\"},{\"@type\":\"Organization\",\"@id\":\"https:\\\/\\\/www.cidademarketing.com.br\\\/marketing\\\/#organization\",\"name\":\"CidadeMarketing\",\"alternateName\":\"CidadeMarketing\",\"url\":\"https:\\\/\\\/www.cidademarketing.com.br\\\/marketing\\\/\",\"logo\":{\"@type\":\"ImageObject\",\"inLanguage\":\"pt-BR\",\"@id\":\"https:\\\/\\\/www.cidademarketing.com.br\\\/marketing\\\/#\\\/schema\\\/logo\\\/image\\\/\",\"url\":\"https:\\\/\\\/www.cidademarketing.com.br\\\/marketing\\\/wp-content\\\/uploads\\\/2020\\\/01\\\/cidademarketing_marca_mobile.png\",\"contentUrl\":\"https:\\\/\\\/www.cidademarketing.com.br\\\/marketing\\\/wp-content\\\/uploads\\\/2020\\\/01\\\/cidademarketing_marca_mobile.png\",\"width\":230,\"height\":92,\"caption\":\"CidadeMarketing\"},\"image\":{\"@id\":\"https:\\\/\\\/www.cidademarketing.com.br\\\/marketing\\\/#\\\/schema\\\/logo\\\/image\\\/\"},\"sameAs\":[\"https:\\\/\\\/www.facebook.com\\\/portalcidademarketing\",\"https:\\\/\\\/x.com\\\/CidadeMarketing\",\"https:\\\/\\\/www.instagram.com\\\/cidademarketing\\\/\"]},{\"@type\":\"Person\",\"@id\":\"https:\\\/\\\/www.cidademarketing.com.br\\\/marketing\\\/#\\\/schema\\\/person\\\/02daff9f18bd9378c9e01eb6b2db155f\",\"name\":\"Thales Brand\u00e3o\",\"image\":{\"@type\":\"ImageObject\",\"inLanguage\":\"pt-BR\",\"@id\":\"https:\\\/\\\/secure.gravatar.com\\\/avatar\\\/7ca3206950207cc3cb48feec56a8a7898741ab725c368d99d5d7a5a50aab80c6?s=96&d=mm&r=g\",\"url\":\"https:\\\/\\\/secure.gravatar.com\\\/avatar\\\/7ca3206950207cc3cb48feec56a8a7898741ab725c368d99d5d7a5a50aab80c6?s=96&d=mm&r=g\",\"contentUrl\":\"https:\\\/\\\/secure.gravatar.com\\\/avatar\\\/7ca3206950207cc3cb48feec56a8a7898741ab725c368d99d5d7a5a50aab80c6?s=96&d=mm&r=g\",\"caption\":\"Thales Brand\u00e3o\"},\"description\":\"Editor Executivo do Portal CidadeMarketing.com.br &gt; Mestre em Comunica\u00e7\u00e3o e Sociedade pela Universidade Federal de Sergipe. Possui MBA Executivo em Administra\u00e7\u00e3o com \u00eanfase em Marketing pela Funda\u00e7\u00e3o Get\u00falio Vargas - Rio de Janeiro. Consultor, Palestrante e Pesquisador sobre Empreendedorismo, Marketing, Redes Sociais e Neg\u00f3cios Digitais. Professor, Palestrante TedxTalks e Campus Party. Twitter: @ThalesBrandao\",\"sameAs\":[\"http:\\\/\\\/www.mandacaru.com.br\",\"https:\\\/\\\/www.facebook.com\\\/thalesbrandao\",\"http:\\\/\\\/www.instagram.com.br\\\/thalesbrandaoferreira\",\"https:\\\/\\\/www.linkedin.com\\\/in\\\/thales-brand\u00e3o-3948609\\\/\",\"https:\\\/\\\/x.com\\\/http:\\\/\\\/www.twitter.com\\\/thalesbrandao\"],\"url\":\"https:\\\/\\\/www.cidademarketing.com.br\\\/marketing\\\/author\\\/thalesbrandao\\\/\"}]}<\/script>\n<!-- \/ Yoast SEO plugin. -->","yoast_head_json":{"title":"Administra\u00e7\u00e3o e pedagogia s\u00e3o os cursos com mais vagas no Sisu; Inscri\u00e7\u00f5es come\u00e7am hoje 4\/6 - CidadeMarketing","robots":{"index":"index","follow":"follow","max-snippet":"max-snippet:-1","max-image-preview":"max-image-preview:large","max-video-preview":"max-video-preview:-1"},"canonical":"https:\/\/www.cidademarketing.com.br\/marketing\/2019\/06\/04\/administracao-e-pedagogia-sao-os-cursos-com-mais-vagas-no-sisu-inscricoes-comecam-hoje-4-6\/","og_locale":"pt_BR","og_type":"article","og_title":"Administra\u00e7\u00e3o e pedagogia s\u00e3o os cursos com mais vagas no Sisu; Inscri\u00e7\u00f5es come\u00e7am hoje 4\/6 - CidadeMarketing","og_description":"Administra\u00e7\u00e3o, com 1.996 vagas, pedagogia, com 1.989, e ci\u00eancias biol\u00f3gicas, com 1.748, s\u00e3o os cursos com maior n\u00famero de vagas ofertadas na segunda edi\u00e7\u00e3o do Sistema de Sele\u00e7\u00e3o Unificada (Sisu) 2019, conforme divulgou ontem (3) o Minist\u00e9rio da Educa\u00e7\u00e3o (MEC). As inscri\u00e7\u00f5es come\u00e7am hoje (4) e podem ser feitas at\u00e9 sexta-feira (7),\u00a0na p\u00e1gina do programa. [&hellip;]","og_url":"https:\/\/www.cidademarketing.com.br\/marketing\/2019\/06\/04\/administracao-e-pedagogia-sao-os-cursos-com-mais-vagas-no-sisu-inscricoes-comecam-hoje-4-6\/","og_site_name":"CidadeMarketing","article_publisher":"https:\/\/www.facebook.com\/portalcidademarketing","article_author":"https:\/\/www.facebook.com\/thalesbrandao","article_published_time":"2019-06-04T15:10:35+00:00","article_modified_time":"2019-06-04T15:10:38+00:00","og_image":[{"width":1140,"height":760,"url":"https:\/\/www.cidademarketing.com.br\/marketing\/wp-content\/uploads\/2019\/05\/agenciabrasil_enem.jpg","type":"image\/jpeg"}],"author":"Thales Brand\u00e3o","twitter_card":"summary_large_image","twitter_creator":"@http:\/\/www.twitter.com\/thalesbrandao","twitter_site":"@CidadeMarketing","twitter_misc":{"Escrito por":"Thales Brand\u00e3o","Est. tempo de leitura":"2 minutos"},"schema":{"@context":"https:\/\/schema.org","@graph":[{"@type":"Article","@id":"https:\/\/www.cidademarketing.com.br\/marketing\/2019\/06\/04\/administracao-e-pedagogia-sao-os-cursos-com-mais-vagas-no-sisu-inscricoes-comecam-hoje-4-6\/#article","isPartOf":{"@id":"https:\/\/www.cidademarketing.com.br\/marketing\/2019\/06\/04\/administracao-e-pedagogia-sao-os-cursos-com-mais-vagas-no-sisu-inscricoes-comecam-hoje-4-6\/"},"author":{"name":"Thales Brand\u00e3o","@id":"https:\/\/www.cidademarketing.com.br\/marketing\/#\/schema\/person\/02daff9f18bd9378c9e01eb6b2db155f"},"headline":"Administra\u00e7\u00e3o e pedagogia s\u00e3o os cursos com mais vagas no Sisu; Inscri\u00e7\u00f5es come\u00e7am hoje 4\/6","datePublished":"2019-06-04T15:10:35+00:00","dateModified":"2019-06-04T15:10:38+00:00","mainEntityOfPage":{"@id":"https:\/\/www.cidademarketing.com.br\/marketing\/2019\/06\/04\/administracao-e-pedagogia-sao-os-cursos-com-mais-vagas-no-sisu-inscricoes-comecam-hoje-4-6\/"},"wordCount":497,"commentCount":0,"publisher":{"@id":"https:\/\/www.cidademarketing.com.br\/marketing\/#organization"},"image":{"@id":"https:\/\/www.cidademarketing.com.br\/marketing\/2019\/06\/04\/administracao-e-pedagogia-sao-os-cursos-com-mais-vagas-no-sisu-inscricoes-comecam-hoje-4-6\/#primaryimage"},"thumbnailUrl":"https:\/\/www.cidademarketing.com.br\/marketing\/wp-content\/uploads\/2019\/05\/agenciabrasil_enem.jpg","keywords":["marketing","Minist\u00e9rio da Educa\u00e7\u00e3o","Sisu"],"articleSection":["Not\u00edcias"],"inLanguage":"pt-BR","potentialAction":[{"@type":"CommentAction","name":"Comment","target":["https:\/\/www.cidademarketing.com.br\/marketing\/2019\/06\/04\/administracao-e-pedagogia-sao-os-cursos-com-mais-vagas-no-sisu-inscricoes-comecam-hoje-4-6\/#respond"]}]},{"@type":"WebPage","@id":"https:\/\/www.cidademarketing.com.br\/marketing\/2019\/06\/04\/administracao-e-pedagogia-sao-os-cursos-com-mais-vagas-no-sisu-inscricoes-comecam-hoje-4-6\/","url":"https:\/\/www.cidademarketing.com.br\/marketing\/2019\/06\/04\/administracao-e-pedagogia-sao-os-cursos-com-mais-vagas-no-sisu-inscricoes-comecam-hoje-4-6\/","name":"Administra\u00e7\u00e3o e pedagogia s\u00e3o os cursos com mais vagas no Sisu; Inscri\u00e7\u00f5es come\u00e7am hoje 4\/6 - CidadeMarketing","isPartOf":{"@id":"https:\/\/www.cidademarketing.com.br\/marketing\/#website"},"primaryImageOfPage":{"@id":"https:\/\/www.cidademarketing.com.br\/marketing\/2019\/06\/04\/administracao-e-pedagogia-sao-os-cursos-com-mais-vagas-no-sisu-inscricoes-comecam-hoje-4-6\/#primaryimage"},"image":{"@id":"https:\/\/www.cidademarketing.com.br\/marketing\/2019\/06\/04\/administracao-e-pedagogia-sao-os-cursos-com-mais-vagas-no-sisu-inscricoes-comecam-hoje-4-6\/#primaryimage"},"thumbnailUrl":"https:\/\/www.cidademarketing.com.br\/marketing\/wp-content\/uploads\/2019\/05\/agenciabrasil_enem.jpg","datePublished":"2019-06-04T15:10:35+00:00","dateModified":"2019-06-04T15:10:38+00:00","breadcrumb":{"@id":"https:\/\/www.cidademarketing.com.br\/marketing\/2019\/06\/04\/administracao-e-pedagogia-sao-os-cursos-com-mais-vagas-no-sisu-inscricoes-comecam-hoje-4-6\/#breadcrumb"},"inLanguage":"pt-BR","potentialAction":[{"@type":"ReadAction","target":["https:\/\/www.cidademarketing.com.br\/marketing\/2019\/06\/04\/administracao-e-pedagogia-sao-os-cursos-com-mais-vagas-no-sisu-inscricoes-comecam-hoje-4-6\/"]}]},{"@type":"ImageObject","inLanguage":"pt-BR","@id":"https:\/\/www.cidademarketing.com.br\/marketing\/2019\/06\/04\/administracao-e-pedagogia-sao-os-cursos-com-mais-vagas-no-sisu-inscricoes-comecam-hoje-4-6\/#primaryimage","url":"https:\/\/www.cidademarketing.com.br\/marketing\/wp-content\/uploads\/2019\/05\/agenciabrasil_enem.jpg","contentUrl":"https:\/\/www.cidademarketing.com.br\/marketing\/wp-content\/uploads\/2019\/05\/agenciabrasil_enem.jpg","width":1140,"height":760,"caption":"Ag\u00eancia Brasil\/Reprodu\u00e7\u00e3o"},{"@type":"BreadcrumbList","@id":"https:\/\/www.cidademarketing.com.br\/marketing\/2019\/06\/04\/administracao-e-pedagogia-sao-os-cursos-com-mais-vagas-no-sisu-inscricoes-comecam-hoje-4-6\/#breadcrumb","itemListElement":[{"@type":"ListItem","position":1,"name":"In\u00edcio","item":"https:\/\/www.cidademarketing.com.br\/marketing\/"},{"@type":"ListItem","position":2,"name":"Administra\u00e7\u00e3o e pedagogia s\u00e3o os cursos com mais vagas no Sisu; Inscri\u00e7\u00f5es come\u00e7am hoje 4\/6"}]},{"@type":"WebSite","@id":"https:\/\/www.cidademarketing.com.br\/marketing\/#website","url":"https:\/\/www.cidademarketing.com.br\/marketing\/","name":"CidadeMarketing","description":"Somos um ve\u00edculo de comunica\u00e7\u00e3o de destaque no Brasil, reconhecido por conte\u00fados nos segmentos de marketing, empreendedorismo e inova\u00e7\u00e3o.","publisher":{"@id":"https:\/\/www.cidademarketing.com.br\/marketing\/#organization"},"alternateName":"CidadeMarketing","potentialAction":[{"@type":"SearchAction","target":{"@type":"EntryPoint","urlTemplate":"https:\/\/www.cidademarketing.com.br\/marketing\/?s={search_term_string}"},"query-input":{"@type":"PropertyValueSpecification","valueRequired":true,"valueName":"search_term_string"}}],"inLanguage":"pt-BR"},{"@type":"Organization","@id":"https:\/\/www.cidademarketing.com.br\/marketing\/#organization","name":"CidadeMarketing","alternateName":"CidadeMarketing","url":"https:\/\/www.cidademarketing.com.br\/marketing\/","logo":{"@type":"ImageObject","inLanguage":"pt-BR","@id":"https:\/\/www.cidademarketing.com.br\/marketing\/#\/schema\/logo\/image\/","url":"https:\/\/www.cidademarketing.com.br\/marketing\/wp-content\/uploads\/2020\/01\/cidademarketing_marca_mobile.png","contentUrl":"https:\/\/www.cidademarketing.com.br\/marketing\/wp-content\/uploads\/2020\/01\/cidademarketing_marca_mobile.png","width":230,"height":92,"caption":"CidadeMarketing"},"image":{"@id":"https:\/\/www.cidademarketing.com.br\/marketing\/#\/schema\/logo\/image\/"},"sameAs":["https:\/\/www.facebook.com\/portalcidademarketing","https:\/\/x.com\/CidadeMarketing","https:\/\/www.instagram.com\/cidademarketing\/"]},{"@type":"Person","@id":"https:\/\/www.cidademarketing.com.br\/marketing\/#\/schema\/person\/02daff9f18bd9378c9e01eb6b2db155f","name":"Thales Brand\u00e3o","image":{"@type":"ImageObject","inLanguage":"pt-BR","@id":"https:\/\/secure.gravatar.com\/avatar\/7ca3206950207cc3cb48feec56a8a7898741ab725c368d99d5d7a5a50aab80c6?s=96&d=mm&r=g","url":"https:\/\/secure.gravatar.com\/avatar\/7ca3206950207cc3cb48feec56a8a7898741ab725c368d99d5d7a5a50aab80c6?s=96&d=mm&r=g","contentUrl":"https:\/\/secure.gravatar.com\/avatar\/7ca3206950207cc3cb48feec56a8a7898741ab725c368d99d5d7a5a50aab80c6?s=96&d=mm&r=g","caption":"Thales Brand\u00e3o"},"description":"Editor Executivo do Portal CidadeMarketing.com.br &gt; Mestre em Comunica\u00e7\u00e3o e Sociedade pela Universidade Federal de Sergipe. Possui MBA Executivo em Administra\u00e7\u00e3o com \u00eanfase em Marketing pela Funda\u00e7\u00e3o Get\u00falio Vargas - Rio de Janeiro. Consultor, Palestrante e Pesquisador sobre Empreendedorismo, Marketing, Redes Sociais e Neg\u00f3cios Digitais. Professor, Palestrante TedxTalks e Campus Party. Twitter: @ThalesBrandao","sameAs":["http:\/\/www.mandacaru.com.br","https:\/\/www.facebook.com\/thalesbrandao","http:\/\/www.instagram.com.br\/thalesbrandaoferreira","https:\/\/www.linkedin.com\/in\/thales-brand\u00e3o-3948609\/","https:\/\/x.com\/http:\/\/www.twitter.com\/thalesbrandao"],"url":"https:\/\/www.cidademarketing.com.br\/marketing\/author\/thalesbrandao\/"}]}},"amp_enabled":true,"_links":{"self":[{"href":"https:\/\/www.cidademarketing.com.br\/marketing\/wp-json\/wp\/v2\/posts\/8802","targetHints":{"allow":["GET"]}}],"collection":[{"href":"https:\/\/www.cidademarketing.com.br\/marketing\/wp-json\/wp\/v2\/posts"}],"about":[{"href":"https:\/\/www.cidademarketing.com.br\/marketing\/wp-json\/wp\/v2\/types\/post"}],"author":[{"embeddable":true,"href":"https:\/\/www.cidademarketing.com.br\/marketing\/wp-json\/wp\/v2\/users\/1"}],"replies":[{"embeddable":true,"href":"https:\/\/www.cidademarketing.com.br\/marketing\/wp-json\/wp\/v2\/comments?post=8802"}],"version-history":[{"count":1,"href":"https:\/\/www.cidademarketing.com.br\/marketing\/wp-json\/wp\/v2\/posts\/8802\/revisions"}],"predecessor-version":[{"id":8803,"href":"https:\/\/www.cidademarketing.com.br\/marketing\/wp-json\/wp\/v2\/posts\/8802\/revisions\/8803"}],"wp:featuredmedia":[{"embeddable":true,"href":"https:\/\/www.cidademarketing.com.br\/marketing\/wp-json\/wp\/v2\/media\/8408"}],"wp:attachment":[{"href":"https:\/\/www.cidademarketing.com.br\/marketing\/wp-json\/wp\/v2\/media?parent=8802"}],"wp:term":[{"taxonomy":"category","embeddable":true,"href":"https:\/\/www.cidademarketing.com.br\/marketing\/wp-json\/wp\/v2\/categories?post=8802"},{"taxonomy":"post_tag","embeddable":true,"href":"https:\/\/www.cidademarketing.com.br\/marketing\/wp-json\/wp\/v2\/tags?post=8802"}],"curies":[{"name":"wp","href":"https:\/\/api.w.org\/{rel}","templated":true}]}}