{"id":8796,"date":"2019-06-04T17:20:38","date_gmt":"2019-06-04T13:20:38","guid":{"rendered":"https:\/\/www.cidademarketing.com.br\/marketing\/?p=8796"},"modified":"2019-06-04T17:20:40","modified_gmt":"2019-06-04T13:20:40","slug":"pernambucanas-amplia-sua-atuacao-em-curitiba-com-inauguracao-da-7a-unidade","status":"publish","type":"post","link":"https:\/\/www.cidademarketing.com.br\/marketing\/2019\/06\/04\/pernambucanas-amplia-sua-atuacao-em-curitiba-com-inauguracao-da-7a-unidade\/","title":{"rendered":"Pernambucanas amplia sua atua\u00e7\u00e3o em Curitiba com inaugura\u00e7\u00e3o da 7\u00aa unidade"},"content":{"rendered":"\n<p>Loja no Jockey Plaza Shopping \u00e9 a nona inaugura\u00e7\u00e3o no pa\u00eds em 2019, das 32 que est\u00e3o planejadas para este ano<br> Marca varejista nacional pioneira em inova\u00e7\u00f5es, a Pernambucanas inaugura no dia 05 de junho sua 7\u00aa loja na capital paranaense, sendo a primeira unidade em um shopping da cidade. Essa \u00e9 a nona inaugura\u00e7\u00e3o do ano &#8211; totalizando 354 unidades em todo o Brasil &#8211; e segue em linha com um s\u00f3lido plano de expans\u00e3o desenhado para intensificar a capilaridade dos produtos e servi\u00e7os da marca.<br> \u201cCuritiba \u00e9 uma cidade muito importante para a companhia. Fazemos parte da vida dos curitibanos h\u00e1 quase 90 anos. Temos um intenso plano de expans\u00e3o pelo pa\u00eds e \u00e9 fundamental que Curitiba fa\u00e7a parte dele. Estamos levando a rec\u00e9m-lan\u00e7ada Conta Digital Pernambucanas e muitas outras iniciativas que est\u00e3o transformando a experi\u00eancia de compra em nossas lojas\u201d, afirma S\u00e9rgio Borriello, CEO da Pernambucanas.<br> A loja, com 967 m\u00b2, ofertar\u00e1 op\u00e7\u00f5es completas em vestu\u00e1rio para os p\u00fablicos feminino, masculino e infantil, al\u00e9m das novidades nos segmentos de tecnologia, inform\u00e1tica e eletroport\u00e1teis. A marca pr\u00f3pria \u201cPernambucanas Casa\u201d, que re\u00fane jogos de cama, mesa, banho e decora\u00e7\u00e3o, tamb\u00e9m integrar\u00e1 o mix de produtos. Os mais de 300 itens contam com atributos como praticidade, conforto e design diferenciado.<\/p>\n\n\n\n<p><br> Para comemorar a inaugura\u00e7\u00e3o da loja, entre os dias 05 e 07 de junho, os rel\u00f3gios e as linhas de vestu\u00e1rio e lar estar\u00e3o com 20% de desconto nas compras feitas com o Cart\u00e3o Pernambucanas. No dia da abertura, os clientes que comprarem qualquer produto tamb\u00e9m ganhar\u00e3o uma bolsa exclusiva.<\/p>\n\n\n\n<p><br><strong> Conta Digital<\/strong><br> A Pernambucanas aposta na integra\u00e7\u00e3o dos canais F\u00edsico e Digital, chamada de \u201cFigital\u201d, que une o melhor dos dois universos para fortalecer a comunica\u00e7\u00e3o com seus clientes e empoderar colaboradores com plataformas digitais que tornam o atendimento mais \u00e1gil e completo. <br> Por meio da Pefisa, fintech e bra\u00e7o direito do grupo, desde o dia 30 de abril, a Pernambucanas oferece a seus clientes a Conta Digital. Com diferenciais como simplicidade e praticidade nos servi\u00e7os financeiros, al\u00e9m de menos burocracia, a Conta Digital Pernambucanas conta com o forte relacionamento de uma varejista com mais 110 anos de experi\u00eancia e a capilaridade de uma empresa com mais de 350 lojas no pa\u00eds.<br> A conta \u00e9 aberta e o cart\u00e3o \u00e9 emitido em qualquer uma das 354 lojas, de forma 100% digital por meio de tablets, e toda a gest\u00e3o \u00e9 feita pelos clientes por meio do aplicativo. A entrega do cart\u00e3o f\u00edsico \u00e9 a mais r\u00e1pida do Brasil, feita em at\u00e9 10 minutos, tamb\u00e9m de forma integralmente digital.<\/p>\n\n\n\n<p><br> Por meio da Conta Digital, os clientes poder\u00e3o realizar saques, dep\u00f3sitos, compras em lojas f\u00edsicas\/virtuais no Brasil e no exterior, recarga de celulares, fazer transfer\u00eancias entre contas, enviar e receber TED, gerar boletos e pagar contas.<br> Essa \u00e9 mais uma iniciativa da marca que permite uma experi\u00eancia din\u00e2mica ao cliente. Nas lojas, por exemplo, o uso do tablet, o Wi-fi gratuito e o totem de autoatendimento tornam a jornada de compra ainda mais personalizada e \u00e1gil, que se integra aos aplicativos com facilidades como a Sacola de Descontos, os Cupons e o Clube de Vantagens Prime. Tudo para fortalecer ainda mais o relacionamento pr\u00f3ximo, caracter\u00edstico da rede.<br> SERVI\u00c7O<\/p>\n\n\n\n<p><br> Inaugura\u00e7\u00e3o da loja em Curitiba, PR<br> Data: 05 de junho (quarta-feira)<br> Endere\u00e7o: Av. Victor Ferreira do Amaral, n\u00ba 2633 \u2013 Tarum\u00e3, Curitiba \u2013 PR<br> Hora: 11h<\/p>\n","protected":false},"excerpt":{"rendered":"<p>Loja no Jockey Plaza Shopping \u00e9 a nona inaugura\u00e7\u00e3o no pa\u00eds em 2019, das 32 que est\u00e3o planejadas para este ano Marca varejista nacional pioneira em inova\u00e7\u00f5es, a Pernambucanas inaugura no dia 05 de junho sua 7\u00aa loja na capital paranaense, sendo a primeira unidade em um shopping da cidade. Essa \u00e9 a nona inaugura\u00e7\u00e3o [&hellip;]<\/p>\n","protected":false},"author":1,"featured_media":8797,"comment_status":"open","ping_status":"open","sticky":false,"template":"","format":"standard","meta":{"tdm_status":"","tdm_grid_status":"","footnotes":""},"categories":[6],"tags":[1051,28,1936],"class_list":["post-8796","post","type-post","status-publish","format-standard","has-post-thumbnail","hentry","category-noticias","tag-expansao","tag-marketing","tag-pernambucanas"],"yoast_head":"<!-- This site is optimized with the Yoast SEO plugin v27.5 - https:\/\/yoast.com\/product\/yoast-seo-wordpress\/ -->\n<title>Pernambucanas amplia sua atua\u00e7\u00e3o em Curitiba com inaugura\u00e7\u00e3o da 7\u00aa unidade - CidadeMarketing<\/title>\n<meta name=\"robots\" content=\"index, follow, max-snippet:-1, max-image-preview:large, max-video-preview:-1\" \/>\n<link rel=\"canonical\" href=\"https:\/\/www.cidademarketing.com.br\/marketing\/2019\/06\/04\/pernambucanas-amplia-sua-atuacao-em-curitiba-com-inauguracao-da-7a-unidade\/\" \/>\n<meta property=\"og:locale\" content=\"pt_BR\" \/>\n<meta property=\"og:type\" content=\"article\" \/>\n<meta property=\"og:title\" content=\"Pernambucanas amplia sua atua\u00e7\u00e3o em Curitiba com inaugura\u00e7\u00e3o da 7\u00aa unidade - CidadeMarketing\" \/>\n<meta property=\"og:description\" content=\"Loja no Jockey Plaza Shopping \u00e9 a nona inaugura\u00e7\u00e3o no pa\u00eds em 2019, das 32 que est\u00e3o planejadas para este ano Marca varejista nacional pioneira em inova\u00e7\u00f5es, a Pernambucanas inaugura no dia 05 de junho sua 7\u00aa loja na capital paranaense, sendo a primeira unidade em um shopping da cidade. Essa \u00e9 a nona inaugura\u00e7\u00e3o [&hellip;]\" \/>\n<meta property=\"og:url\" content=\"https:\/\/www.cidademarketing.com.br\/marketing\/2019\/06\/04\/pernambucanas-amplia-sua-atuacao-em-curitiba-com-inauguracao-da-7a-unidade\/\" \/>\n<meta property=\"og:site_name\" content=\"CidadeMarketing\" \/>\n<meta property=\"article:publisher\" content=\"https:\/\/www.facebook.com\/portalcidademarketing\" \/>\n<meta property=\"article:author\" content=\"https:\/\/www.facebook.com\/thalesbrandao\" \/>\n<meta property=\"article:published_time\" content=\"2019-06-04T13:20:38+00:00\" \/>\n<meta property=\"article:modified_time\" content=\"2019-06-04T13:20:40+00:00\" \/>\n<meta property=\"og:image\" content=\"https:\/\/www.cidademarketing.com.br\/marketing\/wp-content\/uploads\/2019\/06\/pernambucana.png\" \/>\n\t<meta property=\"og:image:width\" content=\"424\" \/>\n\t<meta property=\"og:image:height\" content=\"310\" \/>\n\t<meta property=\"og:image:type\" content=\"image\/png\" \/>\n<meta name=\"author\" content=\"Thales Brand\u00e3o\" \/>\n<meta name=\"twitter:card\" content=\"summary_large_image\" \/>\n<meta name=\"twitter:creator\" content=\"@http:\/\/www.twitter.com\/thalesbrandao\" \/>\n<meta name=\"twitter:site\" content=\"@CidadeMarketing\" \/>\n<meta name=\"twitter:label1\" content=\"Escrito por\" \/>\n\t<meta name=\"twitter:data1\" content=\"Thales Brand\u00e3o\" \/>\n\t<meta name=\"twitter:label2\" content=\"Est. tempo de leitura\" \/>\n\t<meta name=\"twitter:data2\" content=\"3 minutos\" \/>\n<script type=\"application\/ld+json\" class=\"yoast-schema-graph\">{\"@context\":\"https:\\\/\\\/schema.org\",\"@graph\":[{\"@type\":\"Article\",\"@id\":\"https:\\\/\\\/www.cidademarketing.com.br\\\/marketing\\\/2019\\\/06\\\/04\\\/pernambucanas-amplia-sua-atuacao-em-curitiba-com-inauguracao-da-7a-unidade\\\/#article\",\"isPartOf\":{\"@id\":\"https:\\\/\\\/www.cidademarketing.com.br\\\/marketing\\\/2019\\\/06\\\/04\\\/pernambucanas-amplia-sua-atuacao-em-curitiba-com-inauguracao-da-7a-unidade\\\/\"},\"author\":{\"name\":\"Thales Brand\u00e3o\",\"@id\":\"https:\\\/\\\/www.cidademarketing.com.br\\\/marketing\\\/#\\\/schema\\\/person\\\/02daff9f18bd9378c9e01eb6b2db155f\"},\"headline\":\"Pernambucanas amplia sua atua\u00e7\u00e3o em Curitiba com inaugura\u00e7\u00e3o da 7\u00aa unidade\",\"datePublished\":\"2019-06-04T13:20:38+00:00\",\"dateModified\":\"2019-06-04T13:20:40+00:00\",\"mainEntityOfPage\":{\"@id\":\"https:\\\/\\\/www.cidademarketing.com.br\\\/marketing\\\/2019\\\/06\\\/04\\\/pernambucanas-amplia-sua-atuacao-em-curitiba-com-inauguracao-da-7a-unidade\\\/\"},\"wordCount\":603,\"commentCount\":0,\"publisher\":{\"@id\":\"https:\\\/\\\/www.cidademarketing.com.br\\\/marketing\\\/#organization\"},\"image\":{\"@id\":\"https:\\\/\\\/www.cidademarketing.com.br\\\/marketing\\\/2019\\\/06\\\/04\\\/pernambucanas-amplia-sua-atuacao-em-curitiba-com-inauguracao-da-7a-unidade\\\/#primaryimage\"},\"thumbnailUrl\":\"https:\\\/\\\/www.cidademarketing.com.br\\\/marketing\\\/wp-content\\\/uploads\\\/2019\\\/06\\\/pernambucana.png\",\"keywords\":[\"expans\u00e3o\",\"marketing\",\"Pernambucanas\"],\"articleSection\":[\"Not\u00edcias\"],\"inLanguage\":\"pt-BR\",\"potentialAction\":[{\"@type\":\"CommentAction\",\"name\":\"Comment\",\"target\":[\"https:\\\/\\\/www.cidademarketing.com.br\\\/marketing\\\/2019\\\/06\\\/04\\\/pernambucanas-amplia-sua-atuacao-em-curitiba-com-inauguracao-da-7a-unidade\\\/#respond\"]}]},{\"@type\":\"WebPage\",\"@id\":\"https:\\\/\\\/www.cidademarketing.com.br\\\/marketing\\\/2019\\\/06\\\/04\\\/pernambucanas-amplia-sua-atuacao-em-curitiba-com-inauguracao-da-7a-unidade\\\/\",\"url\":\"https:\\\/\\\/www.cidademarketing.com.br\\\/marketing\\\/2019\\\/06\\\/04\\\/pernambucanas-amplia-sua-atuacao-em-curitiba-com-inauguracao-da-7a-unidade\\\/\",\"name\":\"Pernambucanas amplia sua atua\u00e7\u00e3o em Curitiba com inaugura\u00e7\u00e3o da 7\u00aa unidade - CidadeMarketing\",\"isPartOf\":{\"@id\":\"https:\\\/\\\/www.cidademarketing.com.br\\\/marketing\\\/#website\"},\"primaryImageOfPage\":{\"@id\":\"https:\\\/\\\/www.cidademarketing.com.br\\\/marketing\\\/2019\\\/06\\\/04\\\/pernambucanas-amplia-sua-atuacao-em-curitiba-com-inauguracao-da-7a-unidade\\\/#primaryimage\"},\"image\":{\"@id\":\"https:\\\/\\\/www.cidademarketing.com.br\\\/marketing\\\/2019\\\/06\\\/04\\\/pernambucanas-amplia-sua-atuacao-em-curitiba-com-inauguracao-da-7a-unidade\\\/#primaryimage\"},\"thumbnailUrl\":\"https:\\\/\\\/www.cidademarketing.com.br\\\/marketing\\\/wp-content\\\/uploads\\\/2019\\\/06\\\/pernambucana.png\",\"datePublished\":\"2019-06-04T13:20:38+00:00\",\"dateModified\":\"2019-06-04T13:20:40+00:00\",\"breadcrumb\":{\"@id\":\"https:\\\/\\\/www.cidademarketing.com.br\\\/marketing\\\/2019\\\/06\\\/04\\\/pernambucanas-amplia-sua-atuacao-em-curitiba-com-inauguracao-da-7a-unidade\\\/#breadcrumb\"},\"inLanguage\":\"pt-BR\",\"potentialAction\":[{\"@type\":\"ReadAction\",\"target\":[\"https:\\\/\\\/www.cidademarketing.com.br\\\/marketing\\\/2019\\\/06\\\/04\\\/pernambucanas-amplia-sua-atuacao-em-curitiba-com-inauguracao-da-7a-unidade\\\/\"]}]},{\"@type\":\"ImageObject\",\"inLanguage\":\"pt-BR\",\"@id\":\"https:\\\/\\\/www.cidademarketing.com.br\\\/marketing\\\/2019\\\/06\\\/04\\\/pernambucanas-amplia-sua-atuacao-em-curitiba-com-inauguracao-da-7a-unidade\\\/#primaryimage\",\"url\":\"https:\\\/\\\/www.cidademarketing.com.br\\\/marketing\\\/wp-content\\\/uploads\\\/2019\\\/06\\\/pernambucana.png\",\"contentUrl\":\"https:\\\/\\\/www.cidademarketing.com.br\\\/marketing\\\/wp-content\\\/uploads\\\/2019\\\/06\\\/pernambucana.png\",\"width\":424,\"height\":310},{\"@type\":\"BreadcrumbList\",\"@id\":\"https:\\\/\\\/www.cidademarketing.com.br\\\/marketing\\\/2019\\\/06\\\/04\\\/pernambucanas-amplia-sua-atuacao-em-curitiba-com-inauguracao-da-7a-unidade\\\/#breadcrumb\",\"itemListElement\":[{\"@type\":\"ListItem\",\"position\":1,\"name\":\"In\u00edcio\",\"item\":\"https:\\\/\\\/www.cidademarketing.com.br\\\/marketing\\\/\"},{\"@type\":\"ListItem\",\"position\":2,\"name\":\"Pernambucanas amplia sua atua\u00e7\u00e3o em Curitiba com inaugura\u00e7\u00e3o da 7\u00aa unidade\"}]},{\"@type\":\"WebSite\",\"@id\":\"https:\\\/\\\/www.cidademarketing.com.br\\\/marketing\\\/#website\",\"url\":\"https:\\\/\\\/www.cidademarketing.com.br\\\/marketing\\\/\",\"name\":\"CidadeMarketing\",\"description\":\"Somos um ve\u00edculo de comunica\u00e7\u00e3o de destaque no Brasil, reconhecido por conte\u00fados nos segmentos de marketing, empreendedorismo e inova\u00e7\u00e3o.\",\"publisher\":{\"@id\":\"https:\\\/\\\/www.cidademarketing.com.br\\\/marketing\\\/#organization\"},\"alternateName\":\"CidadeMarketing\",\"potentialAction\":[{\"@type\":\"SearchAction\",\"target\":{\"@type\":\"EntryPoint\",\"urlTemplate\":\"https:\\\/\\\/www.cidademarketing.com.br\\\/marketing\\\/?s={search_term_string}\"},\"query-input\":{\"@type\":\"PropertyValueSpecification\",\"valueRequired\":true,\"valueName\":\"search_term_string\"}}],\"inLanguage\":\"pt-BR\"},{\"@type\":\"Organization\",\"@id\":\"https:\\\/\\\/www.cidademarketing.com.br\\\/marketing\\\/#organization\",\"name\":\"CidadeMarketing\",\"alternateName\":\"CidadeMarketing\",\"url\":\"https:\\\/\\\/www.cidademarketing.com.br\\\/marketing\\\/\",\"logo\":{\"@type\":\"ImageObject\",\"inLanguage\":\"pt-BR\",\"@id\":\"https:\\\/\\\/www.cidademarketing.com.br\\\/marketing\\\/#\\\/schema\\\/logo\\\/image\\\/\",\"url\":\"https:\\\/\\\/www.cidademarketing.com.br\\\/marketing\\\/wp-content\\\/uploads\\\/2020\\\/01\\\/cidademarketing_marca_mobile.png\",\"contentUrl\":\"https:\\\/\\\/www.cidademarketing.com.br\\\/marketing\\\/wp-content\\\/uploads\\\/2020\\\/01\\\/cidademarketing_marca_mobile.png\",\"width\":230,\"height\":92,\"caption\":\"CidadeMarketing\"},\"image\":{\"@id\":\"https:\\\/\\\/www.cidademarketing.com.br\\\/marketing\\\/#\\\/schema\\\/logo\\\/image\\\/\"},\"sameAs\":[\"https:\\\/\\\/www.facebook.com\\\/portalcidademarketing\",\"https:\\\/\\\/x.com\\\/CidadeMarketing\",\"https:\\\/\\\/www.instagram.com\\\/cidademarketing\\\/\"]},{\"@type\":\"Person\",\"@id\":\"https:\\\/\\\/www.cidademarketing.com.br\\\/marketing\\\/#\\\/schema\\\/person\\\/02daff9f18bd9378c9e01eb6b2db155f\",\"name\":\"Thales Brand\u00e3o\",\"image\":{\"@type\":\"ImageObject\",\"inLanguage\":\"pt-BR\",\"@id\":\"https:\\\/\\\/secure.gravatar.com\\\/avatar\\\/7ca3206950207cc3cb48feec56a8a7898741ab725c368d99d5d7a5a50aab80c6?s=96&d=mm&r=g\",\"url\":\"https:\\\/\\\/secure.gravatar.com\\\/avatar\\\/7ca3206950207cc3cb48feec56a8a7898741ab725c368d99d5d7a5a50aab80c6?s=96&d=mm&r=g\",\"contentUrl\":\"https:\\\/\\\/secure.gravatar.com\\\/avatar\\\/7ca3206950207cc3cb48feec56a8a7898741ab725c368d99d5d7a5a50aab80c6?s=96&d=mm&r=g\",\"caption\":\"Thales Brand\u00e3o\"},\"description\":\"Editor Executivo do Portal CidadeMarketing.com.br &gt; Mestre em Comunica\u00e7\u00e3o e Sociedade pela Universidade Federal de Sergipe. Possui MBA Executivo em Administra\u00e7\u00e3o com \u00eanfase em Marketing pela Funda\u00e7\u00e3o Get\u00falio Vargas - Rio de Janeiro. Consultor, Palestrante e Pesquisador sobre Empreendedorismo, Marketing, Redes Sociais e Neg\u00f3cios Digitais. Professor, Palestrante TedxTalks e Campus Party. Twitter: @ThalesBrandao\",\"sameAs\":[\"http:\\\/\\\/www.mandacaru.com.br\",\"https:\\\/\\\/www.facebook.com\\\/thalesbrandao\",\"http:\\\/\\\/www.instagram.com.br\\\/thalesbrandaoferreira\",\"https:\\\/\\\/www.linkedin.com\\\/in\\\/thales-brand\u00e3o-3948609\\\/\",\"https:\\\/\\\/x.com\\\/http:\\\/\\\/www.twitter.com\\\/thalesbrandao\"],\"url\":\"https:\\\/\\\/www.cidademarketing.com.br\\\/marketing\\\/author\\\/thalesbrandao\\\/\"}]}<\/script>\n<!-- \/ Yoast SEO plugin. -->","yoast_head_json":{"title":"Pernambucanas amplia sua atua\u00e7\u00e3o em Curitiba com inaugura\u00e7\u00e3o da 7\u00aa unidade - CidadeMarketing","robots":{"index":"index","follow":"follow","max-snippet":"max-snippet:-1","max-image-preview":"max-image-preview:large","max-video-preview":"max-video-preview:-1"},"canonical":"https:\/\/www.cidademarketing.com.br\/marketing\/2019\/06\/04\/pernambucanas-amplia-sua-atuacao-em-curitiba-com-inauguracao-da-7a-unidade\/","og_locale":"pt_BR","og_type":"article","og_title":"Pernambucanas amplia sua atua\u00e7\u00e3o em Curitiba com inaugura\u00e7\u00e3o da 7\u00aa unidade - CidadeMarketing","og_description":"Loja no Jockey Plaza Shopping \u00e9 a nona inaugura\u00e7\u00e3o no pa\u00eds em 2019, das 32 que est\u00e3o planejadas para este ano Marca varejista nacional pioneira em inova\u00e7\u00f5es, a Pernambucanas inaugura no dia 05 de junho sua 7\u00aa loja na capital paranaense, sendo a primeira unidade em um shopping da cidade. Essa \u00e9 a nona inaugura\u00e7\u00e3o [&hellip;]","og_url":"https:\/\/www.cidademarketing.com.br\/marketing\/2019\/06\/04\/pernambucanas-amplia-sua-atuacao-em-curitiba-com-inauguracao-da-7a-unidade\/","og_site_name":"CidadeMarketing","article_publisher":"https:\/\/www.facebook.com\/portalcidademarketing","article_author":"https:\/\/www.facebook.com\/thalesbrandao","article_published_time":"2019-06-04T13:20:38+00:00","article_modified_time":"2019-06-04T13:20:40+00:00","og_image":[{"width":424,"height":310,"url":"https:\/\/www.cidademarketing.com.br\/marketing\/wp-content\/uploads\/2019\/06\/pernambucana.png","type":"image\/png"}],"author":"Thales Brand\u00e3o","twitter_card":"summary_large_image","twitter_creator":"@http:\/\/www.twitter.com\/thalesbrandao","twitter_site":"@CidadeMarketing","twitter_misc":{"Escrito por":"Thales Brand\u00e3o","Est. tempo de leitura":"3 minutos"},"schema":{"@context":"https:\/\/schema.org","@graph":[{"@type":"Article","@id":"https:\/\/www.cidademarketing.com.br\/marketing\/2019\/06\/04\/pernambucanas-amplia-sua-atuacao-em-curitiba-com-inauguracao-da-7a-unidade\/#article","isPartOf":{"@id":"https:\/\/www.cidademarketing.com.br\/marketing\/2019\/06\/04\/pernambucanas-amplia-sua-atuacao-em-curitiba-com-inauguracao-da-7a-unidade\/"},"author":{"name":"Thales Brand\u00e3o","@id":"https:\/\/www.cidademarketing.com.br\/marketing\/#\/schema\/person\/02daff9f18bd9378c9e01eb6b2db155f"},"headline":"Pernambucanas amplia sua atua\u00e7\u00e3o em Curitiba com inaugura\u00e7\u00e3o da 7\u00aa unidade","datePublished":"2019-06-04T13:20:38+00:00","dateModified":"2019-06-04T13:20:40+00:00","mainEntityOfPage":{"@id":"https:\/\/www.cidademarketing.com.br\/marketing\/2019\/06\/04\/pernambucanas-amplia-sua-atuacao-em-curitiba-com-inauguracao-da-7a-unidade\/"},"wordCount":603,"commentCount":0,"publisher":{"@id":"https:\/\/www.cidademarketing.com.br\/marketing\/#organization"},"image":{"@id":"https:\/\/www.cidademarketing.com.br\/marketing\/2019\/06\/04\/pernambucanas-amplia-sua-atuacao-em-curitiba-com-inauguracao-da-7a-unidade\/#primaryimage"},"thumbnailUrl":"https:\/\/www.cidademarketing.com.br\/marketing\/wp-content\/uploads\/2019\/06\/pernambucana.png","keywords":["expans\u00e3o","marketing","Pernambucanas"],"articleSection":["Not\u00edcias"],"inLanguage":"pt-BR","potentialAction":[{"@type":"CommentAction","name":"Comment","target":["https:\/\/www.cidademarketing.com.br\/marketing\/2019\/06\/04\/pernambucanas-amplia-sua-atuacao-em-curitiba-com-inauguracao-da-7a-unidade\/#respond"]}]},{"@type":"WebPage","@id":"https:\/\/www.cidademarketing.com.br\/marketing\/2019\/06\/04\/pernambucanas-amplia-sua-atuacao-em-curitiba-com-inauguracao-da-7a-unidade\/","url":"https:\/\/www.cidademarketing.com.br\/marketing\/2019\/06\/04\/pernambucanas-amplia-sua-atuacao-em-curitiba-com-inauguracao-da-7a-unidade\/","name":"Pernambucanas amplia sua atua\u00e7\u00e3o em Curitiba com inaugura\u00e7\u00e3o da 7\u00aa unidade - CidadeMarketing","isPartOf":{"@id":"https:\/\/www.cidademarketing.com.br\/marketing\/#website"},"primaryImageOfPage":{"@id":"https:\/\/www.cidademarketing.com.br\/marketing\/2019\/06\/04\/pernambucanas-amplia-sua-atuacao-em-curitiba-com-inauguracao-da-7a-unidade\/#primaryimage"},"image":{"@id":"https:\/\/www.cidademarketing.com.br\/marketing\/2019\/06\/04\/pernambucanas-amplia-sua-atuacao-em-curitiba-com-inauguracao-da-7a-unidade\/#primaryimage"},"thumbnailUrl":"https:\/\/www.cidademarketing.com.br\/marketing\/wp-content\/uploads\/2019\/06\/pernambucana.png","datePublished":"2019-06-04T13:20:38+00:00","dateModified":"2019-06-04T13:20:40+00:00","breadcrumb":{"@id":"https:\/\/www.cidademarketing.com.br\/marketing\/2019\/06\/04\/pernambucanas-amplia-sua-atuacao-em-curitiba-com-inauguracao-da-7a-unidade\/#breadcrumb"},"inLanguage":"pt-BR","potentialAction":[{"@type":"ReadAction","target":["https:\/\/www.cidademarketing.com.br\/marketing\/2019\/06\/04\/pernambucanas-amplia-sua-atuacao-em-curitiba-com-inauguracao-da-7a-unidade\/"]}]},{"@type":"ImageObject","inLanguage":"pt-BR","@id":"https:\/\/www.cidademarketing.com.br\/marketing\/2019\/06\/04\/pernambucanas-amplia-sua-atuacao-em-curitiba-com-inauguracao-da-7a-unidade\/#primaryimage","url":"https:\/\/www.cidademarketing.com.br\/marketing\/wp-content\/uploads\/2019\/06\/pernambucana.png","contentUrl":"https:\/\/www.cidademarketing.com.br\/marketing\/wp-content\/uploads\/2019\/06\/pernambucana.png","width":424,"height":310},{"@type":"BreadcrumbList","@id":"https:\/\/www.cidademarketing.com.br\/marketing\/2019\/06\/04\/pernambucanas-amplia-sua-atuacao-em-curitiba-com-inauguracao-da-7a-unidade\/#breadcrumb","itemListElement":[{"@type":"ListItem","position":1,"name":"In\u00edcio","item":"https:\/\/www.cidademarketing.com.br\/marketing\/"},{"@type":"ListItem","position":2,"name":"Pernambucanas amplia sua atua\u00e7\u00e3o em Curitiba com inaugura\u00e7\u00e3o da 7\u00aa unidade"}]},{"@type":"WebSite","@id":"https:\/\/www.cidademarketing.com.br\/marketing\/#website","url":"https:\/\/www.cidademarketing.com.br\/marketing\/","name":"CidadeMarketing","description":"Somos um ve\u00edculo de comunica\u00e7\u00e3o de destaque no Brasil, reconhecido por conte\u00fados nos segmentos de marketing, empreendedorismo e inova\u00e7\u00e3o.","publisher":{"@id":"https:\/\/www.cidademarketing.com.br\/marketing\/#organization"},"alternateName":"CidadeMarketing","potentialAction":[{"@type":"SearchAction","target":{"@type":"EntryPoint","urlTemplate":"https:\/\/www.cidademarketing.com.br\/marketing\/?s={search_term_string}"},"query-input":{"@type":"PropertyValueSpecification","valueRequired":true,"valueName":"search_term_string"}}],"inLanguage":"pt-BR"},{"@type":"Organization","@id":"https:\/\/www.cidademarketing.com.br\/marketing\/#organization","name":"CidadeMarketing","alternateName":"CidadeMarketing","url":"https:\/\/www.cidademarketing.com.br\/marketing\/","logo":{"@type":"ImageObject","inLanguage":"pt-BR","@id":"https:\/\/www.cidademarketing.com.br\/marketing\/#\/schema\/logo\/image\/","url":"https:\/\/www.cidademarketing.com.br\/marketing\/wp-content\/uploads\/2020\/01\/cidademarketing_marca_mobile.png","contentUrl":"https:\/\/www.cidademarketing.com.br\/marketing\/wp-content\/uploads\/2020\/01\/cidademarketing_marca_mobile.png","width":230,"height":92,"caption":"CidadeMarketing"},"image":{"@id":"https:\/\/www.cidademarketing.com.br\/marketing\/#\/schema\/logo\/image\/"},"sameAs":["https:\/\/www.facebook.com\/portalcidademarketing","https:\/\/x.com\/CidadeMarketing","https:\/\/www.instagram.com\/cidademarketing\/"]},{"@type":"Person","@id":"https:\/\/www.cidademarketing.com.br\/marketing\/#\/schema\/person\/02daff9f18bd9378c9e01eb6b2db155f","name":"Thales Brand\u00e3o","image":{"@type":"ImageObject","inLanguage":"pt-BR","@id":"https:\/\/secure.gravatar.com\/avatar\/7ca3206950207cc3cb48feec56a8a7898741ab725c368d99d5d7a5a50aab80c6?s=96&d=mm&r=g","url":"https:\/\/secure.gravatar.com\/avatar\/7ca3206950207cc3cb48feec56a8a7898741ab725c368d99d5d7a5a50aab80c6?s=96&d=mm&r=g","contentUrl":"https:\/\/secure.gravatar.com\/avatar\/7ca3206950207cc3cb48feec56a8a7898741ab725c368d99d5d7a5a50aab80c6?s=96&d=mm&r=g","caption":"Thales Brand\u00e3o"},"description":"Editor Executivo do Portal CidadeMarketing.com.br &gt; Mestre em Comunica\u00e7\u00e3o e Sociedade pela Universidade Federal de Sergipe. Possui MBA Executivo em Administra\u00e7\u00e3o com \u00eanfase em Marketing pela Funda\u00e7\u00e3o Get\u00falio Vargas - Rio de Janeiro. Consultor, Palestrante e Pesquisador sobre Empreendedorismo, Marketing, Redes Sociais e Neg\u00f3cios Digitais. Professor, Palestrante TedxTalks e Campus Party. Twitter: @ThalesBrandao","sameAs":["http:\/\/www.mandacaru.com.br","https:\/\/www.facebook.com\/thalesbrandao","http:\/\/www.instagram.com.br\/thalesbrandaoferreira","https:\/\/www.linkedin.com\/in\/thales-brand\u00e3o-3948609\/","https:\/\/x.com\/http:\/\/www.twitter.com\/thalesbrandao"],"url":"https:\/\/www.cidademarketing.com.br\/marketing\/author\/thalesbrandao\/"}]}},"amp_enabled":true,"_links":{"self":[{"href":"https:\/\/www.cidademarketing.com.br\/marketing\/wp-json\/wp\/v2\/posts\/8796","targetHints":{"allow":["GET"]}}],"collection":[{"href":"https:\/\/www.cidademarketing.com.br\/marketing\/wp-json\/wp\/v2\/posts"}],"about":[{"href":"https:\/\/www.cidademarketing.com.br\/marketing\/wp-json\/wp\/v2\/types\/post"}],"author":[{"embeddable":true,"href":"https:\/\/www.cidademarketing.com.br\/marketing\/wp-json\/wp\/v2\/users\/1"}],"replies":[{"embeddable":true,"href":"https:\/\/www.cidademarketing.com.br\/marketing\/wp-json\/wp\/v2\/comments?post=8796"}],"version-history":[{"count":1,"href":"https:\/\/www.cidademarketing.com.br\/marketing\/wp-json\/wp\/v2\/posts\/8796\/revisions"}],"predecessor-version":[{"id":8798,"href":"https:\/\/www.cidademarketing.com.br\/marketing\/wp-json\/wp\/v2\/posts\/8796\/revisions\/8798"}],"wp:featuredmedia":[{"embeddable":true,"href":"https:\/\/www.cidademarketing.com.br\/marketing\/wp-json\/wp\/v2\/media\/8797"}],"wp:attachment":[{"href":"https:\/\/www.cidademarketing.com.br\/marketing\/wp-json\/wp\/v2\/media?parent=8796"}],"wp:term":[{"taxonomy":"category","embeddable":true,"href":"https:\/\/www.cidademarketing.com.br\/marketing\/wp-json\/wp\/v2\/categories?post=8796"},{"taxonomy":"post_tag","embeddable":true,"href":"https:\/\/www.cidademarketing.com.br\/marketing\/wp-json\/wp\/v2\/tags?post=8796"}],"curies":[{"name":"wp","href":"https:\/\/api.w.org\/{rel}","templated":true}]}}