{"id":8756,"date":"2019-06-03T06:08:35","date_gmt":"2019-06-03T02:08:35","guid":{"rendered":"https:\/\/www.cidademarketing.com.br\/marketing\/?p=8756"},"modified":"2019-06-03T06:08:38","modified_gmt":"2019-06-03T02:08:38","slug":"discovery-brasil-celebra-mes-do-orgulho-lgbt-em-junho","status":"publish","type":"post","link":"https:\/\/www.cidademarketing.com.br\/marketing\/2019\/06\/03\/discovery-brasil-celebra-mes-do-orgulho-lgbt-em-junho\/","title":{"rendered":"Discovery Brasil celebra m\u00eas do orgulho LGBT em junho"},"content":{"rendered":"\n<p>Em junho, a Discovery\narticula uma s\u00e9rie de a\u00e7\u00f5es em celebra\u00e7\u00e3o ao M\u00eas do Orgulho LGBT. A mobiliza\u00e7\u00e3o\npassa pela programa\u00e7\u00e3o linear do TLC e do Food Network, abertura de sinais pela\nVivo e Sky, conte\u00fados exclusivos para as redes sociais e VOD, al\u00e9m das\nparcerias com a marca de cosm\u00e9ticos M.A.C. e com a APOGLBT, organizadora da\nParada do Orgulho LGBT de S\u00e3o Paulo.<\/p>\n\n\n\n<p>J\u00e1 a partir do dia 3 de\njunho, o TLC exibe o <strong>ESPECIAL\nPRIDE<\/strong>. Em todas as segundas do m\u00eas, a partir da <strong>20h35<\/strong>, v\u00e3o ao ar dois\nepis\u00f3dios in\u00e9ditos: um da quinta temporada de <strong>A VIDA DE JAZZ<\/strong>, seguido de outro da nova\ns\u00e9rie <strong>MARIDOS EM TRANSI\u00c7\u00c3O<\/strong>.\nNo Now, os epis\u00f3dios que fazem parte do especial estar\u00e3o dispon\u00edveis a partir\ndo dia seguinte \u00e0 estreia, em uma pasta exclusiva. Nas operadoras Vivo e Sky\n(planos pr\u00e9-pagos), o TLC estar\u00e1 com o sinal aberto durante todo o m\u00eas.<\/p>\n\n\n\n<p>O TLC tamb\u00e9m preparou a\nestreia exclusiva de <strong>DRAGS:\nARRASANDO AT\u00c9 O ALTAR<\/strong> \u2013 a s\u00e9rie estar\u00e1 dispon\u00edvel no Facebook e\nno YouTube do canal a partir de 20 de junho. Al\u00e9m disso, epis\u00f3dios da s\u00e9rie\nfar\u00e3o parte da Mostra de Cinema LGBT, organizada pela APOGLBT no Museu da\nDiversidade Sexual, localizado na esta\u00e7\u00e3o Rep\u00fablica do metr\u00f4 paulistano \u2013 ser\u00e3o\ndiversas sess\u00f5es durante o dia 20 de junho. <\/p>\n\n\n\n<p>Em parceria com a marca\nde cosm\u00e9ticos M.A.C., o TLC produziu um v\u00eddeo editorial para o Facebook que\nintegra a campanha de 25 anos da M.A.C. Viva Glam \u2013 linha de batons que tem o\nvalor de venda integralmente revertido a organiza\u00e7\u00f5es que trabalham na assist\u00eancia\ne acolhimento a portadores do v\u00edrus HIV. O v\u00eddeo do TLC para a M.A.C. Viva Glam\nestar\u00e1 dispon\u00edvel no Facebook do canal na semana de 17 de junho. <\/p>\n\n\n\n<p>O Food Network tamb\u00e9m\nfar\u00e1 parte das iniciativas de <strong>DISCOVERY\nPRIDE<\/strong>. Na semana de 17 de junho, as redes sociais do canal\nexibir\u00e3o com exclusividade dois epis\u00f3dios de <strong>FOOD NETWORK DESCOBRE<\/strong>: um deles foi gravado\nno Ter\u00e7o, o restaurante da chef e apresentadora da casa Luiza Hoffman \u2013 que\ncriou dois drinks em comemora\u00e7\u00e3o ao Orgulho LGBT \u2013 e outro na Castro Burguer,\nlanchonete com miss\u00e3o inclusiva e equipe LGBT.<\/p>\n\n\n\n<p>Junto ao Pinterest, o\nFood Network desenvolveu p\u00edlulas de conte\u00fado com dicas de receitas para um\ndrink e um prato que seguem a tem\u00e1tica do arco-\u00edris. As p\u00edlulas v\u00e3o ao ar\ndurante os intervalos da programa\u00e7\u00e3o do canal e tamb\u00e9m nas suas redes sociais. <\/p>\n\n\n\n<p>A seguir, as\ninforma\u00e7\u00f5es complementares sobre as s\u00e9ries que integram o <strong>DISCOVERY PRIDE<\/strong>.<\/p>\n\n\n\n<p><strong>A VIDA DE JAZZ <\/strong><em>(I Am Jazz)<\/em><\/p>\n\n\n\n<p><strong>Estreia: <\/strong>segunda-feira, 3 de\njunho, \u00e0s 20h35<\/p>\n\n\n\n<p>A s\u00e9rie documenta a\nrotina da adolescente transg\u00eanero Jazz Jennings ao lado da fam\u00edlia \u2013 os pais\nGreg e Jeanette, e os irm\u00e3os Ari, Sander e Griffen \u2013 em um momento de mudan\u00e7as\ndr\u00e1sticas e importantes para a garota. Na temporada 5, iremos acompanhar Jazz\nnos seus desafios ap\u00f3s a t\u00e3o esperada cirurgia de redesigna\u00e7\u00e3o sexual.<\/p>\n\n\n\n<p><strong>Classifica\u00e7\u00e3o\nindicativa<\/strong>:\n10 anos<\/p>\n\n\n\n<p><strong>MARIDOS EM TRANSI\u00c7\u00c3O <\/strong><em>(Lost in Transition)<\/em><\/p>\n\n\n\n<p><strong>Estreia: <\/strong>segunda-feira, 3 de\njunho, \u00e0s 22h10<\/p>\n\n\n\n<p>A atra\u00e7\u00e3o acompanha as\njornadas de quatro casais que est\u00e3o diante da decis\u00e3o transformadora da\ntransi\u00e7\u00e3o de g\u00eanero. As esposas descobriram recentemente que seus maridos\nmant\u00eam o desejo de se assumirem como mulheres como um grande segredo, guardado\nh\u00e1 anos.<\/p>\n\n\n\n<p><strong>Classifica\u00e7\u00e3o\nindicativa<\/strong>:\n14 anos<\/p>\n\n\n\n<p><strong>DRAGS: ARRASANDO AT\u00c9 O\nALTAR<\/strong>\n<em>(Drag Me Down the Ailse)<\/em><\/p>\n\n\n\n<p><strong>Estreia: <\/strong>quinta-feira, 20 de\njunho \u2013 Facebook e YouTube do TLC<\/p>\n\n\n\n<p>Emily \u00e9 uma jovem amish\nque vive sob estritos c\u00f3digos de conduta e que vai se casar. Para conseguir a\ncerim\u00f4nia dos sonhos, ela recorre \u00e0 improv\u00e1vel ajuda das drag queens Bebe\nZahara Benet, Jujubee, Alexis Michelle e Throgy Thor. Juntas, suas novas amigas\na transformam na rainha que ela sempre manteve escondida.<\/p>\n","protected":false},"excerpt":{"rendered":"<p>Em junho, a Discovery articula uma s\u00e9rie de a\u00e7\u00f5es em celebra\u00e7\u00e3o ao M\u00eas do Orgulho LGBT. A mobiliza\u00e7\u00e3o passa pela programa\u00e7\u00e3o linear do TLC e do Food Network, abertura de sinais pela Vivo e Sky, conte\u00fados exclusivos para as redes sociais e VOD, al\u00e9m das parcerias com a marca de cosm\u00e9ticos M.A.C. e com a [&hellip;]<\/p>\n","protected":false},"author":1,"featured_media":8757,"comment_status":"open","ping_status":"open","sticky":false,"template":"","format":"standard","meta":{"tdm_status":"","tdm_grid_status":"","footnotes":""},"categories":[6],"tags":[1924,48,28],"class_list":["post-8756","post","type-post","status-publish","format-standard","has-post-thumbnail","hentry","category-noticias","tag-discovery","tag-lgbt","tag-marketing"],"yoast_head":"<!-- This site is optimized with the Yoast SEO plugin v27.5 - https:\/\/yoast.com\/product\/yoast-seo-wordpress\/ -->\n<title>Discovery Brasil celebra m\u00eas do orgulho LGBT em junho - CidadeMarketing<\/title>\n<meta name=\"robots\" content=\"index, follow, max-snippet:-1, max-image-preview:large, max-video-preview:-1\" \/>\n<link rel=\"canonical\" href=\"https:\/\/www.cidademarketing.com.br\/marketing\/2019\/06\/03\/discovery-brasil-celebra-mes-do-orgulho-lgbt-em-junho\/\" \/>\n<meta property=\"og:locale\" content=\"pt_BR\" \/>\n<meta property=\"og:type\" content=\"article\" \/>\n<meta property=\"og:title\" content=\"Discovery Brasil celebra m\u00eas do orgulho LGBT em junho - CidadeMarketing\" \/>\n<meta property=\"og:description\" content=\"Em junho, a Discovery articula uma s\u00e9rie de a\u00e7\u00f5es em celebra\u00e7\u00e3o ao M\u00eas do Orgulho LGBT. A mobiliza\u00e7\u00e3o passa pela programa\u00e7\u00e3o linear do TLC e do Food Network, abertura de sinais pela Vivo e Sky, conte\u00fados exclusivos para as redes sociais e VOD, al\u00e9m das parcerias com a marca de cosm\u00e9ticos M.A.C. e com a [&hellip;]\" \/>\n<meta property=\"og:url\" content=\"https:\/\/www.cidademarketing.com.br\/marketing\/2019\/06\/03\/discovery-brasil-celebra-mes-do-orgulho-lgbt-em-junho\/\" \/>\n<meta property=\"og:site_name\" content=\"CidadeMarketing\" \/>\n<meta property=\"article:publisher\" content=\"https:\/\/www.facebook.com\/portalcidademarketing\" \/>\n<meta property=\"article:author\" content=\"https:\/\/www.facebook.com\/thalesbrandao\" \/>\n<meta property=\"article:published_time\" content=\"2019-06-03T02:08:35+00:00\" \/>\n<meta property=\"article:modified_time\" content=\"2019-06-03T02:08:38+00:00\" \/>\n<meta property=\"og:image\" content=\"https:\/\/www.cidademarketing.com.br\/marketing\/wp-content\/uploads\/2019\/06\/discovery_lgbt-1024x768.jpg\" \/>\n\t<meta property=\"og:image:width\" content=\"1024\" \/>\n\t<meta property=\"og:image:height\" content=\"768\" \/>\n\t<meta property=\"og:image:type\" content=\"image\/jpeg\" \/>\n<meta name=\"author\" content=\"Thales Brand\u00e3o\" \/>\n<meta name=\"twitter:card\" content=\"summary_large_image\" \/>\n<meta name=\"twitter:creator\" content=\"@http:\/\/www.twitter.com\/thalesbrandao\" \/>\n<meta name=\"twitter:site\" content=\"@CidadeMarketing\" \/>\n<meta name=\"twitter:label1\" content=\"Escrito por\" \/>\n\t<meta name=\"twitter:data1\" content=\"Thales Brand\u00e3o\" \/>\n\t<meta name=\"twitter:label2\" content=\"Est. tempo de leitura\" \/>\n\t<meta name=\"twitter:data2\" content=\"3 minutos\" \/>\n<script type=\"application\/ld+json\" class=\"yoast-schema-graph\">{\"@context\":\"https:\\\/\\\/schema.org\",\"@graph\":[{\"@type\":\"Article\",\"@id\":\"https:\\\/\\\/www.cidademarketing.com.br\\\/marketing\\\/2019\\\/06\\\/03\\\/discovery-brasil-celebra-mes-do-orgulho-lgbt-em-junho\\\/#article\",\"isPartOf\":{\"@id\":\"https:\\\/\\\/www.cidademarketing.com.br\\\/marketing\\\/2019\\\/06\\\/03\\\/discovery-brasil-celebra-mes-do-orgulho-lgbt-em-junho\\\/\"},\"author\":{\"name\":\"Thales Brand\u00e3o\",\"@id\":\"https:\\\/\\\/www.cidademarketing.com.br\\\/marketing\\\/#\\\/schema\\\/person\\\/02daff9f18bd9378c9e01eb6b2db155f\"},\"headline\":\"Discovery Brasil celebra m\u00eas do orgulho LGBT em junho\",\"datePublished\":\"2019-06-03T02:08:35+00:00\",\"dateModified\":\"2019-06-03T02:08:38+00:00\",\"mainEntityOfPage\":{\"@id\":\"https:\\\/\\\/www.cidademarketing.com.br\\\/marketing\\\/2019\\\/06\\\/03\\\/discovery-brasil-celebra-mes-do-orgulho-lgbt-em-junho\\\/\"},\"wordCount\":698,\"commentCount\":0,\"publisher\":{\"@id\":\"https:\\\/\\\/www.cidademarketing.com.br\\\/marketing\\\/#organization\"},\"image\":{\"@id\":\"https:\\\/\\\/www.cidademarketing.com.br\\\/marketing\\\/2019\\\/06\\\/03\\\/discovery-brasil-celebra-mes-do-orgulho-lgbt-em-junho\\\/#primaryimage\"},\"thumbnailUrl\":\"https:\\\/\\\/www.cidademarketing.com.br\\\/marketing\\\/wp-content\\\/uploads\\\/2019\\\/06\\\/discovery_lgbt.jpg\",\"keywords\":[\"Discovery\",\"LGBT\",\"marketing\"],\"articleSection\":[\"Not\u00edcias\"],\"inLanguage\":\"pt-BR\",\"potentialAction\":[{\"@type\":\"CommentAction\",\"name\":\"Comment\",\"target\":[\"https:\\\/\\\/www.cidademarketing.com.br\\\/marketing\\\/2019\\\/06\\\/03\\\/discovery-brasil-celebra-mes-do-orgulho-lgbt-em-junho\\\/#respond\"]}]},{\"@type\":\"WebPage\",\"@id\":\"https:\\\/\\\/www.cidademarketing.com.br\\\/marketing\\\/2019\\\/06\\\/03\\\/discovery-brasil-celebra-mes-do-orgulho-lgbt-em-junho\\\/\",\"url\":\"https:\\\/\\\/www.cidademarketing.com.br\\\/marketing\\\/2019\\\/06\\\/03\\\/discovery-brasil-celebra-mes-do-orgulho-lgbt-em-junho\\\/\",\"name\":\"Discovery Brasil celebra m\u00eas do orgulho LGBT em junho - CidadeMarketing\",\"isPartOf\":{\"@id\":\"https:\\\/\\\/www.cidademarketing.com.br\\\/marketing\\\/#website\"},\"primaryImageOfPage\":{\"@id\":\"https:\\\/\\\/www.cidademarketing.com.br\\\/marketing\\\/2019\\\/06\\\/03\\\/discovery-brasil-celebra-mes-do-orgulho-lgbt-em-junho\\\/#primaryimage\"},\"image\":{\"@id\":\"https:\\\/\\\/www.cidademarketing.com.br\\\/marketing\\\/2019\\\/06\\\/03\\\/discovery-brasil-celebra-mes-do-orgulho-lgbt-em-junho\\\/#primaryimage\"},\"thumbnailUrl\":\"https:\\\/\\\/www.cidademarketing.com.br\\\/marketing\\\/wp-content\\\/uploads\\\/2019\\\/06\\\/discovery_lgbt.jpg\",\"datePublished\":\"2019-06-03T02:08:35+00:00\",\"dateModified\":\"2019-06-03T02:08:38+00:00\",\"breadcrumb\":{\"@id\":\"https:\\\/\\\/www.cidademarketing.com.br\\\/marketing\\\/2019\\\/06\\\/03\\\/discovery-brasil-celebra-mes-do-orgulho-lgbt-em-junho\\\/#breadcrumb\"},\"inLanguage\":\"pt-BR\",\"potentialAction\":[{\"@type\":\"ReadAction\",\"target\":[\"https:\\\/\\\/www.cidademarketing.com.br\\\/marketing\\\/2019\\\/06\\\/03\\\/discovery-brasil-celebra-mes-do-orgulho-lgbt-em-junho\\\/\"]}]},{\"@type\":\"ImageObject\",\"inLanguage\":\"pt-BR\",\"@id\":\"https:\\\/\\\/www.cidademarketing.com.br\\\/marketing\\\/2019\\\/06\\\/03\\\/discovery-brasil-celebra-mes-do-orgulho-lgbt-em-junho\\\/#primaryimage\",\"url\":\"https:\\\/\\\/www.cidademarketing.com.br\\\/marketing\\\/wp-content\\\/uploads\\\/2019\\\/06\\\/discovery_lgbt.jpg\",\"contentUrl\":\"https:\\\/\\\/www.cidademarketing.com.br\\\/marketing\\\/wp-content\\\/uploads\\\/2019\\\/06\\\/discovery_lgbt.jpg\",\"width\":4032,\"height\":3024,\"caption\":\"Emily with Bebe, Jujubee, Thorgy, and Alexis in Lancaster, PA\"},{\"@type\":\"BreadcrumbList\",\"@id\":\"https:\\\/\\\/www.cidademarketing.com.br\\\/marketing\\\/2019\\\/06\\\/03\\\/discovery-brasil-celebra-mes-do-orgulho-lgbt-em-junho\\\/#breadcrumb\",\"itemListElement\":[{\"@type\":\"ListItem\",\"position\":1,\"name\":\"In\u00edcio\",\"item\":\"https:\\\/\\\/www.cidademarketing.com.br\\\/marketing\\\/\"},{\"@type\":\"ListItem\",\"position\":2,\"name\":\"Discovery Brasil celebra m\u00eas do orgulho LGBT em junho\"}]},{\"@type\":\"WebSite\",\"@id\":\"https:\\\/\\\/www.cidademarketing.com.br\\\/marketing\\\/#website\",\"url\":\"https:\\\/\\\/www.cidademarketing.com.br\\\/marketing\\\/\",\"name\":\"CidadeMarketing\",\"description\":\"Somos um ve\u00edculo de comunica\u00e7\u00e3o de destaque no Brasil, reconhecido por conte\u00fados nos segmentos de marketing, empreendedorismo e inova\u00e7\u00e3o.\",\"publisher\":{\"@id\":\"https:\\\/\\\/www.cidademarketing.com.br\\\/marketing\\\/#organization\"},\"alternateName\":\"CidadeMarketing\",\"potentialAction\":[{\"@type\":\"SearchAction\",\"target\":{\"@type\":\"EntryPoint\",\"urlTemplate\":\"https:\\\/\\\/www.cidademarketing.com.br\\\/marketing\\\/?s={search_term_string}\"},\"query-input\":{\"@type\":\"PropertyValueSpecification\",\"valueRequired\":true,\"valueName\":\"search_term_string\"}}],\"inLanguage\":\"pt-BR\"},{\"@type\":\"Organization\",\"@id\":\"https:\\\/\\\/www.cidademarketing.com.br\\\/marketing\\\/#organization\",\"name\":\"CidadeMarketing\",\"alternateName\":\"CidadeMarketing\",\"url\":\"https:\\\/\\\/www.cidademarketing.com.br\\\/marketing\\\/\",\"logo\":{\"@type\":\"ImageObject\",\"inLanguage\":\"pt-BR\",\"@id\":\"https:\\\/\\\/www.cidademarketing.com.br\\\/marketing\\\/#\\\/schema\\\/logo\\\/image\\\/\",\"url\":\"https:\\\/\\\/www.cidademarketing.com.br\\\/marketing\\\/wp-content\\\/uploads\\\/2020\\\/01\\\/cidademarketing_marca_mobile.png\",\"contentUrl\":\"https:\\\/\\\/www.cidademarketing.com.br\\\/marketing\\\/wp-content\\\/uploads\\\/2020\\\/01\\\/cidademarketing_marca_mobile.png\",\"width\":230,\"height\":92,\"caption\":\"CidadeMarketing\"},\"image\":{\"@id\":\"https:\\\/\\\/www.cidademarketing.com.br\\\/marketing\\\/#\\\/schema\\\/logo\\\/image\\\/\"},\"sameAs\":[\"https:\\\/\\\/www.facebook.com\\\/portalcidademarketing\",\"https:\\\/\\\/x.com\\\/CidadeMarketing\",\"https:\\\/\\\/www.instagram.com\\\/cidademarketing\\\/\"]},{\"@type\":\"Person\",\"@id\":\"https:\\\/\\\/www.cidademarketing.com.br\\\/marketing\\\/#\\\/schema\\\/person\\\/02daff9f18bd9378c9e01eb6b2db155f\",\"name\":\"Thales Brand\u00e3o\",\"image\":{\"@type\":\"ImageObject\",\"inLanguage\":\"pt-BR\",\"@id\":\"https:\\\/\\\/secure.gravatar.com\\\/avatar\\\/7ca3206950207cc3cb48feec56a8a7898741ab725c368d99d5d7a5a50aab80c6?s=96&d=mm&r=g\",\"url\":\"https:\\\/\\\/secure.gravatar.com\\\/avatar\\\/7ca3206950207cc3cb48feec56a8a7898741ab725c368d99d5d7a5a50aab80c6?s=96&d=mm&r=g\",\"contentUrl\":\"https:\\\/\\\/secure.gravatar.com\\\/avatar\\\/7ca3206950207cc3cb48feec56a8a7898741ab725c368d99d5d7a5a50aab80c6?s=96&d=mm&r=g\",\"caption\":\"Thales Brand\u00e3o\"},\"description\":\"Editor Executivo do Portal CidadeMarketing.com.br &gt; Mestre em Comunica\u00e7\u00e3o e Sociedade pela Universidade Federal de Sergipe. Possui MBA Executivo em Administra\u00e7\u00e3o com \u00eanfase em Marketing pela Funda\u00e7\u00e3o Get\u00falio Vargas - Rio de Janeiro. Consultor, Palestrante e Pesquisador sobre Empreendedorismo, Marketing, Redes Sociais e Neg\u00f3cios Digitais. Professor, Palestrante TedxTalks e Campus Party. Twitter: @ThalesBrandao\",\"sameAs\":[\"http:\\\/\\\/www.mandacaru.com.br\",\"https:\\\/\\\/www.facebook.com\\\/thalesbrandao\",\"http:\\\/\\\/www.instagram.com.br\\\/thalesbrandaoferreira\",\"https:\\\/\\\/www.linkedin.com\\\/in\\\/thales-brand\u00e3o-3948609\\\/\",\"https:\\\/\\\/x.com\\\/http:\\\/\\\/www.twitter.com\\\/thalesbrandao\"],\"url\":\"https:\\\/\\\/www.cidademarketing.com.br\\\/marketing\\\/author\\\/thalesbrandao\\\/\"}]}<\/script>\n<!-- \/ Yoast SEO plugin. -->","yoast_head_json":{"title":"Discovery Brasil celebra m\u00eas do orgulho LGBT em junho - CidadeMarketing","robots":{"index":"index","follow":"follow","max-snippet":"max-snippet:-1","max-image-preview":"max-image-preview:large","max-video-preview":"max-video-preview:-1"},"canonical":"https:\/\/www.cidademarketing.com.br\/marketing\/2019\/06\/03\/discovery-brasil-celebra-mes-do-orgulho-lgbt-em-junho\/","og_locale":"pt_BR","og_type":"article","og_title":"Discovery Brasil celebra m\u00eas do orgulho LGBT em junho - CidadeMarketing","og_description":"Em junho, a Discovery articula uma s\u00e9rie de a\u00e7\u00f5es em celebra\u00e7\u00e3o ao M\u00eas do Orgulho LGBT. A mobiliza\u00e7\u00e3o passa pela programa\u00e7\u00e3o linear do TLC e do Food Network, abertura de sinais pela Vivo e Sky, conte\u00fados exclusivos para as redes sociais e VOD, al\u00e9m das parcerias com a marca de cosm\u00e9ticos M.A.C. e com a [&hellip;]","og_url":"https:\/\/www.cidademarketing.com.br\/marketing\/2019\/06\/03\/discovery-brasil-celebra-mes-do-orgulho-lgbt-em-junho\/","og_site_name":"CidadeMarketing","article_publisher":"https:\/\/www.facebook.com\/portalcidademarketing","article_author":"https:\/\/www.facebook.com\/thalesbrandao","article_published_time":"2019-06-03T02:08:35+00:00","article_modified_time":"2019-06-03T02:08:38+00:00","og_image":[{"width":1024,"height":768,"url":"https:\/\/www.cidademarketing.com.br\/marketing\/wp-content\/uploads\/2019\/06\/discovery_lgbt-1024x768.jpg","type":"image\/jpeg"}],"author":"Thales Brand\u00e3o","twitter_card":"summary_large_image","twitter_creator":"@http:\/\/www.twitter.com\/thalesbrandao","twitter_site":"@CidadeMarketing","twitter_misc":{"Escrito por":"Thales Brand\u00e3o","Est. tempo de leitura":"3 minutos"},"schema":{"@context":"https:\/\/schema.org","@graph":[{"@type":"Article","@id":"https:\/\/www.cidademarketing.com.br\/marketing\/2019\/06\/03\/discovery-brasil-celebra-mes-do-orgulho-lgbt-em-junho\/#article","isPartOf":{"@id":"https:\/\/www.cidademarketing.com.br\/marketing\/2019\/06\/03\/discovery-brasil-celebra-mes-do-orgulho-lgbt-em-junho\/"},"author":{"name":"Thales Brand\u00e3o","@id":"https:\/\/www.cidademarketing.com.br\/marketing\/#\/schema\/person\/02daff9f18bd9378c9e01eb6b2db155f"},"headline":"Discovery Brasil celebra m\u00eas do orgulho LGBT em junho","datePublished":"2019-06-03T02:08:35+00:00","dateModified":"2019-06-03T02:08:38+00:00","mainEntityOfPage":{"@id":"https:\/\/www.cidademarketing.com.br\/marketing\/2019\/06\/03\/discovery-brasil-celebra-mes-do-orgulho-lgbt-em-junho\/"},"wordCount":698,"commentCount":0,"publisher":{"@id":"https:\/\/www.cidademarketing.com.br\/marketing\/#organization"},"image":{"@id":"https:\/\/www.cidademarketing.com.br\/marketing\/2019\/06\/03\/discovery-brasil-celebra-mes-do-orgulho-lgbt-em-junho\/#primaryimage"},"thumbnailUrl":"https:\/\/www.cidademarketing.com.br\/marketing\/wp-content\/uploads\/2019\/06\/discovery_lgbt.jpg","keywords":["Discovery","LGBT","marketing"],"articleSection":["Not\u00edcias"],"inLanguage":"pt-BR","potentialAction":[{"@type":"CommentAction","name":"Comment","target":["https:\/\/www.cidademarketing.com.br\/marketing\/2019\/06\/03\/discovery-brasil-celebra-mes-do-orgulho-lgbt-em-junho\/#respond"]}]},{"@type":"WebPage","@id":"https:\/\/www.cidademarketing.com.br\/marketing\/2019\/06\/03\/discovery-brasil-celebra-mes-do-orgulho-lgbt-em-junho\/","url":"https:\/\/www.cidademarketing.com.br\/marketing\/2019\/06\/03\/discovery-brasil-celebra-mes-do-orgulho-lgbt-em-junho\/","name":"Discovery Brasil celebra m\u00eas do orgulho LGBT em junho - CidadeMarketing","isPartOf":{"@id":"https:\/\/www.cidademarketing.com.br\/marketing\/#website"},"primaryImageOfPage":{"@id":"https:\/\/www.cidademarketing.com.br\/marketing\/2019\/06\/03\/discovery-brasil-celebra-mes-do-orgulho-lgbt-em-junho\/#primaryimage"},"image":{"@id":"https:\/\/www.cidademarketing.com.br\/marketing\/2019\/06\/03\/discovery-brasil-celebra-mes-do-orgulho-lgbt-em-junho\/#primaryimage"},"thumbnailUrl":"https:\/\/www.cidademarketing.com.br\/marketing\/wp-content\/uploads\/2019\/06\/discovery_lgbt.jpg","datePublished":"2019-06-03T02:08:35+00:00","dateModified":"2019-06-03T02:08:38+00:00","breadcrumb":{"@id":"https:\/\/www.cidademarketing.com.br\/marketing\/2019\/06\/03\/discovery-brasil-celebra-mes-do-orgulho-lgbt-em-junho\/#breadcrumb"},"inLanguage":"pt-BR","potentialAction":[{"@type":"ReadAction","target":["https:\/\/www.cidademarketing.com.br\/marketing\/2019\/06\/03\/discovery-brasil-celebra-mes-do-orgulho-lgbt-em-junho\/"]}]},{"@type":"ImageObject","inLanguage":"pt-BR","@id":"https:\/\/www.cidademarketing.com.br\/marketing\/2019\/06\/03\/discovery-brasil-celebra-mes-do-orgulho-lgbt-em-junho\/#primaryimage","url":"https:\/\/www.cidademarketing.com.br\/marketing\/wp-content\/uploads\/2019\/06\/discovery_lgbt.jpg","contentUrl":"https:\/\/www.cidademarketing.com.br\/marketing\/wp-content\/uploads\/2019\/06\/discovery_lgbt.jpg","width":4032,"height":3024,"caption":"Emily with Bebe, Jujubee, Thorgy, and Alexis in Lancaster, PA"},{"@type":"BreadcrumbList","@id":"https:\/\/www.cidademarketing.com.br\/marketing\/2019\/06\/03\/discovery-brasil-celebra-mes-do-orgulho-lgbt-em-junho\/#breadcrumb","itemListElement":[{"@type":"ListItem","position":1,"name":"In\u00edcio","item":"https:\/\/www.cidademarketing.com.br\/marketing\/"},{"@type":"ListItem","position":2,"name":"Discovery Brasil celebra m\u00eas do orgulho LGBT em junho"}]},{"@type":"WebSite","@id":"https:\/\/www.cidademarketing.com.br\/marketing\/#website","url":"https:\/\/www.cidademarketing.com.br\/marketing\/","name":"CidadeMarketing","description":"Somos um ve\u00edculo de comunica\u00e7\u00e3o de destaque no Brasil, reconhecido por conte\u00fados nos segmentos de marketing, empreendedorismo e inova\u00e7\u00e3o.","publisher":{"@id":"https:\/\/www.cidademarketing.com.br\/marketing\/#organization"},"alternateName":"CidadeMarketing","potentialAction":[{"@type":"SearchAction","target":{"@type":"EntryPoint","urlTemplate":"https:\/\/www.cidademarketing.com.br\/marketing\/?s={search_term_string}"},"query-input":{"@type":"PropertyValueSpecification","valueRequired":true,"valueName":"search_term_string"}}],"inLanguage":"pt-BR"},{"@type":"Organization","@id":"https:\/\/www.cidademarketing.com.br\/marketing\/#organization","name":"CidadeMarketing","alternateName":"CidadeMarketing","url":"https:\/\/www.cidademarketing.com.br\/marketing\/","logo":{"@type":"ImageObject","inLanguage":"pt-BR","@id":"https:\/\/www.cidademarketing.com.br\/marketing\/#\/schema\/logo\/image\/","url":"https:\/\/www.cidademarketing.com.br\/marketing\/wp-content\/uploads\/2020\/01\/cidademarketing_marca_mobile.png","contentUrl":"https:\/\/www.cidademarketing.com.br\/marketing\/wp-content\/uploads\/2020\/01\/cidademarketing_marca_mobile.png","width":230,"height":92,"caption":"CidadeMarketing"},"image":{"@id":"https:\/\/www.cidademarketing.com.br\/marketing\/#\/schema\/logo\/image\/"},"sameAs":["https:\/\/www.facebook.com\/portalcidademarketing","https:\/\/x.com\/CidadeMarketing","https:\/\/www.instagram.com\/cidademarketing\/"]},{"@type":"Person","@id":"https:\/\/www.cidademarketing.com.br\/marketing\/#\/schema\/person\/02daff9f18bd9378c9e01eb6b2db155f","name":"Thales Brand\u00e3o","image":{"@type":"ImageObject","inLanguage":"pt-BR","@id":"https:\/\/secure.gravatar.com\/avatar\/7ca3206950207cc3cb48feec56a8a7898741ab725c368d99d5d7a5a50aab80c6?s=96&d=mm&r=g","url":"https:\/\/secure.gravatar.com\/avatar\/7ca3206950207cc3cb48feec56a8a7898741ab725c368d99d5d7a5a50aab80c6?s=96&d=mm&r=g","contentUrl":"https:\/\/secure.gravatar.com\/avatar\/7ca3206950207cc3cb48feec56a8a7898741ab725c368d99d5d7a5a50aab80c6?s=96&d=mm&r=g","caption":"Thales Brand\u00e3o"},"description":"Editor Executivo do Portal CidadeMarketing.com.br &gt; Mestre em Comunica\u00e7\u00e3o e Sociedade pela Universidade Federal de Sergipe. Possui MBA Executivo em Administra\u00e7\u00e3o com \u00eanfase em Marketing pela Funda\u00e7\u00e3o Get\u00falio Vargas - Rio de Janeiro. Consultor, Palestrante e Pesquisador sobre Empreendedorismo, Marketing, Redes Sociais e Neg\u00f3cios Digitais. Professor, Palestrante TedxTalks e Campus Party. Twitter: @ThalesBrandao","sameAs":["http:\/\/www.mandacaru.com.br","https:\/\/www.facebook.com\/thalesbrandao","http:\/\/www.instagram.com.br\/thalesbrandaoferreira","https:\/\/www.linkedin.com\/in\/thales-brand\u00e3o-3948609\/","https:\/\/x.com\/http:\/\/www.twitter.com\/thalesbrandao"],"url":"https:\/\/www.cidademarketing.com.br\/marketing\/author\/thalesbrandao\/"}]}},"amp_enabled":true,"_links":{"self":[{"href":"https:\/\/www.cidademarketing.com.br\/marketing\/wp-json\/wp\/v2\/posts\/8756","targetHints":{"allow":["GET"]}}],"collection":[{"href":"https:\/\/www.cidademarketing.com.br\/marketing\/wp-json\/wp\/v2\/posts"}],"about":[{"href":"https:\/\/www.cidademarketing.com.br\/marketing\/wp-json\/wp\/v2\/types\/post"}],"author":[{"embeddable":true,"href":"https:\/\/www.cidademarketing.com.br\/marketing\/wp-json\/wp\/v2\/users\/1"}],"replies":[{"embeddable":true,"href":"https:\/\/www.cidademarketing.com.br\/marketing\/wp-json\/wp\/v2\/comments?post=8756"}],"version-history":[{"count":1,"href":"https:\/\/www.cidademarketing.com.br\/marketing\/wp-json\/wp\/v2\/posts\/8756\/revisions"}],"predecessor-version":[{"id":8758,"href":"https:\/\/www.cidademarketing.com.br\/marketing\/wp-json\/wp\/v2\/posts\/8756\/revisions\/8758"}],"wp:featuredmedia":[{"embeddable":true,"href":"https:\/\/www.cidademarketing.com.br\/marketing\/wp-json\/wp\/v2\/media\/8757"}],"wp:attachment":[{"href":"https:\/\/www.cidademarketing.com.br\/marketing\/wp-json\/wp\/v2\/media?parent=8756"}],"wp:term":[{"taxonomy":"category","embeddable":true,"href":"https:\/\/www.cidademarketing.com.br\/marketing\/wp-json\/wp\/v2\/categories?post=8756"},{"taxonomy":"post_tag","embeddable":true,"href":"https:\/\/www.cidademarketing.com.br\/marketing\/wp-json\/wp\/v2\/tags?post=8756"}],"curies":[{"name":"wp","href":"https:\/\/api.w.org\/{rel}","templated":true}]}}