{"id":8714,"date":"2019-06-01T15:23:31","date_gmt":"2019-06-01T11:23:31","guid":{"rendered":"http:\/\/www.cidademarketing.com.br\/marketing\/?p=8714"},"modified":"2019-06-01T15:23:33","modified_gmt":"2019-06-01T11:23:33","slug":"confianca-da-industria-empresariado-pessimista-e-expectativas-piorando-em-maio-afirma-fgv-ibre","status":"publish","type":"post","link":"https:\/\/www.cidademarketing.com.br\/marketing\/2019\/06\/01\/confianca-da-industria-empresariado-pessimista-e-expectativas-piorando-em-maio-afirma-fgv-ibre\/","title":{"rendered":"Confian\u00e7a da Ind\u00fastria: empresariado pessimista e expectativas piorando em maio, afirma FGV\/IBRE"},"content":{"rendered":"\n<p>\u201cAs expectativas da ind\u00fastria continuaram piorando em maio e retratam agora um empresariado ligeiramente pessimista em rela\u00e7\u00e3o aos pr\u00f3ximos meses. Quanto ao desempenho do setor no m\u00eas, h\u00e1 sinais d\u00fabios. Ap\u00f3s meses andando de lado, o n\u00edvel de utiliza\u00e7\u00e3o da capacidade voltou a subir, mas houve, em paralelo, ac\u00famulo de estoques indesejados\u201d, comenta Aloisio Campelo Jr., Superintendente de Estat\u00edsticas P\u00fablicas da FGV IBRE.<\/p>\n\n\n\n<p>Em abril, a confian\u00e7a caiu em 10 dos 19 segmentos industriais pesquisados. O \u00cdndice da Situa\u00e7\u00e3o Atual (ISA) permaneceu est\u00e1vel em 98,5 pontos. J\u00e1 o \u00cdndice de Expectativas (IE) caiu 1,5 ponto, para 95,9 pontos.<\/p>\n\n\n\n<p>O indicador que mede a perspectiva de contrata\u00e7\u00f5es do setor nos tr\u00eas meses seguintes recuou 3,6 pontos, exercendo a principal influ\u00eancia para o resultado negativo do IE no m\u00eas. A parcela de empresas que preveem aumento do total de pessoal ocupado caiu de 17,6% para 13,9% entre abril e maio, enquanto a das que projetam diminui\u00e7\u00e3o aumentou de 16,8% para 17,1% do total. Em menor propor\u00e7\u00e3o, o indicador que mede otimismo dos empres\u00e1rios em rela\u00e7\u00e3o \u00e0 evolu\u00e7\u00e3o do ambiente de neg\u00f3cios nos seis meses tamb\u00e9m recuou, passando de 100,0 pontos em abril para 98,4 em maio, indicando leve pessimismo.<\/p>\n\n\n\n<p>Com rela\u00e7\u00e3o \u00e0 situa\u00e7\u00e3o atual, houve queda de 2,9 pontos do indicador do n\u00edvel de estoques (101,7 para 98,8 pontos). As outras duas vari\u00e1veis caminharam no sentido contr\u00e1rio levando \u00e0 estabilidade do ISA no m\u00eas.<\/p>\n\n\n\n<p>O N\u00edvel de Utiliza\u00e7\u00e3o da Capacidade Instalada (NUCI) subiu 0,8 p.p. entre abril e maio, retornando para 75,3%, o mesmo n\u00edvel de novembro de 2018.<\/p>\n","protected":false},"excerpt":{"rendered":"<p>\u201cAs expectativas da ind\u00fastria continuaram piorando em maio e retratam agora um empresariado ligeiramente pessimista em rela\u00e7\u00e3o aos pr\u00f3ximos meses. Quanto ao desempenho do setor no m\u00eas, h\u00e1 sinais d\u00fabios. Ap\u00f3s meses andando de lado, o n\u00edvel de utiliza\u00e7\u00e3o da capacidade voltou a subir, mas houve, em paralelo, ac\u00famulo de estoques indesejados\u201d, comenta Aloisio Campelo [&hellip;]<\/p>\n","protected":false},"author":1,"featured_media":2692,"comment_status":"open","ping_status":"open","sticky":false,"template":"","format":"standard","meta":{"tdm_status":"","tdm_grid_status":"","footnotes":""},"categories":[6,1],"tags":[147,352],"class_list":["post-8714","post","type-post","status-publish","format-standard","has-post-thumbnail","hentry","category-noticias","category-pesquisademercado","tag-brasil","tag-industria"],"yoast_head":"<!-- This site is optimized with the Yoast SEO plugin v27.4 - https:\/\/yoast.com\/product\/yoast-seo-wordpress\/ -->\n<title>Confian\u00e7a da Ind\u00fastria: empresariado pessimista e expectativas piorando em maio, afirma FGV\/IBRE - CidadeMarketing<\/title>\n<meta name=\"robots\" content=\"index, follow, max-snippet:-1, max-image-preview:large, max-video-preview:-1\" \/>\n<link rel=\"canonical\" href=\"https:\/\/www.cidademarketing.com.br\/marketing\/2019\/06\/01\/confianca-da-industria-empresariado-pessimista-e-expectativas-piorando-em-maio-afirma-fgv-ibre\/\" \/>\n<meta property=\"og:locale\" content=\"pt_BR\" \/>\n<meta property=\"og:type\" content=\"article\" \/>\n<meta property=\"og:title\" content=\"Confian\u00e7a da Ind\u00fastria: empresariado pessimista e expectativas piorando em maio, afirma FGV\/IBRE - CidadeMarketing\" \/>\n<meta property=\"og:description\" content=\"\u201cAs expectativas da ind\u00fastria continuaram piorando em maio e retratam agora um empresariado ligeiramente pessimista em rela\u00e7\u00e3o aos pr\u00f3ximos meses. Quanto ao desempenho do setor no m\u00eas, h\u00e1 sinais d\u00fabios. Ap\u00f3s meses andando de lado, o n\u00edvel de utiliza\u00e7\u00e3o da capacidade voltou a subir, mas houve, em paralelo, ac\u00famulo de estoques indesejados\u201d, comenta Aloisio Campelo [&hellip;]\" \/>\n<meta property=\"og:url\" content=\"https:\/\/www.cidademarketing.com.br\/marketing\/2019\/06\/01\/confianca-da-industria-empresariado-pessimista-e-expectativas-piorando-em-maio-afirma-fgv-ibre\/\" \/>\n<meta property=\"og:site_name\" content=\"CidadeMarketing\" \/>\n<meta property=\"article:publisher\" content=\"https:\/\/www.facebook.com\/portalcidademarketing\" \/>\n<meta property=\"article:author\" content=\"https:\/\/www.facebook.com\/thalesbrandao\" \/>\n<meta property=\"article:published_time\" content=\"2019-06-01T11:23:31+00:00\" \/>\n<meta property=\"article:modified_time\" content=\"2019-06-01T11:23:33+00:00\" \/>\n<meta property=\"og:image\" content=\"https:\/\/www.cidademarketing.com.br\/marketing\/wp-content\/uploads\/2018\/10\/industria.gif\" \/>\n\t<meta property=\"og:image:width\" content=\"600\" \/>\n\t<meta property=\"og:image:height\" content=\"338\" \/>\n\t<meta property=\"og:image:type\" content=\"image\/gif\" \/>\n<meta name=\"author\" content=\"Thales Brand\u00e3o\" \/>\n<meta name=\"twitter:card\" content=\"summary_large_image\" \/>\n<meta name=\"twitter:creator\" content=\"@http:\/\/www.twitter.com\/thalesbrandao\" \/>\n<meta name=\"twitter:site\" content=\"@CidadeMarketing\" \/>\n<meta name=\"twitter:label1\" content=\"Escrito por\" \/>\n\t<meta name=\"twitter:data1\" content=\"Thales Brand\u00e3o\" \/>\n\t<meta name=\"twitter:label2\" content=\"Est. tempo de leitura\" \/>\n\t<meta name=\"twitter:data2\" content=\"1 minuto\" \/>\n<script type=\"application\/ld+json\" class=\"yoast-schema-graph\">{\"@context\":\"https:\\\/\\\/schema.org\",\"@graph\":[{\"@type\":\"Article\",\"@id\":\"https:\\\/\\\/www.cidademarketing.com.br\\\/marketing\\\/2019\\\/06\\\/01\\\/confianca-da-industria-empresariado-pessimista-e-expectativas-piorando-em-maio-afirma-fgv-ibre\\\/#article\",\"isPartOf\":{\"@id\":\"https:\\\/\\\/www.cidademarketing.com.br\\\/marketing\\\/2019\\\/06\\\/01\\\/confianca-da-industria-empresariado-pessimista-e-expectativas-piorando-em-maio-afirma-fgv-ibre\\\/\"},\"author\":{\"name\":\"Thales Brand\u00e3o\",\"@id\":\"https:\\\/\\\/www.cidademarketing.com.br\\\/marketing\\\/#\\\/schema\\\/person\\\/02daff9f18bd9378c9e01eb6b2db155f\"},\"headline\":\"Confian\u00e7a da Ind\u00fastria: empresariado pessimista e expectativas piorando em maio, afirma FGV\\\/IBRE\",\"datePublished\":\"2019-06-01T11:23:31+00:00\",\"dateModified\":\"2019-06-01T11:23:33+00:00\",\"mainEntityOfPage\":{\"@id\":\"https:\\\/\\\/www.cidademarketing.com.br\\\/marketing\\\/2019\\\/06\\\/01\\\/confianca-da-industria-empresariado-pessimista-e-expectativas-piorando-em-maio-afirma-fgv-ibre\\\/\"},\"wordCount\":286,\"commentCount\":0,\"publisher\":{\"@id\":\"https:\\\/\\\/www.cidademarketing.com.br\\\/marketing\\\/#organization\"},\"image\":{\"@id\":\"https:\\\/\\\/www.cidademarketing.com.br\\\/marketing\\\/2019\\\/06\\\/01\\\/confianca-da-industria-empresariado-pessimista-e-expectativas-piorando-em-maio-afirma-fgv-ibre\\\/#primaryimage\"},\"thumbnailUrl\":\"https:\\\/\\\/www.cidademarketing.com.br\\\/marketing\\\/wp-content\\\/uploads\\\/2018\\\/10\\\/industria.gif\",\"keywords\":[\"Brasil\",\"ind\u00fastria\"],\"articleSection\":[\"Not\u00edcias\",\"Pesquisa de Mercado\"],\"inLanguage\":\"pt-BR\",\"potentialAction\":[{\"@type\":\"CommentAction\",\"name\":\"Comment\",\"target\":[\"https:\\\/\\\/www.cidademarketing.com.br\\\/marketing\\\/2019\\\/06\\\/01\\\/confianca-da-industria-empresariado-pessimista-e-expectativas-piorando-em-maio-afirma-fgv-ibre\\\/#respond\"]}]},{\"@type\":\"WebPage\",\"@id\":\"https:\\\/\\\/www.cidademarketing.com.br\\\/marketing\\\/2019\\\/06\\\/01\\\/confianca-da-industria-empresariado-pessimista-e-expectativas-piorando-em-maio-afirma-fgv-ibre\\\/\",\"url\":\"https:\\\/\\\/www.cidademarketing.com.br\\\/marketing\\\/2019\\\/06\\\/01\\\/confianca-da-industria-empresariado-pessimista-e-expectativas-piorando-em-maio-afirma-fgv-ibre\\\/\",\"name\":\"Confian\u00e7a da Ind\u00fastria: empresariado pessimista e expectativas piorando em maio, afirma FGV\\\/IBRE - CidadeMarketing\",\"isPartOf\":{\"@id\":\"https:\\\/\\\/www.cidademarketing.com.br\\\/marketing\\\/#website\"},\"primaryImageOfPage\":{\"@id\":\"https:\\\/\\\/www.cidademarketing.com.br\\\/marketing\\\/2019\\\/06\\\/01\\\/confianca-da-industria-empresariado-pessimista-e-expectativas-piorando-em-maio-afirma-fgv-ibre\\\/#primaryimage\"},\"image\":{\"@id\":\"https:\\\/\\\/www.cidademarketing.com.br\\\/marketing\\\/2019\\\/06\\\/01\\\/confianca-da-industria-empresariado-pessimista-e-expectativas-piorando-em-maio-afirma-fgv-ibre\\\/#primaryimage\"},\"thumbnailUrl\":\"https:\\\/\\\/www.cidademarketing.com.br\\\/marketing\\\/wp-content\\\/uploads\\\/2018\\\/10\\\/industria.gif\",\"datePublished\":\"2019-06-01T11:23:31+00:00\",\"dateModified\":\"2019-06-01T11:23:33+00:00\",\"breadcrumb\":{\"@id\":\"https:\\\/\\\/www.cidademarketing.com.br\\\/marketing\\\/2019\\\/06\\\/01\\\/confianca-da-industria-empresariado-pessimista-e-expectativas-piorando-em-maio-afirma-fgv-ibre\\\/#breadcrumb\"},\"inLanguage\":\"pt-BR\",\"potentialAction\":[{\"@type\":\"ReadAction\",\"target\":[\"https:\\\/\\\/www.cidademarketing.com.br\\\/marketing\\\/2019\\\/06\\\/01\\\/confianca-da-industria-empresariado-pessimista-e-expectativas-piorando-em-maio-afirma-fgv-ibre\\\/\"]}]},{\"@type\":\"ImageObject\",\"inLanguage\":\"pt-BR\",\"@id\":\"https:\\\/\\\/www.cidademarketing.com.br\\\/marketing\\\/2019\\\/06\\\/01\\\/confianca-da-industria-empresariado-pessimista-e-expectativas-piorando-em-maio-afirma-fgv-ibre\\\/#primaryimage\",\"url\":\"https:\\\/\\\/www.cidademarketing.com.br\\\/marketing\\\/wp-content\\\/uploads\\\/2018\\\/10\\\/industria.gif\",\"contentUrl\":\"https:\\\/\\\/www.cidademarketing.com.br\\\/marketing\\\/wp-content\\\/uploads\\\/2018\\\/10\\\/industria.gif\",\"width\":600,\"height\":338},{\"@type\":\"BreadcrumbList\",\"@id\":\"https:\\\/\\\/www.cidademarketing.com.br\\\/marketing\\\/2019\\\/06\\\/01\\\/confianca-da-industria-empresariado-pessimista-e-expectativas-piorando-em-maio-afirma-fgv-ibre\\\/#breadcrumb\",\"itemListElement\":[{\"@type\":\"ListItem\",\"position\":1,\"name\":\"In\u00edcio\",\"item\":\"https:\\\/\\\/www.cidademarketing.com.br\\\/marketing\\\/\"},{\"@type\":\"ListItem\",\"position\":2,\"name\":\"Confian\u00e7a da Ind\u00fastria: empresariado pessimista e expectativas piorando em maio, afirma FGV\\\/IBRE\"}]},{\"@type\":\"WebSite\",\"@id\":\"https:\\\/\\\/www.cidademarketing.com.br\\\/marketing\\\/#website\",\"url\":\"https:\\\/\\\/www.cidademarketing.com.br\\\/marketing\\\/\",\"name\":\"CidadeMarketing\",\"description\":\"Somos um ve\u00edculo de comunica\u00e7\u00e3o de destaque no Brasil, reconhecido por conte\u00fados nos segmentos de marketing, empreendedorismo e inova\u00e7\u00e3o.\",\"publisher\":{\"@id\":\"https:\\\/\\\/www.cidademarketing.com.br\\\/marketing\\\/#organization\"},\"alternateName\":\"CidadeMarketing\",\"potentialAction\":[{\"@type\":\"SearchAction\",\"target\":{\"@type\":\"EntryPoint\",\"urlTemplate\":\"https:\\\/\\\/www.cidademarketing.com.br\\\/marketing\\\/?s={search_term_string}\"},\"query-input\":{\"@type\":\"PropertyValueSpecification\",\"valueRequired\":true,\"valueName\":\"search_term_string\"}}],\"inLanguage\":\"pt-BR\"},{\"@type\":\"Organization\",\"@id\":\"https:\\\/\\\/www.cidademarketing.com.br\\\/marketing\\\/#organization\",\"name\":\"CidadeMarketing\",\"alternateName\":\"CidadeMarketing\",\"url\":\"https:\\\/\\\/www.cidademarketing.com.br\\\/marketing\\\/\",\"logo\":{\"@type\":\"ImageObject\",\"inLanguage\":\"pt-BR\",\"@id\":\"https:\\\/\\\/www.cidademarketing.com.br\\\/marketing\\\/#\\\/schema\\\/logo\\\/image\\\/\",\"url\":\"https:\\\/\\\/www.cidademarketing.com.br\\\/marketing\\\/wp-content\\\/uploads\\\/2020\\\/01\\\/cidademarketing_marca_mobile.png\",\"contentUrl\":\"https:\\\/\\\/www.cidademarketing.com.br\\\/marketing\\\/wp-content\\\/uploads\\\/2020\\\/01\\\/cidademarketing_marca_mobile.png\",\"width\":230,\"height\":92,\"caption\":\"CidadeMarketing\"},\"image\":{\"@id\":\"https:\\\/\\\/www.cidademarketing.com.br\\\/marketing\\\/#\\\/schema\\\/logo\\\/image\\\/\"},\"sameAs\":[\"https:\\\/\\\/www.facebook.com\\\/portalcidademarketing\",\"https:\\\/\\\/x.com\\\/CidadeMarketing\",\"https:\\\/\\\/www.instagram.com\\\/cidademarketing\\\/\"]},{\"@type\":\"Person\",\"@id\":\"https:\\\/\\\/www.cidademarketing.com.br\\\/marketing\\\/#\\\/schema\\\/person\\\/02daff9f18bd9378c9e01eb6b2db155f\",\"name\":\"Thales Brand\u00e3o\",\"image\":{\"@type\":\"ImageObject\",\"inLanguage\":\"pt-BR\",\"@id\":\"https:\\\/\\\/secure.gravatar.com\\\/avatar\\\/7ca3206950207cc3cb48feec56a8a7898741ab725c368d99d5d7a5a50aab80c6?s=96&d=mm&r=g\",\"url\":\"https:\\\/\\\/secure.gravatar.com\\\/avatar\\\/7ca3206950207cc3cb48feec56a8a7898741ab725c368d99d5d7a5a50aab80c6?s=96&d=mm&r=g\",\"contentUrl\":\"https:\\\/\\\/secure.gravatar.com\\\/avatar\\\/7ca3206950207cc3cb48feec56a8a7898741ab725c368d99d5d7a5a50aab80c6?s=96&d=mm&r=g\",\"caption\":\"Thales Brand\u00e3o\"},\"description\":\"Editor Executivo do Portal CidadeMarketing.com.br &gt; Mestre em Comunica\u00e7\u00e3o e Sociedade pela Universidade Federal de Sergipe. Possui MBA Executivo em Administra\u00e7\u00e3o com \u00eanfase em Marketing pela Funda\u00e7\u00e3o Get\u00falio Vargas - Rio de Janeiro. Consultor, Palestrante e Pesquisador sobre Empreendedorismo, Marketing, Redes Sociais e Neg\u00f3cios Digitais. Professor, Palestrante TedxTalks e Campus Party. Twitter: @ThalesBrandao\",\"sameAs\":[\"http:\\\/\\\/www.mandacaru.com.br\",\"https:\\\/\\\/www.facebook.com\\\/thalesbrandao\",\"http:\\\/\\\/www.instagram.com.br\\\/thalesbrandaoferreira\",\"https:\\\/\\\/www.linkedin.com\\\/in\\\/thales-brand\u00e3o-3948609\\\/\",\"https:\\\/\\\/x.com\\\/http:\\\/\\\/www.twitter.com\\\/thalesbrandao\"],\"url\":\"https:\\\/\\\/www.cidademarketing.com.br\\\/marketing\\\/author\\\/thalesbrandao\\\/\"}]}<\/script>\n<!-- \/ Yoast SEO plugin. -->","yoast_head_json":{"title":"Confian\u00e7a da Ind\u00fastria: empresariado pessimista e expectativas piorando em maio, afirma FGV\/IBRE - CidadeMarketing","robots":{"index":"index","follow":"follow","max-snippet":"max-snippet:-1","max-image-preview":"max-image-preview:large","max-video-preview":"max-video-preview:-1"},"canonical":"https:\/\/www.cidademarketing.com.br\/marketing\/2019\/06\/01\/confianca-da-industria-empresariado-pessimista-e-expectativas-piorando-em-maio-afirma-fgv-ibre\/","og_locale":"pt_BR","og_type":"article","og_title":"Confian\u00e7a da Ind\u00fastria: empresariado pessimista e expectativas piorando em maio, afirma FGV\/IBRE - CidadeMarketing","og_description":"\u201cAs expectativas da ind\u00fastria continuaram piorando em maio e retratam agora um empresariado ligeiramente pessimista em rela\u00e7\u00e3o aos pr\u00f3ximos meses. Quanto ao desempenho do setor no m\u00eas, h\u00e1 sinais d\u00fabios. Ap\u00f3s meses andando de lado, o n\u00edvel de utiliza\u00e7\u00e3o da capacidade voltou a subir, mas houve, em paralelo, ac\u00famulo de estoques indesejados\u201d, comenta Aloisio Campelo [&hellip;]","og_url":"https:\/\/www.cidademarketing.com.br\/marketing\/2019\/06\/01\/confianca-da-industria-empresariado-pessimista-e-expectativas-piorando-em-maio-afirma-fgv-ibre\/","og_site_name":"CidadeMarketing","article_publisher":"https:\/\/www.facebook.com\/portalcidademarketing","article_author":"https:\/\/www.facebook.com\/thalesbrandao","article_published_time":"2019-06-01T11:23:31+00:00","article_modified_time":"2019-06-01T11:23:33+00:00","og_image":[{"url":"https:\/\/www.cidademarketing.com.br\/marketing\/wp-content\/uploads\/2018\/10\/industria.gif","width":600,"height":338,"type":"image\/gif"}],"author":"Thales Brand\u00e3o","twitter_card":"summary_large_image","twitter_creator":"@http:\/\/www.twitter.com\/thalesbrandao","twitter_site":"@CidadeMarketing","twitter_misc":{"Escrito por":"Thales Brand\u00e3o","Est. tempo de leitura":"1 minuto"},"schema":{"@context":"https:\/\/schema.org","@graph":[{"@type":"Article","@id":"https:\/\/www.cidademarketing.com.br\/marketing\/2019\/06\/01\/confianca-da-industria-empresariado-pessimista-e-expectativas-piorando-em-maio-afirma-fgv-ibre\/#article","isPartOf":{"@id":"https:\/\/www.cidademarketing.com.br\/marketing\/2019\/06\/01\/confianca-da-industria-empresariado-pessimista-e-expectativas-piorando-em-maio-afirma-fgv-ibre\/"},"author":{"name":"Thales Brand\u00e3o","@id":"https:\/\/www.cidademarketing.com.br\/marketing\/#\/schema\/person\/02daff9f18bd9378c9e01eb6b2db155f"},"headline":"Confian\u00e7a da Ind\u00fastria: empresariado pessimista e expectativas piorando em maio, afirma FGV\/IBRE","datePublished":"2019-06-01T11:23:31+00:00","dateModified":"2019-06-01T11:23:33+00:00","mainEntityOfPage":{"@id":"https:\/\/www.cidademarketing.com.br\/marketing\/2019\/06\/01\/confianca-da-industria-empresariado-pessimista-e-expectativas-piorando-em-maio-afirma-fgv-ibre\/"},"wordCount":286,"commentCount":0,"publisher":{"@id":"https:\/\/www.cidademarketing.com.br\/marketing\/#organization"},"image":{"@id":"https:\/\/www.cidademarketing.com.br\/marketing\/2019\/06\/01\/confianca-da-industria-empresariado-pessimista-e-expectativas-piorando-em-maio-afirma-fgv-ibre\/#primaryimage"},"thumbnailUrl":"https:\/\/www.cidademarketing.com.br\/marketing\/wp-content\/uploads\/2018\/10\/industria.gif","keywords":["Brasil","ind\u00fastria"],"articleSection":["Not\u00edcias","Pesquisa de Mercado"],"inLanguage":"pt-BR","potentialAction":[{"@type":"CommentAction","name":"Comment","target":["https:\/\/www.cidademarketing.com.br\/marketing\/2019\/06\/01\/confianca-da-industria-empresariado-pessimista-e-expectativas-piorando-em-maio-afirma-fgv-ibre\/#respond"]}]},{"@type":"WebPage","@id":"https:\/\/www.cidademarketing.com.br\/marketing\/2019\/06\/01\/confianca-da-industria-empresariado-pessimista-e-expectativas-piorando-em-maio-afirma-fgv-ibre\/","url":"https:\/\/www.cidademarketing.com.br\/marketing\/2019\/06\/01\/confianca-da-industria-empresariado-pessimista-e-expectativas-piorando-em-maio-afirma-fgv-ibre\/","name":"Confian\u00e7a da Ind\u00fastria: empresariado pessimista e expectativas piorando em maio, afirma FGV\/IBRE - CidadeMarketing","isPartOf":{"@id":"https:\/\/www.cidademarketing.com.br\/marketing\/#website"},"primaryImageOfPage":{"@id":"https:\/\/www.cidademarketing.com.br\/marketing\/2019\/06\/01\/confianca-da-industria-empresariado-pessimista-e-expectativas-piorando-em-maio-afirma-fgv-ibre\/#primaryimage"},"image":{"@id":"https:\/\/www.cidademarketing.com.br\/marketing\/2019\/06\/01\/confianca-da-industria-empresariado-pessimista-e-expectativas-piorando-em-maio-afirma-fgv-ibre\/#primaryimage"},"thumbnailUrl":"https:\/\/www.cidademarketing.com.br\/marketing\/wp-content\/uploads\/2018\/10\/industria.gif","datePublished":"2019-06-01T11:23:31+00:00","dateModified":"2019-06-01T11:23:33+00:00","breadcrumb":{"@id":"https:\/\/www.cidademarketing.com.br\/marketing\/2019\/06\/01\/confianca-da-industria-empresariado-pessimista-e-expectativas-piorando-em-maio-afirma-fgv-ibre\/#breadcrumb"},"inLanguage":"pt-BR","potentialAction":[{"@type":"ReadAction","target":["https:\/\/www.cidademarketing.com.br\/marketing\/2019\/06\/01\/confianca-da-industria-empresariado-pessimista-e-expectativas-piorando-em-maio-afirma-fgv-ibre\/"]}]},{"@type":"ImageObject","inLanguage":"pt-BR","@id":"https:\/\/www.cidademarketing.com.br\/marketing\/2019\/06\/01\/confianca-da-industria-empresariado-pessimista-e-expectativas-piorando-em-maio-afirma-fgv-ibre\/#primaryimage","url":"https:\/\/www.cidademarketing.com.br\/marketing\/wp-content\/uploads\/2018\/10\/industria.gif","contentUrl":"https:\/\/www.cidademarketing.com.br\/marketing\/wp-content\/uploads\/2018\/10\/industria.gif","width":600,"height":338},{"@type":"BreadcrumbList","@id":"https:\/\/www.cidademarketing.com.br\/marketing\/2019\/06\/01\/confianca-da-industria-empresariado-pessimista-e-expectativas-piorando-em-maio-afirma-fgv-ibre\/#breadcrumb","itemListElement":[{"@type":"ListItem","position":1,"name":"In\u00edcio","item":"https:\/\/www.cidademarketing.com.br\/marketing\/"},{"@type":"ListItem","position":2,"name":"Confian\u00e7a da Ind\u00fastria: empresariado pessimista e expectativas piorando em maio, afirma FGV\/IBRE"}]},{"@type":"WebSite","@id":"https:\/\/www.cidademarketing.com.br\/marketing\/#website","url":"https:\/\/www.cidademarketing.com.br\/marketing\/","name":"CidadeMarketing","description":"Somos um ve\u00edculo de comunica\u00e7\u00e3o de destaque no Brasil, reconhecido por conte\u00fados nos segmentos de marketing, empreendedorismo e inova\u00e7\u00e3o.","publisher":{"@id":"https:\/\/www.cidademarketing.com.br\/marketing\/#organization"},"alternateName":"CidadeMarketing","potentialAction":[{"@type":"SearchAction","target":{"@type":"EntryPoint","urlTemplate":"https:\/\/www.cidademarketing.com.br\/marketing\/?s={search_term_string}"},"query-input":{"@type":"PropertyValueSpecification","valueRequired":true,"valueName":"search_term_string"}}],"inLanguage":"pt-BR"},{"@type":"Organization","@id":"https:\/\/www.cidademarketing.com.br\/marketing\/#organization","name":"CidadeMarketing","alternateName":"CidadeMarketing","url":"https:\/\/www.cidademarketing.com.br\/marketing\/","logo":{"@type":"ImageObject","inLanguage":"pt-BR","@id":"https:\/\/www.cidademarketing.com.br\/marketing\/#\/schema\/logo\/image\/","url":"https:\/\/www.cidademarketing.com.br\/marketing\/wp-content\/uploads\/2020\/01\/cidademarketing_marca_mobile.png","contentUrl":"https:\/\/www.cidademarketing.com.br\/marketing\/wp-content\/uploads\/2020\/01\/cidademarketing_marca_mobile.png","width":230,"height":92,"caption":"CidadeMarketing"},"image":{"@id":"https:\/\/www.cidademarketing.com.br\/marketing\/#\/schema\/logo\/image\/"},"sameAs":["https:\/\/www.facebook.com\/portalcidademarketing","https:\/\/x.com\/CidadeMarketing","https:\/\/www.instagram.com\/cidademarketing\/"]},{"@type":"Person","@id":"https:\/\/www.cidademarketing.com.br\/marketing\/#\/schema\/person\/02daff9f18bd9378c9e01eb6b2db155f","name":"Thales Brand\u00e3o","image":{"@type":"ImageObject","inLanguage":"pt-BR","@id":"https:\/\/secure.gravatar.com\/avatar\/7ca3206950207cc3cb48feec56a8a7898741ab725c368d99d5d7a5a50aab80c6?s=96&d=mm&r=g","url":"https:\/\/secure.gravatar.com\/avatar\/7ca3206950207cc3cb48feec56a8a7898741ab725c368d99d5d7a5a50aab80c6?s=96&d=mm&r=g","contentUrl":"https:\/\/secure.gravatar.com\/avatar\/7ca3206950207cc3cb48feec56a8a7898741ab725c368d99d5d7a5a50aab80c6?s=96&d=mm&r=g","caption":"Thales Brand\u00e3o"},"description":"Editor Executivo do Portal CidadeMarketing.com.br &gt; Mestre em Comunica\u00e7\u00e3o e Sociedade pela Universidade Federal de Sergipe. Possui MBA Executivo em Administra\u00e7\u00e3o com \u00eanfase em Marketing pela Funda\u00e7\u00e3o Get\u00falio Vargas - Rio de Janeiro. Consultor, Palestrante e Pesquisador sobre Empreendedorismo, Marketing, Redes Sociais e Neg\u00f3cios Digitais. Professor, Palestrante TedxTalks e Campus Party. Twitter: @ThalesBrandao","sameAs":["http:\/\/www.mandacaru.com.br","https:\/\/www.facebook.com\/thalesbrandao","http:\/\/www.instagram.com.br\/thalesbrandaoferreira","https:\/\/www.linkedin.com\/in\/thales-brand\u00e3o-3948609\/","https:\/\/x.com\/http:\/\/www.twitter.com\/thalesbrandao"],"url":"https:\/\/www.cidademarketing.com.br\/marketing\/author\/thalesbrandao\/"}]}},"amp_enabled":true,"_links":{"self":[{"href":"https:\/\/www.cidademarketing.com.br\/marketing\/wp-json\/wp\/v2\/posts\/8714","targetHints":{"allow":["GET"]}}],"collection":[{"href":"https:\/\/www.cidademarketing.com.br\/marketing\/wp-json\/wp\/v2\/posts"}],"about":[{"href":"https:\/\/www.cidademarketing.com.br\/marketing\/wp-json\/wp\/v2\/types\/post"}],"author":[{"embeddable":true,"href":"https:\/\/www.cidademarketing.com.br\/marketing\/wp-json\/wp\/v2\/users\/1"}],"replies":[{"embeddable":true,"href":"https:\/\/www.cidademarketing.com.br\/marketing\/wp-json\/wp\/v2\/comments?post=8714"}],"version-history":[{"count":1,"href":"https:\/\/www.cidademarketing.com.br\/marketing\/wp-json\/wp\/v2\/posts\/8714\/revisions"}],"predecessor-version":[{"id":8715,"href":"https:\/\/www.cidademarketing.com.br\/marketing\/wp-json\/wp\/v2\/posts\/8714\/revisions\/8715"}],"wp:featuredmedia":[{"embeddable":true,"href":"https:\/\/www.cidademarketing.com.br\/marketing\/wp-json\/wp\/v2\/media\/2692"}],"wp:attachment":[{"href":"https:\/\/www.cidademarketing.com.br\/marketing\/wp-json\/wp\/v2\/media?parent=8714"}],"wp:term":[{"taxonomy":"category","embeddable":true,"href":"https:\/\/www.cidademarketing.com.br\/marketing\/wp-json\/wp\/v2\/categories?post=8714"},{"taxonomy":"post_tag","embeddable":true,"href":"https:\/\/www.cidademarketing.com.br\/marketing\/wp-json\/wp\/v2\/tags?post=8714"}],"curies":[{"name":"wp","href":"https:\/\/api.w.org\/{rel}","templated":true}]}}