{"id":8712,"date":"2019-06-01T15:14:35","date_gmt":"2019-06-01T11:14:35","guid":{"rendered":"http:\/\/www.cidademarketing.com.br\/marketing\/?p=8712"},"modified":"2019-06-01T15:14:37","modified_gmt":"2019-06-01T11:14:37","slug":"parte-do-talude-da-cava-na-minha-de-gongo-soco-em-barao-do-cocais-mg-se-desprende-afirma-vale","status":"publish","type":"post","link":"https:\/\/www.cidademarketing.com.br\/marketing\/2019\/06\/01\/parte-do-talude-da-cava-na-minha-de-gongo-soco-em-barao-do-cocais-mg-se-desprende-afirma-vale\/","title":{"rendered":"Parte do talude da cava na Minha de Gongo Soco, em Bar\u00e3o do Cocais\/MG se desprende, afirma Vale"},"content":{"rendered":"\n<p>A Vale informa que identificou ao longo da madrugada desta sexta-feira, 31\/5, o desprendimento de fragmentos do talude norte da cava da Mina de Gongo Soco, em Bar\u00e3o de Cocais (MG). Esses blocos se acomodaram no fundo da cava. As primeiras avalia\u00e7\u00f5es indicam que o material est\u00e1 deslizando de forma gradual, o que at\u00e9 o momento corrobora as estimativas de que o desprendimento do talude dever\u00e1 ocorrer sem maiores consequ\u00eancias.<\/p>\n\n\n\n<p>A cava e a barragem Sul Superior, que fica a 1,5 km da mina, seguem com monitoramento 24 horas por dia de forma remota, com o uso de radar e esta\u00e7\u00e3o rob\u00f3tica capazes de detectar movimenta\u00e7\u00f5es milim\u00e9tricas, al\u00e9m de sobrevoos com drone. A barragem est\u00e1 em n\u00edvel 3 desde 22 de mar\u00e7o e a Zona de Autossalvamento (ZAS) j\u00e1 havia sido evacuada preventivamente em 8 de fevereiro.<\/p>\n\n\n\n<p>A Vale reitera que manter\u00e1 a comunidade de Bar\u00e3o de Cocais informada da situa\u00e7\u00e3o.<\/p>\n","protected":false},"excerpt":{"rendered":"<p>A Vale informa que identificou ao longo da madrugada desta sexta-feira, 31\/5, o desprendimento de fragmentos do talude norte da cava da Mina de Gongo Soco, em Bar\u00e3o de Cocais (MG). Esses blocos se acomodaram no fundo da cava. As primeiras avalia\u00e7\u00f5es indicam que o material est\u00e1 deslizando de forma gradual, o que at\u00e9 o [&hellip;]<\/p>\n","protected":false},"author":1,"featured_media":7153,"comment_status":"open","ping_status":"open","sticky":false,"template":"","format":"standard","meta":{"tdm_status":"","tdm_grid_status":"","footnotes":""},"categories":[6],"tags":[28,1237,176,612],"class_list":["post-8712","post","type-post","status-publish","format-standard","has-post-thumbnail","hentry","category-noticias","tag-marketing","tag-meio-ambiente","tag-sustentabilidade","tag-vale"],"yoast_head":"<!-- This site is optimized with the Yoast SEO plugin v27.5 - https:\/\/yoast.com\/product\/yoast-seo-wordpress\/ -->\n<title>Parte do talude da cava na Minha de Gongo Soco, em Bar\u00e3o do Cocais\/MG se desprende, afirma Vale - CidadeMarketing<\/title>\n<meta name=\"robots\" content=\"index, follow, max-snippet:-1, max-image-preview:large, max-video-preview:-1\" \/>\n<link rel=\"canonical\" href=\"https:\/\/www.cidademarketing.com.br\/marketing\/2019\/06\/01\/parte-do-talude-da-cava-na-minha-de-gongo-soco-em-barao-do-cocais-mg-se-desprende-afirma-vale\/\" \/>\n<meta property=\"og:locale\" content=\"pt_BR\" \/>\n<meta property=\"og:type\" content=\"article\" \/>\n<meta property=\"og:title\" content=\"Parte do talude da cava na Minha de Gongo Soco, em Bar\u00e3o do Cocais\/MG se desprende, afirma Vale - CidadeMarketing\" \/>\n<meta property=\"og:description\" content=\"A Vale informa que identificou ao longo da madrugada desta sexta-feira, 31\/5, o desprendimento de fragmentos do talude norte da cava da Mina de Gongo Soco, em Bar\u00e3o de Cocais (MG). Esses blocos se acomodaram no fundo da cava. As primeiras avalia\u00e7\u00f5es indicam que o material est\u00e1 deslizando de forma gradual, o que at\u00e9 o [&hellip;]\" \/>\n<meta property=\"og:url\" content=\"https:\/\/www.cidademarketing.com.br\/marketing\/2019\/06\/01\/parte-do-talude-da-cava-na-minha-de-gongo-soco-em-barao-do-cocais-mg-se-desprende-afirma-vale\/\" \/>\n<meta property=\"og:site_name\" content=\"CidadeMarketing\" \/>\n<meta property=\"article:publisher\" content=\"https:\/\/www.facebook.com\/portalcidademarketing\" \/>\n<meta property=\"article:author\" content=\"https:\/\/www.facebook.com\/thalesbrandao\" \/>\n<meta property=\"article:published_time\" content=\"2019-06-01T11:14:35+00:00\" \/>\n<meta property=\"article:modified_time\" content=\"2019-06-01T11:14:37+00:00\" \/>\n<meta property=\"og:image\" content=\"https:\/\/www.cidademarketing.com.br\/marketing\/wp-content\/uploads\/2019\/03\/Barao_de_Cocais_vale.jpg\" \/>\n\t<meta property=\"og:image:width\" content=\"1140\" \/>\n\t<meta property=\"og:image:height\" content=\"760\" \/>\n\t<meta property=\"og:image:type\" content=\"image\/jpeg\" \/>\n<meta name=\"author\" content=\"Thales Brand\u00e3o\" \/>\n<meta name=\"twitter:card\" content=\"summary_large_image\" \/>\n<meta name=\"twitter:creator\" content=\"@http:\/\/www.twitter.com\/thalesbrandao\" \/>\n<meta name=\"twitter:site\" content=\"@CidadeMarketing\" \/>\n<meta name=\"twitter:label1\" content=\"Escrito por\" \/>\n\t<meta name=\"twitter:data1\" content=\"Thales Brand\u00e3o\" \/>\n\t<meta name=\"twitter:label2\" content=\"Est. tempo de leitura\" \/>\n\t<meta name=\"twitter:data2\" content=\"1 minuto\" \/>\n<script type=\"application\/ld+json\" class=\"yoast-schema-graph\">{\"@context\":\"https:\\\/\\\/schema.org\",\"@graph\":[{\"@type\":\"Article\",\"@id\":\"https:\\\/\\\/www.cidademarketing.com.br\\\/marketing\\\/2019\\\/06\\\/01\\\/parte-do-talude-da-cava-na-minha-de-gongo-soco-em-barao-do-cocais-mg-se-desprende-afirma-vale\\\/#article\",\"isPartOf\":{\"@id\":\"https:\\\/\\\/www.cidademarketing.com.br\\\/marketing\\\/2019\\\/06\\\/01\\\/parte-do-talude-da-cava-na-minha-de-gongo-soco-em-barao-do-cocais-mg-se-desprende-afirma-vale\\\/\"},\"author\":{\"name\":\"Thales Brand\u00e3o\",\"@id\":\"https:\\\/\\\/www.cidademarketing.com.br\\\/marketing\\\/#\\\/schema\\\/person\\\/02daff9f18bd9378c9e01eb6b2db155f\"},\"headline\":\"Parte do talude da cava na Minha de Gongo Soco, em Bar\u00e3o do Cocais\\\/MG se desprende, afirma Vale\",\"datePublished\":\"2019-06-01T11:14:35+00:00\",\"dateModified\":\"2019-06-01T11:14:37+00:00\",\"mainEntityOfPage\":{\"@id\":\"https:\\\/\\\/www.cidademarketing.com.br\\\/marketing\\\/2019\\\/06\\\/01\\\/parte-do-talude-da-cava-na-minha-de-gongo-soco-em-barao-do-cocais-mg-se-desprende-afirma-vale\\\/\"},\"wordCount\":177,\"commentCount\":0,\"publisher\":{\"@id\":\"https:\\\/\\\/www.cidademarketing.com.br\\\/marketing\\\/#organization\"},\"image\":{\"@id\":\"https:\\\/\\\/www.cidademarketing.com.br\\\/marketing\\\/2019\\\/06\\\/01\\\/parte-do-talude-da-cava-na-minha-de-gongo-soco-em-barao-do-cocais-mg-se-desprende-afirma-vale\\\/#primaryimage\"},\"thumbnailUrl\":\"https:\\\/\\\/www.cidademarketing.com.br\\\/marketing\\\/wp-content\\\/uploads\\\/2019\\\/03\\\/Barao_de_Cocais_vale.jpg\",\"keywords\":[\"marketing\",\"meio ambiente\",\"sustentabilidade\",\"Vale\"],\"articleSection\":[\"Not\u00edcias\"],\"inLanguage\":\"pt-BR\",\"potentialAction\":[{\"@type\":\"CommentAction\",\"name\":\"Comment\",\"target\":[\"https:\\\/\\\/www.cidademarketing.com.br\\\/marketing\\\/2019\\\/06\\\/01\\\/parte-do-talude-da-cava-na-minha-de-gongo-soco-em-barao-do-cocais-mg-se-desprende-afirma-vale\\\/#respond\"]}]},{\"@type\":\"WebPage\",\"@id\":\"https:\\\/\\\/www.cidademarketing.com.br\\\/marketing\\\/2019\\\/06\\\/01\\\/parte-do-talude-da-cava-na-minha-de-gongo-soco-em-barao-do-cocais-mg-se-desprende-afirma-vale\\\/\",\"url\":\"https:\\\/\\\/www.cidademarketing.com.br\\\/marketing\\\/2019\\\/06\\\/01\\\/parte-do-talude-da-cava-na-minha-de-gongo-soco-em-barao-do-cocais-mg-se-desprende-afirma-vale\\\/\",\"name\":\"Parte do talude da cava na Minha de Gongo Soco, em Bar\u00e3o do Cocais\\\/MG se desprende, afirma Vale - CidadeMarketing\",\"isPartOf\":{\"@id\":\"https:\\\/\\\/www.cidademarketing.com.br\\\/marketing\\\/#website\"},\"primaryImageOfPage\":{\"@id\":\"https:\\\/\\\/www.cidademarketing.com.br\\\/marketing\\\/2019\\\/06\\\/01\\\/parte-do-talude-da-cava-na-minha-de-gongo-soco-em-barao-do-cocais-mg-se-desprende-afirma-vale\\\/#primaryimage\"},\"image\":{\"@id\":\"https:\\\/\\\/www.cidademarketing.com.br\\\/marketing\\\/2019\\\/06\\\/01\\\/parte-do-talude-da-cava-na-minha-de-gongo-soco-em-barao-do-cocais-mg-se-desprende-afirma-vale\\\/#primaryimage\"},\"thumbnailUrl\":\"https:\\\/\\\/www.cidademarketing.com.br\\\/marketing\\\/wp-content\\\/uploads\\\/2019\\\/03\\\/Barao_de_Cocais_vale.jpg\",\"datePublished\":\"2019-06-01T11:14:35+00:00\",\"dateModified\":\"2019-06-01T11:14:37+00:00\",\"breadcrumb\":{\"@id\":\"https:\\\/\\\/www.cidademarketing.com.br\\\/marketing\\\/2019\\\/06\\\/01\\\/parte-do-talude-da-cava-na-minha-de-gongo-soco-em-barao-do-cocais-mg-se-desprende-afirma-vale\\\/#breadcrumb\"},\"inLanguage\":\"pt-BR\",\"potentialAction\":[{\"@type\":\"ReadAction\",\"target\":[\"https:\\\/\\\/www.cidademarketing.com.br\\\/marketing\\\/2019\\\/06\\\/01\\\/parte-do-talude-da-cava-na-minha-de-gongo-soco-em-barao-do-cocais-mg-se-desprende-afirma-vale\\\/\"]}]},{\"@type\":\"ImageObject\",\"inLanguage\":\"pt-BR\",\"@id\":\"https:\\\/\\\/www.cidademarketing.com.br\\\/marketing\\\/2019\\\/06\\\/01\\\/parte-do-talude-da-cava-na-minha-de-gongo-soco-em-barao-do-cocais-mg-se-desprende-afirma-vale\\\/#primaryimage\",\"url\":\"https:\\\/\\\/www.cidademarketing.com.br\\\/marketing\\\/wp-content\\\/uploads\\\/2019\\\/03\\\/Barao_de_Cocais_vale.jpg\",\"contentUrl\":\"https:\\\/\\\/www.cidademarketing.com.br\\\/marketing\\\/wp-content\\\/uploads\\\/2019\\\/03\\\/Barao_de_Cocais_vale.jpg\",\"width\":1140,\"height\":760,\"caption\":\"Reprodu\u00e7\u00e3o\\\/Google Maps\"},{\"@type\":\"BreadcrumbList\",\"@id\":\"https:\\\/\\\/www.cidademarketing.com.br\\\/marketing\\\/2019\\\/06\\\/01\\\/parte-do-talude-da-cava-na-minha-de-gongo-soco-em-barao-do-cocais-mg-se-desprende-afirma-vale\\\/#breadcrumb\",\"itemListElement\":[{\"@type\":\"ListItem\",\"position\":1,\"name\":\"In\u00edcio\",\"item\":\"https:\\\/\\\/www.cidademarketing.com.br\\\/marketing\\\/\"},{\"@type\":\"ListItem\",\"position\":2,\"name\":\"Parte do talude da cava na Minha de Gongo Soco, em Bar\u00e3o do Cocais\\\/MG se desprende, afirma Vale\"}]},{\"@type\":\"WebSite\",\"@id\":\"https:\\\/\\\/www.cidademarketing.com.br\\\/marketing\\\/#website\",\"url\":\"https:\\\/\\\/www.cidademarketing.com.br\\\/marketing\\\/\",\"name\":\"CidadeMarketing\",\"description\":\"Somos um ve\u00edculo de comunica\u00e7\u00e3o de destaque no Brasil, reconhecido por conte\u00fados nos segmentos de marketing, empreendedorismo e inova\u00e7\u00e3o.\",\"publisher\":{\"@id\":\"https:\\\/\\\/www.cidademarketing.com.br\\\/marketing\\\/#organization\"},\"alternateName\":\"CidadeMarketing\",\"potentialAction\":[{\"@type\":\"SearchAction\",\"target\":{\"@type\":\"EntryPoint\",\"urlTemplate\":\"https:\\\/\\\/www.cidademarketing.com.br\\\/marketing\\\/?s={search_term_string}\"},\"query-input\":{\"@type\":\"PropertyValueSpecification\",\"valueRequired\":true,\"valueName\":\"search_term_string\"}}],\"inLanguage\":\"pt-BR\"},{\"@type\":\"Organization\",\"@id\":\"https:\\\/\\\/www.cidademarketing.com.br\\\/marketing\\\/#organization\",\"name\":\"CidadeMarketing\",\"alternateName\":\"CidadeMarketing\",\"url\":\"https:\\\/\\\/www.cidademarketing.com.br\\\/marketing\\\/\",\"logo\":{\"@type\":\"ImageObject\",\"inLanguage\":\"pt-BR\",\"@id\":\"https:\\\/\\\/www.cidademarketing.com.br\\\/marketing\\\/#\\\/schema\\\/logo\\\/image\\\/\",\"url\":\"https:\\\/\\\/www.cidademarketing.com.br\\\/marketing\\\/wp-content\\\/uploads\\\/2020\\\/01\\\/cidademarketing_marca_mobile.png\",\"contentUrl\":\"https:\\\/\\\/www.cidademarketing.com.br\\\/marketing\\\/wp-content\\\/uploads\\\/2020\\\/01\\\/cidademarketing_marca_mobile.png\",\"width\":230,\"height\":92,\"caption\":\"CidadeMarketing\"},\"image\":{\"@id\":\"https:\\\/\\\/www.cidademarketing.com.br\\\/marketing\\\/#\\\/schema\\\/logo\\\/image\\\/\"},\"sameAs\":[\"https:\\\/\\\/www.facebook.com\\\/portalcidademarketing\",\"https:\\\/\\\/x.com\\\/CidadeMarketing\",\"https:\\\/\\\/www.instagram.com\\\/cidademarketing\\\/\"]},{\"@type\":\"Person\",\"@id\":\"https:\\\/\\\/www.cidademarketing.com.br\\\/marketing\\\/#\\\/schema\\\/person\\\/02daff9f18bd9378c9e01eb6b2db155f\",\"name\":\"Thales Brand\u00e3o\",\"image\":{\"@type\":\"ImageObject\",\"inLanguage\":\"pt-BR\",\"@id\":\"https:\\\/\\\/secure.gravatar.com\\\/avatar\\\/7ca3206950207cc3cb48feec56a8a7898741ab725c368d99d5d7a5a50aab80c6?s=96&d=mm&r=g\",\"url\":\"https:\\\/\\\/secure.gravatar.com\\\/avatar\\\/7ca3206950207cc3cb48feec56a8a7898741ab725c368d99d5d7a5a50aab80c6?s=96&d=mm&r=g\",\"contentUrl\":\"https:\\\/\\\/secure.gravatar.com\\\/avatar\\\/7ca3206950207cc3cb48feec56a8a7898741ab725c368d99d5d7a5a50aab80c6?s=96&d=mm&r=g\",\"caption\":\"Thales Brand\u00e3o\"},\"description\":\"Editor Executivo do Portal CidadeMarketing.com.br &gt; Mestre em Comunica\u00e7\u00e3o e Sociedade pela Universidade Federal de Sergipe. Possui MBA Executivo em Administra\u00e7\u00e3o com \u00eanfase em Marketing pela Funda\u00e7\u00e3o Get\u00falio Vargas - Rio de Janeiro. Consultor, Palestrante e Pesquisador sobre Empreendedorismo, Marketing, Redes Sociais e Neg\u00f3cios Digitais. Professor, Palestrante TedxTalks e Campus Party. Twitter: @ThalesBrandao\",\"sameAs\":[\"http:\\\/\\\/www.mandacaru.com.br\",\"https:\\\/\\\/www.facebook.com\\\/thalesbrandao\",\"http:\\\/\\\/www.instagram.com.br\\\/thalesbrandaoferreira\",\"https:\\\/\\\/www.linkedin.com\\\/in\\\/thales-brand\u00e3o-3948609\\\/\",\"https:\\\/\\\/x.com\\\/http:\\\/\\\/www.twitter.com\\\/thalesbrandao\"],\"url\":\"https:\\\/\\\/www.cidademarketing.com.br\\\/marketing\\\/author\\\/thalesbrandao\\\/\"}]}<\/script>\n<!-- \/ Yoast SEO plugin. -->","yoast_head_json":{"title":"Parte do talude da cava na Minha de Gongo Soco, em Bar\u00e3o do Cocais\/MG se desprende, afirma Vale - CidadeMarketing","robots":{"index":"index","follow":"follow","max-snippet":"max-snippet:-1","max-image-preview":"max-image-preview:large","max-video-preview":"max-video-preview:-1"},"canonical":"https:\/\/www.cidademarketing.com.br\/marketing\/2019\/06\/01\/parte-do-talude-da-cava-na-minha-de-gongo-soco-em-barao-do-cocais-mg-se-desprende-afirma-vale\/","og_locale":"pt_BR","og_type":"article","og_title":"Parte do talude da cava na Minha de Gongo Soco, em Bar\u00e3o do Cocais\/MG se desprende, afirma Vale - CidadeMarketing","og_description":"A Vale informa que identificou ao longo da madrugada desta sexta-feira, 31\/5, o desprendimento de fragmentos do talude norte da cava da Mina de Gongo Soco, em Bar\u00e3o de Cocais (MG). Esses blocos se acomodaram no fundo da cava. As primeiras avalia\u00e7\u00f5es indicam que o material est\u00e1 deslizando de forma gradual, o que at\u00e9 o [&hellip;]","og_url":"https:\/\/www.cidademarketing.com.br\/marketing\/2019\/06\/01\/parte-do-talude-da-cava-na-minha-de-gongo-soco-em-barao-do-cocais-mg-se-desprende-afirma-vale\/","og_site_name":"CidadeMarketing","article_publisher":"https:\/\/www.facebook.com\/portalcidademarketing","article_author":"https:\/\/www.facebook.com\/thalesbrandao","article_published_time":"2019-06-01T11:14:35+00:00","article_modified_time":"2019-06-01T11:14:37+00:00","og_image":[{"width":1140,"height":760,"url":"https:\/\/www.cidademarketing.com.br\/marketing\/wp-content\/uploads\/2019\/03\/Barao_de_Cocais_vale.jpg","type":"image\/jpeg"}],"author":"Thales Brand\u00e3o","twitter_card":"summary_large_image","twitter_creator":"@http:\/\/www.twitter.com\/thalesbrandao","twitter_site":"@CidadeMarketing","twitter_misc":{"Escrito por":"Thales Brand\u00e3o","Est. tempo de leitura":"1 minuto"},"schema":{"@context":"https:\/\/schema.org","@graph":[{"@type":"Article","@id":"https:\/\/www.cidademarketing.com.br\/marketing\/2019\/06\/01\/parte-do-talude-da-cava-na-minha-de-gongo-soco-em-barao-do-cocais-mg-se-desprende-afirma-vale\/#article","isPartOf":{"@id":"https:\/\/www.cidademarketing.com.br\/marketing\/2019\/06\/01\/parte-do-talude-da-cava-na-minha-de-gongo-soco-em-barao-do-cocais-mg-se-desprende-afirma-vale\/"},"author":{"name":"Thales Brand\u00e3o","@id":"https:\/\/www.cidademarketing.com.br\/marketing\/#\/schema\/person\/02daff9f18bd9378c9e01eb6b2db155f"},"headline":"Parte do talude da cava na Minha de Gongo Soco, em Bar\u00e3o do Cocais\/MG se desprende, afirma Vale","datePublished":"2019-06-01T11:14:35+00:00","dateModified":"2019-06-01T11:14:37+00:00","mainEntityOfPage":{"@id":"https:\/\/www.cidademarketing.com.br\/marketing\/2019\/06\/01\/parte-do-talude-da-cava-na-minha-de-gongo-soco-em-barao-do-cocais-mg-se-desprende-afirma-vale\/"},"wordCount":177,"commentCount":0,"publisher":{"@id":"https:\/\/www.cidademarketing.com.br\/marketing\/#organization"},"image":{"@id":"https:\/\/www.cidademarketing.com.br\/marketing\/2019\/06\/01\/parte-do-talude-da-cava-na-minha-de-gongo-soco-em-barao-do-cocais-mg-se-desprende-afirma-vale\/#primaryimage"},"thumbnailUrl":"https:\/\/www.cidademarketing.com.br\/marketing\/wp-content\/uploads\/2019\/03\/Barao_de_Cocais_vale.jpg","keywords":["marketing","meio ambiente","sustentabilidade","Vale"],"articleSection":["Not\u00edcias"],"inLanguage":"pt-BR","potentialAction":[{"@type":"CommentAction","name":"Comment","target":["https:\/\/www.cidademarketing.com.br\/marketing\/2019\/06\/01\/parte-do-talude-da-cava-na-minha-de-gongo-soco-em-barao-do-cocais-mg-se-desprende-afirma-vale\/#respond"]}]},{"@type":"WebPage","@id":"https:\/\/www.cidademarketing.com.br\/marketing\/2019\/06\/01\/parte-do-talude-da-cava-na-minha-de-gongo-soco-em-barao-do-cocais-mg-se-desprende-afirma-vale\/","url":"https:\/\/www.cidademarketing.com.br\/marketing\/2019\/06\/01\/parte-do-talude-da-cava-na-minha-de-gongo-soco-em-barao-do-cocais-mg-se-desprende-afirma-vale\/","name":"Parte do talude da cava na Minha de Gongo Soco, em Bar\u00e3o do Cocais\/MG se desprende, afirma Vale - CidadeMarketing","isPartOf":{"@id":"https:\/\/www.cidademarketing.com.br\/marketing\/#website"},"primaryImageOfPage":{"@id":"https:\/\/www.cidademarketing.com.br\/marketing\/2019\/06\/01\/parte-do-talude-da-cava-na-minha-de-gongo-soco-em-barao-do-cocais-mg-se-desprende-afirma-vale\/#primaryimage"},"image":{"@id":"https:\/\/www.cidademarketing.com.br\/marketing\/2019\/06\/01\/parte-do-talude-da-cava-na-minha-de-gongo-soco-em-barao-do-cocais-mg-se-desprende-afirma-vale\/#primaryimage"},"thumbnailUrl":"https:\/\/www.cidademarketing.com.br\/marketing\/wp-content\/uploads\/2019\/03\/Barao_de_Cocais_vale.jpg","datePublished":"2019-06-01T11:14:35+00:00","dateModified":"2019-06-01T11:14:37+00:00","breadcrumb":{"@id":"https:\/\/www.cidademarketing.com.br\/marketing\/2019\/06\/01\/parte-do-talude-da-cava-na-minha-de-gongo-soco-em-barao-do-cocais-mg-se-desprende-afirma-vale\/#breadcrumb"},"inLanguage":"pt-BR","potentialAction":[{"@type":"ReadAction","target":["https:\/\/www.cidademarketing.com.br\/marketing\/2019\/06\/01\/parte-do-talude-da-cava-na-minha-de-gongo-soco-em-barao-do-cocais-mg-se-desprende-afirma-vale\/"]}]},{"@type":"ImageObject","inLanguage":"pt-BR","@id":"https:\/\/www.cidademarketing.com.br\/marketing\/2019\/06\/01\/parte-do-talude-da-cava-na-minha-de-gongo-soco-em-barao-do-cocais-mg-se-desprende-afirma-vale\/#primaryimage","url":"https:\/\/www.cidademarketing.com.br\/marketing\/wp-content\/uploads\/2019\/03\/Barao_de_Cocais_vale.jpg","contentUrl":"https:\/\/www.cidademarketing.com.br\/marketing\/wp-content\/uploads\/2019\/03\/Barao_de_Cocais_vale.jpg","width":1140,"height":760,"caption":"Reprodu\u00e7\u00e3o\/Google Maps"},{"@type":"BreadcrumbList","@id":"https:\/\/www.cidademarketing.com.br\/marketing\/2019\/06\/01\/parte-do-talude-da-cava-na-minha-de-gongo-soco-em-barao-do-cocais-mg-se-desprende-afirma-vale\/#breadcrumb","itemListElement":[{"@type":"ListItem","position":1,"name":"In\u00edcio","item":"https:\/\/www.cidademarketing.com.br\/marketing\/"},{"@type":"ListItem","position":2,"name":"Parte do talude da cava na Minha de Gongo Soco, em Bar\u00e3o do Cocais\/MG se desprende, afirma Vale"}]},{"@type":"WebSite","@id":"https:\/\/www.cidademarketing.com.br\/marketing\/#website","url":"https:\/\/www.cidademarketing.com.br\/marketing\/","name":"CidadeMarketing","description":"Somos um ve\u00edculo de comunica\u00e7\u00e3o de destaque no Brasil, reconhecido por conte\u00fados nos segmentos de marketing, empreendedorismo e inova\u00e7\u00e3o.","publisher":{"@id":"https:\/\/www.cidademarketing.com.br\/marketing\/#organization"},"alternateName":"CidadeMarketing","potentialAction":[{"@type":"SearchAction","target":{"@type":"EntryPoint","urlTemplate":"https:\/\/www.cidademarketing.com.br\/marketing\/?s={search_term_string}"},"query-input":{"@type":"PropertyValueSpecification","valueRequired":true,"valueName":"search_term_string"}}],"inLanguage":"pt-BR"},{"@type":"Organization","@id":"https:\/\/www.cidademarketing.com.br\/marketing\/#organization","name":"CidadeMarketing","alternateName":"CidadeMarketing","url":"https:\/\/www.cidademarketing.com.br\/marketing\/","logo":{"@type":"ImageObject","inLanguage":"pt-BR","@id":"https:\/\/www.cidademarketing.com.br\/marketing\/#\/schema\/logo\/image\/","url":"https:\/\/www.cidademarketing.com.br\/marketing\/wp-content\/uploads\/2020\/01\/cidademarketing_marca_mobile.png","contentUrl":"https:\/\/www.cidademarketing.com.br\/marketing\/wp-content\/uploads\/2020\/01\/cidademarketing_marca_mobile.png","width":230,"height":92,"caption":"CidadeMarketing"},"image":{"@id":"https:\/\/www.cidademarketing.com.br\/marketing\/#\/schema\/logo\/image\/"},"sameAs":["https:\/\/www.facebook.com\/portalcidademarketing","https:\/\/x.com\/CidadeMarketing","https:\/\/www.instagram.com\/cidademarketing\/"]},{"@type":"Person","@id":"https:\/\/www.cidademarketing.com.br\/marketing\/#\/schema\/person\/02daff9f18bd9378c9e01eb6b2db155f","name":"Thales Brand\u00e3o","image":{"@type":"ImageObject","inLanguage":"pt-BR","@id":"https:\/\/secure.gravatar.com\/avatar\/7ca3206950207cc3cb48feec56a8a7898741ab725c368d99d5d7a5a50aab80c6?s=96&d=mm&r=g","url":"https:\/\/secure.gravatar.com\/avatar\/7ca3206950207cc3cb48feec56a8a7898741ab725c368d99d5d7a5a50aab80c6?s=96&d=mm&r=g","contentUrl":"https:\/\/secure.gravatar.com\/avatar\/7ca3206950207cc3cb48feec56a8a7898741ab725c368d99d5d7a5a50aab80c6?s=96&d=mm&r=g","caption":"Thales Brand\u00e3o"},"description":"Editor Executivo do Portal CidadeMarketing.com.br &gt; Mestre em Comunica\u00e7\u00e3o e Sociedade pela Universidade Federal de Sergipe. Possui MBA Executivo em Administra\u00e7\u00e3o com \u00eanfase em Marketing pela Funda\u00e7\u00e3o Get\u00falio Vargas - Rio de Janeiro. Consultor, Palestrante e Pesquisador sobre Empreendedorismo, Marketing, Redes Sociais e Neg\u00f3cios Digitais. Professor, Palestrante TedxTalks e Campus Party. Twitter: @ThalesBrandao","sameAs":["http:\/\/www.mandacaru.com.br","https:\/\/www.facebook.com\/thalesbrandao","http:\/\/www.instagram.com.br\/thalesbrandaoferreira","https:\/\/www.linkedin.com\/in\/thales-brand\u00e3o-3948609\/","https:\/\/x.com\/http:\/\/www.twitter.com\/thalesbrandao"],"url":"https:\/\/www.cidademarketing.com.br\/marketing\/author\/thalesbrandao\/"}]}},"amp_enabled":true,"_links":{"self":[{"href":"https:\/\/www.cidademarketing.com.br\/marketing\/wp-json\/wp\/v2\/posts\/8712","targetHints":{"allow":["GET"]}}],"collection":[{"href":"https:\/\/www.cidademarketing.com.br\/marketing\/wp-json\/wp\/v2\/posts"}],"about":[{"href":"https:\/\/www.cidademarketing.com.br\/marketing\/wp-json\/wp\/v2\/types\/post"}],"author":[{"embeddable":true,"href":"https:\/\/www.cidademarketing.com.br\/marketing\/wp-json\/wp\/v2\/users\/1"}],"replies":[{"embeddable":true,"href":"https:\/\/www.cidademarketing.com.br\/marketing\/wp-json\/wp\/v2\/comments?post=8712"}],"version-history":[{"count":1,"href":"https:\/\/www.cidademarketing.com.br\/marketing\/wp-json\/wp\/v2\/posts\/8712\/revisions"}],"predecessor-version":[{"id":8713,"href":"https:\/\/www.cidademarketing.com.br\/marketing\/wp-json\/wp\/v2\/posts\/8712\/revisions\/8713"}],"wp:featuredmedia":[{"embeddable":true,"href":"https:\/\/www.cidademarketing.com.br\/marketing\/wp-json\/wp\/v2\/media\/7153"}],"wp:attachment":[{"href":"https:\/\/www.cidademarketing.com.br\/marketing\/wp-json\/wp\/v2\/media?parent=8712"}],"wp:term":[{"taxonomy":"category","embeddable":true,"href":"https:\/\/www.cidademarketing.com.br\/marketing\/wp-json\/wp\/v2\/categories?post=8712"},{"taxonomy":"post_tag","embeddable":true,"href":"https:\/\/www.cidademarketing.com.br\/marketing\/wp-json\/wp\/v2\/tags?post=8712"}],"curies":[{"name":"wp","href":"https:\/\/api.w.org\/{rel}","templated":true}]}}