{"id":8672,"date":"2019-05-31T04:40:54","date_gmt":"2019-05-31T00:40:54","guid":{"rendered":"http:\/\/www.cidademarketing.com.br\/marketing\/?p=8672"},"modified":"2019-05-31T04:40:57","modified_gmt":"2019-05-31T00:40:57","slug":"ufc-relanca-documentarios-ufc-25-years-in-short-indicado-ao-sports-emmy-awards","status":"publish","type":"post","link":"https:\/\/www.cidademarketing.com.br\/marketing\/2019\/05\/31\/ufc-relanca-documentarios-ufc-25-years-in-short-indicado-ao-sports-emmy-awards\/","title":{"rendered":"UFC\u00ae relan\u00e7a document\u00e1rios &#8220;UFC 25 Years in Short&#8221; indicado ao Sports Emmy Awards"},"content":{"rendered":"\n<p>O UFC<strong><sup>\u00ae<\/sup><\/strong>, maior\norganiza\u00e7\u00e3o de MMA do mundo, anunciou o relan\u00e7amento do <em>UFC 25 Years in\nShort<\/em>. A s\u00e9rie de document\u00e1rios, que foi recentemente indicada ao Sports\nEmmy Awards, est\u00e1 dispon\u00edvel na \u00edntegra no YouTube do UFC Brasil.<\/p>\n\n\n\n<p>O conjunto de curtas, criado para celebrar\nos 25 anos do UFC em 2018, apresenta 25 hist\u00f3rias cativantes sobre cada um dos\nanos da hist\u00f3ria da organiza\u00e7\u00e3o. Muitos destes filmes foram comandados por\ndiretores e produtores premiados, incluindo diversos realizadores da s\u00e9rie <em>30\nfor 30<\/em>, da ESPN. No \u00faltimo m\u00eas, o <em>UFC 25 Years in Short <\/em>foi indicado\npara o Sports Emmy Awards na categoria \u201cDestaque em Produ\u00e7\u00e3o Especial ou S\u00e9rie\nEsportiva\u201d, competindo com produtos de HBO, NFL Network e Showtime.<\/p>\n\n\n\n<p>\u201cO YouTube tem um alcance bem amplo e\noferece a plataforma perfeita para que f\u00e3s e futuros f\u00e3s possam assistir tudo\nde uma vez s\u00f3 e se inteirarem da hist\u00f3ria do UFC de uma maneira divertida e\ndiferenciada\u201d, declarou Chris Kartzmark, vice-presidente senior de produ\u00e7\u00e3o e\nprograma\u00e7\u00e3o do UFC.<\/p>\n\n\n\n<p><strong><em>UFC 25 Years in Short<\/em><\/strong><strong>&nbsp;\n&#8211;&nbsp;Datas de lan\u00e7amento e resumos dos epis\u00f3dios <\/strong><\/p>\n\n\n\n<p>Filme 1<\/p>\n\n\n\n<p><strong>OCTO:<\/strong> A disputada hist\u00f3ria da\norigem do oct\u00f3gono do UFC<sup>\u00ae<\/sup>&nbsp; <\/p>\n\n\n\n<p>Em 1993, o UFC&nbsp;nasceu\ndentro de um ringue de 8 lados. Promotores, produtores de TV e designers de\ncen\u00e1rios de Hollywood ainda disputam a cria\u00e7\u00e3o do oct\u00f3gono.<\/p>\n\n\n\n<p>Filme 2<\/p>\n\n\n\n<p><strong>THE LION\u2019S\nDEN: <\/strong>A hist\u00f3ria da primeira equipe de artes marciais mistas<\/p>\n\n\n\n<p>Em\n1994, Ken Shamrock montou a primeira equipe de MMA, a <em>The Lion\u2019s Den<\/em>, e\nmostrou que sucesso nesse esporte individual era um trabalho em equipe.<\/p>\n\n\n\n<p>Filme 3<\/p>\n\n\n\n<p><strong>ULTIMATE\nACCESSORY: <\/strong>A hist\u00f3ria do cintur\u00e3odo\nUFC<sup>\u00ae<\/sup>&nbsp;<\/p>\n\n\n\n<p>Desde\n1995, os cintur\u00f5es do UFC&nbsp;se tornaram o acess\u00f3rio exclusivo desejado por\ntodos os lutadores de MMA, mas a hist\u00f3ria deles \u00e9 um pouco desconhecida e,\nmuitas vezes, surpreendente.<\/p>\n\n\n\n<p>Filme 4<\/p>\n\n\n\n<p><strong>BLACKOUT: <\/strong>Uma hist\u00f3ria da cruzada pol\u00edtica para manter o UFC<sup>\u00ae<\/sup>&nbsp;longe\nda TV<\/p>\n\n\n\n<p>Em\n1996, uma cruzada pol\u00edtica para banir a luta de maneira eficaz colocou press\u00e3o\nna ind\u00fastria de TV a cabo para acabar com a exibi\u00e7\u00e3o dos eventos do UFC, quase\nextinguindo o ent\u00e3o novo esporte.<\/p>\n\n\n\n<p>Filme 5<\/p>\n\n\n\n<p><strong>JUDGEMENT\nDAY: <\/strong>A hist\u00f3ria da mudan\u00e7a do UFC<sup>\u00ae<\/sup> para outra cidade<\/p>\n\n\n\n<p>Em\n1997, o UFC 12 era para acontecer em Buffalo, mas um dia antes, o estado de\nNova York mudou suas leis para banir o MMA e o oct\u00f3gono encontrou um novo lar\nem Dothan, Alabama.<\/p>\n\n\n\n<p>Filme 6<\/p>\n\n\n\n<p><strong>THE ICE AGE: <\/strong>A hist\u00f3ria de Chuck Liddell, o primeiro grande\nastro do UFC<sup>\u00ae<\/sup>&nbsp; <\/p>\n\n\n\n<p>Chuck\nLiddell conectava golpes ao mesmo tempo em que se conectava com f\u00e3s ao redor do\nmundo como nenhum lutador do UFC havia feito at\u00e9 ent\u00e3o e se tornou o primeiro\ngrande astro do UFC.<\/p>\n\n\n\n<p>Filme 7<\/p>\n\n\n\n<p><strong>COUNTRY BOY CAN SURVIVE: <\/strong>A hist\u00f3ria da\nluta pela sobreviv\u00eancia de Matt <\/p>\n\n\n\n<p>Hughes <\/p>\n\n\n\n<p>Matt Hughes foi um campe\u00e3o dominante do UFC, mas depois de\nencerrar sua carreira (com entrada no Hall da Fama), enfrentou a mais dura\nbatalha de todas: a pela sua sobreviv\u00eancia. <\/p>\n\n\n\n<p>Filme 8<\/p>\n\n\n\n<p><strong>COMBATANT IN CHIEF:<\/strong> A\nHist\u00f3ria de Donald Trump na Hist\u00f3ria dos Esportes de<\/p>\n\n\n\n<p>Combate <\/p>\n\n\n\n<p>Quando\nDonald Trump abriu seu cassino em Atlantic City para o UFC &#8211; que naquela \u00e9poca\nlutava para continuar vivo -, era o come\u00e7o de uma amizade improv\u00e1vel entre o\natual presidente dos EUA e o presidente do UFC Dana White.<\/p>\n\n\n\n<p>Filme 9<\/p>\n\n\n\n<p><strong>ALL IN:<\/strong> A hist\u00f3ria dos irm\u00e3os Fertitta &amp; Dana White<\/p>\n\n\n\n<p>Em 2001, os irm\u00e3os Fertitta compraram o UFC, que estava falindo, e\ncolocaram Dana White como presidente. As decis\u00f5es de tr\u00eas amigos que\nrevolucionaram os esportes de combate para sempre.<\/p>\n\n\n\n<p>Filme 10<\/p>\n\n\n\n<p><strong>BEFORE AND\nAFTER:<\/strong> A hist\u00f3ria das fotos emblem\u00e1ticas do\nUFC de Kevin Lynch <\/p>\n\n\n\n<p>Em\n2007, o renomado fot\u00f3grafo Kevin Lynch publicou um livro de suas fotografias\nemblem\u00e1ticas do UFC, que reestruturaria totalmente a imagem do esporte e dos\nseus atletas. <\/p>\n\n\n\n<p>Filme 11<\/p>\n\n\n\n<p><strong>A MATTER OF\nPRIDE:<\/strong> A hist\u00f3ria da rivalidade entre o UFC<sup>\u00ae<\/sup>&nbsp;e\no Pride FC, do Jap\u00e3o<\/p>\n\n\n\n<p>Em\n2003, o presidente do UFC Dana White colocou Chuck Liddell no Grand Prix de\npesos-m\u00e9dios do Pride com a esperan\u00e7a de vencer a maior batalha pela supremacia\ndo MMA.<\/p>\n\n\n\n<p>Filme 12<\/p>\n\n\n\n<p><strong>BULLY PROOF:<\/strong> A hist\u00f3ria da evolu\u00e7\u00e3o de GSP \u2013 de v\u00edtima de bullying a campe\u00e3o\ndo UFC<sup>\u00ae<\/sup>&nbsp;<\/p>\n\n\n\n<p>Georges St-Pierre sofreu <em>bullying<\/em> quando crian\u00e7a at\u00e9 seu\npai o colocar em aulas de karat\u00ea. GSP se tornou uma m\u00e1quina de lutar e campe\u00e3o\ndo UFC.<\/p>\n\n\n\n<p>Filme 13<\/p>\n\n\n\n<p><strong>RECONNECTING\nWITH REALITY:<\/strong> A hist\u00f3ria da reuni\u00e3o do\nelenco do Ultimate Fighter 1 <\/p>\n\n\n\n<p>Em\n2005, o programa The Ultimate Fighter salvou o UFC do fracasso. 13 anos depois,\no elenco inaugural se reuniu para um evento extraordin\u00e1rio.<\/p>\n\n\n\n<p>Filme 14<\/p>\n\n\n\n<p><strong>THE O.G.s<\/strong>: A hist\u00f3ria das Octagon Girls<\/p>\n\n\n\n<p>Com\numa combina\u00e7\u00e3o de sensualidade e perfil de modelos, as <em>Octagon Girls<\/em> s\u00e3o\ngrandes embaixadoras para a marca e para o esporte.<\/p>\n\n\n\n<p>Filme 15<\/p>\n\n\n\n<p><strong>FINDING\nFORREST<\/strong>: A hist\u00f3ria de Forrest Griffin, um\nproduto genu\u00edno do UFC<\/p>\n\n\n\n<p>Em\n2007, Forrest Griffin venceu Maur\u00edcio Shogun no que foi considerado uma grande\nzebra. Esta foi uma das muitas vezes que o vencedor do primeiro Ultimate\nFighter contrariou as previs\u00f5es e construiu o seu legado rumo ao Hall da Fama.<\/p>\n\n\n\n<p>Filme 16<\/p>\n\n\n\n<p><strong>FIGHT FOR THE\nTROOPS:<\/strong> A hist\u00f3ria da conex\u00e3o\nentre o UFC<sup>\u00ae<\/sup>&nbsp;e as For\u00e7as Armadas dos EUA<\/p>\n\n\n\n<p>Em\n2008, o UFC organizou o primeiro de muitos eventos ao vivo que arrecadaram\nmilh\u00f5es de d\u00f3lares para apoiar causas militares, parte da forte liga\u00e7\u00e3o entre o\nUFC e as For\u00e7as Armadas dos EUA.<\/p>\n\n\n\n<p>Filme 17<\/p>\n\n\n\n<p><strong>WORTH THE WAIT:<\/strong> A hist\u00f3ria de\nDaniel Cormier<\/p>\n\n\n\n<p>Em\n2009, Daniel Cormier fez a transi\u00e7\u00e3o da luta ol\u00edmpica para o MMA, iniciando seu\nsegundo ato nos esportes de luta e uma dif\u00edcil jornada ao topo do UFC.<\/p>\n\n\n\n<p>Filme 18<\/p>\n\n\n\n<p><strong>WE ARE LIVE:<\/strong> A hist\u00f3ria do UFC<sup>\u00ae<\/sup>&nbsp;ao vivo e\naqueles que fazem isso acontecer <\/p>\n\n\n\n<p>A equipe de produ\u00e7\u00e3o do UFC tem um estilo de transmiss\u00e3o diferente\nde qualquer outro evento de esporte, criando uma atmosfera eletrizante que\nmoldou a maneira como as pessoas vivenciam o UFC.<\/p>\n\n\n\n<p>Filme 19<\/p>\n\n\n\n<p><strong>NEW YORK\nSTATE OF MIND:<\/strong> A hist\u00f3ria da legaliza\u00e7\u00e3o da\nluta no estado de NY<\/p>\n\n\n\n<p>Percep\u00e7\u00f5es\nequivocadas sobre o MMA levaram a sua proibi\u00e7\u00e3o no estado de Nova York. <\/p>\n\n\n\n<p>Filme 20<\/p>\n\n\n\n<p><strong>TAKE ME WITH\nYOU:<\/strong> A hist\u00f3ria de um garotinho e o campe\u00e3o peso-pesado\ndo UFC<sup>\u00ae<\/sup>&nbsp;<\/p>\n\n\n\n<p>Em 2012, o ent\u00e3o campe\u00e3o peso-pesado do UFC J\u00fanior dos Santos\ntrouxe um menino de 9 anos de uma favela perto de onde morava para Las Vegas,\nem uma aventura inesquec\u00edvel.&nbsp; <\/p>\n\n\n\n<p>Filme 21<\/p>\n\n\n\n<p><strong>BREAKING\nBARRIERS:<\/strong> A hist\u00f3ria de Ronda Rousey e a ascens\u00e3o\ndo MMA feminino<\/p>\n\n\n\n<p>A domin\u00e2ncia de Ronda Rousey no UFC cativou o p\u00fablico muito al\u00e9m\ndo universo dos esportes e abriu as portas para todas as lutadoras femininas.<\/p>\n\n\n\n<p>Filme 22<\/p>\n\n\n\n<p><strong>BAD BLOOD IS GOOD BUSINESS:<\/strong> A hist\u00f3ria das rivalidades\nque alimentam as maiores lutas<\/p>\n\n\n\n<p>Em 2014, uma briga entre Jon Jones e Daniel\nCormier, no lobby do MGM Grand, em Las Vegas, levou a um dos eventos de maior\nvenda de PPV, porque a rivalidade vende. <\/p>\n\n\n\n<p>Filme 23<\/p>\n\n\n\n<p><strong>TESTED:<\/strong> A hist\u00f3ria do programa antidoping do UFC<sup>\u00ae<\/sup>&nbsp;com a USADA <\/p>\n\n\n\n<p>Em 2015, o UFC lan\u00e7ou o seu programa antidoping com a\nUSADA (Ag\u00eancia Antidoping Americana), considerado o programa mais abrangente dos esportes profissionais.<\/p>\n\n\n\n<p>Filme 24<\/p>\n\n\n\n<p><strong>AGENTS OF\nCHANGE:<\/strong> A hist\u00f3ria do maior neg\u00f3cio da hist\u00f3ria\ndos esportes <\/p>\n\n\n\n<p>Em 2016, o UFC chocou o mundo quando foi vendido para um grupo\nliderado pela grande ag\u00eancia de talentos WME-IMG, hoje conhecida como Endeavor,\nna maior transa\u00e7\u00e3o da hist\u00f3ria dos esportes. <\/p>\n\n\n\n<p>Filme 25<\/p>\n\n\n\n<p><strong>MacMANIA:<\/strong> A hist\u00f3ria da popularidade insana de Conor McGregor<\/p>\n\n\n\n<p>As habilidades de Conor McGregor como lutador s\u00e3o ineg\u00e1veis, mas\nele surgiu como um astro \u00fanico e original, como nenhum outro, e sem\nlimites.&nbsp; <\/p>\n\n\n\n<p><strong>Sobre o UFC\u00ae<\/strong><\/p>\n\n\n\n<p>UFC<sup>\u00ae<\/sup> \u00e9 uma marca global de esportes e o maior provedor\nde eventos pay-per-view no mundo. O UFC conta com mais 300 milh\u00f5es de f\u00e3s ao\nredor do mundo, incluindo 70 milh\u00f5es de seguidores em suas plataformas\ndigitais, e tem sua programa\u00e7\u00e3o transmitida em mais de 170 pa\u00edses para mais de\n1 bilh\u00e3o de lares, em 40 diferentes idiomas. O UFC produz mais de 40 eventos ao\nvivo anualmente que costumam ter lota\u00e7\u00e3o esgotada nas principais arenas do\nplaneta. Desde 2001, o UFC tem sua sede em Las Vegas e uma rede de\nprofissionais ao redor do mundo. O atual elenco do UFC conta com mais de 570\nhomens e mulheres representando 55 pa\u00edses. O UFC FIGHT PASS\u00ae, principal servi\u00e7o\ndigital por assinatura de esportes de combate no mundo, distribui,\nexclusivamente, eventos ao vivo, milhares de lutas on-demand e conte\u00fado\noriginal para f\u00e3s por todo o mundo. O UFC foi adquirido em 2016 pela l\u00edder\nglobal em esportes, entretenimento e moda Endeavor, em conjunto com os\ninvestidores estrat\u00e9gicos Silver Lake Partners e KKR, em uma das maiores\ntransa\u00e7\u00f5es da hist\u00f3ria do esporte. Para mais informa\u00e7\u00f5es, visite <a href=\"https:\/\/protect-us.mimecast.com\/s\/vMxiCVOJ2kToLn9GiyIvVc?domain=ufc.com.br\" target=\"_blank\" rel=\"noreferrer noopener\">UFC.com.br<\/a> e siga o UFC no <a href=\"https:\/\/protect-us.mimecast.com\/s\/H-V8CW6WKlFmgLGJUn-_VG?domain=facebook.com\" target=\"_blank\" rel=\"noreferrer noopener\">Facebook.com\/UFCBrasil<\/a>, Twitter @ufcbrasil, Snapchat @UFC e Instagram @ufc_brasil. <\/p>\n","protected":false},"excerpt":{"rendered":"<p>O UFC\u00ae, maior organiza\u00e7\u00e3o de MMA do mundo, anunciou o relan\u00e7amento do UFC 25 Years in Short. A s\u00e9rie de document\u00e1rios, que foi recentemente indicada ao Sports Emmy Awards, est\u00e1 dispon\u00edvel na \u00edntegra no YouTube do UFC Brasil. O conjunto de curtas, criado para celebrar os 25 anos do UFC em 2018, apresenta 25 hist\u00f3rias [&hellip;]<\/p>\n","protected":false},"author":1,"featured_media":8673,"comment_status":"open","ping_status":"open","sticky":false,"template":"","format":"standard","meta":{"tdm_status":"","tdm_grid_status":"","footnotes":""},"categories":[6],"tags":[33,28,466,253],"class_list":["post-8672","post","type-post","status-publish","format-standard","has-post-thumbnail","hentry","category-noticias","tag-estrategia","tag-marketing","tag-ufc","tag-youtube"],"yoast_head":"<!-- This site is optimized with the Yoast SEO plugin v27.5 - https:\/\/yoast.com\/product\/yoast-seo-wordpress\/ -->\n<title>UFC\u00ae relan\u00e7a document\u00e1rios &quot;UFC 25 Years in Short&quot; indicado ao Sports Emmy Awards - CidadeMarketing<\/title>\n<meta name=\"robots\" content=\"index, follow, max-snippet:-1, max-image-preview:large, max-video-preview:-1\" \/>\n<link rel=\"canonical\" href=\"https:\/\/www.cidademarketing.com.br\/marketing\/2019\/05\/31\/ufc-relanca-documentarios-ufc-25-years-in-short-indicado-ao-sports-emmy-awards\/\" \/>\n<meta property=\"og:locale\" content=\"pt_BR\" \/>\n<meta property=\"og:type\" content=\"article\" \/>\n<meta property=\"og:title\" content=\"UFC\u00ae relan\u00e7a document\u00e1rios &quot;UFC 25 Years in Short&quot; indicado ao Sports Emmy Awards - CidadeMarketing\" \/>\n<meta property=\"og:description\" content=\"O UFC\u00ae, maior organiza\u00e7\u00e3o de MMA do mundo, anunciou o relan\u00e7amento do UFC 25 Years in Short. A s\u00e9rie de document\u00e1rios, que foi recentemente indicada ao Sports Emmy Awards, est\u00e1 dispon\u00edvel na \u00edntegra no YouTube do UFC Brasil. O conjunto de curtas, criado para celebrar os 25 anos do UFC em 2018, apresenta 25 hist\u00f3rias [&hellip;]\" \/>\n<meta property=\"og:url\" content=\"https:\/\/www.cidademarketing.com.br\/marketing\/2019\/05\/31\/ufc-relanca-documentarios-ufc-25-years-in-short-indicado-ao-sports-emmy-awards\/\" \/>\n<meta property=\"og:site_name\" content=\"CidadeMarketing\" \/>\n<meta property=\"article:publisher\" content=\"https:\/\/www.facebook.com\/portalcidademarketing\" \/>\n<meta property=\"article:author\" content=\"https:\/\/www.facebook.com\/thalesbrandao\" \/>\n<meta property=\"article:published_time\" content=\"2019-05-31T00:40:54+00:00\" \/>\n<meta property=\"article:modified_time\" content=\"2019-05-31T00:40:57+00:00\" \/>\n<meta property=\"og:image\" content=\"https:\/\/www.cidademarketing.com.br\/marketing\/wp-content\/uploads\/2019\/05\/ufc_documentario.jpg\" \/>\n\t<meta property=\"og:image:width\" content=\"1178\" \/>\n\t<meta property=\"og:image:height\" content=\"609\" \/>\n\t<meta property=\"og:image:type\" content=\"image\/jpeg\" \/>\n<meta name=\"author\" content=\"Thales Brand\u00e3o\" \/>\n<meta name=\"twitter:card\" content=\"summary_large_image\" \/>\n<meta name=\"twitter:creator\" content=\"@http:\/\/www.twitter.com\/thalesbrandao\" \/>\n<meta name=\"twitter:site\" content=\"@CidadeMarketing\" \/>\n<meta name=\"twitter:label1\" content=\"Escrito por\" \/>\n\t<meta name=\"twitter:data1\" content=\"Thales Brand\u00e3o\" \/>\n\t<meta name=\"twitter:label2\" content=\"Est. tempo de leitura\" \/>\n\t<meta name=\"twitter:data2\" content=\"8 minutos\" \/>\n<script type=\"application\/ld+json\" class=\"yoast-schema-graph\">{\"@context\":\"https:\\\/\\\/schema.org\",\"@graph\":[{\"@type\":\"Article\",\"@id\":\"https:\\\/\\\/www.cidademarketing.com.br\\\/marketing\\\/2019\\\/05\\\/31\\\/ufc-relanca-documentarios-ufc-25-years-in-short-indicado-ao-sports-emmy-awards\\\/#article\",\"isPartOf\":{\"@id\":\"https:\\\/\\\/www.cidademarketing.com.br\\\/marketing\\\/2019\\\/05\\\/31\\\/ufc-relanca-documentarios-ufc-25-years-in-short-indicado-ao-sports-emmy-awards\\\/\"},\"author\":{\"name\":\"Thales Brand\u00e3o\",\"@id\":\"https:\\\/\\\/www.cidademarketing.com.br\\\/marketing\\\/#\\\/schema\\\/person\\\/02daff9f18bd9378c9e01eb6b2db155f\"},\"headline\":\"UFC\u00ae relan\u00e7a document\u00e1rios &#8220;UFC 25 Years in Short&#8221; indicado ao Sports Emmy Awards\",\"datePublished\":\"2019-05-31T00:40:54+00:00\",\"dateModified\":\"2019-05-31T00:40:57+00:00\",\"mainEntityOfPage\":{\"@id\":\"https:\\\/\\\/www.cidademarketing.com.br\\\/marketing\\\/2019\\\/05\\\/31\\\/ufc-relanca-documentarios-ufc-25-years-in-short-indicado-ao-sports-emmy-awards\\\/\"},\"wordCount\":1593,\"commentCount\":0,\"publisher\":{\"@id\":\"https:\\\/\\\/www.cidademarketing.com.br\\\/marketing\\\/#organization\"},\"image\":{\"@id\":\"https:\\\/\\\/www.cidademarketing.com.br\\\/marketing\\\/2019\\\/05\\\/31\\\/ufc-relanca-documentarios-ufc-25-years-in-short-indicado-ao-sports-emmy-awards\\\/#primaryimage\"},\"thumbnailUrl\":\"https:\\\/\\\/www.cidademarketing.com.br\\\/marketing\\\/wp-content\\\/uploads\\\/2019\\\/05\\\/ufc_documentario.jpg\",\"keywords\":[\"estrat\u00e9gia\",\"marketing\",\"UFC\",\"YouTube\"],\"articleSection\":[\"Not\u00edcias\"],\"inLanguage\":\"pt-BR\",\"potentialAction\":[{\"@type\":\"CommentAction\",\"name\":\"Comment\",\"target\":[\"https:\\\/\\\/www.cidademarketing.com.br\\\/marketing\\\/2019\\\/05\\\/31\\\/ufc-relanca-documentarios-ufc-25-years-in-short-indicado-ao-sports-emmy-awards\\\/#respond\"]}]},{\"@type\":\"WebPage\",\"@id\":\"https:\\\/\\\/www.cidademarketing.com.br\\\/marketing\\\/2019\\\/05\\\/31\\\/ufc-relanca-documentarios-ufc-25-years-in-short-indicado-ao-sports-emmy-awards\\\/\",\"url\":\"https:\\\/\\\/www.cidademarketing.com.br\\\/marketing\\\/2019\\\/05\\\/31\\\/ufc-relanca-documentarios-ufc-25-years-in-short-indicado-ao-sports-emmy-awards\\\/\",\"name\":\"UFC\u00ae relan\u00e7a document\u00e1rios \\\"UFC 25 Years in Short\\\" indicado ao Sports Emmy Awards - CidadeMarketing\",\"isPartOf\":{\"@id\":\"https:\\\/\\\/www.cidademarketing.com.br\\\/marketing\\\/#website\"},\"primaryImageOfPage\":{\"@id\":\"https:\\\/\\\/www.cidademarketing.com.br\\\/marketing\\\/2019\\\/05\\\/31\\\/ufc-relanca-documentarios-ufc-25-years-in-short-indicado-ao-sports-emmy-awards\\\/#primaryimage\"},\"image\":{\"@id\":\"https:\\\/\\\/www.cidademarketing.com.br\\\/marketing\\\/2019\\\/05\\\/31\\\/ufc-relanca-documentarios-ufc-25-years-in-short-indicado-ao-sports-emmy-awards\\\/#primaryimage\"},\"thumbnailUrl\":\"https:\\\/\\\/www.cidademarketing.com.br\\\/marketing\\\/wp-content\\\/uploads\\\/2019\\\/05\\\/ufc_documentario.jpg\",\"datePublished\":\"2019-05-31T00:40:54+00:00\",\"dateModified\":\"2019-05-31T00:40:57+00:00\",\"breadcrumb\":{\"@id\":\"https:\\\/\\\/www.cidademarketing.com.br\\\/marketing\\\/2019\\\/05\\\/31\\\/ufc-relanca-documentarios-ufc-25-years-in-short-indicado-ao-sports-emmy-awards\\\/#breadcrumb\"},\"inLanguage\":\"pt-BR\",\"potentialAction\":[{\"@type\":\"ReadAction\",\"target\":[\"https:\\\/\\\/www.cidademarketing.com.br\\\/marketing\\\/2019\\\/05\\\/31\\\/ufc-relanca-documentarios-ufc-25-years-in-short-indicado-ao-sports-emmy-awards\\\/\"]}]},{\"@type\":\"ImageObject\",\"inLanguage\":\"pt-BR\",\"@id\":\"https:\\\/\\\/www.cidademarketing.com.br\\\/marketing\\\/2019\\\/05\\\/31\\\/ufc-relanca-documentarios-ufc-25-years-in-short-indicado-ao-sports-emmy-awards\\\/#primaryimage\",\"url\":\"https:\\\/\\\/www.cidademarketing.com.br\\\/marketing\\\/wp-content\\\/uploads\\\/2019\\\/05\\\/ufc_documentario.jpg\",\"contentUrl\":\"https:\\\/\\\/www.cidademarketing.com.br\\\/marketing\\\/wp-content\\\/uploads\\\/2019\\\/05\\\/ufc_documentario.jpg\",\"width\":1178,\"height\":609,\"caption\":\"Reprodu\u00e7\u00e3o\"},{\"@type\":\"BreadcrumbList\",\"@id\":\"https:\\\/\\\/www.cidademarketing.com.br\\\/marketing\\\/2019\\\/05\\\/31\\\/ufc-relanca-documentarios-ufc-25-years-in-short-indicado-ao-sports-emmy-awards\\\/#breadcrumb\",\"itemListElement\":[{\"@type\":\"ListItem\",\"position\":1,\"name\":\"In\u00edcio\",\"item\":\"https:\\\/\\\/www.cidademarketing.com.br\\\/marketing\\\/\"},{\"@type\":\"ListItem\",\"position\":2,\"name\":\"UFC\u00ae relan\u00e7a document\u00e1rios &#8220;UFC 25 Years in Short&#8221; indicado ao Sports Emmy Awards\"}]},{\"@type\":\"WebSite\",\"@id\":\"https:\\\/\\\/www.cidademarketing.com.br\\\/marketing\\\/#website\",\"url\":\"https:\\\/\\\/www.cidademarketing.com.br\\\/marketing\\\/\",\"name\":\"CidadeMarketing\",\"description\":\"Somos um ve\u00edculo de comunica\u00e7\u00e3o de destaque no Brasil, reconhecido por conte\u00fados nos segmentos de marketing, empreendedorismo e inova\u00e7\u00e3o.\",\"publisher\":{\"@id\":\"https:\\\/\\\/www.cidademarketing.com.br\\\/marketing\\\/#organization\"},\"alternateName\":\"CidadeMarketing\",\"potentialAction\":[{\"@type\":\"SearchAction\",\"target\":{\"@type\":\"EntryPoint\",\"urlTemplate\":\"https:\\\/\\\/www.cidademarketing.com.br\\\/marketing\\\/?s={search_term_string}\"},\"query-input\":{\"@type\":\"PropertyValueSpecification\",\"valueRequired\":true,\"valueName\":\"search_term_string\"}}],\"inLanguage\":\"pt-BR\"},{\"@type\":\"Organization\",\"@id\":\"https:\\\/\\\/www.cidademarketing.com.br\\\/marketing\\\/#organization\",\"name\":\"CidadeMarketing\",\"alternateName\":\"CidadeMarketing\",\"url\":\"https:\\\/\\\/www.cidademarketing.com.br\\\/marketing\\\/\",\"logo\":{\"@type\":\"ImageObject\",\"inLanguage\":\"pt-BR\",\"@id\":\"https:\\\/\\\/www.cidademarketing.com.br\\\/marketing\\\/#\\\/schema\\\/logo\\\/image\\\/\",\"url\":\"https:\\\/\\\/www.cidademarketing.com.br\\\/marketing\\\/wp-content\\\/uploads\\\/2020\\\/01\\\/cidademarketing_marca_mobile.png\",\"contentUrl\":\"https:\\\/\\\/www.cidademarketing.com.br\\\/marketing\\\/wp-content\\\/uploads\\\/2020\\\/01\\\/cidademarketing_marca_mobile.png\",\"width\":230,\"height\":92,\"caption\":\"CidadeMarketing\"},\"image\":{\"@id\":\"https:\\\/\\\/www.cidademarketing.com.br\\\/marketing\\\/#\\\/schema\\\/logo\\\/image\\\/\"},\"sameAs\":[\"https:\\\/\\\/www.facebook.com\\\/portalcidademarketing\",\"https:\\\/\\\/x.com\\\/CidadeMarketing\",\"https:\\\/\\\/www.instagram.com\\\/cidademarketing\\\/\"]},{\"@type\":\"Person\",\"@id\":\"https:\\\/\\\/www.cidademarketing.com.br\\\/marketing\\\/#\\\/schema\\\/person\\\/02daff9f18bd9378c9e01eb6b2db155f\",\"name\":\"Thales Brand\u00e3o\",\"image\":{\"@type\":\"ImageObject\",\"inLanguage\":\"pt-BR\",\"@id\":\"https:\\\/\\\/secure.gravatar.com\\\/avatar\\\/7ca3206950207cc3cb48feec56a8a7898741ab725c368d99d5d7a5a50aab80c6?s=96&d=mm&r=g\",\"url\":\"https:\\\/\\\/secure.gravatar.com\\\/avatar\\\/7ca3206950207cc3cb48feec56a8a7898741ab725c368d99d5d7a5a50aab80c6?s=96&d=mm&r=g\",\"contentUrl\":\"https:\\\/\\\/secure.gravatar.com\\\/avatar\\\/7ca3206950207cc3cb48feec56a8a7898741ab725c368d99d5d7a5a50aab80c6?s=96&d=mm&r=g\",\"caption\":\"Thales Brand\u00e3o\"},\"description\":\"Editor Executivo do Portal CidadeMarketing.com.br &gt; Mestre em Comunica\u00e7\u00e3o e Sociedade pela Universidade Federal de Sergipe. Possui MBA Executivo em Administra\u00e7\u00e3o com \u00eanfase em Marketing pela Funda\u00e7\u00e3o Get\u00falio Vargas - Rio de Janeiro. Consultor, Palestrante e Pesquisador sobre Empreendedorismo, Marketing, Redes Sociais e Neg\u00f3cios Digitais. Professor, Palestrante TedxTalks e Campus Party. Twitter: @ThalesBrandao\",\"sameAs\":[\"http:\\\/\\\/www.mandacaru.com.br\",\"https:\\\/\\\/www.facebook.com\\\/thalesbrandao\",\"http:\\\/\\\/www.instagram.com.br\\\/thalesbrandaoferreira\",\"https:\\\/\\\/www.linkedin.com\\\/in\\\/thales-brand\u00e3o-3948609\\\/\",\"https:\\\/\\\/x.com\\\/http:\\\/\\\/www.twitter.com\\\/thalesbrandao\"],\"url\":\"https:\\\/\\\/www.cidademarketing.com.br\\\/marketing\\\/author\\\/thalesbrandao\\\/\"}]}<\/script>\n<!-- \/ Yoast SEO plugin. -->","yoast_head_json":{"title":"UFC\u00ae relan\u00e7a document\u00e1rios \"UFC 25 Years in Short\" indicado ao Sports Emmy Awards - CidadeMarketing","robots":{"index":"index","follow":"follow","max-snippet":"max-snippet:-1","max-image-preview":"max-image-preview:large","max-video-preview":"max-video-preview:-1"},"canonical":"https:\/\/www.cidademarketing.com.br\/marketing\/2019\/05\/31\/ufc-relanca-documentarios-ufc-25-years-in-short-indicado-ao-sports-emmy-awards\/","og_locale":"pt_BR","og_type":"article","og_title":"UFC\u00ae relan\u00e7a document\u00e1rios \"UFC 25 Years in Short\" indicado ao Sports Emmy Awards - CidadeMarketing","og_description":"O UFC\u00ae, maior organiza\u00e7\u00e3o de MMA do mundo, anunciou o relan\u00e7amento do UFC 25 Years in Short. A s\u00e9rie de document\u00e1rios, que foi recentemente indicada ao Sports Emmy Awards, est\u00e1 dispon\u00edvel na \u00edntegra no YouTube do UFC Brasil. O conjunto de curtas, criado para celebrar os 25 anos do UFC em 2018, apresenta 25 hist\u00f3rias [&hellip;]","og_url":"https:\/\/www.cidademarketing.com.br\/marketing\/2019\/05\/31\/ufc-relanca-documentarios-ufc-25-years-in-short-indicado-ao-sports-emmy-awards\/","og_site_name":"CidadeMarketing","article_publisher":"https:\/\/www.facebook.com\/portalcidademarketing","article_author":"https:\/\/www.facebook.com\/thalesbrandao","article_published_time":"2019-05-31T00:40:54+00:00","article_modified_time":"2019-05-31T00:40:57+00:00","og_image":[{"width":1178,"height":609,"url":"https:\/\/www.cidademarketing.com.br\/marketing\/wp-content\/uploads\/2019\/05\/ufc_documentario.jpg","type":"image\/jpeg"}],"author":"Thales Brand\u00e3o","twitter_card":"summary_large_image","twitter_creator":"@http:\/\/www.twitter.com\/thalesbrandao","twitter_site":"@CidadeMarketing","twitter_misc":{"Escrito por":"Thales Brand\u00e3o","Est. tempo de leitura":"8 minutos"},"schema":{"@context":"https:\/\/schema.org","@graph":[{"@type":"Article","@id":"https:\/\/www.cidademarketing.com.br\/marketing\/2019\/05\/31\/ufc-relanca-documentarios-ufc-25-years-in-short-indicado-ao-sports-emmy-awards\/#article","isPartOf":{"@id":"https:\/\/www.cidademarketing.com.br\/marketing\/2019\/05\/31\/ufc-relanca-documentarios-ufc-25-years-in-short-indicado-ao-sports-emmy-awards\/"},"author":{"name":"Thales Brand\u00e3o","@id":"https:\/\/www.cidademarketing.com.br\/marketing\/#\/schema\/person\/02daff9f18bd9378c9e01eb6b2db155f"},"headline":"UFC\u00ae relan\u00e7a document\u00e1rios &#8220;UFC 25 Years in Short&#8221; indicado ao Sports Emmy Awards","datePublished":"2019-05-31T00:40:54+00:00","dateModified":"2019-05-31T00:40:57+00:00","mainEntityOfPage":{"@id":"https:\/\/www.cidademarketing.com.br\/marketing\/2019\/05\/31\/ufc-relanca-documentarios-ufc-25-years-in-short-indicado-ao-sports-emmy-awards\/"},"wordCount":1593,"commentCount":0,"publisher":{"@id":"https:\/\/www.cidademarketing.com.br\/marketing\/#organization"},"image":{"@id":"https:\/\/www.cidademarketing.com.br\/marketing\/2019\/05\/31\/ufc-relanca-documentarios-ufc-25-years-in-short-indicado-ao-sports-emmy-awards\/#primaryimage"},"thumbnailUrl":"https:\/\/www.cidademarketing.com.br\/marketing\/wp-content\/uploads\/2019\/05\/ufc_documentario.jpg","keywords":["estrat\u00e9gia","marketing","UFC","YouTube"],"articleSection":["Not\u00edcias"],"inLanguage":"pt-BR","potentialAction":[{"@type":"CommentAction","name":"Comment","target":["https:\/\/www.cidademarketing.com.br\/marketing\/2019\/05\/31\/ufc-relanca-documentarios-ufc-25-years-in-short-indicado-ao-sports-emmy-awards\/#respond"]}]},{"@type":"WebPage","@id":"https:\/\/www.cidademarketing.com.br\/marketing\/2019\/05\/31\/ufc-relanca-documentarios-ufc-25-years-in-short-indicado-ao-sports-emmy-awards\/","url":"https:\/\/www.cidademarketing.com.br\/marketing\/2019\/05\/31\/ufc-relanca-documentarios-ufc-25-years-in-short-indicado-ao-sports-emmy-awards\/","name":"UFC\u00ae relan\u00e7a document\u00e1rios \"UFC 25 Years in Short\" indicado ao Sports Emmy Awards - CidadeMarketing","isPartOf":{"@id":"https:\/\/www.cidademarketing.com.br\/marketing\/#website"},"primaryImageOfPage":{"@id":"https:\/\/www.cidademarketing.com.br\/marketing\/2019\/05\/31\/ufc-relanca-documentarios-ufc-25-years-in-short-indicado-ao-sports-emmy-awards\/#primaryimage"},"image":{"@id":"https:\/\/www.cidademarketing.com.br\/marketing\/2019\/05\/31\/ufc-relanca-documentarios-ufc-25-years-in-short-indicado-ao-sports-emmy-awards\/#primaryimage"},"thumbnailUrl":"https:\/\/www.cidademarketing.com.br\/marketing\/wp-content\/uploads\/2019\/05\/ufc_documentario.jpg","datePublished":"2019-05-31T00:40:54+00:00","dateModified":"2019-05-31T00:40:57+00:00","breadcrumb":{"@id":"https:\/\/www.cidademarketing.com.br\/marketing\/2019\/05\/31\/ufc-relanca-documentarios-ufc-25-years-in-short-indicado-ao-sports-emmy-awards\/#breadcrumb"},"inLanguage":"pt-BR","potentialAction":[{"@type":"ReadAction","target":["https:\/\/www.cidademarketing.com.br\/marketing\/2019\/05\/31\/ufc-relanca-documentarios-ufc-25-years-in-short-indicado-ao-sports-emmy-awards\/"]}]},{"@type":"ImageObject","inLanguage":"pt-BR","@id":"https:\/\/www.cidademarketing.com.br\/marketing\/2019\/05\/31\/ufc-relanca-documentarios-ufc-25-years-in-short-indicado-ao-sports-emmy-awards\/#primaryimage","url":"https:\/\/www.cidademarketing.com.br\/marketing\/wp-content\/uploads\/2019\/05\/ufc_documentario.jpg","contentUrl":"https:\/\/www.cidademarketing.com.br\/marketing\/wp-content\/uploads\/2019\/05\/ufc_documentario.jpg","width":1178,"height":609,"caption":"Reprodu\u00e7\u00e3o"},{"@type":"BreadcrumbList","@id":"https:\/\/www.cidademarketing.com.br\/marketing\/2019\/05\/31\/ufc-relanca-documentarios-ufc-25-years-in-short-indicado-ao-sports-emmy-awards\/#breadcrumb","itemListElement":[{"@type":"ListItem","position":1,"name":"In\u00edcio","item":"https:\/\/www.cidademarketing.com.br\/marketing\/"},{"@type":"ListItem","position":2,"name":"UFC\u00ae relan\u00e7a document\u00e1rios &#8220;UFC 25 Years in Short&#8221; indicado ao Sports Emmy Awards"}]},{"@type":"WebSite","@id":"https:\/\/www.cidademarketing.com.br\/marketing\/#website","url":"https:\/\/www.cidademarketing.com.br\/marketing\/","name":"CidadeMarketing","description":"Somos um ve\u00edculo de comunica\u00e7\u00e3o de destaque no Brasil, reconhecido por conte\u00fados nos segmentos de marketing, empreendedorismo e inova\u00e7\u00e3o.","publisher":{"@id":"https:\/\/www.cidademarketing.com.br\/marketing\/#organization"},"alternateName":"CidadeMarketing","potentialAction":[{"@type":"SearchAction","target":{"@type":"EntryPoint","urlTemplate":"https:\/\/www.cidademarketing.com.br\/marketing\/?s={search_term_string}"},"query-input":{"@type":"PropertyValueSpecification","valueRequired":true,"valueName":"search_term_string"}}],"inLanguage":"pt-BR"},{"@type":"Organization","@id":"https:\/\/www.cidademarketing.com.br\/marketing\/#organization","name":"CidadeMarketing","alternateName":"CidadeMarketing","url":"https:\/\/www.cidademarketing.com.br\/marketing\/","logo":{"@type":"ImageObject","inLanguage":"pt-BR","@id":"https:\/\/www.cidademarketing.com.br\/marketing\/#\/schema\/logo\/image\/","url":"https:\/\/www.cidademarketing.com.br\/marketing\/wp-content\/uploads\/2020\/01\/cidademarketing_marca_mobile.png","contentUrl":"https:\/\/www.cidademarketing.com.br\/marketing\/wp-content\/uploads\/2020\/01\/cidademarketing_marca_mobile.png","width":230,"height":92,"caption":"CidadeMarketing"},"image":{"@id":"https:\/\/www.cidademarketing.com.br\/marketing\/#\/schema\/logo\/image\/"},"sameAs":["https:\/\/www.facebook.com\/portalcidademarketing","https:\/\/x.com\/CidadeMarketing","https:\/\/www.instagram.com\/cidademarketing\/"]},{"@type":"Person","@id":"https:\/\/www.cidademarketing.com.br\/marketing\/#\/schema\/person\/02daff9f18bd9378c9e01eb6b2db155f","name":"Thales Brand\u00e3o","image":{"@type":"ImageObject","inLanguage":"pt-BR","@id":"https:\/\/secure.gravatar.com\/avatar\/7ca3206950207cc3cb48feec56a8a7898741ab725c368d99d5d7a5a50aab80c6?s=96&d=mm&r=g","url":"https:\/\/secure.gravatar.com\/avatar\/7ca3206950207cc3cb48feec56a8a7898741ab725c368d99d5d7a5a50aab80c6?s=96&d=mm&r=g","contentUrl":"https:\/\/secure.gravatar.com\/avatar\/7ca3206950207cc3cb48feec56a8a7898741ab725c368d99d5d7a5a50aab80c6?s=96&d=mm&r=g","caption":"Thales Brand\u00e3o"},"description":"Editor Executivo do Portal CidadeMarketing.com.br &gt; Mestre em Comunica\u00e7\u00e3o e Sociedade pela Universidade Federal de Sergipe. Possui MBA Executivo em Administra\u00e7\u00e3o com \u00eanfase em Marketing pela Funda\u00e7\u00e3o Get\u00falio Vargas - Rio de Janeiro. Consultor, Palestrante e Pesquisador sobre Empreendedorismo, Marketing, Redes Sociais e Neg\u00f3cios Digitais. Professor, Palestrante TedxTalks e Campus Party. Twitter: @ThalesBrandao","sameAs":["http:\/\/www.mandacaru.com.br","https:\/\/www.facebook.com\/thalesbrandao","http:\/\/www.instagram.com.br\/thalesbrandaoferreira","https:\/\/www.linkedin.com\/in\/thales-brand\u00e3o-3948609\/","https:\/\/x.com\/http:\/\/www.twitter.com\/thalesbrandao"],"url":"https:\/\/www.cidademarketing.com.br\/marketing\/author\/thalesbrandao\/"}]}},"amp_enabled":true,"_links":{"self":[{"href":"https:\/\/www.cidademarketing.com.br\/marketing\/wp-json\/wp\/v2\/posts\/8672","targetHints":{"allow":["GET"]}}],"collection":[{"href":"https:\/\/www.cidademarketing.com.br\/marketing\/wp-json\/wp\/v2\/posts"}],"about":[{"href":"https:\/\/www.cidademarketing.com.br\/marketing\/wp-json\/wp\/v2\/types\/post"}],"author":[{"embeddable":true,"href":"https:\/\/www.cidademarketing.com.br\/marketing\/wp-json\/wp\/v2\/users\/1"}],"replies":[{"embeddable":true,"href":"https:\/\/www.cidademarketing.com.br\/marketing\/wp-json\/wp\/v2\/comments?post=8672"}],"version-history":[{"count":1,"href":"https:\/\/www.cidademarketing.com.br\/marketing\/wp-json\/wp\/v2\/posts\/8672\/revisions"}],"predecessor-version":[{"id":8674,"href":"https:\/\/www.cidademarketing.com.br\/marketing\/wp-json\/wp\/v2\/posts\/8672\/revisions\/8674"}],"wp:featuredmedia":[{"embeddable":true,"href":"https:\/\/www.cidademarketing.com.br\/marketing\/wp-json\/wp\/v2\/media\/8673"}],"wp:attachment":[{"href":"https:\/\/www.cidademarketing.com.br\/marketing\/wp-json\/wp\/v2\/media?parent=8672"}],"wp:term":[{"taxonomy":"category","embeddable":true,"href":"https:\/\/www.cidademarketing.com.br\/marketing\/wp-json\/wp\/v2\/categories?post=8672"},{"taxonomy":"post_tag","embeddable":true,"href":"https:\/\/www.cidademarketing.com.br\/marketing\/wp-json\/wp\/v2\/tags?post=8672"}],"curies":[{"name":"wp","href":"https:\/\/api.w.org\/{rel}","templated":true}]}}