{"id":8649,"date":"2019-05-30T19:30:11","date_gmt":"2019-05-30T15:30:11","guid":{"rendered":"http:\/\/www.cidademarketing.com.br\/marketing\/?p=8649"},"modified":"2019-05-30T19:30:15","modified_gmt":"2019-05-30T15:30:15","slug":"senado-federal-aprova-projeto-que-obriga-alerta-em-rotulos-sobre-sodio-acucar-e-gordura","status":"publish","type":"post","link":"https:\/\/www.cidademarketing.com.br\/marketing\/2019\/05\/30\/senado-federal-aprova-projeto-que-obriga-alerta-em-rotulos-sobre-sodio-acucar-e-gordura\/","title":{"rendered":"Senado Federal aprova projeto que obriga alerta em r\u00f3tulos sobre s\u00f3dio, a\u00e7\u00facar e gordura"},"content":{"rendered":"\n<p>A Comiss\u00e3o de Assuntos Sociais (CAS) aprovou, nesta quarta-feira (29), o Projeto de Lei (PL) <a href=\"http:\/\/www25.senado.leg.br\/web\/atividade\/materias\/-\/materia\/136350\" target=\"_blank\" rel=\"noreferrer noopener\" aria-label=\" (abre numa nova aba)\">2.313\/2019<\/a>, que inclui o indicativo da composi\u00e7\u00e3o nutricional na embalagem de produtos com teores elevados de a\u00e7\u00facar, s\u00f3dio e gorduras. A proposta foi apresentada pelo senador Jorge Kajuru (PSB-GO) e tem parecer favor\u00e1vel, com emenda, do relator, o senador Rom\u00e1rio (Pode-RJ).<\/p>\n\n\n\n<p>\u201cO modelo de rotulagem nutricional utilizado no Brasil n\u00e3o cumpre sua finalidade. As informa\u00e7\u00f5es apresentadas s\u00e3o de dif\u00edcil compreens\u00e3o, al\u00e9m de estarem localizadas na parte de tr\u00e1s da embalagem, praticamente escondidas do consumidor\u201d, ressaltou Kajuru.<\/p>\n\n\n\n<p>O projeto altera o <a href=\"http:\/\/www.planalto.gov.br\/ccivil_03\/decreto-lei\/del0986.htm\" target=\"_blank\" rel=\"noreferrer noopener\" aria-label=\" (abre numa nova aba)\">Decreto-Lei 986, de 1969<\/a>, para estabelecer que as mensagens de advert\u00eancia dever\u00e3o ser claras, destacadas, leg\u00edveis e de f\u00e1cil compreens\u00e3o, impressas na parte frontal da embalagem. Ficam isentos da regulamenta\u00e7\u00e3o produtos cujos teores de s\u00f3dio, a\u00e7\u00facar e gorduras sejam intr\u00ednsecos ao alimento: aditivos alimentares e coadjuvantes de tecnologias (fermentos, catalizadores, enzimas etc. usados na fabrica\u00e7\u00e3o e regulados pela vigil\u00e2ncia sanit\u00e1ria); hortali\u00e7as, sucos de frutas; nozes, castanhas e sementes; carnes e pescados\u00a0in natura,\u00a0refrigerados e congelados; leites, iogurtes e queijos; leguminosas; azeites, \u00f3leos vegetais e \u00f3leos de peixe.<\/p>\n\n\n\n<p>Ao recomendar a aprova\u00e7\u00e3o do PL 2.313\/2019, Rom\u00e1rio considerou importante regular a rotulagem dos alimentos em lei, visto que a ind\u00fastria frequentemente questiona na Justi\u00e7a a validade dos atos institu\u00eddos pela Ag\u00eancia Nacional de Vigil\u00e2ncia Sanit\u00e1ria (Anvisa) a esse respeito, \u201cmuitas vezes para obter efeito procrastinador\u201d.<\/p>\n\n\n\n<p>Rom\u00e1rio promoveu ajustes de reda\u00e7\u00e3o no texto original. Al\u00e9m de remeter \u00e0 regulamenta\u00e7\u00e3o a defini\u00e7\u00e3o de conte\u00fado, forma, tamanho, sinaliza\u00e7\u00e3o, desenhos, propor\u00e7\u00f5es, cores e outras caracter\u00edsticas desses alertas, o senador ressalvou que os limites que caracterizam teores elevados de a\u00e7\u00facar, s\u00f3dio e gorduras nos alimentos ser\u00e3o definidos com base em evid\u00eancias cient\u00edficas ou por recomenda\u00e7\u00e3o de organismos internacionais das \u00e1reas de nutri\u00e7\u00e3o e sa\u00fade.<\/p>\n\n\n\n<p>Durante a discuss\u00e3o da mat\u00e9ria, o senador Marcelo Castro (MDB-PI) parabenizou a iniciativa, ressaltando que o assunto tem atra\u00eddo a aten\u00e7\u00e3o de pessoas em todo o mundo. Ele frisou que a alimenta\u00e7\u00e3o moderna, baseada em produtos ultraprocessados, tem aumentado os \u00edndices de obesidade e doen\u00e7as associadas: hipertens\u00e3o, diabetes e taxas de triglicer\u00eddeos, por exemplo.<\/p>\n\n\n\n<p>\u2014 A alimenta\u00e7\u00e3o saud\u00e1vel deve ser a mesma que era a das nossas av\u00f3s, mais natural poss\u00edvel e menos processada \u2014 sugeriu.<\/p>\n\n\n\n<p>J\u00e1 o senador Rog\u00e9rio Carvalho (PT-SE) ressaltou a import\u00e2ncia do sono de qualidade, da alimenta\u00e7\u00e3o menos industrializada e da pr\u00e1tica de atividades f\u00edsicas para a melhoria da qualidade de vida da popula\u00e7\u00e3o.<\/p>\n\n\n\n<p>\u2014 Todas as medidas que pudermos aprovar para estabelecer limites no processo de industrializa\u00e7\u00e3o dos alimentos e de informa\u00e7\u00e3o s\u00e3o fundamentais, porque a a\u00e7\u00e3o coletiva \u00e9 incalcul\u00e1vel do ponto de vista da sa\u00fade p\u00fablica \u2014 destacou.<\/p>\n\n\n\n<p>O PL 2.313\/2019 segue para vota\u00e7\u00e3o final na Comiss\u00e3o de Transpar\u00eancia, Governan\u00e7a, Fiscaliza\u00e7\u00e3o e Controle e Defesa do Consumidor (CTFC). Se o projeto for aprovado, os produtos fabricados at\u00e9 o in\u00edcio da vig\u00eancia da futura lei poder\u00e3o ser comercializados at\u00e9 o final do prazo de validade.<\/p>\n\n\n\n<p>CidadeMarketing com informa\u00e7\u00f5es do Senado Federal.<\/p>\n","protected":false},"excerpt":{"rendered":"<p>A Comiss\u00e3o de Assuntos Sociais (CAS) aprovou, nesta quarta-feira (29), o Projeto de Lei (PL) 2.313\/2019, que inclui o indicativo da composi\u00e7\u00e3o nutricional na embalagem de produtos com teores elevados de a\u00e7\u00facar, s\u00f3dio e gorduras. A proposta foi apresentada pelo senador Jorge Kajuru (PSB-GO) e tem parecer favor\u00e1vel, com emenda, do relator, o senador Rom\u00e1rio [&hellip;]<\/p>\n","protected":false},"author":1,"featured_media":8650,"comment_status":"open","ping_status":"open","sticky":false,"template":"","format":"standard","meta":{"tdm_status":"","tdm_grid_status":"","footnotes":""},"categories":[6],"tags":[223,225,709,28,1912],"class_list":["post-8649","post","type-post","status-publish","format-standard","has-post-thumbnail","hentry","category-noticias","tag-design","tag-embalagem","tag-identidade-visual","tag-marketing","tag-senado-federal"],"yoast_head":"<!-- This site is optimized with the Yoast SEO plugin v27.5 - https:\/\/yoast.com\/product\/yoast-seo-wordpress\/ -->\n<title>Senado Federal aprova projeto que obriga alerta em r\u00f3tulos sobre s\u00f3dio, a\u00e7\u00facar e gordura - CidadeMarketing<\/title>\n<meta name=\"robots\" content=\"index, follow, max-snippet:-1, max-image-preview:large, max-video-preview:-1\" \/>\n<link rel=\"canonical\" href=\"https:\/\/www.cidademarketing.com.br\/marketing\/2019\/05\/30\/senado-federal-aprova-projeto-que-obriga-alerta-em-rotulos-sobre-sodio-acucar-e-gordura\/\" \/>\n<meta property=\"og:locale\" content=\"pt_BR\" \/>\n<meta property=\"og:type\" content=\"article\" \/>\n<meta property=\"og:title\" content=\"Senado Federal aprova projeto que obriga alerta em r\u00f3tulos sobre s\u00f3dio, a\u00e7\u00facar e gordura - CidadeMarketing\" \/>\n<meta property=\"og:description\" content=\"A Comiss\u00e3o de Assuntos Sociais (CAS) aprovou, nesta quarta-feira (29), o Projeto de Lei (PL) 2.313\/2019, que inclui o indicativo da composi\u00e7\u00e3o nutricional na embalagem de produtos com teores elevados de a\u00e7\u00facar, s\u00f3dio e gorduras. A proposta foi apresentada pelo senador Jorge Kajuru (PSB-GO) e tem parecer favor\u00e1vel, com emenda, do relator, o senador Rom\u00e1rio [&hellip;]\" \/>\n<meta property=\"og:url\" content=\"https:\/\/www.cidademarketing.com.br\/marketing\/2019\/05\/30\/senado-federal-aprova-projeto-que-obriga-alerta-em-rotulos-sobre-sodio-acucar-e-gordura\/\" \/>\n<meta property=\"og:site_name\" content=\"CidadeMarketing\" \/>\n<meta property=\"article:publisher\" content=\"https:\/\/www.facebook.com\/portalcidademarketing\" \/>\n<meta property=\"article:author\" content=\"https:\/\/www.facebook.com\/thalesbrandao\" \/>\n<meta property=\"article:published_time\" content=\"2019-05-30T15:30:11+00:00\" \/>\n<meta property=\"article:modified_time\" content=\"2019-05-30T15:30:15+00:00\" \/>\n<meta property=\"og:image\" content=\"https:\/\/www.cidademarketing.com.br\/marketing\/wp-content\/uploads\/2019\/05\/alimentos_embalagem.jpg\" \/>\n\t<meta property=\"og:image:width\" content=\"1200\" \/>\n\t<meta property=\"og:image:height\" content=\"799\" \/>\n\t<meta property=\"og:image:type\" content=\"image\/jpeg\" \/>\n<meta name=\"author\" content=\"Thales Brand\u00e3o\" \/>\n<meta name=\"twitter:card\" content=\"summary_large_image\" \/>\n<meta name=\"twitter:creator\" content=\"@http:\/\/www.twitter.com\/thalesbrandao\" \/>\n<meta name=\"twitter:site\" content=\"@CidadeMarketing\" \/>\n<meta name=\"twitter:label1\" content=\"Escrito por\" \/>\n\t<meta name=\"twitter:data1\" content=\"Thales Brand\u00e3o\" \/>\n\t<meta name=\"twitter:label2\" content=\"Est. tempo de leitura\" \/>\n\t<meta name=\"twitter:data2\" content=\"3 minutos\" \/>\n<script type=\"application\/ld+json\" class=\"yoast-schema-graph\">{\"@context\":\"https:\\\/\\\/schema.org\",\"@graph\":[{\"@type\":\"Article\",\"@id\":\"https:\\\/\\\/www.cidademarketing.com.br\\\/marketing\\\/2019\\\/05\\\/30\\\/senado-federal-aprova-projeto-que-obriga-alerta-em-rotulos-sobre-sodio-acucar-e-gordura\\\/#article\",\"isPartOf\":{\"@id\":\"https:\\\/\\\/www.cidademarketing.com.br\\\/marketing\\\/2019\\\/05\\\/30\\\/senado-federal-aprova-projeto-que-obriga-alerta-em-rotulos-sobre-sodio-acucar-e-gordura\\\/\"},\"author\":{\"name\":\"Thales Brand\u00e3o\",\"@id\":\"https:\\\/\\\/www.cidademarketing.com.br\\\/marketing\\\/#\\\/schema\\\/person\\\/02daff9f18bd9378c9e01eb6b2db155f\"},\"headline\":\"Senado Federal aprova projeto que obriga alerta em r\u00f3tulos sobre s\u00f3dio, a\u00e7\u00facar e gordura\",\"datePublished\":\"2019-05-30T15:30:11+00:00\",\"dateModified\":\"2019-05-30T15:30:15+00:00\",\"mainEntityOfPage\":{\"@id\":\"https:\\\/\\\/www.cidademarketing.com.br\\\/marketing\\\/2019\\\/05\\\/30\\\/senado-federal-aprova-projeto-que-obriga-alerta-em-rotulos-sobre-sodio-acucar-e-gordura\\\/\"},\"wordCount\":579,\"commentCount\":0,\"publisher\":{\"@id\":\"https:\\\/\\\/www.cidademarketing.com.br\\\/marketing\\\/#organization\"},\"image\":{\"@id\":\"https:\\\/\\\/www.cidademarketing.com.br\\\/marketing\\\/2019\\\/05\\\/30\\\/senado-federal-aprova-projeto-que-obriga-alerta-em-rotulos-sobre-sodio-acucar-e-gordura\\\/#primaryimage\"},\"thumbnailUrl\":\"https:\\\/\\\/www.cidademarketing.com.br\\\/marketing\\\/wp-content\\\/uploads\\\/2019\\\/05\\\/alimentos_embalagem.jpg\",\"keywords\":[\"design\",\"embalagem\",\"identidade visual\",\"marketing\",\"Senado Federal\"],\"articleSection\":[\"Not\u00edcias\"],\"inLanguage\":\"pt-BR\",\"potentialAction\":[{\"@type\":\"CommentAction\",\"name\":\"Comment\",\"target\":[\"https:\\\/\\\/www.cidademarketing.com.br\\\/marketing\\\/2019\\\/05\\\/30\\\/senado-federal-aprova-projeto-que-obriga-alerta-em-rotulos-sobre-sodio-acucar-e-gordura\\\/#respond\"]}]},{\"@type\":\"WebPage\",\"@id\":\"https:\\\/\\\/www.cidademarketing.com.br\\\/marketing\\\/2019\\\/05\\\/30\\\/senado-federal-aprova-projeto-que-obriga-alerta-em-rotulos-sobre-sodio-acucar-e-gordura\\\/\",\"url\":\"https:\\\/\\\/www.cidademarketing.com.br\\\/marketing\\\/2019\\\/05\\\/30\\\/senado-federal-aprova-projeto-que-obriga-alerta-em-rotulos-sobre-sodio-acucar-e-gordura\\\/\",\"name\":\"Senado Federal aprova projeto que obriga alerta em r\u00f3tulos sobre s\u00f3dio, a\u00e7\u00facar e gordura - CidadeMarketing\",\"isPartOf\":{\"@id\":\"https:\\\/\\\/www.cidademarketing.com.br\\\/marketing\\\/#website\"},\"primaryImageOfPage\":{\"@id\":\"https:\\\/\\\/www.cidademarketing.com.br\\\/marketing\\\/2019\\\/05\\\/30\\\/senado-federal-aprova-projeto-que-obriga-alerta-em-rotulos-sobre-sodio-acucar-e-gordura\\\/#primaryimage\"},\"image\":{\"@id\":\"https:\\\/\\\/www.cidademarketing.com.br\\\/marketing\\\/2019\\\/05\\\/30\\\/senado-federal-aprova-projeto-que-obriga-alerta-em-rotulos-sobre-sodio-acucar-e-gordura\\\/#primaryimage\"},\"thumbnailUrl\":\"https:\\\/\\\/www.cidademarketing.com.br\\\/marketing\\\/wp-content\\\/uploads\\\/2019\\\/05\\\/alimentos_embalagem.jpg\",\"datePublished\":\"2019-05-30T15:30:11+00:00\",\"dateModified\":\"2019-05-30T15:30:15+00:00\",\"breadcrumb\":{\"@id\":\"https:\\\/\\\/www.cidademarketing.com.br\\\/marketing\\\/2019\\\/05\\\/30\\\/senado-federal-aprova-projeto-que-obriga-alerta-em-rotulos-sobre-sodio-acucar-e-gordura\\\/#breadcrumb\"},\"inLanguage\":\"pt-BR\",\"potentialAction\":[{\"@type\":\"ReadAction\",\"target\":[\"https:\\\/\\\/www.cidademarketing.com.br\\\/marketing\\\/2019\\\/05\\\/30\\\/senado-federal-aprova-projeto-que-obriga-alerta-em-rotulos-sobre-sodio-acucar-e-gordura\\\/\"]}]},{\"@type\":\"ImageObject\",\"inLanguage\":\"pt-BR\",\"@id\":\"https:\\\/\\\/www.cidademarketing.com.br\\\/marketing\\\/2019\\\/05\\\/30\\\/senado-federal-aprova-projeto-que-obriga-alerta-em-rotulos-sobre-sodio-acucar-e-gordura\\\/#primaryimage\",\"url\":\"https:\\\/\\\/www.cidademarketing.com.br\\\/marketing\\\/wp-content\\\/uploads\\\/2019\\\/05\\\/alimentos_embalagem.jpg\",\"contentUrl\":\"https:\\\/\\\/www.cidademarketing.com.br\\\/marketing\\\/wp-content\\\/uploads\\\/2019\\\/05\\\/alimentos_embalagem.jpg\",\"width\":1200,\"height\":799,\"caption\":\"Divulga\u00e7\u00e3o\"},{\"@type\":\"BreadcrumbList\",\"@id\":\"https:\\\/\\\/www.cidademarketing.com.br\\\/marketing\\\/2019\\\/05\\\/30\\\/senado-federal-aprova-projeto-que-obriga-alerta-em-rotulos-sobre-sodio-acucar-e-gordura\\\/#breadcrumb\",\"itemListElement\":[{\"@type\":\"ListItem\",\"position\":1,\"name\":\"In\u00edcio\",\"item\":\"https:\\\/\\\/www.cidademarketing.com.br\\\/marketing\\\/\"},{\"@type\":\"ListItem\",\"position\":2,\"name\":\"Senado Federal aprova projeto que obriga alerta em r\u00f3tulos sobre s\u00f3dio, a\u00e7\u00facar e gordura\"}]},{\"@type\":\"WebSite\",\"@id\":\"https:\\\/\\\/www.cidademarketing.com.br\\\/marketing\\\/#website\",\"url\":\"https:\\\/\\\/www.cidademarketing.com.br\\\/marketing\\\/\",\"name\":\"CidadeMarketing\",\"description\":\"Somos um ve\u00edculo de comunica\u00e7\u00e3o de destaque no Brasil, reconhecido por conte\u00fados nos segmentos de marketing, empreendedorismo e inova\u00e7\u00e3o.\",\"publisher\":{\"@id\":\"https:\\\/\\\/www.cidademarketing.com.br\\\/marketing\\\/#organization\"},\"alternateName\":\"CidadeMarketing\",\"potentialAction\":[{\"@type\":\"SearchAction\",\"target\":{\"@type\":\"EntryPoint\",\"urlTemplate\":\"https:\\\/\\\/www.cidademarketing.com.br\\\/marketing\\\/?s={search_term_string}\"},\"query-input\":{\"@type\":\"PropertyValueSpecification\",\"valueRequired\":true,\"valueName\":\"search_term_string\"}}],\"inLanguage\":\"pt-BR\"},{\"@type\":\"Organization\",\"@id\":\"https:\\\/\\\/www.cidademarketing.com.br\\\/marketing\\\/#organization\",\"name\":\"CidadeMarketing\",\"alternateName\":\"CidadeMarketing\",\"url\":\"https:\\\/\\\/www.cidademarketing.com.br\\\/marketing\\\/\",\"logo\":{\"@type\":\"ImageObject\",\"inLanguage\":\"pt-BR\",\"@id\":\"https:\\\/\\\/www.cidademarketing.com.br\\\/marketing\\\/#\\\/schema\\\/logo\\\/image\\\/\",\"url\":\"https:\\\/\\\/www.cidademarketing.com.br\\\/marketing\\\/wp-content\\\/uploads\\\/2020\\\/01\\\/cidademarketing_marca_mobile.png\",\"contentUrl\":\"https:\\\/\\\/www.cidademarketing.com.br\\\/marketing\\\/wp-content\\\/uploads\\\/2020\\\/01\\\/cidademarketing_marca_mobile.png\",\"width\":230,\"height\":92,\"caption\":\"CidadeMarketing\"},\"image\":{\"@id\":\"https:\\\/\\\/www.cidademarketing.com.br\\\/marketing\\\/#\\\/schema\\\/logo\\\/image\\\/\"},\"sameAs\":[\"https:\\\/\\\/www.facebook.com\\\/portalcidademarketing\",\"https:\\\/\\\/x.com\\\/CidadeMarketing\",\"https:\\\/\\\/www.instagram.com\\\/cidademarketing\\\/\"]},{\"@type\":\"Person\",\"@id\":\"https:\\\/\\\/www.cidademarketing.com.br\\\/marketing\\\/#\\\/schema\\\/person\\\/02daff9f18bd9378c9e01eb6b2db155f\",\"name\":\"Thales Brand\u00e3o\",\"image\":{\"@type\":\"ImageObject\",\"inLanguage\":\"pt-BR\",\"@id\":\"https:\\\/\\\/secure.gravatar.com\\\/avatar\\\/7ca3206950207cc3cb48feec56a8a7898741ab725c368d99d5d7a5a50aab80c6?s=96&d=mm&r=g\",\"url\":\"https:\\\/\\\/secure.gravatar.com\\\/avatar\\\/7ca3206950207cc3cb48feec56a8a7898741ab725c368d99d5d7a5a50aab80c6?s=96&d=mm&r=g\",\"contentUrl\":\"https:\\\/\\\/secure.gravatar.com\\\/avatar\\\/7ca3206950207cc3cb48feec56a8a7898741ab725c368d99d5d7a5a50aab80c6?s=96&d=mm&r=g\",\"caption\":\"Thales Brand\u00e3o\"},\"description\":\"Editor Executivo do Portal CidadeMarketing.com.br &gt; Mestre em Comunica\u00e7\u00e3o e Sociedade pela Universidade Federal de Sergipe. Possui MBA Executivo em Administra\u00e7\u00e3o com \u00eanfase em Marketing pela Funda\u00e7\u00e3o Get\u00falio Vargas - Rio de Janeiro. Consultor, Palestrante e Pesquisador sobre Empreendedorismo, Marketing, Redes Sociais e Neg\u00f3cios Digitais. Professor, Palestrante TedxTalks e Campus Party. Twitter: @ThalesBrandao\",\"sameAs\":[\"http:\\\/\\\/www.mandacaru.com.br\",\"https:\\\/\\\/www.facebook.com\\\/thalesbrandao\",\"http:\\\/\\\/www.instagram.com.br\\\/thalesbrandaoferreira\",\"https:\\\/\\\/www.linkedin.com\\\/in\\\/thales-brand\u00e3o-3948609\\\/\",\"https:\\\/\\\/x.com\\\/http:\\\/\\\/www.twitter.com\\\/thalesbrandao\"],\"url\":\"https:\\\/\\\/www.cidademarketing.com.br\\\/marketing\\\/author\\\/thalesbrandao\\\/\"}]}<\/script>\n<!-- \/ Yoast SEO plugin. -->","yoast_head_json":{"title":"Senado Federal aprova projeto que obriga alerta em r\u00f3tulos sobre s\u00f3dio, a\u00e7\u00facar e gordura - CidadeMarketing","robots":{"index":"index","follow":"follow","max-snippet":"max-snippet:-1","max-image-preview":"max-image-preview:large","max-video-preview":"max-video-preview:-1"},"canonical":"https:\/\/www.cidademarketing.com.br\/marketing\/2019\/05\/30\/senado-federal-aprova-projeto-que-obriga-alerta-em-rotulos-sobre-sodio-acucar-e-gordura\/","og_locale":"pt_BR","og_type":"article","og_title":"Senado Federal aprova projeto que obriga alerta em r\u00f3tulos sobre s\u00f3dio, a\u00e7\u00facar e gordura - CidadeMarketing","og_description":"A Comiss\u00e3o de Assuntos Sociais (CAS) aprovou, nesta quarta-feira (29), o Projeto de Lei (PL) 2.313\/2019, que inclui o indicativo da composi\u00e7\u00e3o nutricional na embalagem de produtos com teores elevados de a\u00e7\u00facar, s\u00f3dio e gorduras. A proposta foi apresentada pelo senador Jorge Kajuru (PSB-GO) e tem parecer favor\u00e1vel, com emenda, do relator, o senador Rom\u00e1rio [&hellip;]","og_url":"https:\/\/www.cidademarketing.com.br\/marketing\/2019\/05\/30\/senado-federal-aprova-projeto-que-obriga-alerta-em-rotulos-sobre-sodio-acucar-e-gordura\/","og_site_name":"CidadeMarketing","article_publisher":"https:\/\/www.facebook.com\/portalcidademarketing","article_author":"https:\/\/www.facebook.com\/thalesbrandao","article_published_time":"2019-05-30T15:30:11+00:00","article_modified_time":"2019-05-30T15:30:15+00:00","og_image":[{"width":1200,"height":799,"url":"https:\/\/www.cidademarketing.com.br\/marketing\/wp-content\/uploads\/2019\/05\/alimentos_embalagem.jpg","type":"image\/jpeg"}],"author":"Thales Brand\u00e3o","twitter_card":"summary_large_image","twitter_creator":"@http:\/\/www.twitter.com\/thalesbrandao","twitter_site":"@CidadeMarketing","twitter_misc":{"Escrito por":"Thales Brand\u00e3o","Est. tempo de leitura":"3 minutos"},"schema":{"@context":"https:\/\/schema.org","@graph":[{"@type":"Article","@id":"https:\/\/www.cidademarketing.com.br\/marketing\/2019\/05\/30\/senado-federal-aprova-projeto-que-obriga-alerta-em-rotulos-sobre-sodio-acucar-e-gordura\/#article","isPartOf":{"@id":"https:\/\/www.cidademarketing.com.br\/marketing\/2019\/05\/30\/senado-federal-aprova-projeto-que-obriga-alerta-em-rotulos-sobre-sodio-acucar-e-gordura\/"},"author":{"name":"Thales Brand\u00e3o","@id":"https:\/\/www.cidademarketing.com.br\/marketing\/#\/schema\/person\/02daff9f18bd9378c9e01eb6b2db155f"},"headline":"Senado Federal aprova projeto que obriga alerta em r\u00f3tulos sobre s\u00f3dio, a\u00e7\u00facar e gordura","datePublished":"2019-05-30T15:30:11+00:00","dateModified":"2019-05-30T15:30:15+00:00","mainEntityOfPage":{"@id":"https:\/\/www.cidademarketing.com.br\/marketing\/2019\/05\/30\/senado-federal-aprova-projeto-que-obriga-alerta-em-rotulos-sobre-sodio-acucar-e-gordura\/"},"wordCount":579,"commentCount":0,"publisher":{"@id":"https:\/\/www.cidademarketing.com.br\/marketing\/#organization"},"image":{"@id":"https:\/\/www.cidademarketing.com.br\/marketing\/2019\/05\/30\/senado-federal-aprova-projeto-que-obriga-alerta-em-rotulos-sobre-sodio-acucar-e-gordura\/#primaryimage"},"thumbnailUrl":"https:\/\/www.cidademarketing.com.br\/marketing\/wp-content\/uploads\/2019\/05\/alimentos_embalagem.jpg","keywords":["design","embalagem","identidade visual","marketing","Senado Federal"],"articleSection":["Not\u00edcias"],"inLanguage":"pt-BR","potentialAction":[{"@type":"CommentAction","name":"Comment","target":["https:\/\/www.cidademarketing.com.br\/marketing\/2019\/05\/30\/senado-federal-aprova-projeto-que-obriga-alerta-em-rotulos-sobre-sodio-acucar-e-gordura\/#respond"]}]},{"@type":"WebPage","@id":"https:\/\/www.cidademarketing.com.br\/marketing\/2019\/05\/30\/senado-federal-aprova-projeto-que-obriga-alerta-em-rotulos-sobre-sodio-acucar-e-gordura\/","url":"https:\/\/www.cidademarketing.com.br\/marketing\/2019\/05\/30\/senado-federal-aprova-projeto-que-obriga-alerta-em-rotulos-sobre-sodio-acucar-e-gordura\/","name":"Senado Federal aprova projeto que obriga alerta em r\u00f3tulos sobre s\u00f3dio, a\u00e7\u00facar e gordura - CidadeMarketing","isPartOf":{"@id":"https:\/\/www.cidademarketing.com.br\/marketing\/#website"},"primaryImageOfPage":{"@id":"https:\/\/www.cidademarketing.com.br\/marketing\/2019\/05\/30\/senado-federal-aprova-projeto-que-obriga-alerta-em-rotulos-sobre-sodio-acucar-e-gordura\/#primaryimage"},"image":{"@id":"https:\/\/www.cidademarketing.com.br\/marketing\/2019\/05\/30\/senado-federal-aprova-projeto-que-obriga-alerta-em-rotulos-sobre-sodio-acucar-e-gordura\/#primaryimage"},"thumbnailUrl":"https:\/\/www.cidademarketing.com.br\/marketing\/wp-content\/uploads\/2019\/05\/alimentos_embalagem.jpg","datePublished":"2019-05-30T15:30:11+00:00","dateModified":"2019-05-30T15:30:15+00:00","breadcrumb":{"@id":"https:\/\/www.cidademarketing.com.br\/marketing\/2019\/05\/30\/senado-federal-aprova-projeto-que-obriga-alerta-em-rotulos-sobre-sodio-acucar-e-gordura\/#breadcrumb"},"inLanguage":"pt-BR","potentialAction":[{"@type":"ReadAction","target":["https:\/\/www.cidademarketing.com.br\/marketing\/2019\/05\/30\/senado-federal-aprova-projeto-que-obriga-alerta-em-rotulos-sobre-sodio-acucar-e-gordura\/"]}]},{"@type":"ImageObject","inLanguage":"pt-BR","@id":"https:\/\/www.cidademarketing.com.br\/marketing\/2019\/05\/30\/senado-federal-aprova-projeto-que-obriga-alerta-em-rotulos-sobre-sodio-acucar-e-gordura\/#primaryimage","url":"https:\/\/www.cidademarketing.com.br\/marketing\/wp-content\/uploads\/2019\/05\/alimentos_embalagem.jpg","contentUrl":"https:\/\/www.cidademarketing.com.br\/marketing\/wp-content\/uploads\/2019\/05\/alimentos_embalagem.jpg","width":1200,"height":799,"caption":"Divulga\u00e7\u00e3o"},{"@type":"BreadcrumbList","@id":"https:\/\/www.cidademarketing.com.br\/marketing\/2019\/05\/30\/senado-federal-aprova-projeto-que-obriga-alerta-em-rotulos-sobre-sodio-acucar-e-gordura\/#breadcrumb","itemListElement":[{"@type":"ListItem","position":1,"name":"In\u00edcio","item":"https:\/\/www.cidademarketing.com.br\/marketing\/"},{"@type":"ListItem","position":2,"name":"Senado Federal aprova projeto que obriga alerta em r\u00f3tulos sobre s\u00f3dio, a\u00e7\u00facar e gordura"}]},{"@type":"WebSite","@id":"https:\/\/www.cidademarketing.com.br\/marketing\/#website","url":"https:\/\/www.cidademarketing.com.br\/marketing\/","name":"CidadeMarketing","description":"Somos um ve\u00edculo de comunica\u00e7\u00e3o de destaque no Brasil, reconhecido por conte\u00fados nos segmentos de marketing, empreendedorismo e inova\u00e7\u00e3o.","publisher":{"@id":"https:\/\/www.cidademarketing.com.br\/marketing\/#organization"},"alternateName":"CidadeMarketing","potentialAction":[{"@type":"SearchAction","target":{"@type":"EntryPoint","urlTemplate":"https:\/\/www.cidademarketing.com.br\/marketing\/?s={search_term_string}"},"query-input":{"@type":"PropertyValueSpecification","valueRequired":true,"valueName":"search_term_string"}}],"inLanguage":"pt-BR"},{"@type":"Organization","@id":"https:\/\/www.cidademarketing.com.br\/marketing\/#organization","name":"CidadeMarketing","alternateName":"CidadeMarketing","url":"https:\/\/www.cidademarketing.com.br\/marketing\/","logo":{"@type":"ImageObject","inLanguage":"pt-BR","@id":"https:\/\/www.cidademarketing.com.br\/marketing\/#\/schema\/logo\/image\/","url":"https:\/\/www.cidademarketing.com.br\/marketing\/wp-content\/uploads\/2020\/01\/cidademarketing_marca_mobile.png","contentUrl":"https:\/\/www.cidademarketing.com.br\/marketing\/wp-content\/uploads\/2020\/01\/cidademarketing_marca_mobile.png","width":230,"height":92,"caption":"CidadeMarketing"},"image":{"@id":"https:\/\/www.cidademarketing.com.br\/marketing\/#\/schema\/logo\/image\/"},"sameAs":["https:\/\/www.facebook.com\/portalcidademarketing","https:\/\/x.com\/CidadeMarketing","https:\/\/www.instagram.com\/cidademarketing\/"]},{"@type":"Person","@id":"https:\/\/www.cidademarketing.com.br\/marketing\/#\/schema\/person\/02daff9f18bd9378c9e01eb6b2db155f","name":"Thales Brand\u00e3o","image":{"@type":"ImageObject","inLanguage":"pt-BR","@id":"https:\/\/secure.gravatar.com\/avatar\/7ca3206950207cc3cb48feec56a8a7898741ab725c368d99d5d7a5a50aab80c6?s=96&d=mm&r=g","url":"https:\/\/secure.gravatar.com\/avatar\/7ca3206950207cc3cb48feec56a8a7898741ab725c368d99d5d7a5a50aab80c6?s=96&d=mm&r=g","contentUrl":"https:\/\/secure.gravatar.com\/avatar\/7ca3206950207cc3cb48feec56a8a7898741ab725c368d99d5d7a5a50aab80c6?s=96&d=mm&r=g","caption":"Thales Brand\u00e3o"},"description":"Editor Executivo do Portal CidadeMarketing.com.br &gt; Mestre em Comunica\u00e7\u00e3o e Sociedade pela Universidade Federal de Sergipe. Possui MBA Executivo em Administra\u00e7\u00e3o com \u00eanfase em Marketing pela Funda\u00e7\u00e3o Get\u00falio Vargas - Rio de Janeiro. Consultor, Palestrante e Pesquisador sobre Empreendedorismo, Marketing, Redes Sociais e Neg\u00f3cios Digitais. Professor, Palestrante TedxTalks e Campus Party. Twitter: @ThalesBrandao","sameAs":["http:\/\/www.mandacaru.com.br","https:\/\/www.facebook.com\/thalesbrandao","http:\/\/www.instagram.com.br\/thalesbrandaoferreira","https:\/\/www.linkedin.com\/in\/thales-brand\u00e3o-3948609\/","https:\/\/x.com\/http:\/\/www.twitter.com\/thalesbrandao"],"url":"https:\/\/www.cidademarketing.com.br\/marketing\/author\/thalesbrandao\/"}]}},"amp_enabled":true,"_links":{"self":[{"href":"https:\/\/www.cidademarketing.com.br\/marketing\/wp-json\/wp\/v2\/posts\/8649","targetHints":{"allow":["GET"]}}],"collection":[{"href":"https:\/\/www.cidademarketing.com.br\/marketing\/wp-json\/wp\/v2\/posts"}],"about":[{"href":"https:\/\/www.cidademarketing.com.br\/marketing\/wp-json\/wp\/v2\/types\/post"}],"author":[{"embeddable":true,"href":"https:\/\/www.cidademarketing.com.br\/marketing\/wp-json\/wp\/v2\/users\/1"}],"replies":[{"embeddable":true,"href":"https:\/\/www.cidademarketing.com.br\/marketing\/wp-json\/wp\/v2\/comments?post=8649"}],"version-history":[{"count":1,"href":"https:\/\/www.cidademarketing.com.br\/marketing\/wp-json\/wp\/v2\/posts\/8649\/revisions"}],"predecessor-version":[{"id":8651,"href":"https:\/\/www.cidademarketing.com.br\/marketing\/wp-json\/wp\/v2\/posts\/8649\/revisions\/8651"}],"wp:featuredmedia":[{"embeddable":true,"href":"https:\/\/www.cidademarketing.com.br\/marketing\/wp-json\/wp\/v2\/media\/8650"}],"wp:attachment":[{"href":"https:\/\/www.cidademarketing.com.br\/marketing\/wp-json\/wp\/v2\/media?parent=8649"}],"wp:term":[{"taxonomy":"category","embeddable":true,"href":"https:\/\/www.cidademarketing.com.br\/marketing\/wp-json\/wp\/v2\/categories?post=8649"},{"taxonomy":"post_tag","embeddable":true,"href":"https:\/\/www.cidademarketing.com.br\/marketing\/wp-json\/wp\/v2\/tags?post=8649"}],"curies":[{"name":"wp","href":"https:\/\/api.w.org\/{rel}","templated":true}]}}