{"id":8618,"date":"2019-05-28T18:52:33","date_gmt":"2019-05-28T14:52:33","guid":{"rendered":"http:\/\/www.cidademarketing.com.br\/marketing\/?p=8618"},"modified":"2019-05-28T18:52:35","modified_gmt":"2019-05-28T14:52:35","slug":"wmccann-anuncia-trio-de-diretores-de-negocios-para-conta-de-chevrolet","status":"publish","type":"post","link":"https:\/\/www.cidademarketing.com.br\/marketing\/2019\/05\/28\/wmccann-anuncia-trio-de-diretores-de-negocios-para-conta-de-chevrolet\/","title":{"rendered":"WMcCann anuncia trio de diretores de neg\u00f3cios para conta de Chevrolet"},"content":{"rendered":"\n<p>Para\ntrazer ainda mais consist\u00eancia \u00e0 estrat\u00e9gia de comunica\u00e7\u00e3o, a WMcCann anuncia\num trio de diretores de neg\u00f3cios para a conta de Chevrolet: Isabela Fagundes,\nrespons\u00e1vel por marca, Marcelo \u201cTuf\u00e3o\u201d, l\u00edder de neg\u00f3cios no varejo, e Danilo\nKen, que chega a ag\u00eancia com a miss\u00e3o de integrar as duas \u00e1reas. Os\nprofissionais comp\u00f5em o time da Commonwealth\/\/McCann,\ndivis\u00e3o da WMcCann respons\u00e1vel pelo atendimento exclusivo ao anunciante. Esse\nmovimento traz ainda mais for\u00e7a, agilidade e integra\u00e7\u00e3o para a \u00e1rea que\natua na linha de frente da opera\u00e7\u00e3o de Chevrolet. <\/p>\n\n\n\n<p>Isabela foi promovida ao cargo de diretora de neg\u00f3cios de marca.\nDurante sua carreira, a profissional participou de diversos projetos que\najudaram a definir o padr\u00e3o para comunica\u00e7\u00f5es integradas de marcas automotivas.\nEntre elas, a inaugura\u00e7\u00e3o da marca Jeep no Brasil por meio do lan\u00e7amento do\nRenegade; \u201cFiat Live Store\u201d, a primeira experi\u00eancia de concession\u00e1ria virtual\ndesenvolvida no Mercado; e muitas outras campanhas de lan\u00e7amento de ve\u00edculos,\nplataformas e projetos de ativa\u00e7\u00e3o. Ela\nlidou com as opera\u00e7\u00f5es digitais da Via Varejo, uma das&nbsp;maiores varejistas\nde eletroeletr\u00f4nicos&nbsp;do mundo, atendida pela Wunderman em parceria com a\nYoung &amp; Rubicam. Antes disso, fez parte da equipe de gerenciamento de\ncontas dos clientes Fiat, Jeep e Nivea na Isobar, ag\u00eancia essencialmente\ndigital. Isabela tamb\u00e9m desenvolveu projetos para marcas como Danone (Portf\u00f3lio\nde \u00c1guas) e Lego.<\/p>\n\n\n\n<p>Com mais de 16 anos de experi\u00eancia na \u00e1rea de\natendimento, Marcelo chega para assumir a diretoria de neg\u00f3cios de varejo. O\nprofissional atendeu a conta de Chevrolet na Publicis por quase sete anos, al\u00e9m\nde j\u00e1 ter trabalhado para clientes como Habib\u2019s, Clube Smiles, Brascan\nImobili\u00e1ria, Faber-Castell, Construtora WTorre S.A., Locadora Unidas e BRF\nBrasil Foods (Batavo, Eleg\u00ea, Sadia e Perdig\u00e3o).<\/p>\n\n\n\n<p>H\u00e1 17 anos no mercado publicit\u00e1rio, sempre trabalhando como\natendimento em grandes ag\u00eancias, Danilo passou por Leo Burnett, DM9DDB,\nAlmapBBDO, Publicis e Wieden + Kennedy. O profissional atendeu grandes clientes\ncomo Fiat, Claro, TIM, Motorola e Heineken. Danilo chega \u00e0 ag\u00eancia&nbsp;para\nser diretor de integra\u00e7\u00e3o da conta de Chevrolet, com a qual trabalhar\u00e1 pela\nsegunda vez. <\/p>\n","protected":false},"excerpt":{"rendered":"<p>Para trazer ainda mais consist\u00eancia \u00e0 estrat\u00e9gia de comunica\u00e7\u00e3o, a WMcCann anuncia um trio de diretores de neg\u00f3cios para a conta de Chevrolet: Isabela Fagundes, respons\u00e1vel por marca, Marcelo \u201cTuf\u00e3o\u201d, l\u00edder de neg\u00f3cios no varejo, e Danilo Ken, que chega a ag\u00eancia com a miss\u00e3o de integrar as duas \u00e1reas. Os profissionais comp\u00f5em o time [&hellip;]<\/p>\n","protected":false},"author":1,"featured_media":8619,"comment_status":"open","ping_status":"open","sticky":false,"template":"","format":"standard","meta":{"tdm_status":"","tdm_grid_status":"","footnotes":""},"categories":[6],"tags":[315,308,1904],"class_list":["post-8618","post","type-post","status-publish","format-standard","has-post-thumbnail","hentry","category-noticias","tag-chevrolet","tag-comunicacao","tag-wmccann"],"yoast_head":"<!-- This site is optimized with the Yoast SEO plugin v27.5 - https:\/\/yoast.com\/product\/yoast-seo-wordpress\/ -->\n<title>WMcCann anuncia trio de diretores de neg\u00f3cios para conta de Chevrolet - CidadeMarketing<\/title>\n<meta name=\"robots\" content=\"index, follow, max-snippet:-1, max-image-preview:large, max-video-preview:-1\" \/>\n<link rel=\"canonical\" href=\"https:\/\/www.cidademarketing.com.br\/marketing\/2019\/05\/28\/wmccann-anuncia-trio-de-diretores-de-negocios-para-conta-de-chevrolet\/\" \/>\n<meta property=\"og:locale\" content=\"pt_BR\" \/>\n<meta property=\"og:type\" content=\"article\" \/>\n<meta property=\"og:title\" content=\"WMcCann anuncia trio de diretores de neg\u00f3cios para conta de Chevrolet - CidadeMarketing\" \/>\n<meta property=\"og:description\" content=\"Para trazer ainda mais consist\u00eancia \u00e0 estrat\u00e9gia de comunica\u00e7\u00e3o, a WMcCann anuncia um trio de diretores de neg\u00f3cios para a conta de Chevrolet: Isabela Fagundes, respons\u00e1vel por marca, Marcelo \u201cTuf\u00e3o\u201d, l\u00edder de neg\u00f3cios no varejo, e Danilo Ken, que chega a ag\u00eancia com a miss\u00e3o de integrar as duas \u00e1reas. Os profissionais comp\u00f5em o time [&hellip;]\" \/>\n<meta property=\"og:url\" content=\"https:\/\/www.cidademarketing.com.br\/marketing\/2019\/05\/28\/wmccann-anuncia-trio-de-diretores-de-negocios-para-conta-de-chevrolet\/\" \/>\n<meta property=\"og:site_name\" content=\"CidadeMarketing\" \/>\n<meta property=\"article:publisher\" content=\"https:\/\/www.facebook.com\/portalcidademarketing\" \/>\n<meta property=\"article:author\" content=\"https:\/\/www.facebook.com\/thalesbrandao\" \/>\n<meta property=\"article:published_time\" content=\"2019-05-28T14:52:33+00:00\" \/>\n<meta property=\"article:modified_time\" content=\"2019-05-28T14:52:35+00:00\" \/>\n<meta property=\"og:image\" content=\"https:\/\/www.cidademarketing.com.br\/marketing\/wp-content\/uploads\/2019\/05\/wccann.jpg\" \/>\n\t<meta property=\"og:image:width\" content=\"3533\" \/>\n\t<meta property=\"og:image:height\" content=\"2256\" \/>\n\t<meta property=\"og:image:type\" content=\"image\/jpeg\" \/>\n<meta name=\"author\" content=\"Thales Brand\u00e3o\" \/>\n<meta name=\"twitter:card\" content=\"summary_large_image\" \/>\n<meta name=\"twitter:creator\" content=\"@http:\/\/www.twitter.com\/thalesbrandao\" \/>\n<meta name=\"twitter:site\" content=\"@CidadeMarketing\" \/>\n<meta name=\"twitter:label1\" content=\"Escrito por\" \/>\n\t<meta name=\"twitter:data1\" content=\"Thales Brand\u00e3o\" \/>\n\t<meta name=\"twitter:label2\" content=\"Est. tempo de leitura\" \/>\n\t<meta name=\"twitter:data2\" content=\"2 minutos\" \/>\n<script type=\"application\/ld+json\" class=\"yoast-schema-graph\">{\"@context\":\"https:\\\/\\\/schema.org\",\"@graph\":[{\"@type\":\"Article\",\"@id\":\"https:\\\/\\\/www.cidademarketing.com.br\\\/marketing\\\/2019\\\/05\\\/28\\\/wmccann-anuncia-trio-de-diretores-de-negocios-para-conta-de-chevrolet\\\/#article\",\"isPartOf\":{\"@id\":\"https:\\\/\\\/www.cidademarketing.com.br\\\/marketing\\\/2019\\\/05\\\/28\\\/wmccann-anuncia-trio-de-diretores-de-negocios-para-conta-de-chevrolet\\\/\"},\"author\":{\"name\":\"Thales Brand\u00e3o\",\"@id\":\"https:\\\/\\\/www.cidademarketing.com.br\\\/marketing\\\/#\\\/schema\\\/person\\\/02daff9f18bd9378c9e01eb6b2db155f\"},\"headline\":\"WMcCann anuncia trio de diretores de neg\u00f3cios para conta de Chevrolet\",\"datePublished\":\"2019-05-28T14:52:33+00:00\",\"dateModified\":\"2019-05-28T14:52:35+00:00\",\"mainEntityOfPage\":{\"@id\":\"https:\\\/\\\/www.cidademarketing.com.br\\\/marketing\\\/2019\\\/05\\\/28\\\/wmccann-anuncia-trio-de-diretores-de-negocios-para-conta-de-chevrolet\\\/\"},\"wordCount\":394,\"commentCount\":0,\"publisher\":{\"@id\":\"https:\\\/\\\/www.cidademarketing.com.br\\\/marketing\\\/#organization\"},\"image\":{\"@id\":\"https:\\\/\\\/www.cidademarketing.com.br\\\/marketing\\\/2019\\\/05\\\/28\\\/wmccann-anuncia-trio-de-diretores-de-negocios-para-conta-de-chevrolet\\\/#primaryimage\"},\"thumbnailUrl\":\"https:\\\/\\\/www.cidademarketing.com.br\\\/marketing\\\/wp-content\\\/uploads\\\/2019\\\/05\\\/wccann.jpg\",\"keywords\":[\"Chevrolet\",\"comunica\u00e7\u00e3o\",\"WMcCann\"],\"articleSection\":[\"Not\u00edcias\"],\"inLanguage\":\"pt-BR\",\"potentialAction\":[{\"@type\":\"CommentAction\",\"name\":\"Comment\",\"target\":[\"https:\\\/\\\/www.cidademarketing.com.br\\\/marketing\\\/2019\\\/05\\\/28\\\/wmccann-anuncia-trio-de-diretores-de-negocios-para-conta-de-chevrolet\\\/#respond\"]}]},{\"@type\":\"WebPage\",\"@id\":\"https:\\\/\\\/www.cidademarketing.com.br\\\/marketing\\\/2019\\\/05\\\/28\\\/wmccann-anuncia-trio-de-diretores-de-negocios-para-conta-de-chevrolet\\\/\",\"url\":\"https:\\\/\\\/www.cidademarketing.com.br\\\/marketing\\\/2019\\\/05\\\/28\\\/wmccann-anuncia-trio-de-diretores-de-negocios-para-conta-de-chevrolet\\\/\",\"name\":\"WMcCann anuncia trio de diretores de neg\u00f3cios para conta de Chevrolet - CidadeMarketing\",\"isPartOf\":{\"@id\":\"https:\\\/\\\/www.cidademarketing.com.br\\\/marketing\\\/#website\"},\"primaryImageOfPage\":{\"@id\":\"https:\\\/\\\/www.cidademarketing.com.br\\\/marketing\\\/2019\\\/05\\\/28\\\/wmccann-anuncia-trio-de-diretores-de-negocios-para-conta-de-chevrolet\\\/#primaryimage\"},\"image\":{\"@id\":\"https:\\\/\\\/www.cidademarketing.com.br\\\/marketing\\\/2019\\\/05\\\/28\\\/wmccann-anuncia-trio-de-diretores-de-negocios-para-conta-de-chevrolet\\\/#primaryimage\"},\"thumbnailUrl\":\"https:\\\/\\\/www.cidademarketing.com.br\\\/marketing\\\/wp-content\\\/uploads\\\/2019\\\/05\\\/wccann.jpg\",\"datePublished\":\"2019-05-28T14:52:33+00:00\",\"dateModified\":\"2019-05-28T14:52:35+00:00\",\"breadcrumb\":{\"@id\":\"https:\\\/\\\/www.cidademarketing.com.br\\\/marketing\\\/2019\\\/05\\\/28\\\/wmccann-anuncia-trio-de-diretores-de-negocios-para-conta-de-chevrolet\\\/#breadcrumb\"},\"inLanguage\":\"pt-BR\",\"potentialAction\":[{\"@type\":\"ReadAction\",\"target\":[\"https:\\\/\\\/www.cidademarketing.com.br\\\/marketing\\\/2019\\\/05\\\/28\\\/wmccann-anuncia-trio-de-diretores-de-negocios-para-conta-de-chevrolet\\\/\"]}]},{\"@type\":\"ImageObject\",\"inLanguage\":\"pt-BR\",\"@id\":\"https:\\\/\\\/www.cidademarketing.com.br\\\/marketing\\\/2019\\\/05\\\/28\\\/wmccann-anuncia-trio-de-diretores-de-negocios-para-conta-de-chevrolet\\\/#primaryimage\",\"url\":\"https:\\\/\\\/www.cidademarketing.com.br\\\/marketing\\\/wp-content\\\/uploads\\\/2019\\\/05\\\/wccann.jpg\",\"contentUrl\":\"https:\\\/\\\/www.cidademarketing.com.br\\\/marketing\\\/wp-content\\\/uploads\\\/2019\\\/05\\\/wccann.jpg\",\"width\":3533,\"height\":2256,\"caption\":\"Reprodu\u00e7\u00e3o\"},{\"@type\":\"BreadcrumbList\",\"@id\":\"https:\\\/\\\/www.cidademarketing.com.br\\\/marketing\\\/2019\\\/05\\\/28\\\/wmccann-anuncia-trio-de-diretores-de-negocios-para-conta-de-chevrolet\\\/#breadcrumb\",\"itemListElement\":[{\"@type\":\"ListItem\",\"position\":1,\"name\":\"In\u00edcio\",\"item\":\"https:\\\/\\\/www.cidademarketing.com.br\\\/marketing\\\/\"},{\"@type\":\"ListItem\",\"position\":2,\"name\":\"WMcCann anuncia trio de diretores de neg\u00f3cios para conta de Chevrolet\"}]},{\"@type\":\"WebSite\",\"@id\":\"https:\\\/\\\/www.cidademarketing.com.br\\\/marketing\\\/#website\",\"url\":\"https:\\\/\\\/www.cidademarketing.com.br\\\/marketing\\\/\",\"name\":\"CidadeMarketing\",\"description\":\"Somos um ve\u00edculo de comunica\u00e7\u00e3o de destaque no Brasil, reconhecido por conte\u00fados nos segmentos de marketing, empreendedorismo e inova\u00e7\u00e3o.\",\"publisher\":{\"@id\":\"https:\\\/\\\/www.cidademarketing.com.br\\\/marketing\\\/#organization\"},\"alternateName\":\"CidadeMarketing\",\"potentialAction\":[{\"@type\":\"SearchAction\",\"target\":{\"@type\":\"EntryPoint\",\"urlTemplate\":\"https:\\\/\\\/www.cidademarketing.com.br\\\/marketing\\\/?s={search_term_string}\"},\"query-input\":{\"@type\":\"PropertyValueSpecification\",\"valueRequired\":true,\"valueName\":\"search_term_string\"}}],\"inLanguage\":\"pt-BR\"},{\"@type\":\"Organization\",\"@id\":\"https:\\\/\\\/www.cidademarketing.com.br\\\/marketing\\\/#organization\",\"name\":\"CidadeMarketing\",\"alternateName\":\"CidadeMarketing\",\"url\":\"https:\\\/\\\/www.cidademarketing.com.br\\\/marketing\\\/\",\"logo\":{\"@type\":\"ImageObject\",\"inLanguage\":\"pt-BR\",\"@id\":\"https:\\\/\\\/www.cidademarketing.com.br\\\/marketing\\\/#\\\/schema\\\/logo\\\/image\\\/\",\"url\":\"https:\\\/\\\/www.cidademarketing.com.br\\\/marketing\\\/wp-content\\\/uploads\\\/2020\\\/01\\\/cidademarketing_marca_mobile.png\",\"contentUrl\":\"https:\\\/\\\/www.cidademarketing.com.br\\\/marketing\\\/wp-content\\\/uploads\\\/2020\\\/01\\\/cidademarketing_marca_mobile.png\",\"width\":230,\"height\":92,\"caption\":\"CidadeMarketing\"},\"image\":{\"@id\":\"https:\\\/\\\/www.cidademarketing.com.br\\\/marketing\\\/#\\\/schema\\\/logo\\\/image\\\/\"},\"sameAs\":[\"https:\\\/\\\/www.facebook.com\\\/portalcidademarketing\",\"https:\\\/\\\/x.com\\\/CidadeMarketing\",\"https:\\\/\\\/www.instagram.com\\\/cidademarketing\\\/\"]},{\"@type\":\"Person\",\"@id\":\"https:\\\/\\\/www.cidademarketing.com.br\\\/marketing\\\/#\\\/schema\\\/person\\\/02daff9f18bd9378c9e01eb6b2db155f\",\"name\":\"Thales Brand\u00e3o\",\"image\":{\"@type\":\"ImageObject\",\"inLanguage\":\"pt-BR\",\"@id\":\"https:\\\/\\\/secure.gravatar.com\\\/avatar\\\/7ca3206950207cc3cb48feec56a8a7898741ab725c368d99d5d7a5a50aab80c6?s=96&d=mm&r=g\",\"url\":\"https:\\\/\\\/secure.gravatar.com\\\/avatar\\\/7ca3206950207cc3cb48feec56a8a7898741ab725c368d99d5d7a5a50aab80c6?s=96&d=mm&r=g\",\"contentUrl\":\"https:\\\/\\\/secure.gravatar.com\\\/avatar\\\/7ca3206950207cc3cb48feec56a8a7898741ab725c368d99d5d7a5a50aab80c6?s=96&d=mm&r=g\",\"caption\":\"Thales Brand\u00e3o\"},\"description\":\"Editor Executivo do Portal CidadeMarketing.com.br &gt; Mestre em Comunica\u00e7\u00e3o e Sociedade pela Universidade Federal de Sergipe. Possui MBA Executivo em Administra\u00e7\u00e3o com \u00eanfase em Marketing pela Funda\u00e7\u00e3o Get\u00falio Vargas - Rio de Janeiro. Consultor, Palestrante e Pesquisador sobre Empreendedorismo, Marketing, Redes Sociais e Neg\u00f3cios Digitais. Professor, Palestrante TedxTalks e Campus Party. Twitter: @ThalesBrandao\",\"sameAs\":[\"http:\\\/\\\/www.mandacaru.com.br\",\"https:\\\/\\\/www.facebook.com\\\/thalesbrandao\",\"http:\\\/\\\/www.instagram.com.br\\\/thalesbrandaoferreira\",\"https:\\\/\\\/www.linkedin.com\\\/in\\\/thales-brand\u00e3o-3948609\\\/\",\"https:\\\/\\\/x.com\\\/http:\\\/\\\/www.twitter.com\\\/thalesbrandao\"],\"url\":\"https:\\\/\\\/www.cidademarketing.com.br\\\/marketing\\\/author\\\/thalesbrandao\\\/\"}]}<\/script>\n<!-- \/ Yoast SEO plugin. -->","yoast_head_json":{"title":"WMcCann anuncia trio de diretores de neg\u00f3cios para conta de Chevrolet - CidadeMarketing","robots":{"index":"index","follow":"follow","max-snippet":"max-snippet:-1","max-image-preview":"max-image-preview:large","max-video-preview":"max-video-preview:-1"},"canonical":"https:\/\/www.cidademarketing.com.br\/marketing\/2019\/05\/28\/wmccann-anuncia-trio-de-diretores-de-negocios-para-conta-de-chevrolet\/","og_locale":"pt_BR","og_type":"article","og_title":"WMcCann anuncia trio de diretores de neg\u00f3cios para conta de Chevrolet - CidadeMarketing","og_description":"Para trazer ainda mais consist\u00eancia \u00e0 estrat\u00e9gia de comunica\u00e7\u00e3o, a WMcCann anuncia um trio de diretores de neg\u00f3cios para a conta de Chevrolet: Isabela Fagundes, respons\u00e1vel por marca, Marcelo \u201cTuf\u00e3o\u201d, l\u00edder de neg\u00f3cios no varejo, e Danilo Ken, que chega a ag\u00eancia com a miss\u00e3o de integrar as duas \u00e1reas. Os profissionais comp\u00f5em o time [&hellip;]","og_url":"https:\/\/www.cidademarketing.com.br\/marketing\/2019\/05\/28\/wmccann-anuncia-trio-de-diretores-de-negocios-para-conta-de-chevrolet\/","og_site_name":"CidadeMarketing","article_publisher":"https:\/\/www.facebook.com\/portalcidademarketing","article_author":"https:\/\/www.facebook.com\/thalesbrandao","article_published_time":"2019-05-28T14:52:33+00:00","article_modified_time":"2019-05-28T14:52:35+00:00","og_image":[{"width":3533,"height":2256,"url":"https:\/\/www.cidademarketing.com.br\/marketing\/wp-content\/uploads\/2019\/05\/wccann.jpg","type":"image\/jpeg"}],"author":"Thales Brand\u00e3o","twitter_card":"summary_large_image","twitter_creator":"@http:\/\/www.twitter.com\/thalesbrandao","twitter_site":"@CidadeMarketing","twitter_misc":{"Escrito por":"Thales Brand\u00e3o","Est. tempo de leitura":"2 minutos"},"schema":{"@context":"https:\/\/schema.org","@graph":[{"@type":"Article","@id":"https:\/\/www.cidademarketing.com.br\/marketing\/2019\/05\/28\/wmccann-anuncia-trio-de-diretores-de-negocios-para-conta-de-chevrolet\/#article","isPartOf":{"@id":"https:\/\/www.cidademarketing.com.br\/marketing\/2019\/05\/28\/wmccann-anuncia-trio-de-diretores-de-negocios-para-conta-de-chevrolet\/"},"author":{"name":"Thales Brand\u00e3o","@id":"https:\/\/www.cidademarketing.com.br\/marketing\/#\/schema\/person\/02daff9f18bd9378c9e01eb6b2db155f"},"headline":"WMcCann anuncia trio de diretores de neg\u00f3cios para conta de Chevrolet","datePublished":"2019-05-28T14:52:33+00:00","dateModified":"2019-05-28T14:52:35+00:00","mainEntityOfPage":{"@id":"https:\/\/www.cidademarketing.com.br\/marketing\/2019\/05\/28\/wmccann-anuncia-trio-de-diretores-de-negocios-para-conta-de-chevrolet\/"},"wordCount":394,"commentCount":0,"publisher":{"@id":"https:\/\/www.cidademarketing.com.br\/marketing\/#organization"},"image":{"@id":"https:\/\/www.cidademarketing.com.br\/marketing\/2019\/05\/28\/wmccann-anuncia-trio-de-diretores-de-negocios-para-conta-de-chevrolet\/#primaryimage"},"thumbnailUrl":"https:\/\/www.cidademarketing.com.br\/marketing\/wp-content\/uploads\/2019\/05\/wccann.jpg","keywords":["Chevrolet","comunica\u00e7\u00e3o","WMcCann"],"articleSection":["Not\u00edcias"],"inLanguage":"pt-BR","potentialAction":[{"@type":"CommentAction","name":"Comment","target":["https:\/\/www.cidademarketing.com.br\/marketing\/2019\/05\/28\/wmccann-anuncia-trio-de-diretores-de-negocios-para-conta-de-chevrolet\/#respond"]}]},{"@type":"WebPage","@id":"https:\/\/www.cidademarketing.com.br\/marketing\/2019\/05\/28\/wmccann-anuncia-trio-de-diretores-de-negocios-para-conta-de-chevrolet\/","url":"https:\/\/www.cidademarketing.com.br\/marketing\/2019\/05\/28\/wmccann-anuncia-trio-de-diretores-de-negocios-para-conta-de-chevrolet\/","name":"WMcCann anuncia trio de diretores de neg\u00f3cios para conta de Chevrolet - CidadeMarketing","isPartOf":{"@id":"https:\/\/www.cidademarketing.com.br\/marketing\/#website"},"primaryImageOfPage":{"@id":"https:\/\/www.cidademarketing.com.br\/marketing\/2019\/05\/28\/wmccann-anuncia-trio-de-diretores-de-negocios-para-conta-de-chevrolet\/#primaryimage"},"image":{"@id":"https:\/\/www.cidademarketing.com.br\/marketing\/2019\/05\/28\/wmccann-anuncia-trio-de-diretores-de-negocios-para-conta-de-chevrolet\/#primaryimage"},"thumbnailUrl":"https:\/\/www.cidademarketing.com.br\/marketing\/wp-content\/uploads\/2019\/05\/wccann.jpg","datePublished":"2019-05-28T14:52:33+00:00","dateModified":"2019-05-28T14:52:35+00:00","breadcrumb":{"@id":"https:\/\/www.cidademarketing.com.br\/marketing\/2019\/05\/28\/wmccann-anuncia-trio-de-diretores-de-negocios-para-conta-de-chevrolet\/#breadcrumb"},"inLanguage":"pt-BR","potentialAction":[{"@type":"ReadAction","target":["https:\/\/www.cidademarketing.com.br\/marketing\/2019\/05\/28\/wmccann-anuncia-trio-de-diretores-de-negocios-para-conta-de-chevrolet\/"]}]},{"@type":"ImageObject","inLanguage":"pt-BR","@id":"https:\/\/www.cidademarketing.com.br\/marketing\/2019\/05\/28\/wmccann-anuncia-trio-de-diretores-de-negocios-para-conta-de-chevrolet\/#primaryimage","url":"https:\/\/www.cidademarketing.com.br\/marketing\/wp-content\/uploads\/2019\/05\/wccann.jpg","contentUrl":"https:\/\/www.cidademarketing.com.br\/marketing\/wp-content\/uploads\/2019\/05\/wccann.jpg","width":3533,"height":2256,"caption":"Reprodu\u00e7\u00e3o"},{"@type":"BreadcrumbList","@id":"https:\/\/www.cidademarketing.com.br\/marketing\/2019\/05\/28\/wmccann-anuncia-trio-de-diretores-de-negocios-para-conta-de-chevrolet\/#breadcrumb","itemListElement":[{"@type":"ListItem","position":1,"name":"In\u00edcio","item":"https:\/\/www.cidademarketing.com.br\/marketing\/"},{"@type":"ListItem","position":2,"name":"WMcCann anuncia trio de diretores de neg\u00f3cios para conta de Chevrolet"}]},{"@type":"WebSite","@id":"https:\/\/www.cidademarketing.com.br\/marketing\/#website","url":"https:\/\/www.cidademarketing.com.br\/marketing\/","name":"CidadeMarketing","description":"Somos um ve\u00edculo de comunica\u00e7\u00e3o de destaque no Brasil, reconhecido por conte\u00fados nos segmentos de marketing, empreendedorismo e inova\u00e7\u00e3o.","publisher":{"@id":"https:\/\/www.cidademarketing.com.br\/marketing\/#organization"},"alternateName":"CidadeMarketing","potentialAction":[{"@type":"SearchAction","target":{"@type":"EntryPoint","urlTemplate":"https:\/\/www.cidademarketing.com.br\/marketing\/?s={search_term_string}"},"query-input":{"@type":"PropertyValueSpecification","valueRequired":true,"valueName":"search_term_string"}}],"inLanguage":"pt-BR"},{"@type":"Organization","@id":"https:\/\/www.cidademarketing.com.br\/marketing\/#organization","name":"CidadeMarketing","alternateName":"CidadeMarketing","url":"https:\/\/www.cidademarketing.com.br\/marketing\/","logo":{"@type":"ImageObject","inLanguage":"pt-BR","@id":"https:\/\/www.cidademarketing.com.br\/marketing\/#\/schema\/logo\/image\/","url":"https:\/\/www.cidademarketing.com.br\/marketing\/wp-content\/uploads\/2020\/01\/cidademarketing_marca_mobile.png","contentUrl":"https:\/\/www.cidademarketing.com.br\/marketing\/wp-content\/uploads\/2020\/01\/cidademarketing_marca_mobile.png","width":230,"height":92,"caption":"CidadeMarketing"},"image":{"@id":"https:\/\/www.cidademarketing.com.br\/marketing\/#\/schema\/logo\/image\/"},"sameAs":["https:\/\/www.facebook.com\/portalcidademarketing","https:\/\/x.com\/CidadeMarketing","https:\/\/www.instagram.com\/cidademarketing\/"]},{"@type":"Person","@id":"https:\/\/www.cidademarketing.com.br\/marketing\/#\/schema\/person\/02daff9f18bd9378c9e01eb6b2db155f","name":"Thales Brand\u00e3o","image":{"@type":"ImageObject","inLanguage":"pt-BR","@id":"https:\/\/secure.gravatar.com\/avatar\/7ca3206950207cc3cb48feec56a8a7898741ab725c368d99d5d7a5a50aab80c6?s=96&d=mm&r=g","url":"https:\/\/secure.gravatar.com\/avatar\/7ca3206950207cc3cb48feec56a8a7898741ab725c368d99d5d7a5a50aab80c6?s=96&d=mm&r=g","contentUrl":"https:\/\/secure.gravatar.com\/avatar\/7ca3206950207cc3cb48feec56a8a7898741ab725c368d99d5d7a5a50aab80c6?s=96&d=mm&r=g","caption":"Thales Brand\u00e3o"},"description":"Editor Executivo do Portal CidadeMarketing.com.br &gt; Mestre em Comunica\u00e7\u00e3o e Sociedade pela Universidade Federal de Sergipe. Possui MBA Executivo em Administra\u00e7\u00e3o com \u00eanfase em Marketing pela Funda\u00e7\u00e3o Get\u00falio Vargas - Rio de Janeiro. Consultor, Palestrante e Pesquisador sobre Empreendedorismo, Marketing, Redes Sociais e Neg\u00f3cios Digitais. Professor, Palestrante TedxTalks e Campus Party. Twitter: @ThalesBrandao","sameAs":["http:\/\/www.mandacaru.com.br","https:\/\/www.facebook.com\/thalesbrandao","http:\/\/www.instagram.com.br\/thalesbrandaoferreira","https:\/\/www.linkedin.com\/in\/thales-brand\u00e3o-3948609\/","https:\/\/x.com\/http:\/\/www.twitter.com\/thalesbrandao"],"url":"https:\/\/www.cidademarketing.com.br\/marketing\/author\/thalesbrandao\/"}]}},"amp_enabled":true,"_links":{"self":[{"href":"https:\/\/www.cidademarketing.com.br\/marketing\/wp-json\/wp\/v2\/posts\/8618","targetHints":{"allow":["GET"]}}],"collection":[{"href":"https:\/\/www.cidademarketing.com.br\/marketing\/wp-json\/wp\/v2\/posts"}],"about":[{"href":"https:\/\/www.cidademarketing.com.br\/marketing\/wp-json\/wp\/v2\/types\/post"}],"author":[{"embeddable":true,"href":"https:\/\/www.cidademarketing.com.br\/marketing\/wp-json\/wp\/v2\/users\/1"}],"replies":[{"embeddable":true,"href":"https:\/\/www.cidademarketing.com.br\/marketing\/wp-json\/wp\/v2\/comments?post=8618"}],"version-history":[{"count":1,"href":"https:\/\/www.cidademarketing.com.br\/marketing\/wp-json\/wp\/v2\/posts\/8618\/revisions"}],"predecessor-version":[{"id":8620,"href":"https:\/\/www.cidademarketing.com.br\/marketing\/wp-json\/wp\/v2\/posts\/8618\/revisions\/8620"}],"wp:featuredmedia":[{"embeddable":true,"href":"https:\/\/www.cidademarketing.com.br\/marketing\/wp-json\/wp\/v2\/media\/8619"}],"wp:attachment":[{"href":"https:\/\/www.cidademarketing.com.br\/marketing\/wp-json\/wp\/v2\/media?parent=8618"}],"wp:term":[{"taxonomy":"category","embeddable":true,"href":"https:\/\/www.cidademarketing.com.br\/marketing\/wp-json\/wp\/v2\/categories?post=8618"},{"taxonomy":"post_tag","embeddable":true,"href":"https:\/\/www.cidademarketing.com.br\/marketing\/wp-json\/wp\/v2\/tags?post=8618"}],"curies":[{"name":"wp","href":"https:\/\/api.w.org\/{rel}","templated":true}]}}