{"id":8612,"date":"2019-05-28T18:00:46","date_gmt":"2019-05-28T14:00:46","guid":{"rendered":"http:\/\/www.cidademarketing.com.br\/marketing\/?p=8612"},"modified":"2019-05-28T18:00:49","modified_gmt":"2019-05-28T14:00:49","slug":"com-bom-humor-tiago-leifert-divulga-novo-pos-pago-da-claro-com-cobertura-internacional","status":"publish","type":"post","link":"https:\/\/www.cidademarketing.com.br\/marketing\/2019\/05\/28\/com-bom-humor-tiago-leifert-divulga-novo-pos-pago-da-claro-com-cobertura-internacional\/","title":{"rendered":"Com bom humor, Tiago Leifert divulga novo p\u00f3s-pago da Claro com cobertura internacional"},"content":{"rendered":"\n<p>Depois de apresentar os planos\nilimitados da Claro e o lan\u00e7amento dos exclusivos Passaportes Am\u00e9ricas, Europa\ne Mundo \u2013 pacotes que permitem a utiliza\u00e7\u00e3o dos planos contratados como se o\ncliente estivesse no Brasil, de modo transparente \u2013, Tiago Leifert traz mais\numa novidade: os planos p\u00f3s-pagos da Claro agora s\u00e3o internacionais.<\/p>\n\n\n\n<p>Com estreia no domingo, 26\/5, em &#8220;Checklist&#8221;, Tiago Leifert e um amigo caminham apressadamente pelo aeroporto revisando os itens que o colega trouxe na mala. Os \u00f3culos n\u00e3o foram esquecidos. Nem a jaqueta. A luva tamb\u00e9m est\u00e1 ok. Mas, e o plano internacional? A conversa termina de forma bem-humorada, mostrando que, ao viajar para 18 pa\u00edses das Am\u00e9ricas, a melhor pedida \u00e9 embarcar com o novo Claro P\u00f3s Internacional.<\/p>\n\n\n\n<figure class=\"wp-block-embed-youtube wp-block-embed is-type-video is-provider-youtube wp-embed-aspect-16-9 wp-has-aspect-ratio\"><div class=\"wp-block-embed__wrapper\">\n<div class=\"youtube-embed\" data-video_id=\"fgW9yuPlpaw\"><iframe title=\"TALENT MARCEL - CLARO BRASIL - CLARO P\u00d3S INTERNACIONAL\" width=\"640\" height=\"360\" src=\"https:\/\/www.youtube.com\/embed\/fgW9yuPlpaw?feature=oembed&#038;enablejsapi=1&#038;enablejsapi=1\" frameborder=\"0\" allow=\"accelerometer; autoplay; clipboard-write; encrypted-media; gyroscope; picture-in-picture; web-share\" referrerpolicy=\"strict-origin-when-cross-origin\" allowfullscreen><\/iframe><\/div>\n<\/div><\/figure>\n\n\n\n<p>Al\u00e9m de falar ilimitado e navegar\nno 4.5G da Claro no Brasil, o Claro P\u00f3s Internacional agora j\u00e1 vem pronto para\nser usado no exterior, sem pagar nada a mais por isso. Ou seja, o novo\nportf\u00f3lio \u00e9 uma solu\u00e7\u00e3o ainda mais completa, internacional e o cliente usar\u00e1 o\nseu plano nas Am\u00e9ricas sem preocupa\u00e7\u00f5es.<\/p>\n\n\n\n<p>A a\u00e7\u00e3o foi criada pela Talent\nMarcel e estar\u00e1 em todos os canais sociais da Claro, na TV, m\u00eddia impressa,\npdv, exterior e r\u00e1dio.<\/p>\n\n\n\n<p><strong>Ficha t\u00e9cnica<\/strong>&nbsp; <\/p>\n\n\n\n<p>Ag\u00eancia:\nTalent Marcel<\/p>\n\n\n\n<p>Cliente:\nClaro Brasil<\/p>\n\n\n\n<p>T\u00edtulo:\nChecklist<\/p>\n\n\n\n<p>Dura\u00e7\u00e3o:\n30\u201d<\/p>\n\n\n\n<p>Produto:\nInstitucional<\/p>\n\n\n\n<p>Chief\nCreative Officer: Jo\u00e3o Livi <\/p>\n\n\n\n<p>Dire\u00e7\u00e3o\nde Cria\u00e7\u00e3o: Sleyman Khodor<\/p>\n\n\n\n<p>Cria\u00e7\u00e3o:\nMarcelo Arag\u00e3o, Pedro Hefs e Sleyman Khodor<\/p>\n\n\n\n<p>Produtor\nde RTVC: Herminia Weinstock e Luciano Rocha<\/p>\n\n\n\n<p>Atendimento:&nbsp;\nRicardo Kalef, Marilia Grespan, Fernanda Mariano, Camila Bergami e Lia Turato<\/p>\n\n\n\n<p>Planejamento:\nGabriela Soares, Camila Massari, Hugo Pinheiro, Graziela Rovito e Jo\u00e3o Pedroso<\/p>\n\n\n\n<p>M\u00eddia:\nHerbert Gomes, Daniela Gazzano, Eduardo Amato, Larissa Dutra, Marcela Cantarin,\nMarcelo Lemos e Bruna Sanches<\/p>\n\n\n\n<p>Produtor\nGr\u00e1fico: Ingo Santos e Matias Santos<\/p>\n\n\n\n<p>Art\nBuyer: Mario Coelho<\/p>\n\n\n\n<p>Arte-Finalista:\nMichel Medeiros, Walter Braz, Luiz Silva, Daniel Camargo, Carlos Locoselli e\nRafael Le\u00e3o<\/p>\n\n\n\n<p>Revis\u00e3o:\nEm\u00edlio Gonzalez e Clariana Ganimi<\/p>\n\n\n\n<p>Produtora\nde imagem: Boiler Filmes<\/p>\n\n\n\n<p>Dire\u00e7\u00e3o:\nDulcidio Caldeira<\/p>\n\n\n\n<p>Assistente\nde Dire\u00e7\u00e3o: Mayra Ferro<\/p>\n\n\n\n<p>Produtor\nExecutivo: Gabriel Dagostini<\/p>\n\n\n\n<p>Atendimento:\nPriscilla Sanches e Rebeca Broncher<\/p>\n\n\n\n<p>Coordena\u00e7\u00e3o\nde Produ\u00e7\u00e3o: Wellington Pingo e Stefanie Korb<\/p>\n\n\n\n<p>Coordena\u00e7\u00e3o\nde P\u00f3s-produ\u00e7\u00e3o: Fez\u00e3o Barbieri e Rafael Bar\u00e3o<\/p>\n\n\n\n<p>Dire\u00e7\u00e3o\nde Fotografia: Andr\u00e9 Faccioli<\/p>\n\n\n\n<p>Diretor\nde Arte: Paulinho Ribeiro<\/p>\n\n\n\n<p>Diretor\nde Produ\u00e7\u00e3o: Tadeu Piantino<\/p>\n\n\n\n<p>P\u00f3s-Produtora:\nClan VFX<\/p>\n\n\n\n<p>Montador:\nRicardo Quintela<\/p>\n\n\n\n<p>Produtora\nde som: Evil Twin Music<\/p>\n\n\n\n<p>Cria\u00e7\u00e3o\ne Produ\u00e7\u00e3o de Trilha: Andre Faria, Murilo Faria, Yuri Chix<\/p>\n\n\n\n<p>Finaliza\u00e7\u00e3o\ne Sfx: Murilo Faria e Rafael Vieira<\/p>\n\n\n\n<p>Atendimento\n\/ Coordena\u00e7\u00e3o: Juliana Tangary e Carolina Couto<\/p>\n\n\n\n<p>Aprova\u00e7\u00e3o\ndo cliente: Marcio Carvalho, Ane Lopes, Flavia Genezini, Fernanda Lamego, Alan\nRossi e Fabiana Almeida<\/p>\n","protected":false},"excerpt":{"rendered":"<p>Depois de apresentar os planos ilimitados da Claro e o lan\u00e7amento dos exclusivos Passaportes Am\u00e9ricas, Europa e Mundo \u2013 pacotes que permitem a utiliza\u00e7\u00e3o dos planos contratados como se o cliente estivesse no Brasil, de modo transparente \u2013, Tiago Leifert traz mais uma novidade: os planos p\u00f3s-pagos da Claro agora s\u00e3o internacionais. Com estreia no [&hellip;]<\/p>\n","protected":false},"author":1,"featured_media":8613,"comment_status":"open","ping_status":"open","sticky":false,"template":"","format":"standard","meta":{"tdm_status":"","tdm_grid_status":"","footnotes":""},"categories":[6],"tags":[288,33,28],"class_list":["post-8612","post","type-post","status-publish","format-standard","has-post-thumbnail","hentry","category-noticias","tag-claro","tag-estrategia","tag-marketing"],"yoast_head":"<!-- This site is optimized with the Yoast SEO plugin v27.5 - https:\/\/yoast.com\/product\/yoast-seo-wordpress\/ -->\n<title>Com bom humor, Tiago Leifert divulga novo p\u00f3s-pago da Claro com cobertura internacional - CidadeMarketing<\/title>\n<meta name=\"robots\" content=\"index, follow, max-snippet:-1, max-image-preview:large, max-video-preview:-1\" \/>\n<link rel=\"canonical\" href=\"https:\/\/www.cidademarketing.com.br\/marketing\/2019\/05\/28\/com-bom-humor-tiago-leifert-divulga-novo-pos-pago-da-claro-com-cobertura-internacional\/\" \/>\n<meta property=\"og:locale\" content=\"pt_BR\" \/>\n<meta property=\"og:type\" content=\"article\" \/>\n<meta property=\"og:title\" content=\"Com bom humor, Tiago Leifert divulga novo p\u00f3s-pago da Claro com cobertura internacional - CidadeMarketing\" \/>\n<meta property=\"og:description\" content=\"Depois de apresentar os planos ilimitados da Claro e o lan\u00e7amento dos exclusivos Passaportes Am\u00e9ricas, Europa e Mundo \u2013 pacotes que permitem a utiliza\u00e7\u00e3o dos planos contratados como se o cliente estivesse no Brasil, de modo transparente \u2013, Tiago Leifert traz mais uma novidade: os planos p\u00f3s-pagos da Claro agora s\u00e3o internacionais. Com estreia no [&hellip;]\" \/>\n<meta property=\"og:url\" content=\"https:\/\/www.cidademarketing.com.br\/marketing\/2019\/05\/28\/com-bom-humor-tiago-leifert-divulga-novo-pos-pago-da-claro-com-cobertura-internacional\/\" \/>\n<meta property=\"og:site_name\" content=\"CidadeMarketing\" \/>\n<meta property=\"article:publisher\" content=\"https:\/\/www.facebook.com\/portalcidademarketing\" \/>\n<meta property=\"article:author\" content=\"https:\/\/www.facebook.com\/thalesbrandao\" \/>\n<meta property=\"article:published_time\" content=\"2019-05-28T14:00:46+00:00\" \/>\n<meta property=\"article:modified_time\" content=\"2019-05-28T14:00:49+00:00\" \/>\n<meta property=\"og:image\" content=\"https:\/\/www.cidademarketing.com.br\/marketing\/wp-content\/uploads\/2019\/05\/claro_operadora.jpg\" \/>\n\t<meta property=\"og:image:width\" content=\"737\" \/>\n\t<meta property=\"og:image:height\" content=\"385\" \/>\n\t<meta property=\"og:image:type\" content=\"image\/jpeg\" \/>\n<meta name=\"author\" content=\"Thales Brand\u00e3o\" \/>\n<meta name=\"twitter:card\" content=\"summary_large_image\" \/>\n<meta name=\"twitter:creator\" content=\"@http:\/\/www.twitter.com\/thalesbrandao\" \/>\n<meta name=\"twitter:site\" content=\"@CidadeMarketing\" \/>\n<meta name=\"twitter:label1\" content=\"Escrito por\" \/>\n\t<meta name=\"twitter:data1\" content=\"Thales Brand\u00e3o\" \/>\n\t<meta name=\"twitter:label2\" content=\"Est. tempo de leitura\" \/>\n\t<meta name=\"twitter:data2\" content=\"2 minutos\" \/>\n<script type=\"application\/ld+json\" class=\"yoast-schema-graph\">{\"@context\":\"https:\\\/\\\/schema.org\",\"@graph\":[{\"@type\":\"Article\",\"@id\":\"https:\\\/\\\/www.cidademarketing.com.br\\\/marketing\\\/2019\\\/05\\\/28\\\/com-bom-humor-tiago-leifert-divulga-novo-pos-pago-da-claro-com-cobertura-internacional\\\/#article\",\"isPartOf\":{\"@id\":\"https:\\\/\\\/www.cidademarketing.com.br\\\/marketing\\\/2019\\\/05\\\/28\\\/com-bom-humor-tiago-leifert-divulga-novo-pos-pago-da-claro-com-cobertura-internacional\\\/\"},\"author\":{\"name\":\"Thales Brand\u00e3o\",\"@id\":\"https:\\\/\\\/www.cidademarketing.com.br\\\/marketing\\\/#\\\/schema\\\/person\\\/02daff9f18bd9378c9e01eb6b2db155f\"},\"headline\":\"Com bom humor, Tiago Leifert divulga novo p\u00f3s-pago da Claro com cobertura internacional\",\"datePublished\":\"2019-05-28T14:00:46+00:00\",\"dateModified\":\"2019-05-28T14:00:49+00:00\",\"mainEntityOfPage\":{\"@id\":\"https:\\\/\\\/www.cidademarketing.com.br\\\/marketing\\\/2019\\\/05\\\/28\\\/com-bom-humor-tiago-leifert-divulga-novo-pos-pago-da-claro-com-cobertura-internacional\\\/\"},\"wordCount\":491,\"commentCount\":0,\"publisher\":{\"@id\":\"https:\\\/\\\/www.cidademarketing.com.br\\\/marketing\\\/#organization\"},\"image\":{\"@id\":\"https:\\\/\\\/www.cidademarketing.com.br\\\/marketing\\\/2019\\\/05\\\/28\\\/com-bom-humor-tiago-leifert-divulga-novo-pos-pago-da-claro-com-cobertura-internacional\\\/#primaryimage\"},\"thumbnailUrl\":\"https:\\\/\\\/www.cidademarketing.com.br\\\/marketing\\\/wp-content\\\/uploads\\\/2019\\\/05\\\/claro_operadora.jpg\",\"keywords\":[\"Claro\",\"estrat\u00e9gia\",\"marketing\"],\"articleSection\":[\"Not\u00edcias\"],\"inLanguage\":\"pt-BR\",\"potentialAction\":[{\"@type\":\"CommentAction\",\"name\":\"Comment\",\"target\":[\"https:\\\/\\\/www.cidademarketing.com.br\\\/marketing\\\/2019\\\/05\\\/28\\\/com-bom-humor-tiago-leifert-divulga-novo-pos-pago-da-claro-com-cobertura-internacional\\\/#respond\"]}]},{\"@type\":\"WebPage\",\"@id\":\"https:\\\/\\\/www.cidademarketing.com.br\\\/marketing\\\/2019\\\/05\\\/28\\\/com-bom-humor-tiago-leifert-divulga-novo-pos-pago-da-claro-com-cobertura-internacional\\\/\",\"url\":\"https:\\\/\\\/www.cidademarketing.com.br\\\/marketing\\\/2019\\\/05\\\/28\\\/com-bom-humor-tiago-leifert-divulga-novo-pos-pago-da-claro-com-cobertura-internacional\\\/\",\"name\":\"Com bom humor, Tiago Leifert divulga novo p\u00f3s-pago da Claro com cobertura internacional - CidadeMarketing\",\"isPartOf\":{\"@id\":\"https:\\\/\\\/www.cidademarketing.com.br\\\/marketing\\\/#website\"},\"primaryImageOfPage\":{\"@id\":\"https:\\\/\\\/www.cidademarketing.com.br\\\/marketing\\\/2019\\\/05\\\/28\\\/com-bom-humor-tiago-leifert-divulga-novo-pos-pago-da-claro-com-cobertura-internacional\\\/#primaryimage\"},\"image\":{\"@id\":\"https:\\\/\\\/www.cidademarketing.com.br\\\/marketing\\\/2019\\\/05\\\/28\\\/com-bom-humor-tiago-leifert-divulga-novo-pos-pago-da-claro-com-cobertura-internacional\\\/#primaryimage\"},\"thumbnailUrl\":\"https:\\\/\\\/www.cidademarketing.com.br\\\/marketing\\\/wp-content\\\/uploads\\\/2019\\\/05\\\/claro_operadora.jpg\",\"datePublished\":\"2019-05-28T14:00:46+00:00\",\"dateModified\":\"2019-05-28T14:00:49+00:00\",\"breadcrumb\":{\"@id\":\"https:\\\/\\\/www.cidademarketing.com.br\\\/marketing\\\/2019\\\/05\\\/28\\\/com-bom-humor-tiago-leifert-divulga-novo-pos-pago-da-claro-com-cobertura-internacional\\\/#breadcrumb\"},\"inLanguage\":\"pt-BR\",\"potentialAction\":[{\"@type\":\"ReadAction\",\"target\":[\"https:\\\/\\\/www.cidademarketing.com.br\\\/marketing\\\/2019\\\/05\\\/28\\\/com-bom-humor-tiago-leifert-divulga-novo-pos-pago-da-claro-com-cobertura-internacional\\\/\"]}]},{\"@type\":\"ImageObject\",\"inLanguage\":\"pt-BR\",\"@id\":\"https:\\\/\\\/www.cidademarketing.com.br\\\/marketing\\\/2019\\\/05\\\/28\\\/com-bom-humor-tiago-leifert-divulga-novo-pos-pago-da-claro-com-cobertura-internacional\\\/#primaryimage\",\"url\":\"https:\\\/\\\/www.cidademarketing.com.br\\\/marketing\\\/wp-content\\\/uploads\\\/2019\\\/05\\\/claro_operadora.jpg\",\"contentUrl\":\"https:\\\/\\\/www.cidademarketing.com.br\\\/marketing\\\/wp-content\\\/uploads\\\/2019\\\/05\\\/claro_operadora.jpg\",\"width\":737,\"height\":385,\"caption\":\"Reprodu\u00e7\u00e3o\"},{\"@type\":\"BreadcrumbList\",\"@id\":\"https:\\\/\\\/www.cidademarketing.com.br\\\/marketing\\\/2019\\\/05\\\/28\\\/com-bom-humor-tiago-leifert-divulga-novo-pos-pago-da-claro-com-cobertura-internacional\\\/#breadcrumb\",\"itemListElement\":[{\"@type\":\"ListItem\",\"position\":1,\"name\":\"In\u00edcio\",\"item\":\"https:\\\/\\\/www.cidademarketing.com.br\\\/marketing\\\/\"},{\"@type\":\"ListItem\",\"position\":2,\"name\":\"Com bom humor, Tiago Leifert divulga novo p\u00f3s-pago da Claro com cobertura internacional\"}]},{\"@type\":\"WebSite\",\"@id\":\"https:\\\/\\\/www.cidademarketing.com.br\\\/marketing\\\/#website\",\"url\":\"https:\\\/\\\/www.cidademarketing.com.br\\\/marketing\\\/\",\"name\":\"CidadeMarketing\",\"description\":\"Somos um ve\u00edculo de comunica\u00e7\u00e3o de destaque no Brasil, reconhecido por conte\u00fados nos segmentos de marketing, empreendedorismo e inova\u00e7\u00e3o.\",\"publisher\":{\"@id\":\"https:\\\/\\\/www.cidademarketing.com.br\\\/marketing\\\/#organization\"},\"alternateName\":\"CidadeMarketing\",\"potentialAction\":[{\"@type\":\"SearchAction\",\"target\":{\"@type\":\"EntryPoint\",\"urlTemplate\":\"https:\\\/\\\/www.cidademarketing.com.br\\\/marketing\\\/?s={search_term_string}\"},\"query-input\":{\"@type\":\"PropertyValueSpecification\",\"valueRequired\":true,\"valueName\":\"search_term_string\"}}],\"inLanguage\":\"pt-BR\"},{\"@type\":\"Organization\",\"@id\":\"https:\\\/\\\/www.cidademarketing.com.br\\\/marketing\\\/#organization\",\"name\":\"CidadeMarketing\",\"alternateName\":\"CidadeMarketing\",\"url\":\"https:\\\/\\\/www.cidademarketing.com.br\\\/marketing\\\/\",\"logo\":{\"@type\":\"ImageObject\",\"inLanguage\":\"pt-BR\",\"@id\":\"https:\\\/\\\/www.cidademarketing.com.br\\\/marketing\\\/#\\\/schema\\\/logo\\\/image\\\/\",\"url\":\"https:\\\/\\\/www.cidademarketing.com.br\\\/marketing\\\/wp-content\\\/uploads\\\/2020\\\/01\\\/cidademarketing_marca_mobile.png\",\"contentUrl\":\"https:\\\/\\\/www.cidademarketing.com.br\\\/marketing\\\/wp-content\\\/uploads\\\/2020\\\/01\\\/cidademarketing_marca_mobile.png\",\"width\":230,\"height\":92,\"caption\":\"CidadeMarketing\"},\"image\":{\"@id\":\"https:\\\/\\\/www.cidademarketing.com.br\\\/marketing\\\/#\\\/schema\\\/logo\\\/image\\\/\"},\"sameAs\":[\"https:\\\/\\\/www.facebook.com\\\/portalcidademarketing\",\"https:\\\/\\\/x.com\\\/CidadeMarketing\",\"https:\\\/\\\/www.instagram.com\\\/cidademarketing\\\/\"]},{\"@type\":\"Person\",\"@id\":\"https:\\\/\\\/www.cidademarketing.com.br\\\/marketing\\\/#\\\/schema\\\/person\\\/02daff9f18bd9378c9e01eb6b2db155f\",\"name\":\"Thales Brand\u00e3o\",\"image\":{\"@type\":\"ImageObject\",\"inLanguage\":\"pt-BR\",\"@id\":\"https:\\\/\\\/secure.gravatar.com\\\/avatar\\\/7ca3206950207cc3cb48feec56a8a7898741ab725c368d99d5d7a5a50aab80c6?s=96&d=mm&r=g\",\"url\":\"https:\\\/\\\/secure.gravatar.com\\\/avatar\\\/7ca3206950207cc3cb48feec56a8a7898741ab725c368d99d5d7a5a50aab80c6?s=96&d=mm&r=g\",\"contentUrl\":\"https:\\\/\\\/secure.gravatar.com\\\/avatar\\\/7ca3206950207cc3cb48feec56a8a7898741ab725c368d99d5d7a5a50aab80c6?s=96&d=mm&r=g\",\"caption\":\"Thales Brand\u00e3o\"},\"description\":\"Editor Executivo do Portal CidadeMarketing.com.br &gt; Mestre em Comunica\u00e7\u00e3o e Sociedade pela Universidade Federal de Sergipe. Possui MBA Executivo em Administra\u00e7\u00e3o com \u00eanfase em Marketing pela Funda\u00e7\u00e3o Get\u00falio Vargas - Rio de Janeiro. Consultor, Palestrante e Pesquisador sobre Empreendedorismo, Marketing, Redes Sociais e Neg\u00f3cios Digitais. Professor, Palestrante TedxTalks e Campus Party. Twitter: @ThalesBrandao\",\"sameAs\":[\"http:\\\/\\\/www.mandacaru.com.br\",\"https:\\\/\\\/www.facebook.com\\\/thalesbrandao\",\"http:\\\/\\\/www.instagram.com.br\\\/thalesbrandaoferreira\",\"https:\\\/\\\/www.linkedin.com\\\/in\\\/thales-brand\u00e3o-3948609\\\/\",\"https:\\\/\\\/x.com\\\/http:\\\/\\\/www.twitter.com\\\/thalesbrandao\"],\"url\":\"https:\\\/\\\/www.cidademarketing.com.br\\\/marketing\\\/author\\\/thalesbrandao\\\/\"}]}<\/script>\n<!-- \/ Yoast SEO plugin. -->","yoast_head_json":{"title":"Com bom humor, Tiago Leifert divulga novo p\u00f3s-pago da Claro com cobertura internacional - CidadeMarketing","robots":{"index":"index","follow":"follow","max-snippet":"max-snippet:-1","max-image-preview":"max-image-preview:large","max-video-preview":"max-video-preview:-1"},"canonical":"https:\/\/www.cidademarketing.com.br\/marketing\/2019\/05\/28\/com-bom-humor-tiago-leifert-divulga-novo-pos-pago-da-claro-com-cobertura-internacional\/","og_locale":"pt_BR","og_type":"article","og_title":"Com bom humor, Tiago Leifert divulga novo p\u00f3s-pago da Claro com cobertura internacional - CidadeMarketing","og_description":"Depois de apresentar os planos ilimitados da Claro e o lan\u00e7amento dos exclusivos Passaportes Am\u00e9ricas, Europa e Mundo \u2013 pacotes que permitem a utiliza\u00e7\u00e3o dos planos contratados como se o cliente estivesse no Brasil, de modo transparente \u2013, Tiago Leifert traz mais uma novidade: os planos p\u00f3s-pagos da Claro agora s\u00e3o internacionais. Com estreia no [&hellip;]","og_url":"https:\/\/www.cidademarketing.com.br\/marketing\/2019\/05\/28\/com-bom-humor-tiago-leifert-divulga-novo-pos-pago-da-claro-com-cobertura-internacional\/","og_site_name":"CidadeMarketing","article_publisher":"https:\/\/www.facebook.com\/portalcidademarketing","article_author":"https:\/\/www.facebook.com\/thalesbrandao","article_published_time":"2019-05-28T14:00:46+00:00","article_modified_time":"2019-05-28T14:00:49+00:00","og_image":[{"width":737,"height":385,"url":"https:\/\/www.cidademarketing.com.br\/marketing\/wp-content\/uploads\/2019\/05\/claro_operadora.jpg","type":"image\/jpeg"}],"author":"Thales Brand\u00e3o","twitter_card":"summary_large_image","twitter_creator":"@http:\/\/www.twitter.com\/thalesbrandao","twitter_site":"@CidadeMarketing","twitter_misc":{"Escrito por":"Thales Brand\u00e3o","Est. tempo de leitura":"2 minutos"},"schema":{"@context":"https:\/\/schema.org","@graph":[{"@type":"Article","@id":"https:\/\/www.cidademarketing.com.br\/marketing\/2019\/05\/28\/com-bom-humor-tiago-leifert-divulga-novo-pos-pago-da-claro-com-cobertura-internacional\/#article","isPartOf":{"@id":"https:\/\/www.cidademarketing.com.br\/marketing\/2019\/05\/28\/com-bom-humor-tiago-leifert-divulga-novo-pos-pago-da-claro-com-cobertura-internacional\/"},"author":{"name":"Thales Brand\u00e3o","@id":"https:\/\/www.cidademarketing.com.br\/marketing\/#\/schema\/person\/02daff9f18bd9378c9e01eb6b2db155f"},"headline":"Com bom humor, Tiago Leifert divulga novo p\u00f3s-pago da Claro com cobertura internacional","datePublished":"2019-05-28T14:00:46+00:00","dateModified":"2019-05-28T14:00:49+00:00","mainEntityOfPage":{"@id":"https:\/\/www.cidademarketing.com.br\/marketing\/2019\/05\/28\/com-bom-humor-tiago-leifert-divulga-novo-pos-pago-da-claro-com-cobertura-internacional\/"},"wordCount":491,"commentCount":0,"publisher":{"@id":"https:\/\/www.cidademarketing.com.br\/marketing\/#organization"},"image":{"@id":"https:\/\/www.cidademarketing.com.br\/marketing\/2019\/05\/28\/com-bom-humor-tiago-leifert-divulga-novo-pos-pago-da-claro-com-cobertura-internacional\/#primaryimage"},"thumbnailUrl":"https:\/\/www.cidademarketing.com.br\/marketing\/wp-content\/uploads\/2019\/05\/claro_operadora.jpg","keywords":["Claro","estrat\u00e9gia","marketing"],"articleSection":["Not\u00edcias"],"inLanguage":"pt-BR","potentialAction":[{"@type":"CommentAction","name":"Comment","target":["https:\/\/www.cidademarketing.com.br\/marketing\/2019\/05\/28\/com-bom-humor-tiago-leifert-divulga-novo-pos-pago-da-claro-com-cobertura-internacional\/#respond"]}]},{"@type":"WebPage","@id":"https:\/\/www.cidademarketing.com.br\/marketing\/2019\/05\/28\/com-bom-humor-tiago-leifert-divulga-novo-pos-pago-da-claro-com-cobertura-internacional\/","url":"https:\/\/www.cidademarketing.com.br\/marketing\/2019\/05\/28\/com-bom-humor-tiago-leifert-divulga-novo-pos-pago-da-claro-com-cobertura-internacional\/","name":"Com bom humor, Tiago Leifert divulga novo p\u00f3s-pago da Claro com cobertura internacional - CidadeMarketing","isPartOf":{"@id":"https:\/\/www.cidademarketing.com.br\/marketing\/#website"},"primaryImageOfPage":{"@id":"https:\/\/www.cidademarketing.com.br\/marketing\/2019\/05\/28\/com-bom-humor-tiago-leifert-divulga-novo-pos-pago-da-claro-com-cobertura-internacional\/#primaryimage"},"image":{"@id":"https:\/\/www.cidademarketing.com.br\/marketing\/2019\/05\/28\/com-bom-humor-tiago-leifert-divulga-novo-pos-pago-da-claro-com-cobertura-internacional\/#primaryimage"},"thumbnailUrl":"https:\/\/www.cidademarketing.com.br\/marketing\/wp-content\/uploads\/2019\/05\/claro_operadora.jpg","datePublished":"2019-05-28T14:00:46+00:00","dateModified":"2019-05-28T14:00:49+00:00","breadcrumb":{"@id":"https:\/\/www.cidademarketing.com.br\/marketing\/2019\/05\/28\/com-bom-humor-tiago-leifert-divulga-novo-pos-pago-da-claro-com-cobertura-internacional\/#breadcrumb"},"inLanguage":"pt-BR","potentialAction":[{"@type":"ReadAction","target":["https:\/\/www.cidademarketing.com.br\/marketing\/2019\/05\/28\/com-bom-humor-tiago-leifert-divulga-novo-pos-pago-da-claro-com-cobertura-internacional\/"]}]},{"@type":"ImageObject","inLanguage":"pt-BR","@id":"https:\/\/www.cidademarketing.com.br\/marketing\/2019\/05\/28\/com-bom-humor-tiago-leifert-divulga-novo-pos-pago-da-claro-com-cobertura-internacional\/#primaryimage","url":"https:\/\/www.cidademarketing.com.br\/marketing\/wp-content\/uploads\/2019\/05\/claro_operadora.jpg","contentUrl":"https:\/\/www.cidademarketing.com.br\/marketing\/wp-content\/uploads\/2019\/05\/claro_operadora.jpg","width":737,"height":385,"caption":"Reprodu\u00e7\u00e3o"},{"@type":"BreadcrumbList","@id":"https:\/\/www.cidademarketing.com.br\/marketing\/2019\/05\/28\/com-bom-humor-tiago-leifert-divulga-novo-pos-pago-da-claro-com-cobertura-internacional\/#breadcrumb","itemListElement":[{"@type":"ListItem","position":1,"name":"In\u00edcio","item":"https:\/\/www.cidademarketing.com.br\/marketing\/"},{"@type":"ListItem","position":2,"name":"Com bom humor, Tiago Leifert divulga novo p\u00f3s-pago da Claro com cobertura internacional"}]},{"@type":"WebSite","@id":"https:\/\/www.cidademarketing.com.br\/marketing\/#website","url":"https:\/\/www.cidademarketing.com.br\/marketing\/","name":"CidadeMarketing","description":"Somos um ve\u00edculo de comunica\u00e7\u00e3o de destaque no Brasil, reconhecido por conte\u00fados nos segmentos de marketing, empreendedorismo e inova\u00e7\u00e3o.","publisher":{"@id":"https:\/\/www.cidademarketing.com.br\/marketing\/#organization"},"alternateName":"CidadeMarketing","potentialAction":[{"@type":"SearchAction","target":{"@type":"EntryPoint","urlTemplate":"https:\/\/www.cidademarketing.com.br\/marketing\/?s={search_term_string}"},"query-input":{"@type":"PropertyValueSpecification","valueRequired":true,"valueName":"search_term_string"}}],"inLanguage":"pt-BR"},{"@type":"Organization","@id":"https:\/\/www.cidademarketing.com.br\/marketing\/#organization","name":"CidadeMarketing","alternateName":"CidadeMarketing","url":"https:\/\/www.cidademarketing.com.br\/marketing\/","logo":{"@type":"ImageObject","inLanguage":"pt-BR","@id":"https:\/\/www.cidademarketing.com.br\/marketing\/#\/schema\/logo\/image\/","url":"https:\/\/www.cidademarketing.com.br\/marketing\/wp-content\/uploads\/2020\/01\/cidademarketing_marca_mobile.png","contentUrl":"https:\/\/www.cidademarketing.com.br\/marketing\/wp-content\/uploads\/2020\/01\/cidademarketing_marca_mobile.png","width":230,"height":92,"caption":"CidadeMarketing"},"image":{"@id":"https:\/\/www.cidademarketing.com.br\/marketing\/#\/schema\/logo\/image\/"},"sameAs":["https:\/\/www.facebook.com\/portalcidademarketing","https:\/\/x.com\/CidadeMarketing","https:\/\/www.instagram.com\/cidademarketing\/"]},{"@type":"Person","@id":"https:\/\/www.cidademarketing.com.br\/marketing\/#\/schema\/person\/02daff9f18bd9378c9e01eb6b2db155f","name":"Thales Brand\u00e3o","image":{"@type":"ImageObject","inLanguage":"pt-BR","@id":"https:\/\/secure.gravatar.com\/avatar\/7ca3206950207cc3cb48feec56a8a7898741ab725c368d99d5d7a5a50aab80c6?s=96&d=mm&r=g","url":"https:\/\/secure.gravatar.com\/avatar\/7ca3206950207cc3cb48feec56a8a7898741ab725c368d99d5d7a5a50aab80c6?s=96&d=mm&r=g","contentUrl":"https:\/\/secure.gravatar.com\/avatar\/7ca3206950207cc3cb48feec56a8a7898741ab725c368d99d5d7a5a50aab80c6?s=96&d=mm&r=g","caption":"Thales Brand\u00e3o"},"description":"Editor Executivo do Portal CidadeMarketing.com.br &gt; Mestre em Comunica\u00e7\u00e3o e Sociedade pela Universidade Federal de Sergipe. Possui MBA Executivo em Administra\u00e7\u00e3o com \u00eanfase em Marketing pela Funda\u00e7\u00e3o Get\u00falio Vargas - Rio de Janeiro. Consultor, Palestrante e Pesquisador sobre Empreendedorismo, Marketing, Redes Sociais e Neg\u00f3cios Digitais. Professor, Palestrante TedxTalks e Campus Party. Twitter: @ThalesBrandao","sameAs":["http:\/\/www.mandacaru.com.br","https:\/\/www.facebook.com\/thalesbrandao","http:\/\/www.instagram.com.br\/thalesbrandaoferreira","https:\/\/www.linkedin.com\/in\/thales-brand\u00e3o-3948609\/","https:\/\/x.com\/http:\/\/www.twitter.com\/thalesbrandao"],"url":"https:\/\/www.cidademarketing.com.br\/marketing\/author\/thalesbrandao\/"}]}},"amp_enabled":true,"_links":{"self":[{"href":"https:\/\/www.cidademarketing.com.br\/marketing\/wp-json\/wp\/v2\/posts\/8612","targetHints":{"allow":["GET"]}}],"collection":[{"href":"https:\/\/www.cidademarketing.com.br\/marketing\/wp-json\/wp\/v2\/posts"}],"about":[{"href":"https:\/\/www.cidademarketing.com.br\/marketing\/wp-json\/wp\/v2\/types\/post"}],"author":[{"embeddable":true,"href":"https:\/\/www.cidademarketing.com.br\/marketing\/wp-json\/wp\/v2\/users\/1"}],"replies":[{"embeddable":true,"href":"https:\/\/www.cidademarketing.com.br\/marketing\/wp-json\/wp\/v2\/comments?post=8612"}],"version-history":[{"count":1,"href":"https:\/\/www.cidademarketing.com.br\/marketing\/wp-json\/wp\/v2\/posts\/8612\/revisions"}],"predecessor-version":[{"id":8614,"href":"https:\/\/www.cidademarketing.com.br\/marketing\/wp-json\/wp\/v2\/posts\/8612\/revisions\/8614"}],"wp:featuredmedia":[{"embeddable":true,"href":"https:\/\/www.cidademarketing.com.br\/marketing\/wp-json\/wp\/v2\/media\/8613"}],"wp:attachment":[{"href":"https:\/\/www.cidademarketing.com.br\/marketing\/wp-json\/wp\/v2\/media?parent=8612"}],"wp:term":[{"taxonomy":"category","embeddable":true,"href":"https:\/\/www.cidademarketing.com.br\/marketing\/wp-json\/wp\/v2\/categories?post=8612"},{"taxonomy":"post_tag","embeddable":true,"href":"https:\/\/www.cidademarketing.com.br\/marketing\/wp-json\/wp\/v2\/tags?post=8612"}],"curies":[{"name":"wp","href":"https:\/\/api.w.org\/{rel}","templated":true}]}}