{"id":8597,"date":"2019-05-28T06:37:10","date_gmt":"2019-05-28T02:37:10","guid":{"rendered":"http:\/\/www.cidademarketing.com.br\/marketing\/?p=8597"},"modified":"2019-05-28T06:37:13","modified_gmt":"2019-05-28T02:37:13","slug":"fiat-chrysler-fca-confirma-investimentos-de-r-16-bilhoes-no-brasil-ate-2024","status":"publish","type":"post","link":"https:\/\/www.cidademarketing.com.br\/marketing\/2019\/05\/28\/fiat-chrysler-fca-confirma-investimentos-de-r-16-bilhoes-no-brasil-ate-2024\/","title":{"rendered":"Fiat Chrysler (FCA) confirma investimentos de R$ 16 bilh\u00f5es no Brasil at\u00e9 2024"},"content":{"rendered":"\n<p>O <em>chairman<\/em> da Fiat Chrysler Automobiles (FCA), John Elkann, o CEO global do grupo, Mike Manley, e o COO da empresa para a Am\u00e9rica Latina, Antonio Filosa, expressaram semana passada (23.05) confian\u00e7a no Brasil e apoio \u00e0 determina\u00e7\u00e3o do presidente Jair Bolsonaro e seu governo em aprovar um conjunto de reformas para estabilizar as contas p\u00fablicas e promover o desenvolvimento sustentado do pa\u00eds.<\/p>\n\n\n\n<p>Durante audi\u00eancia com o presidente Jair Bolsonaro e o ministro da Economia Paulo Guedes, o <em>chairman<\/em> da FCA destacou:&nbsp;\u201cA FCA sempre acreditou no Brasil, pa\u00eds no qual decidiu instalar-se em 1973. Nossa confian\u00e7a se renova ao enxergarmos com grande otimismo a determina\u00e7\u00e3o do governo brasileiro em aprovar as reformas estruturais t\u00e3o necess\u00e1rias para a retomada do crescimento econ\u00f4mico e para a melhoria da competitividade do pa\u00eds\u201d, afirmou John Elkann.<\/p>\n\n\n\n<p>Ele assegurou ao presidente da Rep\u00fablica que fez quest\u00e3o de visitar o pa\u00eds neste momento para expressar o otimismo da FCA com as perspectivas da economia e do desenvolvimento. O CEO da FCA, Mike Manley, confirmou ao presidente Jair Bolsonaro o plano de investimentos do grupo no Brasil, em um ciclo de desenvolvimento e lan\u00e7amento de novos ve\u00edculos que se estender\u00e1 at\u00e9 2024. \u201cO Brasil tem grande import\u00e2ncia estrat\u00e9gica para as opera\u00e7\u00f5es globais da FCA\u201d, afirmou Mike Manley.<\/p>\n\n\n\n<p>Detentora das marcas Fiat, Jeep e Ram, entre outras, a FCA confirmou investimentos de R$ 16 bilh\u00f5es&nbsp;no Brasil at\u00e9 2024. Os recursos se destinam ao desenvolvimento e lan\u00e7amento de novos ve\u00edculos, produ\u00e7\u00e3o de novos motores, incorpora\u00e7\u00e3o de novas tecnologia embarcadas nos ve\u00edculos, novos sistemas de produ\u00e7\u00e3o baseados na Ind\u00fastria 4.0 &nbsp;e novas instala\u00e7\u00f5es industriais, conforme explicou o COO da FCA para a Am\u00e9rica Latina, Antonio Filosa. A FCA tem f\u00e1bricas em Minas Gerais, Pernambuco e Paran\u00e1.<\/p>\n","protected":false},"excerpt":{"rendered":"<p>O chairman da Fiat Chrysler Automobiles (FCA), John Elkann, o CEO global do grupo, Mike Manley, e o COO da empresa para a Am\u00e9rica Latina, Antonio Filosa, expressaram semana passada (23.05) confian\u00e7a no Brasil e apoio \u00e0 determina\u00e7\u00e3o do presidente Jair Bolsonaro e seu governo em aprovar um conjunto de reformas para estabilizar as contas [&hellip;]<\/p>\n","protected":false},"author":1,"featured_media":8598,"comment_status":"open","ping_status":"open","sticky":false,"template":"","format":"standard","meta":{"tdm_status":"","tdm_grid_status":"","footnotes":""},"categories":[6],"tags":[1900,1585,356,39,28],"class_list":["post-8597","post","type-post","status-publish","format-standard","has-post-thumbnail","hentry","category-noticias","tag-chrysler","tag-fca","tag-fiat","tag-investimento","tag-marketing"],"yoast_head":"<!-- This site is optimized with the Yoast SEO plugin v27.5 - https:\/\/yoast.com\/product\/yoast-seo-wordpress\/ -->\n<title>Fiat Chrysler (FCA) confirma investimentos de R$ 16 bilh\u00f5es no Brasil at\u00e9 2024 - CidadeMarketing<\/title>\n<meta name=\"robots\" content=\"index, follow, max-snippet:-1, max-image-preview:large, max-video-preview:-1\" \/>\n<link rel=\"canonical\" href=\"https:\/\/www.cidademarketing.com.br\/marketing\/2019\/05\/28\/fiat-chrysler-fca-confirma-investimentos-de-r-16-bilhoes-no-brasil-ate-2024\/\" \/>\n<meta property=\"og:locale\" content=\"pt_BR\" \/>\n<meta property=\"og:type\" content=\"article\" \/>\n<meta property=\"og:title\" content=\"Fiat Chrysler (FCA) confirma investimentos de R$ 16 bilh\u00f5es no Brasil at\u00e9 2024 - CidadeMarketing\" \/>\n<meta property=\"og:description\" content=\"O chairman da Fiat Chrysler Automobiles (FCA), John Elkann, o CEO global do grupo, Mike Manley, e o COO da empresa para a Am\u00e9rica Latina, Antonio Filosa, expressaram semana passada (23.05) confian\u00e7a no Brasil e apoio \u00e0 determina\u00e7\u00e3o do presidente Jair Bolsonaro e seu governo em aprovar um conjunto de reformas para estabilizar as contas [&hellip;]\" \/>\n<meta property=\"og:url\" content=\"https:\/\/www.cidademarketing.com.br\/marketing\/2019\/05\/28\/fiat-chrysler-fca-confirma-investimentos-de-r-16-bilhoes-no-brasil-ate-2024\/\" \/>\n<meta property=\"og:site_name\" content=\"CidadeMarketing\" \/>\n<meta property=\"article:publisher\" content=\"https:\/\/www.facebook.com\/portalcidademarketing\" \/>\n<meta property=\"article:author\" content=\"https:\/\/www.facebook.com\/thalesbrandao\" \/>\n<meta property=\"article:published_time\" content=\"2019-05-28T02:37:10+00:00\" \/>\n<meta property=\"article:modified_time\" content=\"2019-05-28T02:37:13+00:00\" \/>\n<meta property=\"og:image\" content=\"https:\/\/www.cidademarketing.com.br\/marketing\/wp-content\/uploads\/2019\/05\/fca.jpg\" \/>\n\t<meta property=\"og:image:width\" content=\"3506\" \/>\n\t<meta property=\"og:image:height\" content=\"1978\" \/>\n\t<meta property=\"og:image:type\" content=\"image\/jpeg\" \/>\n<meta name=\"author\" content=\"Thales Brand\u00e3o\" \/>\n<meta name=\"twitter:card\" content=\"summary_large_image\" \/>\n<meta name=\"twitter:creator\" content=\"@http:\/\/www.twitter.com\/thalesbrandao\" \/>\n<meta name=\"twitter:site\" content=\"@CidadeMarketing\" \/>\n<meta name=\"twitter:label1\" content=\"Escrito por\" \/>\n\t<meta name=\"twitter:data1\" content=\"Thales Brand\u00e3o\" \/>\n\t<meta name=\"twitter:label2\" content=\"Est. tempo de leitura\" \/>\n\t<meta name=\"twitter:data2\" content=\"2 minutos\" \/>\n<script type=\"application\/ld+json\" class=\"yoast-schema-graph\">{\"@context\":\"https:\\\/\\\/schema.org\",\"@graph\":[{\"@type\":\"Article\",\"@id\":\"https:\\\/\\\/www.cidademarketing.com.br\\\/marketing\\\/2019\\\/05\\\/28\\\/fiat-chrysler-fca-confirma-investimentos-de-r-16-bilhoes-no-brasil-ate-2024\\\/#article\",\"isPartOf\":{\"@id\":\"https:\\\/\\\/www.cidademarketing.com.br\\\/marketing\\\/2019\\\/05\\\/28\\\/fiat-chrysler-fca-confirma-investimentos-de-r-16-bilhoes-no-brasil-ate-2024\\\/\"},\"author\":{\"name\":\"Thales Brand\u00e3o\",\"@id\":\"https:\\\/\\\/www.cidademarketing.com.br\\\/marketing\\\/#\\\/schema\\\/person\\\/02daff9f18bd9378c9e01eb6b2db155f\"},\"headline\":\"Fiat Chrysler (FCA) confirma investimentos de R$ 16 bilh\u00f5es no Brasil at\u00e9 2024\",\"datePublished\":\"2019-05-28T02:37:10+00:00\",\"dateModified\":\"2019-05-28T02:37:13+00:00\",\"mainEntityOfPage\":{\"@id\":\"https:\\\/\\\/www.cidademarketing.com.br\\\/marketing\\\/2019\\\/05\\\/28\\\/fiat-chrysler-fca-confirma-investimentos-de-r-16-bilhoes-no-brasil-ate-2024\\\/\"},\"wordCount\":328,\"commentCount\":0,\"publisher\":{\"@id\":\"https:\\\/\\\/www.cidademarketing.com.br\\\/marketing\\\/#organization\"},\"image\":{\"@id\":\"https:\\\/\\\/www.cidademarketing.com.br\\\/marketing\\\/2019\\\/05\\\/28\\\/fiat-chrysler-fca-confirma-investimentos-de-r-16-bilhoes-no-brasil-ate-2024\\\/#primaryimage\"},\"thumbnailUrl\":\"https:\\\/\\\/www.cidademarketing.com.br\\\/marketing\\\/wp-content\\\/uploads\\\/2019\\\/05\\\/fca.jpg\",\"keywords\":[\"Chrysler\",\"FCA\",\"Fiat\",\"investimento\",\"marketing\"],\"articleSection\":[\"Not\u00edcias\"],\"inLanguage\":\"pt-BR\",\"potentialAction\":[{\"@type\":\"CommentAction\",\"name\":\"Comment\",\"target\":[\"https:\\\/\\\/www.cidademarketing.com.br\\\/marketing\\\/2019\\\/05\\\/28\\\/fiat-chrysler-fca-confirma-investimentos-de-r-16-bilhoes-no-brasil-ate-2024\\\/#respond\"]}]},{\"@type\":\"WebPage\",\"@id\":\"https:\\\/\\\/www.cidademarketing.com.br\\\/marketing\\\/2019\\\/05\\\/28\\\/fiat-chrysler-fca-confirma-investimentos-de-r-16-bilhoes-no-brasil-ate-2024\\\/\",\"url\":\"https:\\\/\\\/www.cidademarketing.com.br\\\/marketing\\\/2019\\\/05\\\/28\\\/fiat-chrysler-fca-confirma-investimentos-de-r-16-bilhoes-no-brasil-ate-2024\\\/\",\"name\":\"Fiat Chrysler (FCA) confirma investimentos de R$ 16 bilh\u00f5es no Brasil at\u00e9 2024 - CidadeMarketing\",\"isPartOf\":{\"@id\":\"https:\\\/\\\/www.cidademarketing.com.br\\\/marketing\\\/#website\"},\"primaryImageOfPage\":{\"@id\":\"https:\\\/\\\/www.cidademarketing.com.br\\\/marketing\\\/2019\\\/05\\\/28\\\/fiat-chrysler-fca-confirma-investimentos-de-r-16-bilhoes-no-brasil-ate-2024\\\/#primaryimage\"},\"image\":{\"@id\":\"https:\\\/\\\/www.cidademarketing.com.br\\\/marketing\\\/2019\\\/05\\\/28\\\/fiat-chrysler-fca-confirma-investimentos-de-r-16-bilhoes-no-brasil-ate-2024\\\/#primaryimage\"},\"thumbnailUrl\":\"https:\\\/\\\/www.cidademarketing.com.br\\\/marketing\\\/wp-content\\\/uploads\\\/2019\\\/05\\\/fca.jpg\",\"datePublished\":\"2019-05-28T02:37:10+00:00\",\"dateModified\":\"2019-05-28T02:37:13+00:00\",\"breadcrumb\":{\"@id\":\"https:\\\/\\\/www.cidademarketing.com.br\\\/marketing\\\/2019\\\/05\\\/28\\\/fiat-chrysler-fca-confirma-investimentos-de-r-16-bilhoes-no-brasil-ate-2024\\\/#breadcrumb\"},\"inLanguage\":\"pt-BR\",\"potentialAction\":[{\"@type\":\"ReadAction\",\"target\":[\"https:\\\/\\\/www.cidademarketing.com.br\\\/marketing\\\/2019\\\/05\\\/28\\\/fiat-chrysler-fca-confirma-investimentos-de-r-16-bilhoes-no-brasil-ate-2024\\\/\"]}]},{\"@type\":\"ImageObject\",\"inLanguage\":\"pt-BR\",\"@id\":\"https:\\\/\\\/www.cidademarketing.com.br\\\/marketing\\\/2019\\\/05\\\/28\\\/fiat-chrysler-fca-confirma-investimentos-de-r-16-bilhoes-no-brasil-ate-2024\\\/#primaryimage\",\"url\":\"https:\\\/\\\/www.cidademarketing.com.br\\\/marketing\\\/wp-content\\\/uploads\\\/2019\\\/05\\\/fca.jpg\",\"contentUrl\":\"https:\\\/\\\/www.cidademarketing.com.br\\\/marketing\\\/wp-content\\\/uploads\\\/2019\\\/05\\\/fca.jpg\",\"width\":3506,\"height\":1978,\"caption\":\"(Bras\u00edlia - DF, 22\\\/05\\\/2019) Presidente da Rep\u00fablica, Jair Bolsonaro durante audi\u00eancia com Paulo Guedes, Ministro de Estado da Economia; Michael Manley, Presidente Mundial da FCA Fiat Chrysler Automobiles; John Elkann, Presidente do Conselho de Administra\u00e7\u00e3o do Grupo FCA Fiat Chrysler Automobiles, e Antonio Filosa, Presidente da Fiat Chrysler Automobiles para Am\u00e9rica Latina. Foto: Marcos Corr\u00eaa\\\/PR\"},{\"@type\":\"BreadcrumbList\",\"@id\":\"https:\\\/\\\/www.cidademarketing.com.br\\\/marketing\\\/2019\\\/05\\\/28\\\/fiat-chrysler-fca-confirma-investimentos-de-r-16-bilhoes-no-brasil-ate-2024\\\/#breadcrumb\",\"itemListElement\":[{\"@type\":\"ListItem\",\"position\":1,\"name\":\"In\u00edcio\",\"item\":\"https:\\\/\\\/www.cidademarketing.com.br\\\/marketing\\\/\"},{\"@type\":\"ListItem\",\"position\":2,\"name\":\"Fiat Chrysler (FCA) confirma investimentos de R$ 16 bilh\u00f5es no Brasil at\u00e9 2024\"}]},{\"@type\":\"WebSite\",\"@id\":\"https:\\\/\\\/www.cidademarketing.com.br\\\/marketing\\\/#website\",\"url\":\"https:\\\/\\\/www.cidademarketing.com.br\\\/marketing\\\/\",\"name\":\"CidadeMarketing\",\"description\":\"Somos um ve\u00edculo de comunica\u00e7\u00e3o de destaque no Brasil, reconhecido por conte\u00fados nos segmentos de marketing, empreendedorismo e inova\u00e7\u00e3o.\",\"publisher\":{\"@id\":\"https:\\\/\\\/www.cidademarketing.com.br\\\/marketing\\\/#organization\"},\"alternateName\":\"CidadeMarketing\",\"potentialAction\":[{\"@type\":\"SearchAction\",\"target\":{\"@type\":\"EntryPoint\",\"urlTemplate\":\"https:\\\/\\\/www.cidademarketing.com.br\\\/marketing\\\/?s={search_term_string}\"},\"query-input\":{\"@type\":\"PropertyValueSpecification\",\"valueRequired\":true,\"valueName\":\"search_term_string\"}}],\"inLanguage\":\"pt-BR\"},{\"@type\":\"Organization\",\"@id\":\"https:\\\/\\\/www.cidademarketing.com.br\\\/marketing\\\/#organization\",\"name\":\"CidadeMarketing\",\"alternateName\":\"CidadeMarketing\",\"url\":\"https:\\\/\\\/www.cidademarketing.com.br\\\/marketing\\\/\",\"logo\":{\"@type\":\"ImageObject\",\"inLanguage\":\"pt-BR\",\"@id\":\"https:\\\/\\\/www.cidademarketing.com.br\\\/marketing\\\/#\\\/schema\\\/logo\\\/image\\\/\",\"url\":\"https:\\\/\\\/www.cidademarketing.com.br\\\/marketing\\\/wp-content\\\/uploads\\\/2020\\\/01\\\/cidademarketing_marca_mobile.png\",\"contentUrl\":\"https:\\\/\\\/www.cidademarketing.com.br\\\/marketing\\\/wp-content\\\/uploads\\\/2020\\\/01\\\/cidademarketing_marca_mobile.png\",\"width\":230,\"height\":92,\"caption\":\"CidadeMarketing\"},\"image\":{\"@id\":\"https:\\\/\\\/www.cidademarketing.com.br\\\/marketing\\\/#\\\/schema\\\/logo\\\/image\\\/\"},\"sameAs\":[\"https:\\\/\\\/www.facebook.com\\\/portalcidademarketing\",\"https:\\\/\\\/x.com\\\/CidadeMarketing\",\"https:\\\/\\\/www.instagram.com\\\/cidademarketing\\\/\"]},{\"@type\":\"Person\",\"@id\":\"https:\\\/\\\/www.cidademarketing.com.br\\\/marketing\\\/#\\\/schema\\\/person\\\/02daff9f18bd9378c9e01eb6b2db155f\",\"name\":\"Thales Brand\u00e3o\",\"image\":{\"@type\":\"ImageObject\",\"inLanguage\":\"pt-BR\",\"@id\":\"https:\\\/\\\/secure.gravatar.com\\\/avatar\\\/7ca3206950207cc3cb48feec56a8a7898741ab725c368d99d5d7a5a50aab80c6?s=96&d=mm&r=g\",\"url\":\"https:\\\/\\\/secure.gravatar.com\\\/avatar\\\/7ca3206950207cc3cb48feec56a8a7898741ab725c368d99d5d7a5a50aab80c6?s=96&d=mm&r=g\",\"contentUrl\":\"https:\\\/\\\/secure.gravatar.com\\\/avatar\\\/7ca3206950207cc3cb48feec56a8a7898741ab725c368d99d5d7a5a50aab80c6?s=96&d=mm&r=g\",\"caption\":\"Thales Brand\u00e3o\"},\"description\":\"Editor Executivo do Portal CidadeMarketing.com.br &gt; Mestre em Comunica\u00e7\u00e3o e Sociedade pela Universidade Federal de Sergipe. Possui MBA Executivo em Administra\u00e7\u00e3o com \u00eanfase em Marketing pela Funda\u00e7\u00e3o Get\u00falio Vargas - Rio de Janeiro. Consultor, Palestrante e Pesquisador sobre Empreendedorismo, Marketing, Redes Sociais e Neg\u00f3cios Digitais. Professor, Palestrante TedxTalks e Campus Party. Twitter: @ThalesBrandao\",\"sameAs\":[\"http:\\\/\\\/www.mandacaru.com.br\",\"https:\\\/\\\/www.facebook.com\\\/thalesbrandao\",\"http:\\\/\\\/www.instagram.com.br\\\/thalesbrandaoferreira\",\"https:\\\/\\\/www.linkedin.com\\\/in\\\/thales-brand\u00e3o-3948609\\\/\",\"https:\\\/\\\/x.com\\\/http:\\\/\\\/www.twitter.com\\\/thalesbrandao\"],\"url\":\"https:\\\/\\\/www.cidademarketing.com.br\\\/marketing\\\/author\\\/thalesbrandao\\\/\"}]}<\/script>\n<!-- \/ Yoast SEO plugin. -->","yoast_head_json":{"title":"Fiat Chrysler (FCA) confirma investimentos de R$ 16 bilh\u00f5es no Brasil at\u00e9 2024 - CidadeMarketing","robots":{"index":"index","follow":"follow","max-snippet":"max-snippet:-1","max-image-preview":"max-image-preview:large","max-video-preview":"max-video-preview:-1"},"canonical":"https:\/\/www.cidademarketing.com.br\/marketing\/2019\/05\/28\/fiat-chrysler-fca-confirma-investimentos-de-r-16-bilhoes-no-brasil-ate-2024\/","og_locale":"pt_BR","og_type":"article","og_title":"Fiat Chrysler (FCA) confirma investimentos de R$ 16 bilh\u00f5es no Brasil at\u00e9 2024 - CidadeMarketing","og_description":"O chairman da Fiat Chrysler Automobiles (FCA), John Elkann, o CEO global do grupo, Mike Manley, e o COO da empresa para a Am\u00e9rica Latina, Antonio Filosa, expressaram semana passada (23.05) confian\u00e7a no Brasil e apoio \u00e0 determina\u00e7\u00e3o do presidente Jair Bolsonaro e seu governo em aprovar um conjunto de reformas para estabilizar as contas [&hellip;]","og_url":"https:\/\/www.cidademarketing.com.br\/marketing\/2019\/05\/28\/fiat-chrysler-fca-confirma-investimentos-de-r-16-bilhoes-no-brasil-ate-2024\/","og_site_name":"CidadeMarketing","article_publisher":"https:\/\/www.facebook.com\/portalcidademarketing","article_author":"https:\/\/www.facebook.com\/thalesbrandao","article_published_time":"2019-05-28T02:37:10+00:00","article_modified_time":"2019-05-28T02:37:13+00:00","og_image":[{"width":3506,"height":1978,"url":"https:\/\/www.cidademarketing.com.br\/marketing\/wp-content\/uploads\/2019\/05\/fca.jpg","type":"image\/jpeg"}],"author":"Thales Brand\u00e3o","twitter_card":"summary_large_image","twitter_creator":"@http:\/\/www.twitter.com\/thalesbrandao","twitter_site":"@CidadeMarketing","twitter_misc":{"Escrito por":"Thales Brand\u00e3o","Est. tempo de leitura":"2 minutos"},"schema":{"@context":"https:\/\/schema.org","@graph":[{"@type":"Article","@id":"https:\/\/www.cidademarketing.com.br\/marketing\/2019\/05\/28\/fiat-chrysler-fca-confirma-investimentos-de-r-16-bilhoes-no-brasil-ate-2024\/#article","isPartOf":{"@id":"https:\/\/www.cidademarketing.com.br\/marketing\/2019\/05\/28\/fiat-chrysler-fca-confirma-investimentos-de-r-16-bilhoes-no-brasil-ate-2024\/"},"author":{"name":"Thales Brand\u00e3o","@id":"https:\/\/www.cidademarketing.com.br\/marketing\/#\/schema\/person\/02daff9f18bd9378c9e01eb6b2db155f"},"headline":"Fiat Chrysler (FCA) confirma investimentos de R$ 16 bilh\u00f5es no Brasil at\u00e9 2024","datePublished":"2019-05-28T02:37:10+00:00","dateModified":"2019-05-28T02:37:13+00:00","mainEntityOfPage":{"@id":"https:\/\/www.cidademarketing.com.br\/marketing\/2019\/05\/28\/fiat-chrysler-fca-confirma-investimentos-de-r-16-bilhoes-no-brasil-ate-2024\/"},"wordCount":328,"commentCount":0,"publisher":{"@id":"https:\/\/www.cidademarketing.com.br\/marketing\/#organization"},"image":{"@id":"https:\/\/www.cidademarketing.com.br\/marketing\/2019\/05\/28\/fiat-chrysler-fca-confirma-investimentos-de-r-16-bilhoes-no-brasil-ate-2024\/#primaryimage"},"thumbnailUrl":"https:\/\/www.cidademarketing.com.br\/marketing\/wp-content\/uploads\/2019\/05\/fca.jpg","keywords":["Chrysler","FCA","Fiat","investimento","marketing"],"articleSection":["Not\u00edcias"],"inLanguage":"pt-BR","potentialAction":[{"@type":"CommentAction","name":"Comment","target":["https:\/\/www.cidademarketing.com.br\/marketing\/2019\/05\/28\/fiat-chrysler-fca-confirma-investimentos-de-r-16-bilhoes-no-brasil-ate-2024\/#respond"]}]},{"@type":"WebPage","@id":"https:\/\/www.cidademarketing.com.br\/marketing\/2019\/05\/28\/fiat-chrysler-fca-confirma-investimentos-de-r-16-bilhoes-no-brasil-ate-2024\/","url":"https:\/\/www.cidademarketing.com.br\/marketing\/2019\/05\/28\/fiat-chrysler-fca-confirma-investimentos-de-r-16-bilhoes-no-brasil-ate-2024\/","name":"Fiat Chrysler (FCA) confirma investimentos de R$ 16 bilh\u00f5es no Brasil at\u00e9 2024 - CidadeMarketing","isPartOf":{"@id":"https:\/\/www.cidademarketing.com.br\/marketing\/#website"},"primaryImageOfPage":{"@id":"https:\/\/www.cidademarketing.com.br\/marketing\/2019\/05\/28\/fiat-chrysler-fca-confirma-investimentos-de-r-16-bilhoes-no-brasil-ate-2024\/#primaryimage"},"image":{"@id":"https:\/\/www.cidademarketing.com.br\/marketing\/2019\/05\/28\/fiat-chrysler-fca-confirma-investimentos-de-r-16-bilhoes-no-brasil-ate-2024\/#primaryimage"},"thumbnailUrl":"https:\/\/www.cidademarketing.com.br\/marketing\/wp-content\/uploads\/2019\/05\/fca.jpg","datePublished":"2019-05-28T02:37:10+00:00","dateModified":"2019-05-28T02:37:13+00:00","breadcrumb":{"@id":"https:\/\/www.cidademarketing.com.br\/marketing\/2019\/05\/28\/fiat-chrysler-fca-confirma-investimentos-de-r-16-bilhoes-no-brasil-ate-2024\/#breadcrumb"},"inLanguage":"pt-BR","potentialAction":[{"@type":"ReadAction","target":["https:\/\/www.cidademarketing.com.br\/marketing\/2019\/05\/28\/fiat-chrysler-fca-confirma-investimentos-de-r-16-bilhoes-no-brasil-ate-2024\/"]}]},{"@type":"ImageObject","inLanguage":"pt-BR","@id":"https:\/\/www.cidademarketing.com.br\/marketing\/2019\/05\/28\/fiat-chrysler-fca-confirma-investimentos-de-r-16-bilhoes-no-brasil-ate-2024\/#primaryimage","url":"https:\/\/www.cidademarketing.com.br\/marketing\/wp-content\/uploads\/2019\/05\/fca.jpg","contentUrl":"https:\/\/www.cidademarketing.com.br\/marketing\/wp-content\/uploads\/2019\/05\/fca.jpg","width":3506,"height":1978,"caption":"(Bras\u00edlia - DF, 22\/05\/2019) Presidente da Rep\u00fablica, Jair Bolsonaro durante audi\u00eancia com Paulo Guedes, Ministro de Estado da Economia; Michael Manley, Presidente Mundial da FCA Fiat Chrysler Automobiles; John Elkann, Presidente do Conselho de Administra\u00e7\u00e3o do Grupo FCA Fiat Chrysler Automobiles, e Antonio Filosa, Presidente da Fiat Chrysler Automobiles para Am\u00e9rica Latina. Foto: Marcos Corr\u00eaa\/PR"},{"@type":"BreadcrumbList","@id":"https:\/\/www.cidademarketing.com.br\/marketing\/2019\/05\/28\/fiat-chrysler-fca-confirma-investimentos-de-r-16-bilhoes-no-brasil-ate-2024\/#breadcrumb","itemListElement":[{"@type":"ListItem","position":1,"name":"In\u00edcio","item":"https:\/\/www.cidademarketing.com.br\/marketing\/"},{"@type":"ListItem","position":2,"name":"Fiat Chrysler (FCA) confirma investimentos de R$ 16 bilh\u00f5es no Brasil at\u00e9 2024"}]},{"@type":"WebSite","@id":"https:\/\/www.cidademarketing.com.br\/marketing\/#website","url":"https:\/\/www.cidademarketing.com.br\/marketing\/","name":"CidadeMarketing","description":"Somos um ve\u00edculo de comunica\u00e7\u00e3o de destaque no Brasil, reconhecido por conte\u00fados nos segmentos de marketing, empreendedorismo e inova\u00e7\u00e3o.","publisher":{"@id":"https:\/\/www.cidademarketing.com.br\/marketing\/#organization"},"alternateName":"CidadeMarketing","potentialAction":[{"@type":"SearchAction","target":{"@type":"EntryPoint","urlTemplate":"https:\/\/www.cidademarketing.com.br\/marketing\/?s={search_term_string}"},"query-input":{"@type":"PropertyValueSpecification","valueRequired":true,"valueName":"search_term_string"}}],"inLanguage":"pt-BR"},{"@type":"Organization","@id":"https:\/\/www.cidademarketing.com.br\/marketing\/#organization","name":"CidadeMarketing","alternateName":"CidadeMarketing","url":"https:\/\/www.cidademarketing.com.br\/marketing\/","logo":{"@type":"ImageObject","inLanguage":"pt-BR","@id":"https:\/\/www.cidademarketing.com.br\/marketing\/#\/schema\/logo\/image\/","url":"https:\/\/www.cidademarketing.com.br\/marketing\/wp-content\/uploads\/2020\/01\/cidademarketing_marca_mobile.png","contentUrl":"https:\/\/www.cidademarketing.com.br\/marketing\/wp-content\/uploads\/2020\/01\/cidademarketing_marca_mobile.png","width":230,"height":92,"caption":"CidadeMarketing"},"image":{"@id":"https:\/\/www.cidademarketing.com.br\/marketing\/#\/schema\/logo\/image\/"},"sameAs":["https:\/\/www.facebook.com\/portalcidademarketing","https:\/\/x.com\/CidadeMarketing","https:\/\/www.instagram.com\/cidademarketing\/"]},{"@type":"Person","@id":"https:\/\/www.cidademarketing.com.br\/marketing\/#\/schema\/person\/02daff9f18bd9378c9e01eb6b2db155f","name":"Thales Brand\u00e3o","image":{"@type":"ImageObject","inLanguage":"pt-BR","@id":"https:\/\/secure.gravatar.com\/avatar\/7ca3206950207cc3cb48feec56a8a7898741ab725c368d99d5d7a5a50aab80c6?s=96&d=mm&r=g","url":"https:\/\/secure.gravatar.com\/avatar\/7ca3206950207cc3cb48feec56a8a7898741ab725c368d99d5d7a5a50aab80c6?s=96&d=mm&r=g","contentUrl":"https:\/\/secure.gravatar.com\/avatar\/7ca3206950207cc3cb48feec56a8a7898741ab725c368d99d5d7a5a50aab80c6?s=96&d=mm&r=g","caption":"Thales Brand\u00e3o"},"description":"Editor Executivo do Portal CidadeMarketing.com.br &gt; Mestre em Comunica\u00e7\u00e3o e Sociedade pela Universidade Federal de Sergipe. Possui MBA Executivo em Administra\u00e7\u00e3o com \u00eanfase em Marketing pela Funda\u00e7\u00e3o Get\u00falio Vargas - Rio de Janeiro. Consultor, Palestrante e Pesquisador sobre Empreendedorismo, Marketing, Redes Sociais e Neg\u00f3cios Digitais. Professor, Palestrante TedxTalks e Campus Party. Twitter: @ThalesBrandao","sameAs":["http:\/\/www.mandacaru.com.br","https:\/\/www.facebook.com\/thalesbrandao","http:\/\/www.instagram.com.br\/thalesbrandaoferreira","https:\/\/www.linkedin.com\/in\/thales-brand\u00e3o-3948609\/","https:\/\/x.com\/http:\/\/www.twitter.com\/thalesbrandao"],"url":"https:\/\/www.cidademarketing.com.br\/marketing\/author\/thalesbrandao\/"}]}},"amp_enabled":true,"_links":{"self":[{"href":"https:\/\/www.cidademarketing.com.br\/marketing\/wp-json\/wp\/v2\/posts\/8597","targetHints":{"allow":["GET"]}}],"collection":[{"href":"https:\/\/www.cidademarketing.com.br\/marketing\/wp-json\/wp\/v2\/posts"}],"about":[{"href":"https:\/\/www.cidademarketing.com.br\/marketing\/wp-json\/wp\/v2\/types\/post"}],"author":[{"embeddable":true,"href":"https:\/\/www.cidademarketing.com.br\/marketing\/wp-json\/wp\/v2\/users\/1"}],"replies":[{"embeddable":true,"href":"https:\/\/www.cidademarketing.com.br\/marketing\/wp-json\/wp\/v2\/comments?post=8597"}],"version-history":[{"count":1,"href":"https:\/\/www.cidademarketing.com.br\/marketing\/wp-json\/wp\/v2\/posts\/8597\/revisions"}],"predecessor-version":[{"id":8599,"href":"https:\/\/www.cidademarketing.com.br\/marketing\/wp-json\/wp\/v2\/posts\/8597\/revisions\/8599"}],"wp:featuredmedia":[{"embeddable":true,"href":"https:\/\/www.cidademarketing.com.br\/marketing\/wp-json\/wp\/v2\/media\/8598"}],"wp:attachment":[{"href":"https:\/\/www.cidademarketing.com.br\/marketing\/wp-json\/wp\/v2\/media?parent=8597"}],"wp:term":[{"taxonomy":"category","embeddable":true,"href":"https:\/\/www.cidademarketing.com.br\/marketing\/wp-json\/wp\/v2\/categories?post=8597"},{"taxonomy":"post_tag","embeddable":true,"href":"https:\/\/www.cidademarketing.com.br\/marketing\/wp-json\/wp\/v2\/tags?post=8597"}],"curies":[{"name":"wp","href":"https:\/\/api.w.org\/{rel}","templated":true}]}}