{"id":8582,"date":"2019-05-28T00:33:40","date_gmt":"2019-05-27T20:33:40","guid":{"rendered":"http:\/\/www.cidademarketing.com.br\/marketing\/?p=8582"},"modified":"2019-05-28T00:33:42","modified_gmt":"2019-05-27T20:33:42","slug":"paris-nomeia-equipe-para-recriar-a-paisagem-da-torre-eiffel-usando-bim","status":"publish","type":"post","link":"https:\/\/www.cidademarketing.com.br\/marketing\/2019\/05\/28\/paris-nomeia-equipe-para-recriar-a-paisagem-da-torre-eiffel-usando-bim\/","title":{"rendered":"Paris nomeia equipe para recriar a paisagem da Torre Eiffel usando BIM"},"content":{"rendered":"\n<p>Em\num evento realizado recentemente na Prefeitura de Paris, Gustafson Porter +\nBowman foi nomeado o vencedor de uma competi\u00e7\u00e3o para reconstruir os arredores\nda Torre Eiffel &#8211; \u00e1rea que inclui os Jardins do Trocad\u00e9ro e Champ de Mars,\nassim como a Torre e sua esplanada. O an\u00fancio foi feito pela prefeita de Paris,\nAnne Hidalgo, juntamente com Jean-Louis Missika e Jean-Fran\u00e7ois Martins,\nvice-prefeitos de Paris.<\/p>\n\n\n\n<p>\u00a0No ano passado, a Autodesk\u00a0anunciou uma parceria\u00a0\u00a0com a Prefeitura de Paris para usar a metodologia BIM (Building Information Modeling) para criar um modelo 3D da \u00e1rea de \u00a02,4 km<sup>2\u00a0<\/sup>nos arredores da Torre.\u00a0 O modelo foi revelado em maio de 2018, juntamente com os nomes das quatro equipes selecionadas para competir para redesenhar a \u00e1rea:\u00a0Gustafson\u00a0Porter + Bowman e\u00a0BIM Services;\u00a0AL_A\u00a0e\u00a0Quatorze-ig;\u00a0Agence ter\u00a0e\u00a0Arcadis;\u00a0e\u00a0KOZ Architectes.<\/p>\n\n\n\n<p>\u00a0A Autodesk colaborou com as equipes durante o \u00faltimo ano para ajud\u00e1-las na viabiliza\u00e7\u00e3o de seus projetos, dando acesso a uma vers\u00e3o simplificada do modelo 3D no\u00a0Autodesk Infraworks\u00a0para que fosse utilizado durante os diferentes est\u00e1gios do processo. A empresa tamb\u00e9m realizou workshops para ajudar as equipes a colaborar internamente e entender os desafios existentes, bem como definir os m\u00e9todos de trabalho para a integra\u00e7\u00e3o dos modelos.<\/p>\n\n\n\n<p>&nbsp;&#8220;A\nAutodesk se orgulha de ter apoiado, ao longo de um ano, o projeto conduzido\npela prefeitura de Paris e as quatro equipes selecionadas para a competi\u00e7\u00e3o, em\ntorno deste projeto de grande escala, \u00fanico no mundo. O uso de um modelo\ndigital inteligente, ferramentas de visualiza\u00e7\u00e3o 3D imersivas e metodologias\ncolaborativas aceleraram significativamente a tomada de decis\u00f5es e reduziram\nerros potenciais. Assim, os membros do j\u00fari foram capazes de mergulhar\nvirtualmente nos projetos para visualizar todas as etapas propostas, al\u00e9m de\nsentir e experimentar a jornada futura dos visitantes. Parabenizamos \u00e0 cidade\nde Paris por seu compromisso com este desafio digital, a equipe vencedora e\ntodos os finalistas por adotarem m\u00e9todos que ilustram o futuro da arquitetura e\nda constru\u00e7\u00e3o civil &#8220;, disse Nicolas Mangon, vice-presidente de Neg\u00f3cios e\nMarketing da Autodesk.<\/p>\n\n\n\n<p>A renova\u00e7\u00e3o da \u00e1rea da\nTorre Eiffel est\u00e1 prevista para ser conclu\u00edda em tempo dos Jogos Ol\u00edmpicos de\nVer\u00e3o de 2024 e antes de outros grandes eventos que acontecer\u00e3o na regi\u00e3o, como\na Exposi\u00e7\u00e3o Universal 2025 e a Ta\u00e7a do Mundo de Rugby 2026. A reforma n\u00e3o \u00e9\napenas est\u00e9tica, no entanto. Esta revitaliza\u00e7\u00e3o ajudar\u00e1 Paris a enfrentar\ndesafios crescentes relacionados \u00e0 energia, \u00e1reas verdes, redes de\nabastecimento, mobilidade, log\u00edstica, gerenciamento de res\u00edduos, seguran\u00e7a e\ninunda\u00e7\u00f5es.<\/p>\n\n\n\n<p>&nbsp;Agora que a\nequipe vencedora foi revelada, o p\u00fablico \u00e9 convidado a compartilhar sua opini\u00e3o\nsobre o design. Todos os quatro projetos estar\u00e3o em exibi\u00e7\u00e3o no Pavillon de\nl&#8217;Arsenal em uma exposi\u00e7\u00e3o de um m\u00eas. A equipe vencedora considerar\u00e1 a opini\u00e3o\nda popula\u00e7\u00e3o e implementar\u00e1 mudan\u00e7as com base nas necessidades do projeto. Uma\nvez finalizado, ele passar\u00e1 por an\u00e1lises, simula\u00e7\u00f5es e aprova\u00e7\u00f5es oficiais\nnecess\u00e1rias, com o objetivo de garantir a licen\u00e7a de constru\u00e7\u00e3o at\u00e9 o in\u00edcio de\n2020, quando a revitaliza\u00e7\u00e3o poder\u00e1 come\u00e7ar.<\/p>\n\n\n\n<p>Confira\nos quatro projetos:<\/p>\n\n\n\n<p>\u00b7 Gustafson Porter + Bowman<\/p>\n\n\n\n<figure class=\"wp-block-embed-youtube wp-block-embed is-type-video is-provider-youtube wp-embed-aspect-16-9 wp-has-aspect-ratio\"><div class=\"wp-block-embed__wrapper\">\n<div class=\"youtube-embed\" data-video_id=\"cQ9rU4Dr424\"><iframe title=\"Grand Site Tour Eiffel - Projet Gustafson Porter + Bowman | GAGNANTS DU CONCOURS\" width=\"640\" height=\"360\" src=\"https:\/\/www.youtube.com\/embed\/cQ9rU4Dr424?feature=oembed&#038;enablejsapi=1&#038;enablejsapi=1\" frameborder=\"0\" allow=\"accelerometer; autoplay; clipboard-write; encrypted-media; gyroscope; picture-in-picture; web-share\" referrerpolicy=\"strict-origin-when-cross-origin\" allowfullscreen><\/iframe><\/div>\n<\/div><\/figure>\n\n\n\n<p>\u00b7 Amanda Levete Architects<\/p>\n\n\n\n<figure class=\"wp-block-embed-youtube wp-block-embed is-type-video is-provider-youtube wp-embed-aspect-16-9 wp-has-aspect-ratio\"><div class=\"wp-block-embed__wrapper\">\n<div class=\"youtube-embed\" data-video_id=\"nygnuGfT88I\"><iframe title=\"Grand Site Tour Eiffel - Projet Amanda Levete Architects\" width=\"640\" height=\"360\" src=\"https:\/\/www.youtube.com\/embed\/nygnuGfT88I?feature=oembed&#038;enablejsapi=1&#038;enablejsapi=1\" frameborder=\"0\" allow=\"accelerometer; autoplay; clipboard-write; encrypted-media; gyroscope; picture-in-picture; web-share\" referrerpolicy=\"strict-origin-when-cross-origin\" allowfullscreen><\/iframe><\/div>\n<\/div><\/figure>\n\n\n\n<p>\u00b7 KOZ Architectes<\/p>\n\n\n\n<figure class=\"wp-block-embed-youtube wp-block-embed is-type-video is-provider-youtube wp-embed-aspect-16-9 wp-has-aspect-ratio\"><div class=\"wp-block-embed__wrapper\">\n<div class=\"youtube-embed\" data-video_id=\"0pRpKJTAkgQ\"><iframe title=\"Grand Site Tour Eiffel - Projet KOZ Architectes\" width=\"640\" height=\"360\" src=\"https:\/\/www.youtube.com\/embed\/0pRpKJTAkgQ?feature=oembed&#038;enablejsapi=1&#038;enablejsapi=1\" frameborder=\"0\" allow=\"accelerometer; autoplay; clipboard-write; encrypted-media; gyroscope; picture-in-picture; web-share\" referrerpolicy=\"strict-origin-when-cross-origin\" allowfullscreen><\/iframe><\/div>\n<\/div><\/figure>\n\n\n\n<p>\u00b7 Agence Ter<\/p>\n\n\n\n<figure class=\"wp-block-embed-youtube wp-block-embed is-type-video is-provider-youtube wp-embed-aspect-16-9 wp-has-aspect-ratio\"><div class=\"wp-block-embed__wrapper\">\n<div class=\"youtube-embed\" data-video_id=\"H0XO29PRi4k\"><iframe title=\"Grand Site Tour Eiffel - Projet Agence Ter\" width=\"640\" height=\"360\" src=\"https:\/\/www.youtube.com\/embed\/H0XO29PRi4k?feature=oembed&#038;enablejsapi=1&#038;enablejsapi=1\" frameborder=\"0\" allow=\"accelerometer; autoplay; clipboard-write; encrypted-media; gyroscope; picture-in-picture; web-share\" referrerpolicy=\"strict-origin-when-cross-origin\" allowfullscreen><\/iframe><\/div>\n<\/div><\/figure>\n\n\n\n<p>\u00a0<\/p>\n\n\n\n<p>Confira o v\u00eddeo do processo do modelo 3D<\/p>\n\n\n\n<figure class=\"wp-block-embed-youtube wp-block-embed is-type-video is-provider-youtube wp-embed-aspect-16-9 wp-has-aspect-ratio\"><div class=\"wp-block-embed__wrapper\">\n<div class=\"youtube-embed\" data-video_id=\"eQTuJL6CK58\"><iframe title=\"Tour Eiffel _ Processus de mod\u00e9lisation 3D\" width=\"640\" height=\"360\" src=\"https:\/\/www.youtube.com\/embed\/eQTuJL6CK58?feature=oembed&#038;enablejsapi=1&#038;enablejsapi=1\" frameborder=\"0\" allow=\"accelerometer; autoplay; clipboard-write; encrypted-media; gyroscope; picture-in-picture; web-share\" referrerpolicy=\"strict-origin-when-cross-origin\" allowfullscreen><\/iframe><\/div>\n<\/div><\/figure>\n","protected":false},"excerpt":{"rendered":"<p>Em um evento realizado recentemente na Prefeitura de Paris, Gustafson Porter + Bowman foi nomeado o vencedor de uma competi\u00e7\u00e3o para reconstruir os arredores da Torre Eiffel &#8211; \u00e1rea que inclui os Jardins do Trocad\u00e9ro e Champ de Mars, assim como a Torre e sua esplanada. O an\u00fancio foi feito pela prefeita de Paris, Anne [&hellip;]<\/p>\n","protected":false},"author":1,"featured_media":8583,"comment_status":"open","ping_status":"open","sticky":false,"template":"","format":"standard","meta":{"tdm_status":"","tdm_grid_status":"","footnotes":""},"categories":[6],"tags":[682,1899,33,185],"class_list":["post-8582","post","type-post","status-publish","format-standard","has-post-thumbnail","hentry","category-noticias","tag-autodesk","tag-bim","tag-estrategia","tag-tecnologia"],"yoast_head":"<!-- This site is optimized with the Yoast SEO plugin v27.5 - https:\/\/yoast.com\/product\/yoast-seo-wordpress\/ -->\n<title>Paris nomeia equipe para recriar a paisagem da Torre Eiffel usando BIM - CidadeMarketing<\/title>\n<meta name=\"robots\" content=\"index, follow, max-snippet:-1, max-image-preview:large, max-video-preview:-1\" \/>\n<link rel=\"canonical\" href=\"https:\/\/www.cidademarketing.com.br\/marketing\/2019\/05\/28\/paris-nomeia-equipe-para-recriar-a-paisagem-da-torre-eiffel-usando-bim\/\" \/>\n<meta property=\"og:locale\" content=\"pt_BR\" \/>\n<meta property=\"og:type\" content=\"article\" \/>\n<meta property=\"og:title\" content=\"Paris nomeia equipe para recriar a paisagem da Torre Eiffel usando BIM - CidadeMarketing\" \/>\n<meta property=\"og:description\" content=\"Em um evento realizado recentemente na Prefeitura de Paris, Gustafson Porter + Bowman foi nomeado o vencedor de uma competi\u00e7\u00e3o para reconstruir os arredores da Torre Eiffel &#8211; \u00e1rea que inclui os Jardins do Trocad\u00e9ro e Champ de Mars, assim como a Torre e sua esplanada. O an\u00fancio foi feito pela prefeita de Paris, Anne [&hellip;]\" \/>\n<meta property=\"og:url\" content=\"https:\/\/www.cidademarketing.com.br\/marketing\/2019\/05\/28\/paris-nomeia-equipe-para-recriar-a-paisagem-da-torre-eiffel-usando-bim\/\" \/>\n<meta property=\"og:site_name\" content=\"CidadeMarketing\" \/>\n<meta property=\"article:publisher\" content=\"https:\/\/www.facebook.com\/portalcidademarketing\" \/>\n<meta property=\"article:author\" content=\"https:\/\/www.facebook.com\/thalesbrandao\" \/>\n<meta property=\"article:published_time\" content=\"2019-05-27T20:33:40+00:00\" \/>\n<meta property=\"article:modified_time\" content=\"2019-05-27T20:33:42+00:00\" \/>\n<meta property=\"og:image\" content=\"https:\/\/www.cidademarketing.com.br\/marketing\/wp-content\/uploads\/2019\/05\/autodesk.jpg\" \/>\n\t<meta property=\"og:image:width\" content=\"1185\" \/>\n\t<meta property=\"og:image:height\" content=\"614\" \/>\n\t<meta property=\"og:image:type\" content=\"image\/jpeg\" \/>\n<meta name=\"author\" content=\"Thales Brand\u00e3o\" \/>\n<meta name=\"twitter:card\" content=\"summary_large_image\" \/>\n<meta name=\"twitter:creator\" content=\"@http:\/\/www.twitter.com\/thalesbrandao\" \/>\n<meta name=\"twitter:site\" content=\"@CidadeMarketing\" \/>\n<meta name=\"twitter:label1\" content=\"Escrito por\" \/>\n\t<meta name=\"twitter:data1\" content=\"Thales Brand\u00e3o\" \/>\n\t<meta name=\"twitter:label2\" content=\"Est. tempo de leitura\" \/>\n\t<meta name=\"twitter:data2\" content=\"3 minutos\" \/>\n<script type=\"application\/ld+json\" class=\"yoast-schema-graph\">{\"@context\":\"https:\\\/\\\/schema.org\",\"@graph\":[{\"@type\":\"Article\",\"@id\":\"https:\\\/\\\/www.cidademarketing.com.br\\\/marketing\\\/2019\\\/05\\\/28\\\/paris-nomeia-equipe-para-recriar-a-paisagem-da-torre-eiffel-usando-bim\\\/#article\",\"isPartOf\":{\"@id\":\"https:\\\/\\\/www.cidademarketing.com.br\\\/marketing\\\/2019\\\/05\\\/28\\\/paris-nomeia-equipe-para-recriar-a-paisagem-da-torre-eiffel-usando-bim\\\/\"},\"author\":{\"name\":\"Thales Brand\u00e3o\",\"@id\":\"https:\\\/\\\/www.cidademarketing.com.br\\\/marketing\\\/#\\\/schema\\\/person\\\/02daff9f18bd9378c9e01eb6b2db155f\"},\"headline\":\"Paris nomeia equipe para recriar a paisagem da Torre Eiffel usando BIM\",\"datePublished\":\"2019-05-27T20:33:40+00:00\",\"dateModified\":\"2019-05-27T20:33:42+00:00\",\"mainEntityOfPage\":{\"@id\":\"https:\\\/\\\/www.cidademarketing.com.br\\\/marketing\\\/2019\\\/05\\\/28\\\/paris-nomeia-equipe-para-recriar-a-paisagem-da-torre-eiffel-usando-bim\\\/\"},\"wordCount\":640,\"commentCount\":0,\"publisher\":{\"@id\":\"https:\\\/\\\/www.cidademarketing.com.br\\\/marketing\\\/#organization\"},\"image\":{\"@id\":\"https:\\\/\\\/www.cidademarketing.com.br\\\/marketing\\\/2019\\\/05\\\/28\\\/paris-nomeia-equipe-para-recriar-a-paisagem-da-torre-eiffel-usando-bim\\\/#primaryimage\"},\"thumbnailUrl\":\"https:\\\/\\\/www.cidademarketing.com.br\\\/marketing\\\/wp-content\\\/uploads\\\/2019\\\/05\\\/autodesk.jpg\",\"keywords\":[\"Autodesk\",\"BIM\",\"estrat\u00e9gia\",\"tecnologia\"],\"articleSection\":[\"Not\u00edcias\"],\"inLanguage\":\"pt-BR\",\"potentialAction\":[{\"@type\":\"CommentAction\",\"name\":\"Comment\",\"target\":[\"https:\\\/\\\/www.cidademarketing.com.br\\\/marketing\\\/2019\\\/05\\\/28\\\/paris-nomeia-equipe-para-recriar-a-paisagem-da-torre-eiffel-usando-bim\\\/#respond\"]}]},{\"@type\":\"WebPage\",\"@id\":\"https:\\\/\\\/www.cidademarketing.com.br\\\/marketing\\\/2019\\\/05\\\/28\\\/paris-nomeia-equipe-para-recriar-a-paisagem-da-torre-eiffel-usando-bim\\\/\",\"url\":\"https:\\\/\\\/www.cidademarketing.com.br\\\/marketing\\\/2019\\\/05\\\/28\\\/paris-nomeia-equipe-para-recriar-a-paisagem-da-torre-eiffel-usando-bim\\\/\",\"name\":\"Paris nomeia equipe para recriar a paisagem da Torre Eiffel usando BIM - CidadeMarketing\",\"isPartOf\":{\"@id\":\"https:\\\/\\\/www.cidademarketing.com.br\\\/marketing\\\/#website\"},\"primaryImageOfPage\":{\"@id\":\"https:\\\/\\\/www.cidademarketing.com.br\\\/marketing\\\/2019\\\/05\\\/28\\\/paris-nomeia-equipe-para-recriar-a-paisagem-da-torre-eiffel-usando-bim\\\/#primaryimage\"},\"image\":{\"@id\":\"https:\\\/\\\/www.cidademarketing.com.br\\\/marketing\\\/2019\\\/05\\\/28\\\/paris-nomeia-equipe-para-recriar-a-paisagem-da-torre-eiffel-usando-bim\\\/#primaryimage\"},\"thumbnailUrl\":\"https:\\\/\\\/www.cidademarketing.com.br\\\/marketing\\\/wp-content\\\/uploads\\\/2019\\\/05\\\/autodesk.jpg\",\"datePublished\":\"2019-05-27T20:33:40+00:00\",\"dateModified\":\"2019-05-27T20:33:42+00:00\",\"breadcrumb\":{\"@id\":\"https:\\\/\\\/www.cidademarketing.com.br\\\/marketing\\\/2019\\\/05\\\/28\\\/paris-nomeia-equipe-para-recriar-a-paisagem-da-torre-eiffel-usando-bim\\\/#breadcrumb\"},\"inLanguage\":\"pt-BR\",\"potentialAction\":[{\"@type\":\"ReadAction\",\"target\":[\"https:\\\/\\\/www.cidademarketing.com.br\\\/marketing\\\/2019\\\/05\\\/28\\\/paris-nomeia-equipe-para-recriar-a-paisagem-da-torre-eiffel-usando-bim\\\/\"]}]},{\"@type\":\"ImageObject\",\"inLanguage\":\"pt-BR\",\"@id\":\"https:\\\/\\\/www.cidademarketing.com.br\\\/marketing\\\/2019\\\/05\\\/28\\\/paris-nomeia-equipe-para-recriar-a-paisagem-da-torre-eiffel-usando-bim\\\/#primaryimage\",\"url\":\"https:\\\/\\\/www.cidademarketing.com.br\\\/marketing\\\/wp-content\\\/uploads\\\/2019\\\/05\\\/autodesk.jpg\",\"contentUrl\":\"https:\\\/\\\/www.cidademarketing.com.br\\\/marketing\\\/wp-content\\\/uploads\\\/2019\\\/05\\\/autodesk.jpg\",\"width\":1185,\"height\":614,\"caption\":\"Reprodu\u00e7\u00e3o\"},{\"@type\":\"BreadcrumbList\",\"@id\":\"https:\\\/\\\/www.cidademarketing.com.br\\\/marketing\\\/2019\\\/05\\\/28\\\/paris-nomeia-equipe-para-recriar-a-paisagem-da-torre-eiffel-usando-bim\\\/#breadcrumb\",\"itemListElement\":[{\"@type\":\"ListItem\",\"position\":1,\"name\":\"In\u00edcio\",\"item\":\"https:\\\/\\\/www.cidademarketing.com.br\\\/marketing\\\/\"},{\"@type\":\"ListItem\",\"position\":2,\"name\":\"Paris nomeia equipe para recriar a paisagem da Torre Eiffel usando BIM\"}]},{\"@type\":\"WebSite\",\"@id\":\"https:\\\/\\\/www.cidademarketing.com.br\\\/marketing\\\/#website\",\"url\":\"https:\\\/\\\/www.cidademarketing.com.br\\\/marketing\\\/\",\"name\":\"CidadeMarketing\",\"description\":\"Somos um ve\u00edculo de comunica\u00e7\u00e3o de destaque no Brasil, reconhecido por conte\u00fados nos segmentos de marketing, empreendedorismo e inova\u00e7\u00e3o.\",\"publisher\":{\"@id\":\"https:\\\/\\\/www.cidademarketing.com.br\\\/marketing\\\/#organization\"},\"alternateName\":\"CidadeMarketing\",\"potentialAction\":[{\"@type\":\"SearchAction\",\"target\":{\"@type\":\"EntryPoint\",\"urlTemplate\":\"https:\\\/\\\/www.cidademarketing.com.br\\\/marketing\\\/?s={search_term_string}\"},\"query-input\":{\"@type\":\"PropertyValueSpecification\",\"valueRequired\":true,\"valueName\":\"search_term_string\"}}],\"inLanguage\":\"pt-BR\"},{\"@type\":\"Organization\",\"@id\":\"https:\\\/\\\/www.cidademarketing.com.br\\\/marketing\\\/#organization\",\"name\":\"CidadeMarketing\",\"alternateName\":\"CidadeMarketing\",\"url\":\"https:\\\/\\\/www.cidademarketing.com.br\\\/marketing\\\/\",\"logo\":{\"@type\":\"ImageObject\",\"inLanguage\":\"pt-BR\",\"@id\":\"https:\\\/\\\/www.cidademarketing.com.br\\\/marketing\\\/#\\\/schema\\\/logo\\\/image\\\/\",\"url\":\"https:\\\/\\\/www.cidademarketing.com.br\\\/marketing\\\/wp-content\\\/uploads\\\/2020\\\/01\\\/cidademarketing_marca_mobile.png\",\"contentUrl\":\"https:\\\/\\\/www.cidademarketing.com.br\\\/marketing\\\/wp-content\\\/uploads\\\/2020\\\/01\\\/cidademarketing_marca_mobile.png\",\"width\":230,\"height\":92,\"caption\":\"CidadeMarketing\"},\"image\":{\"@id\":\"https:\\\/\\\/www.cidademarketing.com.br\\\/marketing\\\/#\\\/schema\\\/logo\\\/image\\\/\"},\"sameAs\":[\"https:\\\/\\\/www.facebook.com\\\/portalcidademarketing\",\"https:\\\/\\\/x.com\\\/CidadeMarketing\",\"https:\\\/\\\/www.instagram.com\\\/cidademarketing\\\/\"]},{\"@type\":\"Person\",\"@id\":\"https:\\\/\\\/www.cidademarketing.com.br\\\/marketing\\\/#\\\/schema\\\/person\\\/02daff9f18bd9378c9e01eb6b2db155f\",\"name\":\"Thales Brand\u00e3o\",\"image\":{\"@type\":\"ImageObject\",\"inLanguage\":\"pt-BR\",\"@id\":\"https:\\\/\\\/secure.gravatar.com\\\/avatar\\\/7ca3206950207cc3cb48feec56a8a7898741ab725c368d99d5d7a5a50aab80c6?s=96&d=mm&r=g\",\"url\":\"https:\\\/\\\/secure.gravatar.com\\\/avatar\\\/7ca3206950207cc3cb48feec56a8a7898741ab725c368d99d5d7a5a50aab80c6?s=96&d=mm&r=g\",\"contentUrl\":\"https:\\\/\\\/secure.gravatar.com\\\/avatar\\\/7ca3206950207cc3cb48feec56a8a7898741ab725c368d99d5d7a5a50aab80c6?s=96&d=mm&r=g\",\"caption\":\"Thales Brand\u00e3o\"},\"description\":\"Editor Executivo do Portal CidadeMarketing.com.br &gt; Mestre em Comunica\u00e7\u00e3o e Sociedade pela Universidade Federal de Sergipe. Possui MBA Executivo em Administra\u00e7\u00e3o com \u00eanfase em Marketing pela Funda\u00e7\u00e3o Get\u00falio Vargas - Rio de Janeiro. Consultor, Palestrante e Pesquisador sobre Empreendedorismo, Marketing, Redes Sociais e Neg\u00f3cios Digitais. Professor, Palestrante TedxTalks e Campus Party. Twitter: @ThalesBrandao\",\"sameAs\":[\"http:\\\/\\\/www.mandacaru.com.br\",\"https:\\\/\\\/www.facebook.com\\\/thalesbrandao\",\"http:\\\/\\\/www.instagram.com.br\\\/thalesbrandaoferreira\",\"https:\\\/\\\/www.linkedin.com\\\/in\\\/thales-brand\u00e3o-3948609\\\/\",\"https:\\\/\\\/x.com\\\/http:\\\/\\\/www.twitter.com\\\/thalesbrandao\"],\"url\":\"https:\\\/\\\/www.cidademarketing.com.br\\\/marketing\\\/author\\\/thalesbrandao\\\/\"}]}<\/script>\n<!-- \/ Yoast SEO plugin. -->","yoast_head_json":{"title":"Paris nomeia equipe para recriar a paisagem da Torre Eiffel usando BIM - CidadeMarketing","robots":{"index":"index","follow":"follow","max-snippet":"max-snippet:-1","max-image-preview":"max-image-preview:large","max-video-preview":"max-video-preview:-1"},"canonical":"https:\/\/www.cidademarketing.com.br\/marketing\/2019\/05\/28\/paris-nomeia-equipe-para-recriar-a-paisagem-da-torre-eiffel-usando-bim\/","og_locale":"pt_BR","og_type":"article","og_title":"Paris nomeia equipe para recriar a paisagem da Torre Eiffel usando BIM - CidadeMarketing","og_description":"Em um evento realizado recentemente na Prefeitura de Paris, Gustafson Porter + Bowman foi nomeado o vencedor de uma competi\u00e7\u00e3o para reconstruir os arredores da Torre Eiffel &#8211; \u00e1rea que inclui os Jardins do Trocad\u00e9ro e Champ de Mars, assim como a Torre e sua esplanada. O an\u00fancio foi feito pela prefeita de Paris, Anne [&hellip;]","og_url":"https:\/\/www.cidademarketing.com.br\/marketing\/2019\/05\/28\/paris-nomeia-equipe-para-recriar-a-paisagem-da-torre-eiffel-usando-bim\/","og_site_name":"CidadeMarketing","article_publisher":"https:\/\/www.facebook.com\/portalcidademarketing","article_author":"https:\/\/www.facebook.com\/thalesbrandao","article_published_time":"2019-05-27T20:33:40+00:00","article_modified_time":"2019-05-27T20:33:42+00:00","og_image":[{"width":1185,"height":614,"url":"https:\/\/www.cidademarketing.com.br\/marketing\/wp-content\/uploads\/2019\/05\/autodesk.jpg","type":"image\/jpeg"}],"author":"Thales Brand\u00e3o","twitter_card":"summary_large_image","twitter_creator":"@http:\/\/www.twitter.com\/thalesbrandao","twitter_site":"@CidadeMarketing","twitter_misc":{"Escrito por":"Thales Brand\u00e3o","Est. tempo de leitura":"3 minutos"},"schema":{"@context":"https:\/\/schema.org","@graph":[{"@type":"Article","@id":"https:\/\/www.cidademarketing.com.br\/marketing\/2019\/05\/28\/paris-nomeia-equipe-para-recriar-a-paisagem-da-torre-eiffel-usando-bim\/#article","isPartOf":{"@id":"https:\/\/www.cidademarketing.com.br\/marketing\/2019\/05\/28\/paris-nomeia-equipe-para-recriar-a-paisagem-da-torre-eiffel-usando-bim\/"},"author":{"name":"Thales Brand\u00e3o","@id":"https:\/\/www.cidademarketing.com.br\/marketing\/#\/schema\/person\/02daff9f18bd9378c9e01eb6b2db155f"},"headline":"Paris nomeia equipe para recriar a paisagem da Torre Eiffel usando BIM","datePublished":"2019-05-27T20:33:40+00:00","dateModified":"2019-05-27T20:33:42+00:00","mainEntityOfPage":{"@id":"https:\/\/www.cidademarketing.com.br\/marketing\/2019\/05\/28\/paris-nomeia-equipe-para-recriar-a-paisagem-da-torre-eiffel-usando-bim\/"},"wordCount":640,"commentCount":0,"publisher":{"@id":"https:\/\/www.cidademarketing.com.br\/marketing\/#organization"},"image":{"@id":"https:\/\/www.cidademarketing.com.br\/marketing\/2019\/05\/28\/paris-nomeia-equipe-para-recriar-a-paisagem-da-torre-eiffel-usando-bim\/#primaryimage"},"thumbnailUrl":"https:\/\/www.cidademarketing.com.br\/marketing\/wp-content\/uploads\/2019\/05\/autodesk.jpg","keywords":["Autodesk","BIM","estrat\u00e9gia","tecnologia"],"articleSection":["Not\u00edcias"],"inLanguage":"pt-BR","potentialAction":[{"@type":"CommentAction","name":"Comment","target":["https:\/\/www.cidademarketing.com.br\/marketing\/2019\/05\/28\/paris-nomeia-equipe-para-recriar-a-paisagem-da-torre-eiffel-usando-bim\/#respond"]}]},{"@type":"WebPage","@id":"https:\/\/www.cidademarketing.com.br\/marketing\/2019\/05\/28\/paris-nomeia-equipe-para-recriar-a-paisagem-da-torre-eiffel-usando-bim\/","url":"https:\/\/www.cidademarketing.com.br\/marketing\/2019\/05\/28\/paris-nomeia-equipe-para-recriar-a-paisagem-da-torre-eiffel-usando-bim\/","name":"Paris nomeia equipe para recriar a paisagem da Torre Eiffel usando BIM - CidadeMarketing","isPartOf":{"@id":"https:\/\/www.cidademarketing.com.br\/marketing\/#website"},"primaryImageOfPage":{"@id":"https:\/\/www.cidademarketing.com.br\/marketing\/2019\/05\/28\/paris-nomeia-equipe-para-recriar-a-paisagem-da-torre-eiffel-usando-bim\/#primaryimage"},"image":{"@id":"https:\/\/www.cidademarketing.com.br\/marketing\/2019\/05\/28\/paris-nomeia-equipe-para-recriar-a-paisagem-da-torre-eiffel-usando-bim\/#primaryimage"},"thumbnailUrl":"https:\/\/www.cidademarketing.com.br\/marketing\/wp-content\/uploads\/2019\/05\/autodesk.jpg","datePublished":"2019-05-27T20:33:40+00:00","dateModified":"2019-05-27T20:33:42+00:00","breadcrumb":{"@id":"https:\/\/www.cidademarketing.com.br\/marketing\/2019\/05\/28\/paris-nomeia-equipe-para-recriar-a-paisagem-da-torre-eiffel-usando-bim\/#breadcrumb"},"inLanguage":"pt-BR","potentialAction":[{"@type":"ReadAction","target":["https:\/\/www.cidademarketing.com.br\/marketing\/2019\/05\/28\/paris-nomeia-equipe-para-recriar-a-paisagem-da-torre-eiffel-usando-bim\/"]}]},{"@type":"ImageObject","inLanguage":"pt-BR","@id":"https:\/\/www.cidademarketing.com.br\/marketing\/2019\/05\/28\/paris-nomeia-equipe-para-recriar-a-paisagem-da-torre-eiffel-usando-bim\/#primaryimage","url":"https:\/\/www.cidademarketing.com.br\/marketing\/wp-content\/uploads\/2019\/05\/autodesk.jpg","contentUrl":"https:\/\/www.cidademarketing.com.br\/marketing\/wp-content\/uploads\/2019\/05\/autodesk.jpg","width":1185,"height":614,"caption":"Reprodu\u00e7\u00e3o"},{"@type":"BreadcrumbList","@id":"https:\/\/www.cidademarketing.com.br\/marketing\/2019\/05\/28\/paris-nomeia-equipe-para-recriar-a-paisagem-da-torre-eiffel-usando-bim\/#breadcrumb","itemListElement":[{"@type":"ListItem","position":1,"name":"In\u00edcio","item":"https:\/\/www.cidademarketing.com.br\/marketing\/"},{"@type":"ListItem","position":2,"name":"Paris nomeia equipe para recriar a paisagem da Torre Eiffel usando BIM"}]},{"@type":"WebSite","@id":"https:\/\/www.cidademarketing.com.br\/marketing\/#website","url":"https:\/\/www.cidademarketing.com.br\/marketing\/","name":"CidadeMarketing","description":"Somos um ve\u00edculo de comunica\u00e7\u00e3o de destaque no Brasil, reconhecido por conte\u00fados nos segmentos de marketing, empreendedorismo e inova\u00e7\u00e3o.","publisher":{"@id":"https:\/\/www.cidademarketing.com.br\/marketing\/#organization"},"alternateName":"CidadeMarketing","potentialAction":[{"@type":"SearchAction","target":{"@type":"EntryPoint","urlTemplate":"https:\/\/www.cidademarketing.com.br\/marketing\/?s={search_term_string}"},"query-input":{"@type":"PropertyValueSpecification","valueRequired":true,"valueName":"search_term_string"}}],"inLanguage":"pt-BR"},{"@type":"Organization","@id":"https:\/\/www.cidademarketing.com.br\/marketing\/#organization","name":"CidadeMarketing","alternateName":"CidadeMarketing","url":"https:\/\/www.cidademarketing.com.br\/marketing\/","logo":{"@type":"ImageObject","inLanguage":"pt-BR","@id":"https:\/\/www.cidademarketing.com.br\/marketing\/#\/schema\/logo\/image\/","url":"https:\/\/www.cidademarketing.com.br\/marketing\/wp-content\/uploads\/2020\/01\/cidademarketing_marca_mobile.png","contentUrl":"https:\/\/www.cidademarketing.com.br\/marketing\/wp-content\/uploads\/2020\/01\/cidademarketing_marca_mobile.png","width":230,"height":92,"caption":"CidadeMarketing"},"image":{"@id":"https:\/\/www.cidademarketing.com.br\/marketing\/#\/schema\/logo\/image\/"},"sameAs":["https:\/\/www.facebook.com\/portalcidademarketing","https:\/\/x.com\/CidadeMarketing","https:\/\/www.instagram.com\/cidademarketing\/"]},{"@type":"Person","@id":"https:\/\/www.cidademarketing.com.br\/marketing\/#\/schema\/person\/02daff9f18bd9378c9e01eb6b2db155f","name":"Thales Brand\u00e3o","image":{"@type":"ImageObject","inLanguage":"pt-BR","@id":"https:\/\/secure.gravatar.com\/avatar\/7ca3206950207cc3cb48feec56a8a7898741ab725c368d99d5d7a5a50aab80c6?s=96&d=mm&r=g","url":"https:\/\/secure.gravatar.com\/avatar\/7ca3206950207cc3cb48feec56a8a7898741ab725c368d99d5d7a5a50aab80c6?s=96&d=mm&r=g","contentUrl":"https:\/\/secure.gravatar.com\/avatar\/7ca3206950207cc3cb48feec56a8a7898741ab725c368d99d5d7a5a50aab80c6?s=96&d=mm&r=g","caption":"Thales Brand\u00e3o"},"description":"Editor Executivo do Portal CidadeMarketing.com.br &gt; Mestre em Comunica\u00e7\u00e3o e Sociedade pela Universidade Federal de Sergipe. Possui MBA Executivo em Administra\u00e7\u00e3o com \u00eanfase em Marketing pela Funda\u00e7\u00e3o Get\u00falio Vargas - Rio de Janeiro. Consultor, Palestrante e Pesquisador sobre Empreendedorismo, Marketing, Redes Sociais e Neg\u00f3cios Digitais. Professor, Palestrante TedxTalks e Campus Party. Twitter: @ThalesBrandao","sameAs":["http:\/\/www.mandacaru.com.br","https:\/\/www.facebook.com\/thalesbrandao","http:\/\/www.instagram.com.br\/thalesbrandaoferreira","https:\/\/www.linkedin.com\/in\/thales-brand\u00e3o-3948609\/","https:\/\/x.com\/http:\/\/www.twitter.com\/thalesbrandao"],"url":"https:\/\/www.cidademarketing.com.br\/marketing\/author\/thalesbrandao\/"}]}},"amp_enabled":true,"_links":{"self":[{"href":"https:\/\/www.cidademarketing.com.br\/marketing\/wp-json\/wp\/v2\/posts\/8582","targetHints":{"allow":["GET"]}}],"collection":[{"href":"https:\/\/www.cidademarketing.com.br\/marketing\/wp-json\/wp\/v2\/posts"}],"about":[{"href":"https:\/\/www.cidademarketing.com.br\/marketing\/wp-json\/wp\/v2\/types\/post"}],"author":[{"embeddable":true,"href":"https:\/\/www.cidademarketing.com.br\/marketing\/wp-json\/wp\/v2\/users\/1"}],"replies":[{"embeddable":true,"href":"https:\/\/www.cidademarketing.com.br\/marketing\/wp-json\/wp\/v2\/comments?post=8582"}],"version-history":[{"count":1,"href":"https:\/\/www.cidademarketing.com.br\/marketing\/wp-json\/wp\/v2\/posts\/8582\/revisions"}],"predecessor-version":[{"id":8584,"href":"https:\/\/www.cidademarketing.com.br\/marketing\/wp-json\/wp\/v2\/posts\/8582\/revisions\/8584"}],"wp:featuredmedia":[{"embeddable":true,"href":"https:\/\/www.cidademarketing.com.br\/marketing\/wp-json\/wp\/v2\/media\/8583"}],"wp:attachment":[{"href":"https:\/\/www.cidademarketing.com.br\/marketing\/wp-json\/wp\/v2\/media?parent=8582"}],"wp:term":[{"taxonomy":"category","embeddable":true,"href":"https:\/\/www.cidademarketing.com.br\/marketing\/wp-json\/wp\/v2\/categories?post=8582"},{"taxonomy":"post_tag","embeddable":true,"href":"https:\/\/www.cidademarketing.com.br\/marketing\/wp-json\/wp\/v2\/tags?post=8582"}],"curies":[{"name":"wp","href":"https:\/\/api.w.org\/{rel}","templated":true}]}}