{"id":8506,"date":"2019-05-21T22:49:20","date_gmt":"2019-05-21T18:49:20","guid":{"rendered":"http:\/\/www.cidademarketing.com.br\/marketing\/?p=8506"},"modified":"2019-05-21T22:49:22","modified_gmt":"2019-05-21T18:49:22","slug":"casper-libero-abre-processo-seletivo-para-mestrado-em-comunicacao","status":"publish","type":"post","link":"https:\/\/www.cidademarketing.com.br\/marketing\/2019\/05\/21\/casper-libero-abre-processo-seletivo-para-mestrado-em-comunicacao\/","title":{"rendered":"C\u00e1sper L\u00edbero abre processo seletivo para mestrado em comunica\u00e7\u00e3o"},"content":{"rendered":"\n<p>O processo seletivo para o Programa de Mestrado em Comunica\u00e7\u00e3o, promovido pela Faculdade C\u00e1sper L\u00edbero, para o 2\u00ba semestre de 2019, j\u00e1 est\u00e1 aberto. S\u00e3o oferecidas 30 vagas, sendo a \u00e1rea de concentra\u00e7\u00e3o o tema \u2018Comunica\u00e7\u00e3o na Contemporaneidade\u2019, articulados por meio de duas linhas de pesquisa: \u2018Processos Midi\u00e1ticos: Tecnologia, Cidadania e Mercado\u2019 e \u2018Produtos Midi\u00e1ticos: Jornalismo, Imagem e Entretenimento\u2019.<\/p>\n\n\n\n<p>O programa \u00e9 uma oportunidade para quem deseja seguir na \u00e1rea acad\u00eamica com a oportunidade de se especializar no tema de interesse, estimulando a reflex\u00e3o te\u00f3rica, al\u00e9m de se destacar no mercado com conhecimento em pesquisa e comunica\u00e7\u00e3o contempor\u00e2nea.<\/p>\n\n\n\n<p>As inscri\u00e7\u00f5es para o Mestrado da C\u00e1sper L\u00edbero v\u00e3o at\u00e9 o dia 10 de junho (segunda-feira). Para conferir o edital e obter maiores informa\u00e7\u00f5es acesse o site <a href=\"https:\/\/casperlibero.edu.br\/\" target=\"_blank\" rel=\"noreferrer noopener\" aria-label=\"\ufffchttps:\/\/casperlibero.edu.br (abre numa nova aba)\"><a href=\"https:\/\/casperlibero.edu.br\/\"><\/a>https:\/\/casperlibero.edu.br<\/a><a href=\"https:\/\/casperlibero.edu.br\/\">\/<\/a>.<\/p>\n\n\n\n<p>Aos interessados, no dia 28 de maio, das 19h \u00e0s 20h, vai acontecer um workshop de apresenta\u00e7\u00e3o, com o intuito de esclarecer d\u00favidas, dar informa\u00e7\u00f5es sobre as linhas de pesquisa e instru\u00e7\u00f5es sobre a elabora\u00e7\u00e3o do pr\u00e9-projeto. Para esse evento, as inscri\u00e7\u00f5es devem ser feitas na Secretaria de P\u00f3s-Gradua\u00e7\u00e3o da Faculdade C\u00e1sper L\u00edbero, pelo telefone (11) 3170- 5857 ou e-mail: posgraduacao@casperlibero.edu.br.<\/p>\n\n\n\n<p>Servi\u00e7o<br>\nWorkshops de Apresenta\u00e7\u00e3o do Mestrado<br>\nLocal: Faculdade C\u00e1sper L\u00edbero \u2013 Av. Paulista, 900<br>\nData: 28 de maio de 2019<br>\nHor\u00e1rio: 19h \u00e0s 20h<\/p>\n","protected":false},"excerpt":{"rendered":"<p>O processo seletivo para o Programa de Mestrado em Comunica\u00e7\u00e3o, promovido pela Faculdade C\u00e1sper L\u00edbero, para o 2\u00ba semestre de 2019, j\u00e1 est\u00e1 aberto. S\u00e3o oferecidas 30 vagas, sendo a \u00e1rea de concentra\u00e7\u00e3o o tema \u2018Comunica\u00e7\u00e3o na Contemporaneidade\u2019, articulados por meio de duas linhas de pesquisa: \u2018Processos Midi\u00e1ticos: Tecnologia, Cidadania e Mercado\u2019 e \u2018Produtos Midi\u00e1ticos: [&hellip;]<\/p>\n","protected":false},"author":1,"featured_media":8507,"comment_status":"open","ping_status":"open","sticky":false,"template":"","format":"standard","meta":{"tdm_status":"","tdm_grid_status":"","footnotes":""},"categories":[6],"tags":[665,308,28],"class_list":["post-8506","post","type-post","status-publish","format-standard","has-post-thumbnail","hentry","category-noticias","tag-casper-libero","tag-comunicacao","tag-marketing"],"yoast_head":"<!-- This site is optimized with the Yoast SEO plugin v27.5 - https:\/\/yoast.com\/product\/yoast-seo-wordpress\/ -->\n<title>C\u00e1sper L\u00edbero abre processo seletivo para mestrado em comunica\u00e7\u00e3o - CidadeMarketing<\/title>\n<meta name=\"robots\" content=\"index, follow, max-snippet:-1, max-image-preview:large, max-video-preview:-1\" \/>\n<link rel=\"canonical\" href=\"https:\/\/www.cidademarketing.com.br\/marketing\/2019\/05\/21\/casper-libero-abre-processo-seletivo-para-mestrado-em-comunicacao\/\" \/>\n<meta property=\"og:locale\" content=\"pt_BR\" \/>\n<meta property=\"og:type\" content=\"article\" \/>\n<meta property=\"og:title\" content=\"C\u00e1sper L\u00edbero abre processo seletivo para mestrado em comunica\u00e7\u00e3o - CidadeMarketing\" \/>\n<meta property=\"og:description\" content=\"O processo seletivo para o Programa de Mestrado em Comunica\u00e7\u00e3o, promovido pela Faculdade C\u00e1sper L\u00edbero, para o 2\u00ba semestre de 2019, j\u00e1 est\u00e1 aberto. S\u00e3o oferecidas 30 vagas, sendo a \u00e1rea de concentra\u00e7\u00e3o o tema \u2018Comunica\u00e7\u00e3o na Contemporaneidade\u2019, articulados por meio de duas linhas de pesquisa: \u2018Processos Midi\u00e1ticos: Tecnologia, Cidadania e Mercado\u2019 e \u2018Produtos Midi\u00e1ticos: [&hellip;]\" \/>\n<meta property=\"og:url\" content=\"https:\/\/www.cidademarketing.com.br\/marketing\/2019\/05\/21\/casper-libero-abre-processo-seletivo-para-mestrado-em-comunicacao\/\" \/>\n<meta property=\"og:site_name\" content=\"CidadeMarketing\" \/>\n<meta property=\"article:publisher\" content=\"https:\/\/www.facebook.com\/portalcidademarketing\" \/>\n<meta property=\"article:author\" content=\"https:\/\/www.facebook.com\/thalesbrandao\" \/>\n<meta property=\"article:published_time\" content=\"2019-05-21T18:49:20+00:00\" \/>\n<meta property=\"article:modified_time\" content=\"2019-05-21T18:49:22+00:00\" \/>\n<meta property=\"og:image\" content=\"https:\/\/www.cidademarketing.com.br\/marketing\/wp-content\/uploads\/2019\/05\/casper_libero.jpg\" \/>\n\t<meta property=\"og:image:width\" content=\"1170\" \/>\n\t<meta property=\"og:image:height\" content=\"400\" \/>\n\t<meta property=\"og:image:type\" content=\"image\/jpeg\" \/>\n<meta name=\"author\" content=\"Thales Brand\u00e3o\" \/>\n<meta name=\"twitter:card\" content=\"summary_large_image\" \/>\n<meta name=\"twitter:creator\" content=\"@http:\/\/www.twitter.com\/thalesbrandao\" \/>\n<meta name=\"twitter:site\" content=\"@CidadeMarketing\" \/>\n<meta name=\"twitter:label1\" content=\"Escrito por\" \/>\n\t<meta name=\"twitter:data1\" content=\"Thales Brand\u00e3o\" \/>\n\t<meta name=\"twitter:label2\" content=\"Est. tempo de leitura\" \/>\n\t<meta name=\"twitter:data2\" content=\"1 minuto\" \/>\n<script type=\"application\/ld+json\" class=\"yoast-schema-graph\">{\"@context\":\"https:\\\/\\\/schema.org\",\"@graph\":[{\"@type\":\"Article\",\"@id\":\"https:\\\/\\\/www.cidademarketing.com.br\\\/marketing\\\/2019\\\/05\\\/21\\\/casper-libero-abre-processo-seletivo-para-mestrado-em-comunicacao\\\/#article\",\"isPartOf\":{\"@id\":\"https:\\\/\\\/www.cidademarketing.com.br\\\/marketing\\\/2019\\\/05\\\/21\\\/casper-libero-abre-processo-seletivo-para-mestrado-em-comunicacao\\\/\"},\"author\":{\"name\":\"Thales Brand\u00e3o\",\"@id\":\"https:\\\/\\\/www.cidademarketing.com.br\\\/marketing\\\/#\\\/schema\\\/person\\\/02daff9f18bd9378c9e01eb6b2db155f\"},\"headline\":\"C\u00e1sper L\u00edbero abre processo seletivo para mestrado em comunica\u00e7\u00e3o\",\"datePublished\":\"2019-05-21T18:49:20+00:00\",\"dateModified\":\"2019-05-21T18:49:22+00:00\",\"mainEntityOfPage\":{\"@id\":\"https:\\\/\\\/www.cidademarketing.com.br\\\/marketing\\\/2019\\\/05\\\/21\\\/casper-libero-abre-processo-seletivo-para-mestrado-em-comunicacao\\\/\"},\"wordCount\":252,\"commentCount\":0,\"publisher\":{\"@id\":\"https:\\\/\\\/www.cidademarketing.com.br\\\/marketing\\\/#organization\"},\"image\":{\"@id\":\"https:\\\/\\\/www.cidademarketing.com.br\\\/marketing\\\/2019\\\/05\\\/21\\\/casper-libero-abre-processo-seletivo-para-mestrado-em-comunicacao\\\/#primaryimage\"},\"thumbnailUrl\":\"https:\\\/\\\/www.cidademarketing.com.br\\\/marketing\\\/wp-content\\\/uploads\\\/2019\\\/05\\\/casper_libero.jpg\",\"keywords\":[\"C\u00e1sper L\u00edbero\",\"comunica\u00e7\u00e3o\",\"marketing\"],\"articleSection\":[\"Not\u00edcias\"],\"inLanguage\":\"pt-BR\",\"potentialAction\":[{\"@type\":\"CommentAction\",\"name\":\"Comment\",\"target\":[\"https:\\\/\\\/www.cidademarketing.com.br\\\/marketing\\\/2019\\\/05\\\/21\\\/casper-libero-abre-processo-seletivo-para-mestrado-em-comunicacao\\\/#respond\"]}]},{\"@type\":\"WebPage\",\"@id\":\"https:\\\/\\\/www.cidademarketing.com.br\\\/marketing\\\/2019\\\/05\\\/21\\\/casper-libero-abre-processo-seletivo-para-mestrado-em-comunicacao\\\/\",\"url\":\"https:\\\/\\\/www.cidademarketing.com.br\\\/marketing\\\/2019\\\/05\\\/21\\\/casper-libero-abre-processo-seletivo-para-mestrado-em-comunicacao\\\/\",\"name\":\"C\u00e1sper L\u00edbero abre processo seletivo para mestrado em comunica\u00e7\u00e3o - CidadeMarketing\",\"isPartOf\":{\"@id\":\"https:\\\/\\\/www.cidademarketing.com.br\\\/marketing\\\/#website\"},\"primaryImageOfPage\":{\"@id\":\"https:\\\/\\\/www.cidademarketing.com.br\\\/marketing\\\/2019\\\/05\\\/21\\\/casper-libero-abre-processo-seletivo-para-mestrado-em-comunicacao\\\/#primaryimage\"},\"image\":{\"@id\":\"https:\\\/\\\/www.cidademarketing.com.br\\\/marketing\\\/2019\\\/05\\\/21\\\/casper-libero-abre-processo-seletivo-para-mestrado-em-comunicacao\\\/#primaryimage\"},\"thumbnailUrl\":\"https:\\\/\\\/www.cidademarketing.com.br\\\/marketing\\\/wp-content\\\/uploads\\\/2019\\\/05\\\/casper_libero.jpg\",\"datePublished\":\"2019-05-21T18:49:20+00:00\",\"dateModified\":\"2019-05-21T18:49:22+00:00\",\"breadcrumb\":{\"@id\":\"https:\\\/\\\/www.cidademarketing.com.br\\\/marketing\\\/2019\\\/05\\\/21\\\/casper-libero-abre-processo-seletivo-para-mestrado-em-comunicacao\\\/#breadcrumb\"},\"inLanguage\":\"pt-BR\",\"potentialAction\":[{\"@type\":\"ReadAction\",\"target\":[\"https:\\\/\\\/www.cidademarketing.com.br\\\/marketing\\\/2019\\\/05\\\/21\\\/casper-libero-abre-processo-seletivo-para-mestrado-em-comunicacao\\\/\"]}]},{\"@type\":\"ImageObject\",\"inLanguage\":\"pt-BR\",\"@id\":\"https:\\\/\\\/www.cidademarketing.com.br\\\/marketing\\\/2019\\\/05\\\/21\\\/casper-libero-abre-processo-seletivo-para-mestrado-em-comunicacao\\\/#primaryimage\",\"url\":\"https:\\\/\\\/www.cidademarketing.com.br\\\/marketing\\\/wp-content\\\/uploads\\\/2019\\\/05\\\/casper_libero.jpg\",\"contentUrl\":\"https:\\\/\\\/www.cidademarketing.com.br\\\/marketing\\\/wp-content\\\/uploads\\\/2019\\\/05\\\/casper_libero.jpg\",\"width\":1170,\"height\":400,\"caption\":\"Divulga\u00e7\u00e3o\\\/Site\"},{\"@type\":\"BreadcrumbList\",\"@id\":\"https:\\\/\\\/www.cidademarketing.com.br\\\/marketing\\\/2019\\\/05\\\/21\\\/casper-libero-abre-processo-seletivo-para-mestrado-em-comunicacao\\\/#breadcrumb\",\"itemListElement\":[{\"@type\":\"ListItem\",\"position\":1,\"name\":\"In\u00edcio\",\"item\":\"https:\\\/\\\/www.cidademarketing.com.br\\\/marketing\\\/\"},{\"@type\":\"ListItem\",\"position\":2,\"name\":\"C\u00e1sper L\u00edbero abre processo seletivo para mestrado em comunica\u00e7\u00e3o\"}]},{\"@type\":\"WebSite\",\"@id\":\"https:\\\/\\\/www.cidademarketing.com.br\\\/marketing\\\/#website\",\"url\":\"https:\\\/\\\/www.cidademarketing.com.br\\\/marketing\\\/\",\"name\":\"CidadeMarketing\",\"description\":\"Somos um ve\u00edculo de comunica\u00e7\u00e3o de destaque no Brasil, reconhecido por conte\u00fados nos segmentos de marketing, empreendedorismo e inova\u00e7\u00e3o.\",\"publisher\":{\"@id\":\"https:\\\/\\\/www.cidademarketing.com.br\\\/marketing\\\/#organization\"},\"alternateName\":\"CidadeMarketing\",\"potentialAction\":[{\"@type\":\"SearchAction\",\"target\":{\"@type\":\"EntryPoint\",\"urlTemplate\":\"https:\\\/\\\/www.cidademarketing.com.br\\\/marketing\\\/?s={search_term_string}\"},\"query-input\":{\"@type\":\"PropertyValueSpecification\",\"valueRequired\":true,\"valueName\":\"search_term_string\"}}],\"inLanguage\":\"pt-BR\"},{\"@type\":\"Organization\",\"@id\":\"https:\\\/\\\/www.cidademarketing.com.br\\\/marketing\\\/#organization\",\"name\":\"CidadeMarketing\",\"alternateName\":\"CidadeMarketing\",\"url\":\"https:\\\/\\\/www.cidademarketing.com.br\\\/marketing\\\/\",\"logo\":{\"@type\":\"ImageObject\",\"inLanguage\":\"pt-BR\",\"@id\":\"https:\\\/\\\/www.cidademarketing.com.br\\\/marketing\\\/#\\\/schema\\\/logo\\\/image\\\/\",\"url\":\"https:\\\/\\\/www.cidademarketing.com.br\\\/marketing\\\/wp-content\\\/uploads\\\/2020\\\/01\\\/cidademarketing_marca_mobile.png\",\"contentUrl\":\"https:\\\/\\\/www.cidademarketing.com.br\\\/marketing\\\/wp-content\\\/uploads\\\/2020\\\/01\\\/cidademarketing_marca_mobile.png\",\"width\":230,\"height\":92,\"caption\":\"CidadeMarketing\"},\"image\":{\"@id\":\"https:\\\/\\\/www.cidademarketing.com.br\\\/marketing\\\/#\\\/schema\\\/logo\\\/image\\\/\"},\"sameAs\":[\"https:\\\/\\\/www.facebook.com\\\/portalcidademarketing\",\"https:\\\/\\\/x.com\\\/CidadeMarketing\",\"https:\\\/\\\/www.instagram.com\\\/cidademarketing\\\/\"]},{\"@type\":\"Person\",\"@id\":\"https:\\\/\\\/www.cidademarketing.com.br\\\/marketing\\\/#\\\/schema\\\/person\\\/02daff9f18bd9378c9e01eb6b2db155f\",\"name\":\"Thales Brand\u00e3o\",\"image\":{\"@type\":\"ImageObject\",\"inLanguage\":\"pt-BR\",\"@id\":\"https:\\\/\\\/secure.gravatar.com\\\/avatar\\\/7ca3206950207cc3cb48feec56a8a7898741ab725c368d99d5d7a5a50aab80c6?s=96&d=mm&r=g\",\"url\":\"https:\\\/\\\/secure.gravatar.com\\\/avatar\\\/7ca3206950207cc3cb48feec56a8a7898741ab725c368d99d5d7a5a50aab80c6?s=96&d=mm&r=g\",\"contentUrl\":\"https:\\\/\\\/secure.gravatar.com\\\/avatar\\\/7ca3206950207cc3cb48feec56a8a7898741ab725c368d99d5d7a5a50aab80c6?s=96&d=mm&r=g\",\"caption\":\"Thales Brand\u00e3o\"},\"description\":\"Editor Executivo do Portal CidadeMarketing.com.br &gt; Mestre em Comunica\u00e7\u00e3o e Sociedade pela Universidade Federal de Sergipe. Possui MBA Executivo em Administra\u00e7\u00e3o com \u00eanfase em Marketing pela Funda\u00e7\u00e3o Get\u00falio Vargas - Rio de Janeiro. Consultor, Palestrante e Pesquisador sobre Empreendedorismo, Marketing, Redes Sociais e Neg\u00f3cios Digitais. Professor, Palestrante TedxTalks e Campus Party. Twitter: @ThalesBrandao\",\"sameAs\":[\"http:\\\/\\\/www.mandacaru.com.br\",\"https:\\\/\\\/www.facebook.com\\\/thalesbrandao\",\"http:\\\/\\\/www.instagram.com.br\\\/thalesbrandaoferreira\",\"https:\\\/\\\/www.linkedin.com\\\/in\\\/thales-brand\u00e3o-3948609\\\/\",\"https:\\\/\\\/x.com\\\/http:\\\/\\\/www.twitter.com\\\/thalesbrandao\"],\"url\":\"https:\\\/\\\/www.cidademarketing.com.br\\\/marketing\\\/author\\\/thalesbrandao\\\/\"}]}<\/script>\n<!-- \/ Yoast SEO plugin. -->","yoast_head_json":{"title":"C\u00e1sper L\u00edbero abre processo seletivo para mestrado em comunica\u00e7\u00e3o - CidadeMarketing","robots":{"index":"index","follow":"follow","max-snippet":"max-snippet:-1","max-image-preview":"max-image-preview:large","max-video-preview":"max-video-preview:-1"},"canonical":"https:\/\/www.cidademarketing.com.br\/marketing\/2019\/05\/21\/casper-libero-abre-processo-seletivo-para-mestrado-em-comunicacao\/","og_locale":"pt_BR","og_type":"article","og_title":"C\u00e1sper L\u00edbero abre processo seletivo para mestrado em comunica\u00e7\u00e3o - CidadeMarketing","og_description":"O processo seletivo para o Programa de Mestrado em Comunica\u00e7\u00e3o, promovido pela Faculdade C\u00e1sper L\u00edbero, para o 2\u00ba semestre de 2019, j\u00e1 est\u00e1 aberto. S\u00e3o oferecidas 30 vagas, sendo a \u00e1rea de concentra\u00e7\u00e3o o tema \u2018Comunica\u00e7\u00e3o na Contemporaneidade\u2019, articulados por meio de duas linhas de pesquisa: \u2018Processos Midi\u00e1ticos: Tecnologia, Cidadania e Mercado\u2019 e \u2018Produtos Midi\u00e1ticos: [&hellip;]","og_url":"https:\/\/www.cidademarketing.com.br\/marketing\/2019\/05\/21\/casper-libero-abre-processo-seletivo-para-mestrado-em-comunicacao\/","og_site_name":"CidadeMarketing","article_publisher":"https:\/\/www.facebook.com\/portalcidademarketing","article_author":"https:\/\/www.facebook.com\/thalesbrandao","article_published_time":"2019-05-21T18:49:20+00:00","article_modified_time":"2019-05-21T18:49:22+00:00","og_image":[{"width":1170,"height":400,"url":"https:\/\/www.cidademarketing.com.br\/marketing\/wp-content\/uploads\/2019\/05\/casper_libero.jpg","type":"image\/jpeg"}],"author":"Thales Brand\u00e3o","twitter_card":"summary_large_image","twitter_creator":"@http:\/\/www.twitter.com\/thalesbrandao","twitter_site":"@CidadeMarketing","twitter_misc":{"Escrito por":"Thales Brand\u00e3o","Est. tempo de leitura":"1 minuto"},"schema":{"@context":"https:\/\/schema.org","@graph":[{"@type":"Article","@id":"https:\/\/www.cidademarketing.com.br\/marketing\/2019\/05\/21\/casper-libero-abre-processo-seletivo-para-mestrado-em-comunicacao\/#article","isPartOf":{"@id":"https:\/\/www.cidademarketing.com.br\/marketing\/2019\/05\/21\/casper-libero-abre-processo-seletivo-para-mestrado-em-comunicacao\/"},"author":{"name":"Thales Brand\u00e3o","@id":"https:\/\/www.cidademarketing.com.br\/marketing\/#\/schema\/person\/02daff9f18bd9378c9e01eb6b2db155f"},"headline":"C\u00e1sper L\u00edbero abre processo seletivo para mestrado em comunica\u00e7\u00e3o","datePublished":"2019-05-21T18:49:20+00:00","dateModified":"2019-05-21T18:49:22+00:00","mainEntityOfPage":{"@id":"https:\/\/www.cidademarketing.com.br\/marketing\/2019\/05\/21\/casper-libero-abre-processo-seletivo-para-mestrado-em-comunicacao\/"},"wordCount":252,"commentCount":0,"publisher":{"@id":"https:\/\/www.cidademarketing.com.br\/marketing\/#organization"},"image":{"@id":"https:\/\/www.cidademarketing.com.br\/marketing\/2019\/05\/21\/casper-libero-abre-processo-seletivo-para-mestrado-em-comunicacao\/#primaryimage"},"thumbnailUrl":"https:\/\/www.cidademarketing.com.br\/marketing\/wp-content\/uploads\/2019\/05\/casper_libero.jpg","keywords":["C\u00e1sper L\u00edbero","comunica\u00e7\u00e3o","marketing"],"articleSection":["Not\u00edcias"],"inLanguage":"pt-BR","potentialAction":[{"@type":"CommentAction","name":"Comment","target":["https:\/\/www.cidademarketing.com.br\/marketing\/2019\/05\/21\/casper-libero-abre-processo-seletivo-para-mestrado-em-comunicacao\/#respond"]}]},{"@type":"WebPage","@id":"https:\/\/www.cidademarketing.com.br\/marketing\/2019\/05\/21\/casper-libero-abre-processo-seletivo-para-mestrado-em-comunicacao\/","url":"https:\/\/www.cidademarketing.com.br\/marketing\/2019\/05\/21\/casper-libero-abre-processo-seletivo-para-mestrado-em-comunicacao\/","name":"C\u00e1sper L\u00edbero abre processo seletivo para mestrado em comunica\u00e7\u00e3o - CidadeMarketing","isPartOf":{"@id":"https:\/\/www.cidademarketing.com.br\/marketing\/#website"},"primaryImageOfPage":{"@id":"https:\/\/www.cidademarketing.com.br\/marketing\/2019\/05\/21\/casper-libero-abre-processo-seletivo-para-mestrado-em-comunicacao\/#primaryimage"},"image":{"@id":"https:\/\/www.cidademarketing.com.br\/marketing\/2019\/05\/21\/casper-libero-abre-processo-seletivo-para-mestrado-em-comunicacao\/#primaryimage"},"thumbnailUrl":"https:\/\/www.cidademarketing.com.br\/marketing\/wp-content\/uploads\/2019\/05\/casper_libero.jpg","datePublished":"2019-05-21T18:49:20+00:00","dateModified":"2019-05-21T18:49:22+00:00","breadcrumb":{"@id":"https:\/\/www.cidademarketing.com.br\/marketing\/2019\/05\/21\/casper-libero-abre-processo-seletivo-para-mestrado-em-comunicacao\/#breadcrumb"},"inLanguage":"pt-BR","potentialAction":[{"@type":"ReadAction","target":["https:\/\/www.cidademarketing.com.br\/marketing\/2019\/05\/21\/casper-libero-abre-processo-seletivo-para-mestrado-em-comunicacao\/"]}]},{"@type":"ImageObject","inLanguage":"pt-BR","@id":"https:\/\/www.cidademarketing.com.br\/marketing\/2019\/05\/21\/casper-libero-abre-processo-seletivo-para-mestrado-em-comunicacao\/#primaryimage","url":"https:\/\/www.cidademarketing.com.br\/marketing\/wp-content\/uploads\/2019\/05\/casper_libero.jpg","contentUrl":"https:\/\/www.cidademarketing.com.br\/marketing\/wp-content\/uploads\/2019\/05\/casper_libero.jpg","width":1170,"height":400,"caption":"Divulga\u00e7\u00e3o\/Site"},{"@type":"BreadcrumbList","@id":"https:\/\/www.cidademarketing.com.br\/marketing\/2019\/05\/21\/casper-libero-abre-processo-seletivo-para-mestrado-em-comunicacao\/#breadcrumb","itemListElement":[{"@type":"ListItem","position":1,"name":"In\u00edcio","item":"https:\/\/www.cidademarketing.com.br\/marketing\/"},{"@type":"ListItem","position":2,"name":"C\u00e1sper L\u00edbero abre processo seletivo para mestrado em comunica\u00e7\u00e3o"}]},{"@type":"WebSite","@id":"https:\/\/www.cidademarketing.com.br\/marketing\/#website","url":"https:\/\/www.cidademarketing.com.br\/marketing\/","name":"CidadeMarketing","description":"Somos um ve\u00edculo de comunica\u00e7\u00e3o de destaque no Brasil, reconhecido por conte\u00fados nos segmentos de marketing, empreendedorismo e inova\u00e7\u00e3o.","publisher":{"@id":"https:\/\/www.cidademarketing.com.br\/marketing\/#organization"},"alternateName":"CidadeMarketing","potentialAction":[{"@type":"SearchAction","target":{"@type":"EntryPoint","urlTemplate":"https:\/\/www.cidademarketing.com.br\/marketing\/?s={search_term_string}"},"query-input":{"@type":"PropertyValueSpecification","valueRequired":true,"valueName":"search_term_string"}}],"inLanguage":"pt-BR"},{"@type":"Organization","@id":"https:\/\/www.cidademarketing.com.br\/marketing\/#organization","name":"CidadeMarketing","alternateName":"CidadeMarketing","url":"https:\/\/www.cidademarketing.com.br\/marketing\/","logo":{"@type":"ImageObject","inLanguage":"pt-BR","@id":"https:\/\/www.cidademarketing.com.br\/marketing\/#\/schema\/logo\/image\/","url":"https:\/\/www.cidademarketing.com.br\/marketing\/wp-content\/uploads\/2020\/01\/cidademarketing_marca_mobile.png","contentUrl":"https:\/\/www.cidademarketing.com.br\/marketing\/wp-content\/uploads\/2020\/01\/cidademarketing_marca_mobile.png","width":230,"height":92,"caption":"CidadeMarketing"},"image":{"@id":"https:\/\/www.cidademarketing.com.br\/marketing\/#\/schema\/logo\/image\/"},"sameAs":["https:\/\/www.facebook.com\/portalcidademarketing","https:\/\/x.com\/CidadeMarketing","https:\/\/www.instagram.com\/cidademarketing\/"]},{"@type":"Person","@id":"https:\/\/www.cidademarketing.com.br\/marketing\/#\/schema\/person\/02daff9f18bd9378c9e01eb6b2db155f","name":"Thales Brand\u00e3o","image":{"@type":"ImageObject","inLanguage":"pt-BR","@id":"https:\/\/secure.gravatar.com\/avatar\/7ca3206950207cc3cb48feec56a8a7898741ab725c368d99d5d7a5a50aab80c6?s=96&d=mm&r=g","url":"https:\/\/secure.gravatar.com\/avatar\/7ca3206950207cc3cb48feec56a8a7898741ab725c368d99d5d7a5a50aab80c6?s=96&d=mm&r=g","contentUrl":"https:\/\/secure.gravatar.com\/avatar\/7ca3206950207cc3cb48feec56a8a7898741ab725c368d99d5d7a5a50aab80c6?s=96&d=mm&r=g","caption":"Thales Brand\u00e3o"},"description":"Editor Executivo do Portal CidadeMarketing.com.br &gt; Mestre em Comunica\u00e7\u00e3o e Sociedade pela Universidade Federal de Sergipe. Possui MBA Executivo em Administra\u00e7\u00e3o com \u00eanfase em Marketing pela Funda\u00e7\u00e3o Get\u00falio Vargas - Rio de Janeiro. Consultor, Palestrante e Pesquisador sobre Empreendedorismo, Marketing, Redes Sociais e Neg\u00f3cios Digitais. Professor, Palestrante TedxTalks e Campus Party. Twitter: @ThalesBrandao","sameAs":["http:\/\/www.mandacaru.com.br","https:\/\/www.facebook.com\/thalesbrandao","http:\/\/www.instagram.com.br\/thalesbrandaoferreira","https:\/\/www.linkedin.com\/in\/thales-brand\u00e3o-3948609\/","https:\/\/x.com\/http:\/\/www.twitter.com\/thalesbrandao"],"url":"https:\/\/www.cidademarketing.com.br\/marketing\/author\/thalesbrandao\/"}]}},"amp_enabled":true,"_links":{"self":[{"href":"https:\/\/www.cidademarketing.com.br\/marketing\/wp-json\/wp\/v2\/posts\/8506","targetHints":{"allow":["GET"]}}],"collection":[{"href":"https:\/\/www.cidademarketing.com.br\/marketing\/wp-json\/wp\/v2\/posts"}],"about":[{"href":"https:\/\/www.cidademarketing.com.br\/marketing\/wp-json\/wp\/v2\/types\/post"}],"author":[{"embeddable":true,"href":"https:\/\/www.cidademarketing.com.br\/marketing\/wp-json\/wp\/v2\/users\/1"}],"replies":[{"embeddable":true,"href":"https:\/\/www.cidademarketing.com.br\/marketing\/wp-json\/wp\/v2\/comments?post=8506"}],"version-history":[{"count":1,"href":"https:\/\/www.cidademarketing.com.br\/marketing\/wp-json\/wp\/v2\/posts\/8506\/revisions"}],"predecessor-version":[{"id":8508,"href":"https:\/\/www.cidademarketing.com.br\/marketing\/wp-json\/wp\/v2\/posts\/8506\/revisions\/8508"}],"wp:featuredmedia":[{"embeddable":true,"href":"https:\/\/www.cidademarketing.com.br\/marketing\/wp-json\/wp\/v2\/media\/8507"}],"wp:attachment":[{"href":"https:\/\/www.cidademarketing.com.br\/marketing\/wp-json\/wp\/v2\/media?parent=8506"}],"wp:term":[{"taxonomy":"category","embeddable":true,"href":"https:\/\/www.cidademarketing.com.br\/marketing\/wp-json\/wp\/v2\/categories?post=8506"},{"taxonomy":"post_tag","embeddable":true,"href":"https:\/\/www.cidademarketing.com.br\/marketing\/wp-json\/wp\/v2\/tags?post=8506"}],"curies":[{"name":"wp","href":"https:\/\/api.w.org\/{rel}","templated":true}]}}