{"id":8467,"date":"2019-05-21T02:39:12","date_gmt":"2019-05-20T22:39:12","guid":{"rendered":"http:\/\/www.cidademarketing.com.br\/marketing\/?p=8467"},"modified":"2019-05-21T02:39:15","modified_gmt":"2019-05-20T22:39:15","slug":"em-nova-campanha-fiat-se-inspira-em-todas-as-tribos-para-apresentar-o-argo-trekking","status":"publish","type":"post","link":"https:\/\/www.cidademarketing.com.br\/marketing\/2019\/05\/21\/em-nova-campanha-fiat-se-inspira-em-todas-as-tribos-para-apresentar-o-argo-trekking\/","title":{"rendered":"Em nova campanha, Fiat se inspira em \u201ctodas\u201d as tribos para apresentar o Argo Trekking"},"content":{"rendered":"\n<p>Criado na Roma Antiga, o termo tribo (do latim <em>tribus<\/em>)\nsignifica um tipo de agrupamento humano unido por l\u00ednguas, costumes,\ninstitui\u00e7\u00f5es e tradi\u00e7\u00f5es em comum. S\u00e9culos depois, a express\u00e3o tamb\u00e9m serve\npara designar grupos com interesses m\u00fatuos. Atenta \u00e0s novas tribos urbanas, a\nFiat lan\u00e7a uma vers\u00e3o especial de sua linha Argo. Pensado para quem quer\nconquistar as ruas, o Fiat Argo Trekking mescla a tecnologia com os h\u00e1bitos de\nquem vive na cidade para unir grafiteiros, nadadores, corredores, jogadores de\nrugby e motoristas em uma mesma dire\u00e7\u00e3o. &nbsp;<\/p>\n\n\n\n<p>\u201cNo primeiro semestre de 2019, a Fiat cresceu 23% e o Fiat Argo \u00e9 um dos carros mais vendidos do pa\u00eds. Dentro deste cen\u00e1rio, que unimos carros com uma pegada aventureira, que fazem bonito dentro e fora da cidade, lan\u00e7amos o Fiat Argo Trekking. Inspirados pelo seu visual mais agressivo, veicularemos uma campanha com inspira\u00e7\u00e3o tribal para comunicar tudo o que significa este novo autom\u00f3vel\u201d, diz Frederico Battaglia, diretor de brand marketing communication da Fiat Chrysler Automobiles (FCA) para a Am\u00e9rica Latina.\u00a0<\/p>\n\n\n\n<figure class=\"wp-block-embed-youtube wp-block-embed is-type-video is-provider-youtube wp-embed-aspect-16-9 wp-has-aspect-ratio\"><div class=\"wp-block-embed__wrapper\">\n<div class=\"youtube-embed\" data-video_id=\"paQO7BXrHaU\"><iframe title=\"Fiat Argo Trekking - Conquiste as ruas.\" width=\"640\" height=\"360\" src=\"https:\/\/www.youtube.com\/embed\/paQO7BXrHaU?feature=oembed&#038;enablejsapi=1&#038;enablejsapi=1\" frameborder=\"0\" allow=\"accelerometer; autoplay; clipboard-write; encrypted-media; gyroscope; picture-in-picture; web-share\" referrerpolicy=\"strict-origin-when-cross-origin\" allowfullscreen><\/iframe><\/div>\n<\/div><\/figure>\n\n\n\n<p>Concebido pela ag\u00eancia Leo Burnett Tailor Made, o filme\n\u201cTribo\u201d mescla o conceito de unidade dos povos ind\u00edgenas e a identidade\ncoletiva contempor\u00e2nea. Em trechos que combinam cenas da popula\u00e7\u00e3o nativa dos\ncampos e grupos de jovens das grandes cidades, a pe\u00e7a mostra que a cria\u00e7\u00e3o de\num carro que serve para diversas tribos (e terrenos) n\u00e3o foi feita por acaso.\nPara simbolizar esta conex\u00e3o, foi elaborada uma logomarca especial. Nomeada de\n\u201cTrekking\u201d, a combina\u00e7\u00e3o inspirada no universo das tatuagens significa:\ntranscender, explorar e criar. &nbsp;<\/p>\n\n\n\n<p>Al\u00e9m do convite para se aventurar, a pe\u00e7a tamb\u00e9m comunica\nas funcionalidades do lan\u00e7amento como a maior altura do solo da categoria, as\nbarras transversais, a central multim\u00eddia de sete polegadas, as rodas de liga\nleve com pneus de uso misto e o teto bicolor. &nbsp;<\/p>\n\n\n\n<p>\u201c\u00c9\no resgate do sentimento de desbravamento. Um sentimento que est\u00e1 expressado nos\npovos antigos, em suas pinturas, nos seus rituais. O Argo Trekking \u00e9 um carro\ntodo desenhado e caracterizado para trazer essa emo\u00e7\u00e3o a quem dirige\u201d, explica\nTom\u00e1s Correa, Diretor de Cria\u00e7\u00e3o da Leo Burnett Tailor Made.&nbsp;&nbsp; &nbsp;<\/p>\n\n\n\n<p>Com filmes em 30\u00b4\u00b4, a campanha estreia nesta quarta-feira\n(15) na televis\u00e3o fechada. A estrat\u00e9gia de comunica\u00e7\u00e3o da Leo Burnett tamb\u00e9m\ncontempla desdobramentos no digital como postagens nas m\u00eddias sociais da marca,\ncria\u00e7\u00e3o de pequenos v\u00eddeos para os Stories do Instagram, veicula\u00e7\u00e3o de m\u00eddia\nprogram\u00e1tica com segmenta\u00e7\u00e3o de p\u00fablicos e Masthead no YouTube. Al\u00e9m de um\nprojeto especial em parceria com o Spotify, com a cria\u00e7\u00e3o de uma playlist\nbaseada na resposta dos usu\u00e1rios em rela\u00e7\u00e3o ao conceito \u00e0s tribos, a estrat\u00e9gia\ntamb\u00e9m contempla ativa\u00e7\u00f5es a partir desta sexta-feira (17) no festival\nmultiplataforma MecaInhotim. <\/p>\n\n\n\n<p><strong>FICHA T\u00c9CNICA<\/strong><\/p>\n\n\n\n<p><strong>Ag\u00eancia:\n<\/strong>Leo Burnett Neo Comunicac\u00e3o Ltda<\/p>\n\n\n\n<p><strong>T\u00edtulo:\n<\/strong>Tribos<\/p>\n\n\n\n<p><strong>Produto:\n<\/strong>Fiat Argo<\/p>\n\n\n\n<p><strong>Anunciante:\n<\/strong>Fca Fiat Chrysler Automoveis Brasil Ltda<\/p>\n\n\n\n<p><strong>Cco:\n<\/strong>Marcelo Reis<\/p>\n\n\n\n<p><strong>Vp\/Ecd:\n<\/strong>Wilson Mateos<\/p>\n\n\n\n<p><strong>Diretor\nGeral de Cria\u00e7\u00e3o: <\/strong>Pedro Utzeri <\/p>\n\n\n\n<p><strong>Diretor\nde Cria\u00e7\u00e3o: <\/strong>Tom\u00e1s Correa<\/p>\n\n\n\n<p><strong>Dire\u00e7\u00e3o\nde Cria\u00e7\u00e3o Digital: <\/strong>Andreza Aguiar, Bruno Tozzini e Denis Gustavo<\/p>\n\n\n\n<p><strong>Redator:\n<\/strong>Marcelo Reis e Filipe Medici<\/p>\n\n\n\n<p><strong>Diretor\nde Arte: <\/strong>Fernando Lyra<\/p>\n\n\n\n<p><strong>Cria\u00e7\u00e3o\nDigital:<\/strong> Luis Rombino, Rachel Lucchesi e Natalia Soares<\/p>\n\n\n\n<p><strong>Social Media:<\/strong> Guido\nMichaelis, Jota Marin, Natalia Soares, Wagner Ximenes, Ruan Millers, Jo\u00e3o\nLovise e Carol Avena<\/p>\n\n\n\n<p><strong>Diretora de Produ\u00e7\u00e3o Integrada: <\/strong>Maria Fernanda Moura<\/p>\n\n\n\n<p><strong>RTV:<\/strong> Jackeline Neuwirt<\/p>\n\n\n\n<p><strong>Artbuyer: <\/strong>Brenda Mayra e Daniel Gon\u00e7alves<\/p>\n\n\n\n<p><strong>Projetos\nDigitais: <\/strong>Pedro Rais e Leonardo Ricciardi<\/p>\n\n\n\n<p><strong>Atendimento:\n<\/strong>Fabio Brito,Karol Alberti, Luisa Prado, Ana Ceolin, Vitor\nBorragine, Henrique Assis, Giovanna Rodrigues, J\u00e9ssica Saravalli, Cec\u00edlia Elia\ne Bruna Salom\u00e3o<\/p>\n\n\n\n<p><strong>M\u00eddia: <\/strong>Andrea Hirata, Daniela Franco, Carla Caramante,\nMarcelo Iwakiri, Paula Ricarte, Vitor Perazza, Beatriz Lindner e Mariana\nMedeiros <\/p>\n\n\n\n<p><strong>Planejamento:<\/strong>\nTiago Lara, Gustavo Zilles, Vin\u00edcius Azeredo e Andressa Rodrigues<\/p>\n\n\n\n<p><strong>Aprova\u00e7\u00e3o:\n<\/strong>Frederico Battaglia, Malu Ant\u00f4nio, Ana Brant e Ana Pepino<\/p>\n\n\n\n<p><strong>Produtora\nDe Filme:<\/strong> Saigon<\/p>\n\n\n\n<p><strong>Diretor:<\/strong>\nVellas<\/p>\n\n\n\n<p><strong>Produ\u00e7\u00e3o\nExecutiva:<\/strong> Marcelo Altschuler<\/p>\n\n\n\n<p><strong>Diretor\nFotografia: <\/strong>Agustin Claramunt <\/p>\n\n\n\n<p><strong>Atendimento:<\/strong>\nFernanda Gomes, Jin Park, Tais Sanches<\/p>\n\n\n\n<p><strong>Coordena\u00e7\u00e3o\nDe Produ\u00e7\u00e3o: <\/strong>Carol Pessini\/ Marina Blum\/ Nat\u00e1lia Cardoso\/ Gabriela Mangieri\n<\/p>\n\n\n\n<p><strong>Coordena\u00e7\u00e3o\nP\u00f3s-Produ\u00e7\u00e3o: <\/strong>Virgini Fares e Natalia Herrera<\/p>\n\n\n\n<p><strong>Finalizaor:<\/strong>\nF\u00e1bio Abreu<\/p>\n\n\n\n<p><strong>Montador<\/strong>:\nRami D&#8217;aguiar<\/p>\n\n\n\n<p><strong>Colorista:<\/strong>\nBleach Filmes<\/p>\n\n\n\n<p><strong>P\u00f3s\nProdutora<\/strong>: Nash<\/p>\n\n\n\n<p><strong>Equipe\nDigitais:<\/strong><\/p>\n\n\n\n<p><strong>Dire\u00e7\u00e3o:\nMoira E Luis&nbsp; <\/strong><\/p>\n\n\n\n<p><strong>Diretor\nde Fotografia: <\/strong>Victor Ponce<\/p>\n\n\n\n<p><strong>Finalizador:\nNatalia Herrera <\/strong>&nbsp;<\/p>\n\n\n\n<p><strong>Montador:<\/strong>\nWilliam Maxwelli <\/p>\n\n\n\n<p><strong>Colorista:<\/strong>\nBleach Filmes<\/p>\n\n\n\n<p><strong>P\u00f3s\nProdutora:<\/strong> Clan Vfx<\/p>\n\n\n\n<p><strong>Produtora\nde Som: <\/strong>Quiet City\nMusic+Sound<\/p>\n\n\n\n<p><strong>Cria\u00e7\u00e3o e Produ\u00e7\u00e3o de Trilha:<\/strong>&nbsp;Chris Jord\u00e3o<\/p>\n\n\n\n<p><strong>Finaliza\u00e7\u00e3o:<\/strong> Equipe Quiet City<\/p>\n\n\n\n<p><strong>Atendimento:<\/strong> Xanna D\u2019aguiar e Karina Vadasz<\/p>\n\n\n\n<p><strong>Data\n1\u00aa Veicula\u00e7\u00e3o: 15\/05\/2019<\/strong><\/p>\n","protected":false},"excerpt":{"rendered":"<p>Criado na Roma Antiga, o termo tribo (do latim tribus) significa um tipo de agrupamento humano unido por l\u00ednguas, costumes, institui\u00e7\u00f5es e tradi\u00e7\u00f5es em comum. S\u00e9culos depois, a express\u00e3o tamb\u00e9m serve para designar grupos com interesses m\u00fatuos. Atenta \u00e0s novas tribos urbanas, a Fiat lan\u00e7a uma vers\u00e3o especial de sua linha Argo. Pensado para quem [&hellip;]<\/p>\n","protected":false},"author":1,"featured_media":8468,"comment_status":"open","ping_status":"open","sticky":false,"template":"","format":"standard","meta":{"tdm_status":"","tdm_grid_status":"","footnotes":""},"categories":[6],"tags":[65,356,28],"class_list":["post-8467","post","type-post","status-publish","format-standard","has-post-thumbnail","hentry","category-noticias","tag-campanha","tag-fiat","tag-marketing"],"yoast_head":"<!-- This site is optimized with the Yoast SEO plugin v27.5 - https:\/\/yoast.com\/product\/yoast-seo-wordpress\/ -->\n<title>Em nova campanha, Fiat se inspira em \u201ctodas\u201d as tribos para apresentar o Argo Trekking - CidadeMarketing<\/title>\n<meta name=\"robots\" content=\"index, follow, max-snippet:-1, max-image-preview:large, max-video-preview:-1\" \/>\n<link rel=\"canonical\" href=\"https:\/\/www.cidademarketing.com.br\/marketing\/2019\/05\/21\/em-nova-campanha-fiat-se-inspira-em-todas-as-tribos-para-apresentar-o-argo-trekking\/\" \/>\n<meta property=\"og:locale\" content=\"pt_BR\" \/>\n<meta property=\"og:type\" content=\"article\" \/>\n<meta property=\"og:title\" content=\"Em nova campanha, Fiat se inspira em \u201ctodas\u201d as tribos para apresentar o Argo Trekking - CidadeMarketing\" \/>\n<meta property=\"og:description\" content=\"Criado na Roma Antiga, o termo tribo (do latim tribus) significa um tipo de agrupamento humano unido por l\u00ednguas, costumes, institui\u00e7\u00f5es e tradi\u00e7\u00f5es em comum. S\u00e9culos depois, a express\u00e3o tamb\u00e9m serve para designar grupos com interesses m\u00fatuos. Atenta \u00e0s novas tribos urbanas, a Fiat lan\u00e7a uma vers\u00e3o especial de sua linha Argo. Pensado para quem [&hellip;]\" \/>\n<meta property=\"og:url\" content=\"https:\/\/www.cidademarketing.com.br\/marketing\/2019\/05\/21\/em-nova-campanha-fiat-se-inspira-em-todas-as-tribos-para-apresentar-o-argo-trekking\/\" \/>\n<meta property=\"og:site_name\" content=\"CidadeMarketing\" \/>\n<meta property=\"article:publisher\" content=\"https:\/\/www.facebook.com\/portalcidademarketing\" \/>\n<meta property=\"article:author\" content=\"https:\/\/www.facebook.com\/thalesbrandao\" \/>\n<meta property=\"article:published_time\" content=\"2019-05-20T22:39:12+00:00\" \/>\n<meta property=\"article:modified_time\" content=\"2019-05-20T22:39:15+00:00\" \/>\n<meta property=\"og:image\" content=\"https:\/\/www.cidademarketing.com.br\/marketing\/wp-content\/uploads\/2019\/05\/fiat_Argo_Trekking.jpg\" \/>\n\t<meta property=\"og:image:width\" content=\"1182\" \/>\n\t<meta property=\"og:image:height\" content=\"614\" \/>\n\t<meta property=\"og:image:type\" content=\"image\/jpeg\" \/>\n<meta name=\"author\" content=\"Thales Brand\u00e3o\" \/>\n<meta name=\"twitter:card\" content=\"summary_large_image\" \/>\n<meta name=\"twitter:creator\" content=\"@http:\/\/www.twitter.com\/thalesbrandao\" \/>\n<meta name=\"twitter:site\" content=\"@CidadeMarketing\" \/>\n<meta name=\"twitter:label1\" content=\"Escrito por\" \/>\n\t<meta name=\"twitter:data1\" content=\"Thales Brand\u00e3o\" \/>\n\t<meta name=\"twitter:label2\" content=\"Est. tempo de leitura\" \/>\n\t<meta name=\"twitter:data2\" content=\"4 minutos\" \/>\n<script type=\"application\/ld+json\" class=\"yoast-schema-graph\">{\"@context\":\"https:\\\/\\\/schema.org\",\"@graph\":[{\"@type\":\"Article\",\"@id\":\"https:\\\/\\\/www.cidademarketing.com.br\\\/marketing\\\/2019\\\/05\\\/21\\\/em-nova-campanha-fiat-se-inspira-em-todas-as-tribos-para-apresentar-o-argo-trekking\\\/#article\",\"isPartOf\":{\"@id\":\"https:\\\/\\\/www.cidademarketing.com.br\\\/marketing\\\/2019\\\/05\\\/21\\\/em-nova-campanha-fiat-se-inspira-em-todas-as-tribos-para-apresentar-o-argo-trekking\\\/\"},\"author\":{\"name\":\"Thales Brand\u00e3o\",\"@id\":\"https:\\\/\\\/www.cidademarketing.com.br\\\/marketing\\\/#\\\/schema\\\/person\\\/02daff9f18bd9378c9e01eb6b2db155f\"},\"headline\":\"Em nova campanha, Fiat se inspira em \u201ctodas\u201d as tribos para apresentar o Argo Trekking\",\"datePublished\":\"2019-05-20T22:39:12+00:00\",\"dateModified\":\"2019-05-20T22:39:15+00:00\",\"mainEntityOfPage\":{\"@id\":\"https:\\\/\\\/www.cidademarketing.com.br\\\/marketing\\\/2019\\\/05\\\/21\\\/em-nova-campanha-fiat-se-inspira-em-todas-as-tribos-para-apresentar-o-argo-trekking\\\/\"},\"wordCount\":832,\"commentCount\":0,\"publisher\":{\"@id\":\"https:\\\/\\\/www.cidademarketing.com.br\\\/marketing\\\/#organization\"},\"image\":{\"@id\":\"https:\\\/\\\/www.cidademarketing.com.br\\\/marketing\\\/2019\\\/05\\\/21\\\/em-nova-campanha-fiat-se-inspira-em-todas-as-tribos-para-apresentar-o-argo-trekking\\\/#primaryimage\"},\"thumbnailUrl\":\"https:\\\/\\\/www.cidademarketing.com.br\\\/marketing\\\/wp-content\\\/uploads\\\/2019\\\/05\\\/fiat_Argo_Trekking.jpg\",\"keywords\":[\"campanha\",\"Fiat\",\"marketing\"],\"articleSection\":[\"Not\u00edcias\"],\"inLanguage\":\"pt-BR\",\"potentialAction\":[{\"@type\":\"CommentAction\",\"name\":\"Comment\",\"target\":[\"https:\\\/\\\/www.cidademarketing.com.br\\\/marketing\\\/2019\\\/05\\\/21\\\/em-nova-campanha-fiat-se-inspira-em-todas-as-tribos-para-apresentar-o-argo-trekking\\\/#respond\"]}]},{\"@type\":\"WebPage\",\"@id\":\"https:\\\/\\\/www.cidademarketing.com.br\\\/marketing\\\/2019\\\/05\\\/21\\\/em-nova-campanha-fiat-se-inspira-em-todas-as-tribos-para-apresentar-o-argo-trekking\\\/\",\"url\":\"https:\\\/\\\/www.cidademarketing.com.br\\\/marketing\\\/2019\\\/05\\\/21\\\/em-nova-campanha-fiat-se-inspira-em-todas-as-tribos-para-apresentar-o-argo-trekking\\\/\",\"name\":\"Em nova campanha, Fiat se inspira em \u201ctodas\u201d as tribos para apresentar o Argo Trekking - CidadeMarketing\",\"isPartOf\":{\"@id\":\"https:\\\/\\\/www.cidademarketing.com.br\\\/marketing\\\/#website\"},\"primaryImageOfPage\":{\"@id\":\"https:\\\/\\\/www.cidademarketing.com.br\\\/marketing\\\/2019\\\/05\\\/21\\\/em-nova-campanha-fiat-se-inspira-em-todas-as-tribos-para-apresentar-o-argo-trekking\\\/#primaryimage\"},\"image\":{\"@id\":\"https:\\\/\\\/www.cidademarketing.com.br\\\/marketing\\\/2019\\\/05\\\/21\\\/em-nova-campanha-fiat-se-inspira-em-todas-as-tribos-para-apresentar-o-argo-trekking\\\/#primaryimage\"},\"thumbnailUrl\":\"https:\\\/\\\/www.cidademarketing.com.br\\\/marketing\\\/wp-content\\\/uploads\\\/2019\\\/05\\\/fiat_Argo_Trekking.jpg\",\"datePublished\":\"2019-05-20T22:39:12+00:00\",\"dateModified\":\"2019-05-20T22:39:15+00:00\",\"breadcrumb\":{\"@id\":\"https:\\\/\\\/www.cidademarketing.com.br\\\/marketing\\\/2019\\\/05\\\/21\\\/em-nova-campanha-fiat-se-inspira-em-todas-as-tribos-para-apresentar-o-argo-trekking\\\/#breadcrumb\"},\"inLanguage\":\"pt-BR\",\"potentialAction\":[{\"@type\":\"ReadAction\",\"target\":[\"https:\\\/\\\/www.cidademarketing.com.br\\\/marketing\\\/2019\\\/05\\\/21\\\/em-nova-campanha-fiat-se-inspira-em-todas-as-tribos-para-apresentar-o-argo-trekking\\\/\"]}]},{\"@type\":\"ImageObject\",\"inLanguage\":\"pt-BR\",\"@id\":\"https:\\\/\\\/www.cidademarketing.com.br\\\/marketing\\\/2019\\\/05\\\/21\\\/em-nova-campanha-fiat-se-inspira-em-todas-as-tribos-para-apresentar-o-argo-trekking\\\/#primaryimage\",\"url\":\"https:\\\/\\\/www.cidademarketing.com.br\\\/marketing\\\/wp-content\\\/uploads\\\/2019\\\/05\\\/fiat_Argo_Trekking.jpg\",\"contentUrl\":\"https:\\\/\\\/www.cidademarketing.com.br\\\/marketing\\\/wp-content\\\/uploads\\\/2019\\\/05\\\/fiat_Argo_Trekking.jpg\",\"width\":1182,\"height\":614,\"caption\":\"Reprodu\u00e7\u00e3o\"},{\"@type\":\"BreadcrumbList\",\"@id\":\"https:\\\/\\\/www.cidademarketing.com.br\\\/marketing\\\/2019\\\/05\\\/21\\\/em-nova-campanha-fiat-se-inspira-em-todas-as-tribos-para-apresentar-o-argo-trekking\\\/#breadcrumb\",\"itemListElement\":[{\"@type\":\"ListItem\",\"position\":1,\"name\":\"In\u00edcio\",\"item\":\"https:\\\/\\\/www.cidademarketing.com.br\\\/marketing\\\/\"},{\"@type\":\"ListItem\",\"position\":2,\"name\":\"Em nova campanha, Fiat se inspira em \u201ctodas\u201d as tribos para apresentar o Argo Trekking\"}]},{\"@type\":\"WebSite\",\"@id\":\"https:\\\/\\\/www.cidademarketing.com.br\\\/marketing\\\/#website\",\"url\":\"https:\\\/\\\/www.cidademarketing.com.br\\\/marketing\\\/\",\"name\":\"CidadeMarketing\",\"description\":\"Somos um ve\u00edculo de comunica\u00e7\u00e3o de destaque no Brasil, reconhecido por conte\u00fados nos segmentos de marketing, empreendedorismo e inova\u00e7\u00e3o.\",\"publisher\":{\"@id\":\"https:\\\/\\\/www.cidademarketing.com.br\\\/marketing\\\/#organization\"},\"alternateName\":\"CidadeMarketing\",\"potentialAction\":[{\"@type\":\"SearchAction\",\"target\":{\"@type\":\"EntryPoint\",\"urlTemplate\":\"https:\\\/\\\/www.cidademarketing.com.br\\\/marketing\\\/?s={search_term_string}\"},\"query-input\":{\"@type\":\"PropertyValueSpecification\",\"valueRequired\":true,\"valueName\":\"search_term_string\"}}],\"inLanguage\":\"pt-BR\"},{\"@type\":\"Organization\",\"@id\":\"https:\\\/\\\/www.cidademarketing.com.br\\\/marketing\\\/#organization\",\"name\":\"CidadeMarketing\",\"alternateName\":\"CidadeMarketing\",\"url\":\"https:\\\/\\\/www.cidademarketing.com.br\\\/marketing\\\/\",\"logo\":{\"@type\":\"ImageObject\",\"inLanguage\":\"pt-BR\",\"@id\":\"https:\\\/\\\/www.cidademarketing.com.br\\\/marketing\\\/#\\\/schema\\\/logo\\\/image\\\/\",\"url\":\"https:\\\/\\\/www.cidademarketing.com.br\\\/marketing\\\/wp-content\\\/uploads\\\/2020\\\/01\\\/cidademarketing_marca_mobile.png\",\"contentUrl\":\"https:\\\/\\\/www.cidademarketing.com.br\\\/marketing\\\/wp-content\\\/uploads\\\/2020\\\/01\\\/cidademarketing_marca_mobile.png\",\"width\":230,\"height\":92,\"caption\":\"CidadeMarketing\"},\"image\":{\"@id\":\"https:\\\/\\\/www.cidademarketing.com.br\\\/marketing\\\/#\\\/schema\\\/logo\\\/image\\\/\"},\"sameAs\":[\"https:\\\/\\\/www.facebook.com\\\/portalcidademarketing\",\"https:\\\/\\\/x.com\\\/CidadeMarketing\",\"https:\\\/\\\/www.instagram.com\\\/cidademarketing\\\/\"]},{\"@type\":\"Person\",\"@id\":\"https:\\\/\\\/www.cidademarketing.com.br\\\/marketing\\\/#\\\/schema\\\/person\\\/02daff9f18bd9378c9e01eb6b2db155f\",\"name\":\"Thales Brand\u00e3o\",\"image\":{\"@type\":\"ImageObject\",\"inLanguage\":\"pt-BR\",\"@id\":\"https:\\\/\\\/secure.gravatar.com\\\/avatar\\\/7ca3206950207cc3cb48feec56a8a7898741ab725c368d99d5d7a5a50aab80c6?s=96&d=mm&r=g\",\"url\":\"https:\\\/\\\/secure.gravatar.com\\\/avatar\\\/7ca3206950207cc3cb48feec56a8a7898741ab725c368d99d5d7a5a50aab80c6?s=96&d=mm&r=g\",\"contentUrl\":\"https:\\\/\\\/secure.gravatar.com\\\/avatar\\\/7ca3206950207cc3cb48feec56a8a7898741ab725c368d99d5d7a5a50aab80c6?s=96&d=mm&r=g\",\"caption\":\"Thales Brand\u00e3o\"},\"description\":\"Editor Executivo do Portal CidadeMarketing.com.br &gt; Mestre em Comunica\u00e7\u00e3o e Sociedade pela Universidade Federal de Sergipe. Possui MBA Executivo em Administra\u00e7\u00e3o com \u00eanfase em Marketing pela Funda\u00e7\u00e3o Get\u00falio Vargas - Rio de Janeiro. Consultor, Palestrante e Pesquisador sobre Empreendedorismo, Marketing, Redes Sociais e Neg\u00f3cios Digitais. Professor, Palestrante TedxTalks e Campus Party. Twitter: @ThalesBrandao\",\"sameAs\":[\"http:\\\/\\\/www.mandacaru.com.br\",\"https:\\\/\\\/www.facebook.com\\\/thalesbrandao\",\"http:\\\/\\\/www.instagram.com.br\\\/thalesbrandaoferreira\",\"https:\\\/\\\/www.linkedin.com\\\/in\\\/thales-brand\u00e3o-3948609\\\/\",\"https:\\\/\\\/x.com\\\/http:\\\/\\\/www.twitter.com\\\/thalesbrandao\"],\"url\":\"https:\\\/\\\/www.cidademarketing.com.br\\\/marketing\\\/author\\\/thalesbrandao\\\/\"}]}<\/script>\n<!-- \/ Yoast SEO plugin. -->","yoast_head_json":{"title":"Em nova campanha, Fiat se inspira em \u201ctodas\u201d as tribos para apresentar o Argo Trekking - CidadeMarketing","robots":{"index":"index","follow":"follow","max-snippet":"max-snippet:-1","max-image-preview":"max-image-preview:large","max-video-preview":"max-video-preview:-1"},"canonical":"https:\/\/www.cidademarketing.com.br\/marketing\/2019\/05\/21\/em-nova-campanha-fiat-se-inspira-em-todas-as-tribos-para-apresentar-o-argo-trekking\/","og_locale":"pt_BR","og_type":"article","og_title":"Em nova campanha, Fiat se inspira em \u201ctodas\u201d as tribos para apresentar o Argo Trekking - CidadeMarketing","og_description":"Criado na Roma Antiga, o termo tribo (do latim tribus) significa um tipo de agrupamento humano unido por l\u00ednguas, costumes, institui\u00e7\u00f5es e tradi\u00e7\u00f5es em comum. S\u00e9culos depois, a express\u00e3o tamb\u00e9m serve para designar grupos com interesses m\u00fatuos. Atenta \u00e0s novas tribos urbanas, a Fiat lan\u00e7a uma vers\u00e3o especial de sua linha Argo. Pensado para quem [&hellip;]","og_url":"https:\/\/www.cidademarketing.com.br\/marketing\/2019\/05\/21\/em-nova-campanha-fiat-se-inspira-em-todas-as-tribos-para-apresentar-o-argo-trekking\/","og_site_name":"CidadeMarketing","article_publisher":"https:\/\/www.facebook.com\/portalcidademarketing","article_author":"https:\/\/www.facebook.com\/thalesbrandao","article_published_time":"2019-05-20T22:39:12+00:00","article_modified_time":"2019-05-20T22:39:15+00:00","og_image":[{"width":1182,"height":614,"url":"https:\/\/www.cidademarketing.com.br\/marketing\/wp-content\/uploads\/2019\/05\/fiat_Argo_Trekking.jpg","type":"image\/jpeg"}],"author":"Thales Brand\u00e3o","twitter_card":"summary_large_image","twitter_creator":"@http:\/\/www.twitter.com\/thalesbrandao","twitter_site":"@CidadeMarketing","twitter_misc":{"Escrito por":"Thales Brand\u00e3o","Est. tempo de leitura":"4 minutos"},"schema":{"@context":"https:\/\/schema.org","@graph":[{"@type":"Article","@id":"https:\/\/www.cidademarketing.com.br\/marketing\/2019\/05\/21\/em-nova-campanha-fiat-se-inspira-em-todas-as-tribos-para-apresentar-o-argo-trekking\/#article","isPartOf":{"@id":"https:\/\/www.cidademarketing.com.br\/marketing\/2019\/05\/21\/em-nova-campanha-fiat-se-inspira-em-todas-as-tribos-para-apresentar-o-argo-trekking\/"},"author":{"name":"Thales Brand\u00e3o","@id":"https:\/\/www.cidademarketing.com.br\/marketing\/#\/schema\/person\/02daff9f18bd9378c9e01eb6b2db155f"},"headline":"Em nova campanha, Fiat se inspira em \u201ctodas\u201d as tribos para apresentar o Argo Trekking","datePublished":"2019-05-20T22:39:12+00:00","dateModified":"2019-05-20T22:39:15+00:00","mainEntityOfPage":{"@id":"https:\/\/www.cidademarketing.com.br\/marketing\/2019\/05\/21\/em-nova-campanha-fiat-se-inspira-em-todas-as-tribos-para-apresentar-o-argo-trekking\/"},"wordCount":832,"commentCount":0,"publisher":{"@id":"https:\/\/www.cidademarketing.com.br\/marketing\/#organization"},"image":{"@id":"https:\/\/www.cidademarketing.com.br\/marketing\/2019\/05\/21\/em-nova-campanha-fiat-se-inspira-em-todas-as-tribos-para-apresentar-o-argo-trekking\/#primaryimage"},"thumbnailUrl":"https:\/\/www.cidademarketing.com.br\/marketing\/wp-content\/uploads\/2019\/05\/fiat_Argo_Trekking.jpg","keywords":["campanha","Fiat","marketing"],"articleSection":["Not\u00edcias"],"inLanguage":"pt-BR","potentialAction":[{"@type":"CommentAction","name":"Comment","target":["https:\/\/www.cidademarketing.com.br\/marketing\/2019\/05\/21\/em-nova-campanha-fiat-se-inspira-em-todas-as-tribos-para-apresentar-o-argo-trekking\/#respond"]}]},{"@type":"WebPage","@id":"https:\/\/www.cidademarketing.com.br\/marketing\/2019\/05\/21\/em-nova-campanha-fiat-se-inspira-em-todas-as-tribos-para-apresentar-o-argo-trekking\/","url":"https:\/\/www.cidademarketing.com.br\/marketing\/2019\/05\/21\/em-nova-campanha-fiat-se-inspira-em-todas-as-tribos-para-apresentar-o-argo-trekking\/","name":"Em nova campanha, Fiat se inspira em \u201ctodas\u201d as tribos para apresentar o Argo Trekking - CidadeMarketing","isPartOf":{"@id":"https:\/\/www.cidademarketing.com.br\/marketing\/#website"},"primaryImageOfPage":{"@id":"https:\/\/www.cidademarketing.com.br\/marketing\/2019\/05\/21\/em-nova-campanha-fiat-se-inspira-em-todas-as-tribos-para-apresentar-o-argo-trekking\/#primaryimage"},"image":{"@id":"https:\/\/www.cidademarketing.com.br\/marketing\/2019\/05\/21\/em-nova-campanha-fiat-se-inspira-em-todas-as-tribos-para-apresentar-o-argo-trekking\/#primaryimage"},"thumbnailUrl":"https:\/\/www.cidademarketing.com.br\/marketing\/wp-content\/uploads\/2019\/05\/fiat_Argo_Trekking.jpg","datePublished":"2019-05-20T22:39:12+00:00","dateModified":"2019-05-20T22:39:15+00:00","breadcrumb":{"@id":"https:\/\/www.cidademarketing.com.br\/marketing\/2019\/05\/21\/em-nova-campanha-fiat-se-inspira-em-todas-as-tribos-para-apresentar-o-argo-trekking\/#breadcrumb"},"inLanguage":"pt-BR","potentialAction":[{"@type":"ReadAction","target":["https:\/\/www.cidademarketing.com.br\/marketing\/2019\/05\/21\/em-nova-campanha-fiat-se-inspira-em-todas-as-tribos-para-apresentar-o-argo-trekking\/"]}]},{"@type":"ImageObject","inLanguage":"pt-BR","@id":"https:\/\/www.cidademarketing.com.br\/marketing\/2019\/05\/21\/em-nova-campanha-fiat-se-inspira-em-todas-as-tribos-para-apresentar-o-argo-trekking\/#primaryimage","url":"https:\/\/www.cidademarketing.com.br\/marketing\/wp-content\/uploads\/2019\/05\/fiat_Argo_Trekking.jpg","contentUrl":"https:\/\/www.cidademarketing.com.br\/marketing\/wp-content\/uploads\/2019\/05\/fiat_Argo_Trekking.jpg","width":1182,"height":614,"caption":"Reprodu\u00e7\u00e3o"},{"@type":"BreadcrumbList","@id":"https:\/\/www.cidademarketing.com.br\/marketing\/2019\/05\/21\/em-nova-campanha-fiat-se-inspira-em-todas-as-tribos-para-apresentar-o-argo-trekking\/#breadcrumb","itemListElement":[{"@type":"ListItem","position":1,"name":"In\u00edcio","item":"https:\/\/www.cidademarketing.com.br\/marketing\/"},{"@type":"ListItem","position":2,"name":"Em nova campanha, Fiat se inspira em \u201ctodas\u201d as tribos para apresentar o Argo Trekking"}]},{"@type":"WebSite","@id":"https:\/\/www.cidademarketing.com.br\/marketing\/#website","url":"https:\/\/www.cidademarketing.com.br\/marketing\/","name":"CidadeMarketing","description":"Somos um ve\u00edculo de comunica\u00e7\u00e3o de destaque no Brasil, reconhecido por conte\u00fados nos segmentos de marketing, empreendedorismo e inova\u00e7\u00e3o.","publisher":{"@id":"https:\/\/www.cidademarketing.com.br\/marketing\/#organization"},"alternateName":"CidadeMarketing","potentialAction":[{"@type":"SearchAction","target":{"@type":"EntryPoint","urlTemplate":"https:\/\/www.cidademarketing.com.br\/marketing\/?s={search_term_string}"},"query-input":{"@type":"PropertyValueSpecification","valueRequired":true,"valueName":"search_term_string"}}],"inLanguage":"pt-BR"},{"@type":"Organization","@id":"https:\/\/www.cidademarketing.com.br\/marketing\/#organization","name":"CidadeMarketing","alternateName":"CidadeMarketing","url":"https:\/\/www.cidademarketing.com.br\/marketing\/","logo":{"@type":"ImageObject","inLanguage":"pt-BR","@id":"https:\/\/www.cidademarketing.com.br\/marketing\/#\/schema\/logo\/image\/","url":"https:\/\/www.cidademarketing.com.br\/marketing\/wp-content\/uploads\/2020\/01\/cidademarketing_marca_mobile.png","contentUrl":"https:\/\/www.cidademarketing.com.br\/marketing\/wp-content\/uploads\/2020\/01\/cidademarketing_marca_mobile.png","width":230,"height":92,"caption":"CidadeMarketing"},"image":{"@id":"https:\/\/www.cidademarketing.com.br\/marketing\/#\/schema\/logo\/image\/"},"sameAs":["https:\/\/www.facebook.com\/portalcidademarketing","https:\/\/x.com\/CidadeMarketing","https:\/\/www.instagram.com\/cidademarketing\/"]},{"@type":"Person","@id":"https:\/\/www.cidademarketing.com.br\/marketing\/#\/schema\/person\/02daff9f18bd9378c9e01eb6b2db155f","name":"Thales Brand\u00e3o","image":{"@type":"ImageObject","inLanguage":"pt-BR","@id":"https:\/\/secure.gravatar.com\/avatar\/7ca3206950207cc3cb48feec56a8a7898741ab725c368d99d5d7a5a50aab80c6?s=96&d=mm&r=g","url":"https:\/\/secure.gravatar.com\/avatar\/7ca3206950207cc3cb48feec56a8a7898741ab725c368d99d5d7a5a50aab80c6?s=96&d=mm&r=g","contentUrl":"https:\/\/secure.gravatar.com\/avatar\/7ca3206950207cc3cb48feec56a8a7898741ab725c368d99d5d7a5a50aab80c6?s=96&d=mm&r=g","caption":"Thales Brand\u00e3o"},"description":"Editor Executivo do Portal CidadeMarketing.com.br &gt; Mestre em Comunica\u00e7\u00e3o e Sociedade pela Universidade Federal de Sergipe. Possui MBA Executivo em Administra\u00e7\u00e3o com \u00eanfase em Marketing pela Funda\u00e7\u00e3o Get\u00falio Vargas - Rio de Janeiro. Consultor, Palestrante e Pesquisador sobre Empreendedorismo, Marketing, Redes Sociais e Neg\u00f3cios Digitais. Professor, Palestrante TedxTalks e Campus Party. Twitter: @ThalesBrandao","sameAs":["http:\/\/www.mandacaru.com.br","https:\/\/www.facebook.com\/thalesbrandao","http:\/\/www.instagram.com.br\/thalesbrandaoferreira","https:\/\/www.linkedin.com\/in\/thales-brand\u00e3o-3948609\/","https:\/\/x.com\/http:\/\/www.twitter.com\/thalesbrandao"],"url":"https:\/\/www.cidademarketing.com.br\/marketing\/author\/thalesbrandao\/"}]}},"amp_enabled":true,"_links":{"self":[{"href":"https:\/\/www.cidademarketing.com.br\/marketing\/wp-json\/wp\/v2\/posts\/8467","targetHints":{"allow":["GET"]}}],"collection":[{"href":"https:\/\/www.cidademarketing.com.br\/marketing\/wp-json\/wp\/v2\/posts"}],"about":[{"href":"https:\/\/www.cidademarketing.com.br\/marketing\/wp-json\/wp\/v2\/types\/post"}],"author":[{"embeddable":true,"href":"https:\/\/www.cidademarketing.com.br\/marketing\/wp-json\/wp\/v2\/users\/1"}],"replies":[{"embeddable":true,"href":"https:\/\/www.cidademarketing.com.br\/marketing\/wp-json\/wp\/v2\/comments?post=8467"}],"version-history":[{"count":1,"href":"https:\/\/www.cidademarketing.com.br\/marketing\/wp-json\/wp\/v2\/posts\/8467\/revisions"}],"predecessor-version":[{"id":8469,"href":"https:\/\/www.cidademarketing.com.br\/marketing\/wp-json\/wp\/v2\/posts\/8467\/revisions\/8469"}],"wp:featuredmedia":[{"embeddable":true,"href":"https:\/\/www.cidademarketing.com.br\/marketing\/wp-json\/wp\/v2\/media\/8468"}],"wp:attachment":[{"href":"https:\/\/www.cidademarketing.com.br\/marketing\/wp-json\/wp\/v2\/media?parent=8467"}],"wp:term":[{"taxonomy":"category","embeddable":true,"href":"https:\/\/www.cidademarketing.com.br\/marketing\/wp-json\/wp\/v2\/categories?post=8467"},{"taxonomy":"post_tag","embeddable":true,"href":"https:\/\/www.cidademarketing.com.br\/marketing\/wp-json\/wp\/v2\/tags?post=8467"}],"curies":[{"name":"wp","href":"https:\/\/api.w.org\/{rel}","templated":true}]}}