{"id":8427,"date":"2019-05-19T17:32:44","date_gmt":"2019-05-19T13:32:44","guid":{"rendered":"http:\/\/www.cidademarketing.com.br\/marketing\/?p=8427"},"modified":"2019-05-19T17:32:47","modified_gmt":"2019-05-19T13:32:47","slug":"reforma-da-previdencia-previsoes-para-o-crescimento-da-economia-estao-cada-vez-menores","status":"publish","type":"post","link":"https:\/\/www.cidademarketing.com.br\/marketing\/2019\/05\/19\/reforma-da-previdencia-previsoes-para-o-crescimento-da-economia-estao-cada-vez-menores\/","title":{"rendered":"Reforma da Previd\u00eancia: Previs\u00f5es para o crescimento da economia est\u00e3o cada vez menores"},"content":{"rendered":"\n<p>Com a tramita\u00e7\u00e3o da reforma da Previd\u00eancia em ritmo menor do que o esperado, o mercado financeiro tem reduzido cada vez mais a previs\u00e3o para o crescimento da economia este ano. O fraco desempenho da economia foi apontado na \u00faltima semana pelo \u00cdndice de Atividade Econ\u00f4mica do Banco Central (IBC-Br), que apresentou queda de 0,68% no primeiro trimestre deste ano.<\/p>\n\n\n\n<p>No in\u00edcio do ano, a previs\u00e3o de institui\u00e7\u00f5es financeiras consultadas pelo Banco Central (BC) para o crescimento do Produto Interno Bruto (PIB, soma de todos os bens e servi\u00e7os produzidos no pa\u00eds), era de 2,5%. Agora, ap\u00f3s 11 redu\u00e7\u00f5es consecutivas na pesquisa semanal, chega a 1,45%.<\/p>\n\n\n\n<p>Economistas e o governo argumentam que, sem a reforma da Previd\u00eancia, o endividamento do governo aumenta e diminui a confian\u00e7a dos investidores sobre a capacidade de o pa\u00eds de honrar os pagamentos da d\u00edvida p\u00fablica. Com isso, os investimentos s\u00e3o reduzidos e h\u00e1 comprometimento da capacidade de criar emprego e gerar crescimento econ\u00f4mico.<\/p>\n\n\n\n<h2 class=\"wp-block-heading\">Reforma da Previd\u00eancia<\/h2>\n\n\n\n<p>O professor de macroeconomia do Ibmec-RJ e economista da \u00d3rama Distribuidora de T\u00edtulos e Valores Mobili\u00e1rios Alexandre Esp\u00edrito Santo disse que, no final do ano passado e in\u00edcio de 2019, os analistas acreditavam que a reforma da Previd\u00eancia, por ser considerado o principal problema fiscal do pa\u00eds, tramitaria de forma mais c\u00e9lere no Congresso Nacional. \u201cPor ser mais ou menos um consenso na sociedade que \u00e9 necess\u00e1rio fazer a reforma, acredit\u00e1vamos que ia tramitar de maneira c\u00e9lere, que a gente teria no final do primeiro semestre a reforma encaminhada no Congresso Nacional com grandes chances de estar aprovada. Entretanto, depois que o governo come\u00e7ou, as coisas n\u00e3o flu\u00edram dessa forma\u201d.<\/p>\n\n\n\n<p>Na vis\u00e3o do economista, o governo precisa focar na aprova\u00e7\u00e3o da reforma. \u201cA articula\u00e7\u00e3o pol\u00edtica \u00e9 um problema at\u00e9 de alguma forma natural porque \u00e9 um governo novo. Apesar de ter pessoas com experi\u00eancia, governos quando s\u00e3o colocados pela primeira vez encontram dificuldades. S\u00f3 que o pa\u00eds infelizmente est\u00e1 precisando de velocidade. A gente tem muito desemprego e crescimento p\u00edfio\u201d, argumentou.<\/p>\n\n\n\n<p>Para ele, h\u00e1 grande chance de a reforma ser \u201cdesidratada\u201d. \u201cDependendo de quanto for desidratada \u00e9 um problema, porque o pa\u00eds precisa dessa poupan\u00e7a. Os empres\u00e1rios que estavam querendo come\u00e7ar a investir adiaram os investimentos para quando efetivamente a reforma sair e a gente tiver efetivamente os n\u00fameros na m\u00e3os. E a\u00ed rapidamente as revis\u00f5es [para o crescimento do PIB] aconteceram\u201d, afirmou.<\/p>\n\n\n\n<h2 class=\"wp-block-heading\">Copom<\/h2>\n\n\n\n<p>No \u00faltimo dia 14, na ata da reuni\u00e3o do Comit\u00ea de Pol\u00edtica Monet\u00e1ria (Copom), o BC adiantou que a economia pode apresentar recuo no primeiro trimestre deste ano. Segundo o documento, o processo de recupera\u00e7\u00e3o gradual da atividade econ\u00f4mica sofreu interrup\u00e7\u00e3o no per\u00edodo recente, mas a expectativa \u00e9 de retomada adiante.<\/p>\n\n\n\n<p>Na quinta-feira (16), o presidente do BC, Roberto Campos Neto, afirmou que o desempenho recente da economia foi decepcionante. Ele destacou que \u00e9 preciso resolver a situa\u00e7\u00e3o fiscal para o pa\u00eds voltar a ter investimentos. \u201cFicamos decepcionados com o resultado\u201d, disse.<\/p>\n\n\n\n<p>Campos Neto acrescentou que existia a expectativa no mercado financeiro de que, ap\u00f3s elei\u00e7\u00e3o, a quest\u00e3o fiscal fosse rapidamente resolvida. Entretanto, como isso n\u00e3o ocorreu, o mercado est\u00e1 em processo de espera pelas reformas.<\/p>\n\n\n\n<p>&#8220;Incertezas continuam no ar. Isso explica um pouco esse adiamento da decis\u00e3o de investir&#8221;.<\/p>\n\n\n\n<h2 class=\"wp-block-heading\">Previs\u00e3o de crescimento<\/h2>\n\n\n\n<p>O ministro da Economia, Paulo Guedes, disse no dia 14, que a equipe econ\u00f4mica j\u00e1 est\u00e1 trabalhando com uma previs\u00e3o de crescimento de 1,5% neste ano. Segundo ele, a reformula\u00e7\u00e3o de expectativas diante da demora na aprova\u00e7\u00e3o da reforma da Previd\u00eancia justificou a revis\u00e3o das estimativas.<\/p>\n\n\n\n<p>O governo deve divulgar no pr\u00f3ximo dia 22, a nova previs\u00e3o para o crescimento da economia neste ano. Em mar\u00e7o, o governo previa expans\u00e3o de 2,2%. Com a desacelera\u00e7\u00e3o do crescimento econ\u00f4mico, as receitas do governo diminuem, o que provavelmente tornar\u00e1 necess\u00e1rio novo contingenciamento (bloqueio) de verbas do Or\u00e7amento deste ano.<\/p>\n\n\n\n<p>O resultado do PIB do primeiro trimestre deste ano ser\u00e1 divulgado pelo Instituto Brasileiro de Geografia e Estat\u00edstica (IBGE) no pr\u00f3ximo dia 30.<\/p>\n\n\n\n<p>CidadeMarketing com informa\u00e7\u00f5es da EBC.<\/p>\n","protected":false},"excerpt":{"rendered":"<p>Com a tramita\u00e7\u00e3o da reforma da Previd\u00eancia em ritmo menor do que o esperado, o mercado financeiro tem reduzido cada vez mais a previs\u00e3o para o crescimento da economia este ano. O fraco desempenho da economia foi apontado na \u00faltima semana pelo \u00cdndice de Atividade Econ\u00f4mica do Banco Central (IBC-Br), que apresentou queda de 0,68% [&hellip;]<\/p>\n","protected":false},"author":1,"featured_media":3271,"comment_status":"open","ping_status":"open","sticky":false,"template":"","format":"standard","meta":{"tdm_status":"","tdm_grid_status":"","footnotes":""},"categories":[6],"tags":[147,308,1102,1371],"class_list":["post-8427","post","type-post","status-publish","format-standard","has-post-thumbnail","hentry","category-noticias","tag-brasil","tag-comunicacao","tag-dinheiro","tag-economia"],"yoast_head":"<!-- This site is optimized with the Yoast SEO plugin v27.4 - https:\/\/yoast.com\/product\/yoast-seo-wordpress\/ -->\n<title>Reforma da Previd\u00eancia: Previs\u00f5es para o crescimento da economia est\u00e3o cada vez menores - CidadeMarketing<\/title>\n<meta name=\"robots\" content=\"index, follow, max-snippet:-1, max-image-preview:large, max-video-preview:-1\" \/>\n<link rel=\"canonical\" href=\"https:\/\/www.cidademarketing.com.br\/marketing\/2019\/05\/19\/reforma-da-previdencia-previsoes-para-o-crescimento-da-economia-estao-cada-vez-menores\/\" \/>\n<meta property=\"og:locale\" content=\"pt_BR\" \/>\n<meta property=\"og:type\" content=\"article\" \/>\n<meta property=\"og:title\" content=\"Reforma da Previd\u00eancia: Previs\u00f5es para o crescimento da economia est\u00e3o cada vez menores - CidadeMarketing\" \/>\n<meta property=\"og:description\" content=\"Com a tramita\u00e7\u00e3o da reforma da Previd\u00eancia em ritmo menor do que o esperado, o mercado financeiro tem reduzido cada vez mais a previs\u00e3o para o crescimento da economia este ano. O fraco desempenho da economia foi apontado na \u00faltima semana pelo \u00cdndice de Atividade Econ\u00f4mica do Banco Central (IBC-Br), que apresentou queda de 0,68% [&hellip;]\" \/>\n<meta property=\"og:url\" content=\"https:\/\/www.cidademarketing.com.br\/marketing\/2019\/05\/19\/reforma-da-previdencia-previsoes-para-o-crescimento-da-economia-estao-cada-vez-menores\/\" \/>\n<meta property=\"og:site_name\" content=\"CidadeMarketing\" \/>\n<meta property=\"article:publisher\" content=\"https:\/\/www.facebook.com\/portalcidademarketing\" \/>\n<meta property=\"article:author\" content=\"https:\/\/www.facebook.com\/thalesbrandao\" \/>\n<meta property=\"article:published_time\" content=\"2019-05-19T13:32:44+00:00\" \/>\n<meta property=\"article:modified_time\" content=\"2019-05-19T13:32:47+00:00\" \/>\n<meta property=\"og:image\" content=\"https:\/\/www.cidademarketing.com.br\/marketing\/wp-content\/uploads\/2018\/11\/dinheiro.jpg\" \/>\n\t<meta property=\"og:image:width\" content=\"460\" \/>\n\t<meta property=\"og:image:height\" content=\"345\" \/>\n\t<meta property=\"og:image:type\" content=\"image\/jpeg\" \/>\n<meta name=\"author\" content=\"Thales Brand\u00e3o\" \/>\n<meta name=\"twitter:card\" content=\"summary_large_image\" \/>\n<meta name=\"twitter:creator\" content=\"@http:\/\/www.twitter.com\/thalesbrandao\" \/>\n<meta name=\"twitter:site\" content=\"@CidadeMarketing\" \/>\n<meta name=\"twitter:label1\" content=\"Escrito por\" \/>\n\t<meta name=\"twitter:data1\" content=\"Thales Brand\u00e3o\" \/>\n\t<meta name=\"twitter:label2\" content=\"Est. tempo de leitura\" \/>\n\t<meta name=\"twitter:data2\" content=\"4 minutos\" \/>\n<script type=\"application\/ld+json\" class=\"yoast-schema-graph\">{\"@context\":\"https:\\\/\\\/schema.org\",\"@graph\":[{\"@type\":\"Article\",\"@id\":\"https:\\\/\\\/www.cidademarketing.com.br\\\/marketing\\\/2019\\\/05\\\/19\\\/reforma-da-previdencia-previsoes-para-o-crescimento-da-economia-estao-cada-vez-menores\\\/#article\",\"isPartOf\":{\"@id\":\"https:\\\/\\\/www.cidademarketing.com.br\\\/marketing\\\/2019\\\/05\\\/19\\\/reforma-da-previdencia-previsoes-para-o-crescimento-da-economia-estao-cada-vez-menores\\\/\"},\"author\":{\"name\":\"Thales Brand\u00e3o\",\"@id\":\"https:\\\/\\\/www.cidademarketing.com.br\\\/marketing\\\/#\\\/schema\\\/person\\\/02daff9f18bd9378c9e01eb6b2db155f\"},\"headline\":\"Reforma da Previd\u00eancia: Previs\u00f5es para o crescimento da economia est\u00e3o cada vez menores\",\"datePublished\":\"2019-05-19T13:32:44+00:00\",\"dateModified\":\"2019-05-19T13:32:47+00:00\",\"mainEntityOfPage\":{\"@id\":\"https:\\\/\\\/www.cidademarketing.com.br\\\/marketing\\\/2019\\\/05\\\/19\\\/reforma-da-previdencia-previsoes-para-o-crescimento-da-economia-estao-cada-vez-menores\\\/\"},\"wordCount\":741,\"commentCount\":0,\"publisher\":{\"@id\":\"https:\\\/\\\/www.cidademarketing.com.br\\\/marketing\\\/#organization\"},\"image\":{\"@id\":\"https:\\\/\\\/www.cidademarketing.com.br\\\/marketing\\\/2019\\\/05\\\/19\\\/reforma-da-previdencia-previsoes-para-o-crescimento-da-economia-estao-cada-vez-menores\\\/#primaryimage\"},\"thumbnailUrl\":\"https:\\\/\\\/www.cidademarketing.com.br\\\/marketing\\\/wp-content\\\/uploads\\\/2018\\\/11\\\/dinheiro.jpg\",\"keywords\":[\"Brasil\",\"comunica\u00e7\u00e3o\",\"dinheiro\",\"economia\"],\"articleSection\":[\"Not\u00edcias\"],\"inLanguage\":\"pt-BR\",\"potentialAction\":[{\"@type\":\"CommentAction\",\"name\":\"Comment\",\"target\":[\"https:\\\/\\\/www.cidademarketing.com.br\\\/marketing\\\/2019\\\/05\\\/19\\\/reforma-da-previdencia-previsoes-para-o-crescimento-da-economia-estao-cada-vez-menores\\\/#respond\"]}]},{\"@type\":\"WebPage\",\"@id\":\"https:\\\/\\\/www.cidademarketing.com.br\\\/marketing\\\/2019\\\/05\\\/19\\\/reforma-da-previdencia-previsoes-para-o-crescimento-da-economia-estao-cada-vez-menores\\\/\",\"url\":\"https:\\\/\\\/www.cidademarketing.com.br\\\/marketing\\\/2019\\\/05\\\/19\\\/reforma-da-previdencia-previsoes-para-o-crescimento-da-economia-estao-cada-vez-menores\\\/\",\"name\":\"Reforma da Previd\u00eancia: Previs\u00f5es para o crescimento da economia est\u00e3o cada vez menores - CidadeMarketing\",\"isPartOf\":{\"@id\":\"https:\\\/\\\/www.cidademarketing.com.br\\\/marketing\\\/#website\"},\"primaryImageOfPage\":{\"@id\":\"https:\\\/\\\/www.cidademarketing.com.br\\\/marketing\\\/2019\\\/05\\\/19\\\/reforma-da-previdencia-previsoes-para-o-crescimento-da-economia-estao-cada-vez-menores\\\/#primaryimage\"},\"image\":{\"@id\":\"https:\\\/\\\/www.cidademarketing.com.br\\\/marketing\\\/2019\\\/05\\\/19\\\/reforma-da-previdencia-previsoes-para-o-crescimento-da-economia-estao-cada-vez-menores\\\/#primaryimage\"},\"thumbnailUrl\":\"https:\\\/\\\/www.cidademarketing.com.br\\\/marketing\\\/wp-content\\\/uploads\\\/2018\\\/11\\\/dinheiro.jpg\",\"datePublished\":\"2019-05-19T13:32:44+00:00\",\"dateModified\":\"2019-05-19T13:32:47+00:00\",\"breadcrumb\":{\"@id\":\"https:\\\/\\\/www.cidademarketing.com.br\\\/marketing\\\/2019\\\/05\\\/19\\\/reforma-da-previdencia-previsoes-para-o-crescimento-da-economia-estao-cada-vez-menores\\\/#breadcrumb\"},\"inLanguage\":\"pt-BR\",\"potentialAction\":[{\"@type\":\"ReadAction\",\"target\":[\"https:\\\/\\\/www.cidademarketing.com.br\\\/marketing\\\/2019\\\/05\\\/19\\\/reforma-da-previdencia-previsoes-para-o-crescimento-da-economia-estao-cada-vez-menores\\\/\"]}]},{\"@type\":\"ImageObject\",\"inLanguage\":\"pt-BR\",\"@id\":\"https:\\\/\\\/www.cidademarketing.com.br\\\/marketing\\\/2019\\\/05\\\/19\\\/reforma-da-previdencia-previsoes-para-o-crescimento-da-economia-estao-cada-vez-menores\\\/#primaryimage\",\"url\":\"https:\\\/\\\/www.cidademarketing.com.br\\\/marketing\\\/wp-content\\\/uploads\\\/2018\\\/11\\\/dinheiro.jpg\",\"contentUrl\":\"https:\\\/\\\/www.cidademarketing.com.br\\\/marketing\\\/wp-content\\\/uploads\\\/2018\\\/11\\\/dinheiro.jpg\",\"width\":460,\"height\":345,\"caption\":\"Divulga\u00e7\u00e3o\"},{\"@type\":\"BreadcrumbList\",\"@id\":\"https:\\\/\\\/www.cidademarketing.com.br\\\/marketing\\\/2019\\\/05\\\/19\\\/reforma-da-previdencia-previsoes-para-o-crescimento-da-economia-estao-cada-vez-menores\\\/#breadcrumb\",\"itemListElement\":[{\"@type\":\"ListItem\",\"position\":1,\"name\":\"In\u00edcio\",\"item\":\"https:\\\/\\\/www.cidademarketing.com.br\\\/marketing\\\/\"},{\"@type\":\"ListItem\",\"position\":2,\"name\":\"Reforma da Previd\u00eancia: Previs\u00f5es para o crescimento da economia est\u00e3o cada vez menores\"}]},{\"@type\":\"WebSite\",\"@id\":\"https:\\\/\\\/www.cidademarketing.com.br\\\/marketing\\\/#website\",\"url\":\"https:\\\/\\\/www.cidademarketing.com.br\\\/marketing\\\/\",\"name\":\"CidadeMarketing\",\"description\":\"Somos um ve\u00edculo de comunica\u00e7\u00e3o de destaque no Brasil, reconhecido por conte\u00fados nos segmentos de marketing, empreendedorismo e inova\u00e7\u00e3o.\",\"publisher\":{\"@id\":\"https:\\\/\\\/www.cidademarketing.com.br\\\/marketing\\\/#organization\"},\"alternateName\":\"CidadeMarketing\",\"potentialAction\":[{\"@type\":\"SearchAction\",\"target\":{\"@type\":\"EntryPoint\",\"urlTemplate\":\"https:\\\/\\\/www.cidademarketing.com.br\\\/marketing\\\/?s={search_term_string}\"},\"query-input\":{\"@type\":\"PropertyValueSpecification\",\"valueRequired\":true,\"valueName\":\"search_term_string\"}}],\"inLanguage\":\"pt-BR\"},{\"@type\":\"Organization\",\"@id\":\"https:\\\/\\\/www.cidademarketing.com.br\\\/marketing\\\/#organization\",\"name\":\"CidadeMarketing\",\"alternateName\":\"CidadeMarketing\",\"url\":\"https:\\\/\\\/www.cidademarketing.com.br\\\/marketing\\\/\",\"logo\":{\"@type\":\"ImageObject\",\"inLanguage\":\"pt-BR\",\"@id\":\"https:\\\/\\\/www.cidademarketing.com.br\\\/marketing\\\/#\\\/schema\\\/logo\\\/image\\\/\",\"url\":\"https:\\\/\\\/www.cidademarketing.com.br\\\/marketing\\\/wp-content\\\/uploads\\\/2020\\\/01\\\/cidademarketing_marca_mobile.png\",\"contentUrl\":\"https:\\\/\\\/www.cidademarketing.com.br\\\/marketing\\\/wp-content\\\/uploads\\\/2020\\\/01\\\/cidademarketing_marca_mobile.png\",\"width\":230,\"height\":92,\"caption\":\"CidadeMarketing\"},\"image\":{\"@id\":\"https:\\\/\\\/www.cidademarketing.com.br\\\/marketing\\\/#\\\/schema\\\/logo\\\/image\\\/\"},\"sameAs\":[\"https:\\\/\\\/www.facebook.com\\\/portalcidademarketing\",\"https:\\\/\\\/x.com\\\/CidadeMarketing\",\"https:\\\/\\\/www.instagram.com\\\/cidademarketing\\\/\"]},{\"@type\":\"Person\",\"@id\":\"https:\\\/\\\/www.cidademarketing.com.br\\\/marketing\\\/#\\\/schema\\\/person\\\/02daff9f18bd9378c9e01eb6b2db155f\",\"name\":\"Thales Brand\u00e3o\",\"image\":{\"@type\":\"ImageObject\",\"inLanguage\":\"pt-BR\",\"@id\":\"https:\\\/\\\/secure.gravatar.com\\\/avatar\\\/7ca3206950207cc3cb48feec56a8a7898741ab725c368d99d5d7a5a50aab80c6?s=96&d=mm&r=g\",\"url\":\"https:\\\/\\\/secure.gravatar.com\\\/avatar\\\/7ca3206950207cc3cb48feec56a8a7898741ab725c368d99d5d7a5a50aab80c6?s=96&d=mm&r=g\",\"contentUrl\":\"https:\\\/\\\/secure.gravatar.com\\\/avatar\\\/7ca3206950207cc3cb48feec56a8a7898741ab725c368d99d5d7a5a50aab80c6?s=96&d=mm&r=g\",\"caption\":\"Thales Brand\u00e3o\"},\"description\":\"Editor Executivo do Portal CidadeMarketing.com.br &gt; Mestre em Comunica\u00e7\u00e3o e Sociedade pela Universidade Federal de Sergipe. Possui MBA Executivo em Administra\u00e7\u00e3o com \u00eanfase em Marketing pela Funda\u00e7\u00e3o Get\u00falio Vargas - Rio de Janeiro. Consultor, Palestrante e Pesquisador sobre Empreendedorismo, Marketing, Redes Sociais e Neg\u00f3cios Digitais. Professor, Palestrante TedxTalks e Campus Party. Twitter: @ThalesBrandao\",\"sameAs\":[\"http:\\\/\\\/www.mandacaru.com.br\",\"https:\\\/\\\/www.facebook.com\\\/thalesbrandao\",\"http:\\\/\\\/www.instagram.com.br\\\/thalesbrandaoferreira\",\"https:\\\/\\\/www.linkedin.com\\\/in\\\/thales-brand\u00e3o-3948609\\\/\",\"https:\\\/\\\/x.com\\\/http:\\\/\\\/www.twitter.com\\\/thalesbrandao\"],\"url\":\"https:\\\/\\\/www.cidademarketing.com.br\\\/marketing\\\/author\\\/thalesbrandao\\\/\"}]}<\/script>\n<!-- \/ Yoast SEO plugin. -->","yoast_head_json":{"title":"Reforma da Previd\u00eancia: Previs\u00f5es para o crescimento da economia est\u00e3o cada vez menores - CidadeMarketing","robots":{"index":"index","follow":"follow","max-snippet":"max-snippet:-1","max-image-preview":"max-image-preview:large","max-video-preview":"max-video-preview:-1"},"canonical":"https:\/\/www.cidademarketing.com.br\/marketing\/2019\/05\/19\/reforma-da-previdencia-previsoes-para-o-crescimento-da-economia-estao-cada-vez-menores\/","og_locale":"pt_BR","og_type":"article","og_title":"Reforma da Previd\u00eancia: Previs\u00f5es para o crescimento da economia est\u00e3o cada vez menores - CidadeMarketing","og_description":"Com a tramita\u00e7\u00e3o da reforma da Previd\u00eancia em ritmo menor do que o esperado, o mercado financeiro tem reduzido cada vez mais a previs\u00e3o para o crescimento da economia este ano. O fraco desempenho da economia foi apontado na \u00faltima semana pelo \u00cdndice de Atividade Econ\u00f4mica do Banco Central (IBC-Br), que apresentou queda de 0,68% [&hellip;]","og_url":"https:\/\/www.cidademarketing.com.br\/marketing\/2019\/05\/19\/reforma-da-previdencia-previsoes-para-o-crescimento-da-economia-estao-cada-vez-menores\/","og_site_name":"CidadeMarketing","article_publisher":"https:\/\/www.facebook.com\/portalcidademarketing","article_author":"https:\/\/www.facebook.com\/thalesbrandao","article_published_time":"2019-05-19T13:32:44+00:00","article_modified_time":"2019-05-19T13:32:47+00:00","og_image":[{"width":460,"height":345,"url":"https:\/\/www.cidademarketing.com.br\/marketing\/wp-content\/uploads\/2018\/11\/dinheiro.jpg","type":"image\/jpeg"}],"author":"Thales Brand\u00e3o","twitter_card":"summary_large_image","twitter_creator":"@http:\/\/www.twitter.com\/thalesbrandao","twitter_site":"@CidadeMarketing","twitter_misc":{"Escrito por":"Thales Brand\u00e3o","Est. tempo de leitura":"4 minutos"},"schema":{"@context":"https:\/\/schema.org","@graph":[{"@type":"Article","@id":"https:\/\/www.cidademarketing.com.br\/marketing\/2019\/05\/19\/reforma-da-previdencia-previsoes-para-o-crescimento-da-economia-estao-cada-vez-menores\/#article","isPartOf":{"@id":"https:\/\/www.cidademarketing.com.br\/marketing\/2019\/05\/19\/reforma-da-previdencia-previsoes-para-o-crescimento-da-economia-estao-cada-vez-menores\/"},"author":{"name":"Thales Brand\u00e3o","@id":"https:\/\/www.cidademarketing.com.br\/marketing\/#\/schema\/person\/02daff9f18bd9378c9e01eb6b2db155f"},"headline":"Reforma da Previd\u00eancia: Previs\u00f5es para o crescimento da economia est\u00e3o cada vez menores","datePublished":"2019-05-19T13:32:44+00:00","dateModified":"2019-05-19T13:32:47+00:00","mainEntityOfPage":{"@id":"https:\/\/www.cidademarketing.com.br\/marketing\/2019\/05\/19\/reforma-da-previdencia-previsoes-para-o-crescimento-da-economia-estao-cada-vez-menores\/"},"wordCount":741,"commentCount":0,"publisher":{"@id":"https:\/\/www.cidademarketing.com.br\/marketing\/#organization"},"image":{"@id":"https:\/\/www.cidademarketing.com.br\/marketing\/2019\/05\/19\/reforma-da-previdencia-previsoes-para-o-crescimento-da-economia-estao-cada-vez-menores\/#primaryimage"},"thumbnailUrl":"https:\/\/www.cidademarketing.com.br\/marketing\/wp-content\/uploads\/2018\/11\/dinheiro.jpg","keywords":["Brasil","comunica\u00e7\u00e3o","dinheiro","economia"],"articleSection":["Not\u00edcias"],"inLanguage":"pt-BR","potentialAction":[{"@type":"CommentAction","name":"Comment","target":["https:\/\/www.cidademarketing.com.br\/marketing\/2019\/05\/19\/reforma-da-previdencia-previsoes-para-o-crescimento-da-economia-estao-cada-vez-menores\/#respond"]}]},{"@type":"WebPage","@id":"https:\/\/www.cidademarketing.com.br\/marketing\/2019\/05\/19\/reforma-da-previdencia-previsoes-para-o-crescimento-da-economia-estao-cada-vez-menores\/","url":"https:\/\/www.cidademarketing.com.br\/marketing\/2019\/05\/19\/reforma-da-previdencia-previsoes-para-o-crescimento-da-economia-estao-cada-vez-menores\/","name":"Reforma da Previd\u00eancia: Previs\u00f5es para o crescimento da economia est\u00e3o cada vez menores - CidadeMarketing","isPartOf":{"@id":"https:\/\/www.cidademarketing.com.br\/marketing\/#website"},"primaryImageOfPage":{"@id":"https:\/\/www.cidademarketing.com.br\/marketing\/2019\/05\/19\/reforma-da-previdencia-previsoes-para-o-crescimento-da-economia-estao-cada-vez-menores\/#primaryimage"},"image":{"@id":"https:\/\/www.cidademarketing.com.br\/marketing\/2019\/05\/19\/reforma-da-previdencia-previsoes-para-o-crescimento-da-economia-estao-cada-vez-menores\/#primaryimage"},"thumbnailUrl":"https:\/\/www.cidademarketing.com.br\/marketing\/wp-content\/uploads\/2018\/11\/dinheiro.jpg","datePublished":"2019-05-19T13:32:44+00:00","dateModified":"2019-05-19T13:32:47+00:00","breadcrumb":{"@id":"https:\/\/www.cidademarketing.com.br\/marketing\/2019\/05\/19\/reforma-da-previdencia-previsoes-para-o-crescimento-da-economia-estao-cada-vez-menores\/#breadcrumb"},"inLanguage":"pt-BR","potentialAction":[{"@type":"ReadAction","target":["https:\/\/www.cidademarketing.com.br\/marketing\/2019\/05\/19\/reforma-da-previdencia-previsoes-para-o-crescimento-da-economia-estao-cada-vez-menores\/"]}]},{"@type":"ImageObject","inLanguage":"pt-BR","@id":"https:\/\/www.cidademarketing.com.br\/marketing\/2019\/05\/19\/reforma-da-previdencia-previsoes-para-o-crescimento-da-economia-estao-cada-vez-menores\/#primaryimage","url":"https:\/\/www.cidademarketing.com.br\/marketing\/wp-content\/uploads\/2018\/11\/dinheiro.jpg","contentUrl":"https:\/\/www.cidademarketing.com.br\/marketing\/wp-content\/uploads\/2018\/11\/dinheiro.jpg","width":460,"height":345,"caption":"Divulga\u00e7\u00e3o"},{"@type":"BreadcrumbList","@id":"https:\/\/www.cidademarketing.com.br\/marketing\/2019\/05\/19\/reforma-da-previdencia-previsoes-para-o-crescimento-da-economia-estao-cada-vez-menores\/#breadcrumb","itemListElement":[{"@type":"ListItem","position":1,"name":"In\u00edcio","item":"https:\/\/www.cidademarketing.com.br\/marketing\/"},{"@type":"ListItem","position":2,"name":"Reforma da Previd\u00eancia: Previs\u00f5es para o crescimento da economia est\u00e3o cada vez menores"}]},{"@type":"WebSite","@id":"https:\/\/www.cidademarketing.com.br\/marketing\/#website","url":"https:\/\/www.cidademarketing.com.br\/marketing\/","name":"CidadeMarketing","description":"Somos um ve\u00edculo de comunica\u00e7\u00e3o de destaque no Brasil, reconhecido por conte\u00fados nos segmentos de marketing, empreendedorismo e inova\u00e7\u00e3o.","publisher":{"@id":"https:\/\/www.cidademarketing.com.br\/marketing\/#organization"},"alternateName":"CidadeMarketing","potentialAction":[{"@type":"SearchAction","target":{"@type":"EntryPoint","urlTemplate":"https:\/\/www.cidademarketing.com.br\/marketing\/?s={search_term_string}"},"query-input":{"@type":"PropertyValueSpecification","valueRequired":true,"valueName":"search_term_string"}}],"inLanguage":"pt-BR"},{"@type":"Organization","@id":"https:\/\/www.cidademarketing.com.br\/marketing\/#organization","name":"CidadeMarketing","alternateName":"CidadeMarketing","url":"https:\/\/www.cidademarketing.com.br\/marketing\/","logo":{"@type":"ImageObject","inLanguage":"pt-BR","@id":"https:\/\/www.cidademarketing.com.br\/marketing\/#\/schema\/logo\/image\/","url":"https:\/\/www.cidademarketing.com.br\/marketing\/wp-content\/uploads\/2020\/01\/cidademarketing_marca_mobile.png","contentUrl":"https:\/\/www.cidademarketing.com.br\/marketing\/wp-content\/uploads\/2020\/01\/cidademarketing_marca_mobile.png","width":230,"height":92,"caption":"CidadeMarketing"},"image":{"@id":"https:\/\/www.cidademarketing.com.br\/marketing\/#\/schema\/logo\/image\/"},"sameAs":["https:\/\/www.facebook.com\/portalcidademarketing","https:\/\/x.com\/CidadeMarketing","https:\/\/www.instagram.com\/cidademarketing\/"]},{"@type":"Person","@id":"https:\/\/www.cidademarketing.com.br\/marketing\/#\/schema\/person\/02daff9f18bd9378c9e01eb6b2db155f","name":"Thales Brand\u00e3o","image":{"@type":"ImageObject","inLanguage":"pt-BR","@id":"https:\/\/secure.gravatar.com\/avatar\/7ca3206950207cc3cb48feec56a8a7898741ab725c368d99d5d7a5a50aab80c6?s=96&d=mm&r=g","url":"https:\/\/secure.gravatar.com\/avatar\/7ca3206950207cc3cb48feec56a8a7898741ab725c368d99d5d7a5a50aab80c6?s=96&d=mm&r=g","contentUrl":"https:\/\/secure.gravatar.com\/avatar\/7ca3206950207cc3cb48feec56a8a7898741ab725c368d99d5d7a5a50aab80c6?s=96&d=mm&r=g","caption":"Thales Brand\u00e3o"},"description":"Editor Executivo do Portal CidadeMarketing.com.br &gt; Mestre em Comunica\u00e7\u00e3o e Sociedade pela Universidade Federal de Sergipe. Possui MBA Executivo em Administra\u00e7\u00e3o com \u00eanfase em Marketing pela Funda\u00e7\u00e3o Get\u00falio Vargas - Rio de Janeiro. Consultor, Palestrante e Pesquisador sobre Empreendedorismo, Marketing, Redes Sociais e Neg\u00f3cios Digitais. Professor, Palestrante TedxTalks e Campus Party. Twitter: @ThalesBrandao","sameAs":["http:\/\/www.mandacaru.com.br","https:\/\/www.facebook.com\/thalesbrandao","http:\/\/www.instagram.com.br\/thalesbrandaoferreira","https:\/\/www.linkedin.com\/in\/thales-brand\u00e3o-3948609\/","https:\/\/x.com\/http:\/\/www.twitter.com\/thalesbrandao"],"url":"https:\/\/www.cidademarketing.com.br\/marketing\/author\/thalesbrandao\/"}]}},"amp_enabled":true,"_links":{"self":[{"href":"https:\/\/www.cidademarketing.com.br\/marketing\/wp-json\/wp\/v2\/posts\/8427","targetHints":{"allow":["GET"]}}],"collection":[{"href":"https:\/\/www.cidademarketing.com.br\/marketing\/wp-json\/wp\/v2\/posts"}],"about":[{"href":"https:\/\/www.cidademarketing.com.br\/marketing\/wp-json\/wp\/v2\/types\/post"}],"author":[{"embeddable":true,"href":"https:\/\/www.cidademarketing.com.br\/marketing\/wp-json\/wp\/v2\/users\/1"}],"replies":[{"embeddable":true,"href":"https:\/\/www.cidademarketing.com.br\/marketing\/wp-json\/wp\/v2\/comments?post=8427"}],"version-history":[{"count":1,"href":"https:\/\/www.cidademarketing.com.br\/marketing\/wp-json\/wp\/v2\/posts\/8427\/revisions"}],"predecessor-version":[{"id":8428,"href":"https:\/\/www.cidademarketing.com.br\/marketing\/wp-json\/wp\/v2\/posts\/8427\/revisions\/8428"}],"wp:featuredmedia":[{"embeddable":true,"href":"https:\/\/www.cidademarketing.com.br\/marketing\/wp-json\/wp\/v2\/media\/3271"}],"wp:attachment":[{"href":"https:\/\/www.cidademarketing.com.br\/marketing\/wp-json\/wp\/v2\/media?parent=8427"}],"wp:term":[{"taxonomy":"category","embeddable":true,"href":"https:\/\/www.cidademarketing.com.br\/marketing\/wp-json\/wp\/v2\/categories?post=8427"},{"taxonomy":"post_tag","embeddable":true,"href":"https:\/\/www.cidademarketing.com.br\/marketing\/wp-json\/wp\/v2\/tags?post=8427"}],"curies":[{"name":"wp","href":"https:\/\/api.w.org\/{rel}","templated":true}]}}