{"id":8405,"date":"2019-05-17T23:45:54","date_gmt":"2019-05-17T19:45:54","guid":{"rendered":"http:\/\/www.cidademarketing.com.br\/marketing\/?p=8405"},"modified":"2019-05-17T23:48:28","modified_gmt":"2019-05-17T19:48:28","slug":"enem-2019-numero-de-inscritos-ultrapassa-o-do-ano-passado-prazo-finaliza-nesta-sexta-17-05","status":"publish","type":"post","link":"https:\/\/www.cidademarketing.com.br\/marketing\/2019\/05\/17\/enem-2019-numero-de-inscritos-ultrapassa-o-do-ano-passado-prazo-finaliza-nesta-sexta-17-05\/","title":{"rendered":"Enem 2019: n\u00famero de inscritos ultrapassa o do ano passado; prazo finaliza nesta sexta, 17\/05"},"content":{"rendered":"\n<p>O Exame Nacional do Ensino M\u00e9dio (Enem) 2019 ter\u00e1 o cronograma mantido. A afirma\u00e7\u00e3o \u00e9 do novo presidente do Instituto Nacional de Estudos e Pesquisas Educacionais An\u00edsio Teixeira (Inep), Alexandre Lopes, em entrevista, nesta sexta-feira, 17, \u00e0 TV MEC e ao Portal MEC. A institui\u00e7\u00e3o \u00e9 respons\u00e1vel pela prova.<\/p>\n\n\n\n<p>\u201cOs mais de 5 milh\u00f5es de estudantes que se inscreveram no Enem podem ficar tranquilos. O cronograma est\u00e1 mantido. Tanto Inep quanto MEC (Minist\u00e9rio da Educa\u00e7\u00e3o) v\u00e3o trabalhar juntos para que tudo ocorra com tranquilidade\u201d, disse.<\/p>\n\n\n\n<p>Lopes \u00e9 servidor p\u00fablico da carreira de analista de com\u00e9rcio exterior desde 1999. Graduado em engenharia qu\u00edmica pela Universidade Federal do Rio de Janeiro (UFRJ) e em direito pela Universidade de Bras\u00edlia (UnB).<\/p>\n\n\n\n<figure class=\"wp-block-embed-youtube wp-block-embed is-type-video is-provider-youtube wp-embed-aspect-16-9 wp-has-aspect-ratio\"><div class=\"wp-block-embed__wrapper\">\n<div class=\"youtube-embed\" data-video_id=\"QNCY2osLY8I\"><iframe title=\"Novo presidente do Inep garante que cronograma do Enem 2019 est\u00e1 mantido\" width=\"640\" height=\"360\" src=\"https:\/\/www.youtube.com\/embed\/QNCY2osLY8I?feature=oembed&#038;enablejsapi=1&#038;enablejsapi=1\" frameborder=\"0\" allow=\"accelerometer; autoplay; clipboard-write; encrypted-media; gyroscope; picture-in-picture; web-share\" referrerpolicy=\"strict-origin-when-cross-origin\" allowfullscreen><\/iframe><\/div>\n<\/div><\/figure>\n\n\n\n<p>O novo presidente do Inep j\u00e1 exerceu diversas fun\u00e7\u00f5es na administra\u00e7\u00e3o p\u00fablica como, por exemplo, secret\u00e1rio de Gest\u00e3o Administrativa e Desburocratiza\u00e7\u00e3o, e subsecret\u00e1rio de Pol\u00edticas P\u00fablicas do Governo do Distrito Federal.<\/p>\n\n\n\n<p>\u201cQuero trazer essa experi\u00eancia de gest\u00e3o em v\u00e1rios \u00f3rg\u00e3os para o Inep para que a gente consiga cumprir nossa miss\u00e3o institucional com sucesso\u201d, destacou.<\/p>\n\n\n\n<p>Ele sucede o delegado Elmer Coelho Vicenzi no cargo. O antigo ocupante ficou 24 dias \u00e0 frente do Instituto e saiu, a pedido, nesta quinta-feira, 16.<\/p>\n\n\n\n<p> O Exame Nacional do Ensino M\u00e9dio (Enem) 2019 registrou, at\u00e9 as 15h30 desta sexta-feira (17), 5,8 milh\u00f5es de inscri\u00e7\u00f5es. O n\u00famero j\u00e1 supera o do ano passado, quando 5,5 milh\u00f5es de estudantes se candidataram, segundo o Instituto Nacional de Estudos e Pesquisas Educacionais An\u00edsio Teixeira (Inep). <\/p>\n\n\n\n<p><strong>Encceja<\/strong>&nbsp;\u2013 Sobre o Exame Nacional para Certifica\u00e7\u00e3o de Compet\u00eancias de Jovens e Adultos (Encceja), Lopes ressaltou o in\u00edcio das inscri\u00e7\u00f5es na segunda-feira, 20.<\/p>\n\n\n\n<p>\u201cO Encceja \u00e9 muito importante para aquelas pessoas que n\u00e3o conseguiram concluir os estudos no tempo correto. O cronograma tamb\u00e9m est\u00e1 mantido e esperamos que tenha uma grande participa\u00e7\u00e3o da sociedade\u201d, espera.<\/p>\n\n\n\n<p>O prazo para as inscri\u00e7\u00f5es encerra no dia 31 de maio e o cadastro \u00e9 gratuito, pela internet, no Sistema Encceja.<\/p>\n\n\n\n<p>No Brasil e no exterior, os candidatos visam obter certifica\u00e7\u00e3o no n\u00edvel de conclus\u00e3o do ensino fundamental, que exige, no m\u00ednimo, 15 anos; e ensino m\u00e9dio, que requer 18 anos completos at\u00e9 o dia de aplica\u00e7\u00e3o da prova. O edital para provas fora do Brasil ser\u00e1 lan\u00e7ado posteriormente.<\/p>\n\n\n\n<p>As provas ser\u00e3o aplicadas em 25 de agosto, nos turnos da manh\u00e3 e tarde, em 611 munic\u00edpios brasileiros. Quem se inscreveu em 2018 e n\u00e3o fez a prova ter\u00e1 outra chance este ano, basta selecionar o motivo da aus\u00eancia no processo de inscri\u00e7\u00e3o.<\/p>\n\n\n\n<p><a href=\"https:\/\/www.youtube.com\/watch?v=aG70l_dyLGQ\" target=\"_blank\" rel=\"noreferrer noopener\">Confira o passo a passo da inscri\u00e7\u00e3o no Enem<\/a><\/p>\n\n\n\n<p><a href=\"https:\/\/www.youtube.com\/watch?v=jt5RZvLA2dQ\" target=\"_blank\" rel=\"noreferrer noopener\">Assista \u00e0 vers\u00e3o em Libras do passo a passo da inscri\u00e7\u00e3o<\/a><\/p>\n\n\n\n<p><a href=\"https:\/\/enem.inep.gov.br\/participante\/#!\/\" target=\"_blank\" rel=\"noreferrer noopener\">Inscreva-se pela p\u00e1gina do participante<\/a><\/p>\n\n\n\n<p><a href=\"http:\/\/download.inep.gov.br\/educacao_basica\/encceja\/nacional\/2019\/edital_n32_de_07052019_encceja2019.pdf\" target=\"_blank\" rel=\"noreferrer noopener\">Confira o edital do Encceja<\/a><\/p>\n","protected":false},"excerpt":{"rendered":"<p>O Exame Nacional do Ensino M\u00e9dio (Enem) 2019 ter\u00e1 o cronograma mantido. A afirma\u00e7\u00e3o \u00e9 do novo presidente do Instituto Nacional de Estudos e Pesquisas Educacionais An\u00edsio Teixeira (Inep), Alexandre Lopes, em entrevista, nesta sexta-feira, 17, \u00e0 TV MEC e ao Portal MEC. A institui\u00e7\u00e3o \u00e9 respons\u00e1vel pela prova. \u201cOs mais de 5 milh\u00f5es de [&hellip;]<\/p>\n","protected":false},"author":1,"featured_media":8408,"comment_status":"open","ping_status":"open","sticky":false,"template":"","format":"standard","meta":{"tdm_status":"","tdm_grid_status":"","footnotes":""},"categories":[6],"tags":[147,308,621,1207],"class_list":["post-8405","post","type-post","status-publish","format-standard","has-post-thumbnail","hentry","category-noticias","tag-brasil","tag-comunicacao","tag-enem","tag-ministerio-da-educacao"],"yoast_head":"<!-- This site is optimized with the Yoast SEO plugin v27.4 - https:\/\/yoast.com\/product\/yoast-seo-wordpress\/ -->\n<title>Enem 2019: n\u00famero de inscritos ultrapassa o do ano passado; prazo finaliza nesta sexta, 17\/05 - CidadeMarketing<\/title>\n<meta name=\"robots\" content=\"index, follow, max-snippet:-1, max-image-preview:large, max-video-preview:-1\" \/>\n<link rel=\"canonical\" href=\"https:\/\/www.cidademarketing.com.br\/marketing\/2019\/05\/17\/enem-2019-numero-de-inscritos-ultrapassa-o-do-ano-passado-prazo-finaliza-nesta-sexta-17-05\/\" \/>\n<meta property=\"og:locale\" content=\"pt_BR\" \/>\n<meta property=\"og:type\" content=\"article\" \/>\n<meta property=\"og:title\" content=\"Enem 2019: n\u00famero de inscritos ultrapassa o do ano passado; prazo finaliza nesta sexta, 17\/05 - CidadeMarketing\" \/>\n<meta property=\"og:description\" content=\"O Exame Nacional do Ensino M\u00e9dio (Enem) 2019 ter\u00e1 o cronograma mantido. A afirma\u00e7\u00e3o \u00e9 do novo presidente do Instituto Nacional de Estudos e Pesquisas Educacionais An\u00edsio Teixeira (Inep), Alexandre Lopes, em entrevista, nesta sexta-feira, 17, \u00e0 TV MEC e ao Portal MEC. A institui\u00e7\u00e3o \u00e9 respons\u00e1vel pela prova. \u201cOs mais de 5 milh\u00f5es de [&hellip;]\" \/>\n<meta property=\"og:url\" content=\"https:\/\/www.cidademarketing.com.br\/marketing\/2019\/05\/17\/enem-2019-numero-de-inscritos-ultrapassa-o-do-ano-passado-prazo-finaliza-nesta-sexta-17-05\/\" \/>\n<meta property=\"og:site_name\" content=\"CidadeMarketing\" \/>\n<meta property=\"article:publisher\" content=\"https:\/\/www.facebook.com\/portalcidademarketing\" \/>\n<meta property=\"article:author\" content=\"https:\/\/www.facebook.com\/thalesbrandao\" \/>\n<meta property=\"article:published_time\" content=\"2019-05-17T19:45:54+00:00\" \/>\n<meta property=\"article:modified_time\" content=\"2019-05-17T19:48:28+00:00\" \/>\n<meta property=\"og:image\" content=\"https:\/\/www.cidademarketing.com.br\/marketing\/wp-content\/uploads\/2019\/05\/agenciabrasil_enem.jpg\" \/>\n\t<meta property=\"og:image:width\" content=\"1140\" \/>\n\t<meta property=\"og:image:height\" content=\"760\" \/>\n\t<meta property=\"og:image:type\" content=\"image\/jpeg\" \/>\n<meta name=\"author\" content=\"Thales Brand\u00e3o\" \/>\n<meta name=\"twitter:card\" content=\"summary_large_image\" \/>\n<meta name=\"twitter:creator\" content=\"@http:\/\/www.twitter.com\/thalesbrandao\" \/>\n<meta name=\"twitter:site\" content=\"@CidadeMarketing\" \/>\n<meta name=\"twitter:label1\" content=\"Escrito por\" \/>\n\t<meta name=\"twitter:data1\" content=\"Thales Brand\u00e3o\" \/>\n\t<meta name=\"twitter:label2\" content=\"Est. tempo de leitura\" \/>\n\t<meta name=\"twitter:data2\" content=\"2 minutos\" \/>\n<script type=\"application\/ld+json\" class=\"yoast-schema-graph\">{\"@context\":\"https:\\\/\\\/schema.org\",\"@graph\":[{\"@type\":\"Article\",\"@id\":\"https:\\\/\\\/www.cidademarketing.com.br\\\/marketing\\\/2019\\\/05\\\/17\\\/enem-2019-numero-de-inscritos-ultrapassa-o-do-ano-passado-prazo-finaliza-nesta-sexta-17-05\\\/#article\",\"isPartOf\":{\"@id\":\"https:\\\/\\\/www.cidademarketing.com.br\\\/marketing\\\/2019\\\/05\\\/17\\\/enem-2019-numero-de-inscritos-ultrapassa-o-do-ano-passado-prazo-finaliza-nesta-sexta-17-05\\\/\"},\"author\":{\"name\":\"Thales Brand\u00e3o\",\"@id\":\"https:\\\/\\\/www.cidademarketing.com.br\\\/marketing\\\/#\\\/schema\\\/person\\\/02daff9f18bd9378c9e01eb6b2db155f\"},\"headline\":\"Enem 2019: n\u00famero de inscritos ultrapassa o do ano passado; prazo finaliza nesta sexta, 17\\\/05\",\"datePublished\":\"2019-05-17T19:45:54+00:00\",\"dateModified\":\"2019-05-17T19:48:28+00:00\",\"mainEntityOfPage\":{\"@id\":\"https:\\\/\\\/www.cidademarketing.com.br\\\/marketing\\\/2019\\\/05\\\/17\\\/enem-2019-numero-de-inscritos-ultrapassa-o-do-ano-passado-prazo-finaliza-nesta-sexta-17-05\\\/\"},\"wordCount\":498,\"commentCount\":0,\"publisher\":{\"@id\":\"https:\\\/\\\/www.cidademarketing.com.br\\\/marketing\\\/#organization\"},\"image\":{\"@id\":\"https:\\\/\\\/www.cidademarketing.com.br\\\/marketing\\\/2019\\\/05\\\/17\\\/enem-2019-numero-de-inscritos-ultrapassa-o-do-ano-passado-prazo-finaliza-nesta-sexta-17-05\\\/#primaryimage\"},\"thumbnailUrl\":\"https:\\\/\\\/www.cidademarketing.com.br\\\/marketing\\\/wp-content\\\/uploads\\\/2019\\\/05\\\/agenciabrasil_enem.jpg\",\"keywords\":[\"Brasil\",\"comunica\u00e7\u00e3o\",\"Enem\",\"Minist\u00e9rio da Educa\u00e7\u00e3o\"],\"articleSection\":[\"Not\u00edcias\"],\"inLanguage\":\"pt-BR\",\"potentialAction\":[{\"@type\":\"CommentAction\",\"name\":\"Comment\",\"target\":[\"https:\\\/\\\/www.cidademarketing.com.br\\\/marketing\\\/2019\\\/05\\\/17\\\/enem-2019-numero-de-inscritos-ultrapassa-o-do-ano-passado-prazo-finaliza-nesta-sexta-17-05\\\/#respond\"]}]},{\"@type\":\"WebPage\",\"@id\":\"https:\\\/\\\/www.cidademarketing.com.br\\\/marketing\\\/2019\\\/05\\\/17\\\/enem-2019-numero-de-inscritos-ultrapassa-o-do-ano-passado-prazo-finaliza-nesta-sexta-17-05\\\/\",\"url\":\"https:\\\/\\\/www.cidademarketing.com.br\\\/marketing\\\/2019\\\/05\\\/17\\\/enem-2019-numero-de-inscritos-ultrapassa-o-do-ano-passado-prazo-finaliza-nesta-sexta-17-05\\\/\",\"name\":\"Enem 2019: n\u00famero de inscritos ultrapassa o do ano passado; prazo finaliza nesta sexta, 17\\\/05 - CidadeMarketing\",\"isPartOf\":{\"@id\":\"https:\\\/\\\/www.cidademarketing.com.br\\\/marketing\\\/#website\"},\"primaryImageOfPage\":{\"@id\":\"https:\\\/\\\/www.cidademarketing.com.br\\\/marketing\\\/2019\\\/05\\\/17\\\/enem-2019-numero-de-inscritos-ultrapassa-o-do-ano-passado-prazo-finaliza-nesta-sexta-17-05\\\/#primaryimage\"},\"image\":{\"@id\":\"https:\\\/\\\/www.cidademarketing.com.br\\\/marketing\\\/2019\\\/05\\\/17\\\/enem-2019-numero-de-inscritos-ultrapassa-o-do-ano-passado-prazo-finaliza-nesta-sexta-17-05\\\/#primaryimage\"},\"thumbnailUrl\":\"https:\\\/\\\/www.cidademarketing.com.br\\\/marketing\\\/wp-content\\\/uploads\\\/2019\\\/05\\\/agenciabrasil_enem.jpg\",\"datePublished\":\"2019-05-17T19:45:54+00:00\",\"dateModified\":\"2019-05-17T19:48:28+00:00\",\"breadcrumb\":{\"@id\":\"https:\\\/\\\/www.cidademarketing.com.br\\\/marketing\\\/2019\\\/05\\\/17\\\/enem-2019-numero-de-inscritos-ultrapassa-o-do-ano-passado-prazo-finaliza-nesta-sexta-17-05\\\/#breadcrumb\"},\"inLanguage\":\"pt-BR\",\"potentialAction\":[{\"@type\":\"ReadAction\",\"target\":[\"https:\\\/\\\/www.cidademarketing.com.br\\\/marketing\\\/2019\\\/05\\\/17\\\/enem-2019-numero-de-inscritos-ultrapassa-o-do-ano-passado-prazo-finaliza-nesta-sexta-17-05\\\/\"]}]},{\"@type\":\"ImageObject\",\"inLanguage\":\"pt-BR\",\"@id\":\"https:\\\/\\\/www.cidademarketing.com.br\\\/marketing\\\/2019\\\/05\\\/17\\\/enem-2019-numero-de-inscritos-ultrapassa-o-do-ano-passado-prazo-finaliza-nesta-sexta-17-05\\\/#primaryimage\",\"url\":\"https:\\\/\\\/www.cidademarketing.com.br\\\/marketing\\\/wp-content\\\/uploads\\\/2019\\\/05\\\/agenciabrasil_enem.jpg\",\"contentUrl\":\"https:\\\/\\\/www.cidademarketing.com.br\\\/marketing\\\/wp-content\\\/uploads\\\/2019\\\/05\\\/agenciabrasil_enem.jpg\",\"width\":1140,\"height\":760,\"caption\":\"Ag\u00eancia Brasil\\\/Reprodu\u00e7\u00e3o\"},{\"@type\":\"BreadcrumbList\",\"@id\":\"https:\\\/\\\/www.cidademarketing.com.br\\\/marketing\\\/2019\\\/05\\\/17\\\/enem-2019-numero-de-inscritos-ultrapassa-o-do-ano-passado-prazo-finaliza-nesta-sexta-17-05\\\/#breadcrumb\",\"itemListElement\":[{\"@type\":\"ListItem\",\"position\":1,\"name\":\"In\u00edcio\",\"item\":\"https:\\\/\\\/www.cidademarketing.com.br\\\/marketing\\\/\"},{\"@type\":\"ListItem\",\"position\":2,\"name\":\"Enem 2019: n\u00famero de inscritos ultrapassa o do ano passado; prazo finaliza nesta sexta, 17\\\/05\"}]},{\"@type\":\"WebSite\",\"@id\":\"https:\\\/\\\/www.cidademarketing.com.br\\\/marketing\\\/#website\",\"url\":\"https:\\\/\\\/www.cidademarketing.com.br\\\/marketing\\\/\",\"name\":\"CidadeMarketing\",\"description\":\"Somos um ve\u00edculo de comunica\u00e7\u00e3o de destaque no Brasil, reconhecido por conte\u00fados nos segmentos de marketing, empreendedorismo e inova\u00e7\u00e3o.\",\"publisher\":{\"@id\":\"https:\\\/\\\/www.cidademarketing.com.br\\\/marketing\\\/#organization\"},\"alternateName\":\"CidadeMarketing\",\"potentialAction\":[{\"@type\":\"SearchAction\",\"target\":{\"@type\":\"EntryPoint\",\"urlTemplate\":\"https:\\\/\\\/www.cidademarketing.com.br\\\/marketing\\\/?s={search_term_string}\"},\"query-input\":{\"@type\":\"PropertyValueSpecification\",\"valueRequired\":true,\"valueName\":\"search_term_string\"}}],\"inLanguage\":\"pt-BR\"},{\"@type\":\"Organization\",\"@id\":\"https:\\\/\\\/www.cidademarketing.com.br\\\/marketing\\\/#organization\",\"name\":\"CidadeMarketing\",\"alternateName\":\"CidadeMarketing\",\"url\":\"https:\\\/\\\/www.cidademarketing.com.br\\\/marketing\\\/\",\"logo\":{\"@type\":\"ImageObject\",\"inLanguage\":\"pt-BR\",\"@id\":\"https:\\\/\\\/www.cidademarketing.com.br\\\/marketing\\\/#\\\/schema\\\/logo\\\/image\\\/\",\"url\":\"https:\\\/\\\/www.cidademarketing.com.br\\\/marketing\\\/wp-content\\\/uploads\\\/2020\\\/01\\\/cidademarketing_marca_mobile.png\",\"contentUrl\":\"https:\\\/\\\/www.cidademarketing.com.br\\\/marketing\\\/wp-content\\\/uploads\\\/2020\\\/01\\\/cidademarketing_marca_mobile.png\",\"width\":230,\"height\":92,\"caption\":\"CidadeMarketing\"},\"image\":{\"@id\":\"https:\\\/\\\/www.cidademarketing.com.br\\\/marketing\\\/#\\\/schema\\\/logo\\\/image\\\/\"},\"sameAs\":[\"https:\\\/\\\/www.facebook.com\\\/portalcidademarketing\",\"https:\\\/\\\/x.com\\\/CidadeMarketing\",\"https:\\\/\\\/www.instagram.com\\\/cidademarketing\\\/\"]},{\"@type\":\"Person\",\"@id\":\"https:\\\/\\\/www.cidademarketing.com.br\\\/marketing\\\/#\\\/schema\\\/person\\\/02daff9f18bd9378c9e01eb6b2db155f\",\"name\":\"Thales Brand\u00e3o\",\"image\":{\"@type\":\"ImageObject\",\"inLanguage\":\"pt-BR\",\"@id\":\"https:\\\/\\\/secure.gravatar.com\\\/avatar\\\/7ca3206950207cc3cb48feec56a8a7898741ab725c368d99d5d7a5a50aab80c6?s=96&d=mm&r=g\",\"url\":\"https:\\\/\\\/secure.gravatar.com\\\/avatar\\\/7ca3206950207cc3cb48feec56a8a7898741ab725c368d99d5d7a5a50aab80c6?s=96&d=mm&r=g\",\"contentUrl\":\"https:\\\/\\\/secure.gravatar.com\\\/avatar\\\/7ca3206950207cc3cb48feec56a8a7898741ab725c368d99d5d7a5a50aab80c6?s=96&d=mm&r=g\",\"caption\":\"Thales Brand\u00e3o\"},\"description\":\"Editor Executivo do Portal CidadeMarketing.com.br &gt; Mestre em Comunica\u00e7\u00e3o e Sociedade pela Universidade Federal de Sergipe. Possui MBA Executivo em Administra\u00e7\u00e3o com \u00eanfase em Marketing pela Funda\u00e7\u00e3o Get\u00falio Vargas - Rio de Janeiro. Consultor, Palestrante e Pesquisador sobre Empreendedorismo, Marketing, Redes Sociais e Neg\u00f3cios Digitais. Professor, Palestrante TedxTalks e Campus Party. Twitter: @ThalesBrandao\",\"sameAs\":[\"http:\\\/\\\/www.mandacaru.com.br\",\"https:\\\/\\\/www.facebook.com\\\/thalesbrandao\",\"http:\\\/\\\/www.instagram.com.br\\\/thalesbrandaoferreira\",\"https:\\\/\\\/www.linkedin.com\\\/in\\\/thales-brand\u00e3o-3948609\\\/\",\"https:\\\/\\\/x.com\\\/http:\\\/\\\/www.twitter.com\\\/thalesbrandao\"],\"url\":\"https:\\\/\\\/www.cidademarketing.com.br\\\/marketing\\\/author\\\/thalesbrandao\\\/\"}]}<\/script>\n<!-- \/ Yoast SEO plugin. -->","yoast_head_json":{"title":"Enem 2019: n\u00famero de inscritos ultrapassa o do ano passado; prazo finaliza nesta sexta, 17\/05 - CidadeMarketing","robots":{"index":"index","follow":"follow","max-snippet":"max-snippet:-1","max-image-preview":"max-image-preview:large","max-video-preview":"max-video-preview:-1"},"canonical":"https:\/\/www.cidademarketing.com.br\/marketing\/2019\/05\/17\/enem-2019-numero-de-inscritos-ultrapassa-o-do-ano-passado-prazo-finaliza-nesta-sexta-17-05\/","og_locale":"pt_BR","og_type":"article","og_title":"Enem 2019: n\u00famero de inscritos ultrapassa o do ano passado; prazo finaliza nesta sexta, 17\/05 - CidadeMarketing","og_description":"O Exame Nacional do Ensino M\u00e9dio (Enem) 2019 ter\u00e1 o cronograma mantido. A afirma\u00e7\u00e3o \u00e9 do novo presidente do Instituto Nacional de Estudos e Pesquisas Educacionais An\u00edsio Teixeira (Inep), Alexandre Lopes, em entrevista, nesta sexta-feira, 17, \u00e0 TV MEC e ao Portal MEC. A institui\u00e7\u00e3o \u00e9 respons\u00e1vel pela prova. \u201cOs mais de 5 milh\u00f5es de [&hellip;]","og_url":"https:\/\/www.cidademarketing.com.br\/marketing\/2019\/05\/17\/enem-2019-numero-de-inscritos-ultrapassa-o-do-ano-passado-prazo-finaliza-nesta-sexta-17-05\/","og_site_name":"CidadeMarketing","article_publisher":"https:\/\/www.facebook.com\/portalcidademarketing","article_author":"https:\/\/www.facebook.com\/thalesbrandao","article_published_time":"2019-05-17T19:45:54+00:00","article_modified_time":"2019-05-17T19:48:28+00:00","og_image":[{"width":1140,"height":760,"url":"https:\/\/www.cidademarketing.com.br\/marketing\/wp-content\/uploads\/2019\/05\/agenciabrasil_enem.jpg","type":"image\/jpeg"}],"author":"Thales Brand\u00e3o","twitter_card":"summary_large_image","twitter_creator":"@http:\/\/www.twitter.com\/thalesbrandao","twitter_site":"@CidadeMarketing","twitter_misc":{"Escrito por":"Thales Brand\u00e3o","Est. tempo de leitura":"2 minutos"},"schema":{"@context":"https:\/\/schema.org","@graph":[{"@type":"Article","@id":"https:\/\/www.cidademarketing.com.br\/marketing\/2019\/05\/17\/enem-2019-numero-de-inscritos-ultrapassa-o-do-ano-passado-prazo-finaliza-nesta-sexta-17-05\/#article","isPartOf":{"@id":"https:\/\/www.cidademarketing.com.br\/marketing\/2019\/05\/17\/enem-2019-numero-de-inscritos-ultrapassa-o-do-ano-passado-prazo-finaliza-nesta-sexta-17-05\/"},"author":{"name":"Thales Brand\u00e3o","@id":"https:\/\/www.cidademarketing.com.br\/marketing\/#\/schema\/person\/02daff9f18bd9378c9e01eb6b2db155f"},"headline":"Enem 2019: n\u00famero de inscritos ultrapassa o do ano passado; prazo finaliza nesta sexta, 17\/05","datePublished":"2019-05-17T19:45:54+00:00","dateModified":"2019-05-17T19:48:28+00:00","mainEntityOfPage":{"@id":"https:\/\/www.cidademarketing.com.br\/marketing\/2019\/05\/17\/enem-2019-numero-de-inscritos-ultrapassa-o-do-ano-passado-prazo-finaliza-nesta-sexta-17-05\/"},"wordCount":498,"commentCount":0,"publisher":{"@id":"https:\/\/www.cidademarketing.com.br\/marketing\/#organization"},"image":{"@id":"https:\/\/www.cidademarketing.com.br\/marketing\/2019\/05\/17\/enem-2019-numero-de-inscritos-ultrapassa-o-do-ano-passado-prazo-finaliza-nesta-sexta-17-05\/#primaryimage"},"thumbnailUrl":"https:\/\/www.cidademarketing.com.br\/marketing\/wp-content\/uploads\/2019\/05\/agenciabrasil_enem.jpg","keywords":["Brasil","comunica\u00e7\u00e3o","Enem","Minist\u00e9rio da Educa\u00e7\u00e3o"],"articleSection":["Not\u00edcias"],"inLanguage":"pt-BR","potentialAction":[{"@type":"CommentAction","name":"Comment","target":["https:\/\/www.cidademarketing.com.br\/marketing\/2019\/05\/17\/enem-2019-numero-de-inscritos-ultrapassa-o-do-ano-passado-prazo-finaliza-nesta-sexta-17-05\/#respond"]}]},{"@type":"WebPage","@id":"https:\/\/www.cidademarketing.com.br\/marketing\/2019\/05\/17\/enem-2019-numero-de-inscritos-ultrapassa-o-do-ano-passado-prazo-finaliza-nesta-sexta-17-05\/","url":"https:\/\/www.cidademarketing.com.br\/marketing\/2019\/05\/17\/enem-2019-numero-de-inscritos-ultrapassa-o-do-ano-passado-prazo-finaliza-nesta-sexta-17-05\/","name":"Enem 2019: n\u00famero de inscritos ultrapassa o do ano passado; prazo finaliza nesta sexta, 17\/05 - CidadeMarketing","isPartOf":{"@id":"https:\/\/www.cidademarketing.com.br\/marketing\/#website"},"primaryImageOfPage":{"@id":"https:\/\/www.cidademarketing.com.br\/marketing\/2019\/05\/17\/enem-2019-numero-de-inscritos-ultrapassa-o-do-ano-passado-prazo-finaliza-nesta-sexta-17-05\/#primaryimage"},"image":{"@id":"https:\/\/www.cidademarketing.com.br\/marketing\/2019\/05\/17\/enem-2019-numero-de-inscritos-ultrapassa-o-do-ano-passado-prazo-finaliza-nesta-sexta-17-05\/#primaryimage"},"thumbnailUrl":"https:\/\/www.cidademarketing.com.br\/marketing\/wp-content\/uploads\/2019\/05\/agenciabrasil_enem.jpg","datePublished":"2019-05-17T19:45:54+00:00","dateModified":"2019-05-17T19:48:28+00:00","breadcrumb":{"@id":"https:\/\/www.cidademarketing.com.br\/marketing\/2019\/05\/17\/enem-2019-numero-de-inscritos-ultrapassa-o-do-ano-passado-prazo-finaliza-nesta-sexta-17-05\/#breadcrumb"},"inLanguage":"pt-BR","potentialAction":[{"@type":"ReadAction","target":["https:\/\/www.cidademarketing.com.br\/marketing\/2019\/05\/17\/enem-2019-numero-de-inscritos-ultrapassa-o-do-ano-passado-prazo-finaliza-nesta-sexta-17-05\/"]}]},{"@type":"ImageObject","inLanguage":"pt-BR","@id":"https:\/\/www.cidademarketing.com.br\/marketing\/2019\/05\/17\/enem-2019-numero-de-inscritos-ultrapassa-o-do-ano-passado-prazo-finaliza-nesta-sexta-17-05\/#primaryimage","url":"https:\/\/www.cidademarketing.com.br\/marketing\/wp-content\/uploads\/2019\/05\/agenciabrasil_enem.jpg","contentUrl":"https:\/\/www.cidademarketing.com.br\/marketing\/wp-content\/uploads\/2019\/05\/agenciabrasil_enem.jpg","width":1140,"height":760,"caption":"Ag\u00eancia Brasil\/Reprodu\u00e7\u00e3o"},{"@type":"BreadcrumbList","@id":"https:\/\/www.cidademarketing.com.br\/marketing\/2019\/05\/17\/enem-2019-numero-de-inscritos-ultrapassa-o-do-ano-passado-prazo-finaliza-nesta-sexta-17-05\/#breadcrumb","itemListElement":[{"@type":"ListItem","position":1,"name":"In\u00edcio","item":"https:\/\/www.cidademarketing.com.br\/marketing\/"},{"@type":"ListItem","position":2,"name":"Enem 2019: n\u00famero de inscritos ultrapassa o do ano passado; prazo finaliza nesta sexta, 17\/05"}]},{"@type":"WebSite","@id":"https:\/\/www.cidademarketing.com.br\/marketing\/#website","url":"https:\/\/www.cidademarketing.com.br\/marketing\/","name":"CidadeMarketing","description":"Somos um ve\u00edculo de comunica\u00e7\u00e3o de destaque no Brasil, reconhecido por conte\u00fados nos segmentos de marketing, empreendedorismo e inova\u00e7\u00e3o.","publisher":{"@id":"https:\/\/www.cidademarketing.com.br\/marketing\/#organization"},"alternateName":"CidadeMarketing","potentialAction":[{"@type":"SearchAction","target":{"@type":"EntryPoint","urlTemplate":"https:\/\/www.cidademarketing.com.br\/marketing\/?s={search_term_string}"},"query-input":{"@type":"PropertyValueSpecification","valueRequired":true,"valueName":"search_term_string"}}],"inLanguage":"pt-BR"},{"@type":"Organization","@id":"https:\/\/www.cidademarketing.com.br\/marketing\/#organization","name":"CidadeMarketing","alternateName":"CidadeMarketing","url":"https:\/\/www.cidademarketing.com.br\/marketing\/","logo":{"@type":"ImageObject","inLanguage":"pt-BR","@id":"https:\/\/www.cidademarketing.com.br\/marketing\/#\/schema\/logo\/image\/","url":"https:\/\/www.cidademarketing.com.br\/marketing\/wp-content\/uploads\/2020\/01\/cidademarketing_marca_mobile.png","contentUrl":"https:\/\/www.cidademarketing.com.br\/marketing\/wp-content\/uploads\/2020\/01\/cidademarketing_marca_mobile.png","width":230,"height":92,"caption":"CidadeMarketing"},"image":{"@id":"https:\/\/www.cidademarketing.com.br\/marketing\/#\/schema\/logo\/image\/"},"sameAs":["https:\/\/www.facebook.com\/portalcidademarketing","https:\/\/x.com\/CidadeMarketing","https:\/\/www.instagram.com\/cidademarketing\/"]},{"@type":"Person","@id":"https:\/\/www.cidademarketing.com.br\/marketing\/#\/schema\/person\/02daff9f18bd9378c9e01eb6b2db155f","name":"Thales Brand\u00e3o","image":{"@type":"ImageObject","inLanguage":"pt-BR","@id":"https:\/\/secure.gravatar.com\/avatar\/7ca3206950207cc3cb48feec56a8a7898741ab725c368d99d5d7a5a50aab80c6?s=96&d=mm&r=g","url":"https:\/\/secure.gravatar.com\/avatar\/7ca3206950207cc3cb48feec56a8a7898741ab725c368d99d5d7a5a50aab80c6?s=96&d=mm&r=g","contentUrl":"https:\/\/secure.gravatar.com\/avatar\/7ca3206950207cc3cb48feec56a8a7898741ab725c368d99d5d7a5a50aab80c6?s=96&d=mm&r=g","caption":"Thales Brand\u00e3o"},"description":"Editor Executivo do Portal CidadeMarketing.com.br &gt; Mestre em Comunica\u00e7\u00e3o e Sociedade pela Universidade Federal de Sergipe. Possui MBA Executivo em Administra\u00e7\u00e3o com \u00eanfase em Marketing pela Funda\u00e7\u00e3o Get\u00falio Vargas - Rio de Janeiro. Consultor, Palestrante e Pesquisador sobre Empreendedorismo, Marketing, Redes Sociais e Neg\u00f3cios Digitais. Professor, Palestrante TedxTalks e Campus Party. Twitter: @ThalesBrandao","sameAs":["http:\/\/www.mandacaru.com.br","https:\/\/www.facebook.com\/thalesbrandao","http:\/\/www.instagram.com.br\/thalesbrandaoferreira","https:\/\/www.linkedin.com\/in\/thales-brand\u00e3o-3948609\/","https:\/\/x.com\/http:\/\/www.twitter.com\/thalesbrandao"],"url":"https:\/\/www.cidademarketing.com.br\/marketing\/author\/thalesbrandao\/"}]}},"amp_enabled":true,"_links":{"self":[{"href":"https:\/\/www.cidademarketing.com.br\/marketing\/wp-json\/wp\/v2\/posts\/8405","targetHints":{"allow":["GET"]}}],"collection":[{"href":"https:\/\/www.cidademarketing.com.br\/marketing\/wp-json\/wp\/v2\/posts"}],"about":[{"href":"https:\/\/www.cidademarketing.com.br\/marketing\/wp-json\/wp\/v2\/types\/post"}],"author":[{"embeddable":true,"href":"https:\/\/www.cidademarketing.com.br\/marketing\/wp-json\/wp\/v2\/users\/1"}],"replies":[{"embeddable":true,"href":"https:\/\/www.cidademarketing.com.br\/marketing\/wp-json\/wp\/v2\/comments?post=8405"}],"version-history":[{"count":1,"href":"https:\/\/www.cidademarketing.com.br\/marketing\/wp-json\/wp\/v2\/posts\/8405\/revisions"}],"predecessor-version":[{"id":8407,"href":"https:\/\/www.cidademarketing.com.br\/marketing\/wp-json\/wp\/v2\/posts\/8405\/revisions\/8407"}],"wp:featuredmedia":[{"embeddable":true,"href":"https:\/\/www.cidademarketing.com.br\/marketing\/wp-json\/wp\/v2\/media\/8408"}],"wp:attachment":[{"href":"https:\/\/www.cidademarketing.com.br\/marketing\/wp-json\/wp\/v2\/media?parent=8405"}],"wp:term":[{"taxonomy":"category","embeddable":true,"href":"https:\/\/www.cidademarketing.com.br\/marketing\/wp-json\/wp\/v2\/categories?post=8405"},{"taxonomy":"post_tag","embeddable":true,"href":"https:\/\/www.cidademarketing.com.br\/marketing\/wp-json\/wp\/v2\/tags?post=8405"}],"curies":[{"name":"wp","href":"https:\/\/api.w.org\/{rel}","templated":true}]}}