{"id":8293,"date":"2019-05-14T00:17:10","date_gmt":"2019-05-13T20:17:10","guid":{"rendered":"http:\/\/www.cidademarketing.com.br\/marketing\/?p=8293"},"modified":"2019-05-14T00:17:15","modified_gmt":"2019-05-13T20:17:15","slug":"com-economia-em-recuperacao-lenta-vendas-a-prazo-no-dia-das-maes-apresentam-crescimento-pequeno-apontam-cndl-spc-brasil","status":"publish","type":"post","link":"https:\/\/www.cidademarketing.com.br\/marketing\/2019\/05\/14\/com-economia-em-recuperacao-lenta-vendas-a-prazo-no-dia-das-maes-apresentam-crescimento-pequeno-apontam-cndl-spc-brasil\/","title":{"rendered":"Com economia em recupera\u00e7\u00e3o lenta, vendas a prazo no Dia das M\u00e3es apresentam crescimento pequeno, apontam CNDL\/SPC Brasil"},"content":{"rendered":"\n<p>A lenta recupera\u00e7\u00e3o da economia frustrou a expectativa de um crescimento mais vigoroso do varejo para o Dia das M\u00e3es de 2019. O volume de vendas a prazo na semana anterior \u00e0 data (entre os dias 05 a 11 de maio) apresentou uma pequena alta de 0,11% na compara\u00e7\u00e3o com o mesmo per\u00edodo do ano passado. Este ano, mais da metade (65%) dos consumidores planejavam pagar os presentes \u00e0 vista em vez de parcelar as compras.<\/p>\n\n\n\n<p>Em 2018, as vendas haviam crescido 4,36%, ap\u00f3s acumularem tr\u00eas anos consecutivos de queda: -0,91% (2017), -10,88% (2016) e -2,82% (2015), respectivamente. Os dados s\u00e3o da Confedera\u00e7\u00e3o Nacional de Dirigentes Lojistas (CNDL) e do Servi\u00e7o de Prote\u00e7\u00e3o ao Cr\u00e9dito (SPC Brasil).<\/p>\n\n\n\n<p>Na avalia\u00e7\u00e3o do presidente do SPC Brasil, Roque Pellizzaro Junior, o resultado reflete o cen\u00e1rio de dificuldades para a consolida\u00e7\u00e3o da retomada da economia. \u201cAinda h\u00e1 muitos obst\u00e1culos a serem enfrentados, o que de certa forma vem frustrando a expectativa de uma recupera\u00e7\u00e3o mais forte no volume de vendas em datas comemorativas. E esse crescimento t\u00edmido nos resultados do Dia das M\u00e3es, segunda data mais importante para o com\u00e9rcio, n\u00e3o foi suficiente para retornarmos ao patamar de crescimento anterior \u00e0 crise econ\u00f4mica\u201d, destaca Pellizzaro Junior.<\/p>\n\n\n\n<p><strong>Metodologia<\/strong><\/p>\n\n\n\n<p>O Indicador de Vendas a prazo em datas comemorativas \u00e9 constru\u00eddo a partir das consultas de CPFs feitas nas bases de dados que o SPC Brasil tem acesso. As consultas de CPF indicam a inten\u00e7\u00e3o de compra a prazo do consumidor e podem resultar, ou n\u00e3o, na efetiva\u00e7\u00e3o da venda. Para a constru\u00e7\u00e3o do Indicador, considera-se apenas as consultas feitas pelo setor de Com\u00e9rcio Varejista nos sete dias anteriores ao domingo de Dia das M\u00e3es, sem considerar o domingo de fato. <\/p>\n","protected":false},"excerpt":{"rendered":"<p>A lenta recupera\u00e7\u00e3o da economia frustrou a expectativa de um crescimento mais vigoroso do varejo para o Dia das M\u00e3es de 2019. O volume de vendas a prazo na semana anterior \u00e0 data (entre os dias 05 a 11 de maio) apresentou uma pequena alta de 0,11% na compara\u00e7\u00e3o com o mesmo per\u00edodo do ano [&hellip;]<\/p>\n","protected":false},"author":1,"featured_media":8294,"comment_status":"open","ping_status":"open","sticky":false,"template":"","format":"standard","meta":{"tdm_status":"","tdm_grid_status":"","footnotes":""},"categories":[6],"tags":[135,33,28,322],"class_list":["post-8293","post","type-post","status-publish","format-standard","has-post-thumbnail","hentry","category-noticias","tag-comportamento-do-consumidor","tag-estrategia","tag-marketing","tag-spc-brasil"],"yoast_head":"<!-- This site is optimized with the Yoast SEO plugin v27.5 - https:\/\/yoast.com\/product\/yoast-seo-wordpress\/ -->\n<title>Com economia em recupera\u00e7\u00e3o lenta, vendas a prazo no Dia das M\u00e3es apresentam crescimento pequeno, apontam CNDL\/SPC Brasil - CidadeMarketing<\/title>\n<meta name=\"robots\" content=\"index, follow, max-snippet:-1, max-image-preview:large, max-video-preview:-1\" \/>\n<link rel=\"canonical\" href=\"https:\/\/www.cidademarketing.com.br\/marketing\/2019\/05\/14\/com-economia-em-recuperacao-lenta-vendas-a-prazo-no-dia-das-maes-apresentam-crescimento-pequeno-apontam-cndl-spc-brasil\/\" \/>\n<meta property=\"og:locale\" content=\"pt_BR\" \/>\n<meta property=\"og:type\" content=\"article\" \/>\n<meta property=\"og:title\" content=\"Com economia em recupera\u00e7\u00e3o lenta, vendas a prazo no Dia das M\u00e3es apresentam crescimento pequeno, apontam CNDL\/SPC Brasil - CidadeMarketing\" \/>\n<meta property=\"og:description\" content=\"A lenta recupera\u00e7\u00e3o da economia frustrou a expectativa de um crescimento mais vigoroso do varejo para o Dia das M\u00e3es de 2019. O volume de vendas a prazo na semana anterior \u00e0 data (entre os dias 05 a 11 de maio) apresentou uma pequena alta de 0,11% na compara\u00e7\u00e3o com o mesmo per\u00edodo do ano [&hellip;]\" \/>\n<meta property=\"og:url\" content=\"https:\/\/www.cidademarketing.com.br\/marketing\/2019\/05\/14\/com-economia-em-recuperacao-lenta-vendas-a-prazo-no-dia-das-maes-apresentam-crescimento-pequeno-apontam-cndl-spc-brasil\/\" \/>\n<meta property=\"og:site_name\" content=\"CidadeMarketing\" \/>\n<meta property=\"article:publisher\" content=\"https:\/\/www.facebook.com\/portalcidademarketing\" \/>\n<meta property=\"article:author\" content=\"https:\/\/www.facebook.com\/thalesbrandao\" \/>\n<meta property=\"article:published_time\" content=\"2019-05-13T20:17:10+00:00\" \/>\n<meta property=\"article:modified_time\" content=\"2019-05-13T20:17:15+00:00\" \/>\n<meta property=\"og:image\" content=\"https:\/\/www.cidademarketing.com.br\/marketing\/wp-content\/uploads\/2019\/05\/diadasmaes_2019.jpg\" \/>\n\t<meta property=\"og:image:width\" content=\"785\" \/>\n\t<meta property=\"og:image:height\" content=\"370\" \/>\n\t<meta property=\"og:image:type\" content=\"image\/jpeg\" \/>\n<meta name=\"author\" content=\"Thales Brand\u00e3o\" \/>\n<meta name=\"twitter:card\" content=\"summary_large_image\" \/>\n<meta name=\"twitter:creator\" content=\"@http:\/\/www.twitter.com\/thalesbrandao\" \/>\n<meta name=\"twitter:site\" content=\"@CidadeMarketing\" \/>\n<meta name=\"twitter:label1\" content=\"Escrito por\" \/>\n\t<meta name=\"twitter:data1\" content=\"Thales Brand\u00e3o\" \/>\n\t<meta name=\"twitter:label2\" content=\"Est. tempo de leitura\" \/>\n\t<meta name=\"twitter:data2\" content=\"1 minuto\" \/>\n<script type=\"application\/ld+json\" class=\"yoast-schema-graph\">{\"@context\":\"https:\\\/\\\/schema.org\",\"@graph\":[{\"@type\":\"Article\",\"@id\":\"https:\\\/\\\/www.cidademarketing.com.br\\\/marketing\\\/2019\\\/05\\\/14\\\/com-economia-em-recuperacao-lenta-vendas-a-prazo-no-dia-das-maes-apresentam-crescimento-pequeno-apontam-cndl-spc-brasil\\\/#article\",\"isPartOf\":{\"@id\":\"https:\\\/\\\/www.cidademarketing.com.br\\\/marketing\\\/2019\\\/05\\\/14\\\/com-economia-em-recuperacao-lenta-vendas-a-prazo-no-dia-das-maes-apresentam-crescimento-pequeno-apontam-cndl-spc-brasil\\\/\"},\"author\":{\"name\":\"Thales Brand\u00e3o\",\"@id\":\"https:\\\/\\\/www.cidademarketing.com.br\\\/marketing\\\/#\\\/schema\\\/person\\\/02daff9f18bd9378c9e01eb6b2db155f\"},\"headline\":\"Com economia em recupera\u00e7\u00e3o lenta, vendas a prazo no Dia das M\u00e3es apresentam crescimento pequeno, apontam CNDL\\\/SPC Brasil\",\"datePublished\":\"2019-05-13T20:17:10+00:00\",\"dateModified\":\"2019-05-13T20:17:15+00:00\",\"mainEntityOfPage\":{\"@id\":\"https:\\\/\\\/www.cidademarketing.com.br\\\/marketing\\\/2019\\\/05\\\/14\\\/com-economia-em-recuperacao-lenta-vendas-a-prazo-no-dia-das-maes-apresentam-crescimento-pequeno-apontam-cndl-spc-brasil\\\/\"},\"wordCount\":319,\"commentCount\":0,\"publisher\":{\"@id\":\"https:\\\/\\\/www.cidademarketing.com.br\\\/marketing\\\/#organization\"},\"image\":{\"@id\":\"https:\\\/\\\/www.cidademarketing.com.br\\\/marketing\\\/2019\\\/05\\\/14\\\/com-economia-em-recuperacao-lenta-vendas-a-prazo-no-dia-das-maes-apresentam-crescimento-pequeno-apontam-cndl-spc-brasil\\\/#primaryimage\"},\"thumbnailUrl\":\"https:\\\/\\\/www.cidademarketing.com.br\\\/marketing\\\/wp-content\\\/uploads\\\/2019\\\/05\\\/diadasmaes_2019.jpg\",\"keywords\":[\"comportamento do consumidor\",\"estrat\u00e9gia\",\"marketing\",\"SPC Brasil\"],\"articleSection\":[\"Not\u00edcias\"],\"inLanguage\":\"pt-BR\",\"potentialAction\":[{\"@type\":\"CommentAction\",\"name\":\"Comment\",\"target\":[\"https:\\\/\\\/www.cidademarketing.com.br\\\/marketing\\\/2019\\\/05\\\/14\\\/com-economia-em-recuperacao-lenta-vendas-a-prazo-no-dia-das-maes-apresentam-crescimento-pequeno-apontam-cndl-spc-brasil\\\/#respond\"]}]},{\"@type\":\"WebPage\",\"@id\":\"https:\\\/\\\/www.cidademarketing.com.br\\\/marketing\\\/2019\\\/05\\\/14\\\/com-economia-em-recuperacao-lenta-vendas-a-prazo-no-dia-das-maes-apresentam-crescimento-pequeno-apontam-cndl-spc-brasil\\\/\",\"url\":\"https:\\\/\\\/www.cidademarketing.com.br\\\/marketing\\\/2019\\\/05\\\/14\\\/com-economia-em-recuperacao-lenta-vendas-a-prazo-no-dia-das-maes-apresentam-crescimento-pequeno-apontam-cndl-spc-brasil\\\/\",\"name\":\"Com economia em recupera\u00e7\u00e3o lenta, vendas a prazo no Dia das M\u00e3es apresentam crescimento pequeno, apontam CNDL\\\/SPC Brasil - CidadeMarketing\",\"isPartOf\":{\"@id\":\"https:\\\/\\\/www.cidademarketing.com.br\\\/marketing\\\/#website\"},\"primaryImageOfPage\":{\"@id\":\"https:\\\/\\\/www.cidademarketing.com.br\\\/marketing\\\/2019\\\/05\\\/14\\\/com-economia-em-recuperacao-lenta-vendas-a-prazo-no-dia-das-maes-apresentam-crescimento-pequeno-apontam-cndl-spc-brasil\\\/#primaryimage\"},\"image\":{\"@id\":\"https:\\\/\\\/www.cidademarketing.com.br\\\/marketing\\\/2019\\\/05\\\/14\\\/com-economia-em-recuperacao-lenta-vendas-a-prazo-no-dia-das-maes-apresentam-crescimento-pequeno-apontam-cndl-spc-brasil\\\/#primaryimage\"},\"thumbnailUrl\":\"https:\\\/\\\/www.cidademarketing.com.br\\\/marketing\\\/wp-content\\\/uploads\\\/2019\\\/05\\\/diadasmaes_2019.jpg\",\"datePublished\":\"2019-05-13T20:17:10+00:00\",\"dateModified\":\"2019-05-13T20:17:15+00:00\",\"breadcrumb\":{\"@id\":\"https:\\\/\\\/www.cidademarketing.com.br\\\/marketing\\\/2019\\\/05\\\/14\\\/com-economia-em-recuperacao-lenta-vendas-a-prazo-no-dia-das-maes-apresentam-crescimento-pequeno-apontam-cndl-spc-brasil\\\/#breadcrumb\"},\"inLanguage\":\"pt-BR\",\"potentialAction\":[{\"@type\":\"ReadAction\",\"target\":[\"https:\\\/\\\/www.cidademarketing.com.br\\\/marketing\\\/2019\\\/05\\\/14\\\/com-economia-em-recuperacao-lenta-vendas-a-prazo-no-dia-das-maes-apresentam-crescimento-pequeno-apontam-cndl-spc-brasil\\\/\"]}]},{\"@type\":\"ImageObject\",\"inLanguage\":\"pt-BR\",\"@id\":\"https:\\\/\\\/www.cidademarketing.com.br\\\/marketing\\\/2019\\\/05\\\/14\\\/com-economia-em-recuperacao-lenta-vendas-a-prazo-no-dia-das-maes-apresentam-crescimento-pequeno-apontam-cndl-spc-brasil\\\/#primaryimage\",\"url\":\"https:\\\/\\\/www.cidademarketing.com.br\\\/marketing\\\/wp-content\\\/uploads\\\/2019\\\/05\\\/diadasmaes_2019.jpg\",\"contentUrl\":\"https:\\\/\\\/www.cidademarketing.com.br\\\/marketing\\\/wp-content\\\/uploads\\\/2019\\\/05\\\/diadasmaes_2019.jpg\",\"width\":785,\"height\":370},{\"@type\":\"BreadcrumbList\",\"@id\":\"https:\\\/\\\/www.cidademarketing.com.br\\\/marketing\\\/2019\\\/05\\\/14\\\/com-economia-em-recuperacao-lenta-vendas-a-prazo-no-dia-das-maes-apresentam-crescimento-pequeno-apontam-cndl-spc-brasil\\\/#breadcrumb\",\"itemListElement\":[{\"@type\":\"ListItem\",\"position\":1,\"name\":\"In\u00edcio\",\"item\":\"https:\\\/\\\/www.cidademarketing.com.br\\\/marketing\\\/\"},{\"@type\":\"ListItem\",\"position\":2,\"name\":\"Com economia em recupera\u00e7\u00e3o lenta, vendas a prazo no Dia das M\u00e3es apresentam crescimento pequeno, apontam CNDL\\\/SPC Brasil\"}]},{\"@type\":\"WebSite\",\"@id\":\"https:\\\/\\\/www.cidademarketing.com.br\\\/marketing\\\/#website\",\"url\":\"https:\\\/\\\/www.cidademarketing.com.br\\\/marketing\\\/\",\"name\":\"CidadeMarketing\",\"description\":\"Somos um ve\u00edculo de comunica\u00e7\u00e3o de destaque no Brasil, reconhecido por conte\u00fados nos segmentos de marketing, empreendedorismo e inova\u00e7\u00e3o.\",\"publisher\":{\"@id\":\"https:\\\/\\\/www.cidademarketing.com.br\\\/marketing\\\/#organization\"},\"alternateName\":\"CidadeMarketing\",\"potentialAction\":[{\"@type\":\"SearchAction\",\"target\":{\"@type\":\"EntryPoint\",\"urlTemplate\":\"https:\\\/\\\/www.cidademarketing.com.br\\\/marketing\\\/?s={search_term_string}\"},\"query-input\":{\"@type\":\"PropertyValueSpecification\",\"valueRequired\":true,\"valueName\":\"search_term_string\"}}],\"inLanguage\":\"pt-BR\"},{\"@type\":\"Organization\",\"@id\":\"https:\\\/\\\/www.cidademarketing.com.br\\\/marketing\\\/#organization\",\"name\":\"CidadeMarketing\",\"alternateName\":\"CidadeMarketing\",\"url\":\"https:\\\/\\\/www.cidademarketing.com.br\\\/marketing\\\/\",\"logo\":{\"@type\":\"ImageObject\",\"inLanguage\":\"pt-BR\",\"@id\":\"https:\\\/\\\/www.cidademarketing.com.br\\\/marketing\\\/#\\\/schema\\\/logo\\\/image\\\/\",\"url\":\"https:\\\/\\\/www.cidademarketing.com.br\\\/marketing\\\/wp-content\\\/uploads\\\/2020\\\/01\\\/cidademarketing_marca_mobile.png\",\"contentUrl\":\"https:\\\/\\\/www.cidademarketing.com.br\\\/marketing\\\/wp-content\\\/uploads\\\/2020\\\/01\\\/cidademarketing_marca_mobile.png\",\"width\":230,\"height\":92,\"caption\":\"CidadeMarketing\"},\"image\":{\"@id\":\"https:\\\/\\\/www.cidademarketing.com.br\\\/marketing\\\/#\\\/schema\\\/logo\\\/image\\\/\"},\"sameAs\":[\"https:\\\/\\\/www.facebook.com\\\/portalcidademarketing\",\"https:\\\/\\\/x.com\\\/CidadeMarketing\",\"https:\\\/\\\/www.instagram.com\\\/cidademarketing\\\/\"]},{\"@type\":\"Person\",\"@id\":\"https:\\\/\\\/www.cidademarketing.com.br\\\/marketing\\\/#\\\/schema\\\/person\\\/02daff9f18bd9378c9e01eb6b2db155f\",\"name\":\"Thales Brand\u00e3o\",\"image\":{\"@type\":\"ImageObject\",\"inLanguage\":\"pt-BR\",\"@id\":\"https:\\\/\\\/secure.gravatar.com\\\/avatar\\\/7ca3206950207cc3cb48feec56a8a7898741ab725c368d99d5d7a5a50aab80c6?s=96&d=mm&r=g\",\"url\":\"https:\\\/\\\/secure.gravatar.com\\\/avatar\\\/7ca3206950207cc3cb48feec56a8a7898741ab725c368d99d5d7a5a50aab80c6?s=96&d=mm&r=g\",\"contentUrl\":\"https:\\\/\\\/secure.gravatar.com\\\/avatar\\\/7ca3206950207cc3cb48feec56a8a7898741ab725c368d99d5d7a5a50aab80c6?s=96&d=mm&r=g\",\"caption\":\"Thales Brand\u00e3o\"},\"description\":\"Editor Executivo do Portal CidadeMarketing.com.br &gt; Mestre em Comunica\u00e7\u00e3o e Sociedade pela Universidade Federal de Sergipe. Possui MBA Executivo em Administra\u00e7\u00e3o com \u00eanfase em Marketing pela Funda\u00e7\u00e3o Get\u00falio Vargas - Rio de Janeiro. Consultor, Palestrante e Pesquisador sobre Empreendedorismo, Marketing, Redes Sociais e Neg\u00f3cios Digitais. Professor, Palestrante TedxTalks e Campus Party. Twitter: @ThalesBrandao\",\"sameAs\":[\"http:\\\/\\\/www.mandacaru.com.br\",\"https:\\\/\\\/www.facebook.com\\\/thalesbrandao\",\"http:\\\/\\\/www.instagram.com.br\\\/thalesbrandaoferreira\",\"https:\\\/\\\/www.linkedin.com\\\/in\\\/thales-brand\u00e3o-3948609\\\/\",\"https:\\\/\\\/x.com\\\/http:\\\/\\\/www.twitter.com\\\/thalesbrandao\"],\"url\":\"https:\\\/\\\/www.cidademarketing.com.br\\\/marketing\\\/author\\\/thalesbrandao\\\/\"}]}<\/script>\n<!-- \/ Yoast SEO plugin. -->","yoast_head_json":{"title":"Com economia em recupera\u00e7\u00e3o lenta, vendas a prazo no Dia das M\u00e3es apresentam crescimento pequeno, apontam CNDL\/SPC Brasil - CidadeMarketing","robots":{"index":"index","follow":"follow","max-snippet":"max-snippet:-1","max-image-preview":"max-image-preview:large","max-video-preview":"max-video-preview:-1"},"canonical":"https:\/\/www.cidademarketing.com.br\/marketing\/2019\/05\/14\/com-economia-em-recuperacao-lenta-vendas-a-prazo-no-dia-das-maes-apresentam-crescimento-pequeno-apontam-cndl-spc-brasil\/","og_locale":"pt_BR","og_type":"article","og_title":"Com economia em recupera\u00e7\u00e3o lenta, vendas a prazo no Dia das M\u00e3es apresentam crescimento pequeno, apontam CNDL\/SPC Brasil - CidadeMarketing","og_description":"A lenta recupera\u00e7\u00e3o da economia frustrou a expectativa de um crescimento mais vigoroso do varejo para o Dia das M\u00e3es de 2019. O volume de vendas a prazo na semana anterior \u00e0 data (entre os dias 05 a 11 de maio) apresentou uma pequena alta de 0,11% na compara\u00e7\u00e3o com o mesmo per\u00edodo do ano [&hellip;]","og_url":"https:\/\/www.cidademarketing.com.br\/marketing\/2019\/05\/14\/com-economia-em-recuperacao-lenta-vendas-a-prazo-no-dia-das-maes-apresentam-crescimento-pequeno-apontam-cndl-spc-brasil\/","og_site_name":"CidadeMarketing","article_publisher":"https:\/\/www.facebook.com\/portalcidademarketing","article_author":"https:\/\/www.facebook.com\/thalesbrandao","article_published_time":"2019-05-13T20:17:10+00:00","article_modified_time":"2019-05-13T20:17:15+00:00","og_image":[{"width":785,"height":370,"url":"https:\/\/www.cidademarketing.com.br\/marketing\/wp-content\/uploads\/2019\/05\/diadasmaes_2019.jpg","type":"image\/jpeg"}],"author":"Thales Brand\u00e3o","twitter_card":"summary_large_image","twitter_creator":"@http:\/\/www.twitter.com\/thalesbrandao","twitter_site":"@CidadeMarketing","twitter_misc":{"Escrito por":"Thales Brand\u00e3o","Est. tempo de leitura":"1 minuto"},"schema":{"@context":"https:\/\/schema.org","@graph":[{"@type":"Article","@id":"https:\/\/www.cidademarketing.com.br\/marketing\/2019\/05\/14\/com-economia-em-recuperacao-lenta-vendas-a-prazo-no-dia-das-maes-apresentam-crescimento-pequeno-apontam-cndl-spc-brasil\/#article","isPartOf":{"@id":"https:\/\/www.cidademarketing.com.br\/marketing\/2019\/05\/14\/com-economia-em-recuperacao-lenta-vendas-a-prazo-no-dia-das-maes-apresentam-crescimento-pequeno-apontam-cndl-spc-brasil\/"},"author":{"name":"Thales Brand\u00e3o","@id":"https:\/\/www.cidademarketing.com.br\/marketing\/#\/schema\/person\/02daff9f18bd9378c9e01eb6b2db155f"},"headline":"Com economia em recupera\u00e7\u00e3o lenta, vendas a prazo no Dia das M\u00e3es apresentam crescimento pequeno, apontam CNDL\/SPC Brasil","datePublished":"2019-05-13T20:17:10+00:00","dateModified":"2019-05-13T20:17:15+00:00","mainEntityOfPage":{"@id":"https:\/\/www.cidademarketing.com.br\/marketing\/2019\/05\/14\/com-economia-em-recuperacao-lenta-vendas-a-prazo-no-dia-das-maes-apresentam-crescimento-pequeno-apontam-cndl-spc-brasil\/"},"wordCount":319,"commentCount":0,"publisher":{"@id":"https:\/\/www.cidademarketing.com.br\/marketing\/#organization"},"image":{"@id":"https:\/\/www.cidademarketing.com.br\/marketing\/2019\/05\/14\/com-economia-em-recuperacao-lenta-vendas-a-prazo-no-dia-das-maes-apresentam-crescimento-pequeno-apontam-cndl-spc-brasil\/#primaryimage"},"thumbnailUrl":"https:\/\/www.cidademarketing.com.br\/marketing\/wp-content\/uploads\/2019\/05\/diadasmaes_2019.jpg","keywords":["comportamento do consumidor","estrat\u00e9gia","marketing","SPC Brasil"],"articleSection":["Not\u00edcias"],"inLanguage":"pt-BR","potentialAction":[{"@type":"CommentAction","name":"Comment","target":["https:\/\/www.cidademarketing.com.br\/marketing\/2019\/05\/14\/com-economia-em-recuperacao-lenta-vendas-a-prazo-no-dia-das-maes-apresentam-crescimento-pequeno-apontam-cndl-spc-brasil\/#respond"]}]},{"@type":"WebPage","@id":"https:\/\/www.cidademarketing.com.br\/marketing\/2019\/05\/14\/com-economia-em-recuperacao-lenta-vendas-a-prazo-no-dia-das-maes-apresentam-crescimento-pequeno-apontam-cndl-spc-brasil\/","url":"https:\/\/www.cidademarketing.com.br\/marketing\/2019\/05\/14\/com-economia-em-recuperacao-lenta-vendas-a-prazo-no-dia-das-maes-apresentam-crescimento-pequeno-apontam-cndl-spc-brasil\/","name":"Com economia em recupera\u00e7\u00e3o lenta, vendas a prazo no Dia das M\u00e3es apresentam crescimento pequeno, apontam CNDL\/SPC Brasil - CidadeMarketing","isPartOf":{"@id":"https:\/\/www.cidademarketing.com.br\/marketing\/#website"},"primaryImageOfPage":{"@id":"https:\/\/www.cidademarketing.com.br\/marketing\/2019\/05\/14\/com-economia-em-recuperacao-lenta-vendas-a-prazo-no-dia-das-maes-apresentam-crescimento-pequeno-apontam-cndl-spc-brasil\/#primaryimage"},"image":{"@id":"https:\/\/www.cidademarketing.com.br\/marketing\/2019\/05\/14\/com-economia-em-recuperacao-lenta-vendas-a-prazo-no-dia-das-maes-apresentam-crescimento-pequeno-apontam-cndl-spc-brasil\/#primaryimage"},"thumbnailUrl":"https:\/\/www.cidademarketing.com.br\/marketing\/wp-content\/uploads\/2019\/05\/diadasmaes_2019.jpg","datePublished":"2019-05-13T20:17:10+00:00","dateModified":"2019-05-13T20:17:15+00:00","breadcrumb":{"@id":"https:\/\/www.cidademarketing.com.br\/marketing\/2019\/05\/14\/com-economia-em-recuperacao-lenta-vendas-a-prazo-no-dia-das-maes-apresentam-crescimento-pequeno-apontam-cndl-spc-brasil\/#breadcrumb"},"inLanguage":"pt-BR","potentialAction":[{"@type":"ReadAction","target":["https:\/\/www.cidademarketing.com.br\/marketing\/2019\/05\/14\/com-economia-em-recuperacao-lenta-vendas-a-prazo-no-dia-das-maes-apresentam-crescimento-pequeno-apontam-cndl-spc-brasil\/"]}]},{"@type":"ImageObject","inLanguage":"pt-BR","@id":"https:\/\/www.cidademarketing.com.br\/marketing\/2019\/05\/14\/com-economia-em-recuperacao-lenta-vendas-a-prazo-no-dia-das-maes-apresentam-crescimento-pequeno-apontam-cndl-spc-brasil\/#primaryimage","url":"https:\/\/www.cidademarketing.com.br\/marketing\/wp-content\/uploads\/2019\/05\/diadasmaes_2019.jpg","contentUrl":"https:\/\/www.cidademarketing.com.br\/marketing\/wp-content\/uploads\/2019\/05\/diadasmaes_2019.jpg","width":785,"height":370},{"@type":"BreadcrumbList","@id":"https:\/\/www.cidademarketing.com.br\/marketing\/2019\/05\/14\/com-economia-em-recuperacao-lenta-vendas-a-prazo-no-dia-das-maes-apresentam-crescimento-pequeno-apontam-cndl-spc-brasil\/#breadcrumb","itemListElement":[{"@type":"ListItem","position":1,"name":"In\u00edcio","item":"https:\/\/www.cidademarketing.com.br\/marketing\/"},{"@type":"ListItem","position":2,"name":"Com economia em recupera\u00e7\u00e3o lenta, vendas a prazo no Dia das M\u00e3es apresentam crescimento pequeno, apontam CNDL\/SPC Brasil"}]},{"@type":"WebSite","@id":"https:\/\/www.cidademarketing.com.br\/marketing\/#website","url":"https:\/\/www.cidademarketing.com.br\/marketing\/","name":"CidadeMarketing","description":"Somos um ve\u00edculo de comunica\u00e7\u00e3o de destaque no Brasil, reconhecido por conte\u00fados nos segmentos de marketing, empreendedorismo e inova\u00e7\u00e3o.","publisher":{"@id":"https:\/\/www.cidademarketing.com.br\/marketing\/#organization"},"alternateName":"CidadeMarketing","potentialAction":[{"@type":"SearchAction","target":{"@type":"EntryPoint","urlTemplate":"https:\/\/www.cidademarketing.com.br\/marketing\/?s={search_term_string}"},"query-input":{"@type":"PropertyValueSpecification","valueRequired":true,"valueName":"search_term_string"}}],"inLanguage":"pt-BR"},{"@type":"Organization","@id":"https:\/\/www.cidademarketing.com.br\/marketing\/#organization","name":"CidadeMarketing","alternateName":"CidadeMarketing","url":"https:\/\/www.cidademarketing.com.br\/marketing\/","logo":{"@type":"ImageObject","inLanguage":"pt-BR","@id":"https:\/\/www.cidademarketing.com.br\/marketing\/#\/schema\/logo\/image\/","url":"https:\/\/www.cidademarketing.com.br\/marketing\/wp-content\/uploads\/2020\/01\/cidademarketing_marca_mobile.png","contentUrl":"https:\/\/www.cidademarketing.com.br\/marketing\/wp-content\/uploads\/2020\/01\/cidademarketing_marca_mobile.png","width":230,"height":92,"caption":"CidadeMarketing"},"image":{"@id":"https:\/\/www.cidademarketing.com.br\/marketing\/#\/schema\/logo\/image\/"},"sameAs":["https:\/\/www.facebook.com\/portalcidademarketing","https:\/\/x.com\/CidadeMarketing","https:\/\/www.instagram.com\/cidademarketing\/"]},{"@type":"Person","@id":"https:\/\/www.cidademarketing.com.br\/marketing\/#\/schema\/person\/02daff9f18bd9378c9e01eb6b2db155f","name":"Thales Brand\u00e3o","image":{"@type":"ImageObject","inLanguage":"pt-BR","@id":"https:\/\/secure.gravatar.com\/avatar\/7ca3206950207cc3cb48feec56a8a7898741ab725c368d99d5d7a5a50aab80c6?s=96&d=mm&r=g","url":"https:\/\/secure.gravatar.com\/avatar\/7ca3206950207cc3cb48feec56a8a7898741ab725c368d99d5d7a5a50aab80c6?s=96&d=mm&r=g","contentUrl":"https:\/\/secure.gravatar.com\/avatar\/7ca3206950207cc3cb48feec56a8a7898741ab725c368d99d5d7a5a50aab80c6?s=96&d=mm&r=g","caption":"Thales Brand\u00e3o"},"description":"Editor Executivo do Portal CidadeMarketing.com.br &gt; Mestre em Comunica\u00e7\u00e3o e Sociedade pela Universidade Federal de Sergipe. Possui MBA Executivo em Administra\u00e7\u00e3o com \u00eanfase em Marketing pela Funda\u00e7\u00e3o Get\u00falio Vargas - Rio de Janeiro. Consultor, Palestrante e Pesquisador sobre Empreendedorismo, Marketing, Redes Sociais e Neg\u00f3cios Digitais. Professor, Palestrante TedxTalks e Campus Party. Twitter: @ThalesBrandao","sameAs":["http:\/\/www.mandacaru.com.br","https:\/\/www.facebook.com\/thalesbrandao","http:\/\/www.instagram.com.br\/thalesbrandaoferreira","https:\/\/www.linkedin.com\/in\/thales-brand\u00e3o-3948609\/","https:\/\/x.com\/http:\/\/www.twitter.com\/thalesbrandao"],"url":"https:\/\/www.cidademarketing.com.br\/marketing\/author\/thalesbrandao\/"}]}},"amp_enabled":true,"_links":{"self":[{"href":"https:\/\/www.cidademarketing.com.br\/marketing\/wp-json\/wp\/v2\/posts\/8293","targetHints":{"allow":["GET"]}}],"collection":[{"href":"https:\/\/www.cidademarketing.com.br\/marketing\/wp-json\/wp\/v2\/posts"}],"about":[{"href":"https:\/\/www.cidademarketing.com.br\/marketing\/wp-json\/wp\/v2\/types\/post"}],"author":[{"embeddable":true,"href":"https:\/\/www.cidademarketing.com.br\/marketing\/wp-json\/wp\/v2\/users\/1"}],"replies":[{"embeddable":true,"href":"https:\/\/www.cidademarketing.com.br\/marketing\/wp-json\/wp\/v2\/comments?post=8293"}],"version-history":[{"count":1,"href":"https:\/\/www.cidademarketing.com.br\/marketing\/wp-json\/wp\/v2\/posts\/8293\/revisions"}],"predecessor-version":[{"id":8295,"href":"https:\/\/www.cidademarketing.com.br\/marketing\/wp-json\/wp\/v2\/posts\/8293\/revisions\/8295"}],"wp:featuredmedia":[{"embeddable":true,"href":"https:\/\/www.cidademarketing.com.br\/marketing\/wp-json\/wp\/v2\/media\/8294"}],"wp:attachment":[{"href":"https:\/\/www.cidademarketing.com.br\/marketing\/wp-json\/wp\/v2\/media?parent=8293"}],"wp:term":[{"taxonomy":"category","embeddable":true,"href":"https:\/\/www.cidademarketing.com.br\/marketing\/wp-json\/wp\/v2\/categories?post=8293"},{"taxonomy":"post_tag","embeddable":true,"href":"https:\/\/www.cidademarketing.com.br\/marketing\/wp-json\/wp\/v2\/tags?post=8293"}],"curies":[{"name":"wp","href":"https:\/\/api.w.org\/{rel}","templated":true}]}}