{"id":8258,"date":"2019-05-12T05:04:19","date_gmt":"2019-05-12T01:04:19","guid":{"rendered":"http:\/\/www.cidademarketing.com.br\/marketing\/?p=8258"},"modified":"2019-05-12T05:19:56","modified_gmt":"2019-05-12T01:19:56","slug":"campanha-da-ninho-homenagem-as-maes-que-apoiam-os-voos-dos-seus-filhos","status":"publish","type":"post","link":"https:\/\/www.cidademarketing.com.br\/marketing\/2019\/05\/12\/campanha-da-ninho-homenagem-as-maes-que-apoiam-os-voos-dos-seus-filhos\/","title":{"rendered":"Campanha da Ninho homenagem \u00e0s m\u00e3es que apoiam os voos dos seus filhos"},"content":{"rendered":"\n<p>Apoiar o filho que sofre bullying porque quer ser bailarino. Largar o emprego para ajudar a filha que sonha em ser violonista. Essas e outras hist\u00f3rias reais sobre m\u00e3es que ajudaram os filhos a expressar as suas individualidades, mesmo quando precisaram enfrentar o questionamento da sociedade, s\u00e3o retratadas na nova campanha de Ninho da Nestl\u00e9. Criada pela Publicis Brasil e com veicula\u00e7\u00e3o em toda a Am\u00e9rica Latina a partir desta ter\u00e7a, a iniciativa \u00e9 uma homenagem ao Dia das M\u00e3es e conta com filme para TV aberta e mini document\u00e1rios de tr\u00eas minutos para a internet. A cria\u00e7\u00e3o da campanha \u00e9 de Samuel Normando, Pedro Lazera, C\u00edcero Souza e Lucas Zulian sob dire\u00e7\u00e3o de cria\u00e7\u00e3o de Domenico Massareto, Gustavo Victorino, Samuel Normando e Elisa Gorgatti. A produtora \u00e9 a Corazon. O diretor do filme \u00e9 o Raphael Gasparini.<\/p>\n\n\n\n<p>A marca criou um hotsite  <br><strong>#amorquedeixaser<\/strong> com homenagens para as m\u00e3es, <a rel=\"noreferrer noopener\" aria-label=\"clique aqui (abre numa nova aba)\" href=\"https:\/\/www.ninho.com.br\/dia-das-maes?gclsrc=aw.ds&amp;gclid=CjwKCAjw5dnmBRACEiwAmMYGOZ2Xn1XFoXAMxqlLfv32I_VgswBXBCJQWFtupp1E8mIjxxoYiim1yxoCEgoQAvD_BwE&amp;gclsrc=aw.ds\" target=\"_blank\">clique aqui<\/a><\/p>\n\n\n\n<figure class=\"wp-block-embed-youtube wp-block-embed is-type-video is-provider-youtube wp-embed-aspect-16-9 wp-has-aspect-ratio\"><div class=\"wp-block-embed__wrapper\">\n<div class=\"youtube-embed\" data-video_id=\"yrarrqOkJgQ\"><iframe title=\"NINHO APRESENTA: DIA DAS M\u00c3ES - O AMOR QUE DEIXA SER | EPIS\u00d3DIO 02\" width=\"640\" height=\"360\" src=\"https:\/\/www.youtube.com\/embed\/yrarrqOkJgQ?feature=oembed&#038;enablejsapi=1&#038;enablejsapi=1\" frameborder=\"0\" allow=\"accelerometer; autoplay; clipboard-write; encrypted-media; gyroscope; picture-in-picture; web-share\" referrerpolicy=\"strict-origin-when-cross-origin\" allowfullscreen><\/iframe><\/div>\n<\/div><\/figure>\n\n\n\n<figure class=\"wp-block-embed-youtube wp-block-embed is-type-video is-provider-youtube wp-embed-aspect-16-9 wp-has-aspect-ratio\"><div class=\"wp-block-embed__wrapper\">\n<div class=\"youtube-embed\" data-video_id=\"3maczMqw5RQ\"><iframe title=\"NINHO APRESENTA: DIA DAS M\u00c3ES - O AMOR QUE DEIXA SER | EPIS\u00d3DIO 03\" width=\"640\" height=\"360\" src=\"https:\/\/www.youtube.com\/embed\/3maczMqw5RQ?feature=oembed&#038;enablejsapi=1&#038;enablejsapi=1\" frameborder=\"0\" allow=\"accelerometer; autoplay; clipboard-write; encrypted-media; gyroscope; picture-in-picture; web-share\" referrerpolicy=\"strict-origin-when-cross-origin\" allowfullscreen><\/iframe><\/div>\n<\/div><\/figure>\n\n\n\n<figure class=\"wp-block-embed-youtube wp-block-embed is-type-video is-provider-youtube wp-embed-aspect-16-9 wp-has-aspect-ratio\"><div class=\"wp-block-embed__wrapper\">\n<div class=\"youtube-embed\" data-video_id=\"tgtrbrWtDCk\"><iframe title=\"NINHO APRESENTA: DIA DAS M\u00c3ES - O AMOR QUE DEIXA SER | EPIS\u00d3DIO 01\" width=\"640\" height=\"360\" src=\"https:\/\/www.youtube.com\/embed\/tgtrbrWtDCk?feature=oembed&#038;enablejsapi=1&#038;enablejsapi=1\" frameborder=\"0\" allow=\"accelerometer; autoplay; clipboard-write; encrypted-media; gyroscope; picture-in-picture; web-share\" referrerpolicy=\"strict-origin-when-cross-origin\" allowfullscreen><\/iframe><\/div>\n<\/div><\/figure>\n\n\n\n<figure class=\"wp-block-embed-youtube wp-block-embed is-type-video is-provider-youtube wp-embed-aspect-16-9 wp-has-aspect-ratio\"><div class=\"wp-block-embed__wrapper\">\n<div class=\"youtube-embed\" data-video_id=\"r8UThyNAaTM\"><iframe title=\"NINHO APRESENTA: O AMOR QUE DEIXA SER | Uma homenagem para o Dia das M\u00e3es\" width=\"640\" height=\"360\" src=\"https:\/\/www.youtube.com\/embed\/r8UThyNAaTM?feature=oembed&#038;enablejsapi=1&#038;enablejsapi=1\" frameborder=\"0\" allow=\"accelerometer; autoplay; clipboard-write; encrypted-media; gyroscope; picture-in-picture; web-share\" referrerpolicy=\"strict-origin-when-cross-origin\" allowfullscreen><\/iframe><\/div>\n<\/div><\/figure>\n\n\n\n<p><\/p>\n\n\n\n<p><strong>FICHA T\u00c9CNICA:<\/strong><\/p>\n\n\n\n<p>AG\u00caNCIA: Publicis Brasil<\/p>\n\n\n\n<p>T\u00cdTULO: Because You Loved Me<\/p>\n\n\n\n<p>DURA\u00c7\u00c3O: 2\u201930\u2033\/ 60\u2033\/ 30\u2033<\/p>\n\n\n\n<p>PRODUTO: Ninho<\/p>\n\n\n\n<p>CLIENTE: Nestl\u00e9<\/p>\n\n\n\n<p>APROVA\u00c7\u00c3O CLIENTE: Carine Mahler, Rafael Souza, Zenas Liritis, Guglielmo Bonora, Luigi Segatto, Fernanda Lopes, Danilo Moreira, Ana Ferraz, Andrea Gon\u00e7alves<\/p>\n\n\n\n<p>CCO: Domenico Massareto<\/p>\n\n\n\n<p>DIRETOR-EXECUTIVO DE CRIA\u00c7\u00c3O: Gustavo Victorino<\/p>\n\n\n\n<p>DIRETORES CRIA\u00c7\u00c3O: Samuel Normando e Elisa Gorgatti<\/p>\n\n\n\n<p>DIRETOR DE ARTE: C\u00edcero Souza e Lucas Zulian<\/p>\n\n\n\n<p>REDATOR: Samuel Normando, Pedro Lazera<\/p>\n\n\n\n<p>PRODU\u00c7\u00c3O: Daniela Andrade, Michele Pav\u00e3o, Daniela Toda, Lucas Milan e M\u00e1rcia Albuquerque<\/p>\n\n\n\n<p>ATENDIMENTO: Luiz Tosi, Calebe Ferres, Mariana Corrales, Giulia Romanelli, Let\u00edcia Andrade e Marcella Gil<\/p>\n\n\n\n<p>Planejamento: Alexandra Varassin, Diana Santos, Rafaell Miranda, T\u00e1bata Pimentel, Rayssa Vasconcelos, Mayra Carbone<\/p>\n\n\n\n<p>M\u00cdDIA: Thiago Rodrigues, Racquel Medeiros, Paola Lima, Caio Melo<\/p>\n\n\n\n<p>PROJETOS: Aline Ricciarelli, Marcelo Henrique, Veronica Santos, Paulo Neves<\/p>\n\n\n\n<p>PRODUTORA: Corazon Filmes<\/p>\n\n\n\n<p>DIRETOR: Raphael Gasparini<\/p>\n\n\n\n<p>DIRE\u00c7\u00c3O DE FOTOGRAFIA: Fernando Bertoluci<\/p>\n\n\n\n<p>MONTAGEM: Tiago Gil<\/p>\n\n\n\n<p>DIRE\u00c7\u00c3O EXECUTIVA: Igor Ferreira<\/p>\n\n\n\n<p>PRODUTOR EXECUTIVO: Renato Chabub<\/p>\n\n\n\n<p>COORDENADOR DE P\u00d3S PRODU\u00c7\u00c3O: Alex Cancado-Los Angeles\/ Eduardo Brand\u00e3o-Brasil<\/p>\n\n\n\n<p>P\u00d3S-PRODU\u00c7\u00c3O\/FINALIZA\u00c7\u00c3O: B\u00f3son Post<\/p>\n\n\n\n<p>PRODUTORA SOM: Loud<\/p>\n\n\n\n<p>PRODUTOR MUSICAL: Felipe Vass\u00e3o<\/p>\n\n\n\n<p>M\u00daSICA: Because You Loved<\/p>\n\n\n\n<p>FINALIZA\u00c7\u00c3O DE AUDIO: Equipe Loud<\/p>\n\n\n\n<p>ATENDIMENTO: Tatiana Ornellas<\/p>\n","protected":false},"excerpt":{"rendered":"<p>Apoiar o filho que sofre bullying porque quer ser bailarino. Largar o emprego para ajudar a filha que sonha em ser violonista. Essas e outras hist\u00f3rias reais sobre m\u00e3es que ajudaram os filhos a expressar as suas individualidades, mesmo quando precisaram enfrentar o questionamento da sociedade, s\u00e3o retratadas na nova campanha de Ninho da Nestl\u00e9. [&hellip;]<\/p>\n","protected":false},"author":1,"featured_media":8259,"comment_status":"open","ping_status":"open","sticky":false,"template":"","format":"standard","meta":{"tdm_status":"","tdm_grid_status":"","footnotes":""},"categories":[6],"tags":[65,28,131,66],"class_list":["post-8258","post","type-post","status-publish","format-standard","has-post-thumbnail","hentry","category-noticias","tag-campanha","tag-marketing","tag-nestle","tag-propaganda"],"yoast_head":"<!-- This site is optimized with the Yoast SEO plugin v27.5 - https:\/\/yoast.com\/product\/yoast-seo-wordpress\/ -->\n<title>Campanha da Ninho homenagem \u00e0s m\u00e3es que apoiam os voos dos seus filhos - CidadeMarketing<\/title>\n<meta name=\"robots\" content=\"index, follow, max-snippet:-1, max-image-preview:large, max-video-preview:-1\" \/>\n<link rel=\"canonical\" href=\"https:\/\/www.cidademarketing.com.br\/marketing\/2019\/05\/12\/campanha-da-ninho-homenagem-as-maes-que-apoiam-os-voos-dos-seus-filhos\/\" \/>\n<meta property=\"og:locale\" content=\"pt_BR\" \/>\n<meta property=\"og:type\" content=\"article\" \/>\n<meta property=\"og:title\" content=\"Campanha da Ninho homenagem \u00e0s m\u00e3es que apoiam os voos dos seus filhos - CidadeMarketing\" \/>\n<meta property=\"og:description\" content=\"Apoiar o filho que sofre bullying porque quer ser bailarino. Largar o emprego para ajudar a filha que sonha em ser violonista. Essas e outras hist\u00f3rias reais sobre m\u00e3es que ajudaram os filhos a expressar as suas individualidades, mesmo quando precisaram enfrentar o questionamento da sociedade, s\u00e3o retratadas na nova campanha de Ninho da Nestl\u00e9. [&hellip;]\" \/>\n<meta property=\"og:url\" content=\"https:\/\/www.cidademarketing.com.br\/marketing\/2019\/05\/12\/campanha-da-ninho-homenagem-as-maes-que-apoiam-os-voos-dos-seus-filhos\/\" \/>\n<meta property=\"og:site_name\" content=\"CidadeMarketing\" \/>\n<meta property=\"article:publisher\" content=\"https:\/\/www.facebook.com\/portalcidademarketing\" \/>\n<meta property=\"article:author\" content=\"https:\/\/www.facebook.com\/thalesbrandao\" \/>\n<meta property=\"article:published_time\" content=\"2019-05-12T01:04:19+00:00\" \/>\n<meta property=\"article:modified_time\" content=\"2019-05-12T01:19:56+00:00\" \/>\n<meta property=\"og:image\" content=\"https:\/\/www.cidademarketing.com.br\/marketing\/wp-content\/uploads\/2019\/05\/nestle_ninho.jpg\" \/>\n\t<meta property=\"og:image:width\" content=\"1072\" \/>\n\t<meta property=\"og:image:height\" content=\"539\" \/>\n\t<meta property=\"og:image:type\" content=\"image\/jpeg\" \/>\n<meta name=\"author\" content=\"Thales Brand\u00e3o\" \/>\n<meta name=\"twitter:card\" content=\"summary_large_image\" \/>\n<meta name=\"twitter:creator\" content=\"@http:\/\/www.twitter.com\/thalesbrandao\" \/>\n<meta name=\"twitter:site\" content=\"@CidadeMarketing\" \/>\n<meta name=\"twitter:label1\" content=\"Escrito por\" \/>\n\t<meta name=\"twitter:data1\" content=\"Thales Brand\u00e3o\" \/>\n\t<meta name=\"twitter:label2\" content=\"Est. tempo de leitura\" \/>\n\t<meta name=\"twitter:data2\" content=\"2 minutos\" \/>\n<script type=\"application\/ld+json\" class=\"yoast-schema-graph\">{\"@context\":\"https:\\\/\\\/schema.org\",\"@graph\":[{\"@type\":\"Article\",\"@id\":\"https:\\\/\\\/www.cidademarketing.com.br\\\/marketing\\\/2019\\\/05\\\/12\\\/campanha-da-ninho-homenagem-as-maes-que-apoiam-os-voos-dos-seus-filhos\\\/#article\",\"isPartOf\":{\"@id\":\"https:\\\/\\\/www.cidademarketing.com.br\\\/marketing\\\/2019\\\/05\\\/12\\\/campanha-da-ninho-homenagem-as-maes-que-apoiam-os-voos-dos-seus-filhos\\\/\"},\"author\":{\"name\":\"Thales Brand\u00e3o\",\"@id\":\"https:\\\/\\\/www.cidademarketing.com.br\\\/marketing\\\/#\\\/schema\\\/person\\\/02daff9f18bd9378c9e01eb6b2db155f\"},\"headline\":\"Campanha da Ninho homenagem \u00e0s m\u00e3es que apoiam os voos dos seus filhos\",\"datePublished\":\"2019-05-12T01:04:19+00:00\",\"dateModified\":\"2019-05-12T01:19:56+00:00\",\"mainEntityOfPage\":{\"@id\":\"https:\\\/\\\/www.cidademarketing.com.br\\\/marketing\\\/2019\\\/05\\\/12\\\/campanha-da-ninho-homenagem-as-maes-que-apoiam-os-voos-dos-seus-filhos\\\/\"},\"wordCount\":406,\"commentCount\":0,\"publisher\":{\"@id\":\"https:\\\/\\\/www.cidademarketing.com.br\\\/marketing\\\/#organization\"},\"image\":{\"@id\":\"https:\\\/\\\/www.cidademarketing.com.br\\\/marketing\\\/2019\\\/05\\\/12\\\/campanha-da-ninho-homenagem-as-maes-que-apoiam-os-voos-dos-seus-filhos\\\/#primaryimage\"},\"thumbnailUrl\":\"https:\\\/\\\/www.cidademarketing.com.br\\\/marketing\\\/wp-content\\\/uploads\\\/2019\\\/05\\\/nestle_ninho.jpg\",\"keywords\":[\"campanha\",\"marketing\",\"Nestl\u00e9\",\"propaganda\"],\"articleSection\":[\"Not\u00edcias\"],\"inLanguage\":\"pt-BR\",\"potentialAction\":[{\"@type\":\"CommentAction\",\"name\":\"Comment\",\"target\":[\"https:\\\/\\\/www.cidademarketing.com.br\\\/marketing\\\/2019\\\/05\\\/12\\\/campanha-da-ninho-homenagem-as-maes-que-apoiam-os-voos-dos-seus-filhos\\\/#respond\"]}]},{\"@type\":\"WebPage\",\"@id\":\"https:\\\/\\\/www.cidademarketing.com.br\\\/marketing\\\/2019\\\/05\\\/12\\\/campanha-da-ninho-homenagem-as-maes-que-apoiam-os-voos-dos-seus-filhos\\\/\",\"url\":\"https:\\\/\\\/www.cidademarketing.com.br\\\/marketing\\\/2019\\\/05\\\/12\\\/campanha-da-ninho-homenagem-as-maes-que-apoiam-os-voos-dos-seus-filhos\\\/\",\"name\":\"Campanha da Ninho homenagem \u00e0s m\u00e3es que apoiam os voos dos seus filhos - CidadeMarketing\",\"isPartOf\":{\"@id\":\"https:\\\/\\\/www.cidademarketing.com.br\\\/marketing\\\/#website\"},\"primaryImageOfPage\":{\"@id\":\"https:\\\/\\\/www.cidademarketing.com.br\\\/marketing\\\/2019\\\/05\\\/12\\\/campanha-da-ninho-homenagem-as-maes-que-apoiam-os-voos-dos-seus-filhos\\\/#primaryimage\"},\"image\":{\"@id\":\"https:\\\/\\\/www.cidademarketing.com.br\\\/marketing\\\/2019\\\/05\\\/12\\\/campanha-da-ninho-homenagem-as-maes-que-apoiam-os-voos-dos-seus-filhos\\\/#primaryimage\"},\"thumbnailUrl\":\"https:\\\/\\\/www.cidademarketing.com.br\\\/marketing\\\/wp-content\\\/uploads\\\/2019\\\/05\\\/nestle_ninho.jpg\",\"datePublished\":\"2019-05-12T01:04:19+00:00\",\"dateModified\":\"2019-05-12T01:19:56+00:00\",\"breadcrumb\":{\"@id\":\"https:\\\/\\\/www.cidademarketing.com.br\\\/marketing\\\/2019\\\/05\\\/12\\\/campanha-da-ninho-homenagem-as-maes-que-apoiam-os-voos-dos-seus-filhos\\\/#breadcrumb\"},\"inLanguage\":\"pt-BR\",\"potentialAction\":[{\"@type\":\"ReadAction\",\"target\":[\"https:\\\/\\\/www.cidademarketing.com.br\\\/marketing\\\/2019\\\/05\\\/12\\\/campanha-da-ninho-homenagem-as-maes-que-apoiam-os-voos-dos-seus-filhos\\\/\"]}]},{\"@type\":\"ImageObject\",\"inLanguage\":\"pt-BR\",\"@id\":\"https:\\\/\\\/www.cidademarketing.com.br\\\/marketing\\\/2019\\\/05\\\/12\\\/campanha-da-ninho-homenagem-as-maes-que-apoiam-os-voos-dos-seus-filhos\\\/#primaryimage\",\"url\":\"https:\\\/\\\/www.cidademarketing.com.br\\\/marketing\\\/wp-content\\\/uploads\\\/2019\\\/05\\\/nestle_ninho.jpg\",\"contentUrl\":\"https:\\\/\\\/www.cidademarketing.com.br\\\/marketing\\\/wp-content\\\/uploads\\\/2019\\\/05\\\/nestle_ninho.jpg\",\"width\":1072,\"height\":539,\"caption\":\"Reprodu\u00e7\u00e3o\"},{\"@type\":\"BreadcrumbList\",\"@id\":\"https:\\\/\\\/www.cidademarketing.com.br\\\/marketing\\\/2019\\\/05\\\/12\\\/campanha-da-ninho-homenagem-as-maes-que-apoiam-os-voos-dos-seus-filhos\\\/#breadcrumb\",\"itemListElement\":[{\"@type\":\"ListItem\",\"position\":1,\"name\":\"In\u00edcio\",\"item\":\"https:\\\/\\\/www.cidademarketing.com.br\\\/marketing\\\/\"},{\"@type\":\"ListItem\",\"position\":2,\"name\":\"Campanha da Ninho homenagem \u00e0s m\u00e3es que apoiam os voos dos seus filhos\"}]},{\"@type\":\"WebSite\",\"@id\":\"https:\\\/\\\/www.cidademarketing.com.br\\\/marketing\\\/#website\",\"url\":\"https:\\\/\\\/www.cidademarketing.com.br\\\/marketing\\\/\",\"name\":\"CidadeMarketing\",\"description\":\"Somos um ve\u00edculo de comunica\u00e7\u00e3o de destaque no Brasil, reconhecido por conte\u00fados nos segmentos de marketing, empreendedorismo e inova\u00e7\u00e3o.\",\"publisher\":{\"@id\":\"https:\\\/\\\/www.cidademarketing.com.br\\\/marketing\\\/#organization\"},\"alternateName\":\"CidadeMarketing\",\"potentialAction\":[{\"@type\":\"SearchAction\",\"target\":{\"@type\":\"EntryPoint\",\"urlTemplate\":\"https:\\\/\\\/www.cidademarketing.com.br\\\/marketing\\\/?s={search_term_string}\"},\"query-input\":{\"@type\":\"PropertyValueSpecification\",\"valueRequired\":true,\"valueName\":\"search_term_string\"}}],\"inLanguage\":\"pt-BR\"},{\"@type\":\"Organization\",\"@id\":\"https:\\\/\\\/www.cidademarketing.com.br\\\/marketing\\\/#organization\",\"name\":\"CidadeMarketing\",\"alternateName\":\"CidadeMarketing\",\"url\":\"https:\\\/\\\/www.cidademarketing.com.br\\\/marketing\\\/\",\"logo\":{\"@type\":\"ImageObject\",\"inLanguage\":\"pt-BR\",\"@id\":\"https:\\\/\\\/www.cidademarketing.com.br\\\/marketing\\\/#\\\/schema\\\/logo\\\/image\\\/\",\"url\":\"https:\\\/\\\/www.cidademarketing.com.br\\\/marketing\\\/wp-content\\\/uploads\\\/2020\\\/01\\\/cidademarketing_marca_mobile.png\",\"contentUrl\":\"https:\\\/\\\/www.cidademarketing.com.br\\\/marketing\\\/wp-content\\\/uploads\\\/2020\\\/01\\\/cidademarketing_marca_mobile.png\",\"width\":230,\"height\":92,\"caption\":\"CidadeMarketing\"},\"image\":{\"@id\":\"https:\\\/\\\/www.cidademarketing.com.br\\\/marketing\\\/#\\\/schema\\\/logo\\\/image\\\/\"},\"sameAs\":[\"https:\\\/\\\/www.facebook.com\\\/portalcidademarketing\",\"https:\\\/\\\/x.com\\\/CidadeMarketing\",\"https:\\\/\\\/www.instagram.com\\\/cidademarketing\\\/\"]},{\"@type\":\"Person\",\"@id\":\"https:\\\/\\\/www.cidademarketing.com.br\\\/marketing\\\/#\\\/schema\\\/person\\\/02daff9f18bd9378c9e01eb6b2db155f\",\"name\":\"Thales Brand\u00e3o\",\"image\":{\"@type\":\"ImageObject\",\"inLanguage\":\"pt-BR\",\"@id\":\"https:\\\/\\\/secure.gravatar.com\\\/avatar\\\/7ca3206950207cc3cb48feec56a8a7898741ab725c368d99d5d7a5a50aab80c6?s=96&d=mm&r=g\",\"url\":\"https:\\\/\\\/secure.gravatar.com\\\/avatar\\\/7ca3206950207cc3cb48feec56a8a7898741ab725c368d99d5d7a5a50aab80c6?s=96&d=mm&r=g\",\"contentUrl\":\"https:\\\/\\\/secure.gravatar.com\\\/avatar\\\/7ca3206950207cc3cb48feec56a8a7898741ab725c368d99d5d7a5a50aab80c6?s=96&d=mm&r=g\",\"caption\":\"Thales Brand\u00e3o\"},\"description\":\"Editor Executivo do Portal CidadeMarketing.com.br &gt; Mestre em Comunica\u00e7\u00e3o e Sociedade pela Universidade Federal de Sergipe. Possui MBA Executivo em Administra\u00e7\u00e3o com \u00eanfase em Marketing pela Funda\u00e7\u00e3o Get\u00falio Vargas - Rio de Janeiro. Consultor, Palestrante e Pesquisador sobre Empreendedorismo, Marketing, Redes Sociais e Neg\u00f3cios Digitais. Professor, Palestrante TedxTalks e Campus Party. Twitter: @ThalesBrandao\",\"sameAs\":[\"http:\\\/\\\/www.mandacaru.com.br\",\"https:\\\/\\\/www.facebook.com\\\/thalesbrandao\",\"http:\\\/\\\/www.instagram.com.br\\\/thalesbrandaoferreira\",\"https:\\\/\\\/www.linkedin.com\\\/in\\\/thales-brand\u00e3o-3948609\\\/\",\"https:\\\/\\\/x.com\\\/http:\\\/\\\/www.twitter.com\\\/thalesbrandao\"],\"url\":\"https:\\\/\\\/www.cidademarketing.com.br\\\/marketing\\\/author\\\/thalesbrandao\\\/\"}]}<\/script>\n<!-- \/ Yoast SEO plugin. -->","yoast_head_json":{"title":"Campanha da Ninho homenagem \u00e0s m\u00e3es que apoiam os voos dos seus filhos - CidadeMarketing","robots":{"index":"index","follow":"follow","max-snippet":"max-snippet:-1","max-image-preview":"max-image-preview:large","max-video-preview":"max-video-preview:-1"},"canonical":"https:\/\/www.cidademarketing.com.br\/marketing\/2019\/05\/12\/campanha-da-ninho-homenagem-as-maes-que-apoiam-os-voos-dos-seus-filhos\/","og_locale":"pt_BR","og_type":"article","og_title":"Campanha da Ninho homenagem \u00e0s m\u00e3es que apoiam os voos dos seus filhos - CidadeMarketing","og_description":"Apoiar o filho que sofre bullying porque quer ser bailarino. Largar o emprego para ajudar a filha que sonha em ser violonista. Essas e outras hist\u00f3rias reais sobre m\u00e3es que ajudaram os filhos a expressar as suas individualidades, mesmo quando precisaram enfrentar o questionamento da sociedade, s\u00e3o retratadas na nova campanha de Ninho da Nestl\u00e9. [&hellip;]","og_url":"https:\/\/www.cidademarketing.com.br\/marketing\/2019\/05\/12\/campanha-da-ninho-homenagem-as-maes-que-apoiam-os-voos-dos-seus-filhos\/","og_site_name":"CidadeMarketing","article_publisher":"https:\/\/www.facebook.com\/portalcidademarketing","article_author":"https:\/\/www.facebook.com\/thalesbrandao","article_published_time":"2019-05-12T01:04:19+00:00","article_modified_time":"2019-05-12T01:19:56+00:00","og_image":[{"width":1072,"height":539,"url":"https:\/\/www.cidademarketing.com.br\/marketing\/wp-content\/uploads\/2019\/05\/nestle_ninho.jpg","type":"image\/jpeg"}],"author":"Thales Brand\u00e3o","twitter_card":"summary_large_image","twitter_creator":"@http:\/\/www.twitter.com\/thalesbrandao","twitter_site":"@CidadeMarketing","twitter_misc":{"Escrito por":"Thales Brand\u00e3o","Est. tempo de leitura":"2 minutos"},"schema":{"@context":"https:\/\/schema.org","@graph":[{"@type":"Article","@id":"https:\/\/www.cidademarketing.com.br\/marketing\/2019\/05\/12\/campanha-da-ninho-homenagem-as-maes-que-apoiam-os-voos-dos-seus-filhos\/#article","isPartOf":{"@id":"https:\/\/www.cidademarketing.com.br\/marketing\/2019\/05\/12\/campanha-da-ninho-homenagem-as-maes-que-apoiam-os-voos-dos-seus-filhos\/"},"author":{"name":"Thales Brand\u00e3o","@id":"https:\/\/www.cidademarketing.com.br\/marketing\/#\/schema\/person\/02daff9f18bd9378c9e01eb6b2db155f"},"headline":"Campanha da Ninho homenagem \u00e0s m\u00e3es que apoiam os voos dos seus filhos","datePublished":"2019-05-12T01:04:19+00:00","dateModified":"2019-05-12T01:19:56+00:00","mainEntityOfPage":{"@id":"https:\/\/www.cidademarketing.com.br\/marketing\/2019\/05\/12\/campanha-da-ninho-homenagem-as-maes-que-apoiam-os-voos-dos-seus-filhos\/"},"wordCount":406,"commentCount":0,"publisher":{"@id":"https:\/\/www.cidademarketing.com.br\/marketing\/#organization"},"image":{"@id":"https:\/\/www.cidademarketing.com.br\/marketing\/2019\/05\/12\/campanha-da-ninho-homenagem-as-maes-que-apoiam-os-voos-dos-seus-filhos\/#primaryimage"},"thumbnailUrl":"https:\/\/www.cidademarketing.com.br\/marketing\/wp-content\/uploads\/2019\/05\/nestle_ninho.jpg","keywords":["campanha","marketing","Nestl\u00e9","propaganda"],"articleSection":["Not\u00edcias"],"inLanguage":"pt-BR","potentialAction":[{"@type":"CommentAction","name":"Comment","target":["https:\/\/www.cidademarketing.com.br\/marketing\/2019\/05\/12\/campanha-da-ninho-homenagem-as-maes-que-apoiam-os-voos-dos-seus-filhos\/#respond"]}]},{"@type":"WebPage","@id":"https:\/\/www.cidademarketing.com.br\/marketing\/2019\/05\/12\/campanha-da-ninho-homenagem-as-maes-que-apoiam-os-voos-dos-seus-filhos\/","url":"https:\/\/www.cidademarketing.com.br\/marketing\/2019\/05\/12\/campanha-da-ninho-homenagem-as-maes-que-apoiam-os-voos-dos-seus-filhos\/","name":"Campanha da Ninho homenagem \u00e0s m\u00e3es que apoiam os voos dos seus filhos - CidadeMarketing","isPartOf":{"@id":"https:\/\/www.cidademarketing.com.br\/marketing\/#website"},"primaryImageOfPage":{"@id":"https:\/\/www.cidademarketing.com.br\/marketing\/2019\/05\/12\/campanha-da-ninho-homenagem-as-maes-que-apoiam-os-voos-dos-seus-filhos\/#primaryimage"},"image":{"@id":"https:\/\/www.cidademarketing.com.br\/marketing\/2019\/05\/12\/campanha-da-ninho-homenagem-as-maes-que-apoiam-os-voos-dos-seus-filhos\/#primaryimage"},"thumbnailUrl":"https:\/\/www.cidademarketing.com.br\/marketing\/wp-content\/uploads\/2019\/05\/nestle_ninho.jpg","datePublished":"2019-05-12T01:04:19+00:00","dateModified":"2019-05-12T01:19:56+00:00","breadcrumb":{"@id":"https:\/\/www.cidademarketing.com.br\/marketing\/2019\/05\/12\/campanha-da-ninho-homenagem-as-maes-que-apoiam-os-voos-dos-seus-filhos\/#breadcrumb"},"inLanguage":"pt-BR","potentialAction":[{"@type":"ReadAction","target":["https:\/\/www.cidademarketing.com.br\/marketing\/2019\/05\/12\/campanha-da-ninho-homenagem-as-maes-que-apoiam-os-voos-dos-seus-filhos\/"]}]},{"@type":"ImageObject","inLanguage":"pt-BR","@id":"https:\/\/www.cidademarketing.com.br\/marketing\/2019\/05\/12\/campanha-da-ninho-homenagem-as-maes-que-apoiam-os-voos-dos-seus-filhos\/#primaryimage","url":"https:\/\/www.cidademarketing.com.br\/marketing\/wp-content\/uploads\/2019\/05\/nestle_ninho.jpg","contentUrl":"https:\/\/www.cidademarketing.com.br\/marketing\/wp-content\/uploads\/2019\/05\/nestle_ninho.jpg","width":1072,"height":539,"caption":"Reprodu\u00e7\u00e3o"},{"@type":"BreadcrumbList","@id":"https:\/\/www.cidademarketing.com.br\/marketing\/2019\/05\/12\/campanha-da-ninho-homenagem-as-maes-que-apoiam-os-voos-dos-seus-filhos\/#breadcrumb","itemListElement":[{"@type":"ListItem","position":1,"name":"In\u00edcio","item":"https:\/\/www.cidademarketing.com.br\/marketing\/"},{"@type":"ListItem","position":2,"name":"Campanha da Ninho homenagem \u00e0s m\u00e3es que apoiam os voos dos seus filhos"}]},{"@type":"WebSite","@id":"https:\/\/www.cidademarketing.com.br\/marketing\/#website","url":"https:\/\/www.cidademarketing.com.br\/marketing\/","name":"CidadeMarketing","description":"Somos um ve\u00edculo de comunica\u00e7\u00e3o de destaque no Brasil, reconhecido por conte\u00fados nos segmentos de marketing, empreendedorismo e inova\u00e7\u00e3o.","publisher":{"@id":"https:\/\/www.cidademarketing.com.br\/marketing\/#organization"},"alternateName":"CidadeMarketing","potentialAction":[{"@type":"SearchAction","target":{"@type":"EntryPoint","urlTemplate":"https:\/\/www.cidademarketing.com.br\/marketing\/?s={search_term_string}"},"query-input":{"@type":"PropertyValueSpecification","valueRequired":true,"valueName":"search_term_string"}}],"inLanguage":"pt-BR"},{"@type":"Organization","@id":"https:\/\/www.cidademarketing.com.br\/marketing\/#organization","name":"CidadeMarketing","alternateName":"CidadeMarketing","url":"https:\/\/www.cidademarketing.com.br\/marketing\/","logo":{"@type":"ImageObject","inLanguage":"pt-BR","@id":"https:\/\/www.cidademarketing.com.br\/marketing\/#\/schema\/logo\/image\/","url":"https:\/\/www.cidademarketing.com.br\/marketing\/wp-content\/uploads\/2020\/01\/cidademarketing_marca_mobile.png","contentUrl":"https:\/\/www.cidademarketing.com.br\/marketing\/wp-content\/uploads\/2020\/01\/cidademarketing_marca_mobile.png","width":230,"height":92,"caption":"CidadeMarketing"},"image":{"@id":"https:\/\/www.cidademarketing.com.br\/marketing\/#\/schema\/logo\/image\/"},"sameAs":["https:\/\/www.facebook.com\/portalcidademarketing","https:\/\/x.com\/CidadeMarketing","https:\/\/www.instagram.com\/cidademarketing\/"]},{"@type":"Person","@id":"https:\/\/www.cidademarketing.com.br\/marketing\/#\/schema\/person\/02daff9f18bd9378c9e01eb6b2db155f","name":"Thales Brand\u00e3o","image":{"@type":"ImageObject","inLanguage":"pt-BR","@id":"https:\/\/secure.gravatar.com\/avatar\/7ca3206950207cc3cb48feec56a8a7898741ab725c368d99d5d7a5a50aab80c6?s=96&d=mm&r=g","url":"https:\/\/secure.gravatar.com\/avatar\/7ca3206950207cc3cb48feec56a8a7898741ab725c368d99d5d7a5a50aab80c6?s=96&d=mm&r=g","contentUrl":"https:\/\/secure.gravatar.com\/avatar\/7ca3206950207cc3cb48feec56a8a7898741ab725c368d99d5d7a5a50aab80c6?s=96&d=mm&r=g","caption":"Thales Brand\u00e3o"},"description":"Editor Executivo do Portal CidadeMarketing.com.br &gt; Mestre em Comunica\u00e7\u00e3o e Sociedade pela Universidade Federal de Sergipe. Possui MBA Executivo em Administra\u00e7\u00e3o com \u00eanfase em Marketing pela Funda\u00e7\u00e3o Get\u00falio Vargas - Rio de Janeiro. Consultor, Palestrante e Pesquisador sobre Empreendedorismo, Marketing, Redes Sociais e Neg\u00f3cios Digitais. Professor, Palestrante TedxTalks e Campus Party. Twitter: @ThalesBrandao","sameAs":["http:\/\/www.mandacaru.com.br","https:\/\/www.facebook.com\/thalesbrandao","http:\/\/www.instagram.com.br\/thalesbrandaoferreira","https:\/\/www.linkedin.com\/in\/thales-brand\u00e3o-3948609\/","https:\/\/x.com\/http:\/\/www.twitter.com\/thalesbrandao"],"url":"https:\/\/www.cidademarketing.com.br\/marketing\/author\/thalesbrandao\/"}]}},"amp_enabled":true,"_links":{"self":[{"href":"https:\/\/www.cidademarketing.com.br\/marketing\/wp-json\/wp\/v2\/posts\/8258","targetHints":{"allow":["GET"]}}],"collection":[{"href":"https:\/\/www.cidademarketing.com.br\/marketing\/wp-json\/wp\/v2\/posts"}],"about":[{"href":"https:\/\/www.cidademarketing.com.br\/marketing\/wp-json\/wp\/v2\/types\/post"}],"author":[{"embeddable":true,"href":"https:\/\/www.cidademarketing.com.br\/marketing\/wp-json\/wp\/v2\/users\/1"}],"replies":[{"embeddable":true,"href":"https:\/\/www.cidademarketing.com.br\/marketing\/wp-json\/wp\/v2\/comments?post=8258"}],"version-history":[{"count":2,"href":"https:\/\/www.cidademarketing.com.br\/marketing\/wp-json\/wp\/v2\/posts\/8258\/revisions"}],"predecessor-version":[{"id":8261,"href":"https:\/\/www.cidademarketing.com.br\/marketing\/wp-json\/wp\/v2\/posts\/8258\/revisions\/8261"}],"wp:featuredmedia":[{"embeddable":true,"href":"https:\/\/www.cidademarketing.com.br\/marketing\/wp-json\/wp\/v2\/media\/8259"}],"wp:attachment":[{"href":"https:\/\/www.cidademarketing.com.br\/marketing\/wp-json\/wp\/v2\/media?parent=8258"}],"wp:term":[{"taxonomy":"category","embeddable":true,"href":"https:\/\/www.cidademarketing.com.br\/marketing\/wp-json\/wp\/v2\/categories?post=8258"},{"taxonomy":"post_tag","embeddable":true,"href":"https:\/\/www.cidademarketing.com.br\/marketing\/wp-json\/wp\/v2\/tags?post=8258"}],"curies":[{"name":"wp","href":"https:\/\/api.w.org\/{rel}","templated":true}]}}