{"id":8177,"date":"2019-05-08T23:28:48","date_gmt":"2019-05-08T19:28:48","guid":{"rendered":"http:\/\/www.cidademarketing.com.br\/marketing\/?p=8177"},"modified":"2019-05-08T23:28:51","modified_gmt":"2019-05-08T19:28:51","slug":"marilan-apresenta-nova-marca","status":"publish","type":"post","link":"https:\/\/www.cidademarketing.com.br\/marketing\/2019\/05\/08\/marilan-apresenta-nova-marca\/","title":{"rendered":"Marilan apresenta nova marca"},"content":{"rendered":"\n<p>A Marilan, especialista em\nbiscoitos h\u00e1 62 anos e marca l\u00edder na categoria, est\u00e1 na APAS Show 2019, a\nmaior feira supermercadista da atualidade, que acontece no Expo Center Norte,\nem S\u00e3o Paulo.<\/p>\n\n\n\n<p>A marca vem buscando se aproximar\nde seu consumidor e aproveitar\u00e1 o evento para apresentar seu novo logo e suas\nnovas embalagens, que evolu\u00edram para uma proposta mais emocional e com maior\nimpacto na g\u00f4ndola. <\/p>\n\n\n\n<p>O novo logotipo manteve elementos\nimportantes que, nos \u00faltimos anos, ajudaram a identificar e diferenciar a marca\nno mercado: o cora\u00e7\u00e3o e a cor laranja. O laranja ganhou intensidade e o cora\u00e7\u00e3o\nfoi incorporado no nome, formando um M que ganha a emo\u00e7\u00e3o proposta no novo\nposicionamento. <\/p>\n\n\n\n<p>Estes dois elementos s\u00e3o tamb\u00e9m\nexplorados nas embalagens, onde o cora\u00e7\u00e3o \u00e9 usado como uma moldura para\nvalorizar os produtos, que s\u00e3o os grandes protagonistas.<\/p>\n\n\n\n<p>\u201cA Marilan est\u00e1 vivenciando um\nmomento de grandes transforma\u00e7\u00f5es, com a evolu\u00e7\u00e3o de nossa identidade visual e\no in\u00edcio da constru\u00e7\u00e3o da unidade fabril em Pernambuco. Apresentar estas\nnovidades em um evento como a APAS \u00e9 de extrema import\u00e2ncia para n\u00f3s\u201d, pontua\nS\u00e9rgio Tavares, presidente da Marilan.<\/p>\n\n\n\n<p>Como empresa multicategoria,\natuando em Biscoitos, Torradas, Chocolates e <em>Snacks<\/em>, a Marilan leva ao\nseu estande na APAS Show seu amplo portf\u00f3lio, que conta com mais de 100 itens e\nquatro grandes marcas: Marilan, Lev, Teens e Pit Stop.<\/p>\n\n\n\n<p>LEV, linha de produtos saud\u00e1veis\nda Marilan, apresentar\u00e1 quatro novidades para quem busca uma vida saud\u00e1vel, mas\nn\u00e3o abre m\u00e3o do sabor. Os <em>Snacks<\/em> LEV, que tem cereal integral como\nprimeiro ingrediente, chegam em quatro sabores exclusivos: Couve Temperada,\nGr\u00e3os Ancestrais com toque de azeite, Peito de Peru e Gergelim.<\/p>\n\n\n\n<p>Teens, marca direcionada ao\np\u00fablico jovem, apresenta suas novas embalagens muito mais modernas. Pit Stop\ntamb\u00e9m apresentar\u00e1 todo seu portf\u00f3lio de biscoitos e <em>snacks<\/em>.<\/p>\n\n\n\n<p>Mas a grande atra\u00e7\u00e3o deste ano \u00e9\nmesmo a marca Marilan, com grande evolu\u00e7\u00e3o no seu logo e suas embalagens. Entre\nseus produtos, destaque para a Mini Maizena, uma vers\u00e3o <em>pocket<\/em> de 30g do\ngrande sucesso da marca, ideal para ser consumida em qualquer lugar e a\nqualquer hora.<\/p>\n\n\n\n<p><strong>MARILAN NA APAS SHOW 2019<\/strong><\/p>\n\n\n\n<p><strong>Data:<\/strong> 6 a 9 de maio de 2019<\/p>\n\n\n\n<p><strong>Local<\/strong>: Expo Center Norte \u2013 Rua Jos\u00e9 Bernardo Pinto, 333 \u2013\nVila Guilherme \u2013 S\u00e3o Paulo\/SP <\/p>\n\n\n\n<p><strong>Site:<\/strong> <a href=\"https:\/\/apasshow.com\/\" target=\"_blank\" rel=\"noreferrer noopener\" aria-label=\" (abre numa nova aba)\">https:\/\/apasshow.com\/<\/a><\/p>\n\n\n\n<p><strong>Portf\u00f3lio Marilan<\/strong><\/p>\n\n\n\n<p>A\nMarilan \u00e9 a segunda maior fabricante de biscoitos do Brasil, primeira marca\nmais consumida. H\u00e1 62 anos no mercado, \u00e9 especialista em biscoitos, com uma\nlinha de produtos composta por mais de 100 itens entre biscoitos salgados,\ndoces, rosquinhas, recheados, <em>wafers<\/em>, biscoitos especiais e cookies \u2013\nposicionada como empresa multicategoria, atuando em Biscoitos, Torradas,\nChocolates e <em>Snacks<\/em>. Do parque fabril, localizado em Mar\u00edlia, no\ninterior de S\u00e3o Paulo, s\u00e3o distribu\u00eddos os produtos consumidos em todo o Brasil\ne exportados para mais de 50 pa\u00edses, marcando presen\u00e7a em todos os continentes.\nAtualmente, a Marilan possui 21 linhas de fabrica\u00e7\u00e3o distribu\u00eddas em 53 mil m\u00b2\nde \u00e1rea constru\u00edda. O parque fabril, com capacidade produtiva de\naproximadamente 220 mil toneladas por ano, utiliza processos modernos e\nequipamentos automatizados. S\u00e3o cerca de 1 milh\u00e3o e 200 mil pacotes ou 80\nmilh\u00f5es de unidades de biscoitos fabricados por dia.<\/p>\n","protected":false},"excerpt":{"rendered":"<p>A Marilan, especialista em biscoitos h\u00e1 62 anos e marca l\u00edder na categoria, est\u00e1 na APAS Show 2019, a maior feira supermercadista da atualidade, que acontece no Expo Center Norte, em S\u00e3o Paulo. A marca vem buscando se aproximar de seu consumidor e aproveitar\u00e1 o evento para apresentar seu novo logo e suas novas embalagens, [&hellip;]<\/p>\n","protected":false},"author":1,"featured_media":8178,"comment_status":"open","ping_status":"open","sticky":false,"template":"","format":"standard","meta":{"tdm_status":"","tdm_grid_status":"","footnotes":""},"categories":[6],"tags":[175,709,37,1408],"class_list":["post-8177","post","type-post","status-publish","format-standard","has-post-thumbnail","hentry","category-noticias","tag-branding","tag-identidade-visual","tag-marca","tag-marilan"],"yoast_head":"<!-- This site is optimized with the Yoast SEO plugin v27.5 - https:\/\/yoast.com\/product\/yoast-seo-wordpress\/ -->\n<title>Marilan apresenta nova marca - CidadeMarketing<\/title>\n<meta name=\"robots\" content=\"index, follow, max-snippet:-1, max-image-preview:large, max-video-preview:-1\" \/>\n<link rel=\"canonical\" href=\"https:\/\/www.cidademarketing.com.br\/marketing\/2019\/05\/08\/marilan-apresenta-nova-marca\/\" \/>\n<meta property=\"og:locale\" content=\"pt_BR\" \/>\n<meta property=\"og:type\" content=\"article\" \/>\n<meta property=\"og:title\" content=\"Marilan apresenta nova marca - CidadeMarketing\" \/>\n<meta property=\"og:description\" content=\"A Marilan, especialista em biscoitos h\u00e1 62 anos e marca l\u00edder na categoria, est\u00e1 na APAS Show 2019, a maior feira supermercadista da atualidade, que acontece no Expo Center Norte, em S\u00e3o Paulo. A marca vem buscando se aproximar de seu consumidor e aproveitar\u00e1 o evento para apresentar seu novo logo e suas novas embalagens, [&hellip;]\" \/>\n<meta property=\"og:url\" content=\"https:\/\/www.cidademarketing.com.br\/marketing\/2019\/05\/08\/marilan-apresenta-nova-marca\/\" \/>\n<meta property=\"og:site_name\" content=\"CidadeMarketing\" \/>\n<meta property=\"article:publisher\" content=\"https:\/\/www.facebook.com\/portalcidademarketing\" \/>\n<meta property=\"article:author\" content=\"https:\/\/www.facebook.com\/thalesbrandao\" \/>\n<meta property=\"article:published_time\" content=\"2019-05-08T19:28:48+00:00\" \/>\n<meta property=\"article:modified_time\" content=\"2019-05-08T19:28:51+00:00\" \/>\n<meta property=\"og:image\" content=\"https:\/\/www.cidademarketing.com.br\/marketing\/wp-content\/uploads\/2019\/05\/marilan_novamarca.jpg\" \/>\n\t<meta property=\"og:image:width\" content=\"980\" \/>\n\t<meta property=\"og:image:height\" content=\"678\" \/>\n\t<meta property=\"og:image:type\" content=\"image\/jpeg\" \/>\n<meta name=\"author\" content=\"Thales Brand\u00e3o\" \/>\n<meta name=\"twitter:card\" content=\"summary_large_image\" \/>\n<meta name=\"twitter:creator\" content=\"@http:\/\/www.twitter.com\/thalesbrandao\" \/>\n<meta name=\"twitter:site\" content=\"@CidadeMarketing\" \/>\n<meta name=\"twitter:label1\" content=\"Escrito por\" \/>\n\t<meta name=\"twitter:data1\" content=\"Thales Brand\u00e3o\" \/>\n\t<meta name=\"twitter:label2\" content=\"Est. tempo de leitura\" \/>\n\t<meta name=\"twitter:data2\" content=\"3 minutos\" \/>\n<script type=\"application\/ld+json\" class=\"yoast-schema-graph\">{\"@context\":\"https:\\\/\\\/schema.org\",\"@graph\":[{\"@type\":\"Article\",\"@id\":\"https:\\\/\\\/www.cidademarketing.com.br\\\/marketing\\\/2019\\\/05\\\/08\\\/marilan-apresenta-nova-marca\\\/#article\",\"isPartOf\":{\"@id\":\"https:\\\/\\\/www.cidademarketing.com.br\\\/marketing\\\/2019\\\/05\\\/08\\\/marilan-apresenta-nova-marca\\\/\"},\"author\":{\"name\":\"Thales Brand\u00e3o\",\"@id\":\"https:\\\/\\\/www.cidademarketing.com.br\\\/marketing\\\/#\\\/schema\\\/person\\\/02daff9f18bd9378c9e01eb6b2db155f\"},\"headline\":\"Marilan apresenta nova marca\",\"datePublished\":\"2019-05-08T19:28:48+00:00\",\"dateModified\":\"2019-05-08T19:28:51+00:00\",\"mainEntityOfPage\":{\"@id\":\"https:\\\/\\\/www.cidademarketing.com.br\\\/marketing\\\/2019\\\/05\\\/08\\\/marilan-apresenta-nova-marca\\\/\"},\"wordCount\":552,\"commentCount\":0,\"publisher\":{\"@id\":\"https:\\\/\\\/www.cidademarketing.com.br\\\/marketing\\\/#organization\"},\"image\":{\"@id\":\"https:\\\/\\\/www.cidademarketing.com.br\\\/marketing\\\/2019\\\/05\\\/08\\\/marilan-apresenta-nova-marca\\\/#primaryimage\"},\"thumbnailUrl\":\"https:\\\/\\\/www.cidademarketing.com.br\\\/marketing\\\/wp-content\\\/uploads\\\/2019\\\/05\\\/marilan_novamarca.jpg\",\"keywords\":[\"branding\",\"identidade visual\",\"marca\",\"Marilan\"],\"articleSection\":[\"Not\u00edcias\"],\"inLanguage\":\"pt-BR\",\"potentialAction\":[{\"@type\":\"CommentAction\",\"name\":\"Comment\",\"target\":[\"https:\\\/\\\/www.cidademarketing.com.br\\\/marketing\\\/2019\\\/05\\\/08\\\/marilan-apresenta-nova-marca\\\/#respond\"]}]},{\"@type\":\"WebPage\",\"@id\":\"https:\\\/\\\/www.cidademarketing.com.br\\\/marketing\\\/2019\\\/05\\\/08\\\/marilan-apresenta-nova-marca\\\/\",\"url\":\"https:\\\/\\\/www.cidademarketing.com.br\\\/marketing\\\/2019\\\/05\\\/08\\\/marilan-apresenta-nova-marca\\\/\",\"name\":\"Marilan apresenta nova marca - CidadeMarketing\",\"isPartOf\":{\"@id\":\"https:\\\/\\\/www.cidademarketing.com.br\\\/marketing\\\/#website\"},\"primaryImageOfPage\":{\"@id\":\"https:\\\/\\\/www.cidademarketing.com.br\\\/marketing\\\/2019\\\/05\\\/08\\\/marilan-apresenta-nova-marca\\\/#primaryimage\"},\"image\":{\"@id\":\"https:\\\/\\\/www.cidademarketing.com.br\\\/marketing\\\/2019\\\/05\\\/08\\\/marilan-apresenta-nova-marca\\\/#primaryimage\"},\"thumbnailUrl\":\"https:\\\/\\\/www.cidademarketing.com.br\\\/marketing\\\/wp-content\\\/uploads\\\/2019\\\/05\\\/marilan_novamarca.jpg\",\"datePublished\":\"2019-05-08T19:28:48+00:00\",\"dateModified\":\"2019-05-08T19:28:51+00:00\",\"breadcrumb\":{\"@id\":\"https:\\\/\\\/www.cidademarketing.com.br\\\/marketing\\\/2019\\\/05\\\/08\\\/marilan-apresenta-nova-marca\\\/#breadcrumb\"},\"inLanguage\":\"pt-BR\",\"potentialAction\":[{\"@type\":\"ReadAction\",\"target\":[\"https:\\\/\\\/www.cidademarketing.com.br\\\/marketing\\\/2019\\\/05\\\/08\\\/marilan-apresenta-nova-marca\\\/\"]}]},{\"@type\":\"ImageObject\",\"inLanguage\":\"pt-BR\",\"@id\":\"https:\\\/\\\/www.cidademarketing.com.br\\\/marketing\\\/2019\\\/05\\\/08\\\/marilan-apresenta-nova-marca\\\/#primaryimage\",\"url\":\"https:\\\/\\\/www.cidademarketing.com.br\\\/marketing\\\/wp-content\\\/uploads\\\/2019\\\/05\\\/marilan_novamarca.jpg\",\"contentUrl\":\"https:\\\/\\\/www.cidademarketing.com.br\\\/marketing\\\/wp-content\\\/uploads\\\/2019\\\/05\\\/marilan_novamarca.jpg\",\"width\":980,\"height\":678},{\"@type\":\"BreadcrumbList\",\"@id\":\"https:\\\/\\\/www.cidademarketing.com.br\\\/marketing\\\/2019\\\/05\\\/08\\\/marilan-apresenta-nova-marca\\\/#breadcrumb\",\"itemListElement\":[{\"@type\":\"ListItem\",\"position\":1,\"name\":\"In\u00edcio\",\"item\":\"https:\\\/\\\/www.cidademarketing.com.br\\\/marketing\\\/\"},{\"@type\":\"ListItem\",\"position\":2,\"name\":\"Marilan apresenta nova marca\"}]},{\"@type\":\"WebSite\",\"@id\":\"https:\\\/\\\/www.cidademarketing.com.br\\\/marketing\\\/#website\",\"url\":\"https:\\\/\\\/www.cidademarketing.com.br\\\/marketing\\\/\",\"name\":\"CidadeMarketing\",\"description\":\"Somos um ve\u00edculo de comunica\u00e7\u00e3o de destaque no Brasil, reconhecido por conte\u00fados nos segmentos de marketing, empreendedorismo e inova\u00e7\u00e3o.\",\"publisher\":{\"@id\":\"https:\\\/\\\/www.cidademarketing.com.br\\\/marketing\\\/#organization\"},\"alternateName\":\"CidadeMarketing\",\"potentialAction\":[{\"@type\":\"SearchAction\",\"target\":{\"@type\":\"EntryPoint\",\"urlTemplate\":\"https:\\\/\\\/www.cidademarketing.com.br\\\/marketing\\\/?s={search_term_string}\"},\"query-input\":{\"@type\":\"PropertyValueSpecification\",\"valueRequired\":true,\"valueName\":\"search_term_string\"}}],\"inLanguage\":\"pt-BR\"},{\"@type\":\"Organization\",\"@id\":\"https:\\\/\\\/www.cidademarketing.com.br\\\/marketing\\\/#organization\",\"name\":\"CidadeMarketing\",\"alternateName\":\"CidadeMarketing\",\"url\":\"https:\\\/\\\/www.cidademarketing.com.br\\\/marketing\\\/\",\"logo\":{\"@type\":\"ImageObject\",\"inLanguage\":\"pt-BR\",\"@id\":\"https:\\\/\\\/www.cidademarketing.com.br\\\/marketing\\\/#\\\/schema\\\/logo\\\/image\\\/\",\"url\":\"https:\\\/\\\/www.cidademarketing.com.br\\\/marketing\\\/wp-content\\\/uploads\\\/2020\\\/01\\\/cidademarketing_marca_mobile.png\",\"contentUrl\":\"https:\\\/\\\/www.cidademarketing.com.br\\\/marketing\\\/wp-content\\\/uploads\\\/2020\\\/01\\\/cidademarketing_marca_mobile.png\",\"width\":230,\"height\":92,\"caption\":\"CidadeMarketing\"},\"image\":{\"@id\":\"https:\\\/\\\/www.cidademarketing.com.br\\\/marketing\\\/#\\\/schema\\\/logo\\\/image\\\/\"},\"sameAs\":[\"https:\\\/\\\/www.facebook.com\\\/portalcidademarketing\",\"https:\\\/\\\/x.com\\\/CidadeMarketing\",\"https:\\\/\\\/www.instagram.com\\\/cidademarketing\\\/\"]},{\"@type\":\"Person\",\"@id\":\"https:\\\/\\\/www.cidademarketing.com.br\\\/marketing\\\/#\\\/schema\\\/person\\\/02daff9f18bd9378c9e01eb6b2db155f\",\"name\":\"Thales Brand\u00e3o\",\"image\":{\"@type\":\"ImageObject\",\"inLanguage\":\"pt-BR\",\"@id\":\"https:\\\/\\\/secure.gravatar.com\\\/avatar\\\/7ca3206950207cc3cb48feec56a8a7898741ab725c368d99d5d7a5a50aab80c6?s=96&d=mm&r=g\",\"url\":\"https:\\\/\\\/secure.gravatar.com\\\/avatar\\\/7ca3206950207cc3cb48feec56a8a7898741ab725c368d99d5d7a5a50aab80c6?s=96&d=mm&r=g\",\"contentUrl\":\"https:\\\/\\\/secure.gravatar.com\\\/avatar\\\/7ca3206950207cc3cb48feec56a8a7898741ab725c368d99d5d7a5a50aab80c6?s=96&d=mm&r=g\",\"caption\":\"Thales Brand\u00e3o\"},\"description\":\"Editor Executivo do Portal CidadeMarketing.com.br &gt; Mestre em Comunica\u00e7\u00e3o e Sociedade pela Universidade Federal de Sergipe. Possui MBA Executivo em Administra\u00e7\u00e3o com \u00eanfase em Marketing pela Funda\u00e7\u00e3o Get\u00falio Vargas - Rio de Janeiro. Consultor, Palestrante e Pesquisador sobre Empreendedorismo, Marketing, Redes Sociais e Neg\u00f3cios Digitais. Professor, Palestrante TedxTalks e Campus Party. Twitter: @ThalesBrandao\",\"sameAs\":[\"http:\\\/\\\/www.mandacaru.com.br\",\"https:\\\/\\\/www.facebook.com\\\/thalesbrandao\",\"http:\\\/\\\/www.instagram.com.br\\\/thalesbrandaoferreira\",\"https:\\\/\\\/www.linkedin.com\\\/in\\\/thales-brand\u00e3o-3948609\\\/\",\"https:\\\/\\\/x.com\\\/http:\\\/\\\/www.twitter.com\\\/thalesbrandao\"],\"url\":\"https:\\\/\\\/www.cidademarketing.com.br\\\/marketing\\\/author\\\/thalesbrandao\\\/\"}]}<\/script>\n<!-- \/ Yoast SEO plugin. -->","yoast_head_json":{"title":"Marilan apresenta nova marca - CidadeMarketing","robots":{"index":"index","follow":"follow","max-snippet":"max-snippet:-1","max-image-preview":"max-image-preview:large","max-video-preview":"max-video-preview:-1"},"canonical":"https:\/\/www.cidademarketing.com.br\/marketing\/2019\/05\/08\/marilan-apresenta-nova-marca\/","og_locale":"pt_BR","og_type":"article","og_title":"Marilan apresenta nova marca - CidadeMarketing","og_description":"A Marilan, especialista em biscoitos h\u00e1 62 anos e marca l\u00edder na categoria, est\u00e1 na APAS Show 2019, a maior feira supermercadista da atualidade, que acontece no Expo Center Norte, em S\u00e3o Paulo. A marca vem buscando se aproximar de seu consumidor e aproveitar\u00e1 o evento para apresentar seu novo logo e suas novas embalagens, [&hellip;]","og_url":"https:\/\/www.cidademarketing.com.br\/marketing\/2019\/05\/08\/marilan-apresenta-nova-marca\/","og_site_name":"CidadeMarketing","article_publisher":"https:\/\/www.facebook.com\/portalcidademarketing","article_author":"https:\/\/www.facebook.com\/thalesbrandao","article_published_time":"2019-05-08T19:28:48+00:00","article_modified_time":"2019-05-08T19:28:51+00:00","og_image":[{"width":980,"height":678,"url":"https:\/\/www.cidademarketing.com.br\/marketing\/wp-content\/uploads\/2019\/05\/marilan_novamarca.jpg","type":"image\/jpeg"}],"author":"Thales Brand\u00e3o","twitter_card":"summary_large_image","twitter_creator":"@http:\/\/www.twitter.com\/thalesbrandao","twitter_site":"@CidadeMarketing","twitter_misc":{"Escrito por":"Thales Brand\u00e3o","Est. tempo de leitura":"3 minutos"},"schema":{"@context":"https:\/\/schema.org","@graph":[{"@type":"Article","@id":"https:\/\/www.cidademarketing.com.br\/marketing\/2019\/05\/08\/marilan-apresenta-nova-marca\/#article","isPartOf":{"@id":"https:\/\/www.cidademarketing.com.br\/marketing\/2019\/05\/08\/marilan-apresenta-nova-marca\/"},"author":{"name":"Thales Brand\u00e3o","@id":"https:\/\/www.cidademarketing.com.br\/marketing\/#\/schema\/person\/02daff9f18bd9378c9e01eb6b2db155f"},"headline":"Marilan apresenta nova marca","datePublished":"2019-05-08T19:28:48+00:00","dateModified":"2019-05-08T19:28:51+00:00","mainEntityOfPage":{"@id":"https:\/\/www.cidademarketing.com.br\/marketing\/2019\/05\/08\/marilan-apresenta-nova-marca\/"},"wordCount":552,"commentCount":0,"publisher":{"@id":"https:\/\/www.cidademarketing.com.br\/marketing\/#organization"},"image":{"@id":"https:\/\/www.cidademarketing.com.br\/marketing\/2019\/05\/08\/marilan-apresenta-nova-marca\/#primaryimage"},"thumbnailUrl":"https:\/\/www.cidademarketing.com.br\/marketing\/wp-content\/uploads\/2019\/05\/marilan_novamarca.jpg","keywords":["branding","identidade visual","marca","Marilan"],"articleSection":["Not\u00edcias"],"inLanguage":"pt-BR","potentialAction":[{"@type":"CommentAction","name":"Comment","target":["https:\/\/www.cidademarketing.com.br\/marketing\/2019\/05\/08\/marilan-apresenta-nova-marca\/#respond"]}]},{"@type":"WebPage","@id":"https:\/\/www.cidademarketing.com.br\/marketing\/2019\/05\/08\/marilan-apresenta-nova-marca\/","url":"https:\/\/www.cidademarketing.com.br\/marketing\/2019\/05\/08\/marilan-apresenta-nova-marca\/","name":"Marilan apresenta nova marca - CidadeMarketing","isPartOf":{"@id":"https:\/\/www.cidademarketing.com.br\/marketing\/#website"},"primaryImageOfPage":{"@id":"https:\/\/www.cidademarketing.com.br\/marketing\/2019\/05\/08\/marilan-apresenta-nova-marca\/#primaryimage"},"image":{"@id":"https:\/\/www.cidademarketing.com.br\/marketing\/2019\/05\/08\/marilan-apresenta-nova-marca\/#primaryimage"},"thumbnailUrl":"https:\/\/www.cidademarketing.com.br\/marketing\/wp-content\/uploads\/2019\/05\/marilan_novamarca.jpg","datePublished":"2019-05-08T19:28:48+00:00","dateModified":"2019-05-08T19:28:51+00:00","breadcrumb":{"@id":"https:\/\/www.cidademarketing.com.br\/marketing\/2019\/05\/08\/marilan-apresenta-nova-marca\/#breadcrumb"},"inLanguage":"pt-BR","potentialAction":[{"@type":"ReadAction","target":["https:\/\/www.cidademarketing.com.br\/marketing\/2019\/05\/08\/marilan-apresenta-nova-marca\/"]}]},{"@type":"ImageObject","inLanguage":"pt-BR","@id":"https:\/\/www.cidademarketing.com.br\/marketing\/2019\/05\/08\/marilan-apresenta-nova-marca\/#primaryimage","url":"https:\/\/www.cidademarketing.com.br\/marketing\/wp-content\/uploads\/2019\/05\/marilan_novamarca.jpg","contentUrl":"https:\/\/www.cidademarketing.com.br\/marketing\/wp-content\/uploads\/2019\/05\/marilan_novamarca.jpg","width":980,"height":678},{"@type":"BreadcrumbList","@id":"https:\/\/www.cidademarketing.com.br\/marketing\/2019\/05\/08\/marilan-apresenta-nova-marca\/#breadcrumb","itemListElement":[{"@type":"ListItem","position":1,"name":"In\u00edcio","item":"https:\/\/www.cidademarketing.com.br\/marketing\/"},{"@type":"ListItem","position":2,"name":"Marilan apresenta nova marca"}]},{"@type":"WebSite","@id":"https:\/\/www.cidademarketing.com.br\/marketing\/#website","url":"https:\/\/www.cidademarketing.com.br\/marketing\/","name":"CidadeMarketing","description":"Somos um ve\u00edculo de comunica\u00e7\u00e3o de destaque no Brasil, reconhecido por conte\u00fados nos segmentos de marketing, empreendedorismo e inova\u00e7\u00e3o.","publisher":{"@id":"https:\/\/www.cidademarketing.com.br\/marketing\/#organization"},"alternateName":"CidadeMarketing","potentialAction":[{"@type":"SearchAction","target":{"@type":"EntryPoint","urlTemplate":"https:\/\/www.cidademarketing.com.br\/marketing\/?s={search_term_string}"},"query-input":{"@type":"PropertyValueSpecification","valueRequired":true,"valueName":"search_term_string"}}],"inLanguage":"pt-BR"},{"@type":"Organization","@id":"https:\/\/www.cidademarketing.com.br\/marketing\/#organization","name":"CidadeMarketing","alternateName":"CidadeMarketing","url":"https:\/\/www.cidademarketing.com.br\/marketing\/","logo":{"@type":"ImageObject","inLanguage":"pt-BR","@id":"https:\/\/www.cidademarketing.com.br\/marketing\/#\/schema\/logo\/image\/","url":"https:\/\/www.cidademarketing.com.br\/marketing\/wp-content\/uploads\/2020\/01\/cidademarketing_marca_mobile.png","contentUrl":"https:\/\/www.cidademarketing.com.br\/marketing\/wp-content\/uploads\/2020\/01\/cidademarketing_marca_mobile.png","width":230,"height":92,"caption":"CidadeMarketing"},"image":{"@id":"https:\/\/www.cidademarketing.com.br\/marketing\/#\/schema\/logo\/image\/"},"sameAs":["https:\/\/www.facebook.com\/portalcidademarketing","https:\/\/x.com\/CidadeMarketing","https:\/\/www.instagram.com\/cidademarketing\/"]},{"@type":"Person","@id":"https:\/\/www.cidademarketing.com.br\/marketing\/#\/schema\/person\/02daff9f18bd9378c9e01eb6b2db155f","name":"Thales Brand\u00e3o","image":{"@type":"ImageObject","inLanguage":"pt-BR","@id":"https:\/\/secure.gravatar.com\/avatar\/7ca3206950207cc3cb48feec56a8a7898741ab725c368d99d5d7a5a50aab80c6?s=96&d=mm&r=g","url":"https:\/\/secure.gravatar.com\/avatar\/7ca3206950207cc3cb48feec56a8a7898741ab725c368d99d5d7a5a50aab80c6?s=96&d=mm&r=g","contentUrl":"https:\/\/secure.gravatar.com\/avatar\/7ca3206950207cc3cb48feec56a8a7898741ab725c368d99d5d7a5a50aab80c6?s=96&d=mm&r=g","caption":"Thales Brand\u00e3o"},"description":"Editor Executivo do Portal CidadeMarketing.com.br &gt; Mestre em Comunica\u00e7\u00e3o e Sociedade pela Universidade Federal de Sergipe. Possui MBA Executivo em Administra\u00e7\u00e3o com \u00eanfase em Marketing pela Funda\u00e7\u00e3o Get\u00falio Vargas - Rio de Janeiro. Consultor, Palestrante e Pesquisador sobre Empreendedorismo, Marketing, Redes Sociais e Neg\u00f3cios Digitais. Professor, Palestrante TedxTalks e Campus Party. Twitter: @ThalesBrandao","sameAs":["http:\/\/www.mandacaru.com.br","https:\/\/www.facebook.com\/thalesbrandao","http:\/\/www.instagram.com.br\/thalesbrandaoferreira","https:\/\/www.linkedin.com\/in\/thales-brand\u00e3o-3948609\/","https:\/\/x.com\/http:\/\/www.twitter.com\/thalesbrandao"],"url":"https:\/\/www.cidademarketing.com.br\/marketing\/author\/thalesbrandao\/"}]}},"amp_enabled":true,"_links":{"self":[{"href":"https:\/\/www.cidademarketing.com.br\/marketing\/wp-json\/wp\/v2\/posts\/8177","targetHints":{"allow":["GET"]}}],"collection":[{"href":"https:\/\/www.cidademarketing.com.br\/marketing\/wp-json\/wp\/v2\/posts"}],"about":[{"href":"https:\/\/www.cidademarketing.com.br\/marketing\/wp-json\/wp\/v2\/types\/post"}],"author":[{"embeddable":true,"href":"https:\/\/www.cidademarketing.com.br\/marketing\/wp-json\/wp\/v2\/users\/1"}],"replies":[{"embeddable":true,"href":"https:\/\/www.cidademarketing.com.br\/marketing\/wp-json\/wp\/v2\/comments?post=8177"}],"version-history":[{"count":1,"href":"https:\/\/www.cidademarketing.com.br\/marketing\/wp-json\/wp\/v2\/posts\/8177\/revisions"}],"predecessor-version":[{"id":8179,"href":"https:\/\/www.cidademarketing.com.br\/marketing\/wp-json\/wp\/v2\/posts\/8177\/revisions\/8179"}],"wp:featuredmedia":[{"embeddable":true,"href":"https:\/\/www.cidademarketing.com.br\/marketing\/wp-json\/wp\/v2\/media\/8178"}],"wp:attachment":[{"href":"https:\/\/www.cidademarketing.com.br\/marketing\/wp-json\/wp\/v2\/media?parent=8177"}],"wp:term":[{"taxonomy":"category","embeddable":true,"href":"https:\/\/www.cidademarketing.com.br\/marketing\/wp-json\/wp\/v2\/categories?post=8177"},{"taxonomy":"post_tag","embeddable":true,"href":"https:\/\/www.cidademarketing.com.br\/marketing\/wp-json\/wp\/v2\/tags?post=8177"}],"curies":[{"name":"wp","href":"https:\/\/api.w.org\/{rel}","templated":true}]}}