{"id":8134,"date":"2019-05-08T17:12:02","date_gmt":"2019-05-08T13:12:02","guid":{"rendered":"http:\/\/www.cidademarketing.com.br\/marketing\/?p=8134"},"modified":"2019-05-08T17:12:05","modified_gmt":"2019-05-08T13:12:05","slug":"anac-justica-do-ceara-julgara-acoes-contra-supressao-da-franquia-minima-de-bagagem","status":"publish","type":"post","link":"https:\/\/www.cidademarketing.com.br\/marketing\/2019\/05\/08\/anac-justica-do-ceara-julgara-acoes-contra-supressao-da-franquia-minima-de-bagagem\/","title":{"rendered":"Anac: Justi\u00e7a do Cear\u00e1 julgar\u00e1 a\u00e7\u00f5es contra supress\u00e3o da franquia m\u00ednima de bagagem"},"content":{"rendered":"\n<p>A Primeira Se\u00e7\u00e3o do Superior Tribunal de Justi\u00e7a (STJ), por maioria, definiu a 10\u00aa Vara Federal da Se\u00e7\u00e3o Judici\u00e1ria do Cear\u00e1 como ju\u00edzo competente para julgar quatro a\u00e7\u00f5es civis p\u00fablicas que tramitam contra a Ag\u00eancia Nacional de Avia\u00e7\u00e3o Civil (Anac) com o objetivo de afastar a supress\u00e3o da franquia m\u00ednima de bagagem em viagens a\u00e9reas. A se\u00e7\u00e3o n\u00e3o analisou o m\u00e9rito das a\u00e7\u00f5es; apenas definiu a compet\u00eancia para o julgamento da mat\u00e9ria.<\/p>\n\n\n\n<p>A decis\u00e3o veio ap\u00f3s a Anac suscitar conflito de compet\u00eancia sob a alega\u00e7\u00e3o de que as quatro a\u00e7\u00f5es guardam conex\u00e3o por versarem sobre a Resolu\u00e7\u00e3o 400\/2016, editada pela ag\u00eancia reguladora \u2013 a qual, entre outras normas, caracteriza o transporte de bagagem como contrato acess\u00f3rio oferecido pelo transportador a\u00e9reo. Para a ag\u00eancia, a tramita\u00e7\u00e3o em ju\u00edzos vinculados a tribunais diversos poderia gerar decis\u00f5es conflitantes.<\/p>\n\n\n\n<p>A Anac argumentou ainda que, segundo o crit\u00e9rio adotado no artigo 59 do C\u00f3digo de Processo Civil (CPC) e no artigo 2\u00ba, par\u00e1grafo \u00fanico, da Lei 7.347\/1985, a data da distribui\u00e7\u00e3o define o ju\u00edzo competente, sendo que o ju\u00edzo federal do Cear\u00e1 recebeu a primeira a\u00e7\u00e3o antes dos demais.<\/p>\n\n\n\n<p>A\u00e7\u00f5es e datas<\/p>\n\n\n\n<p>Das quatro a\u00e7\u00f5es, duas j\u00e1 estavam em tramita\u00e7\u00e3o na 10\u00aa Vara Federal do Cear\u00e1. Uma foi proposta pelo Departamento Municipal de Prote\u00e7\u00e3o e Defesa dos Direitos do Consumidor. A distribui\u00e7\u00e3o ocorreu em 20\/12\/2016.<\/p>\n\n\n\n<p>Outra, ajuizada pela Ger\u00eancia de Prote\u00e7\u00e3o e Defesa do Consumidor de Pernambuco (Procon\/PE), tamb\u00e9m foi distribu\u00edda em 20\/12\/2016, por\u00e9m, para a 9\u00aa Vara da Se\u00e7\u00e3o Judici\u00e1ria de Pernambuco \u2013 que posteriormente reconheceu a preven\u00e7\u00e3o e remeteu o processo para a 10\u00aa Vara Federal do Cear\u00e1, sob o fundamento de que naquele ju\u00edzo a distribui\u00e7\u00e3o ocorreu horas antes.<\/p>\n\n\n\n<p>A 10\u00aa Vara Federal cearense entendeu pela inexist\u00eancia de ilegalidades na Resolu\u00e7\u00e3o 400\/2016 da Anac.<\/p>\n\n\n\n<p>As outras duas a\u00e7\u00f5es tramitavam na 4\u00aa Vara do Distrito Federal e na 22\u00aa Vara C\u00edvel Federal da Subse\u00e7\u00e3o Judici\u00e1ria de S\u00e3o Paulo. No Distrito Federal, a a\u00e7\u00e3o, proposta pela Ordem dos Advogados do Brasil, foi distribu\u00edda em 11\/1\/2017.<\/p>\n\n\n\n<p>Em S\u00e3o Paulo, na a\u00e7\u00e3o proposta pelo Minist\u00e9rio P\u00fablico Federal, cuja distribui\u00e7\u00e3o se deu em 7\/3\/2017, foi deferida liminar para suspender os artigos 13 e 14, par\u00e1grafo 2\u00ba, do ato editado pela Anac.<\/p>\n\n\n\n<p>Conex\u00e3o<\/p>\n\n\n\n<p>Em seu voto, a ministra relatora do conflito, Assusete Magalh\u00e3es, destacou que a Anac, r\u00e9 nos processos, tem natureza jur\u00eddica de autarquia federal em regime especial, o que atrai a compet\u00eancia da Justi\u00e7a Federal, conforme previsto no artigo 109, I, da Constitui\u00e7\u00e3o de 1988.<\/p>\n\n\n\n<p>A magistrada tamb\u00e9m ressaltou que \u00e9 poss\u00edvel observar a conex\u00e3o existente entre as a\u00e7\u00f5es, j\u00e1 que todas t\u00eam a mesma causa de pedir \u2013 o que, nos termos do par\u00e1grafo \u00fanico do artigo 2\u00ba da Lei 7.347\/1985 e do artigo 55, par\u00e1grafo 3\u00ba, do CPC, exige a reuni\u00e3o dos processos.<\/p>\n\n\n\n<p>\u201cNo presente caso, imp\u00f5e-se o julgamento conjunto das a\u00e7\u00f5es civis p\u00fablicas em tela, uma vez que a norma incidente sobre o transporte a\u00e9reo de bagagens \u00e9 \u00fanica, para todos os consumidores do pa\u00eds, revelando a abrang\u00eancia nacional da controv\u00e9rsia e sua grande repercuss\u00e3o social, recomendando-se o julgamento uniforme da quest\u00e3o, a fim de se evitar instabilidade nas decis\u00f5es judiciais e afronta ao princ\u00edpio da seguran\u00e7a jur\u00eddica\u201d, afirmou.<\/p>\n\n\n\n<p><strong>Ju\u00edzo prevento<\/strong><\/p>\n\n\n\n<p>Assusete Magalh\u00e3es tamb\u00e9m concluiu pela preven\u00e7\u00e3o do ju\u00edzo federal da 10\u00aa Vara da Se\u00e7\u00e3o Judici\u00e1ria do Cear\u00e1, que, conforme destacou, recebeu a primeira a\u00e7\u00e3o \u00e0s 14h30 do dia 20\/12\/2016, anteriormente ao protocolo das outras tr\u00eas.<\/p>\n\n\n\n<p>A ministra citou decis\u00e3o recente da Primeira Se\u00e7\u00e3o do STJ que definiu que \u201ca propositura da a\u00e7\u00e3o prevenir\u00e1 a jurisdi\u00e7\u00e3o do ju\u00edzo para todas as a\u00e7\u00f5es que forem posteriormente intentadas contra as mesmas partes e sob os mesmos fundamentos\u201d, conforme o disposto no artigo 5\u00ba, par\u00e1grafo 3\u00ba, da Lei 4.717\/1965 (Lei da A\u00e7\u00e3o Popular).<br> <br> Esta not\u00edcia refere-se ao(s) processo(s):<br> <a href=\"https:\/\/ww2.stj.jus.br\/processo\/pesquisa\/?aplicacao=processos.ea&amp;tipoPesquisa=tipoPesquisaGenerica&amp;termo=CC%20151550\" target=\"_blank\" rel=\"noreferrer noopener\" aria-label=\"CC 151550 (abre numa nova aba)\">CC 151550<\/a><\/p>\n","protected":false},"excerpt":{"rendered":"<p>A Primeira Se\u00e7\u00e3o do Superior Tribunal de Justi\u00e7a (STJ), por maioria, definiu a 10\u00aa Vara Federal da Se\u00e7\u00e3o Judici\u00e1ria do Cear\u00e1 como ju\u00edzo competente para julgar quatro a\u00e7\u00f5es civis p\u00fablicas que tramitam contra a Ag\u00eancia Nacional de Avia\u00e7\u00e3o Civil (Anac) com o objetivo de afastar a supress\u00e3o da franquia m\u00ednima de bagagem em viagens a\u00e9reas. [&hellip;]<\/p>\n","protected":false},"author":1,"featured_media":8135,"comment_status":"open","ping_status":"open","sticky":false,"template":"","format":"standard","meta":{"tdm_status":"","tdm_grid_status":"","footnotes":""},"categories":[9,6],"tags":[51,225,735,28,473,1503],"class_list":["post-8134","post","type-post","status-publish","format-standard","has-post-thumbnail","hentry","category-consumidor","category-noticias","tag-consumidor","tag-embalagem","tag-justica","tag-marketing","tag-stf","tag-stj"],"yoast_head":"<!-- This site is optimized with the Yoast SEO plugin v27.5 - https:\/\/yoast.com\/product\/yoast-seo-wordpress\/ -->\n<title>Anac: Justi\u00e7a do Cear\u00e1 julgar\u00e1 a\u00e7\u00f5es contra supress\u00e3o da franquia m\u00ednima de bagagem - CidadeMarketing<\/title>\n<meta name=\"robots\" content=\"index, follow, max-snippet:-1, max-image-preview:large, max-video-preview:-1\" \/>\n<link rel=\"canonical\" href=\"https:\/\/www.cidademarketing.com.br\/marketing\/2019\/05\/08\/anac-justica-do-ceara-julgara-acoes-contra-supressao-da-franquia-minima-de-bagagem\/\" \/>\n<meta property=\"og:locale\" content=\"pt_BR\" \/>\n<meta property=\"og:type\" content=\"article\" \/>\n<meta property=\"og:title\" content=\"Anac: Justi\u00e7a do Cear\u00e1 julgar\u00e1 a\u00e7\u00f5es contra supress\u00e3o da franquia m\u00ednima de bagagem - CidadeMarketing\" \/>\n<meta property=\"og:description\" content=\"A Primeira Se\u00e7\u00e3o do Superior Tribunal de Justi\u00e7a (STJ), por maioria, definiu a 10\u00aa Vara Federal da Se\u00e7\u00e3o Judici\u00e1ria do Cear\u00e1 como ju\u00edzo competente para julgar quatro a\u00e7\u00f5es civis p\u00fablicas que tramitam contra a Ag\u00eancia Nacional de Avia\u00e7\u00e3o Civil (Anac) com o objetivo de afastar a supress\u00e3o da franquia m\u00ednima de bagagem em viagens a\u00e9reas. [&hellip;]\" \/>\n<meta property=\"og:url\" content=\"https:\/\/www.cidademarketing.com.br\/marketing\/2019\/05\/08\/anac-justica-do-ceara-julgara-acoes-contra-supressao-da-franquia-minima-de-bagagem\/\" \/>\n<meta property=\"og:site_name\" content=\"CidadeMarketing\" \/>\n<meta property=\"article:publisher\" content=\"https:\/\/www.facebook.com\/portalcidademarketing\" \/>\n<meta property=\"article:author\" content=\"https:\/\/www.facebook.com\/thalesbrandao\" \/>\n<meta property=\"article:published_time\" content=\"2019-05-08T13:12:02+00:00\" \/>\n<meta property=\"article:modified_time\" content=\"2019-05-08T13:12:05+00:00\" \/>\n<meta property=\"og:image\" content=\"https:\/\/www.cidademarketing.com.br\/marketing\/wp-content\/uploads\/2019\/05\/justica_embalagem.jpg\" \/>\n\t<meta property=\"og:image:width\" content=\"672\" \/>\n\t<meta property=\"og:image:height\" content=\"695\" \/>\n\t<meta property=\"og:image:type\" content=\"image\/jpeg\" \/>\n<meta name=\"author\" content=\"Thales Brand\u00e3o\" \/>\n<meta name=\"twitter:card\" content=\"summary_large_image\" \/>\n<meta name=\"twitter:creator\" content=\"@http:\/\/www.twitter.com\/thalesbrandao\" \/>\n<meta name=\"twitter:site\" content=\"@CidadeMarketing\" \/>\n<meta name=\"twitter:label1\" content=\"Escrito por\" \/>\n\t<meta name=\"twitter:data1\" content=\"Thales Brand\u00e3o\" \/>\n\t<meta name=\"twitter:label2\" content=\"Est. tempo de leitura\" \/>\n\t<meta name=\"twitter:data2\" content=\"4 minutos\" \/>\n<script type=\"application\/ld+json\" class=\"yoast-schema-graph\">{\"@context\":\"https:\\\/\\\/schema.org\",\"@graph\":[{\"@type\":\"Article\",\"@id\":\"https:\\\/\\\/www.cidademarketing.com.br\\\/marketing\\\/2019\\\/05\\\/08\\\/anac-justica-do-ceara-julgara-acoes-contra-supressao-da-franquia-minima-de-bagagem\\\/#article\",\"isPartOf\":{\"@id\":\"https:\\\/\\\/www.cidademarketing.com.br\\\/marketing\\\/2019\\\/05\\\/08\\\/anac-justica-do-ceara-julgara-acoes-contra-supressao-da-franquia-minima-de-bagagem\\\/\"},\"author\":{\"name\":\"Thales Brand\u00e3o\",\"@id\":\"https:\\\/\\\/www.cidademarketing.com.br\\\/marketing\\\/#\\\/schema\\\/person\\\/02daff9f18bd9378c9e01eb6b2db155f\"},\"headline\":\"Anac: Justi\u00e7a do Cear\u00e1 julgar\u00e1 a\u00e7\u00f5es contra supress\u00e3o da franquia m\u00ednima de bagagem\",\"datePublished\":\"2019-05-08T13:12:02+00:00\",\"dateModified\":\"2019-05-08T13:12:05+00:00\",\"mainEntityOfPage\":{\"@id\":\"https:\\\/\\\/www.cidademarketing.com.br\\\/marketing\\\/2019\\\/05\\\/08\\\/anac-justica-do-ceara-julgara-acoes-contra-supressao-da-franquia-minima-de-bagagem\\\/\"},\"wordCount\":722,\"commentCount\":0,\"publisher\":{\"@id\":\"https:\\\/\\\/www.cidademarketing.com.br\\\/marketing\\\/#organization\"},\"image\":{\"@id\":\"https:\\\/\\\/www.cidademarketing.com.br\\\/marketing\\\/2019\\\/05\\\/08\\\/anac-justica-do-ceara-julgara-acoes-contra-supressao-da-franquia-minima-de-bagagem\\\/#primaryimage\"},\"thumbnailUrl\":\"https:\\\/\\\/www.cidademarketing.com.br\\\/marketing\\\/wp-content\\\/uploads\\\/2019\\\/05\\\/justica_embalagem.jpg\",\"keywords\":[\"consumidor\",\"embalagem\",\"justi\u00e7a\",\"marketing\",\"STF\",\"STJ\"],\"articleSection\":[\"Consumidor\",\"Not\u00edcias\"],\"inLanguage\":\"pt-BR\",\"potentialAction\":[{\"@type\":\"CommentAction\",\"name\":\"Comment\",\"target\":[\"https:\\\/\\\/www.cidademarketing.com.br\\\/marketing\\\/2019\\\/05\\\/08\\\/anac-justica-do-ceara-julgara-acoes-contra-supressao-da-franquia-minima-de-bagagem\\\/#respond\"]}]},{\"@type\":\"WebPage\",\"@id\":\"https:\\\/\\\/www.cidademarketing.com.br\\\/marketing\\\/2019\\\/05\\\/08\\\/anac-justica-do-ceara-julgara-acoes-contra-supressao-da-franquia-minima-de-bagagem\\\/\",\"url\":\"https:\\\/\\\/www.cidademarketing.com.br\\\/marketing\\\/2019\\\/05\\\/08\\\/anac-justica-do-ceara-julgara-acoes-contra-supressao-da-franquia-minima-de-bagagem\\\/\",\"name\":\"Anac: Justi\u00e7a do Cear\u00e1 julgar\u00e1 a\u00e7\u00f5es contra supress\u00e3o da franquia m\u00ednima de bagagem - CidadeMarketing\",\"isPartOf\":{\"@id\":\"https:\\\/\\\/www.cidademarketing.com.br\\\/marketing\\\/#website\"},\"primaryImageOfPage\":{\"@id\":\"https:\\\/\\\/www.cidademarketing.com.br\\\/marketing\\\/2019\\\/05\\\/08\\\/anac-justica-do-ceara-julgara-acoes-contra-supressao-da-franquia-minima-de-bagagem\\\/#primaryimage\"},\"image\":{\"@id\":\"https:\\\/\\\/www.cidademarketing.com.br\\\/marketing\\\/2019\\\/05\\\/08\\\/anac-justica-do-ceara-julgara-acoes-contra-supressao-da-franquia-minima-de-bagagem\\\/#primaryimage\"},\"thumbnailUrl\":\"https:\\\/\\\/www.cidademarketing.com.br\\\/marketing\\\/wp-content\\\/uploads\\\/2019\\\/05\\\/justica_embalagem.jpg\",\"datePublished\":\"2019-05-08T13:12:02+00:00\",\"dateModified\":\"2019-05-08T13:12:05+00:00\",\"breadcrumb\":{\"@id\":\"https:\\\/\\\/www.cidademarketing.com.br\\\/marketing\\\/2019\\\/05\\\/08\\\/anac-justica-do-ceara-julgara-acoes-contra-supressao-da-franquia-minima-de-bagagem\\\/#breadcrumb\"},\"inLanguage\":\"pt-BR\",\"potentialAction\":[{\"@type\":\"ReadAction\",\"target\":[\"https:\\\/\\\/www.cidademarketing.com.br\\\/marketing\\\/2019\\\/05\\\/08\\\/anac-justica-do-ceara-julgara-acoes-contra-supressao-da-franquia-minima-de-bagagem\\\/\"]}]},{\"@type\":\"ImageObject\",\"inLanguage\":\"pt-BR\",\"@id\":\"https:\\\/\\\/www.cidademarketing.com.br\\\/marketing\\\/2019\\\/05\\\/08\\\/anac-justica-do-ceara-julgara-acoes-contra-supressao-da-franquia-minima-de-bagagem\\\/#primaryimage\",\"url\":\"https:\\\/\\\/www.cidademarketing.com.br\\\/marketing\\\/wp-content\\\/uploads\\\/2019\\\/05\\\/justica_embalagem.jpg\",\"contentUrl\":\"https:\\\/\\\/www.cidademarketing.com.br\\\/marketing\\\/wp-content\\\/uploads\\\/2019\\\/05\\\/justica_embalagem.jpg\",\"width\":672,\"height\":695,\"caption\":\"Reprodu\u00e7\u00e3o\\\/Instagram\"},{\"@type\":\"BreadcrumbList\",\"@id\":\"https:\\\/\\\/www.cidademarketing.com.br\\\/marketing\\\/2019\\\/05\\\/08\\\/anac-justica-do-ceara-julgara-acoes-contra-supressao-da-franquia-minima-de-bagagem\\\/#breadcrumb\",\"itemListElement\":[{\"@type\":\"ListItem\",\"position\":1,\"name\":\"In\u00edcio\",\"item\":\"https:\\\/\\\/www.cidademarketing.com.br\\\/marketing\\\/\"},{\"@type\":\"ListItem\",\"position\":2,\"name\":\"Anac: Justi\u00e7a do Cear\u00e1 julgar\u00e1 a\u00e7\u00f5es contra supress\u00e3o da franquia m\u00ednima de bagagem\"}]},{\"@type\":\"WebSite\",\"@id\":\"https:\\\/\\\/www.cidademarketing.com.br\\\/marketing\\\/#website\",\"url\":\"https:\\\/\\\/www.cidademarketing.com.br\\\/marketing\\\/\",\"name\":\"CidadeMarketing\",\"description\":\"Somos um ve\u00edculo de comunica\u00e7\u00e3o de destaque no Brasil, reconhecido por conte\u00fados nos segmentos de marketing, empreendedorismo e inova\u00e7\u00e3o.\",\"publisher\":{\"@id\":\"https:\\\/\\\/www.cidademarketing.com.br\\\/marketing\\\/#organization\"},\"alternateName\":\"CidadeMarketing\",\"potentialAction\":[{\"@type\":\"SearchAction\",\"target\":{\"@type\":\"EntryPoint\",\"urlTemplate\":\"https:\\\/\\\/www.cidademarketing.com.br\\\/marketing\\\/?s={search_term_string}\"},\"query-input\":{\"@type\":\"PropertyValueSpecification\",\"valueRequired\":true,\"valueName\":\"search_term_string\"}}],\"inLanguage\":\"pt-BR\"},{\"@type\":\"Organization\",\"@id\":\"https:\\\/\\\/www.cidademarketing.com.br\\\/marketing\\\/#organization\",\"name\":\"CidadeMarketing\",\"alternateName\":\"CidadeMarketing\",\"url\":\"https:\\\/\\\/www.cidademarketing.com.br\\\/marketing\\\/\",\"logo\":{\"@type\":\"ImageObject\",\"inLanguage\":\"pt-BR\",\"@id\":\"https:\\\/\\\/www.cidademarketing.com.br\\\/marketing\\\/#\\\/schema\\\/logo\\\/image\\\/\",\"url\":\"https:\\\/\\\/www.cidademarketing.com.br\\\/marketing\\\/wp-content\\\/uploads\\\/2020\\\/01\\\/cidademarketing_marca_mobile.png\",\"contentUrl\":\"https:\\\/\\\/www.cidademarketing.com.br\\\/marketing\\\/wp-content\\\/uploads\\\/2020\\\/01\\\/cidademarketing_marca_mobile.png\",\"width\":230,\"height\":92,\"caption\":\"CidadeMarketing\"},\"image\":{\"@id\":\"https:\\\/\\\/www.cidademarketing.com.br\\\/marketing\\\/#\\\/schema\\\/logo\\\/image\\\/\"},\"sameAs\":[\"https:\\\/\\\/www.facebook.com\\\/portalcidademarketing\",\"https:\\\/\\\/x.com\\\/CidadeMarketing\",\"https:\\\/\\\/www.instagram.com\\\/cidademarketing\\\/\"]},{\"@type\":\"Person\",\"@id\":\"https:\\\/\\\/www.cidademarketing.com.br\\\/marketing\\\/#\\\/schema\\\/person\\\/02daff9f18bd9378c9e01eb6b2db155f\",\"name\":\"Thales Brand\u00e3o\",\"image\":{\"@type\":\"ImageObject\",\"inLanguage\":\"pt-BR\",\"@id\":\"https:\\\/\\\/secure.gravatar.com\\\/avatar\\\/7ca3206950207cc3cb48feec56a8a7898741ab725c368d99d5d7a5a50aab80c6?s=96&d=mm&r=g\",\"url\":\"https:\\\/\\\/secure.gravatar.com\\\/avatar\\\/7ca3206950207cc3cb48feec56a8a7898741ab725c368d99d5d7a5a50aab80c6?s=96&d=mm&r=g\",\"contentUrl\":\"https:\\\/\\\/secure.gravatar.com\\\/avatar\\\/7ca3206950207cc3cb48feec56a8a7898741ab725c368d99d5d7a5a50aab80c6?s=96&d=mm&r=g\",\"caption\":\"Thales Brand\u00e3o\"},\"description\":\"Editor Executivo do Portal CidadeMarketing.com.br &gt; Mestre em Comunica\u00e7\u00e3o e Sociedade pela Universidade Federal de Sergipe. Possui MBA Executivo em Administra\u00e7\u00e3o com \u00eanfase em Marketing pela Funda\u00e7\u00e3o Get\u00falio Vargas - Rio de Janeiro. Consultor, Palestrante e Pesquisador sobre Empreendedorismo, Marketing, Redes Sociais e Neg\u00f3cios Digitais. Professor, Palestrante TedxTalks e Campus Party. Twitter: @ThalesBrandao\",\"sameAs\":[\"http:\\\/\\\/www.mandacaru.com.br\",\"https:\\\/\\\/www.facebook.com\\\/thalesbrandao\",\"http:\\\/\\\/www.instagram.com.br\\\/thalesbrandaoferreira\",\"https:\\\/\\\/www.linkedin.com\\\/in\\\/thales-brand\u00e3o-3948609\\\/\",\"https:\\\/\\\/x.com\\\/http:\\\/\\\/www.twitter.com\\\/thalesbrandao\"],\"url\":\"https:\\\/\\\/www.cidademarketing.com.br\\\/marketing\\\/author\\\/thalesbrandao\\\/\"}]}<\/script>\n<!-- \/ Yoast SEO plugin. -->","yoast_head_json":{"title":"Anac: Justi\u00e7a do Cear\u00e1 julgar\u00e1 a\u00e7\u00f5es contra supress\u00e3o da franquia m\u00ednima de bagagem - CidadeMarketing","robots":{"index":"index","follow":"follow","max-snippet":"max-snippet:-1","max-image-preview":"max-image-preview:large","max-video-preview":"max-video-preview:-1"},"canonical":"https:\/\/www.cidademarketing.com.br\/marketing\/2019\/05\/08\/anac-justica-do-ceara-julgara-acoes-contra-supressao-da-franquia-minima-de-bagagem\/","og_locale":"pt_BR","og_type":"article","og_title":"Anac: Justi\u00e7a do Cear\u00e1 julgar\u00e1 a\u00e7\u00f5es contra supress\u00e3o da franquia m\u00ednima de bagagem - CidadeMarketing","og_description":"A Primeira Se\u00e7\u00e3o do Superior Tribunal de Justi\u00e7a (STJ), por maioria, definiu a 10\u00aa Vara Federal da Se\u00e7\u00e3o Judici\u00e1ria do Cear\u00e1 como ju\u00edzo competente para julgar quatro a\u00e7\u00f5es civis p\u00fablicas que tramitam contra a Ag\u00eancia Nacional de Avia\u00e7\u00e3o Civil (Anac) com o objetivo de afastar a supress\u00e3o da franquia m\u00ednima de bagagem em viagens a\u00e9reas. [&hellip;]","og_url":"https:\/\/www.cidademarketing.com.br\/marketing\/2019\/05\/08\/anac-justica-do-ceara-julgara-acoes-contra-supressao-da-franquia-minima-de-bagagem\/","og_site_name":"CidadeMarketing","article_publisher":"https:\/\/www.facebook.com\/portalcidademarketing","article_author":"https:\/\/www.facebook.com\/thalesbrandao","article_published_time":"2019-05-08T13:12:02+00:00","article_modified_time":"2019-05-08T13:12:05+00:00","og_image":[{"width":672,"height":695,"url":"https:\/\/www.cidademarketing.com.br\/marketing\/wp-content\/uploads\/2019\/05\/justica_embalagem.jpg","type":"image\/jpeg"}],"author":"Thales Brand\u00e3o","twitter_card":"summary_large_image","twitter_creator":"@http:\/\/www.twitter.com\/thalesbrandao","twitter_site":"@CidadeMarketing","twitter_misc":{"Escrito por":"Thales Brand\u00e3o","Est. tempo de leitura":"4 minutos"},"schema":{"@context":"https:\/\/schema.org","@graph":[{"@type":"Article","@id":"https:\/\/www.cidademarketing.com.br\/marketing\/2019\/05\/08\/anac-justica-do-ceara-julgara-acoes-contra-supressao-da-franquia-minima-de-bagagem\/#article","isPartOf":{"@id":"https:\/\/www.cidademarketing.com.br\/marketing\/2019\/05\/08\/anac-justica-do-ceara-julgara-acoes-contra-supressao-da-franquia-minima-de-bagagem\/"},"author":{"name":"Thales Brand\u00e3o","@id":"https:\/\/www.cidademarketing.com.br\/marketing\/#\/schema\/person\/02daff9f18bd9378c9e01eb6b2db155f"},"headline":"Anac: Justi\u00e7a do Cear\u00e1 julgar\u00e1 a\u00e7\u00f5es contra supress\u00e3o da franquia m\u00ednima de bagagem","datePublished":"2019-05-08T13:12:02+00:00","dateModified":"2019-05-08T13:12:05+00:00","mainEntityOfPage":{"@id":"https:\/\/www.cidademarketing.com.br\/marketing\/2019\/05\/08\/anac-justica-do-ceara-julgara-acoes-contra-supressao-da-franquia-minima-de-bagagem\/"},"wordCount":722,"commentCount":0,"publisher":{"@id":"https:\/\/www.cidademarketing.com.br\/marketing\/#organization"},"image":{"@id":"https:\/\/www.cidademarketing.com.br\/marketing\/2019\/05\/08\/anac-justica-do-ceara-julgara-acoes-contra-supressao-da-franquia-minima-de-bagagem\/#primaryimage"},"thumbnailUrl":"https:\/\/www.cidademarketing.com.br\/marketing\/wp-content\/uploads\/2019\/05\/justica_embalagem.jpg","keywords":["consumidor","embalagem","justi\u00e7a","marketing","STF","STJ"],"articleSection":["Consumidor","Not\u00edcias"],"inLanguage":"pt-BR","potentialAction":[{"@type":"CommentAction","name":"Comment","target":["https:\/\/www.cidademarketing.com.br\/marketing\/2019\/05\/08\/anac-justica-do-ceara-julgara-acoes-contra-supressao-da-franquia-minima-de-bagagem\/#respond"]}]},{"@type":"WebPage","@id":"https:\/\/www.cidademarketing.com.br\/marketing\/2019\/05\/08\/anac-justica-do-ceara-julgara-acoes-contra-supressao-da-franquia-minima-de-bagagem\/","url":"https:\/\/www.cidademarketing.com.br\/marketing\/2019\/05\/08\/anac-justica-do-ceara-julgara-acoes-contra-supressao-da-franquia-minima-de-bagagem\/","name":"Anac: Justi\u00e7a do Cear\u00e1 julgar\u00e1 a\u00e7\u00f5es contra supress\u00e3o da franquia m\u00ednima de bagagem - CidadeMarketing","isPartOf":{"@id":"https:\/\/www.cidademarketing.com.br\/marketing\/#website"},"primaryImageOfPage":{"@id":"https:\/\/www.cidademarketing.com.br\/marketing\/2019\/05\/08\/anac-justica-do-ceara-julgara-acoes-contra-supressao-da-franquia-minima-de-bagagem\/#primaryimage"},"image":{"@id":"https:\/\/www.cidademarketing.com.br\/marketing\/2019\/05\/08\/anac-justica-do-ceara-julgara-acoes-contra-supressao-da-franquia-minima-de-bagagem\/#primaryimage"},"thumbnailUrl":"https:\/\/www.cidademarketing.com.br\/marketing\/wp-content\/uploads\/2019\/05\/justica_embalagem.jpg","datePublished":"2019-05-08T13:12:02+00:00","dateModified":"2019-05-08T13:12:05+00:00","breadcrumb":{"@id":"https:\/\/www.cidademarketing.com.br\/marketing\/2019\/05\/08\/anac-justica-do-ceara-julgara-acoes-contra-supressao-da-franquia-minima-de-bagagem\/#breadcrumb"},"inLanguage":"pt-BR","potentialAction":[{"@type":"ReadAction","target":["https:\/\/www.cidademarketing.com.br\/marketing\/2019\/05\/08\/anac-justica-do-ceara-julgara-acoes-contra-supressao-da-franquia-minima-de-bagagem\/"]}]},{"@type":"ImageObject","inLanguage":"pt-BR","@id":"https:\/\/www.cidademarketing.com.br\/marketing\/2019\/05\/08\/anac-justica-do-ceara-julgara-acoes-contra-supressao-da-franquia-minima-de-bagagem\/#primaryimage","url":"https:\/\/www.cidademarketing.com.br\/marketing\/wp-content\/uploads\/2019\/05\/justica_embalagem.jpg","contentUrl":"https:\/\/www.cidademarketing.com.br\/marketing\/wp-content\/uploads\/2019\/05\/justica_embalagem.jpg","width":672,"height":695,"caption":"Reprodu\u00e7\u00e3o\/Instagram"},{"@type":"BreadcrumbList","@id":"https:\/\/www.cidademarketing.com.br\/marketing\/2019\/05\/08\/anac-justica-do-ceara-julgara-acoes-contra-supressao-da-franquia-minima-de-bagagem\/#breadcrumb","itemListElement":[{"@type":"ListItem","position":1,"name":"In\u00edcio","item":"https:\/\/www.cidademarketing.com.br\/marketing\/"},{"@type":"ListItem","position":2,"name":"Anac: Justi\u00e7a do Cear\u00e1 julgar\u00e1 a\u00e7\u00f5es contra supress\u00e3o da franquia m\u00ednima de bagagem"}]},{"@type":"WebSite","@id":"https:\/\/www.cidademarketing.com.br\/marketing\/#website","url":"https:\/\/www.cidademarketing.com.br\/marketing\/","name":"CidadeMarketing","description":"Somos um ve\u00edculo de comunica\u00e7\u00e3o de destaque no Brasil, reconhecido por conte\u00fados nos segmentos de marketing, empreendedorismo e inova\u00e7\u00e3o.","publisher":{"@id":"https:\/\/www.cidademarketing.com.br\/marketing\/#organization"},"alternateName":"CidadeMarketing","potentialAction":[{"@type":"SearchAction","target":{"@type":"EntryPoint","urlTemplate":"https:\/\/www.cidademarketing.com.br\/marketing\/?s={search_term_string}"},"query-input":{"@type":"PropertyValueSpecification","valueRequired":true,"valueName":"search_term_string"}}],"inLanguage":"pt-BR"},{"@type":"Organization","@id":"https:\/\/www.cidademarketing.com.br\/marketing\/#organization","name":"CidadeMarketing","alternateName":"CidadeMarketing","url":"https:\/\/www.cidademarketing.com.br\/marketing\/","logo":{"@type":"ImageObject","inLanguage":"pt-BR","@id":"https:\/\/www.cidademarketing.com.br\/marketing\/#\/schema\/logo\/image\/","url":"https:\/\/www.cidademarketing.com.br\/marketing\/wp-content\/uploads\/2020\/01\/cidademarketing_marca_mobile.png","contentUrl":"https:\/\/www.cidademarketing.com.br\/marketing\/wp-content\/uploads\/2020\/01\/cidademarketing_marca_mobile.png","width":230,"height":92,"caption":"CidadeMarketing"},"image":{"@id":"https:\/\/www.cidademarketing.com.br\/marketing\/#\/schema\/logo\/image\/"},"sameAs":["https:\/\/www.facebook.com\/portalcidademarketing","https:\/\/x.com\/CidadeMarketing","https:\/\/www.instagram.com\/cidademarketing\/"]},{"@type":"Person","@id":"https:\/\/www.cidademarketing.com.br\/marketing\/#\/schema\/person\/02daff9f18bd9378c9e01eb6b2db155f","name":"Thales Brand\u00e3o","image":{"@type":"ImageObject","inLanguage":"pt-BR","@id":"https:\/\/secure.gravatar.com\/avatar\/7ca3206950207cc3cb48feec56a8a7898741ab725c368d99d5d7a5a50aab80c6?s=96&d=mm&r=g","url":"https:\/\/secure.gravatar.com\/avatar\/7ca3206950207cc3cb48feec56a8a7898741ab725c368d99d5d7a5a50aab80c6?s=96&d=mm&r=g","contentUrl":"https:\/\/secure.gravatar.com\/avatar\/7ca3206950207cc3cb48feec56a8a7898741ab725c368d99d5d7a5a50aab80c6?s=96&d=mm&r=g","caption":"Thales Brand\u00e3o"},"description":"Editor Executivo do Portal CidadeMarketing.com.br &gt; Mestre em Comunica\u00e7\u00e3o e Sociedade pela Universidade Federal de Sergipe. Possui MBA Executivo em Administra\u00e7\u00e3o com \u00eanfase em Marketing pela Funda\u00e7\u00e3o Get\u00falio Vargas - Rio de Janeiro. Consultor, Palestrante e Pesquisador sobre Empreendedorismo, Marketing, Redes Sociais e Neg\u00f3cios Digitais. Professor, Palestrante TedxTalks e Campus Party. Twitter: @ThalesBrandao","sameAs":["http:\/\/www.mandacaru.com.br","https:\/\/www.facebook.com\/thalesbrandao","http:\/\/www.instagram.com.br\/thalesbrandaoferreira","https:\/\/www.linkedin.com\/in\/thales-brand\u00e3o-3948609\/","https:\/\/x.com\/http:\/\/www.twitter.com\/thalesbrandao"],"url":"https:\/\/www.cidademarketing.com.br\/marketing\/author\/thalesbrandao\/"}]}},"amp_enabled":true,"_links":{"self":[{"href":"https:\/\/www.cidademarketing.com.br\/marketing\/wp-json\/wp\/v2\/posts\/8134","targetHints":{"allow":["GET"]}}],"collection":[{"href":"https:\/\/www.cidademarketing.com.br\/marketing\/wp-json\/wp\/v2\/posts"}],"about":[{"href":"https:\/\/www.cidademarketing.com.br\/marketing\/wp-json\/wp\/v2\/types\/post"}],"author":[{"embeddable":true,"href":"https:\/\/www.cidademarketing.com.br\/marketing\/wp-json\/wp\/v2\/users\/1"}],"replies":[{"embeddable":true,"href":"https:\/\/www.cidademarketing.com.br\/marketing\/wp-json\/wp\/v2\/comments?post=8134"}],"version-history":[{"count":1,"href":"https:\/\/www.cidademarketing.com.br\/marketing\/wp-json\/wp\/v2\/posts\/8134\/revisions"}],"predecessor-version":[{"id":8136,"href":"https:\/\/www.cidademarketing.com.br\/marketing\/wp-json\/wp\/v2\/posts\/8134\/revisions\/8136"}],"wp:featuredmedia":[{"embeddable":true,"href":"https:\/\/www.cidademarketing.com.br\/marketing\/wp-json\/wp\/v2\/media\/8135"}],"wp:attachment":[{"href":"https:\/\/www.cidademarketing.com.br\/marketing\/wp-json\/wp\/v2\/media?parent=8134"}],"wp:term":[{"taxonomy":"category","embeddable":true,"href":"https:\/\/www.cidademarketing.com.br\/marketing\/wp-json\/wp\/v2\/categories?post=8134"},{"taxonomy":"post_tag","embeddable":true,"href":"https:\/\/www.cidademarketing.com.br\/marketing\/wp-json\/wp\/v2\/tags?post=8134"}],"curies":[{"name":"wp","href":"https:\/\/api.w.org\/{rel}","templated":true}]}}