{"id":8106,"date":"2019-05-07T20:52:12","date_gmt":"2019-05-07T16:52:12","guid":{"rendered":"http:\/\/www.cidademarketing.com.br\/marketing\/?p=8106"},"modified":"2019-05-07T20:52:15","modified_gmt":"2019-05-07T16:52:15","slug":"mpf-denuncia-empresario-wesley-batista-por-crimes-no-mercado-financeiro","status":"publish","type":"post","link":"https:\/\/www.cidademarketing.com.br\/marketing\/2019\/05\/07\/mpf-denuncia-empresario-wesley-batista-por-crimes-no-mercado-financeiro\/","title":{"rendered":"MPF denuncia empres\u00e1rio Wesley Batista por crimes no mercado financeiro"},"content":{"rendered":"\n<p>O Minist\u00e9rio P\u00fablico Federal (MPF) denunciou mais uma vez o empres\u00e1rio Wesley Batista pelo crime de&nbsp;<em>insider trading<\/em>, correspondente ao uso de informa\u00e7\u00f5es privilegiadas para a obten\u00e7\u00e3o de ganhos no mercado financeiro. \u00c0 frente da Seara Alimentos e da Eldorado Celulose, Wesley comandou opera\u00e7\u00f5es cambiais das companhias em meados de maio de 2017, quando o acordo de colabora\u00e7\u00e3o premiada que ele e o irm\u00e3o Joesley Batista haviam firmado com o MPF ainda estava sob sigilo. Ap\u00f3s a divulga\u00e7\u00e3o das dela\u00e7\u00f5es, a moeda norte-americana teve alta expressiva, o que rendeu ao empres\u00e1rio quase R$ 70 milh\u00f5es a partir dos contratos de d\u00f3lar negociados dias antes.<\/p>\n\n\n\n<p>Relat\u00f3rios periciais da Comiss\u00e3o de Valores Mobili\u00e1rios (CVM) e da Procuradoria-Geral da Rep\u00fablica (PGR) demonstraram a atipicidade das transa\u00e7\u00f5es realizadas. A Eldorado, por exemplo, adquiriu contratos de d\u00f3lar a termo nos dias 9 e 16 de maio no valor total de US$ 280 milh\u00f5es, equivalente ao triplo de todo o lucro obtido pela empresa no ano anterior. J\u00e1 a Seara efetuou a compra de d\u00f3lar futuro no montante de US$ 25 milh\u00f5es entre os dias 10 e 16 daquele m\u00eas, quantia 50 vezes superior \u00e0 m\u00e9dia das opera\u00e7\u00f5es que a empresa vinha realizando no mercado cambial desde o segundo semestre de 2016. As datas coincidem com o per\u00edodo entre a celebra\u00e7\u00e3o do acordo de colabora\u00e7\u00e3o premiada, no in\u00edcio de maio, e a divulga\u00e7\u00e3o de seu teor, no dia 17.<\/p>\n\n\n\n<p>Como efeito da publica\u00e7\u00e3o das informa\u00e7\u00f5es, a cota\u00e7\u00e3o do d\u00f3lar futuro teve alta de 9% no dia 18, a maior eleva\u00e7\u00e3o di\u00e1ria registrada em 14 anos. \u201cForma-se a convic\u00e7\u00e3o de que as opera\u00e7\u00f5es com derivativos cambiais por ambas as empresas n\u00e3o visavam \u00e0 prote\u00e7\u00e3o da exposi\u00e7\u00e3o para pagamentos de passivos ou recebimentos em d\u00f3lares americanos em datas futuras, mas, de modo diverso, foram utilizadas para especula\u00e7\u00e3o sobre o pre\u00e7o da moeda em data futura com vistas a auferir lucro no curto prazo\u201d, concluiu o parecer t\u00e9cnico elaborado pela Secretaria de Per\u00edcia, Pesquisa e An\u00e1lise da PGR.<\/p>\n\n\n\n<p>\u201cSabedor dos impactos que tais informa\u00e7\u00f5es causariam na economia do pa\u00eds \u2013 quais sejam: uma inevit\u00e1vel alta do d\u00f3lar \u2013, Wesley resolveu se beneficiar financeiramente da instabilidade econ\u00f4mica que seria ocasionada com a divulga\u00e7\u00e3o dos termos da colabora\u00e7\u00e3o premiada e das provas apresentadas\u201d, destacou a procuradora da Rep\u00fablica Tham\u00e9a Danelon, uma das autoras da den\u00fancia.<\/p>\n\n\n\n<p>Mensagens de texto entre Wesley e funcion\u00e1rios, analisadas a partir da apreens\u00e3o do telefone celular dele, comprovam que o empres\u00e1rio foi o mandante das opera\u00e7\u00f5es. Esta n\u00e3o \u00e9 a primeira vez que Wesley \u00e9 acusado de\u00a0<em>insider trading<\/em>. Os irm\u00e3os Batista j\u00e1 respondem pela pr\u00e1tica do crime em outra a\u00e7\u00e3o penal, referente aos\u00a0<strong><a href=\"http:\/\/www.mpf.mp.br\/sp\/sala-de-imprensa\/noticias-sp\/justica-federal-recebe-denuncia-do-mpf-sp-e-abre-processo-contra-irmaos-batista\" target=\"_blank\" rel=\"noreferrer noopener\" aria-label=\" (abre numa nova aba)\">ganhos ilegais obtidos com a venda e a recompra de a\u00e7\u00f5es da JBS e com negocia\u00e7\u00f5es de outros contratos de d\u00f3lar<\/a><\/strong>\u00a0na mesma \u00e9poca.<\/p>\n\n\n\n<p><strong><a href=\"http:\/\/www.mpf.mp.br\/sp\/sala-de-imprensa\/docs\/denuncia-insider-wb.pdf\" target=\"_blank\" rel=\"noreferrer noopener\" aria-label=\" (abre numa nova aba)\">Leia a \u00edntegra da nova den\u00fancia<\/a><\/strong><\/p>\n","protected":false},"excerpt":{"rendered":"<p>O Minist\u00e9rio P\u00fablico Federal (MPF) denunciou mais uma vez o empres\u00e1rio Wesley Batista pelo crime de&nbsp;insider trading, correspondente ao uso de informa\u00e7\u00f5es privilegiadas para a obten\u00e7\u00e3o de ganhos no mercado financeiro. \u00c0 frente da Seara Alimentos e da Eldorado Celulose, Wesley comandou opera\u00e7\u00f5es cambiais das companhias em meados de maio de 2017, quando o acordo [&hellip;]<\/p>\n","protected":false},"author":1,"featured_media":8107,"comment_status":"open","ping_status":"open","sticky":false,"template":"","format":"standard","meta":{"tdm_status":"","tdm_grid_status":"","footnotes":""},"categories":[6],"tags":[1826,1262,919],"class_list":["post-8106","post","type-post","status-publish","format-standard","has-post-thumbnail","hentry","category-noticias","tag-crime","tag-mpf","tag-seara"],"yoast_head":"<!-- This site is optimized with the Yoast SEO plugin v27.5 - https:\/\/yoast.com\/product\/yoast-seo-wordpress\/ -->\n<title>MPF denuncia empres\u00e1rio Wesley Batista por crimes no mercado financeiro - CidadeMarketing<\/title>\n<meta name=\"robots\" content=\"index, follow, max-snippet:-1, max-image-preview:large, max-video-preview:-1\" \/>\n<link rel=\"canonical\" href=\"https:\/\/www.cidademarketing.com.br\/marketing\/2019\/05\/07\/mpf-denuncia-empresario-wesley-batista-por-crimes-no-mercado-financeiro\/\" \/>\n<meta property=\"og:locale\" content=\"pt_BR\" \/>\n<meta property=\"og:type\" content=\"article\" \/>\n<meta property=\"og:title\" content=\"MPF denuncia empres\u00e1rio Wesley Batista por crimes no mercado financeiro - CidadeMarketing\" \/>\n<meta property=\"og:description\" content=\"O Minist\u00e9rio P\u00fablico Federal (MPF) denunciou mais uma vez o empres\u00e1rio Wesley Batista pelo crime de&nbsp;insider trading, correspondente ao uso de informa\u00e7\u00f5es privilegiadas para a obten\u00e7\u00e3o de ganhos no mercado financeiro. \u00c0 frente da Seara Alimentos e da Eldorado Celulose, Wesley comandou opera\u00e7\u00f5es cambiais das companhias em meados de maio de 2017, quando o acordo [&hellip;]\" \/>\n<meta property=\"og:url\" content=\"https:\/\/www.cidademarketing.com.br\/marketing\/2019\/05\/07\/mpf-denuncia-empresario-wesley-batista-por-crimes-no-mercado-financeiro\/\" \/>\n<meta property=\"og:site_name\" content=\"CidadeMarketing\" \/>\n<meta property=\"article:publisher\" content=\"https:\/\/www.facebook.com\/portalcidademarketing\" \/>\n<meta property=\"article:author\" content=\"https:\/\/www.facebook.com\/thalesbrandao\" \/>\n<meta property=\"article:published_time\" content=\"2019-05-07T16:52:12+00:00\" \/>\n<meta property=\"article:modified_time\" content=\"2019-05-07T16:52:15+00:00\" \/>\n<meta property=\"og:image\" content=\"https:\/\/www.cidademarketing.com.br\/marketing\/wp-content\/uploads\/2019\/05\/wesley_batista.jpg\" \/>\n\t<meta property=\"og:image:width\" content=\"604\" \/>\n\t<meta property=\"og:image:height\" content=\"453\" \/>\n\t<meta property=\"og:image:type\" content=\"image\/jpeg\" \/>\n<meta name=\"author\" content=\"Thales Brand\u00e3o\" \/>\n<meta name=\"twitter:card\" content=\"summary_large_image\" \/>\n<meta name=\"twitter:creator\" content=\"@http:\/\/www.twitter.com\/thalesbrandao\" \/>\n<meta name=\"twitter:site\" content=\"@CidadeMarketing\" \/>\n<meta name=\"twitter:label1\" content=\"Escrito por\" \/>\n\t<meta name=\"twitter:data1\" content=\"Thales Brand\u00e3o\" \/>\n\t<meta name=\"twitter:label2\" content=\"Est. tempo de leitura\" \/>\n\t<meta name=\"twitter:data2\" content=\"3 minutos\" \/>\n<script type=\"application\/ld+json\" class=\"yoast-schema-graph\">{\"@context\":\"https:\\\/\\\/schema.org\",\"@graph\":[{\"@type\":\"Article\",\"@id\":\"https:\\\/\\\/www.cidademarketing.com.br\\\/marketing\\\/2019\\\/05\\\/07\\\/mpf-denuncia-empresario-wesley-batista-por-crimes-no-mercado-financeiro\\\/#article\",\"isPartOf\":{\"@id\":\"https:\\\/\\\/www.cidademarketing.com.br\\\/marketing\\\/2019\\\/05\\\/07\\\/mpf-denuncia-empresario-wesley-batista-por-crimes-no-mercado-financeiro\\\/\"},\"author\":{\"name\":\"Thales Brand\u00e3o\",\"@id\":\"https:\\\/\\\/www.cidademarketing.com.br\\\/marketing\\\/#\\\/schema\\\/person\\\/02daff9f18bd9378c9e01eb6b2db155f\"},\"headline\":\"MPF denuncia empres\u00e1rio Wesley Batista por crimes no mercado financeiro\",\"datePublished\":\"2019-05-07T16:52:12+00:00\",\"dateModified\":\"2019-05-07T16:52:15+00:00\",\"mainEntityOfPage\":{\"@id\":\"https:\\\/\\\/www.cidademarketing.com.br\\\/marketing\\\/2019\\\/05\\\/07\\\/mpf-denuncia-empresario-wesley-batista-por-crimes-no-mercado-financeiro\\\/\"},\"wordCount\":528,\"commentCount\":0,\"publisher\":{\"@id\":\"https:\\\/\\\/www.cidademarketing.com.br\\\/marketing\\\/#organization\"},\"image\":{\"@id\":\"https:\\\/\\\/www.cidademarketing.com.br\\\/marketing\\\/2019\\\/05\\\/07\\\/mpf-denuncia-empresario-wesley-batista-por-crimes-no-mercado-financeiro\\\/#primaryimage\"},\"thumbnailUrl\":\"https:\\\/\\\/www.cidademarketing.com.br\\\/marketing\\\/wp-content\\\/uploads\\\/2019\\\/05\\\/wesley_batista.jpg\",\"keywords\":[\"crime\",\"MPF\",\"Seara\"],\"articleSection\":[\"Not\u00edcias\"],\"inLanguage\":\"pt-BR\",\"potentialAction\":[{\"@type\":\"CommentAction\",\"name\":\"Comment\",\"target\":[\"https:\\\/\\\/www.cidademarketing.com.br\\\/marketing\\\/2019\\\/05\\\/07\\\/mpf-denuncia-empresario-wesley-batista-por-crimes-no-mercado-financeiro\\\/#respond\"]}]},{\"@type\":\"WebPage\",\"@id\":\"https:\\\/\\\/www.cidademarketing.com.br\\\/marketing\\\/2019\\\/05\\\/07\\\/mpf-denuncia-empresario-wesley-batista-por-crimes-no-mercado-financeiro\\\/\",\"url\":\"https:\\\/\\\/www.cidademarketing.com.br\\\/marketing\\\/2019\\\/05\\\/07\\\/mpf-denuncia-empresario-wesley-batista-por-crimes-no-mercado-financeiro\\\/\",\"name\":\"MPF denuncia empres\u00e1rio Wesley Batista por crimes no mercado financeiro - CidadeMarketing\",\"isPartOf\":{\"@id\":\"https:\\\/\\\/www.cidademarketing.com.br\\\/marketing\\\/#website\"},\"primaryImageOfPage\":{\"@id\":\"https:\\\/\\\/www.cidademarketing.com.br\\\/marketing\\\/2019\\\/05\\\/07\\\/mpf-denuncia-empresario-wesley-batista-por-crimes-no-mercado-financeiro\\\/#primaryimage\"},\"image\":{\"@id\":\"https:\\\/\\\/www.cidademarketing.com.br\\\/marketing\\\/2019\\\/05\\\/07\\\/mpf-denuncia-empresario-wesley-batista-por-crimes-no-mercado-financeiro\\\/#primaryimage\"},\"thumbnailUrl\":\"https:\\\/\\\/www.cidademarketing.com.br\\\/marketing\\\/wp-content\\\/uploads\\\/2019\\\/05\\\/wesley_batista.jpg\",\"datePublished\":\"2019-05-07T16:52:12+00:00\",\"dateModified\":\"2019-05-07T16:52:15+00:00\",\"breadcrumb\":{\"@id\":\"https:\\\/\\\/www.cidademarketing.com.br\\\/marketing\\\/2019\\\/05\\\/07\\\/mpf-denuncia-empresario-wesley-batista-por-crimes-no-mercado-financeiro\\\/#breadcrumb\"},\"inLanguage\":\"pt-BR\",\"potentialAction\":[{\"@type\":\"ReadAction\",\"target\":[\"https:\\\/\\\/www.cidademarketing.com.br\\\/marketing\\\/2019\\\/05\\\/07\\\/mpf-denuncia-empresario-wesley-batista-por-crimes-no-mercado-financeiro\\\/\"]}]},{\"@type\":\"ImageObject\",\"inLanguage\":\"pt-BR\",\"@id\":\"https:\\\/\\\/www.cidademarketing.com.br\\\/marketing\\\/2019\\\/05\\\/07\\\/mpf-denuncia-empresario-wesley-batista-por-crimes-no-mercado-financeiro\\\/#primaryimage\",\"url\":\"https:\\\/\\\/www.cidademarketing.com.br\\\/marketing\\\/wp-content\\\/uploads\\\/2019\\\/05\\\/wesley_batista.jpg\",\"contentUrl\":\"https:\\\/\\\/www.cidademarketing.com.br\\\/marketing\\\/wp-content\\\/uploads\\\/2019\\\/05\\\/wesley_batista.jpg\",\"width\":604,\"height\":453,\"caption\":\"Reprodu\u00e7\u00e3o\"},{\"@type\":\"BreadcrumbList\",\"@id\":\"https:\\\/\\\/www.cidademarketing.com.br\\\/marketing\\\/2019\\\/05\\\/07\\\/mpf-denuncia-empresario-wesley-batista-por-crimes-no-mercado-financeiro\\\/#breadcrumb\",\"itemListElement\":[{\"@type\":\"ListItem\",\"position\":1,\"name\":\"In\u00edcio\",\"item\":\"https:\\\/\\\/www.cidademarketing.com.br\\\/marketing\\\/\"},{\"@type\":\"ListItem\",\"position\":2,\"name\":\"MPF denuncia empres\u00e1rio Wesley Batista por crimes no mercado financeiro\"}]},{\"@type\":\"WebSite\",\"@id\":\"https:\\\/\\\/www.cidademarketing.com.br\\\/marketing\\\/#website\",\"url\":\"https:\\\/\\\/www.cidademarketing.com.br\\\/marketing\\\/\",\"name\":\"CidadeMarketing\",\"description\":\"Somos um ve\u00edculo de comunica\u00e7\u00e3o de destaque no Brasil, reconhecido por conte\u00fados nos segmentos de marketing, empreendedorismo e inova\u00e7\u00e3o.\",\"publisher\":{\"@id\":\"https:\\\/\\\/www.cidademarketing.com.br\\\/marketing\\\/#organization\"},\"alternateName\":\"CidadeMarketing\",\"potentialAction\":[{\"@type\":\"SearchAction\",\"target\":{\"@type\":\"EntryPoint\",\"urlTemplate\":\"https:\\\/\\\/www.cidademarketing.com.br\\\/marketing\\\/?s={search_term_string}\"},\"query-input\":{\"@type\":\"PropertyValueSpecification\",\"valueRequired\":true,\"valueName\":\"search_term_string\"}}],\"inLanguage\":\"pt-BR\"},{\"@type\":\"Organization\",\"@id\":\"https:\\\/\\\/www.cidademarketing.com.br\\\/marketing\\\/#organization\",\"name\":\"CidadeMarketing\",\"alternateName\":\"CidadeMarketing\",\"url\":\"https:\\\/\\\/www.cidademarketing.com.br\\\/marketing\\\/\",\"logo\":{\"@type\":\"ImageObject\",\"inLanguage\":\"pt-BR\",\"@id\":\"https:\\\/\\\/www.cidademarketing.com.br\\\/marketing\\\/#\\\/schema\\\/logo\\\/image\\\/\",\"url\":\"https:\\\/\\\/www.cidademarketing.com.br\\\/marketing\\\/wp-content\\\/uploads\\\/2020\\\/01\\\/cidademarketing_marca_mobile.png\",\"contentUrl\":\"https:\\\/\\\/www.cidademarketing.com.br\\\/marketing\\\/wp-content\\\/uploads\\\/2020\\\/01\\\/cidademarketing_marca_mobile.png\",\"width\":230,\"height\":92,\"caption\":\"CidadeMarketing\"},\"image\":{\"@id\":\"https:\\\/\\\/www.cidademarketing.com.br\\\/marketing\\\/#\\\/schema\\\/logo\\\/image\\\/\"},\"sameAs\":[\"https:\\\/\\\/www.facebook.com\\\/portalcidademarketing\",\"https:\\\/\\\/x.com\\\/CidadeMarketing\",\"https:\\\/\\\/www.instagram.com\\\/cidademarketing\\\/\"]},{\"@type\":\"Person\",\"@id\":\"https:\\\/\\\/www.cidademarketing.com.br\\\/marketing\\\/#\\\/schema\\\/person\\\/02daff9f18bd9378c9e01eb6b2db155f\",\"name\":\"Thales Brand\u00e3o\",\"image\":{\"@type\":\"ImageObject\",\"inLanguage\":\"pt-BR\",\"@id\":\"https:\\\/\\\/secure.gravatar.com\\\/avatar\\\/7ca3206950207cc3cb48feec56a8a7898741ab725c368d99d5d7a5a50aab80c6?s=96&d=mm&r=g\",\"url\":\"https:\\\/\\\/secure.gravatar.com\\\/avatar\\\/7ca3206950207cc3cb48feec56a8a7898741ab725c368d99d5d7a5a50aab80c6?s=96&d=mm&r=g\",\"contentUrl\":\"https:\\\/\\\/secure.gravatar.com\\\/avatar\\\/7ca3206950207cc3cb48feec56a8a7898741ab725c368d99d5d7a5a50aab80c6?s=96&d=mm&r=g\",\"caption\":\"Thales Brand\u00e3o\"},\"description\":\"Editor Executivo do Portal CidadeMarketing.com.br &gt; Mestre em Comunica\u00e7\u00e3o e Sociedade pela Universidade Federal de Sergipe. Possui MBA Executivo em Administra\u00e7\u00e3o com \u00eanfase em Marketing pela Funda\u00e7\u00e3o Get\u00falio Vargas - Rio de Janeiro. Consultor, Palestrante e Pesquisador sobre Empreendedorismo, Marketing, Redes Sociais e Neg\u00f3cios Digitais. Professor, Palestrante TedxTalks e Campus Party. Twitter: @ThalesBrandao\",\"sameAs\":[\"http:\\\/\\\/www.mandacaru.com.br\",\"https:\\\/\\\/www.facebook.com\\\/thalesbrandao\",\"http:\\\/\\\/www.instagram.com.br\\\/thalesbrandaoferreira\",\"https:\\\/\\\/www.linkedin.com\\\/in\\\/thales-brand\u00e3o-3948609\\\/\",\"https:\\\/\\\/x.com\\\/http:\\\/\\\/www.twitter.com\\\/thalesbrandao\"],\"url\":\"https:\\\/\\\/www.cidademarketing.com.br\\\/marketing\\\/author\\\/thalesbrandao\\\/\"}]}<\/script>\n<!-- \/ Yoast SEO plugin. -->","yoast_head_json":{"title":"MPF denuncia empres\u00e1rio Wesley Batista por crimes no mercado financeiro - CidadeMarketing","robots":{"index":"index","follow":"follow","max-snippet":"max-snippet:-1","max-image-preview":"max-image-preview:large","max-video-preview":"max-video-preview:-1"},"canonical":"https:\/\/www.cidademarketing.com.br\/marketing\/2019\/05\/07\/mpf-denuncia-empresario-wesley-batista-por-crimes-no-mercado-financeiro\/","og_locale":"pt_BR","og_type":"article","og_title":"MPF denuncia empres\u00e1rio Wesley Batista por crimes no mercado financeiro - CidadeMarketing","og_description":"O Minist\u00e9rio P\u00fablico Federal (MPF) denunciou mais uma vez o empres\u00e1rio Wesley Batista pelo crime de&nbsp;insider trading, correspondente ao uso de informa\u00e7\u00f5es privilegiadas para a obten\u00e7\u00e3o de ganhos no mercado financeiro. \u00c0 frente da Seara Alimentos e da Eldorado Celulose, Wesley comandou opera\u00e7\u00f5es cambiais das companhias em meados de maio de 2017, quando o acordo [&hellip;]","og_url":"https:\/\/www.cidademarketing.com.br\/marketing\/2019\/05\/07\/mpf-denuncia-empresario-wesley-batista-por-crimes-no-mercado-financeiro\/","og_site_name":"CidadeMarketing","article_publisher":"https:\/\/www.facebook.com\/portalcidademarketing","article_author":"https:\/\/www.facebook.com\/thalesbrandao","article_published_time":"2019-05-07T16:52:12+00:00","article_modified_time":"2019-05-07T16:52:15+00:00","og_image":[{"width":604,"height":453,"url":"https:\/\/www.cidademarketing.com.br\/marketing\/wp-content\/uploads\/2019\/05\/wesley_batista.jpg","type":"image\/jpeg"}],"author":"Thales Brand\u00e3o","twitter_card":"summary_large_image","twitter_creator":"@http:\/\/www.twitter.com\/thalesbrandao","twitter_site":"@CidadeMarketing","twitter_misc":{"Escrito por":"Thales Brand\u00e3o","Est. tempo de leitura":"3 minutos"},"schema":{"@context":"https:\/\/schema.org","@graph":[{"@type":"Article","@id":"https:\/\/www.cidademarketing.com.br\/marketing\/2019\/05\/07\/mpf-denuncia-empresario-wesley-batista-por-crimes-no-mercado-financeiro\/#article","isPartOf":{"@id":"https:\/\/www.cidademarketing.com.br\/marketing\/2019\/05\/07\/mpf-denuncia-empresario-wesley-batista-por-crimes-no-mercado-financeiro\/"},"author":{"name":"Thales Brand\u00e3o","@id":"https:\/\/www.cidademarketing.com.br\/marketing\/#\/schema\/person\/02daff9f18bd9378c9e01eb6b2db155f"},"headline":"MPF denuncia empres\u00e1rio Wesley Batista por crimes no mercado financeiro","datePublished":"2019-05-07T16:52:12+00:00","dateModified":"2019-05-07T16:52:15+00:00","mainEntityOfPage":{"@id":"https:\/\/www.cidademarketing.com.br\/marketing\/2019\/05\/07\/mpf-denuncia-empresario-wesley-batista-por-crimes-no-mercado-financeiro\/"},"wordCount":528,"commentCount":0,"publisher":{"@id":"https:\/\/www.cidademarketing.com.br\/marketing\/#organization"},"image":{"@id":"https:\/\/www.cidademarketing.com.br\/marketing\/2019\/05\/07\/mpf-denuncia-empresario-wesley-batista-por-crimes-no-mercado-financeiro\/#primaryimage"},"thumbnailUrl":"https:\/\/www.cidademarketing.com.br\/marketing\/wp-content\/uploads\/2019\/05\/wesley_batista.jpg","keywords":["crime","MPF","Seara"],"articleSection":["Not\u00edcias"],"inLanguage":"pt-BR","potentialAction":[{"@type":"CommentAction","name":"Comment","target":["https:\/\/www.cidademarketing.com.br\/marketing\/2019\/05\/07\/mpf-denuncia-empresario-wesley-batista-por-crimes-no-mercado-financeiro\/#respond"]}]},{"@type":"WebPage","@id":"https:\/\/www.cidademarketing.com.br\/marketing\/2019\/05\/07\/mpf-denuncia-empresario-wesley-batista-por-crimes-no-mercado-financeiro\/","url":"https:\/\/www.cidademarketing.com.br\/marketing\/2019\/05\/07\/mpf-denuncia-empresario-wesley-batista-por-crimes-no-mercado-financeiro\/","name":"MPF denuncia empres\u00e1rio Wesley Batista por crimes no mercado financeiro - CidadeMarketing","isPartOf":{"@id":"https:\/\/www.cidademarketing.com.br\/marketing\/#website"},"primaryImageOfPage":{"@id":"https:\/\/www.cidademarketing.com.br\/marketing\/2019\/05\/07\/mpf-denuncia-empresario-wesley-batista-por-crimes-no-mercado-financeiro\/#primaryimage"},"image":{"@id":"https:\/\/www.cidademarketing.com.br\/marketing\/2019\/05\/07\/mpf-denuncia-empresario-wesley-batista-por-crimes-no-mercado-financeiro\/#primaryimage"},"thumbnailUrl":"https:\/\/www.cidademarketing.com.br\/marketing\/wp-content\/uploads\/2019\/05\/wesley_batista.jpg","datePublished":"2019-05-07T16:52:12+00:00","dateModified":"2019-05-07T16:52:15+00:00","breadcrumb":{"@id":"https:\/\/www.cidademarketing.com.br\/marketing\/2019\/05\/07\/mpf-denuncia-empresario-wesley-batista-por-crimes-no-mercado-financeiro\/#breadcrumb"},"inLanguage":"pt-BR","potentialAction":[{"@type":"ReadAction","target":["https:\/\/www.cidademarketing.com.br\/marketing\/2019\/05\/07\/mpf-denuncia-empresario-wesley-batista-por-crimes-no-mercado-financeiro\/"]}]},{"@type":"ImageObject","inLanguage":"pt-BR","@id":"https:\/\/www.cidademarketing.com.br\/marketing\/2019\/05\/07\/mpf-denuncia-empresario-wesley-batista-por-crimes-no-mercado-financeiro\/#primaryimage","url":"https:\/\/www.cidademarketing.com.br\/marketing\/wp-content\/uploads\/2019\/05\/wesley_batista.jpg","contentUrl":"https:\/\/www.cidademarketing.com.br\/marketing\/wp-content\/uploads\/2019\/05\/wesley_batista.jpg","width":604,"height":453,"caption":"Reprodu\u00e7\u00e3o"},{"@type":"BreadcrumbList","@id":"https:\/\/www.cidademarketing.com.br\/marketing\/2019\/05\/07\/mpf-denuncia-empresario-wesley-batista-por-crimes-no-mercado-financeiro\/#breadcrumb","itemListElement":[{"@type":"ListItem","position":1,"name":"In\u00edcio","item":"https:\/\/www.cidademarketing.com.br\/marketing\/"},{"@type":"ListItem","position":2,"name":"MPF denuncia empres\u00e1rio Wesley Batista por crimes no mercado financeiro"}]},{"@type":"WebSite","@id":"https:\/\/www.cidademarketing.com.br\/marketing\/#website","url":"https:\/\/www.cidademarketing.com.br\/marketing\/","name":"CidadeMarketing","description":"Somos um ve\u00edculo de comunica\u00e7\u00e3o de destaque no Brasil, reconhecido por conte\u00fados nos segmentos de marketing, empreendedorismo e inova\u00e7\u00e3o.","publisher":{"@id":"https:\/\/www.cidademarketing.com.br\/marketing\/#organization"},"alternateName":"CidadeMarketing","potentialAction":[{"@type":"SearchAction","target":{"@type":"EntryPoint","urlTemplate":"https:\/\/www.cidademarketing.com.br\/marketing\/?s={search_term_string}"},"query-input":{"@type":"PropertyValueSpecification","valueRequired":true,"valueName":"search_term_string"}}],"inLanguage":"pt-BR"},{"@type":"Organization","@id":"https:\/\/www.cidademarketing.com.br\/marketing\/#organization","name":"CidadeMarketing","alternateName":"CidadeMarketing","url":"https:\/\/www.cidademarketing.com.br\/marketing\/","logo":{"@type":"ImageObject","inLanguage":"pt-BR","@id":"https:\/\/www.cidademarketing.com.br\/marketing\/#\/schema\/logo\/image\/","url":"https:\/\/www.cidademarketing.com.br\/marketing\/wp-content\/uploads\/2020\/01\/cidademarketing_marca_mobile.png","contentUrl":"https:\/\/www.cidademarketing.com.br\/marketing\/wp-content\/uploads\/2020\/01\/cidademarketing_marca_mobile.png","width":230,"height":92,"caption":"CidadeMarketing"},"image":{"@id":"https:\/\/www.cidademarketing.com.br\/marketing\/#\/schema\/logo\/image\/"},"sameAs":["https:\/\/www.facebook.com\/portalcidademarketing","https:\/\/x.com\/CidadeMarketing","https:\/\/www.instagram.com\/cidademarketing\/"]},{"@type":"Person","@id":"https:\/\/www.cidademarketing.com.br\/marketing\/#\/schema\/person\/02daff9f18bd9378c9e01eb6b2db155f","name":"Thales Brand\u00e3o","image":{"@type":"ImageObject","inLanguage":"pt-BR","@id":"https:\/\/secure.gravatar.com\/avatar\/7ca3206950207cc3cb48feec56a8a7898741ab725c368d99d5d7a5a50aab80c6?s=96&d=mm&r=g","url":"https:\/\/secure.gravatar.com\/avatar\/7ca3206950207cc3cb48feec56a8a7898741ab725c368d99d5d7a5a50aab80c6?s=96&d=mm&r=g","contentUrl":"https:\/\/secure.gravatar.com\/avatar\/7ca3206950207cc3cb48feec56a8a7898741ab725c368d99d5d7a5a50aab80c6?s=96&d=mm&r=g","caption":"Thales Brand\u00e3o"},"description":"Editor Executivo do Portal CidadeMarketing.com.br &gt; Mestre em Comunica\u00e7\u00e3o e Sociedade pela Universidade Federal de Sergipe. Possui MBA Executivo em Administra\u00e7\u00e3o com \u00eanfase em Marketing pela Funda\u00e7\u00e3o Get\u00falio Vargas - Rio de Janeiro. Consultor, Palestrante e Pesquisador sobre Empreendedorismo, Marketing, Redes Sociais e Neg\u00f3cios Digitais. Professor, Palestrante TedxTalks e Campus Party. Twitter: @ThalesBrandao","sameAs":["http:\/\/www.mandacaru.com.br","https:\/\/www.facebook.com\/thalesbrandao","http:\/\/www.instagram.com.br\/thalesbrandaoferreira","https:\/\/www.linkedin.com\/in\/thales-brand\u00e3o-3948609\/","https:\/\/x.com\/http:\/\/www.twitter.com\/thalesbrandao"],"url":"https:\/\/www.cidademarketing.com.br\/marketing\/author\/thalesbrandao\/"}]}},"amp_enabled":true,"_links":{"self":[{"href":"https:\/\/www.cidademarketing.com.br\/marketing\/wp-json\/wp\/v2\/posts\/8106","targetHints":{"allow":["GET"]}}],"collection":[{"href":"https:\/\/www.cidademarketing.com.br\/marketing\/wp-json\/wp\/v2\/posts"}],"about":[{"href":"https:\/\/www.cidademarketing.com.br\/marketing\/wp-json\/wp\/v2\/types\/post"}],"author":[{"embeddable":true,"href":"https:\/\/www.cidademarketing.com.br\/marketing\/wp-json\/wp\/v2\/users\/1"}],"replies":[{"embeddable":true,"href":"https:\/\/www.cidademarketing.com.br\/marketing\/wp-json\/wp\/v2\/comments?post=8106"}],"version-history":[{"count":1,"href":"https:\/\/www.cidademarketing.com.br\/marketing\/wp-json\/wp\/v2\/posts\/8106\/revisions"}],"predecessor-version":[{"id":8108,"href":"https:\/\/www.cidademarketing.com.br\/marketing\/wp-json\/wp\/v2\/posts\/8106\/revisions\/8108"}],"wp:featuredmedia":[{"embeddable":true,"href":"https:\/\/www.cidademarketing.com.br\/marketing\/wp-json\/wp\/v2\/media\/8107"}],"wp:attachment":[{"href":"https:\/\/www.cidademarketing.com.br\/marketing\/wp-json\/wp\/v2\/media?parent=8106"}],"wp:term":[{"taxonomy":"category","embeddable":true,"href":"https:\/\/www.cidademarketing.com.br\/marketing\/wp-json\/wp\/v2\/categories?post=8106"},{"taxonomy":"post_tag","embeddable":true,"href":"https:\/\/www.cidademarketing.com.br\/marketing\/wp-json\/wp\/v2\/tags?post=8106"}],"curies":[{"name":"wp","href":"https:\/\/api.w.org\/{rel}","templated":true}]}}