{"id":809,"date":"2018-07-20T21:21:19","date_gmt":"2018-07-21T00:21:19","guid":{"rendered":"http:\/\/www.cidademarketing.com.br\/marketing\/?p=809"},"modified":"2018-07-20T21:36:05","modified_gmt":"2018-07-21T00:36:05","slug":"com-ivete-sangalo-credicard-lanca-maquininhas-para-pagamentos","status":"publish","type":"post","link":"https:\/\/www.cidademarketing.com.br\/marketing\/2018\/07\/20\/com-ivete-sangalo-credicard-lanca-maquininhas-para-pagamentos\/","title":{"rendered":"Com Ivete Sangalo, Credicard lan\u00e7a maquininhas para pagamentos"},"content":{"rendered":"<p>O Ita\u00fa Unibanco anunciou esta semana a entrada da marca Credicard no segmento de adquir\u00eancia, com uma fam\u00edlia de maquininhas para pagamentos com cart\u00f5es que ser\u00e3o oferecidas no modelo de venda e com taxas posicionadas entre as menores do mercado. Pela afinidade com o p\u00fablico-alvo \u2013 especialmente aut\u00f4nomos, microempreendedores e pequenas empresas \u2013, Ivete Sangalo foi a celebridade escolhida para anunciar o carro-chefe dessa linha, chamada de POP Credicard, em uma campanha cuja estreia ocorre nesta sexta-feira (20), na televis\u00e3o, em hor\u00e1rio nobre.<\/p>\n<p>&nbsp;<\/p>\n<figure id=\"attachment_810\" aria-describedby=\"caption-attachment-810\" style=\"width: 1920px\" class=\"wp-caption aligncenter\"><img fetchpriority=\"high\" decoding=\"async\" class=\"size-full wp-image-810\" src=\"http:\/\/www.cidademarketing.com.br\/marketing\/wp-content\/uploads\/2018\/07\/POP01.jpg\" alt=\"\" width=\"1920\" height=\"1080\" srcset=\"https:\/\/www.cidademarketing.com.br\/marketing\/wp-content\/uploads\/2018\/07\/POP01.jpg 1920w, https:\/\/www.cidademarketing.com.br\/marketing\/wp-content\/uploads\/2018\/07\/POP01-300x169.jpg 300w, https:\/\/www.cidademarketing.com.br\/marketing\/wp-content\/uploads\/2018\/07\/POP01-768x432.jpg 768w, https:\/\/www.cidademarketing.com.br\/marketing\/wp-content\/uploads\/2018\/07\/POP01-1024x576.jpg 1024w, https:\/\/www.cidademarketing.com.br\/marketing\/wp-content\/uploads\/2018\/07\/POP01-747x420.jpg 747w, https:\/\/www.cidademarketing.com.br\/marketing\/wp-content\/uploads\/2018\/07\/POP01-640x360.jpg 640w, https:\/\/www.cidademarketing.com.br\/marketing\/wp-content\/uploads\/2018\/07\/POP01-681x383.jpg 681w\" sizes=\"(max-width: 1920px) 100vw, 1920px\" \/><figcaption id=\"caption-attachment-810\" class=\"wp-caption-text\">Reprodu\u00e7\u00e3o<\/figcaption><\/figure>\n<p>&nbsp;<\/p>\n<p>\u201cIvete conversa com o posicionamento da nova marca, que promete uma entrega descomplicada e transparente\u201d, afirma Fab\u00edola Lobato, superintendente de Marketing do Ita\u00fa Unibanco. Entre os atributos reconhecidos na artista pelo p\u00fablico, os que mais foram considerados para definir sua participa\u00e7\u00e3o na divulga\u00e7\u00e3o da POP Credicard foram sua proximidade com as pessoas, alegria e capacidade de transmitir confian\u00e7a.<\/p>\n<p>Com o slogan \u201cD\u00ea um POP nas suas vendas\u201d, a campanha ser\u00e1 veiculada em todo o Brasil em TV aberta e internet. \u201cO filme aposta na linguagem l\u00fadica, com Ivete aterrissando em frente a um sal\u00e3o de beleza com um trio el\u00e9trico voador cheio de clientes e, de modo divertido, traz como argumento central o potencial aumento de vendas que o empreendedor pode ter com a POP Credicard\u201d, conta Fab\u00edola. \u201cO insight criativo \u00e9 usar o nome do produto, POP, no slogan e todo o conceito-base como sin\u00f4nimo de aumento de vendas.\u201d<\/p>\n<p>A escolha da marca Credicard para esse lan\u00e7amento est\u00e1 relacionada a sua for\u00e7a, jovialidade e proximidade com o cliente. \u201cA Credicard se reposicionou no mercado de meios de pagamento eletr\u00f4nicos para acompanhar as mudan\u00e7as de comportamento do p\u00fablico e responder rapidamente a suas demandas\u201d, explica a superintendente. \u201cO nome POP agregou ao conjunto o tom simples e f\u00e1cil que busc\u00e1vamos para nossa proposta e, al\u00e9m de tudo, transita muito bem tanto no territ\u00f3rio f\u00edsico do varejo quanto nos meios digitais\u201d, complementa.<\/p>\n<p>A campanha \u00e9 idealizada pela ag\u00eancia Africa.<\/p>\n<p><a href=\"https:\/\/youtu.be\/VYMk6Ia3_YQ\">https:\/\/youtu.be\/VYMk6Ia3_YQ<\/a><\/p>\n<p>&nbsp;<\/p>\n<p><strong>Prazo de pagamento curto e taxas mais baixas<\/strong><\/p>\n<p>As novas maquininhas da Credicard t\u00eam como principais diferenciais o curto prazo de pagamento aos lojistas e taxas bastante competitivas \u2013 posicionadas entre as melhores do mercado. As opera\u00e7\u00f5es de d\u00e9bito ter\u00e3o taxa de 1,99% sobre o valor de cada venda e as de cr\u00e9dito \u00e0 vista, de 3,98% \u2013 com recebimento em 1 dia \u00fatil e at\u00e9 2 dias \u00fateis, respectivamente.<\/p>\n<p>A POP Credicard \u00e9 um modelo sem bobina, que funciona com chip e Wi-Fi, nas fun\u00e7\u00f5es d\u00e9bito, cr\u00e9dito, alimenta\u00e7\u00e3o e refei\u00e7\u00e3o e com aceita\u00e7\u00e3o das principais bandeiras. A maquininha ser\u00e1 vendida por 12x de R$ 29,90 e poder\u00e1 ser solicitada pelo site <a href=\"http:\/\/www.deumpop.com.br\" target=\"_blank\" rel=\"noopener\">www.deumpop.com.br<\/a> a partir desta sexta-feira (20).<\/p>\n<p>Outra vers\u00e3o da maquininha j\u00e1 em opera\u00e7\u00e3o \u00e9 a Mega POP Credicard, que \u00e9 similar ao POS convencional, com bobina para impress\u00e3o do comprovante de vendas. A previs\u00e3o \u00e9 de que ainda este ano tamb\u00e9m seja lan\u00e7ada a Mini POP Credicard, uma op\u00e7\u00e3o mais barata que vai funcionar conectada ao celular via Bluetooth.<\/p>\n<p><strong><u>FICHA T\u00c9CNICA \u2013 EFEITO POP<\/u><\/strong><\/p>\n<p><strong>T\u00edtulo:<\/strong> Efeito Pop<\/p>\n<p><strong>Ag\u00eancia:<\/strong> Africa<\/p>\n<p><strong>Anunciante:<\/strong> Redecard<\/p>\n<p><strong>Produto:<\/strong> Pop Credicard<\/p>\n<p><strong>CCO:<\/strong> Sergio Gordilho<strong>\u00a0<\/strong><\/p>\n<p><strong>Diretor Executivo de Cria\u00e7\u00e3o:<\/strong> Otavio Schiavon<\/p>\n<p><strong>Dire\u00e7\u00e3o de Cria\u00e7\u00e3o:<\/strong> Alvin Schiguefuzi \/ Paulo Medeiros Carvalho \/ Marilu Rodrigues<\/p>\n<p><strong>Cria\u00e7\u00e3o:<\/strong> Caio Gandolfi \/ Diego Ferrite \/ Flavio Ferri<\/p>\n<p><strong>Atendimento:<\/strong> Ana Hasegawa \/ Juliana Carvalho \/ Fernanda Peixe \/ Felipe Francis \/ Vit\u00f3ria Carvalho \/ Juliana Macedo \/ Julia Piovesan<\/p>\n<p><strong>M\u00eddia:<\/strong> Luis Fernando Vieira \/ Rodrigo Famelli \/ Thiago Franz\u00e3o \/ Juliana Melo \/ Isis Zonaro \/ Henrique Arakaki \/ Thais Libanio \/ Rodolfo Marinhas \/ Rafael Ortiz<\/p>\n<p><strong>Planejamento:<\/strong> Rodrigo Maroni \/ Marina Pires \/ Felipe Nogueira \/ Iago Moura \/ Leonardo Juhasz \/ Thauanne Menezes<\/p>\n<p><strong>Insights: <\/strong>Eduardo Berardinelli\u00a0 \/ Asaph Luccas<\/p>\n<p><strong>Produ\u00e7\u00e3o Ag\u00eancia:<\/strong>\u00a0 Rodrigo Ferrari \/ Tais Olhiara \/ Carla Rossini<\/p>\n<p><strong>Produtora:<\/strong> Hungry Man<\/p>\n<p><strong>Diretor:<\/strong> Carl\u00e3o Busato<\/p>\n<p><strong>Managing Partner:<\/strong> Alex Mehedff<\/p>\n<p><strong>Diretor Executivo de Cria\u00e7\u00e3o:<\/strong> Fabio Pinheiro<\/p>\n<p><strong>Produtor Executivo:<\/strong> Rodrigo Castello \/ Renata Corr\u00eaa<\/p>\n<p><strong>Line Producer:<\/strong> Manoela Estellita<\/p>\n<p><strong>Diretor de Fotografia:<\/strong> Lito Mendes da Rocha<\/p>\n<p><strong>Diretor de Arte:<\/strong> Martin Garcia<\/p>\n<p><strong>Equipe de Produ\u00e7\u00e3o:<\/strong> Hungry Man<\/p>\n<p><strong>Coordenador de Produ\u00e7\u00e3o:<\/strong> Fernanda Laignier \/ Manuela Duque<\/p>\n<p><strong>Diretor de Produ\u00e7\u00e3o:<\/strong> Val\u00e9ria Amorim<\/p>\n<p><strong>Supervisor de P\u00f3s Produ\u00e7\u00e3o:<\/strong> Rodrigo Oliveira<\/p>\n<p><strong>P\u00f3s-Produ\u00e7\u00e3o:<\/strong> Warriors<\/p>\n<p><strong>Finalizador:<\/strong> Thiago Marra<\/p>\n<p><strong>Montador:<\/strong> Ivan Kanter Goldman<\/p>\n<p><strong>Color Grading:<\/strong> Marla Colour Grading<\/p>\n<p><strong>Produtora\/som:<\/strong> Sat\u00e9lite \u00c1udio<\/p>\n<p><strong>Produ\u00e7\u00e3o:<\/strong> Equipe Sat\u00e9lite<\/p>\n<p><strong>Atendimento\/som:<\/strong> Fernanda Costa \/ Renata Costa<\/p>\n<p><strong>Maestro\/Produ\u00e7\u00e3o:<\/strong> Radam\u00e9s Ven\u00e2ncio<\/p>\n<p><strong>Aprova\u00e7\u00e3o\/cliente:<\/strong> Eduardo Tracanella \/ Juliana Cury \/ Adriano Ciavdar \/ Caroline Namora \/ Isabela Santacreu<\/p>\n","protected":false},"excerpt":{"rendered":"<p>O Ita\u00fa Unibanco anunciou esta semana a entrada da marca Credicard no segmento de adquir\u00eancia, com uma fam\u00edlia de maquininhas para pagamentos com cart\u00f5es que ser\u00e3o oferecidas no modelo de venda e com taxas posicionadas entre as menores do mercado. Pela afinidade com o p\u00fablico-alvo \u2013 especialmente aut\u00f4nomos, microempreendedores e pequenas empresas \u2013, Ivete Sangalo [&hellip;]<\/p>\n","protected":false},"author":1,"featured_media":811,"comment_status":"open","ping_status":"open","sticky":false,"template":"","format":"video","meta":{"tdm_status":"","tdm_grid_status":"","footnotes":""},"categories":[14],"tags":[261,62,28],"class_list":["post-809","post","type-post","status-publish","format-video","has-post-thumbnail","hentry","category-videos","tag-credicard","tag-digital","tag-marketing","post_format-post-format-video"],"yoast_head":"<!-- This site is optimized with the Yoast SEO plugin v27.5 - https:\/\/yoast.com\/product\/yoast-seo-wordpress\/ -->\n<title>Com Ivete Sangalo, Credicard lan\u00e7a maquininhas para pagamentos - CidadeMarketing<\/title>\n<meta name=\"robots\" content=\"index, follow, max-snippet:-1, max-image-preview:large, max-video-preview:-1\" \/>\n<link rel=\"canonical\" href=\"https:\/\/www.cidademarketing.com.br\/marketing\/2018\/07\/20\/com-ivete-sangalo-credicard-lanca-maquininhas-para-pagamentos\/\" \/>\n<meta property=\"og:locale\" content=\"pt_BR\" \/>\n<meta property=\"og:type\" content=\"article\" \/>\n<meta property=\"og:title\" content=\"Com Ivete Sangalo, Credicard lan\u00e7a maquininhas para pagamentos - CidadeMarketing\" \/>\n<meta property=\"og:description\" content=\"O Ita\u00fa Unibanco anunciou esta semana a entrada da marca Credicard no segmento de adquir\u00eancia, com uma fam\u00edlia de maquininhas para pagamentos com cart\u00f5es que ser\u00e3o oferecidas no modelo de venda e com taxas posicionadas entre as menores do mercado. Pela afinidade com o p\u00fablico-alvo \u2013 especialmente aut\u00f4nomos, microempreendedores e pequenas empresas \u2013, Ivete Sangalo [&hellip;]\" \/>\n<meta property=\"og:url\" content=\"https:\/\/www.cidademarketing.com.br\/marketing\/2018\/07\/20\/com-ivete-sangalo-credicard-lanca-maquininhas-para-pagamentos\/\" \/>\n<meta property=\"og:site_name\" content=\"CidadeMarketing\" \/>\n<meta property=\"article:publisher\" content=\"https:\/\/www.facebook.com\/portalcidademarketing\" \/>\n<meta property=\"article:author\" content=\"https:\/\/www.facebook.com\/thalesbrandao\" \/>\n<meta property=\"article:published_time\" content=\"2018-07-21T00:21:19+00:00\" \/>\n<meta property=\"article:modified_time\" content=\"2018-07-21T00:36:05+00:00\" \/>\n<meta property=\"og:image\" content=\"https:\/\/www.cidademarketing.com.br\/marketing\/wp-content\/uploads\/2018\/07\/POP-Credicard.png\" \/>\n\t<meta property=\"og:image:width\" content=\"811\" \/>\n\t<meta property=\"og:image:height\" content=\"1304\" \/>\n\t<meta property=\"og:image:type\" content=\"image\/png\" \/>\n<meta name=\"author\" content=\"Thales Brand\u00e3o\" \/>\n<meta name=\"twitter:card\" content=\"summary_large_image\" \/>\n<meta name=\"twitter:creator\" content=\"@http:\/\/www.twitter.com\/thalesbrandao\" \/>\n<meta name=\"twitter:site\" content=\"@CidadeMarketing\" \/>\n<meta name=\"twitter:label1\" content=\"Escrito por\" \/>\n\t<meta name=\"twitter:data1\" content=\"Thales Brand\u00e3o\" \/>\n\t<meta name=\"twitter:label2\" content=\"Est. tempo de leitura\" \/>\n\t<meta name=\"twitter:data2\" content=\"4 minutos\" \/>\n<script type=\"application\/ld+json\" class=\"yoast-schema-graph\">{\"@context\":\"https:\\\/\\\/schema.org\",\"@graph\":[{\"@type\":\"Article\",\"@id\":\"https:\\\/\\\/www.cidademarketing.com.br\\\/marketing\\\/2018\\\/07\\\/20\\\/com-ivete-sangalo-credicard-lanca-maquininhas-para-pagamentos\\\/#article\",\"isPartOf\":{\"@id\":\"https:\\\/\\\/www.cidademarketing.com.br\\\/marketing\\\/2018\\\/07\\\/20\\\/com-ivete-sangalo-credicard-lanca-maquininhas-para-pagamentos\\\/\"},\"author\":{\"name\":\"Thales Brand\u00e3o\",\"@id\":\"https:\\\/\\\/www.cidademarketing.com.br\\\/marketing\\\/#\\\/schema\\\/person\\\/02daff9f18bd9378c9e01eb6b2db155f\"},\"headline\":\"Com Ivete Sangalo, Credicard lan\u00e7a maquininhas para pagamentos\",\"datePublished\":\"2018-07-21T00:21:19+00:00\",\"dateModified\":\"2018-07-21T00:36:05+00:00\",\"mainEntityOfPage\":{\"@id\":\"https:\\\/\\\/www.cidademarketing.com.br\\\/marketing\\\/2018\\\/07\\\/20\\\/com-ivete-sangalo-credicard-lanca-maquininhas-para-pagamentos\\\/\"},\"wordCount\":788,\"commentCount\":0,\"publisher\":{\"@id\":\"https:\\\/\\\/www.cidademarketing.com.br\\\/marketing\\\/#organization\"},\"image\":{\"@id\":\"https:\\\/\\\/www.cidademarketing.com.br\\\/marketing\\\/2018\\\/07\\\/20\\\/com-ivete-sangalo-credicard-lanca-maquininhas-para-pagamentos\\\/#primaryimage\"},\"thumbnailUrl\":\"https:\\\/\\\/www.cidademarketing.com.br\\\/marketing\\\/wp-content\\\/uploads\\\/2018\\\/07\\\/POP-Credicard.png\",\"keywords\":[\"Credicard\",\"digital\",\"marketing\"],\"articleSection\":[\"Videos\"],\"inLanguage\":\"pt-BR\",\"potentialAction\":[{\"@type\":\"CommentAction\",\"name\":\"Comment\",\"target\":[\"https:\\\/\\\/www.cidademarketing.com.br\\\/marketing\\\/2018\\\/07\\\/20\\\/com-ivete-sangalo-credicard-lanca-maquininhas-para-pagamentos\\\/#respond\"]}]},{\"@type\":\"WebPage\",\"@id\":\"https:\\\/\\\/www.cidademarketing.com.br\\\/marketing\\\/2018\\\/07\\\/20\\\/com-ivete-sangalo-credicard-lanca-maquininhas-para-pagamentos\\\/\",\"url\":\"https:\\\/\\\/www.cidademarketing.com.br\\\/marketing\\\/2018\\\/07\\\/20\\\/com-ivete-sangalo-credicard-lanca-maquininhas-para-pagamentos\\\/\",\"name\":\"Com Ivete Sangalo, Credicard lan\u00e7a maquininhas para pagamentos - CidadeMarketing\",\"isPartOf\":{\"@id\":\"https:\\\/\\\/www.cidademarketing.com.br\\\/marketing\\\/#website\"},\"primaryImageOfPage\":{\"@id\":\"https:\\\/\\\/www.cidademarketing.com.br\\\/marketing\\\/2018\\\/07\\\/20\\\/com-ivete-sangalo-credicard-lanca-maquininhas-para-pagamentos\\\/#primaryimage\"},\"image\":{\"@id\":\"https:\\\/\\\/www.cidademarketing.com.br\\\/marketing\\\/2018\\\/07\\\/20\\\/com-ivete-sangalo-credicard-lanca-maquininhas-para-pagamentos\\\/#primaryimage\"},\"thumbnailUrl\":\"https:\\\/\\\/www.cidademarketing.com.br\\\/marketing\\\/wp-content\\\/uploads\\\/2018\\\/07\\\/POP-Credicard.png\",\"datePublished\":\"2018-07-21T00:21:19+00:00\",\"dateModified\":\"2018-07-21T00:36:05+00:00\",\"breadcrumb\":{\"@id\":\"https:\\\/\\\/www.cidademarketing.com.br\\\/marketing\\\/2018\\\/07\\\/20\\\/com-ivete-sangalo-credicard-lanca-maquininhas-para-pagamentos\\\/#breadcrumb\"},\"inLanguage\":\"pt-BR\",\"potentialAction\":[{\"@type\":\"ReadAction\",\"target\":[\"https:\\\/\\\/www.cidademarketing.com.br\\\/marketing\\\/2018\\\/07\\\/20\\\/com-ivete-sangalo-credicard-lanca-maquininhas-para-pagamentos\\\/\"]}]},{\"@type\":\"ImageObject\",\"inLanguage\":\"pt-BR\",\"@id\":\"https:\\\/\\\/www.cidademarketing.com.br\\\/marketing\\\/2018\\\/07\\\/20\\\/com-ivete-sangalo-credicard-lanca-maquininhas-para-pagamentos\\\/#primaryimage\",\"url\":\"https:\\\/\\\/www.cidademarketing.com.br\\\/marketing\\\/wp-content\\\/uploads\\\/2018\\\/07\\\/POP-Credicard.png\",\"contentUrl\":\"https:\\\/\\\/www.cidademarketing.com.br\\\/marketing\\\/wp-content\\\/uploads\\\/2018\\\/07\\\/POP-Credicard.png\",\"width\":811,\"height\":1304},{\"@type\":\"BreadcrumbList\",\"@id\":\"https:\\\/\\\/www.cidademarketing.com.br\\\/marketing\\\/2018\\\/07\\\/20\\\/com-ivete-sangalo-credicard-lanca-maquininhas-para-pagamentos\\\/#breadcrumb\",\"itemListElement\":[{\"@type\":\"ListItem\",\"position\":1,\"name\":\"In\u00edcio\",\"item\":\"https:\\\/\\\/www.cidademarketing.com.br\\\/marketing\\\/\"},{\"@type\":\"ListItem\",\"position\":2,\"name\":\"Com Ivete Sangalo, Credicard lan\u00e7a maquininhas para pagamentos\"}]},{\"@type\":\"WebSite\",\"@id\":\"https:\\\/\\\/www.cidademarketing.com.br\\\/marketing\\\/#website\",\"url\":\"https:\\\/\\\/www.cidademarketing.com.br\\\/marketing\\\/\",\"name\":\"CidadeMarketing\",\"description\":\"Somos um ve\u00edculo de comunica\u00e7\u00e3o de destaque no Brasil, reconhecido por conte\u00fados nos segmentos de marketing, empreendedorismo e inova\u00e7\u00e3o.\",\"publisher\":{\"@id\":\"https:\\\/\\\/www.cidademarketing.com.br\\\/marketing\\\/#organization\"},\"alternateName\":\"CidadeMarketing\",\"potentialAction\":[{\"@type\":\"SearchAction\",\"target\":{\"@type\":\"EntryPoint\",\"urlTemplate\":\"https:\\\/\\\/www.cidademarketing.com.br\\\/marketing\\\/?s={search_term_string}\"},\"query-input\":{\"@type\":\"PropertyValueSpecification\",\"valueRequired\":true,\"valueName\":\"search_term_string\"}}],\"inLanguage\":\"pt-BR\"},{\"@type\":\"Organization\",\"@id\":\"https:\\\/\\\/www.cidademarketing.com.br\\\/marketing\\\/#organization\",\"name\":\"CidadeMarketing\",\"alternateName\":\"CidadeMarketing\",\"url\":\"https:\\\/\\\/www.cidademarketing.com.br\\\/marketing\\\/\",\"logo\":{\"@type\":\"ImageObject\",\"inLanguage\":\"pt-BR\",\"@id\":\"https:\\\/\\\/www.cidademarketing.com.br\\\/marketing\\\/#\\\/schema\\\/logo\\\/image\\\/\",\"url\":\"https:\\\/\\\/www.cidademarketing.com.br\\\/marketing\\\/wp-content\\\/uploads\\\/2020\\\/01\\\/cidademarketing_marca_mobile.png\",\"contentUrl\":\"https:\\\/\\\/www.cidademarketing.com.br\\\/marketing\\\/wp-content\\\/uploads\\\/2020\\\/01\\\/cidademarketing_marca_mobile.png\",\"width\":230,\"height\":92,\"caption\":\"CidadeMarketing\"},\"image\":{\"@id\":\"https:\\\/\\\/www.cidademarketing.com.br\\\/marketing\\\/#\\\/schema\\\/logo\\\/image\\\/\"},\"sameAs\":[\"https:\\\/\\\/www.facebook.com\\\/portalcidademarketing\",\"https:\\\/\\\/x.com\\\/CidadeMarketing\",\"https:\\\/\\\/www.instagram.com\\\/cidademarketing\\\/\"]},{\"@type\":\"Person\",\"@id\":\"https:\\\/\\\/www.cidademarketing.com.br\\\/marketing\\\/#\\\/schema\\\/person\\\/02daff9f18bd9378c9e01eb6b2db155f\",\"name\":\"Thales Brand\u00e3o\",\"image\":{\"@type\":\"ImageObject\",\"inLanguage\":\"pt-BR\",\"@id\":\"https:\\\/\\\/secure.gravatar.com\\\/avatar\\\/7ca3206950207cc3cb48feec56a8a7898741ab725c368d99d5d7a5a50aab80c6?s=96&d=mm&r=g\",\"url\":\"https:\\\/\\\/secure.gravatar.com\\\/avatar\\\/7ca3206950207cc3cb48feec56a8a7898741ab725c368d99d5d7a5a50aab80c6?s=96&d=mm&r=g\",\"contentUrl\":\"https:\\\/\\\/secure.gravatar.com\\\/avatar\\\/7ca3206950207cc3cb48feec56a8a7898741ab725c368d99d5d7a5a50aab80c6?s=96&d=mm&r=g\",\"caption\":\"Thales Brand\u00e3o\"},\"description\":\"Editor Executivo do Portal CidadeMarketing.com.br &gt; Mestre em Comunica\u00e7\u00e3o e Sociedade pela Universidade Federal de Sergipe. Possui MBA Executivo em Administra\u00e7\u00e3o com \u00eanfase em Marketing pela Funda\u00e7\u00e3o Get\u00falio Vargas - Rio de Janeiro. Consultor, Palestrante e Pesquisador sobre Empreendedorismo, Marketing, Redes Sociais e Neg\u00f3cios Digitais. Professor, Palestrante TedxTalks e Campus Party. Twitter: @ThalesBrandao\",\"sameAs\":[\"http:\\\/\\\/www.mandacaru.com.br\",\"https:\\\/\\\/www.facebook.com\\\/thalesbrandao\",\"http:\\\/\\\/www.instagram.com.br\\\/thalesbrandaoferreira\",\"https:\\\/\\\/www.linkedin.com\\\/in\\\/thales-brand\u00e3o-3948609\\\/\",\"https:\\\/\\\/x.com\\\/http:\\\/\\\/www.twitter.com\\\/thalesbrandao\"],\"url\":\"https:\\\/\\\/www.cidademarketing.com.br\\\/marketing\\\/author\\\/thalesbrandao\\\/\"}]}<\/script>\n<!-- \/ Yoast SEO plugin. -->","yoast_head_json":{"title":"Com Ivete Sangalo, Credicard lan\u00e7a maquininhas para pagamentos - CidadeMarketing","robots":{"index":"index","follow":"follow","max-snippet":"max-snippet:-1","max-image-preview":"max-image-preview:large","max-video-preview":"max-video-preview:-1"},"canonical":"https:\/\/www.cidademarketing.com.br\/marketing\/2018\/07\/20\/com-ivete-sangalo-credicard-lanca-maquininhas-para-pagamentos\/","og_locale":"pt_BR","og_type":"article","og_title":"Com Ivete Sangalo, Credicard lan\u00e7a maquininhas para pagamentos - CidadeMarketing","og_description":"O Ita\u00fa Unibanco anunciou esta semana a entrada da marca Credicard no segmento de adquir\u00eancia, com uma fam\u00edlia de maquininhas para pagamentos com cart\u00f5es que ser\u00e3o oferecidas no modelo de venda e com taxas posicionadas entre as menores do mercado. Pela afinidade com o p\u00fablico-alvo \u2013 especialmente aut\u00f4nomos, microempreendedores e pequenas empresas \u2013, Ivete Sangalo [&hellip;]","og_url":"https:\/\/www.cidademarketing.com.br\/marketing\/2018\/07\/20\/com-ivete-sangalo-credicard-lanca-maquininhas-para-pagamentos\/","og_site_name":"CidadeMarketing","article_publisher":"https:\/\/www.facebook.com\/portalcidademarketing","article_author":"https:\/\/www.facebook.com\/thalesbrandao","article_published_time":"2018-07-21T00:21:19+00:00","article_modified_time":"2018-07-21T00:36:05+00:00","og_image":[{"width":811,"height":1304,"url":"https:\/\/www.cidademarketing.com.br\/marketing\/wp-content\/uploads\/2018\/07\/POP-Credicard.png","type":"image\/png"}],"author":"Thales Brand\u00e3o","twitter_card":"summary_large_image","twitter_creator":"@http:\/\/www.twitter.com\/thalesbrandao","twitter_site":"@CidadeMarketing","twitter_misc":{"Escrito por":"Thales Brand\u00e3o","Est. tempo de leitura":"4 minutos"},"schema":{"@context":"https:\/\/schema.org","@graph":[{"@type":"Article","@id":"https:\/\/www.cidademarketing.com.br\/marketing\/2018\/07\/20\/com-ivete-sangalo-credicard-lanca-maquininhas-para-pagamentos\/#article","isPartOf":{"@id":"https:\/\/www.cidademarketing.com.br\/marketing\/2018\/07\/20\/com-ivete-sangalo-credicard-lanca-maquininhas-para-pagamentos\/"},"author":{"name":"Thales Brand\u00e3o","@id":"https:\/\/www.cidademarketing.com.br\/marketing\/#\/schema\/person\/02daff9f18bd9378c9e01eb6b2db155f"},"headline":"Com Ivete Sangalo, Credicard lan\u00e7a maquininhas para pagamentos","datePublished":"2018-07-21T00:21:19+00:00","dateModified":"2018-07-21T00:36:05+00:00","mainEntityOfPage":{"@id":"https:\/\/www.cidademarketing.com.br\/marketing\/2018\/07\/20\/com-ivete-sangalo-credicard-lanca-maquininhas-para-pagamentos\/"},"wordCount":788,"commentCount":0,"publisher":{"@id":"https:\/\/www.cidademarketing.com.br\/marketing\/#organization"},"image":{"@id":"https:\/\/www.cidademarketing.com.br\/marketing\/2018\/07\/20\/com-ivete-sangalo-credicard-lanca-maquininhas-para-pagamentos\/#primaryimage"},"thumbnailUrl":"https:\/\/www.cidademarketing.com.br\/marketing\/wp-content\/uploads\/2018\/07\/POP-Credicard.png","keywords":["Credicard","digital","marketing"],"articleSection":["Videos"],"inLanguage":"pt-BR","potentialAction":[{"@type":"CommentAction","name":"Comment","target":["https:\/\/www.cidademarketing.com.br\/marketing\/2018\/07\/20\/com-ivete-sangalo-credicard-lanca-maquininhas-para-pagamentos\/#respond"]}]},{"@type":"WebPage","@id":"https:\/\/www.cidademarketing.com.br\/marketing\/2018\/07\/20\/com-ivete-sangalo-credicard-lanca-maquininhas-para-pagamentos\/","url":"https:\/\/www.cidademarketing.com.br\/marketing\/2018\/07\/20\/com-ivete-sangalo-credicard-lanca-maquininhas-para-pagamentos\/","name":"Com Ivete Sangalo, Credicard lan\u00e7a maquininhas para pagamentos - CidadeMarketing","isPartOf":{"@id":"https:\/\/www.cidademarketing.com.br\/marketing\/#website"},"primaryImageOfPage":{"@id":"https:\/\/www.cidademarketing.com.br\/marketing\/2018\/07\/20\/com-ivete-sangalo-credicard-lanca-maquininhas-para-pagamentos\/#primaryimage"},"image":{"@id":"https:\/\/www.cidademarketing.com.br\/marketing\/2018\/07\/20\/com-ivete-sangalo-credicard-lanca-maquininhas-para-pagamentos\/#primaryimage"},"thumbnailUrl":"https:\/\/www.cidademarketing.com.br\/marketing\/wp-content\/uploads\/2018\/07\/POP-Credicard.png","datePublished":"2018-07-21T00:21:19+00:00","dateModified":"2018-07-21T00:36:05+00:00","breadcrumb":{"@id":"https:\/\/www.cidademarketing.com.br\/marketing\/2018\/07\/20\/com-ivete-sangalo-credicard-lanca-maquininhas-para-pagamentos\/#breadcrumb"},"inLanguage":"pt-BR","potentialAction":[{"@type":"ReadAction","target":["https:\/\/www.cidademarketing.com.br\/marketing\/2018\/07\/20\/com-ivete-sangalo-credicard-lanca-maquininhas-para-pagamentos\/"]}]},{"@type":"ImageObject","inLanguage":"pt-BR","@id":"https:\/\/www.cidademarketing.com.br\/marketing\/2018\/07\/20\/com-ivete-sangalo-credicard-lanca-maquininhas-para-pagamentos\/#primaryimage","url":"https:\/\/www.cidademarketing.com.br\/marketing\/wp-content\/uploads\/2018\/07\/POP-Credicard.png","contentUrl":"https:\/\/www.cidademarketing.com.br\/marketing\/wp-content\/uploads\/2018\/07\/POP-Credicard.png","width":811,"height":1304},{"@type":"BreadcrumbList","@id":"https:\/\/www.cidademarketing.com.br\/marketing\/2018\/07\/20\/com-ivete-sangalo-credicard-lanca-maquininhas-para-pagamentos\/#breadcrumb","itemListElement":[{"@type":"ListItem","position":1,"name":"In\u00edcio","item":"https:\/\/www.cidademarketing.com.br\/marketing\/"},{"@type":"ListItem","position":2,"name":"Com Ivete Sangalo, Credicard lan\u00e7a maquininhas para pagamentos"}]},{"@type":"WebSite","@id":"https:\/\/www.cidademarketing.com.br\/marketing\/#website","url":"https:\/\/www.cidademarketing.com.br\/marketing\/","name":"CidadeMarketing","description":"Somos um ve\u00edculo de comunica\u00e7\u00e3o de destaque no Brasil, reconhecido por conte\u00fados nos segmentos de marketing, empreendedorismo e inova\u00e7\u00e3o.","publisher":{"@id":"https:\/\/www.cidademarketing.com.br\/marketing\/#organization"},"alternateName":"CidadeMarketing","potentialAction":[{"@type":"SearchAction","target":{"@type":"EntryPoint","urlTemplate":"https:\/\/www.cidademarketing.com.br\/marketing\/?s={search_term_string}"},"query-input":{"@type":"PropertyValueSpecification","valueRequired":true,"valueName":"search_term_string"}}],"inLanguage":"pt-BR"},{"@type":"Organization","@id":"https:\/\/www.cidademarketing.com.br\/marketing\/#organization","name":"CidadeMarketing","alternateName":"CidadeMarketing","url":"https:\/\/www.cidademarketing.com.br\/marketing\/","logo":{"@type":"ImageObject","inLanguage":"pt-BR","@id":"https:\/\/www.cidademarketing.com.br\/marketing\/#\/schema\/logo\/image\/","url":"https:\/\/www.cidademarketing.com.br\/marketing\/wp-content\/uploads\/2020\/01\/cidademarketing_marca_mobile.png","contentUrl":"https:\/\/www.cidademarketing.com.br\/marketing\/wp-content\/uploads\/2020\/01\/cidademarketing_marca_mobile.png","width":230,"height":92,"caption":"CidadeMarketing"},"image":{"@id":"https:\/\/www.cidademarketing.com.br\/marketing\/#\/schema\/logo\/image\/"},"sameAs":["https:\/\/www.facebook.com\/portalcidademarketing","https:\/\/x.com\/CidadeMarketing","https:\/\/www.instagram.com\/cidademarketing\/"]},{"@type":"Person","@id":"https:\/\/www.cidademarketing.com.br\/marketing\/#\/schema\/person\/02daff9f18bd9378c9e01eb6b2db155f","name":"Thales Brand\u00e3o","image":{"@type":"ImageObject","inLanguage":"pt-BR","@id":"https:\/\/secure.gravatar.com\/avatar\/7ca3206950207cc3cb48feec56a8a7898741ab725c368d99d5d7a5a50aab80c6?s=96&d=mm&r=g","url":"https:\/\/secure.gravatar.com\/avatar\/7ca3206950207cc3cb48feec56a8a7898741ab725c368d99d5d7a5a50aab80c6?s=96&d=mm&r=g","contentUrl":"https:\/\/secure.gravatar.com\/avatar\/7ca3206950207cc3cb48feec56a8a7898741ab725c368d99d5d7a5a50aab80c6?s=96&d=mm&r=g","caption":"Thales Brand\u00e3o"},"description":"Editor Executivo do Portal CidadeMarketing.com.br &gt; Mestre em Comunica\u00e7\u00e3o e Sociedade pela Universidade Federal de Sergipe. Possui MBA Executivo em Administra\u00e7\u00e3o com \u00eanfase em Marketing pela Funda\u00e7\u00e3o Get\u00falio Vargas - Rio de Janeiro. Consultor, Palestrante e Pesquisador sobre Empreendedorismo, Marketing, Redes Sociais e Neg\u00f3cios Digitais. Professor, Palestrante TedxTalks e Campus Party. Twitter: @ThalesBrandao","sameAs":["http:\/\/www.mandacaru.com.br","https:\/\/www.facebook.com\/thalesbrandao","http:\/\/www.instagram.com.br\/thalesbrandaoferreira","https:\/\/www.linkedin.com\/in\/thales-brand\u00e3o-3948609\/","https:\/\/x.com\/http:\/\/www.twitter.com\/thalesbrandao"],"url":"https:\/\/www.cidademarketing.com.br\/marketing\/author\/thalesbrandao\/"}]}},"amp_enabled":true,"_links":{"self":[{"href":"https:\/\/www.cidademarketing.com.br\/marketing\/wp-json\/wp\/v2\/posts\/809","targetHints":{"allow":["GET"]}}],"collection":[{"href":"https:\/\/www.cidademarketing.com.br\/marketing\/wp-json\/wp\/v2\/posts"}],"about":[{"href":"https:\/\/www.cidademarketing.com.br\/marketing\/wp-json\/wp\/v2\/types\/post"}],"author":[{"embeddable":true,"href":"https:\/\/www.cidademarketing.com.br\/marketing\/wp-json\/wp\/v2\/users\/1"}],"replies":[{"embeddable":true,"href":"https:\/\/www.cidademarketing.com.br\/marketing\/wp-json\/wp\/v2\/comments?post=809"}],"version-history":[{"count":3,"href":"https:\/\/www.cidademarketing.com.br\/marketing\/wp-json\/wp\/v2\/posts\/809\/revisions"}],"predecessor-version":[{"id":814,"href":"https:\/\/www.cidademarketing.com.br\/marketing\/wp-json\/wp\/v2\/posts\/809\/revisions\/814"}],"wp:featuredmedia":[{"embeddable":true,"href":"https:\/\/www.cidademarketing.com.br\/marketing\/wp-json\/wp\/v2\/media\/811"}],"wp:attachment":[{"href":"https:\/\/www.cidademarketing.com.br\/marketing\/wp-json\/wp\/v2\/media?parent=809"}],"wp:term":[{"taxonomy":"category","embeddable":true,"href":"https:\/\/www.cidademarketing.com.br\/marketing\/wp-json\/wp\/v2\/categories?post=809"},{"taxonomy":"post_tag","embeddable":true,"href":"https:\/\/www.cidademarketing.com.br\/marketing\/wp-json\/wp\/v2\/tags?post=809"}],"curies":[{"name":"wp","href":"https:\/\/api.w.org\/{rel}","templated":true}]}}