{"id":8029,"date":"2019-05-02T20:17:23","date_gmt":"2019-05-02T16:17:23","guid":{"rendered":"http:\/\/www.cidademarketing.com.br\/marketing\/?p=8029"},"modified":"2019-05-02T20:17:27","modified_gmt":"2019-05-02T16:17:27","slug":"stf-concede-liminar-e-suspende-exigencias-para-que-gravidas-e-lactantes-sejam-afastadas-de-trabalho-insalubre","status":"publish","type":"post","link":"https:\/\/www.cidademarketing.com.br\/marketing\/2019\/05\/02\/stf-concede-liminar-e-suspende-exigencias-para-que-gravidas-e-lactantes-sejam-afastadas-de-trabalho-insalubre\/","title":{"rendered":"STF concede liminar e suspende exig\u00eancias para que gr\u00e1vidas e lactantes sejam afastadas de trabalho insalubre"},"content":{"rendered":"\n<p>O ministro do Supremo Tribunal Federal Alexandre de Moraes concedeu liminar para suspender a efic\u00e1cia de exig\u00eancias previstas na Consolida\u00e7\u00e3o das Leis Trabalhistas (CLT), segundo as quais, para serem afastadas de atividades insalubres gr\u00e1vidas e lactantes deveriam apresentar atestado m\u00e9dico que recomendasse o afastamento. A decis\u00e3o acatou parecer da procuradora-geral da Rep\u00fablica, Raquel Dodge, que defendeu a concess\u00e3o da ordem&nbsp; por entender que as normas apresentam inconstitucionalidade material. Ao se manifestar na condi\u00e7\u00e3o de fiscal da lei, no \u00e2mbito da A\u00e7\u00e3o Direta de Inconstitucionalidade 5.938, proposta pela Confedera\u00e7\u00e3o Nacional dos Trabalhadores Metal\u00fargicos, a procuradora-geral afirmou que a veda\u00e7\u00e3o do trabalho de gestantes e lactantes em atividades insalubres \u2013 em qualquer grau \u2013 possui&nbsp; car\u00e1ter concretizador de&nbsp;direitos fundamentais e, por isso, deve ser integralmente respeitada.<\/p>\n\n\n\n<p>A ADI foi proposta em abril do ano passado com o prop\u00f3sito de questionar a efic\u00e1cia da&nbsp; express\u00e3o \u201cquando apresentar atestado de sa\u00fade, emitido por m\u00e9dico de confian\u00e7a da mulher, que recomende o afastamento\u201d, contida nos incisos II e III do art. 394-A da CLT.&nbsp; Para os autores da a\u00e7\u00e3o, o texto viola v\u00e1rios dispositivos constitucionais, como os que tratam da prote\u00e7\u00e3o \u00e0 maternidade, \u00e0 gestante, ao nascituro e ao rec\u00e9m-nascido. Tamb\u00e9m fere a dignidade humana e os valores sociais do trabalho e o objetivo fundamental da Rep\u00fablica de erradicar a pobreza e reduzir as desigualdades sociais e regionais. Ainda na a\u00e7\u00e3o, a norma aprovada pelo Congresso Nacional foi apontada como sendo um instrumento que afronta a valoriza\u00e7\u00e3o do trabalho humano, a ordem social brasileira, o primado do trabalho e o direito ao meio ambiente do trabalho equilibrado.<\/p>\n\n\n\n<p>Na decis\u00e3o, nessa ter\u00e7a-feira (30), o ministro Alexandre de Moraes cita manifesta\u00e7\u00f5es apresentadas pela Advocacia-Geral da Uni\u00e3o, representando a&nbsp; Presid\u00eancia da Rep\u00fablica, da C\u00e2mara e do Senado, no sentido da legalidade e regularidade de tramita\u00e7\u00e3o da norma questionada. O ministro afirma, ainda, que desde o fim do ano passado disponibilizou a a\u00e7\u00e3o para aprecia\u00e7\u00e3o do Plen\u00e1rio da Corte, o que ainda n\u00e3o foi poss\u00edvel diante da quantidade de processos em andamento no Tribunal. Sobre o parecer apresentado pela PGR, Alexandre de Moraes destacou que, conforme o documento, a reda\u00e7\u00e3o dada pelo art. 1\u00ba da Lei 13.467\/2017, ao autorizar o trabalho de gestantes em atividades insalubres em graus m\u00e9dio e m\u00ednimo e o de lactantes em qualquer grau, \u201cacabou por, temerariamente, transformar em regra a exposi\u00e7\u00e3o ao risco, obstando as trabalhadoras e aos seus filhos a integral prote\u00e7\u00e3o assegurada pela Carta Magna e, ainda, desviando-se do objetivo maior das normas tutelares do meio ambiente laboral\u201d<\/p>\n\n\n\n<p>O parecer da procuradora-geral foi apresentado ainda em 2018 e tamb\u00e9m chamou aten\u00e7\u00e3o para o fato de que os dispositivos questionados na ADI representam um retrocesso social por reduzir de forma arbitr\u00e1ria e injustificada o n\u00edvel \u201cde prote\u00e7\u00e3o \u00e0 vida, \u00e0 sa\u00fade, \u00e0 maternidade, \u00e0 inf\u00e2ncia e ao trabalho em condi\u00e7\u00f5es dignas e seguras\u201d. Ao justificar a concess\u00e3o da liminar, o ministro frisou que as express\u00f5es impugnadas permitem a exposi\u00e7\u00e3o de empregadas gr\u00e1vidas e lactantes a trabalho em condi\u00e7\u00f5es insalubres e que, portanto, h\u00e1 um perigo na demora da decis\u00e3o. \u201cMesmo em situa\u00e7\u00f5es de manifesto preju\u00edzo \u00e0 sa\u00fade da trabalhadora, por for\u00e7a do texto impugnado, ser\u00e1 \u00f4nus desta a demonstra\u00e7\u00e3o probat\u00f3ria e documental dessa circunst\u00e2ncia, o que obviamente desfavorece a plena prote\u00e7\u00e3o do interesse constitucionalmente protegido, na medida em que sujeita a trabalhadora a maior embara\u00e7o para o exerc\u00edcio de seus direitos\u201d, concluiu.<\/p>\n\n\n\n<p>CidadeMarketing com informa\u00e7\u00f5es do <a href=\"http:\/\/www.mpf.mp.br\/pgr\/noticias-pgr\/stf-concede-liminar-e-suspende-exigencias-para-que-gravidas-e-lactantes-sejam-afastadas-de-trabalho-insalubre\" target=\"_blank\" rel=\"noreferrer noopener\" aria-label=\"Minist\u00e9rio P\u00fablico Federal (abre numa nova aba)\">Minist\u00e9rio P\u00fablico Federal<\/a>.<\/p>\n","protected":false},"excerpt":{"rendered":"<p>O ministro do Supremo Tribunal Federal Alexandre de Moraes concedeu liminar para suspender a efic\u00e1cia de exig\u00eancias previstas na Consolida\u00e7\u00e3o das Leis Trabalhistas (CLT), segundo as quais, para serem afastadas de atividades insalubres gr\u00e1vidas e lactantes deveriam apresentar atestado m\u00e9dico que recomendasse o afastamento. A decis\u00e3o acatou parecer da procuradora-geral da Rep\u00fablica, Raquel Dodge, que [&hellip;]<\/p>\n","protected":false},"author":1,"featured_media":8030,"comment_status":"open","ping_status":"open","sticky":false,"template":"","format":"standard","meta":{"tdm_status":"","tdm_grid_status":"","footnotes":""},"categories":[6],"tags":[147,473],"class_list":["post-8029","post","type-post","status-publish","format-standard","has-post-thumbnail","hentry","category-noticias","tag-brasil","tag-stf"],"yoast_head":"<!-- This site is optimized with the Yoast SEO plugin v27.5 - https:\/\/yoast.com\/product\/yoast-seo-wordpress\/ -->\n<title>STF concede liminar e suspende exig\u00eancias para que gr\u00e1vidas e lactantes sejam afastadas de trabalho insalubre - CidadeMarketing<\/title>\n<meta name=\"robots\" content=\"index, follow, max-snippet:-1, max-image-preview:large, max-video-preview:-1\" \/>\n<link rel=\"canonical\" href=\"https:\/\/www.cidademarketing.com.br\/marketing\/2019\/05\/02\/stf-concede-liminar-e-suspende-exigencias-para-que-gravidas-e-lactantes-sejam-afastadas-de-trabalho-insalubre\/\" \/>\n<meta property=\"og:locale\" content=\"pt_BR\" \/>\n<meta property=\"og:type\" content=\"article\" \/>\n<meta property=\"og:title\" content=\"STF concede liminar e suspende exig\u00eancias para que gr\u00e1vidas e lactantes sejam afastadas de trabalho insalubre - CidadeMarketing\" \/>\n<meta property=\"og:description\" content=\"O ministro do Supremo Tribunal Federal Alexandre de Moraes concedeu liminar para suspender a efic\u00e1cia de exig\u00eancias previstas na Consolida\u00e7\u00e3o das Leis Trabalhistas (CLT), segundo as quais, para serem afastadas de atividades insalubres gr\u00e1vidas e lactantes deveriam apresentar atestado m\u00e9dico que recomendasse o afastamento. A decis\u00e3o acatou parecer da procuradora-geral da Rep\u00fablica, Raquel Dodge, que [&hellip;]\" \/>\n<meta property=\"og:url\" content=\"https:\/\/www.cidademarketing.com.br\/marketing\/2019\/05\/02\/stf-concede-liminar-e-suspende-exigencias-para-que-gravidas-e-lactantes-sejam-afastadas-de-trabalho-insalubre\/\" \/>\n<meta property=\"og:site_name\" content=\"CidadeMarketing\" \/>\n<meta property=\"article:publisher\" content=\"https:\/\/www.facebook.com\/portalcidademarketing\" \/>\n<meta property=\"article:author\" content=\"https:\/\/www.facebook.com\/thalesbrandao\" \/>\n<meta property=\"article:published_time\" content=\"2019-05-02T16:17:23+00:00\" \/>\n<meta property=\"article:modified_time\" content=\"2019-05-02T16:17:27+00:00\" \/>\n<meta property=\"og:image\" content=\"https:\/\/www.cidademarketing.com.br\/marketing\/wp-content\/uploads\/2019\/05\/ministeriopublicofederal.png\" \/>\n\t<meta property=\"og:image:width\" content=\"749\" \/>\n\t<meta property=\"og:image:height\" content=\"410\" \/>\n\t<meta property=\"og:image:type\" content=\"image\/png\" \/>\n<meta name=\"author\" content=\"Thales Brand\u00e3o\" \/>\n<meta name=\"twitter:card\" content=\"summary_large_image\" \/>\n<meta name=\"twitter:creator\" content=\"@http:\/\/www.twitter.com\/thalesbrandao\" \/>\n<meta name=\"twitter:site\" content=\"@CidadeMarketing\" \/>\n<meta name=\"twitter:label1\" content=\"Escrito por\" \/>\n\t<meta name=\"twitter:data1\" content=\"Thales Brand\u00e3o\" \/>\n\t<meta name=\"twitter:label2\" content=\"Est. tempo de leitura\" \/>\n\t<meta name=\"twitter:data2\" content=\"3 minutos\" \/>\n<script type=\"application\/ld+json\" class=\"yoast-schema-graph\">{\"@context\":\"https:\\\/\\\/schema.org\",\"@graph\":[{\"@type\":\"Article\",\"@id\":\"https:\\\/\\\/www.cidademarketing.com.br\\\/marketing\\\/2019\\\/05\\\/02\\\/stf-concede-liminar-e-suspende-exigencias-para-que-gravidas-e-lactantes-sejam-afastadas-de-trabalho-insalubre\\\/#article\",\"isPartOf\":{\"@id\":\"https:\\\/\\\/www.cidademarketing.com.br\\\/marketing\\\/2019\\\/05\\\/02\\\/stf-concede-liminar-e-suspende-exigencias-para-que-gravidas-e-lactantes-sejam-afastadas-de-trabalho-insalubre\\\/\"},\"author\":{\"name\":\"Thales Brand\u00e3o\",\"@id\":\"https:\\\/\\\/www.cidademarketing.com.br\\\/marketing\\\/#\\\/schema\\\/person\\\/02daff9f18bd9378c9e01eb6b2db155f\"},\"headline\":\"STF concede liminar e suspende exig\u00eancias para que gr\u00e1vidas e lactantes sejam afastadas de trabalho insalubre\",\"datePublished\":\"2019-05-02T16:17:23+00:00\",\"dateModified\":\"2019-05-02T16:17:27+00:00\",\"mainEntityOfPage\":{\"@id\":\"https:\\\/\\\/www.cidademarketing.com.br\\\/marketing\\\/2019\\\/05\\\/02\\\/stf-concede-liminar-e-suspende-exigencias-para-que-gravidas-e-lactantes-sejam-afastadas-de-trabalho-insalubre\\\/\"},\"wordCount\":650,\"commentCount\":0,\"publisher\":{\"@id\":\"https:\\\/\\\/www.cidademarketing.com.br\\\/marketing\\\/#organization\"},\"image\":{\"@id\":\"https:\\\/\\\/www.cidademarketing.com.br\\\/marketing\\\/2019\\\/05\\\/02\\\/stf-concede-liminar-e-suspende-exigencias-para-que-gravidas-e-lactantes-sejam-afastadas-de-trabalho-insalubre\\\/#primaryimage\"},\"thumbnailUrl\":\"https:\\\/\\\/www.cidademarketing.com.br\\\/marketing\\\/wp-content\\\/uploads\\\/2019\\\/05\\\/ministeriopublicofederal.png\",\"keywords\":[\"Brasil\",\"STF\"],\"articleSection\":[\"Not\u00edcias\"],\"inLanguage\":\"pt-BR\",\"potentialAction\":[{\"@type\":\"CommentAction\",\"name\":\"Comment\",\"target\":[\"https:\\\/\\\/www.cidademarketing.com.br\\\/marketing\\\/2019\\\/05\\\/02\\\/stf-concede-liminar-e-suspende-exigencias-para-que-gravidas-e-lactantes-sejam-afastadas-de-trabalho-insalubre\\\/#respond\"]}]},{\"@type\":\"WebPage\",\"@id\":\"https:\\\/\\\/www.cidademarketing.com.br\\\/marketing\\\/2019\\\/05\\\/02\\\/stf-concede-liminar-e-suspende-exigencias-para-que-gravidas-e-lactantes-sejam-afastadas-de-trabalho-insalubre\\\/\",\"url\":\"https:\\\/\\\/www.cidademarketing.com.br\\\/marketing\\\/2019\\\/05\\\/02\\\/stf-concede-liminar-e-suspende-exigencias-para-que-gravidas-e-lactantes-sejam-afastadas-de-trabalho-insalubre\\\/\",\"name\":\"STF concede liminar e suspende exig\u00eancias para que gr\u00e1vidas e lactantes sejam afastadas de trabalho insalubre - CidadeMarketing\",\"isPartOf\":{\"@id\":\"https:\\\/\\\/www.cidademarketing.com.br\\\/marketing\\\/#website\"},\"primaryImageOfPage\":{\"@id\":\"https:\\\/\\\/www.cidademarketing.com.br\\\/marketing\\\/2019\\\/05\\\/02\\\/stf-concede-liminar-e-suspende-exigencias-para-que-gravidas-e-lactantes-sejam-afastadas-de-trabalho-insalubre\\\/#primaryimage\"},\"image\":{\"@id\":\"https:\\\/\\\/www.cidademarketing.com.br\\\/marketing\\\/2019\\\/05\\\/02\\\/stf-concede-liminar-e-suspende-exigencias-para-que-gravidas-e-lactantes-sejam-afastadas-de-trabalho-insalubre\\\/#primaryimage\"},\"thumbnailUrl\":\"https:\\\/\\\/www.cidademarketing.com.br\\\/marketing\\\/wp-content\\\/uploads\\\/2019\\\/05\\\/ministeriopublicofederal.png\",\"datePublished\":\"2019-05-02T16:17:23+00:00\",\"dateModified\":\"2019-05-02T16:17:27+00:00\",\"breadcrumb\":{\"@id\":\"https:\\\/\\\/www.cidademarketing.com.br\\\/marketing\\\/2019\\\/05\\\/02\\\/stf-concede-liminar-e-suspende-exigencias-para-que-gravidas-e-lactantes-sejam-afastadas-de-trabalho-insalubre\\\/#breadcrumb\"},\"inLanguage\":\"pt-BR\",\"potentialAction\":[{\"@type\":\"ReadAction\",\"target\":[\"https:\\\/\\\/www.cidademarketing.com.br\\\/marketing\\\/2019\\\/05\\\/02\\\/stf-concede-liminar-e-suspende-exigencias-para-que-gravidas-e-lactantes-sejam-afastadas-de-trabalho-insalubre\\\/\"]}]},{\"@type\":\"ImageObject\",\"inLanguage\":\"pt-BR\",\"@id\":\"https:\\\/\\\/www.cidademarketing.com.br\\\/marketing\\\/2019\\\/05\\\/02\\\/stf-concede-liminar-e-suspende-exigencias-para-que-gravidas-e-lactantes-sejam-afastadas-de-trabalho-insalubre\\\/#primaryimage\",\"url\":\"https:\\\/\\\/www.cidademarketing.com.br\\\/marketing\\\/wp-content\\\/uploads\\\/2019\\\/05\\\/ministeriopublicofederal.png\",\"contentUrl\":\"https:\\\/\\\/www.cidademarketing.com.br\\\/marketing\\\/wp-content\\\/uploads\\\/2019\\\/05\\\/ministeriopublicofederal.png\",\"width\":749,\"height\":410},{\"@type\":\"BreadcrumbList\",\"@id\":\"https:\\\/\\\/www.cidademarketing.com.br\\\/marketing\\\/2019\\\/05\\\/02\\\/stf-concede-liminar-e-suspende-exigencias-para-que-gravidas-e-lactantes-sejam-afastadas-de-trabalho-insalubre\\\/#breadcrumb\",\"itemListElement\":[{\"@type\":\"ListItem\",\"position\":1,\"name\":\"In\u00edcio\",\"item\":\"https:\\\/\\\/www.cidademarketing.com.br\\\/marketing\\\/\"},{\"@type\":\"ListItem\",\"position\":2,\"name\":\"STF concede liminar e suspende exig\u00eancias para que gr\u00e1vidas e lactantes sejam afastadas de trabalho insalubre\"}]},{\"@type\":\"WebSite\",\"@id\":\"https:\\\/\\\/www.cidademarketing.com.br\\\/marketing\\\/#website\",\"url\":\"https:\\\/\\\/www.cidademarketing.com.br\\\/marketing\\\/\",\"name\":\"CidadeMarketing\",\"description\":\"Somos um ve\u00edculo de comunica\u00e7\u00e3o de destaque no Brasil, reconhecido por conte\u00fados nos segmentos de marketing, empreendedorismo e inova\u00e7\u00e3o.\",\"publisher\":{\"@id\":\"https:\\\/\\\/www.cidademarketing.com.br\\\/marketing\\\/#organization\"},\"alternateName\":\"CidadeMarketing\",\"potentialAction\":[{\"@type\":\"SearchAction\",\"target\":{\"@type\":\"EntryPoint\",\"urlTemplate\":\"https:\\\/\\\/www.cidademarketing.com.br\\\/marketing\\\/?s={search_term_string}\"},\"query-input\":{\"@type\":\"PropertyValueSpecification\",\"valueRequired\":true,\"valueName\":\"search_term_string\"}}],\"inLanguage\":\"pt-BR\"},{\"@type\":\"Organization\",\"@id\":\"https:\\\/\\\/www.cidademarketing.com.br\\\/marketing\\\/#organization\",\"name\":\"CidadeMarketing\",\"alternateName\":\"CidadeMarketing\",\"url\":\"https:\\\/\\\/www.cidademarketing.com.br\\\/marketing\\\/\",\"logo\":{\"@type\":\"ImageObject\",\"inLanguage\":\"pt-BR\",\"@id\":\"https:\\\/\\\/www.cidademarketing.com.br\\\/marketing\\\/#\\\/schema\\\/logo\\\/image\\\/\",\"url\":\"https:\\\/\\\/www.cidademarketing.com.br\\\/marketing\\\/wp-content\\\/uploads\\\/2020\\\/01\\\/cidademarketing_marca_mobile.png\",\"contentUrl\":\"https:\\\/\\\/www.cidademarketing.com.br\\\/marketing\\\/wp-content\\\/uploads\\\/2020\\\/01\\\/cidademarketing_marca_mobile.png\",\"width\":230,\"height\":92,\"caption\":\"CidadeMarketing\"},\"image\":{\"@id\":\"https:\\\/\\\/www.cidademarketing.com.br\\\/marketing\\\/#\\\/schema\\\/logo\\\/image\\\/\"},\"sameAs\":[\"https:\\\/\\\/www.facebook.com\\\/portalcidademarketing\",\"https:\\\/\\\/x.com\\\/CidadeMarketing\",\"https:\\\/\\\/www.instagram.com\\\/cidademarketing\\\/\"]},{\"@type\":\"Person\",\"@id\":\"https:\\\/\\\/www.cidademarketing.com.br\\\/marketing\\\/#\\\/schema\\\/person\\\/02daff9f18bd9378c9e01eb6b2db155f\",\"name\":\"Thales Brand\u00e3o\",\"image\":{\"@type\":\"ImageObject\",\"inLanguage\":\"pt-BR\",\"@id\":\"https:\\\/\\\/secure.gravatar.com\\\/avatar\\\/7ca3206950207cc3cb48feec56a8a7898741ab725c368d99d5d7a5a50aab80c6?s=96&d=mm&r=g\",\"url\":\"https:\\\/\\\/secure.gravatar.com\\\/avatar\\\/7ca3206950207cc3cb48feec56a8a7898741ab725c368d99d5d7a5a50aab80c6?s=96&d=mm&r=g\",\"contentUrl\":\"https:\\\/\\\/secure.gravatar.com\\\/avatar\\\/7ca3206950207cc3cb48feec56a8a7898741ab725c368d99d5d7a5a50aab80c6?s=96&d=mm&r=g\",\"caption\":\"Thales Brand\u00e3o\"},\"description\":\"Editor Executivo do Portal CidadeMarketing.com.br &gt; Mestre em Comunica\u00e7\u00e3o e Sociedade pela Universidade Federal de Sergipe. Possui MBA Executivo em Administra\u00e7\u00e3o com \u00eanfase em Marketing pela Funda\u00e7\u00e3o Get\u00falio Vargas - Rio de Janeiro. Consultor, Palestrante e Pesquisador sobre Empreendedorismo, Marketing, Redes Sociais e Neg\u00f3cios Digitais. Professor, Palestrante TedxTalks e Campus Party. Twitter: @ThalesBrandao\",\"sameAs\":[\"http:\\\/\\\/www.mandacaru.com.br\",\"https:\\\/\\\/www.facebook.com\\\/thalesbrandao\",\"http:\\\/\\\/www.instagram.com.br\\\/thalesbrandaoferreira\",\"https:\\\/\\\/www.linkedin.com\\\/in\\\/thales-brand\u00e3o-3948609\\\/\",\"https:\\\/\\\/x.com\\\/http:\\\/\\\/www.twitter.com\\\/thalesbrandao\"],\"url\":\"https:\\\/\\\/www.cidademarketing.com.br\\\/marketing\\\/author\\\/thalesbrandao\\\/\"}]}<\/script>\n<!-- \/ Yoast SEO plugin. -->","yoast_head_json":{"title":"STF concede liminar e suspende exig\u00eancias para que gr\u00e1vidas e lactantes sejam afastadas de trabalho insalubre - CidadeMarketing","robots":{"index":"index","follow":"follow","max-snippet":"max-snippet:-1","max-image-preview":"max-image-preview:large","max-video-preview":"max-video-preview:-1"},"canonical":"https:\/\/www.cidademarketing.com.br\/marketing\/2019\/05\/02\/stf-concede-liminar-e-suspende-exigencias-para-que-gravidas-e-lactantes-sejam-afastadas-de-trabalho-insalubre\/","og_locale":"pt_BR","og_type":"article","og_title":"STF concede liminar e suspende exig\u00eancias para que gr\u00e1vidas e lactantes sejam afastadas de trabalho insalubre - CidadeMarketing","og_description":"O ministro do Supremo Tribunal Federal Alexandre de Moraes concedeu liminar para suspender a efic\u00e1cia de exig\u00eancias previstas na Consolida\u00e7\u00e3o das Leis Trabalhistas (CLT), segundo as quais, para serem afastadas de atividades insalubres gr\u00e1vidas e lactantes deveriam apresentar atestado m\u00e9dico que recomendasse o afastamento. A decis\u00e3o acatou parecer da procuradora-geral da Rep\u00fablica, Raquel Dodge, que [&hellip;]","og_url":"https:\/\/www.cidademarketing.com.br\/marketing\/2019\/05\/02\/stf-concede-liminar-e-suspende-exigencias-para-que-gravidas-e-lactantes-sejam-afastadas-de-trabalho-insalubre\/","og_site_name":"CidadeMarketing","article_publisher":"https:\/\/www.facebook.com\/portalcidademarketing","article_author":"https:\/\/www.facebook.com\/thalesbrandao","article_published_time":"2019-05-02T16:17:23+00:00","article_modified_time":"2019-05-02T16:17:27+00:00","og_image":[{"width":749,"height":410,"url":"https:\/\/www.cidademarketing.com.br\/marketing\/wp-content\/uploads\/2019\/05\/ministeriopublicofederal.png","type":"image\/png"}],"author":"Thales Brand\u00e3o","twitter_card":"summary_large_image","twitter_creator":"@http:\/\/www.twitter.com\/thalesbrandao","twitter_site":"@CidadeMarketing","twitter_misc":{"Escrito por":"Thales Brand\u00e3o","Est. tempo de leitura":"3 minutos"},"schema":{"@context":"https:\/\/schema.org","@graph":[{"@type":"Article","@id":"https:\/\/www.cidademarketing.com.br\/marketing\/2019\/05\/02\/stf-concede-liminar-e-suspende-exigencias-para-que-gravidas-e-lactantes-sejam-afastadas-de-trabalho-insalubre\/#article","isPartOf":{"@id":"https:\/\/www.cidademarketing.com.br\/marketing\/2019\/05\/02\/stf-concede-liminar-e-suspende-exigencias-para-que-gravidas-e-lactantes-sejam-afastadas-de-trabalho-insalubre\/"},"author":{"name":"Thales Brand\u00e3o","@id":"https:\/\/www.cidademarketing.com.br\/marketing\/#\/schema\/person\/02daff9f18bd9378c9e01eb6b2db155f"},"headline":"STF concede liminar e suspende exig\u00eancias para que gr\u00e1vidas e lactantes sejam afastadas de trabalho insalubre","datePublished":"2019-05-02T16:17:23+00:00","dateModified":"2019-05-02T16:17:27+00:00","mainEntityOfPage":{"@id":"https:\/\/www.cidademarketing.com.br\/marketing\/2019\/05\/02\/stf-concede-liminar-e-suspende-exigencias-para-que-gravidas-e-lactantes-sejam-afastadas-de-trabalho-insalubre\/"},"wordCount":650,"commentCount":0,"publisher":{"@id":"https:\/\/www.cidademarketing.com.br\/marketing\/#organization"},"image":{"@id":"https:\/\/www.cidademarketing.com.br\/marketing\/2019\/05\/02\/stf-concede-liminar-e-suspende-exigencias-para-que-gravidas-e-lactantes-sejam-afastadas-de-trabalho-insalubre\/#primaryimage"},"thumbnailUrl":"https:\/\/www.cidademarketing.com.br\/marketing\/wp-content\/uploads\/2019\/05\/ministeriopublicofederal.png","keywords":["Brasil","STF"],"articleSection":["Not\u00edcias"],"inLanguage":"pt-BR","potentialAction":[{"@type":"CommentAction","name":"Comment","target":["https:\/\/www.cidademarketing.com.br\/marketing\/2019\/05\/02\/stf-concede-liminar-e-suspende-exigencias-para-que-gravidas-e-lactantes-sejam-afastadas-de-trabalho-insalubre\/#respond"]}]},{"@type":"WebPage","@id":"https:\/\/www.cidademarketing.com.br\/marketing\/2019\/05\/02\/stf-concede-liminar-e-suspende-exigencias-para-que-gravidas-e-lactantes-sejam-afastadas-de-trabalho-insalubre\/","url":"https:\/\/www.cidademarketing.com.br\/marketing\/2019\/05\/02\/stf-concede-liminar-e-suspende-exigencias-para-que-gravidas-e-lactantes-sejam-afastadas-de-trabalho-insalubre\/","name":"STF concede liminar e suspende exig\u00eancias para que gr\u00e1vidas e lactantes sejam afastadas de trabalho insalubre - CidadeMarketing","isPartOf":{"@id":"https:\/\/www.cidademarketing.com.br\/marketing\/#website"},"primaryImageOfPage":{"@id":"https:\/\/www.cidademarketing.com.br\/marketing\/2019\/05\/02\/stf-concede-liminar-e-suspende-exigencias-para-que-gravidas-e-lactantes-sejam-afastadas-de-trabalho-insalubre\/#primaryimage"},"image":{"@id":"https:\/\/www.cidademarketing.com.br\/marketing\/2019\/05\/02\/stf-concede-liminar-e-suspende-exigencias-para-que-gravidas-e-lactantes-sejam-afastadas-de-trabalho-insalubre\/#primaryimage"},"thumbnailUrl":"https:\/\/www.cidademarketing.com.br\/marketing\/wp-content\/uploads\/2019\/05\/ministeriopublicofederal.png","datePublished":"2019-05-02T16:17:23+00:00","dateModified":"2019-05-02T16:17:27+00:00","breadcrumb":{"@id":"https:\/\/www.cidademarketing.com.br\/marketing\/2019\/05\/02\/stf-concede-liminar-e-suspende-exigencias-para-que-gravidas-e-lactantes-sejam-afastadas-de-trabalho-insalubre\/#breadcrumb"},"inLanguage":"pt-BR","potentialAction":[{"@type":"ReadAction","target":["https:\/\/www.cidademarketing.com.br\/marketing\/2019\/05\/02\/stf-concede-liminar-e-suspende-exigencias-para-que-gravidas-e-lactantes-sejam-afastadas-de-trabalho-insalubre\/"]}]},{"@type":"ImageObject","inLanguage":"pt-BR","@id":"https:\/\/www.cidademarketing.com.br\/marketing\/2019\/05\/02\/stf-concede-liminar-e-suspende-exigencias-para-que-gravidas-e-lactantes-sejam-afastadas-de-trabalho-insalubre\/#primaryimage","url":"https:\/\/www.cidademarketing.com.br\/marketing\/wp-content\/uploads\/2019\/05\/ministeriopublicofederal.png","contentUrl":"https:\/\/www.cidademarketing.com.br\/marketing\/wp-content\/uploads\/2019\/05\/ministeriopublicofederal.png","width":749,"height":410},{"@type":"BreadcrumbList","@id":"https:\/\/www.cidademarketing.com.br\/marketing\/2019\/05\/02\/stf-concede-liminar-e-suspende-exigencias-para-que-gravidas-e-lactantes-sejam-afastadas-de-trabalho-insalubre\/#breadcrumb","itemListElement":[{"@type":"ListItem","position":1,"name":"In\u00edcio","item":"https:\/\/www.cidademarketing.com.br\/marketing\/"},{"@type":"ListItem","position":2,"name":"STF concede liminar e suspende exig\u00eancias para que gr\u00e1vidas e lactantes sejam afastadas de trabalho insalubre"}]},{"@type":"WebSite","@id":"https:\/\/www.cidademarketing.com.br\/marketing\/#website","url":"https:\/\/www.cidademarketing.com.br\/marketing\/","name":"CidadeMarketing","description":"Somos um ve\u00edculo de comunica\u00e7\u00e3o de destaque no Brasil, reconhecido por conte\u00fados nos segmentos de marketing, empreendedorismo e inova\u00e7\u00e3o.","publisher":{"@id":"https:\/\/www.cidademarketing.com.br\/marketing\/#organization"},"alternateName":"CidadeMarketing","potentialAction":[{"@type":"SearchAction","target":{"@type":"EntryPoint","urlTemplate":"https:\/\/www.cidademarketing.com.br\/marketing\/?s={search_term_string}"},"query-input":{"@type":"PropertyValueSpecification","valueRequired":true,"valueName":"search_term_string"}}],"inLanguage":"pt-BR"},{"@type":"Organization","@id":"https:\/\/www.cidademarketing.com.br\/marketing\/#organization","name":"CidadeMarketing","alternateName":"CidadeMarketing","url":"https:\/\/www.cidademarketing.com.br\/marketing\/","logo":{"@type":"ImageObject","inLanguage":"pt-BR","@id":"https:\/\/www.cidademarketing.com.br\/marketing\/#\/schema\/logo\/image\/","url":"https:\/\/www.cidademarketing.com.br\/marketing\/wp-content\/uploads\/2020\/01\/cidademarketing_marca_mobile.png","contentUrl":"https:\/\/www.cidademarketing.com.br\/marketing\/wp-content\/uploads\/2020\/01\/cidademarketing_marca_mobile.png","width":230,"height":92,"caption":"CidadeMarketing"},"image":{"@id":"https:\/\/www.cidademarketing.com.br\/marketing\/#\/schema\/logo\/image\/"},"sameAs":["https:\/\/www.facebook.com\/portalcidademarketing","https:\/\/x.com\/CidadeMarketing","https:\/\/www.instagram.com\/cidademarketing\/"]},{"@type":"Person","@id":"https:\/\/www.cidademarketing.com.br\/marketing\/#\/schema\/person\/02daff9f18bd9378c9e01eb6b2db155f","name":"Thales Brand\u00e3o","image":{"@type":"ImageObject","inLanguage":"pt-BR","@id":"https:\/\/secure.gravatar.com\/avatar\/7ca3206950207cc3cb48feec56a8a7898741ab725c368d99d5d7a5a50aab80c6?s=96&d=mm&r=g","url":"https:\/\/secure.gravatar.com\/avatar\/7ca3206950207cc3cb48feec56a8a7898741ab725c368d99d5d7a5a50aab80c6?s=96&d=mm&r=g","contentUrl":"https:\/\/secure.gravatar.com\/avatar\/7ca3206950207cc3cb48feec56a8a7898741ab725c368d99d5d7a5a50aab80c6?s=96&d=mm&r=g","caption":"Thales Brand\u00e3o"},"description":"Editor Executivo do Portal CidadeMarketing.com.br &gt; Mestre em Comunica\u00e7\u00e3o e Sociedade pela Universidade Federal de Sergipe. Possui MBA Executivo em Administra\u00e7\u00e3o com \u00eanfase em Marketing pela Funda\u00e7\u00e3o Get\u00falio Vargas - Rio de Janeiro. Consultor, Palestrante e Pesquisador sobre Empreendedorismo, Marketing, Redes Sociais e Neg\u00f3cios Digitais. Professor, Palestrante TedxTalks e Campus Party. Twitter: @ThalesBrandao","sameAs":["http:\/\/www.mandacaru.com.br","https:\/\/www.facebook.com\/thalesbrandao","http:\/\/www.instagram.com.br\/thalesbrandaoferreira","https:\/\/www.linkedin.com\/in\/thales-brand\u00e3o-3948609\/","https:\/\/x.com\/http:\/\/www.twitter.com\/thalesbrandao"],"url":"https:\/\/www.cidademarketing.com.br\/marketing\/author\/thalesbrandao\/"}]}},"amp_enabled":true,"_links":{"self":[{"href":"https:\/\/www.cidademarketing.com.br\/marketing\/wp-json\/wp\/v2\/posts\/8029","targetHints":{"allow":["GET"]}}],"collection":[{"href":"https:\/\/www.cidademarketing.com.br\/marketing\/wp-json\/wp\/v2\/posts"}],"about":[{"href":"https:\/\/www.cidademarketing.com.br\/marketing\/wp-json\/wp\/v2\/types\/post"}],"author":[{"embeddable":true,"href":"https:\/\/www.cidademarketing.com.br\/marketing\/wp-json\/wp\/v2\/users\/1"}],"replies":[{"embeddable":true,"href":"https:\/\/www.cidademarketing.com.br\/marketing\/wp-json\/wp\/v2\/comments?post=8029"}],"version-history":[{"count":1,"href":"https:\/\/www.cidademarketing.com.br\/marketing\/wp-json\/wp\/v2\/posts\/8029\/revisions"}],"predecessor-version":[{"id":8031,"href":"https:\/\/www.cidademarketing.com.br\/marketing\/wp-json\/wp\/v2\/posts\/8029\/revisions\/8031"}],"wp:featuredmedia":[{"embeddable":true,"href":"https:\/\/www.cidademarketing.com.br\/marketing\/wp-json\/wp\/v2\/media\/8030"}],"wp:attachment":[{"href":"https:\/\/www.cidademarketing.com.br\/marketing\/wp-json\/wp\/v2\/media?parent=8029"}],"wp:term":[{"taxonomy":"category","embeddable":true,"href":"https:\/\/www.cidademarketing.com.br\/marketing\/wp-json\/wp\/v2\/categories?post=8029"},{"taxonomy":"post_tag","embeddable":true,"href":"https:\/\/www.cidademarketing.com.br\/marketing\/wp-json\/wp\/v2\/tags?post=8029"}],"curies":[{"name":"wp","href":"https:\/\/api.w.org\/{rel}","templated":true}]}}