{"id":7987,"date":"2019-04-30T21:06:49","date_gmt":"2019-04-30T17:06:49","guid":{"rendered":"http:\/\/www.cidademarketing.com.br\/marketing\/?p=7987"},"modified":"2019-04-30T21:06:52","modified_gmt":"2019-04-30T17:06:52","slug":"setor-publico-registrou-deficit-primario-de-r186-bilhoes-em-marco","status":"publish","type":"post","link":"https:\/\/www.cidademarketing.com.br\/marketing\/2019\/04\/30\/setor-publico-registrou-deficit-primario-de-r186-bilhoes-em-marco\/","title":{"rendered":"Setor p\u00fablico registrou d\u00e9ficit prim\u00e1rio de R$18,6 bilh\u00f5es em mar\u00e7o"},"content":{"rendered":"\n<p>O setor p\u00fablico consolidado registrou d\u00e9ficit prim\u00e1rio de R$18,6 bilh\u00f5es em mar\u00e7o, comparativamente a d\u00e9ficit de R$25,1 bilh\u00f5es em mar\u00e7o do ano anterior. No Governo Central houve d\u00e9ficit de R$20,4 bilh\u00f5es, e nos governos regionais e empresas estatais, super\u00e1vits de R$1,5 bilh\u00e3o e de R$239 milh\u00f5es, respectivamente. <\/p>\n\n\n\n<p>Os juros nominais do setor p\u00fablico consolidado, apropriados por compet\u00eancia, alcan\u00e7aram R$43,5 bilh\u00f5es em mar\u00e7o, comparativamente a R$32,5 bilh\u00f5es no mesmo m\u00eas de 2018. Contribuiu para esse crescimento o resultado mais desfavor\u00e1vel das opera\u00e7\u00f5es de swap cambial (perda de R$12 bilh\u00f5es em mar\u00e7o de 2019 e de R$1,9 bilh\u00e3o em mar\u00e7o de 2018). No acumulado em 12 meses, os juros nominais atingiram R$384,5 bilh\u00f5es (5,55% do PIB), ante R$379,5 bilh\u00f5es (5,74% do PIB) no acumulado at\u00e9 mar\u00e7o do ano anterior. <\/p>\n\n\n\n<p>O resultado nominal do setor p\u00fablico consolidado, que inclui o resultado prim\u00e1rio e os juros nominais apropriados, foi deficit\u00e1rio em R$62,2 bilh\u00f5es em mar\u00e7o. No acumulado em 12 meses, o d\u00e9ficit nominal alcan\u00e7ou R$483,8 bilh\u00f5es (6,98% do PIB), expandindo-se 0,03 p.p. do PIB em rela\u00e7\u00e3o ao d\u00e9ficit acumulado registrado em fevereiro de 2019.<\/p>\n\n\n\n<h3 class=\"wp-block-heading\">2. D\u00edvida L\u00edquida do Setor P\u00fablico (DLSP) e D\u00edvida Bruta do Governo Geral (DBGG)<\/h3>\n\n\n\n<p>A DLSP alcan\u00e7ou R$3.755,1 bilh\u00f5es em mar\u00e7o, 54,2% do PIB, reduzindo-se 0,3 p.p. em rela\u00e7\u00e3o ao m\u00eas anterior. Esse resultado refletiu, sobretudo, a incorpora\u00e7\u00e3o de juros nominais (aumento de 0,6 p.p.), o d\u00e9ficit prim\u00e1rio (aumento de 0,3 p.p.), o crescimento do PIB nominal (redu\u00e7\u00e3o de 0,3 p.p.) e o efeito da desvaloriza\u00e7\u00e3o cambial de 4,2% no m\u00eas (redu\u00e7\u00e3o de 0,7 p.p.). No ano, a rela\u00e7\u00e3o DLSP\/PIB cresceu 0,1 p.p., influenciada pela incorpora\u00e7\u00e3o de juros nominais (aumento de 1,4 p.p.), pela desvaloriza\u00e7\u00e3o cambial de 0,6% (redu\u00e7\u00e3o de 0,1 p.p.), pelo super\u00e1vit prim\u00e1rio acumulado (redu\u00e7\u00e3o de 0,2 p.p.) e pelo crescimento do PIB nominal (redu\u00e7\u00e3o de 0,8 p.p.).<\/p>\n\n\n\n<p>A DBGG \u2013 que compreende o Governo Federal, o INSS e os governos estaduais e municipais \u2013 alcan\u00e7ou R$5.431,0 bilh\u00f5es em mar\u00e7o, equivalente a 78,4% do PIB, 0,9 p.p. acima do percentual registrado em fevereiro. Contribu\u00edram para essa evolu\u00e7\u00e3o as emiss\u00f5es l\u00edquidas de d\u00edvida do governo geral (aumento de 0,7 p.p.), a incorpora\u00e7\u00e3o de juros nominais (aumento de 0,5 p.p.), o efeito da desvaloriza\u00e7\u00e3o cambial (aumento de 0,2 p.p) e o crescimento do PIB nominal (redu\u00e7\u00e3o de 0,4 p.p.). No ano, houve crescimento 1,1 p.p. na rela\u00e7\u00e3o DBGG\/PIB, decorrente, em especial, da incorpora\u00e7\u00e3o de juros (aumento de 1,5 p.p.), de emiss\u00f5es l\u00edquidas de d\u00edvida do governo geral (aumento de 0,8 p.p.) e do crescimento do PIB nominal (redu\u00e7\u00e3o de 1,1 p.p.). &nbsp;<\/p>\n","protected":false},"excerpt":{"rendered":"<p>O setor p\u00fablico consolidado registrou d\u00e9ficit prim\u00e1rio de R$18,6 bilh\u00f5es em mar\u00e7o, comparativamente a d\u00e9ficit de R$25,1 bilh\u00f5es em mar\u00e7o do ano anterior. No Governo Central houve d\u00e9ficit de R$20,4 bilh\u00f5es, e nos governos regionais e empresas estatais, super\u00e1vits de R$1,5 bilh\u00e3o e de R$239 milh\u00f5es, respectivamente. Os juros nominais do setor p\u00fablico consolidado, apropriados [&hellip;]<\/p>\n","protected":false},"author":1,"featured_media":3271,"comment_status":"open","ping_status":"open","sticky":false,"template":"","format":"standard","meta":{"tdm_status":"","tdm_grid_status":"","footnotes":""},"categories":[6],"tags":[1102,33],"class_list":["post-7987","post","type-post","status-publish","format-standard","has-post-thumbnail","hentry","category-noticias","tag-dinheiro","tag-estrategia"],"yoast_head":"<!-- This site is optimized with the Yoast SEO plugin v27.4 - https:\/\/yoast.com\/product\/yoast-seo-wordpress\/ -->\n<title>Setor p\u00fablico registrou d\u00e9ficit prim\u00e1rio de R$18,6 bilh\u00f5es em mar\u00e7o - CidadeMarketing<\/title>\n<meta name=\"robots\" content=\"index, follow, max-snippet:-1, max-image-preview:large, max-video-preview:-1\" \/>\n<link rel=\"canonical\" href=\"https:\/\/www.cidademarketing.com.br\/marketing\/2019\/04\/30\/setor-publico-registrou-deficit-primario-de-r186-bilhoes-em-marco\/\" \/>\n<meta property=\"og:locale\" content=\"pt_BR\" \/>\n<meta property=\"og:type\" content=\"article\" \/>\n<meta property=\"og:title\" content=\"Setor p\u00fablico registrou d\u00e9ficit prim\u00e1rio de R$18,6 bilh\u00f5es em mar\u00e7o - CidadeMarketing\" \/>\n<meta property=\"og:description\" content=\"O setor p\u00fablico consolidado registrou d\u00e9ficit prim\u00e1rio de R$18,6 bilh\u00f5es em mar\u00e7o, comparativamente a d\u00e9ficit de R$25,1 bilh\u00f5es em mar\u00e7o do ano anterior. No Governo Central houve d\u00e9ficit de R$20,4 bilh\u00f5es, e nos governos regionais e empresas estatais, super\u00e1vits de R$1,5 bilh\u00e3o e de R$239 milh\u00f5es, respectivamente. Os juros nominais do setor p\u00fablico consolidado, apropriados [&hellip;]\" \/>\n<meta property=\"og:url\" content=\"https:\/\/www.cidademarketing.com.br\/marketing\/2019\/04\/30\/setor-publico-registrou-deficit-primario-de-r186-bilhoes-em-marco\/\" \/>\n<meta property=\"og:site_name\" content=\"CidadeMarketing\" \/>\n<meta property=\"article:publisher\" content=\"https:\/\/www.facebook.com\/portalcidademarketing\" \/>\n<meta property=\"article:author\" content=\"https:\/\/www.facebook.com\/thalesbrandao\" \/>\n<meta property=\"article:published_time\" content=\"2019-04-30T17:06:49+00:00\" \/>\n<meta property=\"article:modified_time\" content=\"2019-04-30T17:06:52+00:00\" \/>\n<meta property=\"og:image\" content=\"https:\/\/www.cidademarketing.com.br\/marketing\/wp-content\/uploads\/2018\/11\/dinheiro.jpg\" \/>\n\t<meta property=\"og:image:width\" content=\"460\" \/>\n\t<meta property=\"og:image:height\" content=\"345\" \/>\n\t<meta property=\"og:image:type\" content=\"image\/jpeg\" \/>\n<meta name=\"author\" content=\"Thales Brand\u00e3o\" \/>\n<meta name=\"twitter:card\" content=\"summary_large_image\" \/>\n<meta name=\"twitter:creator\" content=\"@http:\/\/www.twitter.com\/thalesbrandao\" \/>\n<meta name=\"twitter:site\" content=\"@CidadeMarketing\" \/>\n<meta name=\"twitter:label1\" content=\"Escrito por\" \/>\n\t<meta name=\"twitter:data1\" content=\"Thales Brand\u00e3o\" \/>\n\t<meta name=\"twitter:label2\" content=\"Est. tempo de leitura\" \/>\n\t<meta name=\"twitter:data2\" content=\"2 minutos\" \/>\n<script type=\"application\/ld+json\" class=\"yoast-schema-graph\">{\"@context\":\"https:\\\/\\\/schema.org\",\"@graph\":[{\"@type\":\"Article\",\"@id\":\"https:\\\/\\\/www.cidademarketing.com.br\\\/marketing\\\/2019\\\/04\\\/30\\\/setor-publico-registrou-deficit-primario-de-r186-bilhoes-em-marco\\\/#article\",\"isPartOf\":{\"@id\":\"https:\\\/\\\/www.cidademarketing.com.br\\\/marketing\\\/2019\\\/04\\\/30\\\/setor-publico-registrou-deficit-primario-de-r186-bilhoes-em-marco\\\/\"},\"author\":{\"name\":\"Thales Brand\u00e3o\",\"@id\":\"https:\\\/\\\/www.cidademarketing.com.br\\\/marketing\\\/#\\\/schema\\\/person\\\/02daff9f18bd9378c9e01eb6b2db155f\"},\"headline\":\"Setor p\u00fablico registrou d\u00e9ficit prim\u00e1rio de R$18,6 bilh\u00f5es em mar\u00e7o\",\"datePublished\":\"2019-04-30T17:06:49+00:00\",\"dateModified\":\"2019-04-30T17:06:52+00:00\",\"mainEntityOfPage\":{\"@id\":\"https:\\\/\\\/www.cidademarketing.com.br\\\/marketing\\\/2019\\\/04\\\/30\\\/setor-publico-registrou-deficit-primario-de-r186-bilhoes-em-marco\\\/\"},\"wordCount\":503,\"commentCount\":0,\"publisher\":{\"@id\":\"https:\\\/\\\/www.cidademarketing.com.br\\\/marketing\\\/#organization\"},\"image\":{\"@id\":\"https:\\\/\\\/www.cidademarketing.com.br\\\/marketing\\\/2019\\\/04\\\/30\\\/setor-publico-registrou-deficit-primario-de-r186-bilhoes-em-marco\\\/#primaryimage\"},\"thumbnailUrl\":\"https:\\\/\\\/www.cidademarketing.com.br\\\/marketing\\\/wp-content\\\/uploads\\\/2018\\\/11\\\/dinheiro.jpg\",\"keywords\":[\"dinheiro\",\"estrat\u00e9gia\"],\"articleSection\":[\"Not\u00edcias\"],\"inLanguage\":\"pt-BR\",\"potentialAction\":[{\"@type\":\"CommentAction\",\"name\":\"Comment\",\"target\":[\"https:\\\/\\\/www.cidademarketing.com.br\\\/marketing\\\/2019\\\/04\\\/30\\\/setor-publico-registrou-deficit-primario-de-r186-bilhoes-em-marco\\\/#respond\"]}]},{\"@type\":\"WebPage\",\"@id\":\"https:\\\/\\\/www.cidademarketing.com.br\\\/marketing\\\/2019\\\/04\\\/30\\\/setor-publico-registrou-deficit-primario-de-r186-bilhoes-em-marco\\\/\",\"url\":\"https:\\\/\\\/www.cidademarketing.com.br\\\/marketing\\\/2019\\\/04\\\/30\\\/setor-publico-registrou-deficit-primario-de-r186-bilhoes-em-marco\\\/\",\"name\":\"Setor p\u00fablico registrou d\u00e9ficit prim\u00e1rio de R$18,6 bilh\u00f5es em mar\u00e7o - CidadeMarketing\",\"isPartOf\":{\"@id\":\"https:\\\/\\\/www.cidademarketing.com.br\\\/marketing\\\/#website\"},\"primaryImageOfPage\":{\"@id\":\"https:\\\/\\\/www.cidademarketing.com.br\\\/marketing\\\/2019\\\/04\\\/30\\\/setor-publico-registrou-deficit-primario-de-r186-bilhoes-em-marco\\\/#primaryimage\"},\"image\":{\"@id\":\"https:\\\/\\\/www.cidademarketing.com.br\\\/marketing\\\/2019\\\/04\\\/30\\\/setor-publico-registrou-deficit-primario-de-r186-bilhoes-em-marco\\\/#primaryimage\"},\"thumbnailUrl\":\"https:\\\/\\\/www.cidademarketing.com.br\\\/marketing\\\/wp-content\\\/uploads\\\/2018\\\/11\\\/dinheiro.jpg\",\"datePublished\":\"2019-04-30T17:06:49+00:00\",\"dateModified\":\"2019-04-30T17:06:52+00:00\",\"breadcrumb\":{\"@id\":\"https:\\\/\\\/www.cidademarketing.com.br\\\/marketing\\\/2019\\\/04\\\/30\\\/setor-publico-registrou-deficit-primario-de-r186-bilhoes-em-marco\\\/#breadcrumb\"},\"inLanguage\":\"pt-BR\",\"potentialAction\":[{\"@type\":\"ReadAction\",\"target\":[\"https:\\\/\\\/www.cidademarketing.com.br\\\/marketing\\\/2019\\\/04\\\/30\\\/setor-publico-registrou-deficit-primario-de-r186-bilhoes-em-marco\\\/\"]}]},{\"@type\":\"ImageObject\",\"inLanguage\":\"pt-BR\",\"@id\":\"https:\\\/\\\/www.cidademarketing.com.br\\\/marketing\\\/2019\\\/04\\\/30\\\/setor-publico-registrou-deficit-primario-de-r186-bilhoes-em-marco\\\/#primaryimage\",\"url\":\"https:\\\/\\\/www.cidademarketing.com.br\\\/marketing\\\/wp-content\\\/uploads\\\/2018\\\/11\\\/dinheiro.jpg\",\"contentUrl\":\"https:\\\/\\\/www.cidademarketing.com.br\\\/marketing\\\/wp-content\\\/uploads\\\/2018\\\/11\\\/dinheiro.jpg\",\"width\":460,\"height\":345,\"caption\":\"Divulga\u00e7\u00e3o\"},{\"@type\":\"BreadcrumbList\",\"@id\":\"https:\\\/\\\/www.cidademarketing.com.br\\\/marketing\\\/2019\\\/04\\\/30\\\/setor-publico-registrou-deficit-primario-de-r186-bilhoes-em-marco\\\/#breadcrumb\",\"itemListElement\":[{\"@type\":\"ListItem\",\"position\":1,\"name\":\"In\u00edcio\",\"item\":\"https:\\\/\\\/www.cidademarketing.com.br\\\/marketing\\\/\"},{\"@type\":\"ListItem\",\"position\":2,\"name\":\"Setor p\u00fablico registrou d\u00e9ficit prim\u00e1rio de R$18,6 bilh\u00f5es em mar\u00e7o\"}]},{\"@type\":\"WebSite\",\"@id\":\"https:\\\/\\\/www.cidademarketing.com.br\\\/marketing\\\/#website\",\"url\":\"https:\\\/\\\/www.cidademarketing.com.br\\\/marketing\\\/\",\"name\":\"CidadeMarketing\",\"description\":\"Somos um ve\u00edculo de comunica\u00e7\u00e3o de destaque no Brasil, reconhecido por conte\u00fados nos segmentos de marketing, empreendedorismo e inova\u00e7\u00e3o.\",\"publisher\":{\"@id\":\"https:\\\/\\\/www.cidademarketing.com.br\\\/marketing\\\/#organization\"},\"alternateName\":\"CidadeMarketing\",\"potentialAction\":[{\"@type\":\"SearchAction\",\"target\":{\"@type\":\"EntryPoint\",\"urlTemplate\":\"https:\\\/\\\/www.cidademarketing.com.br\\\/marketing\\\/?s={search_term_string}\"},\"query-input\":{\"@type\":\"PropertyValueSpecification\",\"valueRequired\":true,\"valueName\":\"search_term_string\"}}],\"inLanguage\":\"pt-BR\"},{\"@type\":\"Organization\",\"@id\":\"https:\\\/\\\/www.cidademarketing.com.br\\\/marketing\\\/#organization\",\"name\":\"CidadeMarketing\",\"alternateName\":\"CidadeMarketing\",\"url\":\"https:\\\/\\\/www.cidademarketing.com.br\\\/marketing\\\/\",\"logo\":{\"@type\":\"ImageObject\",\"inLanguage\":\"pt-BR\",\"@id\":\"https:\\\/\\\/www.cidademarketing.com.br\\\/marketing\\\/#\\\/schema\\\/logo\\\/image\\\/\",\"url\":\"https:\\\/\\\/www.cidademarketing.com.br\\\/marketing\\\/wp-content\\\/uploads\\\/2020\\\/01\\\/cidademarketing_marca_mobile.png\",\"contentUrl\":\"https:\\\/\\\/www.cidademarketing.com.br\\\/marketing\\\/wp-content\\\/uploads\\\/2020\\\/01\\\/cidademarketing_marca_mobile.png\",\"width\":230,\"height\":92,\"caption\":\"CidadeMarketing\"},\"image\":{\"@id\":\"https:\\\/\\\/www.cidademarketing.com.br\\\/marketing\\\/#\\\/schema\\\/logo\\\/image\\\/\"},\"sameAs\":[\"https:\\\/\\\/www.facebook.com\\\/portalcidademarketing\",\"https:\\\/\\\/x.com\\\/CidadeMarketing\",\"https:\\\/\\\/www.instagram.com\\\/cidademarketing\\\/\"]},{\"@type\":\"Person\",\"@id\":\"https:\\\/\\\/www.cidademarketing.com.br\\\/marketing\\\/#\\\/schema\\\/person\\\/02daff9f18bd9378c9e01eb6b2db155f\",\"name\":\"Thales Brand\u00e3o\",\"image\":{\"@type\":\"ImageObject\",\"inLanguage\":\"pt-BR\",\"@id\":\"https:\\\/\\\/secure.gravatar.com\\\/avatar\\\/7ca3206950207cc3cb48feec56a8a7898741ab725c368d99d5d7a5a50aab80c6?s=96&d=mm&r=g\",\"url\":\"https:\\\/\\\/secure.gravatar.com\\\/avatar\\\/7ca3206950207cc3cb48feec56a8a7898741ab725c368d99d5d7a5a50aab80c6?s=96&d=mm&r=g\",\"contentUrl\":\"https:\\\/\\\/secure.gravatar.com\\\/avatar\\\/7ca3206950207cc3cb48feec56a8a7898741ab725c368d99d5d7a5a50aab80c6?s=96&d=mm&r=g\",\"caption\":\"Thales Brand\u00e3o\"},\"description\":\"Editor Executivo do Portal CidadeMarketing.com.br &gt; Mestre em Comunica\u00e7\u00e3o e Sociedade pela Universidade Federal de Sergipe. Possui MBA Executivo em Administra\u00e7\u00e3o com \u00eanfase em Marketing pela Funda\u00e7\u00e3o Get\u00falio Vargas - Rio de Janeiro. Consultor, Palestrante e Pesquisador sobre Empreendedorismo, Marketing, Redes Sociais e Neg\u00f3cios Digitais. Professor, Palestrante TedxTalks e Campus Party. Twitter: @ThalesBrandao\",\"sameAs\":[\"http:\\\/\\\/www.mandacaru.com.br\",\"https:\\\/\\\/www.facebook.com\\\/thalesbrandao\",\"http:\\\/\\\/www.instagram.com.br\\\/thalesbrandaoferreira\",\"https:\\\/\\\/www.linkedin.com\\\/in\\\/thales-brand\u00e3o-3948609\\\/\",\"https:\\\/\\\/x.com\\\/http:\\\/\\\/www.twitter.com\\\/thalesbrandao\"],\"url\":\"https:\\\/\\\/www.cidademarketing.com.br\\\/marketing\\\/author\\\/thalesbrandao\\\/\"}]}<\/script>\n<!-- \/ Yoast SEO plugin. -->","yoast_head_json":{"title":"Setor p\u00fablico registrou d\u00e9ficit prim\u00e1rio de R$18,6 bilh\u00f5es em mar\u00e7o - CidadeMarketing","robots":{"index":"index","follow":"follow","max-snippet":"max-snippet:-1","max-image-preview":"max-image-preview:large","max-video-preview":"max-video-preview:-1"},"canonical":"https:\/\/www.cidademarketing.com.br\/marketing\/2019\/04\/30\/setor-publico-registrou-deficit-primario-de-r186-bilhoes-em-marco\/","og_locale":"pt_BR","og_type":"article","og_title":"Setor p\u00fablico registrou d\u00e9ficit prim\u00e1rio de R$18,6 bilh\u00f5es em mar\u00e7o - CidadeMarketing","og_description":"O setor p\u00fablico consolidado registrou d\u00e9ficit prim\u00e1rio de R$18,6 bilh\u00f5es em mar\u00e7o, comparativamente a d\u00e9ficit de R$25,1 bilh\u00f5es em mar\u00e7o do ano anterior. No Governo Central houve d\u00e9ficit de R$20,4 bilh\u00f5es, e nos governos regionais e empresas estatais, super\u00e1vits de R$1,5 bilh\u00e3o e de R$239 milh\u00f5es, respectivamente. Os juros nominais do setor p\u00fablico consolidado, apropriados [&hellip;]","og_url":"https:\/\/www.cidademarketing.com.br\/marketing\/2019\/04\/30\/setor-publico-registrou-deficit-primario-de-r186-bilhoes-em-marco\/","og_site_name":"CidadeMarketing","article_publisher":"https:\/\/www.facebook.com\/portalcidademarketing","article_author":"https:\/\/www.facebook.com\/thalesbrandao","article_published_time":"2019-04-30T17:06:49+00:00","article_modified_time":"2019-04-30T17:06:52+00:00","og_image":[{"width":460,"height":345,"url":"https:\/\/www.cidademarketing.com.br\/marketing\/wp-content\/uploads\/2018\/11\/dinheiro.jpg","type":"image\/jpeg"}],"author":"Thales Brand\u00e3o","twitter_card":"summary_large_image","twitter_creator":"@http:\/\/www.twitter.com\/thalesbrandao","twitter_site":"@CidadeMarketing","twitter_misc":{"Escrito por":"Thales Brand\u00e3o","Est. tempo de leitura":"2 minutos"},"schema":{"@context":"https:\/\/schema.org","@graph":[{"@type":"Article","@id":"https:\/\/www.cidademarketing.com.br\/marketing\/2019\/04\/30\/setor-publico-registrou-deficit-primario-de-r186-bilhoes-em-marco\/#article","isPartOf":{"@id":"https:\/\/www.cidademarketing.com.br\/marketing\/2019\/04\/30\/setor-publico-registrou-deficit-primario-de-r186-bilhoes-em-marco\/"},"author":{"name":"Thales Brand\u00e3o","@id":"https:\/\/www.cidademarketing.com.br\/marketing\/#\/schema\/person\/02daff9f18bd9378c9e01eb6b2db155f"},"headline":"Setor p\u00fablico registrou d\u00e9ficit prim\u00e1rio de R$18,6 bilh\u00f5es em mar\u00e7o","datePublished":"2019-04-30T17:06:49+00:00","dateModified":"2019-04-30T17:06:52+00:00","mainEntityOfPage":{"@id":"https:\/\/www.cidademarketing.com.br\/marketing\/2019\/04\/30\/setor-publico-registrou-deficit-primario-de-r186-bilhoes-em-marco\/"},"wordCount":503,"commentCount":0,"publisher":{"@id":"https:\/\/www.cidademarketing.com.br\/marketing\/#organization"},"image":{"@id":"https:\/\/www.cidademarketing.com.br\/marketing\/2019\/04\/30\/setor-publico-registrou-deficit-primario-de-r186-bilhoes-em-marco\/#primaryimage"},"thumbnailUrl":"https:\/\/www.cidademarketing.com.br\/marketing\/wp-content\/uploads\/2018\/11\/dinheiro.jpg","keywords":["dinheiro","estrat\u00e9gia"],"articleSection":["Not\u00edcias"],"inLanguage":"pt-BR","potentialAction":[{"@type":"CommentAction","name":"Comment","target":["https:\/\/www.cidademarketing.com.br\/marketing\/2019\/04\/30\/setor-publico-registrou-deficit-primario-de-r186-bilhoes-em-marco\/#respond"]}]},{"@type":"WebPage","@id":"https:\/\/www.cidademarketing.com.br\/marketing\/2019\/04\/30\/setor-publico-registrou-deficit-primario-de-r186-bilhoes-em-marco\/","url":"https:\/\/www.cidademarketing.com.br\/marketing\/2019\/04\/30\/setor-publico-registrou-deficit-primario-de-r186-bilhoes-em-marco\/","name":"Setor p\u00fablico registrou d\u00e9ficit prim\u00e1rio de R$18,6 bilh\u00f5es em mar\u00e7o - CidadeMarketing","isPartOf":{"@id":"https:\/\/www.cidademarketing.com.br\/marketing\/#website"},"primaryImageOfPage":{"@id":"https:\/\/www.cidademarketing.com.br\/marketing\/2019\/04\/30\/setor-publico-registrou-deficit-primario-de-r186-bilhoes-em-marco\/#primaryimage"},"image":{"@id":"https:\/\/www.cidademarketing.com.br\/marketing\/2019\/04\/30\/setor-publico-registrou-deficit-primario-de-r186-bilhoes-em-marco\/#primaryimage"},"thumbnailUrl":"https:\/\/www.cidademarketing.com.br\/marketing\/wp-content\/uploads\/2018\/11\/dinheiro.jpg","datePublished":"2019-04-30T17:06:49+00:00","dateModified":"2019-04-30T17:06:52+00:00","breadcrumb":{"@id":"https:\/\/www.cidademarketing.com.br\/marketing\/2019\/04\/30\/setor-publico-registrou-deficit-primario-de-r186-bilhoes-em-marco\/#breadcrumb"},"inLanguage":"pt-BR","potentialAction":[{"@type":"ReadAction","target":["https:\/\/www.cidademarketing.com.br\/marketing\/2019\/04\/30\/setor-publico-registrou-deficit-primario-de-r186-bilhoes-em-marco\/"]}]},{"@type":"ImageObject","inLanguage":"pt-BR","@id":"https:\/\/www.cidademarketing.com.br\/marketing\/2019\/04\/30\/setor-publico-registrou-deficit-primario-de-r186-bilhoes-em-marco\/#primaryimage","url":"https:\/\/www.cidademarketing.com.br\/marketing\/wp-content\/uploads\/2018\/11\/dinheiro.jpg","contentUrl":"https:\/\/www.cidademarketing.com.br\/marketing\/wp-content\/uploads\/2018\/11\/dinheiro.jpg","width":460,"height":345,"caption":"Divulga\u00e7\u00e3o"},{"@type":"BreadcrumbList","@id":"https:\/\/www.cidademarketing.com.br\/marketing\/2019\/04\/30\/setor-publico-registrou-deficit-primario-de-r186-bilhoes-em-marco\/#breadcrumb","itemListElement":[{"@type":"ListItem","position":1,"name":"In\u00edcio","item":"https:\/\/www.cidademarketing.com.br\/marketing\/"},{"@type":"ListItem","position":2,"name":"Setor p\u00fablico registrou d\u00e9ficit prim\u00e1rio de R$18,6 bilh\u00f5es em mar\u00e7o"}]},{"@type":"WebSite","@id":"https:\/\/www.cidademarketing.com.br\/marketing\/#website","url":"https:\/\/www.cidademarketing.com.br\/marketing\/","name":"CidadeMarketing","description":"Somos um ve\u00edculo de comunica\u00e7\u00e3o de destaque no Brasil, reconhecido por conte\u00fados nos segmentos de marketing, empreendedorismo e inova\u00e7\u00e3o.","publisher":{"@id":"https:\/\/www.cidademarketing.com.br\/marketing\/#organization"},"alternateName":"CidadeMarketing","potentialAction":[{"@type":"SearchAction","target":{"@type":"EntryPoint","urlTemplate":"https:\/\/www.cidademarketing.com.br\/marketing\/?s={search_term_string}"},"query-input":{"@type":"PropertyValueSpecification","valueRequired":true,"valueName":"search_term_string"}}],"inLanguage":"pt-BR"},{"@type":"Organization","@id":"https:\/\/www.cidademarketing.com.br\/marketing\/#organization","name":"CidadeMarketing","alternateName":"CidadeMarketing","url":"https:\/\/www.cidademarketing.com.br\/marketing\/","logo":{"@type":"ImageObject","inLanguage":"pt-BR","@id":"https:\/\/www.cidademarketing.com.br\/marketing\/#\/schema\/logo\/image\/","url":"https:\/\/www.cidademarketing.com.br\/marketing\/wp-content\/uploads\/2020\/01\/cidademarketing_marca_mobile.png","contentUrl":"https:\/\/www.cidademarketing.com.br\/marketing\/wp-content\/uploads\/2020\/01\/cidademarketing_marca_mobile.png","width":230,"height":92,"caption":"CidadeMarketing"},"image":{"@id":"https:\/\/www.cidademarketing.com.br\/marketing\/#\/schema\/logo\/image\/"},"sameAs":["https:\/\/www.facebook.com\/portalcidademarketing","https:\/\/x.com\/CidadeMarketing","https:\/\/www.instagram.com\/cidademarketing\/"]},{"@type":"Person","@id":"https:\/\/www.cidademarketing.com.br\/marketing\/#\/schema\/person\/02daff9f18bd9378c9e01eb6b2db155f","name":"Thales Brand\u00e3o","image":{"@type":"ImageObject","inLanguage":"pt-BR","@id":"https:\/\/secure.gravatar.com\/avatar\/7ca3206950207cc3cb48feec56a8a7898741ab725c368d99d5d7a5a50aab80c6?s=96&d=mm&r=g","url":"https:\/\/secure.gravatar.com\/avatar\/7ca3206950207cc3cb48feec56a8a7898741ab725c368d99d5d7a5a50aab80c6?s=96&d=mm&r=g","contentUrl":"https:\/\/secure.gravatar.com\/avatar\/7ca3206950207cc3cb48feec56a8a7898741ab725c368d99d5d7a5a50aab80c6?s=96&d=mm&r=g","caption":"Thales Brand\u00e3o"},"description":"Editor Executivo do Portal CidadeMarketing.com.br &gt; Mestre em Comunica\u00e7\u00e3o e Sociedade pela Universidade Federal de Sergipe. Possui MBA Executivo em Administra\u00e7\u00e3o com \u00eanfase em Marketing pela Funda\u00e7\u00e3o Get\u00falio Vargas - Rio de Janeiro. Consultor, Palestrante e Pesquisador sobre Empreendedorismo, Marketing, Redes Sociais e Neg\u00f3cios Digitais. Professor, Palestrante TedxTalks e Campus Party. Twitter: @ThalesBrandao","sameAs":["http:\/\/www.mandacaru.com.br","https:\/\/www.facebook.com\/thalesbrandao","http:\/\/www.instagram.com.br\/thalesbrandaoferreira","https:\/\/www.linkedin.com\/in\/thales-brand\u00e3o-3948609\/","https:\/\/x.com\/http:\/\/www.twitter.com\/thalesbrandao"],"url":"https:\/\/www.cidademarketing.com.br\/marketing\/author\/thalesbrandao\/"}]}},"amp_enabled":true,"_links":{"self":[{"href":"https:\/\/www.cidademarketing.com.br\/marketing\/wp-json\/wp\/v2\/posts\/7987","targetHints":{"allow":["GET"]}}],"collection":[{"href":"https:\/\/www.cidademarketing.com.br\/marketing\/wp-json\/wp\/v2\/posts"}],"about":[{"href":"https:\/\/www.cidademarketing.com.br\/marketing\/wp-json\/wp\/v2\/types\/post"}],"author":[{"embeddable":true,"href":"https:\/\/www.cidademarketing.com.br\/marketing\/wp-json\/wp\/v2\/users\/1"}],"replies":[{"embeddable":true,"href":"https:\/\/www.cidademarketing.com.br\/marketing\/wp-json\/wp\/v2\/comments?post=7987"}],"version-history":[{"count":1,"href":"https:\/\/www.cidademarketing.com.br\/marketing\/wp-json\/wp\/v2\/posts\/7987\/revisions"}],"predecessor-version":[{"id":7988,"href":"https:\/\/www.cidademarketing.com.br\/marketing\/wp-json\/wp\/v2\/posts\/7987\/revisions\/7988"}],"wp:featuredmedia":[{"embeddable":true,"href":"https:\/\/www.cidademarketing.com.br\/marketing\/wp-json\/wp\/v2\/media\/3271"}],"wp:attachment":[{"href":"https:\/\/www.cidademarketing.com.br\/marketing\/wp-json\/wp\/v2\/media?parent=7987"}],"wp:term":[{"taxonomy":"category","embeddable":true,"href":"https:\/\/www.cidademarketing.com.br\/marketing\/wp-json\/wp\/v2\/categories?post=7987"},{"taxonomy":"post_tag","embeddable":true,"href":"https:\/\/www.cidademarketing.com.br\/marketing\/wp-json\/wp\/v2\/tags?post=7987"}],"curies":[{"name":"wp","href":"https:\/\/api.w.org\/{rel}","templated":true}]}}