{"id":7973,"date":"2019-04-30T16:43:03","date_gmt":"2019-04-30T12:43:03","guid":{"rendered":"http:\/\/www.cidademarketing.com.br\/marketing\/?p=7973"},"modified":"2019-04-30T16:43:06","modified_gmt":"2019-04-30T12:43:06","slug":"134-milhoes-de-pessoas-em-busca-de-trabalho-no-brasil-aponta-ibge","status":"publish","type":"post","link":"https:\/\/www.cidademarketing.com.br\/marketing\/2019\/04\/30\/134-milhoes-de-pessoas-em-busca-de-trabalho-no-brasil-aponta-ibge\/","title":{"rendered":"13,4 milh\u00f5es de pessoas em busca de trabalho no Brasil, aponta IBGE"},"content":{"rendered":"\n<p>A&nbsp;<strong>taxa de desocupa\u00e7\u00e3o<\/strong>&nbsp;(12,7%) no trimestre encerrado em mar\u00e7o de 2019 subiu 1,1 ponto percentual (p.p.) em rela\u00e7\u00e3o ao trimestre de outubro a dezembro de 2018 (11,6%) e caiu -0,4 p.p. em rela\u00e7\u00e3o ao trimestre m\u00f3vel de janeiro a mar\u00e7o de 2018 (13,1%)<\/p>\n\n\n\n<table class=\"wp-block-table\"><tbody><tr><th>Indicador \/ Per\u00edodo<\/th><th>Jan-Fev-Mar 2019<\/th><th>Out-Nov-Dez 2017<\/th><th>Jan-Fev-Mar 2018<\/th><\/tr><tr><td><strong>Taxa de desocupa\u00e7\u00e3o<\/strong><\/td><td>12,7%<\/td><td>11,6%<\/td><td>13,1%<\/td><\/tr><tr><td><strong>Taxa de subutiliza\u00e7\u00e3o<\/strong><\/td><td>25,0%<\/td><td>23,8%<\/td><td>24,6%<\/td><\/tr><tr><td><strong>Rendimento real habitual<\/strong><\/td><td>R$2.291<\/td><td>R$2.276<\/td><td>R$2.259<\/td><\/tr><tr><td><strong>Varia\u00e7\u00e3o do rendimento real habitual em rela\u00e7\u00e3o a:<\/strong><\/td><td>0,7% (estabilidade)<\/td><td>1,4% (estabilidade)<\/td><\/tr><\/tbody><\/table>\n\n\n\n<p>A&nbsp;<strong>popula\u00e7\u00e3o desocupada<\/strong>&nbsp;(13,4 milh\u00f5es) cresceu 10,2% (mais 1,2 milh\u00e3o de pessoas) frente ao trimestre de outubro a dezembro de 2018 (12,2 milh\u00f5es). Em rela\u00e7\u00e3o a igual trimestre de 2018 (13,6 milh\u00f5es), a varia\u00e7\u00e3o n\u00e3o foi estatisticamente significativa.<\/p>\n\n\n\n<p>A&nbsp;<strong>popula\u00e7\u00e3o ocupada<\/strong>&nbsp;(91,9 milh\u00f5es) caiu -0,9% (menos 873 mil de pessoas) em rela\u00e7\u00e3o ao trimestre de outubro a dezembro de 2018 e cresceu 1,8% (mais 1,6 milh\u00e3o de pessoas) em rela\u00e7\u00e3o ao mesmo trimestre de 2018.<\/p>\n\n\n\n<p>A&nbsp;<strong>popula\u00e7\u00e3o fora da for\u00e7a de trabalho<\/strong>&nbsp;(65,3 milh\u00f5es) ficou est\u00e1vel frente ao trimestre de outubro a dezembro de 2018 (65,1 milh\u00f5es) e subiu 1,0% (mais 649 mil pessoas) frente ao mesmo trimestre de 2018 (64,6 milh\u00f5es).<\/p>\n\n\n\n<p>A&nbsp;<strong>taxa de subutiliza\u00e7\u00e3o da for\u00e7a de trabalho<\/strong>&nbsp;(25,0%) no trimestre encerrado em mar\u00e7o de 2019 \u00e9 recorde da s\u00e9rie hist\u00f3rica iniciada em 2012, com alta de 1,2 p.p. em rela\u00e7\u00e3o ao trimestre anterior (23,8%). No confronto com o mesmo trimestre m\u00f3vel do ano anterior (24,6%), a varia\u00e7\u00e3o n\u00e3o foi estatisticamente significativa.<\/p>\n\n\n\n<p>A&nbsp;<strong>popula\u00e7\u00e3o subutilizada<\/strong>&nbsp;(28,3 milh\u00f5es) \u00e9 recorde da s\u00e9rie, com altas em ambas as compara\u00e7\u00f5es: mais 5,6% (1,5 milh\u00e3o de pessoas) em rela\u00e7\u00e3o ao trimestre anterior e de 3,0% (mais 819 mil pessoas) em rela\u00e7\u00e3o ao mesmo trimestre de 2018.<\/p>\n\n\n\n<p>O&nbsp;<strong>n\u00famero de pessoas desalentadas<\/strong>&nbsp;(4,8 milh\u00f5es) subiu em ambas as compara\u00e7\u00f5es: mais 3,9% (180 mil pessoas) em rela\u00e7\u00e3o ao trimestre de outubro a dezembro de 2018 e mais 5,6% (256 mil pessoas) em rela\u00e7\u00e3o ao mesmo de 2018. O&nbsp;<strong>percentual de pessoas desalentadas<\/strong>&nbsp;(4,4%) manteve o recorde da s\u00e9rie e teve varia\u00e7\u00e3o significativa nas duas compara\u00e7\u00f5es: mais 0,1 p.p. em rela\u00e7\u00e3o ao trimestre anterior (4,3%) e mais 0,2 p.p. contra o mesmo trimestre de 2018 (4,2%).<\/p>\n\n\n\n<p>O&nbsp;<strong>n\u00famero de empregados no setor privado com carteira assinada<\/strong>&nbsp;(exclusive trabalhadores dom\u00e9sticos) foi de 32,9 milh\u00f5es de pessoas, ficando est\u00e1vel em ambas as compara\u00e7\u00f5es. J\u00e1 o&nbsp;<strong>n\u00famero de empregados sem carteira assinada<\/strong>&nbsp;(11,1 milh\u00f5es) caiu (-3,2%) em rela\u00e7\u00e3o ao trimestre anterior (menos 365 mil pessoas) e subiu 4,4%, (mais 466 mil pessoas) comparado ao mesmo trimestre de 2018.<\/p>\n\n\n\n<p>A categoria dos<strong>&nbsp;trabalhadores por conta pr\u00f3pria<\/strong>&nbsp;(23,8 milh\u00f5es) ficou est\u00e1vel em rela\u00e7\u00e3o ao trimestre anterior e cresceu 3,8% em rela\u00e7\u00e3o ao mesmo trimestre do ano anterior (mais 879 mil pessoas).<\/p>\n\n\n\n<p>O&nbsp;<strong>rendimento m\u00e9dio real habitual<\/strong>&nbsp;(R$ 2.179) ficou est\u00e1vel em ambas as compara\u00e7\u00f5es. A<strong>massa de rendimento real habitual<\/strong>&nbsp;(R$ 205,3 bilh\u00f5es) ficou est\u00e1vel contra o trimestre anterior e cresceu 3,3% em rela\u00e7\u00e3o ao mesmo trimestre de 2018.<\/p>\n\n\n\n<p><strong>Quadro 1 &#8211; Taxa de Desocupa\u00e7\u00e3o &#8211; Brasil &#8211; 2012\/2019<\/strong><\/p>\n\n\n\n<figure class=\"wp-block-image\"><img fetchpriority=\"high\" decoding=\"async\" width=\"800\" height=\"400\" src=\"http:\/\/www.cidademarketing.com.br\/marketing\/wp-content\/uploads\/2019\/04\/PNAD_Quadro1.png\" alt=\"\" class=\"wp-image-7974\" srcset=\"https:\/\/www.cidademarketing.com.br\/marketing\/wp-content\/uploads\/2019\/04\/PNAD_Quadro1.png 800w, https:\/\/www.cidademarketing.com.br\/marketing\/wp-content\/uploads\/2019\/04\/PNAD_Quadro1-300x150.png 300w, https:\/\/www.cidademarketing.com.br\/marketing\/wp-content\/uploads\/2019\/04\/PNAD_Quadro1-768x384.png 768w, https:\/\/www.cidademarketing.com.br\/marketing\/wp-content\/uploads\/2019\/04\/PNAD_Quadro1-640x320.png 640w, https:\/\/www.cidademarketing.com.br\/marketing\/wp-content\/uploads\/2019\/04\/PNAD_Quadro1-681x341.png 681w\" sizes=\"(max-width: 800px) 100vw, 800px\" \/><\/figure>\n\n\n\n<p>A&nbsp;<strong>taxa de desocupa\u00e7\u00e3o<\/strong>&nbsp;foi de 12,7% no trimestre m\u00f3vel encerrado em mar\u00e7o de 2019 e subiu 1,1 p.p. em rela\u00e7\u00e3o ao trimestre m\u00f3vel de outubro a dezembro de 2018 (11,6%). Em rela\u00e7\u00e3o ao trimestre m\u00f3vel de janeiro a mar\u00e7o de 2018 (13,1%), houve queda de -0,4 p.p..<\/p>\n\n\n\n<p>No trimestre de janeiro a mar\u00e7o de 2019, havia 13,4 milh\u00f5es de&nbsp;<strong>pessoas<\/strong>&nbsp;<strong>desocupadas<\/strong>&nbsp;no Brasil. Esse contingente cresceu 10,2% (mais 1,2 milh\u00e3o de pessoas) frente ao trimestre de outubro a dezembro de 2018 (12,2 milh\u00f5es) e n\u00e3o teve varia\u00e7\u00e3o estatisticamente significativa em rela\u00e7\u00e3o a igual trimestre de 2018 (13,6 milh\u00f5es de pessoas desocupadas).<\/p>\n\n\n\n<p>A&nbsp;<strong>taxa composta de subutiliza\u00e7\u00e3o da for\u00e7a de trabalho<\/strong>&nbsp;(percentual de pessoas desocupadas, subocupadas por insufici\u00eancia de horas trabalhadas e na for\u00e7a de trabalho potencial em rela\u00e7\u00e3o a For\u00e7a de trabalho ampliada) foi de 25,0% no trimestre de janeiro a mar\u00e7o de 2019, com alta de 1,2 p.p. em rela\u00e7\u00e3o ao trimestre de outubro a dezembro de 2018 (23,8%). Em rela\u00e7\u00e3o ao mesmo trimestre m\u00f3vel de 2018 (24,6%), houve estabilidade.<\/p>\n\n\n\n<p><strong>Taxa Composta de subutiliza\u00e7\u00e3o da for\u00e7a de trabalho \u2013 trimestres de janeiro a mar\u00e7o \u2013 2012\/2019 &#8211; Brasil (%)<\/strong><\/p>\n\n\n\n<figure class=\"wp-block-image\"><img decoding=\"async\" width=\"800\" height=\"400\" src=\"http:\/\/www.cidademarketing.com.br\/marketing\/wp-content\/uploads\/2019\/04\/PNAD_Grafico.png\" alt=\"\" class=\"wp-image-7975\" srcset=\"https:\/\/www.cidademarketing.com.br\/marketing\/wp-content\/uploads\/2019\/04\/PNAD_Grafico.png 800w, https:\/\/www.cidademarketing.com.br\/marketing\/wp-content\/uploads\/2019\/04\/PNAD_Grafico-300x150.png 300w, https:\/\/www.cidademarketing.com.br\/marketing\/wp-content\/uploads\/2019\/04\/PNAD_Grafico-768x384.png 768w, https:\/\/www.cidademarketing.com.br\/marketing\/wp-content\/uploads\/2019\/04\/PNAD_Grafico-640x320.png 640w, https:\/\/www.cidademarketing.com.br\/marketing\/wp-content\/uploads\/2019\/04\/PNAD_Grafico-681x341.png 681w\" sizes=\"(max-width: 800px) 100vw, 800px\" \/><\/figure>\n\n\n\n<p>No trimestre de janeiro a mar\u00e7o de 2019,&nbsp;<strong>o n\u00famero de pessoas subutilizadas<\/strong>&nbsp;no Brasil chegou a 28,3 milh\u00f5es. Este contingente subiu 5,6% (mais 1,5 milh\u00e3o de pessoas) frente ao trimestre de outubro a dezembro de 2018, quando a subutiliza\u00e7\u00e3o foi estimada em 26,8 milh\u00f5es de pessoas. No confronto com igual trimestre de 2018, quando havia 27,5 milh\u00f5es de pessoas subutilizadas, houve alta de 3,0%, (mais 819 mil pessoas).<\/p>\n\n\n\n<p>O contingente de&nbsp;<strong>pessoas subocupadas por insufici\u00eancia de horas trabalhadas<\/strong>&nbsp;foi de aproximadamente 6,8 milh\u00f5es no trimestre de janeiro a mar\u00e7o de 2019. Houve estabilidade em rela\u00e7\u00e3o ao trimestre anterior (outubro a dezembro de 2018) e alta de 10,2% em rela\u00e7\u00e3o ao mesmo trimestre de 2018.<\/p>\n\n\n\n<p>A&nbsp;<strong>for\u00e7a de trabalho potencial<\/strong>&nbsp;no trimestre de janeiro a mar\u00e7o de 2019 foi estimada em 8,169 milh\u00f5es de pessoas e foi recorde da s\u00e9rie. Esta popula\u00e7\u00e3o cresceu em ambas as compara\u00e7\u00f5es: mais 4,7% (364 mil pessoas) em rela\u00e7\u00e3o ao trimestre de outubro a dezembro de 2018 e mais 5,7% (443 mil pessoas) frente ao mesmo trimestre de 2018.<\/p>\n\n\n\n<p>A&nbsp;<strong>for\u00e7a de trabalho potencial<\/strong>&nbsp;\u00e9 composta por pessoas de 14 anos ou mais de idade, que na semana de refer\u00eancia n\u00e3o estavam ocupadas nem desocupadas, mas possu\u00edam um potencial de se transformarem em for\u00e7a de trabalho.<\/p>\n\n\n\n<p>O&nbsp;<strong>contingente fora da for\u00e7a de trabalho<\/strong>&nbsp;no trimestre de janeiro a mar\u00e7o de 2019 foi de 65,3 milh\u00f5es de pessoas, com estabilidade em rela\u00e7\u00e3o ao trimestre de outubro a dezembro de 2018 e alta de 1,0% (mais 649 mil pessoas) frente ao mesmo trimestre de 2018.<\/p>\n\n\n\n<p>A&nbsp;<strong>popula\u00e7\u00e3o desalentada<\/strong>&nbsp;era de 4,8 milh\u00f5es no trimestre de janeiro a mar\u00e7o de 2019 e cresceu em ambas as compara\u00e7\u00f5es: 3,9% em rela\u00e7\u00e3o ao trimestre anterior (mais 180 mil pessoas) e 5,6% (mais 256 mil pessoas) comparada ao mesmo trimestre de 2018.<\/p>\n\n\n\n<p>O percentual de&nbsp;<strong>pessoas desalentadas em rela\u00e7\u00e3o \u00e0 popula\u00e7\u00e3o na for\u00e7a de trabalho<\/strong>&nbsp;<strong>ou desalentada<\/strong>(4,4%) manteve o recorde da s\u00e9rie hist\u00f3rica e mostrou varia\u00e7\u00e3o significativa nas duas compara\u00e7\u00f5es: mais 0,1 p.p. em rela\u00e7\u00e3o ao trimestre anterior (4,3%) e mais 0,2 p.p. contra o mesmo trimestre de 2018 (4,2%).<\/p>\n\n\n\n<p>A<strong>&nbsp;for\u00e7a de trabalho<\/strong>&nbsp;(pessoas ocupadas e desocupadas) foi estimada em 105,3 milh\u00f5es de pessoas. Houve altas em ambas as compara\u00e7\u00f5es: 0,3% (mais 361 mil pessoas) frente ao trimestre anterior e 1,3% (mais 1,3 milh\u00e3o de pessoas) frente ao mesmo trimestre de 2018.<\/p>\n\n\n\n<p>O&nbsp;<strong>n\u00famero de pessoas ocupadas<\/strong>&nbsp;chegou a 91,9 milh\u00f5es no trimestre de janeiro a mar\u00e7o de 2019, com redu\u00e7\u00e3o de -0,9% (menos 873 mil pessoas) em rela\u00e7\u00e3o ao trimestre anterior e alta de 1,8% (mais 1,591 milh\u00e3o de pessoas) em rela\u00e7\u00e3o ao mesmo trimestre de 2018.<\/p>\n\n\n\n<p>O&nbsp;<strong>n\u00edvel da ocupa\u00e7\u00e3o<\/strong>&nbsp;(percentual de pessoas ocupadas na popula\u00e7\u00e3o em idade de trabalhar) foi estimado em 53,9% no trimestre de janeiro a mar\u00e7o de 2019, com redu\u00e7\u00e3o de -0,7 pontos percentuais frente ao trimestre de outubro a dezembro de 2018 (54,5%) e varia\u00e7\u00e3o positiva (0,3 ponto percentual) em rela\u00e7\u00e3o ao mesmo trimestre de 2018 (53,6%).<\/p>\n\n\n\n<p>O contingente de&nbsp;<strong>empregados no setor privado com carteira de trabalho assinada<\/strong>&nbsp;(exclusive trabalhadores dom\u00e9sticos) chegou a 32,9 milh\u00f5es de pessoas, com estabilidade em ambas as compara\u00e7\u00f5es.<\/p>\n\n\n\n<p>A categoria dos&nbsp;<strong>empregados no setor privado sem carteira de trabalho assinada<\/strong>&nbsp;chegou a 11,1 milh\u00f5es de pessoas, com redu\u00e7\u00e3o de \u2013 3,2% (menos 365 mil pessoas) frente ao trimestre anterior. Em rela\u00e7\u00e3o ao mesmo trimestre de 2018, houve alta de 4,4% (mais 466 mil pessoas).<\/p>\n\n\n\n<p>Na categoria dos trabalhadores por conta pr\u00f3pria, formada por 23,8 milh\u00f5es de pessoas, houve estabilidade na compara\u00e7\u00e3o com o trimestre anterior e alta de 3,8% (mais 879 mil pessoas) em rela\u00e7\u00e3o ao mesmo per\u00edodo de 2018.<\/p>\n\n\n\n<p>No per\u00edodo de janeiro a mar\u00e7o de 2019, o n\u00famero de&nbsp;<strong>empregadores<\/strong>&nbsp;foi de 4,4 milh\u00f5es de pessoas, mostrando estabilidade em ambas as compara\u00e7\u00f5es.<\/p>\n\n\n\n<p>O n\u00famero de&nbsp;<strong>trabalhadores dom\u00e9sticos<\/strong>&nbsp;chegou a 6,1 milh\u00f5es de pessoas, com redu\u00e7\u00e3o de -2,4% em rela\u00e7\u00e3o ao trimestre anterior e estabilidade frente ao mesmo trimestre de 2018.<\/p>\n\n\n\n<p>O grupo dos&nbsp;<strong>empregados no setor p\u00fablico<\/strong>&nbsp;(inclusive servidores estatut\u00e1rios e militares), estimado em 11,4 milh\u00f5es de pessoas, apresentou queda de -2,0% frente ao trimestre anterior e se manteve est\u00e1vel contra o mesmo trimestre de 2018.<\/p>\n\n\n\n<p>O&nbsp;<strong>rendimento m\u00e9dio real habitual<\/strong>&nbsp;(R$ 2.291) ficou est\u00e1vel em ambas as compara\u00e7\u00f5es.<\/p>\n\n\n\n<p>A&nbsp;<strong>massa de rendimento real habitual<\/strong>&nbsp;(R$ 205,3 bilh\u00f5es) ficou est\u00e1vel contra o trimestre anterior e cresceu 3,3% em rela\u00e7\u00e3o ao mesmo trimestre de 2018.<\/p>\n\n\n\n<p><\/p>\n\n\n\n<p>Mais de 1,2 milh\u00e3o de pessoas entraram para a popula\u00e7\u00e3o desocupada no primeiro trimestre do ano, na compara\u00e7\u00e3o com o \u00faltimo trimestre de 2018. Com isso, o total de pessoas \u00e0 procura de emprego no pa\u00eds chegou a 13,4 milh\u00f5es. A taxa de desocupa\u00e7\u00e3o subiu para 12,7%, mas ainda \u00e9 inferior aos 13,1% atingidos no primeiro trimestre do ano passado.<\/p>\n\n\n\n<p>Esses s\u00e3o os resultados da Pesquisa Nacional por Amostra de Domic\u00edlios Cont\u00ednua (PNAD Cont\u00ednua), divulgada hoje pelo IBGE. As maiores quedas no n\u00famero de ocupados foram no setor da administra\u00e7\u00e3o p\u00fablica, defesa, seguridade social, educa\u00e7\u00e3o, sa\u00fade humana e servi\u00e7os sociais, com menos 332 mil pessoas, seguido por Constru\u00e7\u00e3o, com perda de 228 mil pessoas. Os outros setores ficaram est\u00e1veis.<\/p>\n\n\n\n<p>\u201cExiste uma sazonalidade na administra\u00e7\u00e3o p\u00fablica, representada principalmente pelas prefeituras, que contratam servidores tempor\u00e1rios e os demitem no in\u00edcio do ano\u201d, explica o coordenador de Trabalho e Rendimento do IBGE, Cimar Azeredo.<\/p>\n\n\n\n<p>O contingente de 32,9 milh\u00f5es de empregados no setor privado com carteira de trabalho assinada ficou est\u00e1vel frente ao \u00faltimo trimestre de 2018. J\u00e1 a categoria dos empregados desse setor sem carteira de trabalho assinada registrou perda de 365 mil postos de trabalho, caindo para 11,1 milh\u00f5es de pessoas. Observou-se tamb\u00e9m um aumento no rendimento m\u00e9dio dos trabalhadores sem carteira.<\/p>\n\n\n\n<p>\u201cO mercado jogou 1,2 milh\u00e3o de pessoas na desocupa\u00e7\u00e3o e a carteira de trabalho n\u00e3o teve recupera\u00e7\u00e3o. Os trabalhadores sem carteira que tinham sido contratados como tempor\u00e1rios para vendas, como na Black Friday e no Natal, ou que trabalharam nas elei\u00e7\u00f5es, sa\u00edram do emprego no in\u00edcio do ano. Como esses postos de trabalho pagam menos, a m\u00e9dia de rendimentos do setor aumentou sem que houvesse um ganho real nos rendimentos dos trabalhadores\u201d, analisa Cimar Azeredo.<\/p>\n\n\n\n<p><strong>Popula\u00e7\u00e3o&nbsp;<\/strong><strong>subutilizada&nbsp;e desalentada \u00e9 a maior&nbsp;desde 2012<\/strong><\/p>\n\n\n\n<p>A taxa de subutiliza\u00e7\u00e3o da for\u00e7a de trabalho foi de 25%, a maior desde 2012. Isso representa um grupo de 28,3 milh\u00f5es de pessoas que re\u00fane os desocupados, os subocupados com menos de 40 horas semanais e os que est\u00e3o dispon\u00edveis para trabalhar, mas n\u00e3o conseguem procurar emprego por motivos diversos.<\/p>\n\n\n\n<p>S\u00e3o mais de 1,5 milh\u00e3o de pessoas que passaram a ser subutilizadas, uma alta de 5,6% frente ao trimestre fechado em dezembro de 2018. No confronto com igual trimestre do ano anterior, quando havia 27,5 milh\u00f5es de pessoas subutilizadas, esta estimativa subiu 3%, um adicional de 819 mil pessoas nessa situa\u00e7\u00e3o.<\/p>\n\n\n\n<p>A subutiliza\u00e7\u00e3o foi puxada pela desocupa\u00e7\u00e3o e pela for\u00e7a de trabalho potencial. Esta, por sua vez, cresceu devido \u00e0 entrada de 180 mil pessoas que desistiram de procurar trabalho, chegando a 4,8 milh\u00f5es de desalentados no primeiro trimestre do ano, o maior contingente da s\u00e9rie hist\u00f3rica.<\/p>\n","protected":false},"excerpt":{"rendered":"<p>A&nbsp;taxa de desocupa\u00e7\u00e3o&nbsp;(12,7%) no trimestre encerrado em mar\u00e7o de 2019 subiu 1,1 ponto percentual (p.p.) em rela\u00e7\u00e3o ao trimestre de outubro a dezembro de 2018 (11,6%) e caiu -0,4 p.p. em rela\u00e7\u00e3o ao trimestre m\u00f3vel de janeiro a mar\u00e7o de 2018 (13,1%) Indicador \/ Per\u00edodo Jan-Fev-Mar 2019 Out-Nov-Dez 2017 Jan-Fev-Mar 2018 Taxa de desocupa\u00e7\u00e3o 12,7% [&hellip;]<\/p>\n","protected":false},"author":1,"featured_media":7976,"comment_status":"open","ping_status":"open","sticky":false,"template":"","format":"standard","meta":{"tdm_status":"","tdm_grid_status":"","footnotes":""},"categories":[6],"tags":[417,282],"class_list":["post-7973","post","type-post","status-publish","format-standard","has-post-thumbnail","hentry","category-noticias","tag-ibge","tag-pessoas"],"yoast_head":"<!-- This site is optimized with the Yoast SEO plugin v27.5 - https:\/\/yoast.com\/product\/yoast-seo-wordpress\/ -->\n<title>13,4 milh\u00f5es de pessoas em busca de trabalho no Brasil, aponta IBGE - CidadeMarketing<\/title>\n<meta name=\"robots\" content=\"index, follow, max-snippet:-1, max-image-preview:large, max-video-preview:-1\" \/>\n<link rel=\"canonical\" href=\"https:\/\/www.cidademarketing.com.br\/marketing\/2019\/04\/30\/134-milhoes-de-pessoas-em-busca-de-trabalho-no-brasil-aponta-ibge\/\" \/>\n<meta property=\"og:locale\" content=\"pt_BR\" \/>\n<meta property=\"og:type\" content=\"article\" \/>\n<meta property=\"og:title\" content=\"13,4 milh\u00f5es de pessoas em busca de trabalho no Brasil, aponta IBGE - CidadeMarketing\" \/>\n<meta property=\"og:description\" content=\"A&nbsp;taxa de desocupa\u00e7\u00e3o&nbsp;(12,7%) no trimestre encerrado em mar\u00e7o de 2019 subiu 1,1 ponto percentual (p.p.) em rela\u00e7\u00e3o ao trimestre de outubro a dezembro de 2018 (11,6%) e caiu -0,4 p.p. em rela\u00e7\u00e3o ao trimestre m\u00f3vel de janeiro a mar\u00e7o de 2018 (13,1%) Indicador \/ Per\u00edodo Jan-Fev-Mar 2019 Out-Nov-Dez 2017 Jan-Fev-Mar 2018 Taxa de desocupa\u00e7\u00e3o 12,7% [&hellip;]\" \/>\n<meta property=\"og:url\" content=\"https:\/\/www.cidademarketing.com.br\/marketing\/2019\/04\/30\/134-milhoes-de-pessoas-em-busca-de-trabalho-no-brasil-aponta-ibge\/\" \/>\n<meta property=\"og:site_name\" content=\"CidadeMarketing\" \/>\n<meta property=\"article:publisher\" content=\"https:\/\/www.facebook.com\/portalcidademarketing\" \/>\n<meta property=\"article:author\" content=\"https:\/\/www.facebook.com\/thalesbrandao\" \/>\n<meta property=\"article:published_time\" content=\"2019-04-30T12:43:03+00:00\" \/>\n<meta property=\"article:modified_time\" content=\"2019-04-30T12:43:06+00:00\" \/>\n<meta property=\"og:image\" content=\"https:\/\/www.cidademarketing.com.br\/marketing\/wp-content\/uploads\/2019\/04\/Gr\u00e1fico-IBGE-2019-4-30.jpeg\" \/>\n\t<meta property=\"og:image:width\" content=\"1200\" \/>\n\t<meta property=\"og:image:height\" content=\"941\" \/>\n\t<meta property=\"og:image:type\" content=\"image\/jpeg\" \/>\n<meta name=\"author\" content=\"Thales Brand\u00e3o\" \/>\n<meta name=\"twitter:card\" content=\"summary_large_image\" \/>\n<meta name=\"twitter:creator\" content=\"@http:\/\/www.twitter.com\/thalesbrandao\" \/>\n<meta name=\"twitter:site\" content=\"@CidadeMarketing\" \/>\n<meta name=\"twitter:label1\" content=\"Escrito por\" \/>\n\t<meta name=\"twitter:data1\" content=\"Thales Brand\u00e3o\" \/>\n\t<meta name=\"twitter:label2\" content=\"Est. tempo de leitura\" \/>\n\t<meta name=\"twitter:data2\" content=\"10 minutos\" \/>\n<script type=\"application\/ld+json\" class=\"yoast-schema-graph\">{\"@context\":\"https:\\\/\\\/schema.org\",\"@graph\":[{\"@type\":\"Article\",\"@id\":\"https:\\\/\\\/www.cidademarketing.com.br\\\/marketing\\\/2019\\\/04\\\/30\\\/134-milhoes-de-pessoas-em-busca-de-trabalho-no-brasil-aponta-ibge\\\/#article\",\"isPartOf\":{\"@id\":\"https:\\\/\\\/www.cidademarketing.com.br\\\/marketing\\\/2019\\\/04\\\/30\\\/134-milhoes-de-pessoas-em-busca-de-trabalho-no-brasil-aponta-ibge\\\/\"},\"author\":{\"name\":\"Thales Brand\u00e3o\",\"@id\":\"https:\\\/\\\/www.cidademarketing.com.br\\\/marketing\\\/#\\\/schema\\\/person\\\/02daff9f18bd9378c9e01eb6b2db155f\"},\"headline\":\"13,4 milh\u00f5es de pessoas em busca de trabalho no Brasil, aponta IBGE\",\"datePublished\":\"2019-04-30T12:43:03+00:00\",\"dateModified\":\"2019-04-30T12:43:06+00:00\",\"mainEntityOfPage\":{\"@id\":\"https:\\\/\\\/www.cidademarketing.com.br\\\/marketing\\\/2019\\\/04\\\/30\\\/134-milhoes-de-pessoas-em-busca-de-trabalho-no-brasil-aponta-ibge\\\/\"},\"wordCount\":1982,\"commentCount\":0,\"publisher\":{\"@id\":\"https:\\\/\\\/www.cidademarketing.com.br\\\/marketing\\\/#organization\"},\"image\":{\"@id\":\"https:\\\/\\\/www.cidademarketing.com.br\\\/marketing\\\/2019\\\/04\\\/30\\\/134-milhoes-de-pessoas-em-busca-de-trabalho-no-brasil-aponta-ibge\\\/#primaryimage\"},\"thumbnailUrl\":\"https:\\\/\\\/www.cidademarketing.com.br\\\/marketing\\\/wp-content\\\/uploads\\\/2019\\\/04\\\/Gr\u00e1fico-IBGE-2019-4-30.jpeg\",\"keywords\":[\"IBGE\",\"pessoas\"],\"articleSection\":[\"Not\u00edcias\"],\"inLanguage\":\"pt-BR\",\"potentialAction\":[{\"@type\":\"CommentAction\",\"name\":\"Comment\",\"target\":[\"https:\\\/\\\/www.cidademarketing.com.br\\\/marketing\\\/2019\\\/04\\\/30\\\/134-milhoes-de-pessoas-em-busca-de-trabalho-no-brasil-aponta-ibge\\\/#respond\"]}]},{\"@type\":\"WebPage\",\"@id\":\"https:\\\/\\\/www.cidademarketing.com.br\\\/marketing\\\/2019\\\/04\\\/30\\\/134-milhoes-de-pessoas-em-busca-de-trabalho-no-brasil-aponta-ibge\\\/\",\"url\":\"https:\\\/\\\/www.cidademarketing.com.br\\\/marketing\\\/2019\\\/04\\\/30\\\/134-milhoes-de-pessoas-em-busca-de-trabalho-no-brasil-aponta-ibge\\\/\",\"name\":\"13,4 milh\u00f5es de pessoas em busca de trabalho no Brasil, aponta IBGE - CidadeMarketing\",\"isPartOf\":{\"@id\":\"https:\\\/\\\/www.cidademarketing.com.br\\\/marketing\\\/#website\"},\"primaryImageOfPage\":{\"@id\":\"https:\\\/\\\/www.cidademarketing.com.br\\\/marketing\\\/2019\\\/04\\\/30\\\/134-milhoes-de-pessoas-em-busca-de-trabalho-no-brasil-aponta-ibge\\\/#primaryimage\"},\"image\":{\"@id\":\"https:\\\/\\\/www.cidademarketing.com.br\\\/marketing\\\/2019\\\/04\\\/30\\\/134-milhoes-de-pessoas-em-busca-de-trabalho-no-brasil-aponta-ibge\\\/#primaryimage\"},\"thumbnailUrl\":\"https:\\\/\\\/www.cidademarketing.com.br\\\/marketing\\\/wp-content\\\/uploads\\\/2019\\\/04\\\/Gr\u00e1fico-IBGE-2019-4-30.jpeg\",\"datePublished\":\"2019-04-30T12:43:03+00:00\",\"dateModified\":\"2019-04-30T12:43:06+00:00\",\"breadcrumb\":{\"@id\":\"https:\\\/\\\/www.cidademarketing.com.br\\\/marketing\\\/2019\\\/04\\\/30\\\/134-milhoes-de-pessoas-em-busca-de-trabalho-no-brasil-aponta-ibge\\\/#breadcrumb\"},\"inLanguage\":\"pt-BR\",\"potentialAction\":[{\"@type\":\"ReadAction\",\"target\":[\"https:\\\/\\\/www.cidademarketing.com.br\\\/marketing\\\/2019\\\/04\\\/30\\\/134-milhoes-de-pessoas-em-busca-de-trabalho-no-brasil-aponta-ibge\\\/\"]}]},{\"@type\":\"ImageObject\",\"inLanguage\":\"pt-BR\",\"@id\":\"https:\\\/\\\/www.cidademarketing.com.br\\\/marketing\\\/2019\\\/04\\\/30\\\/134-milhoes-de-pessoas-em-busca-de-trabalho-no-brasil-aponta-ibge\\\/#primaryimage\",\"url\":\"https:\\\/\\\/www.cidademarketing.com.br\\\/marketing\\\/wp-content\\\/uploads\\\/2019\\\/04\\\/Gr\u00e1fico-IBGE-2019-4-30.jpeg\",\"contentUrl\":\"https:\\\/\\\/www.cidademarketing.com.br\\\/marketing\\\/wp-content\\\/uploads\\\/2019\\\/04\\\/Gr\u00e1fico-IBGE-2019-4-30.jpeg\",\"width\":1200,\"height\":941},{\"@type\":\"BreadcrumbList\",\"@id\":\"https:\\\/\\\/www.cidademarketing.com.br\\\/marketing\\\/2019\\\/04\\\/30\\\/134-milhoes-de-pessoas-em-busca-de-trabalho-no-brasil-aponta-ibge\\\/#breadcrumb\",\"itemListElement\":[{\"@type\":\"ListItem\",\"position\":1,\"name\":\"In\u00edcio\",\"item\":\"https:\\\/\\\/www.cidademarketing.com.br\\\/marketing\\\/\"},{\"@type\":\"ListItem\",\"position\":2,\"name\":\"13,4 milh\u00f5es de pessoas em busca de trabalho no Brasil, aponta IBGE\"}]},{\"@type\":\"WebSite\",\"@id\":\"https:\\\/\\\/www.cidademarketing.com.br\\\/marketing\\\/#website\",\"url\":\"https:\\\/\\\/www.cidademarketing.com.br\\\/marketing\\\/\",\"name\":\"CidadeMarketing\",\"description\":\"Somos um ve\u00edculo de comunica\u00e7\u00e3o de destaque no Brasil, reconhecido por conte\u00fados nos segmentos de marketing, empreendedorismo e inova\u00e7\u00e3o.\",\"publisher\":{\"@id\":\"https:\\\/\\\/www.cidademarketing.com.br\\\/marketing\\\/#organization\"},\"alternateName\":\"CidadeMarketing\",\"potentialAction\":[{\"@type\":\"SearchAction\",\"target\":{\"@type\":\"EntryPoint\",\"urlTemplate\":\"https:\\\/\\\/www.cidademarketing.com.br\\\/marketing\\\/?s={search_term_string}\"},\"query-input\":{\"@type\":\"PropertyValueSpecification\",\"valueRequired\":true,\"valueName\":\"search_term_string\"}}],\"inLanguage\":\"pt-BR\"},{\"@type\":\"Organization\",\"@id\":\"https:\\\/\\\/www.cidademarketing.com.br\\\/marketing\\\/#organization\",\"name\":\"CidadeMarketing\",\"alternateName\":\"CidadeMarketing\",\"url\":\"https:\\\/\\\/www.cidademarketing.com.br\\\/marketing\\\/\",\"logo\":{\"@type\":\"ImageObject\",\"inLanguage\":\"pt-BR\",\"@id\":\"https:\\\/\\\/www.cidademarketing.com.br\\\/marketing\\\/#\\\/schema\\\/logo\\\/image\\\/\",\"url\":\"https:\\\/\\\/www.cidademarketing.com.br\\\/marketing\\\/wp-content\\\/uploads\\\/2020\\\/01\\\/cidademarketing_marca_mobile.png\",\"contentUrl\":\"https:\\\/\\\/www.cidademarketing.com.br\\\/marketing\\\/wp-content\\\/uploads\\\/2020\\\/01\\\/cidademarketing_marca_mobile.png\",\"width\":230,\"height\":92,\"caption\":\"CidadeMarketing\"},\"image\":{\"@id\":\"https:\\\/\\\/www.cidademarketing.com.br\\\/marketing\\\/#\\\/schema\\\/logo\\\/image\\\/\"},\"sameAs\":[\"https:\\\/\\\/www.facebook.com\\\/portalcidademarketing\",\"https:\\\/\\\/x.com\\\/CidadeMarketing\",\"https:\\\/\\\/www.instagram.com\\\/cidademarketing\\\/\"]},{\"@type\":\"Person\",\"@id\":\"https:\\\/\\\/www.cidademarketing.com.br\\\/marketing\\\/#\\\/schema\\\/person\\\/02daff9f18bd9378c9e01eb6b2db155f\",\"name\":\"Thales Brand\u00e3o\",\"image\":{\"@type\":\"ImageObject\",\"inLanguage\":\"pt-BR\",\"@id\":\"https:\\\/\\\/secure.gravatar.com\\\/avatar\\\/7ca3206950207cc3cb48feec56a8a7898741ab725c368d99d5d7a5a50aab80c6?s=96&d=mm&r=g\",\"url\":\"https:\\\/\\\/secure.gravatar.com\\\/avatar\\\/7ca3206950207cc3cb48feec56a8a7898741ab725c368d99d5d7a5a50aab80c6?s=96&d=mm&r=g\",\"contentUrl\":\"https:\\\/\\\/secure.gravatar.com\\\/avatar\\\/7ca3206950207cc3cb48feec56a8a7898741ab725c368d99d5d7a5a50aab80c6?s=96&d=mm&r=g\",\"caption\":\"Thales Brand\u00e3o\"},\"description\":\"Editor Executivo do Portal CidadeMarketing.com.br &gt; Mestre em Comunica\u00e7\u00e3o e Sociedade pela Universidade Federal de Sergipe. Possui MBA Executivo em Administra\u00e7\u00e3o com \u00eanfase em Marketing pela Funda\u00e7\u00e3o Get\u00falio Vargas - Rio de Janeiro. Consultor, Palestrante e Pesquisador sobre Empreendedorismo, Marketing, Redes Sociais e Neg\u00f3cios Digitais. Professor, Palestrante TedxTalks e Campus Party. Twitter: @ThalesBrandao\",\"sameAs\":[\"http:\\\/\\\/www.mandacaru.com.br\",\"https:\\\/\\\/www.facebook.com\\\/thalesbrandao\",\"http:\\\/\\\/www.instagram.com.br\\\/thalesbrandaoferreira\",\"https:\\\/\\\/www.linkedin.com\\\/in\\\/thales-brand\u00e3o-3948609\\\/\",\"https:\\\/\\\/x.com\\\/http:\\\/\\\/www.twitter.com\\\/thalesbrandao\"],\"url\":\"https:\\\/\\\/www.cidademarketing.com.br\\\/marketing\\\/author\\\/thalesbrandao\\\/\"}]}<\/script>\n<!-- \/ Yoast SEO plugin. -->","yoast_head_json":{"title":"13,4 milh\u00f5es de pessoas em busca de trabalho no Brasil, aponta IBGE - CidadeMarketing","robots":{"index":"index","follow":"follow","max-snippet":"max-snippet:-1","max-image-preview":"max-image-preview:large","max-video-preview":"max-video-preview:-1"},"canonical":"https:\/\/www.cidademarketing.com.br\/marketing\/2019\/04\/30\/134-milhoes-de-pessoas-em-busca-de-trabalho-no-brasil-aponta-ibge\/","og_locale":"pt_BR","og_type":"article","og_title":"13,4 milh\u00f5es de pessoas em busca de trabalho no Brasil, aponta IBGE - CidadeMarketing","og_description":"A&nbsp;taxa de desocupa\u00e7\u00e3o&nbsp;(12,7%) no trimestre encerrado em mar\u00e7o de 2019 subiu 1,1 ponto percentual (p.p.) em rela\u00e7\u00e3o ao trimestre de outubro a dezembro de 2018 (11,6%) e caiu -0,4 p.p. em rela\u00e7\u00e3o ao trimestre m\u00f3vel de janeiro a mar\u00e7o de 2018 (13,1%) Indicador \/ Per\u00edodo Jan-Fev-Mar 2019 Out-Nov-Dez 2017 Jan-Fev-Mar 2018 Taxa de desocupa\u00e7\u00e3o 12,7% [&hellip;]","og_url":"https:\/\/www.cidademarketing.com.br\/marketing\/2019\/04\/30\/134-milhoes-de-pessoas-em-busca-de-trabalho-no-brasil-aponta-ibge\/","og_site_name":"CidadeMarketing","article_publisher":"https:\/\/www.facebook.com\/portalcidademarketing","article_author":"https:\/\/www.facebook.com\/thalesbrandao","article_published_time":"2019-04-30T12:43:03+00:00","article_modified_time":"2019-04-30T12:43:06+00:00","og_image":[{"width":1200,"height":941,"url":"https:\/\/www.cidademarketing.com.br\/marketing\/wp-content\/uploads\/2019\/04\/Gr\u00e1fico-IBGE-2019-4-30.jpeg","type":"image\/jpeg"}],"author":"Thales Brand\u00e3o","twitter_card":"summary_large_image","twitter_creator":"@http:\/\/www.twitter.com\/thalesbrandao","twitter_site":"@CidadeMarketing","twitter_misc":{"Escrito por":"Thales Brand\u00e3o","Est. tempo de leitura":"10 minutos"},"schema":{"@context":"https:\/\/schema.org","@graph":[{"@type":"Article","@id":"https:\/\/www.cidademarketing.com.br\/marketing\/2019\/04\/30\/134-milhoes-de-pessoas-em-busca-de-trabalho-no-brasil-aponta-ibge\/#article","isPartOf":{"@id":"https:\/\/www.cidademarketing.com.br\/marketing\/2019\/04\/30\/134-milhoes-de-pessoas-em-busca-de-trabalho-no-brasil-aponta-ibge\/"},"author":{"name":"Thales Brand\u00e3o","@id":"https:\/\/www.cidademarketing.com.br\/marketing\/#\/schema\/person\/02daff9f18bd9378c9e01eb6b2db155f"},"headline":"13,4 milh\u00f5es de pessoas em busca de trabalho no Brasil, aponta IBGE","datePublished":"2019-04-30T12:43:03+00:00","dateModified":"2019-04-30T12:43:06+00:00","mainEntityOfPage":{"@id":"https:\/\/www.cidademarketing.com.br\/marketing\/2019\/04\/30\/134-milhoes-de-pessoas-em-busca-de-trabalho-no-brasil-aponta-ibge\/"},"wordCount":1982,"commentCount":0,"publisher":{"@id":"https:\/\/www.cidademarketing.com.br\/marketing\/#organization"},"image":{"@id":"https:\/\/www.cidademarketing.com.br\/marketing\/2019\/04\/30\/134-milhoes-de-pessoas-em-busca-de-trabalho-no-brasil-aponta-ibge\/#primaryimage"},"thumbnailUrl":"https:\/\/www.cidademarketing.com.br\/marketing\/wp-content\/uploads\/2019\/04\/Gr\u00e1fico-IBGE-2019-4-30.jpeg","keywords":["IBGE","pessoas"],"articleSection":["Not\u00edcias"],"inLanguage":"pt-BR","potentialAction":[{"@type":"CommentAction","name":"Comment","target":["https:\/\/www.cidademarketing.com.br\/marketing\/2019\/04\/30\/134-milhoes-de-pessoas-em-busca-de-trabalho-no-brasil-aponta-ibge\/#respond"]}]},{"@type":"WebPage","@id":"https:\/\/www.cidademarketing.com.br\/marketing\/2019\/04\/30\/134-milhoes-de-pessoas-em-busca-de-trabalho-no-brasil-aponta-ibge\/","url":"https:\/\/www.cidademarketing.com.br\/marketing\/2019\/04\/30\/134-milhoes-de-pessoas-em-busca-de-trabalho-no-brasil-aponta-ibge\/","name":"13,4 milh\u00f5es de pessoas em busca de trabalho no Brasil, aponta IBGE - CidadeMarketing","isPartOf":{"@id":"https:\/\/www.cidademarketing.com.br\/marketing\/#website"},"primaryImageOfPage":{"@id":"https:\/\/www.cidademarketing.com.br\/marketing\/2019\/04\/30\/134-milhoes-de-pessoas-em-busca-de-trabalho-no-brasil-aponta-ibge\/#primaryimage"},"image":{"@id":"https:\/\/www.cidademarketing.com.br\/marketing\/2019\/04\/30\/134-milhoes-de-pessoas-em-busca-de-trabalho-no-brasil-aponta-ibge\/#primaryimage"},"thumbnailUrl":"https:\/\/www.cidademarketing.com.br\/marketing\/wp-content\/uploads\/2019\/04\/Gr\u00e1fico-IBGE-2019-4-30.jpeg","datePublished":"2019-04-30T12:43:03+00:00","dateModified":"2019-04-30T12:43:06+00:00","breadcrumb":{"@id":"https:\/\/www.cidademarketing.com.br\/marketing\/2019\/04\/30\/134-milhoes-de-pessoas-em-busca-de-trabalho-no-brasil-aponta-ibge\/#breadcrumb"},"inLanguage":"pt-BR","potentialAction":[{"@type":"ReadAction","target":["https:\/\/www.cidademarketing.com.br\/marketing\/2019\/04\/30\/134-milhoes-de-pessoas-em-busca-de-trabalho-no-brasil-aponta-ibge\/"]}]},{"@type":"ImageObject","inLanguage":"pt-BR","@id":"https:\/\/www.cidademarketing.com.br\/marketing\/2019\/04\/30\/134-milhoes-de-pessoas-em-busca-de-trabalho-no-brasil-aponta-ibge\/#primaryimage","url":"https:\/\/www.cidademarketing.com.br\/marketing\/wp-content\/uploads\/2019\/04\/Gr\u00e1fico-IBGE-2019-4-30.jpeg","contentUrl":"https:\/\/www.cidademarketing.com.br\/marketing\/wp-content\/uploads\/2019\/04\/Gr\u00e1fico-IBGE-2019-4-30.jpeg","width":1200,"height":941},{"@type":"BreadcrumbList","@id":"https:\/\/www.cidademarketing.com.br\/marketing\/2019\/04\/30\/134-milhoes-de-pessoas-em-busca-de-trabalho-no-brasil-aponta-ibge\/#breadcrumb","itemListElement":[{"@type":"ListItem","position":1,"name":"In\u00edcio","item":"https:\/\/www.cidademarketing.com.br\/marketing\/"},{"@type":"ListItem","position":2,"name":"13,4 milh\u00f5es de pessoas em busca de trabalho no Brasil, aponta IBGE"}]},{"@type":"WebSite","@id":"https:\/\/www.cidademarketing.com.br\/marketing\/#website","url":"https:\/\/www.cidademarketing.com.br\/marketing\/","name":"CidadeMarketing","description":"Somos um ve\u00edculo de comunica\u00e7\u00e3o de destaque no Brasil, reconhecido por conte\u00fados nos segmentos de marketing, empreendedorismo e inova\u00e7\u00e3o.","publisher":{"@id":"https:\/\/www.cidademarketing.com.br\/marketing\/#organization"},"alternateName":"CidadeMarketing","potentialAction":[{"@type":"SearchAction","target":{"@type":"EntryPoint","urlTemplate":"https:\/\/www.cidademarketing.com.br\/marketing\/?s={search_term_string}"},"query-input":{"@type":"PropertyValueSpecification","valueRequired":true,"valueName":"search_term_string"}}],"inLanguage":"pt-BR"},{"@type":"Organization","@id":"https:\/\/www.cidademarketing.com.br\/marketing\/#organization","name":"CidadeMarketing","alternateName":"CidadeMarketing","url":"https:\/\/www.cidademarketing.com.br\/marketing\/","logo":{"@type":"ImageObject","inLanguage":"pt-BR","@id":"https:\/\/www.cidademarketing.com.br\/marketing\/#\/schema\/logo\/image\/","url":"https:\/\/www.cidademarketing.com.br\/marketing\/wp-content\/uploads\/2020\/01\/cidademarketing_marca_mobile.png","contentUrl":"https:\/\/www.cidademarketing.com.br\/marketing\/wp-content\/uploads\/2020\/01\/cidademarketing_marca_mobile.png","width":230,"height":92,"caption":"CidadeMarketing"},"image":{"@id":"https:\/\/www.cidademarketing.com.br\/marketing\/#\/schema\/logo\/image\/"},"sameAs":["https:\/\/www.facebook.com\/portalcidademarketing","https:\/\/x.com\/CidadeMarketing","https:\/\/www.instagram.com\/cidademarketing\/"]},{"@type":"Person","@id":"https:\/\/www.cidademarketing.com.br\/marketing\/#\/schema\/person\/02daff9f18bd9378c9e01eb6b2db155f","name":"Thales Brand\u00e3o","image":{"@type":"ImageObject","inLanguage":"pt-BR","@id":"https:\/\/secure.gravatar.com\/avatar\/7ca3206950207cc3cb48feec56a8a7898741ab725c368d99d5d7a5a50aab80c6?s=96&d=mm&r=g","url":"https:\/\/secure.gravatar.com\/avatar\/7ca3206950207cc3cb48feec56a8a7898741ab725c368d99d5d7a5a50aab80c6?s=96&d=mm&r=g","contentUrl":"https:\/\/secure.gravatar.com\/avatar\/7ca3206950207cc3cb48feec56a8a7898741ab725c368d99d5d7a5a50aab80c6?s=96&d=mm&r=g","caption":"Thales Brand\u00e3o"},"description":"Editor Executivo do Portal CidadeMarketing.com.br &gt; Mestre em Comunica\u00e7\u00e3o e Sociedade pela Universidade Federal de Sergipe. Possui MBA Executivo em Administra\u00e7\u00e3o com \u00eanfase em Marketing pela Funda\u00e7\u00e3o Get\u00falio Vargas - Rio de Janeiro. Consultor, Palestrante e Pesquisador sobre Empreendedorismo, Marketing, Redes Sociais e Neg\u00f3cios Digitais. Professor, Palestrante TedxTalks e Campus Party. Twitter: @ThalesBrandao","sameAs":["http:\/\/www.mandacaru.com.br","https:\/\/www.facebook.com\/thalesbrandao","http:\/\/www.instagram.com.br\/thalesbrandaoferreira","https:\/\/www.linkedin.com\/in\/thales-brand\u00e3o-3948609\/","https:\/\/x.com\/http:\/\/www.twitter.com\/thalesbrandao"],"url":"https:\/\/www.cidademarketing.com.br\/marketing\/author\/thalesbrandao\/"}]}},"amp_enabled":true,"_links":{"self":[{"href":"https:\/\/www.cidademarketing.com.br\/marketing\/wp-json\/wp\/v2\/posts\/7973","targetHints":{"allow":["GET"]}}],"collection":[{"href":"https:\/\/www.cidademarketing.com.br\/marketing\/wp-json\/wp\/v2\/posts"}],"about":[{"href":"https:\/\/www.cidademarketing.com.br\/marketing\/wp-json\/wp\/v2\/types\/post"}],"author":[{"embeddable":true,"href":"https:\/\/www.cidademarketing.com.br\/marketing\/wp-json\/wp\/v2\/users\/1"}],"replies":[{"embeddable":true,"href":"https:\/\/www.cidademarketing.com.br\/marketing\/wp-json\/wp\/v2\/comments?post=7973"}],"version-history":[{"count":1,"href":"https:\/\/www.cidademarketing.com.br\/marketing\/wp-json\/wp\/v2\/posts\/7973\/revisions"}],"predecessor-version":[{"id":7977,"href":"https:\/\/www.cidademarketing.com.br\/marketing\/wp-json\/wp\/v2\/posts\/7973\/revisions\/7977"}],"wp:featuredmedia":[{"embeddable":true,"href":"https:\/\/www.cidademarketing.com.br\/marketing\/wp-json\/wp\/v2\/media\/7976"}],"wp:attachment":[{"href":"https:\/\/www.cidademarketing.com.br\/marketing\/wp-json\/wp\/v2\/media?parent=7973"}],"wp:term":[{"taxonomy":"category","embeddable":true,"href":"https:\/\/www.cidademarketing.com.br\/marketing\/wp-json\/wp\/v2\/categories?post=7973"},{"taxonomy":"post_tag","embeddable":true,"href":"https:\/\/www.cidademarketing.com.br\/marketing\/wp-json\/wp\/v2\/tags?post=7973"}],"curies":[{"name":"wp","href":"https:\/\/api.w.org\/{rel}","templated":true}]}}