{"id":7964,"date":"2019-04-30T06:09:11","date_gmt":"2019-04-30T02:09:11","guid":{"rendered":"http:\/\/www.cidademarketing.com.br\/marketing\/?p=7964"},"modified":"2019-04-30T06:14:04","modified_gmt":"2019-04-30T02:14:04","slug":"anac-emite-nota-sobre-situacao-atual-da-avianca-brasil","status":"publish","type":"post","link":"https:\/\/www.cidademarketing.com.br\/marketing\/2019\/04\/30\/anac-emite-nota-sobre-situacao-atual-da-avianca-brasil\/","title":{"rendered":"Anac emite nota sobre situa\u00e7\u00e3o atual da Avianca Brasil"},"content":{"rendered":"\n<p> A Ag\u00eancia Nacional de Avia\u00e7\u00e3o Civil (ANAC) informa que recebeu a nova malha a\u00e9rea da empresa Avianca Brasil para temporada de voos vigentes, que possui programa\u00e7\u00e3o at\u00e9 outubro deste ano. Segundo informado, a partir desta segunda-feira (29\/4), a empresa passa a operar em quatro aeroportos brasileiros. S\u00e3o eles: Bras\u00edlia (DF), Congonhas (SP), Santos Dumont (RJ) e Salvador (BA), com uma m\u00e9dia de 39 voos di\u00e1rios.\u00a0<br>A readequa\u00e7\u00e3o da malha a\u00e9rea da empresa foi adotada devido \u00e0 diminui\u00e7\u00e3o da frota de aeronaves dispon\u00edveis para opera\u00e7\u00e3o, uma consequ\u00eancia do processo de recupera\u00e7\u00e3o judicial da empresa (<a rel=\"noreferrer noopener\" aria-label=\" (abre numa nova aba)\" href=\"http:\/\/www.cidademarketing.com.br\/marketing\/2019\/04\/13\/anac-cancela-matricula-de-10-aeronaves-da-avianca-brasil-e-determina-interrupcao-de-venda-de-passagens-para-voos-impactados\/\" target=\"_blank\">saiba mais aqui<\/a>).\u00a0Os voos planejados e registrados na ANAC podem ser acessados na\u00a0<a rel=\"noreferrer noopener\" href=\"https:\/\/www.anac.gov.br\/assuntos\/setor-regulado\/empresas\/registro-de-servicos\" target=\"_blank\">Consulta de Voos Planejados &#8211; SIROS<\/a>, no portal da Ag\u00eancia.\u00a0A adequa\u00e7\u00e3o dos voos pela Avianca foi uma das medidas exigidas pela ANAC, tendo em vista a devolu\u00e7\u00e3o de aeronaves pela empresa divulgada nas \u00faltimas semanas. A Ag\u00eancia tamb\u00e9m determinou a adequa\u00e7\u00e3o do sistema de venda de passagens, a ampla divulga\u00e7\u00e3o dos voos cancelados aos passageiros e prioritariamente a manuten\u00e7\u00e3o da seguran\u00e7a das opera\u00e7\u00f5es.\u00a0<\/p>\n\n\n\n<p>Al\u00e9m das medidas administrativas adotadas, a ANAC mant\u00e9m a fiscaliza\u00e7\u00e3o da atua\u00e7\u00e3o da Avianca na reacomoda\u00e7\u00e3o dos passageiros em outros voos e na aplica\u00e7\u00e3o da\u00a0<a rel=\"noreferrer noopener\" href=\"https:\/\/www.anac.gov.br\/assuntos\/legislacao\/legislacao-1\/resolucoes\/resolucoes-2016\/resolucao-no-400-13-12-2016\/@@display-file\/arquivo_norma\/RA2016-0400%20-%20Retificada.pdf\" target=\"_blank\">Resolu\u00e7\u00e3o n\u00b0400\/2016<\/a>. A Ag\u00eancia continua em contato com a Secretaria Nacional do Consumidor (Senacon) e outros \u00f3rg\u00e3os do Sistema Nacional de Defesa do Consumidor (SNDC) para o monitoramento do atendimento aos passageiros atingidos e das manifesta\u00e7\u00f5es sobre eventuais descumprimentos dos normativos do setor.<strong>Orienta\u00e7\u00f5es ao Passageiro<\/strong>\u00a0Recomenda-se que os passageiros fiquem atentos aos comunicados que a Avianca deve fazer sobre a situa\u00e7\u00e3o do seu voo e, em caso de d\u00favida, busquem informa\u00e7\u00f5es no site da companhia a\u00e9rea na internet ou contatem os seus canais de atendimento telef\u00f4nico, eletr\u00f4nico ou presencial. Em caso de cancelamento ou de altera\u00e7\u00e3o do voo por iniciativa da Avianca, o passageiro deve ter os seus direitos respeitados, que est\u00e3o dispon\u00edveis para consulta no portal da ANAC na internet (<a rel=\"noreferrer noopener\" href=\"https:\/\/www.anac.gov.br\/assuntos\/passageiros\" target=\"_blank\">https:\/\/www.anac.gov.br\/assuntos\/passageiros<\/a>) ou da p\u00e1gina Passageiro Digital (<a rel=\"noreferrer noopener\" href=\"https:\/\/www.anac.gov.br\/passageirodigital\" target=\"_blank\">https:\/\/www.anac.gov.br\/passageirodigital<\/a>), especialmente desenvolvida para dispositivos m\u00f3veis.\u00a0<\/p>\n\n\n\n<p>Caso o passageiro se sinta prejudicado ou tenha seus direitos desrespeitados, deve procurar a empresa a\u00e9rea contratada para reivindicar seus direitos como consumidor. Se as tentativas de solu\u00e7\u00e3o do problema pela empresa n\u00e3o apresentarem resultado, o usu\u00e1rio poder\u00e1 registrar sua reclama\u00e7\u00e3o por meio da plataforma\u00a0<a rel=\"noreferrer noopener\" href=\"http:\/\/www.consumidor.gov.br\/\" target=\"_blank\">www.consumidor.gov.br<\/a>. Pela ferramenta, o consumidor pode se comunicar diretamente com as empresas, que t\u00eam a obriga\u00e7\u00e3o de receber, analisar e responder as reclama\u00e7\u00f5es em at\u00e9 10 dias.\u00a0N\u00e3o tendo a sua\u00a0reclama\u00e7\u00e3o resolvida pela empresa a\u00e9rea na plataforma Consumidor.gov.br, o passageiro poder\u00e1 recorrer aos \u00f3rg\u00e3os do SNDC, que inclui os canais presenciais de atendimento do Procon e o Juizado Especial Civil, a fim de buscar uma solu\u00e7\u00e3o\u00a0para o seu problema individual e requerer a repara\u00e7\u00e3o de danos porventura causados pelo transportador. A ANAC monitora, em \u00e2mbito coletivo, o atendimento prestado pelas empresas a\u00e9reas aos passageiros por meio dessa plataforma, colhendo subs\u00eddios para as a\u00e7\u00f5es de fiscaliza\u00e7\u00e3o e de regula\u00e7\u00e3o do setor. A plataforma tamb\u00e9m \u00e9 monitorada por \u00f3rg\u00e3os do SNDC, entre outros. <\/p>\n","protected":false},"excerpt":{"rendered":"<p>A Ag\u00eancia Nacional de Avia\u00e7\u00e3o Civil (ANAC) informa que recebeu a nova malha a\u00e9rea da empresa Avianca Brasil para temporada de voos vigentes, que possui programa\u00e7\u00e3o at\u00e9 outubro deste ano. Segundo informado, a partir desta segunda-feira (29\/4), a empresa passa a operar em quatro aeroportos brasileiros. S\u00e3o eles: Bras\u00edlia (DF), Congonhas (SP), Santos Dumont (RJ) [&hellip;]<\/p>\n","protected":false},"author":1,"featured_media":7965,"comment_status":"open","ping_status":"open","sticky":false,"template":"","format":"standard","meta":{"tdm_status":"","tdm_grid_status":"","footnotes":""},"categories":[6],"tags":[186,398],"class_list":["post-7964","post","type-post","status-publish","format-standard","has-post-thumbnail","hentry","category-noticias","tag-anac","tag-recuperacao-judicial"],"yoast_head":"<!-- This site is optimized with the Yoast SEO plugin v27.5 - https:\/\/yoast.com\/product\/yoast-seo-wordpress\/ -->\n<title>Anac emite nota sobre situa\u00e7\u00e3o atual da Avianca Brasil - CidadeMarketing<\/title>\n<meta name=\"robots\" content=\"index, follow, max-snippet:-1, max-image-preview:large, max-video-preview:-1\" \/>\n<link rel=\"canonical\" href=\"https:\/\/www.cidademarketing.com.br\/marketing\/2019\/04\/30\/anac-emite-nota-sobre-situacao-atual-da-avianca-brasil\/\" \/>\n<meta property=\"og:locale\" content=\"pt_BR\" \/>\n<meta property=\"og:type\" content=\"article\" \/>\n<meta property=\"og:title\" content=\"Anac emite nota sobre situa\u00e7\u00e3o atual da Avianca Brasil - CidadeMarketing\" \/>\n<meta property=\"og:description\" content=\"A Ag\u00eancia Nacional de Avia\u00e7\u00e3o Civil (ANAC) informa que recebeu a nova malha a\u00e9rea da empresa Avianca Brasil para temporada de voos vigentes, que possui programa\u00e7\u00e3o at\u00e9 outubro deste ano. Segundo informado, a partir desta segunda-feira (29\/4), a empresa passa a operar em quatro aeroportos brasileiros. S\u00e3o eles: Bras\u00edlia (DF), Congonhas (SP), Santos Dumont (RJ) [&hellip;]\" \/>\n<meta property=\"og:url\" content=\"https:\/\/www.cidademarketing.com.br\/marketing\/2019\/04\/30\/anac-emite-nota-sobre-situacao-atual-da-avianca-brasil\/\" \/>\n<meta property=\"og:site_name\" content=\"CidadeMarketing\" \/>\n<meta property=\"article:publisher\" content=\"https:\/\/www.facebook.com\/portalcidademarketing\" \/>\n<meta property=\"article:author\" content=\"https:\/\/www.facebook.com\/thalesbrandao\" \/>\n<meta property=\"article:published_time\" content=\"2019-04-30T02:09:11+00:00\" \/>\n<meta property=\"article:modified_time\" content=\"2019-04-30T02:14:04+00:00\" \/>\n<meta property=\"og:image\" content=\"https:\/\/www.cidademarketing.com.br\/marketing\/wp-content\/uploads\/2019\/04\/avianca_recuperacao.jpg\" \/>\n\t<meta property=\"og:image:width\" content=\"2048\" \/>\n\t<meta property=\"og:image:height\" content=\"1152\" \/>\n\t<meta property=\"og:image:type\" content=\"image\/jpeg\" \/>\n<meta name=\"author\" content=\"Thales Brand\u00e3o\" \/>\n<meta name=\"twitter:card\" content=\"summary_large_image\" \/>\n<meta name=\"twitter:creator\" content=\"@http:\/\/www.twitter.com\/thalesbrandao\" \/>\n<meta name=\"twitter:site\" content=\"@CidadeMarketing\" \/>\n<meta name=\"twitter:label1\" content=\"Escrito por\" \/>\n\t<meta name=\"twitter:data1\" content=\"Thales Brand\u00e3o\" \/>\n\t<meta name=\"twitter:label2\" content=\"Est. tempo de leitura\" \/>\n\t<meta name=\"twitter:data2\" content=\"3 minutos\" \/>\n<script type=\"application\/ld+json\" class=\"yoast-schema-graph\">{\"@context\":\"https:\\\/\\\/schema.org\",\"@graph\":[{\"@type\":\"Article\",\"@id\":\"https:\\\/\\\/www.cidademarketing.com.br\\\/marketing\\\/2019\\\/04\\\/30\\\/anac-emite-nota-sobre-situacao-atual-da-avianca-brasil\\\/#article\",\"isPartOf\":{\"@id\":\"https:\\\/\\\/www.cidademarketing.com.br\\\/marketing\\\/2019\\\/04\\\/30\\\/anac-emite-nota-sobre-situacao-atual-da-avianca-brasil\\\/\"},\"author\":{\"name\":\"Thales Brand\u00e3o\",\"@id\":\"https:\\\/\\\/www.cidademarketing.com.br\\\/marketing\\\/#\\\/schema\\\/person\\\/02daff9f18bd9378c9e01eb6b2db155f\"},\"headline\":\"Anac emite nota sobre situa\u00e7\u00e3o atual da Avianca Brasil\",\"datePublished\":\"2019-04-30T02:09:11+00:00\",\"dateModified\":\"2019-04-30T02:14:04+00:00\",\"mainEntityOfPage\":{\"@id\":\"https:\\\/\\\/www.cidademarketing.com.br\\\/marketing\\\/2019\\\/04\\\/30\\\/anac-emite-nota-sobre-situacao-atual-da-avianca-brasil\\\/\"},\"wordCount\":587,\"commentCount\":0,\"publisher\":{\"@id\":\"https:\\\/\\\/www.cidademarketing.com.br\\\/marketing\\\/#organization\"},\"image\":{\"@id\":\"https:\\\/\\\/www.cidademarketing.com.br\\\/marketing\\\/2019\\\/04\\\/30\\\/anac-emite-nota-sobre-situacao-atual-da-avianca-brasil\\\/#primaryimage\"},\"thumbnailUrl\":\"https:\\\/\\\/www.cidademarketing.com.br\\\/marketing\\\/wp-content\\\/uploads\\\/2019\\\/04\\\/avianca_recuperacao.jpg\",\"keywords\":[\"ANAC\",\"recupera\u00e7\u00e3o judicial\"],\"articleSection\":[\"Not\u00edcias\"],\"inLanguage\":\"pt-BR\",\"potentialAction\":[{\"@type\":\"CommentAction\",\"name\":\"Comment\",\"target\":[\"https:\\\/\\\/www.cidademarketing.com.br\\\/marketing\\\/2019\\\/04\\\/30\\\/anac-emite-nota-sobre-situacao-atual-da-avianca-brasil\\\/#respond\"]}]},{\"@type\":\"WebPage\",\"@id\":\"https:\\\/\\\/www.cidademarketing.com.br\\\/marketing\\\/2019\\\/04\\\/30\\\/anac-emite-nota-sobre-situacao-atual-da-avianca-brasil\\\/\",\"url\":\"https:\\\/\\\/www.cidademarketing.com.br\\\/marketing\\\/2019\\\/04\\\/30\\\/anac-emite-nota-sobre-situacao-atual-da-avianca-brasil\\\/\",\"name\":\"Anac emite nota sobre situa\u00e7\u00e3o atual da Avianca Brasil - CidadeMarketing\",\"isPartOf\":{\"@id\":\"https:\\\/\\\/www.cidademarketing.com.br\\\/marketing\\\/#website\"},\"primaryImageOfPage\":{\"@id\":\"https:\\\/\\\/www.cidademarketing.com.br\\\/marketing\\\/2019\\\/04\\\/30\\\/anac-emite-nota-sobre-situacao-atual-da-avianca-brasil\\\/#primaryimage\"},\"image\":{\"@id\":\"https:\\\/\\\/www.cidademarketing.com.br\\\/marketing\\\/2019\\\/04\\\/30\\\/anac-emite-nota-sobre-situacao-atual-da-avianca-brasil\\\/#primaryimage\"},\"thumbnailUrl\":\"https:\\\/\\\/www.cidademarketing.com.br\\\/marketing\\\/wp-content\\\/uploads\\\/2019\\\/04\\\/avianca_recuperacao.jpg\",\"datePublished\":\"2019-04-30T02:09:11+00:00\",\"dateModified\":\"2019-04-30T02:14:04+00:00\",\"breadcrumb\":{\"@id\":\"https:\\\/\\\/www.cidademarketing.com.br\\\/marketing\\\/2019\\\/04\\\/30\\\/anac-emite-nota-sobre-situacao-atual-da-avianca-brasil\\\/#breadcrumb\"},\"inLanguage\":\"pt-BR\",\"potentialAction\":[{\"@type\":\"ReadAction\",\"target\":[\"https:\\\/\\\/www.cidademarketing.com.br\\\/marketing\\\/2019\\\/04\\\/30\\\/anac-emite-nota-sobre-situacao-atual-da-avianca-brasil\\\/\"]}]},{\"@type\":\"ImageObject\",\"inLanguage\":\"pt-BR\",\"@id\":\"https:\\\/\\\/www.cidademarketing.com.br\\\/marketing\\\/2019\\\/04\\\/30\\\/anac-emite-nota-sobre-situacao-atual-da-avianca-brasil\\\/#primaryimage\",\"url\":\"https:\\\/\\\/www.cidademarketing.com.br\\\/marketing\\\/wp-content\\\/uploads\\\/2019\\\/04\\\/avianca_recuperacao.jpg\",\"contentUrl\":\"https:\\\/\\\/www.cidademarketing.com.br\\\/marketing\\\/wp-content\\\/uploads\\\/2019\\\/04\\\/avianca_recuperacao.jpg\",\"width\":2048,\"height\":1152,\"caption\":\"Divulga\u00e7\u00e3o\"},{\"@type\":\"BreadcrumbList\",\"@id\":\"https:\\\/\\\/www.cidademarketing.com.br\\\/marketing\\\/2019\\\/04\\\/30\\\/anac-emite-nota-sobre-situacao-atual-da-avianca-brasil\\\/#breadcrumb\",\"itemListElement\":[{\"@type\":\"ListItem\",\"position\":1,\"name\":\"In\u00edcio\",\"item\":\"https:\\\/\\\/www.cidademarketing.com.br\\\/marketing\\\/\"},{\"@type\":\"ListItem\",\"position\":2,\"name\":\"Anac emite nota sobre situa\u00e7\u00e3o atual da Avianca Brasil\"}]},{\"@type\":\"WebSite\",\"@id\":\"https:\\\/\\\/www.cidademarketing.com.br\\\/marketing\\\/#website\",\"url\":\"https:\\\/\\\/www.cidademarketing.com.br\\\/marketing\\\/\",\"name\":\"CidadeMarketing\",\"description\":\"Somos um ve\u00edculo de comunica\u00e7\u00e3o de destaque no Brasil, reconhecido por conte\u00fados nos segmentos de marketing, empreendedorismo e inova\u00e7\u00e3o.\",\"publisher\":{\"@id\":\"https:\\\/\\\/www.cidademarketing.com.br\\\/marketing\\\/#organization\"},\"alternateName\":\"CidadeMarketing\",\"potentialAction\":[{\"@type\":\"SearchAction\",\"target\":{\"@type\":\"EntryPoint\",\"urlTemplate\":\"https:\\\/\\\/www.cidademarketing.com.br\\\/marketing\\\/?s={search_term_string}\"},\"query-input\":{\"@type\":\"PropertyValueSpecification\",\"valueRequired\":true,\"valueName\":\"search_term_string\"}}],\"inLanguage\":\"pt-BR\"},{\"@type\":\"Organization\",\"@id\":\"https:\\\/\\\/www.cidademarketing.com.br\\\/marketing\\\/#organization\",\"name\":\"CidadeMarketing\",\"alternateName\":\"CidadeMarketing\",\"url\":\"https:\\\/\\\/www.cidademarketing.com.br\\\/marketing\\\/\",\"logo\":{\"@type\":\"ImageObject\",\"inLanguage\":\"pt-BR\",\"@id\":\"https:\\\/\\\/www.cidademarketing.com.br\\\/marketing\\\/#\\\/schema\\\/logo\\\/image\\\/\",\"url\":\"https:\\\/\\\/www.cidademarketing.com.br\\\/marketing\\\/wp-content\\\/uploads\\\/2020\\\/01\\\/cidademarketing_marca_mobile.png\",\"contentUrl\":\"https:\\\/\\\/www.cidademarketing.com.br\\\/marketing\\\/wp-content\\\/uploads\\\/2020\\\/01\\\/cidademarketing_marca_mobile.png\",\"width\":230,\"height\":92,\"caption\":\"CidadeMarketing\"},\"image\":{\"@id\":\"https:\\\/\\\/www.cidademarketing.com.br\\\/marketing\\\/#\\\/schema\\\/logo\\\/image\\\/\"},\"sameAs\":[\"https:\\\/\\\/www.facebook.com\\\/portalcidademarketing\",\"https:\\\/\\\/x.com\\\/CidadeMarketing\",\"https:\\\/\\\/www.instagram.com\\\/cidademarketing\\\/\"]},{\"@type\":\"Person\",\"@id\":\"https:\\\/\\\/www.cidademarketing.com.br\\\/marketing\\\/#\\\/schema\\\/person\\\/02daff9f18bd9378c9e01eb6b2db155f\",\"name\":\"Thales Brand\u00e3o\",\"image\":{\"@type\":\"ImageObject\",\"inLanguage\":\"pt-BR\",\"@id\":\"https:\\\/\\\/secure.gravatar.com\\\/avatar\\\/7ca3206950207cc3cb48feec56a8a7898741ab725c368d99d5d7a5a50aab80c6?s=96&d=mm&r=g\",\"url\":\"https:\\\/\\\/secure.gravatar.com\\\/avatar\\\/7ca3206950207cc3cb48feec56a8a7898741ab725c368d99d5d7a5a50aab80c6?s=96&d=mm&r=g\",\"contentUrl\":\"https:\\\/\\\/secure.gravatar.com\\\/avatar\\\/7ca3206950207cc3cb48feec56a8a7898741ab725c368d99d5d7a5a50aab80c6?s=96&d=mm&r=g\",\"caption\":\"Thales Brand\u00e3o\"},\"description\":\"Editor Executivo do Portal CidadeMarketing.com.br &gt; Mestre em Comunica\u00e7\u00e3o e Sociedade pela Universidade Federal de Sergipe. Possui MBA Executivo em Administra\u00e7\u00e3o com \u00eanfase em Marketing pela Funda\u00e7\u00e3o Get\u00falio Vargas - Rio de Janeiro. Consultor, Palestrante e Pesquisador sobre Empreendedorismo, Marketing, Redes Sociais e Neg\u00f3cios Digitais. Professor, Palestrante TedxTalks e Campus Party. Twitter: @ThalesBrandao\",\"sameAs\":[\"http:\\\/\\\/www.mandacaru.com.br\",\"https:\\\/\\\/www.facebook.com\\\/thalesbrandao\",\"http:\\\/\\\/www.instagram.com.br\\\/thalesbrandaoferreira\",\"https:\\\/\\\/www.linkedin.com\\\/in\\\/thales-brand\u00e3o-3948609\\\/\",\"https:\\\/\\\/x.com\\\/http:\\\/\\\/www.twitter.com\\\/thalesbrandao\"],\"url\":\"https:\\\/\\\/www.cidademarketing.com.br\\\/marketing\\\/author\\\/thalesbrandao\\\/\"}]}<\/script>\n<!-- \/ Yoast SEO plugin. -->","yoast_head_json":{"title":"Anac emite nota sobre situa\u00e7\u00e3o atual da Avianca Brasil - CidadeMarketing","robots":{"index":"index","follow":"follow","max-snippet":"max-snippet:-1","max-image-preview":"max-image-preview:large","max-video-preview":"max-video-preview:-1"},"canonical":"https:\/\/www.cidademarketing.com.br\/marketing\/2019\/04\/30\/anac-emite-nota-sobre-situacao-atual-da-avianca-brasil\/","og_locale":"pt_BR","og_type":"article","og_title":"Anac emite nota sobre situa\u00e7\u00e3o atual da Avianca Brasil - CidadeMarketing","og_description":"A Ag\u00eancia Nacional de Avia\u00e7\u00e3o Civil (ANAC) informa que recebeu a nova malha a\u00e9rea da empresa Avianca Brasil para temporada de voos vigentes, que possui programa\u00e7\u00e3o at\u00e9 outubro deste ano. Segundo informado, a partir desta segunda-feira (29\/4), a empresa passa a operar em quatro aeroportos brasileiros. S\u00e3o eles: Bras\u00edlia (DF), Congonhas (SP), Santos Dumont (RJ) [&hellip;]","og_url":"https:\/\/www.cidademarketing.com.br\/marketing\/2019\/04\/30\/anac-emite-nota-sobre-situacao-atual-da-avianca-brasil\/","og_site_name":"CidadeMarketing","article_publisher":"https:\/\/www.facebook.com\/portalcidademarketing","article_author":"https:\/\/www.facebook.com\/thalesbrandao","article_published_time":"2019-04-30T02:09:11+00:00","article_modified_time":"2019-04-30T02:14:04+00:00","og_image":[{"width":2048,"height":1152,"url":"https:\/\/www.cidademarketing.com.br\/marketing\/wp-content\/uploads\/2019\/04\/avianca_recuperacao.jpg","type":"image\/jpeg"}],"author":"Thales Brand\u00e3o","twitter_card":"summary_large_image","twitter_creator":"@http:\/\/www.twitter.com\/thalesbrandao","twitter_site":"@CidadeMarketing","twitter_misc":{"Escrito por":"Thales Brand\u00e3o","Est. tempo de leitura":"3 minutos"},"schema":{"@context":"https:\/\/schema.org","@graph":[{"@type":"Article","@id":"https:\/\/www.cidademarketing.com.br\/marketing\/2019\/04\/30\/anac-emite-nota-sobre-situacao-atual-da-avianca-brasil\/#article","isPartOf":{"@id":"https:\/\/www.cidademarketing.com.br\/marketing\/2019\/04\/30\/anac-emite-nota-sobre-situacao-atual-da-avianca-brasil\/"},"author":{"name":"Thales Brand\u00e3o","@id":"https:\/\/www.cidademarketing.com.br\/marketing\/#\/schema\/person\/02daff9f18bd9378c9e01eb6b2db155f"},"headline":"Anac emite nota sobre situa\u00e7\u00e3o atual da Avianca Brasil","datePublished":"2019-04-30T02:09:11+00:00","dateModified":"2019-04-30T02:14:04+00:00","mainEntityOfPage":{"@id":"https:\/\/www.cidademarketing.com.br\/marketing\/2019\/04\/30\/anac-emite-nota-sobre-situacao-atual-da-avianca-brasil\/"},"wordCount":587,"commentCount":0,"publisher":{"@id":"https:\/\/www.cidademarketing.com.br\/marketing\/#organization"},"image":{"@id":"https:\/\/www.cidademarketing.com.br\/marketing\/2019\/04\/30\/anac-emite-nota-sobre-situacao-atual-da-avianca-brasil\/#primaryimage"},"thumbnailUrl":"https:\/\/www.cidademarketing.com.br\/marketing\/wp-content\/uploads\/2019\/04\/avianca_recuperacao.jpg","keywords":["ANAC","recupera\u00e7\u00e3o judicial"],"articleSection":["Not\u00edcias"],"inLanguage":"pt-BR","potentialAction":[{"@type":"CommentAction","name":"Comment","target":["https:\/\/www.cidademarketing.com.br\/marketing\/2019\/04\/30\/anac-emite-nota-sobre-situacao-atual-da-avianca-brasil\/#respond"]}]},{"@type":"WebPage","@id":"https:\/\/www.cidademarketing.com.br\/marketing\/2019\/04\/30\/anac-emite-nota-sobre-situacao-atual-da-avianca-brasil\/","url":"https:\/\/www.cidademarketing.com.br\/marketing\/2019\/04\/30\/anac-emite-nota-sobre-situacao-atual-da-avianca-brasil\/","name":"Anac emite nota sobre situa\u00e7\u00e3o atual da Avianca Brasil - CidadeMarketing","isPartOf":{"@id":"https:\/\/www.cidademarketing.com.br\/marketing\/#website"},"primaryImageOfPage":{"@id":"https:\/\/www.cidademarketing.com.br\/marketing\/2019\/04\/30\/anac-emite-nota-sobre-situacao-atual-da-avianca-brasil\/#primaryimage"},"image":{"@id":"https:\/\/www.cidademarketing.com.br\/marketing\/2019\/04\/30\/anac-emite-nota-sobre-situacao-atual-da-avianca-brasil\/#primaryimage"},"thumbnailUrl":"https:\/\/www.cidademarketing.com.br\/marketing\/wp-content\/uploads\/2019\/04\/avianca_recuperacao.jpg","datePublished":"2019-04-30T02:09:11+00:00","dateModified":"2019-04-30T02:14:04+00:00","breadcrumb":{"@id":"https:\/\/www.cidademarketing.com.br\/marketing\/2019\/04\/30\/anac-emite-nota-sobre-situacao-atual-da-avianca-brasil\/#breadcrumb"},"inLanguage":"pt-BR","potentialAction":[{"@type":"ReadAction","target":["https:\/\/www.cidademarketing.com.br\/marketing\/2019\/04\/30\/anac-emite-nota-sobre-situacao-atual-da-avianca-brasil\/"]}]},{"@type":"ImageObject","inLanguage":"pt-BR","@id":"https:\/\/www.cidademarketing.com.br\/marketing\/2019\/04\/30\/anac-emite-nota-sobre-situacao-atual-da-avianca-brasil\/#primaryimage","url":"https:\/\/www.cidademarketing.com.br\/marketing\/wp-content\/uploads\/2019\/04\/avianca_recuperacao.jpg","contentUrl":"https:\/\/www.cidademarketing.com.br\/marketing\/wp-content\/uploads\/2019\/04\/avianca_recuperacao.jpg","width":2048,"height":1152,"caption":"Divulga\u00e7\u00e3o"},{"@type":"BreadcrumbList","@id":"https:\/\/www.cidademarketing.com.br\/marketing\/2019\/04\/30\/anac-emite-nota-sobre-situacao-atual-da-avianca-brasil\/#breadcrumb","itemListElement":[{"@type":"ListItem","position":1,"name":"In\u00edcio","item":"https:\/\/www.cidademarketing.com.br\/marketing\/"},{"@type":"ListItem","position":2,"name":"Anac emite nota sobre situa\u00e7\u00e3o atual da Avianca Brasil"}]},{"@type":"WebSite","@id":"https:\/\/www.cidademarketing.com.br\/marketing\/#website","url":"https:\/\/www.cidademarketing.com.br\/marketing\/","name":"CidadeMarketing","description":"Somos um ve\u00edculo de comunica\u00e7\u00e3o de destaque no Brasil, reconhecido por conte\u00fados nos segmentos de marketing, empreendedorismo e inova\u00e7\u00e3o.","publisher":{"@id":"https:\/\/www.cidademarketing.com.br\/marketing\/#organization"},"alternateName":"CidadeMarketing","potentialAction":[{"@type":"SearchAction","target":{"@type":"EntryPoint","urlTemplate":"https:\/\/www.cidademarketing.com.br\/marketing\/?s={search_term_string}"},"query-input":{"@type":"PropertyValueSpecification","valueRequired":true,"valueName":"search_term_string"}}],"inLanguage":"pt-BR"},{"@type":"Organization","@id":"https:\/\/www.cidademarketing.com.br\/marketing\/#organization","name":"CidadeMarketing","alternateName":"CidadeMarketing","url":"https:\/\/www.cidademarketing.com.br\/marketing\/","logo":{"@type":"ImageObject","inLanguage":"pt-BR","@id":"https:\/\/www.cidademarketing.com.br\/marketing\/#\/schema\/logo\/image\/","url":"https:\/\/www.cidademarketing.com.br\/marketing\/wp-content\/uploads\/2020\/01\/cidademarketing_marca_mobile.png","contentUrl":"https:\/\/www.cidademarketing.com.br\/marketing\/wp-content\/uploads\/2020\/01\/cidademarketing_marca_mobile.png","width":230,"height":92,"caption":"CidadeMarketing"},"image":{"@id":"https:\/\/www.cidademarketing.com.br\/marketing\/#\/schema\/logo\/image\/"},"sameAs":["https:\/\/www.facebook.com\/portalcidademarketing","https:\/\/x.com\/CidadeMarketing","https:\/\/www.instagram.com\/cidademarketing\/"]},{"@type":"Person","@id":"https:\/\/www.cidademarketing.com.br\/marketing\/#\/schema\/person\/02daff9f18bd9378c9e01eb6b2db155f","name":"Thales Brand\u00e3o","image":{"@type":"ImageObject","inLanguage":"pt-BR","@id":"https:\/\/secure.gravatar.com\/avatar\/7ca3206950207cc3cb48feec56a8a7898741ab725c368d99d5d7a5a50aab80c6?s=96&d=mm&r=g","url":"https:\/\/secure.gravatar.com\/avatar\/7ca3206950207cc3cb48feec56a8a7898741ab725c368d99d5d7a5a50aab80c6?s=96&d=mm&r=g","contentUrl":"https:\/\/secure.gravatar.com\/avatar\/7ca3206950207cc3cb48feec56a8a7898741ab725c368d99d5d7a5a50aab80c6?s=96&d=mm&r=g","caption":"Thales Brand\u00e3o"},"description":"Editor Executivo do Portal CidadeMarketing.com.br &gt; Mestre em Comunica\u00e7\u00e3o e Sociedade pela Universidade Federal de Sergipe. Possui MBA Executivo em Administra\u00e7\u00e3o com \u00eanfase em Marketing pela Funda\u00e7\u00e3o Get\u00falio Vargas - Rio de Janeiro. Consultor, Palestrante e Pesquisador sobre Empreendedorismo, Marketing, Redes Sociais e Neg\u00f3cios Digitais. Professor, Palestrante TedxTalks e Campus Party. Twitter: @ThalesBrandao","sameAs":["http:\/\/www.mandacaru.com.br","https:\/\/www.facebook.com\/thalesbrandao","http:\/\/www.instagram.com.br\/thalesbrandaoferreira","https:\/\/www.linkedin.com\/in\/thales-brand\u00e3o-3948609\/","https:\/\/x.com\/http:\/\/www.twitter.com\/thalesbrandao"],"url":"https:\/\/www.cidademarketing.com.br\/marketing\/author\/thalesbrandao\/"}]}},"amp_enabled":true,"_links":{"self":[{"href":"https:\/\/www.cidademarketing.com.br\/marketing\/wp-json\/wp\/v2\/posts\/7964","targetHints":{"allow":["GET"]}}],"collection":[{"href":"https:\/\/www.cidademarketing.com.br\/marketing\/wp-json\/wp\/v2\/posts"}],"about":[{"href":"https:\/\/www.cidademarketing.com.br\/marketing\/wp-json\/wp\/v2\/types\/post"}],"author":[{"embeddable":true,"href":"https:\/\/www.cidademarketing.com.br\/marketing\/wp-json\/wp\/v2\/users\/1"}],"replies":[{"embeddable":true,"href":"https:\/\/www.cidademarketing.com.br\/marketing\/wp-json\/wp\/v2\/comments?post=7964"}],"version-history":[{"count":1,"href":"https:\/\/www.cidademarketing.com.br\/marketing\/wp-json\/wp\/v2\/posts\/7964\/revisions"}],"predecessor-version":[{"id":7966,"href":"https:\/\/www.cidademarketing.com.br\/marketing\/wp-json\/wp\/v2\/posts\/7964\/revisions\/7966"}],"wp:featuredmedia":[{"embeddable":true,"href":"https:\/\/www.cidademarketing.com.br\/marketing\/wp-json\/wp\/v2\/media\/7965"}],"wp:attachment":[{"href":"https:\/\/www.cidademarketing.com.br\/marketing\/wp-json\/wp\/v2\/media?parent=7964"}],"wp:term":[{"taxonomy":"category","embeddable":true,"href":"https:\/\/www.cidademarketing.com.br\/marketing\/wp-json\/wp\/v2\/categories?post=7964"},{"taxonomy":"post_tag","embeddable":true,"href":"https:\/\/www.cidademarketing.com.br\/marketing\/wp-json\/wp\/v2\/tags?post=7964"}],"curies":[{"name":"wp","href":"https:\/\/api.w.org\/{rel}","templated":true}]}}