{"id":7961,"date":"2019-04-30T04:09:41","date_gmt":"2019-04-30T00:09:41","guid":{"rendered":"http:\/\/www.cidademarketing.com.br\/marketing\/?p=7961"},"modified":"2022-06-17T11:55:31","modified_gmt":"2022-06-17T14:55:31","slug":"petrobras-comunica-aumento-do-preco-da-gasolina-em-r-007-nas-refinarias-a-partir-de-terca","status":"publish","type":"post","link":"https:\/\/www.cidademarketing.com.br\/marketing\/2019\/04\/30\/petrobras-comunica-aumento-do-preco-da-gasolina-em-r-007-nas-refinarias-a-partir-de-terca\/","title":{"rendered":"Petrobras comunica aumento do pre\u00e7o da gasolina em R$ 0,07 nas refinarias a partir de ter\u00e7a"},"content":{"rendered":"\r\n<p>A Petrobras comunicou em sua tabela de pre\u00e7os m\u00e9dios de diesel e gasolina \u00e0s distribuidoras nesta segunda-feira (29) que o pre\u00e7o m\u00e9dio do litro gasolina nas refinarias vai subir 3,5%, para R$ 2,045, a partir de ter\u00e7a-feira (30\/04). Essa \u00e9 a maior precifica\u00e7\u00e3o desde 23 de outubro do ano passado (R$ 2,0639).<\/p>\r\n\r\n\r\n\r\n<p>O pre\u00e7o do litro do diesel se mant\u00e9m est\u00e1vel em R$ 2,2470.<\/p>\r\n\r\n\r\n\r\n<p>Os combust\u00edveis derivados de petr\u00f3leo s\u00e3o commodities e t\u00eam seus pre\u00e7os atrelados aos mercados internacionais, cujas cota\u00e7\u00f5es variam diariamente, para cima e para baixo. A nova pol\u00edtica da Petrobras para evitar perdas, tem utilizado mecanismo de prote\u00e7\u00e3o financeira que permite aumentar os intervalos de reajustes nos pre\u00e7os da gasolina nas refinarias em at\u00e9 15 dias.<\/p>\r\n\r\n\r\n\r\n<p>Confira a tabela de pre\u00e7os m\u00e9dios do diesel e gasolina divulgada pela Petrobras no dia de hoje, 29\/04:<\/p>\r\n\r\n\r\n\r\n<h2 class=\"wp-block-heading\">Pre\u00e7os m\u00e9dios de diesel e gasolina \u00e0s distribuidoras sem tributos<\/h2>\r\n\r\n\r\n\r\n<table class=\"wp-block-table\">\r\n<tbody>\r\n<tr>\r\n<td>LOCAL<\/td>\r\n<td>Gasolina A (R$\/litro)<\/td>\r\n<td>Diesel S500 (R$\/litro)<\/td>\r\n<td>Diesel S10 (R$\/litro)<\/td>\r\n<\/tr>\r\n<tr>\r\n<td>MANAUS<\/td>\r\n<td>1,8801<\/td>\r\n<td>2,1501<\/td>\r\n<td>2,1889<\/td>\r\n<\/tr>\r\n<tr>\r\n<td>ITACOATIARA<\/td>\r\n<td>1,8441<\/td>\r\n<td>2,1206<\/td>\r\n<td>2,1593<\/td>\r\n<\/tr>\r\n<tr>\r\n<td>BEL\u00c9M<\/td>\r\n<td>1,9419<\/td>\r\n<td>2,1539<\/td>\r\n<td>2,1986<\/td>\r\n<\/tr>\r\n<tr>\r\n<td>S\u00c3O LU\u00cdS<\/td>\r\n<td>1,8084<\/td>\r\n<td>2,1241<\/td>\r\n<td>2,1451<\/td>\r\n<\/tr>\r\n<tr>\r\n<td>FORTALEZA<\/td>\r\n<td>1,9529<\/td>\r\n<td>2,1781<\/td>\r\n<td>2,2228<\/td>\r\n<\/tr>\r\n<tr>\r\n<td>GUAMAR\u00c9<\/td>\r\n<td>1,8756<\/td>\r\n<td>2,1460<\/td>\r\n<td>&#8211;<\/td>\r\n<\/tr>\r\n<tr>\r\n<td>CABEDELO<\/td>\r\n<td>1,9050<\/td>\r\n<td>2,1735<\/td>\r\n<td>&#8211;<\/td>\r\n<\/tr>\r\n<tr>\r\n<td>IPOJUCA<\/td>\r\n<td>1,8713<\/td>\r\n<td>&#8211;<\/td>\r\n<td>2,1422<\/td>\r\n<\/tr>\r\n<tr>\r\n<td>MACEI\u00d3<\/td>\r\n<td>1,9222<\/td>\r\n<td>2,1612<\/td>\r\n<td>&#8211;<\/td>\r\n<\/tr>\r\n<tr>\r\n<td>S\u00c3O FRANCISCO DO CONDE<\/td>\r\n<td>1,9376<\/td>\r\n<td>2,1642<\/td>\r\n<td>2,2090<\/td>\r\n<\/tr>\r\n<tr>\r\n<td>CANDEIAS<\/td>\r\n<td>1,9376<\/td>\r\n<td>2,1641<\/td>\r\n<td>2,2089<\/td>\r\n<\/tr>\r\n<tr>\r\n<td>JEQUI\u00c9<\/td>\r\n<td>1,9949<\/td>\r\n<td>2,2328<\/td>\r\n<td>2,2775<\/td>\r\n<\/tr>\r\n<tr>\r\n<td>ITABUNA<\/td>\r\n<td>2,0023<\/td>\r\n<td>2,2403<\/td>\r\n<td>2,2850<\/td>\r\n<\/tr>\r\n<tr>\r\n<td>VIT\u00d3RIA<\/td>\r\n<td>1,9782<\/td>\r\n<td>2,2816<\/td>\r\n<td>2,3263<\/td>\r\n<\/tr>\r\n<tr>\r\n<td>VILA VELHA<\/td>\r\n<td>1,9782<\/td>\r\n<td>2,2816<\/td>\r\n<td>2,3263<\/td>\r\n<\/tr>\r\n<tr>\r\n<td>VOLTA REDONDA<\/td>\r\n<td>2,0166<\/td>\r\n<td>2,2656<\/td>\r\n<td>&#8211;<\/td>\r\n<\/tr>\r\n<tr>\r\n<td>DUQUE DE CAXIAS<\/td>\r\n<td>1,9940<\/td>\r\n<td>2,2570<\/td>\r\n<td>2,3017<\/td>\r\n<\/tr>\r\n<tr>\r\n<td>BETIM<\/td>\r\n<td>2,0533<\/td>\r\n<td>2,3075<\/td>\r\n<td>2,3522<\/td>\r\n<\/tr>\r\n<tr>\r\n<td>UBERL\u00c2NDIA<\/td>\r\n<td>2,0686<\/td>\r\n<td>2,3462<\/td>\r\n<td>&#8211;<\/td>\r\n<\/tr>\r\n<tr>\r\n<td>UBERABA<\/td>\r\n<td>2,0952<\/td>\r\n<td>2,3564<\/td>\r\n<td>2,4011<\/td>\r\n<\/tr>\r\n<tr>\r\n<td>GUARULHOS<\/td>\r\n<td>1,9964<\/td>\r\n<td>2,2528<\/td>\r\n<td>2,2975<\/td>\r\n<\/tr>\r\n<tr>\r\n<td>BARUERI<\/td>\r\n<td>2,0525<\/td>\r\n<td>2,2391<\/td>\r\n<td>2,2838<\/td>\r\n<\/tr>\r\n<tr>\r\n<td>S\u00c3O CAETANO DO SUL<\/td>\r\n<td>1,9704<\/td>\r\n<td>2,2330<\/td>\r\n<td>&#8211;<\/td>\r\n<\/tr>\r\n<tr>\r\n<td>CUBAT\u00c3O<\/td>\r\n<td>1,9330<\/td>\r\n<td>2,2094<\/td>\r\n<td>2,2541<\/td>\r\n<\/tr>\r\n<tr>\r\n<td>SANTOS<\/td>\r\n<td>&#8211;<\/td>\r\n<td>2,1816<\/td>\r\n<td>2,2138<\/td>\r\n<\/tr>\r\n<tr>\r\n<td>PAUL\u00cdNIA<\/td>\r\n<td>2,0135<\/td>\r\n<td>2,2637<\/td>\r\n<td>2,3041<\/td>\r\n<\/tr>\r\n<tr>\r\n<td>S\u00c3O JOS\u00c9 DOS CAMPOS<\/td>\r\n<td>1,9668<\/td>\r\n<td>2,2502<\/td>\r\n<td>2,2949<\/td>\r\n<\/tr>\r\n<tr>\r\n<td>RIBEIR\u00c3O PRETO<\/td>\r\n<td>2,0611<\/td>\r\n<td>2,3090<\/td>\r\n<td>2,3537<\/td>\r\n<\/tr>\r\n<tr>\r\n<td>BRAS\u00cdLIA<\/td>\r\n<td>2,1059<\/td>\r\n<td>2,3527<\/td>\r\n<td>&#8211;<\/td>\r\n<\/tr>\r\n<tr>\r\n<td>SENADOR CANEDO<\/td>\r\n<td>2,1017<\/td>\r\n<td>2,3543<\/td>\r\n<td>2,3858<\/td>\r\n<\/tr>\r\n<tr>\r\n<td>ARAUC\u00c1RIA<\/td>\r\n<td>1,9503<\/td>\r\n<td>2,2123<\/td>\r\n<td>2,2484<\/td>\r\n<\/tr>\r\n<tr>\r\n<td>PARANAGU\u00c1<\/td>\r\n<td>&#8211;<\/td>\r\n<td>2,1652<\/td>\r\n<td>2,1926<\/td>\r\n<\/tr>\r\n<tr>\r\n<td>ITAJA\u00cd<\/td>\r\n<td>1,9893<\/td>\r\n<td>2,2678<\/td>\r\n<td>2,3082<\/td>\r\n<\/tr>\r\n<tr>\r\n<td>GUARAMIRIM<\/td>\r\n<td>1,9850<\/td>\r\n<td>2,2322<\/td>\r\n<td>2,2726<\/td>\r\n<\/tr>\r\n<tr>\r\n<td>BIGUA\u00c7U<\/td>\r\n<td>2,0072<\/td>\r\n<td>2,2634<\/td>\r\n<td>2,3032<\/td>\r\n<\/tr>\r\n<tr>\r\n<td>CANOAS<\/td>\r\n<td>1,9600<\/td>\r\n<td>2,2098<\/td>\r\n<td>2,2545<\/td>\r\n<\/tr>\r\n<tr>\r\n<td>RIO GRANDE<\/td>\r\n<td>&#8211;<\/td>\r\n<td>&#8211;<\/td>\r\n<td>2,2447<\/td>\r\n<\/tr>\r\n<\/tbody>\r\n<\/table>\r\n\r\n\r\n\r\n<p><em>Vigentes em 29\/04\/2019<\/em><br \/><em>Os pre\u00e7os informados consideram os pre\u00e7os \u00e0 vista, sem encargos e sem tributos, praticados nas modalidades de venda padr\u00e3o nos diversos locais de entrega.<\/em><\/p>\r\n\r\n\r\n\r\n<p>Reajustes m\u00e9dios com vig\u00eancia para 30\/04\/2019:<br \/>Gasolina: reajuste m\u00e9dio de +R$0,07\/litro<br \/>Diesel: sem reajuste<\/p>\r\n","protected":false},"excerpt":{"rendered":"<p>A Petrobras comunicou em sua tabela de pre\u00e7os m\u00e9dios de diesel e gasolina \u00e0s distribuidoras nesta segunda-feira (29) que o pre\u00e7o m\u00e9dio do litro gasolina nas refinarias vai subir 3,5%, para R$ 2,045, a partir de ter\u00e7a-feira (30\/04). Essa \u00e9 a maior precifica\u00e7\u00e3o desde 23 de outubro do ano passado (R$ 2,0639). O pre\u00e7o do [&hellip;]<\/p>\n","protected":false},"author":1,"featured_media":10565,"comment_status":"open","ping_status":"open","sticky":false,"template":"","format":"standard","meta":{"tdm_status":"","tdm_grid_status":"","footnotes":""},"categories":[6],"tags":[51,1043,354],"class_list":["post-7961","post","type-post","status-publish","format-standard","has-post-thumbnail","hentry","category-noticias","tag-consumidor","tag-gasolina","tag-petrobras"],"yoast_head":"<!-- This site is optimized with the Yoast SEO plugin v27.5 - https:\/\/yoast.com\/product\/yoast-seo-wordpress\/ -->\n<title>Petrobras comunica aumento do pre\u00e7o da gasolina em R$ 0,07 nas refinarias a partir de ter\u00e7a - CidadeMarketing<\/title>\n<meta name=\"robots\" content=\"index, follow, max-snippet:-1, max-image-preview:large, max-video-preview:-1\" \/>\n<link rel=\"canonical\" href=\"https:\/\/www.cidademarketing.com.br\/marketing\/2019\/04\/30\/petrobras-comunica-aumento-do-preco-da-gasolina-em-r-007-nas-refinarias-a-partir-de-terca\/\" \/>\n<meta property=\"og:locale\" content=\"pt_BR\" \/>\n<meta property=\"og:type\" content=\"article\" \/>\n<meta property=\"og:title\" content=\"Petrobras comunica aumento do pre\u00e7o da gasolina em R$ 0,07 nas refinarias a partir de ter\u00e7a - CidadeMarketing\" \/>\n<meta property=\"og:description\" content=\"A Petrobras comunicou em sua tabela de pre\u00e7os m\u00e9dios de diesel e gasolina \u00e0s distribuidoras nesta segunda-feira (29) que o pre\u00e7o m\u00e9dio do litro gasolina nas refinarias vai subir 3,5%, para R$ 2,045, a partir de ter\u00e7a-feira (30\/04). Essa \u00e9 a maior precifica\u00e7\u00e3o desde 23 de outubro do ano passado (R$ 2,0639). O pre\u00e7o do [&hellip;]\" \/>\n<meta property=\"og:url\" content=\"https:\/\/www.cidademarketing.com.br\/marketing\/2019\/04\/30\/petrobras-comunica-aumento-do-preco-da-gasolina-em-r-007-nas-refinarias-a-partir-de-terca\/\" \/>\n<meta property=\"og:site_name\" content=\"CidadeMarketing\" \/>\n<meta property=\"article:publisher\" content=\"https:\/\/www.facebook.com\/portalcidademarketing\" \/>\n<meta property=\"article:author\" content=\"https:\/\/www.facebook.com\/thalesbrandao\" \/>\n<meta property=\"article:published_time\" content=\"2019-04-30T00:09:41+00:00\" \/>\n<meta property=\"article:modified_time\" content=\"2022-06-17T14:55:31+00:00\" \/>\n<meta property=\"og:image\" content=\"https:\/\/www.cidademarketing.com.br\/marketing\/wp-content\/uploads\/2019\/03\/cropped-petrobras_governofederal.jpeg\" \/>\n\t<meta property=\"og:image:width\" content=\"835\" \/>\n\t<meta property=\"og:image:height\" content=\"470\" \/>\n\t<meta property=\"og:image:type\" content=\"image\/jpeg\" \/>\n<meta name=\"author\" content=\"Thales Brand\u00e3o\" \/>\n<meta name=\"twitter:card\" content=\"summary_large_image\" \/>\n<meta name=\"twitter:creator\" content=\"@http:\/\/www.twitter.com\/thalesbrandao\" \/>\n<meta name=\"twitter:site\" content=\"@CidadeMarketing\" \/>\n<meta name=\"twitter:label1\" content=\"Escrito por\" \/>\n\t<meta name=\"twitter:data1\" content=\"Thales Brand\u00e3o\" \/>\n\t<meta name=\"twitter:label2\" content=\"Est. tempo de leitura\" \/>\n\t<meta name=\"twitter:data2\" content=\"1 minuto\" \/>\n<script type=\"application\/ld+json\" class=\"yoast-schema-graph\">{\"@context\":\"https:\\\/\\\/schema.org\",\"@graph\":[{\"@type\":\"Article\",\"@id\":\"https:\\\/\\\/www.cidademarketing.com.br\\\/marketing\\\/2019\\\/04\\\/30\\\/petrobras-comunica-aumento-do-preco-da-gasolina-em-r-007-nas-refinarias-a-partir-de-terca\\\/#article\",\"isPartOf\":{\"@id\":\"https:\\\/\\\/www.cidademarketing.com.br\\\/marketing\\\/2019\\\/04\\\/30\\\/petrobras-comunica-aumento-do-preco-da-gasolina-em-r-007-nas-refinarias-a-partir-de-terca\\\/\"},\"author\":{\"name\":\"Thales Brand\u00e3o\",\"@id\":\"https:\\\/\\\/www.cidademarketing.com.br\\\/marketing\\\/#\\\/schema\\\/person\\\/02daff9f18bd9378c9e01eb6b2db155f\"},\"headline\":\"Petrobras comunica aumento do pre\u00e7o da gasolina em R$ 0,07 nas refinarias a partir de ter\u00e7a\",\"datePublished\":\"2019-04-30T00:09:41+00:00\",\"dateModified\":\"2022-06-17T14:55:31+00:00\",\"mainEntityOfPage\":{\"@id\":\"https:\\\/\\\/www.cidademarketing.com.br\\\/marketing\\\/2019\\\/04\\\/30\\\/petrobras-comunica-aumento-do-preco-da-gasolina-em-r-007-nas-refinarias-a-partir-de-terca\\\/\"},\"wordCount\":313,\"commentCount\":0,\"publisher\":{\"@id\":\"https:\\\/\\\/www.cidademarketing.com.br\\\/marketing\\\/#organization\"},\"image\":{\"@id\":\"https:\\\/\\\/www.cidademarketing.com.br\\\/marketing\\\/2019\\\/04\\\/30\\\/petrobras-comunica-aumento-do-preco-da-gasolina-em-r-007-nas-refinarias-a-partir-de-terca\\\/#primaryimage\"},\"thumbnailUrl\":\"https:\\\/\\\/www.cidademarketing.com.br\\\/marketing\\\/wp-content\\\/uploads\\\/2019\\\/03\\\/cropped-petrobras_governofederal.jpeg\",\"keywords\":[\"consumidor\",\"gasolina\",\"Petrobras\"],\"articleSection\":[\"Not\u00edcias\"],\"inLanguage\":\"pt-BR\",\"potentialAction\":[{\"@type\":\"CommentAction\",\"name\":\"Comment\",\"target\":[\"https:\\\/\\\/www.cidademarketing.com.br\\\/marketing\\\/2019\\\/04\\\/30\\\/petrobras-comunica-aumento-do-preco-da-gasolina-em-r-007-nas-refinarias-a-partir-de-terca\\\/#respond\"]}]},{\"@type\":\"WebPage\",\"@id\":\"https:\\\/\\\/www.cidademarketing.com.br\\\/marketing\\\/2019\\\/04\\\/30\\\/petrobras-comunica-aumento-do-preco-da-gasolina-em-r-007-nas-refinarias-a-partir-de-terca\\\/\",\"url\":\"https:\\\/\\\/www.cidademarketing.com.br\\\/marketing\\\/2019\\\/04\\\/30\\\/petrobras-comunica-aumento-do-preco-da-gasolina-em-r-007-nas-refinarias-a-partir-de-terca\\\/\",\"name\":\"Petrobras comunica aumento do pre\u00e7o da gasolina em R$ 0,07 nas refinarias a partir de ter\u00e7a - CidadeMarketing\",\"isPartOf\":{\"@id\":\"https:\\\/\\\/www.cidademarketing.com.br\\\/marketing\\\/#website\"},\"primaryImageOfPage\":{\"@id\":\"https:\\\/\\\/www.cidademarketing.com.br\\\/marketing\\\/2019\\\/04\\\/30\\\/petrobras-comunica-aumento-do-preco-da-gasolina-em-r-007-nas-refinarias-a-partir-de-terca\\\/#primaryimage\"},\"image\":{\"@id\":\"https:\\\/\\\/www.cidademarketing.com.br\\\/marketing\\\/2019\\\/04\\\/30\\\/petrobras-comunica-aumento-do-preco-da-gasolina-em-r-007-nas-refinarias-a-partir-de-terca\\\/#primaryimage\"},\"thumbnailUrl\":\"https:\\\/\\\/www.cidademarketing.com.br\\\/marketing\\\/wp-content\\\/uploads\\\/2019\\\/03\\\/cropped-petrobras_governofederal.jpeg\",\"datePublished\":\"2019-04-30T00:09:41+00:00\",\"dateModified\":\"2022-06-17T14:55:31+00:00\",\"breadcrumb\":{\"@id\":\"https:\\\/\\\/www.cidademarketing.com.br\\\/marketing\\\/2019\\\/04\\\/30\\\/petrobras-comunica-aumento-do-preco-da-gasolina-em-r-007-nas-refinarias-a-partir-de-terca\\\/#breadcrumb\"},\"inLanguage\":\"pt-BR\",\"potentialAction\":[{\"@type\":\"ReadAction\",\"target\":[\"https:\\\/\\\/www.cidademarketing.com.br\\\/marketing\\\/2019\\\/04\\\/30\\\/petrobras-comunica-aumento-do-preco-da-gasolina-em-r-007-nas-refinarias-a-partir-de-terca\\\/\"]}]},{\"@type\":\"ImageObject\",\"inLanguage\":\"pt-BR\",\"@id\":\"https:\\\/\\\/www.cidademarketing.com.br\\\/marketing\\\/2019\\\/04\\\/30\\\/petrobras-comunica-aumento-do-preco-da-gasolina-em-r-007-nas-refinarias-a-partir-de-terca\\\/#primaryimage\",\"url\":\"https:\\\/\\\/www.cidademarketing.com.br\\\/marketing\\\/wp-content\\\/uploads\\\/2019\\\/03\\\/cropped-petrobras_governofederal.jpeg\",\"contentUrl\":\"https:\\\/\\\/www.cidademarketing.com.br\\\/marketing\\\/wp-content\\\/uploads\\\/2019\\\/03\\\/cropped-petrobras_governofederal.jpeg\",\"width\":835,\"height\":470},{\"@type\":\"BreadcrumbList\",\"@id\":\"https:\\\/\\\/www.cidademarketing.com.br\\\/marketing\\\/2019\\\/04\\\/30\\\/petrobras-comunica-aumento-do-preco-da-gasolina-em-r-007-nas-refinarias-a-partir-de-terca\\\/#breadcrumb\",\"itemListElement\":[{\"@type\":\"ListItem\",\"position\":1,\"name\":\"In\u00edcio\",\"item\":\"https:\\\/\\\/www.cidademarketing.com.br\\\/marketing\\\/\"},{\"@type\":\"ListItem\",\"position\":2,\"name\":\"Petrobras comunica aumento do pre\u00e7o da gasolina em R$ 0,07 nas refinarias a partir de ter\u00e7a\"}]},{\"@type\":\"WebSite\",\"@id\":\"https:\\\/\\\/www.cidademarketing.com.br\\\/marketing\\\/#website\",\"url\":\"https:\\\/\\\/www.cidademarketing.com.br\\\/marketing\\\/\",\"name\":\"CidadeMarketing\",\"description\":\"Somos um ve\u00edculo de comunica\u00e7\u00e3o de destaque no Brasil, reconhecido por conte\u00fados nos segmentos de marketing, empreendedorismo e inova\u00e7\u00e3o.\",\"publisher\":{\"@id\":\"https:\\\/\\\/www.cidademarketing.com.br\\\/marketing\\\/#organization\"},\"alternateName\":\"CidadeMarketing\",\"potentialAction\":[{\"@type\":\"SearchAction\",\"target\":{\"@type\":\"EntryPoint\",\"urlTemplate\":\"https:\\\/\\\/www.cidademarketing.com.br\\\/marketing\\\/?s={search_term_string}\"},\"query-input\":{\"@type\":\"PropertyValueSpecification\",\"valueRequired\":true,\"valueName\":\"search_term_string\"}}],\"inLanguage\":\"pt-BR\"},{\"@type\":\"Organization\",\"@id\":\"https:\\\/\\\/www.cidademarketing.com.br\\\/marketing\\\/#organization\",\"name\":\"CidadeMarketing\",\"alternateName\":\"CidadeMarketing\",\"url\":\"https:\\\/\\\/www.cidademarketing.com.br\\\/marketing\\\/\",\"logo\":{\"@type\":\"ImageObject\",\"inLanguage\":\"pt-BR\",\"@id\":\"https:\\\/\\\/www.cidademarketing.com.br\\\/marketing\\\/#\\\/schema\\\/logo\\\/image\\\/\",\"url\":\"https:\\\/\\\/www.cidademarketing.com.br\\\/marketing\\\/wp-content\\\/uploads\\\/2020\\\/01\\\/cidademarketing_marca_mobile.png\",\"contentUrl\":\"https:\\\/\\\/www.cidademarketing.com.br\\\/marketing\\\/wp-content\\\/uploads\\\/2020\\\/01\\\/cidademarketing_marca_mobile.png\",\"width\":230,\"height\":92,\"caption\":\"CidadeMarketing\"},\"image\":{\"@id\":\"https:\\\/\\\/www.cidademarketing.com.br\\\/marketing\\\/#\\\/schema\\\/logo\\\/image\\\/\"},\"sameAs\":[\"https:\\\/\\\/www.facebook.com\\\/portalcidademarketing\",\"https:\\\/\\\/x.com\\\/CidadeMarketing\",\"https:\\\/\\\/www.instagram.com\\\/cidademarketing\\\/\"]},{\"@type\":\"Person\",\"@id\":\"https:\\\/\\\/www.cidademarketing.com.br\\\/marketing\\\/#\\\/schema\\\/person\\\/02daff9f18bd9378c9e01eb6b2db155f\",\"name\":\"Thales Brand\u00e3o\",\"image\":{\"@type\":\"ImageObject\",\"inLanguage\":\"pt-BR\",\"@id\":\"https:\\\/\\\/secure.gravatar.com\\\/avatar\\\/7ca3206950207cc3cb48feec56a8a7898741ab725c368d99d5d7a5a50aab80c6?s=96&d=mm&r=g\",\"url\":\"https:\\\/\\\/secure.gravatar.com\\\/avatar\\\/7ca3206950207cc3cb48feec56a8a7898741ab725c368d99d5d7a5a50aab80c6?s=96&d=mm&r=g\",\"contentUrl\":\"https:\\\/\\\/secure.gravatar.com\\\/avatar\\\/7ca3206950207cc3cb48feec56a8a7898741ab725c368d99d5d7a5a50aab80c6?s=96&d=mm&r=g\",\"caption\":\"Thales Brand\u00e3o\"},\"description\":\"Editor Executivo do Portal CidadeMarketing.com.br &gt; Mestre em Comunica\u00e7\u00e3o e Sociedade pela Universidade Federal de Sergipe. Possui MBA Executivo em Administra\u00e7\u00e3o com \u00eanfase em Marketing pela Funda\u00e7\u00e3o Get\u00falio Vargas - Rio de Janeiro. Consultor, Palestrante e Pesquisador sobre Empreendedorismo, Marketing, Redes Sociais e Neg\u00f3cios Digitais. Professor, Palestrante TedxTalks e Campus Party. Twitter: @ThalesBrandao\",\"sameAs\":[\"http:\\\/\\\/www.mandacaru.com.br\",\"https:\\\/\\\/www.facebook.com\\\/thalesbrandao\",\"http:\\\/\\\/www.instagram.com.br\\\/thalesbrandaoferreira\",\"https:\\\/\\\/www.linkedin.com\\\/in\\\/thales-brand\u00e3o-3948609\\\/\",\"https:\\\/\\\/x.com\\\/http:\\\/\\\/www.twitter.com\\\/thalesbrandao\"],\"url\":\"https:\\\/\\\/www.cidademarketing.com.br\\\/marketing\\\/author\\\/thalesbrandao\\\/\"}]}<\/script>\n<!-- \/ Yoast SEO plugin. -->","yoast_head_json":{"title":"Petrobras comunica aumento do pre\u00e7o da gasolina em R$ 0,07 nas refinarias a partir de ter\u00e7a - CidadeMarketing","robots":{"index":"index","follow":"follow","max-snippet":"max-snippet:-1","max-image-preview":"max-image-preview:large","max-video-preview":"max-video-preview:-1"},"canonical":"https:\/\/www.cidademarketing.com.br\/marketing\/2019\/04\/30\/petrobras-comunica-aumento-do-preco-da-gasolina-em-r-007-nas-refinarias-a-partir-de-terca\/","og_locale":"pt_BR","og_type":"article","og_title":"Petrobras comunica aumento do pre\u00e7o da gasolina em R$ 0,07 nas refinarias a partir de ter\u00e7a - CidadeMarketing","og_description":"A Petrobras comunicou em sua tabela de pre\u00e7os m\u00e9dios de diesel e gasolina \u00e0s distribuidoras nesta segunda-feira (29) que o pre\u00e7o m\u00e9dio do litro gasolina nas refinarias vai subir 3,5%, para R$ 2,045, a partir de ter\u00e7a-feira (30\/04). Essa \u00e9 a maior precifica\u00e7\u00e3o desde 23 de outubro do ano passado (R$ 2,0639). O pre\u00e7o do [&hellip;]","og_url":"https:\/\/www.cidademarketing.com.br\/marketing\/2019\/04\/30\/petrobras-comunica-aumento-do-preco-da-gasolina-em-r-007-nas-refinarias-a-partir-de-terca\/","og_site_name":"CidadeMarketing","article_publisher":"https:\/\/www.facebook.com\/portalcidademarketing","article_author":"https:\/\/www.facebook.com\/thalesbrandao","article_published_time":"2019-04-30T00:09:41+00:00","article_modified_time":"2022-06-17T14:55:31+00:00","og_image":[{"width":835,"height":470,"url":"https:\/\/www.cidademarketing.com.br\/marketing\/wp-content\/uploads\/2019\/03\/cropped-petrobras_governofederal.jpeg","type":"image\/jpeg"}],"author":"Thales Brand\u00e3o","twitter_card":"summary_large_image","twitter_creator":"@http:\/\/www.twitter.com\/thalesbrandao","twitter_site":"@CidadeMarketing","twitter_misc":{"Escrito por":"Thales Brand\u00e3o","Est. tempo de leitura":"1 minuto"},"schema":{"@context":"https:\/\/schema.org","@graph":[{"@type":"Article","@id":"https:\/\/www.cidademarketing.com.br\/marketing\/2019\/04\/30\/petrobras-comunica-aumento-do-preco-da-gasolina-em-r-007-nas-refinarias-a-partir-de-terca\/#article","isPartOf":{"@id":"https:\/\/www.cidademarketing.com.br\/marketing\/2019\/04\/30\/petrobras-comunica-aumento-do-preco-da-gasolina-em-r-007-nas-refinarias-a-partir-de-terca\/"},"author":{"name":"Thales Brand\u00e3o","@id":"https:\/\/www.cidademarketing.com.br\/marketing\/#\/schema\/person\/02daff9f18bd9378c9e01eb6b2db155f"},"headline":"Petrobras comunica aumento do pre\u00e7o da gasolina em R$ 0,07 nas refinarias a partir de ter\u00e7a","datePublished":"2019-04-30T00:09:41+00:00","dateModified":"2022-06-17T14:55:31+00:00","mainEntityOfPage":{"@id":"https:\/\/www.cidademarketing.com.br\/marketing\/2019\/04\/30\/petrobras-comunica-aumento-do-preco-da-gasolina-em-r-007-nas-refinarias-a-partir-de-terca\/"},"wordCount":313,"commentCount":0,"publisher":{"@id":"https:\/\/www.cidademarketing.com.br\/marketing\/#organization"},"image":{"@id":"https:\/\/www.cidademarketing.com.br\/marketing\/2019\/04\/30\/petrobras-comunica-aumento-do-preco-da-gasolina-em-r-007-nas-refinarias-a-partir-de-terca\/#primaryimage"},"thumbnailUrl":"https:\/\/www.cidademarketing.com.br\/marketing\/wp-content\/uploads\/2019\/03\/cropped-petrobras_governofederal.jpeg","keywords":["consumidor","gasolina","Petrobras"],"articleSection":["Not\u00edcias"],"inLanguage":"pt-BR","potentialAction":[{"@type":"CommentAction","name":"Comment","target":["https:\/\/www.cidademarketing.com.br\/marketing\/2019\/04\/30\/petrobras-comunica-aumento-do-preco-da-gasolina-em-r-007-nas-refinarias-a-partir-de-terca\/#respond"]}]},{"@type":"WebPage","@id":"https:\/\/www.cidademarketing.com.br\/marketing\/2019\/04\/30\/petrobras-comunica-aumento-do-preco-da-gasolina-em-r-007-nas-refinarias-a-partir-de-terca\/","url":"https:\/\/www.cidademarketing.com.br\/marketing\/2019\/04\/30\/petrobras-comunica-aumento-do-preco-da-gasolina-em-r-007-nas-refinarias-a-partir-de-terca\/","name":"Petrobras comunica aumento do pre\u00e7o da gasolina em R$ 0,07 nas refinarias a partir de ter\u00e7a - CidadeMarketing","isPartOf":{"@id":"https:\/\/www.cidademarketing.com.br\/marketing\/#website"},"primaryImageOfPage":{"@id":"https:\/\/www.cidademarketing.com.br\/marketing\/2019\/04\/30\/petrobras-comunica-aumento-do-preco-da-gasolina-em-r-007-nas-refinarias-a-partir-de-terca\/#primaryimage"},"image":{"@id":"https:\/\/www.cidademarketing.com.br\/marketing\/2019\/04\/30\/petrobras-comunica-aumento-do-preco-da-gasolina-em-r-007-nas-refinarias-a-partir-de-terca\/#primaryimage"},"thumbnailUrl":"https:\/\/www.cidademarketing.com.br\/marketing\/wp-content\/uploads\/2019\/03\/cropped-petrobras_governofederal.jpeg","datePublished":"2019-04-30T00:09:41+00:00","dateModified":"2022-06-17T14:55:31+00:00","breadcrumb":{"@id":"https:\/\/www.cidademarketing.com.br\/marketing\/2019\/04\/30\/petrobras-comunica-aumento-do-preco-da-gasolina-em-r-007-nas-refinarias-a-partir-de-terca\/#breadcrumb"},"inLanguage":"pt-BR","potentialAction":[{"@type":"ReadAction","target":["https:\/\/www.cidademarketing.com.br\/marketing\/2019\/04\/30\/petrobras-comunica-aumento-do-preco-da-gasolina-em-r-007-nas-refinarias-a-partir-de-terca\/"]}]},{"@type":"ImageObject","inLanguage":"pt-BR","@id":"https:\/\/www.cidademarketing.com.br\/marketing\/2019\/04\/30\/petrobras-comunica-aumento-do-preco-da-gasolina-em-r-007-nas-refinarias-a-partir-de-terca\/#primaryimage","url":"https:\/\/www.cidademarketing.com.br\/marketing\/wp-content\/uploads\/2019\/03\/cropped-petrobras_governofederal.jpeg","contentUrl":"https:\/\/www.cidademarketing.com.br\/marketing\/wp-content\/uploads\/2019\/03\/cropped-petrobras_governofederal.jpeg","width":835,"height":470},{"@type":"BreadcrumbList","@id":"https:\/\/www.cidademarketing.com.br\/marketing\/2019\/04\/30\/petrobras-comunica-aumento-do-preco-da-gasolina-em-r-007-nas-refinarias-a-partir-de-terca\/#breadcrumb","itemListElement":[{"@type":"ListItem","position":1,"name":"In\u00edcio","item":"https:\/\/www.cidademarketing.com.br\/marketing\/"},{"@type":"ListItem","position":2,"name":"Petrobras comunica aumento do pre\u00e7o da gasolina em R$ 0,07 nas refinarias a partir de ter\u00e7a"}]},{"@type":"WebSite","@id":"https:\/\/www.cidademarketing.com.br\/marketing\/#website","url":"https:\/\/www.cidademarketing.com.br\/marketing\/","name":"CidadeMarketing","description":"Somos um ve\u00edculo de comunica\u00e7\u00e3o de destaque no Brasil, reconhecido por conte\u00fados nos segmentos de marketing, empreendedorismo e inova\u00e7\u00e3o.","publisher":{"@id":"https:\/\/www.cidademarketing.com.br\/marketing\/#organization"},"alternateName":"CidadeMarketing","potentialAction":[{"@type":"SearchAction","target":{"@type":"EntryPoint","urlTemplate":"https:\/\/www.cidademarketing.com.br\/marketing\/?s={search_term_string}"},"query-input":{"@type":"PropertyValueSpecification","valueRequired":true,"valueName":"search_term_string"}}],"inLanguage":"pt-BR"},{"@type":"Organization","@id":"https:\/\/www.cidademarketing.com.br\/marketing\/#organization","name":"CidadeMarketing","alternateName":"CidadeMarketing","url":"https:\/\/www.cidademarketing.com.br\/marketing\/","logo":{"@type":"ImageObject","inLanguage":"pt-BR","@id":"https:\/\/www.cidademarketing.com.br\/marketing\/#\/schema\/logo\/image\/","url":"https:\/\/www.cidademarketing.com.br\/marketing\/wp-content\/uploads\/2020\/01\/cidademarketing_marca_mobile.png","contentUrl":"https:\/\/www.cidademarketing.com.br\/marketing\/wp-content\/uploads\/2020\/01\/cidademarketing_marca_mobile.png","width":230,"height":92,"caption":"CidadeMarketing"},"image":{"@id":"https:\/\/www.cidademarketing.com.br\/marketing\/#\/schema\/logo\/image\/"},"sameAs":["https:\/\/www.facebook.com\/portalcidademarketing","https:\/\/x.com\/CidadeMarketing","https:\/\/www.instagram.com\/cidademarketing\/"]},{"@type":"Person","@id":"https:\/\/www.cidademarketing.com.br\/marketing\/#\/schema\/person\/02daff9f18bd9378c9e01eb6b2db155f","name":"Thales Brand\u00e3o","image":{"@type":"ImageObject","inLanguage":"pt-BR","@id":"https:\/\/secure.gravatar.com\/avatar\/7ca3206950207cc3cb48feec56a8a7898741ab725c368d99d5d7a5a50aab80c6?s=96&d=mm&r=g","url":"https:\/\/secure.gravatar.com\/avatar\/7ca3206950207cc3cb48feec56a8a7898741ab725c368d99d5d7a5a50aab80c6?s=96&d=mm&r=g","contentUrl":"https:\/\/secure.gravatar.com\/avatar\/7ca3206950207cc3cb48feec56a8a7898741ab725c368d99d5d7a5a50aab80c6?s=96&d=mm&r=g","caption":"Thales Brand\u00e3o"},"description":"Editor Executivo do Portal CidadeMarketing.com.br &gt; Mestre em Comunica\u00e7\u00e3o e Sociedade pela Universidade Federal de Sergipe. Possui MBA Executivo em Administra\u00e7\u00e3o com \u00eanfase em Marketing pela Funda\u00e7\u00e3o Get\u00falio Vargas - Rio de Janeiro. Consultor, Palestrante e Pesquisador sobre Empreendedorismo, Marketing, Redes Sociais e Neg\u00f3cios Digitais. Professor, Palestrante TedxTalks e Campus Party. Twitter: @ThalesBrandao","sameAs":["http:\/\/www.mandacaru.com.br","https:\/\/www.facebook.com\/thalesbrandao","http:\/\/www.instagram.com.br\/thalesbrandaoferreira","https:\/\/www.linkedin.com\/in\/thales-brand\u00e3o-3948609\/","https:\/\/x.com\/http:\/\/www.twitter.com\/thalesbrandao"],"url":"https:\/\/www.cidademarketing.com.br\/marketing\/author\/thalesbrandao\/"}]}},"amp_enabled":true,"_links":{"self":[{"href":"https:\/\/www.cidademarketing.com.br\/marketing\/wp-json\/wp\/v2\/posts\/7961","targetHints":{"allow":["GET"]}}],"collection":[{"href":"https:\/\/www.cidademarketing.com.br\/marketing\/wp-json\/wp\/v2\/posts"}],"about":[{"href":"https:\/\/www.cidademarketing.com.br\/marketing\/wp-json\/wp\/v2\/types\/post"}],"author":[{"embeddable":true,"href":"https:\/\/www.cidademarketing.com.br\/marketing\/wp-json\/wp\/v2\/users\/1"}],"replies":[{"embeddable":true,"href":"https:\/\/www.cidademarketing.com.br\/marketing\/wp-json\/wp\/v2\/comments?post=7961"}],"version-history":[{"count":3,"href":"https:\/\/www.cidademarketing.com.br\/marketing\/wp-json\/wp\/v2\/posts\/7961\/revisions"}],"predecessor-version":[{"id":36576,"href":"https:\/\/www.cidademarketing.com.br\/marketing\/wp-json\/wp\/v2\/posts\/7961\/revisions\/36576"}],"wp:featuredmedia":[{"embeddable":true,"href":"https:\/\/www.cidademarketing.com.br\/marketing\/wp-json\/wp\/v2\/media\/10565"}],"wp:attachment":[{"href":"https:\/\/www.cidademarketing.com.br\/marketing\/wp-json\/wp\/v2\/media?parent=7961"}],"wp:term":[{"taxonomy":"category","embeddable":true,"href":"https:\/\/www.cidademarketing.com.br\/marketing\/wp-json\/wp\/v2\/categories?post=7961"},{"taxonomy":"post_tag","embeddable":true,"href":"https:\/\/www.cidademarketing.com.br\/marketing\/wp-json\/wp\/v2\/tags?post=7961"}],"curies":[{"name":"wp","href":"https:\/\/api.w.org\/{rel}","templated":true}]}}