{"id":7941,"date":"2019-04-29T23:01:04","date_gmt":"2019-04-29T19:01:04","guid":{"rendered":"http:\/\/www.cidademarketing.com.br\/marketing\/?p=7941"},"modified":"2019-04-29T23:01:07","modified_gmt":"2019-04-29T19:01:07","slug":"onze20-melim-e-saulo-participam-do-programa-musica-boa-ao-vivo-do-multishow","status":"publish","type":"post","link":"https:\/\/www.cidademarketing.com.br\/marketing\/2019\/04\/29\/onze20-melim-e-saulo-participam-do-programa-musica-boa-ao-vivo-do-multishow\/","title":{"rendered":"Onze:20, Melim e Saulo participam do programa &#8220;M\u00fasica Boa Ao Vivo&#8221; do Multishow"},"content":{"rendered":"\n<p>IZA\nrecebe Onze:20, Melim e Saulo no \u201cM\u00fasica&nbsp;Boa&nbsp;Ao&nbsp;Vivo\u201d desta\nter\u00e7a, dia 30. O repert\u00f3rio conta com sucessos das carreiras de cada um, como\n\u201cPra Falar de Amor\u201d, \u201cOuvi Dizer\u201d e \u201cOutra Vez\u201d, mas a noite promete tamb\u00e9m\ncan\u00e7\u00f5es inusitadas. A atra\u00e7\u00e3o entra no ar \u00e0s 20h30, no Multishow.&nbsp;<\/p>\n\n\n\n<p>Toda\nter\u00e7a-feira, a partir das&nbsp;20h30, IZA recebe grandes nomes da m\u00fasica para\nshows in\u00e9ditos, onde&nbsp;os convidados apresentam cl\u00e1ssicos nacionais e\ninternacionais, can\u00e7\u00f5es pr\u00f3prias, al\u00e9m de fazerem parcerias especiais\nonde&nbsp;ritmos como MPB, Pop, Funk, Sertanejo, Rock, Ax\u00e9, Pagode e Forr\u00f3 se\nmisturam. A sexta temporada do \u201cM\u00fasica Boa Ao Vivo\u201d conta com um total de 18\nprogramas semanais ao vivo, com duas horas de dura\u00e7\u00e3o. &nbsp;<\/p>\n\n\n\n<p><strong>&gt;&gt; M\u00daSICA\nBOA AO VIVO (6\u00aa temporada)&nbsp;<\/strong><\/p>\n\n\n\n<p><strong>Ter\u00e7a, dia&nbsp;30 de abril, \u00e0s 20h30, no\nMultishow.<\/strong><\/p>\n","protected":false},"excerpt":{"rendered":"<p>IZA recebe Onze:20, Melim e Saulo no \u201cM\u00fasica&nbsp;Boa&nbsp;Ao&nbsp;Vivo\u201d desta ter\u00e7a, dia 30. O repert\u00f3rio conta com sucessos das carreiras de cada um, como \u201cPra Falar de Amor\u201d, \u201cOuvi Dizer\u201d e \u201cOutra Vez\u201d, mas a noite promete tamb\u00e9m can\u00e7\u00f5es inusitadas. A atra\u00e7\u00e3o entra no ar \u00e0s 20h30, no Multishow.&nbsp; Toda ter\u00e7a-feira, a partir das&nbsp;20h30, IZA recebe [&hellip;]<\/p>\n","protected":false},"author":1,"featured_media":7689,"comment_status":"open","ping_status":"open","sticky":false,"template":"","format":"standard","meta":{"tdm_status":"","tdm_grid_status":"","footnotes":""},"categories":[6],"tags":[28,143],"class_list":["post-7941","post","type-post","status-publish","format-standard","has-post-thumbnail","hentry","category-noticias","tag-marketing","tag-multishow"],"yoast_head":"<!-- This site is optimized with the Yoast SEO plugin v27.5 - https:\/\/yoast.com\/product\/yoast-seo-wordpress\/ -->\n<title>Onze:20, Melim e Saulo participam do programa &quot;M\u00fasica Boa Ao Vivo&quot; do Multishow - CidadeMarketing<\/title>\n<meta name=\"robots\" content=\"index, follow, max-snippet:-1, max-image-preview:large, max-video-preview:-1\" \/>\n<link rel=\"canonical\" href=\"https:\/\/www.cidademarketing.com.br\/marketing\/2019\/04\/29\/onze20-melim-e-saulo-participam-do-programa-musica-boa-ao-vivo-do-multishow\/\" \/>\n<meta property=\"og:locale\" content=\"pt_BR\" \/>\n<meta property=\"og:type\" content=\"article\" \/>\n<meta property=\"og:title\" content=\"Onze:20, Melim e Saulo participam do programa &quot;M\u00fasica Boa Ao Vivo&quot; do Multishow - CidadeMarketing\" \/>\n<meta property=\"og:description\" content=\"IZA recebe Onze:20, Melim e Saulo no \u201cM\u00fasica&nbsp;Boa&nbsp;Ao&nbsp;Vivo\u201d desta ter\u00e7a, dia 30. O repert\u00f3rio conta com sucessos das carreiras de cada um, como \u201cPra Falar de Amor\u201d, \u201cOuvi Dizer\u201d e \u201cOutra Vez\u201d, mas a noite promete tamb\u00e9m can\u00e7\u00f5es inusitadas. A atra\u00e7\u00e3o entra no ar \u00e0s 20h30, no Multishow.&nbsp; Toda ter\u00e7a-feira, a partir das&nbsp;20h30, IZA recebe [&hellip;]\" \/>\n<meta property=\"og:url\" content=\"https:\/\/www.cidademarketing.com.br\/marketing\/2019\/04\/29\/onze20-melim-e-saulo-participam-do-programa-musica-boa-ao-vivo-do-multishow\/\" \/>\n<meta property=\"og:site_name\" content=\"CidadeMarketing\" \/>\n<meta property=\"article:publisher\" content=\"https:\/\/www.facebook.com\/portalcidademarketing\" \/>\n<meta property=\"article:author\" content=\"https:\/\/www.facebook.com\/thalesbrandao\" \/>\n<meta property=\"article:published_time\" content=\"2019-04-29T19:01:04+00:00\" \/>\n<meta property=\"article:modified_time\" content=\"2019-04-29T19:01:07+00:00\" \/>\n<meta property=\"og:image\" content=\"https:\/\/www.cidademarketing.com.br\/marketing\/wp-content\/uploads\/2019\/04\/multishow.png\" \/>\n\t<meta property=\"og:image:width\" content=\"225\" \/>\n\t<meta property=\"og:image:height\" content=\"225\" \/>\n\t<meta property=\"og:image:type\" content=\"image\/png\" \/>\n<meta name=\"author\" content=\"Thales Brand\u00e3o\" \/>\n<meta name=\"twitter:card\" content=\"summary_large_image\" \/>\n<meta name=\"twitter:creator\" content=\"@http:\/\/www.twitter.com\/thalesbrandao\" \/>\n<meta name=\"twitter:site\" content=\"@CidadeMarketing\" \/>\n<meta name=\"twitter:label1\" content=\"Escrito por\" \/>\n\t<meta name=\"twitter:data1\" content=\"Thales Brand\u00e3o\" \/>\n\t<meta name=\"twitter:label2\" content=\"Est. tempo de leitura\" \/>\n\t<meta name=\"twitter:data2\" content=\"1 minuto\" \/>\n<script type=\"application\/ld+json\" class=\"yoast-schema-graph\">{\"@context\":\"https:\\\/\\\/schema.org\",\"@graph\":[{\"@type\":\"Article\",\"@id\":\"https:\\\/\\\/www.cidademarketing.com.br\\\/marketing\\\/2019\\\/04\\\/29\\\/onze20-melim-e-saulo-participam-do-programa-musica-boa-ao-vivo-do-multishow\\\/#article\",\"isPartOf\":{\"@id\":\"https:\\\/\\\/www.cidademarketing.com.br\\\/marketing\\\/2019\\\/04\\\/29\\\/onze20-melim-e-saulo-participam-do-programa-musica-boa-ao-vivo-do-multishow\\\/\"},\"author\":{\"name\":\"Thales Brand\u00e3o\",\"@id\":\"https:\\\/\\\/www.cidademarketing.com.br\\\/marketing\\\/#\\\/schema\\\/person\\\/02daff9f18bd9378c9e01eb6b2db155f\"},\"headline\":\"Onze:20, Melim e Saulo participam do programa &#8220;M\u00fasica Boa Ao Vivo&#8221; do Multishow\",\"datePublished\":\"2019-04-29T19:01:04+00:00\",\"dateModified\":\"2019-04-29T19:01:07+00:00\",\"mainEntityOfPage\":{\"@id\":\"https:\\\/\\\/www.cidademarketing.com.br\\\/marketing\\\/2019\\\/04\\\/29\\\/onze20-melim-e-saulo-participam-do-programa-musica-boa-ao-vivo-do-multishow\\\/\"},\"wordCount\":172,\"commentCount\":0,\"publisher\":{\"@id\":\"https:\\\/\\\/www.cidademarketing.com.br\\\/marketing\\\/#organization\"},\"image\":{\"@id\":\"https:\\\/\\\/www.cidademarketing.com.br\\\/marketing\\\/2019\\\/04\\\/29\\\/onze20-melim-e-saulo-participam-do-programa-musica-boa-ao-vivo-do-multishow\\\/#primaryimage\"},\"thumbnailUrl\":\"https:\\\/\\\/www.cidademarketing.com.br\\\/marketing\\\/wp-content\\\/uploads\\\/2019\\\/04\\\/multishow.png\",\"keywords\":[\"marketing\",\"Multishow\"],\"articleSection\":[\"Not\u00edcias\"],\"inLanguage\":\"pt-BR\",\"potentialAction\":[{\"@type\":\"CommentAction\",\"name\":\"Comment\",\"target\":[\"https:\\\/\\\/www.cidademarketing.com.br\\\/marketing\\\/2019\\\/04\\\/29\\\/onze20-melim-e-saulo-participam-do-programa-musica-boa-ao-vivo-do-multishow\\\/#respond\"]}]},{\"@type\":\"WebPage\",\"@id\":\"https:\\\/\\\/www.cidademarketing.com.br\\\/marketing\\\/2019\\\/04\\\/29\\\/onze20-melim-e-saulo-participam-do-programa-musica-boa-ao-vivo-do-multishow\\\/\",\"url\":\"https:\\\/\\\/www.cidademarketing.com.br\\\/marketing\\\/2019\\\/04\\\/29\\\/onze20-melim-e-saulo-participam-do-programa-musica-boa-ao-vivo-do-multishow\\\/\",\"name\":\"Onze:20, Melim e Saulo participam do programa \\\"M\u00fasica Boa Ao Vivo\\\" do Multishow - CidadeMarketing\",\"isPartOf\":{\"@id\":\"https:\\\/\\\/www.cidademarketing.com.br\\\/marketing\\\/#website\"},\"primaryImageOfPage\":{\"@id\":\"https:\\\/\\\/www.cidademarketing.com.br\\\/marketing\\\/2019\\\/04\\\/29\\\/onze20-melim-e-saulo-participam-do-programa-musica-boa-ao-vivo-do-multishow\\\/#primaryimage\"},\"image\":{\"@id\":\"https:\\\/\\\/www.cidademarketing.com.br\\\/marketing\\\/2019\\\/04\\\/29\\\/onze20-melim-e-saulo-participam-do-programa-musica-boa-ao-vivo-do-multishow\\\/#primaryimage\"},\"thumbnailUrl\":\"https:\\\/\\\/www.cidademarketing.com.br\\\/marketing\\\/wp-content\\\/uploads\\\/2019\\\/04\\\/multishow.png\",\"datePublished\":\"2019-04-29T19:01:04+00:00\",\"dateModified\":\"2019-04-29T19:01:07+00:00\",\"breadcrumb\":{\"@id\":\"https:\\\/\\\/www.cidademarketing.com.br\\\/marketing\\\/2019\\\/04\\\/29\\\/onze20-melim-e-saulo-participam-do-programa-musica-boa-ao-vivo-do-multishow\\\/#breadcrumb\"},\"inLanguage\":\"pt-BR\",\"potentialAction\":[{\"@type\":\"ReadAction\",\"target\":[\"https:\\\/\\\/www.cidademarketing.com.br\\\/marketing\\\/2019\\\/04\\\/29\\\/onze20-melim-e-saulo-participam-do-programa-musica-boa-ao-vivo-do-multishow\\\/\"]}]},{\"@type\":\"ImageObject\",\"inLanguage\":\"pt-BR\",\"@id\":\"https:\\\/\\\/www.cidademarketing.com.br\\\/marketing\\\/2019\\\/04\\\/29\\\/onze20-melim-e-saulo-participam-do-programa-musica-boa-ao-vivo-do-multishow\\\/#primaryimage\",\"url\":\"https:\\\/\\\/www.cidademarketing.com.br\\\/marketing\\\/wp-content\\\/uploads\\\/2019\\\/04\\\/multishow.png\",\"contentUrl\":\"https:\\\/\\\/www.cidademarketing.com.br\\\/marketing\\\/wp-content\\\/uploads\\\/2019\\\/04\\\/multishow.png\",\"width\":225,\"height\":225},{\"@type\":\"BreadcrumbList\",\"@id\":\"https:\\\/\\\/www.cidademarketing.com.br\\\/marketing\\\/2019\\\/04\\\/29\\\/onze20-melim-e-saulo-participam-do-programa-musica-boa-ao-vivo-do-multishow\\\/#breadcrumb\",\"itemListElement\":[{\"@type\":\"ListItem\",\"position\":1,\"name\":\"In\u00edcio\",\"item\":\"https:\\\/\\\/www.cidademarketing.com.br\\\/marketing\\\/\"},{\"@type\":\"ListItem\",\"position\":2,\"name\":\"Onze:20, Melim e Saulo participam do programa &#8220;M\u00fasica Boa Ao Vivo&#8221; do Multishow\"}]},{\"@type\":\"WebSite\",\"@id\":\"https:\\\/\\\/www.cidademarketing.com.br\\\/marketing\\\/#website\",\"url\":\"https:\\\/\\\/www.cidademarketing.com.br\\\/marketing\\\/\",\"name\":\"CidadeMarketing\",\"description\":\"Somos um ve\u00edculo de comunica\u00e7\u00e3o de destaque no Brasil, reconhecido por conte\u00fados nos segmentos de marketing, empreendedorismo e inova\u00e7\u00e3o.\",\"publisher\":{\"@id\":\"https:\\\/\\\/www.cidademarketing.com.br\\\/marketing\\\/#organization\"},\"alternateName\":\"CidadeMarketing\",\"potentialAction\":[{\"@type\":\"SearchAction\",\"target\":{\"@type\":\"EntryPoint\",\"urlTemplate\":\"https:\\\/\\\/www.cidademarketing.com.br\\\/marketing\\\/?s={search_term_string}\"},\"query-input\":{\"@type\":\"PropertyValueSpecification\",\"valueRequired\":true,\"valueName\":\"search_term_string\"}}],\"inLanguage\":\"pt-BR\"},{\"@type\":\"Organization\",\"@id\":\"https:\\\/\\\/www.cidademarketing.com.br\\\/marketing\\\/#organization\",\"name\":\"CidadeMarketing\",\"alternateName\":\"CidadeMarketing\",\"url\":\"https:\\\/\\\/www.cidademarketing.com.br\\\/marketing\\\/\",\"logo\":{\"@type\":\"ImageObject\",\"inLanguage\":\"pt-BR\",\"@id\":\"https:\\\/\\\/www.cidademarketing.com.br\\\/marketing\\\/#\\\/schema\\\/logo\\\/image\\\/\",\"url\":\"https:\\\/\\\/www.cidademarketing.com.br\\\/marketing\\\/wp-content\\\/uploads\\\/2020\\\/01\\\/cidademarketing_marca_mobile.png\",\"contentUrl\":\"https:\\\/\\\/www.cidademarketing.com.br\\\/marketing\\\/wp-content\\\/uploads\\\/2020\\\/01\\\/cidademarketing_marca_mobile.png\",\"width\":230,\"height\":92,\"caption\":\"CidadeMarketing\"},\"image\":{\"@id\":\"https:\\\/\\\/www.cidademarketing.com.br\\\/marketing\\\/#\\\/schema\\\/logo\\\/image\\\/\"},\"sameAs\":[\"https:\\\/\\\/www.facebook.com\\\/portalcidademarketing\",\"https:\\\/\\\/x.com\\\/CidadeMarketing\",\"https:\\\/\\\/www.instagram.com\\\/cidademarketing\\\/\"]},{\"@type\":\"Person\",\"@id\":\"https:\\\/\\\/www.cidademarketing.com.br\\\/marketing\\\/#\\\/schema\\\/person\\\/02daff9f18bd9378c9e01eb6b2db155f\",\"name\":\"Thales Brand\u00e3o\",\"image\":{\"@type\":\"ImageObject\",\"inLanguage\":\"pt-BR\",\"@id\":\"https:\\\/\\\/secure.gravatar.com\\\/avatar\\\/7ca3206950207cc3cb48feec56a8a7898741ab725c368d99d5d7a5a50aab80c6?s=96&d=mm&r=g\",\"url\":\"https:\\\/\\\/secure.gravatar.com\\\/avatar\\\/7ca3206950207cc3cb48feec56a8a7898741ab725c368d99d5d7a5a50aab80c6?s=96&d=mm&r=g\",\"contentUrl\":\"https:\\\/\\\/secure.gravatar.com\\\/avatar\\\/7ca3206950207cc3cb48feec56a8a7898741ab725c368d99d5d7a5a50aab80c6?s=96&d=mm&r=g\",\"caption\":\"Thales Brand\u00e3o\"},\"description\":\"Editor Executivo do Portal CidadeMarketing.com.br &gt; Mestre em Comunica\u00e7\u00e3o e Sociedade pela Universidade Federal de Sergipe. Possui MBA Executivo em Administra\u00e7\u00e3o com \u00eanfase em Marketing pela Funda\u00e7\u00e3o Get\u00falio Vargas - Rio de Janeiro. Consultor, Palestrante e Pesquisador sobre Empreendedorismo, Marketing, Redes Sociais e Neg\u00f3cios Digitais. Professor, Palestrante TedxTalks e Campus Party. Twitter: @ThalesBrandao\",\"sameAs\":[\"http:\\\/\\\/www.mandacaru.com.br\",\"https:\\\/\\\/www.facebook.com\\\/thalesbrandao\",\"http:\\\/\\\/www.instagram.com.br\\\/thalesbrandaoferreira\",\"https:\\\/\\\/www.linkedin.com\\\/in\\\/thales-brand\u00e3o-3948609\\\/\",\"https:\\\/\\\/x.com\\\/http:\\\/\\\/www.twitter.com\\\/thalesbrandao\"],\"url\":\"https:\\\/\\\/www.cidademarketing.com.br\\\/marketing\\\/author\\\/thalesbrandao\\\/\"}]}<\/script>\n<!-- \/ Yoast SEO plugin. -->","yoast_head_json":{"title":"Onze:20, Melim e Saulo participam do programa \"M\u00fasica Boa Ao Vivo\" do Multishow - CidadeMarketing","robots":{"index":"index","follow":"follow","max-snippet":"max-snippet:-1","max-image-preview":"max-image-preview:large","max-video-preview":"max-video-preview:-1"},"canonical":"https:\/\/www.cidademarketing.com.br\/marketing\/2019\/04\/29\/onze20-melim-e-saulo-participam-do-programa-musica-boa-ao-vivo-do-multishow\/","og_locale":"pt_BR","og_type":"article","og_title":"Onze:20, Melim e Saulo participam do programa \"M\u00fasica Boa Ao Vivo\" do Multishow - CidadeMarketing","og_description":"IZA recebe Onze:20, Melim e Saulo no \u201cM\u00fasica&nbsp;Boa&nbsp;Ao&nbsp;Vivo\u201d desta ter\u00e7a, dia 30. O repert\u00f3rio conta com sucessos das carreiras de cada um, como \u201cPra Falar de Amor\u201d, \u201cOuvi Dizer\u201d e \u201cOutra Vez\u201d, mas a noite promete tamb\u00e9m can\u00e7\u00f5es inusitadas. A atra\u00e7\u00e3o entra no ar \u00e0s 20h30, no Multishow.&nbsp; Toda ter\u00e7a-feira, a partir das&nbsp;20h30, IZA recebe [&hellip;]","og_url":"https:\/\/www.cidademarketing.com.br\/marketing\/2019\/04\/29\/onze20-melim-e-saulo-participam-do-programa-musica-boa-ao-vivo-do-multishow\/","og_site_name":"CidadeMarketing","article_publisher":"https:\/\/www.facebook.com\/portalcidademarketing","article_author":"https:\/\/www.facebook.com\/thalesbrandao","article_published_time":"2019-04-29T19:01:04+00:00","article_modified_time":"2019-04-29T19:01:07+00:00","og_image":[{"width":225,"height":225,"url":"https:\/\/www.cidademarketing.com.br\/marketing\/wp-content\/uploads\/2019\/04\/multishow.png","type":"image\/png"}],"author":"Thales Brand\u00e3o","twitter_card":"summary_large_image","twitter_creator":"@http:\/\/www.twitter.com\/thalesbrandao","twitter_site":"@CidadeMarketing","twitter_misc":{"Escrito por":"Thales Brand\u00e3o","Est. tempo de leitura":"1 minuto"},"schema":{"@context":"https:\/\/schema.org","@graph":[{"@type":"Article","@id":"https:\/\/www.cidademarketing.com.br\/marketing\/2019\/04\/29\/onze20-melim-e-saulo-participam-do-programa-musica-boa-ao-vivo-do-multishow\/#article","isPartOf":{"@id":"https:\/\/www.cidademarketing.com.br\/marketing\/2019\/04\/29\/onze20-melim-e-saulo-participam-do-programa-musica-boa-ao-vivo-do-multishow\/"},"author":{"name":"Thales Brand\u00e3o","@id":"https:\/\/www.cidademarketing.com.br\/marketing\/#\/schema\/person\/02daff9f18bd9378c9e01eb6b2db155f"},"headline":"Onze:20, Melim e Saulo participam do programa &#8220;M\u00fasica Boa Ao Vivo&#8221; do Multishow","datePublished":"2019-04-29T19:01:04+00:00","dateModified":"2019-04-29T19:01:07+00:00","mainEntityOfPage":{"@id":"https:\/\/www.cidademarketing.com.br\/marketing\/2019\/04\/29\/onze20-melim-e-saulo-participam-do-programa-musica-boa-ao-vivo-do-multishow\/"},"wordCount":172,"commentCount":0,"publisher":{"@id":"https:\/\/www.cidademarketing.com.br\/marketing\/#organization"},"image":{"@id":"https:\/\/www.cidademarketing.com.br\/marketing\/2019\/04\/29\/onze20-melim-e-saulo-participam-do-programa-musica-boa-ao-vivo-do-multishow\/#primaryimage"},"thumbnailUrl":"https:\/\/www.cidademarketing.com.br\/marketing\/wp-content\/uploads\/2019\/04\/multishow.png","keywords":["marketing","Multishow"],"articleSection":["Not\u00edcias"],"inLanguage":"pt-BR","potentialAction":[{"@type":"CommentAction","name":"Comment","target":["https:\/\/www.cidademarketing.com.br\/marketing\/2019\/04\/29\/onze20-melim-e-saulo-participam-do-programa-musica-boa-ao-vivo-do-multishow\/#respond"]}]},{"@type":"WebPage","@id":"https:\/\/www.cidademarketing.com.br\/marketing\/2019\/04\/29\/onze20-melim-e-saulo-participam-do-programa-musica-boa-ao-vivo-do-multishow\/","url":"https:\/\/www.cidademarketing.com.br\/marketing\/2019\/04\/29\/onze20-melim-e-saulo-participam-do-programa-musica-boa-ao-vivo-do-multishow\/","name":"Onze:20, Melim e Saulo participam do programa \"M\u00fasica Boa Ao Vivo\" do Multishow - CidadeMarketing","isPartOf":{"@id":"https:\/\/www.cidademarketing.com.br\/marketing\/#website"},"primaryImageOfPage":{"@id":"https:\/\/www.cidademarketing.com.br\/marketing\/2019\/04\/29\/onze20-melim-e-saulo-participam-do-programa-musica-boa-ao-vivo-do-multishow\/#primaryimage"},"image":{"@id":"https:\/\/www.cidademarketing.com.br\/marketing\/2019\/04\/29\/onze20-melim-e-saulo-participam-do-programa-musica-boa-ao-vivo-do-multishow\/#primaryimage"},"thumbnailUrl":"https:\/\/www.cidademarketing.com.br\/marketing\/wp-content\/uploads\/2019\/04\/multishow.png","datePublished":"2019-04-29T19:01:04+00:00","dateModified":"2019-04-29T19:01:07+00:00","breadcrumb":{"@id":"https:\/\/www.cidademarketing.com.br\/marketing\/2019\/04\/29\/onze20-melim-e-saulo-participam-do-programa-musica-boa-ao-vivo-do-multishow\/#breadcrumb"},"inLanguage":"pt-BR","potentialAction":[{"@type":"ReadAction","target":["https:\/\/www.cidademarketing.com.br\/marketing\/2019\/04\/29\/onze20-melim-e-saulo-participam-do-programa-musica-boa-ao-vivo-do-multishow\/"]}]},{"@type":"ImageObject","inLanguage":"pt-BR","@id":"https:\/\/www.cidademarketing.com.br\/marketing\/2019\/04\/29\/onze20-melim-e-saulo-participam-do-programa-musica-boa-ao-vivo-do-multishow\/#primaryimage","url":"https:\/\/www.cidademarketing.com.br\/marketing\/wp-content\/uploads\/2019\/04\/multishow.png","contentUrl":"https:\/\/www.cidademarketing.com.br\/marketing\/wp-content\/uploads\/2019\/04\/multishow.png","width":225,"height":225},{"@type":"BreadcrumbList","@id":"https:\/\/www.cidademarketing.com.br\/marketing\/2019\/04\/29\/onze20-melim-e-saulo-participam-do-programa-musica-boa-ao-vivo-do-multishow\/#breadcrumb","itemListElement":[{"@type":"ListItem","position":1,"name":"In\u00edcio","item":"https:\/\/www.cidademarketing.com.br\/marketing\/"},{"@type":"ListItem","position":2,"name":"Onze:20, Melim e Saulo participam do programa &#8220;M\u00fasica Boa Ao Vivo&#8221; do Multishow"}]},{"@type":"WebSite","@id":"https:\/\/www.cidademarketing.com.br\/marketing\/#website","url":"https:\/\/www.cidademarketing.com.br\/marketing\/","name":"CidadeMarketing","description":"Somos um ve\u00edculo de comunica\u00e7\u00e3o de destaque no Brasil, reconhecido por conte\u00fados nos segmentos de marketing, empreendedorismo e inova\u00e7\u00e3o.","publisher":{"@id":"https:\/\/www.cidademarketing.com.br\/marketing\/#organization"},"alternateName":"CidadeMarketing","potentialAction":[{"@type":"SearchAction","target":{"@type":"EntryPoint","urlTemplate":"https:\/\/www.cidademarketing.com.br\/marketing\/?s={search_term_string}"},"query-input":{"@type":"PropertyValueSpecification","valueRequired":true,"valueName":"search_term_string"}}],"inLanguage":"pt-BR"},{"@type":"Organization","@id":"https:\/\/www.cidademarketing.com.br\/marketing\/#organization","name":"CidadeMarketing","alternateName":"CidadeMarketing","url":"https:\/\/www.cidademarketing.com.br\/marketing\/","logo":{"@type":"ImageObject","inLanguage":"pt-BR","@id":"https:\/\/www.cidademarketing.com.br\/marketing\/#\/schema\/logo\/image\/","url":"https:\/\/www.cidademarketing.com.br\/marketing\/wp-content\/uploads\/2020\/01\/cidademarketing_marca_mobile.png","contentUrl":"https:\/\/www.cidademarketing.com.br\/marketing\/wp-content\/uploads\/2020\/01\/cidademarketing_marca_mobile.png","width":230,"height":92,"caption":"CidadeMarketing"},"image":{"@id":"https:\/\/www.cidademarketing.com.br\/marketing\/#\/schema\/logo\/image\/"},"sameAs":["https:\/\/www.facebook.com\/portalcidademarketing","https:\/\/x.com\/CidadeMarketing","https:\/\/www.instagram.com\/cidademarketing\/"]},{"@type":"Person","@id":"https:\/\/www.cidademarketing.com.br\/marketing\/#\/schema\/person\/02daff9f18bd9378c9e01eb6b2db155f","name":"Thales Brand\u00e3o","image":{"@type":"ImageObject","inLanguage":"pt-BR","@id":"https:\/\/secure.gravatar.com\/avatar\/7ca3206950207cc3cb48feec56a8a7898741ab725c368d99d5d7a5a50aab80c6?s=96&d=mm&r=g","url":"https:\/\/secure.gravatar.com\/avatar\/7ca3206950207cc3cb48feec56a8a7898741ab725c368d99d5d7a5a50aab80c6?s=96&d=mm&r=g","contentUrl":"https:\/\/secure.gravatar.com\/avatar\/7ca3206950207cc3cb48feec56a8a7898741ab725c368d99d5d7a5a50aab80c6?s=96&d=mm&r=g","caption":"Thales Brand\u00e3o"},"description":"Editor Executivo do Portal CidadeMarketing.com.br &gt; Mestre em Comunica\u00e7\u00e3o e Sociedade pela Universidade Federal de Sergipe. Possui MBA Executivo em Administra\u00e7\u00e3o com \u00eanfase em Marketing pela Funda\u00e7\u00e3o Get\u00falio Vargas - Rio de Janeiro. Consultor, Palestrante e Pesquisador sobre Empreendedorismo, Marketing, Redes Sociais e Neg\u00f3cios Digitais. Professor, Palestrante TedxTalks e Campus Party. Twitter: @ThalesBrandao","sameAs":["http:\/\/www.mandacaru.com.br","https:\/\/www.facebook.com\/thalesbrandao","http:\/\/www.instagram.com.br\/thalesbrandaoferreira","https:\/\/www.linkedin.com\/in\/thales-brand\u00e3o-3948609\/","https:\/\/x.com\/http:\/\/www.twitter.com\/thalesbrandao"],"url":"https:\/\/www.cidademarketing.com.br\/marketing\/author\/thalesbrandao\/"}]}},"amp_enabled":true,"_links":{"self":[{"href":"https:\/\/www.cidademarketing.com.br\/marketing\/wp-json\/wp\/v2\/posts\/7941","targetHints":{"allow":["GET"]}}],"collection":[{"href":"https:\/\/www.cidademarketing.com.br\/marketing\/wp-json\/wp\/v2\/posts"}],"about":[{"href":"https:\/\/www.cidademarketing.com.br\/marketing\/wp-json\/wp\/v2\/types\/post"}],"author":[{"embeddable":true,"href":"https:\/\/www.cidademarketing.com.br\/marketing\/wp-json\/wp\/v2\/users\/1"}],"replies":[{"embeddable":true,"href":"https:\/\/www.cidademarketing.com.br\/marketing\/wp-json\/wp\/v2\/comments?post=7941"}],"version-history":[{"count":1,"href":"https:\/\/www.cidademarketing.com.br\/marketing\/wp-json\/wp\/v2\/posts\/7941\/revisions"}],"predecessor-version":[{"id":7942,"href":"https:\/\/www.cidademarketing.com.br\/marketing\/wp-json\/wp\/v2\/posts\/7941\/revisions\/7942"}],"wp:featuredmedia":[{"embeddable":true,"href":"https:\/\/www.cidademarketing.com.br\/marketing\/wp-json\/wp\/v2\/media\/7689"}],"wp:attachment":[{"href":"https:\/\/www.cidademarketing.com.br\/marketing\/wp-json\/wp\/v2\/media?parent=7941"}],"wp:term":[{"taxonomy":"category","embeddable":true,"href":"https:\/\/www.cidademarketing.com.br\/marketing\/wp-json\/wp\/v2\/categories?post=7941"},{"taxonomy":"post_tag","embeddable":true,"href":"https:\/\/www.cidademarketing.com.br\/marketing\/wp-json\/wp\/v2\/tags?post=7941"}],"curies":[{"name":"wp","href":"https:\/\/api.w.org\/{rel}","templated":true}]}}