{"id":7867,"date":"2019-04-25T21:50:20","date_gmt":"2019-04-25T17:50:20","guid":{"rendered":"http:\/\/www.cidademarketing.com.br\/marketing\/?p=7867"},"modified":"2019-04-25T21:50:23","modified_gmt":"2019-04-25T17:50:23","slug":"o-classico-musical-infantil-os-saltimbancos-e-a-atracao-da-tv-brasil-no-programa-musica-animada","status":"publish","type":"post","link":"https:\/\/www.cidademarketing.com.br\/marketing\/2019\/04\/25\/o-classico-musical-infantil-os-saltimbancos-e-a-atracao-da-tv-brasil-no-programa-musica-animada\/","title":{"rendered":"O cl\u00e1ssico musical infantil &#8220;Os Saltimbancos&#8221; \u00e9 a atra\u00e7\u00e3o da TV Brasil no programa M\u00fasica Animada"},"content":{"rendered":"\n<p>Tradicional espet\u00e1culo anima p\u00fablico infantil com obras que\natravessam gera\u00e7\u00f5es<\/p>\n\n\n\n<p>A f\u00e1bula musical infantil<strong> &#8220;Os Saltimbancos&#8221; <\/strong>\u00e9\na atra\u00e7\u00e3o do programa<strong> M\u00fasica Animada <\/strong>deste s\u00e1bado (27), \u00e0s 11h, na<strong> TV\nBrasil<\/strong>. Gravada no est\u00fadio da emissora, no Rio de Janeiro, a montagem \u00e9 uma\ndas mais expressivas obras de teatro musical para a garotada com can\u00e7\u00f5es que se\ntornam hinos para a inf\u00e2ncia na vers\u00e3o adaptada por <strong>Chico Buarque <\/strong>nos\nanos 1970.<\/p>\n\n\n\n<p>A produ\u00e7\u00e3o ilustra as aventuras de quatro bichos que se\nconsideram explorados por seus donos. Jumento, Gata, Cachorro e Galinha\nresolvem fugir para a cidade grande em busca de um sonho: tentar a sorte como\nm\u00fasicos. Eles querem formar um conjunto e viver livres, com respeito, alegria e\namor.<\/p>\n\n\n\n<p>O cantor e compositor Chico Buarque traduziu e adaptou o\ncl\u00e1ssico musical infantil para o portugu\u00eas em 1976. O artista incluiu m\u00fasicas\nadicionais \u00e0 nova vers\u00e3o da obra original realizada na It\u00e1lia com letras de\nSergio Bardotti e m\u00fasica de Luis Enr\u00edquez Bacalov. A f\u00e1bula \u00e9 inspirada no\nconto &#8220;Os M\u00fasicos de Bremen&#8221; dos irm\u00e3os Grimm.<\/p>\n\n\n\n<p>O repert\u00f3rio da apresenta\u00e7\u00e3o inclui as can\u00e7\u00f5es\n&#8220;Bicharia&#8221;, &#8220;O Jumento&#8221;, &#8220;Um Dia de C\u00e3o&#8221;, &#8220;A\nGalinha&#8221;, &#8220;Hist\u00f3ria de uma Gata&#8221;, &#8220;A Cidade Ideal&#8221;,\n&#8220;Minha Can\u00e7\u00e3o&#8221;, &#8220;A pousada do Bom Bar\u00e3o&#8221;, &#8220;Todos\nJuntos&#8221; e &#8220;Bicharia&#8221;.<\/p>\n\n\n\n<p>Com dire\u00e7\u00e3o de Maria Lucia Priolli, o espet\u00e1culo <strong>&#8220;Os\nSaltimbancos&#8221; <\/strong>exibido na telinha da TV Brasil tem no elenco a pr\u00f3pria\nartista ao lado de Orlando Leal, Areias Herbert e Claudia Benevides.<\/p>\n\n\n\n<p>O show completo dessa edi\u00e7\u00e3o do M\u00fasica Animada pode ser\nacompanhado na p\u00e1gina do programa no site da emissora (<a href=\"http:\/\/tvbrasil.ebc.com.br\/musicaanimada\" target=\"_blank\" rel=\"noreferrer noopener\">http:\/\/tvbrasil.ebc.com.br\/musicaanimada<\/a>) e no aplicativo <strong>EBC Play<\/strong>, dispon\u00edvel para Android e\niOS.<\/p>\n\n\n\n<p><strong>Hist\u00f3rico<\/strong><\/p>\n\n\n\n<p>No pa\u00eds, o musical <strong>&#8220;Os Saltimbancos&#8221; <\/strong>ganhou\n\u00e1lbum gravado em est\u00fadio em mar\u00e7o de 1977.O disco \u00e9 considerado uma\nrefer\u00eancia da M\u00fasica Popular Brasileira. Nessa produ\u00e7\u00e3o, os animais foram\ninterpretados por Nara Le\u00e3o (a Gata), Mi\u00facha (a Galinha), e os cantores do\nMPB4, Magro (o Jumento) e Ruy (o Cachorro), al\u00e9m de coro infantil.<\/p>\n\n\n\n<p>J\u00e1 a montagem do espet\u00e1culo nos palcos teve estreia\nhist\u00f3rica no mesmo ano, em agosto, na casa de shows Canec\u00e3o, no Rio de Janeiro,\ncom grande elenco. Dirigida por Antonio Pedro, a pe\u00e7a musical reuniu Marieta\nSevero (a Gata), Mi\u00facha (a Galinha), Pedro Paulo Rangel (o Cachorro) e Grande\nOtelo (o Jumento).<\/p>\n\n\n\n<p>Naquele coro infantil, entre outras crian\u00e7as, participaram\nnomes como Bebel Gilberto (filha de Jo\u00e3o Gilberto e Mi\u00facha), Isabel Diegues\n(filha de Nara Le\u00e3o), Silvia Buarque, Alexandra Marzo e Alice Borges (filha de\nAntonio Pedro).<\/p>\n\n\n\n<p>De l\u00e1 para c\u00e1, essa f\u00e1bula musical para o p\u00fablico infantil\nganhou remontagem nos palcos em 1992, 2010 e 2014 com elencos diferentes. Nas\ntelonas, um marco foi a com\u00e9dia &#8220;Os Saltimbancos Trapalh\u00f5es&#8221;, lan\u00e7ada\nem 1981, com grande atua\u00e7\u00e3o de Lucinha Lins. A produ\u00e7\u00e3o estrelada pela trupe formada\npor Didi, Ded\u00e9, Mussum e Zacarias \u00e9 considerada um dos melhores longas da\nextensa filmografia do grupo humor\u00edstico Os Trapalh\u00f5es.<\/p>\n\n\n\n<p><strong>Sobre a produ\u00e7\u00e3o<\/strong><\/p>\n\n\n\n<p>Em sua terceira temporada, o M\u00fasica Animada est\u00e1 com identidade\nvisual e cen\u00e1rio renovados, com mais cor e vibra\u00e7\u00e3o. O programa busca levar o\nuniverso l\u00fadico das can\u00e7\u00f5es infantis para as crian\u00e7as.<\/p>\n\n\n\n<p>A produ\u00e7\u00e3o traz para a faixa TV Brasil Animada shows\nin\u00e9ditos com performances de grupos infantis em diversos g\u00eaneros musicais, do\nrock \u00e0s marchinhas de carnaval, passando por cl\u00e1ssicos da m\u00fasica popular\nbrasileira.<\/p>\n\n\n\n<p>Com edi\u00e7\u00f5es mensais sempre no \u00faltimo s\u00e1bado do m\u00eas, \u00e0s 11h,\na s\u00e9rie tem dura\u00e7\u00e3o de 30 minutos e dire\u00e7\u00e3o de Waldecir de Oliveira. <\/p>\n\n\n\n<p><strong>Servi\u00e7o<\/strong><\/p>\n\n\n\n<p>M\u00fasica Animada \u2013 s\u00e1bado, dia\n27\/4, \u00e0s 11h, na TV Brasil<\/p>\n","protected":false},"excerpt":{"rendered":"<p>Tradicional espet\u00e1culo anima p\u00fablico infantil com obras que atravessam gera\u00e7\u00f5es A f\u00e1bula musical infantil &#8220;Os Saltimbancos&#8221; \u00e9 a atra\u00e7\u00e3o do programa M\u00fasica Animada deste s\u00e1bado (27), \u00e0s 11h, na TV Brasil. Gravada no est\u00fadio da emissora, no Rio de Janeiro, a montagem \u00e9 uma das mais expressivas obras de teatro musical para a garotada com [&hellip;]<\/p>\n","protected":false},"author":1,"featured_media":7868,"comment_status":"open","ping_status":"open","sticky":false,"template":"","format":"standard","meta":{"tdm_status":"","tdm_grid_status":"","footnotes":""},"categories":[6],"tags":[380],"class_list":["post-7867","post","type-post","status-publish","format-standard","has-post-thumbnail","hentry","category-noticias","tag-tv-brasil"],"yoast_head":"<!-- This site is optimized with the Yoast SEO plugin v27.5 - https:\/\/yoast.com\/product\/yoast-seo-wordpress\/ -->\n<title>O cl\u00e1ssico musical infantil &quot;Os Saltimbancos&quot; \u00e9 a atra\u00e7\u00e3o da TV Brasil no programa M\u00fasica Animada - CidadeMarketing<\/title>\n<meta name=\"robots\" content=\"index, follow, max-snippet:-1, max-image-preview:large, max-video-preview:-1\" \/>\n<link rel=\"canonical\" href=\"https:\/\/www.cidademarketing.com.br\/marketing\/2019\/04\/25\/o-classico-musical-infantil-os-saltimbancos-e-a-atracao-da-tv-brasil-no-programa-musica-animada\/\" \/>\n<meta property=\"og:locale\" content=\"pt_BR\" \/>\n<meta property=\"og:type\" content=\"article\" \/>\n<meta property=\"og:title\" content=\"O cl\u00e1ssico musical infantil &quot;Os Saltimbancos&quot; \u00e9 a atra\u00e7\u00e3o da TV Brasil no programa M\u00fasica Animada - CidadeMarketing\" \/>\n<meta property=\"og:description\" content=\"Tradicional espet\u00e1culo anima p\u00fablico infantil com obras que atravessam gera\u00e7\u00f5es A f\u00e1bula musical infantil &#8220;Os Saltimbancos&#8221; \u00e9 a atra\u00e7\u00e3o do programa M\u00fasica Animada deste s\u00e1bado (27), \u00e0s 11h, na TV Brasil. Gravada no est\u00fadio da emissora, no Rio de Janeiro, a montagem \u00e9 uma das mais expressivas obras de teatro musical para a garotada com [&hellip;]\" \/>\n<meta property=\"og:url\" content=\"https:\/\/www.cidademarketing.com.br\/marketing\/2019\/04\/25\/o-classico-musical-infantil-os-saltimbancos-e-a-atracao-da-tv-brasil-no-programa-musica-animada\/\" \/>\n<meta property=\"og:site_name\" content=\"CidadeMarketing\" \/>\n<meta property=\"article:publisher\" content=\"https:\/\/www.facebook.com\/portalcidademarketing\" \/>\n<meta property=\"article:author\" content=\"https:\/\/www.facebook.com\/thalesbrandao\" \/>\n<meta property=\"article:published_time\" content=\"2019-04-25T17:50:20+00:00\" \/>\n<meta property=\"article:modified_time\" content=\"2019-04-25T17:50:23+00:00\" \/>\n<meta property=\"og:image\" content=\"https:\/\/www.cidademarketing.com.br\/marketing\/wp-content\/uploads\/2019\/04\/saltimbancos.jpg\" \/>\n\t<meta property=\"og:image:width\" content=\"1341\" \/>\n\t<meta property=\"og:image:height\" content=\"1006\" \/>\n\t<meta property=\"og:image:type\" content=\"image\/jpeg\" \/>\n<meta name=\"author\" content=\"Thales Brand\u00e3o\" \/>\n<meta name=\"twitter:card\" content=\"summary_large_image\" \/>\n<meta name=\"twitter:creator\" content=\"@http:\/\/www.twitter.com\/thalesbrandao\" \/>\n<meta name=\"twitter:site\" content=\"@CidadeMarketing\" \/>\n<meta name=\"twitter:label1\" content=\"Escrito por\" \/>\n\t<meta name=\"twitter:data1\" content=\"Thales Brand\u00e3o\" \/>\n\t<meta name=\"twitter:label2\" content=\"Est. tempo de leitura\" \/>\n\t<meta name=\"twitter:data2\" content=\"3 minutos\" \/>\n<script type=\"application\/ld+json\" class=\"yoast-schema-graph\">{\"@context\":\"https:\\\/\\\/schema.org\",\"@graph\":[{\"@type\":\"Article\",\"@id\":\"https:\\\/\\\/www.cidademarketing.com.br\\\/marketing\\\/2019\\\/04\\\/25\\\/o-classico-musical-infantil-os-saltimbancos-e-a-atracao-da-tv-brasil-no-programa-musica-animada\\\/#article\",\"isPartOf\":{\"@id\":\"https:\\\/\\\/www.cidademarketing.com.br\\\/marketing\\\/2019\\\/04\\\/25\\\/o-classico-musical-infantil-os-saltimbancos-e-a-atracao-da-tv-brasil-no-programa-musica-animada\\\/\"},\"author\":{\"name\":\"Thales Brand\u00e3o\",\"@id\":\"https:\\\/\\\/www.cidademarketing.com.br\\\/marketing\\\/#\\\/schema\\\/person\\\/02daff9f18bd9378c9e01eb6b2db155f\"},\"headline\":\"O cl\u00e1ssico musical infantil &#8220;Os Saltimbancos&#8221; \u00e9 a atra\u00e7\u00e3o da TV Brasil no programa M\u00fasica Animada\",\"datePublished\":\"2019-04-25T17:50:20+00:00\",\"dateModified\":\"2019-04-25T17:50:23+00:00\",\"mainEntityOfPage\":{\"@id\":\"https:\\\/\\\/www.cidademarketing.com.br\\\/marketing\\\/2019\\\/04\\\/25\\\/o-classico-musical-infantil-os-saltimbancos-e-a-atracao-da-tv-brasil-no-programa-musica-animada\\\/\"},\"wordCount\":679,\"commentCount\":0,\"publisher\":{\"@id\":\"https:\\\/\\\/www.cidademarketing.com.br\\\/marketing\\\/#organization\"},\"image\":{\"@id\":\"https:\\\/\\\/www.cidademarketing.com.br\\\/marketing\\\/2019\\\/04\\\/25\\\/o-classico-musical-infantil-os-saltimbancos-e-a-atracao-da-tv-brasil-no-programa-musica-animada\\\/#primaryimage\"},\"thumbnailUrl\":\"https:\\\/\\\/www.cidademarketing.com.br\\\/marketing\\\/wp-content\\\/uploads\\\/2019\\\/04\\\/saltimbancos.jpg\",\"keywords\":[\"TV Brasil\"],\"articleSection\":[\"Not\u00edcias\"],\"inLanguage\":\"pt-BR\",\"potentialAction\":[{\"@type\":\"CommentAction\",\"name\":\"Comment\",\"target\":[\"https:\\\/\\\/www.cidademarketing.com.br\\\/marketing\\\/2019\\\/04\\\/25\\\/o-classico-musical-infantil-os-saltimbancos-e-a-atracao-da-tv-brasil-no-programa-musica-animada\\\/#respond\"]}]},{\"@type\":\"WebPage\",\"@id\":\"https:\\\/\\\/www.cidademarketing.com.br\\\/marketing\\\/2019\\\/04\\\/25\\\/o-classico-musical-infantil-os-saltimbancos-e-a-atracao-da-tv-brasil-no-programa-musica-animada\\\/\",\"url\":\"https:\\\/\\\/www.cidademarketing.com.br\\\/marketing\\\/2019\\\/04\\\/25\\\/o-classico-musical-infantil-os-saltimbancos-e-a-atracao-da-tv-brasil-no-programa-musica-animada\\\/\",\"name\":\"O cl\u00e1ssico musical infantil \\\"Os Saltimbancos\\\" \u00e9 a atra\u00e7\u00e3o da TV Brasil no programa M\u00fasica Animada - CidadeMarketing\",\"isPartOf\":{\"@id\":\"https:\\\/\\\/www.cidademarketing.com.br\\\/marketing\\\/#website\"},\"primaryImageOfPage\":{\"@id\":\"https:\\\/\\\/www.cidademarketing.com.br\\\/marketing\\\/2019\\\/04\\\/25\\\/o-classico-musical-infantil-os-saltimbancos-e-a-atracao-da-tv-brasil-no-programa-musica-animada\\\/#primaryimage\"},\"image\":{\"@id\":\"https:\\\/\\\/www.cidademarketing.com.br\\\/marketing\\\/2019\\\/04\\\/25\\\/o-classico-musical-infantil-os-saltimbancos-e-a-atracao-da-tv-brasil-no-programa-musica-animada\\\/#primaryimage\"},\"thumbnailUrl\":\"https:\\\/\\\/www.cidademarketing.com.br\\\/marketing\\\/wp-content\\\/uploads\\\/2019\\\/04\\\/saltimbancos.jpg\",\"datePublished\":\"2019-04-25T17:50:20+00:00\",\"dateModified\":\"2019-04-25T17:50:23+00:00\",\"breadcrumb\":{\"@id\":\"https:\\\/\\\/www.cidademarketing.com.br\\\/marketing\\\/2019\\\/04\\\/25\\\/o-classico-musical-infantil-os-saltimbancos-e-a-atracao-da-tv-brasil-no-programa-musica-animada\\\/#breadcrumb\"},\"inLanguage\":\"pt-BR\",\"potentialAction\":[{\"@type\":\"ReadAction\",\"target\":[\"https:\\\/\\\/www.cidademarketing.com.br\\\/marketing\\\/2019\\\/04\\\/25\\\/o-classico-musical-infantil-os-saltimbancos-e-a-atracao-da-tv-brasil-no-programa-musica-animada\\\/\"]}]},{\"@type\":\"ImageObject\",\"inLanguage\":\"pt-BR\",\"@id\":\"https:\\\/\\\/www.cidademarketing.com.br\\\/marketing\\\/2019\\\/04\\\/25\\\/o-classico-musical-infantil-os-saltimbancos-e-a-atracao-da-tv-brasil-no-programa-musica-animada\\\/#primaryimage\",\"url\":\"https:\\\/\\\/www.cidademarketing.com.br\\\/marketing\\\/wp-content\\\/uploads\\\/2019\\\/04\\\/saltimbancos.jpg\",\"contentUrl\":\"https:\\\/\\\/www.cidademarketing.com.br\\\/marketing\\\/wp-content\\\/uploads\\\/2019\\\/04\\\/saltimbancos.jpg\",\"width\":1341,\"height\":1006,\"caption\":\"Divulga\u00e7\u00e3o: TV Brasil\"},{\"@type\":\"BreadcrumbList\",\"@id\":\"https:\\\/\\\/www.cidademarketing.com.br\\\/marketing\\\/2019\\\/04\\\/25\\\/o-classico-musical-infantil-os-saltimbancos-e-a-atracao-da-tv-brasil-no-programa-musica-animada\\\/#breadcrumb\",\"itemListElement\":[{\"@type\":\"ListItem\",\"position\":1,\"name\":\"In\u00edcio\",\"item\":\"https:\\\/\\\/www.cidademarketing.com.br\\\/marketing\\\/\"},{\"@type\":\"ListItem\",\"position\":2,\"name\":\"O cl\u00e1ssico musical infantil &#8220;Os Saltimbancos&#8221; \u00e9 a atra\u00e7\u00e3o da TV Brasil no programa M\u00fasica Animada\"}]},{\"@type\":\"WebSite\",\"@id\":\"https:\\\/\\\/www.cidademarketing.com.br\\\/marketing\\\/#website\",\"url\":\"https:\\\/\\\/www.cidademarketing.com.br\\\/marketing\\\/\",\"name\":\"CidadeMarketing\",\"description\":\"Somos um ve\u00edculo de comunica\u00e7\u00e3o de destaque no Brasil, reconhecido por conte\u00fados nos segmentos de marketing, empreendedorismo e inova\u00e7\u00e3o.\",\"publisher\":{\"@id\":\"https:\\\/\\\/www.cidademarketing.com.br\\\/marketing\\\/#organization\"},\"alternateName\":\"CidadeMarketing\",\"potentialAction\":[{\"@type\":\"SearchAction\",\"target\":{\"@type\":\"EntryPoint\",\"urlTemplate\":\"https:\\\/\\\/www.cidademarketing.com.br\\\/marketing\\\/?s={search_term_string}\"},\"query-input\":{\"@type\":\"PropertyValueSpecification\",\"valueRequired\":true,\"valueName\":\"search_term_string\"}}],\"inLanguage\":\"pt-BR\"},{\"@type\":\"Organization\",\"@id\":\"https:\\\/\\\/www.cidademarketing.com.br\\\/marketing\\\/#organization\",\"name\":\"CidadeMarketing\",\"alternateName\":\"CidadeMarketing\",\"url\":\"https:\\\/\\\/www.cidademarketing.com.br\\\/marketing\\\/\",\"logo\":{\"@type\":\"ImageObject\",\"inLanguage\":\"pt-BR\",\"@id\":\"https:\\\/\\\/www.cidademarketing.com.br\\\/marketing\\\/#\\\/schema\\\/logo\\\/image\\\/\",\"url\":\"https:\\\/\\\/www.cidademarketing.com.br\\\/marketing\\\/wp-content\\\/uploads\\\/2020\\\/01\\\/cidademarketing_marca_mobile.png\",\"contentUrl\":\"https:\\\/\\\/www.cidademarketing.com.br\\\/marketing\\\/wp-content\\\/uploads\\\/2020\\\/01\\\/cidademarketing_marca_mobile.png\",\"width\":230,\"height\":92,\"caption\":\"CidadeMarketing\"},\"image\":{\"@id\":\"https:\\\/\\\/www.cidademarketing.com.br\\\/marketing\\\/#\\\/schema\\\/logo\\\/image\\\/\"},\"sameAs\":[\"https:\\\/\\\/www.facebook.com\\\/portalcidademarketing\",\"https:\\\/\\\/x.com\\\/CidadeMarketing\",\"https:\\\/\\\/www.instagram.com\\\/cidademarketing\\\/\"]},{\"@type\":\"Person\",\"@id\":\"https:\\\/\\\/www.cidademarketing.com.br\\\/marketing\\\/#\\\/schema\\\/person\\\/02daff9f18bd9378c9e01eb6b2db155f\",\"name\":\"Thales Brand\u00e3o\",\"image\":{\"@type\":\"ImageObject\",\"inLanguage\":\"pt-BR\",\"@id\":\"https:\\\/\\\/secure.gravatar.com\\\/avatar\\\/7ca3206950207cc3cb48feec56a8a7898741ab725c368d99d5d7a5a50aab80c6?s=96&d=mm&r=g\",\"url\":\"https:\\\/\\\/secure.gravatar.com\\\/avatar\\\/7ca3206950207cc3cb48feec56a8a7898741ab725c368d99d5d7a5a50aab80c6?s=96&d=mm&r=g\",\"contentUrl\":\"https:\\\/\\\/secure.gravatar.com\\\/avatar\\\/7ca3206950207cc3cb48feec56a8a7898741ab725c368d99d5d7a5a50aab80c6?s=96&d=mm&r=g\",\"caption\":\"Thales Brand\u00e3o\"},\"description\":\"Editor Executivo do Portal CidadeMarketing.com.br &gt; Mestre em Comunica\u00e7\u00e3o e Sociedade pela Universidade Federal de Sergipe. Possui MBA Executivo em Administra\u00e7\u00e3o com \u00eanfase em Marketing pela Funda\u00e7\u00e3o Get\u00falio Vargas - Rio de Janeiro. Consultor, Palestrante e Pesquisador sobre Empreendedorismo, Marketing, Redes Sociais e Neg\u00f3cios Digitais. Professor, Palestrante TedxTalks e Campus Party. Twitter: @ThalesBrandao\",\"sameAs\":[\"http:\\\/\\\/www.mandacaru.com.br\",\"https:\\\/\\\/www.facebook.com\\\/thalesbrandao\",\"http:\\\/\\\/www.instagram.com.br\\\/thalesbrandaoferreira\",\"https:\\\/\\\/www.linkedin.com\\\/in\\\/thales-brand\u00e3o-3948609\\\/\",\"https:\\\/\\\/x.com\\\/http:\\\/\\\/www.twitter.com\\\/thalesbrandao\"],\"url\":\"https:\\\/\\\/www.cidademarketing.com.br\\\/marketing\\\/author\\\/thalesbrandao\\\/\"}]}<\/script>\n<!-- \/ Yoast SEO plugin. -->","yoast_head_json":{"title":"O cl\u00e1ssico musical infantil \"Os Saltimbancos\" \u00e9 a atra\u00e7\u00e3o da TV Brasil no programa M\u00fasica Animada - CidadeMarketing","robots":{"index":"index","follow":"follow","max-snippet":"max-snippet:-1","max-image-preview":"max-image-preview:large","max-video-preview":"max-video-preview:-1"},"canonical":"https:\/\/www.cidademarketing.com.br\/marketing\/2019\/04\/25\/o-classico-musical-infantil-os-saltimbancos-e-a-atracao-da-tv-brasil-no-programa-musica-animada\/","og_locale":"pt_BR","og_type":"article","og_title":"O cl\u00e1ssico musical infantil \"Os Saltimbancos\" \u00e9 a atra\u00e7\u00e3o da TV Brasil no programa M\u00fasica Animada - CidadeMarketing","og_description":"Tradicional espet\u00e1culo anima p\u00fablico infantil com obras que atravessam gera\u00e7\u00f5es A f\u00e1bula musical infantil &#8220;Os Saltimbancos&#8221; \u00e9 a atra\u00e7\u00e3o do programa M\u00fasica Animada deste s\u00e1bado (27), \u00e0s 11h, na TV Brasil. Gravada no est\u00fadio da emissora, no Rio de Janeiro, a montagem \u00e9 uma das mais expressivas obras de teatro musical para a garotada com [&hellip;]","og_url":"https:\/\/www.cidademarketing.com.br\/marketing\/2019\/04\/25\/o-classico-musical-infantil-os-saltimbancos-e-a-atracao-da-tv-brasil-no-programa-musica-animada\/","og_site_name":"CidadeMarketing","article_publisher":"https:\/\/www.facebook.com\/portalcidademarketing","article_author":"https:\/\/www.facebook.com\/thalesbrandao","article_published_time":"2019-04-25T17:50:20+00:00","article_modified_time":"2019-04-25T17:50:23+00:00","og_image":[{"width":1341,"height":1006,"url":"https:\/\/www.cidademarketing.com.br\/marketing\/wp-content\/uploads\/2019\/04\/saltimbancos.jpg","type":"image\/jpeg"}],"author":"Thales Brand\u00e3o","twitter_card":"summary_large_image","twitter_creator":"@http:\/\/www.twitter.com\/thalesbrandao","twitter_site":"@CidadeMarketing","twitter_misc":{"Escrito por":"Thales Brand\u00e3o","Est. tempo de leitura":"3 minutos"},"schema":{"@context":"https:\/\/schema.org","@graph":[{"@type":"Article","@id":"https:\/\/www.cidademarketing.com.br\/marketing\/2019\/04\/25\/o-classico-musical-infantil-os-saltimbancos-e-a-atracao-da-tv-brasil-no-programa-musica-animada\/#article","isPartOf":{"@id":"https:\/\/www.cidademarketing.com.br\/marketing\/2019\/04\/25\/o-classico-musical-infantil-os-saltimbancos-e-a-atracao-da-tv-brasil-no-programa-musica-animada\/"},"author":{"name":"Thales Brand\u00e3o","@id":"https:\/\/www.cidademarketing.com.br\/marketing\/#\/schema\/person\/02daff9f18bd9378c9e01eb6b2db155f"},"headline":"O cl\u00e1ssico musical infantil &#8220;Os Saltimbancos&#8221; \u00e9 a atra\u00e7\u00e3o da TV Brasil no programa M\u00fasica Animada","datePublished":"2019-04-25T17:50:20+00:00","dateModified":"2019-04-25T17:50:23+00:00","mainEntityOfPage":{"@id":"https:\/\/www.cidademarketing.com.br\/marketing\/2019\/04\/25\/o-classico-musical-infantil-os-saltimbancos-e-a-atracao-da-tv-brasil-no-programa-musica-animada\/"},"wordCount":679,"commentCount":0,"publisher":{"@id":"https:\/\/www.cidademarketing.com.br\/marketing\/#organization"},"image":{"@id":"https:\/\/www.cidademarketing.com.br\/marketing\/2019\/04\/25\/o-classico-musical-infantil-os-saltimbancos-e-a-atracao-da-tv-brasil-no-programa-musica-animada\/#primaryimage"},"thumbnailUrl":"https:\/\/www.cidademarketing.com.br\/marketing\/wp-content\/uploads\/2019\/04\/saltimbancos.jpg","keywords":["TV Brasil"],"articleSection":["Not\u00edcias"],"inLanguage":"pt-BR","potentialAction":[{"@type":"CommentAction","name":"Comment","target":["https:\/\/www.cidademarketing.com.br\/marketing\/2019\/04\/25\/o-classico-musical-infantil-os-saltimbancos-e-a-atracao-da-tv-brasil-no-programa-musica-animada\/#respond"]}]},{"@type":"WebPage","@id":"https:\/\/www.cidademarketing.com.br\/marketing\/2019\/04\/25\/o-classico-musical-infantil-os-saltimbancos-e-a-atracao-da-tv-brasil-no-programa-musica-animada\/","url":"https:\/\/www.cidademarketing.com.br\/marketing\/2019\/04\/25\/o-classico-musical-infantil-os-saltimbancos-e-a-atracao-da-tv-brasil-no-programa-musica-animada\/","name":"O cl\u00e1ssico musical infantil \"Os Saltimbancos\" \u00e9 a atra\u00e7\u00e3o da TV Brasil no programa M\u00fasica Animada - CidadeMarketing","isPartOf":{"@id":"https:\/\/www.cidademarketing.com.br\/marketing\/#website"},"primaryImageOfPage":{"@id":"https:\/\/www.cidademarketing.com.br\/marketing\/2019\/04\/25\/o-classico-musical-infantil-os-saltimbancos-e-a-atracao-da-tv-brasil-no-programa-musica-animada\/#primaryimage"},"image":{"@id":"https:\/\/www.cidademarketing.com.br\/marketing\/2019\/04\/25\/o-classico-musical-infantil-os-saltimbancos-e-a-atracao-da-tv-brasil-no-programa-musica-animada\/#primaryimage"},"thumbnailUrl":"https:\/\/www.cidademarketing.com.br\/marketing\/wp-content\/uploads\/2019\/04\/saltimbancos.jpg","datePublished":"2019-04-25T17:50:20+00:00","dateModified":"2019-04-25T17:50:23+00:00","breadcrumb":{"@id":"https:\/\/www.cidademarketing.com.br\/marketing\/2019\/04\/25\/o-classico-musical-infantil-os-saltimbancos-e-a-atracao-da-tv-brasil-no-programa-musica-animada\/#breadcrumb"},"inLanguage":"pt-BR","potentialAction":[{"@type":"ReadAction","target":["https:\/\/www.cidademarketing.com.br\/marketing\/2019\/04\/25\/o-classico-musical-infantil-os-saltimbancos-e-a-atracao-da-tv-brasil-no-programa-musica-animada\/"]}]},{"@type":"ImageObject","inLanguage":"pt-BR","@id":"https:\/\/www.cidademarketing.com.br\/marketing\/2019\/04\/25\/o-classico-musical-infantil-os-saltimbancos-e-a-atracao-da-tv-brasil-no-programa-musica-animada\/#primaryimage","url":"https:\/\/www.cidademarketing.com.br\/marketing\/wp-content\/uploads\/2019\/04\/saltimbancos.jpg","contentUrl":"https:\/\/www.cidademarketing.com.br\/marketing\/wp-content\/uploads\/2019\/04\/saltimbancos.jpg","width":1341,"height":1006,"caption":"Divulga\u00e7\u00e3o: TV Brasil"},{"@type":"BreadcrumbList","@id":"https:\/\/www.cidademarketing.com.br\/marketing\/2019\/04\/25\/o-classico-musical-infantil-os-saltimbancos-e-a-atracao-da-tv-brasil-no-programa-musica-animada\/#breadcrumb","itemListElement":[{"@type":"ListItem","position":1,"name":"In\u00edcio","item":"https:\/\/www.cidademarketing.com.br\/marketing\/"},{"@type":"ListItem","position":2,"name":"O cl\u00e1ssico musical infantil &#8220;Os Saltimbancos&#8221; \u00e9 a atra\u00e7\u00e3o da TV Brasil no programa M\u00fasica Animada"}]},{"@type":"WebSite","@id":"https:\/\/www.cidademarketing.com.br\/marketing\/#website","url":"https:\/\/www.cidademarketing.com.br\/marketing\/","name":"CidadeMarketing","description":"Somos um ve\u00edculo de comunica\u00e7\u00e3o de destaque no Brasil, reconhecido por conte\u00fados nos segmentos de marketing, empreendedorismo e inova\u00e7\u00e3o.","publisher":{"@id":"https:\/\/www.cidademarketing.com.br\/marketing\/#organization"},"alternateName":"CidadeMarketing","potentialAction":[{"@type":"SearchAction","target":{"@type":"EntryPoint","urlTemplate":"https:\/\/www.cidademarketing.com.br\/marketing\/?s={search_term_string}"},"query-input":{"@type":"PropertyValueSpecification","valueRequired":true,"valueName":"search_term_string"}}],"inLanguage":"pt-BR"},{"@type":"Organization","@id":"https:\/\/www.cidademarketing.com.br\/marketing\/#organization","name":"CidadeMarketing","alternateName":"CidadeMarketing","url":"https:\/\/www.cidademarketing.com.br\/marketing\/","logo":{"@type":"ImageObject","inLanguage":"pt-BR","@id":"https:\/\/www.cidademarketing.com.br\/marketing\/#\/schema\/logo\/image\/","url":"https:\/\/www.cidademarketing.com.br\/marketing\/wp-content\/uploads\/2020\/01\/cidademarketing_marca_mobile.png","contentUrl":"https:\/\/www.cidademarketing.com.br\/marketing\/wp-content\/uploads\/2020\/01\/cidademarketing_marca_mobile.png","width":230,"height":92,"caption":"CidadeMarketing"},"image":{"@id":"https:\/\/www.cidademarketing.com.br\/marketing\/#\/schema\/logo\/image\/"},"sameAs":["https:\/\/www.facebook.com\/portalcidademarketing","https:\/\/x.com\/CidadeMarketing","https:\/\/www.instagram.com\/cidademarketing\/"]},{"@type":"Person","@id":"https:\/\/www.cidademarketing.com.br\/marketing\/#\/schema\/person\/02daff9f18bd9378c9e01eb6b2db155f","name":"Thales Brand\u00e3o","image":{"@type":"ImageObject","inLanguage":"pt-BR","@id":"https:\/\/secure.gravatar.com\/avatar\/7ca3206950207cc3cb48feec56a8a7898741ab725c368d99d5d7a5a50aab80c6?s=96&d=mm&r=g","url":"https:\/\/secure.gravatar.com\/avatar\/7ca3206950207cc3cb48feec56a8a7898741ab725c368d99d5d7a5a50aab80c6?s=96&d=mm&r=g","contentUrl":"https:\/\/secure.gravatar.com\/avatar\/7ca3206950207cc3cb48feec56a8a7898741ab725c368d99d5d7a5a50aab80c6?s=96&d=mm&r=g","caption":"Thales Brand\u00e3o"},"description":"Editor Executivo do Portal CidadeMarketing.com.br &gt; Mestre em Comunica\u00e7\u00e3o e Sociedade pela Universidade Federal de Sergipe. Possui MBA Executivo em Administra\u00e7\u00e3o com \u00eanfase em Marketing pela Funda\u00e7\u00e3o Get\u00falio Vargas - Rio de Janeiro. Consultor, Palestrante e Pesquisador sobre Empreendedorismo, Marketing, Redes Sociais e Neg\u00f3cios Digitais. Professor, Palestrante TedxTalks e Campus Party. Twitter: @ThalesBrandao","sameAs":["http:\/\/www.mandacaru.com.br","https:\/\/www.facebook.com\/thalesbrandao","http:\/\/www.instagram.com.br\/thalesbrandaoferreira","https:\/\/www.linkedin.com\/in\/thales-brand\u00e3o-3948609\/","https:\/\/x.com\/http:\/\/www.twitter.com\/thalesbrandao"],"url":"https:\/\/www.cidademarketing.com.br\/marketing\/author\/thalesbrandao\/"}]}},"amp_enabled":true,"_links":{"self":[{"href":"https:\/\/www.cidademarketing.com.br\/marketing\/wp-json\/wp\/v2\/posts\/7867","targetHints":{"allow":["GET"]}}],"collection":[{"href":"https:\/\/www.cidademarketing.com.br\/marketing\/wp-json\/wp\/v2\/posts"}],"about":[{"href":"https:\/\/www.cidademarketing.com.br\/marketing\/wp-json\/wp\/v2\/types\/post"}],"author":[{"embeddable":true,"href":"https:\/\/www.cidademarketing.com.br\/marketing\/wp-json\/wp\/v2\/users\/1"}],"replies":[{"embeddable":true,"href":"https:\/\/www.cidademarketing.com.br\/marketing\/wp-json\/wp\/v2\/comments?post=7867"}],"version-history":[{"count":1,"href":"https:\/\/www.cidademarketing.com.br\/marketing\/wp-json\/wp\/v2\/posts\/7867\/revisions"}],"predecessor-version":[{"id":7869,"href":"https:\/\/www.cidademarketing.com.br\/marketing\/wp-json\/wp\/v2\/posts\/7867\/revisions\/7869"}],"wp:featuredmedia":[{"embeddable":true,"href":"https:\/\/www.cidademarketing.com.br\/marketing\/wp-json\/wp\/v2\/media\/7868"}],"wp:attachment":[{"href":"https:\/\/www.cidademarketing.com.br\/marketing\/wp-json\/wp\/v2\/media?parent=7867"}],"wp:term":[{"taxonomy":"category","embeddable":true,"href":"https:\/\/www.cidademarketing.com.br\/marketing\/wp-json\/wp\/v2\/categories?post=7867"},{"taxonomy":"post_tag","embeddable":true,"href":"https:\/\/www.cidademarketing.com.br\/marketing\/wp-json\/wp\/v2\/tags?post=7867"}],"curies":[{"name":"wp","href":"https:\/\/api.w.org\/{rel}","templated":true}]}}