{"id":7838,"date":"2019-04-23T22:21:02","date_gmt":"2019-04-24T01:21:02","guid":{"rendered":"http:\/\/www.cidademarketing.com.br\/marketing\/?p=7838"},"modified":"2019-04-23T22:21:06","modified_gmt":"2019-04-24T01:21:06","slug":"inscricoes-abertas-para-a-2a-edicao-do-premio-academia-assai-bons-negocios","status":"publish","type":"post","link":"https:\/\/www.cidademarketing.com.br\/marketing\/2019\/04\/23\/inscricoes-abertas-para-a-2a-edicao-do-premio-academia-assai-bons-negocios\/","title":{"rendered":"Inscri\u00e7\u00f5es abertas para a 2\u00aa edi\u00e7\u00e3o do Pr\u00eamio Academia Assa\u00ed Bons Neg\u00f3cios"},"content":{"rendered":"\n<p>Entre os dias 15 de abril e 17 de maio, empreendedores do setor de alimentos de todo o Brasil ter\u00e3o a oportunidade de potencializar seus neg\u00f3cios e concorrer \u00e0 premia\u00e7\u00e3o de at\u00e9 20 mil reais<br>\nMicroempreendedores do ramo aliment\u00edcio ter\u00e3o a oportunidade de desenvolver e aprimorar compet\u00eancias na gest\u00e3o de seus neg\u00f3cios se inscrevendo na segunda edi\u00e7\u00e3o do Pr\u00eamio Academia Assa\u00ed Bons Neg\u00f3cios, um projeto da Academia Assa\u00ed Bons Neg\u00f3cios, programa do Assa\u00ed, por meio do Instituto GPA. As inscri\u00e7\u00f5es est\u00e3o abertas entre os dias 15\/04 e 17\/05.<\/p>\n\n\n\n<p><br>\nOs empreendedores selecionados para essa edi\u00e7\u00e3o ter\u00e3o apoio de profissionais especializados para o aperfei\u00e7oamento de seus neg\u00f3cios. Ser\u00e3o escolhidos 15 ganhadores que participar\u00e3o de cinco dias de imers\u00e3o com tudo pago. Receber\u00e3o capacita\u00e7\u00e3o profissional em S\u00e3o Paulo, concorrer\u00e3o a at\u00e9 R$ 20 mil reais em pr\u00eamios, produ\u00e7\u00e3o de v\u00eddeo comercial e a investimentos em equipamentos para alavancarem seus empreendimentos. No decorrer dos meses ap\u00f3s a premia\u00e7\u00e3o, os empreendedores ser\u00e3o assessorados por mentores, visando acompanhar a boa performance e avan\u00e7os dos neg\u00f3cios.<br>\nO Pr\u00eamio Academia Assa\u00ed Bons Neg\u00f3cios \u00e9 voltado para os microempreendedores do setor de alimentos de todo o Brasil, sejam eles vendedores ambulantes, que realizam vendas por encomendas ou tenham um ponto fixo. A primeira edi\u00e7\u00e3o contou com aproximadamente 2.500 inscritos e 15 ganhadores.<\/p>\n\n\n\n<p><br>\nPara participar do Pr\u00eamio, o interessado deve assistir gratuitamente \u00e0s v\u00eddeo aulas no site da Academia Assa\u00ed Bons Neg\u00f3cios (www.academiaassai.com.br), obter seu certificado e responder a algumas perguntas relacionadas ao seu neg\u00f3cio.<br>\nConhe\u00e7a uma das vencedoras do Pr\u00eamio Academia Assa\u00ed Bons Neg\u00f3cios:<br>\nMaria do Livramento, 38 anos, vencedora do Pr\u00eamio e empreendedora-destaque na categoria Ponto de Venda Fixo em 2018.<br>\n<br>\nParticipa\u00e7\u00e3o da Maria do Livramento no curso de Pizzaiolo do Pr\u00eamio Academia Assa\u00ed<br>\nMaria nasceu em Jericoacoara &#8211; Cear\u00e1, se mudou para S\u00e3o Paulo com 14 anos e, mesmo passando por muitas experi\u00eancias profissionais, sempre manteve o sonho de ter o seu pr\u00f3prio neg\u00f3cio. Durante 12 anos, trabalhou em padarias e restaurantes, permanecendo em contato cont\u00ednuo com o ramo aliment\u00edcio.<br>\n&#8220;Eu sempre fui assim, trabalhando bastante e, com meu jeito &#8216;autorit\u00e1ria&#8217;, gosto de resolver as coisas e fazer da melhor forma poss\u00edvel. Por isso, resolvi arriscar em algo meu&#8221;, relata a empreendedora. Uma de suas primas tinha um com\u00e9rcio embaixo da casa onde morava que n\u00e3o ia muito bem. Foi quando ela resolveu oferecer o ponto de venda para Maria do Livramento. Depois de entrarem em um acordo, Maria adquiriu o mercadinho de sua prima.<\/p>\n\n\n\n<p><br>\nCom um vi\u00e9s empreendedor, reestabeleceu o com\u00e9rcio e conquistou uma boa clientela no bairro. Com o crescimento decorrente do trabalho ao longo do tempo e a determina\u00e7\u00e3o que tinha para a gest\u00e3o de neg\u00f3cios, Maria adquiriu um novo ponto comercial, mais amplo, numa regi\u00e3o mais visada.<br>\nA empreendedora conta que come\u00e7ou a montar seu mercado com t\u00e1buas de guarda-roupa, que deram vida \u00e0s primeiras g\u00f4ndolas. Conforme foi prosperando, investiu o dinheiro dos lucros em infraestrutura para otimizar o ambiente.<br>\n&#8220;No in\u00edcio n\u00e3o foi f\u00e1cil, mas com muita f\u00e9, consegui comprar o sal\u00e3o em que estamos hoje e, aos poucos, fui montando do jeito que eu queria. Parcelei tudo no come\u00e7o para poder ter condi\u00e7\u00f5es de pagar e, gra\u00e7as a Deus, consegui&#8221;, relata.<br>\nCom o sucesso do minimercado e o dinheiro proveniente do Pr\u00eamio, foi poss\u00edvel quitar as contas em aberto e abastecer o estabelecimento com mais mercadorias.<br>\nPara um futuro pr\u00f3ximo, o desejo de Maria \u00e9 abrir outra unidade do Minimercado Gl\u00f3ria, dessa vez no Cear\u00e1. Seu objetivo \u00e9 oferecer o melhor aos clientes da regi\u00e3o que nasceu com o que ela mais gosta de fazer: servir com excel\u00eancia.<\/p>\n\n\n\n<p>Sobre a Academia Assa\u00ed Bons Neg\u00f3cios<br> Lan\u00e7ada em outubro de 2017, a Academia Assa\u00ed Bons Neg\u00f3cios, programa do Assa\u00ed Atacadista por meio do Instituto GPA, bra\u00e7o social do grupo, oferece capacita\u00e7\u00f5es presenciais, workshops e uma plataforma de aulas on-line com conte\u00fado 100% gratuito. Todo o conte\u00fado \u00e9 focado nas necessidades espec\u00edficas do microempreendedor de alimentos, com orienta\u00e7\u00f5es pr\u00e1ticas e exemplos direcionados de f\u00e1cil aprendizado e aplica\u00e7\u00e3o no neg\u00f3cio, al\u00e9m de apoio a organiza\u00e7\u00f5es sociais que fomentam o microempreendedorismo local.<br> Link para a plataforma: <a href=\"http:\/\/www.academiaassai.com.br\" target=\"_blank\" rel=\"noreferrer noopener\" aria-label=\"www.academiaassai.com.br (abre numa nova aba)\">www.academiaassai.com.br<\/a><\/p>\n","protected":false},"excerpt":{"rendered":"<p>Entre os dias 15 de abril e 17 de maio, empreendedores do setor de alimentos de todo o Brasil ter\u00e3o a oportunidade de potencializar seus neg\u00f3cios e concorrer \u00e0 premia\u00e7\u00e3o de at\u00e9 20 mil reais Microempreendedores do ramo aliment\u00edcio ter\u00e3o a oportunidade de desenvolver e aprimorar compet\u00eancias na gest\u00e3o de seus neg\u00f3cios se inscrevendo na [&hellip;]<\/p>\n","protected":false},"author":1,"featured_media":7839,"comment_status":"open","ping_status":"open","sticky":false,"template":"","format":"standard","meta":{"tdm_status":"","tdm_grid_status":"","footnotes":""},"categories":[6],"tags":[203,308,33,28],"class_list":["post-7838","post","type-post","status-publish","format-standard","has-post-thumbnail","hentry","category-noticias","tag-assai","tag-comunicacao","tag-estrategia","tag-marketing"],"yoast_head":"<!-- This site is optimized with the Yoast SEO plugin v27.5 - https:\/\/yoast.com\/product\/yoast-seo-wordpress\/ -->\n<title>Inscri\u00e7\u00f5es abertas para a 2\u00aa edi\u00e7\u00e3o do Pr\u00eamio Academia Assa\u00ed Bons Neg\u00f3cios - CidadeMarketing<\/title>\n<meta name=\"robots\" content=\"index, follow, max-snippet:-1, max-image-preview:large, max-video-preview:-1\" \/>\n<link rel=\"canonical\" href=\"https:\/\/www.cidademarketing.com.br\/marketing\/2019\/04\/23\/inscricoes-abertas-para-a-2a-edicao-do-premio-academia-assai-bons-negocios\/\" \/>\n<meta property=\"og:locale\" content=\"pt_BR\" \/>\n<meta property=\"og:type\" content=\"article\" \/>\n<meta property=\"og:title\" content=\"Inscri\u00e7\u00f5es abertas para a 2\u00aa edi\u00e7\u00e3o do Pr\u00eamio Academia Assa\u00ed Bons Neg\u00f3cios - CidadeMarketing\" \/>\n<meta property=\"og:description\" content=\"Entre os dias 15 de abril e 17 de maio, empreendedores do setor de alimentos de todo o Brasil ter\u00e3o a oportunidade de potencializar seus neg\u00f3cios e concorrer \u00e0 premia\u00e7\u00e3o de at\u00e9 20 mil reais Microempreendedores do ramo aliment\u00edcio ter\u00e3o a oportunidade de desenvolver e aprimorar compet\u00eancias na gest\u00e3o de seus neg\u00f3cios se inscrevendo na [&hellip;]\" \/>\n<meta property=\"og:url\" content=\"https:\/\/www.cidademarketing.com.br\/marketing\/2019\/04\/23\/inscricoes-abertas-para-a-2a-edicao-do-premio-academia-assai-bons-negocios\/\" \/>\n<meta property=\"og:site_name\" content=\"CidadeMarketing\" \/>\n<meta property=\"article:publisher\" content=\"https:\/\/www.facebook.com\/portalcidademarketing\" \/>\n<meta property=\"article:author\" content=\"https:\/\/www.facebook.com\/thalesbrandao\" \/>\n<meta property=\"article:published_time\" content=\"2019-04-24T01:21:02+00:00\" \/>\n<meta property=\"article:modified_time\" content=\"2019-04-24T01:21:06+00:00\" \/>\n<meta property=\"og:image\" content=\"https:\/\/www.cidademarketing.com.br\/marketing\/wp-content\/uploads\/2019\/04\/assai_empreendedorismo.jpg\" \/>\n\t<meta property=\"og:image:width\" content=\"900\" \/>\n\t<meta property=\"og:image:height\" content=\"297\" \/>\n\t<meta property=\"og:image:type\" content=\"image\/jpeg\" \/>\n<meta name=\"author\" content=\"Thales Brand\u00e3o\" \/>\n<meta name=\"twitter:card\" content=\"summary_large_image\" \/>\n<meta name=\"twitter:creator\" content=\"@http:\/\/www.twitter.com\/thalesbrandao\" \/>\n<meta name=\"twitter:site\" content=\"@CidadeMarketing\" \/>\n<meta name=\"twitter:label1\" content=\"Escrito por\" \/>\n\t<meta name=\"twitter:data1\" content=\"Thales Brand\u00e3o\" \/>\n\t<meta name=\"twitter:label2\" content=\"Est. tempo de leitura\" \/>\n\t<meta name=\"twitter:data2\" content=\"4 minutos\" \/>\n<script type=\"application\/ld+json\" class=\"yoast-schema-graph\">{\"@context\":\"https:\\\/\\\/schema.org\",\"@graph\":[{\"@type\":\"Article\",\"@id\":\"https:\\\/\\\/www.cidademarketing.com.br\\\/marketing\\\/2019\\\/04\\\/23\\\/inscricoes-abertas-para-a-2a-edicao-do-premio-academia-assai-bons-negocios\\\/#article\",\"isPartOf\":{\"@id\":\"https:\\\/\\\/www.cidademarketing.com.br\\\/marketing\\\/2019\\\/04\\\/23\\\/inscricoes-abertas-para-a-2a-edicao-do-premio-academia-assai-bons-negocios\\\/\"},\"author\":{\"name\":\"Thales Brand\u00e3o\",\"@id\":\"https:\\\/\\\/www.cidademarketing.com.br\\\/marketing\\\/#\\\/schema\\\/person\\\/02daff9f18bd9378c9e01eb6b2db155f\"},\"headline\":\"Inscri\u00e7\u00f5es abertas para a 2\u00aa edi\u00e7\u00e3o do Pr\u00eamio Academia Assa\u00ed Bons Neg\u00f3cios\",\"datePublished\":\"2019-04-24T01:21:02+00:00\",\"dateModified\":\"2019-04-24T01:21:06+00:00\",\"mainEntityOfPage\":{\"@id\":\"https:\\\/\\\/www.cidademarketing.com.br\\\/marketing\\\/2019\\\/04\\\/23\\\/inscricoes-abertas-para-a-2a-edicao-do-premio-academia-assai-bons-negocios\\\/\"},\"wordCount\":775,\"commentCount\":0,\"publisher\":{\"@id\":\"https:\\\/\\\/www.cidademarketing.com.br\\\/marketing\\\/#organization\"},\"image\":{\"@id\":\"https:\\\/\\\/www.cidademarketing.com.br\\\/marketing\\\/2019\\\/04\\\/23\\\/inscricoes-abertas-para-a-2a-edicao-do-premio-academia-assai-bons-negocios\\\/#primaryimage\"},\"thumbnailUrl\":\"https:\\\/\\\/www.cidademarketing.com.br\\\/marketing\\\/wp-content\\\/uploads\\\/2019\\\/04\\\/assai_empreendedorismo.jpg\",\"keywords\":[\"Assa\u00ed\",\"comunica\u00e7\u00e3o\",\"estrat\u00e9gia\",\"marketing\"],\"articleSection\":[\"Not\u00edcias\"],\"inLanguage\":\"pt-BR\",\"potentialAction\":[{\"@type\":\"CommentAction\",\"name\":\"Comment\",\"target\":[\"https:\\\/\\\/www.cidademarketing.com.br\\\/marketing\\\/2019\\\/04\\\/23\\\/inscricoes-abertas-para-a-2a-edicao-do-premio-academia-assai-bons-negocios\\\/#respond\"]}]},{\"@type\":\"WebPage\",\"@id\":\"https:\\\/\\\/www.cidademarketing.com.br\\\/marketing\\\/2019\\\/04\\\/23\\\/inscricoes-abertas-para-a-2a-edicao-do-premio-academia-assai-bons-negocios\\\/\",\"url\":\"https:\\\/\\\/www.cidademarketing.com.br\\\/marketing\\\/2019\\\/04\\\/23\\\/inscricoes-abertas-para-a-2a-edicao-do-premio-academia-assai-bons-negocios\\\/\",\"name\":\"Inscri\u00e7\u00f5es abertas para a 2\u00aa edi\u00e7\u00e3o do Pr\u00eamio Academia Assa\u00ed Bons Neg\u00f3cios - CidadeMarketing\",\"isPartOf\":{\"@id\":\"https:\\\/\\\/www.cidademarketing.com.br\\\/marketing\\\/#website\"},\"primaryImageOfPage\":{\"@id\":\"https:\\\/\\\/www.cidademarketing.com.br\\\/marketing\\\/2019\\\/04\\\/23\\\/inscricoes-abertas-para-a-2a-edicao-do-premio-academia-assai-bons-negocios\\\/#primaryimage\"},\"image\":{\"@id\":\"https:\\\/\\\/www.cidademarketing.com.br\\\/marketing\\\/2019\\\/04\\\/23\\\/inscricoes-abertas-para-a-2a-edicao-do-premio-academia-assai-bons-negocios\\\/#primaryimage\"},\"thumbnailUrl\":\"https:\\\/\\\/www.cidademarketing.com.br\\\/marketing\\\/wp-content\\\/uploads\\\/2019\\\/04\\\/assai_empreendedorismo.jpg\",\"datePublished\":\"2019-04-24T01:21:02+00:00\",\"dateModified\":\"2019-04-24T01:21:06+00:00\",\"breadcrumb\":{\"@id\":\"https:\\\/\\\/www.cidademarketing.com.br\\\/marketing\\\/2019\\\/04\\\/23\\\/inscricoes-abertas-para-a-2a-edicao-do-premio-academia-assai-bons-negocios\\\/#breadcrumb\"},\"inLanguage\":\"pt-BR\",\"potentialAction\":[{\"@type\":\"ReadAction\",\"target\":[\"https:\\\/\\\/www.cidademarketing.com.br\\\/marketing\\\/2019\\\/04\\\/23\\\/inscricoes-abertas-para-a-2a-edicao-do-premio-academia-assai-bons-negocios\\\/\"]}]},{\"@type\":\"ImageObject\",\"inLanguage\":\"pt-BR\",\"@id\":\"https:\\\/\\\/www.cidademarketing.com.br\\\/marketing\\\/2019\\\/04\\\/23\\\/inscricoes-abertas-para-a-2a-edicao-do-premio-academia-assai-bons-negocios\\\/#primaryimage\",\"url\":\"https:\\\/\\\/www.cidademarketing.com.br\\\/marketing\\\/wp-content\\\/uploads\\\/2019\\\/04\\\/assai_empreendedorismo.jpg\",\"contentUrl\":\"https:\\\/\\\/www.cidademarketing.com.br\\\/marketing\\\/wp-content\\\/uploads\\\/2019\\\/04\\\/assai_empreendedorismo.jpg\",\"width\":900,\"height\":297,\"caption\":\"Divulga\u00e7\u00e3o\"},{\"@type\":\"BreadcrumbList\",\"@id\":\"https:\\\/\\\/www.cidademarketing.com.br\\\/marketing\\\/2019\\\/04\\\/23\\\/inscricoes-abertas-para-a-2a-edicao-do-premio-academia-assai-bons-negocios\\\/#breadcrumb\",\"itemListElement\":[{\"@type\":\"ListItem\",\"position\":1,\"name\":\"In\u00edcio\",\"item\":\"https:\\\/\\\/www.cidademarketing.com.br\\\/marketing\\\/\"},{\"@type\":\"ListItem\",\"position\":2,\"name\":\"Inscri\u00e7\u00f5es abertas para a 2\u00aa edi\u00e7\u00e3o do Pr\u00eamio Academia Assa\u00ed Bons Neg\u00f3cios\"}]},{\"@type\":\"WebSite\",\"@id\":\"https:\\\/\\\/www.cidademarketing.com.br\\\/marketing\\\/#website\",\"url\":\"https:\\\/\\\/www.cidademarketing.com.br\\\/marketing\\\/\",\"name\":\"CidadeMarketing\",\"description\":\"Somos um ve\u00edculo de comunica\u00e7\u00e3o de destaque no Brasil, reconhecido por conte\u00fados nos segmentos de marketing, empreendedorismo e inova\u00e7\u00e3o.\",\"publisher\":{\"@id\":\"https:\\\/\\\/www.cidademarketing.com.br\\\/marketing\\\/#organization\"},\"alternateName\":\"CidadeMarketing\",\"potentialAction\":[{\"@type\":\"SearchAction\",\"target\":{\"@type\":\"EntryPoint\",\"urlTemplate\":\"https:\\\/\\\/www.cidademarketing.com.br\\\/marketing\\\/?s={search_term_string}\"},\"query-input\":{\"@type\":\"PropertyValueSpecification\",\"valueRequired\":true,\"valueName\":\"search_term_string\"}}],\"inLanguage\":\"pt-BR\"},{\"@type\":\"Organization\",\"@id\":\"https:\\\/\\\/www.cidademarketing.com.br\\\/marketing\\\/#organization\",\"name\":\"CidadeMarketing\",\"alternateName\":\"CidadeMarketing\",\"url\":\"https:\\\/\\\/www.cidademarketing.com.br\\\/marketing\\\/\",\"logo\":{\"@type\":\"ImageObject\",\"inLanguage\":\"pt-BR\",\"@id\":\"https:\\\/\\\/www.cidademarketing.com.br\\\/marketing\\\/#\\\/schema\\\/logo\\\/image\\\/\",\"url\":\"https:\\\/\\\/www.cidademarketing.com.br\\\/marketing\\\/wp-content\\\/uploads\\\/2020\\\/01\\\/cidademarketing_marca_mobile.png\",\"contentUrl\":\"https:\\\/\\\/www.cidademarketing.com.br\\\/marketing\\\/wp-content\\\/uploads\\\/2020\\\/01\\\/cidademarketing_marca_mobile.png\",\"width\":230,\"height\":92,\"caption\":\"CidadeMarketing\"},\"image\":{\"@id\":\"https:\\\/\\\/www.cidademarketing.com.br\\\/marketing\\\/#\\\/schema\\\/logo\\\/image\\\/\"},\"sameAs\":[\"https:\\\/\\\/www.facebook.com\\\/portalcidademarketing\",\"https:\\\/\\\/x.com\\\/CidadeMarketing\",\"https:\\\/\\\/www.instagram.com\\\/cidademarketing\\\/\"]},{\"@type\":\"Person\",\"@id\":\"https:\\\/\\\/www.cidademarketing.com.br\\\/marketing\\\/#\\\/schema\\\/person\\\/02daff9f18bd9378c9e01eb6b2db155f\",\"name\":\"Thales Brand\u00e3o\",\"image\":{\"@type\":\"ImageObject\",\"inLanguage\":\"pt-BR\",\"@id\":\"https:\\\/\\\/secure.gravatar.com\\\/avatar\\\/7ca3206950207cc3cb48feec56a8a7898741ab725c368d99d5d7a5a50aab80c6?s=96&d=mm&r=g\",\"url\":\"https:\\\/\\\/secure.gravatar.com\\\/avatar\\\/7ca3206950207cc3cb48feec56a8a7898741ab725c368d99d5d7a5a50aab80c6?s=96&d=mm&r=g\",\"contentUrl\":\"https:\\\/\\\/secure.gravatar.com\\\/avatar\\\/7ca3206950207cc3cb48feec56a8a7898741ab725c368d99d5d7a5a50aab80c6?s=96&d=mm&r=g\",\"caption\":\"Thales Brand\u00e3o\"},\"description\":\"Editor Executivo do Portal CidadeMarketing.com.br &gt; Mestre em Comunica\u00e7\u00e3o e Sociedade pela Universidade Federal de Sergipe. Possui MBA Executivo em Administra\u00e7\u00e3o com \u00eanfase em Marketing pela Funda\u00e7\u00e3o Get\u00falio Vargas - Rio de Janeiro. Consultor, Palestrante e Pesquisador sobre Empreendedorismo, Marketing, Redes Sociais e Neg\u00f3cios Digitais. Professor, Palestrante TedxTalks e Campus Party. Twitter: @ThalesBrandao\",\"sameAs\":[\"http:\\\/\\\/www.mandacaru.com.br\",\"https:\\\/\\\/www.facebook.com\\\/thalesbrandao\",\"http:\\\/\\\/www.instagram.com.br\\\/thalesbrandaoferreira\",\"https:\\\/\\\/www.linkedin.com\\\/in\\\/thales-brand\u00e3o-3948609\\\/\",\"https:\\\/\\\/x.com\\\/http:\\\/\\\/www.twitter.com\\\/thalesbrandao\"],\"url\":\"https:\\\/\\\/www.cidademarketing.com.br\\\/marketing\\\/author\\\/thalesbrandao\\\/\"}]}<\/script>\n<!-- \/ Yoast SEO plugin. -->","yoast_head_json":{"title":"Inscri\u00e7\u00f5es abertas para a 2\u00aa edi\u00e7\u00e3o do Pr\u00eamio Academia Assa\u00ed Bons Neg\u00f3cios - CidadeMarketing","robots":{"index":"index","follow":"follow","max-snippet":"max-snippet:-1","max-image-preview":"max-image-preview:large","max-video-preview":"max-video-preview:-1"},"canonical":"https:\/\/www.cidademarketing.com.br\/marketing\/2019\/04\/23\/inscricoes-abertas-para-a-2a-edicao-do-premio-academia-assai-bons-negocios\/","og_locale":"pt_BR","og_type":"article","og_title":"Inscri\u00e7\u00f5es abertas para a 2\u00aa edi\u00e7\u00e3o do Pr\u00eamio Academia Assa\u00ed Bons Neg\u00f3cios - CidadeMarketing","og_description":"Entre os dias 15 de abril e 17 de maio, empreendedores do setor de alimentos de todo o Brasil ter\u00e3o a oportunidade de potencializar seus neg\u00f3cios e concorrer \u00e0 premia\u00e7\u00e3o de at\u00e9 20 mil reais Microempreendedores do ramo aliment\u00edcio ter\u00e3o a oportunidade de desenvolver e aprimorar compet\u00eancias na gest\u00e3o de seus neg\u00f3cios se inscrevendo na [&hellip;]","og_url":"https:\/\/www.cidademarketing.com.br\/marketing\/2019\/04\/23\/inscricoes-abertas-para-a-2a-edicao-do-premio-academia-assai-bons-negocios\/","og_site_name":"CidadeMarketing","article_publisher":"https:\/\/www.facebook.com\/portalcidademarketing","article_author":"https:\/\/www.facebook.com\/thalesbrandao","article_published_time":"2019-04-24T01:21:02+00:00","article_modified_time":"2019-04-24T01:21:06+00:00","og_image":[{"width":900,"height":297,"url":"https:\/\/www.cidademarketing.com.br\/marketing\/wp-content\/uploads\/2019\/04\/assai_empreendedorismo.jpg","type":"image\/jpeg"}],"author":"Thales Brand\u00e3o","twitter_card":"summary_large_image","twitter_creator":"@http:\/\/www.twitter.com\/thalesbrandao","twitter_site":"@CidadeMarketing","twitter_misc":{"Escrito por":"Thales Brand\u00e3o","Est. tempo de leitura":"4 minutos"},"schema":{"@context":"https:\/\/schema.org","@graph":[{"@type":"Article","@id":"https:\/\/www.cidademarketing.com.br\/marketing\/2019\/04\/23\/inscricoes-abertas-para-a-2a-edicao-do-premio-academia-assai-bons-negocios\/#article","isPartOf":{"@id":"https:\/\/www.cidademarketing.com.br\/marketing\/2019\/04\/23\/inscricoes-abertas-para-a-2a-edicao-do-premio-academia-assai-bons-negocios\/"},"author":{"name":"Thales Brand\u00e3o","@id":"https:\/\/www.cidademarketing.com.br\/marketing\/#\/schema\/person\/02daff9f18bd9378c9e01eb6b2db155f"},"headline":"Inscri\u00e7\u00f5es abertas para a 2\u00aa edi\u00e7\u00e3o do Pr\u00eamio Academia Assa\u00ed Bons Neg\u00f3cios","datePublished":"2019-04-24T01:21:02+00:00","dateModified":"2019-04-24T01:21:06+00:00","mainEntityOfPage":{"@id":"https:\/\/www.cidademarketing.com.br\/marketing\/2019\/04\/23\/inscricoes-abertas-para-a-2a-edicao-do-premio-academia-assai-bons-negocios\/"},"wordCount":775,"commentCount":0,"publisher":{"@id":"https:\/\/www.cidademarketing.com.br\/marketing\/#organization"},"image":{"@id":"https:\/\/www.cidademarketing.com.br\/marketing\/2019\/04\/23\/inscricoes-abertas-para-a-2a-edicao-do-premio-academia-assai-bons-negocios\/#primaryimage"},"thumbnailUrl":"https:\/\/www.cidademarketing.com.br\/marketing\/wp-content\/uploads\/2019\/04\/assai_empreendedorismo.jpg","keywords":["Assa\u00ed","comunica\u00e7\u00e3o","estrat\u00e9gia","marketing"],"articleSection":["Not\u00edcias"],"inLanguage":"pt-BR","potentialAction":[{"@type":"CommentAction","name":"Comment","target":["https:\/\/www.cidademarketing.com.br\/marketing\/2019\/04\/23\/inscricoes-abertas-para-a-2a-edicao-do-premio-academia-assai-bons-negocios\/#respond"]}]},{"@type":"WebPage","@id":"https:\/\/www.cidademarketing.com.br\/marketing\/2019\/04\/23\/inscricoes-abertas-para-a-2a-edicao-do-premio-academia-assai-bons-negocios\/","url":"https:\/\/www.cidademarketing.com.br\/marketing\/2019\/04\/23\/inscricoes-abertas-para-a-2a-edicao-do-premio-academia-assai-bons-negocios\/","name":"Inscri\u00e7\u00f5es abertas para a 2\u00aa edi\u00e7\u00e3o do Pr\u00eamio Academia Assa\u00ed Bons Neg\u00f3cios - CidadeMarketing","isPartOf":{"@id":"https:\/\/www.cidademarketing.com.br\/marketing\/#website"},"primaryImageOfPage":{"@id":"https:\/\/www.cidademarketing.com.br\/marketing\/2019\/04\/23\/inscricoes-abertas-para-a-2a-edicao-do-premio-academia-assai-bons-negocios\/#primaryimage"},"image":{"@id":"https:\/\/www.cidademarketing.com.br\/marketing\/2019\/04\/23\/inscricoes-abertas-para-a-2a-edicao-do-premio-academia-assai-bons-negocios\/#primaryimage"},"thumbnailUrl":"https:\/\/www.cidademarketing.com.br\/marketing\/wp-content\/uploads\/2019\/04\/assai_empreendedorismo.jpg","datePublished":"2019-04-24T01:21:02+00:00","dateModified":"2019-04-24T01:21:06+00:00","breadcrumb":{"@id":"https:\/\/www.cidademarketing.com.br\/marketing\/2019\/04\/23\/inscricoes-abertas-para-a-2a-edicao-do-premio-academia-assai-bons-negocios\/#breadcrumb"},"inLanguage":"pt-BR","potentialAction":[{"@type":"ReadAction","target":["https:\/\/www.cidademarketing.com.br\/marketing\/2019\/04\/23\/inscricoes-abertas-para-a-2a-edicao-do-premio-academia-assai-bons-negocios\/"]}]},{"@type":"ImageObject","inLanguage":"pt-BR","@id":"https:\/\/www.cidademarketing.com.br\/marketing\/2019\/04\/23\/inscricoes-abertas-para-a-2a-edicao-do-premio-academia-assai-bons-negocios\/#primaryimage","url":"https:\/\/www.cidademarketing.com.br\/marketing\/wp-content\/uploads\/2019\/04\/assai_empreendedorismo.jpg","contentUrl":"https:\/\/www.cidademarketing.com.br\/marketing\/wp-content\/uploads\/2019\/04\/assai_empreendedorismo.jpg","width":900,"height":297,"caption":"Divulga\u00e7\u00e3o"},{"@type":"BreadcrumbList","@id":"https:\/\/www.cidademarketing.com.br\/marketing\/2019\/04\/23\/inscricoes-abertas-para-a-2a-edicao-do-premio-academia-assai-bons-negocios\/#breadcrumb","itemListElement":[{"@type":"ListItem","position":1,"name":"In\u00edcio","item":"https:\/\/www.cidademarketing.com.br\/marketing\/"},{"@type":"ListItem","position":2,"name":"Inscri\u00e7\u00f5es abertas para a 2\u00aa edi\u00e7\u00e3o do Pr\u00eamio Academia Assa\u00ed Bons Neg\u00f3cios"}]},{"@type":"WebSite","@id":"https:\/\/www.cidademarketing.com.br\/marketing\/#website","url":"https:\/\/www.cidademarketing.com.br\/marketing\/","name":"CidadeMarketing","description":"Somos um ve\u00edculo de comunica\u00e7\u00e3o de destaque no Brasil, reconhecido por conte\u00fados nos segmentos de marketing, empreendedorismo e inova\u00e7\u00e3o.","publisher":{"@id":"https:\/\/www.cidademarketing.com.br\/marketing\/#organization"},"alternateName":"CidadeMarketing","potentialAction":[{"@type":"SearchAction","target":{"@type":"EntryPoint","urlTemplate":"https:\/\/www.cidademarketing.com.br\/marketing\/?s={search_term_string}"},"query-input":{"@type":"PropertyValueSpecification","valueRequired":true,"valueName":"search_term_string"}}],"inLanguage":"pt-BR"},{"@type":"Organization","@id":"https:\/\/www.cidademarketing.com.br\/marketing\/#organization","name":"CidadeMarketing","alternateName":"CidadeMarketing","url":"https:\/\/www.cidademarketing.com.br\/marketing\/","logo":{"@type":"ImageObject","inLanguage":"pt-BR","@id":"https:\/\/www.cidademarketing.com.br\/marketing\/#\/schema\/logo\/image\/","url":"https:\/\/www.cidademarketing.com.br\/marketing\/wp-content\/uploads\/2020\/01\/cidademarketing_marca_mobile.png","contentUrl":"https:\/\/www.cidademarketing.com.br\/marketing\/wp-content\/uploads\/2020\/01\/cidademarketing_marca_mobile.png","width":230,"height":92,"caption":"CidadeMarketing"},"image":{"@id":"https:\/\/www.cidademarketing.com.br\/marketing\/#\/schema\/logo\/image\/"},"sameAs":["https:\/\/www.facebook.com\/portalcidademarketing","https:\/\/x.com\/CidadeMarketing","https:\/\/www.instagram.com\/cidademarketing\/"]},{"@type":"Person","@id":"https:\/\/www.cidademarketing.com.br\/marketing\/#\/schema\/person\/02daff9f18bd9378c9e01eb6b2db155f","name":"Thales Brand\u00e3o","image":{"@type":"ImageObject","inLanguage":"pt-BR","@id":"https:\/\/secure.gravatar.com\/avatar\/7ca3206950207cc3cb48feec56a8a7898741ab725c368d99d5d7a5a50aab80c6?s=96&d=mm&r=g","url":"https:\/\/secure.gravatar.com\/avatar\/7ca3206950207cc3cb48feec56a8a7898741ab725c368d99d5d7a5a50aab80c6?s=96&d=mm&r=g","contentUrl":"https:\/\/secure.gravatar.com\/avatar\/7ca3206950207cc3cb48feec56a8a7898741ab725c368d99d5d7a5a50aab80c6?s=96&d=mm&r=g","caption":"Thales Brand\u00e3o"},"description":"Editor Executivo do Portal CidadeMarketing.com.br &gt; Mestre em Comunica\u00e7\u00e3o e Sociedade pela Universidade Federal de Sergipe. Possui MBA Executivo em Administra\u00e7\u00e3o com \u00eanfase em Marketing pela Funda\u00e7\u00e3o Get\u00falio Vargas - Rio de Janeiro. Consultor, Palestrante e Pesquisador sobre Empreendedorismo, Marketing, Redes Sociais e Neg\u00f3cios Digitais. Professor, Palestrante TedxTalks e Campus Party. Twitter: @ThalesBrandao","sameAs":["http:\/\/www.mandacaru.com.br","https:\/\/www.facebook.com\/thalesbrandao","http:\/\/www.instagram.com.br\/thalesbrandaoferreira","https:\/\/www.linkedin.com\/in\/thales-brand\u00e3o-3948609\/","https:\/\/x.com\/http:\/\/www.twitter.com\/thalesbrandao"],"url":"https:\/\/www.cidademarketing.com.br\/marketing\/author\/thalesbrandao\/"}]}},"amp_enabled":true,"_links":{"self":[{"href":"https:\/\/www.cidademarketing.com.br\/marketing\/wp-json\/wp\/v2\/posts\/7838","targetHints":{"allow":["GET"]}}],"collection":[{"href":"https:\/\/www.cidademarketing.com.br\/marketing\/wp-json\/wp\/v2\/posts"}],"about":[{"href":"https:\/\/www.cidademarketing.com.br\/marketing\/wp-json\/wp\/v2\/types\/post"}],"author":[{"embeddable":true,"href":"https:\/\/www.cidademarketing.com.br\/marketing\/wp-json\/wp\/v2\/users\/1"}],"replies":[{"embeddable":true,"href":"https:\/\/www.cidademarketing.com.br\/marketing\/wp-json\/wp\/v2\/comments?post=7838"}],"version-history":[{"count":1,"href":"https:\/\/www.cidademarketing.com.br\/marketing\/wp-json\/wp\/v2\/posts\/7838\/revisions"}],"predecessor-version":[{"id":7840,"href":"https:\/\/www.cidademarketing.com.br\/marketing\/wp-json\/wp\/v2\/posts\/7838\/revisions\/7840"}],"wp:featuredmedia":[{"embeddable":true,"href":"https:\/\/www.cidademarketing.com.br\/marketing\/wp-json\/wp\/v2\/media\/7839"}],"wp:attachment":[{"href":"https:\/\/www.cidademarketing.com.br\/marketing\/wp-json\/wp\/v2\/media?parent=7838"}],"wp:term":[{"taxonomy":"category","embeddable":true,"href":"https:\/\/www.cidademarketing.com.br\/marketing\/wp-json\/wp\/v2\/categories?post=7838"},{"taxonomy":"post_tag","embeddable":true,"href":"https:\/\/www.cidademarketing.com.br\/marketing\/wp-json\/wp\/v2\/tags?post=7838"}],"curies":[{"name":"wp","href":"https:\/\/api.w.org\/{rel}","templated":true}]}}