{"id":7833,"date":"2019-04-23T20:18:21","date_gmt":"2019-04-23T23:18:21","guid":{"rendered":"http:\/\/www.cidademarketing.com.br\/marketing\/?p=7833"},"modified":"2019-04-23T20:19:08","modified_gmt":"2019-04-23T23:19:08","slug":"em-5-anos-de-operacoes-na-bahia-grupo-boticario-dispoe-de-um-dos-parques-produtivos-mais-modernos-do-mundo","status":"publish","type":"post","link":"https:\/\/www.cidademarketing.com.br\/marketing\/2019\/04\/23\/em-5-anos-de-operacoes-na-bahia-grupo-boticario-dispoe-de-um-dos-parques-produtivos-mais-modernos-do-mundo\/","title":{"rendered":"Em 5 anos de opera\u00e7\u00f5es na Bahia, Grupo Botic\u00e1rio disp\u00f5e de um dos parques produtivos mais modernos do mundo"},"content":{"rendered":"\n<p>O\nGrupo Botic\u00e1rio, refer\u00eancia no varejo de beleza e detentora das marcas O\nBotic\u00e1rio, Eudora, <em>quem disse, berenice?<\/em>, The Beauty\nBox, Multi B e Vult, completa cinco anos em opera\u00e7\u00e3o na Bahia. Desde 2014, o\nGrupo avan\u00e7ou significativamente em automa\u00e7\u00e3o, conquistou reconhecimento\ninternacional em tecnologia, inova\u00e7\u00e3o e automa\u00e7\u00e3o no setor de cosm\u00e9ticos e vem\ncriando oportunidades na regi\u00e3o, com iniciativas socioambientais nas\ncomunidades onde atua.<\/p>\n\n\n\n<p>O\ninvestimento inicial para implanta\u00e7\u00e3o de duas unidades operacionais no Estado &#8211;\numa f\u00e1brica no Polo Industrial de Cama\u00e7ari e um Centro de Distribui\u00e7\u00e3o em S\u00e3o\nGon\u00e7alo dos Campos &#8211; foi de R$ 732 milh\u00f5es, montante que permitiu \u00e0 empresa a\ninstala\u00e7\u00e3o de um dos maiores parques de produ\u00e7\u00e3o de cosm\u00e9ticos do Pa\u00eds.<\/p>\n\n\n\n<p>A\nf\u00e1brica foi projetada com equipamentos de \u00faltima gera\u00e7\u00e3o e alto grau de\nautoma\u00e7\u00e3o, o que confere ao Grupo Botic\u00e1rio capacidade de produ\u00e7\u00e3o de grandes\nlotes, em menor tempo e com alta produtividade. Um dos destaques vai para rob\u00f4s\ncapazes de realizar a coloca\u00e7\u00e3o de tampas em fragr\u00e2ncias como o Malbec, que tem\nsua produ\u00e7\u00e3o toda automatizada, do in\u00edcio ao fim, e hoje figura entre os\nprodutos mais vendidos do portf\u00f3lio do Grupo. Os modernos maquin\u00e1rios\nfacilitam, ainda, a gest\u00e3o da informa\u00e7\u00e3o, o acompanhamento de estat\u00edsticas e\nr\u00e1pidos diagn\u00f3sticos, tanto remotos quanto em tempo real.<\/p>\n\n\n\n<p>Desde\n2014, j\u00e1 foram produzidos mais de 215 milh\u00f5es de frascos de fragr\u00e2ncias e\nenvasados mais de 24 milh\u00f5es de potes de creme. Hoje, atendendo a 50% da\ndemanda do Grupo, a unidade de Cama\u00e7ari tem capacidade para produzir at\u00e9 150\nmilh\u00f5es de itens por ano e foi projetada para 12 linhas de perfumaria e nove de\ncuidados pessoais (cremes, lo\u00e7\u00f5es e shampoos). A f\u00e1brica tamb\u00e9m tem tr\u00eas linhas\nde estojos presente\u00e1veis que n\u00e3o faziam parte do projeto original, pois essa\nprodu\u00e7\u00e3o acontecia fora das instala\u00e7\u00f5es do Grupo.<\/p>\n\n\n\n<p>Assim\ncomo a f\u00e1brica, a tecnologia e a inova\u00e7\u00e3o presentes no Centro de\nDistribui\u00e7\u00e3o,&nbsp; alocado em S\u00e3o Gon\u00e7alo dos Campos, tamb\u00e9m foram fatores de\nreconhecimento internacional, principalmente no processo de separa\u00e7\u00e3o de\nvolumes fracionados. O projeto, desde a concep\u00e7\u00e3o, teve foco em distribui\u00e7\u00e3o\ncom efici\u00eancia m\u00e1xima, reduzindo o tempo de entrega dos produtos para rede\nfranqueada e para revendedores. Atualmente, a unidade operacional alcan\u00e7ou o\nrecorde de separa\u00e7\u00e3o de mais de 1,4 milh\u00e3o de pe\u00e7as em um \u00fanico dia.\nEquipamentos ultra modernos permitem, por exemplo, a capacidade de expedi\u00e7\u00e3o de\n1.800 caixas de produtos e a separa\u00e7\u00e3o 42 mil pe\u00e7as por hora. Desde 2014, j\u00e1\nsa\u00edram mais 15,4 milh\u00f5es de caixas para 17 estados brasileiros.<\/p>\n\n\n\n<p>\u201cCom\nposicionamento estrat\u00e9gico na produ\u00e7\u00e3o e distribui\u00e7\u00e3o para quatro regi\u00f5es do\nPa\u00eds, a opera\u00e7\u00e3o na Bahia \u00e9 motivo de satisfa\u00e7\u00e3o para o Grupo Botic\u00e1rio. Em\ncinco anos, os resultados operacionais ganharam relev\u00e2ncia \u00e0 medida que as\nopera\u00e7\u00f5es amadureceram e se consolidaram. Temos obtido excelentes indicadores e\nsabemos do potencial que ainda temos para crescimento no Estado\u201d, afirma o\ndiretor industrial, Leandro Balena.<\/p>\n\n\n\n<p><strong>Sustentabilidade e\nResponsabilidade Social<\/strong><\/p>\n\n\n\n<p>Como\nparte da estrat\u00e9gia de sustentabilidade do Grupo Botic\u00e1rio, as plantas da Bahia\nforam projetadas com atributos sustent\u00e1veis, que garantiram o pioneirismo na\nobten\u00e7\u00e3o da certifica\u00e7\u00e3o LEED (Leadership in Energy and Environmental Design),\numa das mais importantes certifica\u00e7\u00f5es de sustentabilidade do mundo. Entre os\natributos destacam-se os sistemas de efici\u00eancia energ\u00e9tica com ilumina\u00e7\u00e3o com\nsensores, redu\u00e7\u00e3o de consumo de \u00e1gua com esta\u00e7\u00e3o de tratamento e reuso e\ncapta\u00e7\u00e3o de \u00e1gua de chuva. Foram adotados sistemas de arquitetura, constru\u00e7\u00e3o e\nopera\u00e7\u00e3o que otimizam o uso dos recursos naturais e primam pela qualidade de\nvida dos colaboradores e da comunidade no entorno.<\/p>\n\n\n\n<p>Antes\nmesmo de come\u00e7ar a operar na Bahia, o Grupo Botic\u00e1rio realizou um Programa de\nCapacita\u00e7\u00e3o Profissional em parceria com o BNDES e com apoio das prefeituras de\nCama\u00e7ari e S\u00e3o Gon\u00e7alo dos Campos, com o objetivo de capacitar a m\u00e3o-de-obra e\ncriar mais oportunidades para a comunidade. O programa certificou 496 pessoas\npara atuar como auxiliar de opera\u00e7\u00e3o e auxiliar de log\u00edstica, e mais de 100\ndelas foram contratadas pelo Grupo Botic\u00e1rio ap\u00f3s a finaliza\u00e7\u00e3o do curso. Em\ncinco anos, foram criadas oportunidades para mais de 800 colaboradores, cerca\nde 70% deles moradores das cidades de Cama\u00e7ari e S\u00e3o Gon\u00e7alo dos Campos.<\/p>\n\n\n\n<p>Comprometido\nem promover o desenvolvimento das pessoas e transformar a realidade por meio da\nbeleza de empreender, o Grupo Botic\u00e1rio, em parceria com o BNDES,&nbsp; construiu\no M\u00f3dulo Vocacional Tecnol\u00f3gico (MVT) e doou para o Instituto Federal da Bahia\n(IFBA) oferecer cursos gratuitos de forma\u00e7\u00e3o em est\u00e9tica e beleza para a\ncomunidade. Desde que come\u00e7ou a funcionar, em 2016, o IFBA j\u00e1 capacitou mais de\n700 mulheres moradoras de Cama\u00e7ari nos cursos de est\u00e9tica que promoveu no MVT,\ncriando oportunidade para essas mulheres empreenderem na \u00e1rea de est\u00e9tica. <\/p>\n\n\n\n<p><strong>Grandes n\u00fameros\nda opera\u00e7\u00e3o na Bahia (2014-2018)<\/strong><\/p>\n\n\n\n<p><strong>F\u00e1brica em Cama\u00e7ari<\/strong><\/p>\n\n\n\n<ul class=\"wp-block-list\"><li>215 milh\u00f5es de\n     frascos de fragr\u00e2ncia<\/li><li>24 milh\u00f5es de\n     potes de cremes<\/li><li>25 milh\u00f5es de\n     estojos<\/li><li>3,5 milh\u00f5es de\n     litros do Malbec, fragr\u00e2ncia de O Botic\u00e1rio considerada a mais vendida no\n     mercado brasileiro<\/li><\/ul>\n\n\n\n<p><strong>Centro de Distribui\u00e7\u00e3o em\nS\u00e3o Gon\u00e7alo dos Campos<\/strong><\/p>\n\n\n\n<ul class=\"wp-block-list\"><li>Expedi\u00e7\u00e3o de\n     mais de 15,4 milh\u00f5es de caixas<\/li><li>Distribui\u00e7\u00e3o para\n     17 estados brasileiros e para outros pa\u00edses<\/li><\/ul>\n\n\n\n<p>\n\nMais\nde 9,2 mil carretas carregadas com produtos\n\n\n\n<\/p>\n","protected":false},"excerpt":{"rendered":"<p>O Grupo Botic\u00e1rio, refer\u00eancia no varejo de beleza e detentora das marcas O Botic\u00e1rio, Eudora, quem disse, berenice?, The Beauty Box, Multi B e Vult, completa cinco anos em opera\u00e7\u00e3o na Bahia. Desde 2014, o Grupo avan\u00e7ou significativamente em automa\u00e7\u00e3o, conquistou reconhecimento internacional em tecnologia, inova\u00e7\u00e3o e automa\u00e7\u00e3o no setor de cosm\u00e9ticos e vem criando [&hellip;]<\/p>\n","protected":false},"author":1,"featured_media":7834,"comment_status":"open","ping_status":"open","sticky":false,"template":"","format":"standard","meta":{"tdm_status":"","tdm_grid_status":"","footnotes":""},"categories":[6],"tags":[65,196],"class_list":["post-7833","post","type-post","status-publish","format-standard","has-post-thumbnail","hentry","category-noticias","tag-campanha","tag-o-boticario"],"yoast_head":"<!-- This site is optimized with the Yoast SEO plugin v27.4 - https:\/\/yoast.com\/product\/yoast-seo-wordpress\/ -->\n<title>Em 5 anos de opera\u00e7\u00f5es na Bahia, Grupo Botic\u00e1rio disp\u00f5e de um dos parques produtivos mais modernos do mundo - CidadeMarketing<\/title>\n<meta name=\"robots\" content=\"index, follow, max-snippet:-1, max-image-preview:large, max-video-preview:-1\" \/>\n<link rel=\"canonical\" href=\"https:\/\/www.cidademarketing.com.br\/marketing\/2019\/04\/23\/em-5-anos-de-operacoes-na-bahia-grupo-boticario-dispoe-de-um-dos-parques-produtivos-mais-modernos-do-mundo\/\" \/>\n<meta property=\"og:locale\" content=\"pt_BR\" \/>\n<meta property=\"og:type\" content=\"article\" \/>\n<meta property=\"og:title\" content=\"Em 5 anos de opera\u00e7\u00f5es na Bahia, Grupo Botic\u00e1rio disp\u00f5e de um dos parques produtivos mais modernos do mundo - CidadeMarketing\" \/>\n<meta property=\"og:description\" content=\"O Grupo Botic\u00e1rio, refer\u00eancia no varejo de beleza e detentora das marcas O Botic\u00e1rio, Eudora, quem disse, berenice?, The Beauty Box, Multi B e Vult, completa cinco anos em opera\u00e7\u00e3o na Bahia. Desde 2014, o Grupo avan\u00e7ou significativamente em automa\u00e7\u00e3o, conquistou reconhecimento internacional em tecnologia, inova\u00e7\u00e3o e automa\u00e7\u00e3o no setor de cosm\u00e9ticos e vem criando [&hellip;]\" \/>\n<meta property=\"og:url\" content=\"https:\/\/www.cidademarketing.com.br\/marketing\/2019\/04\/23\/em-5-anos-de-operacoes-na-bahia-grupo-boticario-dispoe-de-um-dos-parques-produtivos-mais-modernos-do-mundo\/\" \/>\n<meta property=\"og:site_name\" content=\"CidadeMarketing\" \/>\n<meta property=\"article:publisher\" content=\"https:\/\/www.facebook.com\/portalcidademarketing\" \/>\n<meta property=\"article:author\" content=\"https:\/\/www.facebook.com\/thalesbrandao\" \/>\n<meta property=\"article:published_time\" content=\"2019-04-23T23:18:21+00:00\" \/>\n<meta property=\"article:modified_time\" content=\"2019-04-23T23:19:08+00:00\" \/>\n<meta property=\"og:image\" content=\"https:\/\/www.cidademarketing.com.br\/marketing\/wp-content\/uploads\/2019\/04\/oboticario_producaoautomatizada-1024x683.jpg\" \/>\n\t<meta property=\"og:image:width\" content=\"1024\" \/>\n\t<meta property=\"og:image:height\" content=\"683\" \/>\n\t<meta property=\"og:image:type\" content=\"image\/jpeg\" \/>\n<meta name=\"author\" content=\"Thales Brand\u00e3o\" \/>\n<meta name=\"twitter:card\" content=\"summary_large_image\" \/>\n<meta name=\"twitter:creator\" content=\"@http:\/\/www.twitter.com\/thalesbrandao\" \/>\n<meta name=\"twitter:site\" content=\"@CidadeMarketing\" \/>\n<meta name=\"twitter:label1\" content=\"Escrito por\" \/>\n\t<meta name=\"twitter:data1\" content=\"Thales Brand\u00e3o\" \/>\n\t<meta name=\"twitter:label2\" content=\"Est. tempo de leitura\" \/>\n\t<meta name=\"twitter:data2\" content=\"5 minutos\" \/>\n<script type=\"application\/ld+json\" class=\"yoast-schema-graph\">{\"@context\":\"https:\\\/\\\/schema.org\",\"@graph\":[{\"@type\":\"Article\",\"@id\":\"https:\\\/\\\/www.cidademarketing.com.br\\\/marketing\\\/2019\\\/04\\\/23\\\/em-5-anos-de-operacoes-na-bahia-grupo-boticario-dispoe-de-um-dos-parques-produtivos-mais-modernos-do-mundo\\\/#article\",\"isPartOf\":{\"@id\":\"https:\\\/\\\/www.cidademarketing.com.br\\\/marketing\\\/2019\\\/04\\\/23\\\/em-5-anos-de-operacoes-na-bahia-grupo-boticario-dispoe-de-um-dos-parques-produtivos-mais-modernos-do-mundo\\\/\"},\"author\":{\"name\":\"Thales Brand\u00e3o\",\"@id\":\"https:\\\/\\\/www.cidademarketing.com.br\\\/marketing\\\/#\\\/schema\\\/person\\\/02daff9f18bd9378c9e01eb6b2db155f\"},\"headline\":\"Em 5 anos de opera\u00e7\u00f5es na Bahia, Grupo Botic\u00e1rio disp\u00f5e de um dos parques produtivos mais modernos do mundo\",\"datePublished\":\"2019-04-23T23:18:21+00:00\",\"dateModified\":\"2019-04-23T23:19:08+00:00\",\"mainEntityOfPage\":{\"@id\":\"https:\\\/\\\/www.cidademarketing.com.br\\\/marketing\\\/2019\\\/04\\\/23\\\/em-5-anos-de-operacoes-na-bahia-grupo-boticario-dispoe-de-um-dos-parques-produtivos-mais-modernos-do-mundo\\\/\"},\"wordCount\":979,\"commentCount\":0,\"publisher\":{\"@id\":\"https:\\\/\\\/www.cidademarketing.com.br\\\/marketing\\\/#organization\"},\"image\":{\"@id\":\"https:\\\/\\\/www.cidademarketing.com.br\\\/marketing\\\/2019\\\/04\\\/23\\\/em-5-anos-de-operacoes-na-bahia-grupo-boticario-dispoe-de-um-dos-parques-produtivos-mais-modernos-do-mundo\\\/#primaryimage\"},\"thumbnailUrl\":\"https:\\\/\\\/www.cidademarketing.com.br\\\/marketing\\\/wp-content\\\/uploads\\\/2019\\\/04\\\/oboticario_producaoautomatizada.jpg\",\"keywords\":[\"campanha\",\"O Botic\u00e1rio\"],\"articleSection\":[\"Not\u00edcias\"],\"inLanguage\":\"pt-BR\",\"potentialAction\":[{\"@type\":\"CommentAction\",\"name\":\"Comment\",\"target\":[\"https:\\\/\\\/www.cidademarketing.com.br\\\/marketing\\\/2019\\\/04\\\/23\\\/em-5-anos-de-operacoes-na-bahia-grupo-boticario-dispoe-de-um-dos-parques-produtivos-mais-modernos-do-mundo\\\/#respond\"]}]},{\"@type\":\"WebPage\",\"@id\":\"https:\\\/\\\/www.cidademarketing.com.br\\\/marketing\\\/2019\\\/04\\\/23\\\/em-5-anos-de-operacoes-na-bahia-grupo-boticario-dispoe-de-um-dos-parques-produtivos-mais-modernos-do-mundo\\\/\",\"url\":\"https:\\\/\\\/www.cidademarketing.com.br\\\/marketing\\\/2019\\\/04\\\/23\\\/em-5-anos-de-operacoes-na-bahia-grupo-boticario-dispoe-de-um-dos-parques-produtivos-mais-modernos-do-mundo\\\/\",\"name\":\"Em 5 anos de opera\u00e7\u00f5es na Bahia, Grupo Botic\u00e1rio disp\u00f5e de um dos parques produtivos mais modernos do mundo - CidadeMarketing\",\"isPartOf\":{\"@id\":\"https:\\\/\\\/www.cidademarketing.com.br\\\/marketing\\\/#website\"},\"primaryImageOfPage\":{\"@id\":\"https:\\\/\\\/www.cidademarketing.com.br\\\/marketing\\\/2019\\\/04\\\/23\\\/em-5-anos-de-operacoes-na-bahia-grupo-boticario-dispoe-de-um-dos-parques-produtivos-mais-modernos-do-mundo\\\/#primaryimage\"},\"image\":{\"@id\":\"https:\\\/\\\/www.cidademarketing.com.br\\\/marketing\\\/2019\\\/04\\\/23\\\/em-5-anos-de-operacoes-na-bahia-grupo-boticario-dispoe-de-um-dos-parques-produtivos-mais-modernos-do-mundo\\\/#primaryimage\"},\"thumbnailUrl\":\"https:\\\/\\\/www.cidademarketing.com.br\\\/marketing\\\/wp-content\\\/uploads\\\/2019\\\/04\\\/oboticario_producaoautomatizada.jpg\",\"datePublished\":\"2019-04-23T23:18:21+00:00\",\"dateModified\":\"2019-04-23T23:19:08+00:00\",\"breadcrumb\":{\"@id\":\"https:\\\/\\\/www.cidademarketing.com.br\\\/marketing\\\/2019\\\/04\\\/23\\\/em-5-anos-de-operacoes-na-bahia-grupo-boticario-dispoe-de-um-dos-parques-produtivos-mais-modernos-do-mundo\\\/#breadcrumb\"},\"inLanguage\":\"pt-BR\",\"potentialAction\":[{\"@type\":\"ReadAction\",\"target\":[\"https:\\\/\\\/www.cidademarketing.com.br\\\/marketing\\\/2019\\\/04\\\/23\\\/em-5-anos-de-operacoes-na-bahia-grupo-boticario-dispoe-de-um-dos-parques-produtivos-mais-modernos-do-mundo\\\/\"]}]},{\"@type\":\"ImageObject\",\"inLanguage\":\"pt-BR\",\"@id\":\"https:\\\/\\\/www.cidademarketing.com.br\\\/marketing\\\/2019\\\/04\\\/23\\\/em-5-anos-de-operacoes-na-bahia-grupo-boticario-dispoe-de-um-dos-parques-produtivos-mais-modernos-do-mundo\\\/#primaryimage\",\"url\":\"https:\\\/\\\/www.cidademarketing.com.br\\\/marketing\\\/wp-content\\\/uploads\\\/2019\\\/04\\\/oboticario_producaoautomatizada.jpg\",\"contentUrl\":\"https:\\\/\\\/www.cidademarketing.com.br\\\/marketing\\\/wp-content\\\/uploads\\\/2019\\\/04\\\/oboticario_producaoautomatizada.jpg\",\"width\":4000,\"height\":2667,\"caption\":\"Envase da fragr\u00e2ncia Malbec, de O Botic\u00e1rio, que tem sua produ\u00e7\u00e3o toda automatizada, do in\u00edcio ao fim\"},{\"@type\":\"BreadcrumbList\",\"@id\":\"https:\\\/\\\/www.cidademarketing.com.br\\\/marketing\\\/2019\\\/04\\\/23\\\/em-5-anos-de-operacoes-na-bahia-grupo-boticario-dispoe-de-um-dos-parques-produtivos-mais-modernos-do-mundo\\\/#breadcrumb\",\"itemListElement\":[{\"@type\":\"ListItem\",\"position\":1,\"name\":\"In\u00edcio\",\"item\":\"https:\\\/\\\/www.cidademarketing.com.br\\\/marketing\\\/\"},{\"@type\":\"ListItem\",\"position\":2,\"name\":\"Em 5 anos de opera\u00e7\u00f5es na Bahia, Grupo Botic\u00e1rio disp\u00f5e de um dos parques produtivos mais modernos do mundo\"}]},{\"@type\":\"WebSite\",\"@id\":\"https:\\\/\\\/www.cidademarketing.com.br\\\/marketing\\\/#website\",\"url\":\"https:\\\/\\\/www.cidademarketing.com.br\\\/marketing\\\/\",\"name\":\"CidadeMarketing\",\"description\":\"Somos um ve\u00edculo de comunica\u00e7\u00e3o de destaque no Brasil, reconhecido por conte\u00fados nos segmentos de marketing, empreendedorismo e inova\u00e7\u00e3o.\",\"publisher\":{\"@id\":\"https:\\\/\\\/www.cidademarketing.com.br\\\/marketing\\\/#organization\"},\"alternateName\":\"CidadeMarketing\",\"potentialAction\":[{\"@type\":\"SearchAction\",\"target\":{\"@type\":\"EntryPoint\",\"urlTemplate\":\"https:\\\/\\\/www.cidademarketing.com.br\\\/marketing\\\/?s={search_term_string}\"},\"query-input\":{\"@type\":\"PropertyValueSpecification\",\"valueRequired\":true,\"valueName\":\"search_term_string\"}}],\"inLanguage\":\"pt-BR\"},{\"@type\":\"Organization\",\"@id\":\"https:\\\/\\\/www.cidademarketing.com.br\\\/marketing\\\/#organization\",\"name\":\"CidadeMarketing\",\"alternateName\":\"CidadeMarketing\",\"url\":\"https:\\\/\\\/www.cidademarketing.com.br\\\/marketing\\\/\",\"logo\":{\"@type\":\"ImageObject\",\"inLanguage\":\"pt-BR\",\"@id\":\"https:\\\/\\\/www.cidademarketing.com.br\\\/marketing\\\/#\\\/schema\\\/logo\\\/image\\\/\",\"url\":\"https:\\\/\\\/www.cidademarketing.com.br\\\/marketing\\\/wp-content\\\/uploads\\\/2020\\\/01\\\/cidademarketing_marca_mobile.png\",\"contentUrl\":\"https:\\\/\\\/www.cidademarketing.com.br\\\/marketing\\\/wp-content\\\/uploads\\\/2020\\\/01\\\/cidademarketing_marca_mobile.png\",\"width\":230,\"height\":92,\"caption\":\"CidadeMarketing\"},\"image\":{\"@id\":\"https:\\\/\\\/www.cidademarketing.com.br\\\/marketing\\\/#\\\/schema\\\/logo\\\/image\\\/\"},\"sameAs\":[\"https:\\\/\\\/www.facebook.com\\\/portalcidademarketing\",\"https:\\\/\\\/x.com\\\/CidadeMarketing\",\"https:\\\/\\\/www.instagram.com\\\/cidademarketing\\\/\"]},{\"@type\":\"Person\",\"@id\":\"https:\\\/\\\/www.cidademarketing.com.br\\\/marketing\\\/#\\\/schema\\\/person\\\/02daff9f18bd9378c9e01eb6b2db155f\",\"name\":\"Thales Brand\u00e3o\",\"image\":{\"@type\":\"ImageObject\",\"inLanguage\":\"pt-BR\",\"@id\":\"https:\\\/\\\/secure.gravatar.com\\\/avatar\\\/7ca3206950207cc3cb48feec56a8a7898741ab725c368d99d5d7a5a50aab80c6?s=96&d=mm&r=g\",\"url\":\"https:\\\/\\\/secure.gravatar.com\\\/avatar\\\/7ca3206950207cc3cb48feec56a8a7898741ab725c368d99d5d7a5a50aab80c6?s=96&d=mm&r=g\",\"contentUrl\":\"https:\\\/\\\/secure.gravatar.com\\\/avatar\\\/7ca3206950207cc3cb48feec56a8a7898741ab725c368d99d5d7a5a50aab80c6?s=96&d=mm&r=g\",\"caption\":\"Thales Brand\u00e3o\"},\"description\":\"Editor Executivo do Portal CidadeMarketing.com.br &gt; Mestre em Comunica\u00e7\u00e3o e Sociedade pela Universidade Federal de Sergipe. Possui MBA Executivo em Administra\u00e7\u00e3o com \u00eanfase em Marketing pela Funda\u00e7\u00e3o Get\u00falio Vargas - Rio de Janeiro. Consultor, Palestrante e Pesquisador sobre Empreendedorismo, Marketing, Redes Sociais e Neg\u00f3cios Digitais. Professor, Palestrante TedxTalks e Campus Party. Twitter: @ThalesBrandao\",\"sameAs\":[\"http:\\\/\\\/www.mandacaru.com.br\",\"https:\\\/\\\/www.facebook.com\\\/thalesbrandao\",\"http:\\\/\\\/www.instagram.com.br\\\/thalesbrandaoferreira\",\"https:\\\/\\\/www.linkedin.com\\\/in\\\/thales-brand\u00e3o-3948609\\\/\",\"https:\\\/\\\/x.com\\\/http:\\\/\\\/www.twitter.com\\\/thalesbrandao\"],\"url\":\"https:\\\/\\\/www.cidademarketing.com.br\\\/marketing\\\/author\\\/thalesbrandao\\\/\"}]}<\/script>\n<!-- \/ Yoast SEO plugin. -->","yoast_head_json":{"title":"Em 5 anos de opera\u00e7\u00f5es na Bahia, Grupo Botic\u00e1rio disp\u00f5e de um dos parques produtivos mais modernos do mundo - CidadeMarketing","robots":{"index":"index","follow":"follow","max-snippet":"max-snippet:-1","max-image-preview":"max-image-preview:large","max-video-preview":"max-video-preview:-1"},"canonical":"https:\/\/www.cidademarketing.com.br\/marketing\/2019\/04\/23\/em-5-anos-de-operacoes-na-bahia-grupo-boticario-dispoe-de-um-dos-parques-produtivos-mais-modernos-do-mundo\/","og_locale":"pt_BR","og_type":"article","og_title":"Em 5 anos de opera\u00e7\u00f5es na Bahia, Grupo Botic\u00e1rio disp\u00f5e de um dos parques produtivos mais modernos do mundo - CidadeMarketing","og_description":"O Grupo Botic\u00e1rio, refer\u00eancia no varejo de beleza e detentora das marcas O Botic\u00e1rio, Eudora, quem disse, berenice?, The Beauty Box, Multi B e Vult, completa cinco anos em opera\u00e7\u00e3o na Bahia. Desde 2014, o Grupo avan\u00e7ou significativamente em automa\u00e7\u00e3o, conquistou reconhecimento internacional em tecnologia, inova\u00e7\u00e3o e automa\u00e7\u00e3o no setor de cosm\u00e9ticos e vem criando [&hellip;]","og_url":"https:\/\/www.cidademarketing.com.br\/marketing\/2019\/04\/23\/em-5-anos-de-operacoes-na-bahia-grupo-boticario-dispoe-de-um-dos-parques-produtivos-mais-modernos-do-mundo\/","og_site_name":"CidadeMarketing","article_publisher":"https:\/\/www.facebook.com\/portalcidademarketing","article_author":"https:\/\/www.facebook.com\/thalesbrandao","article_published_time":"2019-04-23T23:18:21+00:00","article_modified_time":"2019-04-23T23:19:08+00:00","og_image":[{"width":1024,"height":683,"url":"https:\/\/www.cidademarketing.com.br\/marketing\/wp-content\/uploads\/2019\/04\/oboticario_producaoautomatizada-1024x683.jpg","type":"image\/jpeg"}],"author":"Thales Brand\u00e3o","twitter_card":"summary_large_image","twitter_creator":"@http:\/\/www.twitter.com\/thalesbrandao","twitter_site":"@CidadeMarketing","twitter_misc":{"Escrito por":"Thales Brand\u00e3o","Est. tempo de leitura":"5 minutos"},"schema":{"@context":"https:\/\/schema.org","@graph":[{"@type":"Article","@id":"https:\/\/www.cidademarketing.com.br\/marketing\/2019\/04\/23\/em-5-anos-de-operacoes-na-bahia-grupo-boticario-dispoe-de-um-dos-parques-produtivos-mais-modernos-do-mundo\/#article","isPartOf":{"@id":"https:\/\/www.cidademarketing.com.br\/marketing\/2019\/04\/23\/em-5-anos-de-operacoes-na-bahia-grupo-boticario-dispoe-de-um-dos-parques-produtivos-mais-modernos-do-mundo\/"},"author":{"name":"Thales Brand\u00e3o","@id":"https:\/\/www.cidademarketing.com.br\/marketing\/#\/schema\/person\/02daff9f18bd9378c9e01eb6b2db155f"},"headline":"Em 5 anos de opera\u00e7\u00f5es na Bahia, Grupo Botic\u00e1rio disp\u00f5e de um dos parques produtivos mais modernos do mundo","datePublished":"2019-04-23T23:18:21+00:00","dateModified":"2019-04-23T23:19:08+00:00","mainEntityOfPage":{"@id":"https:\/\/www.cidademarketing.com.br\/marketing\/2019\/04\/23\/em-5-anos-de-operacoes-na-bahia-grupo-boticario-dispoe-de-um-dos-parques-produtivos-mais-modernos-do-mundo\/"},"wordCount":979,"commentCount":0,"publisher":{"@id":"https:\/\/www.cidademarketing.com.br\/marketing\/#organization"},"image":{"@id":"https:\/\/www.cidademarketing.com.br\/marketing\/2019\/04\/23\/em-5-anos-de-operacoes-na-bahia-grupo-boticario-dispoe-de-um-dos-parques-produtivos-mais-modernos-do-mundo\/#primaryimage"},"thumbnailUrl":"https:\/\/www.cidademarketing.com.br\/marketing\/wp-content\/uploads\/2019\/04\/oboticario_producaoautomatizada.jpg","keywords":["campanha","O Botic\u00e1rio"],"articleSection":["Not\u00edcias"],"inLanguage":"pt-BR","potentialAction":[{"@type":"CommentAction","name":"Comment","target":["https:\/\/www.cidademarketing.com.br\/marketing\/2019\/04\/23\/em-5-anos-de-operacoes-na-bahia-grupo-boticario-dispoe-de-um-dos-parques-produtivos-mais-modernos-do-mundo\/#respond"]}]},{"@type":"WebPage","@id":"https:\/\/www.cidademarketing.com.br\/marketing\/2019\/04\/23\/em-5-anos-de-operacoes-na-bahia-grupo-boticario-dispoe-de-um-dos-parques-produtivos-mais-modernos-do-mundo\/","url":"https:\/\/www.cidademarketing.com.br\/marketing\/2019\/04\/23\/em-5-anos-de-operacoes-na-bahia-grupo-boticario-dispoe-de-um-dos-parques-produtivos-mais-modernos-do-mundo\/","name":"Em 5 anos de opera\u00e7\u00f5es na Bahia, Grupo Botic\u00e1rio disp\u00f5e de um dos parques produtivos mais modernos do mundo - CidadeMarketing","isPartOf":{"@id":"https:\/\/www.cidademarketing.com.br\/marketing\/#website"},"primaryImageOfPage":{"@id":"https:\/\/www.cidademarketing.com.br\/marketing\/2019\/04\/23\/em-5-anos-de-operacoes-na-bahia-grupo-boticario-dispoe-de-um-dos-parques-produtivos-mais-modernos-do-mundo\/#primaryimage"},"image":{"@id":"https:\/\/www.cidademarketing.com.br\/marketing\/2019\/04\/23\/em-5-anos-de-operacoes-na-bahia-grupo-boticario-dispoe-de-um-dos-parques-produtivos-mais-modernos-do-mundo\/#primaryimage"},"thumbnailUrl":"https:\/\/www.cidademarketing.com.br\/marketing\/wp-content\/uploads\/2019\/04\/oboticario_producaoautomatizada.jpg","datePublished":"2019-04-23T23:18:21+00:00","dateModified":"2019-04-23T23:19:08+00:00","breadcrumb":{"@id":"https:\/\/www.cidademarketing.com.br\/marketing\/2019\/04\/23\/em-5-anos-de-operacoes-na-bahia-grupo-boticario-dispoe-de-um-dos-parques-produtivos-mais-modernos-do-mundo\/#breadcrumb"},"inLanguage":"pt-BR","potentialAction":[{"@type":"ReadAction","target":["https:\/\/www.cidademarketing.com.br\/marketing\/2019\/04\/23\/em-5-anos-de-operacoes-na-bahia-grupo-boticario-dispoe-de-um-dos-parques-produtivos-mais-modernos-do-mundo\/"]}]},{"@type":"ImageObject","inLanguage":"pt-BR","@id":"https:\/\/www.cidademarketing.com.br\/marketing\/2019\/04\/23\/em-5-anos-de-operacoes-na-bahia-grupo-boticario-dispoe-de-um-dos-parques-produtivos-mais-modernos-do-mundo\/#primaryimage","url":"https:\/\/www.cidademarketing.com.br\/marketing\/wp-content\/uploads\/2019\/04\/oboticario_producaoautomatizada.jpg","contentUrl":"https:\/\/www.cidademarketing.com.br\/marketing\/wp-content\/uploads\/2019\/04\/oboticario_producaoautomatizada.jpg","width":4000,"height":2667,"caption":"Envase da fragr\u00e2ncia Malbec, de O Botic\u00e1rio, que tem sua produ\u00e7\u00e3o toda automatizada, do in\u00edcio ao fim"},{"@type":"BreadcrumbList","@id":"https:\/\/www.cidademarketing.com.br\/marketing\/2019\/04\/23\/em-5-anos-de-operacoes-na-bahia-grupo-boticario-dispoe-de-um-dos-parques-produtivos-mais-modernos-do-mundo\/#breadcrumb","itemListElement":[{"@type":"ListItem","position":1,"name":"In\u00edcio","item":"https:\/\/www.cidademarketing.com.br\/marketing\/"},{"@type":"ListItem","position":2,"name":"Em 5 anos de opera\u00e7\u00f5es na Bahia, Grupo Botic\u00e1rio disp\u00f5e de um dos parques produtivos mais modernos do mundo"}]},{"@type":"WebSite","@id":"https:\/\/www.cidademarketing.com.br\/marketing\/#website","url":"https:\/\/www.cidademarketing.com.br\/marketing\/","name":"CidadeMarketing","description":"Somos um ve\u00edculo de comunica\u00e7\u00e3o de destaque no Brasil, reconhecido por conte\u00fados nos segmentos de marketing, empreendedorismo e inova\u00e7\u00e3o.","publisher":{"@id":"https:\/\/www.cidademarketing.com.br\/marketing\/#organization"},"alternateName":"CidadeMarketing","potentialAction":[{"@type":"SearchAction","target":{"@type":"EntryPoint","urlTemplate":"https:\/\/www.cidademarketing.com.br\/marketing\/?s={search_term_string}"},"query-input":{"@type":"PropertyValueSpecification","valueRequired":true,"valueName":"search_term_string"}}],"inLanguage":"pt-BR"},{"@type":"Organization","@id":"https:\/\/www.cidademarketing.com.br\/marketing\/#organization","name":"CidadeMarketing","alternateName":"CidadeMarketing","url":"https:\/\/www.cidademarketing.com.br\/marketing\/","logo":{"@type":"ImageObject","inLanguage":"pt-BR","@id":"https:\/\/www.cidademarketing.com.br\/marketing\/#\/schema\/logo\/image\/","url":"https:\/\/www.cidademarketing.com.br\/marketing\/wp-content\/uploads\/2020\/01\/cidademarketing_marca_mobile.png","contentUrl":"https:\/\/www.cidademarketing.com.br\/marketing\/wp-content\/uploads\/2020\/01\/cidademarketing_marca_mobile.png","width":230,"height":92,"caption":"CidadeMarketing"},"image":{"@id":"https:\/\/www.cidademarketing.com.br\/marketing\/#\/schema\/logo\/image\/"},"sameAs":["https:\/\/www.facebook.com\/portalcidademarketing","https:\/\/x.com\/CidadeMarketing","https:\/\/www.instagram.com\/cidademarketing\/"]},{"@type":"Person","@id":"https:\/\/www.cidademarketing.com.br\/marketing\/#\/schema\/person\/02daff9f18bd9378c9e01eb6b2db155f","name":"Thales Brand\u00e3o","image":{"@type":"ImageObject","inLanguage":"pt-BR","@id":"https:\/\/secure.gravatar.com\/avatar\/7ca3206950207cc3cb48feec56a8a7898741ab725c368d99d5d7a5a50aab80c6?s=96&d=mm&r=g","url":"https:\/\/secure.gravatar.com\/avatar\/7ca3206950207cc3cb48feec56a8a7898741ab725c368d99d5d7a5a50aab80c6?s=96&d=mm&r=g","contentUrl":"https:\/\/secure.gravatar.com\/avatar\/7ca3206950207cc3cb48feec56a8a7898741ab725c368d99d5d7a5a50aab80c6?s=96&d=mm&r=g","caption":"Thales Brand\u00e3o"},"description":"Editor Executivo do Portal CidadeMarketing.com.br &gt; Mestre em Comunica\u00e7\u00e3o e Sociedade pela Universidade Federal de Sergipe. Possui MBA Executivo em Administra\u00e7\u00e3o com \u00eanfase em Marketing pela Funda\u00e7\u00e3o Get\u00falio Vargas - Rio de Janeiro. Consultor, Palestrante e Pesquisador sobre Empreendedorismo, Marketing, Redes Sociais e Neg\u00f3cios Digitais. Professor, Palestrante TedxTalks e Campus Party. Twitter: @ThalesBrandao","sameAs":["http:\/\/www.mandacaru.com.br","https:\/\/www.facebook.com\/thalesbrandao","http:\/\/www.instagram.com.br\/thalesbrandaoferreira","https:\/\/www.linkedin.com\/in\/thales-brand\u00e3o-3948609\/","https:\/\/x.com\/http:\/\/www.twitter.com\/thalesbrandao"],"url":"https:\/\/www.cidademarketing.com.br\/marketing\/author\/thalesbrandao\/"}]}},"amp_enabled":true,"_links":{"self":[{"href":"https:\/\/www.cidademarketing.com.br\/marketing\/wp-json\/wp\/v2\/posts\/7833","targetHints":{"allow":["GET"]}}],"collection":[{"href":"https:\/\/www.cidademarketing.com.br\/marketing\/wp-json\/wp\/v2\/posts"}],"about":[{"href":"https:\/\/www.cidademarketing.com.br\/marketing\/wp-json\/wp\/v2\/types\/post"}],"author":[{"embeddable":true,"href":"https:\/\/www.cidademarketing.com.br\/marketing\/wp-json\/wp\/v2\/users\/1"}],"replies":[{"embeddable":true,"href":"https:\/\/www.cidademarketing.com.br\/marketing\/wp-json\/wp\/v2\/comments?post=7833"}],"version-history":[{"count":1,"href":"https:\/\/www.cidademarketing.com.br\/marketing\/wp-json\/wp\/v2\/posts\/7833\/revisions"}],"predecessor-version":[{"id":7835,"href":"https:\/\/www.cidademarketing.com.br\/marketing\/wp-json\/wp\/v2\/posts\/7833\/revisions\/7835"}],"wp:featuredmedia":[{"embeddable":true,"href":"https:\/\/www.cidademarketing.com.br\/marketing\/wp-json\/wp\/v2\/media\/7834"}],"wp:attachment":[{"href":"https:\/\/www.cidademarketing.com.br\/marketing\/wp-json\/wp\/v2\/media?parent=7833"}],"wp:term":[{"taxonomy":"category","embeddable":true,"href":"https:\/\/www.cidademarketing.com.br\/marketing\/wp-json\/wp\/v2\/categories?post=7833"},{"taxonomy":"post_tag","embeddable":true,"href":"https:\/\/www.cidademarketing.com.br\/marketing\/wp-json\/wp\/v2\/tags?post=7833"}],"curies":[{"name":"wp","href":"https:\/\/api.w.org\/{rel}","templated":true}]}}