{"id":7761,"date":"2019-04-19T17:50:03","date_gmt":"2019-04-19T20:50:03","guid":{"rendered":"http:\/\/www.cidademarketing.com.br\/marketing\/?p=7761"},"modified":"2019-04-19T17:50:05","modified_gmt":"2019-04-19T20:50:05","slug":"ministerio-da-saude-cria-o-movimento-vacina-brasil","status":"publish","type":"post","link":"https:\/\/www.cidademarketing.com.br\/marketing\/2019\/04\/19\/ministerio-da-saude-cria-o-movimento-vacina-brasil\/","title":{"rendered":"Minist\u00e9rio da Sa\u00fade cria o Movimento Vacina Brasil"},"content":{"rendered":"\n<p>Campanha criada pela Fields360 se\ntransforma em movimento para que doen\u00e7as erradicadas n\u00e3o voltem ao pa\u00eds.<\/p>\n\n\n\n<p>No Brasil, o n\u00famero de pessoas\nvacinadas vem caindo consideravelmente. E isso se deve n\u00e3o s\u00f3 \u00e0 desinforma\u00e7\u00e3o\nda popula\u00e7\u00e3o e dissemina\u00e7\u00e3o das fake news, mas tamb\u00e9m \u00e0 diminui\u00e7\u00e3o da\npreocupa\u00e7\u00e3o com doen\u00e7as que foram erradicadas no passado, fazendo com que novos\ncasos e surtos voltassem a acontecer no pa\u00eds. <\/p>\n\n\n\n<p>Para virar esse jogo, o Governo\nFederal, por meio do Minist\u00e9rio da Sa\u00fade, criou o Movimento Vacina Brasil: uma\ns\u00e9rie de a\u00e7\u00f5es on-line e off-line que complementar\u00e3o as campanhas de vacina\u00e7\u00e3o\nno decorrer do ano, a fim de que a import\u00e2ncia e os benef\u00edcios de se vacinar\nvoltem a ser compreendidos por toda a sociedade.<\/p>\n\n\n\n<p>Para isso, o movimento contar\u00e1 com\na colabora\u00e7\u00e3o integrada de empresas p\u00fablicas e privadas, influenciadores e de\ndiversas pastas do governo, que v\u00e3o desde a educa\u00e7\u00e3o at\u00e9 o desenvolvimento\nsocial, al\u00e9m do pr\u00f3prio Minist\u00e9rio da Sa\u00fade, sem deixar de mencionar a\nparticipa\u00e7\u00e3o de personagens reais na campanha, que passaram ou passam por algum\ntipo de sofrimento por n\u00e3o terem sido vacinadas. Tudo isso, com o objetivo de\n&nbsp;proteger o Brasil de doen\u00e7as que est\u00e3o erradicadas e tamb\u00e9m de combater\nnovos surtos.<\/p>\n\n\n\n<p>Conhe\u00e7a os filmes da campanha:<\/p>\n\n\n\n<p>Link\ncom o filme da campanha de&nbsp;<strong>Vacina\u00e7\u00e3o Geral:<\/strong><\/p>\n\n\n\n<figure class=\"wp-block-embed-youtube wp-block-embed is-type-video is-provider-youtube wp-embed-aspect-16-9 wp-has-aspect-ratio\"><div class=\"wp-block-embed__wrapper\">\nhttps:\/\/www.youtube.com\/watch?v=iDkYWG86AiY&#038;feature=youtu.be\n<\/div><\/figure>\n\n\n\n<p>Link\ncom o filme de&nbsp;<strong>Gripe Todos os P\u00fablicos:<\/strong>&nbsp;&nbsp;<\/p>\n\n\n\n<figure class=\"wp-block-embed-youtube wp-block-embed is-type-video is-provider-youtube wp-embed-aspect-16-9 wp-has-aspect-ratio\"><div class=\"wp-block-embed__wrapper\">\nhttps:\/\/www.youtube.com\/watch?v=v6mIRMYTsNI&#038;feature=youtu.be\n<\/div><\/figure>\n\n\n\n<p><strong>FICHA T\u00c9CNICA<\/strong><\/p>\n\n\n\n<p>Ag\u00eancia: Fields360<\/p>\n\n\n\n<p>Cliente: Minist\u00e9rio da Sa\u00fade<\/p>\n\n\n\n<p>CEO: Sidney Campos<\/p>\n\n\n\n<p>Diretora de Opera\u00e7\u00f5es: Ruskaya\nZanini<\/p>\n\n\n\n<p>VP de Cria\u00e7\u00e3o: Thiago Reis<\/p>\n\n\n\n<p>Dire\u00e7\u00e3o de Arte: Vitor Fubu, Athos\nBernardo, Andr\u00e9 Garcia, Juan Sales e Rafael Lima<\/p>\n\n\n\n<p>Reda\u00e7\u00e3o: L\u00facio Freitas, Rafael\nPaulino e B\u00e1rbara Rocha.<\/p>\n\n\n\n<p>Diretor de Planejamento: Mark\nCardoso<\/p>\n\n\n\n<p>Diretora de Atendimento: Viviane\nMiranda<\/p>\n\n\n\n<p>Atendimento: Sabrina Fran\u00e7a e\n\u00c2ngelo Campos.<\/p>\n\n\n\n<p>Diretora de Produ\u00e7\u00e3o: Ozana Andrade<\/p>\n\n\n\n<p>Produ\u00e7\u00e3o: Ana Carolina, Rodrigo\nCavalcante, Daniele Crystinne, Jos\u00e9 Neto e Marileide Santos<\/p>\n\n\n\n<p>Diretora de M\u00eddia: Adriana Lopes<\/p>\n\n\n\n<p>M\u00eddia: Raquel Noura, Dailson\nSantos, Marco Marques, Danielle Farias<\/p>\n\n\n\n<p>Arte Final: Wagner Ramirez e Willian Brockveld <\/p>\n\n\n\n<p>Conte\u00fado de Redes Sociais: B\u00e1rbara\nRocha<\/p>\n\n\n\n<p>Revis\u00e3o: Bruno Cardoso<\/p>\n\n\n\n<p>Aprova\u00e7\u00e3o: Ugo Braga, Juliana\nVieira, Marina Morais e Nath\u00e1lia Gardini <\/p>\n\n\n\n<p>Produtora: Black Filmes<\/p>\n\n\n\n<p>Dire\u00e7\u00e3o: Fernando Sanches<\/p>\n\n\n\n<p>Assistente de Dire\u00e7\u00e3o: Juliana\nCabral<\/p>\n\n\n\n<p>Dire\u00e7\u00e3o de Fotografia: Gabriel\nRinaldi<\/p>\n\n\n\n<p>Produ\u00e7\u00e3o Executiva : Angela\nFarinello<\/p>\n\n\n\n<p>Diretora de Produ\u00e7\u00e3o : Lena Kopf<\/p>\n\n\n\n<p>Diretora de Atendimento: Tina\nCarlos<\/p>\n\n\n\n<p>Atendimento: Roberta Rodrigues<\/p>\n\n\n\n<p>Edi\u00e7\u00e3o\/Montagem: Equipe Black\nFilmes<\/p>\n\n\n\n<p>Finaliza\u00e7\u00e3o: Equipe Black Filmes\/\nPICMA<\/p>\n\n\n\n<p>Produtora de som: &nbsp;L\u00f3gico!<\/p>\n\n\n\n<p>Maestro\/Produtor: Andr\u00e9 Ribeiro \/\nRudge Lisboa \/Milton Min\u00e9<\/p>\n\n\n\n<p>Engenheiro de som: Andr\u00e9 Ribeiro \/\nMilton Min\u00e9<\/p>\n\n\n\n<p>Produtor executivo: Milton Min\u00e9 \/\nCristina Robim\n\nAtendimento: Jo\u00e3o Bosco \/\nPaola Belo\n\n\n\n<\/p>\n","protected":false},"excerpt":{"rendered":"<p>Campanha criada pela Fields360 se transforma em movimento para que doen\u00e7as erradicadas n\u00e3o voltem ao pa\u00eds. No Brasil, o n\u00famero de pessoas vacinadas vem caindo consideravelmente. E isso se deve n\u00e3o s\u00f3 \u00e0 desinforma\u00e7\u00e3o da popula\u00e7\u00e3o e dissemina\u00e7\u00e3o das fake news, mas tamb\u00e9m \u00e0 diminui\u00e7\u00e3o da preocupa\u00e7\u00e3o com doen\u00e7as que foram erradicadas no passado, fazendo [&hellip;]<\/p>\n","protected":false},"author":1,"featured_media":7762,"comment_status":"open","ping_status":"open","sticky":false,"template":"","format":"standard","meta":{"tdm_status":"","tdm_grid_status":"","footnotes":""},"categories":[6],"tags":[33,298,28,1119],"class_list":["post-7761","post","type-post","status-publish","format-standard","has-post-thumbnail","hentry","category-noticias","tag-estrategia","tag-fake-news","tag-marketing","tag-ministerio-da-saude"],"yoast_head":"<!-- This site is optimized with the Yoast SEO plugin v27.5 - https:\/\/yoast.com\/product\/yoast-seo-wordpress\/ -->\n<title>Minist\u00e9rio da Sa\u00fade cria o Movimento Vacina Brasil - CidadeMarketing<\/title>\n<meta name=\"robots\" content=\"index, follow, max-snippet:-1, max-image-preview:large, max-video-preview:-1\" \/>\n<link rel=\"canonical\" href=\"https:\/\/www.cidademarketing.com.br\/marketing\/2019\/04\/19\/ministerio-da-saude-cria-o-movimento-vacina-brasil\/\" \/>\n<meta property=\"og:locale\" content=\"pt_BR\" \/>\n<meta property=\"og:type\" content=\"article\" \/>\n<meta property=\"og:title\" content=\"Minist\u00e9rio da Sa\u00fade cria o Movimento Vacina Brasil - CidadeMarketing\" \/>\n<meta property=\"og:description\" content=\"Campanha criada pela Fields360 se transforma em movimento para que doen\u00e7as erradicadas n\u00e3o voltem ao pa\u00eds. No Brasil, o n\u00famero de pessoas vacinadas vem caindo consideravelmente. E isso se deve n\u00e3o s\u00f3 \u00e0 desinforma\u00e7\u00e3o da popula\u00e7\u00e3o e dissemina\u00e7\u00e3o das fake news, mas tamb\u00e9m \u00e0 diminui\u00e7\u00e3o da preocupa\u00e7\u00e3o com doen\u00e7as que foram erradicadas no passado, fazendo [&hellip;]\" \/>\n<meta property=\"og:url\" content=\"https:\/\/www.cidademarketing.com.br\/marketing\/2019\/04\/19\/ministerio-da-saude-cria-o-movimento-vacina-brasil\/\" \/>\n<meta property=\"og:site_name\" content=\"CidadeMarketing\" \/>\n<meta property=\"article:publisher\" content=\"https:\/\/www.facebook.com\/portalcidademarketing\" \/>\n<meta property=\"article:author\" content=\"https:\/\/www.facebook.com\/thalesbrandao\" \/>\n<meta property=\"article:published_time\" content=\"2019-04-19T20:50:03+00:00\" \/>\n<meta property=\"article:modified_time\" content=\"2019-04-19T20:50:05+00:00\" \/>\n<meta property=\"og:image\" content=\"https:\/\/www.cidademarketing.com.br\/marketing\/wp-content\/uploads\/2019\/04\/ministeriodasaude_gripe.jpg\" \/>\n\t<meta property=\"og:image:width\" content=\"1179\" \/>\n\t<meta property=\"og:image:height\" content=\"550\" \/>\n\t<meta property=\"og:image:type\" content=\"image\/jpeg\" \/>\n<meta name=\"author\" content=\"Thales Brand\u00e3o\" \/>\n<meta name=\"twitter:card\" content=\"summary_large_image\" \/>\n<meta name=\"twitter:creator\" content=\"@http:\/\/www.twitter.com\/thalesbrandao\" \/>\n<meta name=\"twitter:site\" content=\"@CidadeMarketing\" \/>\n<meta name=\"twitter:label1\" content=\"Escrito por\" \/>\n\t<meta name=\"twitter:data1\" content=\"Thales Brand\u00e3o\" \/>\n\t<meta name=\"twitter:label2\" content=\"Est. tempo de leitura\" \/>\n\t<meta name=\"twitter:data2\" content=\"3 minutos\" \/>\n<script type=\"application\/ld+json\" class=\"yoast-schema-graph\">{\"@context\":\"https:\\\/\\\/schema.org\",\"@graph\":[{\"@type\":\"Article\",\"@id\":\"https:\\\/\\\/www.cidademarketing.com.br\\\/marketing\\\/2019\\\/04\\\/19\\\/ministerio-da-saude-cria-o-movimento-vacina-brasil\\\/#article\",\"isPartOf\":{\"@id\":\"https:\\\/\\\/www.cidademarketing.com.br\\\/marketing\\\/2019\\\/04\\\/19\\\/ministerio-da-saude-cria-o-movimento-vacina-brasil\\\/\"},\"author\":{\"name\":\"Thales Brand\u00e3o\",\"@id\":\"https:\\\/\\\/www.cidademarketing.com.br\\\/marketing\\\/#\\\/schema\\\/person\\\/02daff9f18bd9378c9e01eb6b2db155f\"},\"headline\":\"Minist\u00e9rio da Sa\u00fade cria o Movimento Vacina Brasil\",\"datePublished\":\"2019-04-19T20:50:03+00:00\",\"dateModified\":\"2019-04-19T20:50:05+00:00\",\"mainEntityOfPage\":{\"@id\":\"https:\\\/\\\/www.cidademarketing.com.br\\\/marketing\\\/2019\\\/04\\\/19\\\/ministerio-da-saude-cria-o-movimento-vacina-brasil\\\/\"},\"wordCount\":518,\"commentCount\":0,\"publisher\":{\"@id\":\"https:\\\/\\\/www.cidademarketing.com.br\\\/marketing\\\/#organization\"},\"image\":{\"@id\":\"https:\\\/\\\/www.cidademarketing.com.br\\\/marketing\\\/2019\\\/04\\\/19\\\/ministerio-da-saude-cria-o-movimento-vacina-brasil\\\/#primaryimage\"},\"thumbnailUrl\":\"https:\\\/\\\/www.cidademarketing.com.br\\\/marketing\\\/wp-content\\\/uploads\\\/2019\\\/04\\\/ministeriodasaude_gripe.jpg\",\"keywords\":[\"estrat\u00e9gia\",\"fake news\",\"marketing\",\"Minist\u00e9rio da Sa\u00fade\"],\"articleSection\":[\"Not\u00edcias\"],\"inLanguage\":\"pt-BR\",\"potentialAction\":[{\"@type\":\"CommentAction\",\"name\":\"Comment\",\"target\":[\"https:\\\/\\\/www.cidademarketing.com.br\\\/marketing\\\/2019\\\/04\\\/19\\\/ministerio-da-saude-cria-o-movimento-vacina-brasil\\\/#respond\"]}]},{\"@type\":\"WebPage\",\"@id\":\"https:\\\/\\\/www.cidademarketing.com.br\\\/marketing\\\/2019\\\/04\\\/19\\\/ministerio-da-saude-cria-o-movimento-vacina-brasil\\\/\",\"url\":\"https:\\\/\\\/www.cidademarketing.com.br\\\/marketing\\\/2019\\\/04\\\/19\\\/ministerio-da-saude-cria-o-movimento-vacina-brasil\\\/\",\"name\":\"Minist\u00e9rio da Sa\u00fade cria o Movimento Vacina Brasil - CidadeMarketing\",\"isPartOf\":{\"@id\":\"https:\\\/\\\/www.cidademarketing.com.br\\\/marketing\\\/#website\"},\"primaryImageOfPage\":{\"@id\":\"https:\\\/\\\/www.cidademarketing.com.br\\\/marketing\\\/2019\\\/04\\\/19\\\/ministerio-da-saude-cria-o-movimento-vacina-brasil\\\/#primaryimage\"},\"image\":{\"@id\":\"https:\\\/\\\/www.cidademarketing.com.br\\\/marketing\\\/2019\\\/04\\\/19\\\/ministerio-da-saude-cria-o-movimento-vacina-brasil\\\/#primaryimage\"},\"thumbnailUrl\":\"https:\\\/\\\/www.cidademarketing.com.br\\\/marketing\\\/wp-content\\\/uploads\\\/2019\\\/04\\\/ministeriodasaude_gripe.jpg\",\"datePublished\":\"2019-04-19T20:50:03+00:00\",\"dateModified\":\"2019-04-19T20:50:05+00:00\",\"breadcrumb\":{\"@id\":\"https:\\\/\\\/www.cidademarketing.com.br\\\/marketing\\\/2019\\\/04\\\/19\\\/ministerio-da-saude-cria-o-movimento-vacina-brasil\\\/#breadcrumb\"},\"inLanguage\":\"pt-BR\",\"potentialAction\":[{\"@type\":\"ReadAction\",\"target\":[\"https:\\\/\\\/www.cidademarketing.com.br\\\/marketing\\\/2019\\\/04\\\/19\\\/ministerio-da-saude-cria-o-movimento-vacina-brasil\\\/\"]}]},{\"@type\":\"ImageObject\",\"inLanguage\":\"pt-BR\",\"@id\":\"https:\\\/\\\/www.cidademarketing.com.br\\\/marketing\\\/2019\\\/04\\\/19\\\/ministerio-da-saude-cria-o-movimento-vacina-brasil\\\/#primaryimage\",\"url\":\"https:\\\/\\\/www.cidademarketing.com.br\\\/marketing\\\/wp-content\\\/uploads\\\/2019\\\/04\\\/ministeriodasaude_gripe.jpg\",\"contentUrl\":\"https:\\\/\\\/www.cidademarketing.com.br\\\/marketing\\\/wp-content\\\/uploads\\\/2019\\\/04\\\/ministeriodasaude_gripe.jpg\",\"width\":1179,\"height\":550,\"caption\":\"Reprodu\u00e7\u00e3o\"},{\"@type\":\"BreadcrumbList\",\"@id\":\"https:\\\/\\\/www.cidademarketing.com.br\\\/marketing\\\/2019\\\/04\\\/19\\\/ministerio-da-saude-cria-o-movimento-vacina-brasil\\\/#breadcrumb\",\"itemListElement\":[{\"@type\":\"ListItem\",\"position\":1,\"name\":\"In\u00edcio\",\"item\":\"https:\\\/\\\/www.cidademarketing.com.br\\\/marketing\\\/\"},{\"@type\":\"ListItem\",\"position\":2,\"name\":\"Minist\u00e9rio da Sa\u00fade cria o Movimento Vacina Brasil\"}]},{\"@type\":\"WebSite\",\"@id\":\"https:\\\/\\\/www.cidademarketing.com.br\\\/marketing\\\/#website\",\"url\":\"https:\\\/\\\/www.cidademarketing.com.br\\\/marketing\\\/\",\"name\":\"CidadeMarketing\",\"description\":\"Somos um ve\u00edculo de comunica\u00e7\u00e3o de destaque no Brasil, reconhecido por conte\u00fados nos segmentos de marketing, empreendedorismo e inova\u00e7\u00e3o.\",\"publisher\":{\"@id\":\"https:\\\/\\\/www.cidademarketing.com.br\\\/marketing\\\/#organization\"},\"alternateName\":\"CidadeMarketing\",\"potentialAction\":[{\"@type\":\"SearchAction\",\"target\":{\"@type\":\"EntryPoint\",\"urlTemplate\":\"https:\\\/\\\/www.cidademarketing.com.br\\\/marketing\\\/?s={search_term_string}\"},\"query-input\":{\"@type\":\"PropertyValueSpecification\",\"valueRequired\":true,\"valueName\":\"search_term_string\"}}],\"inLanguage\":\"pt-BR\"},{\"@type\":\"Organization\",\"@id\":\"https:\\\/\\\/www.cidademarketing.com.br\\\/marketing\\\/#organization\",\"name\":\"CidadeMarketing\",\"alternateName\":\"CidadeMarketing\",\"url\":\"https:\\\/\\\/www.cidademarketing.com.br\\\/marketing\\\/\",\"logo\":{\"@type\":\"ImageObject\",\"inLanguage\":\"pt-BR\",\"@id\":\"https:\\\/\\\/www.cidademarketing.com.br\\\/marketing\\\/#\\\/schema\\\/logo\\\/image\\\/\",\"url\":\"https:\\\/\\\/www.cidademarketing.com.br\\\/marketing\\\/wp-content\\\/uploads\\\/2020\\\/01\\\/cidademarketing_marca_mobile.png\",\"contentUrl\":\"https:\\\/\\\/www.cidademarketing.com.br\\\/marketing\\\/wp-content\\\/uploads\\\/2020\\\/01\\\/cidademarketing_marca_mobile.png\",\"width\":230,\"height\":92,\"caption\":\"CidadeMarketing\"},\"image\":{\"@id\":\"https:\\\/\\\/www.cidademarketing.com.br\\\/marketing\\\/#\\\/schema\\\/logo\\\/image\\\/\"},\"sameAs\":[\"https:\\\/\\\/www.facebook.com\\\/portalcidademarketing\",\"https:\\\/\\\/x.com\\\/CidadeMarketing\",\"https:\\\/\\\/www.instagram.com\\\/cidademarketing\\\/\"]},{\"@type\":\"Person\",\"@id\":\"https:\\\/\\\/www.cidademarketing.com.br\\\/marketing\\\/#\\\/schema\\\/person\\\/02daff9f18bd9378c9e01eb6b2db155f\",\"name\":\"Thales Brand\u00e3o\",\"image\":{\"@type\":\"ImageObject\",\"inLanguage\":\"pt-BR\",\"@id\":\"https:\\\/\\\/secure.gravatar.com\\\/avatar\\\/7ca3206950207cc3cb48feec56a8a7898741ab725c368d99d5d7a5a50aab80c6?s=96&d=mm&r=g\",\"url\":\"https:\\\/\\\/secure.gravatar.com\\\/avatar\\\/7ca3206950207cc3cb48feec56a8a7898741ab725c368d99d5d7a5a50aab80c6?s=96&d=mm&r=g\",\"contentUrl\":\"https:\\\/\\\/secure.gravatar.com\\\/avatar\\\/7ca3206950207cc3cb48feec56a8a7898741ab725c368d99d5d7a5a50aab80c6?s=96&d=mm&r=g\",\"caption\":\"Thales Brand\u00e3o\"},\"description\":\"Editor Executivo do Portal CidadeMarketing.com.br &gt; Mestre em Comunica\u00e7\u00e3o e Sociedade pela Universidade Federal de Sergipe. Possui MBA Executivo em Administra\u00e7\u00e3o com \u00eanfase em Marketing pela Funda\u00e7\u00e3o Get\u00falio Vargas - Rio de Janeiro. Consultor, Palestrante e Pesquisador sobre Empreendedorismo, Marketing, Redes Sociais e Neg\u00f3cios Digitais. Professor, Palestrante TedxTalks e Campus Party. Twitter: @ThalesBrandao\",\"sameAs\":[\"http:\\\/\\\/www.mandacaru.com.br\",\"https:\\\/\\\/www.facebook.com\\\/thalesbrandao\",\"http:\\\/\\\/www.instagram.com.br\\\/thalesbrandaoferreira\",\"https:\\\/\\\/www.linkedin.com\\\/in\\\/thales-brand\u00e3o-3948609\\\/\",\"https:\\\/\\\/x.com\\\/http:\\\/\\\/www.twitter.com\\\/thalesbrandao\"],\"url\":\"https:\\\/\\\/www.cidademarketing.com.br\\\/marketing\\\/author\\\/thalesbrandao\\\/\"}]}<\/script>\n<!-- \/ Yoast SEO plugin. -->","yoast_head_json":{"title":"Minist\u00e9rio da Sa\u00fade cria o Movimento Vacina Brasil - CidadeMarketing","robots":{"index":"index","follow":"follow","max-snippet":"max-snippet:-1","max-image-preview":"max-image-preview:large","max-video-preview":"max-video-preview:-1"},"canonical":"https:\/\/www.cidademarketing.com.br\/marketing\/2019\/04\/19\/ministerio-da-saude-cria-o-movimento-vacina-brasil\/","og_locale":"pt_BR","og_type":"article","og_title":"Minist\u00e9rio da Sa\u00fade cria o Movimento Vacina Brasil - CidadeMarketing","og_description":"Campanha criada pela Fields360 se transforma em movimento para que doen\u00e7as erradicadas n\u00e3o voltem ao pa\u00eds. No Brasil, o n\u00famero de pessoas vacinadas vem caindo consideravelmente. E isso se deve n\u00e3o s\u00f3 \u00e0 desinforma\u00e7\u00e3o da popula\u00e7\u00e3o e dissemina\u00e7\u00e3o das fake news, mas tamb\u00e9m \u00e0 diminui\u00e7\u00e3o da preocupa\u00e7\u00e3o com doen\u00e7as que foram erradicadas no passado, fazendo [&hellip;]","og_url":"https:\/\/www.cidademarketing.com.br\/marketing\/2019\/04\/19\/ministerio-da-saude-cria-o-movimento-vacina-brasil\/","og_site_name":"CidadeMarketing","article_publisher":"https:\/\/www.facebook.com\/portalcidademarketing","article_author":"https:\/\/www.facebook.com\/thalesbrandao","article_published_time":"2019-04-19T20:50:03+00:00","article_modified_time":"2019-04-19T20:50:05+00:00","og_image":[{"width":1179,"height":550,"url":"https:\/\/www.cidademarketing.com.br\/marketing\/wp-content\/uploads\/2019\/04\/ministeriodasaude_gripe.jpg","type":"image\/jpeg"}],"author":"Thales Brand\u00e3o","twitter_card":"summary_large_image","twitter_creator":"@http:\/\/www.twitter.com\/thalesbrandao","twitter_site":"@CidadeMarketing","twitter_misc":{"Escrito por":"Thales Brand\u00e3o","Est. tempo de leitura":"3 minutos"},"schema":{"@context":"https:\/\/schema.org","@graph":[{"@type":"Article","@id":"https:\/\/www.cidademarketing.com.br\/marketing\/2019\/04\/19\/ministerio-da-saude-cria-o-movimento-vacina-brasil\/#article","isPartOf":{"@id":"https:\/\/www.cidademarketing.com.br\/marketing\/2019\/04\/19\/ministerio-da-saude-cria-o-movimento-vacina-brasil\/"},"author":{"name":"Thales Brand\u00e3o","@id":"https:\/\/www.cidademarketing.com.br\/marketing\/#\/schema\/person\/02daff9f18bd9378c9e01eb6b2db155f"},"headline":"Minist\u00e9rio da Sa\u00fade cria o Movimento Vacina Brasil","datePublished":"2019-04-19T20:50:03+00:00","dateModified":"2019-04-19T20:50:05+00:00","mainEntityOfPage":{"@id":"https:\/\/www.cidademarketing.com.br\/marketing\/2019\/04\/19\/ministerio-da-saude-cria-o-movimento-vacina-brasil\/"},"wordCount":518,"commentCount":0,"publisher":{"@id":"https:\/\/www.cidademarketing.com.br\/marketing\/#organization"},"image":{"@id":"https:\/\/www.cidademarketing.com.br\/marketing\/2019\/04\/19\/ministerio-da-saude-cria-o-movimento-vacina-brasil\/#primaryimage"},"thumbnailUrl":"https:\/\/www.cidademarketing.com.br\/marketing\/wp-content\/uploads\/2019\/04\/ministeriodasaude_gripe.jpg","keywords":["estrat\u00e9gia","fake news","marketing","Minist\u00e9rio da Sa\u00fade"],"articleSection":["Not\u00edcias"],"inLanguage":"pt-BR","potentialAction":[{"@type":"CommentAction","name":"Comment","target":["https:\/\/www.cidademarketing.com.br\/marketing\/2019\/04\/19\/ministerio-da-saude-cria-o-movimento-vacina-brasil\/#respond"]}]},{"@type":"WebPage","@id":"https:\/\/www.cidademarketing.com.br\/marketing\/2019\/04\/19\/ministerio-da-saude-cria-o-movimento-vacina-brasil\/","url":"https:\/\/www.cidademarketing.com.br\/marketing\/2019\/04\/19\/ministerio-da-saude-cria-o-movimento-vacina-brasil\/","name":"Minist\u00e9rio da Sa\u00fade cria o Movimento Vacina Brasil - CidadeMarketing","isPartOf":{"@id":"https:\/\/www.cidademarketing.com.br\/marketing\/#website"},"primaryImageOfPage":{"@id":"https:\/\/www.cidademarketing.com.br\/marketing\/2019\/04\/19\/ministerio-da-saude-cria-o-movimento-vacina-brasil\/#primaryimage"},"image":{"@id":"https:\/\/www.cidademarketing.com.br\/marketing\/2019\/04\/19\/ministerio-da-saude-cria-o-movimento-vacina-brasil\/#primaryimage"},"thumbnailUrl":"https:\/\/www.cidademarketing.com.br\/marketing\/wp-content\/uploads\/2019\/04\/ministeriodasaude_gripe.jpg","datePublished":"2019-04-19T20:50:03+00:00","dateModified":"2019-04-19T20:50:05+00:00","breadcrumb":{"@id":"https:\/\/www.cidademarketing.com.br\/marketing\/2019\/04\/19\/ministerio-da-saude-cria-o-movimento-vacina-brasil\/#breadcrumb"},"inLanguage":"pt-BR","potentialAction":[{"@type":"ReadAction","target":["https:\/\/www.cidademarketing.com.br\/marketing\/2019\/04\/19\/ministerio-da-saude-cria-o-movimento-vacina-brasil\/"]}]},{"@type":"ImageObject","inLanguage":"pt-BR","@id":"https:\/\/www.cidademarketing.com.br\/marketing\/2019\/04\/19\/ministerio-da-saude-cria-o-movimento-vacina-brasil\/#primaryimage","url":"https:\/\/www.cidademarketing.com.br\/marketing\/wp-content\/uploads\/2019\/04\/ministeriodasaude_gripe.jpg","contentUrl":"https:\/\/www.cidademarketing.com.br\/marketing\/wp-content\/uploads\/2019\/04\/ministeriodasaude_gripe.jpg","width":1179,"height":550,"caption":"Reprodu\u00e7\u00e3o"},{"@type":"BreadcrumbList","@id":"https:\/\/www.cidademarketing.com.br\/marketing\/2019\/04\/19\/ministerio-da-saude-cria-o-movimento-vacina-brasil\/#breadcrumb","itemListElement":[{"@type":"ListItem","position":1,"name":"In\u00edcio","item":"https:\/\/www.cidademarketing.com.br\/marketing\/"},{"@type":"ListItem","position":2,"name":"Minist\u00e9rio da Sa\u00fade cria o Movimento Vacina Brasil"}]},{"@type":"WebSite","@id":"https:\/\/www.cidademarketing.com.br\/marketing\/#website","url":"https:\/\/www.cidademarketing.com.br\/marketing\/","name":"CidadeMarketing","description":"Somos um ve\u00edculo de comunica\u00e7\u00e3o de destaque no Brasil, reconhecido por conte\u00fados nos segmentos de marketing, empreendedorismo e inova\u00e7\u00e3o.","publisher":{"@id":"https:\/\/www.cidademarketing.com.br\/marketing\/#organization"},"alternateName":"CidadeMarketing","potentialAction":[{"@type":"SearchAction","target":{"@type":"EntryPoint","urlTemplate":"https:\/\/www.cidademarketing.com.br\/marketing\/?s={search_term_string}"},"query-input":{"@type":"PropertyValueSpecification","valueRequired":true,"valueName":"search_term_string"}}],"inLanguage":"pt-BR"},{"@type":"Organization","@id":"https:\/\/www.cidademarketing.com.br\/marketing\/#organization","name":"CidadeMarketing","alternateName":"CidadeMarketing","url":"https:\/\/www.cidademarketing.com.br\/marketing\/","logo":{"@type":"ImageObject","inLanguage":"pt-BR","@id":"https:\/\/www.cidademarketing.com.br\/marketing\/#\/schema\/logo\/image\/","url":"https:\/\/www.cidademarketing.com.br\/marketing\/wp-content\/uploads\/2020\/01\/cidademarketing_marca_mobile.png","contentUrl":"https:\/\/www.cidademarketing.com.br\/marketing\/wp-content\/uploads\/2020\/01\/cidademarketing_marca_mobile.png","width":230,"height":92,"caption":"CidadeMarketing"},"image":{"@id":"https:\/\/www.cidademarketing.com.br\/marketing\/#\/schema\/logo\/image\/"},"sameAs":["https:\/\/www.facebook.com\/portalcidademarketing","https:\/\/x.com\/CidadeMarketing","https:\/\/www.instagram.com\/cidademarketing\/"]},{"@type":"Person","@id":"https:\/\/www.cidademarketing.com.br\/marketing\/#\/schema\/person\/02daff9f18bd9378c9e01eb6b2db155f","name":"Thales Brand\u00e3o","image":{"@type":"ImageObject","inLanguage":"pt-BR","@id":"https:\/\/secure.gravatar.com\/avatar\/7ca3206950207cc3cb48feec56a8a7898741ab725c368d99d5d7a5a50aab80c6?s=96&d=mm&r=g","url":"https:\/\/secure.gravatar.com\/avatar\/7ca3206950207cc3cb48feec56a8a7898741ab725c368d99d5d7a5a50aab80c6?s=96&d=mm&r=g","contentUrl":"https:\/\/secure.gravatar.com\/avatar\/7ca3206950207cc3cb48feec56a8a7898741ab725c368d99d5d7a5a50aab80c6?s=96&d=mm&r=g","caption":"Thales Brand\u00e3o"},"description":"Editor Executivo do Portal CidadeMarketing.com.br &gt; Mestre em Comunica\u00e7\u00e3o e Sociedade pela Universidade Federal de Sergipe. Possui MBA Executivo em Administra\u00e7\u00e3o com \u00eanfase em Marketing pela Funda\u00e7\u00e3o Get\u00falio Vargas - Rio de Janeiro. Consultor, Palestrante e Pesquisador sobre Empreendedorismo, Marketing, Redes Sociais e Neg\u00f3cios Digitais. Professor, Palestrante TedxTalks e Campus Party. Twitter: @ThalesBrandao","sameAs":["http:\/\/www.mandacaru.com.br","https:\/\/www.facebook.com\/thalesbrandao","http:\/\/www.instagram.com.br\/thalesbrandaoferreira","https:\/\/www.linkedin.com\/in\/thales-brand\u00e3o-3948609\/","https:\/\/x.com\/http:\/\/www.twitter.com\/thalesbrandao"],"url":"https:\/\/www.cidademarketing.com.br\/marketing\/author\/thalesbrandao\/"}]}},"amp_enabled":true,"_links":{"self":[{"href":"https:\/\/www.cidademarketing.com.br\/marketing\/wp-json\/wp\/v2\/posts\/7761","targetHints":{"allow":["GET"]}}],"collection":[{"href":"https:\/\/www.cidademarketing.com.br\/marketing\/wp-json\/wp\/v2\/posts"}],"about":[{"href":"https:\/\/www.cidademarketing.com.br\/marketing\/wp-json\/wp\/v2\/types\/post"}],"author":[{"embeddable":true,"href":"https:\/\/www.cidademarketing.com.br\/marketing\/wp-json\/wp\/v2\/users\/1"}],"replies":[{"embeddable":true,"href":"https:\/\/www.cidademarketing.com.br\/marketing\/wp-json\/wp\/v2\/comments?post=7761"}],"version-history":[{"count":1,"href":"https:\/\/www.cidademarketing.com.br\/marketing\/wp-json\/wp\/v2\/posts\/7761\/revisions"}],"predecessor-version":[{"id":7763,"href":"https:\/\/www.cidademarketing.com.br\/marketing\/wp-json\/wp\/v2\/posts\/7761\/revisions\/7763"}],"wp:featuredmedia":[{"embeddable":true,"href":"https:\/\/www.cidademarketing.com.br\/marketing\/wp-json\/wp\/v2\/media\/7762"}],"wp:attachment":[{"href":"https:\/\/www.cidademarketing.com.br\/marketing\/wp-json\/wp\/v2\/media?parent=7761"}],"wp:term":[{"taxonomy":"category","embeddable":true,"href":"https:\/\/www.cidademarketing.com.br\/marketing\/wp-json\/wp\/v2\/categories?post=7761"},{"taxonomy":"post_tag","embeddable":true,"href":"https:\/\/www.cidademarketing.com.br\/marketing\/wp-json\/wp\/v2\/tags?post=7761"}],"curies":[{"name":"wp","href":"https:\/\/api.w.org\/{rel}","templated":true}]}}