{"id":767,"date":"2010-05-03T22:57:02","date_gmt":"2010-05-04T01:57:02","guid":{"rendered":"http:\/\/www.cidademarketing.com.br\/marketing\/?p=767"},"modified":"2018-07-18T22:57:23","modified_gmt":"2018-07-19T01:57:23","slug":"a-relevancia-e-os-3-es-do-engajamento-social","status":"publish","type":"post","link":"https:\/\/www.cidademarketing.com.br\/marketing\/2010\/05\/03\/a-relevancia-e-os-3-es-do-engajamento-social\/","title":{"rendered":"A Relev\u00e2ncia e os 3 Es do Engajamento Social"},"content":{"rendered":"<p>3Vivemos hoje impactados por um excesso de informa\u00e7\u00f5es enquanto simultaneamente temos uma gama enorme de atividades a fazer &#8211; a aten\u00e7\u00e3o das pessoas est\u00e1 distribu\u00edda entre uma multiplicidade de coisas e informa\u00e7\u00f5es de forma que conseguir chamar a aten\u00e7\u00e3o delas para sua mensagem n\u00e3o \u00e9 f\u00e1cil. \u00c9 a era da <a href=\"http:\/\/en.wikipedia.org\/wiki\/Attention_economy\" target=\"_blank\" rel=\"noopener\">Economia da Aten\u00e7\u00e3o<\/a>\u00a0 e da <a href=\"http:\/\/www.democraticunderground.com\/discuss\/duboard.php?az=view_all&amp;address=364x522424\" target=\"_blank\" rel=\"noopener\">Info-obesidade<\/a> . A aten\u00e7\u00e3o das pessoas est\u00e1 se tornando um bem cada vez mais escasso e disputado. A audi\u00eancia apenas n\u00e3o \u00e9 mais garantia de sucesso, \u00e9 necess\u00e1rio conseguir tamb\u00e9m aten\u00e7\u00e3o!<\/p>\n<p>No entanto, engajar \u00e9 ainda mais complicado do que conseguir aten\u00e7\u00e3o. Engajamento envolve algum tipo de a\u00e7\u00e3o por parte das pessoas depois que foram impactadas pela sua mensagem. Assim, enquanto aten\u00e7\u00e3o se refere a perceber, engajamento se refere a agir. Conseguir motivar uma pessoa para que saia da sua zona de conforto e se mobilize para agir \u00e9 exatamente o que chamamos de engajamento.<\/p>\n<p>Assim, quando uma pessoa telefona ou envia um email para a sua empresa, comenta no seu blog, retuita ou marca como favorita a sua mensagem no Twitter, torna-se seu f\u00e3 no Facebook, divulga ou comenta uma apresenta\u00e7\u00e3o sua no Slideshare, compartilha um v\u00eddeo seu no Youtube, essa pessoa, em algum grau, est\u00e1 engajada com a sua empresa, com sua marca ou com voc\u00ea durante essas a\u00e7\u00f5es. Entretanto, \u00e9 importante salientar que nem todo engajamento \u00e9 positivo para a marca ou empresa. Favoritar um tweet, por exemplo, \u00e9 um engajamento positivo, mas tweetar um #fail sobre algo \u00e9 um engajamento negativo. Apesar do engajamento negativo ser um assunto t\u00e3o importante quanto o positivo, nesse artigo, estamos interessados no engajamento positivo e como consegui-lo.<\/p>\n<p>A aten\u00e7\u00e3o e o engajamento das pessoas em rela\u00e7\u00e3o a algo est\u00e3o diretamente associados \u00e0 relev\u00e2ncia que esse algo tem para a pessoa. Relev\u00e2ncia tamb\u00e9m \u00e9 outra <strong><em>buzzword<\/em><\/strong> do momento, exatamente pela import\u00e2ncia que tem no processo de engajar as pessoas. Podemos entender &#8220;relev\u00e2ncia&#8221; como o interesse que algu\u00e9m tem sobre algo em determinado momento, em dado local. Sim, a relev\u00e2ncia das coisas muda de acordo com o contexto &#8211; tempo e espa\u00e7o. Informa\u00e7\u00f5es sobre onde encontrar um restaurante em New York podem ser muito relevantes quando se est\u00e1 em New York, mas completamente irrelevantes quando se est\u00e1 em S\u00e3o Paulo. O mesmo acontece, por exemplo, com informa\u00e7\u00f5es sobre beb\u00eas &#8211; s\u00e3o muito relevantes quando se tem um beb\u00ea em casa, mas n\u00e3o t\u00eam mais import\u00e2ncia depois que ele cresce. As pessoas t\u00eam diferentes interesses em fun\u00e7\u00e3o do tempo, do contexto, do local. As pessoas n\u00e3o &#8220;s\u00e3o&#8221;, as pessoas &#8220;est\u00e3o&#8221;, e a relev\u00e2ncia muda conforme o estado das pessoas.<\/p>\n<p>Acredito que o esfor\u00e7o para engajar uma pessoa seja inversamente proporcional \u00e0 relev\u00e2ncia que essa pessoa atribui \u00e0 mensagem ou est\u00edmulo que recebe. Como exemplo, podemos dizer que \u00e9 muito mais f\u00e1cil fazer algu\u00e9m que esteja estudando m\u00fasica cl\u00e1ssica comprar um CD de Chopin do que algu\u00e9m que s\u00f3 se interessa por rock e heavy metal. Dessa forma, uma das maneiras mais simples de se conseguir engajamento positivo \u00e9 realmente conhecer muito bem o seu p\u00fablico-alvo e o que \u00e9 relevante para ele naquele momento. \u00c9 isso que o Google faz de forma bastante eficiente com os Links Patrocinados: oferece ao seu usu\u00e1rio um an\u00fancio com um assunto alinhado com o que ele est\u00e1 buscando ou lendo no momento, portanto, relevante para ele naquele instante. As chances de chamar a aten\u00e7\u00e3o e de engajar (com o clique) aumentam bastante devido \u00e0 relev\u00e2ncia.<\/p>\n<p>Assim, a relev\u00e2ncia \u00e9 o caminho natural para o engajamento das pessoas e, portanto, tem sido a solu\u00e7\u00e3o utilizada pelo marketing para se alinhar com o p\u00fablico-alvo. No entanto, se a relev\u00e2ncia \u00e9 o fator chave para engajar, como fazemos para conseguir engajamento quando o assunto tem baixa relev\u00e2ncia para uma pessoa? Situa\u00e7\u00f5es como essas s\u00e3o muito mais comuns do que parecem, principalmente no ambiente corporativo e social. Por exemplo, como fazer com que os funcion\u00e1rios de uma organiza\u00e7\u00e3o passem a utilizar um software espec\u00edfico que \u00e9 importante para a empresa, mas que os funcion\u00e1rios n\u00e3o se interessem, ou seja, n\u00e3o \u00e9 relevante para eles? Como fazer com que as pessoas adquiram h\u00e1bitos ben\u00e9ficos para a sustentabilidade ambiental quando elas n\u00e3o se importam com isso, quando n\u00e3o est\u00e3o interessadas no meio ambiente? Como conseguir que as pessoas descartem lixo eletr\u00f4nico de forma adequada, quando elas n\u00e3o est\u00e3o interessadas nisso e isso ainda trar\u00e1 mais trabalho para elas? Como conseguir mudar a cultura de uma empresa, modificando h\u00e1bitos dos colaboradores quando eles n\u00e3o est\u00e3o interessados na mudan\u00e7a? Em suma, como conseguir engajamento das pessoas em situa\u00e7\u00f5es que n\u00e3o s\u00e3o consideradas relevantes para elas, mas que s\u00e3o muito relevantes ou importantes para uma determinada institui\u00e7\u00e3o, entidade ou sociedade? Certamente \u00e9 bem mais dif\u00edcil do que engajar pessoas por meio da relev\u00e2ncia.<\/p>\n<p>Na disciplina de tr\u00e1fego que tive durante o meu curso de gradua\u00e7\u00e3o (sim, engenharia civil tem uma disciplina sobre tr\u00e2nsito e tr\u00e1fego, como tem tamb\u00e9m sobre pontes, aeroportos, estradas, concreto, etc.) aplicamos a metodologia dos 3 Es para resolver problemas de tr\u00e2nsito, ou seja, organizar o fluxo de pessoas\/autom\u00f3veis que devem agir em prol de um interesse maior que o seu pr\u00f3prio, sendo esse interesse maior nesse caso, o melhor desencadeamento poss\u00edvel do fluxo de pessoas\/autom\u00f3veis minimizando congestionamentos e otimizando o tempo de vaz\u00e3o. Os 3 Es referem-se a <em><strong>Education, Engineering, Enforcement<\/strong><\/em> &#8211; ou, em portugu\u00eas, Educa\u00e7\u00e3o, Engenharia, Execu\u00e7\u00e3o (no sentido de \u2018fazer cumprir&#8217;). Acredito que isso se aplique para qualquer a\u00e7\u00e3o de engajamento em que se deseja que o p\u00fablico-alvo atue de forma contr\u00e1ria aos seus interesses imediatos, tendo-se como meta um objetivo maior, coletivo. Assim, vamos aos 3 Es.<\/p>\n<p>Primeiro E &#8211; a <strong><em>Educa\u00e7\u00e3o<\/em><\/strong>. A educa\u00e7\u00e3o \u00e9 a base dos relacionamentos sociais. Existem diversas teorias sobre como educar, que v\u00e3o al\u00e9m do escopo desse texto. No entanto, o que importa salientar aqui \u00e9 que quando se tem educa\u00e7\u00e3o, ela por si engaja as pessoas com o bem comum relegando a um segundo plano o interesse pessoal. A educa\u00e7\u00e3o, quando incorporada numa popula\u00e7\u00e3o, regula a pr\u00f3pria sociedade. Vamos usar um exemplo bem simples para ilustrar isso. Em comunidades onde a educa\u00e7\u00e3o incorpora a limpeza como valor essencial, as pr\u00f3prias pessoas fiscalizam e recriminam quem joga lixo no ch\u00e3o, inibindo tal comportamento.<\/p>\n<p>Segundo E &#8211; a <em><strong>Engenharia<\/strong><\/em>, ou mais genericamente, processos e tecnologia. Muitas vezes, para se conseguir que as pessoas adquiram educa\u00e7\u00e3o para se engajarem, s\u00e3o necess\u00e1rios processos que as auxiliem. Voltemos ao nosso exemplo anterior, sobre jogar lixo no ch\u00e3o. Mesmo que a popula\u00e7\u00e3o seja educada e n\u00e3o queira jogar lixo no ch\u00e3o, se n\u00e3o houver lixeiras dispon\u00edveis para que elas possam descartar adequadamente o lixo, fica muito dif\u00edcil de exercitar a educa\u00e7\u00e3o, e eventualmente algumas pessoas passar\u00e3o a jogar o lixo em qualquer lugar, inclusive, no ch\u00e3o. Assim, a fun\u00e7\u00e3o do segundo E \u00e9 viabilizar os processos para que o engajamento aconte\u00e7a.<\/p>\n<p>Terceiro E &#8211; <strong><em>Enforcement<\/em><\/strong>, ou \u2018fazer cumprir&#8217;. Em alguns casos mesmo existindo processos, eventualmente eles podem n\u00e3o ser suficientes para engajar quando ainda n\u00e3o existe a educa\u00e7\u00e3o. Se, no nosso exemplo anterior, mesmo existindo lixeiras dispon\u00edveis, as pessoas continuem a jogar lixo no ch\u00e3o, uma das formas de educar \u00e9 por meio de alguma lei que as fa\u00e7am cumprir at\u00e9 que se eduquem e, a\u00ed ent\u00e3o, n\u00e3o se torne mais necess\u00e1rio nenhum tipo de lei e que a pr\u00f3pria sociedade passe a se fiscalizar. Logicamente, em casos como nesse exemplo do lixo, o ideal \u00e9 que a educa\u00e7\u00e3o aconte\u00e7a por meio da cultura e n\u00e3o por imposi\u00e7\u00e3o de leis &#8211; o mundo ideal seria onde n\u00e3o fosse necess\u00e1rio o <em><strong>enforcement<\/strong><\/em>. No entanto, em processos novos, que n\u00e3o existiam na cultura justamente por serem novidades &#8212; como uso de softwares de CRM, sistemas de gest\u00e3o do conhecimento, redes sociais digitais, descarte de lixo eletr\u00f4nico, etc. &#8211;, eventualmente, pode se tornar necess\u00e1rio algum grau de \u2018enforcement&#8217; para levar \u00e0 educa\u00e7\u00e3o. Um exemplo que mostra muito claramente isso foi a educa\u00e7\u00e3o para o uso do cinto de seguran\u00e7a em S\u00e3o Paulo. Apesar das in\u00fameras campanhas de comunica\u00e7\u00e3o informando os riscos e perigos de n\u00e3o se usar o cinto de seguran\u00e7a e mesmo os ve\u00edculos estando equipados com cintos em todos os assentos, as pessoas n\u00e3o adotavam o uso do cinto. Portanto, apesar de se ter os processos (E de <em><strong>Engineering<\/strong><\/em>), n\u00e3o se tinha incorporado a educa\u00e7\u00e3o. A forma de educar foi por meio da lei que aplicava multa aos motoristas pegos sem cinto de seguran\u00e7a. Num primeiro momento, as pessoas usavam os cintos de seguran\u00e7a para n\u00e3o serem multadas (<em><strong>Enforcement<\/strong><\/em>), mas ao longo do tempo, a maioria da popula\u00e7\u00e3o de S\u00e3o Paulo incorporou o uso do cinto na educa\u00e7\u00e3o, e hoje a multa n\u00e3o \u00e9 o motivador principal do seu uso.<\/p>\n<p>Gostaria de propor que o 3\u00ba E, <em><strong>Enforcement<\/strong><\/em>, seja substitu\u00eddo, sempre que poss\u00edvel, por outro E, o de Est\u00edmulo. Ao inv\u00e9s de \u2018fazer cumprir&#8217;, o Est\u00edmulo visa incluir uma premia\u00e7\u00e3o relevante para \u2018incentivar a cumprir&#8217;. Isso faz muito sentido em contextos em que \u00e9 poss\u00edvel premiar, como no Marketing. Quanto mais relevante a premia\u00e7\u00e3o para o p\u00fablico-alvo, mais eficiente o est\u00edmulo para cumprir o proposto e engajar. As campanhas de incentivo de marketing atuam nesse sentido. No entanto, \u00e9 essencial que o est\u00edmulo, da mesma forma que o \u2018enforcement&#8217;, tenha a fun\u00e7\u00e3o de educar para que depois de retirado esse est\u00edmulo\/pr\u00eamio, se tenha alcan\u00e7ado o objetivo de engajar pela educa\u00e7\u00e3o. Muitas campanhas de incentivo falham justamente nesse \u00faltimo aspecto, e quando cessam o est\u00edmulo, cessa a a\u00e7\u00e3o de engajamento, sem deixar educa\u00e7\u00e3o residual.<\/p>\n<p>A Educa\u00e7\u00e3o \u00e9, sem d\u00favida, o E essencial e a base para um engajamento ideal. Os demais Es visam dar suporte \u00e0 educa\u00e7\u00e3o que engaja.\u00a0 Assim, os 3 Es trabalham juntos em diferentes graus para se conseguir engajamento em processos que n\u00e3o t\u00eam a aten\u00e7\u00e3o e o interesse do p\u00fablico-alvo. Logicamente, eles devem ser ajustados caso a caso, conforme o objetivo de engajamento e o contexto.<\/p>\n","protected":false},"excerpt":{"rendered":"<p>3Vivemos hoje impactados por um excesso de informa\u00e7\u00f5es enquanto simultaneamente temos uma gama enorme de atividades a fazer &#8211; a aten\u00e7\u00e3o das pessoas est\u00e1 distribu\u00edda entre uma multiplicidade de coisas e informa\u00e7\u00f5es de forma que conseguir chamar a aten\u00e7\u00e3o delas para sua mensagem n\u00e3o \u00e9 f\u00e1cil. \u00c9 a era da Economia da Aten\u00e7\u00e3o\u00a0 e da [&hellip;]<\/p>\n","protected":false},"author":6,"featured_media":768,"comment_status":"open","ping_status":"open","sticky":false,"template":"","format":"standard","meta":{"tdm_status":"","tdm_grid_status":"","footnotes":""},"categories":[12,18],"tags":[26,174],"class_list":["post-767","post","type-post","status-publish","format-standard","has-post-thumbnail","hentry","category-artigos","category-marthagabriel","tag-marketing-digital","tag-martha-gabriel"],"yoast_head":"<!-- This site is optimized with the Yoast SEO plugin v27.5 - https:\/\/yoast.com\/product\/yoast-seo-wordpress\/ -->\n<title>A Relev\u00e2ncia e os 3 Es do Engajamento Social - CidadeMarketing<\/title>\n<meta name=\"robots\" content=\"index, follow, max-snippet:-1, max-image-preview:large, max-video-preview:-1\" \/>\n<link rel=\"canonical\" href=\"https:\/\/www.cidademarketing.com.br\/marketing\/2010\/05\/03\/a-relevancia-e-os-3-es-do-engajamento-social\/\" \/>\n<meta property=\"og:locale\" content=\"pt_BR\" \/>\n<meta property=\"og:type\" content=\"article\" \/>\n<meta property=\"og:title\" content=\"A Relev\u00e2ncia e os 3 Es do Engajamento Social - CidadeMarketing\" \/>\n<meta property=\"og:description\" content=\"3Vivemos hoje impactados por um excesso de informa\u00e7\u00f5es enquanto simultaneamente temos uma gama enorme de atividades a fazer &#8211; a aten\u00e7\u00e3o das pessoas est\u00e1 distribu\u00edda entre uma multiplicidade de coisas e informa\u00e7\u00f5es de forma que conseguir chamar a aten\u00e7\u00e3o delas para sua mensagem n\u00e3o \u00e9 f\u00e1cil. \u00c9 a era da Economia da Aten\u00e7\u00e3o\u00a0 e da [&hellip;]\" \/>\n<meta property=\"og:url\" content=\"https:\/\/www.cidademarketing.com.br\/marketing\/2010\/05\/03\/a-relevancia-e-os-3-es-do-engajamento-social\/\" \/>\n<meta property=\"og:site_name\" content=\"CidadeMarketing\" \/>\n<meta property=\"article:publisher\" content=\"https:\/\/www.facebook.com\/portalcidademarketing\" \/>\n<meta property=\"article:author\" content=\"http:\/\/facebook.com\/marthagabriel\" \/>\n<meta property=\"article:published_time\" content=\"2010-05-04T01:57:02+00:00\" \/>\n<meta property=\"article:modified_time\" content=\"2018-07-19T01:57:23+00:00\" \/>\n<meta property=\"og:image\" content=\"https:\/\/www.cidademarketing.com.br\/marketing\/wp-content\/uploads\/2018\/07\/engajamentosocial.png\" \/>\n\t<meta property=\"og:image:width\" content=\"500\" \/>\n\t<meta property=\"og:image:height\" content=\"268\" \/>\n\t<meta property=\"og:image:type\" content=\"image\/png\" \/>\n<meta name=\"author\" content=\"Martha Gabriel\" \/>\n<meta name=\"twitter:card\" content=\"summary_large_image\" \/>\n<meta name=\"twitter:creator\" content=\"@https:\/\/twitter.com\/marthagabriel\" \/>\n<meta name=\"twitter:site\" content=\"@CidadeMarketing\" \/>\n<meta name=\"twitter:label1\" content=\"Escrito por\" \/>\n\t<meta name=\"twitter:data1\" content=\"Martha Gabriel\" \/>\n\t<meta name=\"twitter:label2\" content=\"Est. tempo de leitura\" \/>\n\t<meta name=\"twitter:data2\" content=\"9 minutos\" \/>\n<script type=\"application\/ld+json\" class=\"yoast-schema-graph\">{\"@context\":\"https:\\\/\\\/schema.org\",\"@graph\":[{\"@type\":\"Article\",\"@id\":\"https:\\\/\\\/www.cidademarketing.com.br\\\/marketing\\\/2010\\\/05\\\/03\\\/a-relevancia-e-os-3-es-do-engajamento-social\\\/#article\",\"isPartOf\":{\"@id\":\"https:\\\/\\\/www.cidademarketing.com.br\\\/marketing\\\/2010\\\/05\\\/03\\\/a-relevancia-e-os-3-es-do-engajamento-social\\\/\"},\"author\":{\"name\":\"Martha Gabriel\",\"@id\":\"https:\\\/\\\/www.cidademarketing.com.br\\\/marketing\\\/#\\\/schema\\\/person\\\/a3c39004d178658a76449b1d2fe1f032\"},\"headline\":\"A Relev\u00e2ncia e os 3 Es do Engajamento Social\",\"datePublished\":\"2010-05-04T01:57:02+00:00\",\"dateModified\":\"2018-07-19T01:57:23+00:00\",\"mainEntityOfPage\":{\"@id\":\"https:\\\/\\\/www.cidademarketing.com.br\\\/marketing\\\/2010\\\/05\\\/03\\\/a-relevancia-e-os-3-es-do-engajamento-social\\\/\"},\"wordCount\":1814,\"commentCount\":0,\"publisher\":{\"@id\":\"https:\\\/\\\/www.cidademarketing.com.br\\\/marketing\\\/#organization\"},\"image\":{\"@id\":\"https:\\\/\\\/www.cidademarketing.com.br\\\/marketing\\\/2010\\\/05\\\/03\\\/a-relevancia-e-os-3-es-do-engajamento-social\\\/#primaryimage\"},\"thumbnailUrl\":\"https:\\\/\\\/www.cidademarketing.com.br\\\/marketing\\\/wp-content\\\/uploads\\\/2018\\\/07\\\/engajamentosocial.png\",\"keywords\":[\"marketing digital\",\"Martha Gabriel\"],\"articleSection\":[\"Artigos\",\"Martha Gabriel\"],\"inLanguage\":\"pt-BR\",\"potentialAction\":[{\"@type\":\"CommentAction\",\"name\":\"Comment\",\"target\":[\"https:\\\/\\\/www.cidademarketing.com.br\\\/marketing\\\/2010\\\/05\\\/03\\\/a-relevancia-e-os-3-es-do-engajamento-social\\\/#respond\"]}]},{\"@type\":\"WebPage\",\"@id\":\"https:\\\/\\\/www.cidademarketing.com.br\\\/marketing\\\/2010\\\/05\\\/03\\\/a-relevancia-e-os-3-es-do-engajamento-social\\\/\",\"url\":\"https:\\\/\\\/www.cidademarketing.com.br\\\/marketing\\\/2010\\\/05\\\/03\\\/a-relevancia-e-os-3-es-do-engajamento-social\\\/\",\"name\":\"A Relev\u00e2ncia e os 3 Es do Engajamento Social - CidadeMarketing\",\"isPartOf\":{\"@id\":\"https:\\\/\\\/www.cidademarketing.com.br\\\/marketing\\\/#website\"},\"primaryImageOfPage\":{\"@id\":\"https:\\\/\\\/www.cidademarketing.com.br\\\/marketing\\\/2010\\\/05\\\/03\\\/a-relevancia-e-os-3-es-do-engajamento-social\\\/#primaryimage\"},\"image\":{\"@id\":\"https:\\\/\\\/www.cidademarketing.com.br\\\/marketing\\\/2010\\\/05\\\/03\\\/a-relevancia-e-os-3-es-do-engajamento-social\\\/#primaryimage\"},\"thumbnailUrl\":\"https:\\\/\\\/www.cidademarketing.com.br\\\/marketing\\\/wp-content\\\/uploads\\\/2018\\\/07\\\/engajamentosocial.png\",\"datePublished\":\"2010-05-04T01:57:02+00:00\",\"dateModified\":\"2018-07-19T01:57:23+00:00\",\"breadcrumb\":{\"@id\":\"https:\\\/\\\/www.cidademarketing.com.br\\\/marketing\\\/2010\\\/05\\\/03\\\/a-relevancia-e-os-3-es-do-engajamento-social\\\/#breadcrumb\"},\"inLanguage\":\"pt-BR\",\"potentialAction\":[{\"@type\":\"ReadAction\",\"target\":[\"https:\\\/\\\/www.cidademarketing.com.br\\\/marketing\\\/2010\\\/05\\\/03\\\/a-relevancia-e-os-3-es-do-engajamento-social\\\/\"]}]},{\"@type\":\"ImageObject\",\"inLanguage\":\"pt-BR\",\"@id\":\"https:\\\/\\\/www.cidademarketing.com.br\\\/marketing\\\/2010\\\/05\\\/03\\\/a-relevancia-e-os-3-es-do-engajamento-social\\\/#primaryimage\",\"url\":\"https:\\\/\\\/www.cidademarketing.com.br\\\/marketing\\\/wp-content\\\/uploads\\\/2018\\\/07\\\/engajamentosocial.png\",\"contentUrl\":\"https:\\\/\\\/www.cidademarketing.com.br\\\/marketing\\\/wp-content\\\/uploads\\\/2018\\\/07\\\/engajamentosocial.png\",\"width\":500,\"height\":268},{\"@type\":\"BreadcrumbList\",\"@id\":\"https:\\\/\\\/www.cidademarketing.com.br\\\/marketing\\\/2010\\\/05\\\/03\\\/a-relevancia-e-os-3-es-do-engajamento-social\\\/#breadcrumb\",\"itemListElement\":[{\"@type\":\"ListItem\",\"position\":1,\"name\":\"In\u00edcio\",\"item\":\"https:\\\/\\\/www.cidademarketing.com.br\\\/marketing\\\/\"},{\"@type\":\"ListItem\",\"position\":2,\"name\":\"A Relev\u00e2ncia e os 3 Es do Engajamento Social\"}]},{\"@type\":\"WebSite\",\"@id\":\"https:\\\/\\\/www.cidademarketing.com.br\\\/marketing\\\/#website\",\"url\":\"https:\\\/\\\/www.cidademarketing.com.br\\\/marketing\\\/\",\"name\":\"CidadeMarketing\",\"description\":\"Somos um ve\u00edculo de comunica\u00e7\u00e3o de destaque no Brasil, reconhecido por conte\u00fados nos segmentos de marketing, empreendedorismo e inova\u00e7\u00e3o.\",\"publisher\":{\"@id\":\"https:\\\/\\\/www.cidademarketing.com.br\\\/marketing\\\/#organization\"},\"alternateName\":\"CidadeMarketing\",\"potentialAction\":[{\"@type\":\"SearchAction\",\"target\":{\"@type\":\"EntryPoint\",\"urlTemplate\":\"https:\\\/\\\/www.cidademarketing.com.br\\\/marketing\\\/?s={search_term_string}\"},\"query-input\":{\"@type\":\"PropertyValueSpecification\",\"valueRequired\":true,\"valueName\":\"search_term_string\"}}],\"inLanguage\":\"pt-BR\"},{\"@type\":\"Organization\",\"@id\":\"https:\\\/\\\/www.cidademarketing.com.br\\\/marketing\\\/#organization\",\"name\":\"CidadeMarketing\",\"alternateName\":\"CidadeMarketing\",\"url\":\"https:\\\/\\\/www.cidademarketing.com.br\\\/marketing\\\/\",\"logo\":{\"@type\":\"ImageObject\",\"inLanguage\":\"pt-BR\",\"@id\":\"https:\\\/\\\/www.cidademarketing.com.br\\\/marketing\\\/#\\\/schema\\\/logo\\\/image\\\/\",\"url\":\"https:\\\/\\\/www.cidademarketing.com.br\\\/marketing\\\/wp-content\\\/uploads\\\/2020\\\/01\\\/cidademarketing_marca_mobile.png\",\"contentUrl\":\"https:\\\/\\\/www.cidademarketing.com.br\\\/marketing\\\/wp-content\\\/uploads\\\/2020\\\/01\\\/cidademarketing_marca_mobile.png\",\"width\":230,\"height\":92,\"caption\":\"CidadeMarketing\"},\"image\":{\"@id\":\"https:\\\/\\\/www.cidademarketing.com.br\\\/marketing\\\/#\\\/schema\\\/logo\\\/image\\\/\"},\"sameAs\":[\"https:\\\/\\\/www.facebook.com\\\/portalcidademarketing\",\"https:\\\/\\\/x.com\\\/CidadeMarketing\",\"https:\\\/\\\/www.instagram.com\\\/cidademarketing\\\/\"]},{\"@type\":\"Person\",\"@id\":\"https:\\\/\\\/www.cidademarketing.com.br\\\/marketing\\\/#\\\/schema\\\/person\\\/a3c39004d178658a76449b1d2fe1f032\",\"name\":\"Martha Gabriel\",\"image\":{\"@type\":\"ImageObject\",\"inLanguage\":\"pt-BR\",\"@id\":\"https:\\\/\\\/secure.gravatar.com\\\/avatar\\\/7eca9989caaf9418a50008ed5af6715696a9b654b3b72bb7fc618fa8c2f9a456?s=96&d=mm&r=g\",\"url\":\"https:\\\/\\\/secure.gravatar.com\\\/avatar\\\/7eca9989caaf9418a50008ed5af6715696a9b654b3b72bb7fc618fa8c2f9a456?s=96&d=mm&r=g\",\"contentUrl\":\"https:\\\/\\\/secure.gravatar.com\\\/avatar\\\/7eca9989caaf9418a50008ed5af6715696a9b654b3b72bb7fc618fa8c2f9a456?s=96&d=mm&r=g\",\"caption\":\"Martha Gabriel\"},\"description\":\"Martha Gabriel \u00e9 considerada um dos principais pensadores digitais no Brasil. Autora de best sellers, como \\\"Marketing na Era Digital\\\" e \\\"Educ@r: a (r)evolu\u00e7\u00e3o digital na educa\u00e7\u00e3o\\\", finalista do Pr\u00eamio Jabuti, seu mais recente livro, \\\"Voc\u00ea, Eu e os Rob\u00f4s: Pequeno Manual do Mundo Digital\u201d bateu recorde de vendas no lan\u00e7amento. \u00c9 tamb\u00e9m palestrante keynote internacional, tendo realizado mais de 70 palestras no exterior, sendo premiada 3 vezes em congressos nos Estados Unidos. Palestrou tamb\u00e9m em 4 TEDx. Apresentadora da webs\u00e9rie \u201cCaminhos da Inova\u00e7\u00e3o\u201d e do \u201cSEBRAE Digital\u201d da R\u00e1dio Jovem Pan. Rankeada entre os 50 profissionais mais inovadores do mundo digital brasileiro pela ProXXIma e entre os Top 50 Marketing Bloggers mais influentes do mundo pelo KRED. Executiva e consultora nas \u00e1reas de business, inova\u00e7\u00e3o e tend\u00eancias digitais. Engenheira (Unicamp), p\u00f3s graduada em Marketing (ESPM), Design (Belas Artes), mestre e PhD em Artes (ECA\\\/USP), e Educa\u00e7\u00e3o Executiva no MIT com foco em neuroci\u00eancia para lideran\u00e7a e neg\u00f3cios. Professora de p\u00f3s gradua\u00e7\u00e3o na PUC-SP, no TIDD (Tecnologias da Intelig\u00eancia), de MBAs, e faculty internacional da CrossKnowledge.\",\"sameAs\":[\"https:\\\/\\\/www.martha.com.br\\\/\",\"http:\\\/\\\/facebook.com\\\/marthagabriel\",\"https:\\\/\\\/www.instagram.com\\\/marthagabriel\\\/?hl=pt-br\",\"http:\\\/\\\/linkedin.com\\\/in\\\/marthagabriel\",\"https:\\\/\\\/x.com\\\/https:\\\/\\\/twitter.com\\\/marthagabriel\",\"http:\\\/\\\/www.youtube.com\\\/marthaccgabriel\"],\"url\":\"https:\\\/\\\/www.cidademarketing.com.br\\\/marketing\\\/author\\\/martha\\\/\"}]}<\/script>\n<!-- \/ Yoast SEO plugin. -->","yoast_head_json":{"title":"A Relev\u00e2ncia e os 3 Es do Engajamento Social - CidadeMarketing","robots":{"index":"index","follow":"follow","max-snippet":"max-snippet:-1","max-image-preview":"max-image-preview:large","max-video-preview":"max-video-preview:-1"},"canonical":"https:\/\/www.cidademarketing.com.br\/marketing\/2010\/05\/03\/a-relevancia-e-os-3-es-do-engajamento-social\/","og_locale":"pt_BR","og_type":"article","og_title":"A Relev\u00e2ncia e os 3 Es do Engajamento Social - CidadeMarketing","og_description":"3Vivemos hoje impactados por um excesso de informa\u00e7\u00f5es enquanto simultaneamente temos uma gama enorme de atividades a fazer &#8211; a aten\u00e7\u00e3o das pessoas est\u00e1 distribu\u00edda entre uma multiplicidade de coisas e informa\u00e7\u00f5es de forma que conseguir chamar a aten\u00e7\u00e3o delas para sua mensagem n\u00e3o \u00e9 f\u00e1cil. \u00c9 a era da Economia da Aten\u00e7\u00e3o\u00a0 e da [&hellip;]","og_url":"https:\/\/www.cidademarketing.com.br\/marketing\/2010\/05\/03\/a-relevancia-e-os-3-es-do-engajamento-social\/","og_site_name":"CidadeMarketing","article_publisher":"https:\/\/www.facebook.com\/portalcidademarketing","article_author":"http:\/\/facebook.com\/marthagabriel","article_published_time":"2010-05-04T01:57:02+00:00","article_modified_time":"2018-07-19T01:57:23+00:00","og_image":[{"width":500,"height":268,"url":"https:\/\/www.cidademarketing.com.br\/marketing\/wp-content\/uploads\/2018\/07\/engajamentosocial.png","type":"image\/png"}],"author":"Martha Gabriel","twitter_card":"summary_large_image","twitter_creator":"@https:\/\/twitter.com\/marthagabriel","twitter_site":"@CidadeMarketing","twitter_misc":{"Escrito por":"Martha Gabriel","Est. tempo de leitura":"9 minutos"},"schema":{"@context":"https:\/\/schema.org","@graph":[{"@type":"Article","@id":"https:\/\/www.cidademarketing.com.br\/marketing\/2010\/05\/03\/a-relevancia-e-os-3-es-do-engajamento-social\/#article","isPartOf":{"@id":"https:\/\/www.cidademarketing.com.br\/marketing\/2010\/05\/03\/a-relevancia-e-os-3-es-do-engajamento-social\/"},"author":{"name":"Martha Gabriel","@id":"https:\/\/www.cidademarketing.com.br\/marketing\/#\/schema\/person\/a3c39004d178658a76449b1d2fe1f032"},"headline":"A Relev\u00e2ncia e os 3 Es do Engajamento Social","datePublished":"2010-05-04T01:57:02+00:00","dateModified":"2018-07-19T01:57:23+00:00","mainEntityOfPage":{"@id":"https:\/\/www.cidademarketing.com.br\/marketing\/2010\/05\/03\/a-relevancia-e-os-3-es-do-engajamento-social\/"},"wordCount":1814,"commentCount":0,"publisher":{"@id":"https:\/\/www.cidademarketing.com.br\/marketing\/#organization"},"image":{"@id":"https:\/\/www.cidademarketing.com.br\/marketing\/2010\/05\/03\/a-relevancia-e-os-3-es-do-engajamento-social\/#primaryimage"},"thumbnailUrl":"https:\/\/www.cidademarketing.com.br\/marketing\/wp-content\/uploads\/2018\/07\/engajamentosocial.png","keywords":["marketing digital","Martha Gabriel"],"articleSection":["Artigos","Martha Gabriel"],"inLanguage":"pt-BR","potentialAction":[{"@type":"CommentAction","name":"Comment","target":["https:\/\/www.cidademarketing.com.br\/marketing\/2010\/05\/03\/a-relevancia-e-os-3-es-do-engajamento-social\/#respond"]}]},{"@type":"WebPage","@id":"https:\/\/www.cidademarketing.com.br\/marketing\/2010\/05\/03\/a-relevancia-e-os-3-es-do-engajamento-social\/","url":"https:\/\/www.cidademarketing.com.br\/marketing\/2010\/05\/03\/a-relevancia-e-os-3-es-do-engajamento-social\/","name":"A Relev\u00e2ncia e os 3 Es do Engajamento Social - CidadeMarketing","isPartOf":{"@id":"https:\/\/www.cidademarketing.com.br\/marketing\/#website"},"primaryImageOfPage":{"@id":"https:\/\/www.cidademarketing.com.br\/marketing\/2010\/05\/03\/a-relevancia-e-os-3-es-do-engajamento-social\/#primaryimage"},"image":{"@id":"https:\/\/www.cidademarketing.com.br\/marketing\/2010\/05\/03\/a-relevancia-e-os-3-es-do-engajamento-social\/#primaryimage"},"thumbnailUrl":"https:\/\/www.cidademarketing.com.br\/marketing\/wp-content\/uploads\/2018\/07\/engajamentosocial.png","datePublished":"2010-05-04T01:57:02+00:00","dateModified":"2018-07-19T01:57:23+00:00","breadcrumb":{"@id":"https:\/\/www.cidademarketing.com.br\/marketing\/2010\/05\/03\/a-relevancia-e-os-3-es-do-engajamento-social\/#breadcrumb"},"inLanguage":"pt-BR","potentialAction":[{"@type":"ReadAction","target":["https:\/\/www.cidademarketing.com.br\/marketing\/2010\/05\/03\/a-relevancia-e-os-3-es-do-engajamento-social\/"]}]},{"@type":"ImageObject","inLanguage":"pt-BR","@id":"https:\/\/www.cidademarketing.com.br\/marketing\/2010\/05\/03\/a-relevancia-e-os-3-es-do-engajamento-social\/#primaryimage","url":"https:\/\/www.cidademarketing.com.br\/marketing\/wp-content\/uploads\/2018\/07\/engajamentosocial.png","contentUrl":"https:\/\/www.cidademarketing.com.br\/marketing\/wp-content\/uploads\/2018\/07\/engajamentosocial.png","width":500,"height":268},{"@type":"BreadcrumbList","@id":"https:\/\/www.cidademarketing.com.br\/marketing\/2010\/05\/03\/a-relevancia-e-os-3-es-do-engajamento-social\/#breadcrumb","itemListElement":[{"@type":"ListItem","position":1,"name":"In\u00edcio","item":"https:\/\/www.cidademarketing.com.br\/marketing\/"},{"@type":"ListItem","position":2,"name":"A Relev\u00e2ncia e os 3 Es do Engajamento Social"}]},{"@type":"WebSite","@id":"https:\/\/www.cidademarketing.com.br\/marketing\/#website","url":"https:\/\/www.cidademarketing.com.br\/marketing\/","name":"CidadeMarketing","description":"Somos um ve\u00edculo de comunica\u00e7\u00e3o de destaque no Brasil, reconhecido por conte\u00fados nos segmentos de marketing, empreendedorismo e inova\u00e7\u00e3o.","publisher":{"@id":"https:\/\/www.cidademarketing.com.br\/marketing\/#organization"},"alternateName":"CidadeMarketing","potentialAction":[{"@type":"SearchAction","target":{"@type":"EntryPoint","urlTemplate":"https:\/\/www.cidademarketing.com.br\/marketing\/?s={search_term_string}"},"query-input":{"@type":"PropertyValueSpecification","valueRequired":true,"valueName":"search_term_string"}}],"inLanguage":"pt-BR"},{"@type":"Organization","@id":"https:\/\/www.cidademarketing.com.br\/marketing\/#organization","name":"CidadeMarketing","alternateName":"CidadeMarketing","url":"https:\/\/www.cidademarketing.com.br\/marketing\/","logo":{"@type":"ImageObject","inLanguage":"pt-BR","@id":"https:\/\/www.cidademarketing.com.br\/marketing\/#\/schema\/logo\/image\/","url":"https:\/\/www.cidademarketing.com.br\/marketing\/wp-content\/uploads\/2020\/01\/cidademarketing_marca_mobile.png","contentUrl":"https:\/\/www.cidademarketing.com.br\/marketing\/wp-content\/uploads\/2020\/01\/cidademarketing_marca_mobile.png","width":230,"height":92,"caption":"CidadeMarketing"},"image":{"@id":"https:\/\/www.cidademarketing.com.br\/marketing\/#\/schema\/logo\/image\/"},"sameAs":["https:\/\/www.facebook.com\/portalcidademarketing","https:\/\/x.com\/CidadeMarketing","https:\/\/www.instagram.com\/cidademarketing\/"]},{"@type":"Person","@id":"https:\/\/www.cidademarketing.com.br\/marketing\/#\/schema\/person\/a3c39004d178658a76449b1d2fe1f032","name":"Martha Gabriel","image":{"@type":"ImageObject","inLanguage":"pt-BR","@id":"https:\/\/secure.gravatar.com\/avatar\/7eca9989caaf9418a50008ed5af6715696a9b654b3b72bb7fc618fa8c2f9a456?s=96&d=mm&r=g","url":"https:\/\/secure.gravatar.com\/avatar\/7eca9989caaf9418a50008ed5af6715696a9b654b3b72bb7fc618fa8c2f9a456?s=96&d=mm&r=g","contentUrl":"https:\/\/secure.gravatar.com\/avatar\/7eca9989caaf9418a50008ed5af6715696a9b654b3b72bb7fc618fa8c2f9a456?s=96&d=mm&r=g","caption":"Martha Gabriel"},"description":"Martha Gabriel \u00e9 considerada um dos principais pensadores digitais no Brasil. Autora de best sellers, como \"Marketing na Era Digital\" e \"Educ@r: a (r)evolu\u00e7\u00e3o digital na educa\u00e7\u00e3o\", finalista do Pr\u00eamio Jabuti, seu mais recente livro, \"Voc\u00ea, Eu e os Rob\u00f4s: Pequeno Manual do Mundo Digital\u201d bateu recorde de vendas no lan\u00e7amento. \u00c9 tamb\u00e9m palestrante keynote internacional, tendo realizado mais de 70 palestras no exterior, sendo premiada 3 vezes em congressos nos Estados Unidos. Palestrou tamb\u00e9m em 4 TEDx. Apresentadora da webs\u00e9rie \u201cCaminhos da Inova\u00e7\u00e3o\u201d e do \u201cSEBRAE Digital\u201d da R\u00e1dio Jovem Pan. Rankeada entre os 50 profissionais mais inovadores do mundo digital brasileiro pela ProXXIma e entre os Top 50 Marketing Bloggers mais influentes do mundo pelo KRED. Executiva e consultora nas \u00e1reas de business, inova\u00e7\u00e3o e tend\u00eancias digitais. Engenheira (Unicamp), p\u00f3s graduada em Marketing (ESPM), Design (Belas Artes), mestre e PhD em Artes (ECA\/USP), e Educa\u00e7\u00e3o Executiva no MIT com foco em neuroci\u00eancia para lideran\u00e7a e neg\u00f3cios. Professora de p\u00f3s gradua\u00e7\u00e3o na PUC-SP, no TIDD (Tecnologias da Intelig\u00eancia), de MBAs, e faculty internacional da CrossKnowledge.","sameAs":["https:\/\/www.martha.com.br\/","http:\/\/facebook.com\/marthagabriel","https:\/\/www.instagram.com\/marthagabriel\/?hl=pt-br","http:\/\/linkedin.com\/in\/marthagabriel","https:\/\/x.com\/https:\/\/twitter.com\/marthagabriel","http:\/\/www.youtube.com\/marthaccgabriel"],"url":"https:\/\/www.cidademarketing.com.br\/marketing\/author\/martha\/"}]}},"amp_enabled":true,"_links":{"self":[{"href":"https:\/\/www.cidademarketing.com.br\/marketing\/wp-json\/wp\/v2\/posts\/767","targetHints":{"allow":["GET"]}}],"collection":[{"href":"https:\/\/www.cidademarketing.com.br\/marketing\/wp-json\/wp\/v2\/posts"}],"about":[{"href":"https:\/\/www.cidademarketing.com.br\/marketing\/wp-json\/wp\/v2\/types\/post"}],"author":[{"embeddable":true,"href":"https:\/\/www.cidademarketing.com.br\/marketing\/wp-json\/wp\/v2\/users\/6"}],"replies":[{"embeddable":true,"href":"https:\/\/www.cidademarketing.com.br\/marketing\/wp-json\/wp\/v2\/comments?post=767"}],"version-history":[{"count":2,"href":"https:\/\/www.cidademarketing.com.br\/marketing\/wp-json\/wp\/v2\/posts\/767\/revisions"}],"predecessor-version":[{"id":770,"href":"https:\/\/www.cidademarketing.com.br\/marketing\/wp-json\/wp\/v2\/posts\/767\/revisions\/770"}],"wp:featuredmedia":[{"embeddable":true,"href":"https:\/\/www.cidademarketing.com.br\/marketing\/wp-json\/wp\/v2\/media\/768"}],"wp:attachment":[{"href":"https:\/\/www.cidademarketing.com.br\/marketing\/wp-json\/wp\/v2\/media?parent=767"}],"wp:term":[{"taxonomy":"category","embeddable":true,"href":"https:\/\/www.cidademarketing.com.br\/marketing\/wp-json\/wp\/v2\/categories?post=767"},{"taxonomy":"post_tag","embeddable":true,"href":"https:\/\/www.cidademarketing.com.br\/marketing\/wp-json\/wp\/v2\/tags?post=767"}],"curies":[{"name":"wp","href":"https:\/\/api.w.org\/{rel}","templated":true}]}}