{"id":7609,"date":"2019-04-13T21:33:19","date_gmt":"2019-04-14T00:33:19","guid":{"rendered":"http:\/\/www.cidademarketing.com.br\/marketing\/?p=7609"},"modified":"2019-04-13T21:33:22","modified_gmt":"2019-04-14T00:33:22","slug":"samsung-lanca-modelo-galaxy-a8-para-os-nativos-digitais","status":"publish","type":"post","link":"https:\/\/www.cidademarketing.com.br\/marketing\/2019\/04\/13\/samsung-lanca-modelo-galaxy-a8-para-os-nativos-digitais\/","title":{"rendered":"Samsung lan\u00e7a modelo Galaxy A8 para os nativos digitais"},"content":{"rendered":"\n<p>A <strong>Samsung Electronics Co. Ltd.<\/strong> apresenta o novo\nGalaxy A80, um smartphone criado para a maneira como as pessoas est\u00e3o\nenvolvidas na Era da Live. Os consumidores est\u00e3o usando cada vez mais seus smartphones\npara compartilhar intera\u00e7\u00f5es ao vivo: fazendo fotos espont\u00e2neas, transmitindo\nv\u00eddeos ao vivo e conectando-se sobre experi\u00eancias compartilhadas que est\u00e3o\nacontecendo no momento. Estamos saindo da \u201cera da selfie\u201d para a \u201cera da live\u201d,\nem que as pessoas est\u00e3o promovendo conex\u00f5es mais genu\u00ednas e significativas.\nDesenvolvido para impulsionar essa evolu\u00e7\u00e3o, o Galaxy A80 oferece inova\u00e7\u00f5es\natraentes: uma tela cheia cativante, a primeira e revolucion\u00e1ria c\u00e2mera\nrotativa da Samsung e uma bateria inteligente.<\/p>\n\n\n\n<p>\u201cOs consumidores est\u00e3o no centro de tudo o que\nfazemos e buscam dispositivos personalizados para seu estilo de vida\nespec\u00edfico. Munida de experi\u00eancia, recursos globais e grande conhecimento sobre\nos consumidores, a Samsung ocupa uma posi\u00e7\u00e3o \u00fanica para oferecer inova\u00e7\u00f5es a\ntodos\u201d, disse DJ Koh, presidente e CEO da divis\u00e3o de TI e Comunica\u00e7\u00f5es M\u00f3veis\nda Samsung Electronics. \u201cA s\u00e9rie Galaxy A oferece uma gama de modelos para que\ncada um possa escolher o smartphone que se adapte \u00e0s suas necessidades exclusivas\ne lhe permita ir atr\u00e1s de suas paix\u00f5es. O Galaxy A80 oferece recursos premium\npara nativos digitais que querem se envolver totalmente na Era da Live.\u201d<\/p>\n\n\n\n<p><strong>Capta\u00e7\u00e3o do mundo como o usu\u00e1rio o v\u00ea <\/strong><\/p>\n\n\n\n<p>Criado com a primeira c\u00e2mera rotativa da\nSamsung, o Galaxy A80 permite que as pessoas capturem perfeitamente o mundo ao\nseu redor. As tr\u00eas c\u00e2meras s\u00e3o ativadas automaticamente na parte de tr\u00e1s do\ntelefone quando os usu\u00e1rios iniciam o aplicativo da c\u00e2mera. O inovador\nmecanismo da c\u00e2mera gira quando os usu\u00e1rios selecionam o modo selfie para\noferecer a mesma experi\u00eancia extraordin\u00e1ria de c\u00e2mera tripla.<\/p>\n\n\n\n<p>Com a combina\u00e7\u00e3o de recursos inteligentes,\nagora \u00e9 poss\u00edvel aproveitar ao m\u00e1ximo suas fotos. Essa c\u00e2mera adapt\u00e1vel e\ndin\u00e2mica permite uma experi\u00eancia intuitiva com a mesma lente de alta resolu\u00e7\u00e3o,\ndianteira e traseira, para que o consumidor nunca precise sacrificar a\nqualidade<sup>1<\/sup>. Com a c\u00e2mera principal de 48MP, os usu\u00e1rios podem agora\ngravar imagens seja de dia ou de noite. A C\u00e2mera de Profundidade 3D do Galaxy\nA80 proporciona cen\u00e1rio n\u00e3o apenas para fotos, mas tamb\u00e9m v\u00eddeos, escaneando\nobjetos para medi\u00e7\u00e3o e profundidade. Al\u00e9m disso, a lente UltraWide oferece o\nmesmo \u00e2ngulo de vis\u00e3o do olho humano<sup>2<\/sup>.<\/p>\n\n\n\n<p>O modo de v\u00eddeo Super Est\u00e1vel (<em>Super Steady<\/em>)\najuda o usu\u00e1rio a capturar conte\u00fado com facilidade, reduzindo o tremido para\ngarantir v\u00eddeos de a\u00e7\u00e3o suaves e de n\u00edvel profissional. E com outros recursos\ninteligentes de c\u00e2mera, como o Otimizador de Cena, que pode reconhecer e\nmelhorar at\u00e9 30 cenas, e a Detec\u00e7\u00e3o de Falhas, que identifica automaticamente\nas falhas antes de clicar, o consumidor nunca perder\u00e1 a foto perfeita<sup>3<\/sup>.<\/p>\n\n\n\n<p><strong>Desfrute de experi\u00eancias multim\u00eddia imersivas<\/strong><\/p>\n\n\n\n<p>Gra\u00e7as \u00e0 c\u00e2mera rotativa, os usu\u00e1rios podem ter\numa vis\u00e3o desimpedida com o novo Display Infinito da Samsung. Com a tela FHD+\nSuper AMOLED de 6,7 polegadas, o Galaxy A80 oferece conte\u00fado com detalhes\nv\u00edvidos, permitindo que o consumidor mergulhe totalmente em cada jogo, v\u00eddeo,\nfoto e hist\u00f3ria.<\/p>\n\n\n\n<p>O Dolby Atmos do Galaxy A80 permite que o usu\u00e1rio\nse deixe levar pelo som com uma experi\u00eancia em 360 graus usando os fones de\nouvido ou alto-falantes Bluetooth.&nbsp; <\/p>\n\n\n\n<p><strong>Fique conectado por mais tempo<\/strong><\/p>\n\n\n\n<p>A bateria de 3.700mAh do Galaxy A80 e seu\nrecurso de carregamento super-r\u00e1pido de 25W mant\u00eam o usu\u00e1rio conectado por mais\ntempo e oferecem mais liberdade, j\u00e1 que ele pode carregar o smartphone\nrapidamente e n\u00e3o perder um momento sequer.<\/p>\n\n\n\n<p>O Galaxy A80 tamb\u00e9m possui uma bateria\ninteligente que aprende a rotina di\u00e1ria e seus padr\u00f5es de uso de aplicativos\npara otimizar o consumo de energia do telefone. O Modo de Economia de Energia\nAdapt\u00e1vel d\u00e1 aos usu\u00e1rios a seguran\u00e7a de saber que a bateria inteligente est\u00e1\nfuncionando com mais efici\u00eancia para o melhor desempenho necess\u00e1rio. <\/p>\n\n\n\n<p><strong>Acesso ao que o usu\u00e1rio precisa, quando\nprecisar, com total seguran\u00e7a<\/strong><\/p>\n\n\n\n<p>O Intensificador Inteligente de Desempenho do\nGalaxy A80 conta com software de otimiza\u00e7\u00e3o de desempenho por Intelig\u00eancia\nArtificial (IA), que ajusta bateria, CPU, RAM e a temperatura do seu\ndispositivo com base no seu uso particular, ajudando seu telefone a trabalhar\nmais e abrindo aplicativos mais rapidamente quando precisar deles.<\/p>\n\n\n\n<p>O Bixby Rotinas aprende os padr\u00f5es de uso de\naplicativos e funcionalidades e analisa os h\u00e1bitos para saber de quais recursos\nprecisa, e quando precisa deles. Ele automatiza as tarefas e aplicativos do dia\na dia com base na rotina, tal como dirigir ou estar no trabalho.<\/p>\n\n\n\n<p>Com a for\u00e7a do Samsung Knox, a plataforma de\nseguran\u00e7a da Samsung, desenvolvida para proteger do chipset aos softwares, os\nusu\u00e1rios podem aproveitar com seguran\u00e7a a liberdade de conex\u00e3o no Galaxy A80.\nEnt\u00e3o, \u00e9 poss\u00edvel usar o Samsung Pass para acessar aplicativos e sites atrav\u00e9s\nda autentica\u00e7\u00e3o biom\u00e9trica. Para aumentar a facilidade, um leitor de impress\u00e3o\ndigital foi incorporado \u00e0 tela, de modo que os usu\u00e1rios podem desbloquear o\ntelefone intuitivamente<sup>4<\/sup>.<\/p>\n\n\n\n<p>Para complementar o estilo de vida ativo dos\nusu\u00e1rios, o Galaxy A80 inclui Bixby ativado por bot\u00e3o ou viva voz. Assim, os\nusu\u00e1rios podem se conectar \u00e0s informa\u00e7\u00f5es necess\u00e1rias de forma mais pr\u00e1tica.\nTamb\u00e9m podem acessar facilmente outros recursos, como o Bixby Vision, o Bixby\nHome e o Reminder. <\/p>\n\n\n\n<p><strong>Expresse o estilo com um design elegante <\/strong><\/p>\n\n\n\n<p>O Galaxy A80 est\u00e1 dispon\u00edvel<sup>5<\/sup>\nglobalmente em tr\u00eas cores: Ros\u00ea, Prata e Preto. <\/p>\n\n\n\n<p>O design elegante do Galaxy A80 e a anatomia confort\u00e1vel\ne ergon\u00f4mica garantem que ele se encaixe perfeitamente na m\u00e3o.<\/p>\n\n\n\n<p>Informa\u00e7\u00f5es sobre o lan\u00e7amento do produto no\npa\u00eds ser\u00e3o compartilhadas em breve.<\/p>\n","protected":false},"excerpt":{"rendered":"<p>A Samsung Electronics Co. Ltd. apresenta o novo Galaxy A80, um smartphone criado para a maneira como as pessoas est\u00e3o envolvidas na Era da Live. Os consumidores est\u00e3o usando cada vez mais seus smartphones para compartilhar intera\u00e7\u00f5es ao vivo: fazendo fotos espont\u00e2neas, transmitindo v\u00eddeos ao vivo e conectando-se sobre experi\u00eancias compartilhadas que est\u00e3o acontecendo no [&hellip;]<\/p>\n","protected":false},"author":1,"featured_media":7610,"comment_status":"open","ping_status":"open","sticky":false,"template":"","format":"standard","meta":{"tdm_status":"","tdm_grid_status":"","footnotes":""},"categories":[6],"tags":[66,73],"class_list":["post-7609","post","type-post","status-publish","format-standard","has-post-thumbnail","hentry","category-noticias","tag-propaganda","tag-samsung"],"yoast_head":"<!-- This site is optimized with the Yoast SEO plugin v27.5 - https:\/\/yoast.com\/product\/yoast-seo-wordpress\/ -->\n<title>Samsung lan\u00e7a modelo Galaxy A8 para os nativos digitais - CidadeMarketing<\/title>\n<meta name=\"robots\" content=\"index, follow, max-snippet:-1, max-image-preview:large, max-video-preview:-1\" \/>\n<link rel=\"canonical\" href=\"https:\/\/www.cidademarketing.com.br\/marketing\/2019\/04\/13\/samsung-lanca-modelo-galaxy-a8-para-os-nativos-digitais\/\" \/>\n<meta property=\"og:locale\" content=\"pt_BR\" \/>\n<meta property=\"og:type\" content=\"article\" \/>\n<meta property=\"og:title\" content=\"Samsung lan\u00e7a modelo Galaxy A8 para os nativos digitais - CidadeMarketing\" \/>\n<meta property=\"og:description\" content=\"A Samsung Electronics Co. Ltd. apresenta o novo Galaxy A80, um smartphone criado para a maneira como as pessoas est\u00e3o envolvidas na Era da Live. Os consumidores est\u00e3o usando cada vez mais seus smartphones para compartilhar intera\u00e7\u00f5es ao vivo: fazendo fotos espont\u00e2neas, transmitindo v\u00eddeos ao vivo e conectando-se sobre experi\u00eancias compartilhadas que est\u00e3o acontecendo no [&hellip;]\" \/>\n<meta property=\"og:url\" content=\"https:\/\/www.cidademarketing.com.br\/marketing\/2019\/04\/13\/samsung-lanca-modelo-galaxy-a8-para-os-nativos-digitais\/\" \/>\n<meta property=\"og:site_name\" content=\"CidadeMarketing\" \/>\n<meta property=\"article:publisher\" content=\"https:\/\/www.facebook.com\/portalcidademarketing\" \/>\n<meta property=\"article:author\" content=\"https:\/\/www.facebook.com\/thalesbrandao\" \/>\n<meta property=\"article:published_time\" content=\"2019-04-14T00:33:19+00:00\" \/>\n<meta property=\"article:modified_time\" content=\"2019-04-14T00:33:22+00:00\" \/>\n<meta property=\"og:image\" content=\"https:\/\/www.cidademarketing.com.br\/marketing\/wp-content\/uploads\/2019\/04\/samsung_galaxy_a80.jpg\" \/>\n\t<meta property=\"og:image:width\" content=\"477\" \/>\n\t<meta property=\"og:image:height\" content=\"267\" \/>\n\t<meta property=\"og:image:type\" content=\"image\/jpeg\" \/>\n<meta name=\"author\" content=\"Thales Brand\u00e3o\" \/>\n<meta name=\"twitter:card\" content=\"summary_large_image\" \/>\n<meta name=\"twitter:creator\" content=\"@http:\/\/www.twitter.com\/thalesbrandao\" \/>\n<meta name=\"twitter:site\" content=\"@CidadeMarketing\" \/>\n<meta name=\"twitter:label1\" content=\"Escrito por\" \/>\n\t<meta name=\"twitter:data1\" content=\"Thales Brand\u00e3o\" \/>\n\t<meta name=\"twitter:label2\" content=\"Est. tempo de leitura\" \/>\n\t<meta name=\"twitter:data2\" content=\"5 minutos\" \/>\n<script type=\"application\/ld+json\" class=\"yoast-schema-graph\">{\"@context\":\"https:\\\/\\\/schema.org\",\"@graph\":[{\"@type\":\"Article\",\"@id\":\"https:\\\/\\\/www.cidademarketing.com.br\\\/marketing\\\/2019\\\/04\\\/13\\\/samsung-lanca-modelo-galaxy-a8-para-os-nativos-digitais\\\/#article\",\"isPartOf\":{\"@id\":\"https:\\\/\\\/www.cidademarketing.com.br\\\/marketing\\\/2019\\\/04\\\/13\\\/samsung-lanca-modelo-galaxy-a8-para-os-nativos-digitais\\\/\"},\"author\":{\"name\":\"Thales Brand\u00e3o\",\"@id\":\"https:\\\/\\\/www.cidademarketing.com.br\\\/marketing\\\/#\\\/schema\\\/person\\\/02daff9f18bd9378c9e01eb6b2db155f\"},\"headline\":\"Samsung lan\u00e7a modelo Galaxy A8 para os nativos digitais\",\"datePublished\":\"2019-04-14T00:33:19+00:00\",\"dateModified\":\"2019-04-14T00:33:22+00:00\",\"mainEntityOfPage\":{\"@id\":\"https:\\\/\\\/www.cidademarketing.com.br\\\/marketing\\\/2019\\\/04\\\/13\\\/samsung-lanca-modelo-galaxy-a8-para-os-nativos-digitais\\\/\"},\"wordCount\":1042,\"commentCount\":0,\"publisher\":{\"@id\":\"https:\\\/\\\/www.cidademarketing.com.br\\\/marketing\\\/#organization\"},\"image\":{\"@id\":\"https:\\\/\\\/www.cidademarketing.com.br\\\/marketing\\\/2019\\\/04\\\/13\\\/samsung-lanca-modelo-galaxy-a8-para-os-nativos-digitais\\\/#primaryimage\"},\"thumbnailUrl\":\"https:\\\/\\\/www.cidademarketing.com.br\\\/marketing\\\/wp-content\\\/uploads\\\/2019\\\/04\\\/samsung_galaxy_a80.jpg\",\"keywords\":[\"propaganda\",\"Samsung\"],\"articleSection\":[\"Not\u00edcias\"],\"inLanguage\":\"pt-BR\",\"potentialAction\":[{\"@type\":\"CommentAction\",\"name\":\"Comment\",\"target\":[\"https:\\\/\\\/www.cidademarketing.com.br\\\/marketing\\\/2019\\\/04\\\/13\\\/samsung-lanca-modelo-galaxy-a8-para-os-nativos-digitais\\\/#respond\"]}]},{\"@type\":\"WebPage\",\"@id\":\"https:\\\/\\\/www.cidademarketing.com.br\\\/marketing\\\/2019\\\/04\\\/13\\\/samsung-lanca-modelo-galaxy-a8-para-os-nativos-digitais\\\/\",\"url\":\"https:\\\/\\\/www.cidademarketing.com.br\\\/marketing\\\/2019\\\/04\\\/13\\\/samsung-lanca-modelo-galaxy-a8-para-os-nativos-digitais\\\/\",\"name\":\"Samsung lan\u00e7a modelo Galaxy A8 para os nativos digitais - CidadeMarketing\",\"isPartOf\":{\"@id\":\"https:\\\/\\\/www.cidademarketing.com.br\\\/marketing\\\/#website\"},\"primaryImageOfPage\":{\"@id\":\"https:\\\/\\\/www.cidademarketing.com.br\\\/marketing\\\/2019\\\/04\\\/13\\\/samsung-lanca-modelo-galaxy-a8-para-os-nativos-digitais\\\/#primaryimage\"},\"image\":{\"@id\":\"https:\\\/\\\/www.cidademarketing.com.br\\\/marketing\\\/2019\\\/04\\\/13\\\/samsung-lanca-modelo-galaxy-a8-para-os-nativos-digitais\\\/#primaryimage\"},\"thumbnailUrl\":\"https:\\\/\\\/www.cidademarketing.com.br\\\/marketing\\\/wp-content\\\/uploads\\\/2019\\\/04\\\/samsung_galaxy_a80.jpg\",\"datePublished\":\"2019-04-14T00:33:19+00:00\",\"dateModified\":\"2019-04-14T00:33:22+00:00\",\"breadcrumb\":{\"@id\":\"https:\\\/\\\/www.cidademarketing.com.br\\\/marketing\\\/2019\\\/04\\\/13\\\/samsung-lanca-modelo-galaxy-a8-para-os-nativos-digitais\\\/#breadcrumb\"},\"inLanguage\":\"pt-BR\",\"potentialAction\":[{\"@type\":\"ReadAction\",\"target\":[\"https:\\\/\\\/www.cidademarketing.com.br\\\/marketing\\\/2019\\\/04\\\/13\\\/samsung-lanca-modelo-galaxy-a8-para-os-nativos-digitais\\\/\"]}]},{\"@type\":\"ImageObject\",\"inLanguage\":\"pt-BR\",\"@id\":\"https:\\\/\\\/www.cidademarketing.com.br\\\/marketing\\\/2019\\\/04\\\/13\\\/samsung-lanca-modelo-galaxy-a8-para-os-nativos-digitais\\\/#primaryimage\",\"url\":\"https:\\\/\\\/www.cidademarketing.com.br\\\/marketing\\\/wp-content\\\/uploads\\\/2019\\\/04\\\/samsung_galaxy_a80.jpg\",\"contentUrl\":\"https:\\\/\\\/www.cidademarketing.com.br\\\/marketing\\\/wp-content\\\/uploads\\\/2019\\\/04\\\/samsung_galaxy_a80.jpg\",\"width\":477,\"height\":267,\"caption\":\"Divulga\u00e7\u00e3o\"},{\"@type\":\"BreadcrumbList\",\"@id\":\"https:\\\/\\\/www.cidademarketing.com.br\\\/marketing\\\/2019\\\/04\\\/13\\\/samsung-lanca-modelo-galaxy-a8-para-os-nativos-digitais\\\/#breadcrumb\",\"itemListElement\":[{\"@type\":\"ListItem\",\"position\":1,\"name\":\"In\u00edcio\",\"item\":\"https:\\\/\\\/www.cidademarketing.com.br\\\/marketing\\\/\"},{\"@type\":\"ListItem\",\"position\":2,\"name\":\"Samsung lan\u00e7a modelo Galaxy A8 para os nativos digitais\"}]},{\"@type\":\"WebSite\",\"@id\":\"https:\\\/\\\/www.cidademarketing.com.br\\\/marketing\\\/#website\",\"url\":\"https:\\\/\\\/www.cidademarketing.com.br\\\/marketing\\\/\",\"name\":\"CidadeMarketing\",\"description\":\"Somos um ve\u00edculo de comunica\u00e7\u00e3o de destaque no Brasil, reconhecido por conte\u00fados nos segmentos de marketing, empreendedorismo e inova\u00e7\u00e3o.\",\"publisher\":{\"@id\":\"https:\\\/\\\/www.cidademarketing.com.br\\\/marketing\\\/#organization\"},\"alternateName\":\"CidadeMarketing\",\"potentialAction\":[{\"@type\":\"SearchAction\",\"target\":{\"@type\":\"EntryPoint\",\"urlTemplate\":\"https:\\\/\\\/www.cidademarketing.com.br\\\/marketing\\\/?s={search_term_string}\"},\"query-input\":{\"@type\":\"PropertyValueSpecification\",\"valueRequired\":true,\"valueName\":\"search_term_string\"}}],\"inLanguage\":\"pt-BR\"},{\"@type\":\"Organization\",\"@id\":\"https:\\\/\\\/www.cidademarketing.com.br\\\/marketing\\\/#organization\",\"name\":\"CidadeMarketing\",\"alternateName\":\"CidadeMarketing\",\"url\":\"https:\\\/\\\/www.cidademarketing.com.br\\\/marketing\\\/\",\"logo\":{\"@type\":\"ImageObject\",\"inLanguage\":\"pt-BR\",\"@id\":\"https:\\\/\\\/www.cidademarketing.com.br\\\/marketing\\\/#\\\/schema\\\/logo\\\/image\\\/\",\"url\":\"https:\\\/\\\/www.cidademarketing.com.br\\\/marketing\\\/wp-content\\\/uploads\\\/2020\\\/01\\\/cidademarketing_marca_mobile.png\",\"contentUrl\":\"https:\\\/\\\/www.cidademarketing.com.br\\\/marketing\\\/wp-content\\\/uploads\\\/2020\\\/01\\\/cidademarketing_marca_mobile.png\",\"width\":230,\"height\":92,\"caption\":\"CidadeMarketing\"},\"image\":{\"@id\":\"https:\\\/\\\/www.cidademarketing.com.br\\\/marketing\\\/#\\\/schema\\\/logo\\\/image\\\/\"},\"sameAs\":[\"https:\\\/\\\/www.facebook.com\\\/portalcidademarketing\",\"https:\\\/\\\/x.com\\\/CidadeMarketing\",\"https:\\\/\\\/www.instagram.com\\\/cidademarketing\\\/\"]},{\"@type\":\"Person\",\"@id\":\"https:\\\/\\\/www.cidademarketing.com.br\\\/marketing\\\/#\\\/schema\\\/person\\\/02daff9f18bd9378c9e01eb6b2db155f\",\"name\":\"Thales Brand\u00e3o\",\"image\":{\"@type\":\"ImageObject\",\"inLanguage\":\"pt-BR\",\"@id\":\"https:\\\/\\\/secure.gravatar.com\\\/avatar\\\/7ca3206950207cc3cb48feec56a8a7898741ab725c368d99d5d7a5a50aab80c6?s=96&d=mm&r=g\",\"url\":\"https:\\\/\\\/secure.gravatar.com\\\/avatar\\\/7ca3206950207cc3cb48feec56a8a7898741ab725c368d99d5d7a5a50aab80c6?s=96&d=mm&r=g\",\"contentUrl\":\"https:\\\/\\\/secure.gravatar.com\\\/avatar\\\/7ca3206950207cc3cb48feec56a8a7898741ab725c368d99d5d7a5a50aab80c6?s=96&d=mm&r=g\",\"caption\":\"Thales Brand\u00e3o\"},\"description\":\"Editor Executivo do Portal CidadeMarketing.com.br &gt; Mestre em Comunica\u00e7\u00e3o e Sociedade pela Universidade Federal de Sergipe. Possui MBA Executivo em Administra\u00e7\u00e3o com \u00eanfase em Marketing pela Funda\u00e7\u00e3o Get\u00falio Vargas - Rio de Janeiro. Consultor, Palestrante e Pesquisador sobre Empreendedorismo, Marketing, Redes Sociais e Neg\u00f3cios Digitais. Professor, Palestrante TedxTalks e Campus Party. Twitter: @ThalesBrandao\",\"sameAs\":[\"http:\\\/\\\/www.mandacaru.com.br\",\"https:\\\/\\\/www.facebook.com\\\/thalesbrandao\",\"http:\\\/\\\/www.instagram.com.br\\\/thalesbrandaoferreira\",\"https:\\\/\\\/www.linkedin.com\\\/in\\\/thales-brand\u00e3o-3948609\\\/\",\"https:\\\/\\\/x.com\\\/http:\\\/\\\/www.twitter.com\\\/thalesbrandao\"],\"url\":\"https:\\\/\\\/www.cidademarketing.com.br\\\/marketing\\\/author\\\/thalesbrandao\\\/\"}]}<\/script>\n<!-- \/ Yoast SEO plugin. -->","yoast_head_json":{"title":"Samsung lan\u00e7a modelo Galaxy A8 para os nativos digitais - CidadeMarketing","robots":{"index":"index","follow":"follow","max-snippet":"max-snippet:-1","max-image-preview":"max-image-preview:large","max-video-preview":"max-video-preview:-1"},"canonical":"https:\/\/www.cidademarketing.com.br\/marketing\/2019\/04\/13\/samsung-lanca-modelo-galaxy-a8-para-os-nativos-digitais\/","og_locale":"pt_BR","og_type":"article","og_title":"Samsung lan\u00e7a modelo Galaxy A8 para os nativos digitais - CidadeMarketing","og_description":"A Samsung Electronics Co. Ltd. apresenta o novo Galaxy A80, um smartphone criado para a maneira como as pessoas est\u00e3o envolvidas na Era da Live. Os consumidores est\u00e3o usando cada vez mais seus smartphones para compartilhar intera\u00e7\u00f5es ao vivo: fazendo fotos espont\u00e2neas, transmitindo v\u00eddeos ao vivo e conectando-se sobre experi\u00eancias compartilhadas que est\u00e3o acontecendo no [&hellip;]","og_url":"https:\/\/www.cidademarketing.com.br\/marketing\/2019\/04\/13\/samsung-lanca-modelo-galaxy-a8-para-os-nativos-digitais\/","og_site_name":"CidadeMarketing","article_publisher":"https:\/\/www.facebook.com\/portalcidademarketing","article_author":"https:\/\/www.facebook.com\/thalesbrandao","article_published_time":"2019-04-14T00:33:19+00:00","article_modified_time":"2019-04-14T00:33:22+00:00","og_image":[{"width":477,"height":267,"url":"https:\/\/www.cidademarketing.com.br\/marketing\/wp-content\/uploads\/2019\/04\/samsung_galaxy_a80.jpg","type":"image\/jpeg"}],"author":"Thales Brand\u00e3o","twitter_card":"summary_large_image","twitter_creator":"@http:\/\/www.twitter.com\/thalesbrandao","twitter_site":"@CidadeMarketing","twitter_misc":{"Escrito por":"Thales Brand\u00e3o","Est. tempo de leitura":"5 minutos"},"schema":{"@context":"https:\/\/schema.org","@graph":[{"@type":"Article","@id":"https:\/\/www.cidademarketing.com.br\/marketing\/2019\/04\/13\/samsung-lanca-modelo-galaxy-a8-para-os-nativos-digitais\/#article","isPartOf":{"@id":"https:\/\/www.cidademarketing.com.br\/marketing\/2019\/04\/13\/samsung-lanca-modelo-galaxy-a8-para-os-nativos-digitais\/"},"author":{"name":"Thales Brand\u00e3o","@id":"https:\/\/www.cidademarketing.com.br\/marketing\/#\/schema\/person\/02daff9f18bd9378c9e01eb6b2db155f"},"headline":"Samsung lan\u00e7a modelo Galaxy A8 para os nativos digitais","datePublished":"2019-04-14T00:33:19+00:00","dateModified":"2019-04-14T00:33:22+00:00","mainEntityOfPage":{"@id":"https:\/\/www.cidademarketing.com.br\/marketing\/2019\/04\/13\/samsung-lanca-modelo-galaxy-a8-para-os-nativos-digitais\/"},"wordCount":1042,"commentCount":0,"publisher":{"@id":"https:\/\/www.cidademarketing.com.br\/marketing\/#organization"},"image":{"@id":"https:\/\/www.cidademarketing.com.br\/marketing\/2019\/04\/13\/samsung-lanca-modelo-galaxy-a8-para-os-nativos-digitais\/#primaryimage"},"thumbnailUrl":"https:\/\/www.cidademarketing.com.br\/marketing\/wp-content\/uploads\/2019\/04\/samsung_galaxy_a80.jpg","keywords":["propaganda","Samsung"],"articleSection":["Not\u00edcias"],"inLanguage":"pt-BR","potentialAction":[{"@type":"CommentAction","name":"Comment","target":["https:\/\/www.cidademarketing.com.br\/marketing\/2019\/04\/13\/samsung-lanca-modelo-galaxy-a8-para-os-nativos-digitais\/#respond"]}]},{"@type":"WebPage","@id":"https:\/\/www.cidademarketing.com.br\/marketing\/2019\/04\/13\/samsung-lanca-modelo-galaxy-a8-para-os-nativos-digitais\/","url":"https:\/\/www.cidademarketing.com.br\/marketing\/2019\/04\/13\/samsung-lanca-modelo-galaxy-a8-para-os-nativos-digitais\/","name":"Samsung lan\u00e7a modelo Galaxy A8 para os nativos digitais - CidadeMarketing","isPartOf":{"@id":"https:\/\/www.cidademarketing.com.br\/marketing\/#website"},"primaryImageOfPage":{"@id":"https:\/\/www.cidademarketing.com.br\/marketing\/2019\/04\/13\/samsung-lanca-modelo-galaxy-a8-para-os-nativos-digitais\/#primaryimage"},"image":{"@id":"https:\/\/www.cidademarketing.com.br\/marketing\/2019\/04\/13\/samsung-lanca-modelo-galaxy-a8-para-os-nativos-digitais\/#primaryimage"},"thumbnailUrl":"https:\/\/www.cidademarketing.com.br\/marketing\/wp-content\/uploads\/2019\/04\/samsung_galaxy_a80.jpg","datePublished":"2019-04-14T00:33:19+00:00","dateModified":"2019-04-14T00:33:22+00:00","breadcrumb":{"@id":"https:\/\/www.cidademarketing.com.br\/marketing\/2019\/04\/13\/samsung-lanca-modelo-galaxy-a8-para-os-nativos-digitais\/#breadcrumb"},"inLanguage":"pt-BR","potentialAction":[{"@type":"ReadAction","target":["https:\/\/www.cidademarketing.com.br\/marketing\/2019\/04\/13\/samsung-lanca-modelo-galaxy-a8-para-os-nativos-digitais\/"]}]},{"@type":"ImageObject","inLanguage":"pt-BR","@id":"https:\/\/www.cidademarketing.com.br\/marketing\/2019\/04\/13\/samsung-lanca-modelo-galaxy-a8-para-os-nativos-digitais\/#primaryimage","url":"https:\/\/www.cidademarketing.com.br\/marketing\/wp-content\/uploads\/2019\/04\/samsung_galaxy_a80.jpg","contentUrl":"https:\/\/www.cidademarketing.com.br\/marketing\/wp-content\/uploads\/2019\/04\/samsung_galaxy_a80.jpg","width":477,"height":267,"caption":"Divulga\u00e7\u00e3o"},{"@type":"BreadcrumbList","@id":"https:\/\/www.cidademarketing.com.br\/marketing\/2019\/04\/13\/samsung-lanca-modelo-galaxy-a8-para-os-nativos-digitais\/#breadcrumb","itemListElement":[{"@type":"ListItem","position":1,"name":"In\u00edcio","item":"https:\/\/www.cidademarketing.com.br\/marketing\/"},{"@type":"ListItem","position":2,"name":"Samsung lan\u00e7a modelo Galaxy A8 para os nativos digitais"}]},{"@type":"WebSite","@id":"https:\/\/www.cidademarketing.com.br\/marketing\/#website","url":"https:\/\/www.cidademarketing.com.br\/marketing\/","name":"CidadeMarketing","description":"Somos um ve\u00edculo de comunica\u00e7\u00e3o de destaque no Brasil, reconhecido por conte\u00fados nos segmentos de marketing, empreendedorismo e inova\u00e7\u00e3o.","publisher":{"@id":"https:\/\/www.cidademarketing.com.br\/marketing\/#organization"},"alternateName":"CidadeMarketing","potentialAction":[{"@type":"SearchAction","target":{"@type":"EntryPoint","urlTemplate":"https:\/\/www.cidademarketing.com.br\/marketing\/?s={search_term_string}"},"query-input":{"@type":"PropertyValueSpecification","valueRequired":true,"valueName":"search_term_string"}}],"inLanguage":"pt-BR"},{"@type":"Organization","@id":"https:\/\/www.cidademarketing.com.br\/marketing\/#organization","name":"CidadeMarketing","alternateName":"CidadeMarketing","url":"https:\/\/www.cidademarketing.com.br\/marketing\/","logo":{"@type":"ImageObject","inLanguage":"pt-BR","@id":"https:\/\/www.cidademarketing.com.br\/marketing\/#\/schema\/logo\/image\/","url":"https:\/\/www.cidademarketing.com.br\/marketing\/wp-content\/uploads\/2020\/01\/cidademarketing_marca_mobile.png","contentUrl":"https:\/\/www.cidademarketing.com.br\/marketing\/wp-content\/uploads\/2020\/01\/cidademarketing_marca_mobile.png","width":230,"height":92,"caption":"CidadeMarketing"},"image":{"@id":"https:\/\/www.cidademarketing.com.br\/marketing\/#\/schema\/logo\/image\/"},"sameAs":["https:\/\/www.facebook.com\/portalcidademarketing","https:\/\/x.com\/CidadeMarketing","https:\/\/www.instagram.com\/cidademarketing\/"]},{"@type":"Person","@id":"https:\/\/www.cidademarketing.com.br\/marketing\/#\/schema\/person\/02daff9f18bd9378c9e01eb6b2db155f","name":"Thales Brand\u00e3o","image":{"@type":"ImageObject","inLanguage":"pt-BR","@id":"https:\/\/secure.gravatar.com\/avatar\/7ca3206950207cc3cb48feec56a8a7898741ab725c368d99d5d7a5a50aab80c6?s=96&d=mm&r=g","url":"https:\/\/secure.gravatar.com\/avatar\/7ca3206950207cc3cb48feec56a8a7898741ab725c368d99d5d7a5a50aab80c6?s=96&d=mm&r=g","contentUrl":"https:\/\/secure.gravatar.com\/avatar\/7ca3206950207cc3cb48feec56a8a7898741ab725c368d99d5d7a5a50aab80c6?s=96&d=mm&r=g","caption":"Thales Brand\u00e3o"},"description":"Editor Executivo do Portal CidadeMarketing.com.br &gt; Mestre em Comunica\u00e7\u00e3o e Sociedade pela Universidade Federal de Sergipe. Possui MBA Executivo em Administra\u00e7\u00e3o com \u00eanfase em Marketing pela Funda\u00e7\u00e3o Get\u00falio Vargas - Rio de Janeiro. Consultor, Palestrante e Pesquisador sobre Empreendedorismo, Marketing, Redes Sociais e Neg\u00f3cios Digitais. Professor, Palestrante TedxTalks e Campus Party. Twitter: @ThalesBrandao","sameAs":["http:\/\/www.mandacaru.com.br","https:\/\/www.facebook.com\/thalesbrandao","http:\/\/www.instagram.com.br\/thalesbrandaoferreira","https:\/\/www.linkedin.com\/in\/thales-brand\u00e3o-3948609\/","https:\/\/x.com\/http:\/\/www.twitter.com\/thalesbrandao"],"url":"https:\/\/www.cidademarketing.com.br\/marketing\/author\/thalesbrandao\/"}]}},"amp_enabled":true,"_links":{"self":[{"href":"https:\/\/www.cidademarketing.com.br\/marketing\/wp-json\/wp\/v2\/posts\/7609","targetHints":{"allow":["GET"]}}],"collection":[{"href":"https:\/\/www.cidademarketing.com.br\/marketing\/wp-json\/wp\/v2\/posts"}],"about":[{"href":"https:\/\/www.cidademarketing.com.br\/marketing\/wp-json\/wp\/v2\/types\/post"}],"author":[{"embeddable":true,"href":"https:\/\/www.cidademarketing.com.br\/marketing\/wp-json\/wp\/v2\/users\/1"}],"replies":[{"embeddable":true,"href":"https:\/\/www.cidademarketing.com.br\/marketing\/wp-json\/wp\/v2\/comments?post=7609"}],"version-history":[{"count":2,"href":"https:\/\/www.cidademarketing.com.br\/marketing\/wp-json\/wp\/v2\/posts\/7609\/revisions"}],"predecessor-version":[{"id":7612,"href":"https:\/\/www.cidademarketing.com.br\/marketing\/wp-json\/wp\/v2\/posts\/7609\/revisions\/7612"}],"wp:featuredmedia":[{"embeddable":true,"href":"https:\/\/www.cidademarketing.com.br\/marketing\/wp-json\/wp\/v2\/media\/7610"}],"wp:attachment":[{"href":"https:\/\/www.cidademarketing.com.br\/marketing\/wp-json\/wp\/v2\/media?parent=7609"}],"wp:term":[{"taxonomy":"category","embeddable":true,"href":"https:\/\/www.cidademarketing.com.br\/marketing\/wp-json\/wp\/v2\/categories?post=7609"},{"taxonomy":"post_tag","embeddable":true,"href":"https:\/\/www.cidademarketing.com.br\/marketing\/wp-json\/wp\/v2\/tags?post=7609"}],"curies":[{"name":"wp","href":"https:\/\/api.w.org\/{rel}","templated":true}]}}